{"id":57565,"date":"2025-11-04T15:56:30","date_gmt":"2025-11-04T13:56:30","guid":{"rendered":"https:\/\/www.forcadell.com\/propiedades\/oficina-espectacular-con-terraza-privativa-en-alquiler-barcelona-sants\/"},"modified":"2026-04-26T15:08:35","modified_gmt":"2026-04-26T13:08:35","slug":"oficina-espectacular-con-terraza-privativa-en-alquiler-barcelona-sants","status":"publish","type":"properties_post","link":"https:\/\/forcadell.com\/ca\/propiedades\/oficina-espectacular-con-terraza-privativa-en-alquiler-barcelona-sants\/","title":{"rendered":"Oficina espectacular con terraza privativa en alquiler. Barcelona Sants."},"content":{"rendered":"<p>Oficinas en alquiler en edificio vanguardista en zona empresarial consolidada en el distrito de Sants-Montju\u00efc. Terrazas privadas.<br \/>\nEspectaculares oficinas di\u00e1fanas con mucha luz natural. Vistas panor\u00e1micas. Cuentan con iluminaci\u00f3n LED e instalaci\u00f3n de aire acondicionado. <\/p>\n<p>El edificio Landmark, cerca del centro econ\u00f3mico de la ciudad, ofrece proximidad al puerto y al aeropuerto, as\u00ed como excelentes comunicaciones. Dispone de la m\u00e1xima certificaci\u00f3n por sostenibilidad medioambiental LEED Platinum y bienestar WELL platinum, zonas ajardinadas situadas en terrazas, patios interiores, 6 ascensores. <\/p>\n<p>Dise\u00f1o del sistema con un ahorro energ\u00e9tico, control de la calidad del aire y sensore de CO2, sistema BMS con sistema de control general centralizado (que incluye control de iluminaci\u00f3n y climatizaci\u00f3n).<br \/>\nAcceso independiente y \u00e1rea de carga y descarga con montacargas que conecta con todos los niveles.<br \/>\nDispone de conserjer\u00eda 24\/7, gesti\u00f3n y mantenimiento integral del edificio, limpieza y jardiner\u00eda de zonas comunes, sistema de megafon\u00eda e hilo musical, suministros de zonas comunes, desfibriladores, zonas lounge, zonas de descanso. <\/p>\n<p>Restaurante y cafeter\u00eda en el mismo edificio, aparcamiento para coches y motos, espacios multifuncionales y flexibles, salas de reuni\u00f3n equipadas, salas de formaci\u00f3n y auditorio. <\/p>\n<p>El edificio dispone de patios verdes, gimnasio y actividades dirigidas, zona de lactancia y sala de atenci\u00f3n m\u00e9dica, pistas de p\u00e1del y vestuarios. Actividades para el bienestar. <\/p>\n<p>Transporte p\u00fablico:<br \/>\n5 paradas de bus en 500 m<br \/>\nFGC: R5, R6, R50, R60, S3, S4, S8, S9<br \/>\nMetro: L10 &#8211; Motors (a 5 minutos a pie) <\/p>\n<p>A 12 minutos del Aeropuerto y a 10 minutos del Puerto de Barcelona<br \/>\nA 15 minutos de Sants Estaci\u00f3 , a 10 minutos de Pl. Espanya y a 12 de la av. Diagonal (Maria Cristina)<\/p>\n","protected":false},"template":"","class_list":["post-57565","properties_post","type-properties_post","status-publish","hentry","properties_modality-rent","properties_district-sants-montjuic","properties_province-barcelona","properties_zone-nba-fira-zona-pl-europa-fira-district","properties_state-barcelona","properties_subclass-oficina","properties_type-oficina"],"acf":{"post_type_properties_post_property_code":"230905","post_type_properties_post_property_reference":"IE-220002","post_type_properties_post_owner_id":"49866","post_type_properties_post_owner_name":"IOSA INMUEBLES, S.L.","post_type_properties_post_property_code_encrypted":"MjkkMTU0NzI=","post_type_properties_post_published":"1","post_type_properties_post_property_visibility":"idealista","post_type_properties_post_contact_name":"Forcadell Oficinas Barcelona","post_type_properties_post_contact_email":"forcadell.oficinas.barcelona@movin.cloud","post_type_properties_post_contact_primary_phone_prefix":"34","post_type_properties_post_contact_primary_phone_number":"934965413","post_type_properties_post_address_visibility":"street","post_type_properties_post_address_country":"Spain","post_type_properties_post_address_coordinates_precision":"exact","post_type_properties_post_address_postal_code":"08040","post_type_properties_post_address_coordinates_latitude":"41.352822967343","post_type_properties_post_address_coordinates_longitude":"2.1447829400513","post_type_properties_post_address_street_name":"Paseo Zona Franca, 28","post_type_properties_post_address_floor":"9","post_type_properties_post_address_town":"Barcelona","post_type_properties_post_building":null,"post_type_properties_post_property":[{"properties_post_description_language":"catalan","properties_post_title":"Espectacular oficina amb terrassa privada de lloguer. Barcelona Sants.","properties_post_short_description_text_alt":"","properties_post_description_text_alt":"","properties_post_short_description_text":"Oficines de lloguer en edifici avantguardista en zona empresarial consolidada al districte de Sants-Montju\u00efc. Terrasses privades. \nEspectaculars oficines di\u00e0fanes amb molta llum natural. Vistes panor\u00e0miques. Compten amb il\u00b7luminaci\u00f3 LED i instal\u00b7laci\u00f3 d'aire condicionat. \n \nL'edifici Landmark, a prop del centre econ\u00f2mic de la ciutat, ofereix proximitat al port ia l'aeroport, aix\u00ed com excel\u00b7lents comunicacions. Disposa de la m\u00e0xima certificaci\u00f3 per sostenibilitat mediambiental LEED Platinum i benestar WELL platinum, zones enjardinades situades a terrasses, patis interiors, 6 ascensors. \n \nDisseny del sistema amb un estalvi energ\u00e8tic, control de la qualitat de l'aire i sensor de CO2, sistema BMS amb sistema de control general centralitzat (que inclou control d'il\u00b7luminaci\u00f3 i climatitzaci\u00f3). \nAcc\u00e9s independent i \u00e0rea de c\u00e0rrega i desc\u00e0rrega amb muntac\u00e0rregues que connecta amb tots els nivells. \nDisposa de consergeria 24\/7, gesti\u00f3 i manteniment integral de l'edifici, neteja i jardineria de","properties_post_link_demanda_inmueble":"https:\/\/movin.cloud\/ca\/Forcadell Oficinas Barcelona\/formulari-peticio-immoble\/sth\/2438&&230905","properties_post_link_demanda_calendario_inmueble":"https:\/\/movin.cloud\/ca\/Forcadell Oficinas Barcelona\/calendari-peticio-immoble\/sth\/2438&&230905","properties_post_description_text":"Oficines de lloguer en edifici avantguardista en zona empresarial consolidada al districte de Sants-Montju\u00efc. Terrasses privades. \nEspectaculars oficines di\u00e0fanes amb molta llum natural. Vistes panor\u00e0miques. Compten amb il\u00b7luminaci\u00f3 LED i instal\u00b7laci\u00f3 d'aire condicionat. \n \nL'edifici Landmark, a prop del centre econ\u00f2mic de la ciutat, ofereix proximitat al port ia l'aeroport, aix\u00ed com excel\u00b7lents comunicacions. Disposa de la m\u00e0xima certificaci\u00f3 per sostenibilitat mediambiental LEED Platinum i benestar WELL platinum, zones enjardinades situades a terrasses, patis interiors, 6 ascensors. \n \nDisseny del sistema amb un estalvi energ\u00e8tic, control de la qualitat de l'aire i sensor de CO2, sistema BMS amb sistema de control general centralitzat (que inclou control d'il\u00b7luminaci\u00f3 i climatitzaci\u00f3). \nAcc\u00e9s independent i \u00e0rea de c\u00e0rrega i desc\u00e0rrega amb muntac\u00e0rregues que connecta amb tots els nivells. \nDisposa de consergeria 24\/7, gesti\u00f3 i manteniment integral de l'edifici, neteja i jardineria de zones comunes, sistema de megafonia i fil musical, subministraments de zones comunes, desfibril\u00b7ladors, zones lounge, zones de descans. \n \n \nRestaurant i cafeteria al mateix edifici, aparcament per a cotxes i motos, espais multifuncionals i flexibles, sales de reuni\u00f3 equipades, sales de formaci\u00f3 i auditori. \n \nL\u00b4edifici disposa de patis verds, gimn\u00e0s i activitats dirigides, zona de lact\u00e0ncia i sala d\u00b4atenci\u00f3 m\u00e8dica, pistes de p\u00e0del i vestuaris. Activitats per al benestar. \n \n \nTransport p\u00fablic: \n5 parades de bus a 500 m \nFGC: R5, R6, R50, R60, S3, S4, S8, S9 \nMetro: L10 - Motors (a 5 minuts a peu) \n \nA 12 minuts de l'aeroport ia 10 minuts del Port de Barcelona \nA 15 minuts de Sants Estaci\u00f3, a 10 minuts de Pl. Espanya ia 12 de l'av. Diagonal (Maria Cristina)","properties_post_seo_title":"","properties_post_seo_alias":"","properties_post_seo_metadescription":"","properties_post_seo_key_words":"","properties_post_seo_url":"","properties_post_terms_conditions":""},{"properties_post_description_language":"spanish","properties_post_title":"Oficina espectacular con terraza privativa en alquiler. Barcelona Sants.","properties_post_short_description_text_alt":"","properties_post_description_text_alt":"","properties_post_short_description_text":"Oficinas en alquiler en edificio vanguardista en zona empresarial consolidada en el distrito de Sants-Montju\u00efc. Terrazas privadas. \nEspectaculares oficinas di\u00e1fanas con mucha luz natural. Vistas panor\u00e1micas. Cuentan con iluminaci\u00f3n LED e instalaci\u00f3n de aire acondicionado. \n \nEl edificio Landmark, cerca del centro econ\u00f3mico de la ciudad, ofrece proximidad al puerto y al aeropuerto, as\u00ed como excelentes comunicaciones. Dispone de la m\u00e1xima certificaci\u00f3n por sostenibilidad medioambiental LEED Platinum y bienestar WELL platinum, zonas ajardinadas situadas en terrazas, patios interiores, 6 ascensores. \n \nDise\u00f1o del sistema con un ahorro energ\u00e9tico, control de la calidad del aire y sensore de CO2, sistema BMS con sistema de control general centralizado (que incluye control de iluminaci\u00f3n y climatizaci\u00f3n). \nAcceso independiente y \u00e1rea de carga y descarga con montacargas que conecta con todos los niveles. \nDispone de conserjer\u00eda 24\/7, gesti\u00f3n y mantenimiento integral del edificio, limpie","properties_post_link_demanda_inmueble":"https:\/\/movin.cloud\/es\/Forcadell Oficinas Barcelona\/formulario-peticion-inmueble\/sth\/2438&&230905","properties_post_link_demanda_calendario_inmueble":"https:\/\/movin.cloud\/es\/Forcadell Oficinas Barcelona\/calendario-peticion-inmueble\/sth\/2438&&230905","properties_post_description_text":"Oficinas en alquiler en edificio vanguardista en zona empresarial consolidada en el distrito de Sants-Montju\u00efc. Terrazas privadas. \nEspectaculares oficinas di\u00e1fanas con mucha luz natural. Vistas panor\u00e1micas. Cuentan con iluminaci\u00f3n LED e instalaci\u00f3n de aire acondicionado. \n \nEl edificio Landmark, cerca del centro econ\u00f3mico de la ciudad, ofrece proximidad al puerto y al aeropuerto, as\u00ed como excelentes comunicaciones. Dispone de la m\u00e1xima certificaci\u00f3n por sostenibilidad medioambiental LEED Platinum y bienestar WELL platinum, zonas ajardinadas situadas en terrazas, patios interiores, 6 ascensores. \n \nDise\u00f1o del sistema con un ahorro energ\u00e9tico, control de la calidad del aire y sensore de CO2, sistema BMS con sistema de control general centralizado (que incluye control de iluminaci\u00f3n y climatizaci\u00f3n). \nAcceso independiente y \u00e1rea de carga y descarga con montacargas que conecta con todos los niveles. \nDispone de conserjer\u00eda 24\/7, gesti\u00f3n y mantenimiento integral del edificio, limpieza y jardiner\u00eda de zonas comunes, sistema de megafon\u00eda e hilo musical, suministros de zonas comunes, desfibriladores, zonas lounge, zonas de descanso. \n \n \nRestaurante y cafeter\u00eda en el mismo edificio, aparcamiento para coches y motos, espacios multifuncionales y flexibles, salas de reuni\u00f3n equipadas, salas de formaci\u00f3n y auditorio. \n \nEl edificio dispone de patios verdes, gimnasio y actividades dirigidas, zona de lactancia y sala de atenci\u00f3n m\u00e9dica, pistas de p\u00e1del y vestuarios. Actividades para el bienestar. \n \n \nTransporte p\u00fablico: \n5 paradas de bus en 500 m \nFGC: R5, R6, R50, R60, S3, S4, S8, S9 \nMetro: L10 - Motors (a 5 minutos a pie) \n \nA 12 minutos del Aeropuerto y a 10 minutos del Puerto de Barcelona \nA 15 minutos de Sants Estaci\u00f3 , a 10 minutos de Pl. Espanya y a 12 de la av. Diagonal (Maria Cristina)","properties_post_seo_title":"","properties_post_seo_alias":"","properties_post_seo_metadescription":"","properties_post_seo_key_words":"","properties_post_seo_url":"","properties_post_terms_conditions":""}],"post_type_properties_post_features_type":"office","post_type_properties_post_id_building":"","post_type_properties_post_features_area_constructed":1205,"post_type_properties_post_features_conditioned_air":true,"post_type_properties_post_features_doorman":false,"post_type_properties_post_features_heating":true,"post_type_properties_post_features_equipped_kitchen":false,"post_type_properties_post_features_windows_location":"exterior","post_type_properties_post_features_floors_property":false,"post_type_properties_post_features_storage":false,"post_type_properties_post_features_security_door":false,"post_type_properties_post_features_energy_certificate_rating":"A","post_type_properties_post_features_energy_certificate_emissions_rating":"A","post_type_properties_post_features_energy_certificate_emissions_value":9,"post_type_properties_post_features_energy_certificate_performance":58,"post_type_properties_post_features_bathroom_inside":false,"post_type_properties_post_precio":25305,"post_type_properties_post_precio_alquiler":25305,"post_type_properties_post_record_type_id":"Oficina","post_type_properties_post_categoria__producto":"Oficina","post_type_properties_post_amueblado":false,"post_type_properties_post_precio_m2":21,"post_type_properties_post_zona__comunitaria":false,"post_type_properties_post_electrodomesticos":false,"post_type_properties_post_patio__interior":true,"post_type_properties_post_certificado_energetico_general":"A","post_type_properties_post_certificado_energetico_consumo":"A","post_type_properties_post_certificado_energetico_valor_emisiones":9,"post_type_properties_post_certificado_energetico_valor_consumo":58,"post_type_properties_post_modalidad":"rent","post_type_properties_post_provincia":"Barcelona","post_type_properties_post_poblacion":"Barcelona","post_type_properties_post_centro__urbano":false,"post_type_properties_post_zonificacion":"NBA Fira - Zona Pl. Europa + Fira District","post_type_properties_post_cartera":"Captaci\u00f3n","post_type_properties_post_titulo_catalan":"Espectacular oficina amb terrassa privada de lloguer. Barcelona Sants.","post_type_properties_post_internet_catalan":"Oficines de lloguer en edifici avantguardista en zona empresarial consolidada al districte de Sants-Montju\u00efc. Terrasses privades. \nEspectaculars oficines di\u00e0fanes amb molta llum natural. Vistes panor\u00e0miques. Compten amb il\u00b7luminaci\u00f3 LED i instal\u00b7laci\u00f3 d'aire condicionat. \n \nL'edifici Landmark, a prop del centre econ\u00f2mic de la ciutat, ofereix proximitat al port ia l'aeroport, aix\u00ed com excel\u00b7lents comunicacions. Disposa de la m\u00e0xima certificaci\u00f3 per sostenibilitat mediambiental LEED Platinum i benestar WELL platinum, zones enjardinades situades a terrasses, patis interiors, 6 ascensors. \n \nDisseny del sistema amb un estalvi energ\u00e8tic, control de la qualitat de l'aire i sensor de CO2, sistema BMS amb sistema de control general centralitzat (que inclou control d'il\u00b7luminaci\u00f3 i climatitzaci\u00f3). \nAcc\u00e9s independent i \u00e0rea de c\u00e0rrega i desc\u00e0rrega amb muntac\u00e0rregues que connecta amb tots els nivells. \nDisposa de consergeria 24\/7, gesti\u00f3 i manteniment integral de l'edifici, neteja i jardineria de zones comunes, sistema de megafonia i fil musical, subministraments de zones comunes, desfibril\u00b7ladors, zones lounge, zones de descans. \n \n \nRestaurant i cafeteria al mateix edifici, aparcament per a cotxes i motos, espais multifuncionals i flexibles, sales de reuni\u00f3 equipades, sales de formaci\u00f3 i auditori. \n \nL\u00b4edifici disposa de patis verds, gimn\u00e0s i activitats dirigides, zona de lact\u00e0ncia i sala d\u00b4atenci\u00f3 m\u00e8dica, pistes de p\u00e0del i vestuaris. Activitats per al benestar. \n \n \nTransport p\u00fablic: \n5 parades de bus a 500 m \nFGC: R5, R6, R50, R60, S3, S4, S8, S9 \nMetro: L10 - Motors (a 5 minuts a peu) \n \nA 12 minuts de l'aeroport ia 10 minuts del Port de Barcelona \nA 15 minuts de Sants Estaci\u00f3, a 10 minuts de Pl. Espanya ia 12 de l'av. Diagonal (Maria Cristina)","post_type_properties_post_titulo_castellano":"Oficina espectacular con terraza privativa en alquiler. Barcelona Sants.","post_type_properties_post_internet_castellano":"Oficinas en alquiler en edificio vanguardista en zona empresarial consolidada en el distrito de Sants-Montju\u00efc. Terrazas privadas. \nEspectaculares oficinas di\u00e1fanas con mucha luz natural. Vistas panor\u00e1micas. Cuentan con iluminaci\u00f3n LED e instalaci\u00f3n de aire acondicionado. \n \nEl edificio Landmark, cerca del centro econ\u00f3mico de la ciudad, ofrece proximidad al puerto y al aeropuerto, as\u00ed como excelentes comunicaciones. Dispone de la m\u00e1xima certificaci\u00f3n por sostenibilidad medioambiental LEED Platinum y bienestar WELL platinum, zonas ajardinadas situadas en terrazas, patios interiores, 6 ascensores. \n \nDise\u00f1o del sistema con un ahorro energ\u00e9tico, control de la calidad del aire y sensore de CO2, sistema BMS con sistema de control general centralizado (que incluye control de iluminaci\u00f3n y climatizaci\u00f3n). \nAcceso independiente y \u00e1rea de carga y descarga con montacargas que conecta con todos los niveles. \nDispone de conserjer\u00eda 24\/7, gesti\u00f3n y mantenimiento integral del edificio, limpieza y jardiner\u00eda de zonas comunes, sistema de megafon\u00eda e hilo musical, suministros de zonas comunes, desfibriladores, zonas lounge, zonas de descanso. \n \n \nRestaurante y cafeter\u00eda en el mismo edificio, aparcamiento para coches y motos, espacios multifuncionales y flexibles, salas de reuni\u00f3n equipadas, salas de formaci\u00f3n y auditorio. \n \nEl edificio dispone de patios verdes, gimnasio y actividades dirigidas, zona de lactancia y sala de atenci\u00f3n m\u00e9dica, pistas de p\u00e1del y vestuarios. Actividades para el bienestar. \n \n \nTransporte p\u00fablico: \n5 paradas de bus en 500 m \nFGC: R5, R6, R50, R60, S3, S4, S8, S9 \nMetro: L10 - Motors (a 5 minutos a pie) \n \nA 12 minutos del Aeropuerto y a 10 minutos del Puerto de Barcelona \nA 15 minutos de Sants Estaci\u00f3 , a 10 minutos de Pl. Espanya y a 12 de la av. Diagonal (Maria Cristina)","post_type_properties_post_titulo_ingles":"","post_type_properties_post_internet_ingles":"","post_type_properties_post_features_classification_commercial":false,"post_type_properties_post_features_conservation":"","post_type_properties_post_features_security_personnel":false,"post_type_properties_post_features_parking_available":false,"post_type_properties_post_features_garage_capacity_type":"","post_type_properties_post_features_bathroom_number":"","post_type_properties_post_eje":"","post_type_properties_post_zona":"","post_type_properties_post_comarca":"","post_type_properties_post_features_built_year":"","post_type_properties_post_renta_mensual":25305,"post_type_properties_post_fianza":"","post_type_properties_post_features_area_plot":"","post_type_properties_post_features_area_buildable":"","post_type_properties_post_features_classification_industrial":false,"post_type_properties_post_distrito":"","post_type_properties_post_features_balcony":false,"post_type_properties_post_features_bedroom_number":"","post_type_properties_post_features_heating_type":"","post_type_properties_post_features_equipped_with_furniture":false,"post_type_properties_post_features_pets_allowed":false,"post_type_properties_post_features_pool":false,"post_type_properties_post_features_terrace":false,"post_type_properties_post_features_wardrobes":false,"post_type_properties_post_features_lift_available":false,"post_type_properties_post_features_handicap_adapted_access":false,"post_type_properties_post_features_orientation_east":false,"post_type_properties_post_features_orientation_west":false,"post_type_properties_post_features_orientation_north":false,"post_type_properties_post_features_orientation_south":false,"post_type_properties_post_features_parking_spaces_number":"","post_type_properties_post_features_security_alarm":false,"post_type_properties_post_features_security_system":false,"post_type_properties_post_open_plan":false,"post_type_properties_post_acceso_24_7":false,"post_type_properties_post_oficina_privada":false,"post_type_properties_post_sala_reuniones":false,"post_type_properties_post_espacio_eventos":false,"post_type_properties_post_office":false,"post_type_properties_post_restaurant":false,"post_type_properties_post_acepta_traspaso":false,"post_type_properties_post_vigilancia":false,"post_type_properties_post_features_suite":false,"post_type_properties_post_features_vitro":false,"post_type_properties_post_features_oven":false,"post_type_properties_post_features_microwave":false,"post_type_properties_post_features_washing_machine":false,"post_type_properties_post_features_dryer":false,"post_type_properties_post_features_dishwasher":false,"post_type_properties_post_features_fridge":false,"post_type_properties_post_features_fridge_mini":false,"post_type_properties_post_features_kettle":false,"post_type_properties_post_features_toaster":false,"post_type_properties_post_features_coffee_maker":false,"post_type_properties_post_features_iron":false,"post_type_properties_post_features_ironing_board":false,"post_type_properties_post_features_safe":false,"post_type_properties_post_features_internet":false,"post_type_properties_post_features_solarium":false,"post_type_properties_post_features_clean_service":false,"post_type_properties_post_features_t_v":false,"post_type_properties_post_features_satellite_t_v":false,"post_type_properties_post_features_gas_kitchen":false,"post_type_properties_post_features_view_mountain":false,"post_type_properties_post_features_view_sea":false,"post_type_properties_post_features_concierge":false,"post_type_properties_post_features_loading_dock":false,"post_type_properties_post_features_bridge_crane":false,"post_type_properties_post_features_located_at_corner":false,"post_type_properties_post_features_smoke_extraction":false,"post_type_properties_post_features_rooms":"","post_type_properties_post_features_garden_area":"","post_type_properties_post_features_utilities_water":false,"post_type_properties_post_features_utilities_electricity":false,"post_type_properties_post_features_utilities_natural_gas":false,"post_type_properties_post_features_building_adapted":false,"post_type_properties_post_features_garden":false,"post_type_properties_post_features_classification_hotel":false,"post_type_properties_post_features_classification_chalet":false,"post_type_properties_post_certificado_energetico_emisiones":"A","post_type_properties_post_barrio":"","post_type_properties_post_distrito_empresa":"Sants-Montju\u00efc","post_type_properties_post_features_property_category_intern":"","post_type_properties_post_implantada":false,"post_type_properties_post_sello_leed":"","post_type_properties_post_sello_well":"","post_type_properties_post_sello_breeam":false,"post_type_properties_post_images":[{"properties_post_image_order":1,"properties_post_image_url":"https:\/\/movin.cloud\/empresas\/2438\/imagenes\/230905\/barcelona-alquiler-para-idealista.webp","properties_post_image_url_thumbnail":"https:\/\/movin.cloud\/empresas\/2438\/imagenes\/thumbnails\/230905\/barcelona-alquiler-para-idealista.webp","properties_post_title":"barcelona alquiler para idealista","properties_post_alt":"barcelona alquiler para idealista"},{"properties_post_image_order":2,"properties_post_image_url":"https:\/\/movin.cloud\/empresas\/2438\/imagenes\/230905\/inmobiliarias.webp","properties_post_image_url_thumbnail":"https:\/\/movin.cloud\/empresas\/2438\/imagenes\/thumbnails\/230905\/inmobiliarias.webp","properties_post_title":"inmobiliarias","properties_post_alt":"inmobiliarias"},{"properties_post_image_order":3,"properties_post_image_url":"https:\/\/movin.cloud\/empresas\/2438\/imagenes\/230905\/en-alquiler-29.webp","properties_post_image_url_thumbnail":"https:\/\/movin.cloud\/empresas\/2438\/imagenes\/thumbnails\/230905\/en-alquiler-29.webp","properties_post_title":"en alquiler 29","properties_post_alt":"en alquiler 29"},{"properties_post_image_order":4,"properties_post_image_url":"https:\/\/movin.cloud\/empresas\/2438\/imagenes\/230905\/en-alquiler.webp","properties_post_image_url_thumbnail":"https:\/\/movin.cloud\/empresas\/2438\/imagenes\/thumbnails\/230905\/en-alquiler.webp","properties_post_title":"en alquiler","properties_post_alt":"en alquiler"},{"properties_post_image_order":5,"properties_post_image_url":"https:\/\/movin.cloud\/empresas\/2438\/imagenes\/230905\/en-alquiler-37.webp","properties_post_image_url_thumbnail":"https:\/\/movin.cloud\/empresas\/2438\/imagenes\/thumbnails\/230905\/en-alquiler-37.webp","properties_post_title":"en alquiler 37","properties_post_alt":"en alquiler 37"},{"properties_post_image_order":6,"properties_post_image_url":"https:\/\/movin.cloud\/empresas\/2438\/imagenes\/230905\/en-alquiler-32.webp","properties_post_image_url_thumbnail":"https:\/\/movin.cloud\/empresas\/2438\/imagenes\/thumbnails\/230905\/en-alquiler-32.webp","properties_post_title":"en alquiler 32","properties_post_alt":"en alquiler 32"},{"properties_post_image_order":7,"properties_post_image_url":"https:\/\/movin.cloud\/empresas\/2438\/imagenes\/230905\/en-alquiler-33.webp","properties_post_image_url_thumbnail":"https:\/\/movin.cloud\/empresas\/2438\/imagenes\/thumbnails\/230905\/en-alquiler-33.webp","properties_post_title":"en alquiler 33","properties_post_alt":"en alquiler 33"},{"properties_post_image_order":8,"properties_post_image_url":"https:\/\/movin.cloud\/empresas\/2438\/imagenes\/230905\/en-alquiler-38.webp","properties_post_image_url_thumbnail":"https:\/\/movin.cloud\/empresas\/2438\/imagenes\/thumbnails\/230905\/en-alquiler-38.webp","properties_post_title":"en alquiler 38","properties_post_alt":"en alquiler 38"},{"properties_post_image_order":9,"properties_post_image_url":"https:\/\/movin.cloud\/empresas\/2438\/imagenes\/230905\/en-alquiler-8.webp","properties_post_image_url_thumbnail":"https:\/\/movin.cloud\/empresas\/2438\/imagenes\/thumbnails\/230905\/en-alquiler-8.webp","properties_post_title":"en alquiler 8","properties_post_alt":"en alquiler 8"},{"properties_post_image_order":10,"properties_post_image_url":"https:\/\/movin.cloud\/empresas\/2438\/imagenes\/230905\/en-alquiler-22.webp","properties_post_image_url_thumbnail":"https:\/\/movin.cloud\/empresas\/2438\/imagenes\/thumbnails\/230905\/en-alquiler-22.webp","properties_post_title":"en alquiler 22","properties_post_alt":"en alquiler 22"},{"properties_post_image_order":11,"properties_post_image_url":"https:\/\/movin.cloud\/empresas\/2438\/imagenes\/230905\/en-alquiler-28.webp","properties_post_image_url_thumbnail":"https:\/\/movin.cloud\/empresas\/2438\/imagenes\/thumbnails\/230905\/en-alquiler-28.webp","properties_post_title":"en alquiler 28","properties_post_alt":"en alquiler 28"},{"properties_post_image_order":12,"properties_post_image_url":"https:\/\/movin.cloud\/empresas\/2438\/imagenes\/230905\/en-alquiler-39.webp","properties_post_image_url_thumbnail":"https:\/\/movin.cloud\/empresas\/2438\/imagenes\/thumbnails\/230905\/en-alquiler-39.webp","properties_post_title":"en alquiler 39","properties_post_alt":"en alquiler 39"},{"properties_post_image_order":13,"properties_post_image_url":"https:\/\/movin.cloud\/empresas\/2438\/imagenes\/230905\/alquiler.webp","properties_post_image_url_thumbnail":"https:\/\/movin.cloud\/empresas\/2438\/imagenes\/thumbnails\/230905\/alquiler.webp","properties_post_title":"alquiler","properties_post_alt":"alquiler"},{"properties_post_image_order":14,"properties_post_image_url":"https:\/\/movin.cloud\/empresas\/2438\/imagenes\/230905\/en-alquiler-18.webp","properties_post_image_url_thumbnail":"https:\/\/movin.cloud\/empresas\/2438\/imagenes\/thumbnails\/230905\/en-alquiler-18.webp","properties_post_title":"en alquiler 18","properties_post_alt":"en alquiler 18"},{"properties_post_image_order":15,"properties_post_image_url":"https:\/\/movin.cloud\/empresas\/2438\/imagenes\/230905\/barcelona-alquiler.webp","properties_post_image_url_thumbnail":"https:\/\/movin.cloud\/empresas\/2438\/imagenes\/thumbnails\/230905\/barcelona-alquiler.webp","properties_post_title":"barcelona alquiler","properties_post_alt":"barcelona alquiler"},{"properties_post_image_order":16,"properties_post_image_url":"https:\/\/movin.cloud\/empresas\/2438\/imagenes\/230905\/en-alquiler-36.webp","properties_post_image_url_thumbnail":"https:\/\/movin.cloud\/empresas\/2438\/imagenes\/thumbnails\/230905\/en-alquiler-36.webp","properties_post_title":"en alquiler 36","properties_post_alt":"en alquiler 36"},{"properties_post_image_order":17,"properties_post_image_url":"https:\/\/movin.cloud\/empresas\/2438\/imagenes\/230905\/en-alquiler-34.webp","properties_post_image_url_thumbnail":"https:\/\/movin.cloud\/empresas\/2438\/imagenes\/thumbnails\/230905\/en-alquiler-34.webp","properties_post_title":"en alquiler 34","properties_post_alt":"en alquiler 34"},{"properties_post_image_order":18,"properties_post_image_url":"https:\/\/movin.cloud\/empresas\/2438\/imagenes\/230905\/alquiler-idealistas.webp","properties_post_image_url_thumbnail":"https:\/\/movin.cloud\/empresas\/2438\/imagenes\/thumbnails\/230905\/alquiler-idealistas.webp","properties_post_title":"alquiler idealistas","properties_post_alt":"alquiler idealistas"},{"properties_post_image_order":19,"properties_post_image_url":"https:\/\/movin.cloud\/empresas\/2438\/imagenes\/230905\/en-alquiler-6.webp","properties_post_image_url_thumbnail":"https:\/\/movin.cloud\/empresas\/2438\/imagenes\/thumbnails\/230905\/en-alquiler-6.webp","properties_post_title":"en alquiler 6","properties_post_alt":"en alquiler 6"},{"properties_post_image_order":20,"properties_post_image_url":"https:\/\/movin.cloud\/empresas\/2438\/imagenes\/230905\/en-alquiler-27.webp","properties_post_image_url_thumbnail":"https:\/\/movin.cloud\/empresas\/2438\/imagenes\/thumbnails\/230905\/en-alquiler-27.webp","properties_post_title":"en alquiler 27","properties_post_alt":"en alquiler 27"},{"properties_post_image_order":22,"properties_post_image_url":"https:\/\/movin.cloud\/empresas\/2438\/imagenes\/230905\/fincas-barcelona.webp","properties_post_image_url_thumbnail":"https:\/\/movin.cloud\/empresas\/2438\/imagenes\/thumbnails\/230905\/fincas-barcelona.webp","properties_post_title":"fincas barcelona","properties_post_alt":"fincas barcelona"},{"properties_post_image_order":23,"properties_post_image_url":"https:\/\/movin.cloud\/empresas\/2438\/imagenes\/230905\/en-alquiler-30.webp","properties_post_image_url_thumbnail":"https:\/\/movin.cloud\/empresas\/2438\/imagenes\/thumbnails\/230905\/en-alquiler-30.webp","properties_post_title":"en alquiler 30","properties_post_alt":"en alquiler 30"},{"properties_post_image_order":24,"properties_post_image_url":"https:\/\/movin.cloud\/empresas\/2438\/imagenes\/230905\/habitalia.webp","properties_post_image_url_thumbnail":"https:\/\/movin.cloud\/empresas\/2438\/imagenes\/thumbnails\/230905\/habitalia.webp","properties_post_title":"habitalia","properties_post_alt":"habitalia"},{"properties_post_image_order":25,"properties_post_image_url":"https:\/\/movin.cloud\/empresas\/2438\/imagenes\/230905\/en-alquiler-12.webp","properties_post_image_url_thumbnail":"https:\/\/movin.cloud\/empresas\/2438\/imagenes\/thumbnails\/230905\/en-alquiler-12.webp","properties_post_title":"en alquiler 12","properties_post_alt":"en alquiler 12"},{"properties_post_image_order":26,"properties_post_image_url":"https:\/\/movin.cloud\/empresas\/2438\/imagenes\/230905\/barcelona-alquilar.webp","properties_post_image_url_thumbnail":"https:\/\/movin.cloud\/empresas\/2438\/imagenes\/thumbnails\/230905\/barcelona-alquilar.webp","properties_post_title":"barcelona alquilar","properties_post_alt":"barcelona alquilar"},{"properties_post_image_order":27,"properties_post_image_url":"https:\/\/movin.cloud\/empresas\/2438\/imagenes\/230905\/en-alquiler-4.webp","properties_post_image_url_thumbnail":"https:\/\/movin.cloud\/empresas\/2438\/imagenes\/thumbnails\/230905\/en-alquiler-4.webp","properties_post_title":"en alquiler 4","properties_post_alt":"en alquiler 4"},{"properties_post_image_order":28,"properties_post_image_url":"https:\/\/movin.cloud\/empresas\/2438\/imagenes\/230905\/en-alquiler-25.webp","properties_post_image_url_thumbnail":"https:\/\/movin.cloud\/empresas\/2438\/imagenes\/thumbnails\/230905\/en-alquiler-25.webp","properties_post_title":"en alquiler 25","properties_post_alt":"en alquiler 25"},{"properties_post_image_order":29,"properties_post_image_url":"https:\/\/movin.cloud\/empresas\/2438\/imagenes\/230905\/inmobiliaria.webp","properties_post_image_url_thumbnail":"https:\/\/movin.cloud\/empresas\/2438\/imagenes\/thumbnails\/230905\/inmobiliaria.webp","properties_post_title":"inmobiliaria","properties_post_alt":"inmobiliaria"},{"properties_post_image_order":30,"properties_post_image_url":"https:\/\/movin.cloud\/empresas\/2438\/imagenes\/230905\/en-alquiler-11.webp","properties_post_image_url_thumbnail":"https:\/\/movin.cloud\/empresas\/2438\/imagenes\/thumbnails\/230905\/en-alquiler-11.webp","properties_post_title":"en alquiler 11","properties_post_alt":"en alquiler 11"},{"properties_post_image_order":31,"properties_post_image_url":"https:\/\/movin.cloud\/empresas\/2438\/imagenes\/230905\/barcelona-inmobiliaria.webp","properties_post_image_url_thumbnail":"https:\/\/movin.cloud\/empresas\/2438\/imagenes\/thumbnails\/230905\/barcelona-inmobiliaria.webp","properties_post_title":"barcelona inmobiliaria","properties_post_alt":"barcelona inmobiliaria"},{"properties_post_image_order":32,"properties_post_image_url":"https:\/\/movin.cloud\/empresas\/2438\/imagenes\/230905\/alquiler-para-idealistas-barcelona.webp","properties_post_image_url_thumbnail":"https:\/\/movin.cloud\/empresas\/2438\/imagenes\/thumbnails\/230905\/alquiler-para-idealistas-barcelona.webp","properties_post_title":"alquiler para idealistas barcelona","properties_post_alt":"alquiler para idealistas barcelona"},{"properties_post_image_order":33,"properties_post_image_url":"https:\/\/movin.cloud\/empresas\/2438\/imagenes\/230905\/inmobiliaria-barcelona.webp","properties_post_image_url_thumbnail":"https:\/\/movin.cloud\/empresas\/2438\/imagenes\/thumbnails\/230905\/inmobiliaria-barcelona.webp","properties_post_title":"inmobiliaria barcelona","properties_post_alt":"inmobiliaria barcelona"},{"properties_post_image_order":34,"properties_post_image_url":"https:\/\/movin.cloud\/empresas\/2438\/imagenes\/230905\/en-alquiler-3.webp","properties_post_image_url_thumbnail":"https:\/\/movin.cloud\/empresas\/2438\/imagenes\/thumbnails\/230905\/en-alquiler-3.webp","properties_post_title":"en alquiler 3","properties_post_alt":"en alquiler 3"},{"properties_post_image_order":35,"properties_post_image_url":"https:\/\/movin.cloud\/empresas\/2438\/imagenes\/230905\/alquilar-barcelona.webp","properties_post_image_url_thumbnail":"https:\/\/movin.cloud\/empresas\/2438\/imagenes\/thumbnails\/230905\/alquilar-barcelona.webp","properties_post_title":"alquilar barcelona","properties_post_alt":"alquilar barcelona"},{"properties_post_image_order":36,"properties_post_image_url":"https:\/\/movin.cloud\/empresas\/2438\/imagenes\/230905\/barcelona-alquiler-idealistas.webp","properties_post_image_url_thumbnail":"https:\/\/movin.cloud\/empresas\/2438\/imagenes\/thumbnails\/230905\/barcelona-alquiler-idealistas.webp","properties_post_title":"barcelona alquiler idealistas","properties_post_alt":"barcelona alquiler idealistas"},{"properties_post_image_order":37,"properties_post_image_url":"https:\/\/movin.cloud\/empresas\/2438\/imagenes\/230905\/en-alquiler-2.webp","properties_post_image_url_thumbnail":"https:\/\/movin.cloud\/empresas\/2438\/imagenes\/thumbnails\/230905\/en-alquiler-2.webp","properties_post_title":"en alquiler 2","properties_post_alt":"en alquiler 2"},{"properties_post_image_order":38,"properties_post_image_url":"https:\/\/movin.cloud\/empresas\/2438\/imagenes\/230905\/alquilar.webp","properties_post_image_url_thumbnail":"https:\/\/movin.cloud\/empresas\/2438\/imagenes\/thumbnails\/230905\/alquilar.webp","properties_post_title":"alquilar","properties_post_alt":"alquilar"},{"properties_post_image_order":39,"properties_post_image_url":"https:\/\/movin.cloud\/empresas\/2438\/imagenes\/230905\/en-alquiler-9.webp","properties_post_image_url_thumbnail":"https:\/\/movin.cloud\/empresas\/2438\/imagenes\/thumbnails\/230905\/en-alquiler-9.webp","properties_post_title":"en alquiler 9","properties_post_alt":"en alquiler 9"},{"properties_post_image_order":41,"properties_post_image_url":"https:\/\/movin.cloud\/empresas\/2438\/imagenes\/230905\/barcelona-viviendas.webp","properties_post_image_url_thumbnail":"https:\/\/movin.cloud\/empresas\/2438\/imagenes\/thumbnails\/230905\/barcelona-viviendas.webp","properties_post_title":"barcelona viviendas","properties_post_alt":"barcelona viviendas"},{"properties_post_image_order":42,"properties_post_image_url":"https:\/\/movin.cloud\/empresas\/2438\/imagenes\/230905\/rent.webp","properties_post_image_url_thumbnail":"https:\/\/movin.cloud\/empresas\/2438\/imagenes\/thumbnails\/230905\/rent.webp","properties_post_title":"rent","properties_post_alt":"rent"},{"properties_post_image_order":43,"properties_post_image_url":"https:\/\/movin.cloud\/empresas\/2438\/imagenes\/230905\/en-alquiler-17.webp","properties_post_image_url_thumbnail":"https:\/\/movin.cloud\/empresas\/2438\/imagenes\/thumbnails\/230905\/en-alquiler-17.webp","properties_post_title":"en alquiler 17","properties_post_alt":"en alquiler 17"},{"properties_post_image_order":44,"properties_post_image_url":"https:\/\/movin.cloud\/empresas\/2438\/imagenes\/230905\/alquiler-para-idealista.webp","properties_post_image_url_thumbnail":"https:\/\/movin.cloud\/empresas\/2438\/imagenes\/thumbnails\/230905\/alquiler-para-idealista.webp","properties_post_title":"alquiler para idealista","properties_post_alt":"alquiler para idealista"},{"properties_post_image_order":45,"properties_post_image_url":"https:\/\/movin.cloud\/empresas\/2438\/imagenes\/230905\/en-alquiler-barcelona.webp","properties_post_image_url_thumbnail":"https:\/\/movin.cloud\/empresas\/2438\/imagenes\/thumbnails\/230905\/en-alquiler-barcelona.webp","properties_post_title":"en alquiler barcelona","properties_post_alt":"en alquiler barcelona"},{"properties_post_image_order":46,"properties_post_image_url":"https:\/\/movin.cloud\/empresas\/2438\/imagenes\/230905\/en-alquiler-15.webp","properties_post_image_url_thumbnail":"https:\/\/movin.cloud\/empresas\/2438\/imagenes\/thumbnails\/230905\/en-alquiler-15.webp","properties_post_title":"en alquiler 15","properties_post_alt":"en alquiler 15"},{"properties_post_image_order":47,"properties_post_image_url":"https:\/\/movin.cloud\/empresas\/2438\/imagenes\/230905\/en-alquiler-26.webp","properties_post_image_url_thumbnail":"https:\/\/movin.cloud\/empresas\/2438\/imagenes\/thumbnails\/230905\/en-alquiler-26.webp","properties_post_title":"en alquiler 26","properties_post_alt":"en alquiler 26"},{"properties_post_image_order":48,"properties_post_image_url":"https:\/\/movin.cloud\/empresas\/2438\/imagenes\/230905\/en-alquiler-31.webp","properties_post_image_url_thumbnail":"https:\/\/movin.cloud\/empresas\/2438\/imagenes\/thumbnails\/230905\/en-alquiler-31.webp","properties_post_title":"en alquiler 31","properties_post_alt":"en alquiler 31"},{"properties_post_image_order":49,"properties_post_image_url":"https:\/\/movin.cloud\/empresas\/2438\/imagenes\/230905\/alquiler-idealistas-barcelona.webp","properties_post_image_url_thumbnail":"https:\/\/movin.cloud\/empresas\/2438\/imagenes\/thumbnails\/230905\/alquiler-idealistas-barcelona.webp","properties_post_title":"alquiler idealistas barcelona","properties_post_alt":"alquiler idealistas barcelona"},{"properties_post_image_order":50,"properties_post_image_url":"https:\/\/movin.cloud\/empresas\/2438\/imagenes\/230905\/en-alquiler-13.webp","properties_post_image_url_thumbnail":"https:\/\/movin.cloud\/empresas\/2438\/imagenes\/thumbnails\/230905\/en-alquiler-13.webp","properties_post_title":"en alquiler 13","properties_post_alt":"en alquiler 13"},{"properties_post_image_order":51,"properties_post_image_url":"https:\/\/movin.cloud\/empresas\/2438\/imagenes\/230905\/viviendas-barcelona.webp","properties_post_image_url_thumbnail":"https:\/\/movin.cloud\/empresas\/2438\/imagenes\/thumbnails\/230905\/viviendas-barcelona.webp","properties_post_title":"viviendas barcelona","properties_post_alt":"viviendas barcelona"},{"properties_post_image_order":52,"properties_post_image_url":"https:\/\/movin.cloud\/empresas\/2438\/imagenes\/230905\/fincas.webp","properties_post_image_url_thumbnail":"https:\/\/movin.cloud\/empresas\/2438\/imagenes\/thumbnails\/230905\/fincas.webp","properties_post_title":"fincas","properties_post_alt":"fincas"},{"properties_post_image_order":53,"properties_post_image_url":"https:\/\/movin.cloud\/empresas\/2438\/imagenes\/230905\/barcelona-inmobiliarias.webp","properties_post_image_url_thumbnail":"https:\/\/movin.cloud\/empresas\/2438\/imagenes\/thumbnails\/230905\/barcelona-inmobiliarias.webp","properties_post_title":"barcelona inmobiliarias","properties_post_alt":"barcelona inmobiliarias"},{"properties_post_image_order":54,"properties_post_image_url":"https:\/\/movin.cloud\/empresas\/2438\/imagenes\/230905\/en-alquiler-23.webp","properties_post_image_url_thumbnail":"https:\/\/movin.cloud\/empresas\/2438\/imagenes\/thumbnails\/230905\/en-alquiler-23.webp","properties_post_title":"en alquiler 23","properties_post_alt":"en alquiler 23"},{"properties_post_image_order":55,"properties_post_image_url":"https:\/\/movin.cloud\/empresas\/2438\/imagenes\/230905\/alquiler-para-idealista-barcelona.webp","properties_post_image_url_thumbnail":"https:\/\/movin.cloud\/empresas\/2438\/imagenes\/thumbnails\/230905\/alquiler-para-idealista-barcelona.webp","properties_post_title":"alquiler para idealista barcelona","properties_post_alt":"alquiler para idealista barcelona"},{"properties_post_image_order":56,"properties_post_image_url":"https:\/\/movin.cloud\/empresas\/2438\/imagenes\/230905\/inmobiliarias-barcelona.webp","properties_post_image_url_thumbnail":"https:\/\/movin.cloud\/empresas\/2438\/imagenes\/thumbnails\/230905\/inmobiliarias-barcelona.webp","properties_post_title":"inmobiliarias barcelona","properties_post_alt":"inmobiliarias barcelona"},{"properties_post_image_order":57,"properties_post_image_url":"https:\/\/movin.cloud\/empresas\/2438\/imagenes\/230905\/barcelona-alquiler-para-idealistas.webp","properties_post_image_url_thumbnail":"https:\/\/movin.cloud\/empresas\/2438\/imagenes\/thumbnails\/230905\/barcelona-alquiler-para-idealistas.webp","properties_post_title":"barcelona alquiler para idealistas","properties_post_alt":"barcelona alquiler para idealistas"},{"properties_post_image_order":58,"properties_post_image_url":"https:\/\/movin.cloud\/empresas\/2438\/imagenes\/230905\/en-alquiler-20.webp","properties_post_image_url_thumbnail":"https:\/\/movin.cloud\/empresas\/2438\/imagenes\/thumbnails\/230905\/en-alquiler-20.webp","properties_post_title":"en alquiler 20","properties_post_alt":"en alquiler 20"},{"properties_post_image_order":59,"properties_post_image_url":"https:\/\/movin.cloud\/empresas\/2438\/imagenes\/230905\/en-alquiler-14.webp","properties_post_image_url_thumbnail":"https:\/\/movin.cloud\/empresas\/2438\/imagenes\/thumbnails\/230905\/en-alquiler-14.webp","properties_post_title":"en alquiler 14","properties_post_alt":"en alquiler 14"},{"properties_post_image_order":60,"properties_post_image_url":"https:\/\/movin.cloud\/empresas\/2438\/imagenes\/230905\/en-alquiler-16.webp","properties_post_image_url_thumbnail":"https:\/\/movin.cloud\/empresas\/2438\/imagenes\/thumbnails\/230905\/en-alquiler-16.webp","properties_post_title":"en alquiler 16","properties_post_alt":"en alquiler 16"},{"properties_post_image_order":61,"properties_post_image_url":"https:\/\/movin.cloud\/empresas\/2438\/imagenes\/230905\/alquiler-para-idealistas.webp","properties_post_image_url_thumbnail":"https:\/\/movin.cloud\/empresas\/2438\/imagenes\/thumbnails\/230905\/alquiler-para-idealistas.webp","properties_post_title":"alquiler para idealistas","properties_post_alt":"alquiler para idealistas"},{"properties_post_image_order":62,"properties_post_image_url":"https:\/\/movin.cloud\/empresas\/2438\/imagenes\/230905\/en-alquiler-10.webp","properties_post_image_url_thumbnail":"https:\/\/movin.cloud\/empresas\/2438\/imagenes\/thumbnails\/230905\/en-alquiler-10.webp","properties_post_title":"en alquiler 10","properties_post_alt":"en alquiler 10"},{"properties_post_image_order":63,"properties_post_image_url":"https:\/\/movin.cloud\/empresas\/2438\/imagenes\/230905\/viviendas.webp","properties_post_image_url_thumbnail":"https:\/\/movin.cloud\/empresas\/2438\/imagenes\/thumbnails\/230905\/viviendas.webp","properties_post_title":"viviendas","properties_post_alt":"viviendas"},{"properties_post_image_order":64,"properties_post_image_url":"https:\/\/movin.cloud\/empresas\/2438\/imagenes\/230905\/en-alquiler-7.webp","properties_post_image_url_thumbnail":"https:\/\/movin.cloud\/empresas\/2438\/imagenes\/thumbnails\/230905\/en-alquiler-7.webp","properties_post_title":"en alquiler 7","properties_post_alt":"en alquiler 7"},{"properties_post_image_order":65,"properties_post_image_url":"https:\/\/movin.cloud\/empresas\/2438\/imagenes\/230905\/rent-barcelona.webp","properties_post_image_url_thumbnail":"https:\/\/movin.cloud\/empresas\/2438\/imagenes\/thumbnails\/230905\/rent-barcelona.webp","properties_post_title":"rent barcelona","properties_post_alt":"rent barcelona"},{"properties_post_image_order":66,"properties_post_image_url":"https:\/\/movin.cloud\/empresas\/2438\/imagenes\/230905\/habitalia-barcelona.webp","properties_post_image_url_thumbnail":"https:\/\/movin.cloud\/empresas\/2438\/imagenes\/thumbnails\/230905\/habitalia-barcelona.webp","properties_post_title":"habitalia barcelona","properties_post_alt":"habitalia barcelona"},{"properties_post_image_order":67,"properties_post_image_url":"https:\/\/movin.cloud\/empresas\/2438\/imagenes\/230905\/barcelona-habitalia.webp","properties_post_image_url_thumbnail":"https:\/\/movin.cloud\/empresas\/2438\/imagenes\/thumbnails\/230905\/barcelona-habitalia.webp","properties_post_title":"barcelona habitalia","properties_post_alt":"barcelona habitalia"},{"properties_post_image_order":68,"properties_post_image_url":"https:\/\/movin.cloud\/empresas\/2438\/imagenes\/230905\/alquiler-barcelona.webp","properties_post_image_url_thumbnail":"https:\/\/movin.cloud\/empresas\/2438\/imagenes\/thumbnails\/230905\/alquiler-barcelona.webp","properties_post_title":"alquiler barcelona","properties_post_alt":"alquiler barcelona"},{"properties_post_image_order":69,"properties_post_image_url":"https:\/\/movin.cloud\/empresas\/2438\/imagenes\/230905\/en-alquiler-5.webp","properties_post_image_url_thumbnail":"https:\/\/movin.cloud\/empresas\/2438\/imagenes\/thumbnails\/230905\/en-alquiler-5.webp","properties_post_title":"en alquiler 5","properties_post_alt":"en alquiler 5"},{"properties_post_image_order":70,"properties_post_image_url":"https:\/\/movin.cloud\/empresas\/2438\/imagenes\/230905\/barcelona-fincas.webp","properties_post_image_url_thumbnail":"https:\/\/movin.cloud\/empresas\/2438\/imagenes\/thumbnails\/230905\/barcelona-fincas.webp","properties_post_title":"barcelona fincas","properties_post_alt":"barcelona fincas"},{"properties_post_image_order":71,"properties_post_image_url":"https:\/\/movin.cloud\/empresas\/2438\/imagenes\/230905\/en-alquiler-24.webp","properties_post_image_url_thumbnail":"https:\/\/movin.cloud\/empresas\/2438\/imagenes\/thumbnails\/230905\/en-alquiler-24.webp","properties_post_title":"en alquiler 24","properties_post_alt":"en alquiler 24"},{"properties_post_image_order":72,"properties_post_image_url":"https:\/\/movin.cloud\/empresas\/2438\/imagenes\/230905\/barcelona-rent.webp","properties_post_image_url_thumbnail":"https:\/\/movin.cloud\/empresas\/2438\/imagenes\/thumbnails\/230905\/barcelona-rent.webp","properties_post_title":"barcelona rent","properties_post_alt":"barcelona rent"},{"properties_post_image_order":73,"properties_post_image_url":"https:\/\/movin.cloud\/empresas\/2438\/imagenes\/230905\/en-alquiler-19.webp","properties_post_image_url_thumbnail":"https:\/\/movin.cloud\/empresas\/2438\/imagenes\/thumbnails\/230905\/en-alquiler-19.webp","properties_post_title":"en alquiler 19","properties_post_alt":"en alquiler 19"},{"properties_post_image_order":74,"properties_post_image_url":"https:\/\/movin.cloud\/empresas\/2438\/imagenes\/230905\/en-alquiler-21.webp","properties_post_image_url_thumbnail":"https:\/\/movin.cloud\/empresas\/2438\/imagenes\/thumbnails\/230905\/en-alquiler-21.webp","properties_post_title":"en alquiler 21","properties_post_alt":"en alquiler 21"},{"properties_post_image_order":75,"properties_post_image_url":"https:\/\/movin.cloud\/empresas\/2438\/imagenes\/230905\/barcelona-en-alquiler.webp","properties_post_image_url_thumbnail":"https:\/\/movin.cloud\/empresas\/2438\/imagenes\/thumbnails\/230905\/barcelona-en-alquiler.webp","properties_post_title":"barcelona en alquiler","properties_post_alt":"barcelona en alquiler"},{"properties_post_image_order":76,"properties_post_image_url":"https:\/\/movin.cloud\/empresas\/2438\/imagenes\/230905\/en-alquiler-40.webp","properties_post_image_url_thumbnail":"https:\/\/movin.cloud\/empresas\/2438\/imagenes\/thumbnails\/230905\/en-alquiler-40.webp","properties_post_title":"en alquiler 40","properties_post_alt":"en alquiler 40"}],"post_type_properties_post_videos":null,"post_type_properties_post_tour":null,"post_type_properties_post_dossier_url":"","post_type_properties_post_operation_type":"rent","post_type_properties_post_operation_price":25305,"post_type_properties_post_features_hidden_price":false},"yoast_head":"<!-- This site is optimized with the Yoast SEO plugin v25.6 - https:\/\/yoast.com\/wordpress\/plugins\/seo\/ -->\n<title>Oficina espectacular con terraza privativa en alquiler. Barcelona Sants. - Forcadell<\/title>\n<meta name=\"robots\" content=\"index, follow, max-snippet:-1, max-image-preview:large, max-video-preview:-1\" \/>\n<link rel=\"canonical\" href=\"https:\/\/forcadell.com\/ca\/propiedades\/oficina-espectacular-con-terraza-privativa-en-alquiler-barcelona-sants\/\" \/>\n<meta property=\"og:locale\" content=\"ca_ES\" \/>\n<meta property=\"og:type\" content=\"article\" \/>\n<meta property=\"og:title\" content=\"Oficina espectacular con terraza privativa en alquiler. Barcelona Sants. - Forcadell\" \/>\n<meta property=\"og:description\" content=\"Oficinas en alquiler en edificio vanguardista en zona empresarial consolidada en el distrito de Sants-Montju\u00efc. Terrazas privadas. Espectaculares oficinas di\u00e1fanas con mucha luz natural. Vistas panor\u00e1micas. Cuentan con iluminaci\u00f3n LED e instalaci\u00f3n de aire acondicionado. El edificio Landmark, cerca del centro econ\u00f3mico de la ciudad, ofrece proximidad al puerto y al aeropuerto, as\u00ed como excelentes [&hellip;]\" \/>\n<meta property=\"og:url\" content=\"https:\/\/forcadell.com\/ca\/propiedades\/oficina-espectacular-con-terraza-privativa-en-alquiler-barcelona-sants\/\" \/>\n<meta property=\"og:site_name\" content=\"Forcadell\" \/>\n<meta property=\"article:modified_time\" content=\"2026-04-26T13:08:35+00:00\" \/>\n<meta name=\"twitter:card\" content=\"summary_large_image\" \/>\n<meta name=\"twitter:label1\" content=\"Temps estimat de lectura\" \/>\n\t<meta name=\"twitter:data1\" content=\"1 minut\" \/>\n<!-- \/ Yoast SEO plugin. -->","yoast_head_json":{"title":"Oficina espectacular con terraza privativa en alquiler. Barcelona Sants. - Forcadell","robots":{"index":"index","follow":"follow","max-snippet":"max-snippet:-1","max-image-preview":"max-image-preview:large","max-video-preview":"max-video-preview:-1"},"canonical":"https:\/\/forcadell.com\/ca\/propiedades\/oficina-espectacular-con-terraza-privativa-en-alquiler-barcelona-sants\/","og_locale":"ca_ES","og_type":"article","og_title":"Oficina espectacular con terraza privativa en alquiler. Barcelona Sants. - Forcadell","og_description":"Oficinas en alquiler en edificio vanguardista en zona empresarial consolidada en el distrito de Sants-Montju\u00efc. Terrazas privadas. Espectaculares oficinas di\u00e1fanas con mucha luz natural. Vistas panor\u00e1micas. Cuentan con iluminaci\u00f3n LED e instalaci\u00f3n de aire acondicionado. El edificio Landmark, cerca del centro econ\u00f3mico de la ciudad, ofrece proximidad al puerto y al aeropuerto, as\u00ed como excelentes [&hellip;]","og_url":"https:\/\/forcadell.com\/ca\/propiedades\/oficina-espectacular-con-terraza-privativa-en-alquiler-barcelona-sants\/","og_site_name":"Forcadell","article_modified_time":"2026-04-26T13:08:35+00:00","twitter_card":"summary_large_image","twitter_misc":{"Temps estimat de lectura":"1 minut"},"schema":{"@context":"https:\/\/schema.org","@graph":[{"@type":"WebPage","@id":"https:\/\/forcadell.com\/ca\/propiedades\/oficina-espectacular-con-terraza-privativa-en-alquiler-barcelona-sants\/","url":"https:\/\/forcadell.com\/ca\/propiedades\/oficina-espectacular-con-terraza-privativa-en-alquiler-barcelona-sants\/","name":"Oficina espectacular con terraza privativa en alquiler. Barcelona Sants. - Forcadell","isPartOf":{"@id":"https:\/\/forcadell.com\/ca\/#website"},"datePublished":"2025-11-04T13:56:30+00:00","dateModified":"2026-04-26T13:08:35+00:00","breadcrumb":{"@id":"https:\/\/forcadell.com\/ca\/propiedades\/oficina-espectacular-con-terraza-privativa-en-alquiler-barcelona-sants\/#breadcrumb"},"inLanguage":"ca","potentialAction":[{"@type":"ReadAction","target":["https:\/\/forcadell.com\/ca\/propiedades\/oficina-espectacular-con-terraza-privativa-en-alquiler-barcelona-sants\/"]}]},{"@type":"BreadcrumbList","@id":"https:\/\/forcadell.com\/ca\/propiedades\/oficina-espectacular-con-terraza-privativa-en-alquiler-barcelona-sants\/#breadcrumb","itemListElement":[{"@type":"ListItem","position":1,"name":"Portada","item":"https:\/\/forcadell.com\/ca\/"},{"@type":"ListItem","position":2,"name":"Properties","item":"https:\/\/forcadell.com\/ca\/propiedades\/"},{"@type":"ListItem","position":3,"name":"Oficina espectacular con terraza privativa en alquiler. Barcelona Sants."}]},{"@type":"WebSite","@id":"https:\/\/forcadell.com\/ca\/#website","url":"https:\/\/forcadell.com\/ca\/","name":"Forcadell","description":"Inmobiliaria Barcelona | Consultores inmobiliarios","potentialAction":[{"@type":"SearchAction","target":{"@type":"EntryPoint","urlTemplate":"https:\/\/forcadell.com\/ca\/?s={search_term_string}"},"query-input":{"@type":"PropertyValueSpecification","valueRequired":true,"valueName":"search_term_string"}}],"inLanguage":"ca"}]}},"_links":{"self":[{"href":"https:\/\/forcadell.com\/ca\/wp-json\/wp\/v2\/properties_post\/57565"}],"collection":[{"href":"https:\/\/forcadell.com\/ca\/wp-json\/wp\/v2\/properties_post"}],"about":[{"href":"https:\/\/forcadell.com\/ca\/wp-json\/wp\/v2\/types\/properties_post"}],"wp:attachment":[{"href":"https:\/\/forcadell.com\/ca\/wp-json\/wp\/v2\/media?parent=57565"}],"curies":[{"name":"wp","href":"https:\/\/api.w.org\/{rel}","templated":true}]}}