{"id":57536,"date":"2025-11-04T15:54:59","date_gmt":"2025-11-04T13:54:59","guid":{"rendered":"https:\/\/www.forcadell.com\/propiedades\/oficina-en-alquiler-en-esplugues-de-llobregat-barcelona-2\/"},"modified":"2026-04-27T17:10:18","modified_gmt":"2026-04-27T15:10:18","slug":"oficina-en-alquiler-en-esplugues-de-llobregat-barcelona-2","status":"publish","type":"properties_post","link":"https:\/\/forcadell.com\/ca\/propiedades\/oficina-en-alquiler-en-esplugues-de-llobregat-barcelona-2\/","title":{"rendered":"EDIFICIO ILUMINA"},"content":{"rendered":"<p>Edificio de oficinas exclusivo con terraza, auditorio y gimnasio en Esplugues de Llobregat<\/p>\n<p>Edificio de oficinas ubicado en la calle Gaspar F\u00e1bregas, en Esplugues de Llobregat, que destaca por su dise\u00f1o moderno, vanguardista y tecnol\u00f3gicamente avanzado. Un espacio ideal para empresas que buscan un entorno de trabajo innovador y representativo.<\/p>\n<p>El inmueble ofrece plantas di\u00e1fanas y flexibles, adaptadas a las nuevas formas de trabajo, con excelentes servicios y zonas comunes que aportan valor a\u00f1adido al d\u00eda a d\u00eda.<\/p>\n<p>Caracter\u00edsticas del edificio:<\/p>\n<p>Amplia terraza<br \/>\nAuditorio y espacios para eventos<br \/>\nZonas colaborativas<br \/>\nGimnasio<br \/>\nEspacios habilitados para laboratorio<br \/>\nSeguridad 24 horas<br \/>\nCantina<br \/>\nCertificado de eficiencia energ\u00e9tica B<\/p>\n<p>Ubicaci\u00f3n y comunicaciones:<\/p>\n<p>Excelente conexi\u00f3n tanto en transporte p\u00fablico como privado:<\/p>\n<p>Tram con acceso directo<br \/>\nBus: 57, 67, 68, 78, 135<br \/>\nMetro: L5 \u2013 Sant Ildefons<br \/>\nRenfe: R1 y R4 \u2013 Sant Joan Desp\u00ed<br \/>\nAeropuerto a tan solo 10 km<\/p>\n<p>R\u00e1pido acceso a las principales v\u00edas de comunicaci\u00f3n como Ronda de Dalt (salidas 11 y 13) y la A-2.<\/p>\n<p>Una excelente oportunidad para ubicar tu empresa en un entorno moderno, bien comunicado y con todos los servicios.<\/p>\n","protected":false},"template":"","class_list":["post-57536","properties_post","type-properties_post","status-publish","hentry","properties_modality-rent","properties_province-barcelona","properties_zone-periferia","properties_state-esplugues-de-llobregat","properties_subclass-oficina","properties_type-oficina"],"acf":{"post_type_properties_post_property_code":"237407","post_type_properties_post_property_reference":"IE-218795","post_type_properties_post_owner_id":"144347","post_type_properties_post_owner_name":"STONESHIELD CAPITAL","post_type_properties_post_property_code_encrypted":"MjkkMjE5NzQ=","post_type_properties_post_published":"1","post_type_properties_post_property_visibility":"idealista","post_type_properties_post_contact_name":"Forcadell Oficinas Barcelona","post_type_properties_post_contact_email":"forcadell.oficinas.barcelona@movin.cloud","post_type_properties_post_contact_primary_phone_prefix":"34","post_type_properties_post_contact_primary_phone_number":"934965413","post_type_properties_post_address_visibility":"street","post_type_properties_post_address_country":"Spain","post_type_properties_post_address_coordinates_precision":"exact","post_type_properties_post_address_postal_code":"08950","post_type_properties_post_address_coordinates_latitude":"41.3723093","post_type_properties_post_address_coordinates_longitude":"2.0789303","post_type_properties_post_address_street_name":"CL Gaspar F\u00e0bregas i Roses, 81","post_type_properties_post_address_floor":"1","post_type_properties_post_address_town":"Esplugues de Llobregat","post_type_properties_post_building":null,"post_type_properties_post_property":[{"properties_post_description_language":"catalan","properties_post_title":"EDIFICI ILUMINA","properties_post_short_description_text_alt":"","properties_post_description_text_alt":"","properties_post_short_description_text":" ","properties_post_link_demanda_inmueble":"https:\/\/movin.cloud\/ca\/Forcadell Oficinas Barcelona\/formulari-peticio-immoble\/sth\/2438&&237407","properties_post_link_demanda_calendario_inmueble":"https:\/\/movin.cloud\/ca\/Forcadell Oficinas Barcelona\/calendari-peticio-immoble\/sth\/2438&&237407","properties_post_description_text":"Edifici d\u00b4oficines exclusiu amb terrassa, auditori i gimn\u00e0s a Esplugues de Llobregat\n\nEdifici d'oficines ubicat al carrer Gaspar F\u00e1bregas, a Esplugues de Llobregat, que destaca pel disseny modern, avantguardista i tecnol\u00f2gicament avan\u00e7at. Un espai ideal per a empreses que busquen un entorn de treball innovador i representatiu.\n\nL'immoble ofereix plantes di\u00e0fanes i flexibles, adaptades a les noves formes de treball, amb excel\u00b7lents serveis i zones comunes que aporten valor afegit al dia a dia.\n\nCaracter\u00edstiques de l'edifici:\n\n\u00c0mplia terrassa\nAuditori i espais per a esdeveniments\nZones col\u00b7laboratives\nGimn\u00e0s\nEspais habilitats per a laboratori\nSeguretat 24 hores\nCantina\nCertificat defici\u00e8ncia energ\u00e8tica B\n\nUbicaci\u00f3 i comunicacions:\n\nExcel\u00b7lent connexi\u00f3 tant en transport p\u00fablic com privat:\n\nTram amb acc\u00e9s directe\nBus: 57, 67, 68, 78, 135\nMetro: L5 \u2013 Sant Ildefons\nRenfe: R1 i R4 \u2013 Sant Joan Desp\u00ed\nAeroport a tan sols 10 km\n\nR\u00e0pid acc\u00e9s a les principals vies de comunicaci\u00f3 com Ronda de Dalt (sortides 11 i 13) i l'A-2.\n\nUna excel\u00b7lent oportunitat per ubicar la teva empresa en un entorn modern, ben comunicat i amb tots els serveis.","properties_post_seo_title":"","properties_post_seo_alias":"","properties_post_seo_metadescription":"Oficina disponible en lloguer, situada a Esplugues de Llobregat. Barcelona. Forcadell \u00e9s la seva ag\u00e8ncia de confian\u00e7a per al lloguer d'aquesta oficina.","properties_post_seo_key_words":"Oficina lloguer Esplugues de Llobregat, lloguer oficina Esplugues de Llobregat, oficina Esplugues de Llobregat","properties_post_seo_url":"","properties_post_terms_conditions":""},{"properties_post_description_language":"spanish","properties_post_title":"EDIFICIO ILUMINA","properties_post_short_description_text_alt":"","properties_post_description_text_alt":"","properties_post_short_description_text":" ","properties_post_link_demanda_inmueble":"https:\/\/movin.cloud\/es\/Forcadell Oficinas Barcelona\/formulario-peticion-inmueble\/sth\/2438&&237407","properties_post_link_demanda_calendario_inmueble":"https:\/\/movin.cloud\/es\/Forcadell Oficinas Barcelona\/calendario-peticion-inmueble\/sth\/2438&&237407","properties_post_description_text":"Edificio de oficinas exclusivo con terraza, auditorio y gimnasio en Esplugues de Llobregat\n\nEdificio de oficinas ubicado en la calle Gaspar F\u00e1bregas, en Esplugues de Llobregat, que destaca por su dise\u00f1o moderno, vanguardista y tecnol\u00f3gicamente avanzado. Un espacio ideal para empresas que buscan un entorno de trabajo innovador y representativo.\n\nEl inmueble ofrece plantas di\u00e1fanas y flexibles, adaptadas a las nuevas formas de trabajo, con excelentes servicios y zonas comunes que aportan valor a\u00f1adido al d\u00eda a d\u00eda.\n\nCaracter\u00edsticas del edificio:\n\nAmplia terraza\nAuditorio y espacios para eventos\nZonas colaborativas\nGimnasio\nEspacios habilitados para laboratorio\nSeguridad 24 horas\nCantina\nCertificado de eficiencia energ\u00e9tica B\n\nUbicaci\u00f3n y comunicaciones:\n\nExcelente conexi\u00f3n tanto en transporte p\u00fablico como privado:\n\nTram con acceso directo\nBus: 57, 67, 68, 78, 135\nMetro: L5 \u2013 Sant Ildefons\nRenfe: R1 y R4 \u2013 Sant Joan Desp\u00ed\nAeropuerto a tan solo 10 km\n\nR\u00e1pido acceso a las principales v\u00edas de comunicaci\u00f3n como Ronda de Dalt (salidas 11 y 13) y la A-2.\n\nUna excelente oportunidad para ubicar tu empresa en un entorno moderno, bien comunicado y con todos los servicios.","properties_post_seo_title":"","properties_post_seo_alias":"","properties_post_seo_metadescription":"Oficina disponible en alquiler, ubicada en Esplugues de Llobregat. Barcelona. Forcadell es su agencia de confianza para el alquiler de esta oficina.","properties_post_seo_key_words":"Oficina alquiler Esplugues de Llobregat, alquiler oficina Esplugues de Llobregat, oficina Esplugues de Llobregat","properties_post_seo_url":"","properties_post_terms_conditions":""}],"post_type_properties_post_features_type":"office","post_type_properties_post_id_building":"MjkkMjc3MDk=","post_type_properties_post_features_area_constructed":793,"post_type_properties_post_features_conditioned_air":true,"post_type_properties_post_features_doorman":false,"post_type_properties_post_features_heating":true,"post_type_properties_post_features_equipped_kitchen":false,"post_type_properties_post_features_windows_location":"exterior","post_type_properties_post_features_floors_property":false,"post_type_properties_post_features_storage":true,"post_type_properties_post_features_security_door":false,"post_type_properties_post_features_energy_certificate_rating":"B","post_type_properties_post_features_energy_certificate_emissions_rating":"B","post_type_properties_post_features_energy_certificate_emissions_value":"","post_type_properties_post_features_energy_certificate_performance":"","post_type_properties_post_features_bathroom_inside":false,"post_type_properties_post_precio":19825,"post_type_properties_post_precio_alquiler":19825,"post_type_properties_post_record_type_id":"Oficina","post_type_properties_post_categoria__producto":"Oficina","post_type_properties_post_amueblado":false,"post_type_properties_post_precio_m2":25,"post_type_properties_post_zona__comunitaria":false,"post_type_properties_post_electrodomesticos":false,"post_type_properties_post_patio__interior":true,"post_type_properties_post_certificado_energetico_general":"B","post_type_properties_post_certificado_energetico_consumo":"B","post_type_properties_post_certificado_energetico_valor_emisiones":"","post_type_properties_post_certificado_energetico_valor_consumo":"","post_type_properties_post_modalidad":"rent","post_type_properties_post_provincia":"Barcelona","post_type_properties_post_poblacion":"Esplugues de Llobregat","post_type_properties_post_centro__urbano":false,"post_type_properties_post_zonificacion":"Periferia","post_type_properties_post_cartera":"","post_type_properties_post_titulo_catalan":"EDIFICI ILUMINA","post_type_properties_post_internet_catalan":"Edifici d\u00b4oficines exclusiu amb terrassa, auditori i gimn\u00e0s a Esplugues de Llobregat\n\nEdifici d'oficines ubicat al carrer Gaspar F\u00e1bregas, a Esplugues de Llobregat, que destaca pel disseny modern, avantguardista i tecnol\u00f2gicament avan\u00e7at. Un espai ideal per a empreses que busquen un entorn de treball innovador i representatiu.\n\nL'immoble ofereix plantes di\u00e0fanes i flexibles, adaptades a les noves formes de treball, amb excel\u00b7lents serveis i zones comunes que aporten valor afegit al dia a dia.\n\nCaracter\u00edstiques de l'edifici:\n\n\u00c0mplia terrassa\nAuditori i espais per a esdeveniments\nZones col\u00b7laboratives\nGimn\u00e0s\nEspais habilitats per a laboratori\nSeguretat 24 hores\nCantina\nCertificat defici\u00e8ncia energ\u00e8tica B\n\nUbicaci\u00f3 i comunicacions:\n\nExcel\u00b7lent connexi\u00f3 tant en transport p\u00fablic com privat:\n\nTram amb acc\u00e9s directe\nBus: 57, 67, 68, 78, 135\nMetro: L5 \u2013 Sant Ildefons\nRenfe: R1 i R4 \u2013 Sant Joan Desp\u00ed\nAeroport a tan sols 10 km\n\nR\u00e0pid acc\u00e9s a les principals vies de comunicaci\u00f3 com Ronda de Dalt (sortides 11 i 13) i l'A-2.\n\nUna excel\u00b7lent oportunitat per ubicar la teva empresa en un entorn modern, ben comunicat i amb tots els serveis.","post_type_properties_post_titulo_castellano":"EDIFICIO ILUMINA","post_type_properties_post_internet_castellano":"Edificio de oficinas exclusivo con terraza, auditorio y gimnasio en Esplugues de Llobregat\n\nEdificio de oficinas ubicado en la calle Gaspar F\u00e1bregas, en Esplugues de Llobregat, que destaca por su dise\u00f1o moderno, vanguardista y tecnol\u00f3gicamente avanzado. Un espacio ideal para empresas que buscan un entorno de trabajo innovador y representativo.\n\nEl inmueble ofrece plantas di\u00e1fanas y flexibles, adaptadas a las nuevas formas de trabajo, con excelentes servicios y zonas comunes que aportan valor a\u00f1adido al d\u00eda a d\u00eda.\n\nCaracter\u00edsticas del edificio:\n\nAmplia terraza\nAuditorio y espacios para eventos\nZonas colaborativas\nGimnasio\nEspacios habilitados para laboratorio\nSeguridad 24 horas\nCantina\nCertificado de eficiencia energ\u00e9tica B\n\nUbicaci\u00f3n y comunicaciones:\n\nExcelente conexi\u00f3n tanto en transporte p\u00fablico como privado:\n\nTram con acceso directo\nBus: 57, 67, 68, 78, 135\nMetro: L5 \u2013 Sant Ildefons\nRenfe: R1 y R4 \u2013 Sant Joan Desp\u00ed\nAeropuerto a tan solo 10 km\n\nR\u00e1pido acceso a las principales v\u00edas de comunicaci\u00f3n como Ronda de Dalt (salidas 11 y 13) y la A-2.\n\nUna excelente oportunidad para ubicar tu empresa en un entorno moderno, bien comunicado y con todos los servicios.","post_type_properties_post_titulo_ingles":"","post_type_properties_post_internet_ingles":"","post_type_properties_post_features_classification_commercial":false,"post_type_properties_post_features_conservation":"","post_type_properties_post_features_security_personnel":false,"post_type_properties_post_features_parking_available":false,"post_type_properties_post_features_garage_capacity_type":"","post_type_properties_post_features_bathroom_number":"","post_type_properties_post_eje":"","post_type_properties_post_zona":"","post_type_properties_post_comarca":"","post_type_properties_post_features_built_year":"","post_type_properties_post_renta_mensual":19825,"post_type_properties_post_fianza":"","post_type_properties_post_features_area_plot":"","post_type_properties_post_features_area_buildable":"","post_type_properties_post_features_classification_industrial":false,"post_type_properties_post_distrito":"","post_type_properties_post_features_balcony":false,"post_type_properties_post_features_bedroom_number":"","post_type_properties_post_features_heating_type":"","post_type_properties_post_features_equipped_with_furniture":false,"post_type_properties_post_features_pets_allowed":false,"post_type_properties_post_features_pool":false,"post_type_properties_post_features_terrace":false,"post_type_properties_post_features_wardrobes":false,"post_type_properties_post_features_lift_available":false,"post_type_properties_post_features_handicap_adapted_access":false,"post_type_properties_post_features_orientation_east":false,"post_type_properties_post_features_orientation_west":false,"post_type_properties_post_features_orientation_north":false,"post_type_properties_post_features_orientation_south":false,"post_type_properties_post_features_parking_spaces_number":"","post_type_properties_post_features_security_alarm":false,"post_type_properties_post_features_security_system":false,"post_type_properties_post_open_plan":false,"post_type_properties_post_acceso_24_7":false,"post_type_properties_post_oficina_privada":false,"post_type_properties_post_sala_reuniones":false,"post_type_properties_post_espacio_eventos":false,"post_type_properties_post_office":false,"post_type_properties_post_restaurant":false,"post_type_properties_post_acepta_traspaso":false,"post_type_properties_post_vigilancia":true,"post_type_properties_post_features_suite":false,"post_type_properties_post_features_vitro":false,"post_type_properties_post_features_oven":false,"post_type_properties_post_features_microwave":false,"post_type_properties_post_features_washing_machine":false,"post_type_properties_post_features_dryer":false,"post_type_properties_post_features_dishwasher":false,"post_type_properties_post_features_fridge":false,"post_type_properties_post_features_fridge_mini":false,"post_type_properties_post_features_kettle":false,"post_type_properties_post_features_toaster":false,"post_type_properties_post_features_coffee_maker":false,"post_type_properties_post_features_iron":false,"post_type_properties_post_features_ironing_board":false,"post_type_properties_post_features_safe":false,"post_type_properties_post_features_internet":true,"post_type_properties_post_features_solarium":false,"post_type_properties_post_features_clean_service":false,"post_type_properties_post_features_t_v":false,"post_type_properties_post_features_satellite_t_v":false,"post_type_properties_post_features_gas_kitchen":false,"post_type_properties_post_features_view_mountain":true,"post_type_properties_post_features_view_sea":true,"post_type_properties_post_features_concierge":false,"post_type_properties_post_features_loading_dock":false,"post_type_properties_post_features_bridge_crane":false,"post_type_properties_post_features_located_at_corner":false,"post_type_properties_post_features_smoke_extraction":false,"post_type_properties_post_features_rooms":"","post_type_properties_post_features_garden_area":"","post_type_properties_post_features_utilities_water":false,"post_type_properties_post_features_utilities_electricity":false,"post_type_properties_post_features_utilities_natural_gas":false,"post_type_properties_post_features_building_adapted":false,"post_type_properties_post_features_garden":false,"post_type_properties_post_features_classification_hotel":false,"post_type_properties_post_features_classification_chalet":false,"post_type_properties_post_certificado_energetico_emisiones":"B","post_type_properties_post_barrio":"","post_type_properties_post_distrito_empresa":"","post_type_properties_post_features_property_category_intern":"","post_type_properties_post_implantada":false,"post_type_properties_post_sello_leed":"","post_type_properties_post_sello_well":"","post_type_properties_post_sello_breeam":true,"post_type_properties_post_images":[{"properties_post_image_order":1,"properties_post_image_url":"https:\/\/movin.cloud\/empresas\/2438\/imagenes\/237407\/alquiler-para-idealista.webp","properties_post_image_url_thumbnail":"https:\/\/movin.cloud\/empresas\/2438\/imagenes\/thumbnails\/237407\/alquiler-para-idealista.webp","properties_post_title":"alquiler para idealista","properties_post_alt":"alquiler para idealista"},{"properties_post_image_order":2,"properties_post_image_url":"https:\/\/movin.cloud\/empresas\/2438\/imagenes\/237407\/inmobiliarias.webp","properties_post_image_url_thumbnail":"https:\/\/movin.cloud\/empresas\/2438\/imagenes\/thumbnails\/237407\/inmobiliarias.webp","properties_post_title":"inmobiliarias","properties_post_alt":"inmobiliarias"},{"properties_post_image_order":3,"properties_post_image_url":"https:\/\/movin.cloud\/empresas\/2438\/imagenes\/237407\/viviendas.webp","properties_post_image_url_thumbnail":"https:\/\/movin.cloud\/empresas\/2438\/imagenes\/thumbnails\/237407\/viviendas.webp","properties_post_title":"viviendas","properties_post_alt":"viviendas"},{"properties_post_image_order":11,"properties_post_image_url":"https:\/\/movin.cloud\/empresas\/2438\/imagenes\/237407\/rent.webp","properties_post_image_url_thumbnail":"https:\/\/movin.cloud\/empresas\/2438\/imagenes\/thumbnails\/237407\/rent.webp","properties_post_title":"rent","properties_post_alt":"rent"},{"properties_post_image_order":12,"properties_post_image_url":"https:\/\/movin.cloud\/empresas\/2438\/imagenes\/237407\/fincas.webp","properties_post_image_url_thumbnail":"https:\/\/movin.cloud\/empresas\/2438\/imagenes\/thumbnails\/237407\/fincas.webp","properties_post_title":"fincas","properties_post_alt":"fincas"},{"properties_post_image_order":13,"properties_post_image_url":"https:\/\/movin.cloud\/empresas\/2438\/imagenes\/237407\/alquiler-para-idealistas.webp","properties_post_image_url_thumbnail":"https:\/\/movin.cloud\/empresas\/2438\/imagenes\/thumbnails\/237407\/alquiler-para-idealistas.webp","properties_post_title":"alquiler para idealistas","properties_post_alt":"alquiler para idealistas"},{"properties_post_image_order":14,"properties_post_image_url":"https:\/\/movin.cloud\/empresas\/2438\/imagenes\/237407\/inmobiliarias-esplugues-de-llobregat.webp","properties_post_image_url_thumbnail":"https:\/\/movin.cloud\/empresas\/2438\/imagenes\/thumbnails\/237407\/inmobiliarias-esplugues-de-llobregat.webp","properties_post_title":"inmobiliarias esplugues de llobregat","properties_post_alt":"inmobiliarias esplugues de llobregat"},{"properties_post_image_order":15,"properties_post_image_url":"https:\/\/movin.cloud\/empresas\/2438\/imagenes\/237407\/en-alquiler-esplugues-de-llobregat.webp","properties_post_image_url_thumbnail":"https:\/\/movin.cloud\/empresas\/2438\/imagenes\/thumbnails\/237407\/en-alquiler-esplugues-de-llobregat.webp","properties_post_title":"en alquiler esplugues de llobregat","properties_post_alt":"en alquiler esplugues de llobregat"},{"properties_post_image_order":16,"properties_post_image_url":"https:\/\/movin.cloud\/empresas\/2438\/imagenes\/237407\/inmobiliaria-esplugues-de-llobregat.webp","properties_post_image_url_thumbnail":"https:\/\/movin.cloud\/empresas\/2438\/imagenes\/thumbnails\/237407\/inmobiliaria-esplugues-de-llobregat.webp","properties_post_title":"inmobiliaria esplugues de llobregat","properties_post_alt":"inmobiliaria esplugues de llobregat"},{"properties_post_image_order":17,"properties_post_image_url":"https:\/\/movin.cloud\/empresas\/2438\/imagenes\/237407\/alquiler.webp","properties_post_image_url_thumbnail":"https:\/\/movin.cloud\/empresas\/2438\/imagenes\/thumbnails\/237407\/alquiler.webp","properties_post_title":"alquiler","properties_post_alt":"alquiler"},{"properties_post_image_order":18,"properties_post_image_url":"https:\/\/movin.cloud\/empresas\/2438\/imagenes\/237407\/esplugues-de-llobregat-en-alquiler.webp","properties_post_image_url_thumbnail":"https:\/\/movin.cloud\/empresas\/2438\/imagenes\/thumbnails\/237407\/esplugues-de-llobregat-en-alquiler.webp","properties_post_title":"esplugues de llobregat en alquiler","properties_post_alt":"esplugues de llobregat en alquiler"},{"properties_post_image_order":19,"properties_post_image_url":"https:\/\/movin.cloud\/empresas\/2438\/imagenes\/237407\/esplugues-de-llobregat-alquiler.webp","properties_post_image_url_thumbnail":"https:\/\/movin.cloud\/empresas\/2438\/imagenes\/thumbnails\/237407\/esplugues-de-llobregat-alquiler.webp","properties_post_title":"esplugues de llobregat alquiler","properties_post_alt":"esplugues de llobregat alquiler"},{"properties_post_image_order":20,"properties_post_image_url":"https:\/\/movin.cloud\/empresas\/2438\/imagenes\/237407\/esplugues-de-llobregat-alquiler-idealistas.webp","properties_post_image_url_thumbnail":"https:\/\/movin.cloud\/empresas\/2438\/imagenes\/thumbnails\/237407\/esplugues-de-llobregat-alquiler-idealistas.webp","properties_post_title":"esplugues de llobregat alquiler idealistas","properties_post_alt":"esplugues de llobregat alquiler idealistas"},{"properties_post_image_order":21,"properties_post_image_url":"https:\/\/movin.cloud\/empresas\/2438\/imagenes\/237407\/habitalia.webp","properties_post_image_url_thumbnail":"https:\/\/movin.cloud\/empresas\/2438\/imagenes\/thumbnails\/237407\/habitalia.webp","properties_post_title":"habitalia","properties_post_alt":"habitalia"},{"properties_post_image_order":22,"properties_post_image_url":"https:\/\/movin.cloud\/empresas\/2438\/imagenes\/237407\/alquiler-para-idealistas-esplugues-de-llobregat.webp","properties_post_image_url_thumbnail":"https:\/\/movin.cloud\/empresas\/2438\/imagenes\/thumbnails\/237407\/alquiler-para-idealistas-esplugues-de-llobregat.webp","properties_post_title":"alquiler para idealistas esplugues de llobregat","properties_post_alt":"alquiler para idealistas esplugues de llobregat"},{"properties_post_image_order":23,"properties_post_image_url":"https:\/\/movin.cloud\/empresas\/2438\/imagenes\/237407\/en-alquiler.webp","properties_post_image_url_thumbnail":"https:\/\/movin.cloud\/empresas\/2438\/imagenes\/thumbnails\/237407\/en-alquiler.webp","properties_post_title":"en alquiler","properties_post_alt":"en alquiler"},{"properties_post_image_order":24,"properties_post_image_url":"https:\/\/movin.cloud\/empresas\/2438\/imagenes\/237407\/alquilar.webp","properties_post_image_url_thumbnail":"https:\/\/movin.cloud\/empresas\/2438\/imagenes\/thumbnails\/237407\/alquilar.webp","properties_post_title":"alquilar","properties_post_alt":"alquilar"},{"properties_post_image_order":25,"properties_post_image_url":"https:\/\/movin.cloud\/empresas\/2438\/imagenes\/237407\/rent-esplugues-de-llobregat.webp","properties_post_image_url_thumbnail":"https:\/\/movin.cloud\/empresas\/2438\/imagenes\/thumbnails\/237407\/rent-esplugues-de-llobregat.webp","properties_post_title":"rent esplugues de llobregat","properties_post_alt":"rent esplugues de llobregat"},{"properties_post_image_order":26,"properties_post_image_url":"https:\/\/movin.cloud\/empresas\/2438\/imagenes\/237407\/fincas-esplugues-de-llobregat.webp","properties_post_image_url_thumbnail":"https:\/\/movin.cloud\/empresas\/2438\/imagenes\/thumbnails\/237407\/fincas-esplugues-de-llobregat.webp","properties_post_title":"fincas esplugues de llobregat","properties_post_alt":"fincas esplugues de llobregat"},{"properties_post_image_order":27,"properties_post_image_url":"https:\/\/movin.cloud\/empresas\/2438\/imagenes\/237407\/alquiler-idealistas-esplugues-de-llobregat.webp","properties_post_image_url_thumbnail":"https:\/\/movin.cloud\/empresas\/2438\/imagenes\/thumbnails\/237407\/alquiler-idealistas-esplugues-de-llobregat.webp","properties_post_title":"alquiler idealistas esplugues de llobregat","properties_post_alt":"alquiler idealistas esplugues de llobregat"},{"properties_post_image_order":28,"properties_post_image_url":"https:\/\/movin.cloud\/empresas\/2438\/imagenes\/237407\/habitalia-esplugues-de-llobregat.webp","properties_post_image_url_thumbnail":"https:\/\/movin.cloud\/empresas\/2438\/imagenes\/thumbnails\/237407\/habitalia-esplugues-de-llobregat.webp","properties_post_title":"habitalia esplugues de llobregat","properties_post_alt":"habitalia esplugues de llobregat"},{"properties_post_image_order":29,"properties_post_image_url":"https:\/\/movin.cloud\/empresas\/2438\/imagenes\/237407\/alquilar-esplugues-de-llobregat.webp","properties_post_image_url_thumbnail":"https:\/\/movin.cloud\/empresas\/2438\/imagenes\/thumbnails\/237407\/alquilar-esplugues-de-llobregat.webp","properties_post_title":"alquilar esplugues de llobregat","properties_post_alt":"alquilar esplugues de llobregat"},{"properties_post_image_order":30,"properties_post_image_url":"https:\/\/movin.cloud\/empresas\/2438\/imagenes\/237407\/alquiler-idealistas.webp","properties_post_image_url_thumbnail":"https:\/\/movin.cloud\/empresas\/2438\/imagenes\/thumbnails\/237407\/alquiler-idealistas.webp","properties_post_title":"alquiler idealistas","properties_post_alt":"alquiler idealistas"},{"properties_post_image_order":31,"properties_post_image_url":"https:\/\/movin.cloud\/empresas\/2438\/imagenes\/237407\/alquiler-para-idealista-esplugues-de-llobregat.webp","properties_post_image_url_thumbnail":"https:\/\/movin.cloud\/empresas\/2438\/imagenes\/thumbnails\/237407\/alquiler-para-idealista-esplugues-de-llobregat.webp","properties_post_title":"alquiler para idealista esplugues de llobregat","properties_post_alt":"alquiler para idealista esplugues de llobregat"},{"properties_post_image_order":32,"properties_post_image_url":"https:\/\/movin.cloud\/empresas\/2438\/imagenes\/237407\/viviendas-esplugues-de-llobregat.webp","properties_post_image_url_thumbnail":"https:\/\/movin.cloud\/empresas\/2438\/imagenes\/thumbnails\/237407\/viviendas-esplugues-de-llobregat.webp","properties_post_title":"viviendas esplugues de llobregat","properties_post_alt":"viviendas esplugues de llobregat"},{"properties_post_image_order":33,"properties_post_image_url":"https:\/\/movin.cloud\/empresas\/2438\/imagenes\/237407\/inmobiliaria.webp","properties_post_image_url_thumbnail":"https:\/\/movin.cloud\/empresas\/2438\/imagenes\/thumbnails\/237407\/inmobiliaria.webp","properties_post_title":"inmobiliaria","properties_post_alt":"inmobiliaria"},{"properties_post_image_order":34,"properties_post_image_url":"https:\/\/movin.cloud\/empresas\/2438\/imagenes\/237407\/alquiler-esplugues-de-llobregat.webp","properties_post_image_url_thumbnail":"https:\/\/movin.cloud\/empresas\/2438\/imagenes\/thumbnails\/237407\/alquiler-esplugues-de-llobregat.webp","properties_post_title":"alquiler esplugues de llobregat","properties_post_alt":"alquiler esplugues de llobregat"},{"properties_post_image_order":35,"properties_post_image_url":"https:\/\/movin.cloud\/empresas\/2438\/imagenes\/237407\/esplugues-de-llobregat-habitalia.webp","properties_post_image_url_thumbnail":"https:\/\/movin.cloud\/empresas\/2438\/imagenes\/thumbnails\/237407\/esplugues-de-llobregat-habitalia.webp","properties_post_title":"esplugues de llobregat habitalia","properties_post_alt":"esplugues de llobregat habitalia"},{"properties_post_image_order":36,"properties_post_image_url":"https:\/\/movin.cloud\/empresas\/2438\/imagenes\/237407\/esplugues-de-llobregat-alquilar.webp","properties_post_image_url_thumbnail":"https:\/\/movin.cloud\/empresas\/2438\/imagenes\/thumbnails\/237407\/esplugues-de-llobregat-alquilar.webp","properties_post_title":"esplugues de llobregat alquilar","properties_post_alt":"esplugues de llobregat alquilar"},{"properties_post_image_order":37,"properties_post_image_url":"https:\/\/movin.cloud\/empresas\/2438\/imagenes\/237407\/esplugues-de-llobregat-alquiler-para-idealista.webp","properties_post_image_url_thumbnail":"https:\/\/movin.cloud\/empresas\/2438\/imagenes\/thumbnails\/237407\/esplugues-de-llobregat-alquiler-para-idealista.webp","properties_post_title":"esplugues de llobregat alquiler para idealista","properties_post_alt":"esplugues de llobregat alquiler para idealista"},{"properties_post_image_order":38,"properties_post_image_url":"https:\/\/movin.cloud\/empresas\/2438\/imagenes\/237407\/esplugues-de-llobregat-viviendas.webp","properties_post_image_url_thumbnail":"https:\/\/movin.cloud\/empresas\/2438\/imagenes\/thumbnails\/237407\/esplugues-de-llobregat-viviendas.webp","properties_post_title":"esplugues de llobregat viviendas","properties_post_alt":"esplugues de llobregat viviendas"},{"properties_post_image_order":39,"properties_post_image_url":"https:\/\/movin.cloud\/empresas\/2438\/imagenes\/237407\/esplugues-de-llobregat-alquiler-para-idealistas.webp","properties_post_image_url_thumbnail":"https:\/\/movin.cloud\/empresas\/2438\/imagenes\/thumbnails\/237407\/esplugues-de-llobregat-alquiler-para-idealistas.webp","properties_post_title":"esplugues de llobregat alquiler para idealistas","properties_post_alt":"esplugues de llobregat alquiler para idealistas"},{"properties_post_image_order":40,"properties_post_image_url":"https:\/\/movin.cloud\/empresas\/2438\/imagenes\/237407\/esplugues-de-llobregat-rent.webp","properties_post_image_url_thumbnail":"https:\/\/movin.cloud\/empresas\/2438\/imagenes\/thumbnails\/237407\/esplugues-de-llobregat-rent.webp","properties_post_title":"esplugues de llobregat rent","properties_post_alt":"esplugues de llobregat rent"},{"properties_post_image_order":41,"properties_post_image_url":"https:\/\/movin.cloud\/empresas\/2438\/imagenes\/237407\/esplugues-de-llobregat-fincas.webp","properties_post_image_url_thumbnail":"https:\/\/movin.cloud\/empresas\/2438\/imagenes\/thumbnails\/237407\/esplugues-de-llobregat-fincas.webp","properties_post_title":"esplugues de llobregat fincas","properties_post_alt":"esplugues de llobregat fincas"},{"properties_post_image_order":42,"properties_post_image_url":"https:\/\/movin.cloud\/empresas\/2438\/imagenes\/237407\/esplugues-de-llobregat-inmobiliarias.webp","properties_post_image_url_thumbnail":"https:\/\/movin.cloud\/empresas\/2438\/imagenes\/thumbnails\/237407\/esplugues-de-llobregat-inmobiliarias.webp","properties_post_title":"esplugues de llobregat inmobiliarias","properties_post_alt":"esplugues de llobregat inmobiliarias"},{"properties_post_image_order":43,"properties_post_image_url":"https:\/\/movin.cloud\/empresas\/2438\/imagenes\/237407\/esplugues-de-llobregat-inmobiliaria.webp","properties_post_image_url_thumbnail":"https:\/\/movin.cloud\/empresas\/2438\/imagenes\/thumbnails\/237407\/esplugues-de-llobregat-inmobiliaria.webp","properties_post_title":"esplugues de llobregat inmobiliaria","properties_post_alt":"esplugues de llobregat inmobiliaria"},{"properties_post_image_order":44,"properties_post_image_url":"https:\/\/movin.cloud\/empresas\/2438\/imagenes\/237407\/en-alquiler-1.webp","properties_post_image_url_thumbnail":"https:\/\/movin.cloud\/empresas\/2438\/imagenes\/thumbnails\/237407\/en-alquiler-1.webp","properties_post_title":"en alquiler 1","properties_post_alt":"en alquiler 1"},{"properties_post_image_order":45,"properties_post_image_url":"https:\/\/movin.cloud\/empresas\/2438\/imagenes\/237407\/en-alquiler-2.webp","properties_post_image_url_thumbnail":"https:\/\/movin.cloud\/empresas\/2438\/imagenes\/thumbnails\/237407\/en-alquiler-2.webp","properties_post_title":"en alquiler 2","properties_post_alt":"en alquiler 2"},{"properties_post_image_order":46,"properties_post_image_url":"https:\/\/movin.cloud\/empresas\/2438\/imagenes\/237407\/en-alquiler-3.webp","properties_post_image_url_thumbnail":"https:\/\/movin.cloud\/empresas\/2438\/imagenes\/thumbnails\/237407\/en-alquiler-3.webp","properties_post_title":"en alquiler 3","properties_post_alt":"en alquiler 3"},{"properties_post_image_order":47,"properties_post_image_url":"https:\/\/movin.cloud\/empresas\/2438\/imagenes\/237407\/en-alquiler-4.webp","properties_post_image_url_thumbnail":"https:\/\/movin.cloud\/empresas\/2438\/imagenes\/thumbnails\/237407\/en-alquiler-4.webp","properties_post_title":"en alquiler 4","properties_post_alt":"en alquiler 4"}],"post_type_properties_post_videos":null,"post_type_properties_post_tour":null,"post_type_properties_post_dossier_url":"","post_type_properties_post_operation_type":"rent","post_type_properties_post_operation_price":19825,"post_type_properties_post_features_hidden_price":false},"yoast_head":"<!-- This site is optimized with the Yoast SEO plugin v27.4 - https:\/\/yoast.com\/product\/yoast-seo-wordpress\/ -->\n<title>EDIFICIO ILUMINA - Forcadell<\/title>\n<meta name=\"robots\" content=\"index, follow, max-snippet:-1, max-image-preview:large, max-video-preview:-1\" \/>\n<link rel=\"canonical\" href=\"https:\/\/forcadell.com\/ca\/propiedades\/oficina-en-alquiler-en-esplugues-de-llobregat-barcelona-2\/\" \/>\n<meta property=\"og:locale\" content=\"ca_ES\" \/>\n<meta property=\"og:type\" content=\"article\" \/>\n<meta property=\"og:title\" content=\"EDIFICIO ILUMINA - Forcadell\" \/>\n<meta property=\"og:description\" content=\"Edificio de oficinas exclusivo con terraza, auditorio y gimnasio en Esplugues de Llobregat Edificio de oficinas ubicado en la calle Gaspar F\u00e1bregas, en Esplugues de Llobregat, que destaca por su dise\u00f1o moderno, vanguardista y tecnol\u00f3gicamente avanzado. Un espacio ideal para empresas que buscan un entorno de trabajo innovador y representativo. El inmueble ofrece plantas di\u00e1fanas [&hellip;]\" \/>\n<meta property=\"og:url\" content=\"https:\/\/forcadell.com\/ca\/propiedades\/oficina-en-alquiler-en-esplugues-de-llobregat-barcelona-2\/\" \/>\n<meta property=\"og:site_name\" content=\"Forcadell\" \/>\n<meta property=\"article:modified_time\" content=\"2026-04-27T15:10:18+00:00\" \/>\n<meta name=\"twitter:card\" content=\"summary_large_image\" \/>\n<meta name=\"twitter:label1\" content=\"Temps estimat de lectura\" \/>\n\t<meta name=\"twitter:data1\" content=\"1 minut\" \/>\n<!-- \/ Yoast SEO plugin. -->","yoast_head_json":{"title":"EDIFICIO ILUMINA - Forcadell","robots":{"index":"index","follow":"follow","max-snippet":"max-snippet:-1","max-image-preview":"max-image-preview:large","max-video-preview":"max-video-preview:-1"},"canonical":"https:\/\/forcadell.com\/ca\/propiedades\/oficina-en-alquiler-en-esplugues-de-llobregat-barcelona-2\/","og_locale":"ca_ES","og_type":"article","og_title":"EDIFICIO ILUMINA - Forcadell","og_description":"Edificio de oficinas exclusivo con terraza, auditorio y gimnasio en Esplugues de Llobregat Edificio de oficinas ubicado en la calle Gaspar F\u00e1bregas, en Esplugues de Llobregat, que destaca por su dise\u00f1o moderno, vanguardista y tecnol\u00f3gicamente avanzado. Un espacio ideal para empresas que buscan un entorno de trabajo innovador y representativo. El inmueble ofrece plantas di\u00e1fanas [&hellip;]","og_url":"https:\/\/forcadell.com\/ca\/propiedades\/oficina-en-alquiler-en-esplugues-de-llobregat-barcelona-2\/","og_site_name":"Forcadell","article_modified_time":"2026-04-27T15:10:18+00:00","twitter_card":"summary_large_image","twitter_misc":{"Temps estimat de lectura":"1 minut"},"schema":{"@context":"https:\/\/schema.org","@graph":[{"@type":"WebPage","@id":"https:\/\/forcadell.com\/ca\/propiedades\/oficina-en-alquiler-en-esplugues-de-llobregat-barcelona-2\/","url":"https:\/\/forcadell.com\/ca\/propiedades\/oficina-en-alquiler-en-esplugues-de-llobregat-barcelona-2\/","name":"EDIFICIO ILUMINA - Forcadell","isPartOf":{"@id":"https:\/\/forcadell.com\/ca\/#website"},"datePublished":"2025-11-04T13:54:59+00:00","dateModified":"2026-04-27T15:10:18+00:00","breadcrumb":{"@id":"https:\/\/forcadell.com\/ca\/propiedades\/oficina-en-alquiler-en-esplugues-de-llobregat-barcelona-2\/#breadcrumb"},"inLanguage":"ca","potentialAction":[{"@type":"ReadAction","target":["https:\/\/forcadell.com\/ca\/propiedades\/oficina-en-alquiler-en-esplugues-de-llobregat-barcelona-2\/"]}]},{"@type":"BreadcrumbList","@id":"https:\/\/forcadell.com\/ca\/propiedades\/oficina-en-alquiler-en-esplugues-de-llobregat-barcelona-2\/#breadcrumb","itemListElement":[{"@type":"ListItem","position":1,"name":"Portada","item":"https:\/\/forcadell.com\/ca\/"},{"@type":"ListItem","position":2,"name":"Properties","item":"https:\/\/forcadell.com\/ca\/propiedades\/"},{"@type":"ListItem","position":3,"name":"EDIFICIO ILUMINA"}]},{"@type":"WebSite","@id":"https:\/\/forcadell.com\/ca\/#website","url":"https:\/\/forcadell.com\/ca\/","name":"Forcadell","description":"Inmobiliaria Barcelona | Consultores inmobiliarios","potentialAction":[{"@type":"SearchAction","target":{"@type":"EntryPoint","urlTemplate":"https:\/\/forcadell.com\/ca\/?s={search_term_string}"},"query-input":{"@type":"PropertyValueSpecification","valueRequired":true,"valueName":"search_term_string"}}],"inLanguage":"ca"}]}},"_links":{"self":[{"href":"https:\/\/forcadell.com\/ca\/wp-json\/wp\/v2\/properties_post\/57536","targetHints":{"allow":["GET"]}}],"collection":[{"href":"https:\/\/forcadell.com\/ca\/wp-json\/wp\/v2\/properties_post"}],"about":[{"href":"https:\/\/forcadell.com\/ca\/wp-json\/wp\/v2\/types\/properties_post"}],"wp:attachment":[{"href":"https:\/\/forcadell.com\/ca\/wp-json\/wp\/v2\/media?parent=57536"}],"curies":[{"name":"wp","href":"https:\/\/api.w.org\/{rel}","templated":true}]}}