{"id":57533,"date":"2025-11-04T15:54:45","date_gmt":"2025-11-04T13:54:45","guid":{"rendered":"https:\/\/www.forcadell.com\/propiedades\/oficinas-en-alquiler-en-torre-realia-hospitalet-de-llobregat\/"},"modified":"2026-04-29T13:04:03","modified_gmt":"2026-04-29T11:04:03","slug":"oficinas-en-alquiler-en-torre-realia-hospitalet-de-llobregat","status":"publish","type":"properties_post","link":"https:\/\/forcadell.com\/ca\/propiedades\/oficinas-en-alquiler-en-torre-realia-hospitalet-de-llobregat\/","title":{"rendered":"Oficinas en alquiler en Torre Realia. Hospitalet de Llobregat."},"content":{"rendered":"<p>Oficina disponible a la Torre Realia, la qual est\u00e0 situada enfront de la Gran Via de les Corts Catalanes al centre neurol\u00e1gico d&#8217;aquesta nova \u00e0rea de negocis que \u00e9s la Pla\u00e7a Europa. A escassa dist\u00e0ncia del centre comercial Gran Via 2, al costat de la nova Ciutat judicial i davant la nova ampliaci\u00f3 de la Fira de Barcelona, la Torre Realia gaudeix d&#8217;una immillorable ubicaci\u00f3 amb gran projecci\u00f3 dins de les noves \u00e0rees de negocis de la ciutat. L&#8217;acc\u00e9s a l&#8217;Aeroport i la resta de la ciutat mitjan\u00e7ant la Gran Via i les connexions a les Rondes \u00e9s immediat. L&#8217;edifici, obra del reconegut arquitecte Toyo Ito, \u00e9s exclusiu d&#8217;oficines, t\u00e9 Certificat d&#8217;Efici\u00e8ncia Energ\u00e8tica Grau C, calefacci\u00f3 central, fa\u00e7ana de vidre, 8 ascensors, 2 muntac\u00e0rregues, servei de consergeria, seguretat 24h, possibilitat de traster i p\u00e0rquing. L&#8217;oficina disposa de sistma de climatitzaci\u00f3 VRV, superf\u00edcie completament di\u00e0fana i banys. Oficina implantada.<\/p>\n","protected":false},"template":"","class_list":["post-57533","properties_post","type-properties_post","status-publish","hentry","properties_modality-rent","properties_province-barcelona","properties_zone-nba-fira-zona-pl-europa-fira-district","properties_state-lhospitalet-de-llobregat","properties_subclass-oficina","properties_type-oficina"],"acf":{"post_type_properties_post_property_code":"237388","post_type_properties_post_property_reference":"IE-218779","post_type_properties_post_owner_id":"57783","post_type_properties_post_owner_name":"REALIA PATRIMONIO SLU","post_type_properties_post_property_code_encrypted":"MjkkMjE5NTU=","post_type_properties_post_published":"1","post_type_properties_post_property_visibility":"idealista","post_type_properties_post_contact_name":"Forcadell Oficinas Barcelona","post_type_properties_post_contact_email":"forcadell.oficinas.barcelona@movin.cloud","post_type_properties_post_contact_primary_phone_prefix":"34","post_type_properties_post_contact_primary_phone_number":"934965413","post_type_properties_post_address_visibility":"street","post_type_properties_post_address_country":"Spain","post_type_properties_post_address_coordinates_precision":"exact","post_type_properties_post_address_postal_code":"08908","post_type_properties_post_address_coordinates_latitude":"41.3564953","post_type_properties_post_address_coordinates_longitude":"2.1234256","post_type_properties_post_address_street_name":"Pla\u00e7a Europa, 41","post_type_properties_post_address_floor":"2","post_type_properties_post_address_town":"l'Hospitalet de Llobregat","post_type_properties_post_building":null,"post_type_properties_post_property":[{"properties_post_description_language":"catalan","properties_post_title":"Oficina de lloguer a Torre Realia. Hospitalet de Llobregat.","properties_post_short_description_text_alt":"","properties_post_description_text_alt":"","properties_post_short_description_text":"Oficina disponible en la Torre Realia, la cual se ubica frente a la Gran Via de les Corts Catalanes en el centro neurol\u00e1gico de esta nueva \u00e1rea de negocios que es la Plaza Europa. A escasa distancia del centro comercial Gran Via 2, junto a la nueva Ciudad judicial y frente a la nueva ampliaci\u00f3n de la Fira de Barcelona, Torre Realia goza de una inmejorable ubicaci\u00f3n con gran proyecci\u00f3n dentro de las nuevas \u00e1reas de negocios de la ciudad. El acceso al Aeropuerto y al resto de la ciudad mediante la Gran V\u00eda y las conexiones a las Rondas es inmediato. El edificio, obra del reconocido arquitecto Toyo Ito, es exclusivo de oficinas, tiene Certificado de Eficiencia Energ\u00e9tica Grado C, calefacci\u00f3n central, fachada acristalada, 8 ascensores, 2 montacargas, servicio de conserjer\u00eda, seguridad 24h, posibilidad de trastero y parking. La oficina dispone de sistma de climatizaci\u00f3n VRV, superficie completamente di\u00e1fana y aseos.","properties_post_link_demanda_inmueble":"https:\/\/movin.cloud\/ca\/Forcadell Oficinas Barcelona\/formulari-peticio-immoble\/sth\/2438&&237388","properties_post_link_demanda_calendario_inmueble":"https:\/\/movin.cloud\/ca\/Forcadell Oficinas Barcelona\/calendari-peticio-immoble\/sth\/2438&&237388","properties_post_description_text":"Oficina disponible en la Torre Realia, la cual se ubica frente a la Gran Via de les Corts Catalanes en el centro neurol\u00e1gico de esta nueva \u00e1rea de negocios que es la Plaza Europa. A escasa distancia del centro comercial Gran Via 2, junto a la nueva Ciudad judicial y frente a la nueva ampliaci\u00f3n de la Fira de Barcelona, Torre Realia goza de una inmejorable ubicaci\u00f3n con gran proyecci\u00f3n dentro de las nuevas \u00e1reas de negocios de la ciudad. El acceso al Aeropuerto y al resto de la ciudad mediante la Gran V\u00eda y las conexiones a las Rondas es inmediato. El edificio, obra del reconocido arquitecto Toyo Ito, es exclusivo de oficinas, tiene Certificado de Eficiencia Energ\u00e9tica Grado C, calefacci\u00f3n central, fachada acristalada, 8 ascensores, 2 montacargas, servicio de conserjer\u00eda, seguridad 24h, posibilidad de trastero y parking. La oficina dispone de sistma de climatizaci\u00f3n VRV, superficie completamente di\u00e1fana y aseos.","properties_post_seo_title":"","properties_post_seo_alias":"","properties_post_seo_metadescription":"Oficina de lloguer a Torre Realia. Hospitalet de Llobregat.","properties_post_seo_key_words":"Oficina de lloguer a Torre Realia. Hospitalet de Llobregat.","properties_post_seo_url":"","properties_post_terms_conditions":""},{"properties_post_description_language":"spanish","properties_post_title":"Oficinas en alquiler en Torre Realia. Hospitalet de Llobregat.","properties_post_short_description_text_alt":"","properties_post_description_text_alt":"","properties_post_short_description_text":"Oficina disponible a la Torre Realia, la qual est\u00e0 situada enfront de la Gran Via de les Corts Catalanes al centre neurol\u00e1gico d'aquesta nova \u00e0rea de negocis que \u00e9s la Pla\u00e7a Europa. A escassa dist\u00e0ncia del centre comercial Gran Via 2, al costat de la nova Ciutat judicial i davant la nova ampliaci\u00f3 de la Fira de Barcelona, la Torre Realia gaudeix d'una immillorable ubicaci\u00f3 amb gran projecci\u00f3 dins de les noves \u00e0rees de negocis de la ciutat. L'acc\u00e9s a l'Aeroport i la resta de la ciutat mitjan\u00e7ant la Gran Via i les connexions a les Rondes \u00e9s immediat. L'edifici, obra del reconegut arquitecte Toyo Ito, \u00e9s exclusiu d'oficines, t\u00e9 Certificat d'Efici\u00e8ncia Energ\u00e8tica Grau C, calefacci\u00f3 central, fa\u00e7ana de vidre, 8 ascensors, 2 muntac\u00e0rregues, servei de consergeria, seguretat 24h, possibilitat de traster i p\u00e0rquing. L'oficina disposa de sistma de climatitzaci\u00f3 VRV, superf\u00edcie completament di\u00e0fana i banys. Oficina implantada.","properties_post_link_demanda_inmueble":"https:\/\/movin.cloud\/es\/Forcadell Oficinas Barcelona\/formulario-peticion-inmueble\/sth\/2438&&237388","properties_post_link_demanda_calendario_inmueble":"https:\/\/movin.cloud\/es\/Forcadell Oficinas Barcelona\/calendario-peticion-inmueble\/sth\/2438&&237388","properties_post_description_text":"Oficina disponible a la Torre Realia, la qual est\u00e0 situada enfront de la Gran Via de les Corts Catalanes al centre neurol\u00e1gico d'aquesta nova \u00e0rea de negocis que \u00e9s la Pla\u00e7a Europa. A escassa dist\u00e0ncia del centre comercial Gran Via 2, al costat de la nova Ciutat judicial i davant la nova ampliaci\u00f3 de la Fira de Barcelona, la Torre Realia gaudeix d'una immillorable ubicaci\u00f3 amb gran projecci\u00f3 dins de les noves \u00e0rees de negocis de la ciutat. L'acc\u00e9s a l'Aeroport i la resta de la ciutat mitjan\u00e7ant la Gran Via i les connexions a les Rondes \u00e9s immediat. L'edifici, obra del reconegut arquitecte Toyo Ito, \u00e9s exclusiu d'oficines, t\u00e9 Certificat d'Efici\u00e8ncia Energ\u00e8tica Grau C, calefacci\u00f3 central, fa\u00e7ana de vidre, 8 ascensors, 2 muntac\u00e0rregues, servei de consergeria, seguretat 24h, possibilitat de traster i p\u00e0rquing. L'oficina disposa de sistma de climatitzaci\u00f3 VRV, superf\u00edcie completament di\u00e0fana i banys. Oficina implantada.","properties_post_seo_title":"","properties_post_seo_alias":"","properties_post_seo_metadescription":"Oficinas en alquiler en Torre Realia. Hospitalet de Llobregat.","properties_post_seo_key_words":"Oficinas en alquiler en Torre Realia. Hospitalet de Llobregat.","properties_post_seo_url":"","properties_post_terms_conditions":""}],"post_type_properties_post_features_type":"office","post_type_properties_post_id_building":"MjkkMjc2NDM=","post_type_properties_post_features_area_constructed":664,"post_type_properties_post_features_conditioned_air":true,"post_type_properties_post_features_doorman":false,"post_type_properties_post_features_heating":true,"post_type_properties_post_features_equipped_kitchen":false,"post_type_properties_post_features_windows_location":"exterior","post_type_properties_post_features_floors_property":false,"post_type_properties_post_features_storage":true,"post_type_properties_post_features_security_door":false,"post_type_properties_post_features_energy_certificate_rating":"C","post_type_properties_post_features_energy_certificate_emissions_rating":"C","post_type_properties_post_features_energy_certificate_emissions_value":"","post_type_properties_post_features_energy_certificate_performance":"","post_type_properties_post_features_bathroom_inside":true,"post_type_properties_post_precio":13944,"post_type_properties_post_precio_alquiler":13944,"post_type_properties_post_record_type_id":"Oficina","post_type_properties_post_categoria__producto":"Oficina","post_type_properties_post_amueblado":false,"post_type_properties_post_precio_m2":21,"post_type_properties_post_zona__comunitaria":false,"post_type_properties_post_electrodomesticos":false,"post_type_properties_post_patio__interior":false,"post_type_properties_post_certificado_energetico_general":"C","post_type_properties_post_certificado_energetico_consumo":"C","post_type_properties_post_certificado_energetico_valor_emisiones":"","post_type_properties_post_certificado_energetico_valor_consumo":"","post_type_properties_post_modalidad":"rent","post_type_properties_post_provincia":"Barcelona","post_type_properties_post_poblacion":"l'Hospitalet de Llobregat","post_type_properties_post_centro__urbano":false,"post_type_properties_post_zonificacion":"NBA Fira - Zona Pl. Europa + Fira District","post_type_properties_post_cartera":"","post_type_properties_post_titulo_catalan":"Oficina de lloguer a Torre Realia. Hospitalet de Llobregat.","post_type_properties_post_internet_catalan":"Oficina disponible en la Torre Realia, la cual se ubica frente a la Gran Via de les Corts Catalanes en el centro neurol\u00e1gico de esta nueva \u00e1rea de negocios que es la Plaza Europa. A escasa distancia del centro comercial Gran Via 2, junto a la nueva Ciudad judicial y frente a la nueva ampliaci\u00f3n de la Fira de Barcelona, Torre Realia goza de una inmejorable ubicaci\u00f3n con gran proyecci\u00f3n dentro de las nuevas \u00e1reas de negocios de la ciudad. El acceso al Aeropuerto y al resto de la ciudad mediante la Gran V\u00eda y las conexiones a las Rondas es inmediato. El edificio, obra del reconocido arquitecto Toyo Ito, es exclusivo de oficinas, tiene Certificado de Eficiencia Energ\u00e9tica Grado C, calefacci\u00f3n central, fachada acristalada, 8 ascensores, 2 montacargas, servicio de conserjer\u00eda, seguridad 24h, posibilidad de trastero y parking. La oficina dispone de sistma de climatizaci\u00f3n VRV, superficie completamente di\u00e1fana y aseos.","post_type_properties_post_titulo_castellano":"Oficinas en alquiler en Torre Realia. Hospitalet de Llobregat.","post_type_properties_post_internet_castellano":"Oficina disponible a la Torre Realia, la qual est\u00e0 situada enfront de la Gran Via de les Corts Catalanes al centre neurol\u00e1gico d'aquesta nova \u00e0rea de negocis que \u00e9s la Pla\u00e7a Europa. A escassa dist\u00e0ncia del centre comercial Gran Via 2, al costat de la nova Ciutat judicial i davant la nova ampliaci\u00f3 de la Fira de Barcelona, la Torre Realia gaudeix d'una immillorable ubicaci\u00f3 amb gran projecci\u00f3 dins de les noves \u00e0rees de negocis de la ciutat. L'acc\u00e9s a l'Aeroport i la resta de la ciutat mitjan\u00e7ant la Gran Via i les connexions a les Rondes \u00e9s immediat. L'edifici, obra del reconegut arquitecte Toyo Ito, \u00e9s exclusiu d'oficines, t\u00e9 Certificat d'Efici\u00e8ncia Energ\u00e8tica Grau C, calefacci\u00f3 central, fa\u00e7ana de vidre, 8 ascensors, 2 muntac\u00e0rregues, servei de consergeria, seguretat 24h, possibilitat de traster i p\u00e0rquing. L'oficina disposa de sistma de climatitzaci\u00f3 VRV, superf\u00edcie completament di\u00e0fana i banys. Oficina implantada.","post_type_properties_post_titulo_ingles":"","post_type_properties_post_internet_ingles":"","post_type_properties_post_features_classification_commercial":false,"post_type_properties_post_features_conservation":"","post_type_properties_post_features_security_personnel":false,"post_type_properties_post_features_parking_available":false,"post_type_properties_post_features_garage_capacity_type":"","post_type_properties_post_features_bathroom_number":"","post_type_properties_post_eje":"","post_type_properties_post_zona":"","post_type_properties_post_comarca":"","post_type_properties_post_features_built_year":"","post_type_properties_post_renta_mensual":5229,"post_type_properties_post_fianza":"","post_type_properties_post_features_area_plot":"","post_type_properties_post_features_area_buildable":"","post_type_properties_post_features_classification_industrial":false,"post_type_properties_post_distrito":"","post_type_properties_post_features_balcony":false,"post_type_properties_post_features_bedroom_number":"","post_type_properties_post_features_heating_type":"","post_type_properties_post_features_equipped_with_furniture":false,"post_type_properties_post_features_pets_allowed":false,"post_type_properties_post_features_pool":false,"post_type_properties_post_features_terrace":false,"post_type_properties_post_features_wardrobes":false,"post_type_properties_post_features_lift_available":false,"post_type_properties_post_features_handicap_adapted_access":false,"post_type_properties_post_features_orientation_east":false,"post_type_properties_post_features_orientation_west":false,"post_type_properties_post_features_orientation_north":false,"post_type_properties_post_features_orientation_south":false,"post_type_properties_post_features_parking_spaces_number":"","post_type_properties_post_features_security_alarm":false,"post_type_properties_post_features_security_system":false,"post_type_properties_post_open_plan":false,"post_type_properties_post_acceso_24_7":false,"post_type_properties_post_oficina_privada":false,"post_type_properties_post_sala_reuniones":false,"post_type_properties_post_espacio_eventos":false,"post_type_properties_post_office":false,"post_type_properties_post_restaurant":false,"post_type_properties_post_acepta_traspaso":false,"post_type_properties_post_vigilancia":false,"post_type_properties_post_features_suite":false,"post_type_properties_post_features_vitro":false,"post_type_properties_post_features_oven":false,"post_type_properties_post_features_microwave":false,"post_type_properties_post_features_washing_machine":false,"post_type_properties_post_features_dryer":false,"post_type_properties_post_features_dishwasher":false,"post_type_properties_post_features_fridge":false,"post_type_properties_post_features_fridge_mini":false,"post_type_properties_post_features_kettle":false,"post_type_properties_post_features_toaster":false,"post_type_properties_post_features_coffee_maker":false,"post_type_properties_post_features_iron":false,"post_type_properties_post_features_ironing_board":false,"post_type_properties_post_features_safe":false,"post_type_properties_post_features_internet":false,"post_type_properties_post_features_solarium":false,"post_type_properties_post_features_clean_service":false,"post_type_properties_post_features_t_v":false,"post_type_properties_post_features_satellite_t_v":false,"post_type_properties_post_features_gas_kitchen":false,"post_type_properties_post_features_view_mountain":false,"post_type_properties_post_features_view_sea":false,"post_type_properties_post_features_concierge":false,"post_type_properties_post_features_loading_dock":false,"post_type_properties_post_features_bridge_crane":false,"post_type_properties_post_features_located_at_corner":false,"post_type_properties_post_features_smoke_extraction":false,"post_type_properties_post_features_rooms":"","post_type_properties_post_features_garden_area":"","post_type_properties_post_features_utilities_water":false,"post_type_properties_post_features_utilities_electricity":false,"post_type_properties_post_features_utilities_natural_gas":false,"post_type_properties_post_features_building_adapted":false,"post_type_properties_post_features_garden":false,"post_type_properties_post_features_classification_hotel":false,"post_type_properties_post_features_classification_chalet":false,"post_type_properties_post_certificado_energetico_emisiones":"C","post_type_properties_post_barrio":"","post_type_properties_post_distrito_empresa":"","post_type_properties_post_features_property_category_intern":"","post_type_properties_post_implantada":false,"post_type_properties_post_sello_leed":"","post_type_properties_post_sello_well":"","post_type_properties_post_sello_breeam":true,"post_type_properties_post_images":[{"properties_post_image_order":1,"properties_post_image_url":"https:\/\/movin.cloud\/empresas\/2438\/imagenes\/237388\/habitalia.webp","properties_post_image_url_thumbnail":"https:\/\/movin.cloud\/empresas\/2438\/imagenes\/thumbnails\/237388\/habitalia.webp","properties_post_title":"habitalia","properties_post_alt":"habitalia"},{"properties_post_image_order":2,"properties_post_image_url":"https:\/\/movin.cloud\/empresas\/2438\/imagenes\/237388\/alquilar.webp","properties_post_image_url_thumbnail":"https:\/\/movin.cloud\/empresas\/2438\/imagenes\/thumbnails\/237388\/alquilar.webp","properties_post_title":"alquilar","properties_post_alt":"alquilar"},{"properties_post_image_order":3,"properties_post_image_url":"https:\/\/movin.cloud\/empresas\/2438\/imagenes\/237388\/alquiler.webp","properties_post_image_url_thumbnail":"https:\/\/movin.cloud\/empresas\/2438\/imagenes\/thumbnails\/237388\/alquiler.webp","properties_post_title":"alquiler","properties_post_alt":"alquiler"},{"properties_post_image_order":4,"properties_post_image_url":"https:\/\/movin.cloud\/empresas\/2438\/imagenes\/237388\/alquiler-para-idealista.webp","properties_post_image_url_thumbnail":"https:\/\/movin.cloud\/empresas\/2438\/imagenes\/thumbnails\/237388\/alquiler-para-idealista.webp","properties_post_title":"alquiler para idealista","properties_post_alt":"alquiler para idealista"},{"properties_post_image_order":6,"properties_post_image_url":"https:\/\/movin.cloud\/empresas\/2438\/imagenes\/237388\/en-alquiler.webp","properties_post_image_url_thumbnail":"https:\/\/movin.cloud\/empresas\/2438\/imagenes\/thumbnails\/237388\/en-alquiler.webp","properties_post_title":"en alquiler","properties_post_alt":"en alquiler"},{"properties_post_image_order":7,"properties_post_image_url":"https:\/\/movin.cloud\/empresas\/2438\/imagenes\/237388\/viviendas.webp","properties_post_image_url_thumbnail":"https:\/\/movin.cloud\/empresas\/2438\/imagenes\/thumbnails\/237388\/viviendas.webp","properties_post_title":"viviendas","properties_post_alt":"viviendas"}],"post_type_properties_post_videos":null,"post_type_properties_post_tour":null,"post_type_properties_post_dossier_url":"","post_type_properties_post_operation_type":"rent","post_type_properties_post_operation_price":13944,"post_type_properties_post_features_hidden_price":false},"yoast_head":"<!-- This site is optimized with the Yoast SEO plugin v27.4 - https:\/\/yoast.com\/product\/yoast-seo-wordpress\/ -->\n<title>Oficinas en alquiler en Torre Realia. Hospitalet de Llobregat. - Forcadell<\/title>\n<meta name=\"robots\" content=\"index, follow, max-snippet:-1, max-image-preview:large, max-video-preview:-1\" \/>\n<link rel=\"canonical\" href=\"https:\/\/forcadell.com\/ca\/propiedades\/oficinas-en-alquiler-en-torre-realia-hospitalet-de-llobregat\/\" \/>\n<meta property=\"og:locale\" content=\"ca_ES\" \/>\n<meta property=\"og:type\" content=\"article\" \/>\n<meta property=\"og:title\" content=\"Oficinas en alquiler en Torre Realia. Hospitalet de Llobregat. - Forcadell\" \/>\n<meta property=\"og:description\" content=\"Oficina disponible a la Torre Realia, la qual est\u00e0 situada enfront de la Gran Via de les Corts Catalanes al centre neurol\u00e1gico d&#8217;aquesta nova \u00e0rea de negocis que \u00e9s la Pla\u00e7a Europa. A escassa dist\u00e0ncia del centre comercial Gran Via 2, al costat de la nova Ciutat judicial i davant la nova ampliaci\u00f3 de la [&hellip;]\" \/>\n<meta property=\"og:url\" content=\"https:\/\/forcadell.com\/ca\/propiedades\/oficinas-en-alquiler-en-torre-realia-hospitalet-de-llobregat\/\" \/>\n<meta property=\"og:site_name\" content=\"Forcadell\" \/>\n<meta property=\"article:modified_time\" content=\"2026-04-29T11:04:03+00:00\" \/>\n<meta name=\"twitter:card\" content=\"summary_large_image\" \/>\n<meta name=\"twitter:label1\" content=\"Temps estimat de lectura\" \/>\n\t<meta name=\"twitter:data1\" content=\"1 minut\" \/>\n<!-- \/ Yoast SEO plugin. -->","yoast_head_json":{"title":"Oficinas en alquiler en Torre Realia. Hospitalet de Llobregat. - Forcadell","robots":{"index":"index","follow":"follow","max-snippet":"max-snippet:-1","max-image-preview":"max-image-preview:large","max-video-preview":"max-video-preview:-1"},"canonical":"https:\/\/forcadell.com\/ca\/propiedades\/oficinas-en-alquiler-en-torre-realia-hospitalet-de-llobregat\/","og_locale":"ca_ES","og_type":"article","og_title":"Oficinas en alquiler en Torre Realia. Hospitalet de Llobregat. - Forcadell","og_description":"Oficina disponible a la Torre Realia, la qual est\u00e0 situada enfront de la Gran Via de les Corts Catalanes al centre neurol\u00e1gico d&#8217;aquesta nova \u00e0rea de negocis que \u00e9s la Pla\u00e7a Europa. A escassa dist\u00e0ncia del centre comercial Gran Via 2, al costat de la nova Ciutat judicial i davant la nova ampliaci\u00f3 de la [&hellip;]","og_url":"https:\/\/forcadell.com\/ca\/propiedades\/oficinas-en-alquiler-en-torre-realia-hospitalet-de-llobregat\/","og_site_name":"Forcadell","article_modified_time":"2026-04-29T11:04:03+00:00","twitter_card":"summary_large_image","twitter_misc":{"Temps estimat de lectura":"1 minut"},"schema":{"@context":"https:\/\/schema.org","@graph":[{"@type":"WebPage","@id":"https:\/\/forcadell.com\/ca\/propiedades\/oficinas-en-alquiler-en-torre-realia-hospitalet-de-llobregat\/","url":"https:\/\/forcadell.com\/ca\/propiedades\/oficinas-en-alquiler-en-torre-realia-hospitalet-de-llobregat\/","name":"Oficinas en alquiler en Torre Realia. Hospitalet de Llobregat. - Forcadell","isPartOf":{"@id":"https:\/\/forcadell.com\/ca\/#website"},"datePublished":"2025-11-04T13:54:45+00:00","dateModified":"2026-04-29T11:04:03+00:00","breadcrumb":{"@id":"https:\/\/forcadell.com\/ca\/propiedades\/oficinas-en-alquiler-en-torre-realia-hospitalet-de-llobregat\/#breadcrumb"},"inLanguage":"ca","potentialAction":[{"@type":"ReadAction","target":["https:\/\/forcadell.com\/ca\/propiedades\/oficinas-en-alquiler-en-torre-realia-hospitalet-de-llobregat\/"]}]},{"@type":"BreadcrumbList","@id":"https:\/\/forcadell.com\/ca\/propiedades\/oficinas-en-alquiler-en-torre-realia-hospitalet-de-llobregat\/#breadcrumb","itemListElement":[{"@type":"ListItem","position":1,"name":"Portada","item":"https:\/\/forcadell.com\/ca\/"},{"@type":"ListItem","position":2,"name":"Properties","item":"https:\/\/forcadell.com\/ca\/propiedades\/"},{"@type":"ListItem","position":3,"name":"Oficinas en alquiler en Torre Realia. Hospitalet de Llobregat."}]},{"@type":"WebSite","@id":"https:\/\/forcadell.com\/ca\/#website","url":"https:\/\/forcadell.com\/ca\/","name":"Forcadell","description":"Inmobiliaria Barcelona | Consultores inmobiliarios","potentialAction":[{"@type":"SearchAction","target":{"@type":"EntryPoint","urlTemplate":"https:\/\/forcadell.com\/ca\/?s={search_term_string}"},"query-input":{"@type":"PropertyValueSpecification","valueRequired":true,"valueName":"search_term_string"}}],"inLanguage":"ca"}]}},"_links":{"self":[{"href":"https:\/\/forcadell.com\/ca\/wp-json\/wp\/v2\/properties_post\/57533","targetHints":{"allow":["GET"]}}],"collection":[{"href":"https:\/\/forcadell.com\/ca\/wp-json\/wp\/v2\/properties_post"}],"about":[{"href":"https:\/\/forcadell.com\/ca\/wp-json\/wp\/v2\/types\/properties_post"}],"wp:attachment":[{"href":"https:\/\/forcadell.com\/ca\/wp-json\/wp\/v2\/media?parent=57533"}],"curies":[{"name":"wp","href":"https:\/\/api.w.org\/{rel}","templated":true}]}}