{"id":57508,"date":"2025-11-04T15:53:20","date_gmt":"2025-11-04T13:53:20","guid":{"rendered":"https:\/\/www.forcadell.com\/propiedades\/oficina-diafana-y-luminosa-en-alquiler-en-torre-meridian-barcelona-2\/"},"modified":"2026-04-27T23:00:31","modified_gmt":"2026-04-27T21:00:31","slug":"oficina-diafana-y-luminosa-en-alquiler-en-torre-meridian-barcelona-2","status":"publish","type":"properties_post","link":"https:\/\/forcadell.com\/ca\/propiedades\/oficina-diafana-y-luminosa-en-alquiler-en-torre-meridian-barcelona-2\/","title":{"rendered":"Oficina di\u00e1fana y luminosa en alquiler en Torre Meridian. Barcelona"},"content":{"rendered":"<p>\nDescubre Torre Meridian, un exclusivo edificio de oficinas con una ubicaci\u00f3n privilegiada junto a la Av. Meridiana, el Centro Comercial Som Multiespai y El Corte Ingl\u00e9s Can Drag\u00f3.<\/p>\n<p>La ubicaci\u00f3n estrat\u00e9gica de Torre Meridian ofrece excelentes conexiones de transporte p\u00fablico, con cercan\u00eda a estaciones de tren de Renfe Cercan\u00edas, la estaci\u00f3n del Ave de Sagrera y estaciones de autobuses interurbanos, autobuses urbanos y metro. Adem\u00e1s, cuenta con f\u00e1cil acceso a la Avenida Meridiana, principal v\u00eda hacia las Rondas y la Autopista.<\/p>\n<p>Caracter\u00edsticas destacadas:<\/p>\n<p>Fachada de muro cortina<br \/>\nServicio de conserjer\u00eda y vigilancia 365\/24 h<br \/>\nSistema de CCTV operativo las 24 horas<br \/>\nControl de accesos<br \/>\nParking interior con acceso directo al edificio<br \/>\n5 ascensores y 1 montacargas<br \/>\n2 salas de reuni\u00f3n equipadas con WIFI y proyector de video<br \/>\nCafeter\u00eda en la planta baja<br \/>\nZona de vending junto a la sala de descanso<br \/>\nPlantas di\u00e1fanas con altura libre de 2,75 m<br \/>\nDetecci\u00f3n autom\u00e1tica de incendios<br \/>\nAccesos adaptados<br \/>\nSuelo t\u00e9cnico<br \/>\nLuz natural<br \/>\nFalso techo registrable con luminarias empotradas<br \/>\nFibra \u00f3ptica<br \/>\nCertificado Breeam &#8211; Muy Bueno<br \/>\nCertificado WiredScored &#8211; Plata<br \/>\nCertificado de eficiencia energ\u00e9tica B<br \/>\nTransporte p\u00fablico:<\/p>\n<p>Bus: 11, 132, 62, 96, 97, N3, 201, 202, 203, 220, 302, 305<br \/>\nMetro: L4 &#8211; \u201cLlucmajor\u201d, L5 &#8211; \u201cVirrei Amat\u201d y L1 &#8211; \u201cFabra i Puig\u201d<br \/>\nRenfe: Sant Andreu Arenal<br \/>\nVen y descubre el ambiente profesional y las comodidades de Torre Meridian para tu negocio.<\/p>\n","protected":false},"template":"","class_list":["post-57508","properties_post","type-properties_post","status-publish","hentry","properties_modality-rent","properties_district-nou-barris","properties_province-barcelona","properties_zone-centro","properties_state-barcelona","properties_subclass-oficina","properties_type-oficina"],"acf":{"post_type_properties_post_property_code":"230457","post_type_properties_post_property_reference":"IE-218610","post_type_properties_post_owner_id":"49428","post_type_properties_post_owner_name":"MERIDIA REAL ESTATE - MRE-III PROYECTO DOS SLU","post_type_properties_post_property_code_encrypted":"MjkkMTUwMjQ=","post_type_properties_post_published":"1","post_type_properties_post_property_visibility":"idealista","post_type_properties_post_contact_name":"Forcadell Oficinas Barcelona","post_type_properties_post_contact_email":"forcadell.oficinas.barcelona@movin.cloud","post_type_properties_post_contact_primary_phone_prefix":"34","post_type_properties_post_contact_primary_phone_number":"934965413","post_type_properties_post_address_visibility":"street","post_type_properties_post_address_country":"Spain","post_type_properties_post_address_coordinates_precision":"exact","post_type_properties_post_address_postal_code":"08016","post_type_properties_post_address_coordinates_latitude":"41.436434000002","post_type_properties_post_address_coordinates_longitude":"2.180413000002","post_type_properties_post_address_street_name":"CL Rossell\u00f3 i Porcel (Edificio Meridian) 21","post_type_properties_post_address_floor":"13","post_type_properties_post_address_town":"Barcelona","post_type_properties_post_building":null,"post_type_properties_post_property":[{"properties_post_description_language":"catalan","properties_post_title":"Oficina di\u00e0fana i lluminosa en lloguer a Torre Meridian. Barcelona","properties_post_short_description_text_alt":"","properties_post_description_text_alt":"","properties_post_short_description_text":"Oficina di\u00e0fana i lluminosa de lloguer a Torre Meridian. \nDisposa de terra t\u00e8cnic, fals sostre registrable i climatitzaci\u00f3. \n \nTorre Meridian \u00e9s un edifici exclusiu d'oficines situat al costat d'Av. Meridiana, al Centre Comercial Som Multiespai i El Corte Ingl\u00e9s Can Drag\u00f3. Molt b\u00e9 comunicades a trav\u00e9s de transport p\u00fablic amb tot tipus de serveis a la zona. \nDisposa de servei de consergeria i vigil\u00e0ncia 365\/24 h, 5 ascensors, 1 muntac\u00e0rregues, detecci\u00f3 autom\u00e0tica dincendis, fibra \u00f2ptica, accessos adaptats i p\u00e0rquing interior amb acc\u00e9s directe a ledifici. \nZona de vending al costat de sala de descans. Cafeteria al lobby. \n \nL'edifici compta amb el certificat Breeam Very Good i WiredScore Silver. \n \nTransport i comunicacions: \n \nBus: 11, 132, 62, 96, 97, N3, 201, 202, 203, 220, 302, 302,305 \nMetro: L4 \u2013 Llucmajor, L5 \u2013 Virrei Amat, L1 \u2013 Fabra i Puig \nRenfe: Sant Andreu Arenal \nA 30 minuts de l'aeroport \nAcc\u00e9s per Ronda de Dalt, Av. Meridiana","properties_post_link_demanda_inmueble":"https:\/\/movin.cloud\/ca\/Forcadell Oficinas Barcelona\/formulari-peticio-immoble\/sth\/2438&&230457","properties_post_link_demanda_calendario_inmueble":"https:\/\/movin.cloud\/ca\/Forcadell Oficinas Barcelona\/calendari-peticio-immoble\/sth\/2438&&230457","properties_post_description_text":"Oficina di\u00e0fana i lluminosa de lloguer a Torre Meridian. \nDisposa de terra t\u00e8cnic, fals sostre registrable i climatitzaci\u00f3. \n \nTorre Meridian \u00e9s un edifici exclusiu d'oficines situat al costat d'Av. Meridiana, al Centre Comercial Som Multiespai i El Corte Ingl\u00e9s Can Drag\u00f3. Molt b\u00e9 comunicades a trav\u00e9s de transport p\u00fablic amb tot tipus de serveis a la zona. \nDisposa de servei de consergeria i vigil\u00e0ncia 365\/24 h, 5 ascensors, 1 muntac\u00e0rregues, detecci\u00f3 autom\u00e0tica dincendis, fibra \u00f2ptica, accessos adaptats i p\u00e0rquing interior amb acc\u00e9s directe a ledifici. \nZona de vending al costat de sala de descans. Cafeteria al lobby. \n \nL'edifici compta amb el certificat Breeam Very Good i WiredScore Silver. \n \nTransport i comunicacions: \n \nBus: 11, 132, 62, 96, 97, N3, 201, 202, 203, 220, 302, 302,305 \nMetro: L4 \u2013 Llucmajor, L5 \u2013 Virrei Amat, L1 \u2013 Fabra i Puig \nRenfe: Sant Andreu Arenal \nA 30 minuts de l'aeroport \nAcc\u00e9s per Ronda de Dalt, Av. Meridiana","properties_post_seo_title":"","properties_post_seo_alias":"","properties_post_seo_metadescription":"Oficina di\u00e0fana i lluminosa en lloguer a Torre Meridian. Barcelona. Forcadell \u00e9s la seva ag\u00e8ncia de confian\u00e7a per al lloguer d'aquesta oficina.","properties_post_seo_key_words":"oficina lloguer Barcelona, lloguer oficina Barcelona, oficina Barcelona","properties_post_seo_url":"","properties_post_terms_conditions":""},{"properties_post_description_language":"spanish","properties_post_title":"Oficina di\u00e1fana y luminosa en alquiler en Torre Meridian. Barcelona","properties_post_short_description_text_alt":"","properties_post_description_text_alt":"","properties_post_short_description_text":" ","properties_post_link_demanda_inmueble":"https:\/\/movin.cloud\/es\/Forcadell Oficinas Barcelona\/formulario-peticion-inmueble\/sth\/2438&&230457","properties_post_link_demanda_calendario_inmueble":"https:\/\/movin.cloud\/es\/Forcadell Oficinas Barcelona\/calendario-peticion-inmueble\/sth\/2438&&230457","properties_post_description_text":" \nDescubre Torre Meridian, un exclusivo edificio de oficinas con una ubicaci\u00f3n privilegiada junto a la Av. Meridiana, el Centro Comercial Som Multiespai y El Corte Ingl\u00e9s Can Drag\u00f3.\n\nLa ubicaci\u00f3n estrat\u00e9gica de Torre Meridian ofrece excelentes conexiones de transporte p\u00fablico, con cercan\u00eda a estaciones de tren de Renfe Cercan\u00edas, la estaci\u00f3n del Ave de Sagrera y estaciones de autobuses interurbanos, autobuses urbanos y metro. Adem\u00e1s, cuenta con f\u00e1cil acceso a la Avenida Meridiana, principal v\u00eda hacia las Rondas y la Autopista.\n\nCaracter\u00edsticas destacadas:\n\nFachada de muro cortina\nServicio de conserjer\u00eda y vigilancia 365\/24 h\nSistema de CCTV operativo las 24 horas\nControl de accesos\nParking interior con acceso directo al edificio\n5 ascensores y 1 montacargas\n2 salas de reuni\u00f3n equipadas con WIFI y proyector de video\nCafeter\u00eda en la planta baja\nZona de vending junto a la sala de descanso\nPlantas di\u00e1fanas con altura libre de 2,75 m\nDetecci\u00f3n autom\u00e1tica de incendios\nAccesos adaptados\nSuelo t\u00e9cnico\nLuz natural\nFalso techo registrable con luminarias empotradas\nFibra \u00f3ptica\nCertificado Breeam - Muy Bueno\nCertificado WiredScored - Plata\nCertificado de eficiencia energ\u00e9tica B\nTransporte p\u00fablico:\n\nBus: 11, 132, 62, 96, 97, N3, 201, 202, 203, 220, 302, 305\nMetro: L4 - \u201cLlucmajor\u201d, L5 - \u201cVirrei Amat\u201d y L1 - \u201cFabra i Puig\u201d\nRenfe: Sant Andreu Arenal\nVen y descubre el ambiente profesional y las comodidades de Torre Meridian para tu negocio.","properties_post_seo_title":"","properties_post_seo_alias":"","properties_post_seo_metadescription":"Oficina di\u00e1fana y luminosa en alquiler en Torre Meridian. Barcelona. Forcadell es su agencia de confianza para el alquiler de esta oficina.","properties_post_seo_key_words":"oficina alquiler Barcelona, alquiler oficina Barcelona, oficina Barcelona","properties_post_seo_url":"","properties_post_terms_conditions":""}],"post_type_properties_post_features_type":"office","post_type_properties_post_id_building":"","post_type_properties_post_features_area_constructed":1275,"post_type_properties_post_features_conditioned_air":true,"post_type_properties_post_features_doorman":false,"post_type_properties_post_features_heating":true,"post_type_properties_post_features_equipped_kitchen":false,"post_type_properties_post_features_windows_location":"exterior","post_type_properties_post_features_floors_property":false,"post_type_properties_post_features_storage":false,"post_type_properties_post_features_security_door":false,"post_type_properties_post_features_energy_certificate_rating":"B","post_type_properties_post_features_energy_certificate_emissions_rating":"B","post_type_properties_post_features_energy_certificate_emissions_value":29,"post_type_properties_post_features_energy_certificate_performance":174,"post_type_properties_post_features_bathroom_inside":true,"post_type_properties_post_precio":19131.45,"post_type_properties_post_precio_alquiler":19131.45,"post_type_properties_post_record_type_id":"Oficina","post_type_properties_post_categoria__producto":"Oficina","post_type_properties_post_amueblado":false,"post_type_properties_post_precio_m2":15,"post_type_properties_post_zona__comunitaria":false,"post_type_properties_post_electrodomesticos":false,"post_type_properties_post_patio__interior":false,"post_type_properties_post_certificado_energetico_general":"B","post_type_properties_post_certificado_energetico_consumo":"B","post_type_properties_post_certificado_energetico_valor_emisiones":29,"post_type_properties_post_certificado_energetico_valor_consumo":174,"post_type_properties_post_modalidad":"rent","post_type_properties_post_provincia":"Barcelona","post_type_properties_post_poblacion":"Barcelona","post_type_properties_post_centro__urbano":false,"post_type_properties_post_zonificacion":"Centro","post_type_properties_post_cartera":"","post_type_properties_post_titulo_catalan":"Oficina di\u00e0fana i lluminosa en lloguer a Torre Meridian. Barcelona","post_type_properties_post_internet_catalan":"Oficina di\u00e0fana i lluminosa de lloguer a Torre Meridian. \nDisposa de terra t\u00e8cnic, fals sostre registrable i climatitzaci\u00f3. \n \nTorre Meridian \u00e9s un edifici exclusiu d'oficines situat al costat d'Av. Meridiana, al Centre Comercial Som Multiespai i El Corte Ingl\u00e9s Can Drag\u00f3. Molt b\u00e9 comunicades a trav\u00e9s de transport p\u00fablic amb tot tipus de serveis a la zona. \nDisposa de servei de consergeria i vigil\u00e0ncia 365\/24 h, 5 ascensors, 1 muntac\u00e0rregues, detecci\u00f3 autom\u00e0tica dincendis, fibra \u00f2ptica, accessos adaptats i p\u00e0rquing interior amb acc\u00e9s directe a ledifici. \nZona de vending al costat de sala de descans. Cafeteria al lobby. \n \nL'edifici compta amb el certificat Breeam Very Good i WiredScore Silver. \n \nTransport i comunicacions: \n \nBus: 11, 132, 62, 96, 97, N3, 201, 202, 203, 220, 302, 302,305 \nMetro: L4 \u2013 Llucmajor, L5 \u2013 Virrei Amat, L1 \u2013 Fabra i Puig \nRenfe: Sant Andreu Arenal \nA 30 minuts de l'aeroport \nAcc\u00e9s per Ronda de Dalt, Av. Meridiana","post_type_properties_post_titulo_castellano":"Oficina di\u00e1fana y luminosa en alquiler en Torre Meridian. Barcelona","post_type_properties_post_internet_castellano":" \nDescubre Torre Meridian, un exclusivo edificio de oficinas con una ubicaci\u00f3n privilegiada junto a la Av. Meridiana, el Centro Comercial Som Multiespai y El Corte Ingl\u00e9s Can Drag\u00f3.\n\nLa ubicaci\u00f3n estrat\u00e9gica de Torre Meridian ofrece excelentes conexiones de transporte p\u00fablico, con cercan\u00eda a estaciones de tren de Renfe Cercan\u00edas, la estaci\u00f3n del Ave de Sagrera y estaciones de autobuses interurbanos, autobuses urbanos y metro. Adem\u00e1s, cuenta con f\u00e1cil acceso a la Avenida Meridiana, principal v\u00eda hacia las Rondas y la Autopista.\n\nCaracter\u00edsticas destacadas:\n\nFachada de muro cortina\nServicio de conserjer\u00eda y vigilancia 365\/24 h\nSistema de CCTV operativo las 24 horas\nControl de accesos\nParking interior con acceso directo al edificio\n5 ascensores y 1 montacargas\n2 salas de reuni\u00f3n equipadas con WIFI y proyector de video\nCafeter\u00eda en la planta baja\nZona de vending junto a la sala de descanso\nPlantas di\u00e1fanas con altura libre de 2,75 m\nDetecci\u00f3n autom\u00e1tica de incendios\nAccesos adaptados\nSuelo t\u00e9cnico\nLuz natural\nFalso techo registrable con luminarias empotradas\nFibra \u00f3ptica\nCertificado Breeam - Muy Bueno\nCertificado WiredScored - Plata\nCertificado de eficiencia energ\u00e9tica B\nTransporte p\u00fablico:\n\nBus: 11, 132, 62, 96, 97, N3, 201, 202, 203, 220, 302, 305\nMetro: L4 - \u201cLlucmajor\u201d, L5 - \u201cVirrei Amat\u201d y L1 - \u201cFabra i Puig\u201d\nRenfe: Sant Andreu Arenal\nVen y descubre el ambiente profesional y las comodidades de Torre Meridian para tu negocio.","post_type_properties_post_titulo_ingles":"","post_type_properties_post_internet_ingles":"","post_type_properties_post_features_classification_commercial":false,"post_type_properties_post_features_conservation":"","post_type_properties_post_features_security_personnel":false,"post_type_properties_post_features_parking_available":false,"post_type_properties_post_features_garage_capacity_type":"","post_type_properties_post_features_bathroom_number":"","post_type_properties_post_eje":"","post_type_properties_post_zona":"","post_type_properties_post_comarca":"","post_type_properties_post_features_built_year":"","post_type_properties_post_renta_mensual":19131.45,"post_type_properties_post_fianza":"","post_type_properties_post_features_area_plot":"","post_type_properties_post_features_area_buildable":"","post_type_properties_post_features_classification_industrial":false,"post_type_properties_post_distrito":"","post_type_properties_post_features_balcony":false,"post_type_properties_post_features_bedroom_number":"","post_type_properties_post_features_heating_type":"","post_type_properties_post_features_equipped_with_furniture":false,"post_type_properties_post_features_pets_allowed":false,"post_type_properties_post_features_pool":false,"post_type_properties_post_features_terrace":false,"post_type_properties_post_features_wardrobes":false,"post_type_properties_post_features_lift_available":false,"post_type_properties_post_features_handicap_adapted_access":false,"post_type_properties_post_features_orientation_east":false,"post_type_properties_post_features_orientation_west":false,"post_type_properties_post_features_orientation_north":false,"post_type_properties_post_features_orientation_south":false,"post_type_properties_post_features_parking_spaces_number":"","post_type_properties_post_features_security_alarm":false,"post_type_properties_post_features_security_system":false,"post_type_properties_post_open_plan":false,"post_type_properties_post_acceso_24_7":false,"post_type_properties_post_oficina_privada":false,"post_type_properties_post_sala_reuniones":false,"post_type_properties_post_espacio_eventos":false,"post_type_properties_post_office":false,"post_type_properties_post_restaurant":false,"post_type_properties_post_acepta_traspaso":false,"post_type_properties_post_vigilancia":true,"post_type_properties_post_features_suite":false,"post_type_properties_post_features_vitro":false,"post_type_properties_post_features_oven":false,"post_type_properties_post_features_microwave":false,"post_type_properties_post_features_washing_machine":false,"post_type_properties_post_features_dryer":false,"post_type_properties_post_features_dishwasher":false,"post_type_properties_post_features_fridge":false,"post_type_properties_post_features_fridge_mini":false,"post_type_properties_post_features_kettle":false,"post_type_properties_post_features_toaster":false,"post_type_properties_post_features_coffee_maker":false,"post_type_properties_post_features_iron":false,"post_type_properties_post_features_ironing_board":false,"post_type_properties_post_features_safe":false,"post_type_properties_post_features_internet":true,"post_type_properties_post_features_solarium":false,"post_type_properties_post_features_clean_service":false,"post_type_properties_post_features_t_v":false,"post_type_properties_post_features_satellite_t_v":false,"post_type_properties_post_features_gas_kitchen":false,"post_type_properties_post_features_view_mountain":false,"post_type_properties_post_features_view_sea":false,"post_type_properties_post_features_concierge":false,"post_type_properties_post_features_loading_dock":false,"post_type_properties_post_features_bridge_crane":false,"post_type_properties_post_features_located_at_corner":false,"post_type_properties_post_features_smoke_extraction":false,"post_type_properties_post_features_rooms":"","post_type_properties_post_features_garden_area":"","post_type_properties_post_features_utilities_water":false,"post_type_properties_post_features_utilities_electricity":false,"post_type_properties_post_features_utilities_natural_gas":false,"post_type_properties_post_features_building_adapted":false,"post_type_properties_post_features_garden":false,"post_type_properties_post_features_classification_hotel":false,"post_type_properties_post_features_classification_chalet":false,"post_type_properties_post_certificado_energetico_emisiones":"B","post_type_properties_post_barrio":"","post_type_properties_post_distrito_empresa":"Nou Barris","post_type_properties_post_features_property_category_intern":"","post_type_properties_post_implantada":false,"post_type_properties_post_sello_leed":"","post_type_properties_post_sello_well":"","post_type_properties_post_sello_breeam":true,"post_type_properties_post_images":[{"properties_post_image_order":1,"properties_post_image_url":"https:\/\/movin.cloud\/empresas\/2438\/imagenes\/230457\/inmobiliarias.webp","properties_post_image_url_thumbnail":"https:\/\/movin.cloud\/empresas\/2438\/imagenes\/thumbnails\/230457\/inmobiliarias.webp","properties_post_title":"inmobiliarias","properties_post_alt":"inmobiliarias"},{"properties_post_image_order":2,"properties_post_image_url":"https:\/\/movin.cloud\/empresas\/2438\/imagenes\/230457\/rent.webp","properties_post_image_url_thumbnail":"https:\/\/movin.cloud\/empresas\/2438\/imagenes\/thumbnails\/230457\/rent.webp","properties_post_title":"rent","properties_post_alt":"rent"},{"properties_post_image_order":3,"properties_post_image_url":"https:\/\/movin.cloud\/empresas\/2438\/imagenes\/230457\/fincas.webp","properties_post_image_url_thumbnail":"https:\/\/movin.cloud\/empresas\/2438\/imagenes\/thumbnails\/230457\/fincas.webp","properties_post_title":"fincas","properties_post_alt":"fincas"},{"properties_post_image_order":4,"properties_post_image_url":"https:\/\/movin.cloud\/empresas\/2438\/imagenes\/230457\/alquiler-para-idealista.webp","properties_post_image_url_thumbnail":"https:\/\/movin.cloud\/empresas\/2438\/imagenes\/thumbnails\/230457\/alquiler-para-idealista.webp","properties_post_title":"alquiler para idealista","properties_post_alt":"alquiler para idealista"},{"properties_post_image_order":5,"properties_post_image_url":"https:\/\/movin.cloud\/empresas\/2438\/imagenes\/230457\/en-alquiler.webp","properties_post_image_url_thumbnail":"https:\/\/movin.cloud\/empresas\/2438\/imagenes\/thumbnails\/230457\/en-alquiler.webp","properties_post_title":"en alquiler","properties_post_alt":"en alquiler"},{"properties_post_image_order":6,"properties_post_image_url":"https:\/\/movin.cloud\/empresas\/2438\/imagenes\/230457\/alquiler-idealistas.webp","properties_post_image_url_thumbnail":"https:\/\/movin.cloud\/empresas\/2438\/imagenes\/thumbnails\/230457\/alquiler-idealistas.webp","properties_post_title":"alquiler idealistas","properties_post_alt":"alquiler idealistas"},{"properties_post_image_order":7,"properties_post_image_url":"https:\/\/movin.cloud\/empresas\/2438\/imagenes\/230457\/inmobiliaria.webp","properties_post_image_url_thumbnail":"https:\/\/movin.cloud\/empresas\/2438\/imagenes\/thumbnails\/230457\/inmobiliaria.webp","properties_post_title":"inmobiliaria","properties_post_alt":"inmobiliaria"},{"properties_post_image_order":8,"properties_post_image_url":"https:\/\/movin.cloud\/empresas\/2438\/imagenes\/230457\/habitalia.webp","properties_post_image_url_thumbnail":"https:\/\/movin.cloud\/empresas\/2438\/imagenes\/thumbnails\/230457\/habitalia.webp","properties_post_title":"habitalia","properties_post_alt":"habitalia"},{"properties_post_image_order":9,"properties_post_image_url":"https:\/\/movin.cloud\/empresas\/2438\/imagenes\/230457\/alquilar.webp","properties_post_image_url_thumbnail":"https:\/\/movin.cloud\/empresas\/2438\/imagenes\/thumbnails\/230457\/alquilar.webp","properties_post_title":"alquilar","properties_post_alt":"alquilar"},{"properties_post_image_order":10,"properties_post_image_url":"https:\/\/movin.cloud\/empresas\/2438\/imagenes\/230457\/alquiler-para-idealistas.webp","properties_post_image_url_thumbnail":"https:\/\/movin.cloud\/empresas\/2438\/imagenes\/thumbnails\/230457\/alquiler-para-idealistas.webp","properties_post_title":"alquiler para idealistas","properties_post_alt":"alquiler para idealistas"},{"properties_post_image_order":11,"properties_post_image_url":"https:\/\/movin.cloud\/empresas\/2438\/imagenes\/230457\/viviendas.webp","properties_post_image_url_thumbnail":"https:\/\/movin.cloud\/empresas\/2438\/imagenes\/thumbnails\/230457\/viviendas.webp","properties_post_title":"viviendas","properties_post_alt":"viviendas"},{"properties_post_image_order":12,"properties_post_image_url":"https:\/\/movin.cloud\/empresas\/2438\/imagenes\/230457\/alquiler.webp","properties_post_image_url_thumbnail":"https:\/\/movin.cloud\/empresas\/2438\/imagenes\/thumbnails\/230457\/alquiler.webp","properties_post_title":"alquiler","properties_post_alt":"alquiler"},{"properties_post_image_order":13,"properties_post_image_url":"https:\/\/movin.cloud\/empresas\/2438\/imagenes\/230457\/en-alquiler-barcelona.webp","properties_post_image_url_thumbnail":"https:\/\/movin.cloud\/empresas\/2438\/imagenes\/thumbnails\/230457\/en-alquiler-barcelona.webp","properties_post_title":"en alquiler barcelona","properties_post_alt":"en alquiler barcelona"},{"properties_post_image_order":14,"properties_post_image_url":"https:\/\/movin.cloud\/empresas\/2438\/imagenes\/230457\/alquiler-barcelona.webp","properties_post_image_url_thumbnail":"https:\/\/movin.cloud\/empresas\/2438\/imagenes\/thumbnails\/230457\/alquiler-barcelona.webp","properties_post_title":"alquiler barcelona","properties_post_alt":"alquiler barcelona"}],"post_type_properties_post_videos":null,"post_type_properties_post_tour":null,"post_type_properties_post_dossier_url":"","post_type_properties_post_operation_type":"rent","post_type_properties_post_operation_price":19131,"post_type_properties_post_features_hidden_price":false},"yoast_head":"<!-- This site is optimized with the Yoast SEO plugin v27.4 - https:\/\/yoast.com\/product\/yoast-seo-wordpress\/ -->\n<title>Oficina di\u00e1fana y luminosa en alquiler en Torre Meridian. Barcelona - Forcadell<\/title>\n<meta name=\"robots\" content=\"index, follow, max-snippet:-1, max-image-preview:large, max-video-preview:-1\" \/>\n<link rel=\"canonical\" href=\"https:\/\/forcadell.com\/ca\/propiedades\/oficina-diafana-y-luminosa-en-alquiler-en-torre-meridian-barcelona-2\/\" \/>\n<meta property=\"og:locale\" content=\"ca_ES\" \/>\n<meta property=\"og:type\" content=\"article\" \/>\n<meta property=\"og:title\" content=\"Oficina di\u00e1fana y luminosa en alquiler en Torre Meridian. Barcelona - Forcadell\" \/>\n<meta property=\"og:description\" content=\"Descubre Torre Meridian, un exclusivo edificio de oficinas con una ubicaci\u00f3n privilegiada junto a la Av. Meridiana, el Centro Comercial Som Multiespai y El Corte Ingl\u00e9s Can Drag\u00f3. La ubicaci\u00f3n estrat\u00e9gica de Torre Meridian ofrece excelentes conexiones de transporte p\u00fablico, con cercan\u00eda a estaciones de tren de Renfe Cercan\u00edas, la estaci\u00f3n del Ave de Sagrera [&hellip;]\" \/>\n<meta property=\"og:url\" content=\"https:\/\/forcadell.com\/ca\/propiedades\/oficina-diafana-y-luminosa-en-alquiler-en-torre-meridian-barcelona-2\/\" \/>\n<meta property=\"og:site_name\" content=\"Forcadell\" \/>\n<meta property=\"article:modified_time\" content=\"2026-04-27T21:00:31+00:00\" \/>\n<meta name=\"twitter:card\" content=\"summary_large_image\" \/>\n<meta name=\"twitter:label1\" content=\"Temps estimat de lectura\" \/>\n\t<meta name=\"twitter:data1\" content=\"1 minut\" \/>\n<!-- \/ Yoast SEO plugin. -->","yoast_head_json":{"title":"Oficina di\u00e1fana y luminosa en alquiler en Torre Meridian. Barcelona - Forcadell","robots":{"index":"index","follow":"follow","max-snippet":"max-snippet:-1","max-image-preview":"max-image-preview:large","max-video-preview":"max-video-preview:-1"},"canonical":"https:\/\/forcadell.com\/ca\/propiedades\/oficina-diafana-y-luminosa-en-alquiler-en-torre-meridian-barcelona-2\/","og_locale":"ca_ES","og_type":"article","og_title":"Oficina di\u00e1fana y luminosa en alquiler en Torre Meridian. Barcelona - Forcadell","og_description":"Descubre Torre Meridian, un exclusivo edificio de oficinas con una ubicaci\u00f3n privilegiada junto a la Av. Meridiana, el Centro Comercial Som Multiespai y El Corte Ingl\u00e9s Can Drag\u00f3. La ubicaci\u00f3n estrat\u00e9gica de Torre Meridian ofrece excelentes conexiones de transporte p\u00fablico, con cercan\u00eda a estaciones de tren de Renfe Cercan\u00edas, la estaci\u00f3n del Ave de Sagrera [&hellip;]","og_url":"https:\/\/forcadell.com\/ca\/propiedades\/oficina-diafana-y-luminosa-en-alquiler-en-torre-meridian-barcelona-2\/","og_site_name":"Forcadell","article_modified_time":"2026-04-27T21:00:31+00:00","twitter_card":"summary_large_image","twitter_misc":{"Temps estimat de lectura":"1 minut"},"schema":{"@context":"https:\/\/schema.org","@graph":[{"@type":"WebPage","@id":"https:\/\/forcadell.com\/ca\/propiedades\/oficina-diafana-y-luminosa-en-alquiler-en-torre-meridian-barcelona-2\/","url":"https:\/\/forcadell.com\/ca\/propiedades\/oficina-diafana-y-luminosa-en-alquiler-en-torre-meridian-barcelona-2\/","name":"Oficina di\u00e1fana y luminosa en alquiler en Torre Meridian. Barcelona - Forcadell","isPartOf":{"@id":"https:\/\/forcadell.com\/ca\/#website"},"datePublished":"2025-11-04T13:53:20+00:00","dateModified":"2026-04-27T21:00:31+00:00","breadcrumb":{"@id":"https:\/\/forcadell.com\/ca\/propiedades\/oficina-diafana-y-luminosa-en-alquiler-en-torre-meridian-barcelona-2\/#breadcrumb"},"inLanguage":"ca","potentialAction":[{"@type":"ReadAction","target":["https:\/\/forcadell.com\/ca\/propiedades\/oficina-diafana-y-luminosa-en-alquiler-en-torre-meridian-barcelona-2\/"]}]},{"@type":"BreadcrumbList","@id":"https:\/\/forcadell.com\/ca\/propiedades\/oficina-diafana-y-luminosa-en-alquiler-en-torre-meridian-barcelona-2\/#breadcrumb","itemListElement":[{"@type":"ListItem","position":1,"name":"Portada","item":"https:\/\/forcadell.com\/ca\/"},{"@type":"ListItem","position":2,"name":"Properties","item":"https:\/\/forcadell.com\/ca\/propiedades\/"},{"@type":"ListItem","position":3,"name":"Oficina di\u00e1fana y luminosa en alquiler en Torre Meridian. Barcelona"}]},{"@type":"WebSite","@id":"https:\/\/forcadell.com\/ca\/#website","url":"https:\/\/forcadell.com\/ca\/","name":"Forcadell","description":"Inmobiliaria Barcelona | Consultores inmobiliarios","potentialAction":[{"@type":"SearchAction","target":{"@type":"EntryPoint","urlTemplate":"https:\/\/forcadell.com\/ca\/?s={search_term_string}"},"query-input":{"@type":"PropertyValueSpecification","valueRequired":true,"valueName":"search_term_string"}}],"inLanguage":"ca"}]}},"_links":{"self":[{"href":"https:\/\/forcadell.com\/ca\/wp-json\/wp\/v2\/properties_post\/57508","targetHints":{"allow":["GET"]}}],"collection":[{"href":"https:\/\/forcadell.com\/ca\/wp-json\/wp\/v2\/properties_post"}],"about":[{"href":"https:\/\/forcadell.com\/ca\/wp-json\/wp\/v2\/types\/properties_post"}],"wp:attachment":[{"href":"https:\/\/forcadell.com\/ca\/wp-json\/wp\/v2\/media?parent=57508"}],"curies":[{"name":"wp","href":"https:\/\/api.w.org\/{rel}","templated":true}]}}