{"id":57492,"date":"2025-11-04T15:52:37","date_gmt":"2025-11-04T13:52:37","guid":{"rendered":"https:\/\/www.forcadell.com\/propiedades\/oficina-exterior-y-luminosa-en-lilla-diagonal-barcelona\/"},"modified":"2026-04-26T14:05:10","modified_gmt":"2026-04-26T12:05:10","slug":"oficina-exterior-y-luminosa-en-lilla-diagonal-barcelona","status":"publish","type":"properties_post","link":"https:\/\/forcadell.com\/ca\/propiedades\/oficina-exterior-y-luminosa-en-lilla-diagonal-barcelona\/","title":{"rendered":"Oficina exterior y luminosa en l&#8217;Illa Diagonal. Barcelona."},"content":{"rendered":"<p>Oficinas disponibles en el emblem\u00e1tico complejo L&#8217;Ila Diagonal, compuesto por 35.000 m\u00b2 de superficie comercial y 48.000 m\u00b2 de oficinas en zona Prime de oficinas de la ciudad, entre los distritos de Les Corts y Sarri\u00e0-Sant Gervasi. <\/p>\n<p>El m\u00f3dulo VII est\u00e1 actualmente en un proceso integral de reforma, incluyendo sus zonas comunes, para adaptarse a los est\u00e1ndares del mercado y estando prevista su finalizaci\u00f3n en el primer semestre de 2023. <\/p>\n<p>El edificio dispone de servicio de conserjer\u00eda a tiempo completo, seguridad 24\/365, control de accesos, accesos adaptados, ascensores, parking y espacios flex y salas de reuniones en el mismo edificio. <\/p>\n<p>Oficina en planta tercera. Di\u00e1fana, con ba\u00f1os e instalaciones totalmente renovados. Exterior y muy luminosa, con vistas panor\u00e1micas.<br \/>\nCuenta con climatizaci\u00f3n fr\u00edo-calor por conductos, pavimento t\u00e9cnico, ba\u00f1os privativos y falso techo met\u00e1lico con luminarias LED. <\/p>\n<p>Transporte p\u00fablico:<br \/>\nBus: 7, 33, 63, 67, 78<br \/>\nTram: T1-T2-T3<\/p>\n","protected":false},"template":"","class_list":["post-57492","properties_post","type-properties_post","status-publish","hentry","properties_modality-rent","properties_district-les-corts","properties_province-barcelona","properties_zone-cbd-diagonal-po-de-gracia","properties_state-barcelona","properties_subclass-oficina","properties_type-oficina"],"acf":{"post_type_properties_post_property_code":"230225","post_type_properties_post_property_reference":"IE-217652","post_type_properties_post_owner_id":"49736","post_type_properties_post_owner_name":"RENTAMAR S.A","post_type_properties_post_property_code_encrypted":"MjkkMTQ3OTI=","post_type_properties_post_published":"1","post_type_properties_post_property_visibility":"idealista","post_type_properties_post_contact_name":"Forcadell Oficinas Barcelona","post_type_properties_post_contact_email":"forcadell.oficinas.barcelona@movin.cloud","post_type_properties_post_contact_primary_phone_prefix":"34","post_type_properties_post_contact_primary_phone_number":"934965413","post_type_properties_post_address_visibility":"street","post_type_properties_post_address_country":"Spain","post_type_properties_post_address_coordinates_precision":"exact","post_type_properties_post_address_postal_code":"08029","post_type_properties_post_address_coordinates_latitude":"41.384827000002","post_type_properties_post_address_coordinates_longitude":"2.115062000002","post_type_properties_post_address_street_name":"AV Diagonal 545","post_type_properties_post_address_floor":"3","post_type_properties_post_address_town":"Barcelona","post_type_properties_post_building":null,"post_type_properties_post_property":[{"properties_post_description_language":"catalan","properties_post_title":"Oficina exterior i lluminosa a l'Illa Diagonal. Barcelona","properties_post_short_description_text_alt":"","properties_post_description_text_alt":"","properties_post_short_description_text":"Oficines disponibles a l'emblem\u00e0tic complex L'Ila Diagonal, compost per 35.000 m\u00b2 de superf\u00edcie comercial i 48.000 m\u00b2 d'oficines a la zona Prime d'oficines de la ciutat, entre els districtes de les Corts i Sarri\u00e0-Sant Gervasi. \n \nEl m\u00f2dul VII est\u00e0 actualment en un proc\u00e9s integral de reforma, incloent-hi les zones comunes, per adaptar-se als est\u00e0ndards del mercat i est\u00e0 prevista la seva finalitzaci\u00f3 el primer semestre del 2023. \n \nL'edifici disposa de servei de consergeria a temps complet, seguretat 24\/365, control d'accessos, accessos adaptats, ascensors, p\u00e0rquing i espais flex i sales de reunions al mateix edifici. \n \nOficina a planta tercera. Di\u00e0fana, amb banys i instal\u00b7lacions totalment renovats. Exterior i molt lluminosa, amb vistes panor\u00e0miques. \nCompte amb climatitzaci\u00f3 fred-calor per conductes, paviment t\u00e8cnic, banys privatius i fals sostre met\u00e0l\u00b7lic amb llumin\u00e0ries LED. \n \nTransport p\u00fablic: \nBus: 7, 33, 63, 67, 78 \nTram: T1-T2-T3","properties_post_link_demanda_inmueble":"https:\/\/movin.cloud\/ca\/Forcadell Oficinas Barcelona\/formulari-peticio-immoble\/sth\/2438&&230225","properties_post_link_demanda_calendario_inmueble":"https:\/\/movin.cloud\/ca\/Forcadell Oficinas Barcelona\/calendari-peticio-immoble\/sth\/2438&&230225","properties_post_description_text":"Oficines disponibles a l'emblem\u00e0tic complex L'Ila Diagonal, compost per 35.000 m\u00b2 de superf\u00edcie comercial i 48.000 m\u00b2 d'oficines a la zona Prime d'oficines de la ciutat, entre els districtes de les Corts i Sarri\u00e0-Sant Gervasi. \n \nEl m\u00f2dul VII est\u00e0 actualment en un proc\u00e9s integral de reforma, incloent-hi les zones comunes, per adaptar-se als est\u00e0ndards del mercat i est\u00e0 prevista la seva finalitzaci\u00f3 el primer semestre del 2023. \n \nL'edifici disposa de servei de consergeria a temps complet, seguretat 24\/365, control d'accessos, accessos adaptats, ascensors, p\u00e0rquing i espais flex i sales de reunions al mateix edifici. \n \nOficina a planta tercera. Di\u00e0fana, amb banys i instal\u00b7lacions totalment renovats. Exterior i molt lluminosa, amb vistes panor\u00e0miques. \nCompte amb climatitzaci\u00f3 fred-calor per conductes, paviment t\u00e8cnic, banys privatius i fals sostre met\u00e0l\u00b7lic amb llumin\u00e0ries LED. \n \nTransport p\u00fablic: \nBus: 7, 33, 63, 67, 78 \nTram: T1-T2-T3","properties_post_seo_title":"","properties_post_seo_alias":"","properties_post_seo_metadescription":"Oficina exterior i lluminosa a l'Illa Diagonal. Barcelona. Forcadell \u00e9s la seva ag\u00e8ncia de confian\u00e7a pel lloguer d'aquesta oficina.","properties_post_seo_key_words":"oficina zona prime Barcelona, zona prime oficina Barcelona, oficina zona prime","properties_post_seo_url":"","properties_post_terms_conditions":""},{"properties_post_description_language":"spanish","properties_post_title":"Oficina exterior y luminosa en l'Illa Diagonal. Barcelona.","properties_post_short_description_text_alt":"","properties_post_description_text_alt":"","properties_post_short_description_text":"Oficinas disponibles en el emblem\u00e1tico complejo L'Ila Diagonal, compuesto por 35.000 m\u00b2 de superficie comercial y 48.000 m\u00b2 de oficinas en zona Prime de oficinas de la ciudad, entre los distritos de Les Corts y Sarri\u00e0-Sant Gervasi. \n \nEl m\u00f3dulo VII est\u00e1 actualmente en un proceso integral de reforma, incluyendo sus zonas comunes, para adaptarse a los est\u00e1ndares del mercado y estando prevista su finalizaci\u00f3n en el primer semestre de 2023. \n \nEl edificio dispone de servicio de conserjer\u00eda a tiempo completo, seguridad 24\/365, control de accesos, accesos adaptados, ascensores, parking y espacios flex y salas de reuniones en el mismo edificio. \n \nOficina en planta tercera. Di\u00e1fana, con ba\u00f1os e instalaciones totalmente renovados. Exterior y muy luminosa, con vistas panor\u00e1micas. \nCuenta con climatizaci\u00f3n fr\u00edo-calor por conductos, pavimento t\u00e9cnico, ba\u00f1os privativos y falso techo met\u00e1lico con luminarias LED. \n \nTransporte p\u00fablico: \nBus: 7, 33, 63, 67, 78 \nTram: T1-T2-T3","properties_post_link_demanda_inmueble":"https:\/\/movin.cloud\/es\/Forcadell Oficinas Barcelona\/formulario-peticion-inmueble\/sth\/2438&&230225","properties_post_link_demanda_calendario_inmueble":"https:\/\/movin.cloud\/es\/Forcadell Oficinas Barcelona\/calendario-peticion-inmueble\/sth\/2438&&230225","properties_post_description_text":"Oficinas disponibles en el emblem\u00e1tico complejo L'Ila Diagonal, compuesto por 35.000 m\u00b2 de superficie comercial y 48.000 m\u00b2 de oficinas en zona Prime de oficinas de la ciudad, entre los distritos de Les Corts y Sarri\u00e0-Sant Gervasi. \n \nEl m\u00f3dulo VII est\u00e1 actualmente en un proceso integral de reforma, incluyendo sus zonas comunes, para adaptarse a los est\u00e1ndares del mercado y estando prevista su finalizaci\u00f3n en el primer semestre de 2023. \n \nEl edificio dispone de servicio de conserjer\u00eda a tiempo completo, seguridad 24\/365, control de accesos, accesos adaptados, ascensores, parking y espacios flex y salas de reuniones en el mismo edificio. \n \nOficina en planta tercera. Di\u00e1fana, con ba\u00f1os e instalaciones totalmente renovados. Exterior y muy luminosa, con vistas panor\u00e1micas. \nCuenta con climatizaci\u00f3n fr\u00edo-calor por conductos, pavimento t\u00e9cnico, ba\u00f1os privativos y falso techo met\u00e1lico con luminarias LED. \n \nTransporte p\u00fablico: \nBus: 7, 33, 63, 67, 78 \nTram: T1-T2-T3","properties_post_seo_title":"","properties_post_seo_alias":"","properties_post_seo_metadescription":"Oficina exterior y luminosa en l'Illa Diagonal. Barcelona. Forcadell es su agencia de confianza para el alquiler de esta oficina.","properties_post_seo_key_words":"oficina zona prime Barcelona, zona prime oficina Barcelona, oficina zona prime","properties_post_seo_url":"","properties_post_terms_conditions":""}],"post_type_properties_post_features_type":"office","post_type_properties_post_id_building":"MjkkMjc4MTM=","post_type_properties_post_features_area_constructed":1040,"post_type_properties_post_features_conditioned_air":true,"post_type_properties_post_features_doorman":false,"post_type_properties_post_features_heating":true,"post_type_properties_post_features_equipped_kitchen":false,"post_type_properties_post_features_windows_location":"exterior","post_type_properties_post_features_floors_property":false,"post_type_properties_post_features_storage":false,"post_type_properties_post_features_security_door":false,"post_type_properties_post_features_energy_certificate_rating":"A","post_type_properties_post_features_energy_certificate_emissions_rating":"A","post_type_properties_post_features_energy_certificate_emissions_value":"","post_type_properties_post_features_energy_certificate_performance":"","post_type_properties_post_features_bathroom_inside":true,"post_type_properties_post_precio":25480,"post_type_properties_post_precio_alquiler":25480,"post_type_properties_post_record_type_id":"Oficina","post_type_properties_post_categoria__producto":"Oficina","post_type_properties_post_amueblado":false,"post_type_properties_post_precio_m2":24.5,"post_type_properties_post_zona__comunitaria":false,"post_type_properties_post_electrodomesticos":false,"post_type_properties_post_patio__interior":false,"post_type_properties_post_certificado_energetico_general":"A","post_type_properties_post_certificado_energetico_consumo":"A","post_type_properties_post_certificado_energetico_valor_emisiones":"","post_type_properties_post_certificado_energetico_valor_consumo":"","post_type_properties_post_modalidad":"rent","post_type_properties_post_provincia":"Barcelona","post_type_properties_post_poblacion":"Barcelona","post_type_properties_post_centro__urbano":false,"post_type_properties_post_zonificacion":"CBD - Diagonal \/ P\u00ba de Gracia","post_type_properties_post_cartera":"","post_type_properties_post_titulo_catalan":"Oficina exterior i lluminosa a l'Illa Diagonal. Barcelona","post_type_properties_post_internet_catalan":"Oficines disponibles a l'emblem\u00e0tic complex L'Ila Diagonal, compost per 35.000 m\u00b2 de superf\u00edcie comercial i 48.000 m\u00b2 d'oficines a la zona Prime d'oficines de la ciutat, entre els districtes de les Corts i Sarri\u00e0-Sant Gervasi. \n \nEl m\u00f2dul VII est\u00e0 actualment en un proc\u00e9s integral de reforma, incloent-hi les zones comunes, per adaptar-se als est\u00e0ndards del mercat i est\u00e0 prevista la seva finalitzaci\u00f3 el primer semestre del 2023. \n \nL'edifici disposa de servei de consergeria a temps complet, seguretat 24\/365, control d'accessos, accessos adaptats, ascensors, p\u00e0rquing i espais flex i sales de reunions al mateix edifici. \n \nOficina a planta tercera. Di\u00e0fana, amb banys i instal\u00b7lacions totalment renovats. Exterior i molt lluminosa, amb vistes panor\u00e0miques. \nCompte amb climatitzaci\u00f3 fred-calor per conductes, paviment t\u00e8cnic, banys privatius i fals sostre met\u00e0l\u00b7lic amb llumin\u00e0ries LED. \n \nTransport p\u00fablic: \nBus: 7, 33, 63, 67, 78 \nTram: T1-T2-T3","post_type_properties_post_titulo_castellano":"Oficina exterior y luminosa en l'Illa Diagonal. Barcelona.","post_type_properties_post_internet_castellano":"Oficinas disponibles en el emblem\u00e1tico complejo L'Ila Diagonal, compuesto por 35.000 m\u00b2 de superficie comercial y 48.000 m\u00b2 de oficinas en zona Prime de oficinas de la ciudad, entre los distritos de Les Corts y Sarri\u00e0-Sant Gervasi. \n \nEl m\u00f3dulo VII est\u00e1 actualmente en un proceso integral de reforma, incluyendo sus zonas comunes, para adaptarse a los est\u00e1ndares del mercado y estando prevista su finalizaci\u00f3n en el primer semestre de 2023. \n \nEl edificio dispone de servicio de conserjer\u00eda a tiempo completo, seguridad 24\/365, control de accesos, accesos adaptados, ascensores, parking y espacios flex y salas de reuniones en el mismo edificio. \n \nOficina en planta tercera. Di\u00e1fana, con ba\u00f1os e instalaciones totalmente renovados. Exterior y muy luminosa, con vistas panor\u00e1micas. \nCuenta con climatizaci\u00f3n fr\u00edo-calor por conductos, pavimento t\u00e9cnico, ba\u00f1os privativos y falso techo met\u00e1lico con luminarias LED. \n \nTransporte p\u00fablico: \nBus: 7, 33, 63, 67, 78 \nTram: T1-T2-T3","post_type_properties_post_titulo_ingles":"","post_type_properties_post_internet_ingles":"","post_type_properties_post_features_classification_commercial":false,"post_type_properties_post_features_conservation":"","post_type_properties_post_features_security_personnel":false,"post_type_properties_post_features_parking_available":false,"post_type_properties_post_features_garage_capacity_type":"","post_type_properties_post_features_bathroom_number":"","post_type_properties_post_eje":"","post_type_properties_post_zona":"","post_type_properties_post_comarca":"","post_type_properties_post_features_built_year":"","post_type_properties_post_renta_mensual":25480,"post_type_properties_post_fianza":"","post_type_properties_post_features_area_plot":"","post_type_properties_post_features_area_buildable":"","post_type_properties_post_features_classification_industrial":false,"post_type_properties_post_distrito":"","post_type_properties_post_features_balcony":false,"post_type_properties_post_features_bedroom_number":"","post_type_properties_post_features_heating_type":"","post_type_properties_post_features_equipped_with_furniture":false,"post_type_properties_post_features_pets_allowed":false,"post_type_properties_post_features_pool":false,"post_type_properties_post_features_terrace":false,"post_type_properties_post_features_wardrobes":false,"post_type_properties_post_features_lift_available":false,"post_type_properties_post_features_handicap_adapted_access":false,"post_type_properties_post_features_orientation_east":false,"post_type_properties_post_features_orientation_west":false,"post_type_properties_post_features_orientation_north":false,"post_type_properties_post_features_orientation_south":false,"post_type_properties_post_features_parking_spaces_number":"","post_type_properties_post_features_security_alarm":false,"post_type_properties_post_features_security_system":false,"post_type_properties_post_open_plan":false,"post_type_properties_post_acceso_24_7":false,"post_type_properties_post_oficina_privada":false,"post_type_properties_post_sala_reuniones":false,"post_type_properties_post_espacio_eventos":false,"post_type_properties_post_office":false,"post_type_properties_post_restaurant":false,"post_type_properties_post_acepta_traspaso":false,"post_type_properties_post_vigilancia":false,"post_type_properties_post_features_suite":false,"post_type_properties_post_features_vitro":false,"post_type_properties_post_features_oven":false,"post_type_properties_post_features_microwave":false,"post_type_properties_post_features_washing_machine":false,"post_type_properties_post_features_dryer":false,"post_type_properties_post_features_dishwasher":false,"post_type_properties_post_features_fridge":false,"post_type_properties_post_features_fridge_mini":false,"post_type_properties_post_features_kettle":false,"post_type_properties_post_features_toaster":false,"post_type_properties_post_features_coffee_maker":false,"post_type_properties_post_features_iron":false,"post_type_properties_post_features_ironing_board":false,"post_type_properties_post_features_safe":false,"post_type_properties_post_features_internet":false,"post_type_properties_post_features_solarium":false,"post_type_properties_post_features_clean_service":false,"post_type_properties_post_features_t_v":false,"post_type_properties_post_features_satellite_t_v":false,"post_type_properties_post_features_gas_kitchen":false,"post_type_properties_post_features_view_mountain":true,"post_type_properties_post_features_view_sea":false,"post_type_properties_post_features_concierge":false,"post_type_properties_post_features_loading_dock":false,"post_type_properties_post_features_bridge_crane":false,"post_type_properties_post_features_located_at_corner":false,"post_type_properties_post_features_smoke_extraction":false,"post_type_properties_post_features_rooms":"","post_type_properties_post_features_garden_area":"","post_type_properties_post_features_utilities_water":false,"post_type_properties_post_features_utilities_electricity":false,"post_type_properties_post_features_utilities_natural_gas":false,"post_type_properties_post_features_building_adapted":false,"post_type_properties_post_features_garden":false,"post_type_properties_post_features_classification_hotel":false,"post_type_properties_post_features_classification_chalet":false,"post_type_properties_post_certificado_energetico_emisiones":"A","post_type_properties_post_barrio":"","post_type_properties_post_distrito_empresa":"Les Corts","post_type_properties_post_features_property_category_intern":"","post_type_properties_post_implantada":false,"post_type_properties_post_sello_leed":"","post_type_properties_post_sello_well":"","post_type_properties_post_sello_breeam":false,"post_type_properties_post_images":[{"properties_post_image_order":2,"properties_post_image_url":"https:\/\/movin.cloud\/empresas\/2438\/imagenes\/230225\/alquiler-idealistas.webp","properties_post_image_url_thumbnail":"https:\/\/movin.cloud\/empresas\/2438\/imagenes\/thumbnails\/230225\/alquiler-idealistas.webp","properties_post_title":"alquiler idealistas","properties_post_alt":"alquiler idealistas"},{"properties_post_image_order":3,"properties_post_image_url":"https:\/\/movin.cloud\/empresas\/2438\/imagenes\/230225\/alquiler-idealistas-barcelona.webp","properties_post_image_url_thumbnail":"https:\/\/movin.cloud\/empresas\/2438\/imagenes\/thumbnails\/230225\/alquiler-idealistas-barcelona.webp","properties_post_title":"alquiler idealistas barcelona","properties_post_alt":"alquiler idealistas barcelona"},{"properties_post_image_order":4,"properties_post_image_url":"https:\/\/movin.cloud\/empresas\/2438\/imagenes\/230225\/habitalia-barcelona.webp","properties_post_image_url_thumbnail":"https:\/\/movin.cloud\/empresas\/2438\/imagenes\/thumbnails\/230225\/habitalia-barcelona.webp","properties_post_title":"habitalia barcelona","properties_post_alt":"habitalia barcelona"},{"properties_post_image_order":5,"properties_post_image_url":"https:\/\/movin.cloud\/empresas\/2438\/imagenes\/230225\/habitalia.webp","properties_post_image_url_thumbnail":"https:\/\/movin.cloud\/empresas\/2438\/imagenes\/thumbnails\/230225\/habitalia.webp","properties_post_title":"habitalia","properties_post_alt":"habitalia"},{"properties_post_image_order":6,"properties_post_image_url":"https:\/\/movin.cloud\/empresas\/2438\/imagenes\/230225\/alquiler-barcelona.webp","properties_post_image_url_thumbnail":"https:\/\/movin.cloud\/empresas\/2438\/imagenes\/thumbnails\/230225\/alquiler-barcelona.webp","properties_post_title":"alquiler barcelona","properties_post_alt":"alquiler barcelona"},{"properties_post_image_order":7,"properties_post_image_url":"https:\/\/movin.cloud\/empresas\/2438\/imagenes\/230225\/alquiler-para-idealista.webp","properties_post_image_url_thumbnail":"https:\/\/movin.cloud\/empresas\/2438\/imagenes\/thumbnails\/230225\/alquiler-para-idealista.webp","properties_post_title":"alquiler para idealista","properties_post_alt":"alquiler para idealista"}],"post_type_properties_post_videos":null,"post_type_properties_post_tour":null,"post_type_properties_post_dossier_url":"","post_type_properties_post_operation_type":"rent","post_type_properties_post_operation_price":25480,"post_type_properties_post_features_hidden_price":false},"yoast_head":"<!-- This site is optimized with the Yoast SEO plugin v25.6 - https:\/\/yoast.com\/wordpress\/plugins\/seo\/ -->\n<title>Oficina exterior y luminosa en l&#039;Illa Diagonal. Barcelona. - Forcadell<\/title>\n<meta name=\"robots\" content=\"index, follow, max-snippet:-1, max-image-preview:large, max-video-preview:-1\" \/>\n<link rel=\"canonical\" href=\"https:\/\/forcadell.com\/ca\/propiedades\/oficina-exterior-y-luminosa-en-lilla-diagonal-barcelona\/\" \/>\n<meta property=\"og:locale\" content=\"ca_ES\" \/>\n<meta property=\"og:type\" content=\"article\" \/>\n<meta property=\"og:title\" content=\"Oficina exterior y luminosa en l&#039;Illa Diagonal. Barcelona. - Forcadell\" \/>\n<meta property=\"og:description\" content=\"Oficinas disponibles en el emblem\u00e1tico complejo L&#8217;Ila Diagonal, compuesto por 35.000 m\u00b2 de superficie comercial y 48.000 m\u00b2 de oficinas en zona Prime de oficinas de la ciudad, entre los distritos de Les Corts y Sarri\u00e0-Sant Gervasi. El m\u00f3dulo VII est\u00e1 actualmente en un proceso integral de reforma, incluyendo sus zonas comunes, para adaptarse a [&hellip;]\" \/>\n<meta property=\"og:url\" content=\"https:\/\/forcadell.com\/ca\/propiedades\/oficina-exterior-y-luminosa-en-lilla-diagonal-barcelona\/\" \/>\n<meta property=\"og:site_name\" content=\"Forcadell\" \/>\n<meta property=\"article:modified_time\" content=\"2026-04-26T12:05:10+00:00\" \/>\n<meta name=\"twitter:card\" content=\"summary_large_image\" \/>\n<meta name=\"twitter:label1\" content=\"Temps estimat de lectura\" \/>\n\t<meta name=\"twitter:data1\" content=\"1 minut\" \/>\n<!-- \/ Yoast SEO plugin. -->","yoast_head_json":{"title":"Oficina exterior y luminosa en l'Illa Diagonal. Barcelona. - Forcadell","robots":{"index":"index","follow":"follow","max-snippet":"max-snippet:-1","max-image-preview":"max-image-preview:large","max-video-preview":"max-video-preview:-1"},"canonical":"https:\/\/forcadell.com\/ca\/propiedades\/oficina-exterior-y-luminosa-en-lilla-diagonal-barcelona\/","og_locale":"ca_ES","og_type":"article","og_title":"Oficina exterior y luminosa en l'Illa Diagonal. Barcelona. - Forcadell","og_description":"Oficinas disponibles en el emblem\u00e1tico complejo L&#8217;Ila Diagonal, compuesto por 35.000 m\u00b2 de superficie comercial y 48.000 m\u00b2 de oficinas en zona Prime de oficinas de la ciudad, entre los distritos de Les Corts y Sarri\u00e0-Sant Gervasi. El m\u00f3dulo VII est\u00e1 actualmente en un proceso integral de reforma, incluyendo sus zonas comunes, para adaptarse a [&hellip;]","og_url":"https:\/\/forcadell.com\/ca\/propiedades\/oficina-exterior-y-luminosa-en-lilla-diagonal-barcelona\/","og_site_name":"Forcadell","article_modified_time":"2026-04-26T12:05:10+00:00","twitter_card":"summary_large_image","twitter_misc":{"Temps estimat de lectura":"1 minut"},"schema":{"@context":"https:\/\/schema.org","@graph":[{"@type":"WebPage","@id":"https:\/\/forcadell.com\/ca\/propiedades\/oficina-exterior-y-luminosa-en-lilla-diagonal-barcelona\/","url":"https:\/\/forcadell.com\/ca\/propiedades\/oficina-exterior-y-luminosa-en-lilla-diagonal-barcelona\/","name":"Oficina exterior y luminosa en l'Illa Diagonal. Barcelona. - Forcadell","isPartOf":{"@id":"https:\/\/forcadell.com\/ca\/#website"},"datePublished":"2025-11-04T13:52:37+00:00","dateModified":"2026-04-26T12:05:10+00:00","breadcrumb":{"@id":"https:\/\/forcadell.com\/ca\/propiedades\/oficina-exterior-y-luminosa-en-lilla-diagonal-barcelona\/#breadcrumb"},"inLanguage":"ca","potentialAction":[{"@type":"ReadAction","target":["https:\/\/forcadell.com\/ca\/propiedades\/oficina-exterior-y-luminosa-en-lilla-diagonal-barcelona\/"]}]},{"@type":"BreadcrumbList","@id":"https:\/\/forcadell.com\/ca\/propiedades\/oficina-exterior-y-luminosa-en-lilla-diagonal-barcelona\/#breadcrumb","itemListElement":[{"@type":"ListItem","position":1,"name":"Portada","item":"https:\/\/forcadell.com\/ca\/"},{"@type":"ListItem","position":2,"name":"Properties","item":"https:\/\/forcadell.com\/ca\/propiedades\/"},{"@type":"ListItem","position":3,"name":"Oficina exterior y luminosa en l&#8217;Illa Diagonal. Barcelona."}]},{"@type":"WebSite","@id":"https:\/\/forcadell.com\/ca\/#website","url":"https:\/\/forcadell.com\/ca\/","name":"Forcadell","description":"Inmobiliaria Barcelona | Consultores inmobiliarios","potentialAction":[{"@type":"SearchAction","target":{"@type":"EntryPoint","urlTemplate":"https:\/\/forcadell.com\/ca\/?s={search_term_string}"},"query-input":{"@type":"PropertyValueSpecification","valueRequired":true,"valueName":"search_term_string"}}],"inLanguage":"ca"}]}},"_links":{"self":[{"href":"https:\/\/forcadell.com\/ca\/wp-json\/wp\/v2\/properties_post\/57492"}],"collection":[{"href":"https:\/\/forcadell.com\/ca\/wp-json\/wp\/v2\/properties_post"}],"about":[{"href":"https:\/\/forcadell.com\/ca\/wp-json\/wp\/v2\/types\/properties_post"}],"wp:attachment":[{"href":"https:\/\/forcadell.com\/ca\/wp-json\/wp\/v2\/media?parent=57492"}],"curies":[{"name":"wp","href":"https:\/\/api.w.org\/{rel}","templated":true}]}}