{"id":57481,"date":"2025-11-04T15:51:56","date_gmt":"2025-11-04T13:51:56","guid":{"rendered":"https:\/\/www.forcadell.com\/propiedades\/oficina-con-vistas-panoramicas-en-torre-marenostrum-pl-del-gas-barcelona\/"},"modified":"2026-04-27T08:02:55","modified_gmt":"2026-04-27T06:02:55","slug":"oficina-con-vistas-panoramicas-en-torre-marenostrum-pl-del-gas-barcelona","status":"publish","type":"properties_post","link":"https:\/\/forcadell.com\/ca\/propiedades\/oficina-con-vistas-panoramicas-en-torre-marenostrum-pl-del-gas-barcelona\/","title":{"rendered":"TORRE MARENOSTRUM"},"content":{"rendered":"<p>Descubre Torre Marenostrum, uno de los edificios m\u00e1s singulares y destacados del skyline de Barcelona, que ha dejado una huella significativa en la ciudad en los \u00faltimos a\u00f1os.<\/p>\n<p>Este impresionante edificio cuenta con una fachada acristalada que lo distingue, brindando una vista espectacular tanto desde el interior como desde el exterior. Adem\u00e1s, ofrece un sistema de control de acceso, seguridad las 24 horas y servicio de conserjer\u00eda para garantizar la tranquilidad y comodidad de sus ocupantes.<\/p>\n<p>Las oficinas en Torre Marenostrum est\u00e1n dise\u00f1adas para ofrecer un entorno de trabajo moderno y eficiente, con caracter\u00edsticas como aire acondicionado, detecci\u00f3n de incendios, ascensores y parking en el mismo edificio para mayor conveniencia.<\/p>\n<p>Cada planta es di\u00e1fana y totalmente exterior, aprovechando al m\u00e1ximo la excelente luz natural que brinda. Con falso techo, suelo t\u00e9cnico y luminarias LED empotradas, el espacio est\u00e1 equipado con acabados e instalaciones de calidad excepcional. Adem\u00e1s, cuenta con aseos privados para mayor comodidad.<\/p>\n<p>En cuanto a transporte p\u00fablico, Torre Marenostrum est\u00e1 bien conectada con autobuses y la estaci\u00f3n de metro L4 &#8220;Vila Ol\u00edmpica&#8221;, facilitando el acceso desde diferentes partes de la ciudad.<\/p>\n<p>Con una ubicaci\u00f3n excepcional en el frente mar\u00edtimo y en una zona de actividad comercial, Torre Marenostrum ofrece inmejorables comunicaciones y se presenta como una opci\u00f3n ideal para empresas que buscan un espacio de oficina moderno y bien ubicado en Barcelona.<\/p>\n","protected":false},"template":"","class_list":["post-57481","properties_post","type-properties_post","status-publish","hentry","properties_modality-rent","properties_district-ciutat-vella","properties_province-barcelona","properties_zone-centro","properties_state-barcelona","properties_subclass-oficina","properties_type-oficina"],"acf":{"post_type_properties_post_property_code":"230068","post_type_properties_post_property_reference":"IE-216961","post_type_properties_post_owner_id":"50223","post_type_properties_post_owner_name":"INMOBILIARIA COLONIAL - SOCIMI SA","post_type_properties_post_property_code_encrypted":"MjkkMTQ2MzU=","post_type_properties_post_published":"1","post_type_properties_post_property_visibility":"idealista","post_type_properties_post_contact_name":"Forcadell Oficinas Barcelona","post_type_properties_post_contact_email":"forcadell.oficinas.barcelona@movin.cloud","post_type_properties_post_contact_primary_phone_prefix":"34","post_type_properties_post_contact_primary_phone_number":"934965413","post_type_properties_post_address_visibility":"street","post_type_properties_post_address_country":"Spain","post_type_properties_post_address_coordinates_precision":"exact","post_type_properties_post_address_postal_code":"08003","post_type_properties_post_address_coordinates_latitude":"41.383306000002","post_type_properties_post_address_coordinates_longitude":"2.189672000002","post_type_properties_post_address_street_name":"Pla\u00e7a del Gas, 1","post_type_properties_post_address_floor":"11","post_type_properties_post_address_town":"Barcelona","post_type_properties_post_building":null,"post_type_properties_post_property":[{"properties_post_description_language":"catalan","properties_post_title":"TORRE MARENOSTRUM","properties_post_short_description_text_alt":"","properties_post_description_text_alt":"","properties_post_short_description_text":" ","properties_post_link_demanda_inmueble":"https:\/\/movin.cloud\/ca\/Forcadell Oficinas Barcelona\/formulari-peticio-immoble\/sth\/2438&&230068","properties_post_link_demanda_calendario_inmueble":"https:\/\/movin.cloud\/ca\/Forcadell Oficinas Barcelona\/calendari-peticio-immoble\/sth\/2438&&230068","properties_post_description_text":"Descobreix Torre Marenostrum, un dels edificis m\u00e9s singulars i destacats de l'skyline de Barcelona, que ha deixat una empremta significativa a la ciutat els darrers anys.\n\nAquest impressionant edifici compta amb una fa\u00e7ana de vidre que el distingeix, i ofereix una vista espectacular tant des de l'interior com des de l'exterior. A m\u00e9s, ofereix un sistema de control d'acc\u00e9s, seguretat les 24 hores i servei de consergeria per garantir la tranquil\u00b7litat i la comoditat dels seus ocupants.\n\nLes oficines a Torre Marenostrum estan dissenyades per oferir un entorn de treball modern i eficient, amb caracter\u00edstiques com aire condicionat, detecci\u00f3 d'incendis, ascensors i p\u00e0rquing al mateix edifici per a m\u00e9s conveni\u00e8ncia.\n\nCada planta \u00e9s di\u00e0fana i totalment exterior, aprofitant al m\u00e0xim la llum natural que brinda. Amb fals sostre, terra t\u00e8cnic i llumin\u00e0ries LED encastades, l'espai est\u00e0 equipat amb acabats i instal\u00b7lacions de qualitat excepcional. A m\u00e9s, compta amb lavabos privats per a m\u00e9s comoditat.\n\nPel que fa a transport p\u00fablic, Torre Marenostrum est\u00e0 ben connectada amb autobusos i l'estaci\u00f3 de metro L4 \"Vila Ol\u00edmpica\", facilitant l'acc\u00e9s des de diferents parts de la ciutat.\n\nAmb una ubicaci\u00f3 excepcional al front mar\u00edtim i en una zona d'activitat comercial, Torre Marenostrum ofereix comunicacions immillorables i es presenta com una opci\u00f3 ideal per a empreses que busquen un espai d'oficina modern i ben ubicat a Barcelona.","properties_post_seo_title":"","properties_post_seo_alias":"","properties_post_seo_metadescription":"","properties_post_seo_key_words":"","properties_post_seo_url":"","properties_post_terms_conditions":""},{"properties_post_description_language":"spanish","properties_post_title":"TORRE MARENOSTRUM","properties_post_short_description_text_alt":"","properties_post_description_text_alt":"","properties_post_short_description_text":" ","properties_post_link_demanda_inmueble":"https:\/\/movin.cloud\/es\/Forcadell Oficinas Barcelona\/formulario-peticion-inmueble\/sth\/2438&&230068","properties_post_link_demanda_calendario_inmueble":"https:\/\/movin.cloud\/es\/Forcadell Oficinas Barcelona\/calendario-peticion-inmueble\/sth\/2438&&230068","properties_post_description_text":"\nDescubre Torre Marenostrum, uno de los edificios m\u00e1s singulares y destacados del skyline de Barcelona, que ha dejado una huella significativa en la ciudad en los \u00faltimos a\u00f1os.\n\nEste impresionante edificio cuenta con una fachada acristalada que lo distingue, brindando una vista espectacular tanto desde el interior como desde el exterior. Adem\u00e1s, ofrece un sistema de control de acceso, seguridad las 24 horas y servicio de conserjer\u00eda para garantizar la tranquilidad y comodidad de sus ocupantes.\n\nLas oficinas en Torre Marenostrum est\u00e1n dise\u00f1adas para ofrecer un entorno de trabajo moderno y eficiente, con caracter\u00edsticas como aire acondicionado, detecci\u00f3n de incendios, ascensores y parking en el mismo edificio para mayor conveniencia.\n\nCada planta es di\u00e1fana y totalmente exterior, aprovechando al m\u00e1ximo la excelente luz natural que brinda. Con falso techo, suelo t\u00e9cnico y luminarias LED empotradas, el espacio est\u00e1 equipado con acabados e instalaciones de calidad excepcional. Adem\u00e1s, cuenta con aseos privados para mayor comodidad.\n\nEn cuanto a transporte p\u00fablico, Torre Marenostrum est\u00e1 bien conectada con autobuses y la estaci\u00f3n de metro L4 \"Vila Ol\u00edmpica\", facilitando el acceso desde diferentes partes de la ciudad.\n\nCon una ubicaci\u00f3n excepcional en el frente mar\u00edtimo y en una zona de actividad comercial, Torre Marenostrum ofrece inmejorables comunicaciones y se presenta como una opci\u00f3n ideal para empresas que buscan un espacio de oficina moderno y bien ubicado en Barcelona.","properties_post_seo_title":"","properties_post_seo_alias":"","properties_post_seo_metadescription":"","properties_post_seo_key_words":"","properties_post_seo_url":"","properties_post_terms_conditions":""}],"post_type_properties_post_features_type":"office","post_type_properties_post_id_building":"MjkkMjc3NDQ=","post_type_properties_post_features_area_constructed":945,"post_type_properties_post_features_conditioned_air":true,"post_type_properties_post_features_doorman":false,"post_type_properties_post_features_heating":true,"post_type_properties_post_features_equipped_kitchen":false,"post_type_properties_post_features_windows_location":"exterior","post_type_properties_post_features_floors_property":false,"post_type_properties_post_features_storage":false,"post_type_properties_post_features_security_door":false,"post_type_properties_post_features_energy_certificate_rating":"A","post_type_properties_post_features_energy_certificate_emissions_rating":"A","post_type_properties_post_features_energy_certificate_emissions_value":"","post_type_properties_post_features_energy_certificate_performance":"","post_type_properties_post_features_bathroom_inside":true,"post_type_properties_post_precio":21735,"post_type_properties_post_precio_alquiler":21735,"post_type_properties_post_record_type_id":"Oficina","post_type_properties_post_categoria__producto":"Oficina","post_type_properties_post_amueblado":false,"post_type_properties_post_precio_m2":23,"post_type_properties_post_zona__comunitaria":false,"post_type_properties_post_electrodomesticos":false,"post_type_properties_post_patio__interior":false,"post_type_properties_post_certificado_energetico_general":"A","post_type_properties_post_certificado_energetico_consumo":"A","post_type_properties_post_certificado_energetico_valor_emisiones":"","post_type_properties_post_certificado_energetico_valor_consumo":"","post_type_properties_post_modalidad":"rent","post_type_properties_post_provincia":"Barcelona","post_type_properties_post_poblacion":"Barcelona","post_type_properties_post_centro__urbano":false,"post_type_properties_post_zonificacion":"Centro","post_type_properties_post_cartera":"","post_type_properties_post_titulo_catalan":"TORRE MARENOSTRUM","post_type_properties_post_internet_catalan":"Descobreix Torre Marenostrum, un dels edificis m\u00e9s singulars i destacats de l'skyline de Barcelona, que ha deixat una empremta significativa a la ciutat els darrers anys.\n\nAquest impressionant edifici compta amb una fa\u00e7ana de vidre que el distingeix, i ofereix una vista espectacular tant des de l'interior com des de l'exterior. A m\u00e9s, ofereix un sistema de control d'acc\u00e9s, seguretat les 24 hores i servei de consergeria per garantir la tranquil\u00b7litat i la comoditat dels seus ocupants.\n\nLes oficines a Torre Marenostrum estan dissenyades per oferir un entorn de treball modern i eficient, amb caracter\u00edstiques com aire condicionat, detecci\u00f3 d'incendis, ascensors i p\u00e0rquing al mateix edifici per a m\u00e9s conveni\u00e8ncia.\n\nCada planta \u00e9s di\u00e0fana i totalment exterior, aprofitant al m\u00e0xim la llum natural que brinda. Amb fals sostre, terra t\u00e8cnic i llumin\u00e0ries LED encastades, l'espai est\u00e0 equipat amb acabats i instal\u00b7lacions de qualitat excepcional. A m\u00e9s, compta amb lavabos privats per a m\u00e9s comoditat.\n\nPel que fa a transport p\u00fablic, Torre Marenostrum est\u00e0 ben connectada amb autobusos i l'estaci\u00f3 de metro L4 \"Vila Ol\u00edmpica\", facilitant l'acc\u00e9s des de diferents parts de la ciutat.\n\nAmb una ubicaci\u00f3 excepcional al front mar\u00edtim i en una zona d'activitat comercial, Torre Marenostrum ofereix comunicacions immillorables i es presenta com una opci\u00f3 ideal per a empreses que busquen un espai d'oficina modern i ben ubicat a Barcelona.","post_type_properties_post_titulo_castellano":"TORRE MARENOSTRUM","post_type_properties_post_internet_castellano":"\nDescubre Torre Marenostrum, uno de los edificios m\u00e1s singulares y destacados del skyline de Barcelona, que ha dejado una huella significativa en la ciudad en los \u00faltimos a\u00f1os.\n\nEste impresionante edificio cuenta con una fachada acristalada que lo distingue, brindando una vista espectacular tanto desde el interior como desde el exterior. Adem\u00e1s, ofrece un sistema de control de acceso, seguridad las 24 horas y servicio de conserjer\u00eda para garantizar la tranquilidad y comodidad de sus ocupantes.\n\nLas oficinas en Torre Marenostrum est\u00e1n dise\u00f1adas para ofrecer un entorno de trabajo moderno y eficiente, con caracter\u00edsticas como aire acondicionado, detecci\u00f3n de incendios, ascensores y parking en el mismo edificio para mayor conveniencia.\n\nCada planta es di\u00e1fana y totalmente exterior, aprovechando al m\u00e1ximo la excelente luz natural que brinda. Con falso techo, suelo t\u00e9cnico y luminarias LED empotradas, el espacio est\u00e1 equipado con acabados e instalaciones de calidad excepcional. Adem\u00e1s, cuenta con aseos privados para mayor comodidad.\n\nEn cuanto a transporte p\u00fablico, Torre Marenostrum est\u00e1 bien conectada con autobuses y la estaci\u00f3n de metro L4 \"Vila Ol\u00edmpica\", facilitando el acceso desde diferentes partes de la ciudad.\n\nCon una ubicaci\u00f3n excepcional en el frente mar\u00edtimo y en una zona de actividad comercial, Torre Marenostrum ofrece inmejorables comunicaciones y se presenta como una opci\u00f3n ideal para empresas que buscan un espacio de oficina moderno y bien ubicado en Barcelona.","post_type_properties_post_titulo_ingles":"","post_type_properties_post_internet_ingles":"","post_type_properties_post_features_classification_commercial":false,"post_type_properties_post_features_conservation":"","post_type_properties_post_features_security_personnel":false,"post_type_properties_post_features_parking_available":false,"post_type_properties_post_features_garage_capacity_type":"","post_type_properties_post_features_bathroom_number":"","post_type_properties_post_eje":"","post_type_properties_post_zona":"","post_type_properties_post_comarca":"","post_type_properties_post_features_built_year":"","post_type_properties_post_renta_mensual":21735,"post_type_properties_post_fianza":"","post_type_properties_post_features_area_plot":"","post_type_properties_post_features_area_buildable":"","post_type_properties_post_features_classification_industrial":false,"post_type_properties_post_distrito":"","post_type_properties_post_features_balcony":false,"post_type_properties_post_features_bedroom_number":"","post_type_properties_post_features_heating_type":"","post_type_properties_post_features_equipped_with_furniture":false,"post_type_properties_post_features_pets_allowed":false,"post_type_properties_post_features_pool":false,"post_type_properties_post_features_terrace":false,"post_type_properties_post_features_wardrobes":false,"post_type_properties_post_features_lift_available":false,"post_type_properties_post_features_handicap_adapted_access":false,"post_type_properties_post_features_orientation_east":false,"post_type_properties_post_features_orientation_west":false,"post_type_properties_post_features_orientation_north":false,"post_type_properties_post_features_orientation_south":false,"post_type_properties_post_features_parking_spaces_number":"","post_type_properties_post_features_security_alarm":false,"post_type_properties_post_features_security_system":false,"post_type_properties_post_open_plan":false,"post_type_properties_post_acceso_24_7":false,"post_type_properties_post_oficina_privada":false,"post_type_properties_post_sala_reuniones":false,"post_type_properties_post_espacio_eventos":false,"post_type_properties_post_office":false,"post_type_properties_post_restaurant":false,"post_type_properties_post_acepta_traspaso":false,"post_type_properties_post_vigilancia":false,"post_type_properties_post_features_suite":false,"post_type_properties_post_features_vitro":false,"post_type_properties_post_features_oven":false,"post_type_properties_post_features_microwave":false,"post_type_properties_post_features_washing_machine":false,"post_type_properties_post_features_dryer":false,"post_type_properties_post_features_dishwasher":false,"post_type_properties_post_features_fridge":false,"post_type_properties_post_features_fridge_mini":false,"post_type_properties_post_features_kettle":false,"post_type_properties_post_features_toaster":false,"post_type_properties_post_features_coffee_maker":false,"post_type_properties_post_features_iron":false,"post_type_properties_post_features_ironing_board":false,"post_type_properties_post_features_safe":false,"post_type_properties_post_features_internet":false,"post_type_properties_post_features_solarium":false,"post_type_properties_post_features_clean_service":false,"post_type_properties_post_features_t_v":false,"post_type_properties_post_features_satellite_t_v":false,"post_type_properties_post_features_gas_kitchen":false,"post_type_properties_post_features_view_mountain":false,"post_type_properties_post_features_view_sea":false,"post_type_properties_post_features_concierge":false,"post_type_properties_post_features_loading_dock":false,"post_type_properties_post_features_bridge_crane":false,"post_type_properties_post_features_located_at_corner":false,"post_type_properties_post_features_smoke_extraction":false,"post_type_properties_post_features_rooms":"","post_type_properties_post_features_garden_area":"","post_type_properties_post_features_utilities_water":false,"post_type_properties_post_features_utilities_electricity":false,"post_type_properties_post_features_utilities_natural_gas":false,"post_type_properties_post_features_building_adapted":false,"post_type_properties_post_features_garden":false,"post_type_properties_post_features_classification_hotel":false,"post_type_properties_post_features_classification_chalet":false,"post_type_properties_post_certificado_energetico_emisiones":"A","post_type_properties_post_barrio":"","post_type_properties_post_distrito_empresa":"Ciutat Vella","post_type_properties_post_features_property_category_intern":"","post_type_properties_post_implantada":false,"post_type_properties_post_sello_leed":"","post_type_properties_post_sello_well":"","post_type_properties_post_sello_breeam":true,"post_type_properties_post_images":[{"properties_post_image_order":1,"properties_post_image_url":"https:\/\/movin.cloud\/empresas\/2438\/imagenes\/230068\/viviendas-barcelona.webp","properties_post_image_url_thumbnail":"https:\/\/movin.cloud\/empresas\/2438\/imagenes\/thumbnails\/230068\/viviendas-barcelona.webp","properties_post_title":"viviendas barcelona","properties_post_alt":"viviendas barcelona"},{"properties_post_image_order":2,"properties_post_image_url":"https:\/\/movin.cloud\/empresas\/2438\/imagenes\/230068\/inmobiliaria.webp","properties_post_image_url_thumbnail":"https:\/\/movin.cloud\/empresas\/2438\/imagenes\/thumbnails\/230068\/inmobiliaria.webp","properties_post_title":"inmobiliaria","properties_post_alt":"inmobiliaria"},{"properties_post_image_order":3,"properties_post_image_url":"https:\/\/movin.cloud\/empresas\/2438\/imagenes\/230068\/fincas.webp","properties_post_image_url_thumbnail":"https:\/\/movin.cloud\/empresas\/2438\/imagenes\/thumbnails\/230068\/fincas.webp","properties_post_title":"fincas","properties_post_alt":"fincas"},{"properties_post_image_order":4,"properties_post_image_url":"https:\/\/movin.cloud\/empresas\/2438\/imagenes\/230068\/alquiler.webp","properties_post_image_url_thumbnail":"https:\/\/movin.cloud\/empresas\/2438\/imagenes\/thumbnails\/230068\/alquiler.webp","properties_post_title":"alquiler","properties_post_alt":"alquiler"},{"properties_post_image_order":5,"properties_post_image_url":"https:\/\/movin.cloud\/empresas\/2438\/imagenes\/230068\/alquiler-idealistas.webp","properties_post_image_url_thumbnail":"https:\/\/movin.cloud\/empresas\/2438\/imagenes\/thumbnails\/230068\/alquiler-idealistas.webp","properties_post_title":"alquiler idealistas","properties_post_alt":"alquiler idealistas"},{"properties_post_image_order":6,"properties_post_image_url":"https:\/\/movin.cloud\/empresas\/2438\/imagenes\/230068\/alquilar.webp","properties_post_image_url_thumbnail":"https:\/\/movin.cloud\/empresas\/2438\/imagenes\/thumbnails\/230068\/alquilar.webp","properties_post_title":"alquilar","properties_post_alt":"alquilar"},{"properties_post_image_order":7,"properties_post_image_url":"https:\/\/movin.cloud\/empresas\/2438\/imagenes\/230068\/alquiler-para-idealista.webp","properties_post_image_url_thumbnail":"https:\/\/movin.cloud\/empresas\/2438\/imagenes\/thumbnails\/230068\/alquiler-para-idealista.webp","properties_post_title":"alquiler para idealista","properties_post_alt":"alquiler para idealista"},{"properties_post_image_order":8,"properties_post_image_url":"https:\/\/movin.cloud\/empresas\/2438\/imagenes\/230068\/viviendas.webp","properties_post_image_url_thumbnail":"https:\/\/movin.cloud\/empresas\/2438\/imagenes\/thumbnails\/230068\/viviendas.webp","properties_post_title":"viviendas","properties_post_alt":"viviendas"},{"properties_post_image_order":9,"properties_post_image_url":"https:\/\/movin.cloud\/empresas\/2438\/imagenes\/230068\/alquiler-para-idealistas.webp","properties_post_image_url_thumbnail":"https:\/\/movin.cloud\/empresas\/2438\/imagenes\/thumbnails\/230068\/alquiler-para-idealistas.webp","properties_post_title":"alquiler para idealistas","properties_post_alt":"alquiler para idealistas"},{"properties_post_image_order":10,"properties_post_image_url":"https:\/\/movin.cloud\/empresas\/2438\/imagenes\/230068\/rent.webp","properties_post_image_url_thumbnail":"https:\/\/movin.cloud\/empresas\/2438\/imagenes\/thumbnails\/230068\/rent.webp","properties_post_title":"rent","properties_post_alt":"rent"},{"properties_post_image_order":11,"properties_post_image_url":"https:\/\/movin.cloud\/empresas\/2438\/imagenes\/230068\/inmobiliarias.webp","properties_post_image_url_thumbnail":"https:\/\/movin.cloud\/empresas\/2438\/imagenes\/thumbnails\/230068\/inmobiliarias.webp","properties_post_title":"inmobiliarias","properties_post_alt":"inmobiliarias"},{"properties_post_image_order":12,"properties_post_image_url":"https:\/\/movin.cloud\/empresas\/2438\/imagenes\/230068\/en-alquiler.webp","properties_post_image_url_thumbnail":"https:\/\/movin.cloud\/empresas\/2438\/imagenes\/thumbnails\/230068\/en-alquiler.webp","properties_post_title":"en alquiler","properties_post_alt":"en alquiler"},{"properties_post_image_order":13,"properties_post_image_url":"https:\/\/movin.cloud\/empresas\/2438\/imagenes\/230068\/en-alquiler-barcelona.webp","properties_post_image_url_thumbnail":"https:\/\/movin.cloud\/empresas\/2438\/imagenes\/thumbnails\/230068\/en-alquiler-barcelona.webp","properties_post_title":"en alquiler barcelona","properties_post_alt":"en alquiler barcelona"},{"properties_post_image_order":14,"properties_post_image_url":"https:\/\/movin.cloud\/empresas\/2438\/imagenes\/230068\/alquiler-barcelona.webp","properties_post_image_url_thumbnail":"https:\/\/movin.cloud\/empresas\/2438\/imagenes\/thumbnails\/230068\/alquiler-barcelona.webp","properties_post_title":"alquiler barcelona","properties_post_alt":"alquiler barcelona"},{"properties_post_image_order":15,"properties_post_image_url":"https:\/\/movin.cloud\/empresas\/2438\/imagenes\/230068\/alquiler-idealistas-barcelona.webp","properties_post_image_url_thumbnail":"https:\/\/movin.cloud\/empresas\/2438\/imagenes\/thumbnails\/230068\/alquiler-idealistas-barcelona.webp","properties_post_title":"alquiler idealistas barcelona","properties_post_alt":"alquiler idealistas barcelona"},{"properties_post_image_order":16,"properties_post_image_url":"https:\/\/movin.cloud\/empresas\/2438\/imagenes\/230068\/habitalia-barcelona.webp","properties_post_image_url_thumbnail":"https:\/\/movin.cloud\/empresas\/2438\/imagenes\/thumbnails\/230068\/habitalia-barcelona.webp","properties_post_title":"habitalia barcelona","properties_post_alt":"habitalia barcelona"},{"properties_post_image_order":17,"properties_post_image_url":"https:\/\/movin.cloud\/empresas\/2438\/imagenes\/230068\/alquilar-barcelona.webp","properties_post_image_url_thumbnail":"https:\/\/movin.cloud\/empresas\/2438\/imagenes\/thumbnails\/230068\/alquilar-barcelona.webp","properties_post_title":"alquilar barcelona","properties_post_alt":"alquilar barcelona"},{"properties_post_image_order":18,"properties_post_image_url":"https:\/\/movin.cloud\/empresas\/2438\/imagenes\/230068\/alquiler-para-idealista-barcelona.webp","properties_post_image_url_thumbnail":"https:\/\/movin.cloud\/empresas\/2438\/imagenes\/thumbnails\/230068\/alquiler-para-idealista-barcelona.webp","properties_post_title":"alquiler para idealista barcelona","properties_post_alt":"alquiler para idealista barcelona"},{"properties_post_image_order":19,"properties_post_image_url":"https:\/\/movin.cloud\/empresas\/2438\/imagenes\/230068\/alquiler-para-idealistas-barcelona.webp","properties_post_image_url_thumbnail":"https:\/\/movin.cloud\/empresas\/2438\/imagenes\/thumbnails\/230068\/alquiler-para-idealistas-barcelona.webp","properties_post_title":"alquiler para idealistas barcelona","properties_post_alt":"alquiler para idealistas barcelona"},{"properties_post_image_order":20,"properties_post_image_url":"https:\/\/movin.cloud\/empresas\/2438\/imagenes\/230068\/rent-barcelona.webp","properties_post_image_url_thumbnail":"https:\/\/movin.cloud\/empresas\/2438\/imagenes\/thumbnails\/230068\/rent-barcelona.webp","properties_post_title":"rent barcelona","properties_post_alt":"rent barcelona"},{"properties_post_image_order":21,"properties_post_image_url":"https:\/\/movin.cloud\/empresas\/2438\/imagenes\/230068\/fincas-barcelona.webp","properties_post_image_url_thumbnail":"https:\/\/movin.cloud\/empresas\/2438\/imagenes\/thumbnails\/230068\/fincas-barcelona.webp","properties_post_title":"fincas barcelona","properties_post_alt":"fincas barcelona"},{"properties_post_image_order":22,"properties_post_image_url":"https:\/\/movin.cloud\/empresas\/2438\/imagenes\/230068\/inmobiliarias-barcelona.webp","properties_post_image_url_thumbnail":"https:\/\/movin.cloud\/empresas\/2438\/imagenes\/thumbnails\/230068\/inmobiliarias-barcelona.webp","properties_post_title":"inmobiliarias barcelona","properties_post_alt":"inmobiliarias barcelona"},{"properties_post_image_order":23,"properties_post_image_url":"https:\/\/movin.cloud\/empresas\/2438\/imagenes\/230068\/inmobiliaria-barcelona.webp","properties_post_image_url_thumbnail":"https:\/\/movin.cloud\/empresas\/2438\/imagenes\/thumbnails\/230068\/inmobiliaria-barcelona.webp","properties_post_title":"inmobiliaria barcelona","properties_post_alt":"inmobiliaria barcelona"},{"properties_post_image_order":24,"properties_post_image_url":"https:\/\/movin.cloud\/empresas\/2438\/imagenes\/230068\/barcelona-en-alquiler.webp","properties_post_image_url_thumbnail":"https:\/\/movin.cloud\/empresas\/2438\/imagenes\/thumbnails\/230068\/barcelona-en-alquiler.webp","properties_post_title":"barcelona en alquiler","properties_post_alt":"barcelona en alquiler"},{"properties_post_image_order":25,"properties_post_image_url":"https:\/\/movin.cloud\/empresas\/2438\/imagenes\/230068\/barcelona-alquiler.webp","properties_post_image_url_thumbnail":"https:\/\/movin.cloud\/empresas\/2438\/imagenes\/thumbnails\/230068\/barcelona-alquiler.webp","properties_post_title":"barcelona alquiler","properties_post_alt":"barcelona alquiler"},{"properties_post_image_order":26,"properties_post_image_url":"https:\/\/movin.cloud\/empresas\/2438\/imagenes\/230068\/barcelona-alquiler-idealistas.webp","properties_post_image_url_thumbnail":"https:\/\/movin.cloud\/empresas\/2438\/imagenes\/thumbnails\/230068\/barcelona-alquiler-idealistas.webp","properties_post_title":"barcelona alquiler idealistas","properties_post_alt":"barcelona alquiler idealistas"},{"properties_post_image_order":27,"properties_post_image_url":"https:\/\/movin.cloud\/empresas\/2438\/imagenes\/230068\/barcelona-habitalia.webp","properties_post_image_url_thumbnail":"https:\/\/movin.cloud\/empresas\/2438\/imagenes\/thumbnails\/230068\/barcelona-habitalia.webp","properties_post_title":"barcelona habitalia","properties_post_alt":"barcelona habitalia"},{"properties_post_image_order":28,"properties_post_image_url":"https:\/\/movin.cloud\/empresas\/2438\/imagenes\/230068\/barcelona-alquilar.webp","properties_post_image_url_thumbnail":"https:\/\/movin.cloud\/empresas\/2438\/imagenes\/thumbnails\/230068\/barcelona-alquilar.webp","properties_post_title":"barcelona alquilar","properties_post_alt":"barcelona alquilar"},{"properties_post_image_order":29,"properties_post_image_url":"https:\/\/movin.cloud\/empresas\/2438\/imagenes\/230068\/barcelona-alquiler-para-idealista.webp","properties_post_image_url_thumbnail":"https:\/\/movin.cloud\/empresas\/2438\/imagenes\/thumbnails\/230068\/barcelona-alquiler-para-idealista.webp","properties_post_title":"barcelona alquiler para idealista","properties_post_alt":"barcelona alquiler para idealista"},{"properties_post_image_order":30,"properties_post_image_url":"https:\/\/movin.cloud\/empresas\/2438\/imagenes\/230068\/barcelona-viviendas.webp","properties_post_image_url_thumbnail":"https:\/\/movin.cloud\/empresas\/2438\/imagenes\/thumbnails\/230068\/barcelona-viviendas.webp","properties_post_title":"barcelona viviendas","properties_post_alt":"barcelona viviendas"},{"properties_post_image_order":31,"properties_post_image_url":"https:\/\/movin.cloud\/empresas\/2438\/imagenes\/230068\/barcelona-alquiler-para-idealistas.webp","properties_post_image_url_thumbnail":"https:\/\/movin.cloud\/empresas\/2438\/imagenes\/thumbnails\/230068\/barcelona-alquiler-para-idealistas.webp","properties_post_title":"barcelona alquiler para idealistas","properties_post_alt":"barcelona alquiler para idealistas"},{"properties_post_image_order":32,"properties_post_image_url":"https:\/\/movin.cloud\/empresas\/2438\/imagenes\/230068\/barcelona-rent.webp","properties_post_image_url_thumbnail":"https:\/\/movin.cloud\/empresas\/2438\/imagenes\/thumbnails\/230068\/barcelona-rent.webp","properties_post_title":"barcelona rent","properties_post_alt":"barcelona rent"}],"post_type_properties_post_videos":null,"post_type_properties_post_tour":null,"post_type_properties_post_dossier_url":"","post_type_properties_post_operation_type":"rent","post_type_properties_post_operation_price":21735,"post_type_properties_post_features_hidden_price":false},"yoast_head":"<!-- This site is optimized with the Yoast SEO plugin v25.6 - https:\/\/yoast.com\/wordpress\/plugins\/seo\/ -->\n<title>TORRE MARENOSTRUM - Forcadell<\/title>\n<meta name=\"robots\" content=\"index, follow, max-snippet:-1, max-image-preview:large, max-video-preview:-1\" \/>\n<link rel=\"canonical\" href=\"https:\/\/forcadell.com\/ca\/propiedades\/oficina-con-vistas-panoramicas-en-torre-marenostrum-pl-del-gas-barcelona\/\" \/>\n<meta property=\"og:locale\" content=\"ca_ES\" \/>\n<meta property=\"og:type\" content=\"article\" \/>\n<meta property=\"og:title\" content=\"TORRE MARENOSTRUM - Forcadell\" \/>\n<meta property=\"og:description\" content=\"Descubre Torre Marenostrum, uno de los edificios m\u00e1s singulares y destacados del skyline de Barcelona, que ha dejado una huella significativa en la ciudad en los \u00faltimos a\u00f1os. Este impresionante edificio cuenta con una fachada acristalada que lo distingue, brindando una vista espectacular tanto desde el interior como desde el exterior. Adem\u00e1s, ofrece un sistema [&hellip;]\" \/>\n<meta property=\"og:url\" content=\"https:\/\/forcadell.com\/ca\/propiedades\/oficina-con-vistas-panoramicas-en-torre-marenostrum-pl-del-gas-barcelona\/\" \/>\n<meta property=\"og:site_name\" content=\"Forcadell\" \/>\n<meta property=\"article:modified_time\" content=\"2026-04-27T06:02:55+00:00\" \/>\n<meta name=\"twitter:card\" content=\"summary_large_image\" \/>\n<meta name=\"twitter:label1\" content=\"Temps estimat de lectura\" \/>\n\t<meta name=\"twitter:data1\" content=\"1 minut\" \/>\n<!-- \/ Yoast SEO plugin. -->","yoast_head_json":{"title":"TORRE MARENOSTRUM - Forcadell","robots":{"index":"index","follow":"follow","max-snippet":"max-snippet:-1","max-image-preview":"max-image-preview:large","max-video-preview":"max-video-preview:-1"},"canonical":"https:\/\/forcadell.com\/ca\/propiedades\/oficina-con-vistas-panoramicas-en-torre-marenostrum-pl-del-gas-barcelona\/","og_locale":"ca_ES","og_type":"article","og_title":"TORRE MARENOSTRUM - Forcadell","og_description":"Descubre Torre Marenostrum, uno de los edificios m\u00e1s singulares y destacados del skyline de Barcelona, que ha dejado una huella significativa en la ciudad en los \u00faltimos a\u00f1os. Este impresionante edificio cuenta con una fachada acristalada que lo distingue, brindando una vista espectacular tanto desde el interior como desde el exterior. Adem\u00e1s, ofrece un sistema [&hellip;]","og_url":"https:\/\/forcadell.com\/ca\/propiedades\/oficina-con-vistas-panoramicas-en-torre-marenostrum-pl-del-gas-barcelona\/","og_site_name":"Forcadell","article_modified_time":"2026-04-27T06:02:55+00:00","twitter_card":"summary_large_image","twitter_misc":{"Temps estimat de lectura":"1 minut"},"schema":{"@context":"https:\/\/schema.org","@graph":[{"@type":"WebPage","@id":"https:\/\/forcadell.com\/ca\/propiedades\/oficina-con-vistas-panoramicas-en-torre-marenostrum-pl-del-gas-barcelona\/","url":"https:\/\/forcadell.com\/ca\/propiedades\/oficina-con-vistas-panoramicas-en-torre-marenostrum-pl-del-gas-barcelona\/","name":"TORRE MARENOSTRUM - Forcadell","isPartOf":{"@id":"https:\/\/forcadell.com\/ca\/#website"},"datePublished":"2025-11-04T13:51:56+00:00","dateModified":"2026-04-27T06:02:55+00:00","breadcrumb":{"@id":"https:\/\/forcadell.com\/ca\/propiedades\/oficina-con-vistas-panoramicas-en-torre-marenostrum-pl-del-gas-barcelona\/#breadcrumb"},"inLanguage":"ca","potentialAction":[{"@type":"ReadAction","target":["https:\/\/forcadell.com\/ca\/propiedades\/oficina-con-vistas-panoramicas-en-torre-marenostrum-pl-del-gas-barcelona\/"]}]},{"@type":"BreadcrumbList","@id":"https:\/\/forcadell.com\/ca\/propiedades\/oficina-con-vistas-panoramicas-en-torre-marenostrum-pl-del-gas-barcelona\/#breadcrumb","itemListElement":[{"@type":"ListItem","position":1,"name":"Portada","item":"https:\/\/forcadell.com\/ca\/"},{"@type":"ListItem","position":2,"name":"Properties","item":"https:\/\/forcadell.com\/ca\/propiedades\/"},{"@type":"ListItem","position":3,"name":"TORRE MARENOSTRUM"}]},{"@type":"WebSite","@id":"https:\/\/forcadell.com\/ca\/#website","url":"https:\/\/forcadell.com\/ca\/","name":"Forcadell","description":"Inmobiliaria Barcelona | Consultores inmobiliarios","potentialAction":[{"@type":"SearchAction","target":{"@type":"EntryPoint","urlTemplate":"https:\/\/forcadell.com\/ca\/?s={search_term_string}"},"query-input":{"@type":"PropertyValueSpecification","valueRequired":true,"valueName":"search_term_string"}}],"inLanguage":"ca"}]}},"_links":{"self":[{"href":"https:\/\/forcadell.com\/ca\/wp-json\/wp\/v2\/properties_post\/57481"}],"collection":[{"href":"https:\/\/forcadell.com\/ca\/wp-json\/wp\/v2\/properties_post"}],"about":[{"href":"https:\/\/forcadell.com\/ca\/wp-json\/wp\/v2\/types\/properties_post"}],"wp:attachment":[{"href":"https:\/\/forcadell.com\/ca\/wp-json\/wp\/v2\/media?parent=57481"}],"curies":[{"name":"wp","href":"https:\/\/api.w.org\/{rel}","templated":true}]}}