{"id":57462,"date":"2025-11-04T15:51:12","date_gmt":"2025-11-04T13:51:12","guid":{"rendered":"https:\/\/www.forcadell.com\/propiedades\/uma-barcelona-2\/"},"modified":"2026-04-29T00:01:47","modified_gmt":"2026-04-28T22:01:47","slug":"uma-barcelona-2","status":"publish","type":"properties_post","link":"https:\/\/forcadell.com\/ca\/propiedades\/uma-barcelona-2\/","title":{"rendered":"UMA BARCELONA"},"content":{"rendered":"<p>En pleno coraz\u00f3n del 22@, nace UMA Barcelona, un edificio \u00fanico que combina sostenibilidad, confort y vanguardia.<br \/>\nSu nombre lo dice todo: U de Urbano, M de Madera y A de Arquitectura.<\/p>\n<p>Caracter\u00edsticas destacadas:<\/p>\n<p>Impresionante fachada de madera carbonizada<br \/>\nSalas de reuniones y espacios de coworking<br \/>\nSistemas de ventilaci\u00f3n de \u00faltima generaci\u00f3n<br \/>\nSeguridad 24\/7: control de acceso, CCTV y aparcamiento vigilado<br \/>\nVestuarios y duchas<br \/>\nMovilidad sostenible y parking para bicicletas<br \/>\n2 ascensores y escalera principal de madera<br \/>\nPlantas di\u00e1fanas para adaptar a tus necesidades<\/p>\n<p>Excelente conexi\u00f3n:<\/p>\n<p>Bus: H14, 136, V31<br \/>\nMetro: L4 \u2013 Bes\u00f2s Mar<br \/>\nTram: T4 \u2013 Alfons el Magn\u00e0nim<br \/>\nAeropuerto y Estaci\u00f3n de Sants: a solo 25 min.<\/p>\n<p>UMA Barcelona es mucho m\u00e1s que un edificio: es un espacio pensado para inspirar, conectar y crecer.<\/p>\n<p>Inf\u00f3rmate hoy y descubre tu pr\u00f3ximo lugar de trabajo.<\/p>\n","protected":false},"template":"","class_list":["post-57462","properties_post","type-properties_post","status-publish","hentry","properties_modality-rent","properties_district-sant-marti","properties_province-barcelona","properties_zone-116","properties_state-barcelona","properties_subclass-oficina","properties_type-oficina"],"acf":{"post_type_properties_post_property_code":"237153","post_type_properties_post_property_reference":"IE-215416","post_type_properties_post_owner_id":"31026","post_type_properties_post_owner_name":"CBRE REAL ESTATE SA","post_type_properties_post_property_code_encrypted":"MjkkMjE3MjA=","post_type_properties_post_published":"1","post_type_properties_post_property_visibility":"idealista","post_type_properties_post_contact_name":"Forcadell Oficinas Barcelona","post_type_properties_post_contact_email":"forcadell.oficinas.barcelona@movin.cloud","post_type_properties_post_contact_primary_phone_prefix":"34","post_type_properties_post_contact_primary_phone_number":"934965413","post_type_properties_post_address_visibility":"street","post_type_properties_post_address_country":"Spain","post_type_properties_post_address_coordinates_precision":"exact","post_type_properties_post_address_postal_code":"08019","post_type_properties_post_address_coordinates_latitude":"41.414537000002","post_type_properties_post_address_coordinates_longitude":"2.211278000002","post_type_properties_post_address_street_name":"CL Crist\u00f3bal de Moura 196","post_type_properties_post_address_floor":"1","post_type_properties_post_address_town":"Barcelona","post_type_properties_post_building":null,"post_type_properties_post_property":[{"properties_post_description_language":"catalan","properties_post_title":" UMA BARCELONA","properties_post_short_description_text_alt":"","properties_post_description_text_alt":"","properties_post_short_description_text":" ","properties_post_link_demanda_inmueble":"https:\/\/movin.cloud\/ca\/Forcadell Oficinas Barcelona\/formulari-peticio-immoble\/sth\/2438&&237153","properties_post_link_demanda_calendario_inmueble":"https:\/\/movin.cloud\/ca\/Forcadell Oficinas Barcelona\/calendari-peticio-immoble\/sth\/2438&&237153","properties_post_description_text":"Al cor del 22@, neix UMA Barcelona, un edifici \u00fanic que combina sostenibilitat, confort i avantguarda.\nEl seu nom ho diu tot: U d'Urb\u00e0, M de Fusta i A d'Arquitectura.\n\nCaracter\u00edstiques destacades:\n\nImpressionant fa\u00e7ana de fusta carbonitzada\nSales de reunions i espais de coworking\nSistemes de ventilaci\u00f3 d'\u00faltima generaci\u00f3\nSeguretat 24\/7: control d'acc\u00e9s, CCTV i aparcament vigilat\nVestuaris i dutxes\nMobilitat sostenible i p\u00e0rquing per a bicicletes\n2 ascensors i escala principal de fusta\nPlantes di\u00e0fanes per adaptar a les teves necessitats \n\nExcel\u00b7lent connexi\u00f3:\n\nBus: H14, 136, V31\nMetro: L4 \u2013 Bes\u00f2s Mar\nTram: T4 \u2013 Alfons el Magn\u00e0nim\nAeroport i Estaci\u00f3 de Sants: a 25 min.\n\nUMA Barcelona \u00e9s molt m\u00e9s que un edifici: \u00e9s un espai pensat per inspirar, connectar i cr\u00e9ixer.\n\nInforma't avui i descobreix el teu proper lloc de treball.","properties_post_seo_title":"","properties_post_seo_alias":"","properties_post_seo_metadescription":"","properties_post_seo_key_words":"","properties_post_seo_url":"","properties_post_terms_conditions":""},{"properties_post_description_language":"spanish","properties_post_title":"UMA BARCELONA","properties_post_short_description_text_alt":"","properties_post_description_text_alt":"","properties_post_short_description_text":" ","properties_post_link_demanda_inmueble":"https:\/\/movin.cloud\/es\/Forcadell Oficinas Barcelona\/formulario-peticion-inmueble\/sth\/2438&&237153","properties_post_link_demanda_calendario_inmueble":"https:\/\/movin.cloud\/es\/Forcadell Oficinas Barcelona\/calendario-peticion-inmueble\/sth\/2438&&237153","properties_post_description_text":"En pleno coraz\u00f3n del 22@, nace UMA Barcelona, un edificio \u00fanico que combina sostenibilidad, confort y vanguardia.\nSu nombre lo dice todo: U de Urbano, M de Madera y A de Arquitectura.\n\nCaracter\u00edsticas destacadas:\n\nImpresionante fachada de madera carbonizada\nSalas de reuniones y espacios de coworking\nSistemas de ventilaci\u00f3n de \u00faltima generaci\u00f3n\nSeguridad 24\/7: control de acceso, CCTV y aparcamiento vigilado\nVestuarios y duchas\nMovilidad sostenible y parking para bicicletas\n2 ascensores y escalera principal de madera\nPlantas di\u00e1fanas para adaptar a tus necesidades\n\nExcelente conexi\u00f3n:\n\nBus: H14, 136, V31\nMetro: L4 \u2013 Bes\u00f2s Mar\nTram: T4 \u2013 Alfons el Magn\u00e0nim\nAeropuerto y Estaci\u00f3n de Sants: a solo 25 min.\n\nUMA Barcelona es mucho m\u00e1s que un edificio: es un espacio pensado para inspirar, conectar y crecer.\n\nInf\u00f3rmate hoy y descubre tu pr\u00f3ximo lugar de trabajo.","properties_post_seo_title":"","properties_post_seo_alias":"","properties_post_seo_metadescription":"","properties_post_seo_key_words":"","properties_post_seo_url":"","properties_post_terms_conditions":""}],"post_type_properties_post_features_type":"office","post_type_properties_post_id_building":"MjkkMjc4MjI=","post_type_properties_post_features_area_constructed":904,"post_type_properties_post_features_conditioned_air":true,"post_type_properties_post_features_doorman":false,"post_type_properties_post_features_heating":true,"post_type_properties_post_features_equipped_kitchen":false,"post_type_properties_post_features_windows_location":"exterior","post_type_properties_post_features_floors_property":false,"post_type_properties_post_features_storage":false,"post_type_properties_post_features_security_door":false,"post_type_properties_post_features_energy_certificate_rating":"A","post_type_properties_post_features_energy_certificate_emissions_rating":"","post_type_properties_post_features_energy_certificate_emissions_value":16,"post_type_properties_post_features_energy_certificate_performance":92,"post_type_properties_post_features_bathroom_inside":true,"post_type_properties_post_precio":15378.88,"post_type_properties_post_precio_alquiler":15378.88,"post_type_properties_post_record_type_id":"Oficina","post_type_properties_post_categoria__producto":"Oficina","post_type_properties_post_amueblado":false,"post_type_properties_post_precio_m2":17,"post_type_properties_post_zona__comunitaria":false,"post_type_properties_post_electrodomesticos":false,"post_type_properties_post_patio__interior":true,"post_type_properties_post_certificado_energetico_general":"A","post_type_properties_post_certificado_energetico_consumo":"","post_type_properties_post_certificado_energetico_valor_emisiones":16,"post_type_properties_post_certificado_energetico_valor_consumo":92,"post_type_properties_post_modalidad":"rent","post_type_properties_post_provincia":"Barcelona","post_type_properties_post_poblacion":"Barcelona","post_type_properties_post_centro__urbano":false,"post_type_properties_post_zonificacion":"22 @","post_type_properties_post_cartera":"","post_type_properties_post_titulo_catalan":" UMA BARCELONA","post_type_properties_post_internet_catalan":"Al cor del 22@, neix UMA Barcelona, un edifici \u00fanic que combina sostenibilitat, confort i avantguarda.\nEl seu nom ho diu tot: U d'Urb\u00e0, M de Fusta i A d'Arquitectura.\n\nCaracter\u00edstiques destacades:\n\nImpressionant fa\u00e7ana de fusta carbonitzada\nSales de reunions i espais de coworking\nSistemes de ventilaci\u00f3 d'\u00faltima generaci\u00f3\nSeguretat 24\/7: control d'acc\u00e9s, CCTV i aparcament vigilat\nVestuaris i dutxes\nMobilitat sostenible i p\u00e0rquing per a bicicletes\n2 ascensors i escala principal de fusta\nPlantes di\u00e0fanes per adaptar a les teves necessitats \n\nExcel\u00b7lent connexi\u00f3:\n\nBus: H14, 136, V31\nMetro: L4 \u2013 Bes\u00f2s Mar\nTram: T4 \u2013 Alfons el Magn\u00e0nim\nAeroport i Estaci\u00f3 de Sants: a 25 min.\n\nUMA Barcelona \u00e9s molt m\u00e9s que un edifici: \u00e9s un espai pensat per inspirar, connectar i cr\u00e9ixer.\n\nInforma't avui i descobreix el teu proper lloc de treball.","post_type_properties_post_titulo_castellano":"UMA BARCELONA","post_type_properties_post_internet_castellano":"En pleno coraz\u00f3n del 22@, nace UMA Barcelona, un edificio \u00fanico que combina sostenibilidad, confort y vanguardia.\nSu nombre lo dice todo: U de Urbano, M de Madera y A de Arquitectura.\n\nCaracter\u00edsticas destacadas:\n\nImpresionante fachada de madera carbonizada\nSalas de reuniones y espacios de coworking\nSistemas de ventilaci\u00f3n de \u00faltima generaci\u00f3n\nSeguridad 24\/7: control de acceso, CCTV y aparcamiento vigilado\nVestuarios y duchas\nMovilidad sostenible y parking para bicicletas\n2 ascensores y escalera principal de madera\nPlantas di\u00e1fanas para adaptar a tus necesidades\n\nExcelente conexi\u00f3n:\n\nBus: H14, 136, V31\nMetro: L4 \u2013 Bes\u00f2s Mar\nTram: T4 \u2013 Alfons el Magn\u00e0nim\nAeropuerto y Estaci\u00f3n de Sants: a solo 25 min.\n\nUMA Barcelona es mucho m\u00e1s que un edificio: es un espacio pensado para inspirar, conectar y crecer.\n\nInf\u00f3rmate hoy y descubre tu pr\u00f3ximo lugar de trabajo.","post_type_properties_post_titulo_ingles":"","post_type_properties_post_internet_ingles":"","post_type_properties_post_features_classification_commercial":false,"post_type_properties_post_features_conservation":"","post_type_properties_post_features_security_personnel":false,"post_type_properties_post_features_parking_available":false,"post_type_properties_post_features_garage_capacity_type":"","post_type_properties_post_features_bathroom_number":"","post_type_properties_post_eje":"","post_type_properties_post_zona":"","post_type_properties_post_comarca":"","post_type_properties_post_features_built_year":"","post_type_properties_post_renta_mensual":11376,"post_type_properties_post_fianza":"","post_type_properties_post_features_area_plot":"","post_type_properties_post_features_area_buildable":"","post_type_properties_post_features_classification_industrial":false,"post_type_properties_post_distrito":"","post_type_properties_post_features_balcony":false,"post_type_properties_post_features_bedroom_number":"","post_type_properties_post_features_heating_type":"","post_type_properties_post_features_equipped_with_furniture":false,"post_type_properties_post_features_pets_allowed":false,"post_type_properties_post_features_pool":false,"post_type_properties_post_features_terrace":false,"post_type_properties_post_features_wardrobes":false,"post_type_properties_post_features_lift_available":false,"post_type_properties_post_features_handicap_adapted_access":false,"post_type_properties_post_features_orientation_east":false,"post_type_properties_post_features_orientation_west":false,"post_type_properties_post_features_orientation_north":false,"post_type_properties_post_features_orientation_south":false,"post_type_properties_post_features_parking_spaces_number":"","post_type_properties_post_features_security_alarm":false,"post_type_properties_post_features_security_system":false,"post_type_properties_post_open_plan":false,"post_type_properties_post_acceso_24_7":false,"post_type_properties_post_oficina_privada":false,"post_type_properties_post_sala_reuniones":false,"post_type_properties_post_espacio_eventos":false,"post_type_properties_post_office":false,"post_type_properties_post_restaurant":false,"post_type_properties_post_acepta_traspaso":false,"post_type_properties_post_vigilancia":false,"post_type_properties_post_features_suite":false,"post_type_properties_post_features_vitro":false,"post_type_properties_post_features_oven":false,"post_type_properties_post_features_microwave":false,"post_type_properties_post_features_washing_machine":false,"post_type_properties_post_features_dryer":false,"post_type_properties_post_features_dishwasher":false,"post_type_properties_post_features_fridge":false,"post_type_properties_post_features_fridge_mini":false,"post_type_properties_post_features_kettle":false,"post_type_properties_post_features_toaster":false,"post_type_properties_post_features_coffee_maker":false,"post_type_properties_post_features_iron":false,"post_type_properties_post_features_ironing_board":false,"post_type_properties_post_features_safe":false,"post_type_properties_post_features_internet":true,"post_type_properties_post_features_solarium":false,"post_type_properties_post_features_clean_service":false,"post_type_properties_post_features_t_v":false,"post_type_properties_post_features_satellite_t_v":false,"post_type_properties_post_features_gas_kitchen":false,"post_type_properties_post_features_view_mountain":false,"post_type_properties_post_features_view_sea":false,"post_type_properties_post_features_concierge":false,"post_type_properties_post_features_loading_dock":false,"post_type_properties_post_features_bridge_crane":false,"post_type_properties_post_features_located_at_corner":false,"post_type_properties_post_features_smoke_extraction":false,"post_type_properties_post_features_rooms":"","post_type_properties_post_features_garden_area":"","post_type_properties_post_features_utilities_water":false,"post_type_properties_post_features_utilities_electricity":false,"post_type_properties_post_features_utilities_natural_gas":false,"post_type_properties_post_features_building_adapted":false,"post_type_properties_post_features_garden":false,"post_type_properties_post_features_classification_hotel":false,"post_type_properties_post_features_classification_chalet":false,"post_type_properties_post_certificado_energetico_emisiones":"A","post_type_properties_post_barrio":"","post_type_properties_post_distrito_empresa":"Sant Mart\u00ed","post_type_properties_post_features_property_category_intern":"","post_type_properties_post_implantada":false,"post_type_properties_post_sello_leed":"2","post_type_properties_post_sello_well":"2","post_type_properties_post_sello_breeam":false,"post_type_properties_post_images":[{"properties_post_image_order":1,"properties_post_image_url":"https:\/\/movin.cloud\/empresas\/2438\/imagenes\/237153\/inmobiliaria.webp","properties_post_image_url_thumbnail":"https:\/\/movin.cloud\/empresas\/2438\/imagenes\/thumbnails\/237153\/inmobiliaria.webp","properties_post_title":"inmobiliaria","properties_post_alt":"inmobiliaria"},{"properties_post_image_order":2,"properties_post_image_url":"https:\/\/movin.cloud\/empresas\/2438\/imagenes\/237153\/inmobiliarias.webp","properties_post_image_url_thumbnail":"https:\/\/movin.cloud\/empresas\/2438\/imagenes\/thumbnails\/237153\/inmobiliarias.webp","properties_post_title":"inmobiliarias","properties_post_alt":"inmobiliarias"},{"properties_post_image_order":3,"properties_post_image_url":"https:\/\/movin.cloud\/empresas\/2438\/imagenes\/237153\/en-alquiler-barcelona.webp","properties_post_image_url_thumbnail":"https:\/\/movin.cloud\/empresas\/2438\/imagenes\/thumbnails\/237153\/en-alquiler-barcelona.webp","properties_post_title":"en alquiler barcelona","properties_post_alt":"en alquiler barcelona"},{"properties_post_image_order":4,"properties_post_image_url":"https:\/\/movin.cloud\/empresas\/2438\/imagenes\/237153\/fincas.webp","properties_post_image_url_thumbnail":"https:\/\/movin.cloud\/empresas\/2438\/imagenes\/thumbnails\/237153\/fincas.webp","properties_post_title":"fincas","properties_post_alt":"fincas"},{"properties_post_image_order":5,"properties_post_image_url":"https:\/\/movin.cloud\/empresas\/2438\/imagenes\/237153\/alquiler-barcelona.webp","properties_post_image_url_thumbnail":"https:\/\/movin.cloud\/empresas\/2438\/imagenes\/thumbnails\/237153\/alquiler-barcelona.webp","properties_post_title":"alquiler barcelona","properties_post_alt":"alquiler barcelona"},{"properties_post_image_order":6,"properties_post_image_url":"https:\/\/movin.cloud\/empresas\/2438\/imagenes\/237153\/alquiler-idealistas-barcelona.webp","properties_post_image_url_thumbnail":"https:\/\/movin.cloud\/empresas\/2438\/imagenes\/thumbnails\/237153\/alquiler-idealistas-barcelona.webp","properties_post_title":"alquiler idealistas barcelona","properties_post_alt":"alquiler idealistas barcelona"},{"properties_post_image_order":7,"properties_post_image_url":"https:\/\/movin.cloud\/empresas\/2438\/imagenes\/237153\/rent.webp","properties_post_image_url_thumbnail":"https:\/\/movin.cloud\/empresas\/2438\/imagenes\/thumbnails\/237153\/rent.webp","properties_post_title":"rent","properties_post_alt":"rent"},{"properties_post_image_order":8,"properties_post_image_url":"https:\/\/movin.cloud\/empresas\/2438\/imagenes\/237153\/habitalia.webp","properties_post_image_url_thumbnail":"https:\/\/movin.cloud\/empresas\/2438\/imagenes\/thumbnails\/237153\/habitalia.webp","properties_post_title":"habitalia","properties_post_alt":"habitalia"}],"post_type_properties_post_videos":null,"post_type_properties_post_tour":null,"post_type_properties_post_dossier_url":"","post_type_properties_post_operation_type":"rent","post_type_properties_post_operation_price":15378,"post_type_properties_post_features_hidden_price":false},"yoast_head":"<!-- This site is optimized with the Yoast SEO plugin v27.4 - https:\/\/yoast.com\/product\/yoast-seo-wordpress\/ -->\n<title>UMA BARCELONA - Forcadell<\/title>\n<meta name=\"robots\" content=\"index, follow, max-snippet:-1, max-image-preview:large, max-video-preview:-1\" \/>\n<link rel=\"canonical\" href=\"https:\/\/forcadell.com\/ca\/propiedades\/uma-barcelona-2\/\" \/>\n<meta property=\"og:locale\" content=\"ca_ES\" \/>\n<meta property=\"og:type\" content=\"article\" \/>\n<meta property=\"og:title\" content=\"UMA BARCELONA - Forcadell\" \/>\n<meta property=\"og:description\" content=\"En pleno coraz\u00f3n del 22@, nace UMA Barcelona, un edificio \u00fanico que combina sostenibilidad, confort y vanguardia. Su nombre lo dice todo: U de Urbano, M de Madera y A de Arquitectura. Caracter\u00edsticas destacadas: Impresionante fachada de madera carbonizada Salas de reuniones y espacios de coworking Sistemas de ventilaci\u00f3n de \u00faltima generaci\u00f3n Seguridad 24\/7: control [&hellip;]\" \/>\n<meta property=\"og:url\" content=\"https:\/\/forcadell.com\/ca\/propiedades\/uma-barcelona-2\/\" \/>\n<meta property=\"og:site_name\" content=\"Forcadell\" \/>\n<meta property=\"article:modified_time\" content=\"2026-04-28T22:01:47+00:00\" \/>\n<meta name=\"twitter:card\" content=\"summary_large_image\" \/>\n<meta name=\"twitter:label1\" content=\"Temps estimat de lectura\" \/>\n\t<meta name=\"twitter:data1\" content=\"1 minut\" \/>\n<!-- \/ Yoast SEO plugin. -->","yoast_head_json":{"title":"UMA BARCELONA - Forcadell","robots":{"index":"index","follow":"follow","max-snippet":"max-snippet:-1","max-image-preview":"max-image-preview:large","max-video-preview":"max-video-preview:-1"},"canonical":"https:\/\/forcadell.com\/ca\/propiedades\/uma-barcelona-2\/","og_locale":"ca_ES","og_type":"article","og_title":"UMA BARCELONA - Forcadell","og_description":"En pleno coraz\u00f3n del 22@, nace UMA Barcelona, un edificio \u00fanico que combina sostenibilidad, confort y vanguardia. Su nombre lo dice todo: U de Urbano, M de Madera y A de Arquitectura. Caracter\u00edsticas destacadas: Impresionante fachada de madera carbonizada Salas de reuniones y espacios de coworking Sistemas de ventilaci\u00f3n de \u00faltima generaci\u00f3n Seguridad 24\/7: control [&hellip;]","og_url":"https:\/\/forcadell.com\/ca\/propiedades\/uma-barcelona-2\/","og_site_name":"Forcadell","article_modified_time":"2026-04-28T22:01:47+00:00","twitter_card":"summary_large_image","twitter_misc":{"Temps estimat de lectura":"1 minut"},"schema":{"@context":"https:\/\/schema.org","@graph":[{"@type":"WebPage","@id":"https:\/\/forcadell.com\/ca\/propiedades\/uma-barcelona-2\/","url":"https:\/\/forcadell.com\/ca\/propiedades\/uma-barcelona-2\/","name":"UMA BARCELONA - Forcadell","isPartOf":{"@id":"https:\/\/forcadell.com\/ca\/#website"},"datePublished":"2025-11-04T13:51:12+00:00","dateModified":"2026-04-28T22:01:47+00:00","breadcrumb":{"@id":"https:\/\/forcadell.com\/ca\/propiedades\/uma-barcelona-2\/#breadcrumb"},"inLanguage":"ca","potentialAction":[{"@type":"ReadAction","target":["https:\/\/forcadell.com\/ca\/propiedades\/uma-barcelona-2\/"]}]},{"@type":"BreadcrumbList","@id":"https:\/\/forcadell.com\/ca\/propiedades\/uma-barcelona-2\/#breadcrumb","itemListElement":[{"@type":"ListItem","position":1,"name":"Portada","item":"https:\/\/forcadell.com\/ca\/"},{"@type":"ListItem","position":2,"name":"Properties","item":"https:\/\/forcadell.com\/ca\/propiedades\/"},{"@type":"ListItem","position":3,"name":"UMA BARCELONA"}]},{"@type":"WebSite","@id":"https:\/\/forcadell.com\/ca\/#website","url":"https:\/\/forcadell.com\/ca\/","name":"Forcadell","description":"Inmobiliaria Barcelona | Consultores inmobiliarios","potentialAction":[{"@type":"SearchAction","target":{"@type":"EntryPoint","urlTemplate":"https:\/\/forcadell.com\/ca\/?s={search_term_string}"},"query-input":{"@type":"PropertyValueSpecification","valueRequired":true,"valueName":"search_term_string"}}],"inLanguage":"ca"}]}},"_links":{"self":[{"href":"https:\/\/forcadell.com\/ca\/wp-json\/wp\/v2\/properties_post\/57462","targetHints":{"allow":["GET"]}}],"collection":[{"href":"https:\/\/forcadell.com\/ca\/wp-json\/wp\/v2\/properties_post"}],"about":[{"href":"https:\/\/forcadell.com\/ca\/wp-json\/wp\/v2\/types\/properties_post"}],"wp:attachment":[{"href":"https:\/\/forcadell.com\/ca\/wp-json\/wp\/v2\/media?parent=57462"}],"curies":[{"name":"wp","href":"https:\/\/api.w.org\/{rel}","templated":true}]}}