{"id":57433,"date":"2025-11-04T15:48:59","date_gmt":"2025-11-04T13:48:59","guid":{"rendered":"https:\/\/www.forcadell.com\/propiedades\/edificio-cornerstone\/"},"modified":"2026-04-27T13:30:19","modified_gmt":"2026-04-27T11:30:19","slug":"edificio-cornerstone","status":"publish","type":"properties_post","link":"https:\/\/forcadell.com\/ca\/propiedades\/edificio-cornerstone\/","title":{"rendered":"EDIFICIO CORNERSTONE"},"content":{"rendered":"<p>\u00a1OFICINA IMPLANTADA!<\/p>\n<p>\u00a1Descubre el Parque Empresarial Cornerstone \u2013 22@ Barcelona!<\/p>\n<p>Ubicado en el vibrante distrito tecnol\u00f3gico del 22@, a pasos de la Avenida Diagonal y la Rambla del Poblenou, Cornerstone es mucho m\u00e1s que un parque empresarial: es un entorno dise\u00f1ado para inspirar, conectar y crecer.<br \/>\nTres modernos edificios rodeados de un jard\u00edn central privado, exclusivo para empresas y visitantes.<\/p>\n<p>Caracter\u00edsticas que marcan la diferencia:<\/p>\n<p>Certificaci\u00f3n LEED GOLD \u2013 Comprometidos con la sostenibilidad<br \/>\nDise\u00f1o moderno con fachada muro cortina y ventanas practicables<br \/>\nSuperficies di\u00e1fanas, suelo t\u00e9cnico y luminarias LED<br \/>\nOficina equipada disponible en la Planta 7<br \/>\nPlaza central privada con WiFi, ideal para networking<br \/>\nSeguridad 24h, conserjer\u00eda y restaurante en el complejo<br \/>\nTaquillas inteligentes y plazas de parking con recarga el\u00e9ctrica<br \/>\nCertificado de Eficiencia Energ\u00e9tica: A<\/p>\n<p>Acceso inmejorable<\/p>\n<p>Metro: L4 \u2013 Poblenou<br \/>\nTram: T4<br \/>\nBus: 36, 40, 42, 71, 141, 192<\/p>\n<p>Establece tu empresa en un entorno que impulsa el crecimiento y la innovaci\u00f3n.<br \/>\nCont\u00e1ctanos hoy mismo para m\u00e1s informaci\u00f3n y agendar tu visita.<\/p>\n<p>\u00a1No dejes pasar esta oportunidad \u00fanica en el coraz\u00f3n del 22@!.<\/p>\n","protected":false},"template":"","class_list":["post-57433","properties_post","type-properties_post","status-publish","hentry","properties_modality-rent","properties_district-sant-marti","properties_province-barcelona","properties_zone-116","properties_state-barcelona","properties_subclass-oficina","properties_type-oficina"],"acf":{"post_type_properties_post_property_code":"236966","post_type_properties_post_property_reference":"IE-214999","post_type_properties_post_owner_id":"50488","post_type_properties_post_owner_name":"BNP PARIBAS REAL ESTATE ADVOSORY SPAIN SA","post_type_properties_post_property_code_encrypted":"MjkkMjE1MzM=","post_type_properties_post_published":"1","post_type_properties_post_property_visibility":"idealista","post_type_properties_post_contact_name":"Forcadell Oficinas Barcelona","post_type_properties_post_contact_email":"forcadell.oficinas.barcelona@movin.cloud","post_type_properties_post_contact_primary_phone_prefix":"34","post_type_properties_post_contact_primary_phone_number":"934965413","post_type_properties_post_address_visibility":"street","post_type_properties_post_address_country":"Spain","post_type_properties_post_address_coordinates_precision":"exact","post_type_properties_post_address_postal_code":"08005","post_type_properties_post_address_coordinates_latitude":"41.4047474","post_type_properties_post_address_coordinates_longitude":"2.2009459","post_type_properties_post_address_street_name":"Cam\u00ed Antic de Valencia, 54","post_type_properties_post_address_floor":"7","post_type_properties_post_address_town":"Barcelona","post_type_properties_post_building":null,"post_type_properties_post_property":[{"properties_post_description_language":"catalan","properties_post_title":"EDIFICI CORNERSTONE","properties_post_short_description_text_alt":"","properties_post_description_text_alt":"","properties_post_short_description_text":" ","properties_post_link_demanda_inmueble":"https:\/\/movin.cloud\/ca\/Forcadell Oficinas Barcelona\/formulari-peticio-immoble\/sth\/2438&&236966","properties_post_link_demanda_calendario_inmueble":"https:\/\/movin.cloud\/ca\/Forcadell Oficinas Barcelona\/calendari-peticio-immoble\/sth\/2438&&236966","properties_post_description_text":"OFICINA IMPLANTADA!\n\nDescobreix el Parc Empresarial Cornerstone \u2013 22@ Barcelona!\n\nUbicat al vibrant districte tecnol\u00f2gic del 22@, a passos de l'Avinguda Diagonal i la Rambla del Poblenou, Cornerstone \u00e9s molt m\u00e9s que un parc empresarial: \u00e9s un entorn dissenyat per inspirar, connectar i cr\u00e9ixer.\nTres edificis moderns envoltats d'un jard\u00ed central privat, exclusiu per a empreses i visitants.\n\nCaracter\u00edstiques que marquen la difer\u00e8ncia:\n\nCertificaci\u00f3 LEED GOLD \u2013 Compromesos amb la sostenibilitat\nDisseny modern amb fa\u00e7ana mur cortina i finestres practicables\nSuperf\u00edcies di\u00e0fanes, terra t\u00e8cnic i llumin\u00e0ries LED\nOficina equipada disponible a la Planta 7\nPla\u00e7a central privada amb WiFi, ideal per a networking\nSeguretat 24h, consergeria i restaurant al complex\nTaquilles intel\u00b7ligents i places de p\u00e0rquing amb rec\u00e0rrega el\u00e8ctrica\nCertificat d'Efici\u00e8ncia Energ\u00e8tica: A\n\nAcc\u00e9s immillorable\n\nMetro: L4 \u2013 Poblenou\nTram: T4\nBus: 36, 40, 42, 71, 141, 192\n\nEstableix la teva empresa en un entorn que impulsa el creixement i la innovaci\u00f3.\nContacta'ns avui mateix per a m\u00e9s informaci\u00f3 i agendar la teva visita.\n\nNo deixis passar aquesta oportunitat \u00fanica al cor del 22@!.","properties_post_seo_title":"","properties_post_seo_alias":"","properties_post_seo_metadescription":"Oficina di\u00e0fana en lloguer al centre de Poblenou, Barcelona. Forcadell \u00e9s la seva ag\u00e8ncia de confian\u00e7a per al lloguer d'aquesta oficina.","properties_post_seo_key_words":"oficina lloguer Barcelona, lloguer oficina Barcelona, oficina Barcelona","properties_post_seo_url":"","properties_post_terms_conditions":""},{"properties_post_description_language":"spanish","properties_post_title":"EDIFICIO CORNERSTONE","properties_post_short_description_text_alt":"","properties_post_description_text_alt":"","properties_post_short_description_text":" ","properties_post_link_demanda_inmueble":"https:\/\/movin.cloud\/es\/Forcadell Oficinas Barcelona\/formulario-peticion-inmueble\/sth\/2438&&236966","properties_post_link_demanda_calendario_inmueble":"https:\/\/movin.cloud\/es\/Forcadell Oficinas Barcelona\/calendario-peticion-inmueble\/sth\/2438&&236966","properties_post_description_text":"\u00a1OFICINA IMPLANTADA!\n\n\u00a1Descubre el Parque Empresarial Cornerstone \u2013 22@ Barcelona!\n\nUbicado en el vibrante distrito tecnol\u00f3gico del 22@, a pasos de la Avenida Diagonal y la Rambla del Poblenou, Cornerstone es mucho m\u00e1s que un parque empresarial: es un entorno dise\u00f1ado para inspirar, conectar y crecer.\nTres modernos edificios rodeados de un jard\u00edn central privado, exclusivo para empresas y visitantes.\n\nCaracter\u00edsticas que marcan la diferencia:\n\n\nCertificaci\u00f3n LEED GOLD \u2013 Comprometidos con la sostenibilidad\nDise\u00f1o moderno con fachada muro cortina y ventanas practicables\nSuperficies di\u00e1fanas, suelo t\u00e9cnico y luminarias LED\nOficina equipada disponible en la Planta 7\nPlaza central privada con WiFi, ideal para networking\nSeguridad 24h, conserjer\u00eda y restaurante en el complejo\nTaquillas inteligentes y plazas de parking con recarga el\u00e9ctrica\nCertificado de Eficiencia Energ\u00e9tica: A\n\nAcceso inmejorable\n\nMetro: L4 \u2013 Poblenou\nTram: T4\nBus: 36, 40, 42, 71, 141, 192\n\nEstablece tu empresa en un entorno que impulsa el crecimiento y la innovaci\u00f3n.\nCont\u00e1ctanos hoy mismo para m\u00e1s informaci\u00f3n y agendar tu visita.\n\n\u00a1No dejes pasar esta oportunidad \u00fanica en el coraz\u00f3n del 22@!.","properties_post_seo_title":"","properties_post_seo_alias":"","properties_post_seo_metadescription":"Oficina di\u00e1fana en alquiler en el centro de Poblenou, Barcelona. Forcadell es su agencia de confianza par el alquiler de esta oficina.","properties_post_seo_key_words":"oficina alquiler Barcelona, alquiler oficina Barcelona, oficina Barcelona","properties_post_seo_url":"","properties_post_terms_conditions":""}],"post_type_properties_post_features_type":"office","post_type_properties_post_id_building":"MjkkMjc2MzA=","post_type_properties_post_features_area_constructed":937,"post_type_properties_post_features_conditioned_air":true,"post_type_properties_post_features_doorman":false,"post_type_properties_post_features_heating":true,"post_type_properties_post_features_equipped_kitchen":false,"post_type_properties_post_features_windows_location":"exterior","post_type_properties_post_features_floors_property":false,"post_type_properties_post_features_storage":false,"post_type_properties_post_features_security_door":false,"post_type_properties_post_features_energy_certificate_rating":"A","post_type_properties_post_features_energy_certificate_emissions_rating":"A","post_type_properties_post_features_energy_certificate_emissions_value":10,"post_type_properties_post_features_energy_certificate_performance":61,"post_type_properties_post_features_bathroom_inside":true,"post_type_properties_post_precio":21082.5,"post_type_properties_post_precio_alquiler":21082.5,"post_type_properties_post_record_type_id":"Oficina","post_type_properties_post_categoria__producto":"Oficina","post_type_properties_post_amueblado":false,"post_type_properties_post_precio_m2":22.5,"post_type_properties_post_zona__comunitaria":false,"post_type_properties_post_electrodomesticos":false,"post_type_properties_post_patio__interior":false,"post_type_properties_post_certificado_energetico_general":"A","post_type_properties_post_certificado_energetico_consumo":"A","post_type_properties_post_certificado_energetico_valor_emisiones":10,"post_type_properties_post_certificado_energetico_valor_consumo":61,"post_type_properties_post_modalidad":"rent","post_type_properties_post_provincia":"Barcelona","post_type_properties_post_poblacion":"Barcelona","post_type_properties_post_centro__urbano":false,"post_type_properties_post_zonificacion":"22 @","post_type_properties_post_cartera":"Captaci\u00f3n","post_type_properties_post_titulo_catalan":"EDIFICI CORNERSTONE","post_type_properties_post_internet_catalan":"OFICINA IMPLANTADA!\n\nDescobreix el Parc Empresarial Cornerstone \u2013 22@ Barcelona!\n\nUbicat al vibrant districte tecnol\u00f2gic del 22@, a passos de l'Avinguda Diagonal i la Rambla del Poblenou, Cornerstone \u00e9s molt m\u00e9s que un parc empresarial: \u00e9s un entorn dissenyat per inspirar, connectar i cr\u00e9ixer.\nTres edificis moderns envoltats d'un jard\u00ed central privat, exclusiu per a empreses i visitants.\n\nCaracter\u00edstiques que marquen la difer\u00e8ncia:\n\nCertificaci\u00f3 LEED GOLD \u2013 Compromesos amb la sostenibilitat\nDisseny modern amb fa\u00e7ana mur cortina i finestres practicables\nSuperf\u00edcies di\u00e0fanes, terra t\u00e8cnic i llumin\u00e0ries LED\nOficina equipada disponible a la Planta 7\nPla\u00e7a central privada amb WiFi, ideal per a networking\nSeguretat 24h, consergeria i restaurant al complex\nTaquilles intel\u00b7ligents i places de p\u00e0rquing amb rec\u00e0rrega el\u00e8ctrica\nCertificat d'Efici\u00e8ncia Energ\u00e8tica: A\n\nAcc\u00e9s immillorable\n\nMetro: L4 \u2013 Poblenou\nTram: T4\nBus: 36, 40, 42, 71, 141, 192\n\nEstableix la teva empresa en un entorn que impulsa el creixement i la innovaci\u00f3.\nContacta'ns avui mateix per a m\u00e9s informaci\u00f3 i agendar la teva visita.\n\nNo deixis passar aquesta oportunitat \u00fanica al cor del 22@!.","post_type_properties_post_titulo_castellano":"EDIFICIO CORNERSTONE","post_type_properties_post_internet_castellano":"\u00a1OFICINA IMPLANTADA!\n\n\u00a1Descubre el Parque Empresarial Cornerstone \u2013 22@ Barcelona!\n\nUbicado en el vibrante distrito tecnol\u00f3gico del 22@, a pasos de la Avenida Diagonal y la Rambla del Poblenou, Cornerstone es mucho m\u00e1s que un parque empresarial: es un entorno dise\u00f1ado para inspirar, conectar y crecer.\nTres modernos edificios rodeados de un jard\u00edn central privado, exclusivo para empresas y visitantes.\n\nCaracter\u00edsticas que marcan la diferencia:\n\n\nCertificaci\u00f3n LEED GOLD \u2013 Comprometidos con la sostenibilidad\nDise\u00f1o moderno con fachada muro cortina y ventanas practicables\nSuperficies di\u00e1fanas, suelo t\u00e9cnico y luminarias LED\nOficina equipada disponible en la Planta 7\nPlaza central privada con WiFi, ideal para networking\nSeguridad 24h, conserjer\u00eda y restaurante en el complejo\nTaquillas inteligentes y plazas de parking con recarga el\u00e9ctrica\nCertificado de Eficiencia Energ\u00e9tica: A\n\nAcceso inmejorable\n\nMetro: L4 \u2013 Poblenou\nTram: T4\nBus: 36, 40, 42, 71, 141, 192\n\nEstablece tu empresa en un entorno que impulsa el crecimiento y la innovaci\u00f3n.\nCont\u00e1ctanos hoy mismo para m\u00e1s informaci\u00f3n y agendar tu visita.\n\n\u00a1No dejes pasar esta oportunidad \u00fanica en el coraz\u00f3n del 22@!.","post_type_properties_post_titulo_ingles":"","post_type_properties_post_internet_ingles":"","post_type_properties_post_features_classification_commercial":false,"post_type_properties_post_features_conservation":"","post_type_properties_post_features_security_personnel":false,"post_type_properties_post_features_parking_available":false,"post_type_properties_post_features_garage_capacity_type":"","post_type_properties_post_features_bathroom_number":"","post_type_properties_post_eje":"","post_type_properties_post_zona":"","post_type_properties_post_comarca":"","post_type_properties_post_features_built_year":"","post_type_properties_post_renta_mensual":21082.5,"post_type_properties_post_fianza":"","post_type_properties_post_features_area_plot":"","post_type_properties_post_features_area_buildable":"","post_type_properties_post_features_classification_industrial":false,"post_type_properties_post_distrito":"","post_type_properties_post_features_balcony":false,"post_type_properties_post_features_bedroom_number":"","post_type_properties_post_features_heating_type":"","post_type_properties_post_features_equipped_with_furniture":false,"post_type_properties_post_features_pets_allowed":false,"post_type_properties_post_features_pool":false,"post_type_properties_post_features_terrace":false,"post_type_properties_post_features_wardrobes":false,"post_type_properties_post_features_lift_available":false,"post_type_properties_post_features_handicap_adapted_access":false,"post_type_properties_post_features_orientation_east":false,"post_type_properties_post_features_orientation_west":false,"post_type_properties_post_features_orientation_north":false,"post_type_properties_post_features_orientation_south":false,"post_type_properties_post_features_parking_spaces_number":"","post_type_properties_post_features_security_alarm":false,"post_type_properties_post_features_security_system":false,"post_type_properties_post_open_plan":false,"post_type_properties_post_acceso_24_7":false,"post_type_properties_post_oficina_privada":false,"post_type_properties_post_sala_reuniones":false,"post_type_properties_post_espacio_eventos":false,"post_type_properties_post_office":false,"post_type_properties_post_restaurant":false,"post_type_properties_post_acepta_traspaso":false,"post_type_properties_post_vigilancia":false,"post_type_properties_post_features_suite":false,"post_type_properties_post_features_vitro":false,"post_type_properties_post_features_oven":false,"post_type_properties_post_features_microwave":false,"post_type_properties_post_features_washing_machine":false,"post_type_properties_post_features_dryer":false,"post_type_properties_post_features_dishwasher":false,"post_type_properties_post_features_fridge":false,"post_type_properties_post_features_fridge_mini":false,"post_type_properties_post_features_kettle":false,"post_type_properties_post_features_toaster":false,"post_type_properties_post_features_coffee_maker":false,"post_type_properties_post_features_iron":false,"post_type_properties_post_features_ironing_board":false,"post_type_properties_post_features_safe":false,"post_type_properties_post_features_internet":false,"post_type_properties_post_features_solarium":false,"post_type_properties_post_features_clean_service":false,"post_type_properties_post_features_t_v":false,"post_type_properties_post_features_satellite_t_v":false,"post_type_properties_post_features_gas_kitchen":false,"post_type_properties_post_features_view_mountain":false,"post_type_properties_post_features_view_sea":false,"post_type_properties_post_features_concierge":true,"post_type_properties_post_features_loading_dock":false,"post_type_properties_post_features_bridge_crane":false,"post_type_properties_post_features_located_at_corner":false,"post_type_properties_post_features_smoke_extraction":false,"post_type_properties_post_features_rooms":"","post_type_properties_post_features_garden_area":"","post_type_properties_post_features_utilities_water":false,"post_type_properties_post_features_utilities_electricity":false,"post_type_properties_post_features_utilities_natural_gas":false,"post_type_properties_post_features_building_adapted":false,"post_type_properties_post_features_garden":false,"post_type_properties_post_features_classification_hotel":false,"post_type_properties_post_features_classification_chalet":false,"post_type_properties_post_certificado_energetico_emisiones":"A","post_type_properties_post_barrio":"","post_type_properties_post_distrito_empresa":"Sant Mart\u00ed","post_type_properties_post_features_property_category_intern":"","post_type_properties_post_implantada":true,"post_type_properties_post_sello_leed":"1","post_type_properties_post_sello_well":"","post_type_properties_post_sello_breeam":false,"post_type_properties_post_images":[{"properties_post_image_order":1,"properties_post_image_url":"https:\/\/movin.cloud\/empresas\/2438\/imagenes\/236966\/en-alquiler-1.webp","properties_post_image_url_thumbnail":"https:\/\/movin.cloud\/empresas\/2438\/imagenes\/thumbnails\/236966\/en-alquiler-1.webp","properties_post_title":"en alquiler 1","properties_post_alt":"en alquiler 1"},{"properties_post_image_order":2,"properties_post_image_url":"https:\/\/movin.cloud\/empresas\/2438\/imagenes\/236966\/barcelona-alquiler-para-idealistas.webp","properties_post_image_url_thumbnail":"https:\/\/movin.cloud\/empresas\/2438\/imagenes\/thumbnails\/236966\/barcelona-alquiler-para-idealistas.webp","properties_post_title":"barcelona alquiler para idealistas","properties_post_alt":"barcelona alquiler para idealistas"},{"properties_post_image_order":3,"properties_post_image_url":"https:\/\/movin.cloud\/empresas\/2438\/imagenes\/236966\/barcelona-fincas.webp","properties_post_image_url_thumbnail":"https:\/\/movin.cloud\/empresas\/2438\/imagenes\/thumbnails\/236966\/barcelona-fincas.webp","properties_post_title":"barcelona fincas","properties_post_alt":"barcelona fincas"},{"properties_post_image_order":4,"properties_post_image_url":"https:\/\/movin.cloud\/empresas\/2438\/imagenes\/236966\/barcelona-inmobiliaria.webp","properties_post_image_url_thumbnail":"https:\/\/movin.cloud\/empresas\/2438\/imagenes\/thumbnails\/236966\/barcelona-inmobiliaria.webp","properties_post_title":"barcelona inmobiliaria","properties_post_alt":"barcelona inmobiliaria"},{"properties_post_image_order":5,"properties_post_image_url":"https:\/\/movin.cloud\/empresas\/2438\/imagenes\/236966\/barcelona-viviendas.webp","properties_post_image_url_thumbnail":"https:\/\/movin.cloud\/empresas\/2438\/imagenes\/thumbnails\/236966\/barcelona-viviendas.webp","properties_post_title":"barcelona viviendas","properties_post_alt":"barcelona viviendas"},{"properties_post_image_order":6,"properties_post_image_url":"https:\/\/movin.cloud\/empresas\/2438\/imagenes\/236966\/barcelona-en-alquiler.webp","properties_post_image_url_thumbnail":"https:\/\/movin.cloud\/empresas\/2438\/imagenes\/thumbnails\/236966\/barcelona-en-alquiler.webp","properties_post_title":"barcelona en alquiler","properties_post_alt":"barcelona en alquiler"},{"properties_post_image_order":7,"properties_post_image_url":"https:\/\/movin.cloud\/empresas\/2438\/imagenes\/236966\/barcelona-alquiler-idealistas.webp","properties_post_image_url_thumbnail":"https:\/\/movin.cloud\/empresas\/2438\/imagenes\/thumbnails\/236966\/barcelona-alquiler-idealistas.webp","properties_post_title":"barcelona alquiler idealistas","properties_post_alt":"barcelona alquiler idealistas"},{"properties_post_image_order":8,"properties_post_image_url":"https:\/\/movin.cloud\/empresas\/2438\/imagenes\/236966\/en-alquiler-2.webp","properties_post_image_url_thumbnail":"https:\/\/movin.cloud\/empresas\/2438\/imagenes\/thumbnails\/236966\/en-alquiler-2.webp","properties_post_title":"en alquiler 2","properties_post_alt":"en alquiler 2"},{"properties_post_image_order":9,"properties_post_image_url":"https:\/\/movin.cloud\/empresas\/2438\/imagenes\/236966\/barcelona-alquiler.webp","properties_post_image_url_thumbnail":"https:\/\/movin.cloud\/empresas\/2438\/imagenes\/thumbnails\/236966\/barcelona-alquiler.webp","properties_post_title":"barcelona alquiler","properties_post_alt":"barcelona alquiler"},{"properties_post_image_order":10,"properties_post_image_url":"https:\/\/movin.cloud\/empresas\/2438\/imagenes\/236966\/inmobiliaria-barcelona.webp","properties_post_image_url_thumbnail":"https:\/\/movin.cloud\/empresas\/2438\/imagenes\/thumbnails\/236966\/inmobiliaria-barcelona.webp","properties_post_title":"inmobiliaria barcelona","properties_post_alt":"inmobiliaria barcelona"},{"properties_post_image_order":11,"properties_post_image_url":"https:\/\/movin.cloud\/empresas\/2438\/imagenes\/236966\/barcelona-habitalia.webp","properties_post_image_url_thumbnail":"https:\/\/movin.cloud\/empresas\/2438\/imagenes\/thumbnails\/236966\/barcelona-habitalia.webp","properties_post_title":"barcelona habitalia","properties_post_alt":"barcelona habitalia"},{"properties_post_image_order":12,"properties_post_image_url":"https:\/\/movin.cloud\/empresas\/2438\/imagenes\/236966\/barcelona-alquilar.webp","properties_post_image_url_thumbnail":"https:\/\/movin.cloud\/empresas\/2438\/imagenes\/thumbnails\/236966\/barcelona-alquilar.webp","properties_post_title":"barcelona alquilar","properties_post_alt":"barcelona alquilar"},{"properties_post_image_order":13,"properties_post_image_url":"https:\/\/movin.cloud\/empresas\/2438\/imagenes\/236966\/barcelona-alquiler-para-idealista.webp","properties_post_image_url_thumbnail":"https:\/\/movin.cloud\/empresas\/2438\/imagenes\/thumbnails\/236966\/barcelona-alquiler-para-idealista.webp","properties_post_title":"barcelona alquiler para idealista","properties_post_alt":"barcelona alquiler para idealista"},{"properties_post_image_order":14,"properties_post_image_url":"https:\/\/movin.cloud\/empresas\/2438\/imagenes\/236966\/barcelona-rent.webp","properties_post_image_url_thumbnail":"https:\/\/movin.cloud\/empresas\/2438\/imagenes\/thumbnails\/236966\/barcelona-rent.webp","properties_post_title":"barcelona rent","properties_post_alt":"barcelona rent"},{"properties_post_image_order":15,"properties_post_image_url":"https:\/\/movin.cloud\/empresas\/2438\/imagenes\/236966\/barcelona-inmobiliarias.webp","properties_post_image_url_thumbnail":"https:\/\/movin.cloud\/empresas\/2438\/imagenes\/thumbnails\/236966\/barcelona-inmobiliarias.webp","properties_post_title":"barcelona inmobiliarias","properties_post_alt":"barcelona inmobiliarias"},{"properties_post_image_order":16,"properties_post_image_url":"https:\/\/movin.cloud\/empresas\/2438\/imagenes\/236966\/en-alquiler-3.webp","properties_post_image_url_thumbnail":"https:\/\/movin.cloud\/empresas\/2438\/imagenes\/thumbnails\/236966\/en-alquiler-3.webp","properties_post_title":"en alquiler 3","properties_post_alt":"en alquiler 3"},{"properties_post_image_order":17,"properties_post_image_url":"https:\/\/movin.cloud\/empresas\/2438\/imagenes\/236966\/en-alquiler-4.webp","properties_post_image_url_thumbnail":"https:\/\/movin.cloud\/empresas\/2438\/imagenes\/thumbnails\/236966\/en-alquiler-4.webp","properties_post_title":"en alquiler 4","properties_post_alt":"en alquiler 4"},{"properties_post_image_order":18,"properties_post_image_url":"https:\/\/movin.cloud\/empresas\/2438\/imagenes\/236966\/en-alquiler-5.webp","properties_post_image_url_thumbnail":"https:\/\/movin.cloud\/empresas\/2438\/imagenes\/thumbnails\/236966\/en-alquiler-5.webp","properties_post_title":"en alquiler 5","properties_post_alt":"en alquiler 5"},{"properties_post_image_order":19,"properties_post_image_url":"https:\/\/movin.cloud\/empresas\/2438\/imagenes\/236966\/en-alquiler-6.webp","properties_post_image_url_thumbnail":"https:\/\/movin.cloud\/empresas\/2438\/imagenes\/thumbnails\/236966\/en-alquiler-6.webp","properties_post_title":"en alquiler 6","properties_post_alt":"en alquiler 6"},{"properties_post_image_order":20,"properties_post_image_url":"https:\/\/movin.cloud\/empresas\/2438\/imagenes\/236966\/en-alquiler-7.webp","properties_post_image_url_thumbnail":"https:\/\/movin.cloud\/empresas\/2438\/imagenes\/thumbnails\/236966\/en-alquiler-7.webp","properties_post_title":"en alquiler 7","properties_post_alt":"en alquiler 7"},{"properties_post_image_order":21,"properties_post_image_url":"https:\/\/movin.cloud\/empresas\/2438\/imagenes\/236966\/en-alquiler-8.webp","properties_post_image_url_thumbnail":"https:\/\/movin.cloud\/empresas\/2438\/imagenes\/thumbnails\/236966\/en-alquiler-8.webp","properties_post_title":"en alquiler 8","properties_post_alt":"en alquiler 8"},{"properties_post_image_order":22,"properties_post_image_url":"https:\/\/movin.cloud\/empresas\/2438\/imagenes\/236966\/en-alquiler-9.webp","properties_post_image_url_thumbnail":"https:\/\/movin.cloud\/empresas\/2438\/imagenes\/thumbnails\/236966\/en-alquiler-9.webp","properties_post_title":"en alquiler 9","properties_post_alt":"en alquiler 9"},{"properties_post_image_order":23,"properties_post_image_url":"https:\/\/movin.cloud\/empresas\/2438\/imagenes\/236966\/en-alquiler-10.webp","properties_post_image_url_thumbnail":"https:\/\/movin.cloud\/empresas\/2438\/imagenes\/thumbnails\/236966\/en-alquiler-10.webp","properties_post_title":"en alquiler 10","properties_post_alt":"en alquiler 10"},{"properties_post_image_order":24,"properties_post_image_url":"https:\/\/movin.cloud\/empresas\/2438\/imagenes\/236966\/en-alquiler-11.webp","properties_post_image_url_thumbnail":"https:\/\/movin.cloud\/empresas\/2438\/imagenes\/thumbnails\/236966\/en-alquiler-11.webp","properties_post_title":"en alquiler 11","properties_post_alt":"en alquiler 11"},{"properties_post_image_order":25,"properties_post_image_url":"https:\/\/movin.cloud\/empresas\/2438\/imagenes\/236966\/en-alquiler-12.webp","properties_post_image_url_thumbnail":"https:\/\/movin.cloud\/empresas\/2438\/imagenes\/thumbnails\/236966\/en-alquiler-12.webp","properties_post_title":"en alquiler 12","properties_post_alt":"en alquiler 12"},{"properties_post_image_order":26,"properties_post_image_url":"https:\/\/movin.cloud\/empresas\/2438\/imagenes\/236966\/en-alquiler-13.webp","properties_post_image_url_thumbnail":"https:\/\/movin.cloud\/empresas\/2438\/imagenes\/thumbnails\/236966\/en-alquiler-13.webp","properties_post_title":"en alquiler 13","properties_post_alt":"en alquiler 13"},{"properties_post_image_order":27,"properties_post_image_url":"https:\/\/movin.cloud\/empresas\/2438\/imagenes\/236966\/en-alquiler-14.webp","properties_post_image_url_thumbnail":"https:\/\/movin.cloud\/empresas\/2438\/imagenes\/thumbnails\/236966\/en-alquiler-14.webp","properties_post_title":"en alquiler 14","properties_post_alt":"en alquiler 14"},{"properties_post_image_order":28,"properties_post_image_url":"https:\/\/movin.cloud\/empresas\/2438\/imagenes\/236966\/en-alquiler-15.webp","properties_post_image_url_thumbnail":"https:\/\/movin.cloud\/empresas\/2438\/imagenes\/thumbnails\/236966\/en-alquiler-15.webp","properties_post_title":"en alquiler 15","properties_post_alt":"en alquiler 15"},{"properties_post_image_order":29,"properties_post_image_url":"https:\/\/movin.cloud\/empresas\/2438\/imagenes\/236966\/en-alquiler-16.webp","properties_post_image_url_thumbnail":"https:\/\/movin.cloud\/empresas\/2438\/imagenes\/thumbnails\/236966\/en-alquiler-16.webp","properties_post_title":"en alquiler 16","properties_post_alt":"en alquiler 16"},{"properties_post_image_order":30,"properties_post_image_url":"https:\/\/movin.cloud\/empresas\/2438\/imagenes\/236966\/en-alquiler-17.webp","properties_post_image_url_thumbnail":"https:\/\/movin.cloud\/empresas\/2438\/imagenes\/thumbnails\/236966\/en-alquiler-17.webp","properties_post_title":"en alquiler 17","properties_post_alt":"en alquiler 17"}],"post_type_properties_post_videos":null,"post_type_properties_post_tour":null,"post_type_properties_post_dossier_url":"","post_type_properties_post_operation_type":"rent","post_type_properties_post_operation_price":21082,"post_type_properties_post_features_hidden_price":false},"yoast_head":"<!-- This site is optimized with the Yoast SEO plugin v27.4 - https:\/\/yoast.com\/product\/yoast-seo-wordpress\/ -->\n<title>EDIFICIO CORNERSTONE - Forcadell<\/title>\n<meta name=\"robots\" content=\"index, follow, max-snippet:-1, max-image-preview:large, max-video-preview:-1\" \/>\n<link rel=\"canonical\" href=\"https:\/\/forcadell.com\/ca\/propiedades\/edificio-cornerstone\/\" \/>\n<meta property=\"og:locale\" content=\"ca_ES\" \/>\n<meta property=\"og:type\" content=\"article\" \/>\n<meta property=\"og:title\" content=\"EDIFICIO CORNERSTONE - Forcadell\" \/>\n<meta property=\"og:description\" content=\"\u00a1OFICINA IMPLANTADA! \u00a1Descubre el Parque Empresarial Cornerstone \u2013 22@ Barcelona! Ubicado en el vibrante distrito tecnol\u00f3gico del 22@, a pasos de la Avenida Diagonal y la Rambla del Poblenou, Cornerstone es mucho m\u00e1s que un parque empresarial: es un entorno dise\u00f1ado para inspirar, conectar y crecer. Tres modernos edificios rodeados de un jard\u00edn central privado, [&hellip;]\" \/>\n<meta property=\"og:url\" content=\"https:\/\/forcadell.com\/ca\/propiedades\/edificio-cornerstone\/\" \/>\n<meta property=\"og:site_name\" content=\"Forcadell\" \/>\n<meta property=\"article:modified_time\" content=\"2026-04-27T11:30:19+00:00\" \/>\n<meta name=\"twitter:card\" content=\"summary_large_image\" \/>\n<meta name=\"twitter:label1\" content=\"Temps estimat de lectura\" \/>\n\t<meta name=\"twitter:data1\" content=\"1 minut\" \/>\n<!-- \/ Yoast SEO plugin. -->","yoast_head_json":{"title":"EDIFICIO CORNERSTONE - Forcadell","robots":{"index":"index","follow":"follow","max-snippet":"max-snippet:-1","max-image-preview":"max-image-preview:large","max-video-preview":"max-video-preview:-1"},"canonical":"https:\/\/forcadell.com\/ca\/propiedades\/edificio-cornerstone\/","og_locale":"ca_ES","og_type":"article","og_title":"EDIFICIO CORNERSTONE - Forcadell","og_description":"\u00a1OFICINA IMPLANTADA! \u00a1Descubre el Parque Empresarial Cornerstone \u2013 22@ Barcelona! Ubicado en el vibrante distrito tecnol\u00f3gico del 22@, a pasos de la Avenida Diagonal y la Rambla del Poblenou, Cornerstone es mucho m\u00e1s que un parque empresarial: es un entorno dise\u00f1ado para inspirar, conectar y crecer. Tres modernos edificios rodeados de un jard\u00edn central privado, [&hellip;]","og_url":"https:\/\/forcadell.com\/ca\/propiedades\/edificio-cornerstone\/","og_site_name":"Forcadell","article_modified_time":"2026-04-27T11:30:19+00:00","twitter_card":"summary_large_image","twitter_misc":{"Temps estimat de lectura":"1 minut"},"schema":{"@context":"https:\/\/schema.org","@graph":[{"@type":"WebPage","@id":"https:\/\/forcadell.com\/ca\/propiedades\/edificio-cornerstone\/","url":"https:\/\/forcadell.com\/ca\/propiedades\/edificio-cornerstone\/","name":"EDIFICIO CORNERSTONE - Forcadell","isPartOf":{"@id":"https:\/\/forcadell.com\/ca\/#website"},"datePublished":"2025-11-04T13:48:59+00:00","dateModified":"2026-04-27T11:30:19+00:00","breadcrumb":{"@id":"https:\/\/forcadell.com\/ca\/propiedades\/edificio-cornerstone\/#breadcrumb"},"inLanguage":"ca","potentialAction":[{"@type":"ReadAction","target":["https:\/\/forcadell.com\/ca\/propiedades\/edificio-cornerstone\/"]}]},{"@type":"BreadcrumbList","@id":"https:\/\/forcadell.com\/ca\/propiedades\/edificio-cornerstone\/#breadcrumb","itemListElement":[{"@type":"ListItem","position":1,"name":"Portada","item":"https:\/\/forcadell.com\/ca\/"},{"@type":"ListItem","position":2,"name":"Properties","item":"https:\/\/forcadell.com\/ca\/propiedades\/"},{"@type":"ListItem","position":3,"name":"EDIFICIO CORNERSTONE"}]},{"@type":"WebSite","@id":"https:\/\/forcadell.com\/ca\/#website","url":"https:\/\/forcadell.com\/ca\/","name":"Forcadell","description":"Inmobiliaria Barcelona | Consultores inmobiliarios","potentialAction":[{"@type":"SearchAction","target":{"@type":"EntryPoint","urlTemplate":"https:\/\/forcadell.com\/ca\/?s={search_term_string}"},"query-input":{"@type":"PropertyValueSpecification","valueRequired":true,"valueName":"search_term_string"}}],"inLanguage":"ca"}]}},"_links":{"self":[{"href":"https:\/\/forcadell.com\/ca\/wp-json\/wp\/v2\/properties_post\/57433","targetHints":{"allow":["GET"]}}],"collection":[{"href":"https:\/\/forcadell.com\/ca\/wp-json\/wp\/v2\/properties_post"}],"about":[{"href":"https:\/\/forcadell.com\/ca\/wp-json\/wp\/v2\/types\/properties_post"}],"wp:attachment":[{"href":"https:\/\/forcadell.com\/ca\/wp-json\/wp\/v2\/media?parent=57433"}],"curies":[{"name":"wp","href":"https:\/\/api.w.org\/{rel}","templated":true}]}}