{"id":57409,"date":"2025-11-04T15:47:53","date_gmt":"2025-11-04T13:47:53","guid":{"rendered":"https:\/\/www.forcadell.com\/propiedades\/oficina-luminosa-en-alquiler-en-edificio-moderno-de-sant-joan-despi\/"},"modified":"2026-04-26T15:07:18","modified_gmt":"2026-04-26T13:07:18","slug":"oficina-luminosa-en-alquiler-en-edificio-moderno-de-sant-joan-despi","status":"publish","type":"properties_post","link":"https:\/\/forcadell.com\/ca\/propiedades\/oficina-luminosa-en-alquiler-en-edificio-moderno-de-sant-joan-despi\/","title":{"rendered":"AV. BAIX LLOBREGAT &#8211; SANT JOAN DESP\u00cd"},"content":{"rendered":"<p>Espacios de oficinas y laboratorios en BaSID Headquarters \u2013 Innovaci\u00f3n y sostenibilidad<\/p>\n<p>BaSID Headquarters se ubica en el emblem\u00e1tico edificio Bayer, un entorno dise\u00f1ado para empresas vinculadas a la investigaci\u00f3n, la ciencia y la innovaci\u00f3n, que buscan espacios modernos con la \u00faltima tecnolog\u00eda y un fuerte compromiso con la sostenibilidad.<br \/>\nEl edificio destaca por su espectacular fachada acristalada y su dise\u00f1o contempor\u00e1neo, distribuido en dos bloques conectados por un amplio atrio central y un elegante hall de entrada que refuerza su imagen corporativa.<\/p>\n<p>Ofrece una completa gama de amenities integradas, pensadas para mejorar la experiencia diaria:<br \/>\nEspacios comunes y zonas colaborativas<br \/>\nAuditorio y salas de reuniones<br \/>\nRestaurante y cafeter\u00eda<br \/>\nGimnasio y pista de p\u00e1del<br \/>\nTerraza comunitaria<\/p>\n<p>Ubicado en Sant Joan Desp\u00ed, cuenta con excelentes conexiones, a pocos metros del tranv\u00eda y transporte p\u00fablico, con acceso r\u00e1pido a Barcelona<\/p>\n","protected":false},"template":"","class_list":["post-57409","properties_post","type-properties_post","status-publish","hentry","properties_modality-rent","properties_province-barcelona","properties_zone-periferia","properties_state-sant-joan-despi","properties_type-oficina"],"acf":{"post_type_properties_post_property_code":"228889","post_type_properties_post_property_reference":"IE-213839","post_type_properties_post_owner_id":"144347","post_type_properties_post_owner_name":"STONESHIELD CAPITAL","post_type_properties_post_property_code_encrypted":"MjkkMTM0NTY=","post_type_properties_post_published":"1","post_type_properties_post_property_visibility":"idealista","post_type_properties_post_contact_name":"Forcadell Oficinas Barcelona","post_type_properties_post_contact_email":"forcadell.oficinas.barcelona@movin.cloud","post_type_properties_post_contact_primary_phone_prefix":"34","post_type_properties_post_contact_primary_phone_number":"934965413","post_type_properties_post_address_visibility":"street","post_type_properties_post_address_country":"Spain","post_type_properties_post_address_coordinates_precision":"exact","post_type_properties_post_address_postal_code":"08970","post_type_properties_post_address_coordinates_latitude":"41.369572000002","post_type_properties_post_address_coordinates_longitude":"2.077699000002","post_type_properties_post_address_street_name":"AV Baix Llobregat 3-5","post_type_properties_post_address_floor":"4","post_type_properties_post_address_town":"Sant Joan Desp\u00ed","post_type_properties_post_building":null,"post_type_properties_post_property":[{"properties_post_description_language":"catalan","properties_post_title":"AV. BAIX LLOBREGAT - SANT JOAN DESP\u00cd","properties_post_short_description_text_alt":"","properties_post_description_text_alt":"","properties_post_short_description_text":" ","properties_post_link_demanda_inmueble":"https:\/\/movin.cloud\/ca\/Forcadell Oficinas Barcelona\/formulari-peticio-immoble\/sth\/2438&&228889","properties_post_link_demanda_calendario_inmueble":"https:\/\/movin.cloud\/ca\/Forcadell Oficinas Barcelona\/calendari-peticio-immoble\/sth\/2438&&228889","properties_post_description_text":"Espais d'oficines i laboratoris a BaSID Headquarters \u2013 Innovaci\u00f3 i sostenibilitat\n\nBaSID Headquarters s'ubica a l'emblem\u00e0tic edifici Bayer, un entorn dissenyat per a empreses vinculades a la investigaci\u00f3, la ci\u00e8ncia i la innovaci\u00f3, que busquen espais moderns amb l'\u00faltima tecnologia i un fort comprom\u00eds amb la sostenibilitat.\nL'edifici destaca per la seva espectacular fa\u00e7ana de vidre i el disseny contemporani, distribu\u00eft en dos blocs connectats per un ampli atri central i un elegant hall d'entrada que refor\u00e7a la seva imatge corporativa.\nOfereix una gamma completa d'amenities integrades, pensades per millorar l'experi\u00e8ncia di\u00e0ria:\nEspais comuns i zones col\u00b7laboratives\nAuditori i sales de reunions\nRestaurant i cafeteria\nGimn\u00e0s i pista de p\u00e0del\nTerrassa comunit\u00e0ria\n\nUbicat a Sant Joan Desp\u00ed, compta amb excel\u00b7lents connexions, a pocs metres del tramvia i transport p\u00fablic, amb acc\u00e9s r\u00e0pid a Barcelona","properties_post_seo_title":"","properties_post_seo_alias":"","properties_post_seo_metadescription":"","properties_post_seo_key_words":"","properties_post_seo_url":"","properties_post_terms_conditions":""},{"properties_post_description_language":"spanish","properties_post_title":"AV. BAIX LLOBREGAT - SANT JOAN DESP\u00cd","properties_post_short_description_text_alt":"","properties_post_description_text_alt":"","properties_post_short_description_text":" ","properties_post_link_demanda_inmueble":"https:\/\/movin.cloud\/es\/Forcadell Oficinas Barcelona\/formulario-peticion-inmueble\/sth\/2438&&228889","properties_post_link_demanda_calendario_inmueble":"https:\/\/movin.cloud\/es\/Forcadell Oficinas Barcelona\/calendario-peticion-inmueble\/sth\/2438&&228889","properties_post_description_text":"Espacios de oficinas y laboratorios en BaSID Headquarters \u2013 Innovaci\u00f3n y sostenibilidad\n\nBaSID Headquarters se ubica en el emblem\u00e1tico edificio Bayer, un entorno dise\u00f1ado para empresas vinculadas a la investigaci\u00f3n, la ciencia y la innovaci\u00f3n, que buscan espacios modernos con la \u00faltima tecnolog\u00eda y un fuerte compromiso con la sostenibilidad.\nEl edificio destaca por su espectacular fachada acristalada y su dise\u00f1o contempor\u00e1neo, distribuido en dos bloques conectados por un amplio atrio central y un elegante hall de entrada que refuerza su imagen corporativa.\n\nOfrece una completa gama de amenities integradas, pensadas para mejorar la experiencia diaria:\nEspacios comunes y zonas colaborativas\nAuditorio y salas de reuniones\nRestaurante y cafeter\u00eda\nGimnasio y pista de p\u00e1del\nTerraza comunitaria\n\nUbicado en Sant Joan Desp\u00ed, cuenta con excelentes conexiones, a pocos metros del tranv\u00eda y transporte p\u00fablico, con acceso r\u00e1pido a Barcelona","properties_post_seo_title":"","properties_post_seo_alias":"","properties_post_seo_metadescription":"","properties_post_seo_key_words":"","properties_post_seo_url":"","properties_post_terms_conditions":""}],"post_type_properties_post_features_type":"office","post_type_properties_post_id_building":"MjkkMjc3NTQ=","post_type_properties_post_features_area_constructed":1800,"post_type_properties_post_features_conditioned_air":true,"post_type_properties_post_features_doorman":false,"post_type_properties_post_features_heating":true,"post_type_properties_post_features_equipped_kitchen":false,"post_type_properties_post_features_windows_location":"exterior","post_type_properties_post_features_floors_property":false,"post_type_properties_post_features_storage":true,"post_type_properties_post_features_security_door":false,"post_type_properties_post_features_energy_certificate_rating":"B","post_type_properties_post_features_energy_certificate_emissions_rating":"B","post_type_properties_post_features_energy_certificate_emissions_value":"","post_type_properties_post_features_energy_certificate_performance":"","post_type_properties_post_features_bathroom_inside":false,"post_type_properties_post_precio":25200,"post_type_properties_post_precio_alquiler":25200,"post_type_properties_post_record_type_id":"Oficina","post_type_properties_post_categoria__producto":"Oficina","post_type_properties_post_amueblado":false,"post_type_properties_post_precio_m2":14,"post_type_properties_post_zona__comunitaria":false,"post_type_properties_post_electrodomesticos":false,"post_type_properties_post_patio__interior":false,"post_type_properties_post_certificado_energetico_general":"B","post_type_properties_post_certificado_energetico_consumo":"B","post_type_properties_post_certificado_energetico_valor_emisiones":"","post_type_properties_post_certificado_energetico_valor_consumo":"","post_type_properties_post_modalidad":"rent","post_type_properties_post_provincia":"Barcelona","post_type_properties_post_poblacion":"Sant Joan Desp\u00ed","post_type_properties_post_centro__urbano":false,"post_type_properties_post_zonificacion":"Periferia","post_type_properties_post_cartera":"","post_type_properties_post_titulo_catalan":"AV. BAIX LLOBREGAT - SANT JOAN DESP\u00cd","post_type_properties_post_internet_catalan":"Espais d'oficines i laboratoris a BaSID Headquarters \u2013 Innovaci\u00f3 i sostenibilitat\n\nBaSID Headquarters s'ubica a l'emblem\u00e0tic edifici Bayer, un entorn dissenyat per a empreses vinculades a la investigaci\u00f3, la ci\u00e8ncia i la innovaci\u00f3, que busquen espais moderns amb l'\u00faltima tecnologia i un fort comprom\u00eds amb la sostenibilitat.\nL'edifici destaca per la seva espectacular fa\u00e7ana de vidre i el disseny contemporani, distribu\u00eft en dos blocs connectats per un ampli atri central i un elegant hall d'entrada que refor\u00e7a la seva imatge corporativa.\nOfereix una gamma completa d'amenities integrades, pensades per millorar l'experi\u00e8ncia di\u00e0ria:\nEspais comuns i zones col\u00b7laboratives\nAuditori i sales de reunions\nRestaurant i cafeteria\nGimn\u00e0s i pista de p\u00e0del\nTerrassa comunit\u00e0ria\n\nUbicat a Sant Joan Desp\u00ed, compta amb excel\u00b7lents connexions, a pocs metres del tramvia i transport p\u00fablic, amb acc\u00e9s r\u00e0pid a Barcelona","post_type_properties_post_titulo_castellano":"AV. BAIX LLOBREGAT - SANT JOAN DESP\u00cd","post_type_properties_post_internet_castellano":"Espacios de oficinas y laboratorios en BaSID Headquarters \u2013 Innovaci\u00f3n y sostenibilidad\n\nBaSID Headquarters se ubica en el emblem\u00e1tico edificio Bayer, un entorno dise\u00f1ado para empresas vinculadas a la investigaci\u00f3n, la ciencia y la innovaci\u00f3n, que buscan espacios modernos con la \u00faltima tecnolog\u00eda y un fuerte compromiso con la sostenibilidad.\nEl edificio destaca por su espectacular fachada acristalada y su dise\u00f1o contempor\u00e1neo, distribuido en dos bloques conectados por un amplio atrio central y un elegante hall de entrada que refuerza su imagen corporativa.\n\nOfrece una completa gama de amenities integradas, pensadas para mejorar la experiencia diaria:\nEspacios comunes y zonas colaborativas\nAuditorio y salas de reuniones\nRestaurante y cafeter\u00eda\nGimnasio y pista de p\u00e1del\nTerraza comunitaria\n\nUbicado en Sant Joan Desp\u00ed, cuenta con excelentes conexiones, a pocos metros del tranv\u00eda y transporte p\u00fablico, con acceso r\u00e1pido a Barcelona","post_type_properties_post_titulo_ingles":"","post_type_properties_post_internet_ingles":"","post_type_properties_post_features_classification_commercial":false,"post_type_properties_post_features_conservation":"","post_type_properties_post_features_security_personnel":false,"post_type_properties_post_features_parking_available":false,"post_type_properties_post_features_garage_capacity_type":"","post_type_properties_post_features_bathroom_number":"","post_type_properties_post_eje":"","post_type_properties_post_zona":"","post_type_properties_post_comarca":"","post_type_properties_post_features_built_year":"","post_type_properties_post_renta_mensual":25200,"post_type_properties_post_fianza":"","post_type_properties_post_features_area_plot":"","post_type_properties_post_features_area_buildable":"","post_type_properties_post_features_classification_industrial":false,"post_type_properties_post_distrito":"","post_type_properties_post_features_balcony":false,"post_type_properties_post_features_bedroom_number":"","post_type_properties_post_features_heating_type":"","post_type_properties_post_features_equipped_with_furniture":false,"post_type_properties_post_features_pets_allowed":false,"post_type_properties_post_features_pool":false,"post_type_properties_post_features_terrace":false,"post_type_properties_post_features_wardrobes":false,"post_type_properties_post_features_lift_available":false,"post_type_properties_post_features_handicap_adapted_access":false,"post_type_properties_post_features_orientation_east":false,"post_type_properties_post_features_orientation_west":false,"post_type_properties_post_features_orientation_north":false,"post_type_properties_post_features_orientation_south":false,"post_type_properties_post_features_parking_spaces_number":"","post_type_properties_post_features_security_alarm":false,"post_type_properties_post_features_security_system":false,"post_type_properties_post_open_plan":false,"post_type_properties_post_acceso_24_7":false,"post_type_properties_post_oficina_privada":false,"post_type_properties_post_sala_reuniones":false,"post_type_properties_post_espacio_eventos":false,"post_type_properties_post_office":false,"post_type_properties_post_restaurant":false,"post_type_properties_post_acepta_traspaso":false,"post_type_properties_post_vigilancia":true,"post_type_properties_post_features_suite":false,"post_type_properties_post_features_vitro":false,"post_type_properties_post_features_oven":false,"post_type_properties_post_features_microwave":false,"post_type_properties_post_features_washing_machine":false,"post_type_properties_post_features_dryer":false,"post_type_properties_post_features_dishwasher":false,"post_type_properties_post_features_fridge":false,"post_type_properties_post_features_fridge_mini":false,"post_type_properties_post_features_kettle":false,"post_type_properties_post_features_toaster":false,"post_type_properties_post_features_coffee_maker":false,"post_type_properties_post_features_iron":false,"post_type_properties_post_features_ironing_board":false,"post_type_properties_post_features_safe":false,"post_type_properties_post_features_internet":false,"post_type_properties_post_features_solarium":false,"post_type_properties_post_features_clean_service":false,"post_type_properties_post_features_t_v":false,"post_type_properties_post_features_satellite_t_v":false,"post_type_properties_post_features_gas_kitchen":false,"post_type_properties_post_features_view_mountain":true,"post_type_properties_post_features_view_sea":true,"post_type_properties_post_features_concierge":false,"post_type_properties_post_features_loading_dock":false,"post_type_properties_post_features_bridge_crane":false,"post_type_properties_post_features_located_at_corner":false,"post_type_properties_post_features_smoke_extraction":false,"post_type_properties_post_features_rooms":"","post_type_properties_post_features_garden_area":"","post_type_properties_post_features_utilities_water":false,"post_type_properties_post_features_utilities_electricity":false,"post_type_properties_post_features_utilities_natural_gas":false,"post_type_properties_post_features_building_adapted":false,"post_type_properties_post_features_garden":false,"post_type_properties_post_features_classification_hotel":false,"post_type_properties_post_features_classification_chalet":false,"post_type_properties_post_certificado_energetico_emisiones":"B","post_type_properties_post_barrio":"","post_type_properties_post_distrito_empresa":"","post_type_properties_post_features_property_category_intern":"","post_type_properties_post_implantada":false,"post_type_properties_post_sello_leed":"2","post_type_properties_post_sello_well":"","post_type_properties_post_sello_breeam":true,"post_type_properties_post_images":[{"properties_post_image_order":1,"properties_post_image_url":"https:\/\/movin.cloud\/empresas\/2438\/imagenes\/228889\/sant-joan-despi-inmobiliarias.webp","properties_post_image_url_thumbnail":"https:\/\/movin.cloud\/empresas\/2438\/imagenes\/thumbnails\/228889\/sant-joan-despi-inmobiliarias.webp","properties_post_title":"sant joan despi inmobiliarias","properties_post_alt":"sant joan despi inmobiliarias"},{"properties_post_image_order":2,"properties_post_image_url":"https:\/\/movin.cloud\/empresas\/2438\/imagenes\/228889\/inmobiliaria.webp","properties_post_image_url_thumbnail":"https:\/\/movin.cloud\/empresas\/2438\/imagenes\/thumbnails\/228889\/inmobiliaria.webp","properties_post_title":"inmobiliaria","properties_post_alt":"inmobiliaria"},{"properties_post_image_order":3,"properties_post_image_url":"https:\/\/movin.cloud\/empresas\/2438\/imagenes\/228889\/inmobiliarias.webp","properties_post_image_url_thumbnail":"https:\/\/movin.cloud\/empresas\/2438\/imagenes\/thumbnails\/228889\/inmobiliarias.webp","properties_post_title":"inmobiliarias","properties_post_alt":"inmobiliarias"},{"properties_post_image_order":4,"properties_post_image_url":"https:\/\/movin.cloud\/empresas\/2438\/imagenes\/228889\/sant-joan-despi-alquiler-idealistas.webp","properties_post_image_url_thumbnail":"https:\/\/movin.cloud\/empresas\/2438\/imagenes\/thumbnails\/228889\/sant-joan-despi-alquiler-idealistas.webp","properties_post_title":"sant joan despi alquiler idealistas","properties_post_alt":"sant joan despi alquiler idealistas"},{"properties_post_image_order":5,"properties_post_image_url":"https:\/\/movin.cloud\/empresas\/2438\/imagenes\/228889\/alquiler.webp","properties_post_image_url_thumbnail":"https:\/\/movin.cloud\/empresas\/2438\/imagenes\/thumbnails\/228889\/alquiler.webp","properties_post_title":"alquiler","properties_post_alt":"alquiler"},{"properties_post_image_order":6,"properties_post_image_url":"https:\/\/movin.cloud\/empresas\/2438\/imagenes\/228889\/alquiler-idealistas.webp","properties_post_image_url_thumbnail":"https:\/\/movin.cloud\/empresas\/2438\/imagenes\/thumbnails\/228889\/alquiler-idealistas.webp","properties_post_title":"alquiler idealistas","properties_post_alt":"alquiler idealistas"},{"properties_post_image_order":7,"properties_post_image_url":"https:\/\/movin.cloud\/empresas\/2438\/imagenes\/228889\/habitalia.webp","properties_post_image_url_thumbnail":"https:\/\/movin.cloud\/empresas\/2438\/imagenes\/thumbnails\/228889\/habitalia.webp","properties_post_title":"habitalia","properties_post_alt":"habitalia"},{"properties_post_image_order":8,"properties_post_image_url":"https:\/\/movin.cloud\/empresas\/2438\/imagenes\/228889\/alquilar.webp","properties_post_image_url_thumbnail":"https:\/\/movin.cloud\/empresas\/2438\/imagenes\/thumbnails\/228889\/alquilar.webp","properties_post_title":"alquilar","properties_post_alt":"alquilar"},{"properties_post_image_order":9,"properties_post_image_url":"https:\/\/movin.cloud\/empresas\/2438\/imagenes\/228889\/alquiler-para-idealista.webp","properties_post_image_url_thumbnail":"https:\/\/movin.cloud\/empresas\/2438\/imagenes\/thumbnails\/228889\/alquiler-para-idealista.webp","properties_post_title":"alquiler para idealista","properties_post_alt":"alquiler para idealista"},{"properties_post_image_order":10,"properties_post_image_url":"https:\/\/movin.cloud\/empresas\/2438\/imagenes\/228889\/alquilar-sant-joan-despi.webp","properties_post_image_url_thumbnail":"https:\/\/movin.cloud\/empresas\/2438\/imagenes\/thumbnails\/228889\/alquilar-sant-joan-despi.webp","properties_post_title":"alquilar sant joan despi","properties_post_alt":"alquilar sant joan despi"},{"properties_post_image_order":11,"properties_post_image_url":"https:\/\/movin.cloud\/empresas\/2438\/imagenes\/228889\/alquiler-para-idealista-sant-joan-despi.webp","properties_post_image_url_thumbnail":"https:\/\/movin.cloud\/empresas\/2438\/imagenes\/thumbnails\/228889\/alquiler-para-idealista-sant-joan-despi.webp","properties_post_title":"alquiler para idealista sant joan despi","properties_post_alt":"alquiler para idealista sant joan despi"},{"properties_post_image_order":12,"properties_post_image_url":"https:\/\/movin.cloud\/empresas\/2438\/imagenes\/228889\/viviendas-sant-joan-despi.webp","properties_post_image_url_thumbnail":"https:\/\/movin.cloud\/empresas\/2438\/imagenes\/thumbnails\/228889\/viviendas-sant-joan-despi.webp","properties_post_title":"viviendas sant joan despi","properties_post_alt":"viviendas sant joan despi"},{"properties_post_image_order":13,"properties_post_image_url":"https:\/\/movin.cloud\/empresas\/2438\/imagenes\/228889\/alquiler-para-idealistas-sant-joan-despi.webp","properties_post_image_url_thumbnail":"https:\/\/movin.cloud\/empresas\/2438\/imagenes\/thumbnails\/228889\/alquiler-para-idealistas-sant-joan-despi.webp","properties_post_title":"alquiler para idealistas sant joan despi","properties_post_alt":"alquiler para idealistas sant joan despi"},{"properties_post_image_order":14,"properties_post_image_url":"https:\/\/movin.cloud\/empresas\/2438\/imagenes\/228889\/en-alquiler.webp","properties_post_image_url_thumbnail":"https:\/\/movin.cloud\/empresas\/2438\/imagenes\/thumbnails\/228889\/en-alquiler.webp","properties_post_title":"en alquiler","properties_post_alt":"en alquiler"},{"properties_post_image_order":15,"properties_post_image_url":"https:\/\/movin.cloud\/empresas\/2438\/imagenes\/228889\/fincas-sant-joan-despi.webp","properties_post_image_url_thumbnail":"https:\/\/movin.cloud\/empresas\/2438\/imagenes\/thumbnails\/228889\/fincas-sant-joan-despi.webp","properties_post_title":"fincas sant joan despi","properties_post_alt":"fincas sant joan despi"},{"properties_post_image_order":16,"properties_post_image_url":"https:\/\/movin.cloud\/empresas\/2438\/imagenes\/228889\/en-alquiler-sant-joan-despi.webp","properties_post_image_url_thumbnail":"https:\/\/movin.cloud\/empresas\/2438\/imagenes\/thumbnails\/228889\/en-alquiler-sant-joan-despi.webp","properties_post_title":"en alquiler sant joan despi","properties_post_alt":"en alquiler sant joan despi"},{"properties_post_image_order":17,"properties_post_image_url":"https:\/\/movin.cloud\/empresas\/2438\/imagenes\/228889\/alquiler-sant-joan-despi.webp","properties_post_image_url_thumbnail":"https:\/\/movin.cloud\/empresas\/2438\/imagenes\/thumbnails\/228889\/alquiler-sant-joan-despi.webp","properties_post_title":"alquiler sant joan despi","properties_post_alt":"alquiler sant joan despi"},{"properties_post_image_order":18,"properties_post_image_url":"https:\/\/movin.cloud\/empresas\/2438\/imagenes\/228889\/alquiler-idealistas-sant-joan-despi.webp","properties_post_image_url_thumbnail":"https:\/\/movin.cloud\/empresas\/2438\/imagenes\/thumbnails\/228889\/alquiler-idealistas-sant-joan-despi.webp","properties_post_title":"alquiler idealistas sant joan despi","properties_post_alt":"alquiler idealistas sant joan despi"},{"properties_post_image_order":19,"properties_post_image_url":"https:\/\/movin.cloud\/empresas\/2438\/imagenes\/228889\/rent-sant-joan-despi.webp","properties_post_image_url_thumbnail":"https:\/\/movin.cloud\/empresas\/2438\/imagenes\/thumbnails\/228889\/rent-sant-joan-despi.webp","properties_post_title":"rent sant joan despi","properties_post_alt":"rent sant joan despi"},{"properties_post_image_order":20,"properties_post_image_url":"https:\/\/movin.cloud\/empresas\/2438\/imagenes\/228889\/habitalia-sant-joan-despi.webp","properties_post_image_url_thumbnail":"https:\/\/movin.cloud\/empresas\/2438\/imagenes\/thumbnails\/228889\/habitalia-sant-joan-despi.webp","properties_post_title":"habitalia sant joan despi","properties_post_alt":"habitalia sant joan despi"},{"properties_post_image_order":21,"properties_post_image_url":"https:\/\/movin.cloud\/empresas\/2438\/imagenes\/228889\/viviendas.webp","properties_post_image_url_thumbnail":"https:\/\/movin.cloud\/empresas\/2438\/imagenes\/thumbnails\/228889\/viviendas.webp","properties_post_title":"viviendas","properties_post_alt":"viviendas"},{"properties_post_image_order":22,"properties_post_image_url":"https:\/\/movin.cloud\/empresas\/2438\/imagenes\/228889\/alquiler-para-idealistas.webp","properties_post_image_url_thumbnail":"https:\/\/movin.cloud\/empresas\/2438\/imagenes\/thumbnails\/228889\/alquiler-para-idealistas.webp","properties_post_title":"alquiler para idealistas","properties_post_alt":"alquiler para idealistas"},{"properties_post_image_order":23,"properties_post_image_url":"https:\/\/movin.cloud\/empresas\/2438\/imagenes\/228889\/rent.webp","properties_post_image_url_thumbnail":"https:\/\/movin.cloud\/empresas\/2438\/imagenes\/thumbnails\/228889\/rent.webp","properties_post_title":"rent","properties_post_alt":"rent"},{"properties_post_image_order":24,"properties_post_image_url":"https:\/\/movin.cloud\/empresas\/2438\/imagenes\/228889\/fincas.webp","properties_post_image_url_thumbnail":"https:\/\/movin.cloud\/empresas\/2438\/imagenes\/thumbnails\/228889\/fincas.webp","properties_post_title":"fincas","properties_post_alt":"fincas"},{"properties_post_image_order":25,"properties_post_image_url":"https:\/\/movin.cloud\/empresas\/2438\/imagenes\/228889\/inmobiliarias-sant-joan-despi.webp","properties_post_image_url_thumbnail":"https:\/\/movin.cloud\/empresas\/2438\/imagenes\/thumbnails\/228889\/inmobiliarias-sant-joan-despi.webp","properties_post_title":"inmobiliarias sant joan despi","properties_post_alt":"inmobiliarias sant joan despi"},{"properties_post_image_order":26,"properties_post_image_url":"https:\/\/movin.cloud\/empresas\/2438\/imagenes\/228889\/inmobiliaria-sant-joan-despi.webp","properties_post_image_url_thumbnail":"https:\/\/movin.cloud\/empresas\/2438\/imagenes\/thumbnails\/228889\/inmobiliaria-sant-joan-despi.webp","properties_post_title":"inmobiliaria sant joan despi","properties_post_alt":"inmobiliaria sant joan despi"},{"properties_post_image_order":27,"properties_post_image_url":"https:\/\/movin.cloud\/empresas\/2438\/imagenes\/228889\/sant-joan-despi-en-alquiler.webp","properties_post_image_url_thumbnail":"https:\/\/movin.cloud\/empresas\/2438\/imagenes\/thumbnails\/228889\/sant-joan-despi-en-alquiler.webp","properties_post_title":"sant joan despi en alquiler","properties_post_alt":"sant joan despi en alquiler"},{"properties_post_image_order":28,"properties_post_image_url":"https:\/\/movin.cloud\/empresas\/2438\/imagenes\/228889\/sant-joan-despi-alquiler.webp","properties_post_image_url_thumbnail":"https:\/\/movin.cloud\/empresas\/2438\/imagenes\/thumbnails\/228889\/sant-joan-despi-alquiler.webp","properties_post_title":"sant joan despi alquiler","properties_post_alt":"sant joan despi alquiler"},{"properties_post_image_order":29,"properties_post_image_url":"https:\/\/movin.cloud\/empresas\/2438\/imagenes\/228889\/sant-joan-despi-habitalia.webp","properties_post_image_url_thumbnail":"https:\/\/movin.cloud\/empresas\/2438\/imagenes\/thumbnails\/228889\/sant-joan-despi-habitalia.webp","properties_post_title":"sant joan despi habitalia","properties_post_alt":"sant joan despi habitalia"},{"properties_post_image_order":30,"properties_post_image_url":"https:\/\/movin.cloud\/empresas\/2438\/imagenes\/228889\/sant-joan-despi-alquilar.webp","properties_post_image_url_thumbnail":"https:\/\/movin.cloud\/empresas\/2438\/imagenes\/thumbnails\/228889\/sant-joan-despi-alquilar.webp","properties_post_title":"sant joan despi alquilar","properties_post_alt":"sant joan despi alquilar"},{"properties_post_image_order":31,"properties_post_image_url":"https:\/\/movin.cloud\/empresas\/2438\/imagenes\/228889\/sant-joan-despi-alquiler-para-idealista.webp","properties_post_image_url_thumbnail":"https:\/\/movin.cloud\/empresas\/2438\/imagenes\/thumbnails\/228889\/sant-joan-despi-alquiler-para-idealista.webp","properties_post_title":"sant joan despi alquiler para idealista","properties_post_alt":"sant joan despi alquiler para idealista"},{"properties_post_image_order":32,"properties_post_image_url":"https:\/\/movin.cloud\/empresas\/2438\/imagenes\/228889\/sant-joan-despi-viviendas.webp","properties_post_image_url_thumbnail":"https:\/\/movin.cloud\/empresas\/2438\/imagenes\/thumbnails\/228889\/sant-joan-despi-viviendas.webp","properties_post_title":"sant joan despi viviendas","properties_post_alt":"sant joan despi viviendas"},{"properties_post_image_order":33,"properties_post_image_url":"https:\/\/movin.cloud\/empresas\/2438\/imagenes\/228889\/sant-joan-despi-alquiler-para-idealistas.webp","properties_post_image_url_thumbnail":"https:\/\/movin.cloud\/empresas\/2438\/imagenes\/thumbnails\/228889\/sant-joan-despi-alquiler-para-idealistas.webp","properties_post_title":"sant joan despi alquiler para idealistas","properties_post_alt":"sant joan despi alquiler para idealistas"},{"properties_post_image_order":34,"properties_post_image_url":"https:\/\/movin.cloud\/empresas\/2438\/imagenes\/228889\/sant-joan-despi-rent.webp","properties_post_image_url_thumbnail":"https:\/\/movin.cloud\/empresas\/2438\/imagenes\/thumbnails\/228889\/sant-joan-despi-rent.webp","properties_post_title":"sant joan despi rent","properties_post_alt":"sant joan despi rent"},{"properties_post_image_order":35,"properties_post_image_url":"https:\/\/movin.cloud\/empresas\/2438\/imagenes\/228889\/sant-joan-despi-fincas.webp","properties_post_image_url_thumbnail":"https:\/\/movin.cloud\/empresas\/2438\/imagenes\/thumbnails\/228889\/sant-joan-despi-fincas.webp","properties_post_title":"sant joan despi fincas","properties_post_alt":"sant joan despi fincas"}],"post_type_properties_post_videos":null,"post_type_properties_post_tour":null,"post_type_properties_post_dossier_url":"","post_type_properties_post_operation_type":"rent","post_type_properties_post_operation_price":25200,"post_type_properties_post_features_hidden_price":false},"yoast_head":"<!-- This site is optimized with the Yoast SEO plugin v25.6 - https:\/\/yoast.com\/wordpress\/plugins\/seo\/ -->\n<title>AV. BAIX LLOBREGAT - SANT JOAN DESP\u00cd - Forcadell<\/title>\n<meta name=\"robots\" content=\"index, follow, max-snippet:-1, max-image-preview:large, max-video-preview:-1\" \/>\n<link rel=\"canonical\" href=\"https:\/\/forcadell.com\/ca\/propiedades\/oficina-luminosa-en-alquiler-en-edificio-moderno-de-sant-joan-despi\/\" \/>\n<meta property=\"og:locale\" content=\"ca_ES\" \/>\n<meta property=\"og:type\" content=\"article\" \/>\n<meta property=\"og:title\" content=\"AV. BAIX LLOBREGAT - SANT JOAN DESP\u00cd - Forcadell\" \/>\n<meta property=\"og:description\" content=\"Espacios de oficinas y laboratorios en BaSID Headquarters \u2013 Innovaci\u00f3n y sostenibilidad BaSID Headquarters se ubica en el emblem\u00e1tico edificio Bayer, un entorno dise\u00f1ado para empresas vinculadas a la investigaci\u00f3n, la ciencia y la innovaci\u00f3n, que buscan espacios modernos con la \u00faltima tecnolog\u00eda y un fuerte compromiso con la sostenibilidad. El edificio destaca por su [&hellip;]\" \/>\n<meta property=\"og:url\" content=\"https:\/\/forcadell.com\/ca\/propiedades\/oficina-luminosa-en-alquiler-en-edificio-moderno-de-sant-joan-despi\/\" \/>\n<meta property=\"og:site_name\" content=\"Forcadell\" \/>\n<meta property=\"article:modified_time\" content=\"2026-04-26T13:07:18+00:00\" \/>\n<meta name=\"twitter:card\" content=\"summary_large_image\" \/>\n<meta name=\"twitter:label1\" content=\"Temps estimat de lectura\" \/>\n\t<meta name=\"twitter:data1\" content=\"1 minut\" \/>\n<!-- \/ Yoast SEO plugin. -->","yoast_head_json":{"title":"AV. BAIX LLOBREGAT - SANT JOAN DESP\u00cd - Forcadell","robots":{"index":"index","follow":"follow","max-snippet":"max-snippet:-1","max-image-preview":"max-image-preview:large","max-video-preview":"max-video-preview:-1"},"canonical":"https:\/\/forcadell.com\/ca\/propiedades\/oficina-luminosa-en-alquiler-en-edificio-moderno-de-sant-joan-despi\/","og_locale":"ca_ES","og_type":"article","og_title":"AV. BAIX LLOBREGAT - SANT JOAN DESP\u00cd - Forcadell","og_description":"Espacios de oficinas y laboratorios en BaSID Headquarters \u2013 Innovaci\u00f3n y sostenibilidad BaSID Headquarters se ubica en el emblem\u00e1tico edificio Bayer, un entorno dise\u00f1ado para empresas vinculadas a la investigaci\u00f3n, la ciencia y la innovaci\u00f3n, que buscan espacios modernos con la \u00faltima tecnolog\u00eda y un fuerte compromiso con la sostenibilidad. El edificio destaca por su [&hellip;]","og_url":"https:\/\/forcadell.com\/ca\/propiedades\/oficina-luminosa-en-alquiler-en-edificio-moderno-de-sant-joan-despi\/","og_site_name":"Forcadell","article_modified_time":"2026-04-26T13:07:18+00:00","twitter_card":"summary_large_image","twitter_misc":{"Temps estimat de lectura":"1 minut"},"schema":{"@context":"https:\/\/schema.org","@graph":[{"@type":"WebPage","@id":"https:\/\/forcadell.com\/ca\/propiedades\/oficina-luminosa-en-alquiler-en-edificio-moderno-de-sant-joan-despi\/","url":"https:\/\/forcadell.com\/ca\/propiedades\/oficina-luminosa-en-alquiler-en-edificio-moderno-de-sant-joan-despi\/","name":"AV. BAIX LLOBREGAT - SANT JOAN DESP\u00cd - Forcadell","isPartOf":{"@id":"https:\/\/forcadell.com\/ca\/#website"},"datePublished":"2025-11-04T13:47:53+00:00","dateModified":"2026-04-26T13:07:18+00:00","breadcrumb":{"@id":"https:\/\/forcadell.com\/ca\/propiedades\/oficina-luminosa-en-alquiler-en-edificio-moderno-de-sant-joan-despi\/#breadcrumb"},"inLanguage":"ca","potentialAction":[{"@type":"ReadAction","target":["https:\/\/forcadell.com\/ca\/propiedades\/oficina-luminosa-en-alquiler-en-edificio-moderno-de-sant-joan-despi\/"]}]},{"@type":"BreadcrumbList","@id":"https:\/\/forcadell.com\/ca\/propiedades\/oficina-luminosa-en-alquiler-en-edificio-moderno-de-sant-joan-despi\/#breadcrumb","itemListElement":[{"@type":"ListItem","position":1,"name":"Portada","item":"https:\/\/forcadell.com\/ca\/"},{"@type":"ListItem","position":2,"name":"Properties","item":"https:\/\/forcadell.com\/ca\/propiedades\/"},{"@type":"ListItem","position":3,"name":"AV. BAIX LLOBREGAT &#8211; SANT JOAN DESP\u00cd"}]},{"@type":"WebSite","@id":"https:\/\/forcadell.com\/ca\/#website","url":"https:\/\/forcadell.com\/ca\/","name":"Forcadell","description":"Inmobiliaria Barcelona | Consultores inmobiliarios","potentialAction":[{"@type":"SearchAction","target":{"@type":"EntryPoint","urlTemplate":"https:\/\/forcadell.com\/ca\/?s={search_term_string}"},"query-input":{"@type":"PropertyValueSpecification","valueRequired":true,"valueName":"search_term_string"}}],"inLanguage":"ca"}]}},"_links":{"self":[{"href":"https:\/\/forcadell.com\/ca\/wp-json\/wp\/v2\/properties_post\/57409"}],"collection":[{"href":"https:\/\/forcadell.com\/ca\/wp-json\/wp\/v2\/properties_post"}],"about":[{"href":"https:\/\/forcadell.com\/ca\/wp-json\/wp\/v2\/types\/properties_post"}],"wp:attachment":[{"href":"https:\/\/forcadell.com\/ca\/wp-json\/wp\/v2\/media?parent=57409"}],"curies":[{"name":"wp","href":"https:\/\/api.w.org\/{rel}","templated":true}]}}