{"id":57408,"date":"2025-11-04T15:47:44","date_gmt":"2025-11-04T13:47:44","guid":{"rendered":"https:\/\/www.forcadell.com\/propiedades\/oficina-luminosa-en-alquiler-con-amplia-terraza-en-la-calle-avila-barcelona\/"},"modified":"2026-04-27T11:03:22","modified_gmt":"2026-04-27T09:03:22","slug":"oficina-luminosa-en-alquiler-con-amplia-terraza-en-la-calle-avila-barcelona","status":"publish","type":"properties_post","link":"https:\/\/forcadell.com\/ca\/propiedades\/oficina-luminosa-en-alquiler-con-amplia-terraza-en-la-calle-avila-barcelona\/","title":{"rendered":"Oficina luminosa en alquiler con amplia terraza en la calle \u00c1vila. Barcelona."},"content":{"rendered":"<p>Descubra la distinci\u00f3n en este exclusivo edificio de oficinas ubicado en la intersecci\u00f3n de las calles \u00c1vila con Llull. Con un servicio de conserjer\u00eda a tiempo completo, accesos adaptados y la comodidad de 4 ascensores, este edificio brinda un entorno profesional de alta calidad.<\/p>\n<p>La oficina, luminosa y exterior, est\u00e1 dise\u00f1ada para maximizar la comodidad y la eficiencia. Entre sus caracter\u00edsticas se encuentran un pr\u00e1ctico office, climatizaci\u00f3n fr\u00edo-calor, pavimento t\u00e9cnico y aseos adaptados, garantizando un espacio de trabajo funcional y moderno.<\/p>\n<p>Destacando a\u00fan m\u00e1s, la oficina cuenta con una amplia terraza de tres vientos, proporcionando un espacio al aire libre para disfrutar de momentos de descanso o reuniones informales. Este lugar no solo ofrece comodidades esenciales, sino que tambi\u00e9n brinda un ambiente laboral enriquecido con luz natural y una conexi\u00f3n \u00fanica con el entorno exterior.<\/p>\n","protected":false},"template":"","class_list":["post-57408","properties_post","type-properties_post","status-publish","hentry","properties_modality-rent","properties_district-sant-marti","properties_province-barcelona","properties_zone-116","properties_state-barcelona","properties_subclass-oficina","properties_type-oficina"],"acf":{"post_type_properties_post_property_code":"228854","post_type_properties_post_property_reference":"IE-213691","post_type_properties_post_owner_id":"55806","post_type_properties_post_owner_name":"INVERMIK IMMOBLES","post_type_properties_post_property_code_encrypted":"MjkkMTM0MjE=","post_type_properties_post_published":"1","post_type_properties_post_property_visibility":"idealista","post_type_properties_post_contact_name":"Forcadell Oficinas Barcelona","post_type_properties_post_contact_email":"forcadell.oficinas.barcelona@movin.cloud","post_type_properties_post_contact_primary_phone_prefix":"34","post_type_properties_post_contact_primary_phone_number":"934965413","post_type_properties_post_address_visibility":"street","post_type_properties_post_address_country":"Spain","post_type_properties_post_address_coordinates_precision":"exact","post_type_properties_post_address_postal_code":"08005","post_type_properties_post_address_coordinates_latitude":"41.396704910287","post_type_properties_post_address_coordinates_longitude":"2.1957382527294","post_type_properties_post_address_street_name":"CL \u00c1vila 61","post_type_properties_post_address_floor":"","post_type_properties_post_address_town":"Barcelona","post_type_properties_post_building":[{"properties_post_description_language":"catalan","properties_post_title":"\u00c1VILA, 61-63 \u2013 Sant Mart\u00ed \u2013 22@ \u2013 Barcelona","properties_post_short_description_text_alt":"Edifici d'oficines situat al carrer \u00c1vila, en ple districte del 22@, aquest espai ofereix una ubicaci\u00f3 estrat\u00e8gica en l'epicentre de la innovaci\u00f3 i l'activitat empresarial a Barcelona.\nCompost per 7 plantes amb una terrassa comunit\u00e0ria en la teulada, les instal\u00b7lacions han estat completament renovades en 2022, assegurant un entorn modern i actualitzat per a satisfer les necessitats empresarials m\u00e9s exigents.\n\nCaracter\u00edstiques de l'edifici:\nServei de consergeria a temps complet\nAcc\u00e9s per torns\nAccessos adaptats\n3 Ascensors\nDutxes comunit\u00e0ries\nZona chill out d'\u00fas comunitari\n\u00c0mplia terrassa comunit\u00e0ria\nPlaces de p\u00e0rquing disponibles en solar adjunt\n\nCaracter\u00edstiques de les oficines:\nLluminoses\nExteriors\nFals sostre amb llumin\u00e0ries encastades\nLavabos adaptats\nClimatitzaci\u00f3 fred-calor\nPaviment t\u00e8cnic\n\n\nTransport p\u00fablic:\nBus: 136, 192, 6, V23, H14\nMetre: L4 \u2013 Bogatell\n","properties_post_description_text_alt":"Edifici d'oficines situat al carrer \u00c1vila, en ple districte del 22@, aquest espai ofereix una ubicaci\u00f3 estrat\u00e8gica en l'epicentre de la innovaci\u00f3 i l'activitat empresarial a Barcelona.\nCompost per 7 plantes amb una terrassa comunit\u00e0ria en la teulada, les instal\u00b7lacions han estat completament renovades en 2022, assegurant un entorn modern i actualitzat per a satisfer les necessitats empresarials m\u00e9s exigents.\n\nCaracter\u00edstiques de l'edifici:\nServei de consergeria a temps complet\nAcc\u00e9s per torns\nAccessos adaptats\n3 Ascensors\nDutxes comunit\u00e0ries\nZona chill out d'\u00fas comunitari\n\u00c0mplia terrassa comunit\u00e0ria\nPlaces de p\u00e0rquing disponibles en solar adjunt\n\nCaracter\u00edstiques de les oficines:\nLluminoses\nExteriors\nFals sostre amb llumin\u00e0ries encastades\nLavabos adaptats\nClimatitzaci\u00f3 fred-calor\nPaviment t\u00e8cnic\n\n\nTransport p\u00fablic:\nBus: 136, 192, 6, V23, H14\nMetre: L4 \u2013 Bogatell\n","properties_post_short_description_text":"Edifici d'oficines situat al carrer \u00c1vila, en ple districte del 22@, aquest espai ofereix una ubicaci\u00f3 estrat\u00e8gica en l'epicentre de la innovaci\u00f3 i l'activitat empresarial a Barcelona.\nCompost per 7 plantes amb una terrassa comunit\u00e0ria en la teulada, les instal\u00b7lacions han estat completament renovades en 2022, assegurant un entorn modern i actualitzat per a satisfer les necessitats empresarials m\u00e9s exigents.\n\nCaracter\u00edstiques de l'edifici:\nServei de consergeria a temps complet\nAcc\u00e9s per torns\nAccessos adaptats\n3 Ascensors\nDutxes comunit\u00e0ries\nZona chill out d'\u00fas comunitari\n\u00c0mplia terrassa comunit\u00e0ria\nPlaces de p\u00e0rquing disponibles en solar adjunt\n\nCaracter\u00edstiques de les oficines:\nLluminoses\nExteriors\nFals sostre amb llumin\u00e0ries encastades\nLavabos adaptats\nClimatitzaci\u00f3 fred-calor\nPaviment t\u00e8cnic\n\n\nTransport p\u00fablic:\nBus: 136, 192, 6, V23, H14\nMetre: L4 \u2013 Bogatell\n","properties_post_link_demanda_inmueble":"","properties_post_link_demanda_calendario_inmueble":"","properties_post_description_text":"Edifici d'oficines situat al carrer \u00c1vila, en ple districte del 22@, aquest espai ofereix una ubicaci\u00f3 estrat\u00e8gica en l'epicentre de la innovaci\u00f3 i l'activitat empresarial a Barcelona.\nCompost per 7 plantes amb una terrassa comunit\u00e0ria en la teulada, les instal\u00b7lacions han estat completament renovades en 2022, assegurant un entorn modern i actualitzat per a satisfer les necessitats empresarials m\u00e9s exigents.\n\nCaracter\u00edstiques de l'edifici:\nServei de consergeria a temps complet\nAcc\u00e9s per torns\nAccessos adaptats\n3 Ascensors\nDutxes comunit\u00e0ries\nZona chill out d'\u00fas comunitari\n\u00c0mplia terrassa comunit\u00e0ria\nPlaces de p\u00e0rquing disponibles en solar adjunt\n\nCaracter\u00edstiques de les oficines:\nLluminoses\nExteriors\nFals sostre amb llumin\u00e0ries encastades\nLavabos adaptats\nClimatitzaci\u00f3 fred-calor\nPaviment t\u00e8cnic\n\n\nTransport p\u00fablic:\nBus: 136, 192, 6, V23, H14\nMetre: L4 \u2013 Bogatell\n","properties_post_seo_title":"","properties_post_seo_alias":"","properties_post_seo_metadescription":"","properties_post_seo_key_words":"","properties_post_seo_url":"","properties_post_terms_conditions":""},{"properties_post_description_language":"english","properties_post_title":"\u00c1VILA, 61-53 \u2013 Sant Mart\u00ed \u2013 22@ \u2013 Barcelona","properties_post_short_description_text_alt":"Located on \u00c1vila Street, in the heart of the 22@ district, this office building offers a strategic location at the epicenter of innovation and business activity in Barcelona.\nComprising 7 floors with a communal rooftop terrace, the facility was completely renovated in 2022, ensuring a modern and up-to-date environment to meet the most demanding business needs.\n\nBuilding Features:\nFull-time concierge service\nTurnstile access\nAdapted access\n3 Elevators\nCommunal showers\nCommunal chill-out area\nLarge communal terrace\nParking spaces available on the adjacent site\n\nOffice Features:\nBright\nExterior\nFalse ceiling with recessed lighting\nAdapted restrooms\nCold\/hot air conditioning\nRaised floor\n\nPublic Transport:\nBus: 136, 192, 6, V23, H14\nMetro: L4 \u2013 Bogatell\n","properties_post_description_text_alt":"Located on \u00c1vila Street, in the heart of the 22@ district, this office building offers a strategic location at the epicenter of innovation and business activity in Barcelona.\nComprising 7 floors with a communal rooftop terrace, the facility was completely renovated in 2022, ensuring a modern and up-to-date environment to meet the most demanding business needs.\n\nBuilding Features:\nFull-time concierge service\nTurnstile access\nAdapted access\n3 Elevators\nCommunal showers\nCommunal chill-out area\nLarge communal terrace\nParking spaces available on the adjacent site\n\nOffice Features:\nBright\nExterior\nFalse ceiling with recessed lighting\nAdapted restrooms\nCold\/hot air conditioning\nRaised floor\n\nPublic Transport:\nBus: 136, 192, 6, V23, H14\nMetro: L4 \u2013 Bogatell\n","properties_post_short_description_text":"Located on \u00c1vila Street, in the heart of the 22@ district, this office building offers a strategic location at the epicenter of innovation and business activity in Barcelona.\nComprising 7 floors with a communal rooftop terrace, the facility was completely renovated in 2022, ensuring a modern and up-to-date environment to meet the most demanding business needs.\n\nBuilding Features:\nFull-time concierge service\nTurnstile access\nAdapted access\n3 Elevators\nCommunal showers\nCommunal chill-out area\nLarge communal terrace\nParking spaces available on the adjacent site\n\nOffice Features:\nBright\nExterior\nFalse ceiling with recessed lighting\nAdapted restrooms\nCold\/hot air conditioning\nRaised floor\n\nPublic Transport:\nBus: 136, 192, 6, V23, H14\nMetro: L4 \u2013 Bogatell\n","properties_post_link_demanda_inmueble":"","properties_post_link_demanda_calendario_inmueble":"","properties_post_description_text":"Located on \u00c1vila Street, in the heart of the 22@ district, this office building offers a strategic location at the epicenter of innovation and business activity in Barcelona.\nComprising 7 floors with a communal rooftop terrace, the facility was completely renovated in 2022, ensuring a modern and up-to-date environment to meet the most demanding business needs.\n\nBuilding Features:\nFull-time concierge service\nTurnstile access\nAdapted access\n3 Elevators\nCommunal showers\nCommunal chill-out area\nLarge communal terrace\nParking spaces available on the adjacent site\n\nOffice Features:\nBright\nExterior\nFalse ceiling with recessed lighting\nAdapted restrooms\nCold\/hot air conditioning\nRaised floor\n\nPublic Transport:\nBus: 136, 192, 6, V23, H14\nMetro: L4 \u2013 Bogatell\n","properties_post_seo_title":"","properties_post_seo_alias":"","properties_post_seo_metadescription":"","properties_post_seo_key_words":"","properties_post_seo_url":"","properties_post_terms_conditions":""},{"properties_post_description_language":"spanish","properties_post_title":"\u00c1VILA, 61-63 \u2013 Sant Mart\u00ed \u2013 22@ \u2013 Barcelona","properties_post_short_description_text_alt":"Edificio de oficinas ubicado en la calle \u00c1vila, en pleno distrito del 22@, este espacio ofrece una ubicaci\u00f3n estrat\u00e9gica en el epicentro de la innovaci\u00f3n y la actividad empresarial en Barcelona.\nCompuesto por 7 plantas con una terraza comunitaria en el tejado, las instalaciones han sido completamente renovadas en 2022, asegurando un entorno moderno y actualizado para satisfacer las necesidades empresariales m\u00e1s exigentes. \n\nCaracter\u00edsticas del edificio:\nServicio de conserjer\u00eda a tiempo completo\nAcceso por tornos\nAccesos adaptados\n3 Ascensores\nDuchas comunitarias\nZona chill out de uso comunitario\nAmplia terraza comunitaria\nPlazas de parking disponibles en solar adjunto\n\nCaracter\u00edsticas de las oficinas:\nLuminosas\nExteriores\nFalso techo con luminarias empotradas\nAseos adaptados\nClimatizaci\u00f3n fr\u00edo-calor\nPavimento t\u00e9cnico\n\n\nTransporte p\u00fablico:\nBus: 136, 192, 6, V23, H14\nMetro: L4 \u2013 Bogatell \n","properties_post_description_text_alt":"Edificio de oficinas ubicado en la calle \u00c1vila, en pleno distrito del 22@, este espacio ofrece una ubicaci\u00f3n estrat\u00e9gica en el epicentro de la innovaci\u00f3n y la actividad empresarial en Barcelona.\nCompuesto por 7 plantas con una terraza comunitaria en el tejado, las instalaciones han sido completamente renovadas en 2022, asegurando un entorno moderno y actualizado para satisfacer las necesidades empresariales m\u00e1s exigentes. \n\nCaracter\u00edsticas del edificio:\nServicio de conserjer\u00eda a tiempo completo\nAcceso por tornos\nAccesos adaptados\n3 Ascensores\nDuchas comunitarias\nZona chill out de uso comunitario\nAmplia terraza comunitaria\nPlazas de parking disponibles en solar adjunto\n\nCaracter\u00edsticas de las oficinas:\nLuminosas\nExteriores\nFalso techo con luminarias empotradas\nAseos adaptados\nClimatizaci\u00f3n fr\u00edo-calor\nPavimento t\u00e9cnico\n\n\nTransporte p\u00fablico:\nBus: 136, 192, 6, V23, H14\nMetro: L4 \u2013 Bogatell \n","properties_post_short_description_text":"Edificio de oficinas ubicado en la calle \u00c1vila, en pleno distrito del 22@, este espacio ofrece una ubicaci\u00f3n estrat\u00e9gica en el epicentro de la innovaci\u00f3n y la actividad empresarial en Barcelona.\nCompuesto por 7 plantas con una terraza comunitaria en el tejado, las instalaciones han sido completamente renovadas en 2022, asegurando un entorno moderno y actualizado para satisfacer las necesidades empresariales m\u00e1s exigentes. \n\nCaracter\u00edsticas del edificio:\nServicio de conserjer\u00eda a tiempo completo\nAcceso por tornos\nAccesos adaptados\n3 Ascensores\nDuchas comunitarias\nZona chill out de uso comunitario\nAmplia terraza comunitaria\nPlazas de parking disponibles en solar adjunto\n\nCaracter\u00edsticas de las oficinas:\nLuminosas\nExteriores\nFalso techo con luminarias empotradas\nAseos adaptados\nClimatizaci\u00f3n fr\u00edo-calor\nPavimento t\u00e9cnico\n\n\nTransporte p\u00fablico:\nBus: 136, 192, 6, V23, H14\nMetro: L4 \u2013 Bogatell \n","properties_post_link_demanda_inmueble":"","properties_post_link_demanda_calendario_inmueble":"","properties_post_description_text":"Edificio de oficinas ubicado en la calle \u00c1vila, en pleno distrito del 22@, este espacio ofrece una ubicaci\u00f3n estrat\u00e9gica en el epicentro de la innovaci\u00f3n y la actividad empresarial en Barcelona.\nCompuesto por 7 plantas con una terraza comunitaria en el tejado, las instalaciones han sido completamente renovadas en 2022, asegurando un entorno moderno y actualizado para satisfacer las necesidades empresariales m\u00e1s exigentes. \n\nCaracter\u00edsticas del edificio:\nServicio de conserjer\u00eda a tiempo completo\nAcceso por tornos\nAccesos adaptados\n3 Ascensores\nDuchas comunitarias\nZona chill out de uso comunitario\nAmplia terraza comunitaria\nPlazas de parking disponibles en solar adjunto\n\nCaracter\u00edsticas de las oficinas:\nLuminosas\nExteriores\nFalso techo con luminarias empotradas\nAseos adaptados\nClimatizaci\u00f3n fr\u00edo-calor\nPavimento t\u00e9cnico\n\n\nTransporte p\u00fablico:\nBus: 136, 192, 6, V23, H14\nMetro: L4 \u2013 Bogatell \n","properties_post_seo_title":"","properties_post_seo_alias":"","properties_post_seo_metadescription":"","properties_post_seo_key_words":"","properties_post_seo_url":"","properties_post_terms_conditions":""}],"post_type_properties_post_property":[{"properties_post_description_language":"catalan","properties_post_title":"Oficina lluminosa de lloguer amb \u00e0mplia terrassa al carrer d'\u00c0vila. Barcelona.","properties_post_short_description_text_alt":"","properties_post_description_text_alt":"","properties_post_short_description_text":" Descobriu la distinci\u00f3 en aquest exclusiu edifici d'oficines ubicat a la intersecci\u00f3 dels carrers \u00c0vila amb Llull. Amb un servei de consergeria a temps complet, accessos adaptats i la comoditat de 4 ascensors, aquest edifici ofereix un entorn professional d'alta qualitat.\n\nL\u00b4oficina, lluminosa i exterior, est\u00e0 dissenyada per maximitzar la comoditat i l\u00b4efici\u00e8ncia. Entre les seves caracter\u00edstiques hi ha un pr\u00e0ctic office, climatitzaci\u00f3 fred-calor, paviment t\u00e8cnic i lavabos adaptats, garantint un espai de treball funcional i modern.\n\nDestacant encara m\u00e9s, l'oficina compta amb una \u00e0mplia terrassa de tres vents, proporcionant un espai exterior per gaudir de moments de descans o reunions informals. Aquest lloc no nom\u00e9s ofereix comoditats essencials, sin\u00f3 que tamb\u00e9 ofereix un ambient laboral enriquit amb llum natural i una connexi\u00f3 \u00fanica amb l'entorn exterior.","properties_post_link_demanda_inmueble":"https:\/\/movin.cloud\/ca\/Forcadell Oficinas Barcelona\/formulari-peticio-immoble\/sth\/2438&&228854","properties_post_link_demanda_calendario_inmueble":"https:\/\/movin.cloud\/ca\/Forcadell Oficinas Barcelona\/calendari-peticio-immoble\/sth\/2438&&228854","properties_post_description_text":"Descobriu la distinci\u00f3 en aquest exclusiu edifici d'oficines ubicat a la intersecci\u00f3 dels carrers \u00c0vila amb Llull. Amb un servei de consergeria a temps complet, accessos adaptats i la comoditat de 4 ascensors, aquest edifici ofereix un entorn professional d'alta qualitat.\n\nL\u00b4oficina, lluminosa i exterior, est\u00e0 dissenyada per maximitzar la comoditat i l\u00b4efici\u00e8ncia. Entre les seves caracter\u00edstiques hi ha un pr\u00e0ctic office, climatitzaci\u00f3 fred-calor, paviment t\u00e8cnic i lavabos adaptats, garantint un espai de treball funcional i modern.\n\nDestacant encara m\u00e9s, l'oficina compta amb una \u00e0mplia terrassa de tres vents, proporcionant un espai exterior per gaudir de moments de descans o reunions informals. Aquest lloc no nom\u00e9s ofereix comoditats essencials, sin\u00f3 que tamb\u00e9 ofereix un ambient laboral enriquit amb llum natural i una connexi\u00f3 \u00fanica amb l'entorn exterior.","properties_post_seo_title":"","properties_post_seo_alias":"","properties_post_seo_metadescription":"Oficina lluminosa de lloguer amb \u00e0mplia terrassa al carrer d'\u00c0vila. Barcelona. Forcadell \u00e9s la seva ag\u00e8ncia de confian\u00e7a per al lloguer d'aquesta oficina.","properties_post_seo_key_words":"oficina lloguer Barcelona, lloguer oficina Barcelona, oficina Bracelona","properties_post_seo_url":"","properties_post_terms_conditions":""},{"properties_post_description_language":"spanish","properties_post_title":"Oficina luminosa en alquiler con amplia terraza en la calle \u00c1vila. Barcelona.","properties_post_short_description_text_alt":"","properties_post_description_text_alt":"","properties_post_short_description_text":"Descubra la distinci\u00f3n en este exclusivo edificio de oficinas ubicado en la intersecci\u00f3n de las calles \u00c1vila con Llull. Con un servicio de conserjer\u00eda a tiempo completo, accesos adaptados y la comodidad de 4 ascensores, este edificio brinda un entorno profesional de alta calidad.\n\nLa oficina, luminosa y exterior, est\u00e1 dise\u00f1ada para maximizar la comodidad y la eficiencia. Entre sus caracter\u00edsticas se encuentran un pr\u00e1ctico office, climatizaci\u00f3n fr\u00edo-calor, pavimento t\u00e9cnico y aseos adaptados, garantizando un espacio de trabajo funcional y moderno.\n\nDestacando a\u00fan m\u00e1s, la oficina cuenta con una amplia terraza de tres vientos, proporcionando un espacio al aire libre para disfrutar de momentos de descanso o reuniones informales. Este lugar no solo ofrece comodidades esenciales, sino que tambi\u00e9n brinda un ambiente laboral enriquecido con luz natural y una conexi\u00f3n \u00fanica con el entorno exterior.","properties_post_link_demanda_inmueble":"https:\/\/movin.cloud\/es\/Forcadell Oficinas Barcelona\/formulario-peticion-inmueble\/sth\/2438&&228854","properties_post_link_demanda_calendario_inmueble":"https:\/\/movin.cloud\/es\/Forcadell Oficinas Barcelona\/calendario-peticion-inmueble\/sth\/2438&&228854","properties_post_description_text":"Descubra la distinci\u00f3n en este exclusivo edificio de oficinas ubicado en la intersecci\u00f3n de las calles \u00c1vila con Llull. Con un servicio de conserjer\u00eda a tiempo completo, accesos adaptados y la comodidad de 4 ascensores, este edificio brinda un entorno profesional de alta calidad.\n\nLa oficina, luminosa y exterior, est\u00e1 dise\u00f1ada para maximizar la comodidad y la eficiencia. Entre sus caracter\u00edsticas se encuentran un pr\u00e1ctico office, climatizaci\u00f3n fr\u00edo-calor, pavimento t\u00e9cnico y aseos adaptados, garantizando un espacio de trabajo funcional y moderno.\n\nDestacando a\u00fan m\u00e1s, la oficina cuenta con una amplia terraza de tres vientos, proporcionando un espacio al aire libre para disfrutar de momentos de descanso o reuniones informales. Este lugar no solo ofrece comodidades esenciales, sino que tambi\u00e9n brinda un ambiente laboral enriquecido con luz natural y una conexi\u00f3n \u00fanica con el entorno exterior.","properties_post_seo_title":"","properties_post_seo_alias":"","properties_post_seo_metadescription":"Oficina luminosa en alquiler con amplia terraza en la calle \u00c1vila. Barcelona. Forcadell es su agencia de confianza para el alquiler de esta oficina.","properties_post_seo_key_words":"oficina alquiler Barcelona., alquiler oficina Barcelona, oficina Barcelona","properties_post_seo_url":"","properties_post_terms_conditions":""}],"post_type_properties_post_features_type":"office","post_type_properties_post_id_building":"MjQ5JDMyMjI0","post_type_properties_post_features_area_constructed":1185,"post_type_properties_post_features_conditioned_air":true,"post_type_properties_post_features_doorman":false,"post_type_properties_post_features_heating":true,"post_type_properties_post_features_equipped_kitchen":false,"post_type_properties_post_features_windows_location":"exterior","post_type_properties_post_features_floors_property":false,"post_type_properties_post_features_storage":false,"post_type_properties_post_features_security_door":false,"post_type_properties_post_features_energy_certificate_rating":"D","post_type_properties_post_features_energy_certificate_emissions_rating":"D","post_type_properties_post_features_energy_certificate_emissions_value":"","post_type_properties_post_features_energy_certificate_performance":"","post_type_properties_post_features_bathroom_inside":false,"post_type_properties_post_precio":21330,"post_type_properties_post_precio_alquiler":21330,"post_type_properties_post_record_type_id":"Oficina","post_type_properties_post_categoria__producto":"Oficina","post_type_properties_post_amueblado":false,"post_type_properties_post_precio_m2":18,"post_type_properties_post_zona__comunitaria":false,"post_type_properties_post_electrodomesticos":false,"post_type_properties_post_patio__interior":true,"post_type_properties_post_certificado_energetico_general":"D","post_type_properties_post_certificado_energetico_consumo":"D","post_type_properties_post_certificado_energetico_valor_emisiones":"","post_type_properties_post_certificado_energetico_valor_consumo":"","post_type_properties_post_modalidad":"rent","post_type_properties_post_provincia":"Barcelona","post_type_properties_post_poblacion":"Barcelona","post_type_properties_post_centro__urbano":false,"post_type_properties_post_zonificacion":"22 @","post_type_properties_post_cartera":"","post_type_properties_post_titulo_catalan":"Oficina lluminosa de lloguer amb \u00e0mplia terrassa al carrer d'\u00c0vila. Barcelona.","post_type_properties_post_internet_catalan":"Descobriu la distinci\u00f3 en aquest exclusiu edifici d'oficines ubicat a la intersecci\u00f3 dels carrers \u00c0vila amb Llull. Amb un servei de consergeria a temps complet, accessos adaptats i la comoditat de 4 ascensors, aquest edifici ofereix un entorn professional d'alta qualitat.\n\nL\u00b4oficina, lluminosa i exterior, est\u00e0 dissenyada per maximitzar la comoditat i l\u00b4efici\u00e8ncia. Entre les seves caracter\u00edstiques hi ha un pr\u00e0ctic office, climatitzaci\u00f3 fred-calor, paviment t\u00e8cnic i lavabos adaptats, garantint un espai de treball funcional i modern.\n\nDestacant encara m\u00e9s, l'oficina compta amb una \u00e0mplia terrassa de tres vents, proporcionant un espai exterior per gaudir de moments de descans o reunions informals. Aquest lloc no nom\u00e9s ofereix comoditats essencials, sin\u00f3 que tamb\u00e9 ofereix un ambient laboral enriquit amb llum natural i una connexi\u00f3 \u00fanica amb l'entorn exterior.","post_type_properties_post_titulo_castellano":"Oficina luminosa en alquiler con amplia terraza en la calle \u00c1vila. Barcelona.","post_type_properties_post_internet_castellano":"Descubra la distinci\u00f3n en este exclusivo edificio de oficinas ubicado en la intersecci\u00f3n de las calles \u00c1vila con Llull. Con un servicio de conserjer\u00eda a tiempo completo, accesos adaptados y la comodidad de 4 ascensores, este edificio brinda un entorno profesional de alta calidad.\n\nLa oficina, luminosa y exterior, est\u00e1 dise\u00f1ada para maximizar la comodidad y la eficiencia. Entre sus caracter\u00edsticas se encuentran un pr\u00e1ctico office, climatizaci\u00f3n fr\u00edo-calor, pavimento t\u00e9cnico y aseos adaptados, garantizando un espacio de trabajo funcional y moderno.\n\nDestacando a\u00fan m\u00e1s, la oficina cuenta con una amplia terraza de tres vientos, proporcionando un espacio al aire libre para disfrutar de momentos de descanso o reuniones informales. Este lugar no solo ofrece comodidades esenciales, sino que tambi\u00e9n brinda un ambiente laboral enriquecido con luz natural y una conexi\u00f3n \u00fanica con el entorno exterior.","post_type_properties_post_titulo_ingles":"","post_type_properties_post_internet_ingles":"","post_type_properties_post_features_classification_commercial":false,"post_type_properties_post_features_conservation":"","post_type_properties_post_features_security_personnel":false,"post_type_properties_post_features_parking_available":false,"post_type_properties_post_features_garage_capacity_type":"","post_type_properties_post_features_bathroom_number":"","post_type_properties_post_eje":"","post_type_properties_post_zona":"","post_type_properties_post_comarca":"","post_type_properties_post_features_built_year":"","post_type_properties_post_renta_mensual":16983,"post_type_properties_post_fianza":"","post_type_properties_post_features_area_plot":"","post_type_properties_post_features_area_buildable":"","post_type_properties_post_features_classification_industrial":false,"post_type_properties_post_distrito":"","post_type_properties_post_features_balcony":false,"post_type_properties_post_features_bedroom_number":"","post_type_properties_post_features_heating_type":"","post_type_properties_post_features_equipped_with_furniture":false,"post_type_properties_post_features_pets_allowed":false,"post_type_properties_post_features_pool":false,"post_type_properties_post_features_terrace":false,"post_type_properties_post_features_wardrobes":false,"post_type_properties_post_features_lift_available":false,"post_type_properties_post_features_handicap_adapted_access":false,"post_type_properties_post_features_orientation_east":false,"post_type_properties_post_features_orientation_west":false,"post_type_properties_post_features_orientation_north":false,"post_type_properties_post_features_orientation_south":false,"post_type_properties_post_features_parking_spaces_number":"","post_type_properties_post_features_security_alarm":false,"post_type_properties_post_features_security_system":false,"post_type_properties_post_open_plan":false,"post_type_properties_post_acceso_24_7":false,"post_type_properties_post_oficina_privada":false,"post_type_properties_post_sala_reuniones":false,"post_type_properties_post_espacio_eventos":false,"post_type_properties_post_office":false,"post_type_properties_post_restaurant":false,"post_type_properties_post_acepta_traspaso":false,"post_type_properties_post_vigilancia":false,"post_type_properties_post_features_suite":false,"post_type_properties_post_features_vitro":false,"post_type_properties_post_features_oven":false,"post_type_properties_post_features_microwave":false,"post_type_properties_post_features_washing_machine":false,"post_type_properties_post_features_dryer":false,"post_type_properties_post_features_dishwasher":false,"post_type_properties_post_features_fridge":false,"post_type_properties_post_features_fridge_mini":false,"post_type_properties_post_features_kettle":false,"post_type_properties_post_features_toaster":false,"post_type_properties_post_features_coffee_maker":false,"post_type_properties_post_features_iron":false,"post_type_properties_post_features_ironing_board":false,"post_type_properties_post_features_safe":false,"post_type_properties_post_features_internet":false,"post_type_properties_post_features_solarium":false,"post_type_properties_post_features_clean_service":false,"post_type_properties_post_features_t_v":false,"post_type_properties_post_features_satellite_t_v":false,"post_type_properties_post_features_gas_kitchen":false,"post_type_properties_post_features_view_mountain":true,"post_type_properties_post_features_view_sea":true,"post_type_properties_post_features_concierge":false,"post_type_properties_post_features_loading_dock":false,"post_type_properties_post_features_bridge_crane":false,"post_type_properties_post_features_located_at_corner":false,"post_type_properties_post_features_smoke_extraction":false,"post_type_properties_post_features_rooms":"","post_type_properties_post_features_garden_area":"","post_type_properties_post_features_utilities_water":false,"post_type_properties_post_features_utilities_electricity":false,"post_type_properties_post_features_utilities_natural_gas":false,"post_type_properties_post_features_building_adapted":false,"post_type_properties_post_features_garden":false,"post_type_properties_post_features_classification_hotel":false,"post_type_properties_post_features_classification_chalet":false,"post_type_properties_post_certificado_energetico_emisiones":"D","post_type_properties_post_barrio":"","post_type_properties_post_distrito_empresa":"Sant Mart\u00ed","post_type_properties_post_features_property_category_intern":"","post_type_properties_post_implantada":true,"post_type_properties_post_sello_leed":"","post_type_properties_post_sello_well":"","post_type_properties_post_sello_breeam":false,"post_type_properties_post_images":[{"properties_post_image_order":1,"properties_post_image_url":"https:\/\/movin.cloud\/empresas\/2438\/imagenes\/228854\/en-alquiler-29.webp","properties_post_image_url_thumbnail":"https:\/\/movin.cloud\/empresas\/2438\/imagenes\/thumbnails\/228854\/en-alquiler-29.webp","properties_post_title":"en alquiler 29","properties_post_alt":"en alquiler 29"},{"properties_post_image_order":2,"properties_post_image_url":"https:\/\/movin.cloud\/empresas\/2438\/imagenes\/228854\/en-alquiler-23.webp","properties_post_image_url_thumbnail":"https:\/\/movin.cloud\/empresas\/2438\/imagenes\/thumbnails\/228854\/en-alquiler-23.webp","properties_post_title":"en alquiler 23","properties_post_alt":"en alquiler 23"},{"properties_post_image_order":3,"properties_post_image_url":"https:\/\/movin.cloud\/empresas\/2438\/imagenes\/228854\/en-alquiler-28.webp","properties_post_image_url_thumbnail":"https:\/\/movin.cloud\/empresas\/2438\/imagenes\/thumbnails\/228854\/en-alquiler-28.webp","properties_post_title":"en alquiler 28","properties_post_alt":"en alquiler 28"},{"properties_post_image_order":4,"properties_post_image_url":"https:\/\/movin.cloud\/empresas\/2438\/imagenes\/228854\/en-alquiler-22.webp","properties_post_image_url_thumbnail":"https:\/\/movin.cloud\/empresas\/2438\/imagenes\/thumbnails\/228854\/en-alquiler-22.webp","properties_post_title":"en alquiler 22","properties_post_alt":"en alquiler 22"},{"properties_post_image_order":5,"properties_post_image_url":"https:\/\/movin.cloud\/empresas\/2438\/imagenes\/228854\/en-alquiler-27.webp","properties_post_image_url_thumbnail":"https:\/\/movin.cloud\/empresas\/2438\/imagenes\/thumbnails\/228854\/en-alquiler-27.webp","properties_post_title":"en alquiler 27","properties_post_alt":"en alquiler 27"},{"properties_post_image_order":6,"properties_post_image_url":"https:\/\/movin.cloud\/empresas\/2438\/imagenes\/228854\/en-alquiler-33.webp","properties_post_image_url_thumbnail":"https:\/\/movin.cloud\/empresas\/2438\/imagenes\/thumbnails\/228854\/en-alquiler-33.webp","properties_post_title":"en alquiler 33","properties_post_alt":"en alquiler 33"},{"properties_post_image_order":7,"properties_post_image_url":"https:\/\/movin.cloud\/empresas\/2438\/imagenes\/228854\/en-alquiler-20.webp","properties_post_image_url_thumbnail":"https:\/\/movin.cloud\/empresas\/2438\/imagenes\/thumbnails\/228854\/en-alquiler-20.webp","properties_post_title":"en alquiler 20","properties_post_alt":"en alquiler 20"},{"properties_post_image_order":8,"properties_post_image_url":"https:\/\/movin.cloud\/empresas\/2438\/imagenes\/228854\/en-alquiler-26.webp","properties_post_image_url_thumbnail":"https:\/\/movin.cloud\/empresas\/2438\/imagenes\/thumbnails\/228854\/en-alquiler-26.webp","properties_post_title":"en alquiler 26","properties_post_alt":"en alquiler 26"},{"properties_post_image_order":9,"properties_post_image_url":"https:\/\/movin.cloud\/empresas\/2438\/imagenes\/228854\/en-alquiler-17.webp","properties_post_image_url_thumbnail":"https:\/\/movin.cloud\/empresas\/2438\/imagenes\/thumbnails\/228854\/en-alquiler-17.webp","properties_post_title":"en alquiler 17","properties_post_alt":"en alquiler 17"},{"properties_post_image_order":10,"properties_post_image_url":"https:\/\/movin.cloud\/empresas\/2438\/imagenes\/228854\/en-alquiler-12.webp","properties_post_image_url_thumbnail":"https:\/\/movin.cloud\/empresas\/2438\/imagenes\/thumbnails\/228854\/en-alquiler-12.webp","properties_post_title":"en alquiler 12","properties_post_alt":"en alquiler 12"},{"properties_post_image_order":11,"properties_post_image_url":"https:\/\/movin.cloud\/empresas\/2438\/imagenes\/228854\/en-alquiler-25.webp","properties_post_image_url_thumbnail":"https:\/\/movin.cloud\/empresas\/2438\/imagenes\/thumbnails\/228854\/en-alquiler-25.webp","properties_post_title":"en alquiler 25","properties_post_alt":"en alquiler 25"},{"properties_post_image_order":12,"properties_post_image_url":"https:\/\/movin.cloud\/empresas\/2438\/imagenes\/228854\/en-alquiler-19.webp","properties_post_image_url_thumbnail":"https:\/\/movin.cloud\/empresas\/2438\/imagenes\/thumbnails\/228854\/en-alquiler-19.webp","properties_post_title":"en alquiler 19","properties_post_alt":"en alquiler 19"},{"properties_post_image_order":13,"properties_post_image_url":"https:\/\/movin.cloud\/empresas\/2438\/imagenes\/228854\/en-alquiler-34.webp","properties_post_image_url_thumbnail":"https:\/\/movin.cloud\/empresas\/2438\/imagenes\/thumbnails\/228854\/en-alquiler-34.webp","properties_post_title":"en alquiler 34","properties_post_alt":"en alquiler 34"},{"properties_post_image_order":14,"properties_post_image_url":"https:\/\/movin.cloud\/empresas\/2438\/imagenes\/228854\/viviendas.webp","properties_post_image_url_thumbnail":"https:\/\/movin.cloud\/empresas\/2438\/imagenes\/thumbnails\/228854\/viviendas.webp","properties_post_title":"viviendas","properties_post_alt":"viviendas"},{"properties_post_image_order":15,"properties_post_image_url":"https:\/\/movin.cloud\/empresas\/2438\/imagenes\/228854\/inmobiliaria-barcelona.webp","properties_post_image_url_thumbnail":"https:\/\/movin.cloud\/empresas\/2438\/imagenes\/thumbnails\/228854\/inmobiliaria-barcelona.webp","properties_post_title":"inmobiliaria barcelona","properties_post_alt":"inmobiliaria barcelona"},{"properties_post_image_order":16,"properties_post_image_url":"https:\/\/movin.cloud\/empresas\/2438\/imagenes\/228854\/alquiler-para-idealista.webp","properties_post_image_url_thumbnail":"https:\/\/movin.cloud\/empresas\/2438\/imagenes\/thumbnails\/228854\/alquiler-para-idealista.webp","properties_post_title":"alquiler para idealista","properties_post_alt":"alquiler para idealista"},{"properties_post_image_order":17,"properties_post_image_url":"https:\/\/movin.cloud\/empresas\/2438\/imagenes\/228854\/alquilar-barcelona.webp","properties_post_image_url_thumbnail":"https:\/\/movin.cloud\/empresas\/2438\/imagenes\/thumbnails\/228854\/alquilar-barcelona.webp","properties_post_title":"alquilar barcelona","properties_post_alt":"alquilar barcelona"},{"properties_post_image_order":18,"properties_post_image_url":"https:\/\/movin.cloud\/empresas\/2438\/imagenes\/228854\/barcelona-en-alquiler.webp","properties_post_image_url_thumbnail":"https:\/\/movin.cloud\/empresas\/2438\/imagenes\/thumbnails\/228854\/barcelona-en-alquiler.webp","properties_post_title":"barcelona en alquiler","properties_post_alt":"barcelona en alquiler"},{"properties_post_image_order":19,"properties_post_image_url":"https:\/\/movin.cloud\/empresas\/2438\/imagenes\/228854\/en-alquiler-18.webp","properties_post_image_url_thumbnail":"https:\/\/movin.cloud\/empresas\/2438\/imagenes\/thumbnails\/228854\/en-alquiler-18.webp","properties_post_title":"en alquiler 18","properties_post_alt":"en alquiler 18"},{"properties_post_image_order":20,"properties_post_image_url":"https:\/\/movin.cloud\/empresas\/2438\/imagenes\/228854\/en-alquiler-11.webp","properties_post_image_url_thumbnail":"https:\/\/movin.cloud\/empresas\/2438\/imagenes\/thumbnails\/228854\/en-alquiler-11.webp","properties_post_title":"en alquiler 11","properties_post_alt":"en alquiler 11"},{"properties_post_image_order":21,"properties_post_image_url":"https:\/\/movin.cloud\/empresas\/2438\/imagenes\/228854\/alquilar.webp","properties_post_image_url_thumbnail":"https:\/\/movin.cloud\/empresas\/2438\/imagenes\/thumbnails\/228854\/alquilar.webp","properties_post_title":"alquilar","properties_post_alt":"alquilar"},{"properties_post_image_order":22,"properties_post_image_url":"https:\/\/movin.cloud\/empresas\/2438\/imagenes\/228854\/en-alquiler-13.webp","properties_post_image_url_thumbnail":"https:\/\/movin.cloud\/empresas\/2438\/imagenes\/thumbnails\/228854\/en-alquiler-13.webp","properties_post_title":"en alquiler 13","properties_post_alt":"en alquiler 13"},{"properties_post_image_order":23,"properties_post_image_url":"https:\/\/movin.cloud\/empresas\/2438\/imagenes\/228854\/en-alquiler-15.webp","properties_post_image_url_thumbnail":"https:\/\/movin.cloud\/empresas\/2438\/imagenes\/thumbnails\/228854\/en-alquiler-15.webp","properties_post_title":"en alquiler 15","properties_post_alt":"en alquiler 15"},{"properties_post_image_order":24,"properties_post_image_url":"https:\/\/movin.cloud\/empresas\/2438\/imagenes\/228854\/en-alquiler-16.webp","properties_post_image_url_thumbnail":"https:\/\/movin.cloud\/empresas\/2438\/imagenes\/thumbnails\/228854\/en-alquiler-16.webp","properties_post_title":"en alquiler 16","properties_post_alt":"en alquiler 16"},{"properties_post_image_order":25,"properties_post_image_url":"https:\/\/movin.cloud\/empresas\/2438\/imagenes\/228854\/en-alquiler-21.webp","properties_post_image_url_thumbnail":"https:\/\/movin.cloud\/empresas\/2438\/imagenes\/thumbnails\/228854\/en-alquiler-21.webp","properties_post_title":"en alquiler 21","properties_post_alt":"en alquiler 21"},{"properties_post_image_order":26,"properties_post_image_url":"https:\/\/movin.cloud\/empresas\/2438\/imagenes\/228854\/en-alquiler-24.webp","properties_post_image_url_thumbnail":"https:\/\/movin.cloud\/empresas\/2438\/imagenes\/thumbnails\/228854\/en-alquiler-24.webp","properties_post_title":"en alquiler 24","properties_post_alt":"en alquiler 24"},{"properties_post_image_order":27,"properties_post_image_url":"https:\/\/movin.cloud\/empresas\/2438\/imagenes\/228854\/en-alquiler-31.webp","properties_post_image_url_thumbnail":"https:\/\/movin.cloud\/empresas\/2438\/imagenes\/thumbnails\/228854\/en-alquiler-31.webp","properties_post_title":"en alquiler 31","properties_post_alt":"en alquiler 31"},{"properties_post_image_order":28,"properties_post_image_url":"https:\/\/movin.cloud\/empresas\/2438\/imagenes\/228854\/en-alquiler-10.webp","properties_post_image_url_thumbnail":"https:\/\/movin.cloud\/empresas\/2438\/imagenes\/thumbnails\/228854\/en-alquiler-10.webp","properties_post_title":"en alquiler 10","properties_post_alt":"en alquiler 10"}],"post_type_properties_post_videos":null,"post_type_properties_post_tour":null,"post_type_properties_post_dossier_url":"","post_type_properties_post_operation_type":"rent","post_type_properties_post_operation_price":21330,"post_type_properties_post_features_hidden_price":false},"yoast_head":"<!-- This site is optimized with the Yoast SEO plugin v25.6 - https:\/\/yoast.com\/wordpress\/plugins\/seo\/ -->\n<title>Oficina luminosa en alquiler con amplia terraza en la calle \u00c1vila. Barcelona. - Forcadell<\/title>\n<meta name=\"robots\" content=\"index, follow, max-snippet:-1, max-image-preview:large, max-video-preview:-1\" \/>\n<link rel=\"canonical\" href=\"https:\/\/forcadell.com\/ca\/propiedades\/oficina-luminosa-en-alquiler-con-amplia-terraza-en-la-calle-avila-barcelona\/\" \/>\n<meta property=\"og:locale\" content=\"ca_ES\" \/>\n<meta property=\"og:type\" content=\"article\" \/>\n<meta property=\"og:title\" content=\"Oficina luminosa en alquiler con amplia terraza en la calle \u00c1vila. Barcelona. - Forcadell\" \/>\n<meta property=\"og:description\" content=\"Descubra la distinci\u00f3n en este exclusivo edificio de oficinas ubicado en la intersecci\u00f3n de las calles \u00c1vila con Llull. Con un servicio de conserjer\u00eda a tiempo completo, accesos adaptados y la comodidad de 4 ascensores, este edificio brinda un entorno profesional de alta calidad. La oficina, luminosa y exterior, est\u00e1 dise\u00f1ada para maximizar la comodidad [&hellip;]\" \/>\n<meta property=\"og:url\" content=\"https:\/\/forcadell.com\/ca\/propiedades\/oficina-luminosa-en-alquiler-con-amplia-terraza-en-la-calle-avila-barcelona\/\" \/>\n<meta property=\"og:site_name\" content=\"Forcadell\" \/>\n<meta property=\"article:modified_time\" content=\"2026-04-27T09:03:22+00:00\" \/>\n<meta name=\"twitter:card\" content=\"summary_large_image\" \/>\n<meta name=\"twitter:label1\" content=\"Temps estimat de lectura\" \/>\n\t<meta name=\"twitter:data1\" content=\"1 minut\" \/>\n<!-- \/ Yoast SEO plugin. -->","yoast_head_json":{"title":"Oficina luminosa en alquiler con amplia terraza en la calle \u00c1vila. Barcelona. - Forcadell","robots":{"index":"index","follow":"follow","max-snippet":"max-snippet:-1","max-image-preview":"max-image-preview:large","max-video-preview":"max-video-preview:-1"},"canonical":"https:\/\/forcadell.com\/ca\/propiedades\/oficina-luminosa-en-alquiler-con-amplia-terraza-en-la-calle-avila-barcelona\/","og_locale":"ca_ES","og_type":"article","og_title":"Oficina luminosa en alquiler con amplia terraza en la calle \u00c1vila. Barcelona. - Forcadell","og_description":"Descubra la distinci\u00f3n en este exclusivo edificio de oficinas ubicado en la intersecci\u00f3n de las calles \u00c1vila con Llull. Con un servicio de conserjer\u00eda a tiempo completo, accesos adaptados y la comodidad de 4 ascensores, este edificio brinda un entorno profesional de alta calidad. La oficina, luminosa y exterior, est\u00e1 dise\u00f1ada para maximizar la comodidad [&hellip;]","og_url":"https:\/\/forcadell.com\/ca\/propiedades\/oficina-luminosa-en-alquiler-con-amplia-terraza-en-la-calle-avila-barcelona\/","og_site_name":"Forcadell","article_modified_time":"2026-04-27T09:03:22+00:00","twitter_card":"summary_large_image","twitter_misc":{"Temps estimat de lectura":"1 minut"},"schema":{"@context":"https:\/\/schema.org","@graph":[{"@type":"WebPage","@id":"https:\/\/forcadell.com\/ca\/propiedades\/oficina-luminosa-en-alquiler-con-amplia-terraza-en-la-calle-avila-barcelona\/","url":"https:\/\/forcadell.com\/ca\/propiedades\/oficina-luminosa-en-alquiler-con-amplia-terraza-en-la-calle-avila-barcelona\/","name":"Oficina luminosa en alquiler con amplia terraza en la calle \u00c1vila. Barcelona. - Forcadell","isPartOf":{"@id":"https:\/\/forcadell.com\/ca\/#website"},"datePublished":"2025-11-04T13:47:44+00:00","dateModified":"2026-04-27T09:03:22+00:00","breadcrumb":{"@id":"https:\/\/forcadell.com\/ca\/propiedades\/oficina-luminosa-en-alquiler-con-amplia-terraza-en-la-calle-avila-barcelona\/#breadcrumb"},"inLanguage":"ca","potentialAction":[{"@type":"ReadAction","target":["https:\/\/forcadell.com\/ca\/propiedades\/oficina-luminosa-en-alquiler-con-amplia-terraza-en-la-calle-avila-barcelona\/"]}]},{"@type":"BreadcrumbList","@id":"https:\/\/forcadell.com\/ca\/propiedades\/oficina-luminosa-en-alquiler-con-amplia-terraza-en-la-calle-avila-barcelona\/#breadcrumb","itemListElement":[{"@type":"ListItem","position":1,"name":"Portada","item":"https:\/\/forcadell.com\/ca\/"},{"@type":"ListItem","position":2,"name":"Properties","item":"https:\/\/forcadell.com\/ca\/propiedades\/"},{"@type":"ListItem","position":3,"name":"Oficina luminosa en alquiler con amplia terraza en la calle \u00c1vila. Barcelona."}]},{"@type":"WebSite","@id":"https:\/\/forcadell.com\/ca\/#website","url":"https:\/\/forcadell.com\/ca\/","name":"Forcadell","description":"Inmobiliaria Barcelona | Consultores inmobiliarios","potentialAction":[{"@type":"SearchAction","target":{"@type":"EntryPoint","urlTemplate":"https:\/\/forcadell.com\/ca\/?s={search_term_string}"},"query-input":{"@type":"PropertyValueSpecification","valueRequired":true,"valueName":"search_term_string"}}],"inLanguage":"ca"}]}},"_links":{"self":[{"href":"https:\/\/forcadell.com\/ca\/wp-json\/wp\/v2\/properties_post\/57408"}],"collection":[{"href":"https:\/\/forcadell.com\/ca\/wp-json\/wp\/v2\/properties_post"}],"about":[{"href":"https:\/\/forcadell.com\/ca\/wp-json\/wp\/v2\/types\/properties_post"}],"wp:attachment":[{"href":"https:\/\/forcadell.com\/ca\/wp-json\/wp\/v2\/media?parent=57408"}],"curies":[{"name":"wp","href":"https:\/\/api.w.org\/{rel}","templated":true}]}}