{"id":57354,"date":"2025-11-04T15:43:31","date_gmt":"2025-11-04T13:43:31","guid":{"rendered":"https:\/\/www.forcadell.com\/propiedades\/oficina-alquiler-madrid-calle-maria-de-portugal\/"},"modified":"2026-04-26T23:03:59","modified_gmt":"2026-04-26T21:03:59","slug":"oficina-alquiler-madrid-calle-maria-de-portugal","status":"publish","type":"properties_post","link":"https:\/\/forcadell.com\/ca\/propiedades\/oficina-alquiler-madrid-calle-maria-de-portugal\/","title":{"rendered":"Oficina alquiler Madrid &#8211; Calle Mar\u00eda de Portugal."},"content":{"rendered":"<p>Oficina en alquiler en Sanchinarro, distribuida en espacios di\u00e1fanos con buena iluminaci\u00f3n natural, falso techo met\u00e1lico, altura libre de 2,70 metros, suelo t\u00e9cnico y sistema de climatizaci\u00f3n. <\/p>\n<p>Complejo de empresarial de dos edificios gemelos con interiores luminosos, cuenta con servicio de conserjer\u00eda y vigilancia 24h, control de accesos, taquillas inteligentes, cafeter\u00eda, zona de descanso, muelle de cargar y descargas, parking con plazas de carga el\u00e9ctrica. <\/p>\n<p>Situado en calle Mar\u00eda de Portugal, en el eje-norte de la capital. Con f\u00e1cil acceso mediante la A-1, M-40 y M-30, buenas comunicaciones con el transporte p\u00fablico, adem\u00e1s de contar con cercan\u00eda al aeropuerto de Barajas y Estaci\u00f3n de Chamart\u00edn. <\/p>\n<p>Calificaci\u00f3n energ\u00e9tica: D<br \/>\nCertificado LEED Gold <\/p>\n<p>Transportes:<br \/>\nAutobuses urbanos: 172, 173, 172SF<br \/>\nAutobuses interurbanos: 155B<br \/>\nMetro Ligero: Mar\u00eda Tudor. <\/p>\n<p>Renta de parking: 90 \u20ac\/plaza\/mes.<\/p>\n","protected":false},"template":"","class_list":["post-57354","properties_post","type-properties_post","status-publish","hentry","properties_modality-rent","properties_district-hortaleza","properties_province-madrid","properties_zone-descentralizada","properties_state-madrid","properties_subclass-oficina","properties_type-oficina"],"acf":{"post_type_properties_post_property_code":"224159","post_type_properties_post_property_reference":"IE-199032","post_type_properties_post_owner_id":"48474","post_type_properties_post_owner_name":"MERLIN PROPERTIES SOCIMI SA","post_type_properties_post_property_code_encrypted":"MjkkODcyNg==","post_type_properties_post_published":"1","post_type_properties_post_property_visibility":"idealista","post_type_properties_post_contact_name":"Forcadell Oficinas Madrid","post_type_properties_post_contact_email":"forcadell.oficinas.madrid@movin.cloud","post_type_properties_post_contact_primary_phone_prefix":"34","post_type_properties_post_contact_primary_phone_number":"917886880","post_type_properties_post_address_visibility":"street","post_type_properties_post_address_country":"Spain","post_type_properties_post_address_coordinates_precision":"exact","post_type_properties_post_address_postal_code":"28050","post_type_properties_post_address_coordinates_latitude":"40.495487000002","post_type_properties_post_address_coordinates_longitude":"-3.664821999998","post_type_properties_post_address_street_name":"CL Mar\u00eda de Portugal 9-11","post_type_properties_post_address_floor":"2","post_type_properties_post_address_town":"Madrid","post_type_properties_post_building":null,"post_type_properties_post_property":[{"properties_post_description_language":"catalan","properties_post_title":"Oficina en lloguer a Fuencarral. Madrid","properties_post_short_description_text_alt":"","properties_post_description_text_alt":"","properties_post_short_description_text":"Oficina en lloguer a Sanchinarro, distribu\u00efda en espais di\u00e0fans amb bona il\u00b7luminaci\u00f3 natural, fals sostre met\u00e0l\u00b7lic, al\u00e7ada lliure de 2,70 metres, terra t\u00e8cnic i sistema de climatitzaci\u00f3. \n \nComplex empresarial de dos edificis bessons amb interiors lluminosos, disposa de servei de consergeria i vigil\u00e0ncia 24h, control d'acc\u00e9s, calaixes intel\u00b7ligents, cafeteria, zona de descans, moll de c\u00e0rrega i desc\u00e0rrega, aparcament amb places de c\u00e0rrega el\u00e8ctrica. \n \nSituat en carrer Mar\u00eda de Portugal, a l'eix-nord de la capital. Amb f\u00e0cil acc\u00e9s a trav\u00e9s de l'A-1, M-40 i M-30, bones comunicacions amb el transport p\u00fablic, a m\u00e9s de comptar amb proximitat a l'aeroport de Barajas i Estaci\u00f3 de Chamart\u00edn. \n \nQualificaci\u00f3 energ\u00e8tica: D \nCertificat LEED Gold \n \nTransports: \nAutobusos urbans: 172, 173, 172SF \nAutobusos interurbans: 155B \nMetro Lleuger: Maria Tudor. \n \nLloguer de p\u00e0rquing: 90 \u20ac\/pla\u00e7a\/mes.","properties_post_link_demanda_inmueble":"https:\/\/movin.cloud\/ca\/Forcadell Oficinas Madrid\/formulari-peticio-immoble\/sth\/2462&&224159","properties_post_link_demanda_calendario_inmueble":"https:\/\/movin.cloud\/ca\/Forcadell Oficinas Madrid\/calendari-peticio-immoble\/sth\/2462&&224159","properties_post_description_text":"Oficina en lloguer a Sanchinarro, distribu\u00efda en espais di\u00e0fans amb bona il\u00b7luminaci\u00f3 natural, fals sostre met\u00e0l\u00b7lic, al\u00e7ada lliure de 2,70 metres, terra t\u00e8cnic i sistema de climatitzaci\u00f3. \n \nComplex empresarial de dos edificis bessons amb interiors lluminosos, disposa de servei de consergeria i vigil\u00e0ncia 24h, control d'acc\u00e9s, calaixes intel\u00b7ligents, cafeteria, zona de descans, moll de c\u00e0rrega i desc\u00e0rrega, aparcament amb places de c\u00e0rrega el\u00e8ctrica. \n \nSituat en carrer Mar\u00eda de Portugal, a l'eix-nord de la capital. Amb f\u00e0cil acc\u00e9s a trav\u00e9s de l'A-1, M-40 i M-30, bones comunicacions amb el transport p\u00fablic, a m\u00e9s de comptar amb proximitat a l'aeroport de Barajas i Estaci\u00f3 de Chamart\u00edn. \n \nQualificaci\u00f3 energ\u00e8tica: D \nCertificat LEED Gold \n \nTransports: \nAutobusos urbans: 172, 173, 172SF \nAutobusos interurbans: 155B \nMetro Lleuger: Maria Tudor. \n \nLloguer de p\u00e0rquing: 90 \u20ac\/pla\u00e7a\/mes.","properties_post_seo_title":"","properties_post_seo_alias":"","properties_post_seo_metadescription":"Alquiler oficina Sanchinarro. Madrid. Forcadell","properties_post_seo_key_words":"oficina alquiler Madrid, alquiler oficina Madrid, oficina de alquiler en Madrid, oficina en Mar\u00eda de Portugal","properties_post_seo_url":"","properties_post_terms_conditions":""},{"properties_post_description_language":"spanish","properties_post_title":"Oficina alquiler Madrid - Calle Mar\u00eda de Portugal.","properties_post_short_description_text_alt":"","properties_post_description_text_alt":"","properties_post_short_description_text":"Oficina en alquiler en Sanchinarro, distribuida en espacios di\u00e1fanos con buena iluminaci\u00f3n natural, falso techo met\u00e1lico, altura libre de 2,70 metros, suelo t\u00e9cnico y sistema de climatizaci\u00f3n. \n \nComplejo de empresarial de dos edificios gemelos con interiores luminosos, cuenta con servicio de conserjer\u00eda y vigilancia 24h, control de accesos, taquillas inteligentes, cafeter\u00eda, zona de descanso, muelle de cargar y descargas, parking con plazas de carga el\u00e9ctrica. \n \nSituado en calle Mar\u00eda de Portugal, en el eje-norte de la capital. Con f\u00e1cil acceso mediante la A-1, M-40 y M-30, buenas comunicaciones con el transporte p\u00fablico, adem\u00e1s de contar con cercan\u00eda al aeropuerto de Barajas y Estaci\u00f3n de Chamart\u00edn. \n \nCalificaci\u00f3n energ\u00e9tica: D \nCertificado LEED Gold \n \nTransportes: \nAutobuses urbanos: 172, 173, 172SF \nAutobuses interurbanos: 155B \nMetro Ligero: Mar\u00eda Tudor. \n \nRenta de parking: 90 \u20ac\/plaza\/mes.","properties_post_link_demanda_inmueble":"https:\/\/movin.cloud\/es\/Forcadell Oficinas Madrid\/formulario-peticion-inmueble\/sth\/2462&&224159","properties_post_link_demanda_calendario_inmueble":"https:\/\/movin.cloud\/es\/Forcadell Oficinas Madrid\/calendario-peticion-inmueble\/sth\/2462&&224159","properties_post_description_text":"Oficina en alquiler en Sanchinarro, distribuida en espacios di\u00e1fanos con buena iluminaci\u00f3n natural, falso techo met\u00e1lico, altura libre de 2,70 metros, suelo t\u00e9cnico y sistema de climatizaci\u00f3n. \n \nComplejo de empresarial de dos edificios gemelos con interiores luminosos, cuenta con servicio de conserjer\u00eda y vigilancia 24h, control de accesos, taquillas inteligentes, cafeter\u00eda, zona de descanso, muelle de cargar y descargas, parking con plazas de carga el\u00e9ctrica. \n \nSituado en calle Mar\u00eda de Portugal, en el eje-norte de la capital. Con f\u00e1cil acceso mediante la A-1, M-40 y M-30, buenas comunicaciones con el transporte p\u00fablico, adem\u00e1s de contar con cercan\u00eda al aeropuerto de Barajas y Estaci\u00f3n de Chamart\u00edn. \n \nCalificaci\u00f3n energ\u00e9tica: D \nCertificado LEED Gold \n \nTransportes: \nAutobuses urbanos: 172, 173, 172SF \nAutobuses interurbanos: 155B \nMetro Ligero: Mar\u00eda Tudor. \n \nRenta de parking: 90 \u20ac\/plaza\/mes.","properties_post_seo_title":"","properties_post_seo_alias":"","properties_post_seo_metadescription":"Alquiler oficina Sanchinarro. Madrid. Forcadell","properties_post_seo_key_words":"oficina alquiler Madrid, alquiler oficina Madrid, oficina de alquiler en Madrid, oficina en Mar\u00eda de Portugal","properties_post_seo_url":"","properties_post_terms_conditions":""},{"properties_post_description_language":"english","properties_post_title":"Office rental in Madrid. Mar\u00eda de Portugal street.","properties_post_short_description_text_alt":"","properties_post_description_text_alt":"","properties_post_short_description_text":"Office space for rent in Sanchinarro, distributed in open spaces with good natural lighting, false metal ceiling, free height of 2.70 meters, technical flooring and air conditioning system. \n \nIt is part of a complex of two twin buildings with bright interiors, concierge and 24-hour surveillance service, access control, smart lockers, cafeteria, rest area, loading and unloading dock, and parking with electric charging spaces. \n \nLocated on Maria de Portugal street, on the north axis of the capital city, easily accessible via the A-1, M-40 and M-30 highways, with good public transportation links, and close proximity to Barajas airport and Chamartin station. \n \nEnergy rating: D, \nLEED Gold certified \n \nTransports \nUrban buses 172, 173, 172SF, \nIntercity bus 155B, and Maria Tudor light rail. \n \nParking rental: 90\u20ac\/space\/month.","properties_post_link_demanda_inmueble":"https:\/\/movin.cloud\/en\/Forcadell Oficinas Madrid\/property-form-request\/sth\/2462&&224159","properties_post_link_demanda_calendario_inmueble":"https:\/\/movin.cloud\/en\/Forcadell Oficinas Madrid\/property-calendar-request\/sth\/2462&&224159","properties_post_description_text":"Office space for rent in Sanchinarro, distributed in open spaces with good natural lighting, false metal ceiling, free height of 2.70 meters, technical flooring and air conditioning system. \n \nIt is part of a complex of two twin buildings with bright interiors, concierge and 24-hour surveillance service, access control, smart lockers, cafeteria, rest area, loading and unloading dock, and parking with electric charging spaces. \n \nLocated on Maria de Portugal street, on the north axis of the capital city, easily accessible via the A-1, M-40 and M-30 highways, with good public transportation links, and close proximity to Barajas airport and Chamartin station. \n \nEnergy rating: D, \nLEED Gold certified \n \nTransports \nUrban buses 172, 173, 172SF, \nIntercity bus 155B, and Maria Tudor light rail. \n \nParking rental: 90\u20ac\/space\/month.","properties_post_seo_title":"","properties_post_seo_alias":"","properties_post_seo_metadescription":"Alquiler oficina Sanchinarro. Madrid. Forcadell","properties_post_seo_key_words":"oficina alquiler Madrid, alquiler oficina Madrid, oficina de alquiler en Madrid, oficina en Mar\u00eda de Portugal","properties_post_seo_url":"","properties_post_terms_conditions":""}],"post_type_properties_post_features_type":"office","post_type_properties_post_id_building":"","post_type_properties_post_features_area_constructed":1401,"post_type_properties_post_features_conditioned_air":true,"post_type_properties_post_features_doorman":false,"post_type_properties_post_features_heating":true,"post_type_properties_post_features_equipped_kitchen":false,"post_type_properties_post_features_windows_location":"exterior","post_type_properties_post_features_floors_property":false,"post_type_properties_post_features_storage":false,"post_type_properties_post_features_security_door":false,"post_type_properties_post_features_energy_certificate_rating":"D","post_type_properties_post_features_energy_certificate_emissions_rating":"D","post_type_properties_post_features_energy_certificate_emissions_value":"","post_type_properties_post_features_energy_certificate_performance":"","post_type_properties_post_features_bathroom_inside":false,"post_type_properties_post_precio":23129.7,"post_type_properties_post_precio_alquiler":23129.7,"post_type_properties_post_record_type_id":"Oficina","post_type_properties_post_categoria__producto":"Oficina","post_type_properties_post_amueblado":false,"post_type_properties_post_precio_m2":16.5,"post_type_properties_post_zona__comunitaria":false,"post_type_properties_post_electrodomesticos":false,"post_type_properties_post_patio__interior":true,"post_type_properties_post_certificado_energetico_general":"D","post_type_properties_post_certificado_energetico_consumo":"D","post_type_properties_post_certificado_energetico_valor_emisiones":"","post_type_properties_post_certificado_energetico_valor_consumo":"","post_type_properties_post_modalidad":"rent","post_type_properties_post_provincia":"Madrid","post_type_properties_post_poblacion":"Madrid","post_type_properties_post_centro__urbano":false,"post_type_properties_post_zonificacion":"Descentralizada","post_type_properties_post_cartera":"Segunda mano","post_type_properties_post_titulo_catalan":"Oficina en lloguer a Fuencarral. Madrid","post_type_properties_post_internet_catalan":"Oficina en lloguer a Sanchinarro, distribu\u00efda en espais di\u00e0fans amb bona il\u00b7luminaci\u00f3 natural, fals sostre met\u00e0l\u00b7lic, al\u00e7ada lliure de 2,70 metres, terra t\u00e8cnic i sistema de climatitzaci\u00f3. \n \nComplex empresarial de dos edificis bessons amb interiors lluminosos, disposa de servei de consergeria i vigil\u00e0ncia 24h, control d'acc\u00e9s, calaixes intel\u00b7ligents, cafeteria, zona de descans, moll de c\u00e0rrega i desc\u00e0rrega, aparcament amb places de c\u00e0rrega el\u00e8ctrica. \n \nSituat en carrer Mar\u00eda de Portugal, a l'eix-nord de la capital. Amb f\u00e0cil acc\u00e9s a trav\u00e9s de l'A-1, M-40 i M-30, bones comunicacions amb el transport p\u00fablic, a m\u00e9s de comptar amb proximitat a l'aeroport de Barajas i Estaci\u00f3 de Chamart\u00edn. \n \nQualificaci\u00f3 energ\u00e8tica: D \nCertificat LEED Gold \n \nTransports: \nAutobusos urbans: 172, 173, 172SF \nAutobusos interurbans: 155B \nMetro Lleuger: Maria Tudor. \n \nLloguer de p\u00e0rquing: 90 \u20ac\/pla\u00e7a\/mes.","post_type_properties_post_titulo_castellano":"Oficina alquiler Madrid - Calle Mar\u00eda de Portugal.","post_type_properties_post_internet_castellano":"Oficina en alquiler en Sanchinarro, distribuida en espacios di\u00e1fanos con buena iluminaci\u00f3n natural, falso techo met\u00e1lico, altura libre de 2,70 metros, suelo t\u00e9cnico y sistema de climatizaci\u00f3n. \n \nComplejo de empresarial de dos edificios gemelos con interiores luminosos, cuenta con servicio de conserjer\u00eda y vigilancia 24h, control de accesos, taquillas inteligentes, cafeter\u00eda, zona de descanso, muelle de cargar y descargas, parking con plazas de carga el\u00e9ctrica. \n \nSituado en calle Mar\u00eda de Portugal, en el eje-norte de la capital. Con f\u00e1cil acceso mediante la A-1, M-40 y M-30, buenas comunicaciones con el transporte p\u00fablico, adem\u00e1s de contar con cercan\u00eda al aeropuerto de Barajas y Estaci\u00f3n de Chamart\u00edn. \n \nCalificaci\u00f3n energ\u00e9tica: D \nCertificado LEED Gold \n \nTransportes: \nAutobuses urbanos: 172, 173, 172SF \nAutobuses interurbanos: 155B \nMetro Ligero: Mar\u00eda Tudor. \n \nRenta de parking: 90 \u20ac\/plaza\/mes.","post_type_properties_post_titulo_ingles":"Office rental in Madrid. Mar\u00eda de Portugal street.","post_type_properties_post_internet_ingles":"Office space for rent in Sanchinarro, distributed in open spaces with good natural lighting, false metal ceiling, free height of 2.70 meters, technical flooring and air conditioning system. \n \nIt is part of a complex of two twin buildings with bright interiors, concierge and 24-hour surveillance service, access control, smart lockers, cafeteria, rest area, loading and unloading dock, and parking with electric charging spaces. \n \nLocated on Maria de Portugal street, on the north axis of the capital city, easily accessible via the A-1, M-40 and M-30 highways, with good public transportation links, and close proximity to Barajas airport and Chamartin station. \n \nEnergy rating: D, \nLEED Gold certified \n \nTransports \nUrban buses 172, 173, 172SF, \nIntercity bus 155B, and Maria Tudor light rail. \n \nParking rental: 90\u20ac\/space\/month.","post_type_properties_post_features_classification_commercial":false,"post_type_properties_post_features_conservation":"","post_type_properties_post_features_security_personnel":false,"post_type_properties_post_features_parking_available":false,"post_type_properties_post_features_garage_capacity_type":"","post_type_properties_post_features_bathroom_number":"","post_type_properties_post_eje":"","post_type_properties_post_zona":"","post_type_properties_post_comarca":"","post_type_properties_post_features_built_year":"","post_type_properties_post_renta_mensual":14906.43,"post_type_properties_post_fianza":"","post_type_properties_post_features_area_plot":"","post_type_properties_post_features_area_buildable":"","post_type_properties_post_features_classification_industrial":false,"post_type_properties_post_distrito":"","post_type_properties_post_features_balcony":false,"post_type_properties_post_features_bedroom_number":"","post_type_properties_post_features_heating_type":"","post_type_properties_post_features_equipped_with_furniture":false,"post_type_properties_post_features_pets_allowed":false,"post_type_properties_post_features_pool":false,"post_type_properties_post_features_terrace":false,"post_type_properties_post_features_wardrobes":false,"post_type_properties_post_features_lift_available":false,"post_type_properties_post_features_handicap_adapted_access":false,"post_type_properties_post_features_orientation_east":false,"post_type_properties_post_features_orientation_west":false,"post_type_properties_post_features_orientation_north":false,"post_type_properties_post_features_orientation_south":false,"post_type_properties_post_features_parking_spaces_number":"","post_type_properties_post_features_security_alarm":false,"post_type_properties_post_features_security_system":false,"post_type_properties_post_open_plan":false,"post_type_properties_post_acceso_24_7":false,"post_type_properties_post_oficina_privada":false,"post_type_properties_post_sala_reuniones":false,"post_type_properties_post_espacio_eventos":false,"post_type_properties_post_office":false,"post_type_properties_post_restaurant":false,"post_type_properties_post_acepta_traspaso":false,"post_type_properties_post_vigilancia":true,"post_type_properties_post_features_suite":false,"post_type_properties_post_features_vitro":false,"post_type_properties_post_features_oven":false,"post_type_properties_post_features_microwave":false,"post_type_properties_post_features_washing_machine":false,"post_type_properties_post_features_dryer":false,"post_type_properties_post_features_dishwasher":false,"post_type_properties_post_features_fridge":false,"post_type_properties_post_features_fridge_mini":false,"post_type_properties_post_features_kettle":false,"post_type_properties_post_features_toaster":false,"post_type_properties_post_features_coffee_maker":false,"post_type_properties_post_features_iron":false,"post_type_properties_post_features_ironing_board":false,"post_type_properties_post_features_safe":false,"post_type_properties_post_features_internet":false,"post_type_properties_post_features_solarium":false,"post_type_properties_post_features_clean_service":false,"post_type_properties_post_features_t_v":false,"post_type_properties_post_features_satellite_t_v":false,"post_type_properties_post_features_gas_kitchen":false,"post_type_properties_post_features_view_mountain":false,"post_type_properties_post_features_view_sea":false,"post_type_properties_post_features_concierge":false,"post_type_properties_post_features_loading_dock":false,"post_type_properties_post_features_bridge_crane":false,"post_type_properties_post_features_located_at_corner":false,"post_type_properties_post_features_smoke_extraction":false,"post_type_properties_post_features_rooms":"","post_type_properties_post_features_garden_area":"","post_type_properties_post_features_utilities_water":false,"post_type_properties_post_features_utilities_electricity":false,"post_type_properties_post_features_utilities_natural_gas":false,"post_type_properties_post_features_building_adapted":false,"post_type_properties_post_features_garden":false,"post_type_properties_post_features_classification_hotel":false,"post_type_properties_post_features_classification_chalet":false,"post_type_properties_post_certificado_energetico_emisiones":"D","post_type_properties_post_barrio":"","post_type_properties_post_distrito_empresa":"Hortaleza","post_type_properties_post_features_property_category_intern":"","post_type_properties_post_implantada":false,"post_type_properties_post_sello_leed":"1","post_type_properties_post_sello_well":"","post_type_properties_post_sello_breeam":false,"post_type_properties_post_images":[{"properties_post_image_order":6,"properties_post_image_url":"https:\/\/movin.cloud\/empresas\/2462\/imagenes\/224159\/en-alquiler.webp","properties_post_image_url_thumbnail":"https:\/\/movin.cloud\/empresas\/2462\/imagenes\/thumbnails\/224159\/en-alquiler.webp","properties_post_title":"en alquiler","properties_post_alt":"en alquiler"},{"properties_post_image_order":7,"properties_post_image_url":"https:\/\/movin.cloud\/empresas\/2462\/imagenes\/224159\/alquiler-para-idealista.webp","properties_post_image_url_thumbnail":"https:\/\/movin.cloud\/empresas\/2462\/imagenes\/thumbnails\/224159\/alquiler-para-idealista.webp","properties_post_title":"alquiler para idealista","properties_post_alt":"alquiler para idealista"},{"properties_post_image_order":8,"properties_post_image_url":"https:\/\/movin.cloud\/empresas\/2462\/imagenes\/224159\/viviendas.webp","properties_post_image_url_thumbnail":"https:\/\/movin.cloud\/empresas\/2462\/imagenes\/thumbnails\/224159\/viviendas.webp","properties_post_title":"viviendas","properties_post_alt":"viviendas"},{"properties_post_image_order":9,"properties_post_image_url":"https:\/\/movin.cloud\/empresas\/2462\/imagenes\/224159\/alquiler-para-idealistas.webp","properties_post_image_url_thumbnail":"https:\/\/movin.cloud\/empresas\/2462\/imagenes\/thumbnails\/224159\/alquiler-para-idealistas.webp","properties_post_title":"alquiler para idealistas","properties_post_alt":"alquiler para idealistas"},{"properties_post_image_order":10,"properties_post_image_url":"https:\/\/movin.cloud\/empresas\/2462\/imagenes\/224159\/rent.webp","properties_post_image_url_thumbnail":"https:\/\/movin.cloud\/empresas\/2462\/imagenes\/thumbnails\/224159\/rent.webp","properties_post_title":"rent","properties_post_alt":"rent"},{"properties_post_image_order":11,"properties_post_image_url":"https:\/\/movin.cloud\/empresas\/2462\/imagenes\/224159\/fincas.webp","properties_post_image_url_thumbnail":"https:\/\/movin.cloud\/empresas\/2462\/imagenes\/thumbnails\/224159\/fincas.webp","properties_post_title":"fincas","properties_post_alt":"fincas"},{"properties_post_image_order":12,"properties_post_image_url":"https:\/\/movin.cloud\/empresas\/2462\/imagenes\/224159\/inmobiliarias.webp","properties_post_image_url_thumbnail":"https:\/\/movin.cloud\/empresas\/2462\/imagenes\/thumbnails\/224159\/inmobiliarias.webp","properties_post_title":"inmobiliarias","properties_post_alt":"inmobiliarias"},{"properties_post_image_order":13,"properties_post_image_url":"https:\/\/movin.cloud\/empresas\/2462\/imagenes\/224159\/alquiler.webp","properties_post_image_url_thumbnail":"https:\/\/movin.cloud\/empresas\/2462\/imagenes\/thumbnails\/224159\/alquiler.webp","properties_post_title":"alquiler","properties_post_alt":"alquiler"},{"properties_post_image_order":14,"properties_post_image_url":"https:\/\/movin.cloud\/empresas\/2462\/imagenes\/224159\/alquiler-idealistas.webp","properties_post_image_url_thumbnail":"https:\/\/movin.cloud\/empresas\/2462\/imagenes\/thumbnails\/224159\/alquiler-idealistas.webp","properties_post_title":"alquiler idealistas","properties_post_alt":"alquiler idealistas"},{"properties_post_image_order":15,"properties_post_image_url":"https:\/\/movin.cloud\/empresas\/2462\/imagenes\/224159\/habitalia.webp","properties_post_image_url_thumbnail":"https:\/\/movin.cloud\/empresas\/2462\/imagenes\/thumbnails\/224159\/habitalia.webp","properties_post_title":"habitalia","properties_post_alt":"habitalia"},{"properties_post_image_order":16,"properties_post_image_url":"https:\/\/movin.cloud\/empresas\/2462\/imagenes\/224159\/alquilar.webp","properties_post_image_url_thumbnail":"https:\/\/movin.cloud\/empresas\/2462\/imagenes\/thumbnails\/224159\/alquilar.webp","properties_post_title":"alquilar","properties_post_alt":"alquilar"}],"post_type_properties_post_videos":null,"post_type_properties_post_tour":null,"post_type_properties_post_dossier_url":"","post_type_properties_post_operation_type":"rent","post_type_properties_post_operation_price":23129,"post_type_properties_post_features_hidden_price":false},"yoast_head":"<!-- This site is optimized with the Yoast SEO plugin v25.6 - https:\/\/yoast.com\/wordpress\/plugins\/seo\/ -->\n<title>Oficina alquiler Madrid - Calle Mar\u00eda de Portugal. - Forcadell<\/title>\n<meta name=\"robots\" content=\"index, follow, max-snippet:-1, max-image-preview:large, max-video-preview:-1\" \/>\n<link rel=\"canonical\" href=\"https:\/\/forcadell.com\/ca\/propiedades\/oficina-alquiler-madrid-calle-maria-de-portugal\/\" \/>\n<meta property=\"og:locale\" content=\"ca_ES\" \/>\n<meta property=\"og:type\" content=\"article\" \/>\n<meta property=\"og:title\" content=\"Oficina alquiler Madrid - Calle Mar\u00eda de Portugal. - Forcadell\" \/>\n<meta property=\"og:description\" content=\"Oficina en alquiler en Sanchinarro, distribuida en espacios di\u00e1fanos con buena iluminaci\u00f3n natural, falso techo met\u00e1lico, altura libre de 2,70 metros, suelo t\u00e9cnico y sistema de climatizaci\u00f3n. Complejo de empresarial de dos edificios gemelos con interiores luminosos, cuenta con servicio de conserjer\u00eda y vigilancia 24h, control de accesos, taquillas inteligentes, cafeter\u00eda, zona de descanso, muelle [&hellip;]\" \/>\n<meta property=\"og:url\" content=\"https:\/\/forcadell.com\/ca\/propiedades\/oficina-alquiler-madrid-calle-maria-de-portugal\/\" \/>\n<meta property=\"og:site_name\" content=\"Forcadell\" \/>\n<meta property=\"article:modified_time\" content=\"2026-04-26T21:03:59+00:00\" \/>\n<meta name=\"twitter:card\" content=\"summary_large_image\" \/>\n<meta name=\"twitter:label1\" content=\"Temps estimat de lectura\" \/>\n\t<meta name=\"twitter:data1\" content=\"1 minut\" \/>\n<!-- \/ Yoast SEO plugin. -->","yoast_head_json":{"title":"Oficina alquiler Madrid - Calle Mar\u00eda de Portugal. - Forcadell","robots":{"index":"index","follow":"follow","max-snippet":"max-snippet:-1","max-image-preview":"max-image-preview:large","max-video-preview":"max-video-preview:-1"},"canonical":"https:\/\/forcadell.com\/ca\/propiedades\/oficina-alquiler-madrid-calle-maria-de-portugal\/","og_locale":"ca_ES","og_type":"article","og_title":"Oficina alquiler Madrid - Calle Mar\u00eda de Portugal. - Forcadell","og_description":"Oficina en alquiler en Sanchinarro, distribuida en espacios di\u00e1fanos con buena iluminaci\u00f3n natural, falso techo met\u00e1lico, altura libre de 2,70 metros, suelo t\u00e9cnico y sistema de climatizaci\u00f3n. Complejo de empresarial de dos edificios gemelos con interiores luminosos, cuenta con servicio de conserjer\u00eda y vigilancia 24h, control de accesos, taquillas inteligentes, cafeter\u00eda, zona de descanso, muelle [&hellip;]","og_url":"https:\/\/forcadell.com\/ca\/propiedades\/oficina-alquiler-madrid-calle-maria-de-portugal\/","og_site_name":"Forcadell","article_modified_time":"2026-04-26T21:03:59+00:00","twitter_card":"summary_large_image","twitter_misc":{"Temps estimat de lectura":"1 minut"},"schema":{"@context":"https:\/\/schema.org","@graph":[{"@type":"WebPage","@id":"https:\/\/forcadell.com\/ca\/propiedades\/oficina-alquiler-madrid-calle-maria-de-portugal\/","url":"https:\/\/forcadell.com\/ca\/propiedades\/oficina-alquiler-madrid-calle-maria-de-portugal\/","name":"Oficina alquiler Madrid - Calle Mar\u00eda de Portugal. - Forcadell","isPartOf":{"@id":"https:\/\/forcadell.com\/ca\/#website"},"datePublished":"2025-11-04T13:43:31+00:00","dateModified":"2026-04-26T21:03:59+00:00","breadcrumb":{"@id":"https:\/\/forcadell.com\/ca\/propiedades\/oficina-alquiler-madrid-calle-maria-de-portugal\/#breadcrumb"},"inLanguage":"ca","potentialAction":[{"@type":"ReadAction","target":["https:\/\/forcadell.com\/ca\/propiedades\/oficina-alquiler-madrid-calle-maria-de-portugal\/"]}]},{"@type":"BreadcrumbList","@id":"https:\/\/forcadell.com\/ca\/propiedades\/oficina-alquiler-madrid-calle-maria-de-portugal\/#breadcrumb","itemListElement":[{"@type":"ListItem","position":1,"name":"Portada","item":"https:\/\/forcadell.com\/ca\/"},{"@type":"ListItem","position":2,"name":"Properties","item":"https:\/\/forcadell.com\/ca\/propiedades\/"},{"@type":"ListItem","position":3,"name":"Oficina alquiler Madrid &#8211; Calle Mar\u00eda de Portugal."}]},{"@type":"WebSite","@id":"https:\/\/forcadell.com\/ca\/#website","url":"https:\/\/forcadell.com\/ca\/","name":"Forcadell","description":"Inmobiliaria Barcelona | Consultores inmobiliarios","potentialAction":[{"@type":"SearchAction","target":{"@type":"EntryPoint","urlTemplate":"https:\/\/forcadell.com\/ca\/?s={search_term_string}"},"query-input":{"@type":"PropertyValueSpecification","valueRequired":true,"valueName":"search_term_string"}}],"inLanguage":"ca"}]}},"_links":{"self":[{"href":"https:\/\/forcadell.com\/ca\/wp-json\/wp\/v2\/properties_post\/57354"}],"collection":[{"href":"https:\/\/forcadell.com\/ca\/wp-json\/wp\/v2\/properties_post"}],"about":[{"href":"https:\/\/forcadell.com\/ca\/wp-json\/wp\/v2\/types\/properties_post"}],"wp:attachment":[{"href":"https:\/\/forcadell.com\/ca\/wp-json\/wp\/v2\/media?parent=57354"}],"curies":[{"name":"wp","href":"https:\/\/api.w.org\/{rel}","templated":true}]}}