{"id":57314,"date":"2025-11-04T15:41:18","date_gmt":"2025-11-04T13:41:18","guid":{"rendered":"https:\/\/www.forcadell.com\/propiedades\/oficina-diafana-y-luminosa-en-alquiler-en-el-wtc-almeda-park-cornella\/"},"modified":"2026-04-27T14:55:48","modified_gmt":"2026-04-27T12:55:48","slug":"oficina-diafana-y-luminosa-en-alquiler-en-el-wtc-almeda-park-cornella","status":"publish","type":"properties_post","link":"https:\/\/forcadell.com\/ca\/propiedades\/oficina-diafana-y-luminosa-en-alquiler-en-el-wtc-almeda-park-cornella\/","title":{"rendered":"WTC ALMEDA PARK _ EDIFICIO 8"},"content":{"rendered":"<p>Oficinas en WTC Almeda Park \u2013 Parque Empresarial con todos los servicios cerca de Barcelona<\/p>\n<p>WTC Almeda Park es uno de los parques empresariales m\u00e1s completos y consolidados del \u00e1rea de Barcelona, con m\u00e1s de 90.000 m\u00b2 de oficinas dise\u00f1adas para ofrecer el m\u00e1ximo confort y eficiencia a sus ocupantes.<\/p>\n<p>Ubicado en una estrat\u00e9gica zona de negocios, cuenta con excelentes conexiones: acceso inmediato a Ronda de Dalt (salida 15), Ronda Litoral (conexi\u00f3n directa al aeropuerto) y enlace r\u00e1pido con la Av. Diagonal.<\/p>\n<p>Servicios y amenities del parque:<br \/>\nSeguridad 24 horas<br \/>\nM\u00e1s de 1.500 m\u00b2 de restauraci\u00f3n<br \/>\nZonas verdes<br \/>\nBiomarket<br \/>\nGimnasio corporativo<br \/>\nInteraction Suite y salas de reuniones \/ presentaciones<br \/>\nServicio de autob\u00fas lanzadera (Renfe, Metro L5, Tranv\u00eda)<br \/>\nTransporte VIP al aeropuerto<br \/>\nServicio de carpooling<br \/>\nVestuarios con duchas<br \/>\nLavander\u00eda<br \/>\nParking p\u00fablico y privado<br \/>\nServicio de lavado de coches y taller de reparaci\u00f3n<br \/>\nIntranet para usuarios<br \/>\nCaracter\u00edsticas de las oficinas:<br \/>\nEspacios di\u00e1fanos y altamente eficientes<br \/>\nClimatizaci\u00f3n fr\u00edo-calor<br \/>\nPavimento t\u00e9cnico<br \/>\nFalso techo met\u00e1lico perforado<br \/>\nCalificaci\u00f3n energ\u00e9tica C<\/p>\n<p>Un entorno empresarial \u00fanico, ideal para empresas que buscan ubicaci\u00f3n estrat\u00e9gica, servicios premium y calidad de espacio de trabajo a pocos minutos de Barcelona.<\/p>\n","protected":false},"template":"","class_list":["post-57314","properties_post","type-properties_post","status-publish","hentry","properties_modality-rent","properties_province-barcelona","properties_zone-periferia","properties_state-cornella-de-llobregat","properties_subclass-oficina","properties_type-oficina"],"acf":{"post_type_properties_post_property_code":"223715","post_type_properties_post_property_reference":"IE-198428","post_type_properties_post_owner_id":"48474","post_type_properties_post_owner_name":"MERLIN PROPERTIES SOCIMI SA","post_type_properties_post_property_code_encrypted":"MjkkODI4Mg==","post_type_properties_post_published":"1","post_type_properties_post_property_visibility":"idealista","post_type_properties_post_contact_name":"Forcadell Oficinas Barcelona","post_type_properties_post_contact_email":"forcadell.oficinas.barcelona@movin.cloud","post_type_properties_post_contact_primary_phone_prefix":"34","post_type_properties_post_contact_primary_phone_number":"934965413","post_type_properties_post_address_visibility":"street","post_type_properties_post_address_country":"Spain","post_type_properties_post_address_coordinates_precision":"exact","post_type_properties_post_address_postal_code":"08940","post_type_properties_post_address_coordinates_latitude":"41.35032","post_type_properties_post_address_coordinates_longitude":"2.08484","post_type_properties_post_address_street_name":"Pla\u00e7a de la Pau s\/n","post_type_properties_post_address_floor":"3","post_type_properties_post_address_town":"Cornell\u00e0 de Llobregat","post_type_properties_post_building":null,"post_type_properties_post_property":[{"properties_post_description_language":"catalan","properties_post_title":" WTC ALMEDA PARK _ EDIFICI 8","properties_post_short_description_text_alt":"","properties_post_description_text_alt":"","properties_post_short_description_text":" ","properties_post_link_demanda_inmueble":"https:\/\/movin.cloud\/ca\/Forcadell Oficinas Barcelona\/formulari-peticio-immoble\/sth\/2438&&223715","properties_post_link_demanda_calendario_inmueble":"https:\/\/movin.cloud\/ca\/Forcadell Oficinas Barcelona\/calendari-peticio-immoble\/sth\/2438&&223715","properties_post_description_text":"Oficines a WTC Almeda Park \u2013 Parc Empresarial amb tots els serveis a prop de Barcelona\n\nWTC Almeda Park \u00e9s un dels parcs empresarials m\u00e9s complets i consolidats de l'\u00e0rea de Barcelona, amb m\u00e9s de 90.000 m\u00b2 d'oficines dissenyades per oferir el m\u00e0xim confort i efici\u00e8ncia als ocupants.\n\nUbicat en una zona de negocis estrat\u00e8gica, compta amb excel\u00b7lents connexions: acc\u00e9s immediat a Ronda de Dalt (sortida 15), Ronda Litoral (connexi\u00f3 directa a l'aeroport) i enlla\u00e7 r\u00e0pid amb l'Av. Diagonal.\n\nServeis i amenities del parc:\nSeguretat 24 hores\nM\u00e9s de 1.500 m\u00b2 de restauraci\u00f3\nZones verdes\nBiomarket\nGimn\u00e0s corporatiu\nInteraction Suite i sales de reunions \/ presentacions\nServei d'autob\u00fas llan\u00e7adora (Renfe, Metro L5, Tramvia)\nTransport VIP a l'aeroport\nServei de carpooling\nVestuaris amb dutxes\nBugaderia\nP\u00e0rquing p\u00fablic i privat\nServei de rentat de cotxes i taller de reparaci\u00f3\nIntranet per a usuaris\nCaracter\u00edstiques de les oficines:\nEspais di\u00e0fans i altament eficients\nClimatitzaci\u00f3 fred-calor\nPaviment t\u00e8cnic\nFals sostre met\u00e0l\u00b7lic perforat\nQualificaci\u00f3 energ\u00e8tica C\n\nUn entorn empresarial \u00fanic, ideal per a empreses que busquen ubicaci\u00f3 estrat\u00e8gica, serveis premium i qualitat despai de treball a pocs minuts de Barcelona.","properties_post_seo_title":"","properties_post_seo_alias":"","properties_post_seo_metadescription":"Oficina en lloguer. Parc Empresarial. Cornell\u00e0. Forcadell \u00e9s la seva ag\u00e8ncia de confian\u00e7a per al lloguer d'aquesta oficina.","properties_post_seo_key_words":"Oficina lloguer Cornell\u00e0, lloguer oficina Cornell\u00e0, oficina Cornell\u00e0","properties_post_seo_url":"","properties_post_terms_conditions":""},{"properties_post_description_language":"spanish","properties_post_title":" WTC ALMEDA PARK _ EDIFICIO 8","properties_post_short_description_text_alt":"","properties_post_description_text_alt":"","properties_post_short_description_text":" \n \n\n\n \n\n\n\u00a0","properties_post_link_demanda_inmueble":"https:\/\/movin.cloud\/es\/Forcadell Oficinas Barcelona\/formulario-peticion-inmueble\/sth\/2438&&223715","properties_post_link_demanda_calendario_inmueble":"https:\/\/movin.cloud\/es\/Forcadell Oficinas Barcelona\/calendario-peticion-inmueble\/sth\/2438&&223715","properties_post_description_text":"Oficinas en WTC Almeda Park \u2013 Parque Empresarial con todos los servicios cerca de Barcelona\n\nWTC Almeda Park es uno de los parques empresariales m\u00e1s completos y consolidados del \u00e1rea de Barcelona, con m\u00e1s de 90.000 m\u00b2 de oficinas dise\u00f1adas para ofrecer el m\u00e1ximo confort y eficiencia a sus ocupantes.\n\nUbicado en una estrat\u00e9gica zona de negocios, cuenta con excelentes conexiones: acceso inmediato a Ronda de Dalt (salida 15), Ronda Litoral (conexi\u00f3n directa al aeropuerto) y enlace r\u00e1pido con la Av. Diagonal.\n\nServicios y amenities del parque:\nSeguridad 24 horas\nM\u00e1s de 1.500 m\u00b2 de restauraci\u00f3n\nZonas verdes\nBiomarket\nGimnasio corporativo\nInteraction Suite y salas de reuniones \/ presentaciones\nServicio de autob\u00fas lanzadera (Renfe, Metro L5, Tranv\u00eda)\nTransporte VIP al aeropuerto\nServicio de carpooling\nVestuarios con duchas\nLavander\u00eda\nParking p\u00fablico y privado\nServicio de lavado de coches y taller de reparaci\u00f3n\nIntranet para usuarios\nCaracter\u00edsticas de las oficinas:\nEspacios di\u00e1fanos y altamente eficientes\nClimatizaci\u00f3n fr\u00edo-calor\nPavimento t\u00e9cnico\nFalso techo met\u00e1lico perforado\nCalificaci\u00f3n energ\u00e9tica C\n\nUn entorno empresarial \u00fanico, ideal para empresas que buscan ubicaci\u00f3n estrat\u00e9gica, servicios premium y calidad de espacio de trabajo a pocos minutos de Barcelona.\n ","properties_post_seo_title":"","properties_post_seo_alias":"","properties_post_seo_metadescription":"Oficina en alquiler. Parque Empresarial Cornell\u00e0. Forcadell es su agencia de confianza para el alquiler de esta oficina.","properties_post_seo_key_words":"Oficina alquiler Cornell\u00e0, alquiler oficina Cornell\u00e0, oficina Cornell\u00e0","properties_post_seo_url":"","properties_post_terms_conditions":""}],"post_type_properties_post_features_type":"office","post_type_properties_post_id_building":"MjkkMjc4NDc=","post_type_properties_post_features_area_constructed":1383,"post_type_properties_post_features_conditioned_air":true,"post_type_properties_post_features_doorman":false,"post_type_properties_post_features_heating":true,"post_type_properties_post_features_equipped_kitchen":false,"post_type_properties_post_features_windows_location":"exterior","post_type_properties_post_features_floors_property":false,"post_type_properties_post_features_storage":false,"post_type_properties_post_features_security_door":false,"post_type_properties_post_features_energy_certificate_rating":"C","post_type_properties_post_features_energy_certificate_emissions_rating":"C","post_type_properties_post_features_energy_certificate_emissions_value":"","post_type_properties_post_features_energy_certificate_performance":"","post_type_properties_post_features_bathroom_inside":true,"post_type_properties_post_precio":20745,"post_type_properties_post_precio_alquiler":20745,"post_type_properties_post_record_type_id":"Oficina","post_type_properties_post_categoria__producto":"Oficina","post_type_properties_post_amueblado":false,"post_type_properties_post_precio_m2":15,"post_type_properties_post_zona__comunitaria":false,"post_type_properties_post_electrodomesticos":false,"post_type_properties_post_patio__interior":false,"post_type_properties_post_certificado_energetico_general":"C","post_type_properties_post_certificado_energetico_consumo":"C","post_type_properties_post_certificado_energetico_valor_emisiones":"","post_type_properties_post_certificado_energetico_valor_consumo":"","post_type_properties_post_modalidad":"rent","post_type_properties_post_provincia":"Barcelona","post_type_properties_post_poblacion":"Cornell\u00e0 de Llobregat","post_type_properties_post_centro__urbano":false,"post_type_properties_post_zonificacion":"Periferia","post_type_properties_post_cartera":"","post_type_properties_post_titulo_catalan":" WTC ALMEDA PARK _ EDIFICI 8","post_type_properties_post_internet_catalan":"Oficines a WTC Almeda Park \u2013 Parc Empresarial amb tots els serveis a prop de Barcelona\n\nWTC Almeda Park \u00e9s un dels parcs empresarials m\u00e9s complets i consolidats de l'\u00e0rea de Barcelona, amb m\u00e9s de 90.000 m\u00b2 d'oficines dissenyades per oferir el m\u00e0xim confort i efici\u00e8ncia als ocupants.\n\nUbicat en una zona de negocis estrat\u00e8gica, compta amb excel\u00b7lents connexions: acc\u00e9s immediat a Ronda de Dalt (sortida 15), Ronda Litoral (connexi\u00f3 directa a l'aeroport) i enlla\u00e7 r\u00e0pid amb l'Av. Diagonal.\n\nServeis i amenities del parc:\nSeguretat 24 hores\nM\u00e9s de 1.500 m\u00b2 de restauraci\u00f3\nZones verdes\nBiomarket\nGimn\u00e0s corporatiu\nInteraction Suite i sales de reunions \/ presentacions\nServei d'autob\u00fas llan\u00e7adora (Renfe, Metro L5, Tramvia)\nTransport VIP a l'aeroport\nServei de carpooling\nVestuaris amb dutxes\nBugaderia\nP\u00e0rquing p\u00fablic i privat\nServei de rentat de cotxes i taller de reparaci\u00f3\nIntranet per a usuaris\nCaracter\u00edstiques de les oficines:\nEspais di\u00e0fans i altament eficients\nClimatitzaci\u00f3 fred-calor\nPaviment t\u00e8cnic\nFals sostre met\u00e0l\u00b7lic perforat\nQualificaci\u00f3 energ\u00e8tica C\n\nUn entorn empresarial \u00fanic, ideal per a empreses que busquen ubicaci\u00f3 estrat\u00e8gica, serveis premium i qualitat despai de treball a pocs minuts de Barcelona.","post_type_properties_post_titulo_castellano":" WTC ALMEDA PARK _ EDIFICIO 8","post_type_properties_post_internet_castellano":"Oficinas en WTC Almeda Park \u2013 Parque Empresarial con todos los servicios cerca de Barcelona\n\nWTC Almeda Park es uno de los parques empresariales m\u00e1s completos y consolidados del \u00e1rea de Barcelona, con m\u00e1s de 90.000 m\u00b2 de oficinas dise\u00f1adas para ofrecer el m\u00e1ximo confort y eficiencia a sus ocupantes.\n\nUbicado en una estrat\u00e9gica zona de negocios, cuenta con excelentes conexiones: acceso inmediato a Ronda de Dalt (salida 15), Ronda Litoral (conexi\u00f3n directa al aeropuerto) y enlace r\u00e1pido con la Av. Diagonal.\n\nServicios y amenities del parque:\nSeguridad 24 horas\nM\u00e1s de 1.500 m\u00b2 de restauraci\u00f3n\nZonas verdes\nBiomarket\nGimnasio corporativo\nInteraction Suite y salas de reuniones \/ presentaciones\nServicio de autob\u00fas lanzadera (Renfe, Metro L5, Tranv\u00eda)\nTransporte VIP al aeropuerto\nServicio de carpooling\nVestuarios con duchas\nLavander\u00eda\nParking p\u00fablico y privado\nServicio de lavado de coches y taller de reparaci\u00f3n\nIntranet para usuarios\nCaracter\u00edsticas de las oficinas:\nEspacios di\u00e1fanos y altamente eficientes\nClimatizaci\u00f3n fr\u00edo-calor\nPavimento t\u00e9cnico\nFalso techo met\u00e1lico perforado\nCalificaci\u00f3n energ\u00e9tica C\n\nUn entorno empresarial \u00fanico, ideal para empresas que buscan ubicaci\u00f3n estrat\u00e9gica, servicios premium y calidad de espacio de trabajo a pocos minutos de Barcelona.\n ","post_type_properties_post_titulo_ingles":"Office availble in the WTCAP","post_type_properties_post_internet_ingles":"Office available in the WTCAP Almeda Park, Business Park located in the municipality of Cornell\u00e0 de Llobregat, with 90,000m\u00b2 of offices and services designed for the occupants of the park. Located in one of the new business areas, a few meters from the main accesses to the city such as Ronda de Dalt (exit 15), Ronda Litoral (access to the airport) as well as direct connection to Av. Diagonal. The buildings are modern and have glass facade curtain wall, 24 hour security, 4 elevators, 1 lifts, gym, ecological service car wash, mail delivery, VIP transport service, interaction Suit, free parking bicycles, AEBALL agreements, shower services free (Building 2), public \/ private parking and energy certificate of degree C. The offices are diaphanous and have intranet, air conditioning hot \/ cold and recessed luminaires.","post_type_properties_post_features_classification_commercial":false,"post_type_properties_post_features_conservation":"","post_type_properties_post_features_security_personnel":false,"post_type_properties_post_features_parking_available":false,"post_type_properties_post_features_garage_capacity_type":"","post_type_properties_post_features_bathroom_number":"","post_type_properties_post_eje":"","post_type_properties_post_zona":"","post_type_properties_post_comarca":"","post_type_properties_post_features_built_year":"","post_type_properties_post_renta_mensual":20745,"post_type_properties_post_fianza":"","post_type_properties_post_features_area_plot":"","post_type_properties_post_features_area_buildable":"","post_type_properties_post_features_classification_industrial":false,"post_type_properties_post_distrito":"","post_type_properties_post_features_balcony":false,"post_type_properties_post_features_bedroom_number":"","post_type_properties_post_features_heating_type":"","post_type_properties_post_features_equipped_with_furniture":false,"post_type_properties_post_features_pets_allowed":false,"post_type_properties_post_features_pool":false,"post_type_properties_post_features_terrace":false,"post_type_properties_post_features_wardrobes":false,"post_type_properties_post_features_lift_available":false,"post_type_properties_post_features_handicap_adapted_access":false,"post_type_properties_post_features_orientation_east":false,"post_type_properties_post_features_orientation_west":false,"post_type_properties_post_features_orientation_north":false,"post_type_properties_post_features_orientation_south":false,"post_type_properties_post_features_parking_spaces_number":"","post_type_properties_post_features_security_alarm":false,"post_type_properties_post_features_security_system":false,"post_type_properties_post_open_plan":false,"post_type_properties_post_acceso_24_7":false,"post_type_properties_post_oficina_privada":false,"post_type_properties_post_sala_reuniones":false,"post_type_properties_post_espacio_eventos":false,"post_type_properties_post_office":false,"post_type_properties_post_restaurant":false,"post_type_properties_post_acepta_traspaso":false,"post_type_properties_post_vigilancia":false,"post_type_properties_post_features_suite":false,"post_type_properties_post_features_vitro":false,"post_type_properties_post_features_oven":false,"post_type_properties_post_features_microwave":false,"post_type_properties_post_features_washing_machine":false,"post_type_properties_post_features_dryer":false,"post_type_properties_post_features_dishwasher":false,"post_type_properties_post_features_fridge":false,"post_type_properties_post_features_fridge_mini":false,"post_type_properties_post_features_kettle":false,"post_type_properties_post_features_toaster":false,"post_type_properties_post_features_coffee_maker":false,"post_type_properties_post_features_iron":false,"post_type_properties_post_features_ironing_board":false,"post_type_properties_post_features_safe":false,"post_type_properties_post_features_internet":false,"post_type_properties_post_features_solarium":false,"post_type_properties_post_features_clean_service":false,"post_type_properties_post_features_t_v":false,"post_type_properties_post_features_satellite_t_v":false,"post_type_properties_post_features_gas_kitchen":false,"post_type_properties_post_features_view_mountain":false,"post_type_properties_post_features_view_sea":false,"post_type_properties_post_features_concierge":false,"post_type_properties_post_features_loading_dock":false,"post_type_properties_post_features_bridge_crane":false,"post_type_properties_post_features_located_at_corner":false,"post_type_properties_post_features_smoke_extraction":false,"post_type_properties_post_features_rooms":"","post_type_properties_post_features_garden_area":"","post_type_properties_post_features_utilities_water":false,"post_type_properties_post_features_utilities_electricity":false,"post_type_properties_post_features_utilities_natural_gas":false,"post_type_properties_post_features_building_adapted":false,"post_type_properties_post_features_garden":false,"post_type_properties_post_features_classification_hotel":false,"post_type_properties_post_features_classification_chalet":false,"post_type_properties_post_certificado_energetico_emisiones":"C","post_type_properties_post_barrio":"","post_type_properties_post_distrito_empresa":"","post_type_properties_post_features_property_category_intern":"","post_type_properties_post_implantada":false,"post_type_properties_post_sello_leed":"1","post_type_properties_post_sello_well":"","post_type_properties_post_sello_breeam":false,"post_type_properties_post_images":[{"properties_post_image_order":1,"properties_post_image_url":"https:\/\/movin.cloud\/empresas\/2438\/imagenes\/223715\/alquiler-para-idealista.webp","properties_post_image_url_thumbnail":"https:\/\/movin.cloud\/empresas\/2438\/imagenes\/thumbnails\/223715\/alquiler-para-idealista.webp","properties_post_title":"alquiler para idealista","properties_post_alt":"alquiler para idealista"},{"properties_post_image_order":2,"properties_post_image_url":"https:\/\/movin.cloud\/empresas\/2438\/imagenes\/223715\/alquiler-para-idealistas.webp","properties_post_image_url_thumbnail":"https:\/\/movin.cloud\/empresas\/2438\/imagenes\/thumbnails\/223715\/alquiler-para-idealistas.webp","properties_post_title":"alquiler para idealistas","properties_post_alt":"alquiler para idealistas"},{"properties_post_image_order":3,"properties_post_image_url":"https:\/\/movin.cloud\/empresas\/2438\/imagenes\/223715\/viviendas.webp","properties_post_image_url_thumbnail":"https:\/\/movin.cloud\/empresas\/2438\/imagenes\/thumbnails\/223715\/viviendas.webp","properties_post_title":"viviendas","properties_post_alt":"viviendas"},{"properties_post_image_order":4,"properties_post_image_url":"https:\/\/movin.cloud\/empresas\/2438\/imagenes\/223715\/habitalia.webp","properties_post_image_url_thumbnail":"https:\/\/movin.cloud\/empresas\/2438\/imagenes\/thumbnails\/223715\/habitalia.webp","properties_post_title":"habitalia","properties_post_alt":"habitalia"},{"properties_post_image_order":5,"properties_post_image_url":"https:\/\/movin.cloud\/empresas\/2438\/imagenes\/223715\/rent.webp","properties_post_image_url_thumbnail":"https:\/\/movin.cloud\/empresas\/2438\/imagenes\/thumbnails\/223715\/rent.webp","properties_post_title":"rent","properties_post_alt":"rent"},{"properties_post_image_order":6,"properties_post_image_url":"https:\/\/movin.cloud\/empresas\/2438\/imagenes\/223715\/en-alquiler.webp","properties_post_image_url_thumbnail":"https:\/\/movin.cloud\/empresas\/2438\/imagenes\/thumbnails\/223715\/en-alquiler.webp","properties_post_title":"en alquiler","properties_post_alt":"en alquiler"},{"properties_post_image_order":7,"properties_post_image_url":"https:\/\/movin.cloud\/empresas\/2438\/imagenes\/223715\/alquiler-idealistas.webp","properties_post_image_url_thumbnail":"https:\/\/movin.cloud\/empresas\/2438\/imagenes\/thumbnails\/223715\/alquiler-idealistas.webp","properties_post_title":"alquiler idealistas","properties_post_alt":"alquiler idealistas"},{"properties_post_image_order":8,"properties_post_image_url":"https:\/\/movin.cloud\/empresas\/2438\/imagenes\/223715\/alquiler.webp","properties_post_image_url_thumbnail":"https:\/\/movin.cloud\/empresas\/2438\/imagenes\/thumbnails\/223715\/alquiler.webp","properties_post_title":"alquiler","properties_post_alt":"alquiler"},{"properties_post_image_order":9,"properties_post_image_url":"https:\/\/movin.cloud\/empresas\/2438\/imagenes\/223715\/fincas.webp","properties_post_image_url_thumbnail":"https:\/\/movin.cloud\/empresas\/2438\/imagenes\/thumbnails\/223715\/fincas.webp","properties_post_title":"fincas","properties_post_alt":"fincas"}],"post_type_properties_post_videos":null,"post_type_properties_post_tour":null,"post_type_properties_post_dossier_url":"","post_type_properties_post_operation_type":"rent","post_type_properties_post_operation_price":20745,"post_type_properties_post_features_hidden_price":false},"yoast_head":"<!-- This site is optimized with the Yoast SEO plugin v27.4 - https:\/\/yoast.com\/product\/yoast-seo-wordpress\/ -->\n<title>WTC ALMEDA PARK _ EDIFICIO 8 - Forcadell<\/title>\n<meta name=\"robots\" content=\"index, follow, max-snippet:-1, max-image-preview:large, max-video-preview:-1\" \/>\n<link rel=\"canonical\" href=\"https:\/\/forcadell.com\/ca\/propiedades\/oficina-diafana-y-luminosa-en-alquiler-en-el-wtc-almeda-park-cornella\/\" \/>\n<meta property=\"og:locale\" content=\"ca_ES\" \/>\n<meta property=\"og:type\" content=\"article\" \/>\n<meta property=\"og:title\" content=\"WTC ALMEDA PARK _ EDIFICIO 8 - Forcadell\" \/>\n<meta property=\"og:description\" content=\"Oficinas en WTC Almeda Park \u2013 Parque Empresarial con todos los servicios cerca de Barcelona WTC Almeda Park es uno de los parques empresariales m\u00e1s completos y consolidados del \u00e1rea de Barcelona, con m\u00e1s de 90.000 m\u00b2 de oficinas dise\u00f1adas para ofrecer el m\u00e1ximo confort y eficiencia a sus ocupantes. Ubicado en una estrat\u00e9gica zona [&hellip;]\" \/>\n<meta property=\"og:url\" content=\"https:\/\/forcadell.com\/ca\/propiedades\/oficina-diafana-y-luminosa-en-alquiler-en-el-wtc-almeda-park-cornella\/\" \/>\n<meta property=\"og:site_name\" content=\"Forcadell\" \/>\n<meta property=\"article:modified_time\" content=\"2026-04-27T12:55:48+00:00\" \/>\n<meta name=\"twitter:card\" content=\"summary_large_image\" \/>\n<meta name=\"twitter:label1\" content=\"Temps estimat de lectura\" \/>\n\t<meta name=\"twitter:data1\" content=\"1 minut\" \/>\n<!-- \/ Yoast SEO plugin. -->","yoast_head_json":{"title":"WTC ALMEDA PARK _ EDIFICIO 8 - Forcadell","robots":{"index":"index","follow":"follow","max-snippet":"max-snippet:-1","max-image-preview":"max-image-preview:large","max-video-preview":"max-video-preview:-1"},"canonical":"https:\/\/forcadell.com\/ca\/propiedades\/oficina-diafana-y-luminosa-en-alquiler-en-el-wtc-almeda-park-cornella\/","og_locale":"ca_ES","og_type":"article","og_title":"WTC ALMEDA PARK _ EDIFICIO 8 - Forcadell","og_description":"Oficinas en WTC Almeda Park \u2013 Parque Empresarial con todos los servicios cerca de Barcelona WTC Almeda Park es uno de los parques empresariales m\u00e1s completos y consolidados del \u00e1rea de Barcelona, con m\u00e1s de 90.000 m\u00b2 de oficinas dise\u00f1adas para ofrecer el m\u00e1ximo confort y eficiencia a sus ocupantes. Ubicado en una estrat\u00e9gica zona [&hellip;]","og_url":"https:\/\/forcadell.com\/ca\/propiedades\/oficina-diafana-y-luminosa-en-alquiler-en-el-wtc-almeda-park-cornella\/","og_site_name":"Forcadell","article_modified_time":"2026-04-27T12:55:48+00:00","twitter_card":"summary_large_image","twitter_misc":{"Temps estimat de lectura":"1 minut"},"schema":{"@context":"https:\/\/schema.org","@graph":[{"@type":"WebPage","@id":"https:\/\/forcadell.com\/ca\/propiedades\/oficina-diafana-y-luminosa-en-alquiler-en-el-wtc-almeda-park-cornella\/","url":"https:\/\/forcadell.com\/ca\/propiedades\/oficina-diafana-y-luminosa-en-alquiler-en-el-wtc-almeda-park-cornella\/","name":"WTC ALMEDA PARK _ EDIFICIO 8 - Forcadell","isPartOf":{"@id":"https:\/\/forcadell.com\/ca\/#website"},"datePublished":"2025-11-04T13:41:18+00:00","dateModified":"2026-04-27T12:55:48+00:00","breadcrumb":{"@id":"https:\/\/forcadell.com\/ca\/propiedades\/oficina-diafana-y-luminosa-en-alquiler-en-el-wtc-almeda-park-cornella\/#breadcrumb"},"inLanguage":"ca","potentialAction":[{"@type":"ReadAction","target":["https:\/\/forcadell.com\/ca\/propiedades\/oficina-diafana-y-luminosa-en-alquiler-en-el-wtc-almeda-park-cornella\/"]}]},{"@type":"BreadcrumbList","@id":"https:\/\/forcadell.com\/ca\/propiedades\/oficina-diafana-y-luminosa-en-alquiler-en-el-wtc-almeda-park-cornella\/#breadcrumb","itemListElement":[{"@type":"ListItem","position":1,"name":"Portada","item":"https:\/\/forcadell.com\/ca\/"},{"@type":"ListItem","position":2,"name":"Properties","item":"https:\/\/forcadell.com\/ca\/propiedades\/"},{"@type":"ListItem","position":3,"name":"WTC ALMEDA PARK _ EDIFICIO 8"}]},{"@type":"WebSite","@id":"https:\/\/forcadell.com\/ca\/#website","url":"https:\/\/forcadell.com\/ca\/","name":"Forcadell","description":"Inmobiliaria Barcelona | Consultores inmobiliarios","potentialAction":[{"@type":"SearchAction","target":{"@type":"EntryPoint","urlTemplate":"https:\/\/forcadell.com\/ca\/?s={search_term_string}"},"query-input":{"@type":"PropertyValueSpecification","valueRequired":true,"valueName":"search_term_string"}}],"inLanguage":"ca"}]}},"_links":{"self":[{"href":"https:\/\/forcadell.com\/ca\/wp-json\/wp\/v2\/properties_post\/57314","targetHints":{"allow":["GET"]}}],"collection":[{"href":"https:\/\/forcadell.com\/ca\/wp-json\/wp\/v2\/properties_post"}],"about":[{"href":"https:\/\/forcadell.com\/ca\/wp-json\/wp\/v2\/types\/properties_post"}],"wp:attachment":[{"href":"https:\/\/forcadell.com\/ca\/wp-json\/wp\/v2\/media?parent=57314"}],"curies":[{"name":"wp","href":"https:\/\/api.w.org\/{rel}","templated":true}]}}