{"id":57310,"date":"2025-11-04T15:41:10","date_gmt":"2025-11-04T13:41:10","guid":{"rendered":"https:\/\/www.forcadell.com\/propiedades\/oficina-diafana-en-alquiler-en-via-augusta-a-escasos-metros-de-la-av-diagonal-barcelona\/"},"modified":"2026-04-28T23:01:30","modified_gmt":"2026-04-28T21:01:30","slug":"oficina-diafana-en-alquiler-en-via-augusta-a-escasos-metros-de-la-av-diagonal-barcelona","status":"publish","type":"properties_post","link":"https:\/\/forcadell.com\/ca\/propiedades\/oficina-diafana-en-alquiler-en-via-augusta-a-escasos-metros-de-la-av-diagonal-barcelona\/","title":{"rendered":"VIA AUGUSTA"},"content":{"rendered":"<p>Exclusivo edificio de oficinas situado a escasos metros de la confluencia de la V\u00eda Augusta y la Avenida Diagonal, una de las zonas m\u00e1s representativas y din\u00e1micas de la ciudad, con intensa actividad empresarial y excelentes comunicaciones tanto en transporte p\u00fablico como privado.<\/p>\n<p>El inmueble, distribuido en planta baja m\u00e1s nueve plantas, ofrece una imagen corporativa de alto nivel y cuenta con servicio de conserjer\u00eda, sistema de vigilancia por CCTV y climatizaci\u00f3n centralizada, garantizando confort, seguridad y eficiencia en el d\u00eda a d\u00eda. Dispone de certificaci\u00f3n medioambiental BREEAM Very Good, reflejo de su compromiso con la sostenibilidad y la calidad constructiva.<\/p>\n<p>Las instalaciones y acabados son de primer nivel, pensados para satisfacer las necesidades de empresas que buscan un entorno de trabajo moderno y funcional. El edificio cuenta adem\u00e1s con aparcamiento anexo, un valor a\u00f1adido en esta ubicaci\u00f3n estrat\u00e9gica.<\/p>\n<p>La oficina se presenta como una planta di\u00e1fana, con suelo t\u00e9cnico, lo que permite una gran flexibilidad en la distribuci\u00f3n del espacio y una f\u00e1cil adaptaci\u00f3n a distintos modelos de trabajo.<\/p>\n<p>Una oportunidad \u00fanica para establecer su sede en una de las \u00e1reas m\u00e1s consolidadas y prestigiosas de Barcelona.<\/p>\n","protected":false},"template":"","class_list":["post-57310","properties_post","type-properties_post","status-publish","hentry","properties_modality-rent","properties_district-sarria-sant-gervasi","properties_province-barcelona","properties_zone-centro","properties_state-barcelona","properties_subclass-oficina","properties_type-oficina"],"acf":{"post_type_properties_post_property_code":"223647","post_type_properties_post_property_reference":"IE-198270","post_type_properties_post_owner_id":"50223","post_type_properties_post_owner_name":"INMOBILIARIA COLONIAL - SOCIMI SA","post_type_properties_post_property_code_encrypted":"MjkkODIxNA==","post_type_properties_post_published":"1","post_type_properties_post_property_visibility":"idealista","post_type_properties_post_contact_name":"Forcadell Oficinas Barcelona","post_type_properties_post_contact_email":"forcadell.oficinas.barcelona@movin.cloud","post_type_properties_post_contact_primary_phone_prefix":"34","post_type_properties_post_contact_primary_phone_number":"934965413","post_type_properties_post_address_visibility":"street","post_type_properties_post_address_country":"Spain","post_type_properties_post_address_coordinates_precision":"exact","post_type_properties_post_address_postal_code":"08006","post_type_properties_post_address_coordinates_latitude":"41.3970188","post_type_properties_post_address_coordinates_longitude":"2.1543298","post_type_properties_post_address_street_name":"VI Augusta 21 - 23","post_type_properties_post_address_floor":"3","post_type_properties_post_address_town":"Barcelona","post_type_properties_post_building":null,"post_type_properties_post_property":[{"properties_post_description_language":"catalan","properties_post_title":"VIA AUGUSTA","properties_post_short_description_text_alt":"","properties_post_description_text_alt":"","properties_post_short_description_text":" ","properties_post_link_demanda_inmueble":"https:\/\/movin.cloud\/ca\/Forcadell Oficinas Barcelona\/formulari-peticio-immoble\/sth\/2438&&223647","properties_post_link_demanda_calendario_inmueble":"https:\/\/movin.cloud\/ca\/Forcadell Oficinas Barcelona\/calendari-peticio-immoble\/sth\/2438&&223647","properties_post_description_text":"Exclusiu edifici d'oficines situat a escassos metres de la conflu\u00e8ncia de la Via Augusta i l'Avinguda Diagonal, una de les zones m\u00e9s representatives i din\u00e0miques de la ciutat, amb intensa activitat empresarial i comunicacions excel\u00b7lents tant en transport p\u00fablic com privat.\n\nL\u00b4immoble, distribu\u00eft en planta baixa m\u00e9s nou plantes, ofereix una imatge corporativa d\u00b4alt nivell i compta amb servei de consergeria, sistema de vigil\u00e0ncia per CCTV i climatitzaci\u00f3 centralitzada, garantint confort, seguretat i efici\u00e8ncia en el dia a dia. Disposa de certificaci\u00f3 mediambiental BREEAM Very Good, reflex del comprom\u00eds amb la sostenibilitat i la qualitat constructiva.\n\nLes instal\u00b7lacions i els acabats s\u00f3n de primer nivell, pensats per satisfer les necessitats d'empreses que busquen un entorn de treball modern i funcional. L'edifici compta a m\u00e9s a m\u00e9s amb aparcament annex, un valor afegit en aquesta ubicaci\u00f3 estrat\u00e8gica.\n\nL'oficina es presenta com una planta di\u00e0fana, amb terra t\u00e8cnic, cosa que permet una gran flexibilitat en la distribuci\u00f3 de l'espai i una f\u00e0cil adaptaci\u00f3 a diferents models de treball.\n\nUna oportunitat \u00fanica per establir la seva seu a una de les \u00e0rees m\u00e9s consolidades i prestigioses de Barcelona.","properties_post_seo_title":"","properties_post_seo_alias":"","properties_post_seo_metadescription":"Oficina di\u00e0fana de lloguer a Via Augusta, a escassos metres de l'Av. Diagonal. Barcelona. Forcadell \u00e9s la seva ag\u00e8ncia de confian\u00e7a per al lloguer d'aquesta oficina.","properties_post_seo_key_words":"oficina lloguer Barcelona, lloguer oficina Barcelona, oficina Barcelona","properties_post_seo_url":"","properties_post_terms_conditions":""},{"properties_post_description_language":"spanish","properties_post_title":"VIA AUGUSTA","properties_post_short_description_text_alt":"","properties_post_description_text_alt":"","properties_post_short_description_text":" ","properties_post_link_demanda_inmueble":"https:\/\/movin.cloud\/es\/Forcadell Oficinas Barcelona\/formulario-peticion-inmueble\/sth\/2438&&223647","properties_post_link_demanda_calendario_inmueble":"https:\/\/movin.cloud\/es\/Forcadell Oficinas Barcelona\/calendario-peticion-inmueble\/sth\/2438&&223647","properties_post_description_text":"Exclusivo edificio de oficinas situado a escasos metros de la confluencia de la V\u00eda Augusta y la Avenida Diagonal, una de las zonas m\u00e1s representativas y din\u00e1micas de la ciudad, con intensa actividad empresarial y excelentes comunicaciones tanto en transporte p\u00fablico como privado.\n\nEl inmueble, distribuido en planta baja m\u00e1s nueve plantas, ofrece una imagen corporativa de alto nivel y cuenta con servicio de conserjer\u00eda, sistema de vigilancia por CCTV y climatizaci\u00f3n centralizada, garantizando confort, seguridad y eficiencia en el d\u00eda a d\u00eda. Dispone de certificaci\u00f3n medioambiental BREEAM Very Good, reflejo de su compromiso con la sostenibilidad y la calidad constructiva.\n\nLas instalaciones y acabados son de primer nivel, pensados para satisfacer las necesidades de empresas que buscan un entorno de trabajo moderno y funcional. El edificio cuenta adem\u00e1s con aparcamiento anexo, un valor a\u00f1adido en esta ubicaci\u00f3n estrat\u00e9gica.\n\nLa oficina se presenta como una planta di\u00e1fana, con suelo t\u00e9cnico, lo que permite una gran flexibilidad en la distribuci\u00f3n del espacio y una f\u00e1cil adaptaci\u00f3n a distintos modelos de trabajo.\n\nUna oportunidad \u00fanica para establecer su sede en una de las \u00e1reas m\u00e1s consolidadas y prestigiosas de Barcelona.","properties_post_seo_title":"","properties_post_seo_alias":"","properties_post_seo_metadescription":"Oficina di\u00e1fana en alquiler en Via Augusta, a escasos metros de la Av. Diagonal. Barcelona. Forcadell es su agencia de confianza para el alquiler de esta oficina.","properties_post_seo_key_words":"oficina alquiler Barcelona, alquiler oficina Barcelona, oficina Barcelona","properties_post_seo_url":"","properties_post_terms_conditions":""}],"post_type_properties_post_features_type":"office","post_type_properties_post_id_building":"","post_type_properties_post_features_area_constructed":645,"post_type_properties_post_features_conditioned_air":true,"post_type_properties_post_features_doorman":false,"post_type_properties_post_features_heating":true,"post_type_properties_post_features_equipped_kitchen":false,"post_type_properties_post_features_windows_location":"exterior","post_type_properties_post_features_floors_property":false,"post_type_properties_post_features_storage":true,"post_type_properties_post_features_security_door":false,"post_type_properties_post_features_energy_certificate_rating":"B","post_type_properties_post_features_energy_certificate_emissions_rating":"B","post_type_properties_post_features_energy_certificate_emissions_value":166,"post_type_properties_post_features_energy_certificate_performance":666,"post_type_properties_post_features_bathroom_inside":true,"post_type_properties_post_precio":16125,"post_type_properties_post_precio_alquiler":16125,"post_type_properties_post_record_type_id":"Oficina","post_type_properties_post_categoria__producto":"Oficina","post_type_properties_post_amueblado":false,"post_type_properties_post_precio_m2":25,"post_type_properties_post_zona__comunitaria":false,"post_type_properties_post_electrodomesticos":false,"post_type_properties_post_patio__interior":false,"post_type_properties_post_certificado_energetico_general":"B","post_type_properties_post_certificado_energetico_consumo":"B","post_type_properties_post_certificado_energetico_valor_emisiones":166,"post_type_properties_post_certificado_energetico_valor_consumo":666,"post_type_properties_post_modalidad":"rent","post_type_properties_post_provincia":"Barcelona","post_type_properties_post_poblacion":"Barcelona","post_type_properties_post_centro__urbano":false,"post_type_properties_post_zonificacion":"Centro","post_type_properties_post_cartera":"","post_type_properties_post_titulo_catalan":"VIA AUGUSTA","post_type_properties_post_internet_catalan":"Exclusiu edifici d'oficines situat a escassos metres de la conflu\u00e8ncia de la Via Augusta i l'Avinguda Diagonal, una de les zones m\u00e9s representatives i din\u00e0miques de la ciutat, amb intensa activitat empresarial i comunicacions excel\u00b7lents tant en transport p\u00fablic com privat.\n\nL\u00b4immoble, distribu\u00eft en planta baixa m\u00e9s nou plantes, ofereix una imatge corporativa d\u00b4alt nivell i compta amb servei de consergeria, sistema de vigil\u00e0ncia per CCTV i climatitzaci\u00f3 centralitzada, garantint confort, seguretat i efici\u00e8ncia en el dia a dia. Disposa de certificaci\u00f3 mediambiental BREEAM Very Good, reflex del comprom\u00eds amb la sostenibilitat i la qualitat constructiva.\n\nLes instal\u00b7lacions i els acabats s\u00f3n de primer nivell, pensats per satisfer les necessitats d'empreses que busquen un entorn de treball modern i funcional. L'edifici compta a m\u00e9s a m\u00e9s amb aparcament annex, un valor afegit en aquesta ubicaci\u00f3 estrat\u00e8gica.\n\nL'oficina es presenta com una planta di\u00e0fana, amb terra t\u00e8cnic, cosa que permet una gran flexibilitat en la distribuci\u00f3 de l'espai i una f\u00e0cil adaptaci\u00f3 a diferents models de treball.\n\nUna oportunitat \u00fanica per establir la seva seu a una de les \u00e0rees m\u00e9s consolidades i prestigioses de Barcelona.","post_type_properties_post_titulo_castellano":"VIA AUGUSTA","post_type_properties_post_internet_castellano":"Exclusivo edificio de oficinas situado a escasos metros de la confluencia de la V\u00eda Augusta y la Avenida Diagonal, una de las zonas m\u00e1s representativas y din\u00e1micas de la ciudad, con intensa actividad empresarial y excelentes comunicaciones tanto en transporte p\u00fablico como privado.\n\nEl inmueble, distribuido en planta baja m\u00e1s nueve plantas, ofrece una imagen corporativa de alto nivel y cuenta con servicio de conserjer\u00eda, sistema de vigilancia por CCTV y climatizaci\u00f3n centralizada, garantizando confort, seguridad y eficiencia en el d\u00eda a d\u00eda. Dispone de certificaci\u00f3n medioambiental BREEAM Very Good, reflejo de su compromiso con la sostenibilidad y la calidad constructiva.\n\nLas instalaciones y acabados son de primer nivel, pensados para satisfacer las necesidades de empresas que buscan un entorno de trabajo moderno y funcional. El edificio cuenta adem\u00e1s con aparcamiento anexo, un valor a\u00f1adido en esta ubicaci\u00f3n estrat\u00e9gica.\n\nLa oficina se presenta como una planta di\u00e1fana, con suelo t\u00e9cnico, lo que permite una gran flexibilidad en la distribuci\u00f3n del espacio y una f\u00e1cil adaptaci\u00f3n a distintos modelos de trabajo.\n\nUna oportunidad \u00fanica para establecer su sede en una de las \u00e1reas m\u00e1s consolidadas y prestigiosas de Barcelona.","post_type_properties_post_titulo_ingles":"","post_type_properties_post_internet_ingles":"","post_type_properties_post_features_classification_commercial":false,"post_type_properties_post_features_conservation":"","post_type_properties_post_features_security_personnel":false,"post_type_properties_post_features_parking_available":false,"post_type_properties_post_features_garage_capacity_type":"","post_type_properties_post_features_bathroom_number":"","post_type_properties_post_eje":"","post_type_properties_post_zona":"","post_type_properties_post_comarca":"","post_type_properties_post_features_built_year":"","post_type_properties_post_renta_mensual":15480,"post_type_properties_post_fianza":"","post_type_properties_post_features_area_plot":"","post_type_properties_post_features_area_buildable":"","post_type_properties_post_features_classification_industrial":false,"post_type_properties_post_distrito":"","post_type_properties_post_features_balcony":false,"post_type_properties_post_features_bedroom_number":"","post_type_properties_post_features_heating_type":"","post_type_properties_post_features_equipped_with_furniture":false,"post_type_properties_post_features_pets_allowed":false,"post_type_properties_post_features_pool":false,"post_type_properties_post_features_terrace":false,"post_type_properties_post_features_wardrobes":false,"post_type_properties_post_features_lift_available":false,"post_type_properties_post_features_handicap_adapted_access":false,"post_type_properties_post_features_orientation_east":false,"post_type_properties_post_features_orientation_west":false,"post_type_properties_post_features_orientation_north":false,"post_type_properties_post_features_orientation_south":false,"post_type_properties_post_features_parking_spaces_number":"","post_type_properties_post_features_security_alarm":false,"post_type_properties_post_features_security_system":false,"post_type_properties_post_open_plan":false,"post_type_properties_post_acceso_24_7":false,"post_type_properties_post_oficina_privada":false,"post_type_properties_post_sala_reuniones":false,"post_type_properties_post_espacio_eventos":false,"post_type_properties_post_office":false,"post_type_properties_post_restaurant":false,"post_type_properties_post_acepta_traspaso":false,"post_type_properties_post_vigilancia":false,"post_type_properties_post_features_suite":false,"post_type_properties_post_features_vitro":false,"post_type_properties_post_features_oven":false,"post_type_properties_post_features_microwave":false,"post_type_properties_post_features_washing_machine":false,"post_type_properties_post_features_dryer":false,"post_type_properties_post_features_dishwasher":false,"post_type_properties_post_features_fridge":false,"post_type_properties_post_features_fridge_mini":false,"post_type_properties_post_features_kettle":false,"post_type_properties_post_features_toaster":false,"post_type_properties_post_features_coffee_maker":false,"post_type_properties_post_features_iron":false,"post_type_properties_post_features_ironing_board":false,"post_type_properties_post_features_safe":false,"post_type_properties_post_features_internet":false,"post_type_properties_post_features_solarium":false,"post_type_properties_post_features_clean_service":false,"post_type_properties_post_features_t_v":false,"post_type_properties_post_features_satellite_t_v":false,"post_type_properties_post_features_gas_kitchen":false,"post_type_properties_post_features_view_mountain":false,"post_type_properties_post_features_view_sea":false,"post_type_properties_post_features_concierge":false,"post_type_properties_post_features_loading_dock":false,"post_type_properties_post_features_bridge_crane":false,"post_type_properties_post_features_located_at_corner":false,"post_type_properties_post_features_smoke_extraction":false,"post_type_properties_post_features_rooms":"","post_type_properties_post_features_garden_area":"","post_type_properties_post_features_utilities_water":false,"post_type_properties_post_features_utilities_electricity":false,"post_type_properties_post_features_utilities_natural_gas":false,"post_type_properties_post_features_building_adapted":false,"post_type_properties_post_features_garden":false,"post_type_properties_post_features_classification_hotel":false,"post_type_properties_post_features_classification_chalet":false,"post_type_properties_post_certificado_energetico_emisiones":"B","post_type_properties_post_barrio":"","post_type_properties_post_distrito_empresa":"Sarri\u00e0-Sant Gervasi","post_type_properties_post_features_property_category_intern":"","post_type_properties_post_implantada":false,"post_type_properties_post_sello_leed":"","post_type_properties_post_sello_well":"","post_type_properties_post_sello_breeam":false,"post_type_properties_post_images":[{"properties_post_image_order":1,"properties_post_image_url":"https:\/\/movin.cloud\/empresas\/2438\/imagenes\/223647\/inmobiliaria.webp","properties_post_image_url_thumbnail":"https:\/\/movin.cloud\/empresas\/2438\/imagenes\/thumbnails\/223647\/inmobiliaria.webp","properties_post_title":"inmobiliaria","properties_post_alt":"inmobiliaria"},{"properties_post_image_order":2,"properties_post_image_url":"https:\/\/movin.cloud\/empresas\/2438\/imagenes\/223647\/rent.webp","properties_post_image_url_thumbnail":"https:\/\/movin.cloud\/empresas\/2438\/imagenes\/thumbnails\/223647\/rent.webp","properties_post_title":"rent","properties_post_alt":"rent"},{"properties_post_image_order":3,"properties_post_image_url":"https:\/\/movin.cloud\/empresas\/2438\/imagenes\/223647\/alquiler-para-idealista.webp","properties_post_image_url_thumbnail":"https:\/\/movin.cloud\/empresas\/2438\/imagenes\/thumbnails\/223647\/alquiler-para-idealista.webp","properties_post_title":"alquiler para idealista","properties_post_alt":"alquiler para idealista"},{"properties_post_image_order":4,"properties_post_image_url":"https:\/\/movin.cloud\/empresas\/2438\/imagenes\/223647\/alquiler-para-idealistas.webp","properties_post_image_url_thumbnail":"https:\/\/movin.cloud\/empresas\/2438\/imagenes\/thumbnails\/223647\/alquiler-para-idealistas.webp","properties_post_title":"alquiler para idealistas","properties_post_alt":"alquiler para idealistas"},{"properties_post_image_order":5,"properties_post_image_url":"https:\/\/movin.cloud\/empresas\/2438\/imagenes\/223647\/en-alquiler-barcelona.webp","properties_post_image_url_thumbnail":"https:\/\/movin.cloud\/empresas\/2438\/imagenes\/thumbnails\/223647\/en-alquiler-barcelona.webp","properties_post_title":"en alquiler barcelona","properties_post_alt":"en alquiler barcelona"},{"properties_post_image_order":6,"properties_post_image_url":"https:\/\/movin.cloud\/empresas\/2438\/imagenes\/223647\/alquiler-barcelona.webp","properties_post_image_url_thumbnail":"https:\/\/movin.cloud\/empresas\/2438\/imagenes\/thumbnails\/223647\/alquiler-barcelona.webp","properties_post_title":"alquiler barcelona","properties_post_alt":"alquiler barcelona"},{"properties_post_image_order":7,"properties_post_image_url":"https:\/\/movin.cloud\/empresas\/2438\/imagenes\/223647\/alquiler-idealistas-barcelona.webp","properties_post_image_url_thumbnail":"https:\/\/movin.cloud\/empresas\/2438\/imagenes\/thumbnails\/223647\/alquiler-idealistas-barcelona.webp","properties_post_title":"alquiler idealistas barcelona","properties_post_alt":"alquiler idealistas barcelona"},{"properties_post_image_order":8,"properties_post_image_url":"https:\/\/movin.cloud\/empresas\/2438\/imagenes\/223647\/habitalia-barcelona.webp","properties_post_image_url_thumbnail":"https:\/\/movin.cloud\/empresas\/2438\/imagenes\/thumbnails\/223647\/habitalia-barcelona.webp","properties_post_title":"habitalia barcelona","properties_post_alt":"habitalia barcelona"},{"properties_post_image_order":9,"properties_post_image_url":"https:\/\/movin.cloud\/empresas\/2438\/imagenes\/223647\/alquilar-barcelona.webp","properties_post_image_url_thumbnail":"https:\/\/movin.cloud\/empresas\/2438\/imagenes\/thumbnails\/223647\/alquilar-barcelona.webp","properties_post_title":"alquilar barcelona","properties_post_alt":"alquilar barcelona"},{"properties_post_image_order":10,"properties_post_image_url":"https:\/\/movin.cloud\/empresas\/2438\/imagenes\/223647\/viviendas.webp","properties_post_image_url_thumbnail":"https:\/\/movin.cloud\/empresas\/2438\/imagenes\/thumbnails\/223647\/viviendas.webp","properties_post_title":"viviendas","properties_post_alt":"viviendas"},{"properties_post_image_order":11,"properties_post_image_url":"https:\/\/movin.cloud\/empresas\/2438\/imagenes\/223647\/habitalia.webp","properties_post_image_url_thumbnail":"https:\/\/movin.cloud\/empresas\/2438\/imagenes\/thumbnails\/223647\/habitalia.webp","properties_post_title":"habitalia","properties_post_alt":"habitalia"},{"properties_post_image_order":12,"properties_post_image_url":"https:\/\/movin.cloud\/empresas\/2438\/imagenes\/223647\/inmobiliarias.webp","properties_post_image_url_thumbnail":"https:\/\/movin.cloud\/empresas\/2438\/imagenes\/thumbnails\/223647\/inmobiliarias.webp","properties_post_title":"inmobiliarias","properties_post_alt":"inmobiliarias"},{"properties_post_image_order":13,"properties_post_image_url":"https:\/\/movin.cloud\/empresas\/2438\/imagenes\/223647\/fincas.webp","properties_post_image_url_thumbnail":"https:\/\/movin.cloud\/empresas\/2438\/imagenes\/thumbnails\/223647\/fincas.webp","properties_post_title":"fincas","properties_post_alt":"fincas"},{"properties_post_image_order":14,"properties_post_image_url":"https:\/\/movin.cloud\/empresas\/2438\/imagenes\/223647\/alquiler.webp","properties_post_image_url_thumbnail":"https:\/\/movin.cloud\/empresas\/2438\/imagenes\/thumbnails\/223647\/alquiler.webp","properties_post_title":"alquiler","properties_post_alt":"alquiler"},{"properties_post_image_order":15,"properties_post_image_url":"https:\/\/movin.cloud\/empresas\/2438\/imagenes\/223647\/alquilar.webp","properties_post_image_url_thumbnail":"https:\/\/movin.cloud\/empresas\/2438\/imagenes\/thumbnails\/223647\/alquilar.webp","properties_post_title":"alquilar","properties_post_alt":"alquilar"},{"properties_post_image_order":16,"properties_post_image_url":"https:\/\/movin.cloud\/empresas\/2438\/imagenes\/223647\/alquiler-idealistas.webp","properties_post_image_url_thumbnail":"https:\/\/movin.cloud\/empresas\/2438\/imagenes\/thumbnails\/223647\/alquiler-idealistas.webp","properties_post_title":"alquiler idealistas","properties_post_alt":"alquiler idealistas"},{"properties_post_image_order":17,"properties_post_image_url":"https:\/\/movin.cloud\/empresas\/2438\/imagenes\/223647\/en-alquiler.webp","properties_post_image_url_thumbnail":"https:\/\/movin.cloud\/empresas\/2438\/imagenes\/thumbnails\/223647\/en-alquiler.webp","properties_post_title":"en alquiler","properties_post_alt":"en alquiler"},{"properties_post_image_order":18,"properties_post_image_url":"https:\/\/movin.cloud\/empresas\/2438\/imagenes\/223647\/alquiler-para-idealista-barcelona.webp","properties_post_image_url_thumbnail":"https:\/\/movin.cloud\/empresas\/2438\/imagenes\/thumbnails\/223647\/alquiler-para-idealista-barcelona.webp","properties_post_title":"alquiler para idealista barcelona","properties_post_alt":"alquiler para idealista barcelona"}],"post_type_properties_post_videos":null,"post_type_properties_post_tour":null,"post_type_properties_post_dossier_url":"","post_type_properties_post_operation_type":"rent","post_type_properties_post_operation_price":16125,"post_type_properties_post_features_hidden_price":false},"yoast_head":"<!-- This site is optimized with the Yoast SEO plugin v27.4 - https:\/\/yoast.com\/product\/yoast-seo-wordpress\/ -->\n<title>VIA AUGUSTA - Forcadell<\/title>\n<meta name=\"robots\" content=\"index, follow, max-snippet:-1, max-image-preview:large, max-video-preview:-1\" \/>\n<link rel=\"canonical\" href=\"https:\/\/forcadell.com\/ca\/propiedades\/oficina-diafana-en-alquiler-en-via-augusta-a-escasos-metros-de-la-av-diagonal-barcelona\/\" \/>\n<meta property=\"og:locale\" content=\"ca_ES\" \/>\n<meta property=\"og:type\" content=\"article\" \/>\n<meta property=\"og:title\" content=\"VIA AUGUSTA - Forcadell\" \/>\n<meta property=\"og:description\" content=\"Exclusivo edificio de oficinas situado a escasos metros de la confluencia de la V\u00eda Augusta y la Avenida Diagonal, una de las zonas m\u00e1s representativas y din\u00e1micas de la ciudad, con intensa actividad empresarial y excelentes comunicaciones tanto en transporte p\u00fablico como privado. El inmueble, distribuido en planta baja m\u00e1s nueve plantas, ofrece una imagen [&hellip;]\" \/>\n<meta property=\"og:url\" content=\"https:\/\/forcadell.com\/ca\/propiedades\/oficina-diafana-en-alquiler-en-via-augusta-a-escasos-metros-de-la-av-diagonal-barcelona\/\" \/>\n<meta property=\"og:site_name\" content=\"Forcadell\" \/>\n<meta property=\"article:modified_time\" content=\"2026-04-28T21:01:30+00:00\" \/>\n<meta name=\"twitter:card\" content=\"summary_large_image\" \/>\n<meta name=\"twitter:label1\" content=\"Temps estimat de lectura\" \/>\n\t<meta name=\"twitter:data1\" content=\"1 minut\" \/>\n<!-- \/ Yoast SEO plugin. -->","yoast_head_json":{"title":"VIA AUGUSTA - Forcadell","robots":{"index":"index","follow":"follow","max-snippet":"max-snippet:-1","max-image-preview":"max-image-preview:large","max-video-preview":"max-video-preview:-1"},"canonical":"https:\/\/forcadell.com\/ca\/propiedades\/oficina-diafana-en-alquiler-en-via-augusta-a-escasos-metros-de-la-av-diagonal-barcelona\/","og_locale":"ca_ES","og_type":"article","og_title":"VIA AUGUSTA - Forcadell","og_description":"Exclusivo edificio de oficinas situado a escasos metros de la confluencia de la V\u00eda Augusta y la Avenida Diagonal, una de las zonas m\u00e1s representativas y din\u00e1micas de la ciudad, con intensa actividad empresarial y excelentes comunicaciones tanto en transporte p\u00fablico como privado. El inmueble, distribuido en planta baja m\u00e1s nueve plantas, ofrece una imagen [&hellip;]","og_url":"https:\/\/forcadell.com\/ca\/propiedades\/oficina-diafana-en-alquiler-en-via-augusta-a-escasos-metros-de-la-av-diagonal-barcelona\/","og_site_name":"Forcadell","article_modified_time":"2026-04-28T21:01:30+00:00","twitter_card":"summary_large_image","twitter_misc":{"Temps estimat de lectura":"1 minut"},"schema":{"@context":"https:\/\/schema.org","@graph":[{"@type":"WebPage","@id":"https:\/\/forcadell.com\/ca\/propiedades\/oficina-diafana-en-alquiler-en-via-augusta-a-escasos-metros-de-la-av-diagonal-barcelona\/","url":"https:\/\/forcadell.com\/ca\/propiedades\/oficina-diafana-en-alquiler-en-via-augusta-a-escasos-metros-de-la-av-diagonal-barcelona\/","name":"VIA AUGUSTA - Forcadell","isPartOf":{"@id":"https:\/\/forcadell.com\/ca\/#website"},"datePublished":"2025-11-04T13:41:10+00:00","dateModified":"2026-04-28T21:01:30+00:00","breadcrumb":{"@id":"https:\/\/forcadell.com\/ca\/propiedades\/oficina-diafana-en-alquiler-en-via-augusta-a-escasos-metros-de-la-av-diagonal-barcelona\/#breadcrumb"},"inLanguage":"ca","potentialAction":[{"@type":"ReadAction","target":["https:\/\/forcadell.com\/ca\/propiedades\/oficina-diafana-en-alquiler-en-via-augusta-a-escasos-metros-de-la-av-diagonal-barcelona\/"]}]},{"@type":"BreadcrumbList","@id":"https:\/\/forcadell.com\/ca\/propiedades\/oficina-diafana-en-alquiler-en-via-augusta-a-escasos-metros-de-la-av-diagonal-barcelona\/#breadcrumb","itemListElement":[{"@type":"ListItem","position":1,"name":"Portada","item":"https:\/\/forcadell.com\/ca\/"},{"@type":"ListItem","position":2,"name":"Properties","item":"https:\/\/forcadell.com\/ca\/propiedades\/"},{"@type":"ListItem","position":3,"name":"VIA AUGUSTA"}]},{"@type":"WebSite","@id":"https:\/\/forcadell.com\/ca\/#website","url":"https:\/\/forcadell.com\/ca\/","name":"Forcadell","description":"Inmobiliaria Barcelona | Consultores inmobiliarios","potentialAction":[{"@type":"SearchAction","target":{"@type":"EntryPoint","urlTemplate":"https:\/\/forcadell.com\/ca\/?s={search_term_string}"},"query-input":{"@type":"PropertyValueSpecification","valueRequired":true,"valueName":"search_term_string"}}],"inLanguage":"ca"}]}},"_links":{"self":[{"href":"https:\/\/forcadell.com\/ca\/wp-json\/wp\/v2\/properties_post\/57310","targetHints":{"allow":["GET"]}}],"collection":[{"href":"https:\/\/forcadell.com\/ca\/wp-json\/wp\/v2\/properties_post"}],"about":[{"href":"https:\/\/forcadell.com\/ca\/wp-json\/wp\/v2\/types\/properties_post"}],"wp:attachment":[{"href":"https:\/\/forcadell.com\/ca\/wp-json\/wp\/v2\/media?parent=57310"}],"curies":[{"name":"wp","href":"https:\/\/api.w.org\/{rel}","templated":true}]}}