{"id":57274,"date":"2025-11-04T15:38:11","date_gmt":"2025-11-04T13:38:11","guid":{"rendered":"https:\/\/www.forcadell.com\/propiedades\/oficina-alquiler-madrid-av-general-peron-azca\/"},"modified":"2026-04-27T19:55:06","modified_gmt":"2026-04-27T17:55:06","slug":"oficina-alquiler-madrid-av-general-peron-azca","status":"publish","type":"properties_post","link":"https:\/\/forcadell.com\/ca\/propiedades\/oficina-alquiler-madrid-av-general-peron-azca\/","title":{"rendered":"Oficina alquiler Madrid. Av. General Per\u00f3n. Azca"},"content":{"rendered":"<p>Oficina en alquiler ubicada en la Av. General Per\u00f3n en el distrito de Azca, \u00e1rea empresarial por excelencia de Madrid, donde se ubican empresas del sector financiero, consultor\u00eda y centros de negocios. La zona est\u00e1 rodeada de una gran variedad de servicios, incluyendo restaurantes de alta cocina, centros comerciales de lujo, gimnasios y comercios. <\/p>\n<p>Caracter\u00edsticas Destacadas:<br \/>\n&#8211; Edificio exclusivo de oficinas.<br \/>\n&#8211; Moderno y representativo lobby.<br \/>\n&#8211; Recepci\u00f3n y servicio de conserjer\u00eda.<br \/>\n&#8211; Oficina distribuida en superficies di\u00e1fanas.<br \/>\n&#8211; Suelo t\u00e9cnico y falso techo con luminarias LED.<br \/>\n&#8211; Sistema de climatizaci\u00f3n VRV.<br \/>\n&#8211; Parking privativo. <\/p>\n<p>Privilegiada ubicaci\u00f3n con excelentes conexiones de transporte p\u00fablico, pr\u00f3xima a la estaci\u00f3n de Metro &#8220;Santiago Bernab\u00e9u&#8221; y m\u00faltiples l\u00edneas de autobuses en el eje Castellana. Adem\u00e1s, se encuentra cerca del intercambiador de Nuevos Ministerios, que cuenta con una estaci\u00f3n de cercan\u00edas RENFE, lo que facilita el acceso desde diferentes puntos de la ciudad y l\u00ednea directa al aeropuerto de Bajaras. <\/p>\n<p>Transportes:<br \/>\nMetro: L10 &#8211; Santiago Bernab\u00e9u; L6, L8, L10 &#8211; Nuevos Ministerios.<br \/>\nCercan\u00edas: C1, C2, C3, C4, C7, C10, Regional &#8211; Nuevos Ministerios.<br \/>\nAutobuses: 14, 27, 40, 43, 120, 126, 147, 150. <\/p>\n<p>**Parking: 150 \u20ac\/plaza\/mes.**<\/p>\n","protected":false},"template":"","class_list":["post-57274","properties_post","type-properties_post","status-publish","hentry","properties_modality-rent","properties_district-tetuan","properties_province-madrid","properties_zone-centro","properties_state-madrid","properties_subclass-oficina","properties_type-oficina"],"acf":{"post_type_properties_post_property_code":"241315","post_type_properties_post_property_reference":"IE-197774","post_type_properties_post_owner_id":"49659","post_type_properties_post_owner_name":"MAPFRE INMUEBLES SGA SA","post_type_properties_post_property_code_encrypted":"MjkkMjU4ODI=","post_type_properties_post_published":"1","post_type_properties_post_property_visibility":"idealista","post_type_properties_post_contact_name":"Forcadell Oficinas Madrid","post_type_properties_post_contact_email":"forcadell.oficinas.madrid@movin.cloud","post_type_properties_post_contact_primary_phone_prefix":"34","post_type_properties_post_contact_primary_phone_number":"917886880","post_type_properties_post_address_visibility":"street","post_type_properties_post_address_country":"Spain","post_type_properties_post_address_coordinates_precision":"exact","post_type_properties_post_address_postal_code":"28020","post_type_properties_post_address_coordinates_latitude":"40.452303","post_type_properties_post_address_coordinates_longitude":"-3.6952206","post_type_properties_post_address_street_name":"AV General Per\u00f3n 40.","post_type_properties_post_address_floor":"1","post_type_properties_post_address_town":"Madrid","post_type_properties_post_building":null,"post_type_properties_post_property":[{"properties_post_description_language":"catalan","properties_post_title":"Oficina en lloguer a l'Av. General Per\u00f3n. Madrid.","properties_post_short_description_text_alt":"","properties_post_description_text_alt":"","properties_post_short_description_text":"Oficina en lloguer amb excel\u00b7lent llum natural distribu\u00efda en espais di\u00e0fans amb fals sostre met\u00e0l\u00b7lic amb llumin\u00e0ries LED encastades, paviment t\u00e8cnic elevat i sistema de climatitzaci\u00f3 VRV fred\/calor. \n \nEdifici modern d'exclusiu d'oficines compost per 5 plantes (PB + 4) amb fa\u00e7ana de cortina, servei de consergeria, zones comuns amb excel\u00b7lents acabats, 8 ascensors, lavabos adaptats i aparcament. \n \nSituat a la illa d'AZCA al costat del Passeig de la Castellana, amb excel\u00b7lents comunicacions i transport p\u00fablic amb acc\u00e9s directe al Metro \"Estaci\u00f3 Santiago Bernab\u00e9u\", diverses l\u00ednies d'autobusos a l'eix Castellana i intercanviador de Nuevos Ministerios amb estaci\u00f3 de rodalies RENFE, i acc\u00e9s r\u00e0pid a l'aeroport. \n \nQualificaci\u00f3 energ\u00e8tica: B \n \nTransports: \nMetro: L10 - Santiago Bernab\u00e9u; L6, L8, L10 - Nuevos Ministerios. \nRodalies: C1, C2, C3, C4, C7, C10, Regional - Nuevos Ministerios. \nAutobusos: 14, 27, 40, 43, 120, 126, 147, 150. \n \nLloguer de p\u00e0rquing: 150 \u20ac\/pla\u00e7a\/mes. \n \n**L","properties_post_link_demanda_inmueble":"https:\/\/movin.cloud\/ca\/Forcadell Oficinas Madrid\/formulari-peticio-immoble\/sth\/2462&&241315","properties_post_link_demanda_calendario_inmueble":"https:\/\/movin.cloud\/ca\/Forcadell Oficinas Madrid\/calendari-peticio-immoble\/sth\/2462&&241315","properties_post_description_text":"Oficina en lloguer amb excel\u00b7lent llum natural distribu\u00efda en espais di\u00e0fans amb fals sostre met\u00e0l\u00b7lic amb llumin\u00e0ries LED encastades, paviment t\u00e8cnic elevat i sistema de climatitzaci\u00f3 VRV fred\/calor. \n \nEdifici modern d'exclusiu d'oficines compost per 5 plantes (PB + 4) amb fa\u00e7ana de cortina, servei de consergeria, zones comuns amb excel\u00b7lents acabats, 8 ascensors, lavabos adaptats i aparcament. \n \nSituat a la illa d'AZCA al costat del Passeig de la Castellana, amb excel\u00b7lents comunicacions i transport p\u00fablic amb acc\u00e9s directe al Metro \"Estaci\u00f3 Santiago Bernab\u00e9u\", diverses l\u00ednies d'autobusos a l'eix Castellana i intercanviador de Nuevos Ministerios amb estaci\u00f3 de rodalies RENFE, i acc\u00e9s r\u00e0pid a l'aeroport. \n \nQualificaci\u00f3 energ\u00e8tica: B \n \nTransports: \nMetro: L10 - Santiago Bernab\u00e9u; L6, L8, L10 - Nuevos Ministerios. \nRodalies: C1, C2, C3, C4, C7, C10, Regional - Nuevos Ministerios. \nAutobusos: 14, 27, 40, 43, 120, 126, 147, 150. \n \nLloguer de p\u00e0rquing: 150 \u20ac\/pla\u00e7a\/mes. \n \n**Les imatges corresponen a una oficina tipus**","properties_post_seo_title":"","properties_post_seo_alias":"","properties_post_seo_metadescription":"Oficina di\u00e1fana en lloguer a l' Av. General Per\u00f3n. Madrid. Forcadell \u00e9s la seva ag\u00e8ncia de confian\u00e7a per al lloguer d'aquesta oficina.","properties_post_seo_key_words":"oficina lloguer Madrid, lloguer oficina Madrid, oficina Madrid","properties_post_seo_url":"","properties_post_terms_conditions":""},{"properties_post_description_language":"spanish","properties_post_title":"Oficina alquiler Madrid. Av. General Per\u00f3n. Azca","properties_post_short_description_text_alt":"","properties_post_description_text_alt":"","properties_post_short_description_text":"Oficina en alquiler ubicada en la Av. General Per\u00f3n en el distrito de Azca, \u00e1rea empresarial por excelencia de Madrid, donde se ubican empresas del sector financiero, consultor\u00eda y centros de negocios. La zona est\u00e1 rodeada de una gran variedad de servicios, incluyendo restaurantes de alta cocina, centros comerciales de lujo, gimnasios y comercios. \n \nCaracter\u00edsticas Destacadas: \n- Edificio exclusivo de oficinas. \n- Moderno y representativo lobby. \n- Recepci\u00f3n y servicio de conserjer\u00eda. \n- Oficina distribuida en superficies di\u00e1fanas. \n- Suelo t\u00e9cnico y falso techo con luminarias LED. \n- Sistema de climatizaci\u00f3n VRV. \n- Parking privativo. \n \nPrivilegiada ubicaci\u00f3n con excelentes conexiones de transporte p\u00fablico, pr\u00f3xima a la estaci\u00f3n de Metro \"Santiago Bernab\u00e9u\" y m\u00faltiples l\u00edneas de autobuses en el eje Castellana. Adem\u00e1s, se encuentra cerca del intercambiador de Nuevos Ministerios, que cuenta con una estaci\u00f3n de cercan\u00edas RENFE, lo que facilita el acceso desde diferentes puntos de la ci","properties_post_link_demanda_inmueble":"https:\/\/movin.cloud\/es\/Forcadell Oficinas Madrid\/formulario-peticion-inmueble\/sth\/2462&&241315","properties_post_link_demanda_calendario_inmueble":"https:\/\/movin.cloud\/es\/Forcadell Oficinas Madrid\/calendario-peticion-inmueble\/sth\/2462&&241315","properties_post_description_text":"Oficina en alquiler ubicada en la Av. General Per\u00f3n en el distrito de Azca, \u00e1rea empresarial por excelencia de Madrid, donde se ubican empresas del sector financiero, consultor\u00eda y centros de negocios. La zona est\u00e1 rodeada de una gran variedad de servicios, incluyendo restaurantes de alta cocina, centros comerciales de lujo, gimnasios y comercios. \n \nCaracter\u00edsticas Destacadas: \n- Edificio exclusivo de oficinas. \n- Moderno y representativo lobby. \n- Recepci\u00f3n y servicio de conserjer\u00eda. \n- Oficina distribuida en superficies di\u00e1fanas. \n- Suelo t\u00e9cnico y falso techo con luminarias LED. \n- Sistema de climatizaci\u00f3n VRV. \n- Parking privativo. \n \nPrivilegiada ubicaci\u00f3n con excelentes conexiones de transporte p\u00fablico, pr\u00f3xima a la estaci\u00f3n de Metro \"Santiago Bernab\u00e9u\" y m\u00faltiples l\u00edneas de autobuses en el eje Castellana. Adem\u00e1s, se encuentra cerca del intercambiador de Nuevos Ministerios, que cuenta con una estaci\u00f3n de cercan\u00edas RENFE, lo que facilita el acceso desde diferentes puntos de la ciudad y l\u00ednea directa al aeropuerto de Bajaras. \n \nTransportes: \nMetro: L10 - Santiago Bernab\u00e9u; L6, L8, L10 - Nuevos Ministerios. \nCercan\u00edas: C1, C2, C3, C4, C7, C10, Regional - Nuevos Ministerios. \nAutobuses: 14, 27, 40, 43, 120, 126, 147, 150. \n \n**Parking: 150 \u20ac\/plaza\/mes.**","properties_post_seo_title":"","properties_post_seo_alias":"","properties_post_seo_metadescription":"Oficina alquiler Nuevos Ministerios. Madrid Cuatro Caminos. Forcadell","properties_post_seo_key_words":"oficina alquiler Madrid, alquiler oficina Madrid, oficina Madrid","properties_post_seo_url":"","properties_post_terms_conditions":""},{"properties_post_description_language":"english","properties_post_title":"Office for rent on General Per\u00f3n Avenue. Madrid.","properties_post_short_description_text_alt":"","properties_post_description_text_alt":"","properties_post_short_description_text":"Office for rent with excellent natural light distributed in open spaces with a false metal ceiling with recessed LED luminaires, raised technical flooring and VRV air conditioning system for hot\/cold. \n \nModern exclusive office building composed of 5 floors (GF + 4) with a curtain wall facade, concierge service, common areas with excellent finishes, 8 elevators, adapted bathrooms and a parking lot. \n \nLocated in the AZCA block next to Paseo de la Castellana, with excellent communication and public transportation with direct access to the Metro \"Santiago Bernab\u00e9u Station\", several bus lines on the Castellana and a Nuevos Ministerios interchange with RENFE commuter train station, and quick access to the airport. \n \nEnergy rating: B \n \nTransports: \nSubway: L10 - Santiago Bernab\u00e9u; Nuevos Ministerio; L6, L8, L10 - C1, C2, C3, C4, C7, C10, Regional \nBuses: 14, 27, 40, 43, 120, 126, 147, 150. \nParking rent: 150 \u20ac\/place\/month. \n \n*Images correspond to a type office.**","properties_post_link_demanda_inmueble":"https:\/\/movin.cloud\/en\/Forcadell Oficinas Madrid\/property-form-request\/sth\/2462&&241315","properties_post_link_demanda_calendario_inmueble":"https:\/\/movin.cloud\/en\/Forcadell Oficinas Madrid\/property-calendar-request\/sth\/2462&&241315","properties_post_description_text":"Office for rent with excellent natural light distributed in open spaces with a false metal ceiling with recessed LED luminaires, raised technical flooring and VRV air conditioning system for hot\/cold. \n \nModern exclusive office building composed of 5 floors (GF + 4) with a curtain wall facade, concierge service, common areas with excellent finishes, 8 elevators, adapted bathrooms and a parking lot. \n \nLocated in the AZCA block next to Paseo de la Castellana, with excellent communication and public transportation with direct access to the Metro \"Santiago Bernab\u00e9u Station\", several bus lines on the Castellana and a Nuevos Ministerios interchange with RENFE commuter train station, and quick access to the airport. \n \nEnergy rating: B \n \nTransports: \nSubway: L10 - Santiago Bernab\u00e9u; Nuevos Ministerio; L6, L8, L10 - C1, C2, C3, C4, C7, C10, Regional \nBuses: 14, 27, 40, 43, 120, 126, 147, 150. \nParking rent: 150 \u20ac\/place\/month. \n \n*Images correspond to a type office.**","properties_post_seo_title":"","properties_post_seo_alias":"","properties_post_seo_metadescription":"Oficina di\u00e1fana en lloguer a l' Av. General Per\u00f3n. Madrid. Forcadell \u00e9s la seva ag\u00e8ncia de confian\u00e7a per al lloguer d'aquesta oficina.","properties_post_seo_key_words":"oficina lloguer Madrid, lloguer oficina Madrid, oficina Madrid","properties_post_seo_url":"","properties_post_terms_conditions":""}],"post_type_properties_post_features_type":"office","post_type_properties_post_id_building":"","post_type_properties_post_features_area_constructed":731,"post_type_properties_post_features_conditioned_air":true,"post_type_properties_post_features_doorman":false,"post_type_properties_post_features_heating":true,"post_type_properties_post_features_equipped_kitchen":false,"post_type_properties_post_features_windows_location":"exterior","post_type_properties_post_features_floors_property":false,"post_type_properties_post_features_storage":false,"post_type_properties_post_features_security_door":false,"post_type_properties_post_features_energy_certificate_rating":"B","post_type_properties_post_features_energy_certificate_emissions_rating":"B","post_type_properties_post_features_energy_certificate_emissions_value":"","post_type_properties_post_features_energy_certificate_performance":"","post_type_properties_post_features_bathroom_inside":false,"post_type_properties_post_precio":19749.69,"post_type_properties_post_precio_alquiler":19749.69,"post_type_properties_post_record_type_id":"Oficina","post_type_properties_post_categoria__producto":"Oficina","post_type_properties_post_amueblado":false,"post_type_properties_post_precio_m2":27,"post_type_properties_post_zona__comunitaria":false,"post_type_properties_post_electrodomesticos":false,"post_type_properties_post_patio__interior":false,"post_type_properties_post_certificado_energetico_general":"B","post_type_properties_post_certificado_energetico_consumo":"B","post_type_properties_post_certificado_energetico_valor_emisiones":"","post_type_properties_post_certificado_energetico_valor_consumo":"","post_type_properties_post_modalidad":"rent","post_type_properties_post_provincia":"Madrid","post_type_properties_post_poblacion":"Madrid","post_type_properties_post_centro__urbano":false,"post_type_properties_post_zonificacion":"Centro","post_type_properties_post_cartera":"Segunda mano","post_type_properties_post_titulo_catalan":"Oficina en lloguer a l'Av. General Per\u00f3n. Madrid.","post_type_properties_post_internet_catalan":"Oficina en lloguer amb excel\u00b7lent llum natural distribu\u00efda en espais di\u00e0fans amb fals sostre met\u00e0l\u00b7lic amb llumin\u00e0ries LED encastades, paviment t\u00e8cnic elevat i sistema de climatitzaci\u00f3 VRV fred\/calor. \n \nEdifici modern d'exclusiu d'oficines compost per 5 plantes (PB + 4) amb fa\u00e7ana de cortina, servei de consergeria, zones comuns amb excel\u00b7lents acabats, 8 ascensors, lavabos adaptats i aparcament. \n \nSituat a la illa d'AZCA al costat del Passeig de la Castellana, amb excel\u00b7lents comunicacions i transport p\u00fablic amb acc\u00e9s directe al Metro \"Estaci\u00f3 Santiago Bernab\u00e9u\", diverses l\u00ednies d'autobusos a l'eix Castellana i intercanviador de Nuevos Ministerios amb estaci\u00f3 de rodalies RENFE, i acc\u00e9s r\u00e0pid a l'aeroport. \n \nQualificaci\u00f3 energ\u00e8tica: B \n \nTransports: \nMetro: L10 - Santiago Bernab\u00e9u; L6, L8, L10 - Nuevos Ministerios. \nRodalies: C1, C2, C3, C4, C7, C10, Regional - Nuevos Ministerios. \nAutobusos: 14, 27, 40, 43, 120, 126, 147, 150. \n \nLloguer de p\u00e0rquing: 150 \u20ac\/pla\u00e7a\/mes. \n \n**Les imatges corresponen a una oficina tipus**","post_type_properties_post_titulo_castellano":"Oficina alquiler Madrid. Av. General Per\u00f3n. Azca","post_type_properties_post_internet_castellano":"Oficina en alquiler ubicada en la Av. General Per\u00f3n en el distrito de Azca, \u00e1rea empresarial por excelencia de Madrid, donde se ubican empresas del sector financiero, consultor\u00eda y centros de negocios. La zona est\u00e1 rodeada de una gran variedad de servicios, incluyendo restaurantes de alta cocina, centros comerciales de lujo, gimnasios y comercios. \n \nCaracter\u00edsticas Destacadas: \n- Edificio exclusivo de oficinas. \n- Moderno y representativo lobby. \n- Recepci\u00f3n y servicio de conserjer\u00eda. \n- Oficina distribuida en superficies di\u00e1fanas. \n- Suelo t\u00e9cnico y falso techo con luminarias LED. \n- Sistema de climatizaci\u00f3n VRV. \n- Parking privativo. \n \nPrivilegiada ubicaci\u00f3n con excelentes conexiones de transporte p\u00fablico, pr\u00f3xima a la estaci\u00f3n de Metro \"Santiago Bernab\u00e9u\" y m\u00faltiples l\u00edneas de autobuses en el eje Castellana. Adem\u00e1s, se encuentra cerca del intercambiador de Nuevos Ministerios, que cuenta con una estaci\u00f3n de cercan\u00edas RENFE, lo que facilita el acceso desde diferentes puntos de la ciudad y l\u00ednea directa al aeropuerto de Bajaras. \n \nTransportes: \nMetro: L10 - Santiago Bernab\u00e9u; L6, L8, L10 - Nuevos Ministerios. \nCercan\u00edas: C1, C2, C3, C4, C7, C10, Regional - Nuevos Ministerios. \nAutobuses: 14, 27, 40, 43, 120, 126, 147, 150. \n \n**Parking: 150 \u20ac\/plaza\/mes.**","post_type_properties_post_titulo_ingles":"Office for rent on General Per\u00f3n Avenue. Madrid.","post_type_properties_post_internet_ingles":"Office for rent with excellent natural light distributed in open spaces with a false metal ceiling with recessed LED luminaires, raised technical flooring and VRV air conditioning system for hot\/cold. \n \nModern exclusive office building composed of 5 floors (GF + 4) with a curtain wall facade, concierge service, common areas with excellent finishes, 8 elevators, adapted bathrooms and a parking lot. \n \nLocated in the AZCA block next to Paseo de la Castellana, with excellent communication and public transportation with direct access to the Metro \"Santiago Bernab\u00e9u Station\", several bus lines on the Castellana and a Nuevos Ministerios interchange with RENFE commuter train station, and quick access to the airport. \n \nEnergy rating: B \n \nTransports: \nSubway: L10 - Santiago Bernab\u00e9u; Nuevos Ministerio; L6, L8, L10 - C1, C2, C3, C4, C7, C10, Regional \nBuses: 14, 27, 40, 43, 120, 126, 147, 150. \nParking rent: 150 \u20ac\/place\/month. \n \n*Images correspond to a type office.**","post_type_properties_post_features_classification_commercial":false,"post_type_properties_post_features_conservation":"","post_type_properties_post_features_security_personnel":false,"post_type_properties_post_features_parking_available":false,"post_type_properties_post_features_garage_capacity_type":"","post_type_properties_post_features_bathroom_number":"","post_type_properties_post_eje":"","post_type_properties_post_zona":"","post_type_properties_post_comarca":"","post_type_properties_post_features_built_year":"","post_type_properties_post_renta_mensual":19749.69,"post_type_properties_post_fianza":"","post_type_properties_post_features_area_plot":"","post_type_properties_post_features_area_buildable":"","post_type_properties_post_features_classification_industrial":false,"post_type_properties_post_distrito":"","post_type_properties_post_features_balcony":false,"post_type_properties_post_features_bedroom_number":"","post_type_properties_post_features_heating_type":"","post_type_properties_post_features_equipped_with_furniture":false,"post_type_properties_post_features_pets_allowed":false,"post_type_properties_post_features_pool":false,"post_type_properties_post_features_terrace":false,"post_type_properties_post_features_wardrobes":false,"post_type_properties_post_features_lift_available":false,"post_type_properties_post_features_handicap_adapted_access":false,"post_type_properties_post_features_orientation_east":false,"post_type_properties_post_features_orientation_west":false,"post_type_properties_post_features_orientation_north":false,"post_type_properties_post_features_orientation_south":false,"post_type_properties_post_features_parking_spaces_number":"","post_type_properties_post_features_security_alarm":false,"post_type_properties_post_features_security_system":false,"post_type_properties_post_open_plan":false,"post_type_properties_post_acceso_24_7":false,"post_type_properties_post_oficina_privada":false,"post_type_properties_post_sala_reuniones":false,"post_type_properties_post_espacio_eventos":false,"post_type_properties_post_office":false,"post_type_properties_post_restaurant":false,"post_type_properties_post_acepta_traspaso":false,"post_type_properties_post_vigilancia":true,"post_type_properties_post_features_suite":false,"post_type_properties_post_features_vitro":false,"post_type_properties_post_features_oven":false,"post_type_properties_post_features_microwave":false,"post_type_properties_post_features_washing_machine":false,"post_type_properties_post_features_dryer":false,"post_type_properties_post_features_dishwasher":false,"post_type_properties_post_features_fridge":false,"post_type_properties_post_features_fridge_mini":false,"post_type_properties_post_features_kettle":false,"post_type_properties_post_features_toaster":false,"post_type_properties_post_features_coffee_maker":false,"post_type_properties_post_features_iron":false,"post_type_properties_post_features_ironing_board":false,"post_type_properties_post_features_safe":false,"post_type_properties_post_features_internet":false,"post_type_properties_post_features_solarium":false,"post_type_properties_post_features_clean_service":false,"post_type_properties_post_features_t_v":false,"post_type_properties_post_features_satellite_t_v":false,"post_type_properties_post_features_gas_kitchen":false,"post_type_properties_post_features_view_mountain":false,"post_type_properties_post_features_view_sea":false,"post_type_properties_post_features_concierge":false,"post_type_properties_post_features_loading_dock":false,"post_type_properties_post_features_bridge_crane":false,"post_type_properties_post_features_located_at_corner":false,"post_type_properties_post_features_smoke_extraction":false,"post_type_properties_post_features_rooms":"","post_type_properties_post_features_garden_area":"","post_type_properties_post_features_utilities_water":false,"post_type_properties_post_features_utilities_electricity":false,"post_type_properties_post_features_utilities_natural_gas":false,"post_type_properties_post_features_building_adapted":false,"post_type_properties_post_features_garden":false,"post_type_properties_post_features_classification_hotel":false,"post_type_properties_post_features_classification_chalet":false,"post_type_properties_post_certificado_energetico_emisiones":"B","post_type_properties_post_barrio":"","post_type_properties_post_distrito_empresa":"Tetu\u00e1n","post_type_properties_post_features_property_category_intern":"","post_type_properties_post_implantada":false,"post_type_properties_post_sello_leed":"","post_type_properties_post_sello_well":"","post_type_properties_post_sello_breeam":false,"post_type_properties_post_images":[{"properties_post_image_order":2,"properties_post_image_url":"https:\/\/movin.cloud\/empresas\/2462\/imagenes\/241315\/en-alquiler-12.webp","properties_post_image_url_thumbnail":"https:\/\/movin.cloud\/empresas\/2462\/imagenes\/thumbnails\/241315\/en-alquiler-12.webp","properties_post_title":"en alquiler 12","properties_post_alt":"en alquiler 12"},{"properties_post_image_order":3,"properties_post_image_url":"https:\/\/movin.cloud\/empresas\/2462\/imagenes\/241315\/en-alquiler-13.webp","properties_post_image_url_thumbnail":"https:\/\/movin.cloud\/empresas\/2462\/imagenes\/thumbnails\/241315\/en-alquiler-13.webp","properties_post_title":"en alquiler 13","properties_post_alt":"en alquiler 13"},{"properties_post_image_order":4,"properties_post_image_url":"https:\/\/movin.cloud\/empresas\/2462\/imagenes\/241315\/en-alquiler-6.webp","properties_post_image_url_thumbnail":"https:\/\/movin.cloud\/empresas\/2462\/imagenes\/thumbnails\/241315\/en-alquiler-6.webp","properties_post_title":"en alquiler 6","properties_post_alt":"en alquiler 6"},{"properties_post_image_order":5,"properties_post_image_url":"https:\/\/movin.cloud\/empresas\/2462\/imagenes\/241315\/en-alquiler-7.webp","properties_post_image_url_thumbnail":"https:\/\/movin.cloud\/empresas\/2462\/imagenes\/thumbnails\/241315\/en-alquiler-7.webp","properties_post_title":"en alquiler 7","properties_post_alt":"en alquiler 7"},{"properties_post_image_order":6,"properties_post_image_url":"https:\/\/movin.cloud\/empresas\/2462\/imagenes\/241315\/en-alquiler.webp","properties_post_image_url_thumbnail":"https:\/\/movin.cloud\/empresas\/2462\/imagenes\/thumbnails\/241315\/en-alquiler.webp","properties_post_title":"en alquiler","properties_post_alt":"en alquiler"},{"properties_post_image_order":7,"properties_post_image_url":"https:\/\/movin.cloud\/empresas\/2462\/imagenes\/241315\/alquiler.webp","properties_post_image_url_thumbnail":"https:\/\/movin.cloud\/empresas\/2462\/imagenes\/thumbnails\/241315\/alquiler.webp","properties_post_title":"alquiler","properties_post_alt":"alquiler"},{"properties_post_image_order":8,"properties_post_image_url":"https:\/\/movin.cloud\/empresas\/2462\/imagenes\/241315\/madrid-rent.webp","properties_post_image_url_thumbnail":"https:\/\/movin.cloud\/empresas\/2462\/imagenes\/thumbnails\/241315\/madrid-rent.webp","properties_post_title":"madrid rent","properties_post_alt":"madrid rent"},{"properties_post_image_order":9,"properties_post_image_url":"https:\/\/movin.cloud\/empresas\/2462\/imagenes\/241315\/madrid-fincas.webp","properties_post_image_url_thumbnail":"https:\/\/movin.cloud\/empresas\/2462\/imagenes\/thumbnails\/241315\/madrid-fincas.webp","properties_post_title":"madrid fincas","properties_post_alt":"madrid fincas"},{"properties_post_image_order":10,"properties_post_image_url":"https:\/\/movin.cloud\/empresas\/2462\/imagenes\/241315\/madrid-inmobiliarias.webp","properties_post_image_url_thumbnail":"https:\/\/movin.cloud\/empresas\/2462\/imagenes\/thumbnails\/241315\/madrid-inmobiliarias.webp","properties_post_title":"madrid inmobiliarias","properties_post_alt":"madrid inmobiliarias"},{"properties_post_image_order":11,"properties_post_image_url":"https:\/\/movin.cloud\/empresas\/2462\/imagenes\/241315\/inmobiliaria-madrid.webp","properties_post_image_url_thumbnail":"https:\/\/movin.cloud\/empresas\/2462\/imagenes\/thumbnails\/241315\/inmobiliaria-madrid.webp","properties_post_title":"inmobiliaria madrid","properties_post_alt":"inmobiliaria madrid"},{"properties_post_image_order":12,"properties_post_image_url":"https:\/\/movin.cloud\/empresas\/2462\/imagenes\/241315\/madrid-alquiler-idealistas.webp","properties_post_image_url_thumbnail":"https:\/\/movin.cloud\/empresas\/2462\/imagenes\/thumbnails\/241315\/madrid-alquiler-idealistas.webp","properties_post_title":"madrid alquiler idealistas","properties_post_alt":"madrid alquiler idealistas"},{"properties_post_image_order":13,"properties_post_image_url":"https:\/\/movin.cloud\/empresas\/2462\/imagenes\/241315\/madrid-habitalia.webp","properties_post_image_url_thumbnail":"https:\/\/movin.cloud\/empresas\/2462\/imagenes\/thumbnails\/241315\/madrid-habitalia.webp","properties_post_title":"madrid habitalia","properties_post_alt":"madrid habitalia"},{"properties_post_image_order":14,"properties_post_image_url":"https:\/\/movin.cloud\/empresas\/2462\/imagenes\/241315\/madrid-alquilar.webp","properties_post_image_url_thumbnail":"https:\/\/movin.cloud\/empresas\/2462\/imagenes\/thumbnails\/241315\/madrid-alquilar.webp","properties_post_title":"madrid alquilar","properties_post_alt":"madrid alquilar"},{"properties_post_image_order":15,"properties_post_image_url":"https:\/\/movin.cloud\/empresas\/2462\/imagenes\/241315\/alquiler-para-idealista-madrid.webp","properties_post_image_url_thumbnail":"https:\/\/movin.cloud\/empresas\/2462\/imagenes\/thumbnails\/241315\/alquiler-para-idealista-madrid.webp","properties_post_title":"alquiler para idealista madrid","properties_post_alt":"alquiler para idealista madrid"},{"properties_post_image_order":16,"properties_post_image_url":"https:\/\/movin.cloud\/empresas\/2462\/imagenes\/241315\/viviendas-madrid.webp","properties_post_image_url_thumbnail":"https:\/\/movin.cloud\/empresas\/2462\/imagenes\/thumbnails\/241315\/viviendas-madrid.webp","properties_post_title":"viviendas madrid","properties_post_alt":"viviendas madrid"},{"properties_post_image_order":17,"properties_post_image_url":"https:\/\/movin.cloud\/empresas\/2462\/imagenes\/241315\/alquiler-para-idealistas-madrid.webp","properties_post_image_url_thumbnail":"https:\/\/movin.cloud\/empresas\/2462\/imagenes\/thumbnails\/241315\/alquiler-para-idealistas-madrid.webp","properties_post_title":"alquiler para idealistas madrid","properties_post_alt":"alquiler para idealistas madrid"},{"properties_post_image_order":18,"properties_post_image_url":"https:\/\/movin.cloud\/empresas\/2462\/imagenes\/241315\/rent-madrid.webp","properties_post_image_url_thumbnail":"https:\/\/movin.cloud\/empresas\/2462\/imagenes\/thumbnails\/241315\/rent-madrid.webp","properties_post_title":"rent madrid","properties_post_alt":"rent madrid"},{"properties_post_image_order":19,"properties_post_image_url":"https:\/\/movin.cloud\/empresas\/2462\/imagenes\/241315\/fincas-madrid.webp","properties_post_image_url_thumbnail":"https:\/\/movin.cloud\/empresas\/2462\/imagenes\/thumbnails\/241315\/fincas-madrid.webp","properties_post_title":"fincas madrid","properties_post_alt":"fincas madrid"},{"properties_post_image_order":20,"properties_post_image_url":"https:\/\/movin.cloud\/empresas\/2462\/imagenes\/241315\/inmobiliarias-madrid.webp","properties_post_image_url_thumbnail":"https:\/\/movin.cloud\/empresas\/2462\/imagenes\/thumbnails\/241315\/inmobiliarias-madrid.webp","properties_post_title":"inmobiliarias madrid","properties_post_alt":"inmobiliarias madrid"},{"properties_post_image_order":21,"properties_post_image_url":"https:\/\/movin.cloud\/empresas\/2462\/imagenes\/241315\/inmobiliaria.webp","properties_post_image_url_thumbnail":"https:\/\/movin.cloud\/empresas\/2462\/imagenes\/thumbnails\/241315\/inmobiliaria.webp","properties_post_title":"inmobiliaria","properties_post_alt":"inmobiliaria"},{"properties_post_image_order":22,"properties_post_image_url":"https:\/\/movin.cloud\/empresas\/2462\/imagenes\/241315\/en-alquiler-madrid.webp","properties_post_image_url_thumbnail":"https:\/\/movin.cloud\/empresas\/2462\/imagenes\/thumbnails\/241315\/en-alquiler-madrid.webp","properties_post_title":"en alquiler madrid","properties_post_alt":"en alquiler madrid"},{"properties_post_image_order":23,"properties_post_image_url":"https:\/\/movin.cloud\/empresas\/2462\/imagenes\/241315\/alquiler-madrid.webp","properties_post_image_url_thumbnail":"https:\/\/movin.cloud\/empresas\/2462\/imagenes\/thumbnails\/241315\/alquiler-madrid.webp","properties_post_title":"alquiler madrid","properties_post_alt":"alquiler madrid"},{"properties_post_image_order":24,"properties_post_image_url":"https:\/\/movin.cloud\/empresas\/2462\/imagenes\/241315\/alquilar-madrid.webp","properties_post_image_url_thumbnail":"https:\/\/movin.cloud\/empresas\/2462\/imagenes\/thumbnails\/241315\/alquilar-madrid.webp","properties_post_title":"alquilar madrid","properties_post_alt":"alquilar madrid"},{"properties_post_image_order":25,"properties_post_image_url":"https:\/\/movin.cloud\/empresas\/2462\/imagenes\/241315\/rent.webp","properties_post_image_url_thumbnail":"https:\/\/movin.cloud\/empresas\/2462\/imagenes\/thumbnails\/241315\/rent.webp","properties_post_title":"rent","properties_post_alt":"rent"},{"properties_post_image_order":26,"properties_post_image_url":"https:\/\/movin.cloud\/empresas\/2462\/imagenes\/241315\/fincas.webp","properties_post_image_url_thumbnail":"https:\/\/movin.cloud\/empresas\/2462\/imagenes\/thumbnails\/241315\/fincas.webp","properties_post_title":"fincas","properties_post_alt":"fincas"},{"properties_post_image_order":27,"properties_post_image_url":"https:\/\/movin.cloud\/empresas\/2462\/imagenes\/241315\/inmobiliarias.webp","properties_post_image_url_thumbnail":"https:\/\/movin.cloud\/empresas\/2462\/imagenes\/thumbnails\/241315\/inmobiliarias.webp","properties_post_title":"inmobiliarias","properties_post_alt":"inmobiliarias"},{"properties_post_image_order":28,"properties_post_image_url":"https:\/\/movin.cloud\/empresas\/2462\/imagenes\/241315\/alquiler-idealistas.webp","properties_post_image_url_thumbnail":"https:\/\/movin.cloud\/empresas\/2462\/imagenes\/thumbnails\/241315\/alquiler-idealistas.webp","properties_post_title":"alquiler idealistas","properties_post_alt":"alquiler idealistas"},{"properties_post_image_order":29,"properties_post_image_url":"https:\/\/movin.cloud\/empresas\/2462\/imagenes\/241315\/alquilar.webp","properties_post_image_url_thumbnail":"https:\/\/movin.cloud\/empresas\/2462\/imagenes\/thumbnails\/241315\/alquilar.webp","properties_post_title":"alquilar","properties_post_alt":"alquilar"}],"post_type_properties_post_videos":null,"post_type_properties_post_tour":null,"post_type_properties_post_dossier_url":"","post_type_properties_post_operation_type":"rent","post_type_properties_post_operation_price":19749,"post_type_properties_post_features_hidden_price":false},"yoast_head":"<!-- This site is optimized with the Yoast SEO plugin v27.4 - https:\/\/yoast.com\/product\/yoast-seo-wordpress\/ -->\n<title>Oficina alquiler Madrid. Av. General Per\u00f3n. Azca - Forcadell<\/title>\n<meta name=\"robots\" content=\"index, follow, max-snippet:-1, max-image-preview:large, max-video-preview:-1\" \/>\n<link rel=\"canonical\" href=\"https:\/\/forcadell.com\/ca\/propiedades\/oficina-alquiler-madrid-av-general-peron-azca\/\" \/>\n<meta property=\"og:locale\" content=\"ca_ES\" \/>\n<meta property=\"og:type\" content=\"article\" \/>\n<meta property=\"og:title\" content=\"Oficina alquiler Madrid. Av. General Per\u00f3n. Azca - Forcadell\" \/>\n<meta property=\"og:description\" content=\"Oficina en alquiler ubicada en la Av. General Per\u00f3n en el distrito de Azca, \u00e1rea empresarial por excelencia de Madrid, donde se ubican empresas del sector financiero, consultor\u00eda y centros de negocios. La zona est\u00e1 rodeada de una gran variedad de servicios, incluyendo restaurantes de alta cocina, centros comerciales de lujo, gimnasios y comercios. Caracter\u00edsticas [&hellip;]\" \/>\n<meta property=\"og:url\" content=\"https:\/\/forcadell.com\/ca\/propiedades\/oficina-alquiler-madrid-av-general-peron-azca\/\" \/>\n<meta property=\"og:site_name\" content=\"Forcadell\" \/>\n<meta property=\"article:modified_time\" content=\"2026-04-27T17:55:06+00:00\" \/>\n<meta name=\"twitter:card\" content=\"summary_large_image\" \/>\n<meta name=\"twitter:label1\" content=\"Temps estimat de lectura\" \/>\n\t<meta name=\"twitter:data1\" content=\"1 minut\" \/>\n<!-- \/ Yoast SEO plugin. -->","yoast_head_json":{"title":"Oficina alquiler Madrid. Av. General Per\u00f3n. Azca - Forcadell","robots":{"index":"index","follow":"follow","max-snippet":"max-snippet:-1","max-image-preview":"max-image-preview:large","max-video-preview":"max-video-preview:-1"},"canonical":"https:\/\/forcadell.com\/ca\/propiedades\/oficina-alquiler-madrid-av-general-peron-azca\/","og_locale":"ca_ES","og_type":"article","og_title":"Oficina alquiler Madrid. Av. General Per\u00f3n. Azca - Forcadell","og_description":"Oficina en alquiler ubicada en la Av. General Per\u00f3n en el distrito de Azca, \u00e1rea empresarial por excelencia de Madrid, donde se ubican empresas del sector financiero, consultor\u00eda y centros de negocios. La zona est\u00e1 rodeada de una gran variedad de servicios, incluyendo restaurantes de alta cocina, centros comerciales de lujo, gimnasios y comercios. Caracter\u00edsticas [&hellip;]","og_url":"https:\/\/forcadell.com\/ca\/propiedades\/oficina-alquiler-madrid-av-general-peron-azca\/","og_site_name":"Forcadell","article_modified_time":"2026-04-27T17:55:06+00:00","twitter_card":"summary_large_image","twitter_misc":{"Temps estimat de lectura":"1 minut"},"schema":{"@context":"https:\/\/schema.org","@graph":[{"@type":"WebPage","@id":"https:\/\/forcadell.com\/ca\/propiedades\/oficina-alquiler-madrid-av-general-peron-azca\/","url":"https:\/\/forcadell.com\/ca\/propiedades\/oficina-alquiler-madrid-av-general-peron-azca\/","name":"Oficina alquiler Madrid. Av. General Per\u00f3n. Azca - Forcadell","isPartOf":{"@id":"https:\/\/forcadell.com\/ca\/#website"},"datePublished":"2025-11-04T13:38:11+00:00","dateModified":"2026-04-27T17:55:06+00:00","breadcrumb":{"@id":"https:\/\/forcadell.com\/ca\/propiedades\/oficina-alquiler-madrid-av-general-peron-azca\/#breadcrumb"},"inLanguage":"ca","potentialAction":[{"@type":"ReadAction","target":["https:\/\/forcadell.com\/ca\/propiedades\/oficina-alquiler-madrid-av-general-peron-azca\/"]}]},{"@type":"BreadcrumbList","@id":"https:\/\/forcadell.com\/ca\/propiedades\/oficina-alquiler-madrid-av-general-peron-azca\/#breadcrumb","itemListElement":[{"@type":"ListItem","position":1,"name":"Portada","item":"https:\/\/forcadell.com\/ca\/"},{"@type":"ListItem","position":2,"name":"Properties","item":"https:\/\/forcadell.com\/ca\/propiedades\/"},{"@type":"ListItem","position":3,"name":"Oficina alquiler Madrid. Av. General Per\u00f3n. Azca"}]},{"@type":"WebSite","@id":"https:\/\/forcadell.com\/ca\/#website","url":"https:\/\/forcadell.com\/ca\/","name":"Forcadell","description":"Inmobiliaria Barcelona | Consultores inmobiliarios","potentialAction":[{"@type":"SearchAction","target":{"@type":"EntryPoint","urlTemplate":"https:\/\/forcadell.com\/ca\/?s={search_term_string}"},"query-input":{"@type":"PropertyValueSpecification","valueRequired":true,"valueName":"search_term_string"}}],"inLanguage":"ca"}]}},"_links":{"self":[{"href":"https:\/\/forcadell.com\/ca\/wp-json\/wp\/v2\/properties_post\/57274","targetHints":{"allow":["GET"]}}],"collection":[{"href":"https:\/\/forcadell.com\/ca\/wp-json\/wp\/v2\/properties_post"}],"about":[{"href":"https:\/\/forcadell.com\/ca\/wp-json\/wp\/v2\/types\/properties_post"}],"wp:attachment":[{"href":"https:\/\/forcadell.com\/ca\/wp-json\/wp\/v2\/media?parent=57274"}],"curies":[{"name":"wp","href":"https:\/\/api.w.org\/{rel}","templated":true}]}}