{"id":57260,"date":"2025-11-04T15:37:25","date_gmt":"2025-11-04T13:37:25","guid":{"rendered":"https:\/\/www.forcadell.com\/propiedades\/torre-llacuna-22-sant-marti-barcelona\/"},"modified":"2026-04-27T21:50:33","modified_gmt":"2026-04-27T19:50:33","slug":"torre-llacuna-22-sant-marti-barcelona","status":"publish","type":"properties_post","link":"https:\/\/forcadell.com\/ca\/propiedades\/torre-llacuna-22-sant-marti-barcelona\/","title":{"rendered":"TORRE LLACUNA &#8211; 22@ Sant Mart\u00ed &#8211; Barcelona"},"content":{"rendered":"<p>Ubicado en la zona Prime del 22@, junto a la nueva Pla\u00e7a de les Gl\u00f2ries. Torre Llacuna se reposiciona como un s\u00edmbolo de distinci\u00f3n para las empresas del futuro, ofreciendo oficinas con vistas panor\u00e1micas privilegiadas de toda la ciudad.<\/p>\n<p>Plantas de 580 m\u00b2, con terraza privada de 30 m\u00b2.<br \/>\n\u00c1rea com\u00fan con sala polivalente para formaci\u00f3n, eventos, reuniones o conferencias.<br \/>\nCoffee lounge con terraza com\u00fan en planta 1\u00aa<br \/>\nVestuarios con duchas<br \/>\nGran lobby de acceso al edificio con pantalla LED 360\u00ba<br \/>\nParking para bicicletas y patinetes con cargadores el\u00e9ctricos<br \/>\nParking de coches en el mismo edificio con puntos de carga el\u00e9ctrica<br \/>\nCertificaciones Breeam, Well &#038; Wiredscore<\/p>\n","protected":false},"template":"","class_list":["post-57260","properties_post","type-properties_post","status-publish","hentry","properties_modality-rent","properties_district-sant-marti","properties_province-barcelona","properties_zone-116","properties_state-barcelona","properties_subclass-oficinas","properties_type-edificio"],"acf":{"post_type_properties_post_property_code":"11245059","post_type_properties_post_property_reference":"IE-1975","post_type_properties_post_owner_id":"145050","post_type_properties_post_owner_name":"LLACUNA BUILDING SL","post_type_properties_post_property_code_encrypted":"MjQ5JDI5NjI2","post_type_properties_post_published":"1","post_type_properties_post_property_visibility":"idealista","post_type_properties_post_contact_name":"Forcadell Oficinas Barcelona","post_type_properties_post_contact_email":"forcadell.oficinas.barcelona@movin.cloud","post_type_properties_post_contact_primary_phone_prefix":"34","post_type_properties_post_contact_primary_phone_number":"934965413","post_type_properties_post_address_visibility":"street","post_type_properties_post_address_country":"Spain","post_type_properties_post_address_coordinates_precision":"exact","post_type_properties_post_address_postal_code":"08018","post_type_properties_post_address_coordinates_latitude":"41.406874569769","post_type_properties_post_address_coordinates_longitude":"2.1920434408727","post_type_properties_post_address_street_name":"Llacuna, 166","post_type_properties_post_address_floor":"","post_type_properties_post_address_town":"Barcelona","post_type_properties_post_building":null,"post_type_properties_post_property":[{"properties_post_description_language":"catalan","properties_post_title":"TORRE LLACUNA - 22@ Sant Mart\u00ed - Barcelona","properties_post_short_description_text_alt":"Situat en la zona Prime del 22@, al costat de la nova Pla\u00e7a dels Gl\u00f2ries. Torre Llacuna es reposiciona com un s\u00edmbol de distinci\u00f3 per a les empreses del futur, oferint oficines amb vista panor\u00e0miques privilegiades de tota la ciutat.\n\n\u00c0rea comuna amb sala polivalent per a formaci\u00f3, esdeveniments, reunions o confer\u00e8ncies.\nCertificacions Breeam, Well & Wiredscore\nCoffee lounge amb terrassa comuna en planta 1a\nGran lobby d'acc\u00e9s a l'edifici amb pantalla LED 360\u00e8\nP\u00e0rquing de cotxes en el mateix edifici amb punts de c\u00e0rrega el\u00e8ctrica\nP\u00e0rquing per a bicicletes i patinets amb carregadors el\u00e8ctrics\nPlantes de 580 m\u00b2, amb terrassa privada de 30 m\u00b2.\nVestuaris amb dutxes","properties_post_description_text_alt":"Situat en la zona Prime del 22@, al costat de la nova Pla\u00e7a dels Gl\u00f2ries. Torre Llacuna es reposiciona com un s\u00edmbol de distinci\u00f3 per a les empreses del futur, oferint oficines amb vista panor\u00e0miques privilegiades de tota la ciutat.\n\n\u00c0rea comuna amb sala polivalent per a formaci\u00f3, esdeveniments, reunions o confer\u00e8ncies.\nCertificacions Breeam, Well & Wiredscore\nCoffee lounge amb terrassa comuna en planta 1a\nGran lobby d'acc\u00e9s a l'edifici amb pantalla LED 360\u00e8\nP\u00e0rquing de cotxes en el mateix edifici amb punts de c\u00e0rrega el\u00e8ctrica\nP\u00e0rquing per a bicicletes i patinets amb carregadors el\u00e8ctrics\nPlantes de 580 m\u00b2, amb terrassa privada de 30 m\u00b2.\nVestuaris amb dutxes","properties_post_short_description_text":"Situat en la zona Prime del 22@, al costat de la nova Pla\u00e7a dels Gl\u00f2ries. Torre Llacuna es reposiciona com un s\u00edmbol de distinci\u00f3 per a les empreses del futur, oferint oficines amb vista panor\u00e0miques privilegiades de tota la ciutat.\n\n\u00c0rea comuna amb sala polivalent per a formaci\u00f3, esdeveniments, reunions o confer\u00e8ncies.\nCertificacions Breeam, Well & Wiredscore\nCoffee lounge amb terrassa comuna en planta 1a\nGran lobby d'acc\u00e9s a l'edifici amb pantalla LED 360\u00e8\nP\u00e0rquing de cotxes en el mateix edifici amb punts de c\u00e0rrega el\u00e8ctrica\nP\u00e0rquing per a bicicletes i patinets amb carregadors el\u00e8ctrics\nPlantes de 580 m\u00b2, amb terrassa privada de 30 m\u00b2.\nVestuaris amb dutxes","properties_post_link_demanda_inmueble":"https:\/\/movin.cloud\/ca\/Forcadell Oficinas Barcelona\/formulari-peticio-immoble\/sth\/2438&&11245059","properties_post_link_demanda_calendario_inmueble":"https:\/\/movin.cloud\/ca\/Forcadell Oficinas Barcelona\/calendari-peticio-immoble\/sth\/2438&&11245059","properties_post_description_text":"Situat en la zona Prime del 22@, al costat de la nova Pla\u00e7a dels Gl\u00f2ries. Torre Llacuna es reposiciona com un s\u00edmbol de distinci\u00f3 per a les empreses del futur, oferint oficines amb vista panor\u00e0miques privilegiades de tota la ciutat.\n\n\u00c0rea comuna amb sala polivalent per a formaci\u00f3, esdeveniments, reunions o confer\u00e8ncies.\nCertificacions Breeam, Well & Wiredscore\nCoffee lounge amb terrassa comuna en planta 1a\nGran lobby d'acc\u00e9s a l'edifici amb pantalla LED 360\u00e8\nP\u00e0rquing de cotxes en el mateix edifici amb punts de c\u00e0rrega el\u00e8ctrica\nP\u00e0rquing per a bicicletes i patinets amb carregadors el\u00e8ctrics\nPlantes de 580 m\u00b2, amb terrassa privada de 30 m\u00b2.\nVestuaris amb dutxes","properties_post_seo_title":"","properties_post_seo_alias":"","properties_post_seo_metadescription":"Oficines Lloguer Barcelona","properties_post_seo_key_words":"Oficines Lloguer Barcelona","properties_post_seo_url":"","properties_post_terms_conditions":""},{"properties_post_description_language":"spanish","properties_post_title":"TORRE LLACUNA - 22@ Sant Mart\u00ed - Barcelona","properties_post_short_description_text_alt":"Ubicado en la zona Prime del 22@, junto a la nueva Pla\u00e7a de les Gl\u00f2ries. Torre Llacuna se reposiciona como un s\u00edmbolo de distinci\u00f3n para las empresas del futuro, ofreciendo oficinas con vistas panor\u00e1micas privilegiadas de toda la ciudad.\n\n\nPlantas de 580 m\u00b2, con terraza privada de 30 m\u00b2.\n\u00c1rea com\u00fan con sala polivalente para formaci\u00f3n, eventos, reuniones o conferencias.\nCoffee lounge con terraza com\u00fan en planta 1\u00aa\nVestuarios con duchas\nGran lobby de acceso al edificio con pantalla LED 360\u00ba\nParking para bicicletas y patinetes con cargadores el\u00e9ctricos\nParking de coches en el mismo edificio con puntos de carga el\u00e9ctrica\nCertificaciones Breeam, Well & Wiredscore\n","properties_post_description_text_alt":"Ubicado en la zona Prime del 22@, junto a la nueva Pla\u00e7a de les Gl\u00f2ries. Torre Llacuna se reposiciona como un s\u00edmbolo de distinci\u00f3n para las empresas del futuro, ofreciendo oficinas con vistas panor\u00e1micas privilegiadas de toda la ciudad.\n\n\nPlantas de 580 m\u00b2, con terraza privada de 30 m\u00b2.\n\u00c1rea com\u00fan con sala polivalente para formaci\u00f3n, eventos, reuniones o conferencias.\nCoffee lounge con terraza com\u00fan en planta 1\u00aa\nVestuarios con duchas\nGran lobby de acceso al edificio con pantalla LED 360\u00ba\nParking para bicicletas y patinetes con cargadores el\u00e9ctricos\nParking de coches en el mismo edificio con puntos de carga el\u00e9ctrica\nCertificaciones Breeam, Well & Wiredscore\n","properties_post_short_description_text":"Ubicado en la zona Prime del 22@, junto a la nueva Pla\u00e7a de les Gl\u00f2ries. Torre Llacuna se reposiciona como un s\u00edmbolo de distinci\u00f3n para las empresas del futuro, ofreciendo oficinas con vistas panor\u00e1micas privilegiadas de toda la ciudad.\n\n\nPlantas de 580 m\u00b2, con terraza privada de 30 m\u00b2.\n\u00c1rea com\u00fan con sala polivalente para formaci\u00f3n, eventos, reuniones o conferencias.\nCoffee lounge con terraza com\u00fan en planta 1\u00aa\nVestuarios con duchas\nGran lobby de acceso al edificio con pantalla LED 360\u00ba\nParking para bicicletas y patinetes con cargadores el\u00e9ctricos\nParking de coches en el mismo edificio con puntos de carga el\u00e9ctrica\nCertificaciones Breeam, Well & Wiredscore\n","properties_post_link_demanda_inmueble":"https:\/\/movin.cloud\/es\/Forcadell Oficinas Barcelona\/formulario-peticion-inmueble\/sth\/2438&&11245059","properties_post_link_demanda_calendario_inmueble":"https:\/\/movin.cloud\/es\/Forcadell Oficinas Barcelona\/calendario-peticion-inmueble\/sth\/2438&&11245059","properties_post_description_text":"Ubicado en la zona Prime del 22@, junto a la nueva Pla\u00e7a de les Gl\u00f2ries. Torre Llacuna se reposiciona como un s\u00edmbolo de distinci\u00f3n para las empresas del futuro, ofreciendo oficinas con vistas panor\u00e1micas privilegiadas de toda la ciudad.\n\n\nPlantas de 580 m\u00b2, con terraza privada de 30 m\u00b2.\n\u00c1rea com\u00fan con sala polivalente para formaci\u00f3n, eventos, reuniones o conferencias.\nCoffee lounge con terraza com\u00fan en planta 1\u00aa\nVestuarios con duchas\nGran lobby de acceso al edificio con pantalla LED 360\u00ba\nParking para bicicletas y patinetes con cargadores el\u00e9ctricos\nParking de coches en el mismo edificio con puntos de carga el\u00e9ctrica\nCertificaciones Breeam, Well & Wiredscore\n","properties_post_seo_title":"","properties_post_seo_alias":"","properties_post_seo_metadescription":"Oficinas alquiler Barcelona","properties_post_seo_key_words":"Oficinas alquiler Barcelona","properties_post_seo_url":"","properties_post_terms_conditions":""},{"properties_post_description_language":"english","properties_post_title":"TORRE LLACUNA - 22@ Sant Mart\u00ed - Barcelona","properties_post_short_description_text_alt":"Located in the prime area of 22@, next to the new Pla\u00e7a de les Gl\u00f2ries, Torre Llacuna is repositioning itself as a symbol of distinction for the companies of the future, offering offices with privileged panoramic views of the entire city.\n\n580 m\u00b2 floors, with a 30 m\u00b2 private terrace.\nCommon area with a multipurpose room for training, events, meetings, or conferences.\nCoffee lounge with a shared terrace on the 1st floor.\nChanging rooms with showers.\nLarge lobby accessing the building with a 360\u00ba LED screen.\nBicycle and scooter parking with electric chargers.\nCar parking in the same building with electric charging stations.\nBreeam, Well, and Wiredscore certifications.","properties_post_description_text_alt":"Located in the prime area of 22@, next to the new Pla\u00e7a de les Gl\u00f2ries, Torre Llacuna is repositioning itself as a symbol of distinction for the companies of the future, offering offices with privileged panoramic views of the entire city.\n\n580 m\u00b2 floors, with a 30 m\u00b2 private terrace.\nCommon area with a multipurpose room for training, events, meetings, or conferences.\nCoffee lounge with a shared terrace on the 1st floor.\nChanging rooms with showers.\nLarge lobby accessing the building with a 360\u00ba LED screen.\nBicycle and scooter parking with electric chargers.\nCar parking in the same building with electric charging stations.\nBreeam, Well, and Wiredscore certifications.","properties_post_short_description_text":"Located in the prime area of 22@, next to the new Pla\u00e7a de les Gl\u00f2ries, Torre Llacuna is repositioning itself as a symbol of distinction for the companies of the future, offering offices with privileged panoramic views of the entire city.\n\n580 m\u00b2 floors, with a 30 m\u00b2 private terrace.\nCommon area with a multipurpose room for training, events, meetings, or conferences.\nCoffee lounge with a shared terrace on the 1st floor.\nChanging rooms with showers.\nLarge lobby accessing the building with a 360\u00ba LED screen.\nBicycle and scooter parking with electric chargers.\nCar parking in the same building with electric charging stations.\nBreeam, Well, and Wiredscore certifications.","properties_post_link_demanda_inmueble":"https:\/\/movin.cloud\/en\/Forcadell Oficinas Barcelona\/property-form-request\/sth\/2438&&11245059","properties_post_link_demanda_calendario_inmueble":"https:\/\/movin.cloud\/en\/Forcadell Oficinas Barcelona\/property-calendar-request\/sth\/2438&&11245059","properties_post_description_text":"Located in the prime area of 22@, next to the new Pla\u00e7a de les Gl\u00f2ries, Torre Llacuna is repositioning itself as a symbol of distinction for the companies of the future, offering offices with privileged panoramic views of the entire city.\n\n580 m\u00b2 floors, with a 30 m\u00b2 private terrace.\nCommon area with a multipurpose room for training, events, meetings, or conferences.\nCoffee lounge with a shared terrace on the 1st floor.\nChanging rooms with showers.\nLarge lobby accessing the building with a 360\u00ba LED screen.\nBicycle and scooter parking with electric chargers.\nCar parking in the same building with electric charging stations.\nBreeam, Well, and Wiredscore certifications.","properties_post_seo_title":"","properties_post_seo_alias":"","properties_post_seo_metadescription":"offices for rent Barcelona","properties_post_seo_key_words":"offices for rent Barcelona","properties_post_seo_url":"","properties_post_terms_conditions":""}],"post_type_properties_post_features_type":"building","post_type_properties_post_id_building":"","post_type_properties_post_features_area_constructed":6960,"post_type_properties_post_features_conditioned_air":false,"post_type_properties_post_features_doorman":false,"post_type_properties_post_features_heating":false,"post_type_properties_post_features_equipped_kitchen":false,"post_type_properties_post_features_windows_location":"","post_type_properties_post_features_floors_property":false,"post_type_properties_post_features_storage":false,"post_type_properties_post_features_security_door":false,"post_type_properties_post_features_energy_certificate_rating":"A","post_type_properties_post_features_energy_certificate_emissions_rating":"","post_type_properties_post_features_energy_certificate_emissions_value":"","post_type_properties_post_features_energy_certificate_performance":"","post_type_properties_post_features_bathroom_inside":false,"post_type_properties_post_precio":6380,"post_type_properties_post_precio_alquiler":"","post_type_properties_post_record_type_id":"Edificio","post_type_properties_post_categoria__producto":"Oficinas","post_type_properties_post_amueblado":false,"post_type_properties_post_precio_m2":"","post_type_properties_post_zona__comunitaria":false,"post_type_properties_post_electrodomesticos":false,"post_type_properties_post_patio__interior":true,"post_type_properties_post_certificado_energetico_general":"A","post_type_properties_post_certificado_energetico_consumo":"","post_type_properties_post_certificado_energetico_valor_emisiones":"","post_type_properties_post_certificado_energetico_valor_consumo":"","post_type_properties_post_modalidad":"rent","post_type_properties_post_provincia":"Barcelona","post_type_properties_post_poblacion":"Barcelona","post_type_properties_post_centro__urbano":false,"post_type_properties_post_zonificacion":"22 @","post_type_properties_post_cartera":"","post_type_properties_post_titulo_catalan":"TORRE LLACUNA - 22@ Sant Mart\u00ed - Barcelona","post_type_properties_post_internet_catalan":"Situat en la zona Prime del 22@, al costat de la nova Pla\u00e7a dels Gl\u00f2ries. Torre Llacuna es reposiciona com un s\u00edmbol de distinci\u00f3 per a les empreses del futur, oferint oficines amb vista panor\u00e0miques privilegiades de tota la ciutat.\n\n\u00c0rea comuna amb sala polivalent per a formaci\u00f3, esdeveniments, reunions o confer\u00e8ncies.\nCertificacions Breeam, Well & Wiredscore\nCoffee lounge amb terrassa comuna en planta 1a\nGran lobby d'acc\u00e9s a l'edifici amb pantalla LED 360\u00e8\nP\u00e0rquing de cotxes en el mateix edifici amb punts de c\u00e0rrega el\u00e8ctrica\nP\u00e0rquing per a bicicletes i patinets amb carregadors el\u00e8ctrics\nPlantes de 580 m\u00b2, amb terrassa privada de 30 m\u00b2.\nVestuaris amb dutxes","post_type_properties_post_titulo_castellano":"TORRE LLACUNA - 22@ Sant Mart\u00ed - Barcelona","post_type_properties_post_internet_castellano":"Ubicado en la zona Prime del 22@, junto a la nueva Pla\u00e7a de les Gl\u00f2ries. Torre Llacuna se reposiciona como un s\u00edmbolo de distinci\u00f3n para las empresas del futuro, ofreciendo oficinas con vistas panor\u00e1micas privilegiadas de toda la ciudad.\n\n\nPlantas de 580 m\u00b2, con terraza privada de 30 m\u00b2.\n\u00c1rea com\u00fan con sala polivalente para formaci\u00f3n, eventos, reuniones o conferencias.\nCoffee lounge con terraza com\u00fan en planta 1\u00aa\nVestuarios con duchas\nGran lobby de acceso al edificio con pantalla LED 360\u00ba\nParking para bicicletas y patinetes con cargadores el\u00e9ctricos\nParking de coches en el mismo edificio con puntos de carga el\u00e9ctrica\nCertificaciones Breeam, Well & Wiredscore\n","post_type_properties_post_titulo_ingles":"TORRE LLACUNA - 22@ Sant Mart\u00ed - Barcelona","post_type_properties_post_internet_ingles":"Located in the prime area of 22@, next to the new Pla\u00e7a de les Gl\u00f2ries, Torre Llacuna is repositioning itself as a symbol of distinction for the companies of the future, offering offices with privileged panoramic views of the entire city.\n\n580 m\u00b2 floors, with a 30 m\u00b2 private terrace.\nCommon area with a multipurpose room for training, events, meetings, or conferences.\nCoffee lounge with a shared terrace on the 1st floor.\nChanging rooms with showers.\nLarge lobby accessing the building with a 360\u00ba LED screen.\nBicycle and scooter parking with electric chargers.\nCar parking in the same building with electric charging stations.\nBreeam, Well, and Wiredscore certifications.","post_type_properties_post_features_classification_commercial":false,"post_type_properties_post_features_conservation":"fully_reformed","post_type_properties_post_features_security_personnel":true,"post_type_properties_post_features_parking_available":false,"post_type_properties_post_features_garage_capacity_type":"","post_type_properties_post_features_bathroom_number":"","post_type_properties_post_eje":"","post_type_properties_post_zona":"","post_type_properties_post_comarca":"","post_type_properties_post_features_built_year":"","post_type_properties_post_renta_mensual":0,"post_type_properties_post_fianza":"","post_type_properties_post_features_area_plot":"","post_type_properties_post_features_area_buildable":"","post_type_properties_post_features_classification_industrial":false,"post_type_properties_post_distrito":"","post_type_properties_post_features_balcony":false,"post_type_properties_post_features_bedroom_number":"","post_type_properties_post_features_heating_type":"","post_type_properties_post_features_equipped_with_furniture":false,"post_type_properties_post_features_pets_allowed":false,"post_type_properties_post_features_pool":false,"post_type_properties_post_features_terrace":false,"post_type_properties_post_features_wardrobes":false,"post_type_properties_post_features_lift_available":false,"post_type_properties_post_features_handicap_adapted_access":false,"post_type_properties_post_features_orientation_east":false,"post_type_properties_post_features_orientation_west":false,"post_type_properties_post_features_orientation_north":false,"post_type_properties_post_features_orientation_south":false,"post_type_properties_post_features_parking_spaces_number":"","post_type_properties_post_features_security_alarm":false,"post_type_properties_post_features_security_system":false,"post_type_properties_post_open_plan":false,"post_type_properties_post_acceso_24_7":false,"post_type_properties_post_oficina_privada":false,"post_type_properties_post_sala_reuniones":false,"post_type_properties_post_espacio_eventos":false,"post_type_properties_post_office":false,"post_type_properties_post_restaurant":false,"post_type_properties_post_acepta_traspaso":false,"post_type_properties_post_vigilancia":true,"post_type_properties_post_features_suite":false,"post_type_properties_post_features_vitro":false,"post_type_properties_post_features_oven":false,"post_type_properties_post_features_microwave":false,"post_type_properties_post_features_washing_machine":false,"post_type_properties_post_features_dryer":false,"post_type_properties_post_features_dishwasher":false,"post_type_properties_post_features_fridge":false,"post_type_properties_post_features_fridge_mini":false,"post_type_properties_post_features_kettle":false,"post_type_properties_post_features_toaster":false,"post_type_properties_post_features_coffee_maker":false,"post_type_properties_post_features_iron":false,"post_type_properties_post_features_ironing_board":false,"post_type_properties_post_features_safe":false,"post_type_properties_post_features_internet":false,"post_type_properties_post_features_solarium":false,"post_type_properties_post_features_clean_service":false,"post_type_properties_post_features_t_v":false,"post_type_properties_post_features_satellite_t_v":false,"post_type_properties_post_features_gas_kitchen":false,"post_type_properties_post_features_view_mountain":true,"post_type_properties_post_features_view_sea":true,"post_type_properties_post_features_concierge":true,"post_type_properties_post_features_loading_dock":false,"post_type_properties_post_features_bridge_crane":false,"post_type_properties_post_features_located_at_corner":false,"post_type_properties_post_features_smoke_extraction":false,"post_type_properties_post_features_rooms":"","post_type_properties_post_features_garden_area":"","post_type_properties_post_features_utilities_water":false,"post_type_properties_post_features_utilities_electricity":false,"post_type_properties_post_features_utilities_natural_gas":false,"post_type_properties_post_features_building_adapted":false,"post_type_properties_post_features_garden":false,"post_type_properties_post_features_classification_hotel":false,"post_type_properties_post_features_classification_chalet":false,"post_type_properties_post_certificado_energetico_emisiones":"A","post_type_properties_post_barrio":"","post_type_properties_post_distrito_empresa":"Sant Mart\u00ed","post_type_properties_post_features_property_category_intern":"","post_type_properties_post_implantada":false,"post_type_properties_post_sello_leed":"","post_type_properties_post_sello_well":"1","post_type_properties_post_sello_breeam":true,"post_type_properties_post_images":[{"properties_post_image_order":1,"properties_post_image_url":"https:\/\/movin.cloud\/empresas\/2438\/imagenes\/11245059\/rent-89.webp","properties_post_image_url_thumbnail":"https:\/\/movin.cloud\/empresas\/2438\/imagenes\/thumbnails\/11245059\/rent-89.webp","properties_post_title":"rent 89","properties_post_alt":"rent 89"},{"properties_post_image_order":2,"properties_post_image_url":"https:\/\/movin.cloud\/empresas\/2438\/imagenes\/11245059\/rent-87.webp","properties_post_image_url_thumbnail":"https:\/\/movin.cloud\/empresas\/2438\/imagenes\/thumbnails\/11245059\/rent-87.webp","properties_post_title":"rent 87","properties_post_alt":"rent 87"},{"properties_post_image_order":3,"properties_post_image_url":"https:\/\/movin.cloud\/empresas\/2438\/imagenes\/11245059\/rent-79.webp","properties_post_image_url_thumbnail":"https:\/\/movin.cloud\/empresas\/2438\/imagenes\/thumbnails\/11245059\/rent-79.webp","properties_post_title":"rent 79","properties_post_alt":"rent 79"},{"properties_post_image_order":4,"properties_post_image_url":"https:\/\/movin.cloud\/empresas\/2438\/imagenes\/11245059\/rent-81.webp","properties_post_image_url_thumbnail":"https:\/\/movin.cloud\/empresas\/2438\/imagenes\/thumbnails\/11245059\/rent-81.webp","properties_post_title":"rent 81","properties_post_alt":"rent 81"},{"properties_post_image_order":5,"properties_post_image_url":"https:\/\/movin.cloud\/empresas\/2438\/imagenes\/11245059\/rent-80.webp","properties_post_image_url_thumbnail":"https:\/\/movin.cloud\/empresas\/2438\/imagenes\/thumbnails\/11245059\/rent-80.webp","properties_post_title":"rent 80","properties_post_alt":"rent 80"},{"properties_post_image_order":6,"properties_post_image_url":"https:\/\/movin.cloud\/empresas\/2438\/imagenes\/11245059\/rent-82.webp","properties_post_image_url_thumbnail":"https:\/\/movin.cloud\/empresas\/2438\/imagenes\/thumbnails\/11245059\/rent-82.webp","properties_post_title":"rent 82","properties_post_alt":"rent 82"},{"properties_post_image_order":7,"properties_post_image_url":"https:\/\/movin.cloud\/empresas\/2438\/imagenes\/11245059\/rent-77.webp","properties_post_image_url_thumbnail":"https:\/\/movin.cloud\/empresas\/2438\/imagenes\/thumbnails\/11245059\/rent-77.webp","properties_post_title":"rent 77","properties_post_alt":"rent 77"},{"properties_post_image_order":8,"properties_post_image_url":"https:\/\/movin.cloud\/empresas\/2438\/imagenes\/11245059\/rent-84.webp","properties_post_image_url_thumbnail":"https:\/\/movin.cloud\/empresas\/2438\/imagenes\/thumbnails\/11245059\/rent-84.webp","properties_post_title":"rent 84","properties_post_alt":"rent 84"},{"properties_post_image_order":9,"properties_post_image_url":"https:\/\/movin.cloud\/empresas\/2438\/imagenes\/11245059\/rent-85.webp","properties_post_image_url_thumbnail":"https:\/\/movin.cloud\/empresas\/2438\/imagenes\/thumbnails\/11245059\/rent-85.webp","properties_post_title":"rent 85","properties_post_alt":"rent 85"},{"properties_post_image_order":10,"properties_post_image_url":"https:\/\/movin.cloud\/empresas\/2438\/imagenes\/11245059\/rent-52.webp","properties_post_image_url_thumbnail":"https:\/\/movin.cloud\/empresas\/2438\/imagenes\/thumbnails\/11245059\/rent-52.webp","properties_post_title":"rent 52","properties_post_alt":"rent 52"},{"properties_post_image_order":11,"properties_post_image_url":"https:\/\/movin.cloud\/empresas\/2438\/imagenes\/11245059\/rent-78.webp","properties_post_image_url_thumbnail":"https:\/\/movin.cloud\/empresas\/2438\/imagenes\/thumbnails\/11245059\/rent-78.webp","properties_post_title":"rent 78","properties_post_alt":"rent 78"},{"properties_post_image_order":12,"properties_post_image_url":"https:\/\/movin.cloud\/empresas\/2438\/imagenes\/11245059\/rent-74.webp","properties_post_image_url_thumbnail":"https:\/\/movin.cloud\/empresas\/2438\/imagenes\/thumbnails\/11245059\/rent-74.webp","properties_post_title":"rent 74","properties_post_alt":"rent 74"},{"properties_post_image_order":13,"properties_post_image_url":"https:\/\/movin.cloud\/empresas\/2438\/imagenes\/11245059\/rent-69.webp","properties_post_image_url_thumbnail":"https:\/\/movin.cloud\/empresas\/2438\/imagenes\/thumbnails\/11245059\/rent-69.webp","properties_post_title":"rent 69","properties_post_alt":"rent 69"},{"properties_post_image_order":14,"properties_post_image_url":"https:\/\/movin.cloud\/empresas\/2438\/imagenes\/11245059\/rent-53.webp","properties_post_image_url_thumbnail":"https:\/\/movin.cloud\/empresas\/2438\/imagenes\/thumbnails\/11245059\/rent-53.webp","properties_post_title":"rent 53","properties_post_alt":"rent 53"},{"properties_post_image_order":15,"properties_post_image_url":"https:\/\/movin.cloud\/empresas\/2438\/imagenes\/11245059\/rent-58.webp","properties_post_image_url_thumbnail":"https:\/\/movin.cloud\/empresas\/2438\/imagenes\/thumbnails\/11245059\/rent-58.webp","properties_post_title":"rent 58","properties_post_alt":"rent 58"},{"properties_post_image_order":16,"properties_post_image_url":"https:\/\/movin.cloud\/empresas\/2438\/imagenes\/11245059\/rent-56.webp","properties_post_image_url_thumbnail":"https:\/\/movin.cloud\/empresas\/2438\/imagenes\/thumbnails\/11245059\/rent-56.webp","properties_post_title":"rent 56","properties_post_alt":"rent 56"},{"properties_post_image_order":17,"properties_post_image_url":"https:\/\/movin.cloud\/empresas\/2438\/imagenes\/11245059\/rent-67.webp","properties_post_image_url_thumbnail":"https:\/\/movin.cloud\/empresas\/2438\/imagenes\/thumbnails\/11245059\/rent-67.webp","properties_post_title":"rent 67","properties_post_alt":"rent 67"},{"properties_post_image_order":18,"properties_post_image_url":"https:\/\/movin.cloud\/empresas\/2438\/imagenes\/11245059\/rent-71.webp","properties_post_image_url_thumbnail":"https:\/\/movin.cloud\/empresas\/2438\/imagenes\/thumbnails\/11245059\/rent-71.webp","properties_post_title":"rent 71","properties_post_alt":"rent 71"},{"properties_post_image_order":19,"properties_post_image_url":"https:\/\/movin.cloud\/empresas\/2438\/imagenes\/11245059\/rent-72.webp","properties_post_image_url_thumbnail":"https:\/\/movin.cloud\/empresas\/2438\/imagenes\/thumbnails\/11245059\/rent-72.webp","properties_post_title":"rent 72","properties_post_alt":"rent 72"},{"properties_post_image_order":20,"properties_post_image_url":"https:\/\/movin.cloud\/empresas\/2438\/imagenes\/11245059\/en-alquiler-29.webp","properties_post_image_url_thumbnail":"https:\/\/movin.cloud\/empresas\/2438\/imagenes\/thumbnails\/11245059\/en-alquiler-29.webp","properties_post_title":"en alquiler 29","properties_post_alt":"en alquiler 29"},{"properties_post_image_order":21,"properties_post_image_url":"https:\/\/movin.cloud\/empresas\/2438\/imagenes\/11245059\/rent-83.webp","properties_post_image_url_thumbnail":"https:\/\/movin.cloud\/empresas\/2438\/imagenes\/thumbnails\/11245059\/rent-83.webp","properties_post_title":"rent 83","properties_post_alt":"rent 83"},{"properties_post_image_order":22,"properties_post_image_url":"https:\/\/movin.cloud\/empresas\/2438\/imagenes\/11245059\/rent-90.webp","properties_post_image_url_thumbnail":"https:\/\/movin.cloud\/empresas\/2438\/imagenes\/thumbnails\/11245059\/rent-90.webp","properties_post_title":"rent 90","properties_post_alt":"rent 90"},{"properties_post_image_order":23,"properties_post_image_url":"https:\/\/movin.cloud\/empresas\/2438\/imagenes\/11245059\/rent-91.webp","properties_post_image_url_thumbnail":"https:\/\/movin.cloud\/empresas\/2438\/imagenes\/thumbnails\/11245059\/rent-91.webp","properties_post_title":"rent 91","properties_post_alt":"rent 91"},{"properties_post_image_order":24,"properties_post_image_url":"https:\/\/movin.cloud\/empresas\/2438\/imagenes\/11245059\/rent-92.webp","properties_post_image_url_thumbnail":"https:\/\/movin.cloud\/empresas\/2438\/imagenes\/thumbnails\/11245059\/rent-92.webp","properties_post_title":"rent 92","properties_post_alt":"rent 92"},{"properties_post_image_order":25,"properties_post_image_url":"https:\/\/movin.cloud\/empresas\/2438\/imagenes\/11245059\/rent-93.webp","properties_post_image_url_thumbnail":"https:\/\/movin.cloud\/empresas\/2438\/imagenes\/thumbnails\/11245059\/rent-93.webp","properties_post_title":"rent 93","properties_post_alt":"rent 93"}],"post_type_properties_post_videos":null,"post_type_properties_post_tour":null,"post_type_properties_post_dossier_url":"","post_type_properties_post_operation_type":"rent","post_type_properties_post_operation_price":0,"post_type_properties_post_features_hidden_price":true},"yoast_head":"<!-- This site is optimized with the Yoast SEO plugin v27.4 - https:\/\/yoast.com\/product\/yoast-seo-wordpress\/ -->\n<title>TORRE LLACUNA - 22@ Sant Mart\u00ed - Barcelona - Forcadell<\/title>\n<meta name=\"robots\" content=\"index, follow, max-snippet:-1, max-image-preview:large, max-video-preview:-1\" \/>\n<link rel=\"canonical\" href=\"https:\/\/forcadell.com\/ca\/propiedades\/torre-llacuna-22-sant-marti-barcelona\/\" \/>\n<meta property=\"og:locale\" content=\"ca_ES\" \/>\n<meta property=\"og:type\" content=\"article\" \/>\n<meta property=\"og:title\" content=\"TORRE LLACUNA - 22@ Sant Mart\u00ed - Barcelona - Forcadell\" \/>\n<meta property=\"og:description\" content=\"Ubicado en la zona Prime del 22@, junto a la nueva Pla\u00e7a de les Gl\u00f2ries. Torre Llacuna se reposiciona como un s\u00edmbolo de distinci\u00f3n para las empresas del futuro, ofreciendo oficinas con vistas panor\u00e1micas privilegiadas de toda la ciudad. Plantas de 580 m\u00b2, con terraza privada de 30 m\u00b2. \u00c1rea com\u00fan con sala polivalente para [&hellip;]\" \/>\n<meta property=\"og:url\" content=\"https:\/\/forcadell.com\/ca\/propiedades\/torre-llacuna-22-sant-marti-barcelona\/\" \/>\n<meta property=\"og:site_name\" content=\"Forcadell\" \/>\n<meta property=\"article:modified_time\" content=\"2026-04-27T19:50:33+00:00\" \/>\n<meta name=\"twitter:card\" content=\"summary_large_image\" \/>\n<meta name=\"twitter:label1\" content=\"Temps estimat de lectura\" \/>\n\t<meta name=\"twitter:data1\" content=\"1 minut\" \/>\n<!-- \/ Yoast SEO plugin. -->","yoast_head_json":{"title":"TORRE LLACUNA - 22@ Sant Mart\u00ed - Barcelona - Forcadell","robots":{"index":"index","follow":"follow","max-snippet":"max-snippet:-1","max-image-preview":"max-image-preview:large","max-video-preview":"max-video-preview:-1"},"canonical":"https:\/\/forcadell.com\/ca\/propiedades\/torre-llacuna-22-sant-marti-barcelona\/","og_locale":"ca_ES","og_type":"article","og_title":"TORRE LLACUNA - 22@ Sant Mart\u00ed - Barcelona - Forcadell","og_description":"Ubicado en la zona Prime del 22@, junto a la nueva Pla\u00e7a de les Gl\u00f2ries. Torre Llacuna se reposiciona como un s\u00edmbolo de distinci\u00f3n para las empresas del futuro, ofreciendo oficinas con vistas panor\u00e1micas privilegiadas de toda la ciudad. Plantas de 580 m\u00b2, con terraza privada de 30 m\u00b2. \u00c1rea com\u00fan con sala polivalente para [&hellip;]","og_url":"https:\/\/forcadell.com\/ca\/propiedades\/torre-llacuna-22-sant-marti-barcelona\/","og_site_name":"Forcadell","article_modified_time":"2026-04-27T19:50:33+00:00","twitter_card":"summary_large_image","twitter_misc":{"Temps estimat de lectura":"1 minut"},"schema":{"@context":"https:\/\/schema.org","@graph":[{"@type":"WebPage","@id":"https:\/\/forcadell.com\/ca\/propiedades\/torre-llacuna-22-sant-marti-barcelona\/","url":"https:\/\/forcadell.com\/ca\/propiedades\/torre-llacuna-22-sant-marti-barcelona\/","name":"TORRE LLACUNA - 22@ Sant Mart\u00ed - Barcelona - Forcadell","isPartOf":{"@id":"https:\/\/forcadell.com\/ca\/#website"},"datePublished":"2025-11-04T13:37:25+00:00","dateModified":"2026-04-27T19:50:33+00:00","breadcrumb":{"@id":"https:\/\/forcadell.com\/ca\/propiedades\/torre-llacuna-22-sant-marti-barcelona\/#breadcrumb"},"inLanguage":"ca","potentialAction":[{"@type":"ReadAction","target":["https:\/\/forcadell.com\/ca\/propiedades\/torre-llacuna-22-sant-marti-barcelona\/"]}]},{"@type":"BreadcrumbList","@id":"https:\/\/forcadell.com\/ca\/propiedades\/torre-llacuna-22-sant-marti-barcelona\/#breadcrumb","itemListElement":[{"@type":"ListItem","position":1,"name":"Portada","item":"https:\/\/forcadell.com\/ca\/"},{"@type":"ListItem","position":2,"name":"Properties","item":"https:\/\/forcadell.com\/ca\/propiedades\/"},{"@type":"ListItem","position":3,"name":"TORRE LLACUNA &#8211; 22@ Sant Mart\u00ed &#8211; Barcelona"}]},{"@type":"WebSite","@id":"https:\/\/forcadell.com\/ca\/#website","url":"https:\/\/forcadell.com\/ca\/","name":"Forcadell","description":"Inmobiliaria Barcelona | Consultores inmobiliarios","potentialAction":[{"@type":"SearchAction","target":{"@type":"EntryPoint","urlTemplate":"https:\/\/forcadell.com\/ca\/?s={search_term_string}"},"query-input":{"@type":"PropertyValueSpecification","valueRequired":true,"valueName":"search_term_string"}}],"inLanguage":"ca"}]}},"_links":{"self":[{"href":"https:\/\/forcadell.com\/ca\/wp-json\/wp\/v2\/properties_post\/57260","targetHints":{"allow":["GET"]}}],"collection":[{"href":"https:\/\/forcadell.com\/ca\/wp-json\/wp\/v2\/properties_post"}],"about":[{"href":"https:\/\/forcadell.com\/ca\/wp-json\/wp\/v2\/types\/properties_post"}],"wp:attachment":[{"href":"https:\/\/forcadell.com\/ca\/wp-json\/wp\/v2\/media?parent=57260"}],"curies":[{"name":"wp","href":"https:\/\/api.w.org\/{rel}","templated":true}]}}