{"id":57249,"date":"2025-11-04T15:36:52","date_gmt":"2025-11-04T13:36:52","guid":{"rendered":"https:\/\/www.forcadell.com\/propiedades\/oficina-de-lloguer-amb-vistes-panoramiques-a-torre-ponent-pg-zona-franca\/"},"modified":"2026-04-26T09:03:58","modified_gmt":"2026-04-26T07:03:58","slug":"oficina-de-lloguer-amb-vistes-panoramiques-a-torre-ponent-pg-zona-franca","status":"publish","type":"properties_post","link":"https:\/\/forcadell.com\/ca\/propiedades\/oficina-de-lloguer-amb-vistes-panoramiques-a-torre-ponent-pg-zona-franca\/","title":{"rendered":"TORRE PONENT"},"content":{"rendered":"<p>\u00a1Haz de tu espacio de trabajo un lugar \u00fanico en Torre Ponent &#8211; Porta Firal!<\/p>\n<p>Disfruta de una incre\u00edble terraza en el rooftop de la planta 22, el lugar perfecto para relajarte y disfrutar de unas vistas impresionantes.<\/p>\n<p>Servicios para facilitar tu d\u00eda a d\u00eda:<\/p>\n<p>Zona de vending y servicio de carter\u00eda<br \/>\nWifi en el hall y entrada del edificio<br \/>\nCobertura m\u00f3vil en todo el edificio, parking y ascensores<br \/>\nAscensores modernos y control de acceso con tarjeta<br \/>\nTaquillas inteligentes MAYORDOMO para mayor comodidad<br \/>\nLavalocker: servicio de tintorer\u00eda<br \/>\nVarias opciones de comida en PB Torre Esteve (Tento, Viena, Faborit)<br \/>\nGimnasio con vestuarios y duchas en el edificio (-1)<br \/>\nFibra \u00f3ptica para estar siempre conectado<\/p>\n<p>Conexi\u00f3n f\u00e1cil para moverte:<\/p>\n<p>Metro: L10 \u201cFoc\u201d; L9 \u201cFira\u201d y \u201cPlaza Europa\u201d<br \/>\nBus: H16, V3, 23, 109, 37<br \/>\nFGC: R5, R6, R50, R60, S4, S8, S33, L8<\/p>\n","protected":false},"template":"","class_list":["post-57249","properties_post","type-properties_post","status-publish","hentry","properties_modality-rent","properties_district-sants-montjuic","properties_province-barcelona","properties_zone-nba-fira-zona-pl-europa-fira-district","properties_state-barcelona","properties_subclass-oficina","properties_type-oficina"],"acf":{"post_type_properties_post_property_code":"239284","post_type_properties_post_property_reference":"IE-197175","post_type_properties_post_owner_id":"50695","post_type_properties_post_owner_name":"IBERDROLA INMOBILIARIA PATRIMONIO S.A.U","post_type_properties_post_property_code_encrypted":"MjkkMjM4NTE=","post_type_properties_post_published":"1","post_type_properties_post_property_visibility":"idealista","post_type_properties_post_contact_name":"Forcadell Oficinas Barcelona","post_type_properties_post_contact_email":"forcadell.oficinas.barcelona@movin.cloud","post_type_properties_post_contact_primary_phone_prefix":"34","post_type_properties_post_contact_primary_phone_number":"934965413","post_type_properties_post_address_visibility":"street","post_type_properties_post_address_country":"Spain","post_type_properties_post_address_coordinates_precision":"exact","post_type_properties_post_address_postal_code":"08038","post_type_properties_post_address_coordinates_latitude":"41.356673000002","post_type_properties_post_address_coordinates_longitude":"2.141272000002","post_type_properties_post_address_street_name":"PS Zona Franca 105","post_type_properties_post_address_floor":"16","post_type_properties_post_address_town":"Barcelona","post_type_properties_post_building":null,"post_type_properties_post_property":[{"properties_post_description_language":"catalan","properties_post_title":"TORRE PONENT","properties_post_short_description_text_alt":"","properties_post_description_text_alt":"","properties_post_short_description_text":" ","properties_post_link_demanda_inmueble":"https:\/\/movin.cloud\/ca\/Forcadell Oficinas Barcelona\/formulari-peticio-immoble\/sth\/2438&&239284","properties_post_link_demanda_calendario_inmueble":"https:\/\/movin.cloud\/ca\/Forcadell Oficinas Barcelona\/calendari-peticio-immoble\/sth\/2438&&239284","properties_post_description_text":"Fes del teu espai de treball un lloc \u00fanic a Torre Ponent - Porta Firal!\n\nGaudeix d\u00b4una incre\u00efble terrassa al rooftop de la planta 22, el lloc perfecte per relaxar-te i gaudir d\u00b4unes vistes impressionants.\n\nServeis per facilitar el teu dia a dia:\n\nZona de vending i servei de carteria\nWifi al vest\u00edbul i entrada de l'edifici\nCobertura m\u00f2bil a tot l'edifici, p\u00e0rquing i ascensors\nAscensors moderns i control d'acc\u00e9s amb targeta\nTaquilles intel\u00b7ligents MAJORDOM per a m\u00e9s comoditat\nLavalocker: servei de tintoreria\nDiverses opcions de menjar a PB Torre Esteve (Tento, Viena, Faborit)\nGimn\u00e0s amb vestidors i dutxes a l'edifici (-1)\nFibra \u00f2ptica per estar sempre connectat\n\nConnexi\u00f3 f\u00e0cil per moure't:\n\nMetro: L10 \u201cFoc\u201d; L9 \u201cFira\u201d i \u201cPla\u00e7a Europa\u201d\nBus: H16, V3, 23, 109, 37\nFGC: R5, R6, R50, R60, S4, S8, S33, L8","properties_post_seo_title":"","properties_post_seo_alias":"","properties_post_seo_metadescription":"","properties_post_seo_key_words":"","properties_post_seo_url":"","properties_post_terms_conditions":""},{"properties_post_description_language":"spanish","properties_post_title":"TORRE PONENT","properties_post_short_description_text_alt":"","properties_post_description_text_alt":"","properties_post_short_description_text":" ","properties_post_link_demanda_inmueble":"https:\/\/movin.cloud\/es\/Forcadell Oficinas Barcelona\/formulario-peticion-inmueble\/sth\/2438&&239284","properties_post_link_demanda_calendario_inmueble":"https:\/\/movin.cloud\/es\/Forcadell Oficinas Barcelona\/calendario-peticion-inmueble\/sth\/2438&&239284","properties_post_description_text":"\u00a1Haz de tu espacio de trabajo un lugar \u00fanico en Torre Ponent - Porta Firal!\n\nDisfruta de una incre\u00edble terraza en el rooftop de la planta 22, el lugar perfecto para relajarte y disfrutar de unas vistas impresionantes.\n\nServicios para facilitar tu d\u00eda a d\u00eda:\n\nZona de vending y servicio de carter\u00eda\nWifi en el hall y entrada del edificio\nCobertura m\u00f3vil en todo el edificio, parking y ascensores\nAscensores modernos y control de acceso con tarjeta\nTaquillas inteligentes MAYORDOMO para mayor comodidad\nLavalocker: servicio de tintorer\u00eda\nVarias opciones de comida en PB Torre Esteve (Tento, Viena, Faborit)\nGimnasio con vestuarios y duchas en el edificio (-1)\nFibra \u00f3ptica para estar siempre conectado\n\nConexi\u00f3n f\u00e1cil para moverte:\n\nMetro: L10 \u201cFoc\u201d; L9 \u201cFira\u201d y \u201cPlaza Europa\u201d\nBus: H16, V3, 23, 109, 37\nFGC: R5, R6, R50, R60, S4, S8, S33, L8","properties_post_seo_title":"","properties_post_seo_alias":"","properties_post_seo_metadescription":"","properties_post_seo_key_words":"","properties_post_seo_url":"","properties_post_terms_conditions":""}],"post_type_properties_post_features_type":"office","post_type_properties_post_id_building":"MjkkMjc3NDI=","post_type_properties_post_features_area_constructed":1262,"post_type_properties_post_features_conditioned_air":true,"post_type_properties_post_features_doorman":false,"post_type_properties_post_features_heating":true,"post_type_properties_post_features_equipped_kitchen":false,"post_type_properties_post_features_windows_location":"exterior","post_type_properties_post_features_floors_property":false,"post_type_properties_post_features_storage":true,"post_type_properties_post_features_security_door":false,"post_type_properties_post_features_energy_certificate_rating":"A","post_type_properties_post_features_energy_certificate_emissions_rating":"A","post_type_properties_post_features_energy_certificate_emissions_value":11,"post_type_properties_post_features_energy_certificate_performance":47,"post_type_properties_post_features_bathroom_inside":false,"post_type_properties_post_precio":26502,"post_type_properties_post_precio_alquiler":26502,"post_type_properties_post_record_type_id":"Oficina","post_type_properties_post_categoria__producto":"Oficina","post_type_properties_post_amueblado":false,"post_type_properties_post_precio_m2":21,"post_type_properties_post_zona__comunitaria":false,"post_type_properties_post_electrodomesticos":false,"post_type_properties_post_patio__interior":false,"post_type_properties_post_certificado_energetico_general":"A","post_type_properties_post_certificado_energetico_consumo":"A","post_type_properties_post_certificado_energetico_valor_emisiones":11,"post_type_properties_post_certificado_energetico_valor_consumo":47,"post_type_properties_post_modalidad":"rent","post_type_properties_post_provincia":"Barcelona","post_type_properties_post_poblacion":"Barcelona","post_type_properties_post_centro__urbano":false,"post_type_properties_post_zonificacion":"NBA Fira - Zona Pl. Europa + Fira District","post_type_properties_post_cartera":"","post_type_properties_post_titulo_catalan":"TORRE PONENT","post_type_properties_post_internet_catalan":"Fes del teu espai de treball un lloc \u00fanic a Torre Ponent - Porta Firal!\n\nGaudeix d\u00b4una incre\u00efble terrassa al rooftop de la planta 22, el lloc perfecte per relaxar-te i gaudir d\u00b4unes vistes impressionants.\n\nServeis per facilitar el teu dia a dia:\n\nZona de vending i servei de carteria\nWifi al vest\u00edbul i entrada de l'edifici\nCobertura m\u00f2bil a tot l'edifici, p\u00e0rquing i ascensors\nAscensors moderns i control d'acc\u00e9s amb targeta\nTaquilles intel\u00b7ligents MAJORDOM per a m\u00e9s comoditat\nLavalocker: servei de tintoreria\nDiverses opcions de menjar a PB Torre Esteve (Tento, Viena, Faborit)\nGimn\u00e0s amb vestidors i dutxes a l'edifici (-1)\nFibra \u00f2ptica per estar sempre connectat\n\nConnexi\u00f3 f\u00e0cil per moure't:\n\nMetro: L10 \u201cFoc\u201d; L9 \u201cFira\u201d i \u201cPla\u00e7a Europa\u201d\nBus: H16, V3, 23, 109, 37\nFGC: R5, R6, R50, R60, S4, S8, S33, L8","post_type_properties_post_titulo_castellano":"TORRE PONENT","post_type_properties_post_internet_castellano":"\u00a1Haz de tu espacio de trabajo un lugar \u00fanico en Torre Ponent - Porta Firal!\n\nDisfruta de una incre\u00edble terraza en el rooftop de la planta 22, el lugar perfecto para relajarte y disfrutar de unas vistas impresionantes.\n\nServicios para facilitar tu d\u00eda a d\u00eda:\n\nZona de vending y servicio de carter\u00eda\nWifi en el hall y entrada del edificio\nCobertura m\u00f3vil en todo el edificio, parking y ascensores\nAscensores modernos y control de acceso con tarjeta\nTaquillas inteligentes MAYORDOMO para mayor comodidad\nLavalocker: servicio de tintorer\u00eda\nVarias opciones de comida en PB Torre Esteve (Tento, Viena, Faborit)\nGimnasio con vestuarios y duchas en el edificio (-1)\nFibra \u00f3ptica para estar siempre conectado\n\nConexi\u00f3n f\u00e1cil para moverte:\n\nMetro: L10 \u201cFoc\u201d; L9 \u201cFira\u201d y \u201cPlaza Europa\u201d\nBus: H16, V3, 23, 109, 37\nFGC: R5, R6, R50, R60, S4, S8, S33, L8","post_type_properties_post_titulo_ingles":"","post_type_properties_post_internet_ingles":"","post_type_properties_post_features_classification_commercial":false,"post_type_properties_post_features_conservation":"","post_type_properties_post_features_security_personnel":false,"post_type_properties_post_features_parking_available":false,"post_type_properties_post_features_garage_capacity_type":"","post_type_properties_post_features_bathroom_number":"","post_type_properties_post_eje":"","post_type_properties_post_zona":"","post_type_properties_post_comarca":"","post_type_properties_post_features_built_year":"","post_type_properties_post_renta_mensual":26502,"post_type_properties_post_fianza":"","post_type_properties_post_features_area_plot":"","post_type_properties_post_features_area_buildable":"","post_type_properties_post_features_classification_industrial":false,"post_type_properties_post_distrito":"","post_type_properties_post_features_balcony":false,"post_type_properties_post_features_bedroom_number":"","post_type_properties_post_features_heating_type":"","post_type_properties_post_features_equipped_with_furniture":false,"post_type_properties_post_features_pets_allowed":false,"post_type_properties_post_features_pool":false,"post_type_properties_post_features_terrace":false,"post_type_properties_post_features_wardrobes":false,"post_type_properties_post_features_lift_available":false,"post_type_properties_post_features_handicap_adapted_access":false,"post_type_properties_post_features_orientation_east":false,"post_type_properties_post_features_orientation_west":false,"post_type_properties_post_features_orientation_north":false,"post_type_properties_post_features_orientation_south":false,"post_type_properties_post_features_parking_spaces_number":"","post_type_properties_post_features_security_alarm":false,"post_type_properties_post_features_security_system":false,"post_type_properties_post_open_plan":false,"post_type_properties_post_acceso_24_7":false,"post_type_properties_post_oficina_privada":false,"post_type_properties_post_sala_reuniones":false,"post_type_properties_post_espacio_eventos":false,"post_type_properties_post_office":false,"post_type_properties_post_restaurant":false,"post_type_properties_post_acepta_traspaso":false,"post_type_properties_post_vigilancia":false,"post_type_properties_post_features_suite":false,"post_type_properties_post_features_vitro":false,"post_type_properties_post_features_oven":false,"post_type_properties_post_features_microwave":false,"post_type_properties_post_features_washing_machine":false,"post_type_properties_post_features_dryer":false,"post_type_properties_post_features_dishwasher":false,"post_type_properties_post_features_fridge":false,"post_type_properties_post_features_fridge_mini":false,"post_type_properties_post_features_kettle":false,"post_type_properties_post_features_toaster":false,"post_type_properties_post_features_coffee_maker":false,"post_type_properties_post_features_iron":false,"post_type_properties_post_features_ironing_board":false,"post_type_properties_post_features_safe":false,"post_type_properties_post_features_internet":false,"post_type_properties_post_features_solarium":false,"post_type_properties_post_features_clean_service":false,"post_type_properties_post_features_t_v":false,"post_type_properties_post_features_satellite_t_v":false,"post_type_properties_post_features_gas_kitchen":false,"post_type_properties_post_features_view_mountain":false,"post_type_properties_post_features_view_sea":false,"post_type_properties_post_features_concierge":false,"post_type_properties_post_features_loading_dock":false,"post_type_properties_post_features_bridge_crane":false,"post_type_properties_post_features_located_at_corner":false,"post_type_properties_post_features_smoke_extraction":false,"post_type_properties_post_features_rooms":"","post_type_properties_post_features_garden_area":"","post_type_properties_post_features_utilities_water":false,"post_type_properties_post_features_utilities_electricity":false,"post_type_properties_post_features_utilities_natural_gas":false,"post_type_properties_post_features_building_adapted":false,"post_type_properties_post_features_garden":false,"post_type_properties_post_features_classification_hotel":false,"post_type_properties_post_features_classification_chalet":false,"post_type_properties_post_certificado_energetico_emisiones":"A","post_type_properties_post_barrio":"","post_type_properties_post_distrito_empresa":"Sants-Montju\u00efc","post_type_properties_post_features_property_category_intern":"","post_type_properties_post_implantada":false,"post_type_properties_post_sello_leed":"","post_type_properties_post_sello_well":"2","post_type_properties_post_sello_breeam":true,"post_type_properties_post_images":[{"properties_post_image_order":1,"properties_post_image_url":"https:\/\/movin.cloud\/empresas\/2438\/imagenes\/239284\/alquiler-para-idealista-barcelona.webp","properties_post_image_url_thumbnail":"https:\/\/movin.cloud\/empresas\/2438\/imagenes\/thumbnails\/239284\/alquiler-para-idealista-barcelona.webp","properties_post_title":"alquiler para idealista barcelona","properties_post_alt":"alquiler para idealista barcelona"},{"properties_post_image_order":2,"properties_post_image_url":"https:\/\/movin.cloud\/empresas\/2438\/imagenes\/239284\/alquilar-barcelona.webp","properties_post_image_url_thumbnail":"https:\/\/movin.cloud\/empresas\/2438\/imagenes\/thumbnails\/239284\/alquilar-barcelona.webp","properties_post_title":"alquilar barcelona","properties_post_alt":"alquilar barcelona"},{"properties_post_image_order":3,"properties_post_image_url":"https:\/\/movin.cloud\/empresas\/2438\/imagenes\/239284\/alquiler-barcelona.webp","properties_post_image_url_thumbnail":"https:\/\/movin.cloud\/empresas\/2438\/imagenes\/thumbnails\/239284\/alquiler-barcelona.webp","properties_post_title":"alquiler barcelona","properties_post_alt":"alquiler barcelona"},{"properties_post_image_order":4,"properties_post_image_url":"https:\/\/movin.cloud\/empresas\/2438\/imagenes\/239284\/alquiler-idealistas-barcelona.webp","properties_post_image_url_thumbnail":"https:\/\/movin.cloud\/empresas\/2438\/imagenes\/thumbnails\/239284\/alquiler-idealistas-barcelona.webp","properties_post_title":"alquiler idealistas barcelona","properties_post_alt":"alquiler idealistas barcelona"},{"properties_post_image_order":5,"properties_post_image_url":"https:\/\/movin.cloud\/empresas\/2438\/imagenes\/239284\/alquiler-para-idealistas-barcelona.webp","properties_post_image_url_thumbnail":"https:\/\/movin.cloud\/empresas\/2438\/imagenes\/thumbnails\/239284\/alquiler-para-idealistas-barcelona.webp","properties_post_title":"alquiler para idealistas barcelona","properties_post_alt":"alquiler para idealistas barcelona"},{"properties_post_image_order":6,"properties_post_image_url":"https:\/\/movin.cloud\/empresas\/2438\/imagenes\/239284\/viviendas-barcelona.webp","properties_post_image_url_thumbnail":"https:\/\/movin.cloud\/empresas\/2438\/imagenes\/thumbnails\/239284\/viviendas-barcelona.webp","properties_post_title":"viviendas barcelona","properties_post_alt":"viviendas barcelona"},{"properties_post_image_order":7,"properties_post_image_url":"https:\/\/movin.cloud\/empresas\/2438\/imagenes\/239284\/en-alquiler-barcelona.webp","properties_post_image_url_thumbnail":"https:\/\/movin.cloud\/empresas\/2438\/imagenes\/thumbnails\/239284\/en-alquiler-barcelona.webp","properties_post_title":"en alquiler barcelona","properties_post_alt":"en alquiler barcelona"},{"properties_post_image_order":8,"properties_post_image_url":"https:\/\/movin.cloud\/empresas\/2438\/imagenes\/239284\/inmobiliarias-barcelona.webp","properties_post_image_url_thumbnail":"https:\/\/movin.cloud\/empresas\/2438\/imagenes\/thumbnails\/239284\/inmobiliarias-barcelona.webp","properties_post_title":"inmobiliarias barcelona","properties_post_alt":"inmobiliarias barcelona"},{"properties_post_image_order":9,"properties_post_image_url":"https:\/\/movin.cloud\/empresas\/2438\/imagenes\/239284\/inmobiliaria-barcelona.webp","properties_post_image_url_thumbnail":"https:\/\/movin.cloud\/empresas\/2438\/imagenes\/thumbnails\/239284\/inmobiliaria-barcelona.webp","properties_post_title":"inmobiliaria barcelona","properties_post_alt":"inmobiliaria barcelona"},{"properties_post_image_order":10,"properties_post_image_url":"https:\/\/movin.cloud\/empresas\/2438\/imagenes\/239284\/barcelona-en-alquiler.webp","properties_post_image_url_thumbnail":"https:\/\/movin.cloud\/empresas\/2438\/imagenes\/thumbnails\/239284\/barcelona-en-alquiler.webp","properties_post_title":"barcelona en alquiler","properties_post_alt":"barcelona en alquiler"},{"properties_post_image_order":11,"properties_post_image_url":"https:\/\/movin.cloud\/empresas\/2438\/imagenes\/239284\/barcelona-alquiler.webp","properties_post_image_url_thumbnail":"https:\/\/movin.cloud\/empresas\/2438\/imagenes\/thumbnails\/239284\/barcelona-alquiler.webp","properties_post_title":"barcelona alquiler","properties_post_alt":"barcelona alquiler"},{"properties_post_image_order":12,"properties_post_image_url":"https:\/\/movin.cloud\/empresas\/2438\/imagenes\/239284\/inmobiliaria.webp","properties_post_image_url_thumbnail":"https:\/\/movin.cloud\/empresas\/2438\/imagenes\/thumbnails\/239284\/inmobiliaria.webp","properties_post_title":"inmobiliaria","properties_post_alt":"inmobiliaria"},{"properties_post_image_order":13,"properties_post_image_url":"https:\/\/movin.cloud\/empresas\/2438\/imagenes\/239284\/barcelona-alquiler-idealistas.webp","properties_post_image_url_thumbnail":"https:\/\/movin.cloud\/empresas\/2438\/imagenes\/thumbnails\/239284\/barcelona-alquiler-idealistas.webp","properties_post_title":"barcelona alquiler idealistas","properties_post_alt":"barcelona alquiler idealistas"},{"properties_post_image_order":14,"properties_post_image_url":"https:\/\/movin.cloud\/empresas\/2438\/imagenes\/239284\/barcelona-habitalia.webp","properties_post_image_url_thumbnail":"https:\/\/movin.cloud\/empresas\/2438\/imagenes\/thumbnails\/239284\/barcelona-habitalia.webp","properties_post_title":"barcelona habitalia","properties_post_alt":"barcelona habitalia"},{"properties_post_image_order":15,"properties_post_image_url":"https:\/\/movin.cloud\/empresas\/2438\/imagenes\/239284\/barcelona-alquilar.webp","properties_post_image_url_thumbnail":"https:\/\/movin.cloud\/empresas\/2438\/imagenes\/thumbnails\/239284\/barcelona-alquilar.webp","properties_post_title":"barcelona alquilar","properties_post_alt":"barcelona alquilar"}],"post_type_properties_post_videos":null,"post_type_properties_post_tour":null,"post_type_properties_post_dossier_url":"","post_type_properties_post_operation_type":"rent","post_type_properties_post_operation_price":26502,"post_type_properties_post_features_hidden_price":false},"yoast_head":"<!-- This site is optimized with the Yoast SEO plugin v25.6 - https:\/\/yoast.com\/wordpress\/plugins\/seo\/ -->\n<title>TORRE PONENT - Forcadell<\/title>\n<meta name=\"robots\" content=\"index, follow, max-snippet:-1, max-image-preview:large, max-video-preview:-1\" \/>\n<link rel=\"canonical\" href=\"https:\/\/forcadell.com\/ca\/propiedades\/oficina-de-lloguer-amb-vistes-panoramiques-a-torre-ponent-pg-zona-franca\/\" \/>\n<meta property=\"og:locale\" content=\"ca_ES\" \/>\n<meta property=\"og:type\" content=\"article\" \/>\n<meta property=\"og:title\" content=\"TORRE PONENT - Forcadell\" \/>\n<meta property=\"og:description\" content=\"\u00a1Haz de tu espacio de trabajo un lugar \u00fanico en Torre Ponent &#8211; Porta Firal! Disfruta de una incre\u00edble terraza en el rooftop de la planta 22, el lugar perfecto para relajarte y disfrutar de unas vistas impresionantes. Servicios para facilitar tu d\u00eda a d\u00eda: Zona de vending y servicio de carter\u00eda Wifi en el [&hellip;]\" \/>\n<meta property=\"og:url\" content=\"https:\/\/forcadell.com\/ca\/propiedades\/oficina-de-lloguer-amb-vistes-panoramiques-a-torre-ponent-pg-zona-franca\/\" \/>\n<meta property=\"og:site_name\" content=\"Forcadell\" \/>\n<meta property=\"article:modified_time\" content=\"2026-04-26T07:03:58+00:00\" \/>\n<meta name=\"twitter:card\" content=\"summary_large_image\" \/>\n<meta name=\"twitter:label1\" content=\"Temps estimat de lectura\" \/>\n\t<meta name=\"twitter:data1\" content=\"1 minut\" \/>\n<!-- \/ Yoast SEO plugin. -->","yoast_head_json":{"title":"TORRE PONENT - Forcadell","robots":{"index":"index","follow":"follow","max-snippet":"max-snippet:-1","max-image-preview":"max-image-preview:large","max-video-preview":"max-video-preview:-1"},"canonical":"https:\/\/forcadell.com\/ca\/propiedades\/oficina-de-lloguer-amb-vistes-panoramiques-a-torre-ponent-pg-zona-franca\/","og_locale":"ca_ES","og_type":"article","og_title":"TORRE PONENT - Forcadell","og_description":"\u00a1Haz de tu espacio de trabajo un lugar \u00fanico en Torre Ponent &#8211; Porta Firal! Disfruta de una incre\u00edble terraza en el rooftop de la planta 22, el lugar perfecto para relajarte y disfrutar de unas vistas impresionantes. Servicios para facilitar tu d\u00eda a d\u00eda: Zona de vending y servicio de carter\u00eda Wifi en el [&hellip;]","og_url":"https:\/\/forcadell.com\/ca\/propiedades\/oficina-de-lloguer-amb-vistes-panoramiques-a-torre-ponent-pg-zona-franca\/","og_site_name":"Forcadell","article_modified_time":"2026-04-26T07:03:58+00:00","twitter_card":"summary_large_image","twitter_misc":{"Temps estimat de lectura":"1 minut"},"schema":{"@context":"https:\/\/schema.org","@graph":[{"@type":"WebPage","@id":"https:\/\/forcadell.com\/ca\/propiedades\/oficina-de-lloguer-amb-vistes-panoramiques-a-torre-ponent-pg-zona-franca\/","url":"https:\/\/forcadell.com\/ca\/propiedades\/oficina-de-lloguer-amb-vistes-panoramiques-a-torre-ponent-pg-zona-franca\/","name":"TORRE PONENT - Forcadell","isPartOf":{"@id":"https:\/\/forcadell.com\/ca\/#website"},"datePublished":"2025-11-04T13:36:52+00:00","dateModified":"2026-04-26T07:03:58+00:00","breadcrumb":{"@id":"https:\/\/forcadell.com\/ca\/propiedades\/oficina-de-lloguer-amb-vistes-panoramiques-a-torre-ponent-pg-zona-franca\/#breadcrumb"},"inLanguage":"ca","potentialAction":[{"@type":"ReadAction","target":["https:\/\/forcadell.com\/ca\/propiedades\/oficina-de-lloguer-amb-vistes-panoramiques-a-torre-ponent-pg-zona-franca\/"]}]},{"@type":"BreadcrumbList","@id":"https:\/\/forcadell.com\/ca\/propiedades\/oficina-de-lloguer-amb-vistes-panoramiques-a-torre-ponent-pg-zona-franca\/#breadcrumb","itemListElement":[{"@type":"ListItem","position":1,"name":"Portada","item":"https:\/\/forcadell.com\/ca\/"},{"@type":"ListItem","position":2,"name":"Properties","item":"https:\/\/forcadell.com\/ca\/propiedades\/"},{"@type":"ListItem","position":3,"name":"TORRE PONENT"}]},{"@type":"WebSite","@id":"https:\/\/forcadell.com\/ca\/#website","url":"https:\/\/forcadell.com\/ca\/","name":"Forcadell","description":"Inmobiliaria Barcelona | Consultores inmobiliarios","potentialAction":[{"@type":"SearchAction","target":{"@type":"EntryPoint","urlTemplate":"https:\/\/forcadell.com\/ca\/?s={search_term_string}"},"query-input":{"@type":"PropertyValueSpecification","valueRequired":true,"valueName":"search_term_string"}}],"inLanguage":"ca"}]}},"_links":{"self":[{"href":"https:\/\/forcadell.com\/ca\/wp-json\/wp\/v2\/properties_post\/57249"}],"collection":[{"href":"https:\/\/forcadell.com\/ca\/wp-json\/wp\/v2\/properties_post"}],"about":[{"href":"https:\/\/forcadell.com\/ca\/wp-json\/wp\/v2\/types\/properties_post"}],"wp:attachment":[{"href":"https:\/\/forcadell.com\/ca\/wp-json\/wp\/v2\/media?parent=57249"}],"curies":[{"name":"wp","href":"https:\/\/api.w.org\/{rel}","templated":true}]}}