{"id":57247,"date":"2025-11-04T15:36:48","date_gmt":"2025-11-04T13:36:48","guid":{"rendered":"https:\/\/www.forcadell.com\/propiedades\/oficina-luminosa-y-diafana-disponible-en-porta-firal-torre-ponent\/"},"modified":"2026-04-26T21:00:09","modified_gmt":"2026-04-26T19:00:09","slug":"oficina-luminosa-y-diafana-disponible-en-porta-firal-torre-ponent","status":"publish","type":"properties_post","link":"https:\/\/forcadell.com\/ca\/propiedades\/oficina-luminosa-y-diafana-disponible-en-porta-firal-torre-ponent\/","title":{"rendered":"TORRE PONENT"},"content":{"rendered":"<p>Oficinas exteriores, muy luminosas y di\u00e1fanas en alquiler en Torre Ponent &#8211; Porta Firal. <\/p>\n<p>Disponen de climatizaci\u00f3n fr\u00edo-calor, suelo t\u00e9cnico, falso techo registrable, sistema antiincendios, aseos comunitarios por planta. <\/p>\n<p>Edificio corporativo aislado con fachada acristalada, accesos adaptados, servicio de vigilancia 24 horas, parking. Cuenta con 6 ascensores y montacargas. Zona ajardinada.<\/p>\n<p>Servicios:<br \/>\nMantenimiento de 8h-20h<br \/>\nParking veh\u00edculos el\u00e9ctrico<br \/>\nParking Bicis<br \/>\nZona de vending<br \/>\nServicio de Carter\u00eda<br \/>\nWifi en hall y la entrada del edificio<br \/>\nCobertura m\u00f3vil en todo el edificio, parking y ascensores<br \/>\nConexi\u00f3n a Fibra \u00d3ptica<br \/>\nPosibilidad de alquilar una de las pantas vac\u00edas para un evento (impresionantes vistas al mar y a la ciudad)<br \/>\nFood Truck en la entrada del edificio de forma peri\u00f3dica<br \/>\nEventos solidarios<br \/>\nLavalocker<br \/>\nLavado de coches en el Parking (-1)<br \/>\nVarios descuentos en servicios de la zona: (Padel, restauraci\u00f3n, taller de coches, Gran V\u00eda 2, etc )<br \/>\nEspacio de Gym en el edifcio (-1)<br \/>\nVestuarios y duchas en el edificio (-1)<\/p>\n<p>Certificado de eficiencia energ\u00e9tica A<br \/>\nCertificados Breeam y Well Platinum<\/p>\n<p>Transportes y comunicaciones: <\/p>\n<p>Metro: L10 \u201cFoc\u201d; L9 \u201cFira\u201d y \u201cPlaza Europa\u201d<br \/>\nBus: H16, V3, 23, 109, 37<br \/>\nFGC: R5, R6, R50, R60, S4, S8, S33, L8<\/p>\n","protected":false},"template":"","class_list":["post-57247","properties_post","type-properties_post","status-publish","hentry","properties_modality-rent","properties_district-sants-montjuic","properties_province-barcelona","properties_zone-nba-fira-zona-pl-europa-fira-district","properties_state-barcelona","properties_subclass-oficina","properties_type-oficina"],"acf":{"post_type_properties_post_property_code":"239277","post_type_properties_post_property_reference":"IE-197168","post_type_properties_post_owner_id":"50695","post_type_properties_post_owner_name":"IBERDROLA INMOBILIARIA PATRIMONIO S.A.U","post_type_properties_post_property_code_encrypted":"MjkkMjM4NDQ=","post_type_properties_post_published":"1","post_type_properties_post_property_visibility":"idealista","post_type_properties_post_contact_name":"Forcadell Oficinas Barcelona","post_type_properties_post_contact_email":"forcadell.oficinas.barcelona@movin.cloud","post_type_properties_post_contact_primary_phone_prefix":"34","post_type_properties_post_contact_primary_phone_number":"934965413","post_type_properties_post_address_visibility":"street","post_type_properties_post_address_country":"Spain","post_type_properties_post_address_coordinates_precision":"exact","post_type_properties_post_address_postal_code":"08038","post_type_properties_post_address_coordinates_latitude":"41.356673000002","post_type_properties_post_address_coordinates_longitude":"2.141272000002","post_type_properties_post_address_street_name":"PASEO Zona Franca N\u00ba 105","post_type_properties_post_address_floor":"9","post_type_properties_post_address_town":"Barcelona","post_type_properties_post_building":null,"post_type_properties_post_property":[{"properties_post_description_language":"catalan","properties_post_title":"TORRE PONENT","properties_post_short_description_text_alt":"","properties_post_description_text_alt":"","properties_post_short_description_text":" ","properties_post_link_demanda_inmueble":"https:\/\/movin.cloud\/ca\/Forcadell Oficinas Barcelona\/formulari-peticio-immoble\/sth\/2438&&239277","properties_post_link_demanda_calendario_inmueble":"https:\/\/movin.cloud\/ca\/Forcadell Oficinas Barcelona\/calendari-peticio-immoble\/sth\/2438&&239277","properties_post_description_text":"Oficines exteriors, molt lluminoses i di\u00e0fanes de lloguer a Torre Ponent - Porta Firal.\n\nDisposen de climatitzaci\u00f3 fred-calor, terra t\u00e8cnic, fals sostre registrable, sistema antiincendis, lavabos comunitaris per planta.\n\nEdifici corporatiu a\u00efllat amb fa\u00e7ana de vidre, accessos adaptats, servei de vigil\u00e0ncia 24 hores, p\u00e0rquing. Compte amb 6 ascensors i muntac\u00e0rregues. Zona enjardinada.\n\nServeis:\n\nManteniment de 8h-20h\nP\u00e0rquing vehicles el\u00e8ctric\nP\u00e0rquing Bicis\nZona de vending\nServei de Carteria\nWifi a vest\u00edbul i l'entrada de l'edifici\nCobertura m\u00f2bil a tot l'edifici, p\u00e0rquing i ascensors\nConnexi\u00f3 a Fibra \u00d2ptica\nPossibilitat de llogar una de les pantes buides per a un esdeveniment (impressionants vistes al mar ia la ciutat)\nFood Truck a l'entrada de l'edifici de forma peri\u00f2dica\nEsdeveniments solidaris\nLavalocker\nRentat de cotxes al Parking (-1)\nDiversos descomptes en serveis de la zona: (P\u00e0del, restauraci\u00f3, taller de cotxes, Gran Via 2, etc )\nEspai de Gym a l'edifci (-1)\nVestuaris i dutxes a l'edifici (-1)\n\nTransports i comunicacions:\n\nMetro: L10 \u201cFoc\u201d; L9 \u201cFira\u201d i \u201cPla\u00e7a Europa\u201d\nBus: H16, V3, 23, 109, 37\nFGC: R5, R6, R50, R60, S4, S8, S33, L8\n","properties_post_seo_title":"","properties_post_seo_alias":"","properties_post_seo_metadescription":"Oficina exterior, moderna i lluminosa a la Torre Ponent. Pg Zona Franca. Barcelona. Forcadell \u00e9s la seva ag\u00e8ncia de confian\u00e7a per al lloguer d'aquesta oficina.","properties_post_seo_key_words":"Oficina lloguer Pg Zona Franca, lloguer oficina Pg Zona Franca, oficina Pg Zona Franca","properties_post_seo_url":"","properties_post_terms_conditions":""},{"properties_post_description_language":"spanish","properties_post_title":"TORRE PONENT","properties_post_short_description_text_alt":"","properties_post_description_text_alt":"","properties_post_short_description_text":" ","properties_post_link_demanda_inmueble":"https:\/\/movin.cloud\/es\/Forcadell Oficinas Barcelona\/formulario-peticion-inmueble\/sth\/2438&&239277","properties_post_link_demanda_calendario_inmueble":"https:\/\/movin.cloud\/es\/Forcadell Oficinas Barcelona\/calendario-peticion-inmueble\/sth\/2438&&239277","properties_post_description_text":"Oficinas exteriores, muy luminosas y di\u00e1fanas en alquiler en Torre Ponent - Porta Firal. \n\nDisponen de climatizaci\u00f3n fr\u00edo-calor, suelo t\u00e9cnico, falso techo registrable, sistema antiincendios, aseos comunitarios por planta. \n\nEdificio corporativo aislado con fachada acristalada, accesos adaptados, servicio de vigilancia 24 horas, parking. Cuenta con 6 ascensores y montacargas. Zona ajardinada.\n\nServicios: \nMantenimiento de 8h-20h\nParking veh\u00edculos el\u00e9ctrico\nParking Bicis\nZona de vending\nServicio de Carter\u00eda\nWifi en hall y la entrada del edificio\nCobertura m\u00f3vil en todo el edificio, parking y ascensores\nConexi\u00f3n a Fibra \u00d3ptica\nPosibilidad de alquilar una de las pantas vac\u00edas para un evento (impresionantes vistas al mar y a la ciudad) \nFood Truck en la entrada del edificio de forma peri\u00f3dica\nEventos solidarios \nLavalocker\nLavado de coches en el Parking (-1)\nVarios descuentos en servicios de la zona: (Padel, restauraci\u00f3n, taller de coches, Gran V\u00eda 2, etc )\nEspacio de Gym en el edifcio (-1)\nVestuarios y duchas en el edificio (-1)\n\nCertificado de eficiencia energ\u00e9tica A\nCertificados Breeam y Well Platinum\n\nTransportes y comunicaciones: \n\nMetro: L10 \u201cFoc\u201d; L9 \u201cFira\u201d y \u201cPlaza Europa\u201d\nBus: H16, V3, 23, 109, 37\nFGC: R5, R6, R50, R60, S4, S8, S33, L8","properties_post_seo_title":"","properties_post_seo_alias":"","properties_post_seo_metadescription":"Oficina exterior, moderna y luminosa en Torre Ponent. Pg Zona Franca. Barcelona. Forcadell es su agencia de confianza para el alquiler de esta oficina.","properties_post_seo_key_words":"Oficina alquiler Pg Zona Franca, alquiler oficina Pg Zona Franca, oficina Pg Zona Franca","properties_post_seo_url":"","properties_post_terms_conditions":""}],"post_type_properties_post_features_type":"office","post_type_properties_post_id_building":"MjkkMjc3NDI=","post_type_properties_post_features_area_constructed":1262,"post_type_properties_post_features_conditioned_air":true,"post_type_properties_post_features_doorman":false,"post_type_properties_post_features_heating":true,"post_type_properties_post_features_equipped_kitchen":false,"post_type_properties_post_features_windows_location":"exterior","post_type_properties_post_features_floors_property":false,"post_type_properties_post_features_storage":true,"post_type_properties_post_features_security_door":false,"post_type_properties_post_features_energy_certificate_rating":"A","post_type_properties_post_features_energy_certificate_emissions_rating":"A","post_type_properties_post_features_energy_certificate_emissions_value":11,"post_type_properties_post_features_energy_certificate_performance":47,"post_type_properties_post_features_bathroom_inside":false,"post_type_properties_post_precio":23978,"post_type_properties_post_precio_alquiler":23978,"post_type_properties_post_record_type_id":"Oficina","post_type_properties_post_categoria__producto":"Oficina","post_type_properties_post_amueblado":false,"post_type_properties_post_precio_m2":19,"post_type_properties_post_zona__comunitaria":false,"post_type_properties_post_electrodomesticos":false,"post_type_properties_post_patio__interior":false,"post_type_properties_post_certificado_energetico_general":"A","post_type_properties_post_certificado_energetico_consumo":"A","post_type_properties_post_certificado_energetico_valor_emisiones":11,"post_type_properties_post_certificado_energetico_valor_consumo":47,"post_type_properties_post_modalidad":"rent","post_type_properties_post_provincia":"Barcelona","post_type_properties_post_poblacion":"Barcelona","post_type_properties_post_centro__urbano":false,"post_type_properties_post_zonificacion":"NBA Fira - Zona Pl. Europa + Fira District","post_type_properties_post_cartera":"","post_type_properties_post_titulo_catalan":"TORRE PONENT","post_type_properties_post_internet_catalan":"Oficines exteriors, molt lluminoses i di\u00e0fanes de lloguer a Torre Ponent - Porta Firal.\n\nDisposen de climatitzaci\u00f3 fred-calor, terra t\u00e8cnic, fals sostre registrable, sistema antiincendis, lavabos comunitaris per planta.\n\nEdifici corporatiu a\u00efllat amb fa\u00e7ana de vidre, accessos adaptats, servei de vigil\u00e0ncia 24 hores, p\u00e0rquing. Compte amb 6 ascensors i muntac\u00e0rregues. Zona enjardinada.\n\nServeis:\n\nManteniment de 8h-20h\nP\u00e0rquing vehicles el\u00e8ctric\nP\u00e0rquing Bicis\nZona de vending\nServei de Carteria\nWifi a vest\u00edbul i l'entrada de l'edifici\nCobertura m\u00f2bil a tot l'edifici, p\u00e0rquing i ascensors\nConnexi\u00f3 a Fibra \u00d2ptica\nPossibilitat de llogar una de les pantes buides per a un esdeveniment (impressionants vistes al mar ia la ciutat)\nFood Truck a l'entrada de l'edifici de forma peri\u00f2dica\nEsdeveniments solidaris\nLavalocker\nRentat de cotxes al Parking (-1)\nDiversos descomptes en serveis de la zona: (P\u00e0del, restauraci\u00f3, taller de cotxes, Gran Via 2, etc )\nEspai de Gym a l'edifci (-1)\nVestuaris i dutxes a l'edifici (-1)\n\nTransports i comunicacions:\n\nMetro: L10 \u201cFoc\u201d; L9 \u201cFira\u201d i \u201cPla\u00e7a Europa\u201d\nBus: H16, V3, 23, 109, 37\nFGC: R5, R6, R50, R60, S4, S8, S33, L8\n","post_type_properties_post_titulo_castellano":"TORRE PONENT","post_type_properties_post_internet_castellano":"Oficinas exteriores, muy luminosas y di\u00e1fanas en alquiler en Torre Ponent - Porta Firal. \n\nDisponen de climatizaci\u00f3n fr\u00edo-calor, suelo t\u00e9cnico, falso techo registrable, sistema antiincendios, aseos comunitarios por planta. \n\nEdificio corporativo aislado con fachada acristalada, accesos adaptados, servicio de vigilancia 24 horas, parking. Cuenta con 6 ascensores y montacargas. Zona ajardinada.\n\nServicios: \nMantenimiento de 8h-20h\nParking veh\u00edculos el\u00e9ctrico\nParking Bicis\nZona de vending\nServicio de Carter\u00eda\nWifi en hall y la entrada del edificio\nCobertura m\u00f3vil en todo el edificio, parking y ascensores\nConexi\u00f3n a Fibra \u00d3ptica\nPosibilidad de alquilar una de las pantas vac\u00edas para un evento (impresionantes vistas al mar y a la ciudad) \nFood Truck en la entrada del edificio de forma peri\u00f3dica\nEventos solidarios \nLavalocker\nLavado de coches en el Parking (-1)\nVarios descuentos en servicios de la zona: (Padel, restauraci\u00f3n, taller de coches, Gran V\u00eda 2, etc )\nEspacio de Gym en el edifcio (-1)\nVestuarios y duchas en el edificio (-1)\n\nCertificado de eficiencia energ\u00e9tica A\nCertificados Breeam y Well Platinum\n\nTransportes y comunicaciones: \n\nMetro: L10 \u201cFoc\u201d; L9 \u201cFira\u201d y \u201cPlaza Europa\u201d\nBus: H16, V3, 23, 109, 37\nFGC: R5, R6, R50, R60, S4, S8, S33, L8","post_type_properties_post_titulo_ingles":"","post_type_properties_post_internet_ingles":"","post_type_properties_post_features_classification_commercial":false,"post_type_properties_post_features_conservation":"","post_type_properties_post_features_security_personnel":false,"post_type_properties_post_features_parking_available":false,"post_type_properties_post_features_garage_capacity_type":"","post_type_properties_post_features_bathroom_number":"","post_type_properties_post_eje":"","post_type_properties_post_zona":"","post_type_properties_post_comarca":"","post_type_properties_post_features_built_year":"","post_type_properties_post_renta_mensual":23978,"post_type_properties_post_fianza":"","post_type_properties_post_features_area_plot":"","post_type_properties_post_features_area_buildable":"","post_type_properties_post_features_classification_industrial":false,"post_type_properties_post_distrito":"","post_type_properties_post_features_balcony":false,"post_type_properties_post_features_bedroom_number":"","post_type_properties_post_features_heating_type":"","post_type_properties_post_features_equipped_with_furniture":false,"post_type_properties_post_features_pets_allowed":false,"post_type_properties_post_features_pool":false,"post_type_properties_post_features_terrace":false,"post_type_properties_post_features_wardrobes":false,"post_type_properties_post_features_lift_available":false,"post_type_properties_post_features_handicap_adapted_access":false,"post_type_properties_post_features_orientation_east":false,"post_type_properties_post_features_orientation_west":false,"post_type_properties_post_features_orientation_north":false,"post_type_properties_post_features_orientation_south":false,"post_type_properties_post_features_parking_spaces_number":"","post_type_properties_post_features_security_alarm":false,"post_type_properties_post_features_security_system":false,"post_type_properties_post_open_plan":false,"post_type_properties_post_acceso_24_7":false,"post_type_properties_post_oficina_privada":false,"post_type_properties_post_sala_reuniones":false,"post_type_properties_post_espacio_eventos":false,"post_type_properties_post_office":false,"post_type_properties_post_restaurant":false,"post_type_properties_post_acepta_traspaso":false,"post_type_properties_post_vigilancia":true,"post_type_properties_post_features_suite":false,"post_type_properties_post_features_vitro":false,"post_type_properties_post_features_oven":false,"post_type_properties_post_features_microwave":false,"post_type_properties_post_features_washing_machine":false,"post_type_properties_post_features_dryer":false,"post_type_properties_post_features_dishwasher":false,"post_type_properties_post_features_fridge":false,"post_type_properties_post_features_fridge_mini":false,"post_type_properties_post_features_kettle":false,"post_type_properties_post_features_toaster":false,"post_type_properties_post_features_coffee_maker":false,"post_type_properties_post_features_iron":false,"post_type_properties_post_features_ironing_board":false,"post_type_properties_post_features_safe":false,"post_type_properties_post_features_internet":false,"post_type_properties_post_features_solarium":false,"post_type_properties_post_features_clean_service":false,"post_type_properties_post_features_t_v":false,"post_type_properties_post_features_satellite_t_v":false,"post_type_properties_post_features_gas_kitchen":false,"post_type_properties_post_features_view_mountain":false,"post_type_properties_post_features_view_sea":false,"post_type_properties_post_features_concierge":false,"post_type_properties_post_features_loading_dock":false,"post_type_properties_post_features_bridge_crane":false,"post_type_properties_post_features_located_at_corner":false,"post_type_properties_post_features_smoke_extraction":false,"post_type_properties_post_features_rooms":"","post_type_properties_post_features_garden_area":"","post_type_properties_post_features_utilities_water":false,"post_type_properties_post_features_utilities_electricity":false,"post_type_properties_post_features_utilities_natural_gas":false,"post_type_properties_post_features_building_adapted":false,"post_type_properties_post_features_garden":false,"post_type_properties_post_features_classification_hotel":false,"post_type_properties_post_features_classification_chalet":false,"post_type_properties_post_certificado_energetico_emisiones":"A","post_type_properties_post_barrio":"","post_type_properties_post_distrito_empresa":"Sants-Montju\u00efc","post_type_properties_post_features_property_category_intern":"","post_type_properties_post_implantada":false,"post_type_properties_post_sello_leed":"1","post_type_properties_post_sello_well":"2","post_type_properties_post_sello_breeam":true,"post_type_properties_post_images":[{"properties_post_image_order":1,"properties_post_image_url":"https:\/\/movin.cloud\/empresas\/2438\/imagenes\/239277\/inmobiliarias-barcelona.webp","properties_post_image_url_thumbnail":"https:\/\/movin.cloud\/empresas\/2438\/imagenes\/thumbnails\/239277\/inmobiliarias-barcelona.webp","properties_post_title":"inmobiliarias barcelona","properties_post_alt":"inmobiliarias barcelona"},{"properties_post_image_order":2,"properties_post_image_url":"https:\/\/movin.cloud\/empresas\/2438\/imagenes\/239277\/habitalia-barcelona.webp","properties_post_image_url_thumbnail":"https:\/\/movin.cloud\/empresas\/2438\/imagenes\/thumbnails\/239277\/habitalia-barcelona.webp","properties_post_title":"habitalia barcelona","properties_post_alt":"habitalia barcelona"},{"properties_post_image_order":3,"properties_post_image_url":"https:\/\/movin.cloud\/empresas\/2438\/imagenes\/239277\/alquilar.webp","properties_post_image_url_thumbnail":"https:\/\/movin.cloud\/empresas\/2438\/imagenes\/thumbnails\/239277\/alquilar.webp","properties_post_title":"alquilar","properties_post_alt":"alquilar"},{"properties_post_image_order":4,"properties_post_image_url":"https:\/\/movin.cloud\/empresas\/2438\/imagenes\/239277\/alquiler-idealistas.webp","properties_post_image_url_thumbnail":"https:\/\/movin.cloud\/empresas\/2438\/imagenes\/thumbnails\/239277\/alquiler-idealistas.webp","properties_post_title":"alquiler idealistas","properties_post_alt":"alquiler idealistas"},{"properties_post_image_order":5,"properties_post_image_url":"https:\/\/movin.cloud\/empresas\/2438\/imagenes\/239277\/alquiler-barcelona.webp","properties_post_image_url_thumbnail":"https:\/\/movin.cloud\/empresas\/2438\/imagenes\/thumbnails\/239277\/alquiler-barcelona.webp","properties_post_title":"alquiler barcelona","properties_post_alt":"alquiler barcelona"},{"properties_post_image_order":6,"properties_post_image_url":"https:\/\/movin.cloud\/empresas\/2438\/imagenes\/239277\/alquiler-idealistas-barcelona.webp","properties_post_image_url_thumbnail":"https:\/\/movin.cloud\/empresas\/2438\/imagenes\/thumbnails\/239277\/alquiler-idealistas-barcelona.webp","properties_post_title":"alquiler idealistas barcelona","properties_post_alt":"alquiler idealistas barcelona"},{"properties_post_image_order":7,"properties_post_image_url":"https:\/\/movin.cloud\/empresas\/2438\/imagenes\/239277\/alquilar-barcelona.webp","properties_post_image_url_thumbnail":"https:\/\/movin.cloud\/empresas\/2438\/imagenes\/thumbnails\/239277\/alquilar-barcelona.webp","properties_post_title":"alquilar barcelona","properties_post_alt":"alquilar barcelona"},{"properties_post_image_order":8,"properties_post_image_url":"https:\/\/movin.cloud\/empresas\/2438\/imagenes\/239277\/alquiler-para-idealistas-barcelona.webp","properties_post_image_url_thumbnail":"https:\/\/movin.cloud\/empresas\/2438\/imagenes\/thumbnails\/239277\/alquiler-para-idealistas-barcelona.webp","properties_post_title":"alquiler para idealistas barcelona","properties_post_alt":"alquiler para idealistas barcelona"},{"properties_post_image_order":9,"properties_post_image_url":"https:\/\/movin.cloud\/empresas\/2438\/imagenes\/239277\/rent-barcelona.webp","properties_post_image_url_thumbnail":"https:\/\/movin.cloud\/empresas\/2438\/imagenes\/thumbnails\/239277\/rent-barcelona.webp","properties_post_title":"rent barcelona","properties_post_alt":"rent barcelona"},{"properties_post_image_order":10,"properties_post_image_url":"https:\/\/movin.cloud\/empresas\/2438\/imagenes\/239277\/fincas-barcelona.webp","properties_post_image_url_thumbnail":"https:\/\/movin.cloud\/empresas\/2438\/imagenes\/thumbnails\/239277\/fincas-barcelona.webp","properties_post_title":"fincas barcelona","properties_post_alt":"fincas barcelona"},{"properties_post_image_order":11,"properties_post_image_url":"https:\/\/movin.cloud\/empresas\/2438\/imagenes\/239277\/inmobiliaria-barcelona.webp","properties_post_image_url_thumbnail":"https:\/\/movin.cloud\/empresas\/2438\/imagenes\/thumbnails\/239277\/inmobiliaria-barcelona.webp","properties_post_title":"inmobiliaria barcelona","properties_post_alt":"inmobiliaria barcelona"},{"properties_post_image_order":12,"properties_post_image_url":"https:\/\/movin.cloud\/empresas\/2438\/imagenes\/239277\/inmobiliarias.webp","properties_post_image_url_thumbnail":"https:\/\/movin.cloud\/empresas\/2438\/imagenes\/thumbnails\/239277\/inmobiliarias.webp","properties_post_title":"inmobiliarias","properties_post_alt":"inmobiliarias"},{"properties_post_image_order":13,"properties_post_image_url":"https:\/\/movin.cloud\/empresas\/2438\/imagenes\/239277\/en-alquiler-barcelona.webp","properties_post_image_url_thumbnail":"https:\/\/movin.cloud\/empresas\/2438\/imagenes\/thumbnails\/239277\/en-alquiler-barcelona.webp","properties_post_title":"en alquiler barcelona","properties_post_alt":"en alquiler barcelona"}],"post_type_properties_post_videos":null,"post_type_properties_post_tour":null,"post_type_properties_post_dossier_url":"","post_type_properties_post_operation_type":"rent","post_type_properties_post_operation_price":23978,"post_type_properties_post_features_hidden_price":false},"yoast_head":"<!-- This site is optimized with the Yoast SEO plugin v25.6 - https:\/\/yoast.com\/wordpress\/plugins\/seo\/ -->\n<title>TORRE PONENT - Forcadell<\/title>\n<meta name=\"robots\" content=\"index, follow, max-snippet:-1, max-image-preview:large, max-video-preview:-1\" \/>\n<link rel=\"canonical\" href=\"https:\/\/forcadell.com\/ca\/propiedades\/oficina-luminosa-y-diafana-disponible-en-porta-firal-torre-ponent\/\" \/>\n<meta property=\"og:locale\" content=\"ca_ES\" \/>\n<meta property=\"og:type\" content=\"article\" \/>\n<meta property=\"og:title\" content=\"TORRE PONENT - Forcadell\" \/>\n<meta property=\"og:description\" content=\"Oficinas exteriores, muy luminosas y di\u00e1fanas en alquiler en Torre Ponent &#8211; Porta Firal. Disponen de climatizaci\u00f3n fr\u00edo-calor, suelo t\u00e9cnico, falso techo registrable, sistema antiincendios, aseos comunitarios por planta. Edificio corporativo aislado con fachada acristalada, accesos adaptados, servicio de vigilancia 24 horas, parking. Cuenta con 6 ascensores y montacargas. Zona ajardinada. Servicios: Mantenimiento de 8h-20h [&hellip;]\" \/>\n<meta property=\"og:url\" content=\"https:\/\/forcadell.com\/ca\/propiedades\/oficina-luminosa-y-diafana-disponible-en-porta-firal-torre-ponent\/\" \/>\n<meta property=\"og:site_name\" content=\"Forcadell\" \/>\n<meta property=\"article:modified_time\" content=\"2026-04-26T19:00:09+00:00\" \/>\n<meta name=\"twitter:card\" content=\"summary_large_image\" \/>\n<meta name=\"twitter:label1\" content=\"Temps estimat de lectura\" \/>\n\t<meta name=\"twitter:data1\" content=\"1 minut\" \/>\n<!-- \/ Yoast SEO plugin. -->","yoast_head_json":{"title":"TORRE PONENT - Forcadell","robots":{"index":"index","follow":"follow","max-snippet":"max-snippet:-1","max-image-preview":"max-image-preview:large","max-video-preview":"max-video-preview:-1"},"canonical":"https:\/\/forcadell.com\/ca\/propiedades\/oficina-luminosa-y-diafana-disponible-en-porta-firal-torre-ponent\/","og_locale":"ca_ES","og_type":"article","og_title":"TORRE PONENT - Forcadell","og_description":"Oficinas exteriores, muy luminosas y di\u00e1fanas en alquiler en Torre Ponent &#8211; Porta Firal. Disponen de climatizaci\u00f3n fr\u00edo-calor, suelo t\u00e9cnico, falso techo registrable, sistema antiincendios, aseos comunitarios por planta. Edificio corporativo aislado con fachada acristalada, accesos adaptados, servicio de vigilancia 24 horas, parking. Cuenta con 6 ascensores y montacargas. Zona ajardinada. Servicios: Mantenimiento de 8h-20h [&hellip;]","og_url":"https:\/\/forcadell.com\/ca\/propiedades\/oficina-luminosa-y-diafana-disponible-en-porta-firal-torre-ponent\/","og_site_name":"Forcadell","article_modified_time":"2026-04-26T19:00:09+00:00","twitter_card":"summary_large_image","twitter_misc":{"Temps estimat de lectura":"1 minut"},"schema":{"@context":"https:\/\/schema.org","@graph":[{"@type":"WebPage","@id":"https:\/\/forcadell.com\/ca\/propiedades\/oficina-luminosa-y-diafana-disponible-en-porta-firal-torre-ponent\/","url":"https:\/\/forcadell.com\/ca\/propiedades\/oficina-luminosa-y-diafana-disponible-en-porta-firal-torre-ponent\/","name":"TORRE PONENT - Forcadell","isPartOf":{"@id":"https:\/\/forcadell.com\/ca\/#website"},"datePublished":"2025-11-04T13:36:48+00:00","dateModified":"2026-04-26T19:00:09+00:00","breadcrumb":{"@id":"https:\/\/forcadell.com\/ca\/propiedades\/oficina-luminosa-y-diafana-disponible-en-porta-firal-torre-ponent\/#breadcrumb"},"inLanguage":"ca","potentialAction":[{"@type":"ReadAction","target":["https:\/\/forcadell.com\/ca\/propiedades\/oficina-luminosa-y-diafana-disponible-en-porta-firal-torre-ponent\/"]}]},{"@type":"BreadcrumbList","@id":"https:\/\/forcadell.com\/ca\/propiedades\/oficina-luminosa-y-diafana-disponible-en-porta-firal-torre-ponent\/#breadcrumb","itemListElement":[{"@type":"ListItem","position":1,"name":"Portada","item":"https:\/\/forcadell.com\/ca\/"},{"@type":"ListItem","position":2,"name":"Properties","item":"https:\/\/forcadell.com\/ca\/propiedades\/"},{"@type":"ListItem","position":3,"name":"TORRE PONENT"}]},{"@type":"WebSite","@id":"https:\/\/forcadell.com\/ca\/#website","url":"https:\/\/forcadell.com\/ca\/","name":"Forcadell","description":"Inmobiliaria Barcelona | Consultores inmobiliarios","potentialAction":[{"@type":"SearchAction","target":{"@type":"EntryPoint","urlTemplate":"https:\/\/forcadell.com\/ca\/?s={search_term_string}"},"query-input":{"@type":"PropertyValueSpecification","valueRequired":true,"valueName":"search_term_string"}}],"inLanguage":"ca"}]}},"_links":{"self":[{"href":"https:\/\/forcadell.com\/ca\/wp-json\/wp\/v2\/properties_post\/57247"}],"collection":[{"href":"https:\/\/forcadell.com\/ca\/wp-json\/wp\/v2\/properties_post"}],"about":[{"href":"https:\/\/forcadell.com\/ca\/wp-json\/wp\/v2\/types\/properties_post"}],"wp:attachment":[{"href":"https:\/\/forcadell.com\/ca\/wp-json\/wp\/v2\/media?parent=57247"}],"curies":[{"name":"wp","href":"https:\/\/api.w.org\/{rel}","templated":true}]}}