{"id":57236,"date":"2025-11-04T15:36:15","date_gmt":"2025-11-04T13:36:15","guid":{"rendered":"https:\/\/www.forcadell.com\/propiedades\/torre-marenostrum-2\/"},"modified":"2026-04-28T21:01:11","modified_gmt":"2026-04-28T19:01:11","slug":"torre-marenostrum-2","status":"publish","type":"properties_post","link":"https:\/\/forcadell.com\/ca\/propiedades\/torre-marenostrum-2\/","title":{"rendered":"TORRE MARENOSTRUM"},"content":{"rendered":"<p>Torre Marenostrum<\/p>\n<p>Arquitectura contempor\u00e1nea frente al Mediterr\u00e1neo<\/p>\n<p>Torre Marenostrum es uno de los edificios m\u00e1s emblem\u00e1ticos y representativos del skyline de Barcelona. Su dise\u00f1o moderno y su ubicaci\u00f3n privilegiada en el frente mar\u00edtimo la convierten en una referencia para empresas que buscan un entorno de trabajo funcional, luminoso y de alto nivel.<\/p>\n<p>Con una superficie total de 22.250 m\u00b2, ofrece espacios amplios y di\u00e1fanos que se adaptan a las necesidades de cada compa\u00f1\u00eda, combinando confort, tecnolog\u00eda y eficiencia.<\/p>\n<p>Caracter\u00edsticas principales:<\/p>\n<p>Gran hall representativo<br \/>\nSuelo t\u00e9cnico y techo falso con iluminaci\u00f3n LED<br \/>\nClimatizaci\u00f3n fr\u00edo\/calor<br \/>\nAlta luminosidad natural<br \/>\n553 plazas de aparcamiento en el edificio<br \/>\nAuditorio con capacidad para 120 personas<br \/>\n6 ascensores<br \/>\nVigilancia 24 h y control de accesos<br \/>\nVestuarios con duchas<\/p>\n<p>Comunicaciones y accesos:<\/p>\n<p>Metro: L4 (Barceloneta \/ Vila Ol\u00edmpica)<br \/>\nBus: 17, 36, 40, 45, N0, N6, N8<br \/>\nAeropuerto: a solo 20 minutos<\/p>\n<p>Torre Marenostrum combina dise\u00f1o, funcionalidad y ubicaci\u00f3n para ofrecer un espacio de trabajo moderno y representativo en el coraz\u00f3n del litoral barcelon\u00e9s.<\/p>\n","protected":false},"template":"","class_list":["post-57236","properties_post","type-properties_post","status-publish","hentry","properties_modality-rent","properties_district-ciutat-vella","properties_province-barcelona","properties_zone-centro","properties_state-barcelona","properties_subclass-oficina","properties_type-oficina"],"acf":{"post_type_properties_post_property_code":"240623","post_type_properties_post_property_reference":"IE-196899","post_type_properties_post_owner_id":"50223","post_type_properties_post_owner_name":"INMOBILIARIA COLONIAL - SOCIMI SA","post_type_properties_post_property_code_encrypted":"MjkkMjUxOTA=","post_type_properties_post_published":"1","post_type_properties_post_property_visibility":"idealista","post_type_properties_post_contact_name":"Forcadell Oficinas Barcelona","post_type_properties_post_contact_email":"forcadell.oficinas.barcelona@movin.cloud","post_type_properties_post_contact_primary_phone_prefix":"34","post_type_properties_post_contact_primary_phone_number":"934965413","post_type_properties_post_address_visibility":"street","post_type_properties_post_address_country":"Spain","post_type_properties_post_address_coordinates_precision":"exact","post_type_properties_post_address_postal_code":"08003","post_type_properties_post_address_coordinates_latitude":"41.383191","post_type_properties_post_address_coordinates_longitude":"2.1906692","post_type_properties_post_address_street_name":"PZ del Gas 1","post_type_properties_post_address_floor":"4","post_type_properties_post_address_town":"Barcelona","post_type_properties_post_building":null,"post_type_properties_post_property":[{"properties_post_description_language":"catalan","properties_post_title":"TORRE MARENOSTRUM","properties_post_short_description_text_alt":"","properties_post_description_text_alt":"","properties_post_short_description_text":"","properties_post_link_demanda_inmueble":"https:\/\/movin.cloud\/ca\/Forcadell Oficinas Barcelona\/formulari-peticio-immoble\/sth\/2438&&240623","properties_post_link_demanda_calendario_inmueble":"https:\/\/movin.cloud\/ca\/Forcadell Oficinas Barcelona\/calendari-peticio-immoble\/sth\/2438&&240623","properties_post_description_text":"Torre Marenostrum\n\nArquitectura contempor\u00e0nia davant del Mediterrani\n\nTorre Marenostrum \u00e9s un dels edificis m\u00e9s emblem\u00e0tics i representatius de l'skyline de Barcelona. El disseny modern i la ubicaci\u00f3 privilegiada al front mar\u00edtim la converteixen en una refer\u00e8ncia per a empreses que busquen un entorn de treball funcional, llumin\u00f3s i d'alt nivell.\n\nAmb una superf\u00edcie total de 22.250 m\u00b2 ofereix espais amplis i di\u00e0fans que s'adapten a les necessitats de cada companyia, combinant confort, tecnologia i efici\u00e8ncia.\n\nCaracter\u00edstiques principals:\n\nGran vest\u00edbul representatiu\nS\u00f2l t\u00e8cnic i sostre fals amb il\u00b7luminaci\u00f3 LED\nClimatitzaci\u00f3 fred\/calor\nAlta lluminositat natural\n553 places d'aparcament a l'edifici\nAuditori amb capacitat per a 120 persones\n6 ascensors\nVigil\u00e0ncia 24 h i control d'accessos\nVestuaris amb dutxes\n\nComunicacions i accessos:\n\nMetro: L4 (Barceloneta \/ Vila Ol\u00edmpica)\nBus: 17, 36, 40, 45, N0, N6, N8\nAeroport: a nom\u00e9s 20 minuts\n\nTorre Marenostrum combina disseny, funcionalitat i ubicaci\u00f3 per oferir un espai de treball modern i representatiu al cor del litoral barcelon\u00ed.","properties_post_seo_title":"","properties_post_seo_alias":"","properties_post_seo_metadescription":"","properties_post_seo_key_words":"","properties_post_seo_url":"","properties_post_terms_conditions":""},{"properties_post_description_language":"spanish","properties_post_title":"TORRE MARENOSTRUM","properties_post_short_description_text_alt":"","properties_post_description_text_alt":"","properties_post_short_description_text":"","properties_post_link_demanda_inmueble":"https:\/\/movin.cloud\/es\/Forcadell Oficinas Barcelona\/formulario-peticion-inmueble\/sth\/2438&&240623","properties_post_link_demanda_calendario_inmueble":"https:\/\/movin.cloud\/es\/Forcadell Oficinas Barcelona\/calendario-peticion-inmueble\/sth\/2438&&240623","properties_post_description_text":"Torre Marenostrum\n\nArquitectura contempor\u00e1nea frente al Mediterr\u00e1neo\n\nTorre Marenostrum es uno de los edificios m\u00e1s emblem\u00e1ticos y representativos del skyline de Barcelona. Su dise\u00f1o moderno y su ubicaci\u00f3n privilegiada en el frente mar\u00edtimo la convierten en una referencia para empresas que buscan un entorno de trabajo funcional, luminoso y de alto nivel.\n\nCon una superficie total de 22.250 m\u00b2, ofrece espacios amplios y di\u00e1fanos que se adaptan a las necesidades de cada compa\u00f1\u00eda, combinando confort, tecnolog\u00eda y eficiencia.\n\nCaracter\u00edsticas principales:\n\nGran hall representativo\nSuelo t\u00e9cnico y techo falso con iluminaci\u00f3n LED\nClimatizaci\u00f3n fr\u00edo\/calor\nAlta luminosidad natural\n553 plazas de aparcamiento en el edificio\nAuditorio con capacidad para 120 personas\n6 ascensores\nVigilancia 24 h y control de accesos\nVestuarios con duchas\n\nComunicaciones y accesos:\n\nMetro: L4 (Barceloneta \/ Vila Ol\u00edmpica)\nBus: 17, 36, 40, 45, N0, N6, N8\nAeropuerto: a solo 20 minutos\n\nTorre Marenostrum combina dise\u00f1o, funcionalidad y ubicaci\u00f3n para ofrecer un espacio de trabajo moderno y representativo en el coraz\u00f3n del litoral barcelon\u00e9s.\n","properties_post_seo_title":"","properties_post_seo_alias":"","properties_post_seo_metadescription":"","properties_post_seo_key_words":"","properties_post_seo_url":"","properties_post_terms_conditions":""},{"properties_post_description_language":"english","properties_post_title":"TORRE MARENOSTRUM","properties_post_short_description_text_alt":"","properties_post_description_text_alt":"","properties_post_short_description_text":"","properties_post_link_demanda_inmueble":"https:\/\/movin.cloud\/en\/Forcadell Oficinas Barcelona\/property-form-request\/sth\/2438&&240623","properties_post_link_demanda_calendario_inmueble":"https:\/\/movin.cloud\/en\/Forcadell Oficinas Barcelona\/property-calendar-request\/sth\/2438&&240623","properties_post_description_text":"Torre Marenostrum\n\nContemporary Architecture Facing the Mediterranean\n\nThe Marenostrum Tower is one of the most iconic and representative buildings on Barcelona's skyline. Its modern design and prime location on the waterfront make it a benchmark for companies seeking a functional, bright, and high-quality work environment.\n\nWith a total area of 22,250 m\u00b2, it offers spacious and open-plan areas that adapt to the needs of each company, combining comfort, technology, and efficiency.\n\nKey Features:\n\nLarge, prestigious lobby\nRaised access flooring and suspended ceiling with LED lighting\nAir conditioning (heating and cooling)\nAbundant natural light\n553 parking spaces in the building\nAuditorium with capacity for 120 people\n6 elevators\n24-hour security and access control\nChanging rooms with showers\n\nTransportation and access:\n\nMetro: L4 (Barceloneta \/ Vila Ol\u00edmpica)\nBus: 17, 36, 40, 45, N0, N6, N8\nAirport: just 20 minutes away\n\nTorre Marenostrum combines design, functionality, and location to offer a modern and prestigious workspace in the heart of Barcelona's waterfront.","properties_post_seo_title":"","properties_post_seo_alias":"","properties_post_seo_metadescription":"","properties_post_seo_key_words":"","properties_post_seo_url":"","properties_post_terms_conditions":""}],"post_type_properties_post_features_type":"office","post_type_properties_post_id_building":"MjkkMjc3NDQ=","post_type_properties_post_features_area_constructed":735,"post_type_properties_post_features_conditioned_air":true,"post_type_properties_post_features_doorman":false,"post_type_properties_post_features_heating":true,"post_type_properties_post_features_equipped_kitchen":false,"post_type_properties_post_features_windows_location":"exterior","post_type_properties_post_features_floors_property":false,"post_type_properties_post_features_storage":false,"post_type_properties_post_features_security_door":false,"post_type_properties_post_features_energy_certificate_rating":"C","post_type_properties_post_features_energy_certificate_emissions_rating":"C","post_type_properties_post_features_energy_certificate_emissions_value":"","post_type_properties_post_features_energy_certificate_performance":"","post_type_properties_post_features_bathroom_inside":true,"post_type_properties_post_precio":16170,"post_type_properties_post_precio_alquiler":16170,"post_type_properties_post_record_type_id":"Oficina","post_type_properties_post_categoria__producto":"Oficina","post_type_properties_post_amueblado":false,"post_type_properties_post_precio_m2":22,"post_type_properties_post_zona__comunitaria":false,"post_type_properties_post_electrodomesticos":false,"post_type_properties_post_patio__interior":false,"post_type_properties_post_certificado_energetico_general":"C","post_type_properties_post_certificado_energetico_consumo":"C","post_type_properties_post_certificado_energetico_valor_emisiones":"","post_type_properties_post_certificado_energetico_valor_consumo":"","post_type_properties_post_modalidad":"rent","post_type_properties_post_provincia":"Barcelona","post_type_properties_post_poblacion":"Barcelona","post_type_properties_post_centro__urbano":false,"post_type_properties_post_zonificacion":"Centro","post_type_properties_post_cartera":"","post_type_properties_post_titulo_catalan":"TORRE MARENOSTRUM","post_type_properties_post_internet_catalan":"Torre Marenostrum\n\nArquitectura contempor\u00e0nia davant del Mediterrani\n\nTorre Marenostrum \u00e9s un dels edificis m\u00e9s emblem\u00e0tics i representatius de l'skyline de Barcelona. El disseny modern i la ubicaci\u00f3 privilegiada al front mar\u00edtim la converteixen en una refer\u00e8ncia per a empreses que busquen un entorn de treball funcional, llumin\u00f3s i d'alt nivell.\n\nAmb una superf\u00edcie total de 22.250 m\u00b2 ofereix espais amplis i di\u00e0fans que s'adapten a les necessitats de cada companyia, combinant confort, tecnologia i efici\u00e8ncia.\n\nCaracter\u00edstiques principals:\n\nGran vest\u00edbul representatiu\nS\u00f2l t\u00e8cnic i sostre fals amb il\u00b7luminaci\u00f3 LED\nClimatitzaci\u00f3 fred\/calor\nAlta lluminositat natural\n553 places d'aparcament a l'edifici\nAuditori amb capacitat per a 120 persones\n6 ascensors\nVigil\u00e0ncia 24 h i control d'accessos\nVestuaris amb dutxes\n\nComunicacions i accessos:\n\nMetro: L4 (Barceloneta \/ Vila Ol\u00edmpica)\nBus: 17, 36, 40, 45, N0, N6, N8\nAeroport: a nom\u00e9s 20 minuts\n\nTorre Marenostrum combina disseny, funcionalitat i ubicaci\u00f3 per oferir un espai de treball modern i representatiu al cor del litoral barcelon\u00ed.","post_type_properties_post_titulo_castellano":"TORRE MARENOSTRUM","post_type_properties_post_internet_castellano":"Torre Marenostrum\n\nArquitectura contempor\u00e1nea frente al Mediterr\u00e1neo\n\nTorre Marenostrum es uno de los edificios m\u00e1s emblem\u00e1ticos y representativos del skyline de Barcelona. Su dise\u00f1o moderno y su ubicaci\u00f3n privilegiada en el frente mar\u00edtimo la convierten en una referencia para empresas que buscan un entorno de trabajo funcional, luminoso y de alto nivel.\n\nCon una superficie total de 22.250 m\u00b2, ofrece espacios amplios y di\u00e1fanos que se adaptan a las necesidades de cada compa\u00f1\u00eda, combinando confort, tecnolog\u00eda y eficiencia.\n\nCaracter\u00edsticas principales:\n\nGran hall representativo\nSuelo t\u00e9cnico y techo falso con iluminaci\u00f3n LED\nClimatizaci\u00f3n fr\u00edo\/calor\nAlta luminosidad natural\n553 plazas de aparcamiento en el edificio\nAuditorio con capacidad para 120 personas\n6 ascensores\nVigilancia 24 h y control de accesos\nVestuarios con duchas\n\nComunicaciones y accesos:\n\nMetro: L4 (Barceloneta \/ Vila Ol\u00edmpica)\nBus: 17, 36, 40, 45, N0, N6, N8\nAeropuerto: a solo 20 minutos\n\nTorre Marenostrum combina dise\u00f1o, funcionalidad y ubicaci\u00f3n para ofrecer un espacio de trabajo moderno y representativo en el coraz\u00f3n del litoral barcelon\u00e9s.\n","post_type_properties_post_titulo_ingles":"TORRE MARENOSTRUM","post_type_properties_post_internet_ingles":"Torre Marenostrum\n\nContemporary Architecture Facing the Mediterranean\n\nThe Marenostrum Tower is one of the most iconic and representative buildings on Barcelona's skyline. Its modern design and prime location on the waterfront make it a benchmark for companies seeking a functional, bright, and high-quality work environment.\n\nWith a total area of 22,250 m\u00b2, it offers spacious and open-plan areas that adapt to the needs of each company, combining comfort, technology, and efficiency.\n\nKey Features:\n\nLarge, prestigious lobby\nRaised access flooring and suspended ceiling with LED lighting\nAir conditioning (heating and cooling)\nAbundant natural light\n553 parking spaces in the building\nAuditorium with capacity for 120 people\n6 elevators\n24-hour security and access control\nChanging rooms with showers\n\nTransportation and access:\n\nMetro: L4 (Barceloneta \/ Vila Ol\u00edmpica)\nBus: 17, 36, 40, 45, N0, N6, N8\nAirport: just 20 minutes away\n\nTorre Marenostrum combines design, functionality, and location to offer a modern and prestigious workspace in the heart of Barcelona's waterfront.","post_type_properties_post_features_classification_commercial":false,"post_type_properties_post_features_conservation":"","post_type_properties_post_features_security_personnel":false,"post_type_properties_post_features_parking_available":false,"post_type_properties_post_features_garage_capacity_type":"","post_type_properties_post_features_bathroom_number":"","post_type_properties_post_eje":"","post_type_properties_post_zona":"","post_type_properties_post_comarca":"","post_type_properties_post_features_built_year":"","post_type_properties_post_renta_mensual":16170,"post_type_properties_post_fianza":"","post_type_properties_post_features_area_plot":"","post_type_properties_post_features_area_buildable":"","post_type_properties_post_features_classification_industrial":false,"post_type_properties_post_distrito":"","post_type_properties_post_features_balcony":false,"post_type_properties_post_features_bedroom_number":"","post_type_properties_post_features_heating_type":"","post_type_properties_post_features_equipped_with_furniture":false,"post_type_properties_post_features_pets_allowed":false,"post_type_properties_post_features_pool":false,"post_type_properties_post_features_terrace":false,"post_type_properties_post_features_wardrobes":false,"post_type_properties_post_features_lift_available":false,"post_type_properties_post_features_handicap_adapted_access":false,"post_type_properties_post_features_orientation_east":false,"post_type_properties_post_features_orientation_west":false,"post_type_properties_post_features_orientation_north":false,"post_type_properties_post_features_orientation_south":false,"post_type_properties_post_features_parking_spaces_number":"","post_type_properties_post_features_security_alarm":false,"post_type_properties_post_features_security_system":false,"post_type_properties_post_open_plan":false,"post_type_properties_post_acceso_24_7":false,"post_type_properties_post_oficina_privada":false,"post_type_properties_post_sala_reuniones":false,"post_type_properties_post_espacio_eventos":false,"post_type_properties_post_office":false,"post_type_properties_post_restaurant":false,"post_type_properties_post_acepta_traspaso":false,"post_type_properties_post_vigilancia":false,"post_type_properties_post_features_suite":false,"post_type_properties_post_features_vitro":false,"post_type_properties_post_features_oven":false,"post_type_properties_post_features_microwave":false,"post_type_properties_post_features_washing_machine":false,"post_type_properties_post_features_dryer":false,"post_type_properties_post_features_dishwasher":false,"post_type_properties_post_features_fridge":false,"post_type_properties_post_features_fridge_mini":false,"post_type_properties_post_features_kettle":false,"post_type_properties_post_features_toaster":false,"post_type_properties_post_features_coffee_maker":false,"post_type_properties_post_features_iron":false,"post_type_properties_post_features_ironing_board":false,"post_type_properties_post_features_safe":false,"post_type_properties_post_features_internet":false,"post_type_properties_post_features_solarium":false,"post_type_properties_post_features_clean_service":false,"post_type_properties_post_features_t_v":false,"post_type_properties_post_features_satellite_t_v":false,"post_type_properties_post_features_gas_kitchen":false,"post_type_properties_post_features_view_mountain":false,"post_type_properties_post_features_view_sea":true,"post_type_properties_post_features_concierge":false,"post_type_properties_post_features_loading_dock":false,"post_type_properties_post_features_bridge_crane":false,"post_type_properties_post_features_located_at_corner":false,"post_type_properties_post_features_smoke_extraction":false,"post_type_properties_post_features_rooms":"","post_type_properties_post_features_garden_area":"","post_type_properties_post_features_utilities_water":false,"post_type_properties_post_features_utilities_electricity":false,"post_type_properties_post_features_utilities_natural_gas":false,"post_type_properties_post_features_building_adapted":false,"post_type_properties_post_features_garden":false,"post_type_properties_post_features_classification_hotel":false,"post_type_properties_post_features_classification_chalet":false,"post_type_properties_post_certificado_energetico_emisiones":"C","post_type_properties_post_barrio":"","post_type_properties_post_distrito_empresa":"Ciutat Vella","post_type_properties_post_features_property_category_intern":"","post_type_properties_post_implantada":false,"post_type_properties_post_sello_leed":"","post_type_properties_post_sello_well":"","post_type_properties_post_sello_breeam":true,"post_type_properties_post_images":[{"properties_post_image_order":1,"properties_post_image_url":"https:\/\/movin.cloud\/empresas\/2438\/imagenes\/240623\/alquiler-para-idealistas.webp","properties_post_image_url_thumbnail":"https:\/\/movin.cloud\/empresas\/2438\/imagenes\/thumbnails\/240623\/alquiler-para-idealistas.webp","properties_post_title":"alquiler para idealistas","properties_post_alt":"alquiler para idealistas"},{"properties_post_image_order":2,"properties_post_image_url":"https:\/\/movin.cloud\/empresas\/2438\/imagenes\/240623\/alquiler-idealistas.webp","properties_post_image_url_thumbnail":"https:\/\/movin.cloud\/empresas\/2438\/imagenes\/thumbnails\/240623\/alquiler-idealistas.webp","properties_post_title":"alquiler idealistas","properties_post_alt":"alquiler idealistas"},{"properties_post_image_order":3,"properties_post_image_url":"https:\/\/movin.cloud\/empresas\/2438\/imagenes\/240623\/habitalia-barcelona.webp","properties_post_image_url_thumbnail":"https:\/\/movin.cloud\/empresas\/2438\/imagenes\/thumbnails\/240623\/habitalia-barcelona.webp","properties_post_title":"habitalia barcelona","properties_post_alt":"habitalia barcelona"},{"properties_post_image_order":4,"properties_post_image_url":"https:\/\/movin.cloud\/empresas\/2438\/imagenes\/240623\/alquiler-para-idealista-barcelona.webp","properties_post_image_url_thumbnail":"https:\/\/movin.cloud\/empresas\/2438\/imagenes\/thumbnails\/240623\/alquiler-para-idealista-barcelona.webp","properties_post_title":"alquiler para idealista barcelona","properties_post_alt":"alquiler para idealista barcelona"},{"properties_post_image_order":5,"properties_post_image_url":"https:\/\/movin.cloud\/empresas\/2438\/imagenes\/240623\/fincas.webp","properties_post_image_url_thumbnail":"https:\/\/movin.cloud\/empresas\/2438\/imagenes\/thumbnails\/240623\/fincas.webp","properties_post_title":"fincas","properties_post_alt":"fincas"},{"properties_post_image_order":6,"properties_post_image_url":"https:\/\/movin.cloud\/empresas\/2438\/imagenes\/240623\/alquiler-para-idealistas-barcelona.webp","properties_post_image_url_thumbnail":"https:\/\/movin.cloud\/empresas\/2438\/imagenes\/thumbnails\/240623\/alquiler-para-idealistas-barcelona.webp","properties_post_title":"alquiler para idealistas barcelona","properties_post_alt":"alquiler para idealistas barcelona"},{"properties_post_image_order":7,"properties_post_image_url":"https:\/\/movin.cloud\/empresas\/2438\/imagenes\/240623\/habitalia.webp","properties_post_image_url_thumbnail":"https:\/\/movin.cloud\/empresas\/2438\/imagenes\/thumbnails\/240623\/habitalia.webp","properties_post_title":"habitalia","properties_post_alt":"habitalia"},{"properties_post_image_order":8,"properties_post_image_url":"https:\/\/movin.cloud\/empresas\/2438\/imagenes\/240623\/alquilar.webp","properties_post_image_url_thumbnail":"https:\/\/movin.cloud\/empresas\/2438\/imagenes\/thumbnails\/240623\/alquilar.webp","properties_post_title":"alquilar","properties_post_alt":"alquilar"},{"properties_post_image_order":9,"properties_post_image_url":"https:\/\/movin.cloud\/empresas\/2438\/imagenes\/240623\/viviendas.webp","properties_post_image_url_thumbnail":"https:\/\/movin.cloud\/empresas\/2438\/imagenes\/thumbnails\/240623\/viviendas.webp","properties_post_title":"viviendas","properties_post_alt":"viviendas"},{"properties_post_image_order":10,"properties_post_image_url":"https:\/\/movin.cloud\/empresas\/2438\/imagenes\/240623\/en-alquiler.webp","properties_post_image_url_thumbnail":"https:\/\/movin.cloud\/empresas\/2438\/imagenes\/thumbnails\/240623\/en-alquiler.webp","properties_post_title":"en alquiler","properties_post_alt":"en alquiler"},{"properties_post_image_order":11,"properties_post_image_url":"https:\/\/movin.cloud\/empresas\/2438\/imagenes\/240623\/inmobiliaria.webp","properties_post_image_url_thumbnail":"https:\/\/movin.cloud\/empresas\/2438\/imagenes\/thumbnails\/240623\/inmobiliaria.webp","properties_post_title":"inmobiliaria","properties_post_alt":"inmobiliaria"},{"properties_post_image_order":12,"properties_post_image_url":"https:\/\/movin.cloud\/empresas\/2438\/imagenes\/240623\/alquiler-barcelona.webp","properties_post_image_url_thumbnail":"https:\/\/movin.cloud\/empresas\/2438\/imagenes\/thumbnails\/240623\/alquiler-barcelona.webp","properties_post_title":"alquiler barcelona","properties_post_alt":"alquiler barcelona"},{"properties_post_image_order":13,"properties_post_image_url":"https:\/\/movin.cloud\/empresas\/2438\/imagenes\/240623\/alquiler-idealistas-barcelona.webp","properties_post_image_url_thumbnail":"https:\/\/movin.cloud\/empresas\/2438\/imagenes\/thumbnails\/240623\/alquiler-idealistas-barcelona.webp","properties_post_title":"alquiler idealistas barcelona","properties_post_alt":"alquiler idealistas barcelona"},{"properties_post_image_order":14,"properties_post_image_url":"https:\/\/movin.cloud\/empresas\/2438\/imagenes\/240623\/inmobiliarias.webp","properties_post_image_url_thumbnail":"https:\/\/movin.cloud\/empresas\/2438\/imagenes\/thumbnails\/240623\/inmobiliarias.webp","properties_post_title":"inmobiliarias","properties_post_alt":"inmobiliarias"},{"properties_post_image_order":15,"properties_post_image_url":"https:\/\/movin.cloud\/empresas\/2438\/imagenes\/240623\/viviendas-barcelona.webp","properties_post_image_url_thumbnail":"https:\/\/movin.cloud\/empresas\/2438\/imagenes\/thumbnails\/240623\/viviendas-barcelona.webp","properties_post_title":"viviendas barcelona","properties_post_alt":"viviendas barcelona"},{"properties_post_image_order":16,"properties_post_image_url":"https:\/\/movin.cloud\/empresas\/2438\/imagenes\/240623\/rent-barcelona.webp","properties_post_image_url_thumbnail":"https:\/\/movin.cloud\/empresas\/2438\/imagenes\/thumbnails\/240623\/rent-barcelona.webp","properties_post_title":"rent barcelona","properties_post_alt":"rent barcelona"}],"post_type_properties_post_videos":null,"post_type_properties_post_tour":null,"post_type_properties_post_dossier_url":"","post_type_properties_post_operation_type":"rent","post_type_properties_post_operation_price":16170,"post_type_properties_post_features_hidden_price":false},"yoast_head":"<!-- This site is optimized with the Yoast SEO plugin v27.4 - https:\/\/yoast.com\/product\/yoast-seo-wordpress\/ -->\n<title>TORRE MARENOSTRUM - Forcadell<\/title>\n<meta name=\"robots\" content=\"index, follow, max-snippet:-1, max-image-preview:large, max-video-preview:-1\" \/>\n<link rel=\"canonical\" href=\"https:\/\/forcadell.com\/ca\/propiedades\/torre-marenostrum-2\/\" \/>\n<meta property=\"og:locale\" content=\"ca_ES\" \/>\n<meta property=\"og:type\" content=\"article\" \/>\n<meta property=\"og:title\" content=\"TORRE MARENOSTRUM - Forcadell\" \/>\n<meta property=\"og:description\" content=\"Torre Marenostrum Arquitectura contempor\u00e1nea frente al Mediterr\u00e1neo Torre Marenostrum es uno de los edificios m\u00e1s emblem\u00e1ticos y representativos del skyline de Barcelona. Su dise\u00f1o moderno y su ubicaci\u00f3n privilegiada en el frente mar\u00edtimo la convierten en una referencia para empresas que buscan un entorno de trabajo funcional, luminoso y de alto nivel. Con una superficie [&hellip;]\" \/>\n<meta property=\"og:url\" content=\"https:\/\/forcadell.com\/ca\/propiedades\/torre-marenostrum-2\/\" \/>\n<meta property=\"og:site_name\" content=\"Forcadell\" \/>\n<meta property=\"article:modified_time\" content=\"2026-04-28T19:01:11+00:00\" \/>\n<meta name=\"twitter:card\" content=\"summary_large_image\" \/>\n<meta name=\"twitter:label1\" content=\"Temps estimat de lectura\" \/>\n\t<meta name=\"twitter:data1\" content=\"1 minut\" \/>\n<!-- \/ Yoast SEO plugin. -->","yoast_head_json":{"title":"TORRE MARENOSTRUM - Forcadell","robots":{"index":"index","follow":"follow","max-snippet":"max-snippet:-1","max-image-preview":"max-image-preview:large","max-video-preview":"max-video-preview:-1"},"canonical":"https:\/\/forcadell.com\/ca\/propiedades\/torre-marenostrum-2\/","og_locale":"ca_ES","og_type":"article","og_title":"TORRE MARENOSTRUM - Forcadell","og_description":"Torre Marenostrum Arquitectura contempor\u00e1nea frente al Mediterr\u00e1neo Torre Marenostrum es uno de los edificios m\u00e1s emblem\u00e1ticos y representativos del skyline de Barcelona. Su dise\u00f1o moderno y su ubicaci\u00f3n privilegiada en el frente mar\u00edtimo la convierten en una referencia para empresas que buscan un entorno de trabajo funcional, luminoso y de alto nivel. Con una superficie [&hellip;]","og_url":"https:\/\/forcadell.com\/ca\/propiedades\/torre-marenostrum-2\/","og_site_name":"Forcadell","article_modified_time":"2026-04-28T19:01:11+00:00","twitter_card":"summary_large_image","twitter_misc":{"Temps estimat de lectura":"1 minut"},"schema":{"@context":"https:\/\/schema.org","@graph":[{"@type":"WebPage","@id":"https:\/\/forcadell.com\/ca\/propiedades\/torre-marenostrum-2\/","url":"https:\/\/forcadell.com\/ca\/propiedades\/torre-marenostrum-2\/","name":"TORRE MARENOSTRUM - Forcadell","isPartOf":{"@id":"https:\/\/forcadell.com\/ca\/#website"},"datePublished":"2025-11-04T13:36:15+00:00","dateModified":"2026-04-28T19:01:11+00:00","breadcrumb":{"@id":"https:\/\/forcadell.com\/ca\/propiedades\/torre-marenostrum-2\/#breadcrumb"},"inLanguage":"ca","potentialAction":[{"@type":"ReadAction","target":["https:\/\/forcadell.com\/ca\/propiedades\/torre-marenostrum-2\/"]}]},{"@type":"BreadcrumbList","@id":"https:\/\/forcadell.com\/ca\/propiedades\/torre-marenostrum-2\/#breadcrumb","itemListElement":[{"@type":"ListItem","position":1,"name":"Portada","item":"https:\/\/forcadell.com\/ca\/"},{"@type":"ListItem","position":2,"name":"Properties","item":"https:\/\/forcadell.com\/ca\/propiedades\/"},{"@type":"ListItem","position":3,"name":"TORRE MARENOSTRUM"}]},{"@type":"WebSite","@id":"https:\/\/forcadell.com\/ca\/#website","url":"https:\/\/forcadell.com\/ca\/","name":"Forcadell","description":"Inmobiliaria Barcelona | Consultores inmobiliarios","potentialAction":[{"@type":"SearchAction","target":{"@type":"EntryPoint","urlTemplate":"https:\/\/forcadell.com\/ca\/?s={search_term_string}"},"query-input":{"@type":"PropertyValueSpecification","valueRequired":true,"valueName":"search_term_string"}}],"inLanguage":"ca"}]}},"_links":{"self":[{"href":"https:\/\/forcadell.com\/ca\/wp-json\/wp\/v2\/properties_post\/57236","targetHints":{"allow":["GET"]}}],"collection":[{"href":"https:\/\/forcadell.com\/ca\/wp-json\/wp\/v2\/properties_post"}],"about":[{"href":"https:\/\/forcadell.com\/ca\/wp-json\/wp\/v2\/types\/properties_post"}],"wp:attachment":[{"href":"https:\/\/forcadell.com\/ca\/wp-json\/wp\/v2\/media?parent=57236"}],"curies":[{"name":"wp","href":"https:\/\/api.w.org\/{rel}","templated":true}]}}