{"id":57224,"date":"2025-11-04T15:34:59","date_gmt":"2025-11-04T13:34:59","guid":{"rendered":"https:\/\/www.forcadell.com\/propiedades\/mar-22\/"},"modified":"2026-04-29T08:00:22","modified_gmt":"2026-04-29T06:00:22","slug":"mar-22","status":"publish","type":"properties_post","link":"https:\/\/forcadell.com\/ca\/propiedades\/mar-22\/","title":{"rendered":"@MAR &#8211; 22@"},"content":{"rendered":"<p>Con m\u00e1s de 12.000 m\u00b2, Pallars ofrece el entorno ideal para empresas que buscan un espacio moderno y din\u00e1mico, dise\u00f1ado para impulsar la colaboraci\u00f3n y el crecimiento. Dos edificios conectados por un n\u00facleo central que crean el espacio perfecto para innovar.<\/p>\n<p>Lo que te ofrecemos:<\/p>\n<p>Rehabilitaci\u00f3n total del edificio: Un dise\u00f1o renovado para satisfacer las necesidades de hoy.<br \/>\nLobby de alto nivel y conserjer\u00eda a tu disposici\u00f3n.<br \/>\nSeguridad 24h y accesos adaptados para mayor comodidad.<br \/>\nSmart lockers y 3 ascensores para tu d\u00eda a d\u00eda.<br \/>\nEstacionamiento amplio, con 216 plazas para coches, 71 para motos y espacios reservados para bicicletas y patinetes.<br \/>\nVestuarios y una cubierta verde accesible para disfrutar de un espacio al aire libre.<br \/>\nM\u00e1s de 1.000 m\u00b2 de jardines: Un entorno \u00fanico con zonas para eventos, \u00e1gora, \u00e1reas para comer y descansar, zona wellness y de meditaci\u00f3n, \u00a1incluso una cascada natural!<\/p>\n<p>Oficinas abiertas con suelo t\u00e9cnico y falso techo registrable, perfectas para adaptar el espacio a tu medida.<br \/>\nClimatizaci\u00f3n fr\u00edo-calor para estar c\u00f3modo todo el a\u00f1o.<\/p>\n<p>Bien comunicado:<\/p>\n<p>Transporte p\u00fablico: buses (6, 36, 40, 42, 71, 141, 192), Metro L4 &#8211; Llacuna y Tram T4-T5-T6 Ca l&#8217;Arany\u00f3.<\/p>\n<p>En Pallars, trabajo y bienestar van de la mano. El lugar perfecto para crecer y prosperar.<\/p>\n<p>\u00bfEst\u00e1s listo para hacer de este tu nuevo hogar profesional? \u00a1Cont\u00e1ctanos para m\u00e1s informaci\u00f3n!<\/p>\n","protected":false},"template":"","class_list":["post-57224","properties_post","type-properties_post","status-publish","hentry","properties_modality-rent","properties_district-sant-marti","properties_province-barcelona","properties_zone-116","properties_state-barcelona","properties_subclass-oficina","properties_type-oficina"],"acf":{"post_type_properties_post_property_code":"240517","post_type_properties_post_property_reference":"IE-196663","post_type_properties_post_owner_id":"30635","post_type_properties_post_owner_name":"STARWOOD CAPITAL GROUP OK","post_type_properties_post_property_code_encrypted":"MjkkMjUwODQ=","post_type_properties_post_published":"1","post_type_properties_post_property_visibility":"idealista","post_type_properties_post_contact_name":"Forcadell Oficinas Barcelona","post_type_properties_post_contact_email":"forcadell.oficinas.barcelona@movin.cloud","post_type_properties_post_contact_primary_phone_prefix":"34","post_type_properties_post_contact_primary_phone_number":"934965413","post_type_properties_post_address_visibility":"street","post_type_properties_post_address_country":"Spain","post_type_properties_post_address_coordinates_precision":"exact","post_type_properties_post_address_postal_code":"08005","post_type_properties_post_address_coordinates_latitude":"41.401428000002","post_type_properties_post_address_coordinates_longitude":"2.197611000002","post_type_properties_post_address_street_name":"CL Pallars, 193","post_type_properties_post_address_floor":"3","post_type_properties_post_address_town":"Barcelona","post_type_properties_post_building":null,"post_type_properties_post_property":[{"properties_post_description_language":"catalan","properties_post_title":" @MAR - 22@","properties_post_short_description_text_alt":"","properties_post_description_text_alt":"","properties_post_short_description_text":" ","properties_post_link_demanda_inmueble":"https:\/\/movin.cloud\/ca\/Forcadell Oficinas Barcelona\/formulari-peticio-immoble\/sth\/2438&&240517","properties_post_link_demanda_calendario_inmueble":"https:\/\/movin.cloud\/ca\/Forcadell Oficinas Barcelona\/calendari-peticio-immoble\/sth\/2438&&240517","properties_post_description_text":" Amb m\u00e9s de 12.000 m\u00b2, Pallars \u00e9s l'espai perfecte per a empreses que busquen cr\u00e9ixer en un entorn modern i din\u00e0mic. Dos edificis connectats per un nucli central, pensats per fomentar la col\u00b7laboraci\u00f3 i la creativitat.\n\nCaracter\u00edstiques destacades:\n\nEdifici 100% rehabilitat: Espais innovadors i amb disseny de vanguardia.\n\nLobby representativo i Servei de Conserjer\u00eda per donar una excel\u00b7lent impressi\u00f3 des del primer minut.\nSeguretat 24h i Accessos adaptats per a la teva tranquil\u00b7litat.\nSmart Lockers i 3 ascensors per a un dia m\u00e9s eficient.\nParking amb 216 places per a cotxes, 71 per a motos i zones exclusives per a bicicletes i patinetes.\nVestuarios y Cubierta verde accesible para momentos de relajaci\u00f3n.\nM\u00e9s de 1.000 m\u00b2 de jard\u00ed: Zona d'esdeveniments, \u00c0gora, Work & Lunch, Wellness i meditaci\u00f3, incl\u00f2s una cascada natural!\n\nOficinas di\u00e1fanas, con suelo t\u00e9cnico y falso techo registrable per adaptar-se a les vostres necessitats.\nClimatitzaci\u00f3 fred-calor per a major confort durant tot l'any.\n\nCon\u00e9ctate amb la ciutat:\n\nTransporte p\u00fablico a l'abast: Bus (6, 36, 40, 42, 71, 141, 192), Metro L4 - Llacuna, i Tram T4-T5-T6 Ca l'Arany\u00f3.\n\nPallars \u00e9s el lloc on el treball i el b\u00e9 estar es troben. \u00a1Haz cr\u00e9ixer la teva empresa en el lloc perfecte!\n\nEst\u00e0s llest per a un canvi d'espai? \u00a1Cont\u00e1ctanos y ven a descubrirlo!","properties_post_seo_title":"","properties_post_seo_alias":"","properties_post_seo_metadescription":"Oficina en lloguer a l'edifici @Mar. C. Pallars. Barcelona. Forcadell \u00e9s la seva ag\u00e8ncia de confian\u00e7a per al lloguer d'aquesta oficina.","properties_post_seo_key_words":"oficina lloguer 22 @, lloguer oficina 22 @, oficina 22 @","properties_post_seo_url":"","properties_post_terms_conditions":""},{"properties_post_description_language":"spanish","properties_post_title":"@MAR - 22@","properties_post_short_description_text_alt":"","properties_post_description_text_alt":"","properties_post_short_description_text":" ","properties_post_link_demanda_inmueble":"https:\/\/movin.cloud\/es\/Forcadell Oficinas Barcelona\/formulario-peticion-inmueble\/sth\/2438&&240517","properties_post_link_demanda_calendario_inmueble":"https:\/\/movin.cloud\/es\/Forcadell Oficinas Barcelona\/calendario-peticion-inmueble\/sth\/2438&&240517","properties_post_description_text":"Con m\u00e1s de 12.000 m\u00b2, Pallars ofrece el entorno ideal para empresas que buscan un espacio moderno y din\u00e1mico, dise\u00f1ado para impulsar la colaboraci\u00f3n y el crecimiento. Dos edificios conectados por un n\u00facleo central que crean el espacio perfecto para innovar.\n\nLo que te ofrecemos:\n\nRehabilitaci\u00f3n total del edificio: Un dise\u00f1o renovado para satisfacer las necesidades de hoy.\nLobby de alto nivel y conserjer\u00eda a tu disposici\u00f3n.\nSeguridad 24h y accesos adaptados para mayor comodidad.\nSmart lockers y 3 ascensores para tu d\u00eda a d\u00eda.\nEstacionamiento amplio, con 216 plazas para coches, 71 para motos y espacios reservados para bicicletas y patinetes.\nVestuarios y una cubierta verde accesible para disfrutar de un espacio al aire libre.\nM\u00e1s de 1.000 m\u00b2 de jardines: Un entorno \u00fanico con zonas para eventos, \u00e1gora, \u00e1reas para comer y descansar, zona wellness y de meditaci\u00f3n, \u00a1incluso una cascada natural!\n\nOficinas abiertas con suelo t\u00e9cnico y falso techo registrable, perfectas para adaptar el espacio a tu medida.\nClimatizaci\u00f3n fr\u00edo-calor para estar c\u00f3modo todo el a\u00f1o.\n\nBien comunicado:\n\nTransporte p\u00fablico: buses (6, 36, 40, 42, 71, 141, 192), Metro L4 - Llacuna y Tram T4-T5-T6 Ca l'Arany\u00f3.\n\nEn Pallars, trabajo y bienestar van de la mano. El lugar perfecto para crecer y prosperar.\n\n\u00bfEst\u00e1s listo para hacer de este tu nuevo hogar profesional? \u00a1Cont\u00e1ctanos para m\u00e1s informaci\u00f3n!\n","properties_post_seo_title":"","properties_post_seo_alias":"","properties_post_seo_metadescription":"Oficina en alquiler en el edificio @Mar. C. Pallars. Barcelona. Forcadell es su agencia de confianza para el alquiler de esta oficina.","properties_post_seo_key_words":"oficina alquiler 22@, alquiler oficina 22@, oficina 22@","properties_post_seo_url":"","properties_post_terms_conditions":""}],"post_type_properties_post_features_type":"office","post_type_properties_post_id_building":"MjkkMjc3ODg=","post_type_properties_post_features_area_constructed":755,"post_type_properties_post_features_conditioned_air":true,"post_type_properties_post_features_doorman":false,"post_type_properties_post_features_heating":true,"post_type_properties_post_features_equipped_kitchen":false,"post_type_properties_post_features_windows_location":"exterior","post_type_properties_post_features_floors_property":false,"post_type_properties_post_features_storage":false,"post_type_properties_post_features_security_door":false,"post_type_properties_post_features_energy_certificate_rating":"C","post_type_properties_post_features_energy_certificate_emissions_rating":"C","post_type_properties_post_features_energy_certificate_emissions_value":74,"post_type_properties_post_features_energy_certificate_performance":303,"post_type_properties_post_features_bathroom_inside":true,"post_type_properties_post_precio":14345,"post_type_properties_post_precio_alquiler":14345,"post_type_properties_post_record_type_id":"Oficina","post_type_properties_post_categoria__producto":"Oficina","post_type_properties_post_amueblado":false,"post_type_properties_post_precio_m2":19,"post_type_properties_post_zona__comunitaria":false,"post_type_properties_post_electrodomesticos":false,"post_type_properties_post_patio__interior":true,"post_type_properties_post_certificado_energetico_general":"C","post_type_properties_post_certificado_energetico_consumo":"C","post_type_properties_post_certificado_energetico_valor_emisiones":74,"post_type_properties_post_certificado_energetico_valor_consumo":303,"post_type_properties_post_modalidad":"rent","post_type_properties_post_provincia":"Barcelona","post_type_properties_post_poblacion":"Barcelona","post_type_properties_post_centro__urbano":false,"post_type_properties_post_zonificacion":"22 @","post_type_properties_post_cartera":"","post_type_properties_post_titulo_catalan":" @MAR - 22@","post_type_properties_post_internet_catalan":" Amb m\u00e9s de 12.000 m\u00b2, Pallars \u00e9s l'espai perfecte per a empreses que busquen cr\u00e9ixer en un entorn modern i din\u00e0mic. Dos edificis connectats per un nucli central, pensats per fomentar la col\u00b7laboraci\u00f3 i la creativitat.\n\nCaracter\u00edstiques destacades:\n\nEdifici 100% rehabilitat: Espais innovadors i amb disseny de vanguardia.\n\nLobby representativo i Servei de Conserjer\u00eda per donar una excel\u00b7lent impressi\u00f3 des del primer minut.\nSeguretat 24h i Accessos adaptats per a la teva tranquil\u00b7litat.\nSmart Lockers i 3 ascensors per a un dia m\u00e9s eficient.\nParking amb 216 places per a cotxes, 71 per a motos i zones exclusives per a bicicletes i patinetes.\nVestuarios y Cubierta verde accesible para momentos de relajaci\u00f3n.\nM\u00e9s de 1.000 m\u00b2 de jard\u00ed: Zona d'esdeveniments, \u00c0gora, Work & Lunch, Wellness i meditaci\u00f3, incl\u00f2s una cascada natural!\n\nOficinas di\u00e1fanas, con suelo t\u00e9cnico y falso techo registrable per adaptar-se a les vostres necessitats.\nClimatitzaci\u00f3 fred-calor per a major confort durant tot l'any.\n\nCon\u00e9ctate amb la ciutat:\n\nTransporte p\u00fablico a l'abast: Bus (6, 36, 40, 42, 71, 141, 192), Metro L4 - Llacuna, i Tram T4-T5-T6 Ca l'Arany\u00f3.\n\nPallars \u00e9s el lloc on el treball i el b\u00e9 estar es troben. \u00a1Haz cr\u00e9ixer la teva empresa en el lloc perfecte!\n\nEst\u00e0s llest per a un canvi d'espai? \u00a1Cont\u00e1ctanos y ven a descubrirlo!","post_type_properties_post_titulo_castellano":"@MAR - 22@","post_type_properties_post_internet_castellano":"Con m\u00e1s de 12.000 m\u00b2, Pallars ofrece el entorno ideal para empresas que buscan un espacio moderno y din\u00e1mico, dise\u00f1ado para impulsar la colaboraci\u00f3n y el crecimiento. Dos edificios conectados por un n\u00facleo central que crean el espacio perfecto para innovar.\n\nLo que te ofrecemos:\n\nRehabilitaci\u00f3n total del edificio: Un dise\u00f1o renovado para satisfacer las necesidades de hoy.\nLobby de alto nivel y conserjer\u00eda a tu disposici\u00f3n.\nSeguridad 24h y accesos adaptados para mayor comodidad.\nSmart lockers y 3 ascensores para tu d\u00eda a d\u00eda.\nEstacionamiento amplio, con 216 plazas para coches, 71 para motos y espacios reservados para bicicletas y patinetes.\nVestuarios y una cubierta verde accesible para disfrutar de un espacio al aire libre.\nM\u00e1s de 1.000 m\u00b2 de jardines: Un entorno \u00fanico con zonas para eventos, \u00e1gora, \u00e1reas para comer y descansar, zona wellness y de meditaci\u00f3n, \u00a1incluso una cascada natural!\n\nOficinas abiertas con suelo t\u00e9cnico y falso techo registrable, perfectas para adaptar el espacio a tu medida.\nClimatizaci\u00f3n fr\u00edo-calor para estar c\u00f3modo todo el a\u00f1o.\n\nBien comunicado:\n\nTransporte p\u00fablico: buses (6, 36, 40, 42, 71, 141, 192), Metro L4 - Llacuna y Tram T4-T5-T6 Ca l'Arany\u00f3.\n\nEn Pallars, trabajo y bienestar van de la mano. El lugar perfecto para crecer y prosperar.\n\n\u00bfEst\u00e1s listo para hacer de este tu nuevo hogar profesional? \u00a1Cont\u00e1ctanos para m\u00e1s informaci\u00f3n!\n","post_type_properties_post_titulo_ingles":"","post_type_properties_post_internet_ingles":"","post_type_properties_post_features_classification_commercial":false,"post_type_properties_post_features_conservation":"","post_type_properties_post_features_security_personnel":false,"post_type_properties_post_features_parking_available":false,"post_type_properties_post_features_garage_capacity_type":"","post_type_properties_post_features_bathroom_number":"","post_type_properties_post_eje":"","post_type_properties_post_zona":"","post_type_properties_post_comarca":"","post_type_properties_post_features_built_year":"","post_type_properties_post_renta_mensual":14345,"post_type_properties_post_fianza":"","post_type_properties_post_features_area_plot":"","post_type_properties_post_features_area_buildable":"","post_type_properties_post_features_classification_industrial":false,"post_type_properties_post_distrito":"","post_type_properties_post_features_balcony":false,"post_type_properties_post_features_bedroom_number":"","post_type_properties_post_features_heating_type":"","post_type_properties_post_features_equipped_with_furniture":false,"post_type_properties_post_features_pets_allowed":false,"post_type_properties_post_features_pool":false,"post_type_properties_post_features_terrace":false,"post_type_properties_post_features_wardrobes":false,"post_type_properties_post_features_lift_available":false,"post_type_properties_post_features_handicap_adapted_access":false,"post_type_properties_post_features_orientation_east":false,"post_type_properties_post_features_orientation_west":false,"post_type_properties_post_features_orientation_north":false,"post_type_properties_post_features_orientation_south":false,"post_type_properties_post_features_parking_spaces_number":"","post_type_properties_post_features_security_alarm":false,"post_type_properties_post_features_security_system":false,"post_type_properties_post_open_plan":false,"post_type_properties_post_acceso_24_7":false,"post_type_properties_post_oficina_privada":false,"post_type_properties_post_sala_reuniones":false,"post_type_properties_post_espacio_eventos":false,"post_type_properties_post_office":false,"post_type_properties_post_restaurant":false,"post_type_properties_post_acepta_traspaso":false,"post_type_properties_post_vigilancia":false,"post_type_properties_post_features_suite":false,"post_type_properties_post_features_vitro":false,"post_type_properties_post_features_oven":false,"post_type_properties_post_features_microwave":false,"post_type_properties_post_features_washing_machine":false,"post_type_properties_post_features_dryer":false,"post_type_properties_post_features_dishwasher":false,"post_type_properties_post_features_fridge":false,"post_type_properties_post_features_fridge_mini":false,"post_type_properties_post_features_kettle":false,"post_type_properties_post_features_toaster":false,"post_type_properties_post_features_coffee_maker":false,"post_type_properties_post_features_iron":false,"post_type_properties_post_features_ironing_board":false,"post_type_properties_post_features_safe":false,"post_type_properties_post_features_internet":false,"post_type_properties_post_features_solarium":false,"post_type_properties_post_features_clean_service":false,"post_type_properties_post_features_t_v":false,"post_type_properties_post_features_satellite_t_v":false,"post_type_properties_post_features_gas_kitchen":false,"post_type_properties_post_features_view_mountain":false,"post_type_properties_post_features_view_sea":false,"post_type_properties_post_features_concierge":false,"post_type_properties_post_features_loading_dock":false,"post_type_properties_post_features_bridge_crane":false,"post_type_properties_post_features_located_at_corner":false,"post_type_properties_post_features_smoke_extraction":false,"post_type_properties_post_features_rooms":"","post_type_properties_post_features_garden_area":"","post_type_properties_post_features_utilities_water":false,"post_type_properties_post_features_utilities_electricity":false,"post_type_properties_post_features_utilities_natural_gas":false,"post_type_properties_post_features_building_adapted":false,"post_type_properties_post_features_garden":false,"post_type_properties_post_features_classification_hotel":false,"post_type_properties_post_features_classification_chalet":false,"post_type_properties_post_certificado_energetico_emisiones":"C","post_type_properties_post_barrio":"","post_type_properties_post_distrito_empresa":"Sant Mart\u00ed","post_type_properties_post_features_property_category_intern":"","post_type_properties_post_implantada":true,"post_type_properties_post_sello_leed":"","post_type_properties_post_sello_well":"","post_type_properties_post_sello_breeam":true,"post_type_properties_post_images":[{"properties_post_image_order":1,"properties_post_image_url":"https:\/\/movin.cloud\/empresas\/2438\/imagenes\/240517\/alquiler-para-idealista-barcelona.webp","properties_post_image_url_thumbnail":"https:\/\/movin.cloud\/empresas\/2438\/imagenes\/thumbnails\/240517\/alquiler-para-idealista-barcelona.webp","properties_post_title":"alquiler para idealista barcelona","properties_post_alt":"alquiler para idealista barcelona"},{"properties_post_image_order":2,"properties_post_image_url":"https:\/\/movin.cloud\/empresas\/2438\/imagenes\/240517\/en-alquiler.webp","properties_post_image_url_thumbnail":"https:\/\/movin.cloud\/empresas\/2438\/imagenes\/thumbnails\/240517\/en-alquiler.webp","properties_post_title":"en alquiler","properties_post_alt":"en alquiler"},{"properties_post_image_order":3,"properties_post_image_url":"https:\/\/movin.cloud\/empresas\/2438\/imagenes\/240517\/alquiler.webp","properties_post_image_url_thumbnail":"https:\/\/movin.cloud\/empresas\/2438\/imagenes\/thumbnails\/240517\/alquiler.webp","properties_post_title":"alquiler","properties_post_alt":"alquiler"},{"properties_post_image_order":4,"properties_post_image_url":"https:\/\/movin.cloud\/empresas\/2438\/imagenes\/240517\/alquiler-idealistas.webp","properties_post_image_url_thumbnail":"https:\/\/movin.cloud\/empresas\/2438\/imagenes\/thumbnails\/240517\/alquiler-idealistas.webp","properties_post_title":"alquiler idealistas","properties_post_alt":"alquiler idealistas"},{"properties_post_image_order":5,"properties_post_image_url":"https:\/\/movin.cloud\/empresas\/2438\/imagenes\/240517\/alquiler-para-idealista.webp","properties_post_image_url_thumbnail":"https:\/\/movin.cloud\/empresas\/2438\/imagenes\/thumbnails\/240517\/alquiler-para-idealista.webp","properties_post_title":"alquiler para idealista","properties_post_alt":"alquiler para idealista"},{"properties_post_image_order":6,"properties_post_image_url":"https:\/\/movin.cloud\/empresas\/2438\/imagenes\/240517\/alquiler-idealistas-barcelona.webp","properties_post_image_url_thumbnail":"https:\/\/movin.cloud\/empresas\/2438\/imagenes\/thumbnails\/240517\/alquiler-idealistas-barcelona.webp","properties_post_title":"alquiler idealistas barcelona","properties_post_alt":"alquiler idealistas barcelona"},{"properties_post_image_order":7,"properties_post_image_url":"https:\/\/movin.cloud\/empresas\/2438\/imagenes\/240517\/alquilar.webp","properties_post_image_url_thumbnail":"https:\/\/movin.cloud\/empresas\/2438\/imagenes\/thumbnails\/240517\/alquilar.webp","properties_post_title":"alquilar","properties_post_alt":"alquilar"},{"properties_post_image_order":8,"properties_post_image_url":"https:\/\/movin.cloud\/empresas\/2438\/imagenes\/240517\/alquiler-para-idealistas.webp","properties_post_image_url_thumbnail":"https:\/\/movin.cloud\/empresas\/2438\/imagenes\/thumbnails\/240517\/alquiler-para-idealistas.webp","properties_post_title":"alquiler para idealistas","properties_post_alt":"alquiler para idealistas"},{"properties_post_image_order":9,"properties_post_image_url":"https:\/\/movin.cloud\/empresas\/2438\/imagenes\/240517\/en-alquiler-barcelona.webp","properties_post_image_url_thumbnail":"https:\/\/movin.cloud\/empresas\/2438\/imagenes\/thumbnails\/240517\/en-alquiler-barcelona.webp","properties_post_title":"en alquiler barcelona","properties_post_alt":"en alquiler barcelona"},{"properties_post_image_order":10,"properties_post_image_url":"https:\/\/movin.cloud\/empresas\/2438\/imagenes\/240517\/inmobiliaria.webp","properties_post_image_url_thumbnail":"https:\/\/movin.cloud\/empresas\/2438\/imagenes\/thumbnails\/240517\/inmobiliaria.webp","properties_post_title":"inmobiliaria","properties_post_alt":"inmobiliaria"},{"properties_post_image_order":11,"properties_post_image_url":"https:\/\/movin.cloud\/empresas\/2438\/imagenes\/240517\/habitalia-barcelona.webp","properties_post_image_url_thumbnail":"https:\/\/movin.cloud\/empresas\/2438\/imagenes\/thumbnails\/240517\/habitalia-barcelona.webp","properties_post_title":"habitalia barcelona","properties_post_alt":"habitalia barcelona"},{"properties_post_image_order":12,"properties_post_image_url":"https:\/\/movin.cloud\/empresas\/2438\/imagenes\/240517\/alquilar-barcelona.webp","properties_post_image_url_thumbnail":"https:\/\/movin.cloud\/empresas\/2438\/imagenes\/thumbnails\/240517\/alquilar-barcelona.webp","properties_post_title":"alquilar barcelona","properties_post_alt":"alquilar barcelona"},{"properties_post_image_order":13,"properties_post_image_url":"https:\/\/movin.cloud\/empresas\/2438\/imagenes\/240517\/viviendas-barcelona.webp","properties_post_image_url_thumbnail":"https:\/\/movin.cloud\/empresas\/2438\/imagenes\/thumbnails\/240517\/viviendas-barcelona.webp","properties_post_title":"viviendas barcelona","properties_post_alt":"viviendas barcelona"},{"properties_post_image_order":14,"properties_post_image_url":"https:\/\/movin.cloud\/empresas\/2438\/imagenes\/240517\/alquiler-para-idealistas-barcelona.webp","properties_post_image_url_thumbnail":"https:\/\/movin.cloud\/empresas\/2438\/imagenes\/thumbnails\/240517\/alquiler-para-idealistas-barcelona.webp","properties_post_title":"alquiler para idealistas barcelona","properties_post_alt":"alquiler para idealistas barcelona"},{"properties_post_image_order":15,"properties_post_image_url":"https:\/\/movin.cloud\/empresas\/2438\/imagenes\/240517\/rent-barcelona.webp","properties_post_image_url_thumbnail":"https:\/\/movin.cloud\/empresas\/2438\/imagenes\/thumbnails\/240517\/rent-barcelona.webp","properties_post_title":"rent barcelona","properties_post_alt":"rent barcelona"},{"properties_post_image_order":16,"properties_post_image_url":"https:\/\/movin.cloud\/empresas\/2438\/imagenes\/240517\/fincas-barcelona.webp","properties_post_image_url_thumbnail":"https:\/\/movin.cloud\/empresas\/2438\/imagenes\/thumbnails\/240517\/fincas-barcelona.webp","properties_post_title":"fincas barcelona","properties_post_alt":"fincas barcelona"},{"properties_post_image_order":17,"properties_post_image_url":"https:\/\/movin.cloud\/empresas\/2438\/imagenes\/240517\/inmobiliarias-barcelona.webp","properties_post_image_url_thumbnail":"https:\/\/movin.cloud\/empresas\/2438\/imagenes\/thumbnails\/240517\/inmobiliarias-barcelona.webp","properties_post_title":"inmobiliarias barcelona","properties_post_alt":"inmobiliarias barcelona"}],"post_type_properties_post_videos":null,"post_type_properties_post_tour":null,"post_type_properties_post_dossier_url":"","post_type_properties_post_operation_type":"rent","post_type_properties_post_operation_price":14345,"post_type_properties_post_features_hidden_price":false},"yoast_head":"<!-- This site is optimized with the Yoast SEO plugin v27.4 - https:\/\/yoast.com\/product\/yoast-seo-wordpress\/ -->\n<title>@MAR - 22@ - Forcadell<\/title>\n<meta name=\"robots\" content=\"index, follow, max-snippet:-1, max-image-preview:large, max-video-preview:-1\" \/>\n<link rel=\"canonical\" href=\"https:\/\/forcadell.com\/ca\/propiedades\/mar-22\/\" \/>\n<meta property=\"og:locale\" content=\"ca_ES\" \/>\n<meta property=\"og:type\" content=\"article\" \/>\n<meta property=\"og:title\" content=\"@MAR - 22@ - Forcadell\" \/>\n<meta property=\"og:description\" content=\"Con m\u00e1s de 12.000 m\u00b2, Pallars ofrece el entorno ideal para empresas que buscan un espacio moderno y din\u00e1mico, dise\u00f1ado para impulsar la colaboraci\u00f3n y el crecimiento. Dos edificios conectados por un n\u00facleo central que crean el espacio perfecto para innovar. Lo que te ofrecemos: Rehabilitaci\u00f3n total del edificio: Un dise\u00f1o renovado para satisfacer las [&hellip;]\" \/>\n<meta property=\"og:url\" content=\"https:\/\/forcadell.com\/ca\/propiedades\/mar-22\/\" \/>\n<meta property=\"og:site_name\" content=\"Forcadell\" \/>\n<meta property=\"article:modified_time\" content=\"2026-04-29T06:00:22+00:00\" \/>\n<meta name=\"twitter:card\" content=\"summary_large_image\" \/>\n<meta name=\"twitter:label1\" content=\"Temps estimat de lectura\" \/>\n\t<meta name=\"twitter:data1\" content=\"1 minut\" \/>\n<!-- \/ Yoast SEO plugin. -->","yoast_head_json":{"title":"@MAR - 22@ - Forcadell","robots":{"index":"index","follow":"follow","max-snippet":"max-snippet:-1","max-image-preview":"max-image-preview:large","max-video-preview":"max-video-preview:-1"},"canonical":"https:\/\/forcadell.com\/ca\/propiedades\/mar-22\/","og_locale":"ca_ES","og_type":"article","og_title":"@MAR - 22@ - Forcadell","og_description":"Con m\u00e1s de 12.000 m\u00b2, Pallars ofrece el entorno ideal para empresas que buscan un espacio moderno y din\u00e1mico, dise\u00f1ado para impulsar la colaboraci\u00f3n y el crecimiento. Dos edificios conectados por un n\u00facleo central que crean el espacio perfecto para innovar. Lo que te ofrecemos: Rehabilitaci\u00f3n total del edificio: Un dise\u00f1o renovado para satisfacer las [&hellip;]","og_url":"https:\/\/forcadell.com\/ca\/propiedades\/mar-22\/","og_site_name":"Forcadell","article_modified_time":"2026-04-29T06:00:22+00:00","twitter_card":"summary_large_image","twitter_misc":{"Temps estimat de lectura":"1 minut"},"schema":{"@context":"https:\/\/schema.org","@graph":[{"@type":"WebPage","@id":"https:\/\/forcadell.com\/ca\/propiedades\/mar-22\/","url":"https:\/\/forcadell.com\/ca\/propiedades\/mar-22\/","name":"@MAR - 22@ - Forcadell","isPartOf":{"@id":"https:\/\/forcadell.com\/ca\/#website"},"datePublished":"2025-11-04T13:34:59+00:00","dateModified":"2026-04-29T06:00:22+00:00","breadcrumb":{"@id":"https:\/\/forcadell.com\/ca\/propiedades\/mar-22\/#breadcrumb"},"inLanguage":"ca","potentialAction":[{"@type":"ReadAction","target":["https:\/\/forcadell.com\/ca\/propiedades\/mar-22\/"]}]},{"@type":"BreadcrumbList","@id":"https:\/\/forcadell.com\/ca\/propiedades\/mar-22\/#breadcrumb","itemListElement":[{"@type":"ListItem","position":1,"name":"Portada","item":"https:\/\/forcadell.com\/ca\/"},{"@type":"ListItem","position":2,"name":"Properties","item":"https:\/\/forcadell.com\/ca\/propiedades\/"},{"@type":"ListItem","position":3,"name":"@MAR &#8211; 22@"}]},{"@type":"WebSite","@id":"https:\/\/forcadell.com\/ca\/#website","url":"https:\/\/forcadell.com\/ca\/","name":"Forcadell","description":"Inmobiliaria Barcelona | Consultores inmobiliarios","potentialAction":[{"@type":"SearchAction","target":{"@type":"EntryPoint","urlTemplate":"https:\/\/forcadell.com\/ca\/?s={search_term_string}"},"query-input":{"@type":"PropertyValueSpecification","valueRequired":true,"valueName":"search_term_string"}}],"inLanguage":"ca"}]}},"_links":{"self":[{"href":"https:\/\/forcadell.com\/ca\/wp-json\/wp\/v2\/properties_post\/57224","targetHints":{"allow":["GET"]}}],"collection":[{"href":"https:\/\/forcadell.com\/ca\/wp-json\/wp\/v2\/properties_post"}],"about":[{"href":"https:\/\/forcadell.com\/ca\/wp-json\/wp\/v2\/types\/properties_post"}],"wp:attachment":[{"href":"https:\/\/forcadell.com\/ca\/wp-json\/wp\/v2\/media?parent=57224"}],"curies":[{"name":"wp","href":"https:\/\/api.w.org\/{rel}","templated":true}]}}