{"id":57205,"date":"2025-11-04T15:34:09","date_gmt":"2025-11-04T13:34:09","guid":{"rendered":"https:\/\/www.forcadell.com\/propiedades\/edificio-prisma-barcelona\/"},"modified":"2026-04-26T12:00:22","modified_gmt":"2026-04-26T10:00:22","slug":"edificio-prisma-barcelona","status":"publish","type":"properties_post","link":"https:\/\/forcadell.com\/ca\/propiedades\/edificio-prisma-barcelona\/","title":{"rendered":"EDIFICIO PRISMA"},"content":{"rendered":"<p> \u00a1Tu nueva oficina en la mejor ubicaci\u00f3n de Barcelona!<\/p>\n<p>Descubre un moderno edificio de oficinas en la emblem\u00e1tica Av. Diagonal, dise\u00f1ado para potenciar tu negocio con instalaciones de primer nivel.<\/p>\n<p>9 plantas exteriores, flexibles y divisibles en m\u00f3dulos desde 217 m\u00b2<br \/>\nFachada de muro cortina que aporta luz natural y estilo<br \/>\nElegantes zonas comunes que impresionan a tus clientes<br \/>\n2 ascensores para m\u00e1xima comodidad<br \/>\nAcabados de alta calidad y dise\u00f1o sofisticado<br \/>\nSistema de control de accesos y vigilancia 24 horas para tu seguridad<br \/>\nServicio de conserjer\u00eda permanente<br \/>\nAparcamiento privado en el mismo edificio<br \/>\nCertificaci\u00f3n ambiental Breeam Very Good<br \/>\nPlantas di\u00e1fanas y exteriores para ambientes luminosos y funcionales<br \/>\nClimatizaci\u00f3n eficiente y sistema contra incendios<br \/>\nFalso techo con luminarias empotradas y suelo t\u00e9cnico para mayor comodidad<br \/>\nVentanas con doble acristalamiento que garantizan aislamiento t\u00e9rmico y ac\u00fastico<\/p>\n<p>\u00a1No dejes pasar esta oportunidad de trabajar en un espacio moderno, seguro y estrat\u00e9gico!<\/p>\n<p>Consulta disponibilidad y condiciones. Tu oficina en Av. Diagonal te espera.<\/p>\n","protected":false},"template":"","class_list":["post-57205","properties_post","type-properties_post","status-publish","hentry","properties_modality-rent","properties_district-les-corts","properties_province-barcelona","properties_zone-cbd-diagonal-po-de-gracia","properties_state-barcelona","properties_subclass-oficina","properties_type-oficina"],"acf":{"post_type_properties_post_property_code":"239094","post_type_properties_post_property_reference":"IE-196424","post_type_properties_post_owner_id":"50223","post_type_properties_post_owner_name":"INMOBILIARIA COLONIAL - SOCIMI SA","post_type_properties_post_property_code_encrypted":"MjkkMjM2NjE=","post_type_properties_post_published":"1","post_type_properties_post_property_visibility":"idealista","post_type_properties_post_contact_name":"Forcadell Oficinas Barcelona","post_type_properties_post_contact_email":"forcadell.oficinas.barcelona@movin.cloud","post_type_properties_post_contact_primary_phone_prefix":"34","post_type_properties_post_contact_primary_phone_number":"934965413","post_type_properties_post_address_visibility":"street","post_type_properties_post_address_country":"Spain","post_type_properties_post_address_coordinates_precision":"exact","post_type_properties_post_address_postal_code":"08028","post_type_properties_post_address_coordinates_latitude":"41.3880462","post_type_properties_post_address_coordinates_longitude":"2.1288377","post_type_properties_post_address_street_name":"AV Diagonal 611","post_type_properties_post_address_floor":"7","post_type_properties_post_address_town":"Barcelona","post_type_properties_post_building":null,"post_type_properties_post_property":[{"properties_post_description_language":"catalan","properties_post_title":"EDIFICI PRISMA ","properties_post_short_description_text_alt":"","properties_post_description_text_alt":"","properties_post_short_description_text":" ","properties_post_link_demanda_inmueble":"https:\/\/movin.cloud\/ca\/Forcadell Oficinas Barcelona\/formulari-peticio-immoble\/sth\/2438&&239094","properties_post_link_demanda_calendario_inmueble":"https:\/\/movin.cloud\/ca\/Forcadell Oficinas Barcelona\/calendari-peticio-immoble\/sth\/2438&&239094","properties_post_description_text":"La teva nova oficina a la millor ubicaci\u00f3 de Barcelona!\n\nDescobreix un edifici d'oficines modern a l'emblem\u00e0tica Av. Diagonal, dissenyat per potenciar el teu negoci amb instal\u00b7lacions de primer nivell.\n\n9 plantes exteriors, flexibles i divisibles en m\u00f2duls des de 217 m\u00b2\nFa\u00e7ana de mur cortina que aporta llum natural i estil\nElegants zones comunes que impressionen els teus clients\n2 ascensors per a m\u00e0xima comoditat\nAcabats d\u00b4alta qualitat i disseny sofisticat\nSistema de control d'accessos i vigil\u00e0ncia 24 hores per a la vostra seguretat\nServei de consergeria permanent\nAparcament privat al mateix edifici\nCertificaci\u00f3 ambiental Breeam Very Good\nPlantes di\u00e0fanes i exteriors per a ambients lluminosos i funcionals\nClimatitzaci\u00f3 eficient i sistema contra incendis\nFals sostre amb llumin\u00e0ries encastades i terra t\u00e8cnic per a m\u00e9s comoditat\nFinestres amb doble vidre que garanteixen a\u00efllament t\u00e8rmic i ac\u00fastic\n\nNo deixeu passar aquesta oportunitat de treballar en un espai modern, segur i estrat\u00e8gic!\n\nConsulta disponibilitat i condicions. La teva oficina a Av. Diagonal us espera.","properties_post_seo_title":"","properties_post_seo_alias":"","properties_post_seo_metadescription":"Oficina en lloguer a l'avinguda Diagonal de Barcelona. Zona Prime. Forcadell \u00e9s la seva ag\u00e8ncia de confian\u00e7a per al lloguer d'aquesta oficina.","properties_post_seo_key_words":"oficina lloguer zona prime, lloguer oficina zona prime, oficina zona prime","properties_post_seo_url":"","properties_post_terms_conditions":""},{"properties_post_description_language":"spanish","properties_post_title":"EDIFICIO PRISMA","properties_post_short_description_text_alt":"","properties_post_description_text_alt":"","properties_post_short_description_text":" ","properties_post_link_demanda_inmueble":"https:\/\/movin.cloud\/es\/Forcadell Oficinas Barcelona\/formulario-peticion-inmueble\/sth\/2438&&239094","properties_post_link_demanda_calendario_inmueble":"https:\/\/movin.cloud\/es\/Forcadell Oficinas Barcelona\/calendario-peticion-inmueble\/sth\/2438&&239094","properties_post_description_text":" \u00a1Tu nueva oficina en la mejor ubicaci\u00f3n de Barcelona!\n\nDescubre un moderno edificio de oficinas en la emblem\u00e1tica Av. Diagonal, dise\u00f1ado para potenciar tu negocio con instalaciones de primer nivel.\n\n9 plantas exteriores, flexibles y divisibles en m\u00f3dulos desde 217 m\u00b2\nFachada de muro cortina que aporta luz natural y estilo\nElegantes zonas comunes que impresionan a tus clientes\n2 ascensores para m\u00e1xima comodidad\nAcabados de alta calidad y dise\u00f1o sofisticado\nSistema de control de accesos y vigilancia 24 horas para tu seguridad\nServicio de conserjer\u00eda permanente\nAparcamiento privado en el mismo edificio\nCertificaci\u00f3n ambiental Breeam Very Good\nPlantas di\u00e1fanas y exteriores para ambientes luminosos y funcionales\nClimatizaci\u00f3n eficiente y sistema contra incendios\nFalso techo con luminarias empotradas y suelo t\u00e9cnico para mayor comodidad\nVentanas con doble acristalamiento que garantizan aislamiento t\u00e9rmico y ac\u00fastico\n\n\u00a1No dejes pasar esta oportunidad de trabajar en un espacio moderno, seguro y estrat\u00e9gico!\n\nConsulta disponibilidad y condiciones. Tu oficina en Av. Diagonal te espera.\n ","properties_post_seo_title":"","properties_post_seo_alias":"","properties_post_seo_metadescription":"Oficina en alquiler en la avenida Diagonal de Barcelona. Zona Prime. Forcadell es su agencia de confianza para el alquiler de esta oficina.","properties_post_seo_key_words":"oficina alquiler zona prime, alquiler oficina zona prime, oficina zona prime","properties_post_seo_url":"","properties_post_terms_conditions":""}],"post_type_properties_post_features_type":"office","post_type_properties_post_id_building":"MjkkMjc2Njk=","post_type_properties_post_features_area_constructed":496,"post_type_properties_post_features_conditioned_air":true,"post_type_properties_post_features_doorman":false,"post_type_properties_post_features_heating":true,"post_type_properties_post_features_equipped_kitchen":false,"post_type_properties_post_features_windows_location":"exterior","post_type_properties_post_features_floors_property":false,"post_type_properties_post_features_storage":false,"post_type_properties_post_features_security_door":false,"post_type_properties_post_features_energy_certificate_rating":"B","post_type_properties_post_features_energy_certificate_emissions_rating":"B","post_type_properties_post_features_energy_certificate_emissions_value":"","post_type_properties_post_features_energy_certificate_performance":"","post_type_properties_post_features_bathroom_inside":true,"post_type_properties_post_precio":13392,"post_type_properties_post_precio_alquiler":13392,"post_type_properties_post_record_type_id":"Oficina","post_type_properties_post_categoria__producto":"Oficina","post_type_properties_post_amueblado":false,"post_type_properties_post_precio_m2":27,"post_type_properties_post_zona__comunitaria":false,"post_type_properties_post_electrodomesticos":false,"post_type_properties_post_patio__interior":false,"post_type_properties_post_certificado_energetico_general":"B","post_type_properties_post_certificado_energetico_consumo":"B","post_type_properties_post_certificado_energetico_valor_emisiones":"","post_type_properties_post_certificado_energetico_valor_consumo":"","post_type_properties_post_modalidad":"rent","post_type_properties_post_provincia":"Barcelona","post_type_properties_post_poblacion":"Barcelona","post_type_properties_post_centro__urbano":false,"post_type_properties_post_zonificacion":"CBD - Diagonal \/ P\u00ba de Gracia","post_type_properties_post_cartera":"","post_type_properties_post_titulo_catalan":"EDIFICI PRISMA ","post_type_properties_post_internet_catalan":"La teva nova oficina a la millor ubicaci\u00f3 de Barcelona!\n\nDescobreix un edifici d'oficines modern a l'emblem\u00e0tica Av. Diagonal, dissenyat per potenciar el teu negoci amb instal\u00b7lacions de primer nivell.\n\n9 plantes exteriors, flexibles i divisibles en m\u00f2duls des de 217 m\u00b2\nFa\u00e7ana de mur cortina que aporta llum natural i estil\nElegants zones comunes que impressionen els teus clients\n2 ascensors per a m\u00e0xima comoditat\nAcabats d\u00b4alta qualitat i disseny sofisticat\nSistema de control d'accessos i vigil\u00e0ncia 24 hores per a la vostra seguretat\nServei de consergeria permanent\nAparcament privat al mateix edifici\nCertificaci\u00f3 ambiental Breeam Very Good\nPlantes di\u00e0fanes i exteriors per a ambients lluminosos i funcionals\nClimatitzaci\u00f3 eficient i sistema contra incendis\nFals sostre amb llumin\u00e0ries encastades i terra t\u00e8cnic per a m\u00e9s comoditat\nFinestres amb doble vidre que garanteixen a\u00efllament t\u00e8rmic i ac\u00fastic\n\nNo deixeu passar aquesta oportunitat de treballar en un espai modern, segur i estrat\u00e8gic!\n\nConsulta disponibilitat i condicions. La teva oficina a Av. Diagonal us espera.","post_type_properties_post_titulo_castellano":"EDIFICIO PRISMA","post_type_properties_post_internet_castellano":" \u00a1Tu nueva oficina en la mejor ubicaci\u00f3n de Barcelona!\n\nDescubre un moderno edificio de oficinas en la emblem\u00e1tica Av. Diagonal, dise\u00f1ado para potenciar tu negocio con instalaciones de primer nivel.\n\n9 plantas exteriores, flexibles y divisibles en m\u00f3dulos desde 217 m\u00b2\nFachada de muro cortina que aporta luz natural y estilo\nElegantes zonas comunes que impresionan a tus clientes\n2 ascensores para m\u00e1xima comodidad\nAcabados de alta calidad y dise\u00f1o sofisticado\nSistema de control de accesos y vigilancia 24 horas para tu seguridad\nServicio de conserjer\u00eda permanente\nAparcamiento privado en el mismo edificio\nCertificaci\u00f3n ambiental Breeam Very Good\nPlantas di\u00e1fanas y exteriores para ambientes luminosos y funcionales\nClimatizaci\u00f3n eficiente y sistema contra incendios\nFalso techo con luminarias empotradas y suelo t\u00e9cnico para mayor comodidad\nVentanas con doble acristalamiento que garantizan aislamiento t\u00e9rmico y ac\u00fastico\n\n\u00a1No dejes pasar esta oportunidad de trabajar en un espacio moderno, seguro y estrat\u00e9gico!\n\nConsulta disponibilidad y condiciones. Tu oficina en Av. Diagonal te espera.\n ","post_type_properties_post_titulo_ingles":"","post_type_properties_post_internet_ingles":"","post_type_properties_post_features_classification_commercial":false,"post_type_properties_post_features_conservation":"","post_type_properties_post_features_security_personnel":false,"post_type_properties_post_features_parking_available":false,"post_type_properties_post_features_garage_capacity_type":"","post_type_properties_post_features_bathroom_number":"","post_type_properties_post_eje":"","post_type_properties_post_zona":"","post_type_properties_post_comarca":"","post_type_properties_post_features_built_year":"","post_type_properties_post_renta_mensual":12400,"post_type_properties_post_fianza":"","post_type_properties_post_features_area_plot":"","post_type_properties_post_features_area_buildable":"","post_type_properties_post_features_classification_industrial":false,"post_type_properties_post_distrito":"","post_type_properties_post_features_balcony":false,"post_type_properties_post_features_bedroom_number":"","post_type_properties_post_features_heating_type":"","post_type_properties_post_features_equipped_with_furniture":false,"post_type_properties_post_features_pets_allowed":false,"post_type_properties_post_features_pool":false,"post_type_properties_post_features_terrace":false,"post_type_properties_post_features_wardrobes":false,"post_type_properties_post_features_lift_available":false,"post_type_properties_post_features_handicap_adapted_access":false,"post_type_properties_post_features_orientation_east":false,"post_type_properties_post_features_orientation_west":false,"post_type_properties_post_features_orientation_north":false,"post_type_properties_post_features_orientation_south":false,"post_type_properties_post_features_parking_spaces_number":"","post_type_properties_post_features_security_alarm":false,"post_type_properties_post_features_security_system":false,"post_type_properties_post_open_plan":false,"post_type_properties_post_acceso_24_7":false,"post_type_properties_post_oficina_privada":false,"post_type_properties_post_sala_reuniones":false,"post_type_properties_post_espacio_eventos":false,"post_type_properties_post_office":false,"post_type_properties_post_restaurant":false,"post_type_properties_post_acepta_traspaso":false,"post_type_properties_post_vigilancia":false,"post_type_properties_post_features_suite":false,"post_type_properties_post_features_vitro":false,"post_type_properties_post_features_oven":false,"post_type_properties_post_features_microwave":false,"post_type_properties_post_features_washing_machine":false,"post_type_properties_post_features_dryer":false,"post_type_properties_post_features_dishwasher":false,"post_type_properties_post_features_fridge":false,"post_type_properties_post_features_fridge_mini":false,"post_type_properties_post_features_kettle":false,"post_type_properties_post_features_toaster":false,"post_type_properties_post_features_coffee_maker":false,"post_type_properties_post_features_iron":false,"post_type_properties_post_features_ironing_board":false,"post_type_properties_post_features_safe":false,"post_type_properties_post_features_internet":false,"post_type_properties_post_features_solarium":false,"post_type_properties_post_features_clean_service":false,"post_type_properties_post_features_t_v":false,"post_type_properties_post_features_satellite_t_v":false,"post_type_properties_post_features_gas_kitchen":false,"post_type_properties_post_features_view_mountain":false,"post_type_properties_post_features_view_sea":false,"post_type_properties_post_features_concierge":false,"post_type_properties_post_features_loading_dock":false,"post_type_properties_post_features_bridge_crane":false,"post_type_properties_post_features_located_at_corner":false,"post_type_properties_post_features_smoke_extraction":false,"post_type_properties_post_features_rooms":"","post_type_properties_post_features_garden_area":"","post_type_properties_post_features_utilities_water":false,"post_type_properties_post_features_utilities_electricity":false,"post_type_properties_post_features_utilities_natural_gas":false,"post_type_properties_post_features_building_adapted":false,"post_type_properties_post_features_garden":false,"post_type_properties_post_features_classification_hotel":false,"post_type_properties_post_features_classification_chalet":false,"post_type_properties_post_certificado_energetico_emisiones":"B","post_type_properties_post_barrio":"","post_type_properties_post_distrito_empresa":"Les Corts","post_type_properties_post_features_property_category_intern":"","post_type_properties_post_implantada":true,"post_type_properties_post_sello_leed":"","post_type_properties_post_sello_well":"","post_type_properties_post_sello_breeam":true,"post_type_properties_post_images":[{"properties_post_image_order":1,"properties_post_image_url":"https:\/\/movin.cloud\/empresas\/2438\/imagenes\/239094\/alquiler-barcelona.webp","properties_post_image_url_thumbnail":"https:\/\/movin.cloud\/empresas\/2438\/imagenes\/thumbnails\/239094\/alquiler-barcelona.webp","properties_post_title":"alquiler barcelona","properties_post_alt":"alquiler barcelona"},{"properties_post_image_order":2,"properties_post_image_url":"https:\/\/movin.cloud\/empresas\/2438\/imagenes\/239094\/alquiler-para-idealista.webp","properties_post_image_url_thumbnail":"https:\/\/movin.cloud\/empresas\/2438\/imagenes\/thumbnails\/239094\/alquiler-para-idealista.webp","properties_post_title":"alquiler para idealista","properties_post_alt":"alquiler para idealista"},{"properties_post_image_order":3,"properties_post_image_url":"https:\/\/movin.cloud\/empresas\/2438\/imagenes\/239094\/alquilar.webp","properties_post_image_url_thumbnail":"https:\/\/movin.cloud\/empresas\/2438\/imagenes\/thumbnails\/239094\/alquilar.webp","properties_post_title":"alquilar","properties_post_alt":"alquilar"},{"properties_post_image_order":4,"properties_post_image_url":"https:\/\/movin.cloud\/empresas\/2438\/imagenes\/239094\/viviendas.webp","properties_post_image_url_thumbnail":"https:\/\/movin.cloud\/empresas\/2438\/imagenes\/thumbnails\/239094\/viviendas.webp","properties_post_title":"viviendas","properties_post_alt":"viviendas"},{"properties_post_image_order":5,"properties_post_image_url":"https:\/\/movin.cloud\/empresas\/2438\/imagenes\/239094\/rent.webp","properties_post_image_url_thumbnail":"https:\/\/movin.cloud\/empresas\/2438\/imagenes\/thumbnails\/239094\/rent.webp","properties_post_title":"rent","properties_post_alt":"rent"},{"properties_post_image_order":6,"properties_post_image_url":"https:\/\/movin.cloud\/empresas\/2438\/imagenes\/239094\/fincas.webp","properties_post_image_url_thumbnail":"https:\/\/movin.cloud\/empresas\/2438\/imagenes\/thumbnails\/239094\/fincas.webp","properties_post_title":"fincas","properties_post_alt":"fincas"},{"properties_post_image_order":7,"properties_post_image_url":"https:\/\/movin.cloud\/empresas\/2438\/imagenes\/239094\/inmobiliarias.webp","properties_post_image_url_thumbnail":"https:\/\/movin.cloud\/empresas\/2438\/imagenes\/thumbnails\/239094\/inmobiliarias.webp","properties_post_title":"inmobiliarias","properties_post_alt":"inmobiliarias"},{"properties_post_image_order":8,"properties_post_image_url":"https:\/\/movin.cloud\/empresas\/2438\/imagenes\/239094\/inmobiliaria.webp","properties_post_image_url_thumbnail":"https:\/\/movin.cloud\/empresas\/2438\/imagenes\/thumbnails\/239094\/inmobiliaria.webp","properties_post_title":"inmobiliaria","properties_post_alt":"inmobiliaria"},{"properties_post_image_order":9,"properties_post_image_url":"https:\/\/movin.cloud\/empresas\/2438\/imagenes\/239094\/en-alquiler-barcelona.webp","properties_post_image_url_thumbnail":"https:\/\/movin.cloud\/empresas\/2438\/imagenes\/thumbnails\/239094\/en-alquiler-barcelona.webp","properties_post_title":"en alquiler barcelona","properties_post_alt":"en alquiler barcelona"},{"properties_post_image_order":10,"properties_post_image_url":"https:\/\/movin.cloud\/empresas\/2438\/imagenes\/239094\/alquiler-idealistas-barcelona.webp","properties_post_image_url_thumbnail":"https:\/\/movin.cloud\/empresas\/2438\/imagenes\/thumbnails\/239094\/alquiler-idealistas-barcelona.webp","properties_post_title":"alquiler idealistas barcelona","properties_post_alt":"alquiler idealistas barcelona"},{"properties_post_image_order":11,"properties_post_image_url":"https:\/\/movin.cloud\/empresas\/2438\/imagenes\/239094\/habitalia-barcelona.webp","properties_post_image_url_thumbnail":"https:\/\/movin.cloud\/empresas\/2438\/imagenes\/thumbnails\/239094\/habitalia-barcelona.webp","properties_post_title":"habitalia barcelona","properties_post_alt":"habitalia barcelona"}],"post_type_properties_post_videos":null,"post_type_properties_post_tour":null,"post_type_properties_post_dossier_url":"","post_type_properties_post_operation_type":"rent","post_type_properties_post_operation_price":13392,"post_type_properties_post_features_hidden_price":false},"yoast_head":"<!-- This site is optimized with the Yoast SEO plugin v25.6 - https:\/\/yoast.com\/wordpress\/plugins\/seo\/ -->\n<title>EDIFICIO PRISMA - Forcadell<\/title>\n<meta name=\"robots\" content=\"index, follow, max-snippet:-1, max-image-preview:large, max-video-preview:-1\" \/>\n<link rel=\"canonical\" href=\"https:\/\/forcadell.com\/ca\/propiedades\/edificio-prisma-barcelona\/\" \/>\n<meta property=\"og:locale\" content=\"ca_ES\" \/>\n<meta property=\"og:type\" content=\"article\" \/>\n<meta property=\"og:title\" content=\"EDIFICIO PRISMA - Forcadell\" \/>\n<meta property=\"og:description\" content=\"\u00a1Tu nueva oficina en la mejor ubicaci\u00f3n de Barcelona! Descubre un moderno edificio de oficinas en la emblem\u00e1tica Av. Diagonal, dise\u00f1ado para potenciar tu negocio con instalaciones de primer nivel. 9 plantas exteriores, flexibles y divisibles en m\u00f3dulos desde 217 m\u00b2 Fachada de muro cortina que aporta luz natural y estilo Elegantes zonas comunes que [&hellip;]\" \/>\n<meta property=\"og:url\" content=\"https:\/\/forcadell.com\/ca\/propiedades\/edificio-prisma-barcelona\/\" \/>\n<meta property=\"og:site_name\" content=\"Forcadell\" \/>\n<meta property=\"article:modified_time\" content=\"2026-04-26T10:00:22+00:00\" \/>\n<meta name=\"twitter:card\" content=\"summary_large_image\" \/>\n<meta name=\"twitter:label1\" content=\"Temps estimat de lectura\" \/>\n\t<meta name=\"twitter:data1\" content=\"1 minut\" \/>\n<!-- \/ Yoast SEO plugin. -->","yoast_head_json":{"title":"EDIFICIO PRISMA - Forcadell","robots":{"index":"index","follow":"follow","max-snippet":"max-snippet:-1","max-image-preview":"max-image-preview:large","max-video-preview":"max-video-preview:-1"},"canonical":"https:\/\/forcadell.com\/ca\/propiedades\/edificio-prisma-barcelona\/","og_locale":"ca_ES","og_type":"article","og_title":"EDIFICIO PRISMA - Forcadell","og_description":"\u00a1Tu nueva oficina en la mejor ubicaci\u00f3n de Barcelona! Descubre un moderno edificio de oficinas en la emblem\u00e1tica Av. Diagonal, dise\u00f1ado para potenciar tu negocio con instalaciones de primer nivel. 9 plantas exteriores, flexibles y divisibles en m\u00f3dulos desde 217 m\u00b2 Fachada de muro cortina que aporta luz natural y estilo Elegantes zonas comunes que [&hellip;]","og_url":"https:\/\/forcadell.com\/ca\/propiedades\/edificio-prisma-barcelona\/","og_site_name":"Forcadell","article_modified_time":"2026-04-26T10:00:22+00:00","twitter_card":"summary_large_image","twitter_misc":{"Temps estimat de lectura":"1 minut"},"schema":{"@context":"https:\/\/schema.org","@graph":[{"@type":"WebPage","@id":"https:\/\/forcadell.com\/ca\/propiedades\/edificio-prisma-barcelona\/","url":"https:\/\/forcadell.com\/ca\/propiedades\/edificio-prisma-barcelona\/","name":"EDIFICIO PRISMA - Forcadell","isPartOf":{"@id":"https:\/\/forcadell.com\/ca\/#website"},"datePublished":"2025-11-04T13:34:09+00:00","dateModified":"2026-04-26T10:00:22+00:00","breadcrumb":{"@id":"https:\/\/forcadell.com\/ca\/propiedades\/edificio-prisma-barcelona\/#breadcrumb"},"inLanguage":"ca","potentialAction":[{"@type":"ReadAction","target":["https:\/\/forcadell.com\/ca\/propiedades\/edificio-prisma-barcelona\/"]}]},{"@type":"BreadcrumbList","@id":"https:\/\/forcadell.com\/ca\/propiedades\/edificio-prisma-barcelona\/#breadcrumb","itemListElement":[{"@type":"ListItem","position":1,"name":"Portada","item":"https:\/\/forcadell.com\/ca\/"},{"@type":"ListItem","position":2,"name":"Properties","item":"https:\/\/forcadell.com\/ca\/propiedades\/"},{"@type":"ListItem","position":3,"name":"EDIFICIO PRISMA"}]},{"@type":"WebSite","@id":"https:\/\/forcadell.com\/ca\/#website","url":"https:\/\/forcadell.com\/ca\/","name":"Forcadell","description":"Inmobiliaria Barcelona | Consultores inmobiliarios","potentialAction":[{"@type":"SearchAction","target":{"@type":"EntryPoint","urlTemplate":"https:\/\/forcadell.com\/ca\/?s={search_term_string}"},"query-input":{"@type":"PropertyValueSpecification","valueRequired":true,"valueName":"search_term_string"}}],"inLanguage":"ca"}]}},"_links":{"self":[{"href":"https:\/\/forcadell.com\/ca\/wp-json\/wp\/v2\/properties_post\/57205"}],"collection":[{"href":"https:\/\/forcadell.com\/ca\/wp-json\/wp\/v2\/properties_post"}],"about":[{"href":"https:\/\/forcadell.com\/ca\/wp-json\/wp\/v2\/types\/properties_post"}],"wp:attachment":[{"href":"https:\/\/forcadell.com\/ca\/wp-json\/wp\/v2\/media?parent=57205"}],"curies":[{"name":"wp","href":"https:\/\/api.w.org\/{rel}","templated":true}]}}