{"id":57198,"date":"2025-11-04T15:33:52","date_gmt":"2025-11-04T13:33:52","guid":{"rendered":"https:\/\/www.forcadell.com\/propiedades\/edificio-austral-5\/"},"modified":"2026-04-26T18:59:34","modified_gmt":"2026-04-26T16:59:34","slug":"edificio-austral-5","status":"publish","type":"properties_post","link":"https:\/\/forcadell.com\/ca\/propiedades\/edificio-austral-5\/","title":{"rendered":"EDIFICIO AUSTRAL"},"content":{"rendered":"<p>\u00a1Tu nueva oficina te espera en el coraz\u00f3n de la innovaci\u00f3n!<\/p>\n<p>Ubicado en el din\u00e1mico distrito 22@ de Barcelona, este edificio de oficinas totalmente rehabilitado ofrece todo lo que tu empresa necesita para crecer y prosperar. Con una superficie de 8.170,54 m\u00b2, distribuidos en 6 plantas modernas y funcionales, y un s\u00f3tano exclusivo para estacionamiento, tendr\u00e1s el espacio perfecto para trabajar c\u00f3modamente.<\/p>\n<p>Caracter\u00edsticas destacadas:<\/p>\n<p>Fachada acristalada que permite una gran entrada de luz natural.<br \/>\nSuperficies di\u00e1fanas y suelo t\u00e9cnico que ofrecen total flexibilidad en el dise\u00f1o.<br \/>\nClimatizaci\u00f3n VRV para un confort \u00f3ptimo en todo momento.<br \/>\nVentanas practicables con balc\u00f3n para disfrutar del exterior.<br \/>\nTecho t\u00e9rmico continuo con luminarias empotradas para un ambiente moderno y eficiente.<br \/>\nVestuarios y duchas para comodidad de los empleados.<br \/>\nAscensores amplios para mayor accesibilidad.<br \/>\nAmplia terraza comunitaria en el rooftop, ideal para relajarse y disfrutar de las vistas.<br \/>\nCertificaci\u00f3n LEED Platinum, garantizando sostenibilidad y eficiencia energ\u00e9tica.<\/p>\n<p>Transporte p\u00fablico cercano:<\/p>\n<p>Bus: 136, H16, N0, V21, B20, B25, V23<br \/>\nMetro: L1, L4<br \/>\nTram: T4<\/p>\n<p>\u00a1No dejes pasar esta oportunidad de ubicar tu negocio en uno de los barrios m\u00e1s vibrantes y tecnol\u00f3gicos de Barcelona!<\/p>\n","protected":false},"template":"","class_list":["post-57198","properties_post","type-properties_post","status-publish","hentry","properties_modality-rent","properties_district-sant-marti","properties_province-barcelona","properties_zone-116","properties_state-barcelona","properties_subclass-oficina","properties_type-oficina"],"acf":{"post_type_properties_post_property_code":"233036","post_type_properties_post_property_reference":"IE-196134","post_type_properties_post_owner_id":"49479","post_type_properties_post_owner_name":"SAVILLS RE SPAIN S.A.U","post_type_properties_post_property_code_encrypted":"MjkkMTc2MDM=","post_type_properties_post_published":"1","post_type_properties_post_property_visibility":"idealista","post_type_properties_post_contact_name":"Forcadell Oficinas Barcelona","post_type_properties_post_contact_email":"forcadell.oficinas.barcelona@movin.cloud","post_type_properties_post_contact_primary_phone_prefix":"34","post_type_properties_post_contact_primary_phone_number":"934965413","post_type_properties_post_address_visibility":"street","post_type_properties_post_address_country":"Spain","post_type_properties_post_address_coordinates_precision":"exact","post_type_properties_post_address_postal_code":"08005","post_type_properties_post_address_coordinates_latitude":"41.3944183","post_type_properties_post_address_coordinates_longitude":"2.189688","post_type_properties_post_address_street_name":"CL Joan d'Austria 39-47","post_type_properties_post_address_floor":"6","post_type_properties_post_address_town":"Barcelona","post_type_properties_post_building":null,"post_type_properties_post_property":[{"properties_post_description_language":"catalan","properties_post_title":"EDIFICIO AUSTRAL","properties_post_short_description_text_alt":"","properties_post_description_text_alt":"","properties_post_short_description_text":"","properties_post_link_demanda_inmueble":"https:\/\/movin.cloud\/ca\/Forcadell Oficinas Barcelona\/formulari-peticio-immoble\/sth\/2438&&233036","properties_post_link_demanda_calendario_inmueble":"https:\/\/movin.cloud\/ca\/Forcadell Oficinas Barcelona\/calendari-peticio-immoble\/sth\/2438&&233036","properties_post_description_text":"La teva nova oficina t'espera al cor de la innovaci\u00f3!\n\nUbicat al din\u00e0mic districte 22@ de Barcelona, aquest edifici d'oficines totalment rehabilitat ofereix tot all\u00f2 que la teva empresa necessita per cr\u00e9ixer i prosperar. Amb una superf\u00edcie de 8.170,54 m\u00b2, distribu\u00efts en 6 plantes modernes i funcionals, i un soterrani exclusiu per a estacionament, tindr\u00e0s lespai perfecte per treballar c\u00f2modament.\n\nCaracter\u00edstiques destacades:\n\nFa\u00e7ana de vidre que permet una gran entrada de llum natural.\nSuperf\u00edcies di\u00e0fanes i terra t\u00e8cnic que ofereixen total flexibilitat en el disseny.\nClimatitzaci\u00f3 VRV per a un confort \u00f2ptim en tot moment.\nFinestres practicables amb balc\u00f3 per gaudir de l\u00b4exterior.\nSostre t\u00e8rmic continu amb llumin\u00e0ries encastades per a un ambient modern i eficient.\nVestuaris i dutxes per a comoditat dels empleats.\nAscensors amplis per a m\u00e9s accessibilitat.\n\u00c0mplia terrassa comunit\u00e0ria al rooftop, ideal per relaxar-se i gaudir de les vistes.\nCertificaci\u00f3 LEED Platinum, garantint sostenibilitat i efici\u00e8ncia energ\u00e8tica.\n\n\nTransport p\u00fablic proper:\n\nBus: 136, H16, N0, V21, B20, B25, V23\nMetro: L1, L4\nTram: T4\n\nNo deixis passar aquesta oportunitat d'ubicar el teu negoci a un dels barris m\u00e9s vibrants i tecnol\u00f2gics de Barcelona!","properties_post_seo_title":"","properties_post_seo_alias":"","properties_post_seo_metadescription":"","properties_post_seo_key_words":"","properties_post_seo_url":"","properties_post_terms_conditions":""},{"properties_post_description_language":"spanish","properties_post_title":"EDIFICIO AUSTRAL","properties_post_short_description_text_alt":"","properties_post_description_text_alt":"","properties_post_short_description_text":"","properties_post_link_demanda_inmueble":"https:\/\/movin.cloud\/es\/Forcadell Oficinas Barcelona\/formulario-peticion-inmueble\/sth\/2438&&233036","properties_post_link_demanda_calendario_inmueble":"https:\/\/movin.cloud\/es\/Forcadell Oficinas Barcelona\/calendario-peticion-inmueble\/sth\/2438&&233036","properties_post_description_text":"\u00a1Tu nueva oficina te espera en el coraz\u00f3n de la innovaci\u00f3n!\n\nUbicado en el din\u00e1mico distrito 22@ de Barcelona, este edificio de oficinas totalmente rehabilitado ofrece todo lo que tu empresa necesita para crecer y prosperar. Con una superficie de 8.170,54 m\u00b2, distribuidos en 6 plantas modernas y funcionales, y un s\u00f3tano exclusivo para estacionamiento, tendr\u00e1s el espacio perfecto para trabajar c\u00f3modamente.\n\nCaracter\u00edsticas destacadas:\n\nFachada acristalada que permite una gran entrada de luz natural.\nSuperficies di\u00e1fanas y suelo t\u00e9cnico que ofrecen total flexibilidad en el dise\u00f1o.\nClimatizaci\u00f3n VRV para un confort \u00f3ptimo en todo momento.\nVentanas practicables con balc\u00f3n para disfrutar del exterior.\nTecho t\u00e9rmico continuo con luminarias empotradas para un ambiente moderno y eficiente.\nVestuarios y duchas para comodidad de los empleados.\nAscensores amplios para mayor accesibilidad.\nAmplia terraza comunitaria en el rooftop, ideal para relajarse y disfrutar de las vistas.\nCertificaci\u00f3n LEED Platinum, garantizando sostenibilidad y eficiencia energ\u00e9tica.\n\n\nTransporte p\u00fablico cercano:\n\nBus: 136, H16, N0, V21, B20, B25, V23\nMetro: L1, L4\nTram: T4\n\n\u00a1No dejes pasar esta oportunidad de ubicar tu negocio en uno de los barrios m\u00e1s vibrantes y tecnol\u00f3gicos de Barcelona!","properties_post_seo_title":"","properties_post_seo_alias":"","properties_post_seo_metadescription":"","properties_post_seo_key_words":"","properties_post_seo_url":"","properties_post_terms_conditions":""}],"post_type_properties_post_features_type":"office","post_type_properties_post_id_building":"MjkkMjc1MjA=","post_type_properties_post_features_area_constructed":1228,"post_type_properties_post_features_conditioned_air":true,"post_type_properties_post_features_doorman":false,"post_type_properties_post_features_heating":true,"post_type_properties_post_features_equipped_kitchen":false,"post_type_properties_post_features_windows_location":"exterior","post_type_properties_post_features_floors_property":false,"post_type_properties_post_features_storage":false,"post_type_properties_post_features_security_door":false,"post_type_properties_post_features_energy_certificate_rating":"A","post_type_properties_post_features_energy_certificate_emissions_rating":"C","post_type_properties_post_features_energy_certificate_emissions_value":10,"post_type_properties_post_features_energy_certificate_performance":60,"post_type_properties_post_features_bathroom_inside":false,"post_type_properties_post_precio":24575,"post_type_properties_post_precio_alquiler":24575,"post_type_properties_post_record_type_id":"Oficina","post_type_properties_post_categoria__producto":"Oficina","post_type_properties_post_amueblado":false,"post_type_properties_post_precio_m2":20,"post_type_properties_post_zona__comunitaria":false,"post_type_properties_post_electrodomesticos":false,"post_type_properties_post_patio__interior":false,"post_type_properties_post_certificado_energetico_general":"A","post_type_properties_post_certificado_energetico_consumo":"C","post_type_properties_post_certificado_energetico_valor_emisiones":10,"post_type_properties_post_certificado_energetico_valor_consumo":60,"post_type_properties_post_modalidad":"rent","post_type_properties_post_provincia":"Barcelona","post_type_properties_post_poblacion":"Barcelona","post_type_properties_post_centro__urbano":false,"post_type_properties_post_zonificacion":"22 @","post_type_properties_post_cartera":"","post_type_properties_post_titulo_catalan":"EDIFICIO AUSTRAL","post_type_properties_post_internet_catalan":"La teva nova oficina t'espera al cor de la innovaci\u00f3!\n\nUbicat al din\u00e0mic districte 22@ de Barcelona, aquest edifici d'oficines totalment rehabilitat ofereix tot all\u00f2 que la teva empresa necessita per cr\u00e9ixer i prosperar. Amb una superf\u00edcie de 8.170,54 m\u00b2, distribu\u00efts en 6 plantes modernes i funcionals, i un soterrani exclusiu per a estacionament, tindr\u00e0s lespai perfecte per treballar c\u00f2modament.\n\nCaracter\u00edstiques destacades:\n\nFa\u00e7ana de vidre que permet una gran entrada de llum natural.\nSuperf\u00edcies di\u00e0fanes i terra t\u00e8cnic que ofereixen total flexibilitat en el disseny.\nClimatitzaci\u00f3 VRV per a un confort \u00f2ptim en tot moment.\nFinestres practicables amb balc\u00f3 per gaudir de l\u00b4exterior.\nSostre t\u00e8rmic continu amb llumin\u00e0ries encastades per a un ambient modern i eficient.\nVestuaris i dutxes per a comoditat dels empleats.\nAscensors amplis per a m\u00e9s accessibilitat.\n\u00c0mplia terrassa comunit\u00e0ria al rooftop, ideal per relaxar-se i gaudir de les vistes.\nCertificaci\u00f3 LEED Platinum, garantint sostenibilitat i efici\u00e8ncia energ\u00e8tica.\n\n\nTransport p\u00fablic proper:\n\nBus: 136, H16, N0, V21, B20, B25, V23\nMetro: L1, L4\nTram: T4\n\nNo deixis passar aquesta oportunitat d'ubicar el teu negoci a un dels barris m\u00e9s vibrants i tecnol\u00f2gics de Barcelona!","post_type_properties_post_titulo_castellano":"EDIFICIO AUSTRAL","post_type_properties_post_internet_castellano":"\u00a1Tu nueva oficina te espera en el coraz\u00f3n de la innovaci\u00f3n!\n\nUbicado en el din\u00e1mico distrito 22@ de Barcelona, este edificio de oficinas totalmente rehabilitado ofrece todo lo que tu empresa necesita para crecer y prosperar. Con una superficie de 8.170,54 m\u00b2, distribuidos en 6 plantas modernas y funcionales, y un s\u00f3tano exclusivo para estacionamiento, tendr\u00e1s el espacio perfecto para trabajar c\u00f3modamente.\n\nCaracter\u00edsticas destacadas:\n\nFachada acristalada que permite una gran entrada de luz natural.\nSuperficies di\u00e1fanas y suelo t\u00e9cnico que ofrecen total flexibilidad en el dise\u00f1o.\nClimatizaci\u00f3n VRV para un confort \u00f3ptimo en todo momento.\nVentanas practicables con balc\u00f3n para disfrutar del exterior.\nTecho t\u00e9rmico continuo con luminarias empotradas para un ambiente moderno y eficiente.\nVestuarios y duchas para comodidad de los empleados.\nAscensores amplios para mayor accesibilidad.\nAmplia terraza comunitaria en el rooftop, ideal para relajarse y disfrutar de las vistas.\nCertificaci\u00f3n LEED Platinum, garantizando sostenibilidad y eficiencia energ\u00e9tica.\n\n\nTransporte p\u00fablico cercano:\n\nBus: 136, H16, N0, V21, B20, B25, V23\nMetro: L1, L4\nTram: T4\n\n\u00a1No dejes pasar esta oportunidad de ubicar tu negocio en uno de los barrios m\u00e1s vibrantes y tecnol\u00f3gicos de Barcelona!","post_type_properties_post_titulo_ingles":"","post_type_properties_post_internet_ingles":"","post_type_properties_post_features_classification_commercial":false,"post_type_properties_post_features_conservation":"","post_type_properties_post_features_security_personnel":false,"post_type_properties_post_features_parking_available":false,"post_type_properties_post_features_garage_capacity_type":"","post_type_properties_post_features_bathroom_number":"","post_type_properties_post_eje":"","post_type_properties_post_zona":"","post_type_properties_post_comarca":"","post_type_properties_post_features_built_year":"","post_type_properties_post_renta_mensual":0,"post_type_properties_post_fianza":"","post_type_properties_post_features_area_plot":"","post_type_properties_post_features_area_buildable":"","post_type_properties_post_features_classification_industrial":false,"post_type_properties_post_distrito":"","post_type_properties_post_features_balcony":false,"post_type_properties_post_features_bedroom_number":"","post_type_properties_post_features_heating_type":"","post_type_properties_post_features_equipped_with_furniture":false,"post_type_properties_post_features_pets_allowed":false,"post_type_properties_post_features_pool":false,"post_type_properties_post_features_terrace":false,"post_type_properties_post_features_wardrobes":false,"post_type_properties_post_features_lift_available":false,"post_type_properties_post_features_handicap_adapted_access":false,"post_type_properties_post_features_orientation_east":false,"post_type_properties_post_features_orientation_west":false,"post_type_properties_post_features_orientation_north":false,"post_type_properties_post_features_orientation_south":false,"post_type_properties_post_features_parking_spaces_number":"","post_type_properties_post_features_security_alarm":false,"post_type_properties_post_features_security_system":false,"post_type_properties_post_open_plan":false,"post_type_properties_post_acceso_24_7":false,"post_type_properties_post_oficina_privada":false,"post_type_properties_post_sala_reuniones":false,"post_type_properties_post_espacio_eventos":false,"post_type_properties_post_office":false,"post_type_properties_post_restaurant":false,"post_type_properties_post_acepta_traspaso":false,"post_type_properties_post_vigilancia":false,"post_type_properties_post_features_suite":false,"post_type_properties_post_features_vitro":false,"post_type_properties_post_features_oven":false,"post_type_properties_post_features_microwave":false,"post_type_properties_post_features_washing_machine":false,"post_type_properties_post_features_dryer":false,"post_type_properties_post_features_dishwasher":false,"post_type_properties_post_features_fridge":false,"post_type_properties_post_features_fridge_mini":false,"post_type_properties_post_features_kettle":false,"post_type_properties_post_features_toaster":false,"post_type_properties_post_features_coffee_maker":false,"post_type_properties_post_features_iron":false,"post_type_properties_post_features_ironing_board":false,"post_type_properties_post_features_safe":false,"post_type_properties_post_features_internet":false,"post_type_properties_post_features_solarium":false,"post_type_properties_post_features_clean_service":false,"post_type_properties_post_features_t_v":false,"post_type_properties_post_features_satellite_t_v":false,"post_type_properties_post_features_gas_kitchen":false,"post_type_properties_post_features_view_mountain":false,"post_type_properties_post_features_view_sea":false,"post_type_properties_post_features_concierge":false,"post_type_properties_post_features_loading_dock":false,"post_type_properties_post_features_bridge_crane":false,"post_type_properties_post_features_located_at_corner":false,"post_type_properties_post_features_smoke_extraction":false,"post_type_properties_post_features_rooms":"","post_type_properties_post_features_garden_area":"","post_type_properties_post_features_utilities_water":false,"post_type_properties_post_features_utilities_electricity":false,"post_type_properties_post_features_utilities_natural_gas":false,"post_type_properties_post_features_building_adapted":false,"post_type_properties_post_features_garden":false,"post_type_properties_post_features_classification_hotel":false,"post_type_properties_post_features_classification_chalet":false,"post_type_properties_post_certificado_energetico_emisiones":"A","post_type_properties_post_barrio":"","post_type_properties_post_distrito_empresa":"Sant Mart\u00ed","post_type_properties_post_features_property_category_intern":"","post_type_properties_post_implantada":false,"post_type_properties_post_sello_leed":"2","post_type_properties_post_sello_well":"","post_type_properties_post_sello_breeam":false,"post_type_properties_post_images":[{"properties_post_image_order":1,"properties_post_image_url":"https:\/\/movin.cloud\/empresas\/2438\/imagenes\/233036\/viviendas.webp","properties_post_image_url_thumbnail":"https:\/\/movin.cloud\/empresas\/2438\/imagenes\/thumbnails\/233036\/viviendas.webp","properties_post_title":"viviendas","properties_post_alt":"viviendas"},{"properties_post_image_order":2,"properties_post_image_url":"https:\/\/movin.cloud\/empresas\/2438\/imagenes\/233036\/fincas.webp","properties_post_image_url_thumbnail":"https:\/\/movin.cloud\/empresas\/2438\/imagenes\/thumbnails\/233036\/fincas.webp","properties_post_title":"fincas","properties_post_alt":"fincas"},{"properties_post_image_order":3,"properties_post_image_url":"https:\/\/movin.cloud\/empresas\/2438\/imagenes\/233036\/alquiler-para-idealistas.webp","properties_post_image_url_thumbnail":"https:\/\/movin.cloud\/empresas\/2438\/imagenes\/thumbnails\/233036\/alquiler-para-idealistas.webp","properties_post_title":"alquiler para idealistas","properties_post_alt":"alquiler para idealistas"},{"properties_post_image_order":4,"properties_post_image_url":"https:\/\/movin.cloud\/empresas\/2438\/imagenes\/233036\/rent.webp","properties_post_image_url_thumbnail":"https:\/\/movin.cloud\/empresas\/2438\/imagenes\/thumbnails\/233036\/rent.webp","properties_post_title":"rent","properties_post_alt":"rent"},{"properties_post_image_order":5,"properties_post_image_url":"https:\/\/movin.cloud\/empresas\/2438\/imagenes\/233036\/inmobiliarias.webp","properties_post_image_url_thumbnail":"https:\/\/movin.cloud\/empresas\/2438\/imagenes\/thumbnails\/233036\/inmobiliarias.webp","properties_post_title":"inmobiliarias","properties_post_alt":"inmobiliarias"},{"properties_post_image_order":6,"properties_post_image_url":"https:\/\/movin.cloud\/empresas\/2438\/imagenes\/233036\/alquiler-para-idealista.webp","properties_post_image_url_thumbnail":"https:\/\/movin.cloud\/empresas\/2438\/imagenes\/thumbnails\/233036\/alquiler-para-idealista.webp","properties_post_title":"alquiler para idealista","properties_post_alt":"alquiler para idealista"}],"post_type_properties_post_videos":null,"post_type_properties_post_tour":null,"post_type_properties_post_dossier_url":"","post_type_properties_post_operation_type":"rent","post_type_properties_post_operation_price":24575,"post_type_properties_post_features_hidden_price":false},"yoast_head":"<!-- This site is optimized with the Yoast SEO plugin v25.6 - https:\/\/yoast.com\/wordpress\/plugins\/seo\/ -->\n<title>EDIFICIO AUSTRAL - Forcadell<\/title>\n<meta name=\"robots\" content=\"index, follow, max-snippet:-1, max-image-preview:large, max-video-preview:-1\" \/>\n<link rel=\"canonical\" href=\"https:\/\/forcadell.com\/ca\/propiedades\/edificio-austral-5\/\" \/>\n<meta property=\"og:locale\" content=\"ca_ES\" \/>\n<meta property=\"og:type\" content=\"article\" \/>\n<meta property=\"og:title\" content=\"EDIFICIO AUSTRAL - Forcadell\" \/>\n<meta property=\"og:description\" content=\"\u00a1Tu nueva oficina te espera en el coraz\u00f3n de la innovaci\u00f3n! Ubicado en el din\u00e1mico distrito 22@ de Barcelona, este edificio de oficinas totalmente rehabilitado ofrece todo lo que tu empresa necesita para crecer y prosperar. Con una superficie de 8.170,54 m\u00b2, distribuidos en 6 plantas modernas y funcionales, y un s\u00f3tano exclusivo para estacionamiento, [&hellip;]\" \/>\n<meta property=\"og:url\" content=\"https:\/\/forcadell.com\/ca\/propiedades\/edificio-austral-5\/\" \/>\n<meta property=\"og:site_name\" content=\"Forcadell\" \/>\n<meta property=\"article:modified_time\" content=\"2026-04-26T16:59:34+00:00\" \/>\n<meta name=\"twitter:card\" content=\"summary_large_image\" \/>\n<meta name=\"twitter:label1\" content=\"Temps estimat de lectura\" \/>\n\t<meta name=\"twitter:data1\" content=\"1 minut\" \/>\n<!-- \/ Yoast SEO plugin. -->","yoast_head_json":{"title":"EDIFICIO AUSTRAL - Forcadell","robots":{"index":"index","follow":"follow","max-snippet":"max-snippet:-1","max-image-preview":"max-image-preview:large","max-video-preview":"max-video-preview:-1"},"canonical":"https:\/\/forcadell.com\/ca\/propiedades\/edificio-austral-5\/","og_locale":"ca_ES","og_type":"article","og_title":"EDIFICIO AUSTRAL - Forcadell","og_description":"\u00a1Tu nueva oficina te espera en el coraz\u00f3n de la innovaci\u00f3n! Ubicado en el din\u00e1mico distrito 22@ de Barcelona, este edificio de oficinas totalmente rehabilitado ofrece todo lo que tu empresa necesita para crecer y prosperar. Con una superficie de 8.170,54 m\u00b2, distribuidos en 6 plantas modernas y funcionales, y un s\u00f3tano exclusivo para estacionamiento, [&hellip;]","og_url":"https:\/\/forcadell.com\/ca\/propiedades\/edificio-austral-5\/","og_site_name":"Forcadell","article_modified_time":"2026-04-26T16:59:34+00:00","twitter_card":"summary_large_image","twitter_misc":{"Temps estimat de lectura":"1 minut"},"schema":{"@context":"https:\/\/schema.org","@graph":[{"@type":"WebPage","@id":"https:\/\/forcadell.com\/ca\/propiedades\/edificio-austral-5\/","url":"https:\/\/forcadell.com\/ca\/propiedades\/edificio-austral-5\/","name":"EDIFICIO AUSTRAL - Forcadell","isPartOf":{"@id":"https:\/\/forcadell.com\/ca\/#website"},"datePublished":"2025-11-04T13:33:52+00:00","dateModified":"2026-04-26T16:59:34+00:00","breadcrumb":{"@id":"https:\/\/forcadell.com\/ca\/propiedades\/edificio-austral-5\/#breadcrumb"},"inLanguage":"ca","potentialAction":[{"@type":"ReadAction","target":["https:\/\/forcadell.com\/ca\/propiedades\/edificio-austral-5\/"]}]},{"@type":"BreadcrumbList","@id":"https:\/\/forcadell.com\/ca\/propiedades\/edificio-austral-5\/#breadcrumb","itemListElement":[{"@type":"ListItem","position":1,"name":"Portada","item":"https:\/\/forcadell.com\/ca\/"},{"@type":"ListItem","position":2,"name":"Properties","item":"https:\/\/forcadell.com\/ca\/propiedades\/"},{"@type":"ListItem","position":3,"name":"EDIFICIO AUSTRAL"}]},{"@type":"WebSite","@id":"https:\/\/forcadell.com\/ca\/#website","url":"https:\/\/forcadell.com\/ca\/","name":"Forcadell","description":"Inmobiliaria Barcelona | Consultores inmobiliarios","potentialAction":[{"@type":"SearchAction","target":{"@type":"EntryPoint","urlTemplate":"https:\/\/forcadell.com\/ca\/?s={search_term_string}"},"query-input":{"@type":"PropertyValueSpecification","valueRequired":true,"valueName":"search_term_string"}}],"inLanguage":"ca"}]}},"_links":{"self":[{"href":"https:\/\/forcadell.com\/ca\/wp-json\/wp\/v2\/properties_post\/57198"}],"collection":[{"href":"https:\/\/forcadell.com\/ca\/wp-json\/wp\/v2\/properties_post"}],"about":[{"href":"https:\/\/forcadell.com\/ca\/wp-json\/wp\/v2\/types\/properties_post"}],"wp:attachment":[{"href":"https:\/\/forcadell.com\/ca\/wp-json\/wp\/v2\/media?parent=57198"}],"curies":[{"name":"wp","href":"https:\/\/api.w.org\/{rel}","templated":true}]}}