{"id":57195,"date":"2025-11-04T15:33:39","date_gmt":"2025-11-04T13:33:39","guid":{"rendered":"https:\/\/www.forcadell.com\/propiedades\/edificio-austral-2\/"},"modified":"2026-04-26T20:59:43","modified_gmt":"2026-04-26T18:59:43","slug":"edificio-austral-2","status":"publish","type":"properties_post","link":"https:\/\/forcadell.com\/ca\/propiedades\/edificio-austral-2\/","title":{"rendered":"EDIFICIO AUSTRAL"},"content":{"rendered":"<p>\u00a1Te presentamos un edificio de oficinas \u00fanico en el coraz\u00f3n del distrito financiero y tecnol\u00f3gico Barcelona 22@!<\/p>\n<p>Caracter\u00edsticas generales:<\/p>\n<p>Superficie total: 7.278,19 m\u00b2 distribuidos en seis plantas y un s\u00f3tano destinado a estacionamiento.<br \/>\nEdificio rehabilitado totalmente, con dise\u00f1o moderno e innovador.<br \/>\nFachada acristalada que maximiza la luz natural.<br \/>\nEspacios di\u00e1fanos ideales para adaptar a tus necesidades.<br \/>\nSuelo t\u00e9cnico y ventanas practicables con balc\u00f3n.<br \/>\nClimatizaci\u00f3n VRV para un ambiente c\u00f3modo en todo momento.<br \/>\nTecho t\u00e9rmico continuo con luminarias empotradas, aportando eficiencia energ\u00e9tica.<br \/>\nVestuarios y duchas disponibles para mayor comodidad.<br \/>\nAscensores amplios y modernos.<br \/>\nDisfruta de una amplia terraza com\u00fan en el Rooftop, un espacio \u00fanico para relajarte o hacer reuniones informales.<br \/>\nParking disponible para mayor comodidad.<br \/>\nCertificaci\u00f3n Leed Platinum, destacando por su compromiso con la sostenibilidad.<\/p>\n<p>Comunicaciones excepcionales:<\/p>\n<p>Transporte p\u00fablico:<br \/>\nBus: 136, H16, N0, V21, B20, B25, V23<br \/>\nMetro: L1, L4<br \/>\nTranv\u00eda: T4<br \/>\nAcceso en coche f\u00e1cil por la Av. Diagonal y Ronda Litoral.<br \/>\nAeropuerto a tan solo 18 minutos.<\/p>\n<p>\u00a1Un lugar estrat\u00e9gico para tu empresa! Un edificio de oficinas completamente renovado con todos los servicios y un dise\u00f1o que inspira creatividad y eficiencia.<\/p>\n<p>\u00a1Haz crecer tu negocio en Barcelona 22@!<\/p>\n","protected":false},"template":"","class_list":["post-57195","properties_post","type-properties_post","status-publish","hentry","properties_modality-rent","properties_district-sant-marti","properties_province-barcelona","properties_zone-116","properties_state-barcelona","properties_subclass-oficina","properties_type-oficina"],"acf":{"post_type_properties_post_property_code":"233033","post_type_properties_post_property_reference":"IE-196131","post_type_properties_post_owner_id":"49479","post_type_properties_post_owner_name":"SAVILLS RE SPAIN S.A.U","post_type_properties_post_property_code_encrypted":"MjkkMTc2MDA=","post_type_properties_post_published":"1","post_type_properties_post_property_visibility":"idealista","post_type_properties_post_contact_name":"Forcadell Oficinas Barcelona","post_type_properties_post_contact_email":"forcadell.oficinas.barcelona@movin.cloud","post_type_properties_post_contact_primary_phone_prefix":"34","post_type_properties_post_contact_primary_phone_number":"934965413","post_type_properties_post_address_visibility":"street","post_type_properties_post_address_country":"Spain","post_type_properties_post_address_coordinates_precision":"exact","post_type_properties_post_address_postal_code":"08005","post_type_properties_post_address_coordinates_latitude":"41.3944183","post_type_properties_post_address_coordinates_longitude":"2.189688","post_type_properties_post_address_street_name":"CL Joan d'Austria 39-47","post_type_properties_post_address_floor":"3","post_type_properties_post_address_town":"Barcelona","post_type_properties_post_building":null,"post_type_properties_post_property":[{"properties_post_description_language":"catalan","properties_post_title":"EDIFICI AUSTRAL","properties_post_short_description_text_alt":"","properties_post_description_text_alt":"","properties_post_short_description_text":"","properties_post_link_demanda_inmueble":"https:\/\/movin.cloud\/ca\/Forcadell Oficinas Barcelona\/formulari-peticio-immoble\/sth\/2438&&233033","properties_post_link_demanda_calendario_inmueble":"https:\/\/movin.cloud\/ca\/Forcadell Oficinas Barcelona\/calendari-peticio-immoble\/sth\/2438&&233033","properties_post_description_text":"Et presentem un edifici d'oficines \u00fanic al cor del districte financer i tecnol\u00f2gic Barcelona 22@!\n\nCaracter\u00edstiques generals:\n\nSuperf\u00edcie total: 7.278,19 m\u00b2 distribu\u00efts en sis plantes i un soterrani destinat a estacionament.\nEdifici rehabilitat totalment, amb disseny modern i innovador.\nFa\u00e7ana de vidre que maximitza la llum natural.\nEspais di\u00e0fans ideals per adaptar a les vostres necessitats.\nS\u00f2l t\u00e8cnic i finestres practicables amb balc\u00f3.\nClimatitzaci\u00f3 VRV per a un ambient c\u00f2mode en tot moment.\nSostre t\u00e8rmic continu amb llumin\u00e0ries encastades, aportant efici\u00e8ncia energ\u00e8tica.\nVestuaris i dutxes disponibles per a m\u00e9s comoditat.\nAscensors amplis i moderns.\nGaudeix d'una \u00e0mplia terrassa comuna al Rooftop, un espai \u00fanic per relaxar-te o fer reunions informals.\nP\u00e0rquing disponible per a m\u00e9s comoditat.\nCertificaci\u00f3 Leed Platinum, destacant pel seu comprom\u00eds amb la sostenibilitat.\n\nComunicacions excepcionals:\n\nTransport p\u00fablic:\nBus: 136, H16, N0, V21, B20, B25, V23\nMetro: L1, L4\nTramvia: T4\nAcc\u00e9s amb cotxe f\u00e0cil per l'av. Diagonal i Ronda Litoral.\nAeroport a tan sols 18 minuts.\n\nUn lloc estrat\u00e8gic per a la teva empresa! Un edifici d\u00b4oficines completament renovat amb tots els serveis i un disseny que inspira creativitat i efici\u00e8ncia.\n\nFes cr\u00e9ixer el teu negoci a Barcelona 22@!","properties_post_seo_title":"","properties_post_seo_alias":"","properties_post_seo_metadescription":"","properties_post_seo_key_words":"","properties_post_seo_url":"","properties_post_terms_conditions":""},{"properties_post_description_language":"spanish","properties_post_title":"EDIFICIO AUSTRAL","properties_post_short_description_text_alt":"","properties_post_description_text_alt":"","properties_post_short_description_text":"","properties_post_link_demanda_inmueble":"https:\/\/movin.cloud\/es\/Forcadell Oficinas Barcelona\/formulario-peticion-inmueble\/sth\/2438&&233033","properties_post_link_demanda_calendario_inmueble":"https:\/\/movin.cloud\/es\/Forcadell Oficinas Barcelona\/calendario-peticion-inmueble\/sth\/2438&&233033","properties_post_description_text":"\u00a1Te presentamos un edificio de oficinas \u00fanico en el coraz\u00f3n del distrito financiero y tecnol\u00f3gico Barcelona 22@!\n\nCaracter\u00edsticas generales:\n\nSuperficie total: 7.278,19 m\u00b2 distribuidos en seis plantas y un s\u00f3tano destinado a estacionamiento.\nEdificio rehabilitado totalmente, con dise\u00f1o moderno e innovador.\nFachada acristalada que maximiza la luz natural.\nEspacios di\u00e1fanos ideales para adaptar a tus necesidades.\nSuelo t\u00e9cnico y ventanas practicables con balc\u00f3n.\nClimatizaci\u00f3n VRV para un ambiente c\u00f3modo en todo momento.\nTecho t\u00e9rmico continuo con luminarias empotradas, aportando eficiencia energ\u00e9tica.\nVestuarios y duchas disponibles para mayor comodidad.\nAscensores amplios y modernos.\nDisfruta de una amplia terraza com\u00fan en el Rooftop, un espacio \u00fanico para relajarte o hacer reuniones informales.\nParking disponible para mayor comodidad.\nCertificaci\u00f3n Leed Platinum, destacando por su compromiso con la sostenibilidad.\n\nComunicaciones excepcionales:\n\nTransporte p\u00fablico:\nBus: 136, H16, N0, V21, B20, B25, V23\nMetro: L1, L4\nTranv\u00eda: T4\nAcceso en coche f\u00e1cil por la Av. Diagonal y Ronda Litoral.\nAeropuerto a tan solo 18 minutos.\n\n\u00a1Un lugar estrat\u00e9gico para tu empresa! Un edificio de oficinas completamente renovado con todos los servicios y un dise\u00f1o que inspira creatividad y eficiencia.\n\n\u00a1Haz crecer tu negocio en Barcelona 22@!","properties_post_seo_title":"","properties_post_seo_alias":"","properties_post_seo_metadescription":"","properties_post_seo_key_words":"","properties_post_seo_url":"","properties_post_terms_conditions":""}],"post_type_properties_post_features_type":"office","post_type_properties_post_id_building":"MjkkMjc1MjA=","post_type_properties_post_features_area_constructed":1228,"post_type_properties_post_features_conditioned_air":true,"post_type_properties_post_features_doorman":false,"post_type_properties_post_features_heating":true,"post_type_properties_post_features_equipped_kitchen":false,"post_type_properties_post_features_windows_location":"exterior","post_type_properties_post_features_floors_property":false,"post_type_properties_post_features_storage":false,"post_type_properties_post_features_security_door":false,"post_type_properties_post_features_energy_certificate_rating":"A","post_type_properties_post_features_energy_certificate_emissions_rating":"C","post_type_properties_post_features_energy_certificate_emissions_value":10,"post_type_properties_post_features_energy_certificate_performance":60,"post_type_properties_post_features_bathroom_inside":true,"post_type_properties_post_precio":23346.25,"post_type_properties_post_precio_alquiler":23346.25,"post_type_properties_post_record_type_id":"Oficina","post_type_properties_post_categoria__producto":"Oficina","post_type_properties_post_amueblado":false,"post_type_properties_post_precio_m2":19,"post_type_properties_post_zona__comunitaria":false,"post_type_properties_post_electrodomesticos":false,"post_type_properties_post_patio__interior":true,"post_type_properties_post_certificado_energetico_general":"A","post_type_properties_post_certificado_energetico_consumo":"C","post_type_properties_post_certificado_energetico_valor_emisiones":10,"post_type_properties_post_certificado_energetico_valor_consumo":60,"post_type_properties_post_modalidad":"rent","post_type_properties_post_provincia":"Barcelona","post_type_properties_post_poblacion":"Barcelona","post_type_properties_post_centro__urbano":false,"post_type_properties_post_zonificacion":"22 @","post_type_properties_post_cartera":"","post_type_properties_post_titulo_catalan":"EDIFICI AUSTRAL","post_type_properties_post_internet_catalan":"Et presentem un edifici d'oficines \u00fanic al cor del districte financer i tecnol\u00f2gic Barcelona 22@!\n\nCaracter\u00edstiques generals:\n\nSuperf\u00edcie total: 7.278,19 m\u00b2 distribu\u00efts en sis plantes i un soterrani destinat a estacionament.\nEdifici rehabilitat totalment, amb disseny modern i innovador.\nFa\u00e7ana de vidre que maximitza la llum natural.\nEspais di\u00e0fans ideals per adaptar a les vostres necessitats.\nS\u00f2l t\u00e8cnic i finestres practicables amb balc\u00f3.\nClimatitzaci\u00f3 VRV per a un ambient c\u00f2mode en tot moment.\nSostre t\u00e8rmic continu amb llumin\u00e0ries encastades, aportant efici\u00e8ncia energ\u00e8tica.\nVestuaris i dutxes disponibles per a m\u00e9s comoditat.\nAscensors amplis i moderns.\nGaudeix d'una \u00e0mplia terrassa comuna al Rooftop, un espai \u00fanic per relaxar-te o fer reunions informals.\nP\u00e0rquing disponible per a m\u00e9s comoditat.\nCertificaci\u00f3 Leed Platinum, destacant pel seu comprom\u00eds amb la sostenibilitat.\n\nComunicacions excepcionals:\n\nTransport p\u00fablic:\nBus: 136, H16, N0, V21, B20, B25, V23\nMetro: L1, L4\nTramvia: T4\nAcc\u00e9s amb cotxe f\u00e0cil per l'av. Diagonal i Ronda Litoral.\nAeroport a tan sols 18 minuts.\n\nUn lloc estrat\u00e8gic per a la teva empresa! Un edifici d\u00b4oficines completament renovat amb tots els serveis i un disseny que inspira creativitat i efici\u00e8ncia.\n\nFes cr\u00e9ixer el teu negoci a Barcelona 22@!","post_type_properties_post_titulo_castellano":"EDIFICIO AUSTRAL","post_type_properties_post_internet_castellano":"\u00a1Te presentamos un edificio de oficinas \u00fanico en el coraz\u00f3n del distrito financiero y tecnol\u00f3gico Barcelona 22@!\n\nCaracter\u00edsticas generales:\n\nSuperficie total: 7.278,19 m\u00b2 distribuidos en seis plantas y un s\u00f3tano destinado a estacionamiento.\nEdificio rehabilitado totalmente, con dise\u00f1o moderno e innovador.\nFachada acristalada que maximiza la luz natural.\nEspacios di\u00e1fanos ideales para adaptar a tus necesidades.\nSuelo t\u00e9cnico y ventanas practicables con balc\u00f3n.\nClimatizaci\u00f3n VRV para un ambiente c\u00f3modo en todo momento.\nTecho t\u00e9rmico continuo con luminarias empotradas, aportando eficiencia energ\u00e9tica.\nVestuarios y duchas disponibles para mayor comodidad.\nAscensores amplios y modernos.\nDisfruta de una amplia terraza com\u00fan en el Rooftop, un espacio \u00fanico para relajarte o hacer reuniones informales.\nParking disponible para mayor comodidad.\nCertificaci\u00f3n Leed Platinum, destacando por su compromiso con la sostenibilidad.\n\nComunicaciones excepcionales:\n\nTransporte p\u00fablico:\nBus: 136, H16, N0, V21, B20, B25, V23\nMetro: L1, L4\nTranv\u00eda: T4\nAcceso en coche f\u00e1cil por la Av. Diagonal y Ronda Litoral.\nAeropuerto a tan solo 18 minutos.\n\n\u00a1Un lugar estrat\u00e9gico para tu empresa! Un edificio de oficinas completamente renovado con todos los servicios y un dise\u00f1o que inspira creatividad y eficiencia.\n\n\u00a1Haz crecer tu negocio en Barcelona 22@!","post_type_properties_post_titulo_ingles":"","post_type_properties_post_internet_ingles":"","post_type_properties_post_features_classification_commercial":false,"post_type_properties_post_features_conservation":"","post_type_properties_post_features_security_personnel":false,"post_type_properties_post_features_parking_available":false,"post_type_properties_post_features_garage_capacity_type":"","post_type_properties_post_features_bathroom_number":"","post_type_properties_post_eje":"","post_type_properties_post_zona":"","post_type_properties_post_comarca":"","post_type_properties_post_features_built_year":"","post_type_properties_post_renta_mensual":0,"post_type_properties_post_fianza":"","post_type_properties_post_features_area_plot":"","post_type_properties_post_features_area_buildable":"","post_type_properties_post_features_classification_industrial":false,"post_type_properties_post_distrito":"","post_type_properties_post_features_balcony":false,"post_type_properties_post_features_bedroom_number":"","post_type_properties_post_features_heating_type":"","post_type_properties_post_features_equipped_with_furniture":false,"post_type_properties_post_features_pets_allowed":false,"post_type_properties_post_features_pool":false,"post_type_properties_post_features_terrace":false,"post_type_properties_post_features_wardrobes":false,"post_type_properties_post_features_lift_available":false,"post_type_properties_post_features_handicap_adapted_access":false,"post_type_properties_post_features_orientation_east":false,"post_type_properties_post_features_orientation_west":false,"post_type_properties_post_features_orientation_north":false,"post_type_properties_post_features_orientation_south":false,"post_type_properties_post_features_parking_spaces_number":"","post_type_properties_post_features_security_alarm":false,"post_type_properties_post_features_security_system":false,"post_type_properties_post_open_plan":false,"post_type_properties_post_acceso_24_7":false,"post_type_properties_post_oficina_privada":false,"post_type_properties_post_sala_reuniones":false,"post_type_properties_post_espacio_eventos":false,"post_type_properties_post_office":false,"post_type_properties_post_restaurant":false,"post_type_properties_post_acepta_traspaso":false,"post_type_properties_post_vigilancia":false,"post_type_properties_post_features_suite":false,"post_type_properties_post_features_vitro":false,"post_type_properties_post_features_oven":false,"post_type_properties_post_features_microwave":false,"post_type_properties_post_features_washing_machine":false,"post_type_properties_post_features_dryer":false,"post_type_properties_post_features_dishwasher":false,"post_type_properties_post_features_fridge":false,"post_type_properties_post_features_fridge_mini":false,"post_type_properties_post_features_kettle":false,"post_type_properties_post_features_toaster":false,"post_type_properties_post_features_coffee_maker":false,"post_type_properties_post_features_iron":false,"post_type_properties_post_features_ironing_board":false,"post_type_properties_post_features_safe":false,"post_type_properties_post_features_internet":false,"post_type_properties_post_features_solarium":false,"post_type_properties_post_features_clean_service":false,"post_type_properties_post_features_t_v":false,"post_type_properties_post_features_satellite_t_v":false,"post_type_properties_post_features_gas_kitchen":false,"post_type_properties_post_features_view_mountain":false,"post_type_properties_post_features_view_sea":false,"post_type_properties_post_features_concierge":false,"post_type_properties_post_features_loading_dock":false,"post_type_properties_post_features_bridge_crane":false,"post_type_properties_post_features_located_at_corner":false,"post_type_properties_post_features_smoke_extraction":false,"post_type_properties_post_features_rooms":"","post_type_properties_post_features_garden_area":"","post_type_properties_post_features_utilities_water":false,"post_type_properties_post_features_utilities_electricity":false,"post_type_properties_post_features_utilities_natural_gas":false,"post_type_properties_post_features_building_adapted":false,"post_type_properties_post_features_garden":false,"post_type_properties_post_features_classification_hotel":false,"post_type_properties_post_features_classification_chalet":false,"post_type_properties_post_certificado_energetico_emisiones":"A","post_type_properties_post_barrio":"","post_type_properties_post_distrito_empresa":"Sant Mart\u00ed","post_type_properties_post_features_property_category_intern":"","post_type_properties_post_implantada":false,"post_type_properties_post_sello_leed":"2","post_type_properties_post_sello_well":"","post_type_properties_post_sello_breeam":false,"post_type_properties_post_images":[{"properties_post_image_order":1,"properties_post_image_url":"https:\/\/movin.cloud\/empresas\/2438\/imagenes\/233033\/inmobiliaria-barcelona.webp","properties_post_image_url_thumbnail":"https:\/\/movin.cloud\/empresas\/2438\/imagenes\/thumbnails\/233033\/inmobiliaria-barcelona.webp","properties_post_title":"inmobiliaria barcelona","properties_post_alt":"inmobiliaria barcelona"},{"properties_post_image_order":2,"properties_post_image_url":"https:\/\/movin.cloud\/empresas\/2438\/imagenes\/233033\/inmobiliaria.webp","properties_post_image_url_thumbnail":"https:\/\/movin.cloud\/empresas\/2438\/imagenes\/thumbnails\/233033\/inmobiliaria.webp","properties_post_title":"inmobiliaria","properties_post_alt":"inmobiliaria"},{"properties_post_image_order":3,"properties_post_image_url":"https:\/\/movin.cloud\/empresas\/2438\/imagenes\/233033\/en-alquiler-barcelona.webp","properties_post_image_url_thumbnail":"https:\/\/movin.cloud\/empresas\/2438\/imagenes\/thumbnails\/233033\/en-alquiler-barcelona.webp","properties_post_title":"en alquiler barcelona","properties_post_alt":"en alquiler barcelona"},{"properties_post_image_order":4,"properties_post_image_url":"https:\/\/movin.cloud\/empresas\/2438\/imagenes\/233033\/alquiler-barcelona.webp","properties_post_image_url_thumbnail":"https:\/\/movin.cloud\/empresas\/2438\/imagenes\/thumbnails\/233033\/alquiler-barcelona.webp","properties_post_title":"alquiler barcelona","properties_post_alt":"alquiler barcelona"},{"properties_post_image_order":5,"properties_post_image_url":"https:\/\/movin.cloud\/empresas\/2438\/imagenes\/233033\/alquiler-idealistas-barcelona.webp","properties_post_image_url_thumbnail":"https:\/\/movin.cloud\/empresas\/2438\/imagenes\/thumbnails\/233033\/alquiler-idealistas-barcelona.webp","properties_post_title":"alquiler idealistas barcelona","properties_post_alt":"alquiler idealistas barcelona"},{"properties_post_image_order":6,"properties_post_image_url":"https:\/\/movin.cloud\/empresas\/2438\/imagenes\/233033\/habitalia-barcelona.webp","properties_post_image_url_thumbnail":"https:\/\/movin.cloud\/empresas\/2438\/imagenes\/thumbnails\/233033\/habitalia-barcelona.webp","properties_post_title":"habitalia barcelona","properties_post_alt":"habitalia barcelona"},{"properties_post_image_order":7,"properties_post_image_url":"https:\/\/movin.cloud\/empresas\/2438\/imagenes\/233033\/alquilar-barcelona.webp","properties_post_image_url_thumbnail":"https:\/\/movin.cloud\/empresas\/2438\/imagenes\/thumbnails\/233033\/alquilar-barcelona.webp","properties_post_title":"alquilar barcelona","properties_post_alt":"alquilar barcelona"},{"properties_post_image_order":8,"properties_post_image_url":"https:\/\/movin.cloud\/empresas\/2438\/imagenes\/233033\/alquiler-para-idealista-barcelona.webp","properties_post_image_url_thumbnail":"https:\/\/movin.cloud\/empresas\/2438\/imagenes\/thumbnails\/233033\/alquiler-para-idealista-barcelona.webp","properties_post_title":"alquiler para idealista barcelona","properties_post_alt":"alquiler para idealista barcelona"},{"properties_post_image_order":9,"properties_post_image_url":"https:\/\/movin.cloud\/empresas\/2438\/imagenes\/233033\/viviendas-barcelona.webp","properties_post_image_url_thumbnail":"https:\/\/movin.cloud\/empresas\/2438\/imagenes\/thumbnails\/233033\/viviendas-barcelona.webp","properties_post_title":"viviendas barcelona","properties_post_alt":"viviendas barcelona"},{"properties_post_image_order":10,"properties_post_image_url":"https:\/\/movin.cloud\/empresas\/2438\/imagenes\/233033\/alquiler-para-idealistas-barcelona.webp","properties_post_image_url_thumbnail":"https:\/\/movin.cloud\/empresas\/2438\/imagenes\/thumbnails\/233033\/alquiler-para-idealistas-barcelona.webp","properties_post_title":"alquiler para idealistas barcelona","properties_post_alt":"alquiler para idealistas barcelona"},{"properties_post_image_order":11,"properties_post_image_url":"https:\/\/movin.cloud\/empresas\/2438\/imagenes\/233033\/rent-barcelona.webp","properties_post_image_url_thumbnail":"https:\/\/movin.cloud\/empresas\/2438\/imagenes\/thumbnails\/233033\/rent-barcelona.webp","properties_post_title":"rent barcelona","properties_post_alt":"rent barcelona"},{"properties_post_image_order":12,"properties_post_image_url":"https:\/\/movin.cloud\/empresas\/2438\/imagenes\/233033\/fincas-barcelona.webp","properties_post_image_url_thumbnail":"https:\/\/movin.cloud\/empresas\/2438\/imagenes\/thumbnails\/233033\/fincas-barcelona.webp","properties_post_title":"fincas barcelona","properties_post_alt":"fincas barcelona"},{"properties_post_image_order":13,"properties_post_image_url":"https:\/\/movin.cloud\/empresas\/2438\/imagenes\/233033\/inmobiliarias-barcelona.webp","properties_post_image_url_thumbnail":"https:\/\/movin.cloud\/empresas\/2438\/imagenes\/thumbnails\/233033\/inmobiliarias-barcelona.webp","properties_post_title":"inmobiliarias barcelona","properties_post_alt":"inmobiliarias barcelona"},{"properties_post_image_order":14,"properties_post_image_url":"https:\/\/movin.cloud\/empresas\/2438\/imagenes\/233033\/barcelona-en-alquiler.webp","properties_post_image_url_thumbnail":"https:\/\/movin.cloud\/empresas\/2438\/imagenes\/thumbnails\/233033\/barcelona-en-alquiler.webp","properties_post_title":"barcelona en alquiler","properties_post_alt":"barcelona en alquiler"},{"properties_post_image_order":15,"properties_post_image_url":"https:\/\/movin.cloud\/empresas\/2438\/imagenes\/233033\/barcelona-alquiler.webp","properties_post_image_url_thumbnail":"https:\/\/movin.cloud\/empresas\/2438\/imagenes\/thumbnails\/233033\/barcelona-alquiler.webp","properties_post_title":"barcelona alquiler","properties_post_alt":"barcelona alquiler"},{"properties_post_image_order":16,"properties_post_image_url":"https:\/\/movin.cloud\/empresas\/2438\/imagenes\/233033\/barcelona-alquiler-idealistas.webp","properties_post_image_url_thumbnail":"https:\/\/movin.cloud\/empresas\/2438\/imagenes\/thumbnails\/233033\/barcelona-alquiler-idealistas.webp","properties_post_title":"barcelona alquiler idealistas","properties_post_alt":"barcelona alquiler idealistas"},{"properties_post_image_order":17,"properties_post_image_url":"https:\/\/movin.cloud\/empresas\/2438\/imagenes\/233033\/alquiler-para-idealista.webp","properties_post_image_url_thumbnail":"https:\/\/movin.cloud\/empresas\/2438\/imagenes\/thumbnails\/233033\/alquiler-para-idealista.webp","properties_post_title":"alquiler para idealista","properties_post_alt":"alquiler para idealista"},{"properties_post_image_order":18,"properties_post_image_url":"https:\/\/movin.cloud\/empresas\/2438\/imagenes\/233033\/inmobiliarias.webp","properties_post_image_url_thumbnail":"https:\/\/movin.cloud\/empresas\/2438\/imagenes\/thumbnails\/233033\/inmobiliarias.webp","properties_post_title":"inmobiliarias","properties_post_alt":"inmobiliarias"}],"post_type_properties_post_videos":null,"post_type_properties_post_tour":null,"post_type_properties_post_dossier_url":"","post_type_properties_post_operation_type":"rent","post_type_properties_post_operation_price":23346,"post_type_properties_post_features_hidden_price":false},"yoast_head":"<!-- This site is optimized with the Yoast SEO plugin v25.6 - https:\/\/yoast.com\/wordpress\/plugins\/seo\/ -->\n<title>EDIFICIO AUSTRAL - Forcadell<\/title>\n<meta name=\"robots\" content=\"index, follow, max-snippet:-1, max-image-preview:large, max-video-preview:-1\" \/>\n<link rel=\"canonical\" href=\"https:\/\/forcadell.com\/ca\/propiedades\/edificio-austral-2\/\" \/>\n<meta property=\"og:locale\" content=\"ca_ES\" \/>\n<meta property=\"og:type\" content=\"article\" \/>\n<meta property=\"og:title\" content=\"EDIFICIO AUSTRAL - Forcadell\" \/>\n<meta property=\"og:description\" content=\"\u00a1Te presentamos un edificio de oficinas \u00fanico en el coraz\u00f3n del distrito financiero y tecnol\u00f3gico Barcelona 22@! Caracter\u00edsticas generales: Superficie total: 7.278,19 m\u00b2 distribuidos en seis plantas y un s\u00f3tano destinado a estacionamiento. Edificio rehabilitado totalmente, con dise\u00f1o moderno e innovador. Fachada acristalada que maximiza la luz natural. Espacios di\u00e1fanos ideales para adaptar a tus [&hellip;]\" \/>\n<meta property=\"og:url\" content=\"https:\/\/forcadell.com\/ca\/propiedades\/edificio-austral-2\/\" \/>\n<meta property=\"og:site_name\" content=\"Forcadell\" \/>\n<meta property=\"article:modified_time\" content=\"2026-04-26T18:59:43+00:00\" \/>\n<meta name=\"twitter:card\" content=\"summary_large_image\" \/>\n<meta name=\"twitter:label1\" content=\"Temps estimat de lectura\" \/>\n\t<meta name=\"twitter:data1\" content=\"1 minut\" \/>\n<!-- \/ Yoast SEO plugin. -->","yoast_head_json":{"title":"EDIFICIO AUSTRAL - Forcadell","robots":{"index":"index","follow":"follow","max-snippet":"max-snippet:-1","max-image-preview":"max-image-preview:large","max-video-preview":"max-video-preview:-1"},"canonical":"https:\/\/forcadell.com\/ca\/propiedades\/edificio-austral-2\/","og_locale":"ca_ES","og_type":"article","og_title":"EDIFICIO AUSTRAL - Forcadell","og_description":"\u00a1Te presentamos un edificio de oficinas \u00fanico en el coraz\u00f3n del distrito financiero y tecnol\u00f3gico Barcelona 22@! Caracter\u00edsticas generales: Superficie total: 7.278,19 m\u00b2 distribuidos en seis plantas y un s\u00f3tano destinado a estacionamiento. Edificio rehabilitado totalmente, con dise\u00f1o moderno e innovador. Fachada acristalada que maximiza la luz natural. Espacios di\u00e1fanos ideales para adaptar a tus [&hellip;]","og_url":"https:\/\/forcadell.com\/ca\/propiedades\/edificio-austral-2\/","og_site_name":"Forcadell","article_modified_time":"2026-04-26T18:59:43+00:00","twitter_card":"summary_large_image","twitter_misc":{"Temps estimat de lectura":"1 minut"},"schema":{"@context":"https:\/\/schema.org","@graph":[{"@type":"WebPage","@id":"https:\/\/forcadell.com\/ca\/propiedades\/edificio-austral-2\/","url":"https:\/\/forcadell.com\/ca\/propiedades\/edificio-austral-2\/","name":"EDIFICIO AUSTRAL - Forcadell","isPartOf":{"@id":"https:\/\/forcadell.com\/ca\/#website"},"datePublished":"2025-11-04T13:33:39+00:00","dateModified":"2026-04-26T18:59:43+00:00","breadcrumb":{"@id":"https:\/\/forcadell.com\/ca\/propiedades\/edificio-austral-2\/#breadcrumb"},"inLanguage":"ca","potentialAction":[{"@type":"ReadAction","target":["https:\/\/forcadell.com\/ca\/propiedades\/edificio-austral-2\/"]}]},{"@type":"BreadcrumbList","@id":"https:\/\/forcadell.com\/ca\/propiedades\/edificio-austral-2\/#breadcrumb","itemListElement":[{"@type":"ListItem","position":1,"name":"Portada","item":"https:\/\/forcadell.com\/ca\/"},{"@type":"ListItem","position":2,"name":"Properties","item":"https:\/\/forcadell.com\/ca\/propiedades\/"},{"@type":"ListItem","position":3,"name":"EDIFICIO AUSTRAL"}]},{"@type":"WebSite","@id":"https:\/\/forcadell.com\/ca\/#website","url":"https:\/\/forcadell.com\/ca\/","name":"Forcadell","description":"Inmobiliaria Barcelona | Consultores inmobiliarios","potentialAction":[{"@type":"SearchAction","target":{"@type":"EntryPoint","urlTemplate":"https:\/\/forcadell.com\/ca\/?s={search_term_string}"},"query-input":{"@type":"PropertyValueSpecification","valueRequired":true,"valueName":"search_term_string"}}],"inLanguage":"ca"}]}},"_links":{"self":[{"href":"https:\/\/forcadell.com\/ca\/wp-json\/wp\/v2\/properties_post\/57195"}],"collection":[{"href":"https:\/\/forcadell.com\/ca\/wp-json\/wp\/v2\/properties_post"}],"about":[{"href":"https:\/\/forcadell.com\/ca\/wp-json\/wp\/v2\/types\/properties_post"}],"wp:attachment":[{"href":"https:\/\/forcadell.com\/ca\/wp-json\/wp\/v2\/media?parent=57195"}],"curies":[{"name":"wp","href":"https:\/\/api.w.org\/{rel}","templated":true}]}}