{"id":57187,"date":"2025-11-04T15:33:21","date_gmt":"2025-11-04T13:33:21","guid":{"rendered":"https:\/\/www.forcadell.com\/propiedades\/oficina-en-alquiler-en-campo-de-las-naciones\/"},"modified":"2026-04-26T07:07:11","modified_gmt":"2026-04-26T05:07:11","slug":"oficina-en-alquiler-en-campo-de-las-naciones","status":"publish","type":"properties_post","link":"https:\/\/forcadell.com\/ca\/propiedades\/oficina-en-alquiler-en-campo-de-las-naciones\/","title":{"rendered":"Oficina en alquiler en Campo de las Naciones."},"content":{"rendered":"<p>Oficina en alquiler ubicada en el coraz\u00f3n del parque empresarial del Campo de las Naciones, una zona de gran actividad empresarial gracias a su cercan\u00eda a IFEMA y al Palacio de Congresos.<\/p>\n<p>Caracter\u00edsticas destacadas:<br \/>\n&#8211; Edificio exclusivo de oficinas con un impresionante atrio central de cristal.<br \/>\n&#8211; Servicio de conserjer\u00eda, vigilancia las 24 horas, control de accesos y CCTV.<br \/>\n&#8211; Disponibilidad de restaurante y cafeter\u00eda en el propio edificio.<br \/>\n&#8211; Plantas di\u00e1fanas con f\u00e1cil modulaci\u00f3n.<br \/>\n&#8211; Equipado con suelo t\u00e9cnico y falso techo, ambos con luminarias LED.<br \/>\n&#8211; Altura libre de 2,63 metros.<br \/>\n&#8211; Sistema de climatizaci\u00f3n centralizado para tu confort.<\/p>\n<p>Cuenta con excelentes conexiones de transporte p\u00fablico, ya que se encuentra cerca de la estaci\u00f3n de metro Feria de Madrid y de diversas l\u00edneas de autob\u00fas.<\/p>\n<p>Transportes:<br \/>\nMetro: L8 \u2013 Feria de Madrid<br \/>\nAutobuses: 112, 122<\/p>\n","protected":false},"template":"","class_list":["post-57187","properties_post","type-properties_post","status-publish","hentry","properties_modality-rent","properties_district-barajas","properties_province-madrid","properties_zone-descentralizada","properties_state-madrid","properties_subclass-oficina","properties_type-oficina"],"acf":{"post_type_properties_post_property_code":"232923","post_type_properties_post_property_reference":"IE-195893","post_type_properties_post_owner_id":"48474","post_type_properties_post_owner_name":"MERLIN PROPERTIES SOCIMI SA","post_type_properties_post_property_code_encrypted":"MjkkMTc0OTA=","post_type_properties_post_published":"1","post_type_properties_post_property_visibility":"idealista","post_type_properties_post_contact_name":"Forcadell Oficinas Madrid","post_type_properties_post_contact_email":"forcadell.oficinas.madrid@movin.cloud","post_type_properties_post_contact_primary_phone_prefix":"34","post_type_properties_post_contact_primary_phone_number":"917886880","post_type_properties_post_address_visibility":"street","post_type_properties_post_address_country":"Spain","post_type_properties_post_address_coordinates_precision":"exact","post_type_properties_post_address_postal_code":"28042","post_type_properties_post_address_coordinates_latitude":"40.4635828","post_type_properties_post_address_coordinates_longitude":"-3.6162093","post_type_properties_post_address_street_name":"AV Parten\u00f3n 16","post_type_properties_post_address_floor":"1","post_type_properties_post_address_town":"Madrid","post_type_properties_post_building":null,"post_type_properties_post_property":[{"properties_post_description_language":"spanish","properties_post_title":"Oficina en alquiler en Campo de las Naciones.","properties_post_short_description_text_alt":"","properties_post_description_text_alt":"","properties_post_short_description_text":"Edificios de oficinas en el centro del parque empresarial del Campo de las Naciones, actualmente la zona ha experimentado un desarrollo importante en la promoci\u00f3n de oficinas. A sus alrededores se encuentra Feria de Madrid, Palacio de Congresos, Parque Juan Carlos I, estafeta de Correos, diversidad de servicios, hoteles, cafeter\u00edas, etc. Goza de buenas comunicaciones con el transporte p\u00fablico dada su cercan\u00eda a la estaci\u00f3n de metro Feria de Madrid y diversas l\u00edneas de autob\u00fas cercanas. El edificio tiene 6 plantas (PB + 5), cuenta con servicio de conserjer\u00eda y vigilancia 365x24, control de accesos y CCTV, ascensores de alta eficiencia energ\u00e9tica, restaurante cafeter\u00eda en el propio edificio y parking. Las oficinas est\u00e1n distribuidas en plantas di\u00e1fanas con suelo t\u00e9cnico, falso techo con luminarias LED y climatizaci\u00f3n.\n\nParking: 110 \u20ac\/plaza\/mes.","properties_post_link_demanda_inmueble":"https:\/\/movin.cloud\/es\/Forcadell Oficinas Madrid\/formulario-peticion-inmueble\/sth\/2462&&232923","properties_post_link_demanda_calendario_inmueble":"https:\/\/movin.cloud\/es\/Forcadell Oficinas Madrid\/calendario-peticion-inmueble\/sth\/2462&&232923","properties_post_description_text":"Oficina en alquiler ubicada en el coraz\u00f3n del parque empresarial del Campo de las Naciones, una zona de gran actividad empresarial gracias a su cercan\u00eda a IFEMA y al Palacio de Congresos.\n\nCaracter\u00edsticas destacadas:\n- Edificio exclusivo de oficinas con un impresionante atrio central de cristal.\n- Servicio de conserjer\u00eda, vigilancia las 24 horas, control de accesos y CCTV.\n- Disponibilidad de restaurante y cafeter\u00eda en el propio edificio.\n- Plantas di\u00e1fanas con f\u00e1cil modulaci\u00f3n.\n- Equipado con suelo t\u00e9cnico y falso techo, ambos con luminarias LED.\n- Altura libre de 2,63 metros.\n- Sistema de climatizaci\u00f3n centralizado para tu confort.\n\nCuenta con excelentes conexiones de transporte p\u00fablico, ya que se encuentra cerca de la estaci\u00f3n de metro Feria de Madrid y de diversas l\u00edneas de autob\u00fas.\n\nTransportes: \nMetro: L8 \u2013 Feria de Madrid \nAutobuses: 112, 122\n","properties_post_seo_title":"","properties_post_seo_alias":"","properties_post_seo_metadescription":"Oficina en alquiler en Campo de las Naciones. Forcadell es su agencia de confianza para el alquiler de su oficina","properties_post_seo_key_words":"alquiler oficina Madrid, oficina alquiler Madrid, oficina Madrid","properties_post_seo_url":"","properties_post_terms_conditions":""},{"properties_post_description_language":"english","properties_post_title":"Office for rent in Campo de las Naciones.","properties_post_short_description_text_alt":"","properties_post_description_text_alt":"","properties_post_short_description_text":"Office buildings in the center of the Campo de las Naciones business park, currently the area has experienced an important development in the promotion of offices. In its surroundings you can find Feria de Madrid, Palacio de Congresos, Parque Juan Carlos I, Estafeta de Correos, a variety of services, hotels, caf\u00e9s, etc. It enjoys good communications with public transport due to its proximity to the Feria de Madrid metro station and several bus lines nearby. The building has 6 floors (ground floor + 5), concierge and security service 365x24, access control and CCTV, energy efficient elevators, restaurant cafeteria in the building and parking. The offices are distributed in open-plan floors with raised floors, false ceilings with LED lighting and air conditioning.\n\nParking: 110 \u20ac\/place\/month.","properties_post_link_demanda_inmueble":"https:\/\/movin.cloud\/en\/Forcadell Oficinas Madrid\/property-form-request\/sth\/2462&&232923","properties_post_link_demanda_calendario_inmueble":"https:\/\/movin.cloud\/en\/Forcadell Oficinas Madrid\/property-calendar-request\/sth\/2462&&232923","properties_post_description_text":"Office for rent located in the heart of the Campo de las Naciones business park, an area of great business activity thanks to its proximity to IFEMA and the Palacio de Congresos.\n\nOutstanding features:\n- Exclusive office building with an impressive central glass atrium.\n- Concierge service, 24-hour surveillance, access control and CCTV.\n- Restaurant and cafeteria available in the building.\n- Open-plan floors with easy modulation.\n- Equipped with raised floor and false ceiling, both with LED lighting.\n- Free height of 2.63 meters.\n- Centralized air conditioning system for your comfort.\n\nIt has excellent public transport connections, as it is close to the Feria de Madrid metro station and various bus lines.\n\nTransportation: \nMetro: L8 - Feria de Madrid \nBuses: 112, 122","properties_post_seo_title":"","properties_post_seo_alias":"","properties_post_seo_metadescription":"Office for rent in Campo de las Naciones. Forcadell is your reliable agency for the rental of your office.","properties_post_seo_key_words":"Madrid office rental, Madrid office rental, Madrid office rental, Madrid office","properties_post_seo_url":"","properties_post_terms_conditions":""}],"post_type_properties_post_features_type":"office","post_type_properties_post_id_building":"","post_type_properties_post_features_area_constructed":1522,"post_type_properties_post_features_conditioned_air":true,"post_type_properties_post_features_doorman":false,"post_type_properties_post_features_heating":true,"post_type_properties_post_features_equipped_kitchen":false,"post_type_properties_post_features_windows_location":"exterior","post_type_properties_post_features_floors_property":false,"post_type_properties_post_features_storage":false,"post_type_properties_post_features_security_door":false,"post_type_properties_post_features_energy_certificate_rating":"B","post_type_properties_post_features_energy_certificate_emissions_rating":"B","post_type_properties_post_features_energy_certificate_emissions_value":"","post_type_properties_post_features_energy_certificate_performance":"","post_type_properties_post_features_bathroom_inside":false,"post_type_properties_post_precio":27396,"post_type_properties_post_precio_alquiler":27396,"post_type_properties_post_record_type_id":"Oficina","post_type_properties_post_categoria__producto":"Oficina","post_type_properties_post_amueblado":false,"post_type_properties_post_precio_m2":18,"post_type_properties_post_zona__comunitaria":false,"post_type_properties_post_electrodomesticos":false,"post_type_properties_post_patio__interior":false,"post_type_properties_post_certificado_energetico_general":"B","post_type_properties_post_certificado_energetico_consumo":"B","post_type_properties_post_certificado_energetico_valor_emisiones":"","post_type_properties_post_certificado_energetico_valor_consumo":"","post_type_properties_post_modalidad":"rent","post_type_properties_post_provincia":"Madrid","post_type_properties_post_poblacion":"Madrid","post_type_properties_post_centro__urbano":false,"post_type_properties_post_zonificacion":"Descentralizada","post_type_properties_post_cartera":"Segunda mano","post_type_properties_post_titulo_catalan":"","post_type_properties_post_internet_catalan":"","post_type_properties_post_titulo_castellano":"Oficina en alquiler en Campo de las Naciones.","post_type_properties_post_internet_castellano":"Oficina en alquiler ubicada en el coraz\u00f3n del parque empresarial del Campo de las Naciones, una zona de gran actividad empresarial gracias a su cercan\u00eda a IFEMA y al Palacio de Congresos.\n\nCaracter\u00edsticas destacadas:\n- Edificio exclusivo de oficinas con un impresionante atrio central de cristal.\n- Servicio de conserjer\u00eda, vigilancia las 24 horas, control de accesos y CCTV.\n- Disponibilidad de restaurante y cafeter\u00eda en el propio edificio.\n- Plantas di\u00e1fanas con f\u00e1cil modulaci\u00f3n.\n- Equipado con suelo t\u00e9cnico y falso techo, ambos con luminarias LED.\n- Altura libre de 2,63 metros.\n- Sistema de climatizaci\u00f3n centralizado para tu confort.\n\nCuenta con excelentes conexiones de transporte p\u00fablico, ya que se encuentra cerca de la estaci\u00f3n de metro Feria de Madrid y de diversas l\u00edneas de autob\u00fas.\n\nTransportes: \nMetro: L8 \u2013 Feria de Madrid \nAutobuses: 112, 122\n","post_type_properties_post_titulo_ingles":"Office for rent in Campo de las Naciones.","post_type_properties_post_internet_ingles":"Office for rent located in the heart of the Campo de las Naciones business park, an area of great business activity thanks to its proximity to IFEMA and the Palacio de Congresos.\n\nOutstanding features:\n- Exclusive office building with an impressive central glass atrium.\n- Concierge service, 24-hour surveillance, access control and CCTV.\n- Restaurant and cafeteria available in the building.\n- Open-plan floors with easy modulation.\n- Equipped with raised floor and false ceiling, both with LED lighting.\n- Free height of 2.63 meters.\n- Centralized air conditioning system for your comfort.\n\nIt has excellent public transport connections, as it is close to the Feria de Madrid metro station and various bus lines.\n\nTransportation: \nMetro: L8 - Feria de Madrid \nBuses: 112, 122","post_type_properties_post_features_classification_commercial":false,"post_type_properties_post_features_conservation":"","post_type_properties_post_features_security_personnel":false,"post_type_properties_post_features_parking_available":false,"post_type_properties_post_features_garage_capacity_type":"","post_type_properties_post_features_bathroom_number":"","post_type_properties_post_eje":"","post_type_properties_post_zona":"","post_type_properties_post_comarca":"","post_type_properties_post_features_built_year":"","post_type_properties_post_renta_mensual":41562,"post_type_properties_post_fianza":"","post_type_properties_post_features_area_plot":"","post_type_properties_post_features_area_buildable":"","post_type_properties_post_features_classification_industrial":false,"post_type_properties_post_distrito":"","post_type_properties_post_features_balcony":false,"post_type_properties_post_features_bedroom_number":"","post_type_properties_post_features_heating_type":"","post_type_properties_post_features_equipped_with_furniture":false,"post_type_properties_post_features_pets_allowed":false,"post_type_properties_post_features_pool":false,"post_type_properties_post_features_terrace":false,"post_type_properties_post_features_wardrobes":false,"post_type_properties_post_features_lift_available":false,"post_type_properties_post_features_handicap_adapted_access":false,"post_type_properties_post_features_orientation_east":false,"post_type_properties_post_features_orientation_west":false,"post_type_properties_post_features_orientation_north":false,"post_type_properties_post_features_orientation_south":false,"post_type_properties_post_features_parking_spaces_number":"","post_type_properties_post_features_security_alarm":false,"post_type_properties_post_features_security_system":false,"post_type_properties_post_open_plan":false,"post_type_properties_post_acceso_24_7":false,"post_type_properties_post_oficina_privada":false,"post_type_properties_post_sala_reuniones":false,"post_type_properties_post_espacio_eventos":false,"post_type_properties_post_office":false,"post_type_properties_post_restaurant":false,"post_type_properties_post_acepta_traspaso":false,"post_type_properties_post_vigilancia":true,"post_type_properties_post_features_suite":false,"post_type_properties_post_features_vitro":false,"post_type_properties_post_features_oven":false,"post_type_properties_post_features_microwave":false,"post_type_properties_post_features_washing_machine":false,"post_type_properties_post_features_dryer":false,"post_type_properties_post_features_dishwasher":false,"post_type_properties_post_features_fridge":false,"post_type_properties_post_features_fridge_mini":false,"post_type_properties_post_features_kettle":false,"post_type_properties_post_features_toaster":false,"post_type_properties_post_features_coffee_maker":false,"post_type_properties_post_features_iron":false,"post_type_properties_post_features_ironing_board":false,"post_type_properties_post_features_safe":false,"post_type_properties_post_features_internet":false,"post_type_properties_post_features_solarium":false,"post_type_properties_post_features_clean_service":false,"post_type_properties_post_features_t_v":false,"post_type_properties_post_features_satellite_t_v":false,"post_type_properties_post_features_gas_kitchen":false,"post_type_properties_post_features_view_mountain":false,"post_type_properties_post_features_view_sea":false,"post_type_properties_post_features_concierge":false,"post_type_properties_post_features_loading_dock":false,"post_type_properties_post_features_bridge_crane":false,"post_type_properties_post_features_located_at_corner":false,"post_type_properties_post_features_smoke_extraction":false,"post_type_properties_post_features_rooms":"","post_type_properties_post_features_garden_area":"","post_type_properties_post_features_utilities_water":false,"post_type_properties_post_features_utilities_electricity":false,"post_type_properties_post_features_utilities_natural_gas":false,"post_type_properties_post_features_building_adapted":false,"post_type_properties_post_features_garden":false,"post_type_properties_post_features_classification_hotel":false,"post_type_properties_post_features_classification_chalet":false,"post_type_properties_post_certificado_energetico_emisiones":"B","post_type_properties_post_barrio":"","post_type_properties_post_distrito_empresa":"Barajas","post_type_properties_post_features_property_category_intern":"","post_type_properties_post_implantada":false,"post_type_properties_post_sello_leed":"","post_type_properties_post_sello_well":"","post_type_properties_post_sello_breeam":false,"post_type_properties_post_images":[{"properties_post_image_order":1,"properties_post_image_url":"https:\/\/movin.cloud\/empresas\/2462\/imagenes\/232923\/en-alquiler.webp","properties_post_image_url_thumbnail":"https:\/\/movin.cloud\/empresas\/2462\/imagenes\/thumbnails\/232923\/en-alquiler.webp","properties_post_title":"en alquiler","properties_post_alt":"en alquiler"},{"properties_post_image_order":2,"properties_post_image_url":"https:\/\/movin.cloud\/empresas\/2462\/imagenes\/232923\/alquiler.webp","properties_post_image_url_thumbnail":"https:\/\/movin.cloud\/empresas\/2462\/imagenes\/thumbnails\/232923\/alquiler.webp","properties_post_title":"alquiler","properties_post_alt":"alquiler"},{"properties_post_image_order":4,"properties_post_image_url":"https:\/\/movin.cloud\/empresas\/2462\/imagenes\/232923\/alquiler-idealistas.webp","properties_post_image_url_thumbnail":"https:\/\/movin.cloud\/empresas\/2462\/imagenes\/thumbnails\/232923\/alquiler-idealistas.webp","properties_post_title":"alquiler idealistas","properties_post_alt":"alquiler idealistas"},{"properties_post_image_order":5,"properties_post_image_url":"https:\/\/movin.cloud\/empresas\/2462\/imagenes\/232923\/habitalia.webp","properties_post_image_url_thumbnail":"https:\/\/movin.cloud\/empresas\/2462\/imagenes\/thumbnails\/232923\/habitalia.webp","properties_post_title":"habitalia","properties_post_alt":"habitalia"}],"post_type_properties_post_videos":null,"post_type_properties_post_tour":null,"post_type_properties_post_dossier_url":"","post_type_properties_post_operation_type":"rent","post_type_properties_post_operation_price":27396,"post_type_properties_post_features_hidden_price":false},"yoast_head":"<!-- This site is optimized with the Yoast SEO plugin v25.6 - https:\/\/yoast.com\/wordpress\/plugins\/seo\/ -->\n<title>Oficina en alquiler en Campo de las Naciones. - Forcadell<\/title>\n<meta name=\"robots\" content=\"index, follow, max-snippet:-1, max-image-preview:large, max-video-preview:-1\" \/>\n<link rel=\"canonical\" href=\"https:\/\/forcadell.com\/ca\/propiedades\/oficina-en-alquiler-en-campo-de-las-naciones\/\" \/>\n<meta property=\"og:locale\" content=\"ca_ES\" \/>\n<meta property=\"og:type\" content=\"article\" \/>\n<meta property=\"og:title\" content=\"Oficina en alquiler en Campo de las Naciones. - Forcadell\" \/>\n<meta property=\"og:description\" content=\"Oficina en alquiler ubicada en el coraz\u00f3n del parque empresarial del Campo de las Naciones, una zona de gran actividad empresarial gracias a su cercan\u00eda a IFEMA y al Palacio de Congresos. Caracter\u00edsticas destacadas: &#8211; Edificio exclusivo de oficinas con un impresionante atrio central de cristal. &#8211; Servicio de conserjer\u00eda, vigilancia las 24 horas, control [&hellip;]\" \/>\n<meta property=\"og:url\" content=\"https:\/\/forcadell.com\/ca\/propiedades\/oficina-en-alquiler-en-campo-de-las-naciones\/\" \/>\n<meta property=\"og:site_name\" content=\"Forcadell\" \/>\n<meta property=\"article:modified_time\" content=\"2026-04-26T05:07:11+00:00\" \/>\n<meta name=\"twitter:card\" content=\"summary_large_image\" \/>\n<meta name=\"twitter:label1\" content=\"Temps estimat de lectura\" \/>\n\t<meta name=\"twitter:data1\" content=\"1 minut\" \/>\n<!-- \/ Yoast SEO plugin. -->","yoast_head_json":{"title":"Oficina en alquiler en Campo de las Naciones. - Forcadell","robots":{"index":"index","follow":"follow","max-snippet":"max-snippet:-1","max-image-preview":"max-image-preview:large","max-video-preview":"max-video-preview:-1"},"canonical":"https:\/\/forcadell.com\/ca\/propiedades\/oficina-en-alquiler-en-campo-de-las-naciones\/","og_locale":"ca_ES","og_type":"article","og_title":"Oficina en alquiler en Campo de las Naciones. - Forcadell","og_description":"Oficina en alquiler ubicada en el coraz\u00f3n del parque empresarial del Campo de las Naciones, una zona de gran actividad empresarial gracias a su cercan\u00eda a IFEMA y al Palacio de Congresos. Caracter\u00edsticas destacadas: &#8211; Edificio exclusivo de oficinas con un impresionante atrio central de cristal. &#8211; Servicio de conserjer\u00eda, vigilancia las 24 horas, control [&hellip;]","og_url":"https:\/\/forcadell.com\/ca\/propiedades\/oficina-en-alquiler-en-campo-de-las-naciones\/","og_site_name":"Forcadell","article_modified_time":"2026-04-26T05:07:11+00:00","twitter_card":"summary_large_image","twitter_misc":{"Temps estimat de lectura":"1 minut"},"schema":{"@context":"https:\/\/schema.org","@graph":[{"@type":"WebPage","@id":"https:\/\/forcadell.com\/ca\/propiedades\/oficina-en-alquiler-en-campo-de-las-naciones\/","url":"https:\/\/forcadell.com\/ca\/propiedades\/oficina-en-alquiler-en-campo-de-las-naciones\/","name":"Oficina en alquiler en Campo de las Naciones. - Forcadell","isPartOf":{"@id":"https:\/\/forcadell.com\/ca\/#website"},"datePublished":"2025-11-04T13:33:21+00:00","dateModified":"2026-04-26T05:07:11+00:00","breadcrumb":{"@id":"https:\/\/forcadell.com\/ca\/propiedades\/oficina-en-alquiler-en-campo-de-las-naciones\/#breadcrumb"},"inLanguage":"ca","potentialAction":[{"@type":"ReadAction","target":["https:\/\/forcadell.com\/ca\/propiedades\/oficina-en-alquiler-en-campo-de-las-naciones\/"]}]},{"@type":"BreadcrumbList","@id":"https:\/\/forcadell.com\/ca\/propiedades\/oficina-en-alquiler-en-campo-de-las-naciones\/#breadcrumb","itemListElement":[{"@type":"ListItem","position":1,"name":"Portada","item":"https:\/\/forcadell.com\/ca\/"},{"@type":"ListItem","position":2,"name":"Properties","item":"https:\/\/forcadell.com\/ca\/propiedades\/"},{"@type":"ListItem","position":3,"name":"Oficina en alquiler en Campo de las Naciones."}]},{"@type":"WebSite","@id":"https:\/\/forcadell.com\/ca\/#website","url":"https:\/\/forcadell.com\/ca\/","name":"Forcadell","description":"Inmobiliaria Barcelona | Consultores inmobiliarios","potentialAction":[{"@type":"SearchAction","target":{"@type":"EntryPoint","urlTemplate":"https:\/\/forcadell.com\/ca\/?s={search_term_string}"},"query-input":{"@type":"PropertyValueSpecification","valueRequired":true,"valueName":"search_term_string"}}],"inLanguage":"ca"}]}},"_links":{"self":[{"href":"https:\/\/forcadell.com\/ca\/wp-json\/wp\/v2\/properties_post\/57187"}],"collection":[{"href":"https:\/\/forcadell.com\/ca\/wp-json\/wp\/v2\/properties_post"}],"about":[{"href":"https:\/\/forcadell.com\/ca\/wp-json\/wp\/v2\/types\/properties_post"}],"wp:attachment":[{"href":"https:\/\/forcadell.com\/ca\/wp-json\/wp\/v2\/media?parent=57187"}],"curies":[{"name":"wp","href":"https:\/\/api.w.org\/{rel}","templated":true}]}}