{"id":57184,"date":"2025-11-04T15:33:07","date_gmt":"2025-11-04T13:33:07","guid":{"rendered":"https:\/\/www.forcadell.com\/propiedades\/av-diagonal-2\/"},"modified":"2026-04-29T06:00:55","modified_gmt":"2026-04-29T04:00:55","slug":"av-diagonal-2","status":"publish","type":"properties_post","link":"https:\/\/forcadell.com\/ca\/propiedades\/av-diagonal-2\/","title":{"rendered":"AV. DIAGONAL"},"content":{"rendered":"<p>Edificio totalmente rehabilitado incorporando nuevos elementos t\u00e9cnicos y de sostenibilidad a la vez que est\u00e9ticos y espaciales en el hall de acceso y zonas comunes. <\/p>\n<p>Cabe destacar la incorporaci\u00f3n de la terraza comunitaria de la planta 9\u00aa , junto a una sala polivalente, donde cualquier usuario del edificio podr\u00e1 disfrutar. Asimismo se incorporar\u00e1 un tipo de gesti\u00f3n totalmente orientada al usuario, donde se incorporar\u00e1n una serie de servicios y experiencias seg\u00fan sus necesidades.<br \/>\nSuperficies di\u00e1fanas, suelo t\u00e9cnico, aire acondicionado, servicio de conserjer\u00eda, lobby con video wall, detecci\u00f3n de incendios. Oficinas con abundante luz natural.<br \/>\nDuchas y vestuarios, taquillas inteligentes, coffee point (sala polivalente), aparcamientos de coches y bicis el\u00e9ctricas, certificaci\u00f3n wiredscore, cobertura wifi en zonas comunes. Acabados e interiorismo de calidad. Espacios verdes, control de renovaci\u00f3n y calidad del aire optimizada. <\/p>\n<p>Autobuses: 6, 7, 36, 40, 42, 71, 141, 192<br \/>\nMetro: L4 : Poble Nou<br \/>\nTram: T4: Pere IV<\/p>\n","protected":false},"template":"","class_list":["post-57184","properties_post","type-properties_post","status-publish","hentry","properties_modality-rent","properties_district-sant-marti","properties_province-barcelona","properties_zone-116","properties_state-barcelona","properties_subclass-oficina","properties_type-oficina"],"acf":{"post_type_properties_post_property_code":"232879","post_type_properties_post_property_reference":"IE-195801","post_type_properties_post_owner_id":"49836","post_type_properties_post_owner_name":"METR\u00d3POLIS INMOBILIARIAS Y RESTAURACIONES SL - GRUPO METROPOLIS","post_type_properties_post_property_code_encrypted":"MjkkMTc0NDY=","post_type_properties_post_published":"1","post_type_properties_post_property_visibility":"idealista","post_type_properties_post_contact_name":"Forcadell Oficinas Barcelona","post_type_properties_post_contact_email":"forcadell.oficinas.barcelona@movin.cloud","post_type_properties_post_contact_primary_phone_prefix":"34","post_type_properties_post_contact_primary_phone_number":"934965413","post_type_properties_post_address_visibility":"street","post_type_properties_post_address_country":"Spain","post_type_properties_post_address_coordinates_precision":"exact","post_type_properties_post_address_postal_code":"08005","post_type_properties_post_address_coordinates_latitude":"41.406676000002","post_type_properties_post_address_coordinates_longitude":"2.201475000002","post_type_properties_post_address_street_name":"Avda. Diagonal, 123","post_type_properties_post_address_floor":"2","post_type_properties_post_address_town":"Barcelona","post_type_properties_post_building":null,"post_type_properties_post_property":[{"properties_post_description_language":"catalan","properties_post_title":"AV. DIAGONAL","properties_post_short_description_text_alt":"","properties_post_description_text_alt":"","properties_post_short_description_text":" ","properties_post_link_demanda_inmueble":"https:\/\/movin.cloud\/ca\/Forcadell Oficinas Barcelona\/formulari-peticio-immoble\/sth\/2438&&232879","properties_post_link_demanda_calendario_inmueble":"https:\/\/movin.cloud\/ca\/Forcadell Oficinas Barcelona\/calendari-peticio-immoble\/sth\/2438&&232879","properties_post_description_text":"Edifici totalment rehabilitat incorporant nous elements t\u00e8cnics i de sostenibilitat alhora que est\u00e8tics i espacials al vest\u00edbul d'acc\u00e9s i zones comunes. \n \nCal destacar la incorporaci\u00f3 de la terrassa comunit\u00e0ria de la planta 9a, al costat d'una sala polivalent, on qualsevol usuari de l'edifici en podr\u00e0 gaudir. Aix\u00ed mateix, s'incorporar\u00e0 un tipus de gesti\u00f3 totalment orientada a l'usuari, on s'incorporaran una s\u00e8rie de serveis i experi\u00e8ncies segons les necessitats. \nSuperf\u00edcies di\u00e0fanes, terra t\u00e8cnic, aire condicionat, servei de consergeria, lobby amb v\u00eddeo wall, detecci\u00f3 d'incendis. Oficines amb abundant llum natural. \nDutxes i vestuaris, taquilles intel\u00b7ligents, coffee point (sala polivalent), aparcaments de cotxes i bicis el\u00e8ctriques, certificaci\u00f3 wiredscore, cobertura wifi a zones comuns. Acabats i interiorisme de qualitat. Espais verds, control de renovaci\u00f3 i qualitat de l'aire optimitzada. \n \nAutobusos: 6, 7, 36, 40, 42, 71, 141, 192 \nMetro: L4 : Poble Nou \nTram: T4: Pere IV","properties_post_seo_title":"","properties_post_seo_alias":"","properties_post_seo_metadescription":"","properties_post_seo_key_words":"","properties_post_seo_url":"","properties_post_terms_conditions":""},{"properties_post_description_language":"spanish","properties_post_title":"AV. DIAGONAL","properties_post_short_description_text_alt":"","properties_post_description_text_alt":"","properties_post_short_description_text":" ","properties_post_link_demanda_inmueble":"https:\/\/movin.cloud\/es\/Forcadell Oficinas Barcelona\/formulario-peticion-inmueble\/sth\/2438&&232879","properties_post_link_demanda_calendario_inmueble":"https:\/\/movin.cloud\/es\/Forcadell Oficinas Barcelona\/calendario-peticion-inmueble\/sth\/2438&&232879","properties_post_description_text":"Edificio totalmente rehabilitado incorporando nuevos elementos t\u00e9cnicos y de sostenibilidad a la vez que est\u00e9ticos y espaciales en el hall de acceso y zonas comunes. \n \nCabe destacar la incorporaci\u00f3n de la terraza comunitaria de la planta 9\u00aa , junto a una sala polivalente, donde cualquier usuario del edificio podr\u00e1 disfrutar. Asimismo se incorporar\u00e1 un tipo de gesti\u00f3n totalmente orientada al usuario, donde se incorporar\u00e1n una serie de servicios y experiencias seg\u00fan sus necesidades. \nSuperficies di\u00e1fanas, suelo t\u00e9cnico, aire acondicionado, servicio de conserjer\u00eda, lobby con video wall, detecci\u00f3n de incendios. Oficinas con abundante luz natural. \nDuchas y vestuarios, taquillas inteligentes, coffee point (sala polivalente), aparcamientos de coches y bicis el\u00e9ctricas, certificaci\u00f3n wiredscore, cobertura wifi en zonas comunes. Acabados e interiorismo de calidad. Espacios verdes, control de renovaci\u00f3n y calidad del aire optimizada. \n \nAutobuses: 6, 7, 36, 40, 42, 71, 141, 192 \nMetro: L4 : Poble Nou \nTram: T4: Pere IV","properties_post_seo_title":"","properties_post_seo_alias":"","properties_post_seo_metadescription":"","properties_post_seo_key_words":"","properties_post_seo_url":"","properties_post_terms_conditions":""}],"post_type_properties_post_features_type":"office","post_type_properties_post_id_building":"MjkkMjc1NzM=","post_type_properties_post_features_area_constructed":840,"post_type_properties_post_features_conditioned_air":true,"post_type_properties_post_features_doorman":false,"post_type_properties_post_features_heating":true,"post_type_properties_post_features_equipped_kitchen":false,"post_type_properties_post_features_windows_location":"exterior","post_type_properties_post_features_floors_property":false,"post_type_properties_post_features_storage":false,"post_type_properties_post_features_security_door":false,"post_type_properties_post_features_energy_certificate_rating":"A","post_type_properties_post_features_energy_certificate_emissions_rating":"A","post_type_properties_post_features_energy_certificate_emissions_value":43,"post_type_properties_post_features_energy_certificate_performance":255,"post_type_properties_post_features_bathroom_inside":true,"post_type_properties_post_precio":14710.85,"post_type_properties_post_precio_alquiler":14710.85,"post_type_properties_post_record_type_id":"Oficina","post_type_properties_post_categoria__producto":"Oficina","post_type_properties_post_amueblado":false,"post_type_properties_post_precio_m2":17.5,"post_type_properties_post_zona__comunitaria":false,"post_type_properties_post_electrodomesticos":false,"post_type_properties_post_patio__interior":false,"post_type_properties_post_certificado_energetico_general":"A","post_type_properties_post_certificado_energetico_consumo":"A","post_type_properties_post_certificado_energetico_valor_emisiones":43,"post_type_properties_post_certificado_energetico_valor_consumo":255,"post_type_properties_post_modalidad":"rent","post_type_properties_post_provincia":"Barcelona","post_type_properties_post_poblacion":"Barcelona","post_type_properties_post_centro__urbano":false,"post_type_properties_post_zonificacion":"22 @","post_type_properties_post_cartera":"","post_type_properties_post_titulo_catalan":"AV. DIAGONAL","post_type_properties_post_internet_catalan":"Edifici totalment rehabilitat incorporant nous elements t\u00e8cnics i de sostenibilitat alhora que est\u00e8tics i espacials al vest\u00edbul d'acc\u00e9s i zones comunes. \n \nCal destacar la incorporaci\u00f3 de la terrassa comunit\u00e0ria de la planta 9a, al costat d'una sala polivalent, on qualsevol usuari de l'edifici en podr\u00e0 gaudir. Aix\u00ed mateix, s'incorporar\u00e0 un tipus de gesti\u00f3 totalment orientada a l'usuari, on s'incorporaran una s\u00e8rie de serveis i experi\u00e8ncies segons les necessitats. \nSuperf\u00edcies di\u00e0fanes, terra t\u00e8cnic, aire condicionat, servei de consergeria, lobby amb v\u00eddeo wall, detecci\u00f3 d'incendis. Oficines amb abundant llum natural. \nDutxes i vestuaris, taquilles intel\u00b7ligents, coffee point (sala polivalent), aparcaments de cotxes i bicis el\u00e8ctriques, certificaci\u00f3 wiredscore, cobertura wifi a zones comuns. Acabats i interiorisme de qualitat. Espais verds, control de renovaci\u00f3 i qualitat de l'aire optimitzada. \n \nAutobusos: 6, 7, 36, 40, 42, 71, 141, 192 \nMetro: L4 : Poble Nou \nTram: T4: Pere IV","post_type_properties_post_titulo_castellano":"AV. DIAGONAL","post_type_properties_post_internet_castellano":"Edificio totalmente rehabilitado incorporando nuevos elementos t\u00e9cnicos y de sostenibilidad a la vez que est\u00e9ticos y espaciales en el hall de acceso y zonas comunes. \n \nCabe destacar la incorporaci\u00f3n de la terraza comunitaria de la planta 9\u00aa , junto a una sala polivalente, donde cualquier usuario del edificio podr\u00e1 disfrutar. Asimismo se incorporar\u00e1 un tipo de gesti\u00f3n totalmente orientada al usuario, donde se incorporar\u00e1n una serie de servicios y experiencias seg\u00fan sus necesidades. \nSuperficies di\u00e1fanas, suelo t\u00e9cnico, aire acondicionado, servicio de conserjer\u00eda, lobby con video wall, detecci\u00f3n de incendios. Oficinas con abundante luz natural. \nDuchas y vestuarios, taquillas inteligentes, coffee point (sala polivalente), aparcamientos de coches y bicis el\u00e9ctricas, certificaci\u00f3n wiredscore, cobertura wifi en zonas comunes. Acabados e interiorismo de calidad. Espacios verdes, control de renovaci\u00f3n y calidad del aire optimizada. \n \nAutobuses: 6, 7, 36, 40, 42, 71, 141, 192 \nMetro: L4 : Poble Nou \nTram: T4: Pere IV","post_type_properties_post_titulo_ingles":"","post_type_properties_post_internet_ingles":"","post_type_properties_post_features_classification_commercial":false,"post_type_properties_post_features_conservation":"","post_type_properties_post_features_security_personnel":false,"post_type_properties_post_features_parking_available":false,"post_type_properties_post_features_garage_capacity_type":"","post_type_properties_post_features_bathroom_number":"","post_type_properties_post_eje":"","post_type_properties_post_zona":"","post_type_properties_post_comarca":"","post_type_properties_post_features_built_year":"","post_type_properties_post_renta_mensual":18493.64,"post_type_properties_post_fianza":"","post_type_properties_post_features_area_plot":"","post_type_properties_post_features_area_buildable":"","post_type_properties_post_features_classification_industrial":false,"post_type_properties_post_distrito":"","post_type_properties_post_features_balcony":false,"post_type_properties_post_features_bedroom_number":"","post_type_properties_post_features_heating_type":"","post_type_properties_post_features_equipped_with_furniture":false,"post_type_properties_post_features_pets_allowed":false,"post_type_properties_post_features_pool":false,"post_type_properties_post_features_terrace":false,"post_type_properties_post_features_wardrobes":false,"post_type_properties_post_features_lift_available":false,"post_type_properties_post_features_handicap_adapted_access":false,"post_type_properties_post_features_orientation_east":false,"post_type_properties_post_features_orientation_west":false,"post_type_properties_post_features_orientation_north":false,"post_type_properties_post_features_orientation_south":false,"post_type_properties_post_features_parking_spaces_number":"","post_type_properties_post_features_security_alarm":false,"post_type_properties_post_features_security_system":false,"post_type_properties_post_open_plan":false,"post_type_properties_post_acceso_24_7":false,"post_type_properties_post_oficina_privada":false,"post_type_properties_post_sala_reuniones":false,"post_type_properties_post_espacio_eventos":false,"post_type_properties_post_office":false,"post_type_properties_post_restaurant":false,"post_type_properties_post_acepta_traspaso":false,"post_type_properties_post_vigilancia":false,"post_type_properties_post_features_suite":false,"post_type_properties_post_features_vitro":false,"post_type_properties_post_features_oven":false,"post_type_properties_post_features_microwave":false,"post_type_properties_post_features_washing_machine":false,"post_type_properties_post_features_dryer":false,"post_type_properties_post_features_dishwasher":false,"post_type_properties_post_features_fridge":false,"post_type_properties_post_features_fridge_mini":false,"post_type_properties_post_features_kettle":false,"post_type_properties_post_features_toaster":false,"post_type_properties_post_features_coffee_maker":false,"post_type_properties_post_features_iron":false,"post_type_properties_post_features_ironing_board":false,"post_type_properties_post_features_safe":false,"post_type_properties_post_features_internet":true,"post_type_properties_post_features_solarium":false,"post_type_properties_post_features_clean_service":false,"post_type_properties_post_features_t_v":false,"post_type_properties_post_features_satellite_t_v":false,"post_type_properties_post_features_gas_kitchen":false,"post_type_properties_post_features_view_mountain":false,"post_type_properties_post_features_view_sea":false,"post_type_properties_post_features_concierge":false,"post_type_properties_post_features_loading_dock":false,"post_type_properties_post_features_bridge_crane":false,"post_type_properties_post_features_located_at_corner":false,"post_type_properties_post_features_smoke_extraction":false,"post_type_properties_post_features_rooms":"","post_type_properties_post_features_garden_area":"","post_type_properties_post_features_utilities_water":false,"post_type_properties_post_features_utilities_electricity":false,"post_type_properties_post_features_utilities_natural_gas":false,"post_type_properties_post_features_building_adapted":false,"post_type_properties_post_features_garden":false,"post_type_properties_post_features_classification_hotel":false,"post_type_properties_post_features_classification_chalet":false,"post_type_properties_post_certificado_energetico_emisiones":"A","post_type_properties_post_barrio":"","post_type_properties_post_distrito_empresa":"Sant Mart\u00ed","post_type_properties_post_features_property_category_intern":"","post_type_properties_post_implantada":false,"post_type_properties_post_sello_leed":"","post_type_properties_post_sello_well":"2","post_type_properties_post_sello_breeam":true,"post_type_properties_post_images":[{"properties_post_image_order":1,"properties_post_image_url":"https:\/\/movin.cloud\/empresas\/2438\/imagenes\/232879\/alquiler-idealistas.webp","properties_post_image_url_thumbnail":"https:\/\/movin.cloud\/empresas\/2438\/imagenes\/thumbnails\/232879\/alquiler-idealistas.webp","properties_post_title":"alquiler idealistas","properties_post_alt":"alquiler idealistas"},{"properties_post_image_order":2,"properties_post_image_url":"https:\/\/movin.cloud\/empresas\/2438\/imagenes\/232879\/alquilar.webp","properties_post_image_url_thumbnail":"https:\/\/movin.cloud\/empresas\/2438\/imagenes\/thumbnails\/232879\/alquilar.webp","properties_post_title":"alquilar","properties_post_alt":"alquilar"},{"properties_post_image_order":3,"properties_post_image_url":"https:\/\/movin.cloud\/empresas\/2438\/imagenes\/232879\/alquiler-para-idealistas.webp","properties_post_image_url_thumbnail":"https:\/\/movin.cloud\/empresas\/2438\/imagenes\/thumbnails\/232879\/alquiler-para-idealistas.webp","properties_post_title":"alquiler para idealistas","properties_post_alt":"alquiler para idealistas"},{"properties_post_image_order":4,"properties_post_image_url":"https:\/\/movin.cloud\/empresas\/2438\/imagenes\/232879\/en-alquiler.webp","properties_post_image_url_thumbnail":"https:\/\/movin.cloud\/empresas\/2438\/imagenes\/thumbnails\/232879\/en-alquiler.webp","properties_post_title":"en alquiler","properties_post_alt":"en alquiler"},{"properties_post_image_order":5,"properties_post_image_url":"https:\/\/movin.cloud\/empresas\/2438\/imagenes\/232879\/alquiler-para-idealista.webp","properties_post_image_url_thumbnail":"https:\/\/movin.cloud\/empresas\/2438\/imagenes\/thumbnails\/232879\/alquiler-para-idealista.webp","properties_post_title":"alquiler para idealista","properties_post_alt":"alquiler para idealista"},{"properties_post_image_order":6,"properties_post_image_url":"https:\/\/movin.cloud\/empresas\/2438\/imagenes\/232879\/inmobiliarias.webp","properties_post_image_url_thumbnail":"https:\/\/movin.cloud\/empresas\/2438\/imagenes\/thumbnails\/232879\/inmobiliarias.webp","properties_post_title":"inmobiliarias","properties_post_alt":"inmobiliarias"},{"properties_post_image_order":7,"properties_post_image_url":"https:\/\/movin.cloud\/empresas\/2438\/imagenes\/232879\/viviendas.webp","properties_post_image_url_thumbnail":"https:\/\/movin.cloud\/empresas\/2438\/imagenes\/thumbnails\/232879\/viviendas.webp","properties_post_title":"viviendas","properties_post_alt":"viviendas"},{"properties_post_image_order":8,"properties_post_image_url":"https:\/\/movin.cloud\/empresas\/2438\/imagenes\/232879\/en-alquiler-barcelona.webp","properties_post_image_url_thumbnail":"https:\/\/movin.cloud\/empresas\/2438\/imagenes\/thumbnails\/232879\/en-alquiler-barcelona.webp","properties_post_title":"en alquiler barcelona","properties_post_alt":"en alquiler barcelona"},{"properties_post_image_order":9,"properties_post_image_url":"https:\/\/movin.cloud\/empresas\/2438\/imagenes\/232879\/alquiler.webp","properties_post_image_url_thumbnail":"https:\/\/movin.cloud\/empresas\/2438\/imagenes\/thumbnails\/232879\/alquiler.webp","properties_post_title":"alquiler","properties_post_alt":"alquiler"},{"properties_post_image_order":10,"properties_post_image_url":"https:\/\/movin.cloud\/empresas\/2438\/imagenes\/232879\/habitalia.webp","properties_post_image_url_thumbnail":"https:\/\/movin.cloud\/empresas\/2438\/imagenes\/thumbnails\/232879\/habitalia.webp","properties_post_title":"habitalia","properties_post_alt":"habitalia"},{"properties_post_image_order":11,"properties_post_image_url":"https:\/\/movin.cloud\/empresas\/2438\/imagenes\/232879\/rent.webp","properties_post_image_url_thumbnail":"https:\/\/movin.cloud\/empresas\/2438\/imagenes\/thumbnails\/232879\/rent.webp","properties_post_title":"rent","properties_post_alt":"rent"},{"properties_post_image_order":12,"properties_post_image_url":"https:\/\/movin.cloud\/empresas\/2438\/imagenes\/232879\/inmobiliaria.webp","properties_post_image_url_thumbnail":"https:\/\/movin.cloud\/empresas\/2438\/imagenes\/thumbnails\/232879\/inmobiliaria.webp","properties_post_title":"inmobiliaria","properties_post_alt":"inmobiliaria"},{"properties_post_image_order":13,"properties_post_image_url":"https:\/\/movin.cloud\/empresas\/2438\/imagenes\/232879\/alquiler-barcelona.webp","properties_post_image_url_thumbnail":"https:\/\/movin.cloud\/empresas\/2438\/imagenes\/thumbnails\/232879\/alquiler-barcelona.webp","properties_post_title":"alquiler barcelona","properties_post_alt":"alquiler barcelona"},{"properties_post_image_order":14,"properties_post_image_url":"https:\/\/movin.cloud\/empresas\/2438\/imagenes\/232879\/habitalia-barcelona.webp","properties_post_image_url_thumbnail":"https:\/\/movin.cloud\/empresas\/2438\/imagenes\/thumbnails\/232879\/habitalia-barcelona.webp","properties_post_title":"habitalia barcelona","properties_post_alt":"habitalia barcelona"},{"properties_post_image_order":15,"properties_post_image_url":"https:\/\/movin.cloud\/empresas\/2438\/imagenes\/232879\/alquiler-idealistas-barcelona.webp","properties_post_image_url_thumbnail":"https:\/\/movin.cloud\/empresas\/2438\/imagenes\/thumbnails\/232879\/alquiler-idealistas-barcelona.webp","properties_post_title":"alquiler idealistas barcelona","properties_post_alt":"alquiler idealistas barcelona"},{"properties_post_image_order":16,"properties_post_image_url":"https:\/\/movin.cloud\/empresas\/2438\/imagenes\/232879\/alquilar-barcelona.webp","properties_post_image_url_thumbnail":"https:\/\/movin.cloud\/empresas\/2438\/imagenes\/thumbnails\/232879\/alquilar-barcelona.webp","properties_post_title":"alquilar barcelona","properties_post_alt":"alquilar barcelona"},{"properties_post_image_order":17,"properties_post_image_url":"https:\/\/movin.cloud\/empresas\/2438\/imagenes\/232879\/alquiler-para-idealista-barcelona.webp","properties_post_image_url_thumbnail":"https:\/\/movin.cloud\/empresas\/2438\/imagenes\/thumbnails\/232879\/alquiler-para-idealista-barcelona.webp","properties_post_title":"alquiler para idealista barcelona","properties_post_alt":"alquiler para idealista barcelona"},{"properties_post_image_order":18,"properties_post_image_url":"https:\/\/movin.cloud\/empresas\/2438\/imagenes\/232879\/viviendas-barcelona.webp","properties_post_image_url_thumbnail":"https:\/\/movin.cloud\/empresas\/2438\/imagenes\/thumbnails\/232879\/viviendas-barcelona.webp","properties_post_title":"viviendas barcelona","properties_post_alt":"viviendas barcelona"},{"properties_post_image_order":19,"properties_post_image_url":"https:\/\/movin.cloud\/empresas\/2438\/imagenes\/232879\/alquiler-para-idealistas-barcelona.webp","properties_post_image_url_thumbnail":"https:\/\/movin.cloud\/empresas\/2438\/imagenes\/thumbnails\/232879\/alquiler-para-idealistas-barcelona.webp","properties_post_title":"alquiler para idealistas barcelona","properties_post_alt":"alquiler para idealistas barcelona"},{"properties_post_image_order":20,"properties_post_image_url":"https:\/\/movin.cloud\/empresas\/2438\/imagenes\/232879\/rent-barcelona.webp","properties_post_image_url_thumbnail":"https:\/\/movin.cloud\/empresas\/2438\/imagenes\/thumbnails\/232879\/rent-barcelona.webp","properties_post_title":"rent barcelona","properties_post_alt":"rent barcelona"},{"properties_post_image_order":21,"properties_post_image_url":"https:\/\/movin.cloud\/empresas\/2438\/imagenes\/232879\/fincas-barcelona.webp","properties_post_image_url_thumbnail":"https:\/\/movin.cloud\/empresas\/2438\/imagenes\/thumbnails\/232879\/fincas-barcelona.webp","properties_post_title":"fincas barcelona","properties_post_alt":"fincas barcelona"},{"properties_post_image_order":22,"properties_post_image_url":"https:\/\/movin.cloud\/empresas\/2438\/imagenes\/232879\/inmobiliarias-barcelona.webp","properties_post_image_url_thumbnail":"https:\/\/movin.cloud\/empresas\/2438\/imagenes\/thumbnails\/232879\/inmobiliarias-barcelona.webp","properties_post_title":"inmobiliarias barcelona","properties_post_alt":"inmobiliarias barcelona"},{"properties_post_image_order":23,"properties_post_image_url":"https:\/\/movin.cloud\/empresas\/2438\/imagenes\/232879\/inmobiliaria-barcelona.webp","properties_post_image_url_thumbnail":"https:\/\/movin.cloud\/empresas\/2438\/imagenes\/thumbnails\/232879\/inmobiliaria-barcelona.webp","properties_post_title":"inmobiliaria barcelona","properties_post_alt":"inmobiliaria barcelona"},{"properties_post_image_order":24,"properties_post_image_url":"https:\/\/movin.cloud\/empresas\/2438\/imagenes\/232879\/barcelona-en-alquiler.webp","properties_post_image_url_thumbnail":"https:\/\/movin.cloud\/empresas\/2438\/imagenes\/thumbnails\/232879\/barcelona-en-alquiler.webp","properties_post_title":"barcelona en alquiler","properties_post_alt":"barcelona en alquiler"},{"properties_post_image_order":25,"properties_post_image_url":"https:\/\/movin.cloud\/empresas\/2438\/imagenes\/232879\/barcelona-alquiler.webp","properties_post_image_url_thumbnail":"https:\/\/movin.cloud\/empresas\/2438\/imagenes\/thumbnails\/232879\/barcelona-alquiler.webp","properties_post_title":"barcelona alquiler","properties_post_alt":"barcelona alquiler"}],"post_type_properties_post_videos":null,"post_type_properties_post_tour":null,"post_type_properties_post_dossier_url":"","post_type_properties_post_operation_type":"rent","post_type_properties_post_operation_price":14710,"post_type_properties_post_features_hidden_price":false},"yoast_head":"<!-- This site is optimized with the Yoast SEO plugin v27.4 - https:\/\/yoast.com\/product\/yoast-seo-wordpress\/ -->\n<title>AV. DIAGONAL - Forcadell<\/title>\n<meta name=\"robots\" content=\"index, follow, max-snippet:-1, max-image-preview:large, max-video-preview:-1\" \/>\n<link rel=\"canonical\" href=\"https:\/\/forcadell.com\/ca\/propiedades\/av-diagonal-2\/\" \/>\n<meta property=\"og:locale\" content=\"ca_ES\" \/>\n<meta property=\"og:type\" content=\"article\" \/>\n<meta property=\"og:title\" content=\"AV. DIAGONAL - Forcadell\" \/>\n<meta property=\"og:description\" content=\"Edificio totalmente rehabilitado incorporando nuevos elementos t\u00e9cnicos y de sostenibilidad a la vez que est\u00e9ticos y espaciales en el hall de acceso y zonas comunes. Cabe destacar la incorporaci\u00f3n de la terraza comunitaria de la planta 9\u00aa , junto a una sala polivalente, donde cualquier usuario del edificio podr\u00e1 disfrutar. Asimismo se incorporar\u00e1 un tipo [&hellip;]\" \/>\n<meta property=\"og:url\" content=\"https:\/\/forcadell.com\/ca\/propiedades\/av-diagonal-2\/\" \/>\n<meta property=\"og:site_name\" content=\"Forcadell\" \/>\n<meta property=\"article:modified_time\" content=\"2026-04-29T04:00:55+00:00\" \/>\n<meta name=\"twitter:card\" content=\"summary_large_image\" \/>\n<meta name=\"twitter:label1\" content=\"Temps estimat de lectura\" \/>\n\t<meta name=\"twitter:data1\" content=\"1 minut\" \/>\n<!-- \/ Yoast SEO plugin. -->","yoast_head_json":{"title":"AV. DIAGONAL - Forcadell","robots":{"index":"index","follow":"follow","max-snippet":"max-snippet:-1","max-image-preview":"max-image-preview:large","max-video-preview":"max-video-preview:-1"},"canonical":"https:\/\/forcadell.com\/ca\/propiedades\/av-diagonal-2\/","og_locale":"ca_ES","og_type":"article","og_title":"AV. DIAGONAL - Forcadell","og_description":"Edificio totalmente rehabilitado incorporando nuevos elementos t\u00e9cnicos y de sostenibilidad a la vez que est\u00e9ticos y espaciales en el hall de acceso y zonas comunes. Cabe destacar la incorporaci\u00f3n de la terraza comunitaria de la planta 9\u00aa , junto a una sala polivalente, donde cualquier usuario del edificio podr\u00e1 disfrutar. Asimismo se incorporar\u00e1 un tipo [&hellip;]","og_url":"https:\/\/forcadell.com\/ca\/propiedades\/av-diagonal-2\/","og_site_name":"Forcadell","article_modified_time":"2026-04-29T04:00:55+00:00","twitter_card":"summary_large_image","twitter_misc":{"Temps estimat de lectura":"1 minut"},"schema":{"@context":"https:\/\/schema.org","@graph":[{"@type":"WebPage","@id":"https:\/\/forcadell.com\/ca\/propiedades\/av-diagonal-2\/","url":"https:\/\/forcadell.com\/ca\/propiedades\/av-diagonal-2\/","name":"AV. DIAGONAL - Forcadell","isPartOf":{"@id":"https:\/\/forcadell.com\/ca\/#website"},"datePublished":"2025-11-04T13:33:07+00:00","dateModified":"2026-04-29T04:00:55+00:00","breadcrumb":{"@id":"https:\/\/forcadell.com\/ca\/propiedades\/av-diagonal-2\/#breadcrumb"},"inLanguage":"ca","potentialAction":[{"@type":"ReadAction","target":["https:\/\/forcadell.com\/ca\/propiedades\/av-diagonal-2\/"]}]},{"@type":"BreadcrumbList","@id":"https:\/\/forcadell.com\/ca\/propiedades\/av-diagonal-2\/#breadcrumb","itemListElement":[{"@type":"ListItem","position":1,"name":"Portada","item":"https:\/\/forcadell.com\/ca\/"},{"@type":"ListItem","position":2,"name":"Properties","item":"https:\/\/forcadell.com\/ca\/propiedades\/"},{"@type":"ListItem","position":3,"name":"AV. DIAGONAL"}]},{"@type":"WebSite","@id":"https:\/\/forcadell.com\/ca\/#website","url":"https:\/\/forcadell.com\/ca\/","name":"Forcadell","description":"Inmobiliaria Barcelona | Consultores inmobiliarios","potentialAction":[{"@type":"SearchAction","target":{"@type":"EntryPoint","urlTemplate":"https:\/\/forcadell.com\/ca\/?s={search_term_string}"},"query-input":{"@type":"PropertyValueSpecification","valueRequired":true,"valueName":"search_term_string"}}],"inLanguage":"ca"}]}},"_links":{"self":[{"href":"https:\/\/forcadell.com\/ca\/wp-json\/wp\/v2\/properties_post\/57184","targetHints":{"allow":["GET"]}}],"collection":[{"href":"https:\/\/forcadell.com\/ca\/wp-json\/wp\/v2\/properties_post"}],"about":[{"href":"https:\/\/forcadell.com\/ca\/wp-json\/wp\/v2\/types\/properties_post"}],"wp:attachment":[{"href":"https:\/\/forcadell.com\/ca\/wp-json\/wp\/v2\/media?parent=57184"}],"curies":[{"name":"wp","href":"https:\/\/api.w.org\/{rel}","templated":true}]}}