{"id":57156,"date":"2025-11-04T15:31:28","date_gmt":"2025-11-04T13:31:28","guid":{"rendered":"https:\/\/www.forcadell.com\/propiedades\/torre-pujades\/"},"modified":"2026-04-28T13:00:18","modified_gmt":"2026-04-28T11:00:18","slug":"torre-pujades","status":"publish","type":"properties_post","link":"https:\/\/forcadell.com\/ca\/propiedades\/torre-pujades\/","title":{"rendered":"TORRE PUJADES"},"content":{"rendered":"<p>Con una superficie de 9903 m2 y un total de 13 plantas completamente reformadas, Torre Pujades ofrece a sus usuarios espacios funcionales, confortables, flexibles y din\u00e1micos que se adec\u00faan muy bien a las formas de trabajo actuales. Situado en el centro del distrito tecnol\u00f3gico de Barcelona 22@, en la confluencia de calle Pujades con Proven\u00e7als. <\/p>\n<p>Caracter\u00edsticas del edificio:<br \/>\n&#8211; Reforma integral a\u00f1o 2020<br \/>\n&#8211; Conserjer\u00eda<br \/>\n&#8211; Seguridad 24 horas<br \/>\n&#8211; Espacios polivalentes comunitarios en planta baja y planta tercera<br \/>\n&#8211; Terraza de uso comunitario<br \/>\n&#8211; Zona de restauraci\u00f3n saludable<br \/>\n&#8211; Sala de lactancia<br \/>\n&#8211; Meeting rooms<br \/>\n&#8211; Parking para coches, bicicletas y patinetes<br \/>\n&#8211; Ratio 1:8<br \/>\n&#8211; Districlima filtros UVA<br \/>\n&#8211; Monitorizaci\u00f3n calidad aire<br \/>\n&#8211; 5 ascensores y dos n\u00facleos de escaleras<br \/>\n&#8211; Certificaci\u00f3n LEED Gold<br \/>\n&#8211; Certificaci\u00f3n WELL Silver<\/p>\n<p>Caracter\u00edsticas de las oficinas:<br \/>\n&#8211; Superficies di\u00e1fanas<br \/>\n&#8211; Plantas divisibles<br \/>\n&#8211; Luminosas, vistas panor\u00e1micas, a 4 vientos<br \/>\n&#8211; Pavimento t\u00e9cnico<br \/>\n&#8211; Falso techo registrable con luminarias LED empotradas<\/p>\n","protected":false},"template":"","class_list":["post-57156","properties_post","type-properties_post","status-publish","hentry","properties_modality-rent","properties_district-sant-marti","properties_province-barcelona","properties_zone-116","properties_state-barcelona","properties_subclass-oficina","properties_type-oficina"],"acf":{"post_type_properties_post_property_code":"232565","post_type_properties_post_property_reference":"IE-195267","post_type_properties_post_owner_id":"37276","post_type_properties_post_owner_name":"INMOCAIXA-INMOCRITERIA CAIXA SA","post_type_properties_post_property_code_encrypted":"MjkkMTcxMzI=","post_type_properties_post_published":"1","post_type_properties_post_property_visibility":"idealista","post_type_properties_post_contact_name":"Forcadell Oficinas Barcelona","post_type_properties_post_contact_email":"forcadell.oficinas.barcelona@movin.cloud","post_type_properties_post_contact_primary_phone_prefix":"34","post_type_properties_post_contact_primary_phone_number":"934965413","post_type_properties_post_address_visibility":"street","post_type_properties_post_address_country":"Spain","post_type_properties_post_address_coordinates_precision":"exact","post_type_properties_post_address_postal_code":"08019","post_type_properties_post_address_coordinates_latitude":"41.407364","post_type_properties_post_address_coordinates_longitude":"2.2084553","post_type_properties_post_address_street_name":"Pujades 340","post_type_properties_post_address_floor":"1","post_type_properties_post_address_town":"Barcelona","post_type_properties_post_building":null,"post_type_properties_post_property":[{"properties_post_description_language":"catalan","properties_post_title":"TORRE PUJADES","properties_post_short_description_text_alt":"","properties_post_description_text_alt":"","properties_post_short_description_text":"","properties_post_link_demanda_inmueble":"https:\/\/movin.cloud\/ca\/Forcadell Oficinas Barcelona\/formulari-peticio-immoble\/sth\/2438&&232565","properties_post_link_demanda_calendario_inmueble":"https:\/\/movin.cloud\/ca\/Forcadell Oficinas Barcelona\/calendari-peticio-immoble\/sth\/2438&&232565","properties_post_description_text":"Torre Pujades \u2013 On el futur de la feina cobra vida a Barcelona\n\nUbicada al cor del 22@, Torre Pujades \u00e9s molt m\u00e9s que un edifici: \u00e9s una icona arquitect\u00f2nica que reflecteix la llum i es fon amb el cel de la ciutat. Amb m\u00e9s de 10.000 m\u00b2 completament reformats, aquest espai ha estat dissenyat per respondre a les noves maneres de treballar, promovent el benestar, la flexibilitat i el creixement professional.\n\nCARACTER\u00cdSTIQUES DESTACADES\n13 al\u00e7ades amb plantes di\u00e0fanes i llum natural\n103 places de p\u00e0rquing + zona per a cotxes el\u00e8ctrics, bicicletes i patinets\nReforma integral el 2020\nCertificacions Leed i Well \nSeguretat 24h i servei de consergeria\nAl\u00e7ada lliure de 2,7 m\n5 ascensors + 2 nuclis d'escales\n\nESPAIS QUE INSPIREN\nTerrassa i jardins\nSala fitness\nZona de restauraci\u00f3 saludable\nSala de lact\u00e0ncia\nZones col\u00b7laboratives\n\nEXCEL\u00b7LENT CONNECTIVITAT\nBus: V20, V25, V29, 40, 42, 71, 141\nMetro: L4 \u2013 Selva de Mar\nTram: T4 \u2013 Ciutadella \/ Vila Ol\u00edmpica\nA nom\u00e9s 20 minuts de l'aeroport\n\nTorre Pujades no \u00e9s nom\u00e9s una oficina. \u00c9s el lloc on la teva empresa evoluciona.\n\nVine a descobrir el nou est\u00e0ndard de lespai de treball.","properties_post_seo_title":"","properties_post_seo_alias":"","properties_post_seo_metadescription":"","properties_post_seo_key_words":"","properties_post_seo_url":"","properties_post_terms_conditions":""},{"properties_post_description_language":"spanish","properties_post_title":"TORRE PUJADES","properties_post_short_description_text_alt":"","properties_post_description_text_alt":"","properties_post_short_description_text":"","properties_post_link_demanda_inmueble":"https:\/\/movin.cloud\/es\/Forcadell Oficinas Barcelona\/formulario-peticion-inmueble\/sth\/2438&&232565","properties_post_link_demanda_calendario_inmueble":"https:\/\/movin.cloud\/es\/Forcadell Oficinas Barcelona\/calendario-peticion-inmueble\/sth\/2438&&232565","properties_post_description_text":"Con una superficie de 9903 m2 y un total de 13 plantas completamente reformadas, Torre Pujades ofrece a sus usuarios espacios funcionales, confortables, flexibles y din\u00e1micos que se adec\u00faan muy bien a las formas de trabajo actuales. Situado en el centro del distrito tecnol\u00f3gico de Barcelona 22@, en la confluencia de calle Pujades con Proven\u00e7als. \n\nCaracter\u00edsticas del edificio:\n- Reforma integral a\u00f1o 2020\n- Conserjer\u00eda\n- Seguridad 24 horas\n- Espacios polivalentes comunitarios en planta baja y planta tercera\n- Terraza de uso comunitario\n- Zona de restauraci\u00f3n saludable\n- Sala de lactancia\n- Meeting rooms\n- Parking para coches, bicicletas y patinetes\n- Ratio 1:8\n- Districlima filtros UVA\n- Monitorizaci\u00f3n calidad aire\n- 5 ascensores y dos n\u00facleos de escaleras\n- Certificaci\u00f3n LEED Gold\n- Certificaci\u00f3n WELL Silver\n\nCaracter\u00edsticas de las oficinas:\n- Superficies di\u00e1fanas\n- Plantas divisibles\n- Luminosas, vistas panor\u00e1micas, a 4 vientos\n- Pavimento t\u00e9cnico\n- Falso techo registrable con luminarias LED empotradas\n","properties_post_seo_title":"","properties_post_seo_alias":"","properties_post_seo_metadescription":"","properties_post_seo_key_words":"","properties_post_seo_url":"","properties_post_terms_conditions":""}],"post_type_properties_post_features_type":"office","post_type_properties_post_id_building":"MjkkMjc3NzY=","post_type_properties_post_features_area_constructed":1263,"post_type_properties_post_features_conditioned_air":true,"post_type_properties_post_features_doorman":false,"post_type_properties_post_features_heating":true,"post_type_properties_post_features_equipped_kitchen":false,"post_type_properties_post_features_windows_location":"exterior","post_type_properties_post_features_floors_property":false,"post_type_properties_post_features_storage":false,"post_type_properties_post_features_security_door":false,"post_type_properties_post_features_energy_certificate_rating":"A","post_type_properties_post_features_energy_certificate_emissions_rating":"A","post_type_properties_post_features_energy_certificate_emissions_value":"","post_type_properties_post_features_energy_certificate_performance":"","post_type_properties_post_features_bathroom_inside":false,"post_type_properties_post_precio":17688.44,"post_type_properties_post_precio_alquiler":17688.44,"post_type_properties_post_record_type_id":"Oficina","post_type_properties_post_categoria__producto":"Oficina","post_type_properties_post_amueblado":false,"post_type_properties_post_precio_m2":14,"post_type_properties_post_zona__comunitaria":false,"post_type_properties_post_electrodomesticos":false,"post_type_properties_post_patio__interior":false,"post_type_properties_post_certificado_energetico_general":"A","post_type_properties_post_certificado_energetico_consumo":"A","post_type_properties_post_certificado_energetico_valor_emisiones":"","post_type_properties_post_certificado_energetico_valor_consumo":"","post_type_properties_post_modalidad":"rent","post_type_properties_post_provincia":"Barcelona","post_type_properties_post_poblacion":"Barcelona","post_type_properties_post_centro__urbano":false,"post_type_properties_post_zonificacion":"22 @","post_type_properties_post_cartera":"","post_type_properties_post_titulo_catalan":"TORRE PUJADES","post_type_properties_post_internet_catalan":"Torre Pujades \u2013 On el futur de la feina cobra vida a Barcelona\n\nUbicada al cor del 22@, Torre Pujades \u00e9s molt m\u00e9s que un edifici: \u00e9s una icona arquitect\u00f2nica que reflecteix la llum i es fon amb el cel de la ciutat. Amb m\u00e9s de 10.000 m\u00b2 completament reformats, aquest espai ha estat dissenyat per respondre a les noves maneres de treballar, promovent el benestar, la flexibilitat i el creixement professional.\n\nCARACTER\u00cdSTIQUES DESTACADES\n13 al\u00e7ades amb plantes di\u00e0fanes i llum natural\n103 places de p\u00e0rquing + zona per a cotxes el\u00e8ctrics, bicicletes i patinets\nReforma integral el 2020\nCertificacions Leed i Well \nSeguretat 24h i servei de consergeria\nAl\u00e7ada lliure de 2,7 m\n5 ascensors + 2 nuclis d'escales\n\nESPAIS QUE INSPIREN\nTerrassa i jardins\nSala fitness\nZona de restauraci\u00f3 saludable\nSala de lact\u00e0ncia\nZones col\u00b7laboratives\n\nEXCEL\u00b7LENT CONNECTIVITAT\nBus: V20, V25, V29, 40, 42, 71, 141\nMetro: L4 \u2013 Selva de Mar\nTram: T4 \u2013 Ciutadella \/ Vila Ol\u00edmpica\nA nom\u00e9s 20 minuts de l'aeroport\n\nTorre Pujades no \u00e9s nom\u00e9s una oficina. \u00c9s el lloc on la teva empresa evoluciona.\n\nVine a descobrir el nou est\u00e0ndard de lespai de treball.","post_type_properties_post_titulo_castellano":"TORRE PUJADES","post_type_properties_post_internet_castellano":"Con una superficie de 9903 m2 y un total de 13 plantas completamente reformadas, Torre Pujades ofrece a sus usuarios espacios funcionales, confortables, flexibles y din\u00e1micos que se adec\u00faan muy bien a las formas de trabajo actuales. Situado en el centro del distrito tecnol\u00f3gico de Barcelona 22@, en la confluencia de calle Pujades con Proven\u00e7als. \n\nCaracter\u00edsticas del edificio:\n- Reforma integral a\u00f1o 2020\n- Conserjer\u00eda\n- Seguridad 24 horas\n- Espacios polivalentes comunitarios en planta baja y planta tercera\n- Terraza de uso comunitario\n- Zona de restauraci\u00f3n saludable\n- Sala de lactancia\n- Meeting rooms\n- Parking para coches, bicicletas y patinetes\n- Ratio 1:8\n- Districlima filtros UVA\n- Monitorizaci\u00f3n calidad aire\n- 5 ascensores y dos n\u00facleos de escaleras\n- Certificaci\u00f3n LEED Gold\n- Certificaci\u00f3n WELL Silver\n\nCaracter\u00edsticas de las oficinas:\n- Superficies di\u00e1fanas\n- Plantas divisibles\n- Luminosas, vistas panor\u00e1micas, a 4 vientos\n- Pavimento t\u00e9cnico\n- Falso techo registrable con luminarias LED empotradas\n","post_type_properties_post_titulo_ingles":"","post_type_properties_post_internet_ingles":"","post_type_properties_post_features_classification_commercial":false,"post_type_properties_post_features_conservation":"","post_type_properties_post_features_security_personnel":false,"post_type_properties_post_features_parking_available":false,"post_type_properties_post_features_garage_capacity_type":"","post_type_properties_post_features_bathroom_number":"","post_type_properties_post_eje":"","post_type_properties_post_zona":"","post_type_properties_post_comarca":"","post_type_properties_post_features_built_year":"","post_type_properties_post_renta_mensual":25269.2,"post_type_properties_post_fianza":"","post_type_properties_post_features_area_plot":"","post_type_properties_post_features_area_buildable":"","post_type_properties_post_features_classification_industrial":false,"post_type_properties_post_distrito":"","post_type_properties_post_features_balcony":false,"post_type_properties_post_features_bedroom_number":"","post_type_properties_post_features_heating_type":"","post_type_properties_post_features_equipped_with_furniture":false,"post_type_properties_post_features_pets_allowed":false,"post_type_properties_post_features_pool":false,"post_type_properties_post_features_terrace":false,"post_type_properties_post_features_wardrobes":false,"post_type_properties_post_features_lift_available":false,"post_type_properties_post_features_handicap_adapted_access":false,"post_type_properties_post_features_orientation_east":false,"post_type_properties_post_features_orientation_west":false,"post_type_properties_post_features_orientation_north":false,"post_type_properties_post_features_orientation_south":false,"post_type_properties_post_features_parking_spaces_number":"","post_type_properties_post_features_security_alarm":false,"post_type_properties_post_features_security_system":false,"post_type_properties_post_open_plan":false,"post_type_properties_post_acceso_24_7":false,"post_type_properties_post_oficina_privada":false,"post_type_properties_post_sala_reuniones":false,"post_type_properties_post_espacio_eventos":false,"post_type_properties_post_office":false,"post_type_properties_post_restaurant":false,"post_type_properties_post_acepta_traspaso":false,"post_type_properties_post_vigilancia":false,"post_type_properties_post_features_suite":false,"post_type_properties_post_features_vitro":false,"post_type_properties_post_features_oven":false,"post_type_properties_post_features_microwave":false,"post_type_properties_post_features_washing_machine":false,"post_type_properties_post_features_dryer":false,"post_type_properties_post_features_dishwasher":false,"post_type_properties_post_features_fridge":false,"post_type_properties_post_features_fridge_mini":false,"post_type_properties_post_features_kettle":false,"post_type_properties_post_features_toaster":false,"post_type_properties_post_features_coffee_maker":false,"post_type_properties_post_features_iron":false,"post_type_properties_post_features_ironing_board":false,"post_type_properties_post_features_safe":false,"post_type_properties_post_features_internet":false,"post_type_properties_post_features_solarium":false,"post_type_properties_post_features_clean_service":false,"post_type_properties_post_features_t_v":false,"post_type_properties_post_features_satellite_t_v":false,"post_type_properties_post_features_gas_kitchen":false,"post_type_properties_post_features_view_mountain":false,"post_type_properties_post_features_view_sea":false,"post_type_properties_post_features_concierge":false,"post_type_properties_post_features_loading_dock":false,"post_type_properties_post_features_bridge_crane":false,"post_type_properties_post_features_located_at_corner":false,"post_type_properties_post_features_smoke_extraction":false,"post_type_properties_post_features_rooms":"","post_type_properties_post_features_garden_area":"","post_type_properties_post_features_utilities_water":false,"post_type_properties_post_features_utilities_electricity":false,"post_type_properties_post_features_utilities_natural_gas":false,"post_type_properties_post_features_building_adapted":false,"post_type_properties_post_features_garden":false,"post_type_properties_post_features_classification_hotel":false,"post_type_properties_post_features_classification_chalet":false,"post_type_properties_post_certificado_energetico_emisiones":"A","post_type_properties_post_barrio":"","post_type_properties_post_distrito_empresa":"Sant Mart\u00ed","post_type_properties_post_features_property_category_intern":"","post_type_properties_post_implantada":false,"post_type_properties_post_sello_leed":"1","post_type_properties_post_sello_well":"3","post_type_properties_post_sello_breeam":false,"post_type_properties_post_images":[{"properties_post_image_order":1,"properties_post_image_url":"https:\/\/movin.cloud\/empresas\/2438\/imagenes\/232565\/en-alquiler-10.webp","properties_post_image_url_thumbnail":"https:\/\/movin.cloud\/empresas\/2438\/imagenes\/thumbnails\/232565\/en-alquiler-10.webp","properties_post_title":"en alquiler 10","properties_post_alt":"en alquiler 10"},{"properties_post_image_order":2,"properties_post_image_url":"https:\/\/movin.cloud\/empresas\/2438\/imagenes\/232565\/en-alquiler-8.webp","properties_post_image_url_thumbnail":"https:\/\/movin.cloud\/empresas\/2438\/imagenes\/thumbnails\/232565\/en-alquiler-8.webp","properties_post_title":"en alquiler 8","properties_post_alt":"en alquiler 8"},{"properties_post_image_order":3,"properties_post_image_url":"https:\/\/movin.cloud\/empresas\/2438\/imagenes\/232565\/en-alquiler-barcelona.webp","properties_post_image_url_thumbnail":"https:\/\/movin.cloud\/empresas\/2438\/imagenes\/thumbnails\/232565\/en-alquiler-barcelona.webp","properties_post_title":"en alquiler barcelona","properties_post_alt":"en alquiler barcelona"},{"properties_post_image_order":4,"properties_post_image_url":"https:\/\/movin.cloud\/empresas\/2438\/imagenes\/232565\/viviendas-barcelona.webp","properties_post_image_url_thumbnail":"https:\/\/movin.cloud\/empresas\/2438\/imagenes\/thumbnails\/232565\/viviendas-barcelona.webp","properties_post_title":"viviendas barcelona","properties_post_alt":"viviendas barcelona"},{"properties_post_image_order":5,"properties_post_image_url":"https:\/\/movin.cloud\/empresas\/2438\/imagenes\/232565\/barcelona-viviendas.webp","properties_post_image_url_thumbnail":"https:\/\/movin.cloud\/empresas\/2438\/imagenes\/thumbnails\/232565\/barcelona-viviendas.webp","properties_post_title":"barcelona viviendas","properties_post_alt":"barcelona viviendas"},{"properties_post_image_order":6,"properties_post_image_url":"https:\/\/movin.cloud\/empresas\/2438\/imagenes\/232565\/barcelona-inmobiliaria.webp","properties_post_image_url_thumbnail":"https:\/\/movin.cloud\/empresas\/2438\/imagenes\/thumbnails\/232565\/barcelona-inmobiliaria.webp","properties_post_title":"barcelona inmobiliaria","properties_post_alt":"barcelona inmobiliaria"},{"properties_post_image_order":7,"properties_post_image_url":"https:\/\/movin.cloud\/empresas\/2438\/imagenes\/232565\/en-alquiler-19.webp","properties_post_image_url_thumbnail":"https:\/\/movin.cloud\/empresas\/2438\/imagenes\/thumbnails\/232565\/en-alquiler-19.webp","properties_post_title":"en alquiler 19","properties_post_alt":"en alquiler 19"},{"properties_post_image_order":8,"properties_post_image_url":"https:\/\/movin.cloud\/empresas\/2438\/imagenes\/232565\/en-alquiler-3.webp","properties_post_image_url_thumbnail":"https:\/\/movin.cloud\/empresas\/2438\/imagenes\/thumbnails\/232565\/en-alquiler-3.webp","properties_post_title":"en alquiler 3","properties_post_alt":"en alquiler 3"},{"properties_post_image_order":9,"properties_post_image_url":"https:\/\/movin.cloud\/empresas\/2438\/imagenes\/232565\/en-alquiler-6.webp","properties_post_image_url_thumbnail":"https:\/\/movin.cloud\/empresas\/2438\/imagenes\/thumbnails\/232565\/en-alquiler-6.webp","properties_post_title":"en alquiler 6","properties_post_alt":"en alquiler 6"},{"properties_post_image_order":10,"properties_post_image_url":"https:\/\/movin.cloud\/empresas\/2438\/imagenes\/232565\/en-alquiler-4.webp","properties_post_image_url_thumbnail":"https:\/\/movin.cloud\/empresas\/2438\/imagenes\/thumbnails\/232565\/en-alquiler-4.webp","properties_post_title":"en alquiler 4","properties_post_alt":"en alquiler 4"},{"properties_post_image_order":11,"properties_post_image_url":"https:\/\/movin.cloud\/empresas\/2438\/imagenes\/232565\/en-alquiler-5.webp","properties_post_image_url_thumbnail":"https:\/\/movin.cloud\/empresas\/2438\/imagenes\/thumbnails\/232565\/en-alquiler-5.webp","properties_post_title":"en alquiler 5","properties_post_alt":"en alquiler 5"},{"properties_post_image_order":12,"properties_post_image_url":"https:\/\/movin.cloud\/empresas\/2438\/imagenes\/232565\/en-alquiler-7.webp","properties_post_image_url_thumbnail":"https:\/\/movin.cloud\/empresas\/2438\/imagenes\/thumbnails\/232565\/en-alquiler-7.webp","properties_post_title":"en alquiler 7","properties_post_alt":"en alquiler 7"},{"properties_post_image_order":13,"properties_post_image_url":"https:\/\/movin.cloud\/empresas\/2438\/imagenes\/232565\/en-alquiler-1.webp","properties_post_image_url_thumbnail":"https:\/\/movin.cloud\/empresas\/2438\/imagenes\/thumbnails\/232565\/en-alquiler-1.webp","properties_post_title":"en alquiler 1","properties_post_alt":"en alquiler 1"},{"properties_post_image_order":14,"properties_post_image_url":"https:\/\/movin.cloud\/empresas\/2438\/imagenes\/232565\/en-alquiler-2.webp","properties_post_image_url_thumbnail":"https:\/\/movin.cloud\/empresas\/2438\/imagenes\/thumbnails\/232565\/en-alquiler-2.webp","properties_post_title":"en alquiler 2","properties_post_alt":"en alquiler 2"},{"properties_post_image_order":15,"properties_post_image_url":"https:\/\/movin.cloud\/empresas\/2438\/imagenes\/232565\/en-alquiler-11.webp","properties_post_image_url_thumbnail":"https:\/\/movin.cloud\/empresas\/2438\/imagenes\/thumbnails\/232565\/en-alquiler-11.webp","properties_post_title":"en alquiler 11","properties_post_alt":"en alquiler 11"},{"properties_post_image_order":16,"properties_post_image_url":"https:\/\/movin.cloud\/empresas\/2438\/imagenes\/232565\/en-alquiler-12.webp","properties_post_image_url_thumbnail":"https:\/\/movin.cloud\/empresas\/2438\/imagenes\/thumbnails\/232565\/en-alquiler-12.webp","properties_post_title":"en alquiler 12","properties_post_alt":"en alquiler 12"},{"properties_post_image_order":17,"properties_post_image_url":"https:\/\/movin.cloud\/empresas\/2438\/imagenes\/232565\/en-alquiler-13.webp","properties_post_image_url_thumbnail":"https:\/\/movin.cloud\/empresas\/2438\/imagenes\/thumbnails\/232565\/en-alquiler-13.webp","properties_post_title":"en alquiler 13","properties_post_alt":"en alquiler 13"},{"properties_post_image_order":18,"properties_post_image_url":"https:\/\/movin.cloud\/empresas\/2438\/imagenes\/232565\/en-alquiler-14.webp","properties_post_image_url_thumbnail":"https:\/\/movin.cloud\/empresas\/2438\/imagenes\/thumbnails\/232565\/en-alquiler-14.webp","properties_post_title":"en alquiler 14","properties_post_alt":"en alquiler 14"},{"properties_post_image_order":19,"properties_post_image_url":"https:\/\/movin.cloud\/empresas\/2438\/imagenes\/232565\/en-alquiler-15.webp","properties_post_image_url_thumbnail":"https:\/\/movin.cloud\/empresas\/2438\/imagenes\/thumbnails\/232565\/en-alquiler-15.webp","properties_post_title":"en alquiler 15","properties_post_alt":"en alquiler 15"},{"properties_post_image_order":20,"properties_post_image_url":"https:\/\/movin.cloud\/empresas\/2438\/imagenes\/232565\/en-alquiler-16.webp","properties_post_image_url_thumbnail":"https:\/\/movin.cloud\/empresas\/2438\/imagenes\/thumbnails\/232565\/en-alquiler-16.webp","properties_post_title":"en alquiler 16","properties_post_alt":"en alquiler 16"},{"properties_post_image_order":21,"properties_post_image_url":"https:\/\/movin.cloud\/empresas\/2438\/imagenes\/232565\/en-alquiler-17.webp","properties_post_image_url_thumbnail":"https:\/\/movin.cloud\/empresas\/2438\/imagenes\/thumbnails\/232565\/en-alquiler-17.webp","properties_post_title":"en alquiler 17","properties_post_alt":"en alquiler 17"},{"properties_post_image_order":22,"properties_post_image_url":"https:\/\/movin.cloud\/empresas\/2438\/imagenes\/232565\/en-alquiler-18.webp","properties_post_image_url_thumbnail":"https:\/\/movin.cloud\/empresas\/2438\/imagenes\/thumbnails\/232565\/en-alquiler-18.webp","properties_post_title":"en alquiler 18","properties_post_alt":"en alquiler 18"},{"properties_post_image_order":23,"properties_post_image_url":"https:\/\/movin.cloud\/empresas\/2438\/imagenes\/232565\/en-alquiler-20.webp","properties_post_image_url_thumbnail":"https:\/\/movin.cloud\/empresas\/2438\/imagenes\/thumbnails\/232565\/en-alquiler-20.webp","properties_post_title":"en alquiler 20","properties_post_alt":"en alquiler 20"},{"properties_post_image_order":24,"properties_post_image_url":"https:\/\/movin.cloud\/empresas\/2438\/imagenes\/232565\/en-alquiler-9.webp","properties_post_image_url_thumbnail":"https:\/\/movin.cloud\/empresas\/2438\/imagenes\/thumbnails\/232565\/en-alquiler-9.webp","properties_post_title":"en alquiler 9","properties_post_alt":"en alquiler 9"},{"properties_post_image_order":25,"properties_post_image_url":"https:\/\/movin.cloud\/empresas\/2438\/imagenes\/232565\/en-alquiler-21.webp","properties_post_image_url_thumbnail":"https:\/\/movin.cloud\/empresas\/2438\/imagenes\/thumbnails\/232565\/en-alquiler-21.webp","properties_post_title":"en alquiler 21","properties_post_alt":"en alquiler 21"}],"post_type_properties_post_videos":null,"post_type_properties_post_tour":null,"post_type_properties_post_dossier_url":"","post_type_properties_post_operation_type":"rent","post_type_properties_post_operation_price":17688,"post_type_properties_post_features_hidden_price":false},"yoast_head":"<!-- This site is optimized with the Yoast SEO plugin v27.4 - https:\/\/yoast.com\/product\/yoast-seo-wordpress\/ -->\n<title>TORRE PUJADES - Forcadell<\/title>\n<meta name=\"robots\" content=\"index, follow, max-snippet:-1, max-image-preview:large, max-video-preview:-1\" \/>\n<link rel=\"canonical\" href=\"https:\/\/forcadell.com\/ca\/propiedades\/torre-pujades\/\" \/>\n<meta property=\"og:locale\" content=\"ca_ES\" \/>\n<meta property=\"og:type\" content=\"article\" \/>\n<meta property=\"og:title\" content=\"TORRE PUJADES - Forcadell\" \/>\n<meta property=\"og:description\" content=\"Con una superficie de 9903 m2 y un total de 13 plantas completamente reformadas, Torre Pujades ofrece a sus usuarios espacios funcionales, confortables, flexibles y din\u00e1micos que se adec\u00faan muy bien a las formas de trabajo actuales. Situado en el centro del distrito tecnol\u00f3gico de Barcelona 22@, en la confluencia de calle Pujades con Proven\u00e7als. [&hellip;]\" \/>\n<meta property=\"og:url\" content=\"https:\/\/forcadell.com\/ca\/propiedades\/torre-pujades\/\" \/>\n<meta property=\"og:site_name\" content=\"Forcadell\" \/>\n<meta property=\"article:modified_time\" content=\"2026-04-28T11:00:18+00:00\" \/>\n<meta name=\"twitter:card\" content=\"summary_large_image\" \/>\n<meta name=\"twitter:label1\" content=\"Temps estimat de lectura\" \/>\n\t<meta name=\"twitter:data1\" content=\"1 minut\" \/>\n<!-- \/ Yoast SEO plugin. -->","yoast_head_json":{"title":"TORRE PUJADES - Forcadell","robots":{"index":"index","follow":"follow","max-snippet":"max-snippet:-1","max-image-preview":"max-image-preview:large","max-video-preview":"max-video-preview:-1"},"canonical":"https:\/\/forcadell.com\/ca\/propiedades\/torre-pujades\/","og_locale":"ca_ES","og_type":"article","og_title":"TORRE PUJADES - Forcadell","og_description":"Con una superficie de 9903 m2 y un total de 13 plantas completamente reformadas, Torre Pujades ofrece a sus usuarios espacios funcionales, confortables, flexibles y din\u00e1micos que se adec\u00faan muy bien a las formas de trabajo actuales. Situado en el centro del distrito tecnol\u00f3gico de Barcelona 22@, en la confluencia de calle Pujades con Proven\u00e7als. [&hellip;]","og_url":"https:\/\/forcadell.com\/ca\/propiedades\/torre-pujades\/","og_site_name":"Forcadell","article_modified_time":"2026-04-28T11:00:18+00:00","twitter_card":"summary_large_image","twitter_misc":{"Temps estimat de lectura":"1 minut"},"schema":{"@context":"https:\/\/schema.org","@graph":[{"@type":"WebPage","@id":"https:\/\/forcadell.com\/ca\/propiedades\/torre-pujades\/","url":"https:\/\/forcadell.com\/ca\/propiedades\/torre-pujades\/","name":"TORRE PUJADES - Forcadell","isPartOf":{"@id":"https:\/\/forcadell.com\/ca\/#website"},"datePublished":"2025-11-04T13:31:28+00:00","dateModified":"2026-04-28T11:00:18+00:00","breadcrumb":{"@id":"https:\/\/forcadell.com\/ca\/propiedades\/torre-pujades\/#breadcrumb"},"inLanguage":"ca","potentialAction":[{"@type":"ReadAction","target":["https:\/\/forcadell.com\/ca\/propiedades\/torre-pujades\/"]}]},{"@type":"BreadcrumbList","@id":"https:\/\/forcadell.com\/ca\/propiedades\/torre-pujades\/#breadcrumb","itemListElement":[{"@type":"ListItem","position":1,"name":"Portada","item":"https:\/\/forcadell.com\/ca\/"},{"@type":"ListItem","position":2,"name":"Properties","item":"https:\/\/forcadell.com\/ca\/propiedades\/"},{"@type":"ListItem","position":3,"name":"TORRE PUJADES"}]},{"@type":"WebSite","@id":"https:\/\/forcadell.com\/ca\/#website","url":"https:\/\/forcadell.com\/ca\/","name":"Forcadell","description":"Inmobiliaria Barcelona | Consultores inmobiliarios","potentialAction":[{"@type":"SearchAction","target":{"@type":"EntryPoint","urlTemplate":"https:\/\/forcadell.com\/ca\/?s={search_term_string}"},"query-input":{"@type":"PropertyValueSpecification","valueRequired":true,"valueName":"search_term_string"}}],"inLanguage":"ca"}]}},"_links":{"self":[{"href":"https:\/\/forcadell.com\/ca\/wp-json\/wp\/v2\/properties_post\/57156","targetHints":{"allow":["GET"]}}],"collection":[{"href":"https:\/\/forcadell.com\/ca\/wp-json\/wp\/v2\/properties_post"}],"about":[{"href":"https:\/\/forcadell.com\/ca\/wp-json\/wp\/v2\/types\/properties_post"}],"wp:attachment":[{"href":"https:\/\/forcadell.com\/ca\/wp-json\/wp\/v2\/media?parent=57156"}],"curies":[{"name":"wp","href":"https:\/\/api.w.org\/{rel}","templated":true}]}}