{"id":57121,"date":"2025-11-04T15:29:28","date_gmt":"2025-11-04T13:29:28","guid":{"rendered":"https:\/\/www.forcadell.com\/propiedades\/edificio-roble-arboretum\/"},"modified":"2026-04-29T01:00:39","modified_gmt":"2026-04-28T23:00:39","slug":"edificio-roble-arboretum","status":"publish","type":"properties_post","link":"https:\/\/forcadell.com\/ca\/propiedades\/edificio-roble-arboretum\/","title":{"rendered":"EDIFICIO ROBLE. ARBORETUM"},"content":{"rendered":"<p>Oficina di\u00e1fana en alquiler en el parque empresarial Arboretum en Cornell\u00e0 de Llobregat. Acabados elegantes y de calidad. Dispone de pavimento t\u00e9cnico, falso techo con luminarias empotradas, con mucha luz natural y climatizaci\u00f3n fr\u00edo-calor.<\/p>\n<p>El edificio cuenta con servicio de conserjer\u00eda, control de seguridad, ascensores, salas de reuniones, zona lounge, mantenimiento de instalaciones, restaurante-cafeter\u00eda y parking. Terraza.<\/p>\n<p>Edificio con certificaci\u00f3n LEED Gold. <\/p>\n<p>El parque Arboretum cuenta con excelentes redes de comunicaci\u00f3n viaria y de transporte. Cuenta con 5 edificio de oficinas con un total de 30.000 m\u00b2 con acabados de gran calidad e imagen.<br \/>\nA tan s\u00f3lo de 10 minutos del centro de Barcelona y a 8 del aeropuerto.<\/p>\n<p>Transporte p\u00fablico:<\/p>\n<p>Bus: 57, 67, 68, 94<br \/>\nMetro: L5 &#8211; Gavarra<br \/>\nTram: T1-T2 &#8220;Les aig\u00fces&#8221;<br \/>\nFGC: R5, R6, R50, R60, S4, S8, S33, L8<\/p>\n","protected":false},"template":"","class_list":["post-57121","properties_post","type-properties_post","status-publish","hentry","properties_modality-rent","properties_province-barcelona","properties_zone-periferia","properties_state-cornella-de-llobregat","properties_subclass-oficina","properties_type-oficina"],"acf":{"post_type_properties_post_property_code":"222996","post_type_properties_post_property_reference":"IE-194329","post_type_properties_post_owner_id":"49816","post_type_properties_post_owner_name":"PROEMIO SL","post_type_properties_post_property_code_encrypted":"MjkkNzU2Mw==","post_type_properties_post_published":"1","post_type_properties_post_property_visibility":"idealista","post_type_properties_post_contact_name":"Forcadell Oficinas Barcelona","post_type_properties_post_contact_email":"forcadell.oficinas.barcelona@movin.cloud","post_type_properties_post_contact_primary_phone_prefix":"34","post_type_properties_post_contact_primary_phone_number":"934965413","post_type_properties_post_address_visibility":"street","post_type_properties_post_address_country":"Spain","post_type_properties_post_address_coordinates_precision":"exact","post_type_properties_post_address_postal_code":"08940","post_type_properties_post_address_coordinates_latitude":"41.35318","post_type_properties_post_address_coordinates_longitude":"2.08129","post_type_properties_post_address_street_name":"AV de la Fama - P.E. Arboretum 16-20.","post_type_properties_post_address_floor":"1","post_type_properties_post_address_town":"Cornell\u00e0 de Llobregat","post_type_properties_post_building":null,"post_type_properties_post_property":[{"properties_post_description_language":"catalan","properties_post_title":"EDIFICI ROBLE. ARBORETUM","properties_post_short_description_text_alt":"","properties_post_description_text_alt":"","properties_post_short_description_text":"","properties_post_link_demanda_inmueble":"https:\/\/movin.cloud\/ca\/Forcadell Oficinas Barcelona\/formulari-peticio-immoble\/sth\/2438&&222996","properties_post_link_demanda_calendario_inmueble":"https:\/\/movin.cloud\/ca\/Forcadell Oficinas Barcelona\/calendari-peticio-immoble\/sth\/2438&&222996","properties_post_description_text":"Oficina di\u00e0fana de lloguer al parc empresarial Arboretum a Cornell\u00e0 de Llobregat. Acabats elegants i de qualitat. Disposa de paviment t\u00e8cnic, fals sostre amb llumin\u00e0ries encastades, amb molta llum natural i climatitzaci\u00f3 fred-calor. \n \nL'edifici compta amb servei de consergeria, control de seguretat, ascensors, sales de reunions, zona lounge, manteniment d'instal\u00b7lacions, restaurant-cafeteria i p\u00e0rquing. Terrassa. \n \nEdifici amb certificaci\u00f3 LEED Gold. \n \nEl parc Arboretum compta amb excel\u00b7lents xarxes de comunicaci\u00f3 vi\u00e0ria i de transport. Compte amb 5 edifici d'oficines amb un total de 30.000 m\u00b2 amb acabats de gran qualitat i imatge. \nA nom\u00e9s 10 minuts del centre de Barcelona ia 8 de l'aeroport. \n \nTransport p\u00fablic: \nBus: 57, 67, 68, 94 \nMetro: L5 - Gavarra \nTram: T1-T2 \"Les aig\u00fces\" \nFGC: R5, R6, R50, R60, S4, S8, S33, L8","properties_post_seo_title":"","properties_post_seo_alias":"","properties_post_seo_metadescription":"Oficina en lloguer ubicada al Parc Empresarial Arboretum. Cornell\u00e0 de Llobregat, Barcelona. Forcadell \u00e9s la seva ag\u00e8ncia de confian\u00e7a per al lloguer d'aquesta oficina.","properties_post_seo_key_words":"Oficina lloguer Cornell\u00e0 de Llobregat, lloguer oficina Cornell\u00e0 de Llobregat, oficina Cornell\u00e0 de Llobregat","properties_post_seo_url":"","properties_post_terms_conditions":""},{"properties_post_description_language":"spanish","properties_post_title":"EDIFICIO ROBLE. ARBORETUM ","properties_post_short_description_text_alt":"","properties_post_description_text_alt":"","properties_post_short_description_text":"","properties_post_link_demanda_inmueble":"https:\/\/movin.cloud\/es\/Forcadell Oficinas Barcelona\/formulario-peticion-inmueble\/sth\/2438&&222996","properties_post_link_demanda_calendario_inmueble":"https:\/\/movin.cloud\/es\/Forcadell Oficinas Barcelona\/calendario-peticion-inmueble\/sth\/2438&&222996","properties_post_description_text":"Oficina di\u00e1fana en alquiler en el parque empresarial Arboretum en Cornell\u00e0 de Llobregat. Acabados elegantes y de calidad. Dispone de pavimento t\u00e9cnico, falso techo con luminarias empotradas, con mucha luz natural y climatizaci\u00f3n fr\u00edo-calor.\n\nEl edificio cuenta con servicio de conserjer\u00eda, control de seguridad, ascensores, salas de reuniones, zona lounge, mantenimiento de instalaciones, restaurante-cafeter\u00eda y parking. Terraza.\n\nEdificio con certificaci\u00f3n LEED Gold. \n\nEl parque Arboretum cuenta con excelentes redes de comunicaci\u00f3n viaria y de transporte. Cuenta con 5 edificio de oficinas con un total de 30.000 m\u00b2 con acabados de gran calidad e imagen.\nA tan s\u00f3lo de 10 minutos del centro de Barcelona y a 8 del aeropuerto.\n\nTransporte p\u00fablico:\n\nBus: 57, 67, 68, 94\nMetro: L5 - Gavarra\nTram: T1-T2 \"Les aig\u00fces\"\nFGC: R5, R6, R50, R60, S4, S8, S33, L8","properties_post_seo_title":"","properties_post_seo_alias":"","properties_post_seo_metadescription":"Oficina en alquiler ubicada en el Parque Empresarial Arboretum. Cornell\u00e0 de Llobregat, Barcelona. Forcadell es su agencia de confianza para el alquiler de esta oficina.","properties_post_seo_key_words":"Oficina alquiler Cornell\u00e0 de Llobregat, alquiler oficina Cornell\u00e1 de Llobregat, oficina Cornell\u00e1 de Llobregat","properties_post_seo_url":"","properties_post_terms_conditions":""}],"post_type_properties_post_features_type":"office","post_type_properties_post_id_building":"","post_type_properties_post_features_area_constructed":946,"post_type_properties_post_features_conditioned_air":true,"post_type_properties_post_features_doorman":false,"post_type_properties_post_features_heating":true,"post_type_properties_post_features_equipped_kitchen":false,"post_type_properties_post_features_windows_location":"exterior","post_type_properties_post_features_floors_property":false,"post_type_properties_post_features_storage":true,"post_type_properties_post_features_security_door":false,"post_type_properties_post_features_energy_certificate_rating":"unknown","post_type_properties_post_features_energy_certificate_emissions_rating":"","post_type_properties_post_features_energy_certificate_emissions_value":"","post_type_properties_post_features_energy_certificate_performance":"","post_type_properties_post_features_bathroom_inside":true,"post_type_properties_post_precio":15136,"post_type_properties_post_precio_alquiler":15136,"post_type_properties_post_record_type_id":"Oficina","post_type_properties_post_categoria__producto":"Oficina","post_type_properties_post_amueblado":false,"post_type_properties_post_precio_m2":16,"post_type_properties_post_zona__comunitaria":false,"post_type_properties_post_electrodomesticos":false,"post_type_properties_post_patio__interior":true,"post_type_properties_post_certificado_energetico_general":"","post_type_properties_post_certificado_energetico_consumo":"","post_type_properties_post_certificado_energetico_valor_emisiones":"","post_type_properties_post_certificado_energetico_valor_consumo":"","post_type_properties_post_modalidad":"rent","post_type_properties_post_provincia":"Barcelona","post_type_properties_post_poblacion":"Cornell\u00e0 de Llobregat","post_type_properties_post_centro__urbano":false,"post_type_properties_post_zonificacion":"Periferia","post_type_properties_post_cartera":"","post_type_properties_post_titulo_catalan":"EDIFICI ROBLE. ARBORETUM","post_type_properties_post_internet_catalan":"Oficina di\u00e0fana de lloguer al parc empresarial Arboretum a Cornell\u00e0 de Llobregat. Acabats elegants i de qualitat. Disposa de paviment t\u00e8cnic, fals sostre amb llumin\u00e0ries encastades, amb molta llum natural i climatitzaci\u00f3 fred-calor. \n \nL'edifici compta amb servei de consergeria, control de seguretat, ascensors, sales de reunions, zona lounge, manteniment d'instal\u00b7lacions, restaurant-cafeteria i p\u00e0rquing. Terrassa. \n \nEdifici amb certificaci\u00f3 LEED Gold. \n \nEl parc Arboretum compta amb excel\u00b7lents xarxes de comunicaci\u00f3 vi\u00e0ria i de transport. Compte amb 5 edifici d'oficines amb un total de 30.000 m\u00b2 amb acabats de gran qualitat i imatge. \nA nom\u00e9s 10 minuts del centre de Barcelona ia 8 de l'aeroport. \n \nTransport p\u00fablic: \nBus: 57, 67, 68, 94 \nMetro: L5 - Gavarra \nTram: T1-T2 \"Les aig\u00fces\" \nFGC: R5, R6, R50, R60, S4, S8, S33, L8","post_type_properties_post_titulo_castellano":"EDIFICIO ROBLE. ARBORETUM ","post_type_properties_post_internet_castellano":"Oficina di\u00e1fana en alquiler en el parque empresarial Arboretum en Cornell\u00e0 de Llobregat. Acabados elegantes y de calidad. Dispone de pavimento t\u00e9cnico, falso techo con luminarias empotradas, con mucha luz natural y climatizaci\u00f3n fr\u00edo-calor.\n\nEl edificio cuenta con servicio de conserjer\u00eda, control de seguridad, ascensores, salas de reuniones, zona lounge, mantenimiento de instalaciones, restaurante-cafeter\u00eda y parking. Terraza.\n\nEdificio con certificaci\u00f3n LEED Gold. \n\nEl parque Arboretum cuenta con excelentes redes de comunicaci\u00f3n viaria y de transporte. Cuenta con 5 edificio de oficinas con un total de 30.000 m\u00b2 con acabados de gran calidad e imagen.\nA tan s\u00f3lo de 10 minutos del centro de Barcelona y a 8 del aeropuerto.\n\nTransporte p\u00fablico:\n\nBus: 57, 67, 68, 94\nMetro: L5 - Gavarra\nTram: T1-T2 \"Les aig\u00fces\"\nFGC: R5, R6, R50, R60, S4, S8, S33, L8","post_type_properties_post_titulo_ingles":"","post_type_properties_post_internet_ingles":"","post_type_properties_post_features_classification_commercial":false,"post_type_properties_post_features_conservation":"","post_type_properties_post_features_security_personnel":false,"post_type_properties_post_features_parking_available":false,"post_type_properties_post_features_garage_capacity_type":"","post_type_properties_post_features_bathroom_number":"","post_type_properties_post_eje":"","post_type_properties_post_zona":"","post_type_properties_post_comarca":"","post_type_properties_post_features_built_year":"","post_type_properties_post_renta_mensual":7872,"post_type_properties_post_fianza":"","post_type_properties_post_features_area_plot":"","post_type_properties_post_features_area_buildable":"","post_type_properties_post_features_classification_industrial":false,"post_type_properties_post_distrito":"","post_type_properties_post_features_balcony":false,"post_type_properties_post_features_bedroom_number":"","post_type_properties_post_features_heating_type":"","post_type_properties_post_features_equipped_with_furniture":false,"post_type_properties_post_features_pets_allowed":false,"post_type_properties_post_features_pool":false,"post_type_properties_post_features_terrace":false,"post_type_properties_post_features_wardrobes":false,"post_type_properties_post_features_lift_available":false,"post_type_properties_post_features_handicap_adapted_access":false,"post_type_properties_post_features_orientation_east":false,"post_type_properties_post_features_orientation_west":false,"post_type_properties_post_features_orientation_north":false,"post_type_properties_post_features_orientation_south":false,"post_type_properties_post_features_parking_spaces_number":"","post_type_properties_post_features_security_alarm":false,"post_type_properties_post_features_security_system":false,"post_type_properties_post_open_plan":false,"post_type_properties_post_acceso_24_7":false,"post_type_properties_post_oficina_privada":false,"post_type_properties_post_sala_reuniones":false,"post_type_properties_post_espacio_eventos":false,"post_type_properties_post_office":false,"post_type_properties_post_restaurant":false,"post_type_properties_post_acepta_traspaso":false,"post_type_properties_post_vigilancia":false,"post_type_properties_post_features_suite":false,"post_type_properties_post_features_vitro":false,"post_type_properties_post_features_oven":false,"post_type_properties_post_features_microwave":false,"post_type_properties_post_features_washing_machine":false,"post_type_properties_post_features_dryer":false,"post_type_properties_post_features_dishwasher":false,"post_type_properties_post_features_fridge":false,"post_type_properties_post_features_fridge_mini":false,"post_type_properties_post_features_kettle":false,"post_type_properties_post_features_toaster":false,"post_type_properties_post_features_coffee_maker":false,"post_type_properties_post_features_iron":false,"post_type_properties_post_features_ironing_board":false,"post_type_properties_post_features_safe":false,"post_type_properties_post_features_internet":true,"post_type_properties_post_features_solarium":false,"post_type_properties_post_features_clean_service":false,"post_type_properties_post_features_t_v":false,"post_type_properties_post_features_satellite_t_v":false,"post_type_properties_post_features_gas_kitchen":false,"post_type_properties_post_features_view_mountain":false,"post_type_properties_post_features_view_sea":false,"post_type_properties_post_features_concierge":false,"post_type_properties_post_features_loading_dock":false,"post_type_properties_post_features_bridge_crane":false,"post_type_properties_post_features_located_at_corner":false,"post_type_properties_post_features_smoke_extraction":false,"post_type_properties_post_features_rooms":"","post_type_properties_post_features_garden_area":"","post_type_properties_post_features_utilities_water":false,"post_type_properties_post_features_utilities_electricity":false,"post_type_properties_post_features_utilities_natural_gas":false,"post_type_properties_post_features_building_adapted":false,"post_type_properties_post_features_garden":false,"post_type_properties_post_features_classification_hotel":false,"post_type_properties_post_features_classification_chalet":false,"post_type_properties_post_certificado_energetico_emisiones":"","post_type_properties_post_barrio":"","post_type_properties_post_distrito_empresa":"","post_type_properties_post_features_property_category_intern":"","post_type_properties_post_implantada":false,"post_type_properties_post_sello_leed":"1","post_type_properties_post_sello_well":"","post_type_properties_post_sello_breeam":false,"post_type_properties_post_images":[{"properties_post_image_order":1,"properties_post_image_url":"https:\/\/movin.cloud\/empresas\/2438\/imagenes\/222996\/alquilar-cornella-de-llobregat.webp","properties_post_image_url_thumbnail":"https:\/\/movin.cloud\/empresas\/2438\/imagenes\/thumbnails\/222996\/alquilar-cornella-de-llobregat.webp","properties_post_title":"alquilar cornella de llobregat","properties_post_alt":"alquilar cornella de llobregat"},{"properties_post_image_order":2,"properties_post_image_url":"https:\/\/movin.cloud\/empresas\/2438\/imagenes\/222996\/cornella-de-llobregat-en-alquiler.webp","properties_post_image_url_thumbnail":"https:\/\/movin.cloud\/empresas\/2438\/imagenes\/thumbnails\/222996\/cornella-de-llobregat-en-alquiler.webp","properties_post_title":"cornella de llobregat en alquiler","properties_post_alt":"cornella de llobregat en alquiler"},{"properties_post_image_order":3,"properties_post_image_url":"https:\/\/movin.cloud\/empresas\/2438\/imagenes\/222996\/alquiler-para-idealista.webp","properties_post_image_url_thumbnail":"https:\/\/movin.cloud\/empresas\/2438\/imagenes\/thumbnails\/222996\/alquiler-para-idealista.webp","properties_post_title":"alquiler para idealista","properties_post_alt":"alquiler para idealista"},{"properties_post_image_order":4,"properties_post_image_url":"https:\/\/movin.cloud\/empresas\/2438\/imagenes\/222996\/alquilar.webp","properties_post_image_url_thumbnail":"https:\/\/movin.cloud\/empresas\/2438\/imagenes\/thumbnails\/222996\/alquilar.webp","properties_post_title":"alquilar","properties_post_alt":"alquilar"},{"properties_post_image_order":5,"properties_post_image_url":"https:\/\/movin.cloud\/empresas\/2438\/imagenes\/222996\/habitalia.webp","properties_post_image_url_thumbnail":"https:\/\/movin.cloud\/empresas\/2438\/imagenes\/thumbnails\/222996\/habitalia.webp","properties_post_title":"habitalia","properties_post_alt":"habitalia"},{"properties_post_image_order":6,"properties_post_image_url":"https:\/\/movin.cloud\/empresas\/2438\/imagenes\/222996\/en-alquiler.webp","properties_post_image_url_thumbnail":"https:\/\/movin.cloud\/empresas\/2438\/imagenes\/thumbnails\/222996\/en-alquiler.webp","properties_post_title":"en alquiler","properties_post_alt":"en alquiler"},{"properties_post_image_order":7,"properties_post_image_url":"https:\/\/movin.cloud\/empresas\/2438\/imagenes\/222996\/alquiler.webp","properties_post_image_url_thumbnail":"https:\/\/movin.cloud\/empresas\/2438\/imagenes\/thumbnails\/222996\/alquiler.webp","properties_post_title":"alquiler","properties_post_alt":"alquiler"},{"properties_post_image_order":8,"properties_post_image_url":"https:\/\/movin.cloud\/empresas\/2438\/imagenes\/222996\/inmobiliarias.webp","properties_post_image_url_thumbnail":"https:\/\/movin.cloud\/empresas\/2438\/imagenes\/thumbnails\/222996\/inmobiliarias.webp","properties_post_title":"inmobiliarias","properties_post_alt":"inmobiliarias"},{"properties_post_image_order":9,"properties_post_image_url":"https:\/\/movin.cloud\/empresas\/2438\/imagenes\/222996\/alquiler-idealistas.webp","properties_post_image_url_thumbnail":"https:\/\/movin.cloud\/empresas\/2438\/imagenes\/thumbnails\/222996\/alquiler-idealistas.webp","properties_post_title":"alquiler idealistas","properties_post_alt":"alquiler idealistas"},{"properties_post_image_order":10,"properties_post_image_url":"https:\/\/movin.cloud\/empresas\/2438\/imagenes\/222996\/inmobiliaria.webp","properties_post_image_url_thumbnail":"https:\/\/movin.cloud\/empresas\/2438\/imagenes\/thumbnails\/222996\/inmobiliaria.webp","properties_post_title":"inmobiliaria","properties_post_alt":"inmobiliaria"},{"properties_post_image_order":11,"properties_post_image_url":"https:\/\/movin.cloud\/empresas\/2438\/imagenes\/222996\/en-alquiler-cornella-de-llobregat.webp","properties_post_image_url_thumbnail":"https:\/\/movin.cloud\/empresas\/2438\/imagenes\/thumbnails\/222996\/en-alquiler-cornella-de-llobregat.webp","properties_post_title":"en alquiler cornella de llobregat","properties_post_alt":"en alquiler cornella de llobregat"},{"properties_post_image_order":12,"properties_post_image_url":"https:\/\/movin.cloud\/empresas\/2438\/imagenes\/222996\/alquiler-cornella-de-llobregat.webp","properties_post_image_url_thumbnail":"https:\/\/movin.cloud\/empresas\/2438\/imagenes\/thumbnails\/222996\/alquiler-cornella-de-llobregat.webp","properties_post_title":"alquiler cornella de llobregat","properties_post_alt":"alquiler cornella de llobregat"},{"properties_post_image_order":13,"properties_post_image_url":"https:\/\/movin.cloud\/empresas\/2438\/imagenes\/222996\/alquiler-idealistas-cornella-de-llobregat.webp","properties_post_image_url_thumbnail":"https:\/\/movin.cloud\/empresas\/2438\/imagenes\/thumbnails\/222996\/alquiler-idealistas-cornella-de-llobregat.webp","properties_post_title":"alquiler idealistas cornella de llobregat","properties_post_alt":"alquiler idealistas cornella de llobregat"},{"properties_post_image_order":14,"properties_post_image_url":"https:\/\/movin.cloud\/empresas\/2438\/imagenes\/222996\/habitalia-cornella-de-llobregat.webp","properties_post_image_url_thumbnail":"https:\/\/movin.cloud\/empresas\/2438\/imagenes\/thumbnails\/222996\/habitalia-cornella-de-llobregat.webp","properties_post_title":"habitalia cornella de llobregat","properties_post_alt":"habitalia cornella de llobregat"},{"properties_post_image_order":15,"properties_post_image_url":"https:\/\/movin.cloud\/empresas\/2438\/imagenes\/222996\/viviendas.webp","properties_post_image_url_thumbnail":"https:\/\/movin.cloud\/empresas\/2438\/imagenes\/thumbnails\/222996\/viviendas.webp","properties_post_title":"viviendas","properties_post_alt":"viviendas"},{"properties_post_image_order":16,"properties_post_image_url":"https:\/\/movin.cloud\/empresas\/2438\/imagenes\/222996\/alquiler-para-idealistas.webp","properties_post_image_url_thumbnail":"https:\/\/movin.cloud\/empresas\/2438\/imagenes\/thumbnails\/222996\/alquiler-para-idealistas.webp","properties_post_title":"alquiler para idealistas","properties_post_alt":"alquiler para idealistas"},{"properties_post_image_order":17,"properties_post_image_url":"https:\/\/movin.cloud\/empresas\/2438\/imagenes\/222996\/rent.webp","properties_post_image_url_thumbnail":"https:\/\/movin.cloud\/empresas\/2438\/imagenes\/thumbnails\/222996\/rent.webp","properties_post_title":"rent","properties_post_alt":"rent"},{"properties_post_image_order":18,"properties_post_image_url":"https:\/\/movin.cloud\/empresas\/2438\/imagenes\/222996\/fincas.webp","properties_post_image_url_thumbnail":"https:\/\/movin.cloud\/empresas\/2438\/imagenes\/thumbnails\/222996\/fincas.webp","properties_post_title":"fincas","properties_post_alt":"fincas"},{"properties_post_image_order":19,"properties_post_image_url":"https:\/\/movin.cloud\/empresas\/2438\/imagenes\/222996\/alquiler-para-idealista-cornella-de-llobregat.webp","properties_post_image_url_thumbnail":"https:\/\/movin.cloud\/empresas\/2438\/imagenes\/thumbnails\/222996\/alquiler-para-idealista-cornella-de-llobregat.webp","properties_post_title":"alquiler para idealista cornella de llobregat","properties_post_alt":"alquiler para idealista cornella de llobregat"},{"properties_post_image_order":20,"properties_post_image_url":"https:\/\/movin.cloud\/empresas\/2438\/imagenes\/222996\/viviendas-cornella-de-llobregat.webp","properties_post_image_url_thumbnail":"https:\/\/movin.cloud\/empresas\/2438\/imagenes\/thumbnails\/222996\/viviendas-cornella-de-llobregat.webp","properties_post_title":"viviendas cornella de llobregat","properties_post_alt":"viviendas cornella de llobregat"},{"properties_post_image_order":21,"properties_post_image_url":"https:\/\/movin.cloud\/empresas\/2438\/imagenes\/222996\/alquiler-para-idealistas-cornella-de-llobregat.webp","properties_post_image_url_thumbnail":"https:\/\/movin.cloud\/empresas\/2438\/imagenes\/thumbnails\/222996\/alquiler-para-idealistas-cornella-de-llobregat.webp","properties_post_title":"alquiler para idealistas cornella de llobregat","properties_post_alt":"alquiler para idealistas cornella de llobregat"},{"properties_post_image_order":22,"properties_post_image_url":"https:\/\/movin.cloud\/empresas\/2438\/imagenes\/222996\/rent-cornella-de-llobregat.webp","properties_post_image_url_thumbnail":"https:\/\/movin.cloud\/empresas\/2438\/imagenes\/thumbnails\/222996\/rent-cornella-de-llobregat.webp","properties_post_title":"rent cornella de llobregat","properties_post_alt":"rent cornella de llobregat"},{"properties_post_image_order":23,"properties_post_image_url":"https:\/\/movin.cloud\/empresas\/2438\/imagenes\/222996\/fincas-cornella-de-llobregat.webp","properties_post_image_url_thumbnail":"https:\/\/movin.cloud\/empresas\/2438\/imagenes\/thumbnails\/222996\/fincas-cornella-de-llobregat.webp","properties_post_title":"fincas cornella de llobregat","properties_post_alt":"fincas cornella de llobregat"},{"properties_post_image_order":24,"properties_post_image_url":"https:\/\/movin.cloud\/empresas\/2438\/imagenes\/222996\/inmobiliarias-cornella-de-llobregat.webp","properties_post_image_url_thumbnail":"https:\/\/movin.cloud\/empresas\/2438\/imagenes\/thumbnails\/222996\/inmobiliarias-cornella-de-llobregat.webp","properties_post_title":"inmobiliarias cornella de llobregat","properties_post_alt":"inmobiliarias cornella de llobregat"},{"properties_post_image_order":25,"properties_post_image_url":"https:\/\/movin.cloud\/empresas\/2438\/imagenes\/222996\/inmobiliaria-cornella-de-llobregat.webp","properties_post_image_url_thumbnail":"https:\/\/movin.cloud\/empresas\/2438\/imagenes\/thumbnails\/222996\/inmobiliaria-cornella-de-llobregat.webp","properties_post_title":"inmobiliaria cornella de llobregat","properties_post_alt":"inmobiliaria cornella de llobregat"},{"properties_post_image_order":26,"properties_post_image_url":"https:\/\/movin.cloud\/empresas\/2438\/imagenes\/222996\/cornella-de-llobregat-alquiler.webp","properties_post_image_url_thumbnail":"https:\/\/movin.cloud\/empresas\/2438\/imagenes\/thumbnails\/222996\/cornella-de-llobregat-alquiler.webp","properties_post_title":"cornella de llobregat alquiler","properties_post_alt":"cornella de llobregat alquiler"}],"post_type_properties_post_videos":null,"post_type_properties_post_tour":null,"post_type_properties_post_dossier_url":"","post_type_properties_post_operation_type":"rent","post_type_properties_post_operation_price":15136,"post_type_properties_post_features_hidden_price":false},"yoast_head":"<!-- This site is optimized with the Yoast SEO plugin v27.4 - https:\/\/yoast.com\/product\/yoast-seo-wordpress\/ -->\n<title>EDIFICIO ROBLE. ARBORETUM - Forcadell<\/title>\n<meta name=\"robots\" content=\"index, follow, max-snippet:-1, max-image-preview:large, max-video-preview:-1\" \/>\n<link rel=\"canonical\" href=\"https:\/\/forcadell.com\/ca\/propiedades\/edificio-roble-arboretum\/\" \/>\n<meta property=\"og:locale\" content=\"ca_ES\" \/>\n<meta property=\"og:type\" content=\"article\" \/>\n<meta property=\"og:title\" content=\"EDIFICIO ROBLE. ARBORETUM - Forcadell\" \/>\n<meta property=\"og:description\" content=\"Oficina di\u00e1fana en alquiler en el parque empresarial Arboretum en Cornell\u00e0 de Llobregat. Acabados elegantes y de calidad. Dispone de pavimento t\u00e9cnico, falso techo con luminarias empotradas, con mucha luz natural y climatizaci\u00f3n fr\u00edo-calor. El edificio cuenta con servicio de conserjer\u00eda, control de seguridad, ascensores, salas de reuniones, zona lounge, mantenimiento de instalaciones, restaurante-cafeter\u00eda y [&hellip;]\" \/>\n<meta property=\"og:url\" content=\"https:\/\/forcadell.com\/ca\/propiedades\/edificio-roble-arboretum\/\" \/>\n<meta property=\"og:site_name\" content=\"Forcadell\" \/>\n<meta property=\"article:modified_time\" content=\"2026-04-28T23:00:39+00:00\" \/>\n<meta name=\"twitter:card\" content=\"summary_large_image\" \/>\n<meta name=\"twitter:label1\" content=\"Temps estimat de lectura\" \/>\n\t<meta name=\"twitter:data1\" content=\"1 minut\" \/>\n<!-- \/ Yoast SEO plugin. -->","yoast_head_json":{"title":"EDIFICIO ROBLE. ARBORETUM - Forcadell","robots":{"index":"index","follow":"follow","max-snippet":"max-snippet:-1","max-image-preview":"max-image-preview:large","max-video-preview":"max-video-preview:-1"},"canonical":"https:\/\/forcadell.com\/ca\/propiedades\/edificio-roble-arboretum\/","og_locale":"ca_ES","og_type":"article","og_title":"EDIFICIO ROBLE. ARBORETUM - Forcadell","og_description":"Oficina di\u00e1fana en alquiler en el parque empresarial Arboretum en Cornell\u00e0 de Llobregat. Acabados elegantes y de calidad. Dispone de pavimento t\u00e9cnico, falso techo con luminarias empotradas, con mucha luz natural y climatizaci\u00f3n fr\u00edo-calor. El edificio cuenta con servicio de conserjer\u00eda, control de seguridad, ascensores, salas de reuniones, zona lounge, mantenimiento de instalaciones, restaurante-cafeter\u00eda y [&hellip;]","og_url":"https:\/\/forcadell.com\/ca\/propiedades\/edificio-roble-arboretum\/","og_site_name":"Forcadell","article_modified_time":"2026-04-28T23:00:39+00:00","twitter_card":"summary_large_image","twitter_misc":{"Temps estimat de lectura":"1 minut"},"schema":{"@context":"https:\/\/schema.org","@graph":[{"@type":"WebPage","@id":"https:\/\/forcadell.com\/ca\/propiedades\/edificio-roble-arboretum\/","url":"https:\/\/forcadell.com\/ca\/propiedades\/edificio-roble-arboretum\/","name":"EDIFICIO ROBLE. ARBORETUM - Forcadell","isPartOf":{"@id":"https:\/\/forcadell.com\/ca\/#website"},"datePublished":"2025-11-04T13:29:28+00:00","dateModified":"2026-04-28T23:00:39+00:00","breadcrumb":{"@id":"https:\/\/forcadell.com\/ca\/propiedades\/edificio-roble-arboretum\/#breadcrumb"},"inLanguage":"ca","potentialAction":[{"@type":"ReadAction","target":["https:\/\/forcadell.com\/ca\/propiedades\/edificio-roble-arboretum\/"]}]},{"@type":"BreadcrumbList","@id":"https:\/\/forcadell.com\/ca\/propiedades\/edificio-roble-arboretum\/#breadcrumb","itemListElement":[{"@type":"ListItem","position":1,"name":"Portada","item":"https:\/\/forcadell.com\/ca\/"},{"@type":"ListItem","position":2,"name":"Properties","item":"https:\/\/forcadell.com\/ca\/propiedades\/"},{"@type":"ListItem","position":3,"name":"EDIFICIO ROBLE. ARBORETUM"}]},{"@type":"WebSite","@id":"https:\/\/forcadell.com\/ca\/#website","url":"https:\/\/forcadell.com\/ca\/","name":"Forcadell","description":"Inmobiliaria Barcelona | Consultores inmobiliarios","potentialAction":[{"@type":"SearchAction","target":{"@type":"EntryPoint","urlTemplate":"https:\/\/forcadell.com\/ca\/?s={search_term_string}"},"query-input":{"@type":"PropertyValueSpecification","valueRequired":true,"valueName":"search_term_string"}}],"inLanguage":"ca"}]}},"_links":{"self":[{"href":"https:\/\/forcadell.com\/ca\/wp-json\/wp\/v2\/properties_post\/57121","targetHints":{"allow":["GET"]}}],"collection":[{"href":"https:\/\/forcadell.com\/ca\/wp-json\/wp\/v2\/properties_post"}],"about":[{"href":"https:\/\/forcadell.com\/ca\/wp-json\/wp\/v2\/types\/properties_post"}],"wp:attachment":[{"href":"https:\/\/forcadell.com\/ca\/wp-json\/wp\/v2\/media?parent=57121"}],"curies":[{"name":"wp","href":"https:\/\/api.w.org\/{rel}","templated":true}]}}