{"id":57056,"date":"2025-11-04T15:25:00","date_gmt":"2025-11-04T13:25:00","guid":{"rendered":"https:\/\/www.forcadell.com\/propiedades\/av-diagonal-22\/"},"modified":"2026-04-28T20:59:34","modified_gmt":"2026-04-28T18:59:34","slug":"av-diagonal-22","status":"publish","type":"properties_post","link":"https:\/\/forcadell.com\/ca\/propiedades\/av-diagonal-22\/","title":{"rendered":"AV. DIAGONAL &#8211; 22@"},"content":{"rendered":"<p>Exclusivo edificio de oficinas en el vibrante Distrito 22@, junto a Plaza de las Glorias. Con una arquitectura de vanguardia y una ubicaci\u00f3n privilegiada, ofrece un entorno de trabajo excepcional.<\/p>\n<p>Destacamos el auditorio con una impresionante terraza ajardinada, perfecta para eventos y reuniones al aire libre. Adem\u00e1s, es un edificio sostenible, con fachadas ventiladas, aprovechamiento de luz natural y paneles fotovoltaicos para producci\u00f3n de electricidad, contribuyendo as\u00ed al cuidado del medio ambiente.<\/p>\n<p>Caracter\u00edsticas y servicios:<\/p>\n<p>Edificio singular<br \/>\nFachadas ventiladas<br \/>\nDos accesos independientes al edificio<br \/>\nAuditorio en P7 con capacidad para m\u00e1s de 500 personas<br \/>\nAcabados de primera calidad<br \/>\nOficinas di\u00e1fanas con falso techo<br \/>\nSuelo t\u00e9cnico acabado en moqueta<br \/>\nRed de voz y datos incorporada<br \/>\nTerraza ajardinada situada en el auditorio de la P7<br \/>\nCertificaci\u00f3n Leed Gold <\/p>\n<p>Experimenta un espacio de trabajo \u00fanico que combina calidad, sostenibilidad y funcionalidad!<\/p>\n<p>Transporte p\u00fablico:<\/p>\n<p>Bus: 7, 192, H12, H14, V23, V25, X1<br \/>\nMetro: L1 &#8211; Gl\u00f2ries<br \/>\nTram: T4 &#8211; L&#8217;Arany\u00f3, T4-T5-T6 Gl\u00f2ries<\/p>\n<p>Disponibilidad: inmediata<\/p>\n","protected":false},"template":"","class_list":["post-57056","properties_post","type-properties_post","status-publish","hentry","properties_modality-rent","properties_district-sant-marti","properties_province-barcelona","properties_zone-116","properties_state-barcelona","properties_subclass-oficina","properties_type-oficina"],"acf":{"post_type_properties_post_property_code":"222041","post_type_properties_post_property_reference":"IE-192641","post_type_properties_post_owner_id":"48491","post_type_properties_post_owner_name":"RBA HOLDING DE COMUNICACI\u00d3N SLU (20805) #1","post_type_properties_post_property_code_encrypted":"MjkkNjYwOA==","post_type_properties_post_published":"1","post_type_properties_post_property_visibility":"idealista","post_type_properties_post_contact_name":"Forcadell Oficinas Barcelona","post_type_properties_post_contact_email":"forcadell.oficinas.barcelona@movin.cloud","post_type_properties_post_contact_primary_phone_prefix":"34","post_type_properties_post_contact_primary_phone_number":"934965413","post_type_properties_post_address_visibility":"street","post_type_properties_post_address_country":"Spain","post_type_properties_post_address_coordinates_precision":"exact","post_type_properties_post_address_postal_code":"08018","post_type_properties_post_address_coordinates_latitude":"41.404489300002","post_type_properties_post_address_coordinates_longitude":"2.192659900002","post_type_properties_post_address_street_name":"AV Diagonal 189","post_type_properties_post_address_floor":"2","post_type_properties_post_address_town":"Barcelona","post_type_properties_post_building":null,"post_type_properties_post_property":[{"properties_post_description_language":"catalan","properties_post_title":"AV. DIAGONAL - 22@","properties_post_short_description_text_alt":"","properties_post_description_text_alt":"","properties_post_short_description_text":" \n\n \n ","properties_post_link_demanda_inmueble":"https:\/\/movin.cloud\/ca\/Forcadell Oficinas Barcelona\/formulari-peticio-immoble\/sth\/2438&&222041","properties_post_link_demanda_calendario_inmueble":"https:\/\/movin.cloud\/ca\/Forcadell Oficinas Barcelona\/calendari-peticio-immoble\/sth\/2438&&222041","properties_post_description_text":"Exclusiu edifici d'oficines al vibrant Districte 22@, al costat de Pla\u00e7a de les Gl\u00f2ries. Amb una arquitectura d'avantguarda i una ubicaci\u00f3 privilegiada ofereix un entorn de treball excepcional.\n\nDestaquem l'auditori amb una terrassa enjardinada impressionant, perfecta per a esdeveniments i reunions a l'aire lliure. A m\u00e9s, \u00e9s un edifici sostenible, amb fa\u00e7anes ventilades, aprofitament de llum natural i panells fotovoltaics per a producci\u00f3 d'electricitat, contribuint aix\u00ed a la cura del medi ambient.\n\nCaracter\u00edstiques i serveis:\n\nEdifici singular\nFa\u00e7anes ventilades\nDos accessos independents a l'edifici\nAuditori a P7 amb capacitat per a m\u00e9s de 500 persones\nAcabats de primera qualitat\nOficines di\u00e0fanes amb fals sostre\nS\u00f2l t\u00e8cnic acabat en moqueta\nXarxa de veu i dades incorporada\n\nTerrassa enjardinada situada a l'auditori de la P7\nCertificaci\u00f3 Leed Gold\n\nExperimenta un espai de treball \u00fanic que combina qualitat, sostenibilitat i funcionalitat!\n\nTransport p\u00fablic:\n\nBus: 7, 192, H12, H14, V23, V25, X1\nMetro: L1 - Gl\u00f2ries\nTram: T4 - L'Arany\u00f3, T4-T5-T6 Gl\u00f2ries\n\nDisponibilitat: immediata","properties_post_seo_title":"","properties_post_seo_alias":"","properties_post_seo_metadescription":"Oficina en lloguer al districte 22@ de Barcelona. Av. Diagonal. Forcadell \u00e9s la seva ag\u00e8ncia de confian\u00e7a per al lloguer d'aquesta oficina.","properties_post_seo_key_words":"oficina lloguer 22@ Barcelona, lloguer oficina Barcelona 22@, oficina 22@Barcelona","properties_post_seo_url":"","properties_post_terms_conditions":""},{"properties_post_description_language":"spanish","properties_post_title":"AV. DIAGONAL - 22@","properties_post_short_description_text_alt":"","properties_post_description_text_alt":"","properties_post_short_description_text":" \n\n\n ","properties_post_link_demanda_inmueble":"https:\/\/movin.cloud\/es\/Forcadell Oficinas Barcelona\/formulario-peticion-inmueble\/sth\/2438&&222041","properties_post_link_demanda_calendario_inmueble":"https:\/\/movin.cloud\/es\/Forcadell Oficinas Barcelona\/calendario-peticion-inmueble\/sth\/2438&&222041","properties_post_description_text":"Exclusivo edificio de oficinas en el vibrante Distrito 22@, junto a Plaza de las Glorias. Con una arquitectura de vanguardia y una ubicaci\u00f3n privilegiada, ofrece un entorno de trabajo excepcional.\n\nDestacamos el auditorio con una impresionante terraza ajardinada, perfecta para eventos y reuniones al aire libre. Adem\u00e1s, es un edificio sostenible, con fachadas ventiladas, aprovechamiento de luz natural y paneles fotovoltaicos para producci\u00f3n de electricidad, contribuyendo as\u00ed al cuidado del medio ambiente.\n\nCaracter\u00edsticas y servicios:\n\nEdificio singular\nFachadas ventiladas\nDos accesos independientes al edificio\nAuditorio en P7 con capacidad para m\u00e1s de 500 personas\nAcabados de primera calidad\nOficinas di\u00e1fanas con falso techo\nSuelo t\u00e9cnico acabado en moqueta\nRed de voz y datos incorporada\nTerraza ajardinada situada en el auditorio de la P7\nCertificaci\u00f3n Leed Gold \n\nExperimenta un espacio de trabajo \u00fanico que combina calidad, sostenibilidad y funcionalidad!\n\nTransporte p\u00fablico:\n\nBus: 7, 192, H12, H14, V23, V25, X1\nMetro: L1 - Gl\u00f2ries\nTram: T4 - L'Arany\u00f3, T4-T5-T6 Gl\u00f2ries\n\nDisponibilidad: inmediata","properties_post_seo_title":"","properties_post_seo_alias":"","properties_post_seo_metadescription":"Oficina en alquiler en el distrito 22@ de Barcelona. Av. Diagonal. Forcadell es su agencia de confianza para el alquiler de esta oficina.","properties_post_seo_key_words":"oficina alquiler 22@ Barcelona, alquiler oficina Barcelona 22@, alquiler 22@Barcelona oficina","properties_post_seo_url":"","properties_post_terms_conditions":""}],"post_type_properties_post_features_type":"office","post_type_properties_post_id_building":"","post_type_properties_post_features_area_constructed":795,"post_type_properties_post_features_conditioned_air":true,"post_type_properties_post_features_doorman":false,"post_type_properties_post_features_heating":true,"post_type_properties_post_features_equipped_kitchen":false,"post_type_properties_post_features_windows_location":"exterior","post_type_properties_post_features_floors_property":false,"post_type_properties_post_features_storage":false,"post_type_properties_post_features_security_door":false,"post_type_properties_post_features_energy_certificate_rating":"A","post_type_properties_post_features_energy_certificate_emissions_rating":"A","post_type_properties_post_features_energy_certificate_emissions_value":"","post_type_properties_post_features_energy_certificate_performance":"","post_type_properties_post_features_bathroom_inside":true,"post_type_properties_post_precio":15900,"post_type_properties_post_precio_alquiler":15900,"post_type_properties_post_record_type_id":"Oficina","post_type_properties_post_categoria__producto":"Oficina","post_type_properties_post_amueblado":false,"post_type_properties_post_precio_m2":20,"post_type_properties_post_zona__comunitaria":false,"post_type_properties_post_electrodomesticos":false,"post_type_properties_post_patio__interior":false,"post_type_properties_post_certificado_energetico_general":"A","post_type_properties_post_certificado_energetico_consumo":"A","post_type_properties_post_certificado_energetico_valor_emisiones":"","post_type_properties_post_certificado_energetico_valor_consumo":"","post_type_properties_post_modalidad":"rent","post_type_properties_post_provincia":"Barcelona","post_type_properties_post_poblacion":"Barcelona","post_type_properties_post_centro__urbano":false,"post_type_properties_post_zonificacion":"22 @","post_type_properties_post_cartera":"","post_type_properties_post_titulo_catalan":"AV. DIAGONAL - 22@","post_type_properties_post_internet_catalan":"Exclusiu edifici d'oficines al vibrant Districte 22@, al costat de Pla\u00e7a de les Gl\u00f2ries. Amb una arquitectura d'avantguarda i una ubicaci\u00f3 privilegiada ofereix un entorn de treball excepcional.\n\nDestaquem l'auditori amb una terrassa enjardinada impressionant, perfecta per a esdeveniments i reunions a l'aire lliure. A m\u00e9s, \u00e9s un edifici sostenible, amb fa\u00e7anes ventilades, aprofitament de llum natural i panells fotovoltaics per a producci\u00f3 d'electricitat, contribuint aix\u00ed a la cura del medi ambient.\n\nCaracter\u00edstiques i serveis:\n\nEdifici singular\nFa\u00e7anes ventilades\nDos accessos independents a l'edifici\nAuditori a P7 amb capacitat per a m\u00e9s de 500 persones\nAcabats de primera qualitat\nOficines di\u00e0fanes amb fals sostre\nS\u00f2l t\u00e8cnic acabat en moqueta\nXarxa de veu i dades incorporada\n\nTerrassa enjardinada situada a l'auditori de la P7\nCertificaci\u00f3 Leed Gold\n\nExperimenta un espai de treball \u00fanic que combina qualitat, sostenibilitat i funcionalitat!\n\nTransport p\u00fablic:\n\nBus: 7, 192, H12, H14, V23, V25, X1\nMetro: L1 - Gl\u00f2ries\nTram: T4 - L'Arany\u00f3, T4-T5-T6 Gl\u00f2ries\n\nDisponibilitat: immediata","post_type_properties_post_titulo_castellano":"AV. DIAGONAL - 22@","post_type_properties_post_internet_castellano":"Exclusivo edificio de oficinas en el vibrante Distrito 22@, junto a Plaza de las Glorias. Con una arquitectura de vanguardia y una ubicaci\u00f3n privilegiada, ofrece un entorno de trabajo excepcional.\n\nDestacamos el auditorio con una impresionante terraza ajardinada, perfecta para eventos y reuniones al aire libre. Adem\u00e1s, es un edificio sostenible, con fachadas ventiladas, aprovechamiento de luz natural y paneles fotovoltaicos para producci\u00f3n de electricidad, contribuyendo as\u00ed al cuidado del medio ambiente.\n\nCaracter\u00edsticas y servicios:\n\nEdificio singular\nFachadas ventiladas\nDos accesos independientes al edificio\nAuditorio en P7 con capacidad para m\u00e1s de 500 personas\nAcabados de primera calidad\nOficinas di\u00e1fanas con falso techo\nSuelo t\u00e9cnico acabado en moqueta\nRed de voz y datos incorporada\nTerraza ajardinada situada en el auditorio de la P7\nCertificaci\u00f3n Leed Gold \n\nExperimenta un espacio de trabajo \u00fanico que combina calidad, sostenibilidad y funcionalidad!\n\nTransporte p\u00fablico:\n\nBus: 7, 192, H12, H14, V23, V25, X1\nMetro: L1 - Gl\u00f2ries\nTram: T4 - L'Arany\u00f3, T4-T5-T6 Gl\u00f2ries\n\nDisponibilidad: inmediata","post_type_properties_post_titulo_ingles":"","post_type_properties_post_internet_ingles":"","post_type_properties_post_features_classification_commercial":false,"post_type_properties_post_features_conservation":"","post_type_properties_post_features_security_personnel":false,"post_type_properties_post_features_parking_available":false,"post_type_properties_post_features_garage_capacity_type":"","post_type_properties_post_features_bathroom_number":"","post_type_properties_post_eje":"","post_type_properties_post_zona":"","post_type_properties_post_comarca":"","post_type_properties_post_features_built_year":"","post_type_properties_post_renta_mensual":15900,"post_type_properties_post_fianza":"","post_type_properties_post_features_area_plot":"","post_type_properties_post_features_area_buildable":"","post_type_properties_post_features_classification_industrial":false,"post_type_properties_post_distrito":"","post_type_properties_post_features_balcony":false,"post_type_properties_post_features_bedroom_number":"","post_type_properties_post_features_heating_type":"","post_type_properties_post_features_equipped_with_furniture":false,"post_type_properties_post_features_pets_allowed":false,"post_type_properties_post_features_pool":false,"post_type_properties_post_features_terrace":false,"post_type_properties_post_features_wardrobes":false,"post_type_properties_post_features_lift_available":false,"post_type_properties_post_features_handicap_adapted_access":false,"post_type_properties_post_features_orientation_east":false,"post_type_properties_post_features_orientation_west":false,"post_type_properties_post_features_orientation_north":false,"post_type_properties_post_features_orientation_south":false,"post_type_properties_post_features_parking_spaces_number":"","post_type_properties_post_features_security_alarm":false,"post_type_properties_post_features_security_system":false,"post_type_properties_post_open_plan":false,"post_type_properties_post_acceso_24_7":false,"post_type_properties_post_oficina_privada":false,"post_type_properties_post_sala_reuniones":false,"post_type_properties_post_espacio_eventos":false,"post_type_properties_post_office":false,"post_type_properties_post_restaurant":false,"post_type_properties_post_acepta_traspaso":false,"post_type_properties_post_vigilancia":false,"post_type_properties_post_features_suite":false,"post_type_properties_post_features_vitro":false,"post_type_properties_post_features_oven":false,"post_type_properties_post_features_microwave":false,"post_type_properties_post_features_washing_machine":false,"post_type_properties_post_features_dryer":false,"post_type_properties_post_features_dishwasher":false,"post_type_properties_post_features_fridge":false,"post_type_properties_post_features_fridge_mini":false,"post_type_properties_post_features_kettle":false,"post_type_properties_post_features_toaster":false,"post_type_properties_post_features_coffee_maker":false,"post_type_properties_post_features_iron":false,"post_type_properties_post_features_ironing_board":false,"post_type_properties_post_features_safe":false,"post_type_properties_post_features_internet":false,"post_type_properties_post_features_solarium":false,"post_type_properties_post_features_clean_service":false,"post_type_properties_post_features_t_v":false,"post_type_properties_post_features_satellite_t_v":false,"post_type_properties_post_features_gas_kitchen":false,"post_type_properties_post_features_view_mountain":false,"post_type_properties_post_features_view_sea":false,"post_type_properties_post_features_concierge":false,"post_type_properties_post_features_loading_dock":false,"post_type_properties_post_features_bridge_crane":false,"post_type_properties_post_features_located_at_corner":false,"post_type_properties_post_features_smoke_extraction":false,"post_type_properties_post_features_rooms":"","post_type_properties_post_features_garden_area":"","post_type_properties_post_features_utilities_water":false,"post_type_properties_post_features_utilities_electricity":false,"post_type_properties_post_features_utilities_natural_gas":false,"post_type_properties_post_features_building_adapted":false,"post_type_properties_post_features_garden":false,"post_type_properties_post_features_classification_hotel":false,"post_type_properties_post_features_classification_chalet":false,"post_type_properties_post_certificado_energetico_emisiones":"A","post_type_properties_post_barrio":"","post_type_properties_post_distrito_empresa":"Sant Mart\u00ed","post_type_properties_post_features_property_category_intern":"","post_type_properties_post_implantada":false,"post_type_properties_post_sello_leed":"1","post_type_properties_post_sello_well":"","post_type_properties_post_sello_breeam":false,"post_type_properties_post_images":[{"properties_post_image_order":1,"properties_post_image_url":"https:\/\/movin.cloud\/empresas\/2438\/imagenes\/222041\/fincas.webp","properties_post_image_url_thumbnail":"https:\/\/movin.cloud\/empresas\/2438\/imagenes\/thumbnails\/222041\/fincas.webp","properties_post_title":"fincas","properties_post_alt":"fincas"},{"properties_post_image_order":2,"properties_post_image_url":"https:\/\/movin.cloud\/empresas\/2438\/imagenes\/222041\/rent-barcelona.webp","properties_post_image_url_thumbnail":"https:\/\/movin.cloud\/empresas\/2438\/imagenes\/thumbnails\/222041\/rent-barcelona.webp","properties_post_title":"rent barcelona","properties_post_alt":"rent barcelona"},{"properties_post_image_order":3,"properties_post_image_url":"https:\/\/movin.cloud\/empresas\/2438\/imagenes\/222041\/alquilar-barcelona.webp","properties_post_image_url_thumbnail":"https:\/\/movin.cloud\/empresas\/2438\/imagenes\/thumbnails\/222041\/alquilar-barcelona.webp","properties_post_title":"alquilar barcelona","properties_post_alt":"alquilar barcelona"},{"properties_post_image_order":4,"properties_post_image_url":"https:\/\/movin.cloud\/empresas\/2438\/imagenes\/222041\/barcelona-alquiler-para-idealistas.webp","properties_post_image_url_thumbnail":"https:\/\/movin.cloud\/empresas\/2438\/imagenes\/thumbnails\/222041\/barcelona-alquiler-para-idealistas.webp","properties_post_title":"barcelona alquiler para idealistas","properties_post_alt":"barcelona alquiler para idealistas"},{"properties_post_image_order":5,"properties_post_image_url":"https:\/\/movin.cloud\/empresas\/2438\/imagenes\/222041\/en-alquiler-7.webp","properties_post_image_url_thumbnail":"https:\/\/movin.cloud\/empresas\/2438\/imagenes\/thumbnails\/222041\/en-alquiler-7.webp","properties_post_title":"en alquiler 7","properties_post_alt":"en alquiler 7"},{"properties_post_image_order":6,"properties_post_image_url":"https:\/\/movin.cloud\/empresas\/2438\/imagenes\/222041\/en-alquiler-11.webp","properties_post_image_url_thumbnail":"https:\/\/movin.cloud\/empresas\/2438\/imagenes\/thumbnails\/222041\/en-alquiler-11.webp","properties_post_title":"en alquiler 11","properties_post_alt":"en alquiler 11"},{"properties_post_image_order":7,"properties_post_image_url":"https:\/\/movin.cloud\/empresas\/2438\/imagenes\/222041\/en-alquiler-12.webp","properties_post_image_url_thumbnail":"https:\/\/movin.cloud\/empresas\/2438\/imagenes\/thumbnails\/222041\/en-alquiler-12.webp","properties_post_title":"en alquiler 12","properties_post_alt":"en alquiler 12"},{"properties_post_image_order":8,"properties_post_image_url":"https:\/\/movin.cloud\/empresas\/2438\/imagenes\/222041\/barcelona-alquilar.webp","properties_post_image_url_thumbnail":"https:\/\/movin.cloud\/empresas\/2438\/imagenes\/thumbnails\/222041\/barcelona-alquilar.webp","properties_post_title":"barcelona alquilar","properties_post_alt":"barcelona alquilar"},{"properties_post_image_order":9,"properties_post_image_url":"https:\/\/movin.cloud\/empresas\/2438\/imagenes\/222041\/inmobiliarias.webp","properties_post_image_url_thumbnail":"https:\/\/movin.cloud\/empresas\/2438\/imagenes\/thumbnails\/222041\/inmobiliarias.webp","properties_post_title":"inmobiliarias","properties_post_alt":"inmobiliarias"},{"properties_post_image_order":10,"properties_post_image_url":"https:\/\/movin.cloud\/empresas\/2438\/imagenes\/222041\/barcelona-viviendas.webp","properties_post_image_url_thumbnail":"https:\/\/movin.cloud\/empresas\/2438\/imagenes\/thumbnails\/222041\/barcelona-viviendas.webp","properties_post_title":"barcelona viviendas","properties_post_alt":"barcelona viviendas"},{"properties_post_image_order":11,"properties_post_image_url":"https:\/\/movin.cloud\/empresas\/2438\/imagenes\/222041\/en-alquiler-barcelona.webp","properties_post_image_url_thumbnail":"https:\/\/movin.cloud\/empresas\/2438\/imagenes\/thumbnails\/222041\/en-alquiler-barcelona.webp","properties_post_title":"en alquiler barcelona","properties_post_alt":"en alquiler barcelona"},{"properties_post_image_order":12,"properties_post_image_url":"https:\/\/movin.cloud\/empresas\/2438\/imagenes\/222041\/en-alquiler-6.webp","properties_post_image_url_thumbnail":"https:\/\/movin.cloud\/empresas\/2438\/imagenes\/thumbnails\/222041\/en-alquiler-6.webp","properties_post_title":"en alquiler 6","properties_post_alt":"en alquiler 6"},{"properties_post_image_order":13,"properties_post_image_url":"https:\/\/movin.cloud\/empresas\/2438\/imagenes\/222041\/barcelona-en-alquiler.webp","properties_post_image_url_thumbnail":"https:\/\/movin.cloud\/empresas\/2438\/imagenes\/thumbnails\/222041\/barcelona-en-alquiler.webp","properties_post_title":"barcelona en alquiler","properties_post_alt":"barcelona en alquiler"},{"properties_post_image_order":14,"properties_post_image_url":"https:\/\/movin.cloud\/empresas\/2438\/imagenes\/222041\/alquiler-barcelona.webp","properties_post_image_url_thumbnail":"https:\/\/movin.cloud\/empresas\/2438\/imagenes\/thumbnails\/222041\/alquiler-barcelona.webp","properties_post_title":"alquiler barcelona","properties_post_alt":"alquiler barcelona"},{"properties_post_image_order":15,"properties_post_image_url":"https:\/\/movin.cloud\/empresas\/2438\/imagenes\/222041\/alquiler-para-idealistas-barcelona.webp","properties_post_image_url_thumbnail":"https:\/\/movin.cloud\/empresas\/2438\/imagenes\/thumbnails\/222041\/alquiler-para-idealistas-barcelona.webp","properties_post_title":"alquiler para idealistas barcelona","properties_post_alt":"alquiler para idealistas barcelona"},{"properties_post_image_order":16,"properties_post_image_url":"https:\/\/movin.cloud\/empresas\/2438\/imagenes\/222041\/barcelona-habitalia.webp","properties_post_image_url_thumbnail":"https:\/\/movin.cloud\/empresas\/2438\/imagenes\/thumbnails\/222041\/barcelona-habitalia.webp","properties_post_title":"barcelona habitalia","properties_post_alt":"barcelona habitalia"},{"properties_post_image_order":17,"properties_post_image_url":"https:\/\/movin.cloud\/empresas\/2438\/imagenes\/222041\/barcelona-inmobiliarias.webp","properties_post_image_url_thumbnail":"https:\/\/movin.cloud\/empresas\/2438\/imagenes\/thumbnails\/222041\/barcelona-inmobiliarias.webp","properties_post_title":"barcelona inmobiliarias","properties_post_alt":"barcelona inmobiliarias"},{"properties_post_image_order":18,"properties_post_image_url":"https:\/\/movin.cloud\/empresas\/2438\/imagenes\/222041\/barcelona-inmobiliaria.webp","properties_post_image_url_thumbnail":"https:\/\/movin.cloud\/empresas\/2438\/imagenes\/thumbnails\/222041\/barcelona-inmobiliaria.webp","properties_post_title":"barcelona inmobiliaria","properties_post_alt":"barcelona inmobiliaria"},{"properties_post_image_order":19,"properties_post_image_url":"https:\/\/movin.cloud\/empresas\/2438\/imagenes\/222041\/en-alquiler-1.webp","properties_post_image_url_thumbnail":"https:\/\/movin.cloud\/empresas\/2438\/imagenes\/thumbnails\/222041\/en-alquiler-1.webp","properties_post_title":"en alquiler 1","properties_post_alt":"en alquiler 1"},{"properties_post_image_order":20,"properties_post_image_url":"https:\/\/movin.cloud\/empresas\/2438\/imagenes\/222041\/en-alquiler-2.webp","properties_post_image_url_thumbnail":"https:\/\/movin.cloud\/empresas\/2438\/imagenes\/thumbnails\/222041\/en-alquiler-2.webp","properties_post_title":"en alquiler 2","properties_post_alt":"en alquiler 2"},{"properties_post_image_order":21,"properties_post_image_url":"https:\/\/movin.cloud\/empresas\/2438\/imagenes\/222041\/en-alquiler-3.webp","properties_post_image_url_thumbnail":"https:\/\/movin.cloud\/empresas\/2438\/imagenes\/thumbnails\/222041\/en-alquiler-3.webp","properties_post_title":"en alquiler 3","properties_post_alt":"en alquiler 3"},{"properties_post_image_order":22,"properties_post_image_url":"https:\/\/movin.cloud\/empresas\/2438\/imagenes\/222041\/en-alquiler-4.webp","properties_post_image_url_thumbnail":"https:\/\/movin.cloud\/empresas\/2438\/imagenes\/thumbnails\/222041\/en-alquiler-4.webp","properties_post_title":"en alquiler 4","properties_post_alt":"en alquiler 4"},{"properties_post_image_order":23,"properties_post_image_url":"https:\/\/movin.cloud\/empresas\/2438\/imagenes\/222041\/en-alquiler-5.webp","properties_post_image_url_thumbnail":"https:\/\/movin.cloud\/empresas\/2438\/imagenes\/thumbnails\/222041\/en-alquiler-5.webp","properties_post_title":"en alquiler 5","properties_post_alt":"en alquiler 5"},{"properties_post_image_order":24,"properties_post_image_url":"https:\/\/movin.cloud\/empresas\/2438\/imagenes\/222041\/en-alquiler-8.webp","properties_post_image_url_thumbnail":"https:\/\/movin.cloud\/empresas\/2438\/imagenes\/thumbnails\/222041\/en-alquiler-8.webp","properties_post_title":"en alquiler 8","properties_post_alt":"en alquiler 8"},{"properties_post_image_order":25,"properties_post_image_url":"https:\/\/movin.cloud\/empresas\/2438\/imagenes\/222041\/en-alquiler-9.webp","properties_post_image_url_thumbnail":"https:\/\/movin.cloud\/empresas\/2438\/imagenes\/thumbnails\/222041\/en-alquiler-9.webp","properties_post_title":"en alquiler 9","properties_post_alt":"en alquiler 9"},{"properties_post_image_order":26,"properties_post_image_url":"https:\/\/movin.cloud\/empresas\/2438\/imagenes\/222041\/en-alquiler-10.webp","properties_post_image_url_thumbnail":"https:\/\/movin.cloud\/empresas\/2438\/imagenes\/thumbnails\/222041\/en-alquiler-10.webp","properties_post_title":"en alquiler 10","properties_post_alt":"en alquiler 10"},{"properties_post_image_order":27,"properties_post_image_url":"https:\/\/movin.cloud\/empresas\/2438\/imagenes\/222041\/en-alquiler-13.webp","properties_post_image_url_thumbnail":"https:\/\/movin.cloud\/empresas\/2438\/imagenes\/thumbnails\/222041\/en-alquiler-13.webp","properties_post_title":"en alquiler 13","properties_post_alt":"en alquiler 13"},{"properties_post_image_order":28,"properties_post_image_url":"https:\/\/movin.cloud\/empresas\/2438\/imagenes\/222041\/alquiler-para-idealista.webp","properties_post_image_url_thumbnail":"https:\/\/movin.cloud\/empresas\/2438\/imagenes\/thumbnails\/222041\/alquiler-para-idealista.webp","properties_post_title":"alquiler para idealista","properties_post_alt":"alquiler para idealista"}],"post_type_properties_post_videos":null,"post_type_properties_post_tour":null,"post_type_properties_post_dossier_url":"","post_type_properties_post_operation_type":"rent","post_type_properties_post_operation_price":15900,"post_type_properties_post_features_hidden_price":false},"yoast_head":"<!-- This site is optimized with the Yoast SEO plugin v27.4 - https:\/\/yoast.com\/product\/yoast-seo-wordpress\/ -->\n<title>AV. DIAGONAL - 22@ - Forcadell<\/title>\n<meta name=\"robots\" content=\"index, follow, max-snippet:-1, max-image-preview:large, max-video-preview:-1\" \/>\n<link rel=\"canonical\" href=\"https:\/\/forcadell.com\/ca\/propiedades\/av-diagonal-22\/\" \/>\n<meta property=\"og:locale\" content=\"ca_ES\" \/>\n<meta property=\"og:type\" content=\"article\" \/>\n<meta property=\"og:title\" content=\"AV. DIAGONAL - 22@ - Forcadell\" \/>\n<meta property=\"og:description\" content=\"Exclusivo edificio de oficinas en el vibrante Distrito 22@, junto a Plaza de las Glorias. Con una arquitectura de vanguardia y una ubicaci\u00f3n privilegiada, ofrece un entorno de trabajo excepcional. Destacamos el auditorio con una impresionante terraza ajardinada, perfecta para eventos y reuniones al aire libre. Adem\u00e1s, es un edificio sostenible, con fachadas ventiladas, aprovechamiento [&hellip;]\" \/>\n<meta property=\"og:url\" content=\"https:\/\/forcadell.com\/ca\/propiedades\/av-diagonal-22\/\" \/>\n<meta property=\"og:site_name\" content=\"Forcadell\" \/>\n<meta property=\"article:modified_time\" content=\"2026-04-28T18:59:34+00:00\" \/>\n<meta name=\"twitter:card\" content=\"summary_large_image\" \/>\n<meta name=\"twitter:label1\" content=\"Temps estimat de lectura\" \/>\n\t<meta name=\"twitter:data1\" content=\"1 minut\" \/>\n<!-- \/ Yoast SEO plugin. -->","yoast_head_json":{"title":"AV. DIAGONAL - 22@ - Forcadell","robots":{"index":"index","follow":"follow","max-snippet":"max-snippet:-1","max-image-preview":"max-image-preview:large","max-video-preview":"max-video-preview:-1"},"canonical":"https:\/\/forcadell.com\/ca\/propiedades\/av-diagonal-22\/","og_locale":"ca_ES","og_type":"article","og_title":"AV. DIAGONAL - 22@ - Forcadell","og_description":"Exclusivo edificio de oficinas en el vibrante Distrito 22@, junto a Plaza de las Glorias. Con una arquitectura de vanguardia y una ubicaci\u00f3n privilegiada, ofrece un entorno de trabajo excepcional. Destacamos el auditorio con una impresionante terraza ajardinada, perfecta para eventos y reuniones al aire libre. Adem\u00e1s, es un edificio sostenible, con fachadas ventiladas, aprovechamiento [&hellip;]","og_url":"https:\/\/forcadell.com\/ca\/propiedades\/av-diagonal-22\/","og_site_name":"Forcadell","article_modified_time":"2026-04-28T18:59:34+00:00","twitter_card":"summary_large_image","twitter_misc":{"Temps estimat de lectura":"1 minut"},"schema":{"@context":"https:\/\/schema.org","@graph":[{"@type":"WebPage","@id":"https:\/\/forcadell.com\/ca\/propiedades\/av-diagonal-22\/","url":"https:\/\/forcadell.com\/ca\/propiedades\/av-diagonal-22\/","name":"AV. DIAGONAL - 22@ - Forcadell","isPartOf":{"@id":"https:\/\/forcadell.com\/ca\/#website"},"datePublished":"2025-11-04T13:25:00+00:00","dateModified":"2026-04-28T18:59:34+00:00","breadcrumb":{"@id":"https:\/\/forcadell.com\/ca\/propiedades\/av-diagonal-22\/#breadcrumb"},"inLanguage":"ca","potentialAction":[{"@type":"ReadAction","target":["https:\/\/forcadell.com\/ca\/propiedades\/av-diagonal-22\/"]}]},{"@type":"BreadcrumbList","@id":"https:\/\/forcadell.com\/ca\/propiedades\/av-diagonal-22\/#breadcrumb","itemListElement":[{"@type":"ListItem","position":1,"name":"Portada","item":"https:\/\/forcadell.com\/ca\/"},{"@type":"ListItem","position":2,"name":"Properties","item":"https:\/\/forcadell.com\/ca\/propiedades\/"},{"@type":"ListItem","position":3,"name":"AV. DIAGONAL &#8211; 22@"}]},{"@type":"WebSite","@id":"https:\/\/forcadell.com\/ca\/#website","url":"https:\/\/forcadell.com\/ca\/","name":"Forcadell","description":"Inmobiliaria Barcelona | Consultores inmobiliarios","potentialAction":[{"@type":"SearchAction","target":{"@type":"EntryPoint","urlTemplate":"https:\/\/forcadell.com\/ca\/?s={search_term_string}"},"query-input":{"@type":"PropertyValueSpecification","valueRequired":true,"valueName":"search_term_string"}}],"inLanguage":"ca"}]}},"_links":{"self":[{"href":"https:\/\/forcadell.com\/ca\/wp-json\/wp\/v2\/properties_post\/57056","targetHints":{"allow":["GET"]}}],"collection":[{"href":"https:\/\/forcadell.com\/ca\/wp-json\/wp\/v2\/properties_post"}],"about":[{"href":"https:\/\/forcadell.com\/ca\/wp-json\/wp\/v2\/types\/properties_post"}],"wp:attachment":[{"href":"https:\/\/forcadell.com\/ca\/wp-json\/wp\/v2\/media?parent=57056"}],"curies":[{"name":"wp","href":"https:\/\/api.w.org\/{rel}","templated":true}]}}