{"id":57018,"date":"2025-11-04T15:23:06","date_gmt":"2025-11-04T13:23:06","guid":{"rendered":"https:\/\/www.forcadell.com\/propiedades\/zona-prime-pg-de-gracia\/"},"modified":"2026-04-28T17:59:08","modified_gmt":"2026-04-28T15:59:08","slug":"zona-prime-pg-de-gracia","status":"publish","type":"properties_post","link":"https:\/\/forcadell.com\/ca\/propiedades\/zona-prime-pg-de-gracia\/","title":{"rendered":"PG DE GR\u00c0CIA"},"content":{"rendered":"<p>Oficinas premium en Passeig de Gr\u00e0cia \u2013 Ubicaci\u00f3n inmejorable en pleno coraz\u00f3n de Barcelona<\/p>\n<p>Se alquilan oficinas en un edificio corporativo exclusivo situado en el emblem\u00e1tico Passeig de Gr\u00e0cia, en el chafl\u00e1n con Gran Via de les Corts Catalanes y a pocos metros de Plaza Catalunya. Una de las direcciones m\u00e1s prestigiosas y representativas de la ciudad.<\/p>\n<p>Edificio:<\/p>\n<p>Uso exclusivo de oficinas<br \/>\nFinca cl\u00e1sica completamente rehabilitada<br \/>\nImagen corporativa excelente<br \/>\nAscensores<br \/>\nServicio de conserjer\u00eda<br \/>\nVigilancia 24 h<br \/>\nAccesos adaptados<\/p>\n<p>Oficinas:<\/p>\n<p>Totalmente reformadas<br \/>\nEspacios luminosos con vistas panor\u00e1micas<br \/>\nDistribuciones di\u00e1fanas y\/o con divisiones<br \/>\nSuelo t\u00e9cnico<br \/>\nFalso techo registrable<br \/>\nClimatizaci\u00f3n fr\u00edo\/calor<\/p>\n<p>Conectividad y transporte:<\/p>\n<p>Metro: L2, L3, L4 \u2013 Passeig de Gr\u00e0cia<br \/>\nBus: 7, 22, 24, 52, 54, H12<br \/>\nRenfe: Pla\u00e7a Catalunya<\/p>\n<p>Una oportunidad excepcional para establecer tu empresa en una ubicaci\u00f3n ic\u00f3nica y con todas las comodidades.<\/p>\n","protected":false},"template":"","class_list":["post-57018","properties_post","type-properties_post","status-publish","hentry","properties_modality-rent","properties_district-eixample","properties_province-barcelona","properties_zone-cbd-diagonal-po-de-gracia","properties_state-barcelona","properties_subclass-oficina","properties_type-oficina"],"acf":{"post_type_properties_post_property_code":"232248","post_type_properties_post_property_reference":"IE-190889","post_type_properties_post_owner_id":"50704","post_type_properties_post_owner_name":"GENERALI ESPA\u00d1A SA DE SEGUROS Y REASEGUROS (7543) #1","post_type_properties_post_property_code_encrypted":"MjkkMTY4MTU=","post_type_properties_post_published":"1","post_type_properties_post_property_visibility":"idealista","post_type_properties_post_contact_name":"Forcadell Oficinas Barcelona","post_type_properties_post_contact_email":"forcadell.oficinas.barcelona@movin.cloud","post_type_properties_post_contact_primary_phone_prefix":"34","post_type_properties_post_contact_primary_phone_number":"934965413","post_type_properties_post_address_visibility":"street","post_type_properties_post_address_country":"Spain","post_type_properties_post_address_coordinates_precision":"exact","post_type_properties_post_address_postal_code":"08007","post_type_properties_post_address_coordinates_latitude":"41.388843","post_type_properties_post_address_coordinates_longitude":"2.168212","post_type_properties_post_address_street_name":"PS de Gr\u00e0cia 11","post_type_properties_post_address_floor":"1","post_type_properties_post_address_town":"Barcelona","post_type_properties_post_building":null,"post_type_properties_post_property":[{"properties_post_description_language":"catalan","properties_post_title":"PG DE GR\u00c0CIA","properties_post_short_description_text_alt":"","properties_post_description_text_alt":"","properties_post_short_description_text":" ","properties_post_link_demanda_inmueble":"https:\/\/movin.cloud\/ca\/Forcadell Oficinas Barcelona\/formulari-peticio-immoble\/sth\/2438&&232248","properties_post_link_demanda_calendario_inmueble":"https:\/\/movin.cloud\/ca\/Forcadell Oficinas Barcelona\/calendari-peticio-immoble\/sth\/2438&&232248","properties_post_description_text":"Oficines premium a Passeig de Gr\u00e0cia \u2013 Ubicaci\u00f3 immillorable al centre de Barcelona\n\nEs lloguen oficines en un edifici corporatiu exclusiu situat a l'emblem\u00e0tic Passeig de Gr\u00e0cia, al xamfr\u00e0 amb Gran Via de les Corts Catalanes ia pocs metres de la Pla\u00e7a Catalunya. Una de les direccions m\u00e9s prestigioses i representatives de la ciutat.\n\nEdifici:\n\n\u00das exclusiu d'oficines\nFinca cl\u00e0ssica completament rehabilitada\nImatge corporativa excel\u00b7lent\nAscensors\nServei de consergeria\nVigil\u00e0ncia 24 h\nAccessos adaptats\n\nOficines:\n\nTotalment reformades\nEspais lluminosos amb vistes panor\u00e0miques\nDistribucions di\u00e0fanes i\/o amb divisions\nS\u00f2l t\u00e8cnic\nFals sostre registrable\nClimatitzaci\u00f3 fred\/calor\n\nConnectivitat i transport:\n\nMetro: L2, L3, L4 \u2013 Passeig de Gr\u00e0cia\nBus: 7, 22, 24, 52, 54, H12\nRenfe: Pla\u00e7a Catalunya\n\nUna oportunitat excepcional per establir la teva empresa a una ubicaci\u00f3 ic\u00f2nica i amb totes les comoditats.","properties_post_seo_title":"","properties_post_seo_alias":"","properties_post_seo_metadescription":"","properties_post_seo_key_words":"","properties_post_seo_url":"","properties_post_terms_conditions":""},{"properties_post_description_language":"spanish","properties_post_title":"PG DE GR\u00c0CIA ","properties_post_short_description_text_alt":"","properties_post_description_text_alt":"","properties_post_short_description_text":" ","properties_post_link_demanda_inmueble":"https:\/\/movin.cloud\/es\/Forcadell Oficinas Barcelona\/formulario-peticion-inmueble\/sth\/2438&&232248","properties_post_link_demanda_calendario_inmueble":"https:\/\/movin.cloud\/es\/Forcadell Oficinas Barcelona\/calendario-peticion-inmueble\/sth\/2438&&232248","properties_post_description_text":"Oficinas premium en Passeig de Gr\u00e0cia \u2013 Ubicaci\u00f3n inmejorable en pleno coraz\u00f3n de Barcelona\n\nSe alquilan oficinas en un edificio corporativo exclusivo situado en el emblem\u00e1tico Passeig de Gr\u00e0cia, en el chafl\u00e1n con Gran Via de les Corts Catalanes y a pocos metros de Plaza Catalunya. Una de las direcciones m\u00e1s prestigiosas y representativas de la ciudad.\n\nEdificio:\n\nUso exclusivo de oficinas\nFinca cl\u00e1sica completamente rehabilitada\nImagen corporativa excelente\nAscensores\nServicio de conserjer\u00eda\nVigilancia 24 h\nAccesos adaptados\n\nOficinas:\n\nTotalmente reformadas\nEspacios luminosos con vistas panor\u00e1micas\nDistribuciones di\u00e1fanas y\/o con divisiones\nSuelo t\u00e9cnico\nFalso techo registrable\nClimatizaci\u00f3n fr\u00edo\/calor\n\nConectividad y transporte:\n\nMetro: L2, L3, L4 \u2013 Passeig de Gr\u00e0cia\nBus: 7, 22, 24, 52, 54, H12\nRenfe: Pla\u00e7a Catalunya\n\nUna oportunidad excepcional para establecer tu empresa en una ubicaci\u00f3n ic\u00f3nica y con todas las comodidades.\n\n","properties_post_seo_title":"","properties_post_seo_alias":"","properties_post_seo_metadescription":"","properties_post_seo_key_words":"","properties_post_seo_url":"","properties_post_terms_conditions":""},{"properties_post_description_language":"english","properties_post_title":"PG DE GR\u00c0CIA","properties_post_short_description_text_alt":"","properties_post_description_text_alt":"","properties_post_short_description_text":" ","properties_post_link_demanda_inmueble":"https:\/\/movin.cloud\/en\/Forcadell Oficinas Barcelona\/property-form-request\/sth\/2438&&232248","properties_post_link_demanda_calendario_inmueble":"https:\/\/movin.cloud\/en\/Forcadell Oficinas Barcelona\/property-calendar-request\/sth\/2438&&232248","properties_post_description_text":"Premium Offices on Passeig de Gr\u00e0cia \u2013 Unbeatable Location in the Heart of Barcelona\n\nOffices are available for rent in an exclusive corporate building located on the iconic Passeig de Gr\u00e0cia, at the corner of Gran Via de les Corts Catalanes and just steps from Pla\u00e7a Catalunya. One of the most prestigious and representative addresses in the city.\n\nBuilding:\n\nExclusively for office use\nCompletely renovated classic building\nExcellent corporate image\nElevators\nConcierge service\n24-hour security\nAccessible access\n\nOffices:\n\nFully renovated\nBright spaces with panoramic views\nOpen-plan layouts and\/or partitioned spaces\nRaised access flooring\nSuspended ceilings\nHeating and air conditioning\n\nConnectivity and transport:\n\nMetro: L2, L3, L4 \u2013 Passeig de Gr\u00e0cia\nBus: 7, 22, 24, 52, 54, H12\nRenfe: Pla\u00e7a Catalunya\n\nAn exceptional opportunity to establish your company in an iconic location with all the amenities.","properties_post_seo_title":"","properties_post_seo_alias":"","properties_post_seo_metadescription":"","properties_post_seo_key_words":"","properties_post_seo_url":"","properties_post_terms_conditions":""}],"post_type_properties_post_features_type":"office","post_type_properties_post_id_building":"","post_type_properties_post_features_area_constructed":695,"post_type_properties_post_features_conditioned_air":true,"post_type_properties_post_features_doorman":false,"post_type_properties_post_features_heating":true,"post_type_properties_post_features_equipped_kitchen":false,"post_type_properties_post_features_windows_location":"exterior","post_type_properties_post_features_floors_property":false,"post_type_properties_post_features_storage":false,"post_type_properties_post_features_security_door":false,"post_type_properties_post_features_energy_certificate_rating":"D","post_type_properties_post_features_energy_certificate_emissions_rating":"D","post_type_properties_post_features_energy_certificate_emissions_value":94,"post_type_properties_post_features_energy_certificate_performance":377,"post_type_properties_post_features_bathroom_inside":true,"post_type_properties_post_precio":16680,"post_type_properties_post_precio_alquiler":16680,"post_type_properties_post_record_type_id":"Oficina","post_type_properties_post_categoria__producto":"Oficina","post_type_properties_post_amueblado":false,"post_type_properties_post_precio_m2":24,"post_type_properties_post_zona__comunitaria":false,"post_type_properties_post_electrodomesticos":false,"post_type_properties_post_patio__interior":false,"post_type_properties_post_certificado_energetico_general":"D","post_type_properties_post_certificado_energetico_consumo":"D","post_type_properties_post_certificado_energetico_valor_emisiones":94,"post_type_properties_post_certificado_energetico_valor_consumo":377,"post_type_properties_post_modalidad":"rent","post_type_properties_post_provincia":"Barcelona","post_type_properties_post_poblacion":"Barcelona","post_type_properties_post_centro__urbano":false,"post_type_properties_post_zonificacion":"CBD - Diagonal \/ P\u00ba de Gracia","post_type_properties_post_cartera":"","post_type_properties_post_titulo_catalan":"PG DE GR\u00c0CIA","post_type_properties_post_internet_catalan":"Oficines premium a Passeig de Gr\u00e0cia \u2013 Ubicaci\u00f3 immillorable al centre de Barcelona\n\nEs lloguen oficines en un edifici corporatiu exclusiu situat a l'emblem\u00e0tic Passeig de Gr\u00e0cia, al xamfr\u00e0 amb Gran Via de les Corts Catalanes ia pocs metres de la Pla\u00e7a Catalunya. Una de les direccions m\u00e9s prestigioses i representatives de la ciutat.\n\nEdifici:\n\n\u00das exclusiu d'oficines\nFinca cl\u00e0ssica completament rehabilitada\nImatge corporativa excel\u00b7lent\nAscensors\nServei de consergeria\nVigil\u00e0ncia 24 h\nAccessos adaptats\n\nOficines:\n\nTotalment reformades\nEspais lluminosos amb vistes panor\u00e0miques\nDistribucions di\u00e0fanes i\/o amb divisions\nS\u00f2l t\u00e8cnic\nFals sostre registrable\nClimatitzaci\u00f3 fred\/calor\n\nConnectivitat i transport:\n\nMetro: L2, L3, L4 \u2013 Passeig de Gr\u00e0cia\nBus: 7, 22, 24, 52, 54, H12\nRenfe: Pla\u00e7a Catalunya\n\nUna oportunitat excepcional per establir la teva empresa a una ubicaci\u00f3 ic\u00f2nica i amb totes les comoditats.","post_type_properties_post_titulo_castellano":"PG DE GR\u00c0CIA ","post_type_properties_post_internet_castellano":"Oficinas premium en Passeig de Gr\u00e0cia \u2013 Ubicaci\u00f3n inmejorable en pleno coraz\u00f3n de Barcelona\n\nSe alquilan oficinas en un edificio corporativo exclusivo situado en el emblem\u00e1tico Passeig de Gr\u00e0cia, en el chafl\u00e1n con Gran Via de les Corts Catalanes y a pocos metros de Plaza Catalunya. Una de las direcciones m\u00e1s prestigiosas y representativas de la ciudad.\n\nEdificio:\n\nUso exclusivo de oficinas\nFinca cl\u00e1sica completamente rehabilitada\nImagen corporativa excelente\nAscensores\nServicio de conserjer\u00eda\nVigilancia 24 h\nAccesos adaptados\n\nOficinas:\n\nTotalmente reformadas\nEspacios luminosos con vistas panor\u00e1micas\nDistribuciones di\u00e1fanas y\/o con divisiones\nSuelo t\u00e9cnico\nFalso techo registrable\nClimatizaci\u00f3n fr\u00edo\/calor\n\nConectividad y transporte:\n\nMetro: L2, L3, L4 \u2013 Passeig de Gr\u00e0cia\nBus: 7, 22, 24, 52, 54, H12\nRenfe: Pla\u00e7a Catalunya\n\nUna oportunidad excepcional para establecer tu empresa en una ubicaci\u00f3n ic\u00f3nica y con todas las comodidades.\n\n","post_type_properties_post_titulo_ingles":"PG DE GR\u00c0CIA","post_type_properties_post_internet_ingles":"Premium Offices on Passeig de Gr\u00e0cia \u2013 Unbeatable Location in the Heart of Barcelona\n\nOffices are available for rent in an exclusive corporate building located on the iconic Passeig de Gr\u00e0cia, at the corner of Gran Via de les Corts Catalanes and just steps from Pla\u00e7a Catalunya. One of the most prestigious and representative addresses in the city.\n\nBuilding:\n\nExclusively for office use\nCompletely renovated classic building\nExcellent corporate image\nElevators\nConcierge service\n24-hour security\nAccessible access\n\nOffices:\n\nFully renovated\nBright spaces with panoramic views\nOpen-plan layouts and\/or partitioned spaces\nRaised access flooring\nSuspended ceilings\nHeating and air conditioning\n\nConnectivity and transport:\n\nMetro: L2, L3, L4 \u2013 Passeig de Gr\u00e0cia\nBus: 7, 22, 24, 52, 54, H12\nRenfe: Pla\u00e7a Catalunya\n\nAn exceptional opportunity to establish your company in an iconic location with all the amenities.","post_type_properties_post_features_classification_commercial":false,"post_type_properties_post_features_conservation":"","post_type_properties_post_features_security_personnel":false,"post_type_properties_post_features_parking_available":false,"post_type_properties_post_features_garage_capacity_type":"","post_type_properties_post_features_bathroom_number":"","post_type_properties_post_eje":"","post_type_properties_post_zona":"","post_type_properties_post_comarca":"","post_type_properties_post_features_built_year":"","post_type_properties_post_renta_mensual":5994,"post_type_properties_post_fianza":"","post_type_properties_post_features_area_plot":"","post_type_properties_post_features_area_buildable":"","post_type_properties_post_features_classification_industrial":false,"post_type_properties_post_distrito":"","post_type_properties_post_features_balcony":false,"post_type_properties_post_features_bedroom_number":"","post_type_properties_post_features_heating_type":"","post_type_properties_post_features_equipped_with_furniture":false,"post_type_properties_post_features_pets_allowed":false,"post_type_properties_post_features_pool":false,"post_type_properties_post_features_terrace":false,"post_type_properties_post_features_wardrobes":false,"post_type_properties_post_features_lift_available":false,"post_type_properties_post_features_handicap_adapted_access":false,"post_type_properties_post_features_orientation_east":false,"post_type_properties_post_features_orientation_west":false,"post_type_properties_post_features_orientation_north":false,"post_type_properties_post_features_orientation_south":false,"post_type_properties_post_features_parking_spaces_number":"","post_type_properties_post_features_security_alarm":false,"post_type_properties_post_features_security_system":false,"post_type_properties_post_open_plan":false,"post_type_properties_post_acceso_24_7":false,"post_type_properties_post_oficina_privada":false,"post_type_properties_post_sala_reuniones":false,"post_type_properties_post_espacio_eventos":false,"post_type_properties_post_office":false,"post_type_properties_post_restaurant":false,"post_type_properties_post_acepta_traspaso":false,"post_type_properties_post_vigilancia":false,"post_type_properties_post_features_suite":false,"post_type_properties_post_features_vitro":false,"post_type_properties_post_features_oven":false,"post_type_properties_post_features_microwave":false,"post_type_properties_post_features_washing_machine":false,"post_type_properties_post_features_dryer":false,"post_type_properties_post_features_dishwasher":false,"post_type_properties_post_features_fridge":false,"post_type_properties_post_features_fridge_mini":false,"post_type_properties_post_features_kettle":false,"post_type_properties_post_features_toaster":false,"post_type_properties_post_features_coffee_maker":false,"post_type_properties_post_features_iron":false,"post_type_properties_post_features_ironing_board":false,"post_type_properties_post_features_safe":false,"post_type_properties_post_features_internet":false,"post_type_properties_post_features_solarium":false,"post_type_properties_post_features_clean_service":false,"post_type_properties_post_features_t_v":false,"post_type_properties_post_features_satellite_t_v":false,"post_type_properties_post_features_gas_kitchen":false,"post_type_properties_post_features_view_mountain":false,"post_type_properties_post_features_view_sea":false,"post_type_properties_post_features_concierge":false,"post_type_properties_post_features_loading_dock":false,"post_type_properties_post_features_bridge_crane":false,"post_type_properties_post_features_located_at_corner":false,"post_type_properties_post_features_smoke_extraction":false,"post_type_properties_post_features_rooms":"","post_type_properties_post_features_garden_area":"","post_type_properties_post_features_utilities_water":false,"post_type_properties_post_features_utilities_electricity":false,"post_type_properties_post_features_utilities_natural_gas":false,"post_type_properties_post_features_building_adapted":false,"post_type_properties_post_features_garden":false,"post_type_properties_post_features_classification_hotel":false,"post_type_properties_post_features_classification_chalet":false,"post_type_properties_post_certificado_energetico_emisiones":"D","post_type_properties_post_barrio":"","post_type_properties_post_distrito_empresa":"Eixample","post_type_properties_post_features_property_category_intern":"","post_type_properties_post_implantada":false,"post_type_properties_post_sello_leed":"","post_type_properties_post_sello_well":"","post_type_properties_post_sello_breeam":false,"post_type_properties_post_images":[{"properties_post_image_order":1,"properties_post_image_url":"https:\/\/movin.cloud\/empresas\/2438\/imagenes\/232248\/barcelona-alquilar.webp","properties_post_image_url_thumbnail":"https:\/\/movin.cloud\/empresas\/2438\/imagenes\/thumbnails\/232248\/barcelona-alquilar.webp","properties_post_title":"barcelona alquilar","properties_post_alt":"barcelona alquilar"},{"properties_post_image_order":2,"properties_post_image_url":"https:\/\/movin.cloud\/empresas\/2438\/imagenes\/232248\/fincas-barcelona.webp","properties_post_image_url_thumbnail":"https:\/\/movin.cloud\/empresas\/2438\/imagenes\/thumbnails\/232248\/fincas-barcelona.webp","properties_post_title":"fincas barcelona","properties_post_alt":"fincas barcelona"},{"properties_post_image_order":3,"properties_post_image_url":"https:\/\/movin.cloud\/empresas\/2438\/imagenes\/232248\/barcelona-viviendas.webp","properties_post_image_url_thumbnail":"https:\/\/movin.cloud\/empresas\/2438\/imagenes\/thumbnails\/232248\/barcelona-viviendas.webp","properties_post_title":"barcelona viviendas","properties_post_alt":"barcelona viviendas"},{"properties_post_image_order":4,"properties_post_image_url":"https:\/\/movin.cloud\/empresas\/2438\/imagenes\/232248\/viviendas-barcelona.webp","properties_post_image_url_thumbnail":"https:\/\/movin.cloud\/empresas\/2438\/imagenes\/thumbnails\/232248\/viviendas-barcelona.webp","properties_post_title":"viviendas barcelona","properties_post_alt":"viviendas barcelona"},{"properties_post_image_order":5,"properties_post_image_url":"https:\/\/movin.cloud\/empresas\/2438\/imagenes\/232248\/alquiler-barcelona.webp","properties_post_image_url_thumbnail":"https:\/\/movin.cloud\/empresas\/2438\/imagenes\/thumbnails\/232248\/alquiler-barcelona.webp","properties_post_title":"alquiler barcelona","properties_post_alt":"alquiler barcelona"},{"properties_post_image_order":6,"properties_post_image_url":"https:\/\/movin.cloud\/empresas\/2438\/imagenes\/232248\/habitalia-barcelona.webp","properties_post_image_url_thumbnail":"https:\/\/movin.cloud\/empresas\/2438\/imagenes\/thumbnails\/232248\/habitalia-barcelona.webp","properties_post_title":"habitalia barcelona","properties_post_alt":"habitalia barcelona"},{"properties_post_image_order":7,"properties_post_image_url":"https:\/\/movin.cloud\/empresas\/2438\/imagenes\/232248\/alquiler-para-idealista-barcelona.webp","properties_post_image_url_thumbnail":"https:\/\/movin.cloud\/empresas\/2438\/imagenes\/thumbnails\/232248\/alquiler-para-idealista-barcelona.webp","properties_post_title":"alquiler para idealista barcelona","properties_post_alt":"alquiler para idealista barcelona"},{"properties_post_image_order":8,"properties_post_image_url":"https:\/\/movin.cloud\/empresas\/2438\/imagenes\/232248\/alquiler-para-idealistas-barcelona.webp","properties_post_image_url_thumbnail":"https:\/\/movin.cloud\/empresas\/2438\/imagenes\/thumbnails\/232248\/alquiler-para-idealistas-barcelona.webp","properties_post_title":"alquiler para idealistas barcelona","properties_post_alt":"alquiler para idealistas barcelona"},{"properties_post_image_order":9,"properties_post_image_url":"https:\/\/movin.cloud\/empresas\/2438\/imagenes\/232248\/rent-barcelona.webp","properties_post_image_url_thumbnail":"https:\/\/movin.cloud\/empresas\/2438\/imagenes\/thumbnails\/232248\/rent-barcelona.webp","properties_post_title":"rent barcelona","properties_post_alt":"rent barcelona"},{"properties_post_image_order":10,"properties_post_image_url":"https:\/\/movin.cloud\/empresas\/2438\/imagenes\/232248\/alquilar-barcelona.webp","properties_post_image_url_thumbnail":"https:\/\/movin.cloud\/empresas\/2438\/imagenes\/thumbnails\/232248\/alquilar-barcelona.webp","properties_post_title":"alquilar barcelona","properties_post_alt":"alquilar barcelona"},{"properties_post_image_order":11,"properties_post_image_url":"https:\/\/movin.cloud\/empresas\/2438\/imagenes\/232248\/inmobiliarias-barcelona.webp","properties_post_image_url_thumbnail":"https:\/\/movin.cloud\/empresas\/2438\/imagenes\/thumbnails\/232248\/inmobiliarias-barcelona.webp","properties_post_title":"inmobiliarias barcelona","properties_post_alt":"inmobiliarias barcelona"},{"properties_post_image_order":12,"properties_post_image_url":"https:\/\/movin.cloud\/empresas\/2438\/imagenes\/232248\/inmobiliaria-barcelona.webp","properties_post_image_url_thumbnail":"https:\/\/movin.cloud\/empresas\/2438\/imagenes\/thumbnails\/232248\/inmobiliaria-barcelona.webp","properties_post_title":"inmobiliaria barcelona","properties_post_alt":"inmobiliaria barcelona"},{"properties_post_image_order":13,"properties_post_image_url":"https:\/\/movin.cloud\/empresas\/2438\/imagenes\/232248\/alquiler-idealistas-barcelona.webp","properties_post_image_url_thumbnail":"https:\/\/movin.cloud\/empresas\/2438\/imagenes\/thumbnails\/232248\/alquiler-idealistas-barcelona.webp","properties_post_title":"alquiler idealistas barcelona","properties_post_alt":"alquiler idealistas barcelona"},{"properties_post_image_order":14,"properties_post_image_url":"https:\/\/movin.cloud\/empresas\/2438\/imagenes\/232248\/barcelona-en-alquiler.webp","properties_post_image_url_thumbnail":"https:\/\/movin.cloud\/empresas\/2438\/imagenes\/thumbnails\/232248\/barcelona-en-alquiler.webp","properties_post_title":"barcelona en alquiler","properties_post_alt":"barcelona en alquiler"},{"properties_post_image_order":15,"properties_post_image_url":"https:\/\/movin.cloud\/empresas\/2438\/imagenes\/232248\/barcelona-alquiler.webp","properties_post_image_url_thumbnail":"https:\/\/movin.cloud\/empresas\/2438\/imagenes\/thumbnails\/232248\/barcelona-alquiler.webp","properties_post_title":"barcelona alquiler","properties_post_alt":"barcelona alquiler"},{"properties_post_image_order":16,"properties_post_image_url":"https:\/\/movin.cloud\/empresas\/2438\/imagenes\/232248\/barcelona-alquiler-idealistas.webp","properties_post_image_url_thumbnail":"https:\/\/movin.cloud\/empresas\/2438\/imagenes\/thumbnails\/232248\/barcelona-alquiler-idealistas.webp","properties_post_title":"barcelona alquiler idealistas","properties_post_alt":"barcelona alquiler idealistas"},{"properties_post_image_order":17,"properties_post_image_url":"https:\/\/movin.cloud\/empresas\/2438\/imagenes\/232248\/barcelona-habitalia.webp","properties_post_image_url_thumbnail":"https:\/\/movin.cloud\/empresas\/2438\/imagenes\/thumbnails\/232248\/barcelona-habitalia.webp","properties_post_title":"barcelona habitalia","properties_post_alt":"barcelona habitalia"},{"properties_post_image_order":18,"properties_post_image_url":"https:\/\/movin.cloud\/empresas\/2438\/imagenes\/232248\/en-alquiler-barcelona.webp","properties_post_image_url_thumbnail":"https:\/\/movin.cloud\/empresas\/2438\/imagenes\/thumbnails\/232248\/en-alquiler-barcelona.webp","properties_post_title":"en alquiler barcelona","properties_post_alt":"en alquiler barcelona"},{"properties_post_image_order":19,"properties_post_image_url":"https:\/\/movin.cloud\/empresas\/2438\/imagenes\/232248\/barcelona-alquiler-para-idealista.webp","properties_post_image_url_thumbnail":"https:\/\/movin.cloud\/empresas\/2438\/imagenes\/thumbnails\/232248\/barcelona-alquiler-para-idealista.webp","properties_post_title":"barcelona alquiler para idealista","properties_post_alt":"barcelona alquiler para idealista"},{"properties_post_image_order":20,"properties_post_image_url":"https:\/\/movin.cloud\/empresas\/2438\/imagenes\/232248\/barcelona-alquiler-para-idealistas.webp","properties_post_image_url_thumbnail":"https:\/\/movin.cloud\/empresas\/2438\/imagenes\/thumbnails\/232248\/barcelona-alquiler-para-idealistas.webp","properties_post_title":"barcelona alquiler para idealistas","properties_post_alt":"barcelona alquiler para idealistas"},{"properties_post_image_order":21,"properties_post_image_url":"https:\/\/movin.cloud\/empresas\/2438\/imagenes\/232248\/barcelona-rent.webp","properties_post_image_url_thumbnail":"https:\/\/movin.cloud\/empresas\/2438\/imagenes\/thumbnails\/232248\/barcelona-rent.webp","properties_post_title":"barcelona rent","properties_post_alt":"barcelona rent"},{"properties_post_image_order":22,"properties_post_image_url":"https:\/\/movin.cloud\/empresas\/2438\/imagenes\/232248\/en-alquiler-7.webp","properties_post_image_url_thumbnail":"https:\/\/movin.cloud\/empresas\/2438\/imagenes\/thumbnails\/232248\/en-alquiler-7.webp","properties_post_title":"en alquiler 7","properties_post_alt":"en alquiler 7"},{"properties_post_image_order":23,"properties_post_image_url":"https:\/\/movin.cloud\/empresas\/2438\/imagenes\/232248\/barcelona-fincas.webp","properties_post_image_url_thumbnail":"https:\/\/movin.cloud\/empresas\/2438\/imagenes\/thumbnails\/232248\/barcelona-fincas.webp","properties_post_title":"barcelona fincas","properties_post_alt":"barcelona fincas"},{"properties_post_image_order":24,"properties_post_image_url":"https:\/\/movin.cloud\/empresas\/2438\/imagenes\/232248\/barcelona-inmobiliarias.webp","properties_post_image_url_thumbnail":"https:\/\/movin.cloud\/empresas\/2438\/imagenes\/thumbnails\/232248\/barcelona-inmobiliarias.webp","properties_post_title":"barcelona inmobiliarias","properties_post_alt":"barcelona inmobiliarias"},{"properties_post_image_order":25,"properties_post_image_url":"https:\/\/movin.cloud\/empresas\/2438\/imagenes\/232248\/barcelona-inmobiliaria.webp","properties_post_image_url_thumbnail":"https:\/\/movin.cloud\/empresas\/2438\/imagenes\/thumbnails\/232248\/barcelona-inmobiliaria.webp","properties_post_title":"barcelona inmobiliaria","properties_post_alt":"barcelona inmobiliaria"},{"properties_post_image_order":26,"properties_post_image_url":"https:\/\/movin.cloud\/empresas\/2438\/imagenes\/232248\/en-alquiler-1.webp","properties_post_image_url_thumbnail":"https:\/\/movin.cloud\/empresas\/2438\/imagenes\/thumbnails\/232248\/en-alquiler-1.webp","properties_post_title":"en alquiler 1","properties_post_alt":"en alquiler 1"},{"properties_post_image_order":27,"properties_post_image_url":"https:\/\/movin.cloud\/empresas\/2438\/imagenes\/232248\/en-alquiler-2.webp","properties_post_image_url_thumbnail":"https:\/\/movin.cloud\/empresas\/2438\/imagenes\/thumbnails\/232248\/en-alquiler-2.webp","properties_post_title":"en alquiler 2","properties_post_alt":"en alquiler 2"},{"properties_post_image_order":28,"properties_post_image_url":"https:\/\/movin.cloud\/empresas\/2438\/imagenes\/232248\/en-alquiler-3.webp","properties_post_image_url_thumbnail":"https:\/\/movin.cloud\/empresas\/2438\/imagenes\/thumbnails\/232248\/en-alquiler-3.webp","properties_post_title":"en alquiler 3","properties_post_alt":"en alquiler 3"},{"properties_post_image_order":29,"properties_post_image_url":"https:\/\/movin.cloud\/empresas\/2438\/imagenes\/232248\/en-alquiler-4.webp","properties_post_image_url_thumbnail":"https:\/\/movin.cloud\/empresas\/2438\/imagenes\/thumbnails\/232248\/en-alquiler-4.webp","properties_post_title":"en alquiler 4","properties_post_alt":"en alquiler 4"},{"properties_post_image_order":30,"properties_post_image_url":"https:\/\/movin.cloud\/empresas\/2438\/imagenes\/232248\/en-alquiler-5.webp","properties_post_image_url_thumbnail":"https:\/\/movin.cloud\/empresas\/2438\/imagenes\/thumbnails\/232248\/en-alquiler-5.webp","properties_post_title":"en alquiler 5","properties_post_alt":"en alquiler 5"},{"properties_post_image_order":31,"properties_post_image_url":"https:\/\/movin.cloud\/empresas\/2438\/imagenes\/232248\/en-alquiler-6.webp","properties_post_image_url_thumbnail":"https:\/\/movin.cloud\/empresas\/2438\/imagenes\/thumbnails\/232248\/en-alquiler-6.webp","properties_post_title":"en alquiler 6","properties_post_alt":"en alquiler 6"},{"properties_post_image_order":32,"properties_post_image_url":"https:\/\/movin.cloud\/empresas\/2438\/imagenes\/232248\/en-alquiler-17.webp","properties_post_image_url_thumbnail":"https:\/\/movin.cloud\/empresas\/2438\/imagenes\/thumbnails\/232248\/en-alquiler-17.webp","properties_post_title":"en alquiler 17","properties_post_alt":"en alquiler 17"},{"properties_post_image_order":33,"properties_post_image_url":"https:\/\/movin.cloud\/empresas\/2438\/imagenes\/232248\/en-alquiler-8.webp","properties_post_image_url_thumbnail":"https:\/\/movin.cloud\/empresas\/2438\/imagenes\/thumbnails\/232248\/en-alquiler-8.webp","properties_post_title":"en alquiler 8","properties_post_alt":"en alquiler 8"},{"properties_post_image_order":34,"properties_post_image_url":"https:\/\/movin.cloud\/empresas\/2438\/imagenes\/232248\/en-alquiler-9.webp","properties_post_image_url_thumbnail":"https:\/\/movin.cloud\/empresas\/2438\/imagenes\/thumbnails\/232248\/en-alquiler-9.webp","properties_post_title":"en alquiler 9","properties_post_alt":"en alquiler 9"},{"properties_post_image_order":35,"properties_post_image_url":"https:\/\/movin.cloud\/empresas\/2438\/imagenes\/232248\/en-alquiler-10.webp","properties_post_image_url_thumbnail":"https:\/\/movin.cloud\/empresas\/2438\/imagenes\/thumbnails\/232248\/en-alquiler-10.webp","properties_post_title":"en alquiler 10","properties_post_alt":"en alquiler 10"},{"properties_post_image_order":36,"properties_post_image_url":"https:\/\/movin.cloud\/empresas\/2438\/imagenes\/232248\/en-alquiler-11.webp","properties_post_image_url_thumbnail":"https:\/\/movin.cloud\/empresas\/2438\/imagenes\/thumbnails\/232248\/en-alquiler-11.webp","properties_post_title":"en alquiler 11","properties_post_alt":"en alquiler 11"},{"properties_post_image_order":37,"properties_post_image_url":"https:\/\/movin.cloud\/empresas\/2438\/imagenes\/232248\/en-alquiler-12.webp","properties_post_image_url_thumbnail":"https:\/\/movin.cloud\/empresas\/2438\/imagenes\/thumbnails\/232248\/en-alquiler-12.webp","properties_post_title":"en alquiler 12","properties_post_alt":"en alquiler 12"},{"properties_post_image_order":38,"properties_post_image_url":"https:\/\/movin.cloud\/empresas\/2438\/imagenes\/232248\/en-alquiler-13.webp","properties_post_image_url_thumbnail":"https:\/\/movin.cloud\/empresas\/2438\/imagenes\/thumbnails\/232248\/en-alquiler-13.webp","properties_post_title":"en alquiler 13","properties_post_alt":"en alquiler 13"},{"properties_post_image_order":39,"properties_post_image_url":"https:\/\/movin.cloud\/empresas\/2438\/imagenes\/232248\/en-alquiler-14.webp","properties_post_image_url_thumbnail":"https:\/\/movin.cloud\/empresas\/2438\/imagenes\/thumbnails\/232248\/en-alquiler-14.webp","properties_post_title":"en alquiler 14","properties_post_alt":"en alquiler 14"},{"properties_post_image_order":40,"properties_post_image_url":"https:\/\/movin.cloud\/empresas\/2438\/imagenes\/232248\/en-alquiler-15.webp","properties_post_image_url_thumbnail":"https:\/\/movin.cloud\/empresas\/2438\/imagenes\/thumbnails\/232248\/en-alquiler-15.webp","properties_post_title":"en alquiler 15","properties_post_alt":"en alquiler 15"},{"properties_post_image_order":41,"properties_post_image_url":"https:\/\/movin.cloud\/empresas\/2438\/imagenes\/232248\/en-alquiler-16.webp","properties_post_image_url_thumbnail":"https:\/\/movin.cloud\/empresas\/2438\/imagenes\/thumbnails\/232248\/en-alquiler-16.webp","properties_post_title":"en alquiler 16","properties_post_alt":"en alquiler 16"},{"properties_post_image_order":42,"properties_post_image_url":"https:\/\/movin.cloud\/empresas\/2438\/imagenes\/232248\/en-alquiler-18.webp","properties_post_image_url_thumbnail":"https:\/\/movin.cloud\/empresas\/2438\/imagenes\/thumbnails\/232248\/en-alquiler-18.webp","properties_post_title":"en alquiler 18","properties_post_alt":"en alquiler 18"},{"properties_post_image_order":43,"properties_post_image_url":"https:\/\/movin.cloud\/empresas\/2438\/imagenes\/232248\/en-alquiler-19.webp","properties_post_image_url_thumbnail":"https:\/\/movin.cloud\/empresas\/2438\/imagenes\/thumbnails\/232248\/en-alquiler-19.webp","properties_post_title":"en alquiler 19","properties_post_alt":"en alquiler 19"},{"properties_post_image_order":44,"properties_post_image_url":"https:\/\/movin.cloud\/empresas\/2438\/imagenes\/232248\/en-alquiler-20.webp","properties_post_image_url_thumbnail":"https:\/\/movin.cloud\/empresas\/2438\/imagenes\/thumbnails\/232248\/en-alquiler-20.webp","properties_post_title":"en alquiler 20","properties_post_alt":"en alquiler 20"},{"properties_post_image_order":45,"properties_post_image_url":"https:\/\/movin.cloud\/empresas\/2438\/imagenes\/232248\/en-alquiler-21.webp","properties_post_image_url_thumbnail":"https:\/\/movin.cloud\/empresas\/2438\/imagenes\/thumbnails\/232248\/en-alquiler-21.webp","properties_post_title":"en alquiler 21","properties_post_alt":"en alquiler 21"},{"properties_post_image_order":46,"properties_post_image_url":"https:\/\/movin.cloud\/empresas\/2438\/imagenes\/232248\/en-alquiler-22.webp","properties_post_image_url_thumbnail":"https:\/\/movin.cloud\/empresas\/2438\/imagenes\/thumbnails\/232248\/en-alquiler-22.webp","properties_post_title":"en alquiler 22","properties_post_alt":"en alquiler 22"},{"properties_post_image_order":47,"properties_post_image_url":"https:\/\/movin.cloud\/empresas\/2438\/imagenes\/232248\/en-alquiler-23.webp","properties_post_image_url_thumbnail":"https:\/\/movin.cloud\/empresas\/2438\/imagenes\/thumbnails\/232248\/en-alquiler-23.webp","properties_post_title":"en alquiler 23","properties_post_alt":"en alquiler 23"},{"properties_post_image_order":48,"properties_post_image_url":"https:\/\/movin.cloud\/empresas\/2438\/imagenes\/232248\/en-alquiler-24.webp","properties_post_image_url_thumbnail":"https:\/\/movin.cloud\/empresas\/2438\/imagenes\/thumbnails\/232248\/en-alquiler-24.webp","properties_post_title":"en alquiler 24","properties_post_alt":"en alquiler 24"},{"properties_post_image_order":49,"properties_post_image_url":"https:\/\/movin.cloud\/empresas\/2438\/imagenes\/232248\/en-alquiler-25.webp","properties_post_image_url_thumbnail":"https:\/\/movin.cloud\/empresas\/2438\/imagenes\/thumbnails\/232248\/en-alquiler-25.webp","properties_post_title":"en alquiler 25","properties_post_alt":"en alquiler 25"},{"properties_post_image_order":50,"properties_post_image_url":"https:\/\/movin.cloud\/empresas\/2438\/imagenes\/232248\/en-alquiler-26.webp","properties_post_image_url_thumbnail":"https:\/\/movin.cloud\/empresas\/2438\/imagenes\/thumbnails\/232248\/en-alquiler-26.webp","properties_post_title":"en alquiler 26","properties_post_alt":"en alquiler 26"},{"properties_post_image_order":51,"properties_post_image_url":"https:\/\/movin.cloud\/empresas\/2438\/imagenes\/232248\/en-alquiler-27.webp","properties_post_image_url_thumbnail":"https:\/\/movin.cloud\/empresas\/2438\/imagenes\/thumbnails\/232248\/en-alquiler-27.webp","properties_post_title":"en alquiler 27","properties_post_alt":"en alquiler 27"},{"properties_post_image_order":52,"properties_post_image_url":"https:\/\/movin.cloud\/empresas\/2438\/imagenes\/232248\/en-alquiler-28.webp","properties_post_image_url_thumbnail":"https:\/\/movin.cloud\/empresas\/2438\/imagenes\/thumbnails\/232248\/en-alquiler-28.webp","properties_post_title":"en alquiler 28","properties_post_alt":"en alquiler 28"},{"properties_post_image_order":53,"properties_post_image_url":"https:\/\/movin.cloud\/empresas\/2438\/imagenes\/232248\/en-alquiler-29.webp","properties_post_image_url_thumbnail":"https:\/\/movin.cloud\/empresas\/2438\/imagenes\/thumbnails\/232248\/en-alquiler-29.webp","properties_post_title":"en alquiler 29","properties_post_alt":"en alquiler 29"},{"properties_post_image_order":54,"properties_post_image_url":"https:\/\/movin.cloud\/empresas\/2438\/imagenes\/232248\/en-alquiler-30.webp","properties_post_image_url_thumbnail":"https:\/\/movin.cloud\/empresas\/2438\/imagenes\/thumbnails\/232248\/en-alquiler-30.webp","properties_post_title":"en alquiler 30","properties_post_alt":"en alquiler 30"},{"properties_post_image_order":55,"properties_post_image_url":"https:\/\/movin.cloud\/empresas\/2438\/imagenes\/232248\/en-alquiler-31.webp","properties_post_image_url_thumbnail":"https:\/\/movin.cloud\/empresas\/2438\/imagenes\/thumbnails\/232248\/en-alquiler-31.webp","properties_post_title":"en alquiler 31","properties_post_alt":"en alquiler 31"},{"properties_post_image_order":56,"properties_post_image_url":"https:\/\/movin.cloud\/empresas\/2438\/imagenes\/232248\/en-alquiler-32.webp","properties_post_image_url_thumbnail":"https:\/\/movin.cloud\/empresas\/2438\/imagenes\/thumbnails\/232248\/en-alquiler-32.webp","properties_post_title":"en alquiler 32","properties_post_alt":"en alquiler 32"},{"properties_post_image_order":57,"properties_post_image_url":"https:\/\/movin.cloud\/empresas\/2438\/imagenes\/232248\/en-alquiler-33.webp","properties_post_image_url_thumbnail":"https:\/\/movin.cloud\/empresas\/2438\/imagenes\/thumbnails\/232248\/en-alquiler-33.webp","properties_post_title":"en alquiler 33","properties_post_alt":"en alquiler 33"},{"properties_post_image_order":58,"properties_post_image_url":"https:\/\/movin.cloud\/empresas\/2438\/imagenes\/232248\/en-alquiler-34.webp","properties_post_image_url_thumbnail":"https:\/\/movin.cloud\/empresas\/2438\/imagenes\/thumbnails\/232248\/en-alquiler-34.webp","properties_post_title":"en alquiler 34","properties_post_alt":"en alquiler 34"}],"post_type_properties_post_videos":null,"post_type_properties_post_tour":null,"post_type_properties_post_dossier_url":"","post_type_properties_post_operation_type":"rent","post_type_properties_post_operation_price":16680,"post_type_properties_post_features_hidden_price":false},"yoast_head":"<!-- This site is optimized with the Yoast SEO plugin v27.4 - https:\/\/yoast.com\/product\/yoast-seo-wordpress\/ -->\n<title>PG DE GR\u00c0CIA - Forcadell<\/title>\n<meta name=\"robots\" content=\"index, follow, max-snippet:-1, max-image-preview:large, max-video-preview:-1\" \/>\n<link rel=\"canonical\" href=\"https:\/\/forcadell.com\/ca\/propiedades\/zona-prime-pg-de-gracia\/\" \/>\n<meta property=\"og:locale\" content=\"ca_ES\" \/>\n<meta property=\"og:type\" content=\"article\" \/>\n<meta property=\"og:title\" content=\"PG DE GR\u00c0CIA - Forcadell\" \/>\n<meta property=\"og:description\" content=\"Oficinas premium en Passeig de Gr\u00e0cia \u2013 Ubicaci\u00f3n inmejorable en pleno coraz\u00f3n de Barcelona Se alquilan oficinas en un edificio corporativo exclusivo situado en el emblem\u00e1tico Passeig de Gr\u00e0cia, en el chafl\u00e1n con Gran Via de les Corts Catalanes y a pocos metros de Plaza Catalunya. Una de las direcciones m\u00e1s prestigiosas y representativas de [&hellip;]\" \/>\n<meta property=\"og:url\" content=\"https:\/\/forcadell.com\/ca\/propiedades\/zona-prime-pg-de-gracia\/\" \/>\n<meta property=\"og:site_name\" content=\"Forcadell\" \/>\n<meta property=\"article:modified_time\" content=\"2026-04-28T15:59:08+00:00\" \/>\n<meta name=\"twitter:card\" content=\"summary_large_image\" \/>\n<meta name=\"twitter:label1\" content=\"Temps estimat de lectura\" \/>\n\t<meta name=\"twitter:data1\" content=\"1 minut\" \/>\n<!-- \/ Yoast SEO plugin. -->","yoast_head_json":{"title":"PG DE GR\u00c0CIA - Forcadell","robots":{"index":"index","follow":"follow","max-snippet":"max-snippet:-1","max-image-preview":"max-image-preview:large","max-video-preview":"max-video-preview:-1"},"canonical":"https:\/\/forcadell.com\/ca\/propiedades\/zona-prime-pg-de-gracia\/","og_locale":"ca_ES","og_type":"article","og_title":"PG DE GR\u00c0CIA - Forcadell","og_description":"Oficinas premium en Passeig de Gr\u00e0cia \u2013 Ubicaci\u00f3n inmejorable en pleno coraz\u00f3n de Barcelona Se alquilan oficinas en un edificio corporativo exclusivo situado en el emblem\u00e1tico Passeig de Gr\u00e0cia, en el chafl\u00e1n con Gran Via de les Corts Catalanes y a pocos metros de Plaza Catalunya. Una de las direcciones m\u00e1s prestigiosas y representativas de [&hellip;]","og_url":"https:\/\/forcadell.com\/ca\/propiedades\/zona-prime-pg-de-gracia\/","og_site_name":"Forcadell","article_modified_time":"2026-04-28T15:59:08+00:00","twitter_card":"summary_large_image","twitter_misc":{"Temps estimat de lectura":"1 minut"},"schema":{"@context":"https:\/\/schema.org","@graph":[{"@type":"WebPage","@id":"https:\/\/forcadell.com\/ca\/propiedades\/zona-prime-pg-de-gracia\/","url":"https:\/\/forcadell.com\/ca\/propiedades\/zona-prime-pg-de-gracia\/","name":"PG DE GR\u00c0CIA - Forcadell","isPartOf":{"@id":"https:\/\/forcadell.com\/ca\/#website"},"datePublished":"2025-11-04T13:23:06+00:00","dateModified":"2026-04-28T15:59:08+00:00","breadcrumb":{"@id":"https:\/\/forcadell.com\/ca\/propiedades\/zona-prime-pg-de-gracia\/#breadcrumb"},"inLanguage":"ca","potentialAction":[{"@type":"ReadAction","target":["https:\/\/forcadell.com\/ca\/propiedades\/zona-prime-pg-de-gracia\/"]}]},{"@type":"BreadcrumbList","@id":"https:\/\/forcadell.com\/ca\/propiedades\/zona-prime-pg-de-gracia\/#breadcrumb","itemListElement":[{"@type":"ListItem","position":1,"name":"Portada","item":"https:\/\/forcadell.com\/ca\/"},{"@type":"ListItem","position":2,"name":"Properties","item":"https:\/\/forcadell.com\/ca\/propiedades\/"},{"@type":"ListItem","position":3,"name":"PG DE GR\u00c0CIA"}]},{"@type":"WebSite","@id":"https:\/\/forcadell.com\/ca\/#website","url":"https:\/\/forcadell.com\/ca\/","name":"Forcadell","description":"Inmobiliaria Barcelona | Consultores inmobiliarios","potentialAction":[{"@type":"SearchAction","target":{"@type":"EntryPoint","urlTemplate":"https:\/\/forcadell.com\/ca\/?s={search_term_string}"},"query-input":{"@type":"PropertyValueSpecification","valueRequired":true,"valueName":"search_term_string"}}],"inLanguage":"ca"}]}},"_links":{"self":[{"href":"https:\/\/forcadell.com\/ca\/wp-json\/wp\/v2\/properties_post\/57018","targetHints":{"allow":["GET"]}}],"collection":[{"href":"https:\/\/forcadell.com\/ca\/wp-json\/wp\/v2\/properties_post"}],"about":[{"href":"https:\/\/forcadell.com\/ca\/wp-json\/wp\/v2\/types\/properties_post"}],"wp:attachment":[{"href":"https:\/\/forcadell.com\/ca\/wp-json\/wp\/v2\/media?parent=57018"}],"curies":[{"name":"wp","href":"https:\/\/api.w.org\/{rel}","templated":true}]}}