{"id":56889,"date":"2025-11-04T15:17:08","date_gmt":"2025-11-04T13:17:08","guid":{"rendered":"https:\/\/www.forcadell.com\/propiedades\/oficina-alquiler-madrid-calle-ribera-del-loira\/"},"modified":"2026-04-27T05:02:13","modified_gmt":"2026-04-27T03:02:13","slug":"oficina-alquiler-madrid-calle-ribera-del-loira","status":"publish","type":"properties_post","link":"https:\/\/forcadell.com\/ca\/propiedades\/oficina-alquiler-madrid-calle-ribera-del-loira\/","title":{"rendered":"Oficina alquiler Madrid &#8211; Calle Ribera del Loira"},"content":{"rendered":"<p>Oficina en alquiler en la calle Ribera del Loira, situada en la prolongaci\u00f3n del Parque Empresarial Campo de las Naciones, una de las zonas empresariales m\u00e1s consolidadas de Madrid.<\/p>\n<p>Caracter\u00edsticas a destacar:<br \/>\n&#8211; Edificio exclusivo con representativo hall<br \/>\n&#8211; Control de acceso y seguridad<br \/>\n&#8211; Zonas colaborativas y cafeter\u00eda<br \/>\n&#8211; Area wellness<br \/>\n&#8211; Terraza de uso com\u00fan<br \/>\n&#8211; Oficina implantada con buena luz natural<br \/>\n&#8211; Zona di\u00e1fana de trabajo<br \/>\n&#8211; Despachos y salas de reuniones<br \/>\n&#8211; Suelo t\u00e9cnico y falso techo con luminarias<br \/>\n&#8211; Sistema de climatizaci\u00f3n <\/p>\n<p>La ubicaci\u00f3n ofrece acceso directo a la carretera M-40 y se encuentra a solo 8 minutos en coche del Aeropuerto Adolfo Su\u00e1rez Madrid-Barajas.<\/p>\n<p>Transportes:<br \/>\nMetro: L8 &#8211; Feria Madrid<br \/>\nAutobuses: 73, 104, 112, 122<\/p>\n","protected":false},"template":"","class_list":["post-56889","properties_post","type-properties_post","status-publish","hentry","properties_modality-rent","properties_district-hortaleza","properties_province-madrid","properties_zone-descentralizada","properties_state-madrid","properties_subclass-oficina","properties_type-oficina"],"acf":{"post_type_properties_post_property_code":"242874","post_type_properties_post_property_reference":"223458","post_type_properties_post_owner_id":"31026","post_type_properties_post_owner_name":"CBRE REAL ESTATE SA","post_type_properties_post_property_code_encrypted":"MjkkMjc0NDE=","post_type_properties_post_published":"1","post_type_properties_post_property_visibility":"idealista","post_type_properties_post_contact_name":"Forcadell Oficinas Madrid","post_type_properties_post_contact_email":"forcadell.oficinas.madrid@movin.cloud","post_type_properties_post_contact_primary_phone_prefix":"34","post_type_properties_post_contact_primary_phone_number":"917886880","post_type_properties_post_address_visibility":"street","post_type_properties_post_address_country":"Spain","post_type_properties_post_address_coordinates_precision":"exact","post_type_properties_post_address_postal_code":"28033","post_type_properties_post_address_coordinates_latitude":"40.465191546732","post_type_properties_post_address_coordinates_longitude":"-3.6241586044934","post_type_properties_post_address_street_name":"Calle Ribeira del Loira 20","post_type_properties_post_address_floor":"4","post_type_properties_post_address_town":"Madrid","post_type_properties_post_building":null,"post_type_properties_post_property":[{"properties_post_description_language":"spanish","properties_post_title":"Oficina alquiler Madrid - Calle Ribera del Loira","properties_post_short_description_text_alt":"","properties_post_description_text_alt":"","properties_post_short_description_text":"Oficina en alquiler en calle Ribera del Loira, situado en la prolongaci\u00f3n del Parque Empresarial Campo de las Naciones, una de las zonas empresariales m\u00e1s consolidadas de Madrid.","properties_post_link_demanda_inmueble":"https:\/\/movin.cloud\/es\/Forcadell Oficinas Madrid\/formulario-peticion-inmueble\/sth\/2462&&242874","properties_post_link_demanda_calendario_inmueble":"https:\/\/movin.cloud\/es\/Forcadell Oficinas Madrid\/calendario-peticion-inmueble\/sth\/2462&&242874","properties_post_description_text":"Oficina en alquiler en la calle Ribera del Loira, situada en la prolongaci\u00f3n del Parque Empresarial Campo de las Naciones, una de las zonas empresariales m\u00e1s consolidadas de Madrid.\n\nCaracter\u00edsticas a destacar:\n- Edificio exclusivo con representativo hall\n- Control de acceso y seguridad\n- Zonas colaborativas y cafeter\u00eda\n- Area wellness\n- Terraza de uso com\u00fan\n- Oficina implantada con buena luz natural\n- Zona di\u00e1fana de trabajo \n- Despachos y salas de reuniones\n- Suelo t\u00e9cnico y falso techo con luminarias\n- Sistema de climatizaci\u00f3n \n\nLa ubicaci\u00f3n ofrece acceso directo a la carretera M-40 y se encuentra a solo 8 minutos en coche del Aeropuerto Adolfo Su\u00e1rez Madrid-Barajas.\n\nTransportes:\nMetro: L8 - Feria Madrid\nAutobuses: 73, 104, 112, 122","properties_post_seo_title":"","properties_post_seo_alias":"","properties_post_seo_metadescription":"Alquiler oficina Madrid, Calle Ribera del Loira - Campo de la Naciones - IFEMA. Oficinas Forcadell Madrid. ","properties_post_seo_key_words":"oficina alquiler Madrid, alquiler oficina Madrid, oficina Madrid, oficina campo de las naciones, oficina ifema, oficina ribera del loira, oficina coca cola","properties_post_seo_url":"","properties_post_terms_conditions":""},{"properties_post_description_language":"english","properties_post_title":"Office for rent Madrid - Calle Ribera del Loira","properties_post_short_description_text_alt":"","properties_post_description_text_alt":"","properties_post_short_description_text":"Office for rent in Ribera del Loira street, located in the extension of the Campo de las Naciones Business Park, one of the most consolidated business areas of Madrid.\n\nFeatures to highlight:\n- Exclusive building with a representative hall\n- Access control and security\n- Collaborative areas and cafeteria\n- Wellness area\n- Terrace for common use\n- Office with good natural light\n- Open work area \n- Offices and meeting rooms\n- Raised floor and false ceiling with lighting fixtures\n- Air conditioning system \n\nThe location offers direct access to the M-40 highway and is only 8 minutes by car from Adolfo Su\u00e1rez Madrid-Barajas Airport.\n\nTransportation:\nMetro: L8 - Feria Madrid\nBuses: 73, 104, 112, 122","properties_post_link_demanda_inmueble":"https:\/\/movin.cloud\/en\/Forcadell Oficinas Madrid\/property-form-request\/sth\/2462&&242874","properties_post_link_demanda_calendario_inmueble":"https:\/\/movin.cloud\/en\/Forcadell Oficinas Madrid\/property-calendar-request\/sth\/2462&&242874","properties_post_description_text":"Office for rent in Ribera del Loira street, located in the extension of the Campo de las Naciones Business Park, one of the most consolidated business areas of Madrid.\n\nFeatures to highlight:\n- Exclusive building with a representative hall\n- Access control and security\n- Collaborative areas and cafeteria\n- Wellness area\n- Terrace for common use\n- Office with good natural light\n- Open work area \n- Offices and meeting rooms\n- Raised floor and false ceiling with lighting fixtures\n- Air conditioning system \n\nThe location offers direct access to the M-40 highway and is only 8 minutes by car from Adolfo Su\u00e1rez Madrid-Barajas Airport.\n\nTransportation:\nMetro: L8 - Feria Madrid\nBuses: 73, 104, 112, 122","properties_post_seo_title":"","properties_post_seo_alias":"","properties_post_seo_metadescription":"Office rental Madrid, Calle Ribera del Loira - Campo de la Naciones - IFEMA. Offices Forcadell Madrid. ","properties_post_seo_key_words":"Madrid office for rent, Madrid office for rent, Madrid office, Madrid office, campo de las naciones office, ifema office, ribera del loira office, coca cola office","properties_post_seo_url":"","properties_post_terms_conditions":""}],"post_type_properties_post_features_type":"office","post_type_properties_post_id_building":"","post_type_properties_post_features_area_constructed":1356,"post_type_properties_post_features_conditioned_air":true,"post_type_properties_post_features_doorman":true,"post_type_properties_post_features_heating":true,"post_type_properties_post_features_equipped_kitchen":false,"post_type_properties_post_features_windows_location":"exterior","post_type_properties_post_features_floors_property":false,"post_type_properties_post_features_storage":false,"post_type_properties_post_features_security_door":false,"post_type_properties_post_features_energy_certificate_rating":"B","post_type_properties_post_features_energy_certificate_emissions_rating":"B","post_type_properties_post_features_energy_certificate_emissions_value":"","post_type_properties_post_features_energy_certificate_performance":"","post_type_properties_post_features_bathroom_inside":false,"post_type_properties_post_precio":22390.33,"post_type_properties_post_precio_alquiler":22390.33,"post_type_properties_post_record_type_id":"Oficina","post_type_properties_post_categoria__producto":"Oficina","post_type_properties_post_amueblado":false,"post_type_properties_post_precio_m2":16.5,"post_type_properties_post_zona__comunitaria":true,"post_type_properties_post_electrodomesticos":false,"post_type_properties_post_patio__interior":true,"post_type_properties_post_certificado_energetico_general":"B","post_type_properties_post_certificado_energetico_consumo":"B","post_type_properties_post_certificado_energetico_valor_emisiones":"","post_type_properties_post_certificado_energetico_valor_consumo":"","post_type_properties_post_modalidad":"rent","post_type_properties_post_provincia":"Madrid","post_type_properties_post_poblacion":"Madrid","post_type_properties_post_centro__urbano":false,"post_type_properties_post_zonificacion":"Descentralizada","post_type_properties_post_cartera":"Segunda mano","post_type_properties_post_titulo_catalan":"","post_type_properties_post_internet_catalan":"","post_type_properties_post_titulo_castellano":"Oficina alquiler Madrid - Calle Ribera del Loira","post_type_properties_post_internet_castellano":"Oficina en alquiler en la calle Ribera del Loira, situada en la prolongaci\u00f3n del Parque Empresarial Campo de las Naciones, una de las zonas empresariales m\u00e1s consolidadas de Madrid.\n\nCaracter\u00edsticas a destacar:\n- Edificio exclusivo con representativo hall\n- Control de acceso y seguridad\n- Zonas colaborativas y cafeter\u00eda\n- Area wellness\n- Terraza de uso com\u00fan\n- Oficina implantada con buena luz natural\n- Zona di\u00e1fana de trabajo \n- Despachos y salas de reuniones\n- Suelo t\u00e9cnico y falso techo con luminarias\n- Sistema de climatizaci\u00f3n \n\nLa ubicaci\u00f3n ofrece acceso directo a la carretera M-40 y se encuentra a solo 8 minutos en coche del Aeropuerto Adolfo Su\u00e1rez Madrid-Barajas.\n\nTransportes:\nMetro: L8 - Feria Madrid\nAutobuses: 73, 104, 112, 122","post_type_properties_post_titulo_ingles":"Office for rent Madrid - Calle Ribera del Loira","post_type_properties_post_internet_ingles":"Office for rent in Ribera del Loira street, located in the extension of the Campo de las Naciones Business Park, one of the most consolidated business areas of Madrid.\n\nFeatures to highlight:\n- Exclusive building with a representative hall\n- Access control and security\n- Collaborative areas and cafeteria\n- Wellness area\n- Terrace for common use\n- Office with good natural light\n- Open work area \n- Offices and meeting rooms\n- Raised floor and false ceiling with lighting fixtures\n- Air conditioning system \n\nThe location offers direct access to the M-40 highway and is only 8 minutes by car from Adolfo Su\u00e1rez Madrid-Barajas Airport.\n\nTransportation:\nMetro: L8 - Feria Madrid\nBuses: 73, 104, 112, 122","post_type_properties_post_features_classification_commercial":false,"post_type_properties_post_features_conservation":"","post_type_properties_post_features_security_personnel":false,"post_type_properties_post_features_parking_available":false,"post_type_properties_post_features_garage_capacity_type":"","post_type_properties_post_features_bathroom_number":"","post_type_properties_post_eje":"","post_type_properties_post_zona":"","post_type_properties_post_comarca":"","post_type_properties_post_features_built_year":"","post_type_properties_post_renta_mensual":"","post_type_properties_post_fianza":"","post_type_properties_post_features_area_plot":"","post_type_properties_post_features_area_buildable":"","post_type_properties_post_features_classification_industrial":false,"post_type_properties_post_distrito":"","post_type_properties_post_features_balcony":false,"post_type_properties_post_features_bedroom_number":"","post_type_properties_post_features_heating_type":"","post_type_properties_post_features_equipped_with_furniture":false,"post_type_properties_post_features_pets_allowed":false,"post_type_properties_post_features_pool":false,"post_type_properties_post_features_terrace":false,"post_type_properties_post_features_wardrobes":false,"post_type_properties_post_features_lift_available":false,"post_type_properties_post_features_handicap_adapted_access":false,"post_type_properties_post_features_orientation_east":false,"post_type_properties_post_features_orientation_west":false,"post_type_properties_post_features_orientation_north":false,"post_type_properties_post_features_orientation_south":false,"post_type_properties_post_features_parking_spaces_number":"","post_type_properties_post_features_security_alarm":false,"post_type_properties_post_features_security_system":false,"post_type_properties_post_open_plan":false,"post_type_properties_post_acceso_24_7":false,"post_type_properties_post_oficina_privada":false,"post_type_properties_post_sala_reuniones":false,"post_type_properties_post_espacio_eventos":false,"post_type_properties_post_office":false,"post_type_properties_post_restaurant":false,"post_type_properties_post_acepta_traspaso":false,"post_type_properties_post_vigilancia":true,"post_type_properties_post_features_suite":false,"post_type_properties_post_features_vitro":false,"post_type_properties_post_features_oven":false,"post_type_properties_post_features_microwave":false,"post_type_properties_post_features_washing_machine":false,"post_type_properties_post_features_dryer":false,"post_type_properties_post_features_dishwasher":false,"post_type_properties_post_features_fridge":false,"post_type_properties_post_features_fridge_mini":false,"post_type_properties_post_features_kettle":false,"post_type_properties_post_features_toaster":false,"post_type_properties_post_features_coffee_maker":false,"post_type_properties_post_features_iron":false,"post_type_properties_post_features_ironing_board":false,"post_type_properties_post_features_safe":false,"post_type_properties_post_features_internet":false,"post_type_properties_post_features_solarium":false,"post_type_properties_post_features_clean_service":false,"post_type_properties_post_features_t_v":false,"post_type_properties_post_features_satellite_t_v":false,"post_type_properties_post_features_gas_kitchen":false,"post_type_properties_post_features_view_mountain":false,"post_type_properties_post_features_view_sea":false,"post_type_properties_post_features_concierge":false,"post_type_properties_post_features_loading_dock":false,"post_type_properties_post_features_bridge_crane":false,"post_type_properties_post_features_located_at_corner":false,"post_type_properties_post_features_smoke_extraction":false,"post_type_properties_post_features_rooms":"","post_type_properties_post_features_garden_area":"","post_type_properties_post_features_utilities_water":false,"post_type_properties_post_features_utilities_electricity":false,"post_type_properties_post_features_utilities_natural_gas":false,"post_type_properties_post_features_building_adapted":false,"post_type_properties_post_features_garden":false,"post_type_properties_post_features_classification_hotel":false,"post_type_properties_post_features_classification_chalet":false,"post_type_properties_post_certificado_energetico_emisiones":"B","post_type_properties_post_barrio":"","post_type_properties_post_distrito_empresa":"Hortaleza","post_type_properties_post_features_property_category_intern":"","post_type_properties_post_implantada":false,"post_type_properties_post_sello_leed":"1","post_type_properties_post_sello_well":"","post_type_properties_post_sello_breeam":false,"post_type_properties_post_images":[{"properties_post_image_order":1,"properties_post_image_url":"https:\/\/movin.cloud\/empresas\/2462\/imagenes\/242874\/viviendas.webp","properties_post_image_url_thumbnail":"https:\/\/movin.cloud\/empresas\/2462\/imagenes\/thumbnails\/242874\/viviendas.webp","properties_post_title":"viviendas","properties_post_alt":"viviendas"},{"properties_post_image_order":2,"properties_post_image_url":"https:\/\/movin.cloud\/empresas\/2462\/imagenes\/242874\/alquiler-para-idealista.webp","properties_post_image_url_thumbnail":"https:\/\/movin.cloud\/empresas\/2462\/imagenes\/thumbnails\/242874\/alquiler-para-idealista.webp","properties_post_title":"alquiler para idealista","properties_post_alt":"alquiler para idealista"},{"properties_post_image_order":3,"properties_post_image_url":"https:\/\/movin.cloud\/empresas\/2462\/imagenes\/242874\/alquilar.webp","properties_post_image_url_thumbnail":"https:\/\/movin.cloud\/empresas\/2462\/imagenes\/thumbnails\/242874\/alquilar.webp","properties_post_title":"alquilar","properties_post_alt":"alquilar"},{"properties_post_image_order":4,"properties_post_image_url":"https:\/\/movin.cloud\/empresas\/2462\/imagenes\/242874\/alquiler-para-idealistas.webp","properties_post_image_url_thumbnail":"https:\/\/movin.cloud\/empresas\/2462\/imagenes\/thumbnails\/242874\/alquiler-para-idealistas.webp","properties_post_title":"alquiler para idealistas","properties_post_alt":"alquiler para idealistas"},{"properties_post_image_order":5,"properties_post_image_url":"https:\/\/movin.cloud\/empresas\/2462\/imagenes\/242874\/rent.webp","properties_post_image_url_thumbnail":"https:\/\/movin.cloud\/empresas\/2462\/imagenes\/thumbnails\/242874\/rent.webp","properties_post_title":"rent","properties_post_alt":"rent"},{"properties_post_image_order":6,"properties_post_image_url":"https:\/\/movin.cloud\/empresas\/2462\/imagenes\/242874\/fincas.webp","properties_post_image_url_thumbnail":"https:\/\/movin.cloud\/empresas\/2462\/imagenes\/thumbnails\/242874\/fincas.webp","properties_post_title":"fincas","properties_post_alt":"fincas"},{"properties_post_image_order":7,"properties_post_image_url":"https:\/\/movin.cloud\/empresas\/2462\/imagenes\/242874\/inmobiliarias.webp","properties_post_image_url_thumbnail":"https:\/\/movin.cloud\/empresas\/2462\/imagenes\/thumbnails\/242874\/inmobiliarias.webp","properties_post_title":"inmobiliarias","properties_post_alt":"inmobiliarias"},{"properties_post_image_order":8,"properties_post_image_url":"https:\/\/movin.cloud\/empresas\/2462\/imagenes\/242874\/alquiler.webp","properties_post_image_url_thumbnail":"https:\/\/movin.cloud\/empresas\/2462\/imagenes\/thumbnails\/242874\/alquiler.webp","properties_post_title":"alquiler","properties_post_alt":"alquiler"},{"properties_post_image_order":9,"properties_post_image_url":"https:\/\/movin.cloud\/empresas\/2462\/imagenes\/242874\/alquiler-idealistas.webp","properties_post_image_url_thumbnail":"https:\/\/movin.cloud\/empresas\/2462\/imagenes\/thumbnails\/242874\/alquiler-idealistas.webp","properties_post_title":"alquiler idealistas","properties_post_alt":"alquiler idealistas"},{"properties_post_image_order":10,"properties_post_image_url":"https:\/\/movin.cloud\/empresas\/2462\/imagenes\/242874\/en-alquiler.webp","properties_post_image_url_thumbnail":"https:\/\/movin.cloud\/empresas\/2462\/imagenes\/thumbnails\/242874\/en-alquiler.webp","properties_post_title":"en alquiler","properties_post_alt":"en alquiler"},{"properties_post_image_order":11,"properties_post_image_url":"https:\/\/movin.cloud\/empresas\/2462\/imagenes\/242874\/en-alquiler-madrid.webp","properties_post_image_url_thumbnail":"https:\/\/movin.cloud\/empresas\/2462\/imagenes\/thumbnails\/242874\/en-alquiler-madrid.webp","properties_post_title":"en alquiler madrid","properties_post_alt":"en alquiler madrid"},{"properties_post_image_order":12,"properties_post_image_url":"https:\/\/movin.cloud\/empresas\/2462\/imagenes\/242874\/inmobiliaria.webp","properties_post_image_url_thumbnail":"https:\/\/movin.cloud\/empresas\/2462\/imagenes\/thumbnails\/242874\/inmobiliaria.webp","properties_post_title":"inmobiliaria","properties_post_alt":"inmobiliaria"},{"properties_post_image_order":13,"properties_post_image_url":"https:\/\/movin.cloud\/empresas\/2462\/imagenes\/242874\/habitalia.webp","properties_post_image_url_thumbnail":"https:\/\/movin.cloud\/empresas\/2462\/imagenes\/thumbnails\/242874\/habitalia.webp","properties_post_title":"habitalia","properties_post_alt":"habitalia"}],"post_type_properties_post_videos":null,"post_type_properties_post_tour":null,"post_type_properties_post_dossier_url":"","post_type_properties_post_operation_type":"rent","post_type_properties_post_operation_price":22390,"post_type_properties_post_features_hidden_price":false},"yoast_head":"<!-- This site is optimized with the Yoast SEO plugin v25.6 - https:\/\/yoast.com\/wordpress\/plugins\/seo\/ -->\n<title>Oficina alquiler Madrid - Calle Ribera del Loira - Forcadell<\/title>\n<meta name=\"robots\" content=\"index, follow, max-snippet:-1, max-image-preview:large, max-video-preview:-1\" \/>\n<link rel=\"canonical\" href=\"https:\/\/forcadell.com\/ca\/propiedades\/oficina-alquiler-madrid-calle-ribera-del-loira\/\" \/>\n<meta property=\"og:locale\" content=\"ca_ES\" \/>\n<meta property=\"og:type\" content=\"article\" \/>\n<meta property=\"og:title\" content=\"Oficina alquiler Madrid - Calle Ribera del Loira - Forcadell\" \/>\n<meta property=\"og:description\" content=\"Oficina en alquiler en la calle Ribera del Loira, situada en la prolongaci\u00f3n del Parque Empresarial Campo de las Naciones, una de las zonas empresariales m\u00e1s consolidadas de Madrid. Caracter\u00edsticas a destacar: &#8211; Edificio exclusivo con representativo hall &#8211; Control de acceso y seguridad &#8211; Zonas colaborativas y cafeter\u00eda &#8211; Area wellness &#8211; Terraza de [&hellip;]\" \/>\n<meta property=\"og:url\" content=\"https:\/\/forcadell.com\/ca\/propiedades\/oficina-alquiler-madrid-calle-ribera-del-loira\/\" \/>\n<meta property=\"og:site_name\" content=\"Forcadell\" \/>\n<meta property=\"article:modified_time\" content=\"2026-04-27T03:02:13+00:00\" \/>\n<meta name=\"twitter:card\" content=\"summary_large_image\" \/>\n<meta name=\"twitter:label1\" content=\"Temps estimat de lectura\" \/>\n\t<meta name=\"twitter:data1\" content=\"1 minut\" \/>\n<!-- \/ Yoast SEO plugin. -->","yoast_head_json":{"title":"Oficina alquiler Madrid - Calle Ribera del Loira - Forcadell","robots":{"index":"index","follow":"follow","max-snippet":"max-snippet:-1","max-image-preview":"max-image-preview:large","max-video-preview":"max-video-preview:-1"},"canonical":"https:\/\/forcadell.com\/ca\/propiedades\/oficina-alquiler-madrid-calle-ribera-del-loira\/","og_locale":"ca_ES","og_type":"article","og_title":"Oficina alquiler Madrid - Calle Ribera del Loira - Forcadell","og_description":"Oficina en alquiler en la calle Ribera del Loira, situada en la prolongaci\u00f3n del Parque Empresarial Campo de las Naciones, una de las zonas empresariales m\u00e1s consolidadas de Madrid. Caracter\u00edsticas a destacar: &#8211; Edificio exclusivo con representativo hall &#8211; Control de acceso y seguridad &#8211; Zonas colaborativas y cafeter\u00eda &#8211; Area wellness &#8211; Terraza de [&hellip;]","og_url":"https:\/\/forcadell.com\/ca\/propiedades\/oficina-alquiler-madrid-calle-ribera-del-loira\/","og_site_name":"Forcadell","article_modified_time":"2026-04-27T03:02:13+00:00","twitter_card":"summary_large_image","twitter_misc":{"Temps estimat de lectura":"1 minut"},"schema":{"@context":"https:\/\/schema.org","@graph":[{"@type":"WebPage","@id":"https:\/\/forcadell.com\/ca\/propiedades\/oficina-alquiler-madrid-calle-ribera-del-loira\/","url":"https:\/\/forcadell.com\/ca\/propiedades\/oficina-alquiler-madrid-calle-ribera-del-loira\/","name":"Oficina alquiler Madrid - Calle Ribera del Loira - Forcadell","isPartOf":{"@id":"https:\/\/forcadell.com\/ca\/#website"},"datePublished":"2025-11-04T13:17:08+00:00","dateModified":"2026-04-27T03:02:13+00:00","breadcrumb":{"@id":"https:\/\/forcadell.com\/ca\/propiedades\/oficina-alquiler-madrid-calle-ribera-del-loira\/#breadcrumb"},"inLanguage":"ca","potentialAction":[{"@type":"ReadAction","target":["https:\/\/forcadell.com\/ca\/propiedades\/oficina-alquiler-madrid-calle-ribera-del-loira\/"]}]},{"@type":"BreadcrumbList","@id":"https:\/\/forcadell.com\/ca\/propiedades\/oficina-alquiler-madrid-calle-ribera-del-loira\/#breadcrumb","itemListElement":[{"@type":"ListItem","position":1,"name":"Portada","item":"https:\/\/forcadell.com\/ca\/"},{"@type":"ListItem","position":2,"name":"Properties","item":"https:\/\/forcadell.com\/ca\/propiedades\/"},{"@type":"ListItem","position":3,"name":"Oficina alquiler Madrid &#8211; Calle Ribera del Loira"}]},{"@type":"WebSite","@id":"https:\/\/forcadell.com\/ca\/#website","url":"https:\/\/forcadell.com\/ca\/","name":"Forcadell","description":"Inmobiliaria Barcelona | Consultores inmobiliarios","potentialAction":[{"@type":"SearchAction","target":{"@type":"EntryPoint","urlTemplate":"https:\/\/forcadell.com\/ca\/?s={search_term_string}"},"query-input":{"@type":"PropertyValueSpecification","valueRequired":true,"valueName":"search_term_string"}}],"inLanguage":"ca"}]}},"_links":{"self":[{"href":"https:\/\/forcadell.com\/ca\/wp-json\/wp\/v2\/properties_post\/56889"}],"collection":[{"href":"https:\/\/forcadell.com\/ca\/wp-json\/wp\/v2\/properties_post"}],"about":[{"href":"https:\/\/forcadell.com\/ca\/wp-json\/wp\/v2\/types\/properties_post"}],"wp:attachment":[{"href":"https:\/\/forcadell.com\/ca\/wp-json\/wp\/v2\/media?parent=56889"}],"curies":[{"name":"wp","href":"https:\/\/api.w.org\/{rel}","templated":true}]}}