{"id":56877,"date":"2025-11-04T15:16:33","date_gmt":"2025-11-04T13:16:33","guid":{"rendered":"https:\/\/www.forcadell.com\/propiedades\/oficina-en-alquiler-en-zona-prime-de-oficinas-av-diagonal\/"},"modified":"2026-04-26T08:05:57","modified_gmt":"2026-04-26T06:05:57","slug":"oficina-en-alquiler-en-zona-prime-de-oficinas-av-diagonal","status":"publish","type":"properties_post","link":"https:\/\/forcadell.com\/ca\/propiedades\/oficina-en-alquiler-en-zona-prime-de-oficinas-av-diagonal\/","title":{"rendered":"AV.DIAGONAL &#8211; ZONA PRIME"},"content":{"rendered":"<p>Oficina corporativa en alquiler en edificio emblem\u00e1tico de Av. Diagonal (zona Balmes \u2013 Par\u00eds)<\/p>\n<p>Ubique su sede corporativa en una de las zonas m\u00e1s representativas y exclusivas de Barcelona, en plena Avenida Diagonal, entre las calles Balmes y Par\u00eds.<\/p>\n<p>Edificio singular con imponente fachada de estilo neocl\u00e1sico y 9 plantas sobre rasante, que ofrece una imagen corporativa s\u00f3lida y prestigiosa. Elegantes zonas comunes y entorno empresarial de primer nivel.<br \/>\nLas oficinas son di\u00e1fanas, totalmente exteriores y con espectaculares vistas panor\u00e1micas a la Avenida Diagonal, lo que proporciona luminosidad natural y un entorno de trabajo de alta calidad.<\/p>\n<p>El espacio se entrega con acabados de alto nivel y modernas instalaciones:<br \/>\nSistema de climatizaci\u00f3n por m\u00f3dulos<br \/>\nFalso techo met\u00e1lico<br \/>\nLuminarias empotradas<br \/>\nDistribuci\u00f3n flexible seg\u00fan necesidades corporativas<\/p>\n<p>Comunicaciones inmejorables:<\/p>\n<p>Bus: 7, 15, 16, 17, 22, 24, 27, 28, 31, 32, 33, 34, 67, 68, N4<br \/>\nMetro: L3 \u2013 L5 (Diagonal)<br \/>\nFGC: Proven\u00e7a<\/p>\n<p>Una oportunidad \u00fanica para empresas que buscan posicionar su sede en una ubicaci\u00f3n prime, con alta visibilidad, excelente accesibilidad y un edificio representativo acorde a su imagen de marca.<\/p>\n","protected":false},"template":"","class_list":["post-56877","properties_post","type-properties_post","status-publish","hentry","properties_modality-rent","properties_district-eixample","properties_province-barcelona","properties_zone-cbd-diagonal-po-de-gracia","properties_state-barcelona","properties_subclass-oficina","properties_type-oficina"],"acf":{"post_type_properties_post_property_code":"243047","post_type_properties_post_property_reference":"13044","post_type_properties_post_owner_id":"50223","post_type_properties_post_owner_name":"INMOBILIARIA COLONIAL - SOCIMI SA","post_type_properties_post_property_code_encrypted":"MjkkMjc2MTQ=","post_type_properties_post_published":"1","post_type_properties_post_property_visibility":"idealista","post_type_properties_post_contact_name":"Forcadell Oficinas Barcelona","post_type_properties_post_contact_email":"forcadell.oficinas.barcelona@movin.cloud","post_type_properties_post_contact_primary_phone_prefix":"34","post_type_properties_post_contact_primary_phone_number":"934965413","post_type_properties_post_address_visibility":"street","post_type_properties_post_address_country":"Spain","post_type_properties_post_address_coordinates_precision":"exact","post_type_properties_post_address_postal_code":"08008","post_type_properties_post_address_coordinates_latitude":"41.395054","post_type_properties_post_address_coordinates_longitude":"2.154637","post_type_properties_post_address_street_name":"Av. Diagonal, 409","post_type_properties_post_address_floor":"2","post_type_properties_post_address_town":"Barcelona","post_type_properties_post_building":null,"post_type_properties_post_property":[{"properties_post_description_language":"catalan","properties_post_title":"AV.DIAGONAL - ZONA PRIME","properties_post_short_description_text_alt":"","properties_post_description_text_alt":"","properties_post_short_description_text":" ","properties_post_link_demanda_inmueble":"https:\/\/movin.cloud\/ca\/Forcadell Oficinas Barcelona\/formulari-peticio-immoble\/sth\/2438&&243047","properties_post_link_demanda_calendario_inmueble":"https:\/\/movin.cloud\/ca\/Forcadell Oficinas Barcelona\/calendari-peticio-immoble\/sth\/2438&&243047","properties_post_description_text":"Oficina corporativa de lloguer en edifici emblem\u00e0tic d'Av. Diagonal (zona Balmes \u2013 Par\u00eds)\n\nUbiqueu la seva seu corporativa en una de les zones m\u00e9s representatives i exclusives de Barcelona, en plena Avinguda Diagonal, entre els carrers Balmes i Par\u00eds.\n\nEdifici singular amb fa\u00e7ana imponent neocl\u00e0ssic i 9 plantes sobre rasant, que ofereix una imatge corporativa s\u00f2lida i prestigiosa. Elegants zones comunes i entorn empresarial de primer nivell.\nLes oficines s\u00f3n di\u00e0fanes, totalment exteriors i amb espectaculars vistes panor\u00e0miques a l'Avinguda Diagonal, cosa que proporciona lluminositat natural i un entorn de treball d'alta qualitat.\n\nL'espai es lliura amb acabats d'alt nivell i modernes instal\u00b7lacions:\nSistema de climatitzaci\u00f3 per m\u00f2duls\nFals sostre met\u00e0l\u00b7lic\nLlumin\u00e0ries encastades\nDistribuci\u00f3 flexible segons necessitats corporatives\n\nComunicacions immillorables:\n\nBus: 7, 15, 16, 17, 22, 24, 27, 28, 31, 32, 33, 34, 67, 68, N4\nMetro: L3 \u2013 L5 (Diagonal)\nFGC: Proven\u00e7a\n\nUna oportunitat \u00fanica per a empreses que busquen posicionar la seva seu en una ubicaci\u00f3 prime, amb alta visibilitat, excel\u00b7lent accessibilitat i un edifici representatiu d'acord amb la seva imatge de marca.","properties_post_seo_title":"","properties_post_seo_alias":"","properties_post_seo_metadescription":"","properties_post_seo_key_words":"","properties_post_seo_url":"","properties_post_terms_conditions":""},{"properties_post_description_language":"spanish","properties_post_title":"AV.DIAGONAL - ZONA PRIME","properties_post_short_description_text_alt":"","properties_post_description_text_alt":"","properties_post_short_description_text":" \n","properties_post_link_demanda_inmueble":"https:\/\/movin.cloud\/es\/Forcadell Oficinas Barcelona\/formulario-peticion-inmueble\/sth\/2438&&243047","properties_post_link_demanda_calendario_inmueble":"https:\/\/movin.cloud\/es\/Forcadell Oficinas Barcelona\/calendario-peticion-inmueble\/sth\/2438&&243047","properties_post_description_text":"Oficina corporativa en alquiler en edificio emblem\u00e1tico de Av. Diagonal (zona Balmes \u2013 Par\u00eds)\n\nUbique su sede corporativa en una de las zonas m\u00e1s representativas y exclusivas de Barcelona, en plena Avenida Diagonal, entre las calles Balmes y Par\u00eds.\n\nEdificio singular con imponente fachada de estilo neocl\u00e1sico y 9 plantas sobre rasante, que ofrece una imagen corporativa s\u00f3lida y prestigiosa. Elegantes zonas comunes y entorno empresarial de primer nivel.\nLas oficinas son di\u00e1fanas, totalmente exteriores y con espectaculares vistas panor\u00e1micas a la Avenida Diagonal, lo que proporciona luminosidad natural y un entorno de trabajo de alta calidad.\n\nEl espacio se entrega con acabados de alto nivel y modernas instalaciones:\nSistema de climatizaci\u00f3n por m\u00f3dulos\nFalso techo met\u00e1lico\nLuminarias empotradas\nDistribuci\u00f3n flexible seg\u00fan necesidades corporativas\n\nComunicaciones inmejorables:\n\nBus: 7, 15, 16, 17, 22, 24, 27, 28, 31, 32, 33, 34, 67, 68, N4\nMetro: L3 \u2013 L5 (Diagonal)\nFGC: Proven\u00e7a\n\nUna oportunidad \u00fanica para empresas que buscan posicionar su sede en una ubicaci\u00f3n prime, con alta visibilidad, excelente accesibilidad y un edificio representativo acorde a su imagen de marca.\n","properties_post_seo_title":"","properties_post_seo_alias":"","properties_post_seo_metadescription":"","properties_post_seo_key_words":"","properties_post_seo_url":"","properties_post_terms_conditions":""}],"post_type_properties_post_features_type":"office","post_type_properties_post_id_building":"","post_type_properties_post_features_area_constructed":510,"post_type_properties_post_features_conditioned_air":false,"post_type_properties_post_features_doorman":false,"post_type_properties_post_features_heating":false,"post_type_properties_post_features_equipped_kitchen":false,"post_type_properties_post_features_windows_location":"exterior","post_type_properties_post_features_floors_property":false,"post_type_properties_post_features_storage":false,"post_type_properties_post_features_security_door":false,"post_type_properties_post_features_energy_certificate_rating":"C","post_type_properties_post_features_energy_certificate_emissions_rating":"C","post_type_properties_post_features_energy_certificate_emissions_value":"","post_type_properties_post_features_energy_certificate_performance":"","post_type_properties_post_features_bathroom_inside":false,"post_type_properties_post_precio":13260,"post_type_properties_post_precio_alquiler":13260,"post_type_properties_post_record_type_id":"Oficina","post_type_properties_post_categoria__producto":"Oficina","post_type_properties_post_amueblado":false,"post_type_properties_post_precio_m2":26,"post_type_properties_post_zona__comunitaria":false,"post_type_properties_post_electrodomesticos":false,"post_type_properties_post_patio__interior":false,"post_type_properties_post_certificado_energetico_general":"C","post_type_properties_post_certificado_energetico_consumo":"C","post_type_properties_post_certificado_energetico_valor_emisiones":"","post_type_properties_post_certificado_energetico_valor_consumo":"","post_type_properties_post_modalidad":"rent","post_type_properties_post_provincia":"Barcelona","post_type_properties_post_poblacion":"Barcelona","post_type_properties_post_centro__urbano":false,"post_type_properties_post_zonificacion":"CBD - Diagonal \/ P\u00ba de Gracia","post_type_properties_post_cartera":"","post_type_properties_post_titulo_catalan":"AV.DIAGONAL - ZONA PRIME","post_type_properties_post_internet_catalan":"Oficina corporativa de lloguer en edifici emblem\u00e0tic d'Av. Diagonal (zona Balmes \u2013 Par\u00eds)\n\nUbiqueu la seva seu corporativa en una de les zones m\u00e9s representatives i exclusives de Barcelona, en plena Avinguda Diagonal, entre els carrers Balmes i Par\u00eds.\n\nEdifici singular amb fa\u00e7ana imponent neocl\u00e0ssic i 9 plantes sobre rasant, que ofereix una imatge corporativa s\u00f2lida i prestigiosa. Elegants zones comunes i entorn empresarial de primer nivell.\nLes oficines s\u00f3n di\u00e0fanes, totalment exteriors i amb espectaculars vistes panor\u00e0miques a l'Avinguda Diagonal, cosa que proporciona lluminositat natural i un entorn de treball d'alta qualitat.\n\nL'espai es lliura amb acabats d'alt nivell i modernes instal\u00b7lacions:\nSistema de climatitzaci\u00f3 per m\u00f2duls\nFals sostre met\u00e0l\u00b7lic\nLlumin\u00e0ries encastades\nDistribuci\u00f3 flexible segons necessitats corporatives\n\nComunicacions immillorables:\n\nBus: 7, 15, 16, 17, 22, 24, 27, 28, 31, 32, 33, 34, 67, 68, N4\nMetro: L3 \u2013 L5 (Diagonal)\nFGC: Proven\u00e7a\n\nUna oportunitat \u00fanica per a empreses que busquen posicionar la seva seu en una ubicaci\u00f3 prime, amb alta visibilitat, excel\u00b7lent accessibilitat i un edifici representatiu d'acord amb la seva imatge de marca.","post_type_properties_post_titulo_castellano":"AV.DIAGONAL - ZONA PRIME","post_type_properties_post_internet_castellano":"Oficina corporativa en alquiler en edificio emblem\u00e1tico de Av. Diagonal (zona Balmes \u2013 Par\u00eds)\n\nUbique su sede corporativa en una de las zonas m\u00e1s representativas y exclusivas de Barcelona, en plena Avenida Diagonal, entre las calles Balmes y Par\u00eds.\n\nEdificio singular con imponente fachada de estilo neocl\u00e1sico y 9 plantas sobre rasante, que ofrece una imagen corporativa s\u00f3lida y prestigiosa. Elegantes zonas comunes y entorno empresarial de primer nivel.\nLas oficinas son di\u00e1fanas, totalmente exteriores y con espectaculares vistas panor\u00e1micas a la Avenida Diagonal, lo que proporciona luminosidad natural y un entorno de trabajo de alta calidad.\n\nEl espacio se entrega con acabados de alto nivel y modernas instalaciones:\nSistema de climatizaci\u00f3n por m\u00f3dulos\nFalso techo met\u00e1lico\nLuminarias empotradas\nDistribuci\u00f3n flexible seg\u00fan necesidades corporativas\n\nComunicaciones inmejorables:\n\nBus: 7, 15, 16, 17, 22, 24, 27, 28, 31, 32, 33, 34, 67, 68, N4\nMetro: L3 \u2013 L5 (Diagonal)\nFGC: Proven\u00e7a\n\nUna oportunidad \u00fanica para empresas que buscan posicionar su sede en una ubicaci\u00f3n prime, con alta visibilidad, excelente accesibilidad y un edificio representativo acorde a su imagen de marca.\n","post_type_properties_post_titulo_ingles":"","post_type_properties_post_internet_ingles":"","post_type_properties_post_features_classification_commercial":false,"post_type_properties_post_features_conservation":"","post_type_properties_post_features_security_personnel":false,"post_type_properties_post_features_parking_available":false,"post_type_properties_post_features_garage_capacity_type":"","post_type_properties_post_features_bathroom_number":"","post_type_properties_post_eje":"","post_type_properties_post_zona":"","post_type_properties_post_comarca":"","post_type_properties_post_features_built_year":"","post_type_properties_post_renta_mensual":12750,"post_type_properties_post_fianza":"","post_type_properties_post_features_area_plot":"","post_type_properties_post_features_area_buildable":"","post_type_properties_post_features_classification_industrial":false,"post_type_properties_post_distrito":"","post_type_properties_post_features_balcony":false,"post_type_properties_post_features_bedroom_number":"","post_type_properties_post_features_heating_type":"","post_type_properties_post_features_equipped_with_furniture":false,"post_type_properties_post_features_pets_allowed":false,"post_type_properties_post_features_pool":false,"post_type_properties_post_features_terrace":false,"post_type_properties_post_features_wardrobes":false,"post_type_properties_post_features_lift_available":false,"post_type_properties_post_features_handicap_adapted_access":false,"post_type_properties_post_features_orientation_east":false,"post_type_properties_post_features_orientation_west":false,"post_type_properties_post_features_orientation_north":false,"post_type_properties_post_features_orientation_south":false,"post_type_properties_post_features_parking_spaces_number":"","post_type_properties_post_features_security_alarm":false,"post_type_properties_post_features_security_system":false,"post_type_properties_post_open_plan":false,"post_type_properties_post_acceso_24_7":false,"post_type_properties_post_oficina_privada":false,"post_type_properties_post_sala_reuniones":false,"post_type_properties_post_espacio_eventos":false,"post_type_properties_post_office":false,"post_type_properties_post_restaurant":false,"post_type_properties_post_acepta_traspaso":false,"post_type_properties_post_vigilancia":false,"post_type_properties_post_features_suite":false,"post_type_properties_post_features_vitro":false,"post_type_properties_post_features_oven":false,"post_type_properties_post_features_microwave":false,"post_type_properties_post_features_washing_machine":false,"post_type_properties_post_features_dryer":false,"post_type_properties_post_features_dishwasher":false,"post_type_properties_post_features_fridge":false,"post_type_properties_post_features_fridge_mini":false,"post_type_properties_post_features_kettle":false,"post_type_properties_post_features_toaster":false,"post_type_properties_post_features_coffee_maker":false,"post_type_properties_post_features_iron":false,"post_type_properties_post_features_ironing_board":false,"post_type_properties_post_features_safe":false,"post_type_properties_post_features_internet":false,"post_type_properties_post_features_solarium":false,"post_type_properties_post_features_clean_service":false,"post_type_properties_post_features_t_v":false,"post_type_properties_post_features_satellite_t_v":false,"post_type_properties_post_features_gas_kitchen":false,"post_type_properties_post_features_view_mountain":false,"post_type_properties_post_features_view_sea":false,"post_type_properties_post_features_concierge":true,"post_type_properties_post_features_loading_dock":false,"post_type_properties_post_features_bridge_crane":false,"post_type_properties_post_features_located_at_corner":false,"post_type_properties_post_features_smoke_extraction":false,"post_type_properties_post_features_rooms":"","post_type_properties_post_features_garden_area":"","post_type_properties_post_features_utilities_water":false,"post_type_properties_post_features_utilities_electricity":false,"post_type_properties_post_features_utilities_natural_gas":false,"post_type_properties_post_features_building_adapted":true,"post_type_properties_post_features_garden":false,"post_type_properties_post_features_classification_hotel":false,"post_type_properties_post_features_classification_chalet":false,"post_type_properties_post_certificado_energetico_emisiones":"C","post_type_properties_post_barrio":"","post_type_properties_post_distrito_empresa":"Eixample","post_type_properties_post_features_property_category_intern":"","post_type_properties_post_implantada":false,"post_type_properties_post_sello_leed":"","post_type_properties_post_sello_well":"1","post_type_properties_post_sello_breeam":true,"post_type_properties_post_images":[{"properties_post_image_order":1,"properties_post_image_url":"https:\/\/movin.cloud\/empresas\/2438\/imagenes\/243047\/fincas-barcelona.webp","properties_post_image_url_thumbnail":"https:\/\/movin.cloud\/empresas\/2438\/imagenes\/thumbnails\/243047\/fincas-barcelona.webp","properties_post_title":"fincas barcelona","properties_post_alt":"fincas barcelona"},{"properties_post_image_order":2,"properties_post_image_url":"https:\/\/movin.cloud\/empresas\/2438\/imagenes\/243047\/en-alquiler-10.webp","properties_post_image_url_thumbnail":"https:\/\/movin.cloud\/empresas\/2438\/imagenes\/thumbnails\/243047\/en-alquiler-10.webp","properties_post_title":"en alquiler 10","properties_post_alt":"en alquiler 10"},{"properties_post_image_order":3,"properties_post_image_url":"https:\/\/movin.cloud\/empresas\/2438\/imagenes\/243047\/en-alquiler-4.webp","properties_post_image_url_thumbnail":"https:\/\/movin.cloud\/empresas\/2438\/imagenes\/thumbnails\/243047\/en-alquiler-4.webp","properties_post_title":"en alquiler 4","properties_post_alt":"en alquiler 4"},{"properties_post_image_order":4,"properties_post_image_url":"https:\/\/movin.cloud\/empresas\/2438\/imagenes\/243047\/rent-barcelona.webp","properties_post_image_url_thumbnail":"https:\/\/movin.cloud\/empresas\/2438\/imagenes\/thumbnails\/243047\/rent-barcelona.webp","properties_post_title":"rent barcelona","properties_post_alt":"rent barcelona"},{"properties_post_image_order":5,"properties_post_image_url":"https:\/\/movin.cloud\/empresas\/2438\/imagenes\/243047\/inmobiliarias-barcelona.webp","properties_post_image_url_thumbnail":"https:\/\/movin.cloud\/empresas\/2438\/imagenes\/thumbnails\/243047\/inmobiliarias-barcelona.webp","properties_post_title":"inmobiliarias barcelona","properties_post_alt":"inmobiliarias barcelona"},{"properties_post_image_order":6,"properties_post_image_url":"https:\/\/movin.cloud\/empresas\/2438\/imagenes\/243047\/en-alquiler-2.webp","properties_post_image_url_thumbnail":"https:\/\/movin.cloud\/empresas\/2438\/imagenes\/thumbnails\/243047\/en-alquiler-2.webp","properties_post_title":"en alquiler 2","properties_post_alt":"en alquiler 2"},{"properties_post_image_order":7,"properties_post_image_url":"https:\/\/movin.cloud\/empresas\/2438\/imagenes\/243047\/inmobiliaria-barcelona.webp","properties_post_image_url_thumbnail":"https:\/\/movin.cloud\/empresas\/2438\/imagenes\/thumbnails\/243047\/inmobiliaria-barcelona.webp","properties_post_title":"inmobiliaria barcelona","properties_post_alt":"inmobiliaria barcelona"},{"properties_post_image_order":8,"properties_post_image_url":"https:\/\/movin.cloud\/empresas\/2438\/imagenes\/243047\/en-alquiler-6.webp","properties_post_image_url_thumbnail":"https:\/\/movin.cloud\/empresas\/2438\/imagenes\/thumbnails\/243047\/en-alquiler-6.webp","properties_post_title":"en alquiler 6","properties_post_alt":"en alquiler 6"},{"properties_post_image_order":9,"properties_post_image_url":"https:\/\/movin.cloud\/empresas\/2438\/imagenes\/243047\/en-alquiler-3.webp","properties_post_image_url_thumbnail":"https:\/\/movin.cloud\/empresas\/2438\/imagenes\/thumbnails\/243047\/en-alquiler-3.webp","properties_post_title":"en alquiler 3","properties_post_alt":"en alquiler 3"},{"properties_post_image_order":10,"properties_post_image_url":"https:\/\/movin.cloud\/empresas\/2438\/imagenes\/243047\/barcelona-en-alquiler.webp","properties_post_image_url_thumbnail":"https:\/\/movin.cloud\/empresas\/2438\/imagenes\/thumbnails\/243047\/barcelona-en-alquiler.webp","properties_post_title":"barcelona en alquiler","properties_post_alt":"barcelona en alquiler"},{"properties_post_image_order":11,"properties_post_image_url":"https:\/\/movin.cloud\/empresas\/2438\/imagenes\/243047\/barcelona-habitalia.webp","properties_post_image_url_thumbnail":"https:\/\/movin.cloud\/empresas\/2438\/imagenes\/thumbnails\/243047\/barcelona-habitalia.webp","properties_post_title":"barcelona habitalia","properties_post_alt":"barcelona habitalia"},{"properties_post_image_order":12,"properties_post_image_url":"https:\/\/movin.cloud\/empresas\/2438\/imagenes\/243047\/barcelona-alquiler.webp","properties_post_image_url_thumbnail":"https:\/\/movin.cloud\/empresas\/2438\/imagenes\/thumbnails\/243047\/barcelona-alquiler.webp","properties_post_title":"barcelona alquiler","properties_post_alt":"barcelona alquiler"},{"properties_post_image_order":13,"properties_post_image_url":"https:\/\/movin.cloud\/empresas\/2438\/imagenes\/243047\/en-alquiler-14.webp","properties_post_image_url_thumbnail":"https:\/\/movin.cloud\/empresas\/2438\/imagenes\/thumbnails\/243047\/en-alquiler-14.webp","properties_post_title":"en alquiler 14","properties_post_alt":"en alquiler 14"},{"properties_post_image_order":14,"properties_post_image_url":"https:\/\/movin.cloud\/empresas\/2438\/imagenes\/243047\/barcelona-alquilar.webp","properties_post_image_url_thumbnail":"https:\/\/movin.cloud\/empresas\/2438\/imagenes\/thumbnails\/243047\/barcelona-alquilar.webp","properties_post_title":"barcelona alquilar","properties_post_alt":"barcelona alquilar"},{"properties_post_image_order":15,"properties_post_image_url":"https:\/\/movin.cloud\/empresas\/2438\/imagenes\/243047\/barcelona-alquiler-para-idealista.webp","properties_post_image_url_thumbnail":"https:\/\/movin.cloud\/empresas\/2438\/imagenes\/thumbnails\/243047\/barcelona-alquiler-para-idealista.webp","properties_post_title":"barcelona alquiler para idealista","properties_post_alt":"barcelona alquiler para idealista"},{"properties_post_image_order":16,"properties_post_image_url":"https:\/\/movin.cloud\/empresas\/2438\/imagenes\/243047\/en-alquiler-19.webp","properties_post_image_url_thumbnail":"https:\/\/movin.cloud\/empresas\/2438\/imagenes\/thumbnails\/243047\/en-alquiler-19.webp","properties_post_title":"en alquiler 19","properties_post_alt":"en alquiler 19"},{"properties_post_image_order":17,"properties_post_image_url":"https:\/\/movin.cloud\/empresas\/2438\/imagenes\/243047\/barcelona-viviendas.webp","properties_post_image_url_thumbnail":"https:\/\/movin.cloud\/empresas\/2438\/imagenes\/thumbnails\/243047\/barcelona-viviendas.webp","properties_post_title":"barcelona viviendas","properties_post_alt":"barcelona viviendas"},{"properties_post_image_order":18,"properties_post_image_url":"https:\/\/movin.cloud\/empresas\/2438\/imagenes\/243047\/barcelona-alquiler-para-idealistas.webp","properties_post_image_url_thumbnail":"https:\/\/movin.cloud\/empresas\/2438\/imagenes\/thumbnails\/243047\/barcelona-alquiler-para-idealistas.webp","properties_post_title":"barcelona alquiler para idealistas","properties_post_alt":"barcelona alquiler para idealistas"},{"properties_post_image_order":19,"properties_post_image_url":"https:\/\/movin.cloud\/empresas\/2438\/imagenes\/243047\/barcelona-rent.webp","properties_post_image_url_thumbnail":"https:\/\/movin.cloud\/empresas\/2438\/imagenes\/thumbnails\/243047\/barcelona-rent.webp","properties_post_title":"barcelona rent","properties_post_alt":"barcelona rent"},{"properties_post_image_order":20,"properties_post_image_url":"https:\/\/movin.cloud\/empresas\/2438\/imagenes\/243047\/barcelona-fincas.webp","properties_post_image_url_thumbnail":"https:\/\/movin.cloud\/empresas\/2438\/imagenes\/thumbnails\/243047\/barcelona-fincas.webp","properties_post_title":"barcelona fincas","properties_post_alt":"barcelona fincas"},{"properties_post_image_order":21,"properties_post_image_url":"https:\/\/movin.cloud\/empresas\/2438\/imagenes\/243047\/barcelona-inmobiliarias.webp","properties_post_image_url_thumbnail":"https:\/\/movin.cloud\/empresas\/2438\/imagenes\/thumbnails\/243047\/barcelona-inmobiliarias.webp","properties_post_title":"barcelona inmobiliarias","properties_post_alt":"barcelona inmobiliarias"},{"properties_post_image_order":22,"properties_post_image_url":"https:\/\/movin.cloud\/empresas\/2438\/imagenes\/243047\/barcelona-inmobiliaria.webp","properties_post_image_url_thumbnail":"https:\/\/movin.cloud\/empresas\/2438\/imagenes\/thumbnails\/243047\/barcelona-inmobiliaria.webp","properties_post_title":"barcelona inmobiliaria","properties_post_alt":"barcelona inmobiliaria"},{"properties_post_image_order":23,"properties_post_image_url":"https:\/\/movin.cloud\/empresas\/2438\/imagenes\/243047\/en-alquiler-1.webp","properties_post_image_url_thumbnail":"https:\/\/movin.cloud\/empresas\/2438\/imagenes\/thumbnails\/243047\/en-alquiler-1.webp","properties_post_title":"en alquiler 1","properties_post_alt":"en alquiler 1"},{"properties_post_image_order":24,"properties_post_image_url":"https:\/\/movin.cloud\/empresas\/2438\/imagenes\/243047\/barcelona-alquiler-idealistas.webp","properties_post_image_url_thumbnail":"https:\/\/movin.cloud\/empresas\/2438\/imagenes\/thumbnails\/243047\/barcelona-alquiler-idealistas.webp","properties_post_title":"barcelona alquiler idealistas","properties_post_alt":"barcelona alquiler idealistas"},{"properties_post_image_order":25,"properties_post_image_url":"https:\/\/movin.cloud\/empresas\/2438\/imagenes\/243047\/en-alquiler-5.webp","properties_post_image_url_thumbnail":"https:\/\/movin.cloud\/empresas\/2438\/imagenes\/thumbnails\/243047\/en-alquiler-5.webp","properties_post_title":"en alquiler 5","properties_post_alt":"en alquiler 5"},{"properties_post_image_order":26,"properties_post_image_url":"https:\/\/movin.cloud\/empresas\/2438\/imagenes\/243047\/alquiler-para-idealistas-barcelona.webp","properties_post_image_url_thumbnail":"https:\/\/movin.cloud\/empresas\/2438\/imagenes\/thumbnails\/243047\/alquiler-para-idealistas-barcelona.webp","properties_post_title":"alquiler para idealistas barcelona","properties_post_alt":"alquiler para idealistas barcelona"},{"properties_post_image_order":27,"properties_post_image_url":"https:\/\/movin.cloud\/empresas\/2438\/imagenes\/243047\/en-alquiler-7.webp","properties_post_image_url_thumbnail":"https:\/\/movin.cloud\/empresas\/2438\/imagenes\/thumbnails\/243047\/en-alquiler-7.webp","properties_post_title":"en alquiler 7","properties_post_alt":"en alquiler 7"},{"properties_post_image_order":28,"properties_post_image_url":"https:\/\/movin.cloud\/empresas\/2438\/imagenes\/243047\/en-alquiler-8.webp","properties_post_image_url_thumbnail":"https:\/\/movin.cloud\/empresas\/2438\/imagenes\/thumbnails\/243047\/en-alquiler-8.webp","properties_post_title":"en alquiler 8","properties_post_alt":"en alquiler 8"},{"properties_post_image_order":29,"properties_post_image_url":"https:\/\/movin.cloud\/empresas\/2438\/imagenes\/243047\/en-alquiler-9.webp","properties_post_image_url_thumbnail":"https:\/\/movin.cloud\/empresas\/2438\/imagenes\/thumbnails\/243047\/en-alquiler-9.webp","properties_post_title":"en alquiler 9","properties_post_alt":"en alquiler 9"},{"properties_post_image_order":30,"properties_post_image_url":"https:\/\/movin.cloud\/empresas\/2438\/imagenes\/243047\/en-alquiler-11.webp","properties_post_image_url_thumbnail":"https:\/\/movin.cloud\/empresas\/2438\/imagenes\/thumbnails\/243047\/en-alquiler-11.webp","properties_post_title":"en alquiler 11","properties_post_alt":"en alquiler 11"},{"properties_post_image_order":31,"properties_post_image_url":"https:\/\/movin.cloud\/empresas\/2438\/imagenes\/243047\/en-alquiler-12.webp","properties_post_image_url_thumbnail":"https:\/\/movin.cloud\/empresas\/2438\/imagenes\/thumbnails\/243047\/en-alquiler-12.webp","properties_post_title":"en alquiler 12","properties_post_alt":"en alquiler 12"},{"properties_post_image_order":32,"properties_post_image_url":"https:\/\/movin.cloud\/empresas\/2438\/imagenes\/243047\/en-alquiler-13.webp","properties_post_image_url_thumbnail":"https:\/\/movin.cloud\/empresas\/2438\/imagenes\/thumbnails\/243047\/en-alquiler-13.webp","properties_post_title":"en alquiler 13","properties_post_alt":"en alquiler 13"},{"properties_post_image_order":33,"properties_post_image_url":"https:\/\/movin.cloud\/empresas\/2438\/imagenes\/243047\/en-alquiler-15.webp","properties_post_image_url_thumbnail":"https:\/\/movin.cloud\/empresas\/2438\/imagenes\/thumbnails\/243047\/en-alquiler-15.webp","properties_post_title":"en alquiler 15","properties_post_alt":"en alquiler 15"},{"properties_post_image_order":34,"properties_post_image_url":"https:\/\/movin.cloud\/empresas\/2438\/imagenes\/243047\/en-alquiler-16.webp","properties_post_image_url_thumbnail":"https:\/\/movin.cloud\/empresas\/2438\/imagenes\/thumbnails\/243047\/en-alquiler-16.webp","properties_post_title":"en alquiler 16","properties_post_alt":"en alquiler 16"},{"properties_post_image_order":35,"properties_post_image_url":"https:\/\/movin.cloud\/empresas\/2438\/imagenes\/243047\/en-alquiler-17.webp","properties_post_image_url_thumbnail":"https:\/\/movin.cloud\/empresas\/2438\/imagenes\/thumbnails\/243047\/en-alquiler-17.webp","properties_post_title":"en alquiler 17","properties_post_alt":"en alquiler 17"},{"properties_post_image_order":36,"properties_post_image_url":"https:\/\/movin.cloud\/empresas\/2438\/imagenes\/243047\/en-alquiler-18.webp","properties_post_image_url_thumbnail":"https:\/\/movin.cloud\/empresas\/2438\/imagenes\/thumbnails\/243047\/en-alquiler-18.webp","properties_post_title":"en alquiler 18","properties_post_alt":"en alquiler 18"},{"properties_post_image_order":37,"properties_post_image_url":"https:\/\/movin.cloud\/empresas\/2438\/imagenes\/243047\/en-alquiler-20.webp","properties_post_image_url_thumbnail":"https:\/\/movin.cloud\/empresas\/2438\/imagenes\/thumbnails\/243047\/en-alquiler-20.webp","properties_post_title":"en alquiler 20","properties_post_alt":"en alquiler 20"},{"properties_post_image_order":38,"properties_post_image_url":"https:\/\/movin.cloud\/empresas\/2438\/imagenes\/243047\/en-alquiler-21.webp","properties_post_image_url_thumbnail":"https:\/\/movin.cloud\/empresas\/2438\/imagenes\/thumbnails\/243047\/en-alquiler-21.webp","properties_post_title":"en alquiler 21","properties_post_alt":"en alquiler 21"},{"properties_post_image_order":39,"properties_post_image_url":"https:\/\/movin.cloud\/empresas\/2438\/imagenes\/243047\/en-alquiler-22.webp","properties_post_image_url_thumbnail":"https:\/\/movin.cloud\/empresas\/2438\/imagenes\/thumbnails\/243047\/en-alquiler-22.webp","properties_post_title":"en alquiler 22","properties_post_alt":"en alquiler 22"}],"post_type_properties_post_videos":null,"post_type_properties_post_tour":null,"post_type_properties_post_dossier_url":"","post_type_properties_post_operation_type":"rent","post_type_properties_post_operation_price":13260,"post_type_properties_post_features_hidden_price":false},"yoast_head":"<!-- This site is optimized with the Yoast SEO plugin v25.6 - https:\/\/yoast.com\/wordpress\/plugins\/seo\/ -->\n<title>AV.DIAGONAL - ZONA PRIME - Forcadell<\/title>\n<meta name=\"robots\" content=\"index, follow, max-snippet:-1, max-image-preview:large, max-video-preview:-1\" \/>\n<link rel=\"canonical\" href=\"https:\/\/forcadell.com\/ca\/propiedades\/oficina-en-alquiler-en-zona-prime-de-oficinas-av-diagonal\/\" \/>\n<meta property=\"og:locale\" content=\"ca_ES\" \/>\n<meta property=\"og:type\" content=\"article\" \/>\n<meta property=\"og:title\" content=\"AV.DIAGONAL - ZONA PRIME - Forcadell\" \/>\n<meta property=\"og:description\" content=\"Oficina corporativa en alquiler en edificio emblem\u00e1tico de Av. Diagonal (zona Balmes \u2013 Par\u00eds) Ubique su sede corporativa en una de las zonas m\u00e1s representativas y exclusivas de Barcelona, en plena Avenida Diagonal, entre las calles Balmes y Par\u00eds. Edificio singular con imponente fachada de estilo neocl\u00e1sico y 9 plantas sobre rasante, que ofrece una [&hellip;]\" \/>\n<meta property=\"og:url\" content=\"https:\/\/forcadell.com\/ca\/propiedades\/oficina-en-alquiler-en-zona-prime-de-oficinas-av-diagonal\/\" \/>\n<meta property=\"og:site_name\" content=\"Forcadell\" \/>\n<meta property=\"article:modified_time\" content=\"2026-04-26T06:05:57+00:00\" \/>\n<meta name=\"twitter:card\" content=\"summary_large_image\" \/>\n<meta name=\"twitter:label1\" content=\"Temps estimat de lectura\" \/>\n\t<meta name=\"twitter:data1\" content=\"1 minut\" \/>\n<!-- \/ Yoast SEO plugin. -->","yoast_head_json":{"title":"AV.DIAGONAL - ZONA PRIME - Forcadell","robots":{"index":"index","follow":"follow","max-snippet":"max-snippet:-1","max-image-preview":"max-image-preview:large","max-video-preview":"max-video-preview:-1"},"canonical":"https:\/\/forcadell.com\/ca\/propiedades\/oficina-en-alquiler-en-zona-prime-de-oficinas-av-diagonal\/","og_locale":"ca_ES","og_type":"article","og_title":"AV.DIAGONAL - ZONA PRIME - Forcadell","og_description":"Oficina corporativa en alquiler en edificio emblem\u00e1tico de Av. Diagonal (zona Balmes \u2013 Par\u00eds) Ubique su sede corporativa en una de las zonas m\u00e1s representativas y exclusivas de Barcelona, en plena Avenida Diagonal, entre las calles Balmes y Par\u00eds. Edificio singular con imponente fachada de estilo neocl\u00e1sico y 9 plantas sobre rasante, que ofrece una [&hellip;]","og_url":"https:\/\/forcadell.com\/ca\/propiedades\/oficina-en-alquiler-en-zona-prime-de-oficinas-av-diagonal\/","og_site_name":"Forcadell","article_modified_time":"2026-04-26T06:05:57+00:00","twitter_card":"summary_large_image","twitter_misc":{"Temps estimat de lectura":"1 minut"},"schema":{"@context":"https:\/\/schema.org","@graph":[{"@type":"WebPage","@id":"https:\/\/forcadell.com\/ca\/propiedades\/oficina-en-alquiler-en-zona-prime-de-oficinas-av-diagonal\/","url":"https:\/\/forcadell.com\/ca\/propiedades\/oficina-en-alquiler-en-zona-prime-de-oficinas-av-diagonal\/","name":"AV.DIAGONAL - ZONA PRIME - Forcadell","isPartOf":{"@id":"https:\/\/forcadell.com\/ca\/#website"},"datePublished":"2025-11-04T13:16:33+00:00","dateModified":"2026-04-26T06:05:57+00:00","breadcrumb":{"@id":"https:\/\/forcadell.com\/ca\/propiedades\/oficina-en-alquiler-en-zona-prime-de-oficinas-av-diagonal\/#breadcrumb"},"inLanguage":"ca","potentialAction":[{"@type":"ReadAction","target":["https:\/\/forcadell.com\/ca\/propiedades\/oficina-en-alquiler-en-zona-prime-de-oficinas-av-diagonal\/"]}]},{"@type":"BreadcrumbList","@id":"https:\/\/forcadell.com\/ca\/propiedades\/oficina-en-alquiler-en-zona-prime-de-oficinas-av-diagonal\/#breadcrumb","itemListElement":[{"@type":"ListItem","position":1,"name":"Portada","item":"https:\/\/forcadell.com\/ca\/"},{"@type":"ListItem","position":2,"name":"Properties","item":"https:\/\/forcadell.com\/ca\/propiedades\/"},{"@type":"ListItem","position":3,"name":"AV.DIAGONAL &#8211; ZONA PRIME"}]},{"@type":"WebSite","@id":"https:\/\/forcadell.com\/ca\/#website","url":"https:\/\/forcadell.com\/ca\/","name":"Forcadell","description":"Inmobiliaria Barcelona | Consultores inmobiliarios","potentialAction":[{"@type":"SearchAction","target":{"@type":"EntryPoint","urlTemplate":"https:\/\/forcadell.com\/ca\/?s={search_term_string}"},"query-input":{"@type":"PropertyValueSpecification","valueRequired":true,"valueName":"search_term_string"}}],"inLanguage":"ca"}]}},"_links":{"self":[{"href":"https:\/\/forcadell.com\/ca\/wp-json\/wp\/v2\/properties_post\/56877"}],"collection":[{"href":"https:\/\/forcadell.com\/ca\/wp-json\/wp\/v2\/properties_post"}],"about":[{"href":"https:\/\/forcadell.com\/ca\/wp-json\/wp\/v2\/types\/properties_post"}],"wp:attachment":[{"href":"https:\/\/forcadell.com\/ca\/wp-json\/wp\/v2\/media?parent=56877"}],"curies":[{"name":"wp","href":"https:\/\/api.w.org\/{rel}","templated":true}]}}