{"id":56861,"date":"2025-11-04T15:15:19","date_gmt":"2025-11-04T13:15:19","guid":{"rendered":"https:\/\/www.forcadell.com\/propiedades\/encantadora-casa-independiente-en-can-parellada-terrassa-perfecta-para-dos-familias\/"},"modified":"2026-05-01T15:05:23","modified_gmt":"2026-05-01T13:05:23","slug":"encantadora-casa-independiente-en-can-parellada-terrassa-perfecta-para-dos-familias","status":"publish","type":"properties_post","link":"https:\/\/forcadell.com\/ca\/propiedades\/encantadora-casa-independiente-en-can-parellada-terrassa-perfecta-para-dos-familias\/","title":{"rendered":"Encantadora casa independiente en Can Parellada, Terrassa \u2013 Perfecta para dos familias"},"content":{"rendered":"<p>Si buscas tranquilidad, amplitud y unas vistas impresionantes, esta casa a cuatro vientos es ideal para ti. Con 173 m\u00b2 construidos sobre una parcela de 487 m\u00b2, ofrece un espacio acogedor y vers\u00e1til para disfrutar en familia.<\/p>\n<p>Planta principal:<\/p>\n<p>A nivel de calle, encontrar\u00e1s un luminoso sal\u00f3n-comedor con chimenea, una cocina totalmente equipada, un ba\u00f1o con plato de ducha y tres habitaciones (dos de ellas dobles). Desde el pasillo, se accede a un amplio balc\u00f3n con vistas espectaculares, conectado al porche de entrada.<\/p>\n<p>Planta inferior:<\/p>\n<p>En la parte baja, hay un garaje con capacidad para dos coches y espacio extra de almacenaje. Adem\u00e1s, dispone de una segunda vivienda independiente con sal\u00f3n-comedor y cocina, dos habitaciones, y un ba\u00f1o con ba\u00f1era. Tambi\u00e9n encontrar\u00e1s un gran trastero, perfecto para guardar todo lo que necesites.<\/p>\n<p>Exteriores:<\/p>\n<p>El jard\u00edn cuenta con \u00e1rboles frutales y espacio para un huerto. Tambi\u00e9n existe la posibilidad de instalar una piscina para disfrutar del buen tiempo.<\/p>\n<p>Ubicaci\u00f3n y accesos:<\/p>\n<p>Situada en una zona tranquila y bien comunicada, la casa se encuentra pr\u00f3xima a todos los servicios:<\/p>\n<p>Institutos y centros de educaci\u00f3n primaria a pocos minutos<br \/>\nGrandes almacenes y superficies comerciales en las cercan\u00edas<br \/>\nExcelente conexi\u00f3n con las autopistas C-58 y C-16 (acceso r\u00e1pido a los t\u00faneles de Vallvidrera)<br \/>\nCerca de la estaci\u00f3n de Les Fonts, facilitando el acceso al transporte p\u00fablico<\/p>\n<p>Caracter\u00edsticas adicionales:<\/p>\n<p>3 habitaciones individuales y 2 habitaciones dobles<br \/>\n2 ba\u00f1os completos<br \/>\nAire acondicionado y calefacci\u00f3n de gasoil<br \/>\nChimenea para un ambiente c\u00e1lido y acogedor<br \/>\nJard\u00edn privado y amplia terraza para disfrutar al aire libre<br \/>\nGran trastero en la planta baja<br \/>\nSuelos de gres y buen estado de conservaci\u00f3n.<\/p>\n<p>Estado de la vivienda: En buen estado<br \/>\nSuperficie \u00fatil: 57 m\u00b2<br \/>\nSuperficie construida: 173 m\u00b2<br \/>\nCHB0208992xxxx<br \/>\nITP: Tipo vigente<br \/>\nGastos notariales y registrales seg\u00fan arancel<br \/>\nN\u00famero AICAT: 163<br \/>\nN\u00famero API: 1646<\/p>\n","protected":false},"template":"","class_list":["post-56861","properties_post","type-properties_post","status-publish","hentry","properties_modality-sale","properties_province-barcelona","properties_state-terrassa","properties_subclass-casa-unifamiliar-aislada","properties_type-casa"],"acf":{"post_type_properties_post_property_code":"11247026","post_type_properties_post_property_reference":"TER_3315","post_type_properties_post_owner_id":"205521","post_type_properties_post_owner_name":"Blas Casanova Hernandez","post_type_properties_post_property_code_encrypted":"MjQ5JDMxNTkz","post_type_properties_post_published":"1","post_type_properties_post_property_visibility":"idealista","post_type_properties_post_contact_name":"Forcadell Terrassa","post_type_properties_post_contact_email":"forcadell.terrassa@movin.cloud","post_type_properties_post_contact_primary_phone_prefix":"34","post_type_properties_post_contact_primary_phone_number":"934965408","post_type_properties_post_address_visibility":"street","post_type_properties_post_address_country":"Spain","post_type_properties_post_address_coordinates_precision":"exact","post_type_properties_post_address_postal_code":"08228","post_type_properties_post_address_coordinates_latitude":"41.5353997","post_type_properties_post_address_coordinates_longitude":"2.0498168","post_type_properties_post_address_street_name":"C\/ Camerun ","post_type_properties_post_address_floor":"","post_type_properties_post_address_town":"Terrassa","post_type_properties_post_building":null,"post_type_properties_post_property":[{"properties_post_description_language":"catalan","properties_post_title":"Encantadora casa independent a Can Parellada, Terrassa \u2013 Perfecta per a dues fam\u00edlies","properties_post_short_description_text_alt":"","properties_post_description_text_alt":"","properties_post_short_description_text":"Encantadora casa independent a Can Parellada, Terrassa \u2013 Perfecta per a dues fam\u00edlies","properties_post_link_demanda_inmueble":"https:\/\/movin.cloud\/ca\/Forcadell Terrassa\/formulari-peticio-immoble\/sth\/1876&&11247026","properties_post_link_demanda_calendario_inmueble":"https:\/\/movin.cloud\/ca\/Forcadell Terrassa\/calendari-peticio-immoble\/sth\/1876&&11247026","properties_post_description_text":"Si busques tranquil\u00b7litat, amplitud i unes vistes impressionants, aquesta casa a quatre vents \u00e9s ideal per a tu. Amb 173 m\u00b2 constru\u00efts sobre una parcel\u00b7la de 487 m\u00b2, ofereix un espai acollidor i vers\u00e0til per gaudir en fam\u00edlia.\n\nPlanta principal:\nA nivell de carrer, trobar\u00e0s un llumin\u00f3s sal\u00f3-menjador amb llar de foc, una cuina totalment equipada, un bany amb plat de dutxa i tres habitacions (dues de les quals s\u00f3n dobles). Des del passad\u00eds, s\u2019accedeix a un ampli balc\u00f3 amb vistes espectaculars, connectat al porxo d\u2019entrada.\n\nPlanta inferior:\nA la part baixa, hi ha un garatge amb capacitat per a dos cotxes i espai extra d\u2019emmagatzematge. A m\u00e9s, disposa d\u2019un segon habitatge independent amb sal\u00f3-menjador i cuina, dues habitacions i un bany amb banyera. Tamb\u00e9 hi trobar\u00e0s un gran traster, perfecte per guardar tot el que necessitis.\n\nExteriors:\nEl jard\u00ed consta d'arbres fruiters i espai per a un hort. Tamb\u00e9 hi ha la possibilitat d\u2019instal\u00b7lar-hi una piscina per gaudir del bon temps.\n\nUbicaci\u00f3 i accessos:\nSituada en una zona tranquil\u00b7la i ben comunicada, la casa es troba propera a tots els serveis:\n\nInstituts i centres d\u2019educaci\u00f3 prim\u00e0ria a pocs minuts\n\nGrans magatzems i superf\u00edcies comercials a la vora\n\nExcel\u00b7lent connexi\u00f3 amb les autopistes C-58 i C-16 (acc\u00e9s r\u00e0pid als t\u00fanels de Vallvidrera)\n\nA prop de l\u2019estaci\u00f3 de Les Fonts, facilitant l\u2019acc\u00e9s al transport p\u00fablic\n\nCaracter\u00edstiques addicionals:\n3 habitacions individuals i 2 habitacions dobles\n\n2 banys complets\n\nAire condicionat i calefacci\u00f3 de gasoil\n\nLlar de foc per a un ambient c\u00e0lid i acollidor\n\nJard\u00ed privat i \u00e0mplia terrassa per gaudir a l\u2019aire lliure\n\nGran traster a la planta baixa\n\nTerres de gres i bon estat de conservaci\u00f3.\n\nEstat de l'habitatge: En bon estat\nSuperf\u00edcie \u00fatil: 57 m\u00b2\nSuperf\u00edcie constru\u00efda: 173 m\u00b2\nCHB0208992xxxx\nITP: Tipus vigent\nDespeses notarials i registrals segons aranzel\nN\u00famero AICAT: 163\nN\u00famero API: 1646","properties_post_seo_title":"","properties_post_seo_alias":"","properties_post_seo_metadescription":"","properties_post_seo_key_words":"","properties_post_seo_url":"","properties_post_terms_conditions":""},{"properties_post_description_language":"spanish","properties_post_title":"Encantadora casa independiente en Can Parellada, Terrassa \u2013 Perfecta para dos familias","properties_post_short_description_text_alt":"","properties_post_description_text_alt":"","properties_post_short_description_text":"Encantadora casa independiente en Can Parellada, Terrassa \u2013 Perfecta para dos familias","properties_post_link_demanda_inmueble":"https:\/\/movin.cloud\/es\/Forcadell Terrassa\/formulario-peticion-inmueble\/sth\/1876&&11247026","properties_post_link_demanda_calendario_inmueble":"https:\/\/movin.cloud\/es\/Forcadell Terrassa\/calendario-peticion-inmueble\/sth\/1876&&11247026","properties_post_description_text":"Si buscas tranquilidad, amplitud y unas vistas impresionantes, esta casa a cuatro vientos es ideal para ti. Con 173 m\u00b2 construidos sobre una parcela de 487 m\u00b2, ofrece un espacio acogedor y vers\u00e1til para disfrutar en familia.\n\nPlanta principal:\n\nA nivel de calle, encontrar\u00e1s un luminoso sal\u00f3n-comedor con chimenea, una cocina totalmente equipada, un ba\u00f1o con plato de ducha y tres habitaciones (dos de ellas dobles). Desde el pasillo, se accede a un amplio balc\u00f3n con vistas espectaculares, conectado al porche de entrada.\n\nPlanta inferior:\n\nEn la parte baja, hay un garaje con capacidad para dos coches y espacio extra de almacenaje. Adem\u00e1s, dispone de una segunda vivienda independiente con sal\u00f3n-comedor y cocina, dos habitaciones, y un ba\u00f1o con ba\u00f1era. Tambi\u00e9n encontrar\u00e1s un gran trastero, perfecto para guardar todo lo que necesites.\n\nExteriores:\n\nEl jard\u00edn cuenta con \u00e1rboles frutales y espacio para un huerto. Tambi\u00e9n existe la posibilidad de instalar una piscina para disfrutar del buen tiempo.\n\nUbicaci\u00f3n y accesos:\n\nSituada en una zona tranquila y bien comunicada, la casa se encuentra pr\u00f3xima a todos los servicios:\n\nInstitutos y centros de educaci\u00f3n primaria a pocos minutos\nGrandes almacenes y superficies comerciales en las cercan\u00edas\nExcelente conexi\u00f3n con las autopistas C-58 y C-16 (acceso r\u00e1pido a los t\u00faneles de Vallvidrera)\nCerca de la estaci\u00f3n de Les Fonts, facilitando el acceso al transporte p\u00fablico\n\nCaracter\u00edsticas adicionales:\n\n3 habitaciones individuales y 2 habitaciones dobles\n2 ba\u00f1os completos\nAire acondicionado y calefacci\u00f3n de gasoil\nChimenea para un ambiente c\u00e1lido y acogedor\nJard\u00edn privado y amplia terraza para disfrutar al aire libre\nGran trastero en la planta baja\nSuelos de gres y buen estado de conservaci\u00f3n.\n\nEstado de la vivienda: En buen estado \nSuperficie \u00fatil: 57 m\u00b2\nSuperficie construida: 173 m\u00b2\nCHB0208992xxxx\nITP: Tipo vigente\nGastos notariales y registrales seg\u00fan arancel\nN\u00famero AICAT: 163\nN\u00famero API: 1646","properties_post_seo_title":"","properties_post_seo_alias":"","properties_post_seo_metadescription":"","properties_post_seo_key_words":"","properties_post_seo_url":"","properties_post_terms_conditions":""},{"properties_post_description_language":"english","properties_post_title":"Charming Detached House in Can Parellada, Terrassa \u2013 Perfect for Two Families","properties_post_short_description_text_alt":"","properties_post_description_text_alt":"","properties_post_short_description_text":"Charming Detached House in Can Parellada, Terrassa \u2013 Perfect for Two Families","properties_post_link_demanda_inmueble":"https:\/\/movin.cloud\/en\/Forcadell Terrassa\/property-form-request\/sth\/1876&&11247026","properties_post_link_demanda_calendario_inmueble":"https:\/\/movin.cloud\/en\/Forcadell Terrassa\/property-calendar-request\/sth\/1876&&11247026","properties_post_description_text":"If you're looking for peace, spaciousness, and stunning views, this four-wind house is ideal for you. With 173 m\u00b2 built on a 487 m\u00b2 plot, it offers a cosy and versatile space to enjoy with your family.\n\nMain Floor:\nAt street level, you\u2019ll find a bright living-dining room with a fireplace, a fully equipped kitchen, a bathroom with a shower, and three bedrooms (two of them doubles). From the hallway, you can access a large balcony with spectacular views, connected to the entrance porch.\n\nLower Floor:\nOn the lower level, there is a garage with space for two cars and extra storage. Additionally, there is a second independent living area with a living-dining room and kitchen, two bedrooms, and a bathroom with a bathtub. You'll also find a large storage room, perfect for keeping everything organized.\n\nOutdoor Spaces:\nThe garden features fruit trees and space for a vegetable patch. There is also the possibility of installing a swimming pool to enjoy the good weather.\n\nLocation & Access:\nLocated in a quiet and well-connected area, the house is close to all amenities:\n\nHigh schools and primary education centres just minutes away\n\nLarge department stores and shopping areas nearby\n\nExcellent connection to the C-58 and C-16 highways (quick access to the Vallvidrera tunnels)\n\nNear Les Fonts train station, providing easy access to public transport\n\nAdditional Features:\n\n3 single bedrooms and 2 double bedrooms\n\n2 full bathrooms\n\nAir conditioning and diesel heating\n\nFireplace for a warm and cosy atmosphere\n\nPrivate garden and spacious terrace for outdoor enjoyment\n\nLarge storage room on the lower floor\n\nTiled floors and well-maintained condition.\n\nCondition of the property: In good condition\nUsable floor area: 57 m\u00b2\nBuilt area: 173 m\u00b2\nCHB0208992xxxx\nITP (Property Transfer Tax): Current rate\nNotary and land registry fees according to the official tariff\nAICAT Number: 163\nAPI Number: 1646","properties_post_seo_title":"","properties_post_seo_alias":"","properties_post_seo_metadescription":"","properties_post_seo_key_words":"","properties_post_seo_url":"","properties_post_terms_conditions":""}],"post_type_properties_post_features_type":"house","post_type_properties_post_id_building":"","post_type_properties_post_features_area_constructed":173,"post_type_properties_post_features_conditioned_air":true,"post_type_properties_post_features_doorman":false,"post_type_properties_post_features_heating":true,"post_type_properties_post_features_equipped_kitchen":false,"post_type_properties_post_features_windows_location":"exterior","post_type_properties_post_features_floors_property":false,"post_type_properties_post_features_storage":true,"post_type_properties_post_features_security_door":false,"post_type_properties_post_features_energy_certificate_rating":"F","post_type_properties_post_features_energy_certificate_emissions_rating":"F","post_type_properties_post_features_energy_certificate_emissions_value":99,"post_type_properties_post_features_energy_certificate_performance":376,"post_type_properties_post_features_bathroom_inside":false,"post_type_properties_post_precio":369900,"post_type_properties_post_precio_alquiler":369900,"post_type_properties_post_record_type_id":"Casa","post_type_properties_post_categoria__producto":"Casa Unifamiliar Aislada","post_type_properties_post_amueblado":false,"post_type_properties_post_precio_m2":2138.15,"post_type_properties_post_zona__comunitaria":false,"post_type_properties_post_electrodomesticos":false,"post_type_properties_post_patio__interior":true,"post_type_properties_post_certificado_energetico_general":"F","post_type_properties_post_certificado_energetico_consumo":"F","post_type_properties_post_certificado_energetico_valor_emisiones":99,"post_type_properties_post_certificado_energetico_valor_consumo":376,"post_type_properties_post_modalidad":"sale","post_type_properties_post_provincia":"Barcelona","post_type_properties_post_poblacion":"Terrassa","post_type_properties_post_centro__urbano":false,"post_type_properties_post_zonificacion":"","post_type_properties_post_cartera":"","post_type_properties_post_titulo_catalan":"Encantadora casa independent a Can Parellada, Terrassa \u2013 Perfecta per a dues fam\u00edlies","post_type_properties_post_internet_catalan":"Si busques tranquil\u00b7litat, amplitud i unes vistes impressionants, aquesta casa a quatre vents \u00e9s ideal per a tu. Amb 173 m\u00b2 constru\u00efts sobre una parcel\u00b7la de 487 m\u00b2, ofereix un espai acollidor i vers\u00e0til per gaudir en fam\u00edlia.\n\nPlanta principal:\nA nivell de carrer, trobar\u00e0s un llumin\u00f3s sal\u00f3-menjador amb llar de foc, una cuina totalment equipada, un bany amb plat de dutxa i tres habitacions (dues de les quals s\u00f3n dobles). Des del passad\u00eds, s\u2019accedeix a un ampli balc\u00f3 amb vistes espectaculars, connectat al porxo d\u2019entrada.\n\nPlanta inferior:\nA la part baixa, hi ha un garatge amb capacitat per a dos cotxes i espai extra d\u2019emmagatzematge. A m\u00e9s, disposa d\u2019un segon habitatge independent amb sal\u00f3-menjador i cuina, dues habitacions i un bany amb banyera. Tamb\u00e9 hi trobar\u00e0s un gran traster, perfecte per guardar tot el que necessitis.\n\nExteriors:\nEl jard\u00ed consta d'arbres fruiters i espai per a un hort. Tamb\u00e9 hi ha la possibilitat d\u2019instal\u00b7lar-hi una piscina per gaudir del bon temps.\n\nUbicaci\u00f3 i accessos:\nSituada en una zona tranquil\u00b7la i ben comunicada, la casa es troba propera a tots els serveis:\n\nInstituts i centres d\u2019educaci\u00f3 prim\u00e0ria a pocs minuts\n\nGrans magatzems i superf\u00edcies comercials a la vora\n\nExcel\u00b7lent connexi\u00f3 amb les autopistes C-58 i C-16 (acc\u00e9s r\u00e0pid als t\u00fanels de Vallvidrera)\n\nA prop de l\u2019estaci\u00f3 de Les Fonts, facilitant l\u2019acc\u00e9s al transport p\u00fablic\n\nCaracter\u00edstiques addicionals:\n3 habitacions individuals i 2 habitacions dobles\n\n2 banys complets\n\nAire condicionat i calefacci\u00f3 de gasoil\n\nLlar de foc per a un ambient c\u00e0lid i acollidor\n\nJard\u00ed privat i \u00e0mplia terrassa per gaudir a l\u2019aire lliure\n\nGran traster a la planta baixa\n\nTerres de gres i bon estat de conservaci\u00f3.\n\nEstat de l'habitatge: En bon estat\nSuperf\u00edcie \u00fatil: 57 m\u00b2\nSuperf\u00edcie constru\u00efda: 173 m\u00b2\nCHB0208992xxxx\nITP: Tipus vigent\nDespeses notarials i registrals segons aranzel\nN\u00famero AICAT: 163\nN\u00famero API: 1646","post_type_properties_post_titulo_castellano":"Encantadora casa independiente en Can Parellada, Terrassa \u2013 Perfecta para dos familias","post_type_properties_post_internet_castellano":"Si buscas tranquilidad, amplitud y unas vistas impresionantes, esta casa a cuatro vientos es ideal para ti. Con 173 m\u00b2 construidos sobre una parcela de 487 m\u00b2, ofrece un espacio acogedor y vers\u00e1til para disfrutar en familia.\n\nPlanta principal:\n\nA nivel de calle, encontrar\u00e1s un luminoso sal\u00f3n-comedor con chimenea, una cocina totalmente equipada, un ba\u00f1o con plato de ducha y tres habitaciones (dos de ellas dobles). Desde el pasillo, se accede a un amplio balc\u00f3n con vistas espectaculares, conectado al porche de entrada.\n\nPlanta inferior:\n\nEn la parte baja, hay un garaje con capacidad para dos coches y espacio extra de almacenaje. Adem\u00e1s, dispone de una segunda vivienda independiente con sal\u00f3n-comedor y cocina, dos habitaciones, y un ba\u00f1o con ba\u00f1era. Tambi\u00e9n encontrar\u00e1s un gran trastero, perfecto para guardar todo lo que necesites.\n\nExteriores:\n\nEl jard\u00edn cuenta con \u00e1rboles frutales y espacio para un huerto. Tambi\u00e9n existe la posibilidad de instalar una piscina para disfrutar del buen tiempo.\n\nUbicaci\u00f3n y accesos:\n\nSituada en una zona tranquila y bien comunicada, la casa se encuentra pr\u00f3xima a todos los servicios:\n\nInstitutos y centros de educaci\u00f3n primaria a pocos minutos\nGrandes almacenes y superficies comerciales en las cercan\u00edas\nExcelente conexi\u00f3n con las autopistas C-58 y C-16 (acceso r\u00e1pido a los t\u00faneles de Vallvidrera)\nCerca de la estaci\u00f3n de Les Fonts, facilitando el acceso al transporte p\u00fablico\n\nCaracter\u00edsticas adicionales:\n\n3 habitaciones individuales y 2 habitaciones dobles\n2 ba\u00f1os completos\nAire acondicionado y calefacci\u00f3n de gasoil\nChimenea para un ambiente c\u00e1lido y acogedor\nJard\u00edn privado y amplia terraza para disfrutar al aire libre\nGran trastero en la planta baja\nSuelos de gres y buen estado de conservaci\u00f3n.\n\nEstado de la vivienda: En buen estado \nSuperficie \u00fatil: 57 m\u00b2\nSuperficie construida: 173 m\u00b2\nCHB0208992xxxx\nITP: Tipo vigente\nGastos notariales y registrales seg\u00fan arancel\nN\u00famero AICAT: 163\nN\u00famero API: 1646","post_type_properties_post_titulo_ingles":"Charming Detached House in Can Parellada, Terrassa \u2013 Perfect for Two Families","post_type_properties_post_internet_ingles":"If you're looking for peace, spaciousness, and stunning views, this four-wind house is ideal for you. With 173 m\u00b2 built on a 487 m\u00b2 plot, it offers a cosy and versatile space to enjoy with your family.\n\nMain Floor:\nAt street level, you\u2019ll find a bright living-dining room with a fireplace, a fully equipped kitchen, a bathroom with a shower, and three bedrooms (two of them doubles). From the hallway, you can access a large balcony with spectacular views, connected to the entrance porch.\n\nLower Floor:\nOn the lower level, there is a garage with space for two cars and extra storage. Additionally, there is a second independent living area with a living-dining room and kitchen, two bedrooms, and a bathroom with a bathtub. You'll also find a large storage room, perfect for keeping everything organized.\n\nOutdoor Spaces:\nThe garden features fruit trees and space for a vegetable patch. There is also the possibility of installing a swimming pool to enjoy the good weather.\n\nLocation & Access:\nLocated in a quiet and well-connected area, the house is close to all amenities:\n\nHigh schools and primary education centres just minutes away\n\nLarge department stores and shopping areas nearby\n\nExcellent connection to the C-58 and C-16 highways (quick access to the Vallvidrera tunnels)\n\nNear Les Fonts train station, providing easy access to public transport\n\nAdditional Features:\n\n3 single bedrooms and 2 double bedrooms\n\n2 full bathrooms\n\nAir conditioning and diesel heating\n\nFireplace for a warm and cosy atmosphere\n\nPrivate garden and spacious terrace for outdoor enjoyment\n\nLarge storage room on the lower floor\n\nTiled floors and well-maintained condition.\n\nCondition of the property: In good condition\nUsable floor area: 57 m\u00b2\nBuilt area: 173 m\u00b2\nCHB0208992xxxx\nITP (Property Transfer Tax): Current rate\nNotary and land registry fees according to the official tariff\nAICAT Number: 163\nAPI Number: 1646","post_type_properties_post_features_classification_commercial":false,"post_type_properties_post_features_conservation":"good","post_type_properties_post_features_security_personnel":false,"post_type_properties_post_features_parking_available":false,"post_type_properties_post_features_garage_capacity_type":"","post_type_properties_post_features_bathroom_number":2,"post_type_properties_post_eje":"","post_type_properties_post_zona":"","post_type_properties_post_comarca":"","post_type_properties_post_features_built_year":"","post_type_properties_post_renta_mensual":"","post_type_properties_post_fianza":"","post_type_properties_post_features_area_plot":"","post_type_properties_post_features_area_buildable":"","post_type_properties_post_features_classification_industrial":false,"post_type_properties_post_distrito":"","post_type_properties_post_features_balcony":false,"post_type_properties_post_features_bedroom_number":5,"post_type_properties_post_features_heating_type":"centralFuelOil","post_type_properties_post_features_equipped_with_furniture":false,"post_type_properties_post_features_pets_allowed":false,"post_type_properties_post_features_pool":false,"post_type_properties_post_features_terrace":true,"post_type_properties_post_features_wardrobes":false,"post_type_properties_post_features_lift_available":false,"post_type_properties_post_features_handicap_adapted_access":false,"post_type_properties_post_features_orientation_east":false,"post_type_properties_post_features_orientation_west":false,"post_type_properties_post_features_orientation_north":false,"post_type_properties_post_features_orientation_south":false,"post_type_properties_post_features_parking_spaces_number":1,"post_type_properties_post_features_security_alarm":false,"post_type_properties_post_features_security_system":false,"post_type_properties_post_open_plan":false,"post_type_properties_post_acceso_24_7":false,"post_type_properties_post_oficina_privada":false,"post_type_properties_post_sala_reuniones":false,"post_type_properties_post_espacio_eventos":false,"post_type_properties_post_office":false,"post_type_properties_post_restaurant":false,"post_type_properties_post_acepta_traspaso":false,"post_type_properties_post_vigilancia":false,"post_type_properties_post_features_suite":false,"post_type_properties_post_features_vitro":false,"post_type_properties_post_features_oven":false,"post_type_properties_post_features_microwave":false,"post_type_properties_post_features_washing_machine":false,"post_type_properties_post_features_dryer":false,"post_type_properties_post_features_dishwasher":false,"post_type_properties_post_features_fridge":false,"post_type_properties_post_features_fridge_mini":false,"post_type_properties_post_features_kettle":false,"post_type_properties_post_features_toaster":false,"post_type_properties_post_features_coffee_maker":false,"post_type_properties_post_features_iron":false,"post_type_properties_post_features_ironing_board":false,"post_type_properties_post_features_safe":false,"post_type_properties_post_features_internet":false,"post_type_properties_post_features_solarium":false,"post_type_properties_post_features_clean_service":false,"post_type_properties_post_features_t_v":false,"post_type_properties_post_features_satellite_t_v":false,"post_type_properties_post_features_gas_kitchen":false,"post_type_properties_post_features_view_mountain":true,"post_type_properties_post_features_view_sea":false,"post_type_properties_post_features_concierge":false,"post_type_properties_post_features_loading_dock":false,"post_type_properties_post_features_bridge_crane":false,"post_type_properties_post_features_located_at_corner":false,"post_type_properties_post_features_smoke_extraction":false,"post_type_properties_post_features_rooms":5,"post_type_properties_post_features_garden_area":"","post_type_properties_post_features_utilities_water":false,"post_type_properties_post_features_utilities_electricity":false,"post_type_properties_post_features_utilities_natural_gas":false,"post_type_properties_post_features_building_adapted":false,"post_type_properties_post_features_garden":false,"post_type_properties_post_features_classification_hotel":false,"post_type_properties_post_features_classification_chalet":false,"post_type_properties_post_certificado_energetico_emisiones":"F","post_type_properties_post_barrio":"","post_type_properties_post_distrito_empresa":"","post_type_properties_post_features_property_category_intern":"","post_type_properties_post_implantada":false,"post_type_properties_post_sello_leed":"","post_type_properties_post_sello_well":"","post_type_properties_post_sello_breeam":false,"post_type_properties_post_images":[{"properties_post_image_order":1,"properties_post_image_url":"https:\/\/movin.cloud\/empresas\/1876\/imagenes\/11247026\/casa-en-venta.webp","properties_post_image_url_thumbnail":"https:\/\/movin.cloud\/empresas\/1876\/imagenes\/thumbnails\/11247026\/casa-en-venta.webp","properties_post_title":"casa en venta","properties_post_alt":"casa en venta"},{"properties_post_image_order":2,"properties_post_image_url":"https:\/\/movin.cloud\/empresas\/1876\/imagenes\/11247026\/comprar-casa.webp","properties_post_image_url_thumbnail":"https:\/\/movin.cloud\/empresas\/1876\/imagenes\/thumbnails\/11247026\/comprar-casa.webp","properties_post_title":"comprar casa","properties_post_alt":"comprar casa"},{"properties_post_image_order":3,"properties_post_image_url":"https:\/\/movin.cloud\/empresas\/1876\/imagenes\/11247026\/venta-casa.webp","properties_post_image_url_thumbnail":"https:\/\/movin.cloud\/empresas\/1876\/imagenes\/thumbnails\/11247026\/venta-casa.webp","properties_post_title":"venta casa","properties_post_alt":"venta casa"},{"properties_post_image_order":4,"properties_post_image_url":"https:\/\/movin.cloud\/empresas\/1876\/imagenes\/11247026\/venta-casas.webp","properties_post_image_url_thumbnail":"https:\/\/movin.cloud\/empresas\/1876\/imagenes\/thumbnails\/11247026\/venta-casas.webp","properties_post_title":"venta casas","properties_post_alt":"venta casas"},{"properties_post_image_order":5,"properties_post_image_url":"https:\/\/movin.cloud\/empresas\/1876\/imagenes\/11247026\/casas-en-vent.webp","properties_post_image_url_thumbnail":"https:\/\/movin.cloud\/empresas\/1876\/imagenes\/thumbnails\/11247026\/casas-en-vent.webp","properties_post_title":"casas en vent","properties_post_alt":"casas en vent"},{"properties_post_image_order":6,"properties_post_image_url":"https:\/\/movin.cloud\/empresas\/1876\/imagenes\/11247026\/venta-de-casas.webp","properties_post_image_url_thumbnail":"https:\/\/movin.cloud\/empresas\/1876\/imagenes\/thumbnails\/11247026\/venta-de-casas.webp","properties_post_title":"venta de casas","properties_post_alt":"venta de casas"},{"properties_post_image_order":7,"properties_post_image_url":"https:\/\/movin.cloud\/empresas\/1876\/imagenes\/11247026\/casa-venta.webp","properties_post_image_url_thumbnail":"https:\/\/movin.cloud\/empresas\/1876\/imagenes\/thumbnails\/11247026\/casa-venta.webp","properties_post_title":"casa venta","properties_post_alt":"casa venta"},{"properties_post_image_order":8,"properties_post_image_url":"https:\/\/movin.cloud\/empresas\/1876\/imagenes\/11247026\/compra.webp","properties_post_image_url_thumbnail":"https:\/\/movin.cloud\/empresas\/1876\/imagenes\/thumbnails\/11247026\/compra.webp","properties_post_title":"compra","properties_post_alt":"compra"},{"properties_post_image_order":9,"properties_post_image_url":"https:\/\/movin.cloud\/empresas\/1876\/imagenes\/11247026\/venta-de-casa.webp","properties_post_image_url_thumbnail":"https:\/\/movin.cloud\/empresas\/1876\/imagenes\/thumbnails\/11247026\/venta-de-casa.webp","properties_post_title":"venta de casa","properties_post_alt":"venta de casa"},{"properties_post_image_order":10,"properties_post_image_url":"https:\/\/movin.cloud\/empresas\/1876\/imagenes\/11247026\/compra-para-idealistas.webp","properties_post_image_url_thumbnail":"https:\/\/movin.cloud\/empresas\/1876\/imagenes\/thumbnails\/11247026\/compra-para-idealistas.webp","properties_post_title":"compra para idealistas","properties_post_alt":"compra para idealistas"},{"properties_post_image_order":11,"properties_post_image_url":"https:\/\/movin.cloud\/empresas\/1876\/imagenes\/11247026\/foto-cas.webp","properties_post_image_url_thumbnail":"https:\/\/movin.cloud\/empresas\/1876\/imagenes\/thumbnails\/11247026\/foto-cas.webp","properties_post_title":"foto cas","properties_post_alt":"foto cas"},{"properties_post_image_order":12,"properties_post_image_url":"https:\/\/movin.cloud\/empresas\/1876\/imagenes\/11247026\/foto-casa-venta.webp","properties_post_image_url_thumbnail":"https:\/\/movin.cloud\/empresas\/1876\/imagenes\/thumbnails\/11247026\/foto-casa-venta.webp","properties_post_title":"foto casa venta","properties_post_alt":"foto casa venta"},{"properties_post_image_order":13,"properties_post_image_url":"https:\/\/movin.cloud\/empresas\/1876\/imagenes\/11247026\/foto-casa-con-jardin.webp","properties_post_image_url_thumbnail":"https:\/\/movin.cloud\/empresas\/1876\/imagenes\/thumbnails\/11247026\/foto-casa-con-jardin.webp","properties_post_title":"foto casa con jardin","properties_post_alt":"foto casa con jardin"},{"properties_post_image_order":14,"properties_post_image_url":"https:\/\/movin.cloud\/empresas\/1876\/imagenes\/11247026\/foto-casa.webp","properties_post_image_url_thumbnail":"https:\/\/movin.cloud\/empresas\/1876\/imagenes\/thumbnails\/11247026\/foto-casa.webp","properties_post_title":"foto casa","properties_post_alt":"foto casa"},{"properties_post_image_order":15,"properties_post_image_url":"https:\/\/movin.cloud\/empresas\/1876\/imagenes\/11247026\/casa-para-idealista.webp","properties_post_image_url_thumbnail":"https:\/\/movin.cloud\/empresas\/1876\/imagenes\/thumbnails\/11247026\/casa-para-idealista.webp","properties_post_title":"casa para idealista","properties_post_alt":"casa para idealista"},{"properties_post_image_order":16,"properties_post_image_url":"https:\/\/movin.cloud\/empresas\/1876\/imagenes\/11247026\/casa-ideal.webp","properties_post_image_url_thumbnail":"https:\/\/movin.cloud\/empresas\/1876\/imagenes\/thumbnails\/11247026\/casa-ideal.webp","properties_post_title":"casa ideal","properties_post_alt":"casa ideal"},{"properties_post_image_order":17,"properties_post_image_url":"https:\/\/movin.cloud\/empresas\/1876\/imagenes\/11247026\/venta-viviendas.webp","properties_post_image_url_thumbnail":"https:\/\/movin.cloud\/empresas\/1876\/imagenes\/thumbnails\/11247026\/venta-viviendas.webp","properties_post_title":"venta viviendas","properties_post_alt":"venta viviendas"},{"properties_post_image_order":18,"properties_post_image_url":"https:\/\/movin.cloud\/empresas\/1876\/imagenes\/11247026\/pisos-y-casas-en-venta.webp","properties_post_image_url_thumbnail":"https:\/\/movin.cloud\/empresas\/1876\/imagenes\/thumbnails\/11247026\/pisos-y-casas-en-venta.webp","properties_post_title":"pisos y casas en venta","properties_post_alt":"pisos y casas en venta"},{"properties_post_image_order":19,"properties_post_image_url":"https:\/\/movin.cloud\/empresas\/1876\/imagenes\/11247026\/casas.webp","properties_post_image_url_thumbnail":"https:\/\/movin.cloud\/empresas\/1876\/imagenes\/thumbnails\/11247026\/casas.webp","properties_post_title":"casas","properties_post_alt":"casas"},{"properties_post_image_order":20,"properties_post_image_url":"https:\/\/movin.cloud\/empresas\/1876\/imagenes\/11247026\/comprar.webp","properties_post_image_url_thumbnail":"https:\/\/movin.cloud\/empresas\/1876\/imagenes\/thumbnails\/11247026\/comprar.webp","properties_post_title":"comprar","properties_post_alt":"comprar"},{"properties_post_image_order":21,"properties_post_image_url":"https:\/\/movin.cloud\/empresas\/1876\/imagenes\/11247026\/viviendas.webp","properties_post_image_url_thumbnail":"https:\/\/movin.cloud\/empresas\/1876\/imagenes\/thumbnails\/11247026\/viviendas.webp","properties_post_title":"viviendas","properties_post_alt":"viviendas"},{"properties_post_image_order":22,"properties_post_image_url":"https:\/\/movin.cloud\/empresas\/1876\/imagenes\/11247026\/habitalia.webp","properties_post_image_url_thumbnail":"https:\/\/movin.cloud\/empresas\/1876\/imagenes\/thumbnails\/11247026\/habitalia.webp","properties_post_title":"habitalia","properties_post_alt":"habitalia"},{"properties_post_image_order":23,"properties_post_image_url":"https:\/\/movin.cloud\/empresas\/1876\/imagenes\/11247026\/venta.webp","properties_post_image_url_thumbnail":"https:\/\/movin.cloud\/empresas\/1876\/imagenes\/thumbnails\/11247026\/venta.webp","properties_post_title":"venta","properties_post_alt":"venta"},{"properties_post_image_order":24,"properties_post_image_url":"https:\/\/movin.cloud\/empresas\/1876\/imagenes\/11247026\/inmobiliarias.webp","properties_post_image_url_thumbnail":"https:\/\/movin.cloud\/empresas\/1876\/imagenes\/thumbnails\/11247026\/inmobiliarias.webp","properties_post_title":"inmobiliarias","properties_post_alt":"inmobiliarias"},{"properties_post_image_order":25,"properties_post_image_url":"https:\/\/movin.cloud\/empresas\/1876\/imagenes\/11247026\/inmobiliaria.webp","properties_post_image_url_thumbnail":"https:\/\/movin.cloud\/empresas\/1876\/imagenes\/thumbnails\/11247026\/inmobiliaria.webp","properties_post_title":"inmobiliaria","properties_post_alt":"inmobiliaria"},{"properties_post_image_order":26,"properties_post_image_url":"https:\/\/movin.cloud\/empresas\/1876\/imagenes\/11247026\/fincas.webp","properties_post_image_url_thumbnail":"https:\/\/movin.cloud\/empresas\/1876\/imagenes\/thumbnails\/11247026\/fincas.webp","properties_post_title":"fincas","properties_post_alt":"fincas"},{"properties_post_image_order":27,"properties_post_image_url":"https:\/\/movin.cloud\/empresas\/1876\/imagenes\/11247026\/venta-de-casas-terrassa.webp","properties_post_image_url_thumbnail":"https:\/\/movin.cloud\/empresas\/1876\/imagenes\/thumbnails\/11247026\/venta-de-casas-terrassa.webp","properties_post_title":"venta de casas terrassa","properties_post_alt":"venta de casas terrassa"},{"properties_post_image_order":28,"properties_post_image_url":"https:\/\/movin.cloud\/empresas\/1876\/imagenes\/11247026\/casas-en-vent-terrassa.webp","properties_post_image_url_thumbnail":"https:\/\/movin.cloud\/empresas\/1876\/imagenes\/thumbnails\/11247026\/casas-en-vent-terrassa.webp","properties_post_title":"casas en vent terrassa","properties_post_alt":"casas en vent terrassa"},{"properties_post_image_order":29,"properties_post_image_url":"https:\/\/movin.cloud\/empresas\/1876\/imagenes\/11247026\/venta-casa-terrassa.webp","properties_post_image_url_thumbnail":"https:\/\/movin.cloud\/empresas\/1876\/imagenes\/thumbnails\/11247026\/venta-casa-terrassa.webp","properties_post_title":"venta casa terrassa","properties_post_alt":"venta casa terrassa"},{"properties_post_image_order":30,"properties_post_image_url":"https:\/\/movin.cloud\/empresas\/1876\/imagenes\/11247026\/venta-casas-terrassa.webp","properties_post_image_url_thumbnail":"https:\/\/movin.cloud\/empresas\/1876\/imagenes\/thumbnails\/11247026\/venta-casas-terrassa.webp","properties_post_title":"venta casas terrassa","properties_post_alt":"venta casas terrassa"},{"properties_post_image_order":31,"properties_post_image_url":"https:\/\/movin.cloud\/empresas\/1876\/imagenes\/11247026\/casa-en-venta-terrassa.webp","properties_post_image_url_thumbnail":"https:\/\/movin.cloud\/empresas\/1876\/imagenes\/thumbnails\/11247026\/casa-en-venta-terrassa.webp","properties_post_title":"casa en venta terrassa","properties_post_alt":"casa en venta terrassa"},{"properties_post_image_order":32,"properties_post_image_url":"https:\/\/movin.cloud\/empresas\/1876\/imagenes\/11247026\/comprar-casa-terrassa.webp","properties_post_image_url_thumbnail":"https:\/\/movin.cloud\/empresas\/1876\/imagenes\/thumbnails\/11247026\/comprar-casa-terrassa.webp","properties_post_title":"comprar casa terrassa","properties_post_alt":"comprar casa terrassa"},{"properties_post_image_order":33,"properties_post_image_url":"https:\/\/movin.cloud\/empresas\/1876\/imagenes\/11247026\/casa-venta-terrassa.webp","properties_post_image_url_thumbnail":"https:\/\/movin.cloud\/empresas\/1876\/imagenes\/thumbnails\/11247026\/casa-venta-terrassa.webp","properties_post_title":"casa venta terrassa","properties_post_alt":"casa venta terrassa"},{"properties_post_image_order":34,"properties_post_image_url":"https:\/\/movin.cloud\/empresas\/1876\/imagenes\/11247026\/compra-terrassa.webp","properties_post_image_url_thumbnail":"https:\/\/movin.cloud\/empresas\/1876\/imagenes\/thumbnails\/11247026\/compra-terrassa.webp","properties_post_title":"compra terrassa","properties_post_alt":"compra terrassa"},{"properties_post_image_order":35,"properties_post_image_url":"https:\/\/movin.cloud\/empresas\/1876\/imagenes\/11247026\/venta-de-casa-terrassa.webp","properties_post_image_url_thumbnail":"https:\/\/movin.cloud\/empresas\/1876\/imagenes\/thumbnails\/11247026\/venta-de-casa-terrassa.webp","properties_post_title":"venta de casa terrassa","properties_post_alt":"venta de casa terrassa"},{"properties_post_image_order":36,"properties_post_image_url":"https:\/\/movin.cloud\/empresas\/1876\/imagenes\/11247026\/compra-para-idealistas-terrassa.webp","properties_post_image_url_thumbnail":"https:\/\/movin.cloud\/empresas\/1876\/imagenes\/thumbnails\/11247026\/compra-para-idealistas-terrassa.webp","properties_post_title":"compra para idealistas terrassa","properties_post_alt":"compra para idealistas terrassa"},{"properties_post_image_order":37,"properties_post_image_url":"https:\/\/movin.cloud\/empresas\/1876\/imagenes\/11247026\/foto-cas-terrassa.webp","properties_post_image_url_thumbnail":"https:\/\/movin.cloud\/empresas\/1876\/imagenes\/thumbnails\/11247026\/foto-cas-terrassa.webp","properties_post_title":"foto cas terrassa","properties_post_alt":"foto cas terrassa"},{"properties_post_image_order":38,"properties_post_image_url":"https:\/\/movin.cloud\/empresas\/1876\/imagenes\/11247026\/foto-casa-venta-terrassa.webp","properties_post_image_url_thumbnail":"https:\/\/movin.cloud\/empresas\/1876\/imagenes\/thumbnails\/11247026\/foto-casa-venta-terrassa.webp","properties_post_title":"foto casa venta terrassa","properties_post_alt":"foto casa venta terrassa"},{"properties_post_image_order":39,"properties_post_image_url":"https:\/\/movin.cloud\/empresas\/1876\/imagenes\/11247026\/foto-casa-con-jardin-terrassa.webp","properties_post_image_url_thumbnail":"https:\/\/movin.cloud\/empresas\/1876\/imagenes\/thumbnails\/11247026\/foto-casa-con-jardin-terrassa.webp","properties_post_title":"foto casa con jardin terrassa","properties_post_alt":"foto casa con jardin terrassa"},{"properties_post_image_order":40,"properties_post_image_url":"https:\/\/movin.cloud\/empresas\/1876\/imagenes\/11247026\/foto-casa-terrassa.webp","properties_post_image_url_thumbnail":"https:\/\/movin.cloud\/empresas\/1876\/imagenes\/thumbnails\/11247026\/foto-casa-terrassa.webp","properties_post_title":"foto casa terrassa","properties_post_alt":"foto casa terrassa"},{"properties_post_image_order":41,"properties_post_image_url":"https:\/\/movin.cloud\/empresas\/1876\/imagenes\/11247026\/casa-para-idealista-terrassa.webp","properties_post_image_url_thumbnail":"https:\/\/movin.cloud\/empresas\/1876\/imagenes\/thumbnails\/11247026\/casa-para-idealista-terrassa.webp","properties_post_title":"casa para idealista terrassa","properties_post_alt":"casa para idealista terrassa"},{"properties_post_image_order":42,"properties_post_image_url":"https:\/\/movin.cloud\/empresas\/1876\/imagenes\/11247026\/casa-ideal-terrassa.webp","properties_post_image_url_thumbnail":"https:\/\/movin.cloud\/empresas\/1876\/imagenes\/thumbnails\/11247026\/casa-ideal-terrassa.webp","properties_post_title":"casa ideal terrassa","properties_post_alt":"casa ideal terrassa"},{"properties_post_image_order":43,"properties_post_image_url":"https:\/\/movin.cloud\/empresas\/1876\/imagenes\/11247026\/venta-viviendas-terrassa.webp","properties_post_image_url_thumbnail":"https:\/\/movin.cloud\/empresas\/1876\/imagenes\/thumbnails\/11247026\/venta-viviendas-terrassa.webp","properties_post_title":"venta viviendas terrassa","properties_post_alt":"venta viviendas terrassa"},{"properties_post_image_order":44,"properties_post_image_url":"https:\/\/movin.cloud\/empresas\/1876\/imagenes\/11247026\/pisos-y-casas-en-venta-terrassa.webp","properties_post_image_url_thumbnail":"https:\/\/movin.cloud\/empresas\/1876\/imagenes\/thumbnails\/11247026\/pisos-y-casas-en-venta-terrassa.webp","properties_post_title":"pisos y casas en venta terrassa","properties_post_alt":"pisos y casas en venta terrassa"},{"properties_post_image_order":45,"properties_post_image_url":"https:\/\/movin.cloud\/empresas\/1876\/imagenes\/11247026\/casas-terrassa.webp","properties_post_image_url_thumbnail":"https:\/\/movin.cloud\/empresas\/1876\/imagenes\/thumbnails\/11247026\/casas-terrassa.webp","properties_post_title":"casas terrassa","properties_post_alt":"casas terrassa"},{"properties_post_image_order":46,"properties_post_image_url":"https:\/\/movin.cloud\/empresas\/1876\/imagenes\/11247026\/comprar-terrassa.webp","properties_post_image_url_thumbnail":"https:\/\/movin.cloud\/empresas\/1876\/imagenes\/thumbnails\/11247026\/comprar-terrassa.webp","properties_post_title":"comprar terrassa","properties_post_alt":"comprar terrassa"},{"properties_post_image_order":47,"properties_post_image_url":"https:\/\/movin.cloud\/empresas\/1876\/imagenes\/11247026\/viviendas-terrassa.webp","properties_post_image_url_thumbnail":"https:\/\/movin.cloud\/empresas\/1876\/imagenes\/thumbnails\/11247026\/viviendas-terrassa.webp","properties_post_title":"viviendas terrassa","properties_post_alt":"viviendas terrassa"},{"properties_post_image_order":48,"properties_post_image_url":"https:\/\/movin.cloud\/empresas\/1876\/imagenes\/11247026\/habitalia-terrassa.webp","properties_post_image_url_thumbnail":"https:\/\/movin.cloud\/empresas\/1876\/imagenes\/thumbnails\/11247026\/habitalia-terrassa.webp","properties_post_title":"habitalia terrassa","properties_post_alt":"habitalia terrassa"},{"properties_post_image_order":49,"properties_post_image_url":"https:\/\/movin.cloud\/empresas\/1876\/imagenes\/11247026\/venta-terrassa.webp","properties_post_image_url_thumbnail":"https:\/\/movin.cloud\/empresas\/1876\/imagenes\/thumbnails\/11247026\/venta-terrassa.webp","properties_post_title":"venta terrassa","properties_post_alt":"venta terrassa"},{"properties_post_image_order":50,"properties_post_image_url":"https:\/\/movin.cloud\/empresas\/1876\/imagenes\/11247026\/inmobiliaria-terrassa.webp","properties_post_image_url_thumbnail":"https:\/\/movin.cloud\/empresas\/1876\/imagenes\/thumbnails\/11247026\/inmobiliaria-terrassa.webp","properties_post_title":"inmobiliaria terrassa","properties_post_alt":"inmobiliaria terrassa"},{"properties_post_image_order":51,"properties_post_image_url":"https:\/\/movin.cloud\/empresas\/1876\/imagenes\/11247026\/terrassa-casas-en-vent.webp","properties_post_image_url_thumbnail":"https:\/\/movin.cloud\/empresas\/1876\/imagenes\/thumbnails\/11247026\/terrassa-casas-en-vent.webp","properties_post_title":"terrassa casas en vent","properties_post_alt":"terrassa casas en vent"},{"properties_post_image_order":52,"properties_post_image_url":"https:\/\/movin.cloud\/empresas\/1876\/imagenes\/11247026\/terrassa-venta-casa.webp","properties_post_image_url_thumbnail":"https:\/\/movin.cloud\/empresas\/1876\/imagenes\/thumbnails\/11247026\/terrassa-venta-casa.webp","properties_post_title":"terrassa venta casa","properties_post_alt":"terrassa venta casa"},{"properties_post_image_order":53,"properties_post_image_url":"https:\/\/movin.cloud\/empresas\/1876\/imagenes\/11247026\/terrassa-venta-casas.webp","properties_post_image_url_thumbnail":"https:\/\/movin.cloud\/empresas\/1876\/imagenes\/thumbnails\/11247026\/terrassa-venta-casas.webp","properties_post_title":"terrassa venta casas","properties_post_alt":"terrassa venta casas"},{"properties_post_image_order":54,"properties_post_image_url":"https:\/\/movin.cloud\/empresas\/1876\/imagenes\/11247026\/terrassa-casa-en-venta.webp","properties_post_image_url_thumbnail":"https:\/\/movin.cloud\/empresas\/1876\/imagenes\/thumbnails\/11247026\/terrassa-casa-en-venta.webp","properties_post_title":"terrassa casa en venta","properties_post_alt":"terrassa casa en venta"},{"properties_post_image_order":55,"properties_post_image_url":"https:\/\/movin.cloud\/empresas\/1876\/imagenes\/11247026\/terrassa-comprar-casa.webp","properties_post_image_url_thumbnail":"https:\/\/movin.cloud\/empresas\/1876\/imagenes\/thumbnails\/11247026\/terrassa-comprar-casa.webp","properties_post_title":"terrassa comprar casa","properties_post_alt":"terrassa comprar casa"},{"properties_post_image_order":56,"properties_post_image_url":"https:\/\/movin.cloud\/empresas\/1876\/imagenes\/11247026\/terrassa-casa-venta.webp","properties_post_image_url_thumbnail":"https:\/\/movin.cloud\/empresas\/1876\/imagenes\/thumbnails\/11247026\/terrassa-casa-venta.webp","properties_post_title":"terrassa casa venta","properties_post_alt":"terrassa casa venta"},{"properties_post_image_order":57,"properties_post_image_url":"https:\/\/movin.cloud\/empresas\/1876\/imagenes\/11247026\/terrassa-venta-de-casa.webp","properties_post_image_url_thumbnail":"https:\/\/movin.cloud\/empresas\/1876\/imagenes\/thumbnails\/11247026\/terrassa-venta-de-casa.webp","properties_post_title":"terrassa venta de casa","properties_post_alt":"terrassa venta de casa"},{"properties_post_image_order":58,"properties_post_image_url":"https:\/\/movin.cloud\/empresas\/1876\/imagenes\/11247026\/terrassa-compra-para-idealistas.webp","properties_post_image_url_thumbnail":"https:\/\/movin.cloud\/empresas\/1876\/imagenes\/thumbnails\/11247026\/terrassa-compra-para-idealistas.webp","properties_post_title":"terrassa compra para idealistas","properties_post_alt":"terrassa compra para idealistas"},{"properties_post_image_order":59,"properties_post_image_url":"https:\/\/movin.cloud\/empresas\/1876\/imagenes\/11247026\/terrassa-foto-cas.webp","properties_post_image_url_thumbnail":"https:\/\/movin.cloud\/empresas\/1876\/imagenes\/thumbnails\/11247026\/terrassa-foto-cas.webp","properties_post_title":"terrassa foto cas","properties_post_alt":"terrassa foto cas"},{"properties_post_image_order":60,"properties_post_image_url":"https:\/\/movin.cloud\/empresas\/1876\/imagenes\/11247026\/terrassa-foto-casa-venta.webp","properties_post_image_url_thumbnail":"https:\/\/movin.cloud\/empresas\/1876\/imagenes\/thumbnails\/11247026\/terrassa-foto-casa-venta.webp","properties_post_title":"terrassa foto casa venta","properties_post_alt":"terrassa foto casa venta"},{"properties_post_image_order":61,"properties_post_image_url":"https:\/\/movin.cloud\/empresas\/1876\/imagenes\/11247026\/terrassa-foto-casa-con-jardin.webp","properties_post_image_url_thumbnail":"https:\/\/movin.cloud\/empresas\/1876\/imagenes\/thumbnails\/11247026\/terrassa-foto-casa-con-jardin.webp","properties_post_title":"terrassa foto casa con jardin","properties_post_alt":"terrassa foto casa con jardin"},{"properties_post_image_order":62,"properties_post_image_url":"https:\/\/movin.cloud\/empresas\/1876\/imagenes\/11247026\/terrassa-foto-casa.webp","properties_post_image_url_thumbnail":"https:\/\/movin.cloud\/empresas\/1876\/imagenes\/thumbnails\/11247026\/terrassa-foto-casa.webp","properties_post_title":"terrassa foto casa","properties_post_alt":"terrassa foto casa"},{"properties_post_image_order":63,"properties_post_image_url":"https:\/\/movin.cloud\/empresas\/1876\/imagenes\/11247026\/terrassa-casa-para-idealista.webp","properties_post_image_url_thumbnail":"https:\/\/movin.cloud\/empresas\/1876\/imagenes\/thumbnails\/11247026\/terrassa-casa-para-idealista.webp","properties_post_title":"terrassa casa para idealista","properties_post_alt":"terrassa casa para idealista"},{"properties_post_image_order":64,"properties_post_image_url":"https:\/\/movin.cloud\/empresas\/1876\/imagenes\/11247026\/terrassa-casa-ideal.webp","properties_post_image_url_thumbnail":"https:\/\/movin.cloud\/empresas\/1876\/imagenes\/thumbnails\/11247026\/terrassa-casa-ideal.webp","properties_post_title":"terrassa casa ideal","properties_post_alt":"terrassa casa ideal"},{"properties_post_image_order":65,"properties_post_image_url":"https:\/\/movin.cloud\/empresas\/1876\/imagenes\/11247026\/terrassa-venta-viviendas.webp","properties_post_image_url_thumbnail":"https:\/\/movin.cloud\/empresas\/1876\/imagenes\/thumbnails\/11247026\/terrassa-venta-viviendas.webp","properties_post_title":"terrassa venta viviendas","properties_post_alt":"terrassa venta viviendas"}],"post_type_properties_post_videos":[{"properties_post_video_url":"https:\/\/www.youtube.com\/watch?v=daJliQMBFas","properties_post_video_order":"999"}],"post_type_properties_post_tour":null,"post_type_properties_post_dossier_url":"","post_type_properties_post_operation_type":"sale","post_type_properties_post_operation_price":369900,"post_type_properties_post_features_hidden_price":false},"yoast_head":"<!-- This site is optimized with the Yoast SEO plugin v27.4 - https:\/\/yoast.com\/product\/yoast-seo-wordpress\/ -->\n<title>Encantadora casa independiente en Can Parellada, Terrassa \u2013 Perfecta para dos familias - Forcadell<\/title>\n<meta name=\"robots\" content=\"index, follow, max-snippet:-1, max-image-preview:large, max-video-preview:-1\" \/>\n<link rel=\"canonical\" href=\"https:\/\/forcadell.com\/ca\/propiedades\/encantadora-casa-independiente-en-can-parellada-terrassa-perfecta-para-dos-familias\/\" \/>\n<meta property=\"og:locale\" content=\"ca_ES\" \/>\n<meta property=\"og:type\" content=\"article\" \/>\n<meta property=\"og:title\" content=\"Encantadora casa independiente en Can Parellada, Terrassa \u2013 Perfecta para dos familias - Forcadell\" \/>\n<meta property=\"og:description\" content=\"Si buscas tranquilidad, amplitud y unas vistas impresionantes, esta casa a cuatro vientos es ideal para ti. Con 173 m\u00b2 construidos sobre una parcela de 487 m\u00b2, ofrece un espacio acogedor y vers\u00e1til para disfrutar en familia. Planta principal: A nivel de calle, encontrar\u00e1s un luminoso sal\u00f3n-comedor con chimenea, una cocina totalmente equipada, un ba\u00f1o [&hellip;]\" \/>\n<meta property=\"og:url\" content=\"https:\/\/forcadell.com\/ca\/propiedades\/encantadora-casa-independiente-en-can-parellada-terrassa-perfecta-para-dos-familias\/\" \/>\n<meta property=\"og:site_name\" content=\"Forcadell\" \/>\n<meta property=\"article:modified_time\" content=\"2026-05-01T13:05:23+00:00\" \/>\n<meta name=\"twitter:card\" content=\"summary_large_image\" \/>\n<meta name=\"twitter:label1\" content=\"Temps estimat de lectura\" \/>\n\t<meta name=\"twitter:data1\" content=\"2 minuts\" \/>\n<!-- \/ Yoast SEO plugin. -->","yoast_head_json":{"title":"Encantadora casa independiente en Can Parellada, Terrassa \u2013 Perfecta para dos familias - Forcadell","robots":{"index":"index","follow":"follow","max-snippet":"max-snippet:-1","max-image-preview":"max-image-preview:large","max-video-preview":"max-video-preview:-1"},"canonical":"https:\/\/forcadell.com\/ca\/propiedades\/encantadora-casa-independiente-en-can-parellada-terrassa-perfecta-para-dos-familias\/","og_locale":"ca_ES","og_type":"article","og_title":"Encantadora casa independiente en Can Parellada, Terrassa \u2013 Perfecta para dos familias - Forcadell","og_description":"Si buscas tranquilidad, amplitud y unas vistas impresionantes, esta casa a cuatro vientos es ideal para ti. Con 173 m\u00b2 construidos sobre una parcela de 487 m\u00b2, ofrece un espacio acogedor y vers\u00e1til para disfrutar en familia. Planta principal: A nivel de calle, encontrar\u00e1s un luminoso sal\u00f3n-comedor con chimenea, una cocina totalmente equipada, un ba\u00f1o [&hellip;]","og_url":"https:\/\/forcadell.com\/ca\/propiedades\/encantadora-casa-independiente-en-can-parellada-terrassa-perfecta-para-dos-familias\/","og_site_name":"Forcadell","article_modified_time":"2026-05-01T13:05:23+00:00","twitter_card":"summary_large_image","twitter_misc":{"Temps estimat de lectura":"2 minuts"},"schema":{"@context":"https:\/\/schema.org","@graph":[{"@type":"WebPage","@id":"https:\/\/forcadell.com\/ca\/propiedades\/encantadora-casa-independiente-en-can-parellada-terrassa-perfecta-para-dos-familias\/","url":"https:\/\/forcadell.com\/ca\/propiedades\/encantadora-casa-independiente-en-can-parellada-terrassa-perfecta-para-dos-familias\/","name":"Encantadora casa independiente en Can Parellada, Terrassa \u2013 Perfecta para dos familias - Forcadell","isPartOf":{"@id":"https:\/\/forcadell.com\/ca\/#website"},"datePublished":"2025-11-04T13:15:19+00:00","dateModified":"2026-05-01T13:05:23+00:00","breadcrumb":{"@id":"https:\/\/forcadell.com\/ca\/propiedades\/encantadora-casa-independiente-en-can-parellada-terrassa-perfecta-para-dos-familias\/#breadcrumb"},"inLanguage":"ca","potentialAction":[{"@type":"ReadAction","target":["https:\/\/forcadell.com\/ca\/propiedades\/encantadora-casa-independiente-en-can-parellada-terrassa-perfecta-para-dos-familias\/"]}]},{"@type":"BreadcrumbList","@id":"https:\/\/forcadell.com\/ca\/propiedades\/encantadora-casa-independiente-en-can-parellada-terrassa-perfecta-para-dos-familias\/#breadcrumb","itemListElement":[{"@type":"ListItem","position":1,"name":"Portada","item":"https:\/\/forcadell.com\/ca\/"},{"@type":"ListItem","position":2,"name":"Properties","item":"https:\/\/forcadell.com\/ca\/propiedades\/"},{"@type":"ListItem","position":3,"name":"Encantadora casa independiente en Can Parellada, Terrassa \u2013 Perfecta para dos familias"}]},{"@type":"WebSite","@id":"https:\/\/forcadell.com\/ca\/#website","url":"https:\/\/forcadell.com\/ca\/","name":"Forcadell","description":"Inmobiliaria Barcelona | Consultores inmobiliarios","potentialAction":[{"@type":"SearchAction","target":{"@type":"EntryPoint","urlTemplate":"https:\/\/forcadell.com\/ca\/?s={search_term_string}"},"query-input":{"@type":"PropertyValueSpecification","valueRequired":true,"valueName":"search_term_string"}}],"inLanguage":"ca"}]}},"_links":{"self":[{"href":"https:\/\/forcadell.com\/ca\/wp-json\/wp\/v2\/properties_post\/56861","targetHints":{"allow":["GET"]}}],"collection":[{"href":"https:\/\/forcadell.com\/ca\/wp-json\/wp\/v2\/properties_post"}],"about":[{"href":"https:\/\/forcadell.com\/ca\/wp-json\/wp\/v2\/types\/properties_post"}],"wp:attachment":[{"href":"https:\/\/forcadell.com\/ca\/wp-json\/wp\/v2\/media?parent=56861"}],"curies":[{"name":"wp","href":"https:\/\/api.w.org\/{rel}","templated":true}]}}