{"id":56810,"date":"2025-11-04T15:12:27","date_gmt":"2025-11-04T13:12:27","guid":{"rendered":"https:\/\/www.forcadell.com\/propiedades\/vivienda-unifamiliar-con-piscina-y-jardin-en-alaro\/"},"modified":"2026-05-01T15:04:58","modified_gmt":"2026-05-01T13:04:58","slug":"vivienda-unifamiliar-con-piscina-y-jardin-en-alaro","status":"publish","type":"properties_post","link":"https:\/\/forcadell.com\/ca\/propiedades\/vivienda-unifamiliar-con-piscina-y-jardin-en-alaro\/","title":{"rendered":"Vivienda unifamiliar con piscina y jard\u00edn en Alar\u00f3"},"content":{"rendered":"<p>Encantadora vivienda unifamiliar adosada de estilo mediterr\u00e1neo, con piscina privada y jard\u00edn propio, un lugar ideal para disfrutar del clima soleado y la tranquilidad del pintoresco pueblo de Alar\u00f3.<\/p>\n<p>Con acabados de alta calidad, la vivienda cuenta con cocina equipada con electrodom\u00e9sticos de \u00faltima generaci\u00f3n, placas solares, aire acondicionado y materiales de primera l\u00ednea de Porcelanosa.<\/p>\n<p>La propiedad se distribuye en dos plantas sobre una amplia parcela, con un jard\u00edn de 45m\u00b2 y una piscina perfecta para los d\u00edas de verano. Sus 162m\u00b2 construidos albergan tres habitaciones (una de ellas con ba\u00f1o en suite), un aseo de cortes\u00eda y dos ba\u00f1os completos.<\/p>\n<p>Adem\u00e1s, dispone de aparcamiento privado con instalaci\u00f3n para la recarga de veh\u00edculos el\u00e9ctricos.<\/p>\n","protected":false},"template":"","class_list":["post-56810","properties_post","type-properties_post","status-publish","hentry","properties_modality-sale","properties_province-illes-balears","properties_state-alaro","properties_subclass-casa-unifamiliar-adosada","properties_type-casa"],"acf":{"post_type_properties_post_property_code":"11247300","post_type_properties_post_property_reference":"PAL_3369","post_type_properties_post_owner_id":"144593","post_type_properties_post_owner_name":"Ares construcciones","post_type_properties_post_property_code_encrypted":"MjQ5JDMxODY3","post_type_properties_post_published":"1","post_type_properties_post_property_visibility":"idealista","post_type_properties_post_contact_name":"Forcadell Mallorca","post_type_properties_post_contact_email":"forcadell.palma@movin.cloud","post_type_properties_post_contact_primary_phone_prefix":"34","post_type_properties_post_contact_primary_phone_number":"971718852","post_type_properties_post_address_visibility":"street","post_type_properties_post_address_country":"Spain","post_type_properties_post_address_coordinates_precision":"exact","post_type_properties_post_address_postal_code":"07340","post_type_properties_post_address_coordinates_latitude":"39.7092363","post_type_properties_post_address_coordinates_longitude":"2.7937144","post_type_properties_post_address_street_name":"Solleric","post_type_properties_post_address_floor":"","post_type_properties_post_address_town":"Alar\u00f3","post_type_properties_post_building":null,"post_type_properties_post_property":[{"properties_post_description_language":"catalan","properties_post_title":"Habitatge unifamiliar amb piscina i jard\u00ed a Alar\u00f3","properties_post_short_description_text_alt":"","properties_post_description_text_alt":"","properties_post_short_description_text":"Habitatge unifamiliar amb piscina i jard\u00ed a Alar\u00f3","properties_post_link_demanda_inmueble":"https:\/\/movin.cloud\/ca\/Forcadell Mallorca\/formulari-peticio-immoble\/sth\/1880&&11247300","properties_post_link_demanda_calendario_inmueble":"https:\/\/movin.cloud\/ca\/Forcadell Mallorca\/calendari-peticio-immoble\/sth\/1880&&11247300","properties_post_description_text":"Encantador habitatge unifamiliar adossat d\u2019estil mediterrani, amb piscina privada i jard\u00ed propi, un lloc ideal per gaudir del clima assolellat i la tranquil\u00b7litat del pintoresc poble d\u2019Alar\u00f3.\n\nAmb acabats de gran qualitat, l\u2019habitatge consta de cuina equipada amb electrodom\u00e8stics d\u2019\u00faltima generaci\u00f3, plaques solars, aire condicionat i materials de primera l\u00ednia de Porcelanosa.\n\nLa propietat es distribueix en dues plantes sobre una \u00e0mplia parcel\u00b7la, amb un jard\u00ed de 45 m\u00b2 i una piscina perfecta per als dies d\u2019estiu. Els seus 162 m\u00b2 constru\u00efts acullen tres habitacions (una d\u2019elles amb bany en suite), un lavabo de cortesia i dos banys complets.\n\nA m\u00e9s, disposa d\u2019aparcament privat amb instal\u00b7laci\u00f3 per a la rec\u00e0rrega de vehicles el\u00e8ctrics.","properties_post_seo_title":"","properties_post_seo_alias":"","properties_post_seo_metadescription":"","properties_post_seo_key_words":"","properties_post_seo_url":"","properties_post_terms_conditions":""},{"properties_post_description_language":"spanish","properties_post_title":"Vivienda unifamiliar con piscina y jard\u00edn en Alar\u00f3","properties_post_short_description_text_alt":"","properties_post_description_text_alt":"","properties_post_short_description_text":"Vivienda unifamiliar con piscina y jard\u00edn en Alar\u00f3","properties_post_link_demanda_inmueble":"https:\/\/movin.cloud\/es\/Forcadell Mallorca\/formulario-peticion-inmueble\/sth\/1880&&11247300","properties_post_link_demanda_calendario_inmueble":"https:\/\/movin.cloud\/es\/Forcadell Mallorca\/calendario-peticion-inmueble\/sth\/1880&&11247300","properties_post_description_text":"Encantadora vivienda unifamiliar adosada de estilo mediterr\u00e1neo, con piscina privada y jard\u00edn propio, un lugar ideal para disfrutar del clima soleado y la tranquilidad del pintoresco pueblo de Alar\u00f3.\n\nCon acabados de alta calidad, la vivienda cuenta con cocina equipada con electrodom\u00e9sticos de \u00faltima generaci\u00f3n, placas solares, aire acondicionado y materiales de primera l\u00ednea de Porcelanosa.\n\nLa propiedad se distribuye en dos plantas sobre una amplia parcela, con un jard\u00edn de 45m\u00b2 y una piscina perfecta para los d\u00edas de verano. Sus 162m\u00b2 construidos albergan tres habitaciones (una de ellas con ba\u00f1o en suite), un aseo de cortes\u00eda y dos ba\u00f1os completos.\n\nAdem\u00e1s, dispone de aparcamiento privado con instalaci\u00f3n para la recarga de veh\u00edculos el\u00e9ctricos.\n","properties_post_seo_title":"","properties_post_seo_alias":"","properties_post_seo_metadescription":"","properties_post_seo_key_words":"","properties_post_seo_url":"","properties_post_terms_conditions":""},{"properties_post_description_language":"english","properties_post_title":"Detached house with pool and garden in Alar\u00f3","properties_post_short_description_text_alt":"","properties_post_description_text_alt":"","properties_post_short_description_text":"Detached house with pool and garden in Alar\u00f3","properties_post_link_demanda_inmueble":"https:\/\/movin.cloud\/en\/Forcadell Mallorca\/property-form-request\/sth\/1880&&11247300","properties_post_link_demanda_calendario_inmueble":"https:\/\/movin.cloud\/en\/Forcadell Mallorca\/property-calendar-request\/sth\/1880&&11247300","properties_post_description_text":"Charming Mediterranean-style semi-detached house with a private pool and garden \u2014 the perfect spot to enjoy the sunny weather and the peaceful atmosphere of the picturesque village of Alar\u00f3.\n\nBuilt with high-quality finishes, the property features a fully equipped kitchen with state-of-the-art appliances, solar panels, air conditioning, and top-of-the-line Porcelanosa materials.\n\nThe home is set on a generous plot distributed over two floors, with a 45m\u00b2 garden and a pool ideal for summer days. The 162m\u00b2 built area includes three bedrooms (one with an en-suite bathroom), a guest toilet, and two full bathrooms.\n\nAdditionally, it offers private parking with an electric vehicle charging station.","properties_post_seo_title":"","properties_post_seo_alias":"","properties_post_seo_metadescription":"","properties_post_seo_key_words":"","properties_post_seo_url":"","properties_post_terms_conditions":""}],"post_type_properties_post_features_type":"house","post_type_properties_post_id_building":"","post_type_properties_post_features_area_constructed":160,"post_type_properties_post_features_conditioned_air":true,"post_type_properties_post_features_doorman":false,"post_type_properties_post_features_heating":true,"post_type_properties_post_features_equipped_kitchen":false,"post_type_properties_post_features_windows_location":"exterior","post_type_properties_post_features_floors_property":false,"post_type_properties_post_features_storage":false,"post_type_properties_post_features_security_door":false,"post_type_properties_post_features_energy_certificate_rating":"exempt","post_type_properties_post_features_energy_certificate_emissions_rating":"","post_type_properties_post_features_energy_certificate_emissions_value":"","post_type_properties_post_features_energy_certificate_performance":"","post_type_properties_post_features_bathroom_inside":false,"post_type_properties_post_precio":1150000,"post_type_properties_post_precio_alquiler":1150000,"post_type_properties_post_record_type_id":"Casa","post_type_properties_post_categoria__producto":"Casa Unifamiliar Adosada","post_type_properties_post_amueblado":false,"post_type_properties_post_precio_m2":6562.5,"post_type_properties_post_zona__comunitaria":false,"post_type_properties_post_electrodomesticos":false,"post_type_properties_post_patio__interior":true,"post_type_properties_post_certificado_energetico_general":"X (Exento)","post_type_properties_post_certificado_energetico_consumo":"X (Exento)","post_type_properties_post_certificado_energetico_valor_emisiones":"","post_type_properties_post_certificado_energetico_valor_consumo":"","post_type_properties_post_modalidad":"sale","post_type_properties_post_provincia":"Illes Balears","post_type_properties_post_poblacion":"Alar\u00f3","post_type_properties_post_centro__urbano":false,"post_type_properties_post_zonificacion":"","post_type_properties_post_cartera":"","post_type_properties_post_titulo_catalan":"Habitatge unifamiliar amb piscina i jard\u00ed a Alar\u00f3","post_type_properties_post_internet_catalan":"Encantador habitatge unifamiliar adossat d\u2019estil mediterrani, amb piscina privada i jard\u00ed propi, un lloc ideal per gaudir del clima assolellat i la tranquil\u00b7litat del pintoresc poble d\u2019Alar\u00f3.\n\nAmb acabats de gran qualitat, l\u2019habitatge consta de cuina equipada amb electrodom\u00e8stics d\u2019\u00faltima generaci\u00f3, plaques solars, aire condicionat i materials de primera l\u00ednia de Porcelanosa.\n\nLa propietat es distribueix en dues plantes sobre una \u00e0mplia parcel\u00b7la, amb un jard\u00ed de 45 m\u00b2 i una piscina perfecta per als dies d\u2019estiu. Els seus 162 m\u00b2 constru\u00efts acullen tres habitacions (una d\u2019elles amb bany en suite), un lavabo de cortesia i dos banys complets.\n\nA m\u00e9s, disposa d\u2019aparcament privat amb instal\u00b7laci\u00f3 per a la rec\u00e0rrega de vehicles el\u00e8ctrics.","post_type_properties_post_titulo_castellano":"Vivienda unifamiliar con piscina y jard\u00edn en Alar\u00f3","post_type_properties_post_internet_castellano":"Encantadora vivienda unifamiliar adosada de estilo mediterr\u00e1neo, con piscina privada y jard\u00edn propio, un lugar ideal para disfrutar del clima soleado y la tranquilidad del pintoresco pueblo de Alar\u00f3.\n\nCon acabados de alta calidad, la vivienda cuenta con cocina equipada con electrodom\u00e9sticos de \u00faltima generaci\u00f3n, placas solares, aire acondicionado y materiales de primera l\u00ednea de Porcelanosa.\n\nLa propiedad se distribuye en dos plantas sobre una amplia parcela, con un jard\u00edn de 45m\u00b2 y una piscina perfecta para los d\u00edas de verano. Sus 162m\u00b2 construidos albergan tres habitaciones (una de ellas con ba\u00f1o en suite), un aseo de cortes\u00eda y dos ba\u00f1os completos.\n\nAdem\u00e1s, dispone de aparcamiento privado con instalaci\u00f3n para la recarga de veh\u00edculos el\u00e9ctricos.\n","post_type_properties_post_titulo_ingles":"Detached house with pool and garden in Alar\u00f3","post_type_properties_post_internet_ingles":"Charming Mediterranean-style semi-detached house with a private pool and garden \u2014 the perfect spot to enjoy the sunny weather and the peaceful atmosphere of the picturesque village of Alar\u00f3.\n\nBuilt with high-quality finishes, the property features a fully equipped kitchen with state-of-the-art appliances, solar panels, air conditioning, and top-of-the-line Porcelanosa materials.\n\nThe home is set on a generous plot distributed over two floors, with a 45m\u00b2 garden and a pool ideal for summer days. The 162m\u00b2 built area includes three bedrooms (one with an en-suite bathroom), a guest toilet, and two full bathrooms.\n\nAdditionally, it offers private parking with an electric vehicle charging station.","post_type_properties_post_features_classification_commercial":false,"post_type_properties_post_features_conservation":"fully_reformed","post_type_properties_post_features_security_personnel":false,"post_type_properties_post_features_parking_available":false,"post_type_properties_post_features_garage_capacity_type":"","post_type_properties_post_features_bathroom_number":2,"post_type_properties_post_eje":"","post_type_properties_post_zona":"","post_type_properties_post_comarca":"","post_type_properties_post_features_built_year":"","post_type_properties_post_renta_mensual":1150000,"post_type_properties_post_fianza":"","post_type_properties_post_features_area_plot":"","post_type_properties_post_features_area_buildable":"","post_type_properties_post_features_classification_industrial":false,"post_type_properties_post_distrito":"","post_type_properties_post_features_balcony":false,"post_type_properties_post_features_bedroom_number":3,"post_type_properties_post_features_heating_type":"noHeating","post_type_properties_post_features_equipped_with_furniture":false,"post_type_properties_post_features_pets_allowed":false,"post_type_properties_post_features_pool":true,"post_type_properties_post_features_terrace":true,"post_type_properties_post_features_wardrobes":true,"post_type_properties_post_features_lift_available":false,"post_type_properties_post_features_handicap_adapted_access":false,"post_type_properties_post_features_orientation_east":false,"post_type_properties_post_features_orientation_west":false,"post_type_properties_post_features_orientation_north":false,"post_type_properties_post_features_orientation_south":false,"post_type_properties_post_features_parking_spaces_number":"","post_type_properties_post_features_security_alarm":false,"post_type_properties_post_features_security_system":false,"post_type_properties_post_open_plan":false,"post_type_properties_post_acceso_24_7":false,"post_type_properties_post_oficina_privada":false,"post_type_properties_post_sala_reuniones":false,"post_type_properties_post_espacio_eventos":false,"post_type_properties_post_office":false,"post_type_properties_post_restaurant":false,"post_type_properties_post_acepta_traspaso":false,"post_type_properties_post_vigilancia":false,"post_type_properties_post_features_suite":false,"post_type_properties_post_features_vitro":false,"post_type_properties_post_features_oven":false,"post_type_properties_post_features_microwave":false,"post_type_properties_post_features_washing_machine":false,"post_type_properties_post_features_dryer":false,"post_type_properties_post_features_dishwasher":false,"post_type_properties_post_features_fridge":false,"post_type_properties_post_features_fridge_mini":false,"post_type_properties_post_features_kettle":false,"post_type_properties_post_features_toaster":false,"post_type_properties_post_features_coffee_maker":false,"post_type_properties_post_features_iron":false,"post_type_properties_post_features_ironing_board":false,"post_type_properties_post_features_safe":false,"post_type_properties_post_features_internet":false,"post_type_properties_post_features_solarium":false,"post_type_properties_post_features_clean_service":false,"post_type_properties_post_features_t_v":false,"post_type_properties_post_features_satellite_t_v":false,"post_type_properties_post_features_gas_kitchen":false,"post_type_properties_post_features_view_mountain":false,"post_type_properties_post_features_view_sea":false,"post_type_properties_post_features_concierge":false,"post_type_properties_post_features_loading_dock":false,"post_type_properties_post_features_bridge_crane":false,"post_type_properties_post_features_located_at_corner":false,"post_type_properties_post_features_smoke_extraction":false,"post_type_properties_post_features_rooms":3,"post_type_properties_post_features_garden_area":"","post_type_properties_post_features_utilities_water":false,"post_type_properties_post_features_utilities_electricity":false,"post_type_properties_post_features_utilities_natural_gas":false,"post_type_properties_post_features_building_adapted":false,"post_type_properties_post_features_garden":false,"post_type_properties_post_features_classification_hotel":false,"post_type_properties_post_features_classification_chalet":false,"post_type_properties_post_certificado_energetico_emisiones":"X (Exento)","post_type_properties_post_barrio":"","post_type_properties_post_distrito_empresa":"","post_type_properties_post_features_property_category_intern":"","post_type_properties_post_implantada":false,"post_type_properties_post_sello_leed":"","post_type_properties_post_sello_well":"","post_type_properties_post_sello_breeam":false,"post_type_properties_post_images":[{"properties_post_image_order":1,"properties_post_image_url":"https:\/\/movin.cloud\/empresas\/1880\/imagenes\/11247300\/viviendas.webp","properties_post_image_url_thumbnail":"https:\/\/movin.cloud\/empresas\/1880\/imagenes\/thumbnails\/11247300\/viviendas.webp","properties_post_title":"viviendas","properties_post_alt":"viviendas"},{"properties_post_image_order":2,"properties_post_image_url":"https:\/\/movin.cloud\/empresas\/1880\/imagenes\/11247300\/habitalia.webp","properties_post_image_url_thumbnail":"https:\/\/movin.cloud\/empresas\/1880\/imagenes\/thumbnails\/11247300\/habitalia.webp","properties_post_title":"habitalia","properties_post_alt":"habitalia"},{"properties_post_image_order":3,"properties_post_image_url":"https:\/\/movin.cloud\/empresas\/1880\/imagenes\/11247300\/venta.webp","properties_post_image_url_thumbnail":"https:\/\/movin.cloud\/empresas\/1880\/imagenes\/thumbnails\/11247300\/venta.webp","properties_post_title":"venta","properties_post_alt":"venta"},{"properties_post_image_order":4,"properties_post_image_url":"https:\/\/movin.cloud\/empresas\/1880\/imagenes\/11247300\/inmobiliarias.webp","properties_post_image_url_thumbnail":"https:\/\/movin.cloud\/empresas\/1880\/imagenes\/thumbnails\/11247300\/inmobiliarias.webp","properties_post_title":"inmobiliarias","properties_post_alt":"inmobiliarias"},{"properties_post_image_order":5,"properties_post_image_url":"https:\/\/movin.cloud\/empresas\/1880\/imagenes\/11247300\/inmobiliaria.webp","properties_post_image_url_thumbnail":"https:\/\/movin.cloud\/empresas\/1880\/imagenes\/thumbnails\/11247300\/inmobiliaria.webp","properties_post_title":"inmobiliaria","properties_post_alt":"inmobiliaria"},{"properties_post_image_order":6,"properties_post_image_url":"https:\/\/movin.cloud\/empresas\/1880\/imagenes\/11247300\/venta-de-casas-alaro.webp","properties_post_image_url_thumbnail":"https:\/\/movin.cloud\/empresas\/1880\/imagenes\/thumbnails\/11247300\/venta-de-casas-alaro.webp","properties_post_title":"venta de casas alaro","properties_post_alt":"venta de casas alaro"},{"properties_post_image_order":7,"properties_post_image_url":"https:\/\/movin.cloud\/empresas\/1880\/imagenes\/11247300\/venta-casas-alaro.webp","properties_post_image_url_thumbnail":"https:\/\/movin.cloud\/empresas\/1880\/imagenes\/thumbnails\/11247300\/venta-casas-alaro.webp","properties_post_title":"venta casas alaro","properties_post_alt":"venta casas alaro"},{"properties_post_image_order":8,"properties_post_image_url":"https:\/\/movin.cloud\/empresas\/1880\/imagenes\/11247300\/casas-en-vent-alaro.webp","properties_post_image_url_thumbnail":"https:\/\/movin.cloud\/empresas\/1880\/imagenes\/thumbnails\/11247300\/casas-en-vent-alaro.webp","properties_post_title":"casas en vent alaro","properties_post_alt":"casas en vent alaro"},{"properties_post_image_order":9,"properties_post_image_url":"https:\/\/movin.cloud\/empresas\/1880\/imagenes\/11247300\/venta-casa-alaro.webp","properties_post_image_url_thumbnail":"https:\/\/movin.cloud\/empresas\/1880\/imagenes\/thumbnails\/11247300\/venta-casa-alaro.webp","properties_post_title":"venta casa alaro","properties_post_alt":"venta casa alaro"},{"properties_post_image_order":10,"properties_post_image_url":"https:\/\/movin.cloud\/empresas\/1880\/imagenes\/11247300\/casa-en-venta-alaro.webp","properties_post_image_url_thumbnail":"https:\/\/movin.cloud\/empresas\/1880\/imagenes\/thumbnails\/11247300\/casa-en-venta-alaro.webp","properties_post_title":"casa en venta alaro","properties_post_alt":"casa en venta alaro"},{"properties_post_image_order":11,"properties_post_image_url":"https:\/\/movin.cloud\/empresas\/1880\/imagenes\/11247300\/fincas.webp","properties_post_image_url_thumbnail":"https:\/\/movin.cloud\/empresas\/1880\/imagenes\/thumbnails\/11247300\/fincas.webp","properties_post_title":"fincas","properties_post_alt":"fincas"},{"properties_post_image_order":12,"properties_post_image_url":"https:\/\/movin.cloud\/empresas\/1880\/imagenes\/11247300\/foto-casa-venta-alaro.webp","properties_post_image_url_thumbnail":"https:\/\/movin.cloud\/empresas\/1880\/imagenes\/thumbnails\/11247300\/foto-casa-venta-alaro.webp","properties_post_title":"foto casa venta alaro","properties_post_alt":"foto casa venta alaro"},{"properties_post_image_order":13,"properties_post_image_url":"https:\/\/movin.cloud\/empresas\/1880\/imagenes\/11247300\/casa-venta-alaro.webp","properties_post_image_url_thumbnail":"https:\/\/movin.cloud\/empresas\/1880\/imagenes\/thumbnails\/11247300\/casa-venta-alaro.webp","properties_post_title":"casa venta alaro","properties_post_alt":"casa venta alaro"},{"properties_post_image_order":14,"properties_post_image_url":"https:\/\/movin.cloud\/empresas\/1880\/imagenes\/11247300\/compra-para-idealistas-alaro.webp","properties_post_image_url_thumbnail":"https:\/\/movin.cloud\/empresas\/1880\/imagenes\/thumbnails\/11247300\/compra-para-idealistas-alaro.webp","properties_post_title":"compra para idealistas alaro","properties_post_alt":"compra para idealistas alaro"},{"properties_post_image_order":15,"properties_post_image_url":"https:\/\/movin.cloud\/empresas\/1880\/imagenes\/11247300\/foto-cas-alaro.webp","properties_post_image_url_thumbnail":"https:\/\/movin.cloud\/empresas\/1880\/imagenes\/thumbnails\/11247300\/foto-cas-alaro.webp","properties_post_title":"foto cas alaro","properties_post_alt":"foto cas alaro"},{"properties_post_image_order":16,"properties_post_image_url":"https:\/\/movin.cloud\/empresas\/1880\/imagenes\/11247300\/venta-de-casa-alaro.webp","properties_post_image_url_thumbnail":"https:\/\/movin.cloud\/empresas\/1880\/imagenes\/thumbnails\/11247300\/venta-de-casa-alaro.webp","properties_post_title":"venta de casa alaro","properties_post_alt":"venta de casa alaro"},{"properties_post_image_order":17,"properties_post_image_url":"https:\/\/movin.cloud\/empresas\/1880\/imagenes\/11247300\/compra-alaro.webp","properties_post_image_url_thumbnail":"https:\/\/movin.cloud\/empresas\/1880\/imagenes\/thumbnails\/11247300\/compra-alaro.webp","properties_post_title":"compra alaro","properties_post_alt":"compra alaro"},{"properties_post_image_order":18,"properties_post_image_url":"https:\/\/movin.cloud\/empresas\/1880\/imagenes\/11247300\/comprar-casa-alaro.webp","properties_post_image_url_thumbnail":"https:\/\/movin.cloud\/empresas\/1880\/imagenes\/thumbnails\/11247300\/comprar-casa-alaro.webp","properties_post_title":"comprar casa alaro","properties_post_alt":"comprar casa alaro"},{"properties_post_image_order":19,"properties_post_image_url":"https:\/\/movin.cloud\/empresas\/1880\/imagenes\/11247300\/casa-en-venta.webp","properties_post_image_url_thumbnail":"https:\/\/movin.cloud\/empresas\/1880\/imagenes\/thumbnails\/11247300\/casa-en-venta.webp","properties_post_title":"casa en venta","properties_post_alt":"casa en venta"},{"properties_post_image_order":20,"properties_post_image_url":"https:\/\/movin.cloud\/empresas\/1880\/imagenes\/11247300\/venta-casas.webp","properties_post_image_url_thumbnail":"https:\/\/movin.cloud\/empresas\/1880\/imagenes\/thumbnails\/11247300\/venta-casas.webp","properties_post_title":"venta casas","properties_post_alt":"venta casas"},{"properties_post_image_order":21,"properties_post_image_url":"https:\/\/movin.cloud\/empresas\/1880\/imagenes\/11247300\/comprar-casa.webp","properties_post_image_url_thumbnail":"https:\/\/movin.cloud\/empresas\/1880\/imagenes\/thumbnails\/11247300\/comprar-casa.webp","properties_post_title":"comprar casa","properties_post_alt":"comprar casa"},{"properties_post_image_order":22,"properties_post_image_url":"https:\/\/movin.cloud\/empresas\/1880\/imagenes\/11247300\/venta-de-casas.webp","properties_post_image_url_thumbnail":"https:\/\/movin.cloud\/empresas\/1880\/imagenes\/thumbnails\/11247300\/venta-de-casas.webp","properties_post_title":"venta de casas","properties_post_alt":"venta de casas"},{"properties_post_image_order":23,"properties_post_image_url":"https:\/\/movin.cloud\/empresas\/1880\/imagenes\/11247300\/foto-casa-con-jardin-alaro.webp","properties_post_image_url_thumbnail":"https:\/\/movin.cloud\/empresas\/1880\/imagenes\/thumbnails\/11247300\/foto-casa-con-jardin-alaro.webp","properties_post_title":"foto casa con jardin alaro","properties_post_alt":"foto casa con jardin alaro"},{"properties_post_image_order":24,"properties_post_image_url":"https:\/\/movin.cloud\/empresas\/1880\/imagenes\/11247300\/foto-casa-alaro.webp","properties_post_image_url_thumbnail":"https:\/\/movin.cloud\/empresas\/1880\/imagenes\/thumbnails\/11247300\/foto-casa-alaro.webp","properties_post_title":"foto casa alaro","properties_post_alt":"foto casa alaro"}],"post_type_properties_post_videos":null,"post_type_properties_post_tour":[{"properties_post_tour_url":"https:\/\/floorfy.com\/tour\/2326203"}],"post_type_properties_post_dossier_url":"","post_type_properties_post_operation_type":"sale","post_type_properties_post_operation_price":1150000,"post_type_properties_post_features_hidden_price":false},"yoast_head":"<!-- This site is optimized with the Yoast SEO plugin v27.4 - https:\/\/yoast.com\/product\/yoast-seo-wordpress\/ -->\n<title>Vivienda unifamiliar con piscina y jard\u00edn en Alar\u00f3 - Forcadell<\/title>\n<meta name=\"robots\" content=\"index, follow, max-snippet:-1, max-image-preview:large, max-video-preview:-1\" \/>\n<link rel=\"canonical\" href=\"https:\/\/forcadell.com\/ca\/propiedades\/vivienda-unifamiliar-con-piscina-y-jardin-en-alaro\/\" \/>\n<meta property=\"og:locale\" content=\"ca_ES\" \/>\n<meta property=\"og:type\" content=\"article\" \/>\n<meta property=\"og:title\" content=\"Vivienda unifamiliar con piscina y jard\u00edn en Alar\u00f3 - Forcadell\" \/>\n<meta property=\"og:description\" content=\"Encantadora vivienda unifamiliar adosada de estilo mediterr\u00e1neo, con piscina privada y jard\u00edn propio, un lugar ideal para disfrutar del clima soleado y la tranquilidad del pintoresco pueblo de Alar\u00f3. Con acabados de alta calidad, la vivienda cuenta con cocina equipada con electrodom\u00e9sticos de \u00faltima generaci\u00f3n, placas solares, aire acondicionado y materiales de primera l\u00ednea de [&hellip;]\" \/>\n<meta property=\"og:url\" content=\"https:\/\/forcadell.com\/ca\/propiedades\/vivienda-unifamiliar-con-piscina-y-jardin-en-alaro\/\" \/>\n<meta property=\"og:site_name\" content=\"Forcadell\" \/>\n<meta property=\"article:modified_time\" content=\"2026-05-01T13:04:58+00:00\" \/>\n<meta name=\"twitter:card\" content=\"summary_large_image\" \/>\n<meta name=\"twitter:label1\" content=\"Temps estimat de lectura\" \/>\n\t<meta name=\"twitter:data1\" content=\"1 minut\" \/>\n<!-- \/ Yoast SEO plugin. -->","yoast_head_json":{"title":"Vivienda unifamiliar con piscina y jard\u00edn en Alar\u00f3 - Forcadell","robots":{"index":"index","follow":"follow","max-snippet":"max-snippet:-1","max-image-preview":"max-image-preview:large","max-video-preview":"max-video-preview:-1"},"canonical":"https:\/\/forcadell.com\/ca\/propiedades\/vivienda-unifamiliar-con-piscina-y-jardin-en-alaro\/","og_locale":"ca_ES","og_type":"article","og_title":"Vivienda unifamiliar con piscina y jard\u00edn en Alar\u00f3 - Forcadell","og_description":"Encantadora vivienda unifamiliar adosada de estilo mediterr\u00e1neo, con piscina privada y jard\u00edn propio, un lugar ideal para disfrutar del clima soleado y la tranquilidad del pintoresco pueblo de Alar\u00f3. Con acabados de alta calidad, la vivienda cuenta con cocina equipada con electrodom\u00e9sticos de \u00faltima generaci\u00f3n, placas solares, aire acondicionado y materiales de primera l\u00ednea de [&hellip;]","og_url":"https:\/\/forcadell.com\/ca\/propiedades\/vivienda-unifamiliar-con-piscina-y-jardin-en-alaro\/","og_site_name":"Forcadell","article_modified_time":"2026-05-01T13:04:58+00:00","twitter_card":"summary_large_image","twitter_misc":{"Temps estimat de lectura":"1 minut"},"schema":{"@context":"https:\/\/schema.org","@graph":[{"@type":"WebPage","@id":"https:\/\/forcadell.com\/ca\/propiedades\/vivienda-unifamiliar-con-piscina-y-jardin-en-alaro\/","url":"https:\/\/forcadell.com\/ca\/propiedades\/vivienda-unifamiliar-con-piscina-y-jardin-en-alaro\/","name":"Vivienda unifamiliar con piscina y jard\u00edn en Alar\u00f3 - Forcadell","isPartOf":{"@id":"https:\/\/forcadell.com\/ca\/#website"},"datePublished":"2025-11-04T13:12:27+00:00","dateModified":"2026-05-01T13:04:58+00:00","breadcrumb":{"@id":"https:\/\/forcadell.com\/ca\/propiedades\/vivienda-unifamiliar-con-piscina-y-jardin-en-alaro\/#breadcrumb"},"inLanguage":"ca","potentialAction":[{"@type":"ReadAction","target":["https:\/\/forcadell.com\/ca\/propiedades\/vivienda-unifamiliar-con-piscina-y-jardin-en-alaro\/"]}]},{"@type":"BreadcrumbList","@id":"https:\/\/forcadell.com\/ca\/propiedades\/vivienda-unifamiliar-con-piscina-y-jardin-en-alaro\/#breadcrumb","itemListElement":[{"@type":"ListItem","position":1,"name":"Portada","item":"https:\/\/forcadell.com\/ca\/"},{"@type":"ListItem","position":2,"name":"Properties","item":"https:\/\/forcadell.com\/ca\/propiedades\/"},{"@type":"ListItem","position":3,"name":"Vivienda unifamiliar con piscina y jard\u00edn en Alar\u00f3"}]},{"@type":"WebSite","@id":"https:\/\/forcadell.com\/ca\/#website","url":"https:\/\/forcadell.com\/ca\/","name":"Forcadell","description":"Inmobiliaria Barcelona | Consultores inmobiliarios","potentialAction":[{"@type":"SearchAction","target":{"@type":"EntryPoint","urlTemplate":"https:\/\/forcadell.com\/ca\/?s={search_term_string}"},"query-input":{"@type":"PropertyValueSpecification","valueRequired":true,"valueName":"search_term_string"}}],"inLanguage":"ca"}]}},"_links":{"self":[{"href":"https:\/\/forcadell.com\/ca\/wp-json\/wp\/v2\/properties_post\/56810","targetHints":{"allow":["GET"]}}],"collection":[{"href":"https:\/\/forcadell.com\/ca\/wp-json\/wp\/v2\/properties_post"}],"about":[{"href":"https:\/\/forcadell.com\/ca\/wp-json\/wp\/v2\/types\/properties_post"}],"wp:attachment":[{"href":"https:\/\/forcadell.com\/ca\/wp-json\/wp\/v2\/media?parent=56810"}],"curies":[{"name":"wp","href":"https:\/\/api.w.org\/{rel}","templated":true}]}}