{"id":56802,"date":"2025-11-04T15:11:53","date_gmt":"2025-11-04T13:11:53","guid":{"rendered":"https:\/\/www.forcadell.com\/propiedades\/precioso-chalet-estilo-mallorquin-en-costa-den-blanes\/"},"modified":"2026-05-01T13:58:03","modified_gmt":"2026-05-01T11:58:03","slug":"precioso-chalet-estilo-mallorquin-en-costa-den-blanes","status":"publish","type":"properties_post","link":"https:\/\/forcadell.com\/ca\/propiedades\/precioso-chalet-estilo-mallorquin-en-costa-den-blanes\/","title":{"rendered":"Precioso chalet estilo mallorqu\u00edn en Costa d&#8217;en Blanes"},"content":{"rendered":"<p>Inmejorable y luminosa vivienda unifamiliar de estilo mallorqu\u00edn de 200m\u00b2 en una parcela de 930m\u00b2 con vistas panor\u00e1micas a mar y monta\u00f1a.<br \/>\nLa casa, con orientaci\u00f3n suroeste, dispone de 2 plantas, un amplio sal\u00f3n-comedor, 4 habitaciones dobles (una de ellas en planta), bonita cocina totalmente equipada, 2 ba\u00f1os completos (uno de ellos en suite) y un aseo de cortes\u00eda.<br \/>\nDispone de: armarios empotrados, suelos de gres, carpinter\u00eda de norte, aire acondicionado inverter, chimenea Jotul.<br \/>\nEn los exteriores, disfrutamos de incre\u00edbles vistas al mar y a la monta\u00f1a, varias terrazas, zonas ajardinadas, parking para 3 coches, y proyecto de piscina.<br \/>\nLa zona nos descubre varias playas y calas, y es de f\u00e1cil acceso a autopista. Un bonito lugar donde empezar un nuevo proyecto de vida.<\/p>\n","protected":false},"template":"","class_list":["post-56802","properties_post","type-properties_post","status-publish","hentry","properties_modality-sale","properties_province-illes-balears","properties_state-calvia","properties_subclass-casa-unifamiliar-aislada","properties_type-casa"],"acf":{"post_type_properties_post_property_code":"PAL_2030","post_type_properties_post_property_reference":"PAL_2030","post_type_properties_post_owner_id":"144364","post_type_properties_post_owner_name":"lisa kjerten","post_type_properties_post_property_code_encrypted":"MjQkMzQ1Njc=","post_type_properties_post_published":"1","post_type_properties_post_property_visibility":"idealista","post_type_properties_post_contact_name":"Forcadell Mallorca","post_type_properties_post_contact_email":"forcadell.palma@movin.cloud","post_type_properties_post_contact_primary_phone_prefix":"34","post_type_properties_post_contact_primary_phone_number":"971718852","post_type_properties_post_address_visibility":"street","post_type_properties_post_address_country":"Spain","post_type_properties_post_address_coordinates_precision":"exact","post_type_properties_post_address_postal_code":"07181","post_type_properties_post_address_coordinates_latitude":"39.5366329","post_type_properties_post_address_coordinates_longitude":"2.5615508","post_type_properties_post_address_street_name":"Sant Andreu","post_type_properties_post_address_floor":"","post_type_properties_post_address_town":"Calvi\u00e0","post_type_properties_post_building":null,"post_type_properties_post_property":[{"properties_post_description_language":"catalan","properties_post_title":"Preci\u00f3s xalet estil mallorqu\u00ed a Costa d'en Blanes","properties_post_short_description_text_alt":"","properties_post_description_text_alt":"","properties_post_short_description_text":"Immillorable i llumin\u00f3s habitatge unifamiliar d'estil mallorqu\u00ed de 200m\u00b2 en una parcel\u00b7la de 930m\u00b2 amb vistes panor\u00e0miques a mar i muntanya. \nLa casa, amb orientaci\u00f3 sud-oest, disposa de 2 plantes, un ampli sal\u00f3-menjador, 4 habitacions dobles (una d'elles a planta baixa), bonica cuina totalment equipada, 2 banys complets (un d'ells en suite) i un lavabo de cortesia. \nDisposa de: armaris de paret, terres de gres, fusteria, aire condicionat inverter, llar de foc Jotul. \nAls exteriors, gaudim d'incre\u00efbles vistes al mar i a la muntanya, diverses terrasses, zones enjardinades, p\u00e0rquing per a 3 cotxes, i projecte de piscina.\nLa zona ens descobreix diverses platges i cales, i \u00e9s de f\u00e0cil acc\u00e9s a autopista. Un bonic lloc on comen\u00e7ar un nou projecte de vida.","properties_post_link_demanda_inmueble":"https:\/\/movin.cloud\/ca\/Forcadell Mallorca\/formulari-peticio-immoble\/sth\/1880&&205467","properties_post_link_demanda_calendario_inmueble":"https:\/\/movin.cloud\/ca\/Forcadell Mallorca\/calendari-peticio-immoble\/sth\/1880&&205467","properties_post_description_text":"Immillorable i llumin\u00f3s habitatge unifamiliar d'estil mallorqu\u00ed de 200m\u00b2 en una parcel\u00b7la de 930m\u00b2 amb vistes panor\u00e0miques a mar i muntanya. \nLa casa, amb orientaci\u00f3 sud-oest, disposa de 2 plantes, un ampli sal\u00f3-menjador, 4 habitacions dobles (una d'elles a planta baixa), bonica cuina totalment equipada, 2 banys complets (un d'ells en suite) i un lavabo de cortesia. \nDisposa de: armaris de paret, terres de gres, fusteria, aire condicionat inverter, llar de foc Jotul. \nAls exteriors, gaudim d'incre\u00efbles vistes al mar i a la muntanya, diverses terrasses, zones enjardinades, p\u00e0rquing per a 3 cotxes, i projecte de piscina.\nLa zona ens descobreix diverses platges i cales, i \u00e9s de f\u00e0cil acc\u00e9s a autopista. Un bonic lloc on comen\u00e7ar un nou projecte de vida.","properties_post_seo_title":"","properties_post_seo_alias":"","properties_post_seo_metadescription":"","properties_post_seo_key_words":"","properties_post_seo_url":"","properties_post_terms_conditions":""},{"properties_post_description_language":"spanish","properties_post_title":"Precioso chalet estilo mallorqu\u00edn en Costa d'en Blanes","properties_post_short_description_text_alt":"","properties_post_description_text_alt":"","properties_post_short_description_text":"Inmejorable y luminosa vivienda unifamiliar de estilo mallorqu\u00edn de 200m\u00b2 en una parcela de 930m\u00b2 con vistas panor\u00e1micas a mar y monta\u00f1a. \nLa casa, con orientaci\u00f3n suroeste, dispone de 2 plantas, un amplio sal\u00f3n-comedor, 4 habitaciones dobles (una de ellas en planta), bonita cocina totalmente equipada, 2 ba\u00f1os completos (uno de ellos en suite) y un aseo de cortes\u00eda. \nDispone de: armarios empotrados, suelos de gres, carpinter\u00eda de norte, aire acondicionado inverter, chimenea Jotul. \nEn los exteriores, disfrutamos de incre\u00edbles vistas al mar y a la monta\u00f1a, varias terrazas, zonas ajardinadas, parking para 3 coches, y proyecto de piscina.\nLa zona nos descubre varias playas y calas, y es de f\u00e1cil acceso a autopista. Un bonito lugar donde empezar un nuevo proyecto de vida.","properties_post_link_demanda_inmueble":"https:\/\/movin.cloud\/es\/Forcadell Mallorca\/formulario-peticion-inmueble\/sth\/1880&&205467","properties_post_link_demanda_calendario_inmueble":"https:\/\/movin.cloud\/es\/Forcadell Mallorca\/calendario-peticion-inmueble\/sth\/1880&&205467","properties_post_description_text":"Inmejorable y luminosa vivienda unifamiliar de estilo mallorqu\u00edn de 200m\u00b2 en una parcela de 930m\u00b2 con vistas panor\u00e1micas a mar y monta\u00f1a. \nLa casa, con orientaci\u00f3n suroeste, dispone de 2 plantas, un amplio sal\u00f3n-comedor, 4 habitaciones dobles (una de ellas en planta), bonita cocina totalmente equipada, 2 ba\u00f1os completos (uno de ellos en suite) y un aseo de cortes\u00eda. \nDispone de: armarios empotrados, suelos de gres, carpinter\u00eda de norte, aire acondicionado inverter, chimenea Jotul. \nEn los exteriores, disfrutamos de incre\u00edbles vistas al mar y a la monta\u00f1a, varias terrazas, zonas ajardinadas, parking para 3 coches, y proyecto de piscina.\nLa zona nos descubre varias playas y calas, y es de f\u00e1cil acceso a autopista. Un bonito lugar donde empezar un nuevo proyecto de vida.","properties_post_seo_title":"","properties_post_seo_alias":"","properties_post_seo_metadescription":"","properties_post_seo_key_words":"","properties_post_seo_url":"","properties_post_terms_conditions":""},{"properties_post_description_language":"english","properties_post_title":"Beautiful Majorca-style villa in Costa d'en Blanes","properties_post_short_description_text_alt":"","properties_post_description_text_alt":"","properties_post_short_description_text":"Unbeatable and luminous Majorca-style single-family home of 200m\u00b2 on a 930m\u00b2 plot with panoramic views of the sea and mountains. \nThis southwest-facing house has 2 floors, a spacious living-dining room, 4 double bedrooms (one of them on the ground floor), a fully equipped kitchen, an office, 2 complete bathrooms (one of them en suite), and a toilet. \nIt has: built-in wardrobes, stoneware floors, carpentry, inverter air-conditioning, Jotul fireplace. \nOutside, we enjoy incredible views, several terraces, garden areas, parking space for 3 cars, and a swimming pool project. \nThe area reveals several beaches and coves, and easy access to the highway. A nice place to start a new life project.","properties_post_link_demanda_inmueble":"https:\/\/movin.cloud\/en\/Forcadell Mallorca\/property-form-request\/sth\/1880&&205467","properties_post_link_demanda_calendario_inmueble":"https:\/\/movin.cloud\/en\/Forcadell Mallorca\/property-calendar-request\/sth\/1880&&205467","properties_post_description_text":"Unbeatable and luminous Majorca-style single-family home of 200m\u00b2 on a 930m\u00b2 plot with panoramic views of the sea and mountains. \nThis southwest-facing house has 2 floors, a spacious living-dining room, 4 double bedrooms (one of them on the ground floor), a fully equipped kitchen, an office, 2 complete bathrooms (one of them en suite), and a toilet. \nIt has: built-in wardrobes, stoneware floors, carpentry, inverter air-conditioning, Jotul fireplace. \nOutside, we enjoy incredible views, several terraces, garden areas, parking space for 3 cars, and a swimming pool project. \nThe area reveals several beaches and coves, and easy access to the highway. A nice place to start a new life project.","properties_post_seo_title":"","properties_post_seo_alias":"","properties_post_seo_metadescription":"","properties_post_seo_key_words":"","properties_post_seo_url":"","properties_post_terms_conditions":""}],"post_type_properties_post_features_type":"house","post_type_properties_post_id_building":"","post_type_properties_post_features_area_constructed":200,"post_type_properties_post_features_conditioned_air":true,"post_type_properties_post_features_doorman":false,"post_type_properties_post_features_heating":false,"post_type_properties_post_features_equipped_kitchen":false,"post_type_properties_post_features_windows_location":"exterior","post_type_properties_post_features_floors_property":false,"post_type_properties_post_features_storage":false,"post_type_properties_post_features_security_door":false,"post_type_properties_post_features_energy_certificate_rating":"F","post_type_properties_post_features_energy_certificate_emissions_rating":"F","post_type_properties_post_features_energy_certificate_emissions_value":455,"post_type_properties_post_features_energy_certificate_performance":"","post_type_properties_post_features_bathroom_inside":false,"post_type_properties_post_precio":1975000,"post_type_properties_post_precio_alquiler":1975000,"post_type_properties_post_record_type_id":"Casa","post_type_properties_post_categoria__producto":"Casa Unifamiliar Aislada","post_type_properties_post_amueblado":false,"post_type_properties_post_precio_m2":9875,"post_type_properties_post_zona__comunitaria":false,"post_type_properties_post_electrodomesticos":false,"post_type_properties_post_patio__interior":false,"post_type_properties_post_certificado_energetico_general":"F","post_type_properties_post_certificado_energetico_consumo":"F","post_type_properties_post_certificado_energetico_valor_emisiones":455,"post_type_properties_post_certificado_energetico_valor_consumo":"","post_type_properties_post_modalidad":"sale","post_type_properties_post_provincia":"Illes Balears","post_type_properties_post_poblacion":"Calvi\u00e0","post_type_properties_post_centro__urbano":false,"post_type_properties_post_zonificacion":"","post_type_properties_post_cartera":"","post_type_properties_post_titulo_catalan":"Preci\u00f3s xalet estil mallorqu\u00ed a Costa d'en Blanes","post_type_properties_post_internet_catalan":"Immillorable i llumin\u00f3s habitatge unifamiliar d'estil mallorqu\u00ed de 200m\u00b2 en una parcel\u00b7la de 930m\u00b2 amb vistes panor\u00e0miques a mar i muntanya. \nLa casa, amb orientaci\u00f3 sud-oest, disposa de 2 plantes, un ampli sal\u00f3-menjador, 4 habitacions dobles (una d'elles a planta baixa), bonica cuina totalment equipada, 2 banys complets (un d'ells en suite) i un lavabo de cortesia. \nDisposa de: armaris de paret, terres de gres, fusteria, aire condicionat inverter, llar de foc Jotul. \nAls exteriors, gaudim d'incre\u00efbles vistes al mar i a la muntanya, diverses terrasses, zones enjardinades, p\u00e0rquing per a 3 cotxes, i projecte de piscina.\nLa zona ens descobreix diverses platges i cales, i \u00e9s de f\u00e0cil acc\u00e9s a autopista. Un bonic lloc on comen\u00e7ar un nou projecte de vida.","post_type_properties_post_titulo_castellano":"Precioso chalet estilo mallorqu\u00edn en Costa d'en Blanes","post_type_properties_post_internet_castellano":"Inmejorable y luminosa vivienda unifamiliar de estilo mallorqu\u00edn de 200m\u00b2 en una parcela de 930m\u00b2 con vistas panor\u00e1micas a mar y monta\u00f1a. \nLa casa, con orientaci\u00f3n suroeste, dispone de 2 plantas, un amplio sal\u00f3n-comedor, 4 habitaciones dobles (una de ellas en planta), bonita cocina totalmente equipada, 2 ba\u00f1os completos (uno de ellos en suite) y un aseo de cortes\u00eda. \nDispone de: armarios empotrados, suelos de gres, carpinter\u00eda de norte, aire acondicionado inverter, chimenea Jotul. \nEn los exteriores, disfrutamos de incre\u00edbles vistas al mar y a la monta\u00f1a, varias terrazas, zonas ajardinadas, parking para 3 coches, y proyecto de piscina.\nLa zona nos descubre varias playas y calas, y es de f\u00e1cil acceso a autopista. Un bonito lugar donde empezar un nuevo proyecto de vida.","post_type_properties_post_titulo_ingles":"Beautiful Majorca-style villa in Costa d'en Blanes","post_type_properties_post_internet_ingles":"Unbeatable and luminous Majorca-style single-family home of 200m\u00b2 on a 930m\u00b2 plot with panoramic views of the sea and mountains. \nThis southwest-facing house has 2 floors, a spacious living-dining room, 4 double bedrooms (one of them on the ground floor), a fully equipped kitchen, an office, 2 complete bathrooms (one of them en suite), and a toilet. \nIt has: built-in wardrobes, stoneware floors, carpentry, inverter air-conditioning, Jotul fireplace. \nOutside, we enjoy incredible views, several terraces, garden areas, parking space for 3 cars, and a swimming pool project. \nThe area reveals several beaches and coves, and easy access to the highway. A nice place to start a new life project.","post_type_properties_post_features_classification_commercial":false,"post_type_properties_post_features_conservation":"good","post_type_properties_post_features_security_personnel":false,"post_type_properties_post_features_parking_available":false,"post_type_properties_post_features_garage_capacity_type":"","post_type_properties_post_features_bathroom_number":3,"post_type_properties_post_eje":"","post_type_properties_post_zona":"","post_type_properties_post_comarca":"","post_type_properties_post_features_built_year":"","post_type_properties_post_renta_mensual":1975000,"post_type_properties_post_fianza":"","post_type_properties_post_features_area_plot":"","post_type_properties_post_features_area_buildable":"","post_type_properties_post_features_classification_industrial":false,"post_type_properties_post_distrito":"","post_type_properties_post_features_balcony":false,"post_type_properties_post_features_bedroom_number":4,"post_type_properties_post_features_heating_type":"noHeating","post_type_properties_post_features_equipped_with_furniture":false,"post_type_properties_post_features_pets_allowed":false,"post_type_properties_post_features_pool":false,"post_type_properties_post_features_terrace":false,"post_type_properties_post_features_wardrobes":false,"post_type_properties_post_features_lift_available":false,"post_type_properties_post_features_handicap_adapted_access":false,"post_type_properties_post_features_orientation_east":false,"post_type_properties_post_features_orientation_west":false,"post_type_properties_post_features_orientation_north":false,"post_type_properties_post_features_orientation_south":true,"post_type_properties_post_features_parking_spaces_number":"","post_type_properties_post_features_security_alarm":false,"post_type_properties_post_features_security_system":false,"post_type_properties_post_open_plan":false,"post_type_properties_post_acceso_24_7":false,"post_type_properties_post_oficina_privada":false,"post_type_properties_post_sala_reuniones":false,"post_type_properties_post_espacio_eventos":false,"post_type_properties_post_office":false,"post_type_properties_post_restaurant":false,"post_type_properties_post_acepta_traspaso":false,"post_type_properties_post_vigilancia":false,"post_type_properties_post_features_suite":false,"post_type_properties_post_features_vitro":false,"post_type_properties_post_features_oven":false,"post_type_properties_post_features_microwave":false,"post_type_properties_post_features_washing_machine":false,"post_type_properties_post_features_dryer":false,"post_type_properties_post_features_dishwasher":false,"post_type_properties_post_features_fridge":false,"post_type_properties_post_features_fridge_mini":false,"post_type_properties_post_features_kettle":false,"post_type_properties_post_features_toaster":false,"post_type_properties_post_features_coffee_maker":false,"post_type_properties_post_features_iron":false,"post_type_properties_post_features_ironing_board":false,"post_type_properties_post_features_safe":false,"post_type_properties_post_features_internet":false,"post_type_properties_post_features_solarium":false,"post_type_properties_post_features_clean_service":false,"post_type_properties_post_features_t_v":false,"post_type_properties_post_features_satellite_t_v":false,"post_type_properties_post_features_gas_kitchen":false,"post_type_properties_post_features_view_mountain":true,"post_type_properties_post_features_view_sea":true,"post_type_properties_post_features_concierge":false,"post_type_properties_post_features_loading_dock":false,"post_type_properties_post_features_bridge_crane":false,"post_type_properties_post_features_located_at_corner":false,"post_type_properties_post_features_smoke_extraction":false,"post_type_properties_post_features_rooms":4,"post_type_properties_post_features_garden_area":"","post_type_properties_post_features_utilities_water":false,"post_type_properties_post_features_utilities_electricity":false,"post_type_properties_post_features_utilities_natural_gas":false,"post_type_properties_post_features_building_adapted":false,"post_type_properties_post_features_garden":false,"post_type_properties_post_features_classification_hotel":false,"post_type_properties_post_features_classification_chalet":false,"post_type_properties_post_certificado_energetico_emisiones":"F","post_type_properties_post_barrio":"","post_type_properties_post_distrito_empresa":"","post_type_properties_post_features_property_category_intern":"","post_type_properties_post_implantada":false,"post_type_properties_post_sello_leed":"","post_type_properties_post_sello_well":"","post_type_properties_post_sello_breeam":false,"post_type_properties_post_images":[{"properties_post_image_order":1,"properties_post_image_url":"https:\/\/movin.cloud\/empresas\/1880\/imagenes\/205467\/casas-en-vent.webp","properties_post_image_url_thumbnail":"https:\/\/movin.cloud\/empresas\/1880\/imagenes\/thumbnails\/205467\/casas-en-vent.webp","properties_post_title":"casas en vent","properties_post_alt":"casas en vent"},{"properties_post_image_order":2,"properties_post_image_url":"https:\/\/movin.cloud\/empresas\/1880\/imagenes\/205467\/venta-casa.webp","properties_post_image_url_thumbnail":"https:\/\/movin.cloud\/empresas\/1880\/imagenes\/thumbnails\/205467\/venta-casa.webp","properties_post_title":"venta casa","properties_post_alt":"venta casa"},{"properties_post_image_order":3,"properties_post_image_url":"https:\/\/movin.cloud\/empresas\/1880\/imagenes\/205467\/venta-casas.webp","properties_post_image_url_thumbnail":"https:\/\/movin.cloud\/empresas\/1880\/imagenes\/thumbnails\/205467\/venta-casas.webp","properties_post_title":"venta casas","properties_post_alt":"venta casas"},{"properties_post_image_order":4,"properties_post_image_url":"https:\/\/movin.cloud\/empresas\/1880\/imagenes\/205467\/casa-en-venta.webp","properties_post_image_url_thumbnail":"https:\/\/movin.cloud\/empresas\/1880\/imagenes\/thumbnails\/205467\/casa-en-venta.webp","properties_post_title":"casa en venta","properties_post_alt":"casa en venta"},{"properties_post_image_order":5,"properties_post_image_url":"https:\/\/movin.cloud\/empresas\/1880\/imagenes\/205467\/comprar-casa.webp","properties_post_image_url_thumbnail":"https:\/\/movin.cloud\/empresas\/1880\/imagenes\/thumbnails\/205467\/comprar-casa.webp","properties_post_title":"comprar casa","properties_post_alt":"comprar casa"},{"properties_post_image_order":6,"properties_post_image_url":"https:\/\/movin.cloud\/empresas\/1880\/imagenes\/205467\/casa-venta.webp","properties_post_image_url_thumbnail":"https:\/\/movin.cloud\/empresas\/1880\/imagenes\/thumbnails\/205467\/casa-venta.webp","properties_post_title":"casa venta","properties_post_alt":"casa venta"},{"properties_post_image_order":7,"properties_post_image_url":"https:\/\/movin.cloud\/empresas\/1880\/imagenes\/205467\/venta-casas-costa-d'en-blanes.webp","properties_post_image_url_thumbnail":"https:\/\/movin.cloud\/empresas\/1880\/imagenes\/thumbnails\/205467\/venta-casas-costa-d'en-blanes.webp","properties_post_title":"venta casas costa d'en blanes","properties_post_alt":"venta casas costa d'en blanes"},{"properties_post_image_order":8,"properties_post_image_url":"https:\/\/movin.cloud\/empresas\/1880\/imagenes\/205467\/compra.webp","properties_post_image_url_thumbnail":"https:\/\/movin.cloud\/empresas\/1880\/imagenes\/thumbnails\/205467\/compra.webp","properties_post_title":"compra","properties_post_alt":"compra"},{"properties_post_image_order":9,"properties_post_image_url":"https:\/\/movin.cloud\/empresas\/1880\/imagenes\/205467\/casa-en-venta-costa-d'en-blanes.webp","properties_post_image_url_thumbnail":"https:\/\/movin.cloud\/empresas\/1880\/imagenes\/thumbnails\/205467\/casa-en-venta-costa-d'en-blanes.webp","properties_post_title":"casa en venta costa d'en blanes","properties_post_alt":"casa en venta costa d'en blanes"},{"properties_post_image_order":10,"properties_post_image_url":"https:\/\/movin.cloud\/empresas\/1880\/imagenes\/205467\/foto-casa-venta.webp","properties_post_image_url_thumbnail":"https:\/\/movin.cloud\/empresas\/1880\/imagenes\/thumbnails\/205467\/foto-casa-venta.webp","properties_post_title":"foto casa venta","properties_post_alt":"foto casa venta"},{"properties_post_image_order":11,"properties_post_image_url":"https:\/\/movin.cloud\/empresas\/1880\/imagenes\/205467\/venta-casa-costa-d'en-blanes.webp","properties_post_image_url_thumbnail":"https:\/\/movin.cloud\/empresas\/1880\/imagenes\/thumbnails\/205467\/venta-casa-costa-d'en-blanes.webp","properties_post_title":"venta casa costa d'en blanes","properties_post_alt":"venta casa costa d'en blanes"},{"properties_post_image_order":12,"properties_post_image_url":"https:\/\/movin.cloud\/empresas\/1880\/imagenes\/205467\/casas.webp","properties_post_image_url_thumbnail":"https:\/\/movin.cloud\/empresas\/1880\/imagenes\/thumbnails\/205467\/casas.webp","properties_post_title":"casas","properties_post_alt":"casas"},{"properties_post_image_order":13,"properties_post_image_url":"https:\/\/movin.cloud\/empresas\/1880\/imagenes\/205467\/foto-cas.webp","properties_post_image_url_thumbnail":"https:\/\/movin.cloud\/empresas\/1880\/imagenes\/thumbnails\/205467\/foto-cas.webp","properties_post_title":"foto cas","properties_post_alt":"foto cas"},{"properties_post_image_order":14,"properties_post_image_url":"https:\/\/movin.cloud\/empresas\/1880\/imagenes\/205467\/venta-de-casa.webp","properties_post_image_url_thumbnail":"https:\/\/movin.cloud\/empresas\/1880\/imagenes\/thumbnails\/205467\/venta-de-casa.webp","properties_post_title":"venta de casa","properties_post_alt":"venta de casa"},{"properties_post_image_order":15,"properties_post_image_url":"https:\/\/movin.cloud\/empresas\/1880\/imagenes\/205467\/compra-para-idealistas.webp","properties_post_image_url_thumbnail":"https:\/\/movin.cloud\/empresas\/1880\/imagenes\/thumbnails\/205467\/compra-para-idealistas.webp","properties_post_title":"compra para idealistas","properties_post_alt":"compra para idealistas"},{"properties_post_image_order":16,"properties_post_image_url":"https:\/\/movin.cloud\/empresas\/1880\/imagenes\/205467\/foto-casa.webp","properties_post_image_url_thumbnail":"https:\/\/movin.cloud\/empresas\/1880\/imagenes\/thumbnails\/205467\/foto-casa.webp","properties_post_title":"foto casa","properties_post_alt":"foto casa"},{"properties_post_image_order":17,"properties_post_image_url":"https:\/\/movin.cloud\/empresas\/1880\/imagenes\/205467\/foto-casa-con-jardin.webp","properties_post_image_url_thumbnail":"https:\/\/movin.cloud\/empresas\/1880\/imagenes\/thumbnails\/205467\/foto-casa-con-jardin.webp","properties_post_title":"foto casa con jardin","properties_post_alt":"foto casa con jardin"},{"properties_post_image_order":20,"properties_post_image_url":"https:\/\/movin.cloud\/empresas\/1880\/imagenes\/205467\/venta-viviendas.webp","properties_post_image_url_thumbnail":"https:\/\/movin.cloud\/empresas\/1880\/imagenes\/thumbnails\/205467\/venta-viviendas.webp","properties_post_title":"venta viviendas","properties_post_alt":"venta viviendas"},{"properties_post_image_order":21,"properties_post_image_url":"https:\/\/movin.cloud\/empresas\/1880\/imagenes\/205467\/pisos-y-casas-en-venta.webp","properties_post_image_url_thumbnail":"https:\/\/movin.cloud\/empresas\/1880\/imagenes\/thumbnails\/205467\/pisos-y-casas-en-venta.webp","properties_post_title":"pisos y casas en venta","properties_post_alt":"pisos y casas en venta"},{"properties_post_image_order":22,"properties_post_image_url":"https:\/\/movin.cloud\/empresas\/1880\/imagenes\/205467\/comprar.webp","properties_post_image_url_thumbnail":"https:\/\/movin.cloud\/empresas\/1880\/imagenes\/thumbnails\/205467\/comprar.webp","properties_post_title":"comprar","properties_post_alt":"comprar"},{"properties_post_image_order":23,"properties_post_image_url":"https:\/\/movin.cloud\/empresas\/1880\/imagenes\/205467\/viviendas.webp","properties_post_image_url_thumbnail":"https:\/\/movin.cloud\/empresas\/1880\/imagenes\/thumbnails\/205467\/viviendas.webp","properties_post_title":"viviendas","properties_post_alt":"viviendas"},{"properties_post_image_order":24,"properties_post_image_url":"https:\/\/movin.cloud\/empresas\/1880\/imagenes\/205467\/habitalia.webp","properties_post_image_url_thumbnail":"https:\/\/movin.cloud\/empresas\/1880\/imagenes\/thumbnails\/205467\/habitalia.webp","properties_post_title":"habitalia","properties_post_alt":"habitalia"},{"properties_post_image_order":25,"properties_post_image_url":"https:\/\/movin.cloud\/empresas\/1880\/imagenes\/205467\/venta.webp","properties_post_image_url_thumbnail":"https:\/\/movin.cloud\/empresas\/1880\/imagenes\/thumbnails\/205467\/venta.webp","properties_post_title":"venta","properties_post_alt":"venta"},{"properties_post_image_order":26,"properties_post_image_url":"https:\/\/movin.cloud\/empresas\/1880\/imagenes\/205467\/inmobiliarias.webp","properties_post_image_url_thumbnail":"https:\/\/movin.cloud\/empresas\/1880\/imagenes\/thumbnails\/205467\/inmobiliarias.webp","properties_post_title":"inmobiliarias","properties_post_alt":"inmobiliarias"},{"properties_post_image_order":27,"properties_post_image_url":"https:\/\/movin.cloud\/empresas\/1880\/imagenes\/205467\/inmobiliaria.webp","properties_post_image_url_thumbnail":"https:\/\/movin.cloud\/empresas\/1880\/imagenes\/thumbnails\/205467\/inmobiliaria.webp","properties_post_title":"inmobiliaria","properties_post_alt":"inmobiliaria"},{"properties_post_image_order":28,"properties_post_image_url":"https:\/\/movin.cloud\/empresas\/1880\/imagenes\/205467\/fincas.webp","properties_post_image_url_thumbnail":"https:\/\/movin.cloud\/empresas\/1880\/imagenes\/thumbnails\/205467\/fincas.webp","properties_post_title":"fincas","properties_post_alt":"fincas"},{"properties_post_image_order":29,"properties_post_image_url":"https:\/\/movin.cloud\/empresas\/1880\/imagenes\/205467\/casas-en-vent-costa-d'en-blanes.webp","properties_post_image_url_thumbnail":"https:\/\/movin.cloud\/empresas\/1880\/imagenes\/thumbnails\/205467\/casas-en-vent-costa-d'en-blanes.webp","properties_post_title":"casas en vent costa d'en blanes","properties_post_alt":"casas en vent costa d'en blanes"},{"properties_post_image_order":30,"properties_post_image_url":"https:\/\/movin.cloud\/empresas\/1880\/imagenes\/205467\/comprar-casa-costa-d'en-blanes.webp","properties_post_image_url_thumbnail":"https:\/\/movin.cloud\/empresas\/1880\/imagenes\/thumbnails\/205467\/comprar-casa-costa-d'en-blanes.webp","properties_post_title":"comprar casa costa d'en blanes","properties_post_alt":"comprar casa costa d'en blanes"},{"properties_post_image_order":31,"properties_post_image_url":"https:\/\/movin.cloud\/empresas\/1880\/imagenes\/205467\/casa-venta-costa-d'en-blanes.webp","properties_post_image_url_thumbnail":"https:\/\/movin.cloud\/empresas\/1880\/imagenes\/thumbnails\/205467\/casa-venta-costa-d'en-blanes.webp","properties_post_title":"casa venta costa d'en blanes","properties_post_alt":"casa venta costa d'en blanes"},{"properties_post_image_order":32,"properties_post_image_url":"https:\/\/movin.cloud\/empresas\/1880\/imagenes\/205467\/compra-costa-d'en-blanes.webp","properties_post_image_url_thumbnail":"https:\/\/movin.cloud\/empresas\/1880\/imagenes\/thumbnails\/205467\/compra-costa-d'en-blanes.webp","properties_post_title":"compra costa d'en blanes","properties_post_alt":"compra costa d'en blanes"},{"properties_post_image_order":33,"properties_post_image_url":"https:\/\/movin.cloud\/empresas\/1880\/imagenes\/205467\/venta-de-casa-costa-d'en-blanes.webp","properties_post_image_url_thumbnail":"https:\/\/movin.cloud\/empresas\/1880\/imagenes\/thumbnails\/205467\/venta-de-casa-costa-d'en-blanes.webp","properties_post_title":"venta de casa costa d'en blanes","properties_post_alt":"venta de casa costa d'en blanes"}],"post_type_properties_post_videos":[{"properties_post_video_url":"https:\/\/www.youtube.com\/watch?v=daJliQMBFas","properties_post_video_order":"1"}],"post_type_properties_post_tour":null,"post_type_properties_post_dossier_url":"","post_type_properties_post_operation_type":"sale","post_type_properties_post_operation_price":1975000,"post_type_properties_post_features_hidden_price":false},"yoast_head":"<!-- This site is optimized with the Yoast SEO plugin v27.4 - https:\/\/yoast.com\/product\/yoast-seo-wordpress\/ -->\n<title>Precioso chalet estilo mallorqu\u00edn en Costa d&#039;en Blanes - Forcadell<\/title>\n<meta name=\"robots\" content=\"index, follow, max-snippet:-1, max-image-preview:large, max-video-preview:-1\" \/>\n<link rel=\"canonical\" href=\"https:\/\/forcadell.com\/ca\/propiedades\/precioso-chalet-estilo-mallorquin-en-costa-den-blanes\/\" \/>\n<meta property=\"og:locale\" content=\"ca_ES\" \/>\n<meta property=\"og:type\" content=\"article\" \/>\n<meta property=\"og:title\" content=\"Precioso chalet estilo mallorqu\u00edn en Costa d&#039;en Blanes - Forcadell\" \/>\n<meta property=\"og:description\" content=\"Inmejorable y luminosa vivienda unifamiliar de estilo mallorqu\u00edn de 200m\u00b2 en una parcela de 930m\u00b2 con vistas panor\u00e1micas a mar y monta\u00f1a. La casa, con orientaci\u00f3n suroeste, dispone de 2 plantas, un amplio sal\u00f3n-comedor, 4 habitaciones dobles (una de ellas en planta), bonita cocina totalmente equipada, 2 ba\u00f1os completos (uno de ellos en suite) y [&hellip;]\" \/>\n<meta property=\"og:url\" content=\"https:\/\/forcadell.com\/ca\/propiedades\/precioso-chalet-estilo-mallorquin-en-costa-den-blanes\/\" \/>\n<meta property=\"og:site_name\" content=\"Forcadell\" \/>\n<meta property=\"article:modified_time\" content=\"2026-05-01T11:58:03+00:00\" \/>\n<meta name=\"twitter:card\" content=\"summary_large_image\" \/>\n<meta name=\"twitter:label1\" content=\"Temps estimat de lectura\" \/>\n\t<meta name=\"twitter:data1\" content=\"1 minut\" \/>\n<!-- \/ Yoast SEO plugin. -->","yoast_head_json":{"title":"Precioso chalet estilo mallorqu\u00edn en Costa d'en Blanes - Forcadell","robots":{"index":"index","follow":"follow","max-snippet":"max-snippet:-1","max-image-preview":"max-image-preview:large","max-video-preview":"max-video-preview:-1"},"canonical":"https:\/\/forcadell.com\/ca\/propiedades\/precioso-chalet-estilo-mallorquin-en-costa-den-blanes\/","og_locale":"ca_ES","og_type":"article","og_title":"Precioso chalet estilo mallorqu\u00edn en Costa d'en Blanes - Forcadell","og_description":"Inmejorable y luminosa vivienda unifamiliar de estilo mallorqu\u00edn de 200m\u00b2 en una parcela de 930m\u00b2 con vistas panor\u00e1micas a mar y monta\u00f1a. La casa, con orientaci\u00f3n suroeste, dispone de 2 plantas, un amplio sal\u00f3n-comedor, 4 habitaciones dobles (una de ellas en planta), bonita cocina totalmente equipada, 2 ba\u00f1os completos (uno de ellos en suite) y [&hellip;]","og_url":"https:\/\/forcadell.com\/ca\/propiedades\/precioso-chalet-estilo-mallorquin-en-costa-den-blanes\/","og_site_name":"Forcadell","article_modified_time":"2026-05-01T11:58:03+00:00","twitter_card":"summary_large_image","twitter_misc":{"Temps estimat de lectura":"1 minut"},"schema":{"@context":"https:\/\/schema.org","@graph":[{"@type":"WebPage","@id":"https:\/\/forcadell.com\/ca\/propiedades\/precioso-chalet-estilo-mallorquin-en-costa-den-blanes\/","url":"https:\/\/forcadell.com\/ca\/propiedades\/precioso-chalet-estilo-mallorquin-en-costa-den-blanes\/","name":"Precioso chalet estilo mallorqu\u00edn en Costa d'en Blanes - Forcadell","isPartOf":{"@id":"https:\/\/forcadell.com\/ca\/#website"},"datePublished":"2025-11-04T13:11:53+00:00","dateModified":"2026-05-01T11:58:03+00:00","breadcrumb":{"@id":"https:\/\/forcadell.com\/ca\/propiedades\/precioso-chalet-estilo-mallorquin-en-costa-den-blanes\/#breadcrumb"},"inLanguage":"ca","potentialAction":[{"@type":"ReadAction","target":["https:\/\/forcadell.com\/ca\/propiedades\/precioso-chalet-estilo-mallorquin-en-costa-den-blanes\/"]}]},{"@type":"BreadcrumbList","@id":"https:\/\/forcadell.com\/ca\/propiedades\/precioso-chalet-estilo-mallorquin-en-costa-den-blanes\/#breadcrumb","itemListElement":[{"@type":"ListItem","position":1,"name":"Portada","item":"https:\/\/forcadell.com\/ca\/"},{"@type":"ListItem","position":2,"name":"Properties","item":"https:\/\/forcadell.com\/ca\/propiedades\/"},{"@type":"ListItem","position":3,"name":"Precioso chalet estilo mallorqu\u00edn en Costa d&#8217;en Blanes"}]},{"@type":"WebSite","@id":"https:\/\/forcadell.com\/ca\/#website","url":"https:\/\/forcadell.com\/ca\/","name":"Forcadell","description":"Inmobiliaria Barcelona | Consultores inmobiliarios","potentialAction":[{"@type":"SearchAction","target":{"@type":"EntryPoint","urlTemplate":"https:\/\/forcadell.com\/ca\/?s={search_term_string}"},"query-input":{"@type":"PropertyValueSpecification","valueRequired":true,"valueName":"search_term_string"}}],"inLanguage":"ca"}]}},"_links":{"self":[{"href":"https:\/\/forcadell.com\/ca\/wp-json\/wp\/v2\/properties_post\/56802","targetHints":{"allow":["GET"]}}],"collection":[{"href":"https:\/\/forcadell.com\/ca\/wp-json\/wp\/v2\/properties_post"}],"about":[{"href":"https:\/\/forcadell.com\/ca\/wp-json\/wp\/v2\/types\/properties_post"}],"wp:attachment":[{"href":"https:\/\/forcadell.com\/ca\/wp-json\/wp\/v2\/media?parent=56802"}],"curies":[{"name":"wp","href":"https:\/\/api.w.org\/{rel}","templated":true}]}}