{"id":56784,"date":"2025-11-04T15:10:24","date_gmt":"2025-11-04T13:10:24","guid":{"rendered":"https:\/\/www.forcadell.com\/propiedades\/casa-seminueva-de-205m%c2%b2-en-parets-pueblo\/"},"modified":"2026-05-01T15:04:52","modified_gmt":"2026-05-01T13:04:52","slug":"casa-seminueva-de-205m%c2%b2-en-parets-pueblo","status":"publish","type":"properties_post","link":"https:\/\/forcadell.com\/ca\/propiedades\/casa-seminueva-de-205m%c2%b2-en-parets-pueblo\/","title":{"rendered":"Casa seminueva de 205m\u00b2 en Parets Pueblo"},"content":{"rendered":"<p>Descubre esta espectacular casa seminueva, construida en 2005, ubicada en el coraz\u00f3n de Parets Pueblo, en una tranquila zona peatonal. Con una superficie total de 205m\u00b2, esta propiedad combina comodidad, amplitud y estilo.<\/p>\n<p>Planta baja: Dispone de un amplio garaje de 67m\u00b2 y una bodega de 15m\u00b2, ideal para los amantes del vino o como espacio de almacenamiento adicional.<\/p>\n<p>Primera planta: Encontrar\u00e1s un luminoso sal\u00f3n-comedor de 24m\u00b2 con salida a balc\u00f3n, un elegante ba\u00f1o completo y una cocina independiente de 17m\u00b2 con acceso directo a un encantador patio.<\/p>\n<p>Segunda planta: Cuenta con una habitaci\u00f3n doble y dos habitaciones individuales, todas con abundante luz natural, adem\u00e1s de un ba\u00f1o completo con ba\u00f1era.<\/p>\n<p>Buhardilla: Espaciosa estancia de 40m\u00b2, perfecta como sala polivalente, con salida a un espectacular sol\u00e1rium de 20m\u00b2.<\/p>\n<p>La vivienda est\u00e1 equipada con acabados de alta calidad, calefacci\u00f3n de gas natural y aire acondicionado. A tan solo 5 minutos en coche de la C-17 (direcci\u00f3n Barcelona-Vic), esta casa es una oportunidad \u00fanica para vivir en un entorno tranquilo sin renunciar a la cercan\u00eda con la ciudad.<\/p>\n<p>Estado de la vivienda: En buen estado<br \/>\nSuperficie \u00fatil: 98,65 m\u00b2<br \/>\nSuperficie construida: 204 m\u00b2<br \/>\nCHB0711512xxxx<br \/>\nITP: Tipo vigente<br \/>\nGastos notariales y registrales seg\u00fan arancel<br \/>\nN\u00famero AICAT: 163<br \/>\nN\u00famero API: 1646<\/p>\n","protected":false},"template":"","class_list":["post-56784","properties_post","type-properties_post","status-publish","hentry","properties_modality-sale","properties_province-barcelona","properties_state-parets-del-valles","properties_subclass-casa-unifamiliar-adosada","properties_type-casa"],"acf":{"post_type_properties_post_property_code":"11247532","post_type_properties_post_property_reference":"MOL_3453","post_type_properties_post_owner_id":"215685","post_type_properties_post_owner_name":"Marcos","post_type_properties_post_property_code_encrypted":"MjQ5JDMyMDk5","post_type_properties_post_published":"1","post_type_properties_post_property_visibility":"idealista","post_type_properties_post_contact_name":"Forcadell Mollet","post_type_properties_post_contact_email":"forcadell.granollers@movin.cloud","post_type_properties_post_contact_primary_phone_prefix":"34","post_type_properties_post_contact_primary_phone_number":"934965408","post_type_properties_post_address_visibility":"street","post_type_properties_post_address_country":"Spain","post_type_properties_post_address_coordinates_precision":"exact","post_type_properties_post_address_postal_code":"08150","post_type_properties_post_address_coordinates_latitude":"41.5723903","post_type_properties_post_address_coordinates_longitude":"2.2330203","post_type_properties_post_address_street_name":"C\/ Travessera 21","post_type_properties_post_address_floor":"","post_type_properties_post_address_town":"Parets del Vall\u00e8s","post_type_properties_post_building":null,"post_type_properties_post_property":[{"properties_post_description_language":"catalan","properties_post_title":"Casa seminova de 205m\u00b2 a Parets del Vall\u00e8s (Parets Poble)","properties_post_short_description_text_alt":"","properties_post_description_text_alt":"","properties_post_short_description_text":"Casa seminova de 205m\u00b2 a Parets del Vall\u00e8s (Parets Poble)","properties_post_link_demanda_inmueble":"https:\/\/movin.cloud\/ca\/Forcadell Mollet\/formulari-peticio-immoble\/sth\/1885&&11247532","properties_post_link_demanda_calendario_inmueble":"https:\/\/movin.cloud\/ca\/Forcadell Mollet\/calendari-peticio-immoble\/sth\/1885&&11247532","properties_post_description_text":"Descobreix aquesta espectacular casa seminova, constru\u00efda l\u2019any 2005, situada al cor de Parets Poble, en una zona de vianants molt tranquil\u00b7la. Amb una superf\u00edcie total de 205m\u00b2, aquesta propietat combina comoditat, amplitud i estil.\n\nPlanta baixa: Disposa d\u2019un ampli garatge de 67m\u00b2 i un celler de 15m\u00b2, ideal per als amants del vi o com a espai d\u2019emmagatzematge addicional.\n\nPrimera planta: Hi trobem un sal\u00f3-menjador llumin\u00f3s de 24m\u00b2 amb sortida a balc\u00f3, un bany complet elegant i una cuina independent de 17m\u00b2 amb acc\u00e9s directe a un pati encantador.\n\nSegona planta: Consta d\u2019una habitaci\u00f3 doble i dues habitacions individuals, totes amb molta llum natural, a m\u00e9s d\u2019un bany complet amb banyera.\n\nGolfes: Espai polivalent de 40m\u00b2 amb sortida a un espectacular sol\u00e0rium de 20m\u00b2.\n\nL\u2019habitatge compta amb acabats d\u2019alta qualitat, calefacci\u00f3 de gas natural i aire condicionat. A nom\u00e9s 5 minuts amb cotxe de la C-17 (direcci\u00f3 Barcelona-Vic), aquesta casa \u00e9s una oportunitat \u00fanica per viure en un entorn tranquil sense renunciar a la proximitat de la ciutat.\n\nEstat de l'habitatge: En bon estat\nSuperf\u00edcie \u00fatil: 98,65 m\u00b2\nSuperf\u00edcie constru\u00efda: 204 m\u00b2\nCHB0711512xxxx\nITP: Tipus vigent\nDespeses notarials i registrals segons aranzel\nN\u00famero AICAT: 163\nN\u00famero API: 1646","properties_post_seo_title":"","properties_post_seo_alias":"","properties_post_seo_metadescription":"","properties_post_seo_key_words":"","properties_post_seo_url":"","properties_post_terms_conditions":""},{"properties_post_description_language":"spanish","properties_post_title":"Casa seminueva de 205m\u00b2 en Parets Pueblo","properties_post_short_description_text_alt":"","properties_post_description_text_alt":"","properties_post_short_description_text":"Casa seminueva de 205m\u00b2 en Parets Pueblo","properties_post_link_demanda_inmueble":"https:\/\/movin.cloud\/es\/Forcadell Mollet\/formulario-peticion-inmueble\/sth\/1885&&11247532","properties_post_link_demanda_calendario_inmueble":"https:\/\/movin.cloud\/es\/Forcadell Mollet\/calendario-peticion-inmueble\/sth\/1885&&11247532","properties_post_description_text":"Descubre esta espectacular casa seminueva, construida en 2005, ubicada en el coraz\u00f3n de Parets Pueblo, en una tranquila zona peatonal. Con una superficie total de 205m\u00b2, esta propiedad combina comodidad, amplitud y estilo.\n\nPlanta baja: Dispone de un amplio garaje de 67m\u00b2 y una bodega de 15m\u00b2, ideal para los amantes del vino o como espacio de almacenamiento adicional.\n\nPrimera planta: Encontrar\u00e1s un luminoso sal\u00f3n-comedor de 24m\u00b2 con salida a balc\u00f3n, un elegante ba\u00f1o completo y una cocina independiente de 17m\u00b2 con acceso directo a un encantador patio.\n\nSegunda planta: Cuenta con una habitaci\u00f3n doble y dos habitaciones individuales, todas con abundante luz natural, adem\u00e1s de un ba\u00f1o completo con ba\u00f1era.\n\nBuhardilla: Espaciosa estancia de 40m\u00b2, perfecta como sala polivalente, con salida a un espectacular sol\u00e1rium de 20m\u00b2.\n\nLa vivienda est\u00e1 equipada con acabados de alta calidad, calefacci\u00f3n de gas natural y aire acondicionado. A tan solo 5 minutos en coche de la C-17 (direcci\u00f3n Barcelona-Vic), esta casa es una oportunidad \u00fanica para vivir en un entorno tranquilo sin renunciar a la cercan\u00eda con la ciudad.\n\nEstado de la vivienda: En buen estado \nSuperficie \u00fatil: 98,65 m\u00b2\nSuperficie construida: 204 m\u00b2\nCHB0711512xxxx\nITP: Tipo vigente\nGastos notariales y registrales seg\u00fan arancel\nN\u00famero AICAT: 163\nN\u00famero API: 1646\n\n","properties_post_seo_title":"","properties_post_seo_alias":"","properties_post_seo_metadescription":"","properties_post_seo_key_words":"","properties_post_seo_url":"","properties_post_terms_conditions":""},{"properties_post_description_language":"english","properties_post_title":"Modern Semi-New House of 205m\u00b2 in Parets del Vall\u00e8s (Parets Pueblo)","properties_post_short_description_text_alt":"","properties_post_description_text_alt":"","properties_post_short_description_text":"Modern Semi-New House of 205m\u00b2 in Parets del Vall\u00e8s (Parets Pueblo)","properties_post_link_demanda_inmueble":"https:\/\/movin.cloud\/en\/Forcadell Mollet\/property-form-request\/sth\/1885&&11247532","properties_post_link_demanda_calendario_inmueble":"https:\/\/movin.cloud\/en\/Forcadell Mollet\/property-calendar-request\/sth\/1885&&11247532","properties_post_description_text":"Discover this stunning semi-new house, built in 2005, located in the heart of Parets Pueblo, in a peaceful pedestrian area. With a total surface of 205m\u00b2, this property offers comfort, space, and style.\n\nGround floor: Features a spacious 67m\u00b2 garage and a 15m\u00b2 wine cellar, perfect for wine lovers or as additional storage space.\n\nFirst floor: Includes a bright 24m\u00b2 living-dining room with access to a balcony, a stylish full bathroom, and a 17m\u00b2 independent kitchen with direct access to a charming patio.\n\nSecond floor: Offers one double bedroom and two spacious single bedrooms, all filled with natural light, along with a full bathroom with a bathtub.\n\nAttic: A versatile 40m\u00b2 space with access to a spectacular 20m\u00b2 solarium.\n\nThe home is equipped with high-quality finishes, natural gas heating, and air conditioning. Just 5 minutes by car from the C-17 (Barcelona-Vic direction), this is a unique opportunity to live in a peaceful setting without giving up proximity to the city.\n\nCondition of the property: In good condition \nUsable floor area: 98,65 m\u00b2\nBuilt area: 204 m\u00b2\nCHB0711512xxxx\nITP (Property Transfer Tax): Current rate\nNotary and land registry fees according to the official tariff\nAICAT Number: 163\nAPI Number: 1646","properties_post_seo_title":"","properties_post_seo_alias":"","properties_post_seo_metadescription":"","properties_post_seo_key_words":"","properties_post_seo_url":"","properties_post_terms_conditions":""}],"post_type_properties_post_features_type":"house","post_type_properties_post_id_building":"","post_type_properties_post_features_area_constructed":204,"post_type_properties_post_features_conditioned_air":true,"post_type_properties_post_features_doorman":false,"post_type_properties_post_features_heating":true,"post_type_properties_post_features_equipped_kitchen":false,"post_type_properties_post_features_windows_location":"exterior","post_type_properties_post_features_floors_property":false,"post_type_properties_post_features_storage":false,"post_type_properties_post_features_security_door":false,"post_type_properties_post_features_energy_certificate_rating":"E","post_type_properties_post_features_energy_certificate_emissions_rating":"E","post_type_properties_post_features_energy_certificate_emissions_value":50,"post_type_properties_post_features_energy_certificate_performance":267,"post_type_properties_post_features_bathroom_inside":false,"post_type_properties_post_precio":365000,"post_type_properties_post_precio_alquiler":365000,"post_type_properties_post_record_type_id":"Casa","post_type_properties_post_categoria__producto":"Casa Unifamiliar Adosada","post_type_properties_post_amueblado":false,"post_type_properties_post_precio_m2":1887.25,"post_type_properties_post_zona__comunitaria":false,"post_type_properties_post_electrodomesticos":false,"post_type_properties_post_patio__interior":true,"post_type_properties_post_certificado_energetico_general":"E","post_type_properties_post_certificado_energetico_consumo":"E","post_type_properties_post_certificado_energetico_valor_emisiones":50,"post_type_properties_post_certificado_energetico_valor_consumo":267,"post_type_properties_post_modalidad":"sale","post_type_properties_post_provincia":"Barcelona","post_type_properties_post_poblacion":"Parets del Vall\u00e8s","post_type_properties_post_centro__urbano":true,"post_type_properties_post_zonificacion":"","post_type_properties_post_cartera":"","post_type_properties_post_titulo_catalan":"Casa seminova de 205m\u00b2 a Parets del Vall\u00e8s (Parets Poble)","post_type_properties_post_internet_catalan":"Descobreix aquesta espectacular casa seminova, constru\u00efda l\u2019any 2005, situada al cor de Parets Poble, en una zona de vianants molt tranquil\u00b7la. Amb una superf\u00edcie total de 205m\u00b2, aquesta propietat combina comoditat, amplitud i estil.\n\nPlanta baixa: Disposa d\u2019un ampli garatge de 67m\u00b2 i un celler de 15m\u00b2, ideal per als amants del vi o com a espai d\u2019emmagatzematge addicional.\n\nPrimera planta: Hi trobem un sal\u00f3-menjador llumin\u00f3s de 24m\u00b2 amb sortida a balc\u00f3, un bany complet elegant i una cuina independent de 17m\u00b2 amb acc\u00e9s directe a un pati encantador.\n\nSegona planta: Consta d\u2019una habitaci\u00f3 doble i dues habitacions individuals, totes amb molta llum natural, a m\u00e9s d\u2019un bany complet amb banyera.\n\nGolfes: Espai polivalent de 40m\u00b2 amb sortida a un espectacular sol\u00e0rium de 20m\u00b2.\n\nL\u2019habitatge compta amb acabats d\u2019alta qualitat, calefacci\u00f3 de gas natural i aire condicionat. A nom\u00e9s 5 minuts amb cotxe de la C-17 (direcci\u00f3 Barcelona-Vic), aquesta casa \u00e9s una oportunitat \u00fanica per viure en un entorn tranquil sense renunciar a la proximitat de la ciutat.\n\nEstat de l'habitatge: En bon estat\nSuperf\u00edcie \u00fatil: 98,65 m\u00b2\nSuperf\u00edcie constru\u00efda: 204 m\u00b2\nCHB0711512xxxx\nITP: Tipus vigent\nDespeses notarials i registrals segons aranzel\nN\u00famero AICAT: 163\nN\u00famero API: 1646","post_type_properties_post_titulo_castellano":"Casa seminueva de 205m\u00b2 en Parets Pueblo","post_type_properties_post_internet_castellano":"Descubre esta espectacular casa seminueva, construida en 2005, ubicada en el coraz\u00f3n de Parets Pueblo, en una tranquila zona peatonal. Con una superficie total de 205m\u00b2, esta propiedad combina comodidad, amplitud y estilo.\n\nPlanta baja: Dispone de un amplio garaje de 67m\u00b2 y una bodega de 15m\u00b2, ideal para los amantes del vino o como espacio de almacenamiento adicional.\n\nPrimera planta: Encontrar\u00e1s un luminoso sal\u00f3n-comedor de 24m\u00b2 con salida a balc\u00f3n, un elegante ba\u00f1o completo y una cocina independiente de 17m\u00b2 con acceso directo a un encantador patio.\n\nSegunda planta: Cuenta con una habitaci\u00f3n doble y dos habitaciones individuales, todas con abundante luz natural, adem\u00e1s de un ba\u00f1o completo con ba\u00f1era.\n\nBuhardilla: Espaciosa estancia de 40m\u00b2, perfecta como sala polivalente, con salida a un espectacular sol\u00e1rium de 20m\u00b2.\n\nLa vivienda est\u00e1 equipada con acabados de alta calidad, calefacci\u00f3n de gas natural y aire acondicionado. A tan solo 5 minutos en coche de la C-17 (direcci\u00f3n Barcelona-Vic), esta casa es una oportunidad \u00fanica para vivir en un entorno tranquilo sin renunciar a la cercan\u00eda con la ciudad.\n\nEstado de la vivienda: En buen estado \nSuperficie \u00fatil: 98,65 m\u00b2\nSuperficie construida: 204 m\u00b2\nCHB0711512xxxx\nITP: Tipo vigente\nGastos notariales y registrales seg\u00fan arancel\nN\u00famero AICAT: 163\nN\u00famero API: 1646\n\n","post_type_properties_post_titulo_ingles":"Modern Semi-New House of 205m\u00b2 in Parets del Vall\u00e8s (Parets Pueblo)","post_type_properties_post_internet_ingles":"Discover this stunning semi-new house, built in 2005, located in the heart of Parets Pueblo, in a peaceful pedestrian area. With a total surface of 205m\u00b2, this property offers comfort, space, and style.\n\nGround floor: Features a spacious 67m\u00b2 garage and a 15m\u00b2 wine cellar, perfect for wine lovers or as additional storage space.\n\nFirst floor: Includes a bright 24m\u00b2 living-dining room with access to a balcony, a stylish full bathroom, and a 17m\u00b2 independent kitchen with direct access to a charming patio.\n\nSecond floor: Offers one double bedroom and two spacious single bedrooms, all filled with natural light, along with a full bathroom with a bathtub.\n\nAttic: A versatile 40m\u00b2 space with access to a spectacular 20m\u00b2 solarium.\n\nThe home is equipped with high-quality finishes, natural gas heating, and air conditioning. Just 5 minutes by car from the C-17 (Barcelona-Vic direction), this is a unique opportunity to live in a peaceful setting without giving up proximity to the city.\n\nCondition of the property: In good condition \nUsable floor area: 98,65 m\u00b2\nBuilt area: 204 m\u00b2\nCHB0711512xxxx\nITP (Property Transfer Tax): Current rate\nNotary and land registry fees according to the official tariff\nAICAT Number: 163\nAPI Number: 1646","post_type_properties_post_features_classification_commercial":false,"post_type_properties_post_features_conservation":"good","post_type_properties_post_features_security_personnel":false,"post_type_properties_post_features_parking_available":false,"post_type_properties_post_features_garage_capacity_type":"","post_type_properties_post_features_bathroom_number":2,"post_type_properties_post_eje":"","post_type_properties_post_zona":"","post_type_properties_post_comarca":"","post_type_properties_post_features_built_year":"","post_type_properties_post_renta_mensual":"","post_type_properties_post_fianza":"","post_type_properties_post_features_area_plot":"","post_type_properties_post_features_area_buildable":"","post_type_properties_post_features_classification_industrial":false,"post_type_properties_post_distrito":"","post_type_properties_post_features_balcony":false,"post_type_properties_post_features_bedroom_number":3,"post_type_properties_post_features_heating_type":"individualGas","post_type_properties_post_features_equipped_with_furniture":false,"post_type_properties_post_features_pets_allowed":false,"post_type_properties_post_features_pool":false,"post_type_properties_post_features_terrace":true,"post_type_properties_post_features_wardrobes":false,"post_type_properties_post_features_lift_available":false,"post_type_properties_post_features_handicap_adapted_access":false,"post_type_properties_post_features_orientation_east":false,"post_type_properties_post_features_orientation_west":false,"post_type_properties_post_features_orientation_north":false,"post_type_properties_post_features_orientation_south":false,"post_type_properties_post_features_parking_spaces_number":1,"post_type_properties_post_features_security_alarm":false,"post_type_properties_post_features_security_system":false,"post_type_properties_post_open_plan":false,"post_type_properties_post_acceso_24_7":false,"post_type_properties_post_oficina_privada":false,"post_type_properties_post_sala_reuniones":false,"post_type_properties_post_espacio_eventos":false,"post_type_properties_post_office":false,"post_type_properties_post_restaurant":false,"post_type_properties_post_acepta_traspaso":false,"post_type_properties_post_vigilancia":false,"post_type_properties_post_features_suite":false,"post_type_properties_post_features_vitro":false,"post_type_properties_post_features_oven":false,"post_type_properties_post_features_microwave":false,"post_type_properties_post_features_washing_machine":false,"post_type_properties_post_features_dryer":false,"post_type_properties_post_features_dishwasher":false,"post_type_properties_post_features_fridge":false,"post_type_properties_post_features_fridge_mini":false,"post_type_properties_post_features_kettle":false,"post_type_properties_post_features_toaster":false,"post_type_properties_post_features_coffee_maker":false,"post_type_properties_post_features_iron":false,"post_type_properties_post_features_ironing_board":false,"post_type_properties_post_features_safe":false,"post_type_properties_post_features_internet":false,"post_type_properties_post_features_solarium":false,"post_type_properties_post_features_clean_service":false,"post_type_properties_post_features_t_v":false,"post_type_properties_post_features_satellite_t_v":false,"post_type_properties_post_features_gas_kitchen":false,"post_type_properties_post_features_view_mountain":true,"post_type_properties_post_features_view_sea":false,"post_type_properties_post_features_concierge":false,"post_type_properties_post_features_loading_dock":false,"post_type_properties_post_features_bridge_crane":false,"post_type_properties_post_features_located_at_corner":false,"post_type_properties_post_features_smoke_extraction":false,"post_type_properties_post_features_rooms":3,"post_type_properties_post_features_garden_area":"","post_type_properties_post_features_utilities_water":false,"post_type_properties_post_features_utilities_electricity":false,"post_type_properties_post_features_utilities_natural_gas":false,"post_type_properties_post_features_building_adapted":false,"post_type_properties_post_features_garden":false,"post_type_properties_post_features_classification_hotel":false,"post_type_properties_post_features_classification_chalet":false,"post_type_properties_post_certificado_energetico_emisiones":"E","post_type_properties_post_barrio":"","post_type_properties_post_distrito_empresa":"","post_type_properties_post_features_property_category_intern":"","post_type_properties_post_implantada":false,"post_type_properties_post_sello_leed":"","post_type_properties_post_sello_well":"","post_type_properties_post_sello_breeam":false,"post_type_properties_post_images":[{"properties_post_image_order":1,"properties_post_image_url":"https:\/\/movin.cloud\/empresas\/1885\/imagenes\/11247532\/casa-en-venta.webp","properties_post_image_url_thumbnail":"https:\/\/movin.cloud\/empresas\/1885\/imagenes\/thumbnails\/11247532\/casa-en-venta.webp","properties_post_title":"casa en venta","properties_post_alt":"casa en venta"},{"properties_post_image_order":2,"properties_post_image_url":"https:\/\/movin.cloud\/empresas\/1885\/imagenes\/11247532\/venta-de-casas.webp","properties_post_image_url_thumbnail":"https:\/\/movin.cloud\/empresas\/1885\/imagenes\/thumbnails\/11247532\/venta-de-casas.webp","properties_post_title":"venta de casas","properties_post_alt":"venta de casas"},{"properties_post_image_order":3,"properties_post_image_url":"https:\/\/movin.cloud\/empresas\/1885\/imagenes\/11247532\/casas-en-vent.webp","properties_post_image_url_thumbnail":"https:\/\/movin.cloud\/empresas\/1885\/imagenes\/thumbnails\/11247532\/casas-en-vent.webp","properties_post_title":"casas en vent","properties_post_alt":"casas en vent"},{"properties_post_image_order":4,"properties_post_image_url":"https:\/\/movin.cloud\/empresas\/1885\/imagenes\/11247532\/venta-casa.webp","properties_post_image_url_thumbnail":"https:\/\/movin.cloud\/empresas\/1885\/imagenes\/thumbnails\/11247532\/venta-casa.webp","properties_post_title":"venta casa","properties_post_alt":"venta casa"},{"properties_post_image_order":5,"properties_post_image_url":"https:\/\/movin.cloud\/empresas\/1885\/imagenes\/11247532\/venta-casas.webp","properties_post_image_url_thumbnail":"https:\/\/movin.cloud\/empresas\/1885\/imagenes\/thumbnails\/11247532\/venta-casas.webp","properties_post_title":"venta casas","properties_post_alt":"venta casas"},{"properties_post_image_order":6,"properties_post_image_url":"https:\/\/movin.cloud\/empresas\/1885\/imagenes\/11247532\/comprar-casa.webp","properties_post_image_url_thumbnail":"https:\/\/movin.cloud\/empresas\/1885\/imagenes\/thumbnails\/11247532\/comprar-casa.webp","properties_post_title":"comprar casa","properties_post_alt":"comprar casa"},{"properties_post_image_order":7,"properties_post_image_url":"https:\/\/movin.cloud\/empresas\/1885\/imagenes\/11247532\/casa-venta.webp","properties_post_image_url_thumbnail":"https:\/\/movin.cloud\/empresas\/1885\/imagenes\/thumbnails\/11247532\/casa-venta.webp","properties_post_title":"casa venta","properties_post_alt":"casa venta"},{"properties_post_image_order":8,"properties_post_image_url":"https:\/\/movin.cloud\/empresas\/1885\/imagenes\/11247532\/compra.webp","properties_post_image_url_thumbnail":"https:\/\/movin.cloud\/empresas\/1885\/imagenes\/thumbnails\/11247532\/compra.webp","properties_post_title":"compra","properties_post_alt":"compra"},{"properties_post_image_order":9,"properties_post_image_url":"https:\/\/movin.cloud\/empresas\/1885\/imagenes\/11247532\/venta-de-casa.webp","properties_post_image_url_thumbnail":"https:\/\/movin.cloud\/empresas\/1885\/imagenes\/thumbnails\/11247532\/venta-de-casa.webp","properties_post_title":"venta de casa","properties_post_alt":"venta de casa"},{"properties_post_image_order":10,"properties_post_image_url":"https:\/\/movin.cloud\/empresas\/1885\/imagenes\/11247532\/compra-para-idealistas.webp","properties_post_image_url_thumbnail":"https:\/\/movin.cloud\/empresas\/1885\/imagenes\/thumbnails\/11247532\/compra-para-idealistas.webp","properties_post_title":"compra para idealistas","properties_post_alt":"compra para idealistas"},{"properties_post_image_order":11,"properties_post_image_url":"https:\/\/movin.cloud\/empresas\/1885\/imagenes\/11247532\/foto-cas.webp","properties_post_image_url_thumbnail":"https:\/\/movin.cloud\/empresas\/1885\/imagenes\/thumbnails\/11247532\/foto-cas.webp","properties_post_title":"foto cas","properties_post_alt":"foto cas"},{"properties_post_image_order":12,"properties_post_image_url":"https:\/\/movin.cloud\/empresas\/1885\/imagenes\/11247532\/foto-casa-venta.webp","properties_post_image_url_thumbnail":"https:\/\/movin.cloud\/empresas\/1885\/imagenes\/thumbnails\/11247532\/foto-casa-venta.webp","properties_post_title":"foto casa venta","properties_post_alt":"foto casa venta"},{"properties_post_image_order":13,"properties_post_image_url":"https:\/\/movin.cloud\/empresas\/1885\/imagenes\/11247532\/foto-casa-con-jardin.webp","properties_post_image_url_thumbnail":"https:\/\/movin.cloud\/empresas\/1885\/imagenes\/thumbnails\/11247532\/foto-casa-con-jardin.webp","properties_post_title":"foto casa con jardin","properties_post_alt":"foto casa con jardin"},{"properties_post_image_order":14,"properties_post_image_url":"https:\/\/movin.cloud\/empresas\/1885\/imagenes\/11247532\/pisos-y-casas-en-venta-parets-del-valles.webp","properties_post_image_url_thumbnail":"https:\/\/movin.cloud\/empresas\/1885\/imagenes\/thumbnails\/11247532\/pisos-y-casas-en-venta-parets-del-valles.webp","properties_post_title":"pisos y casas en venta parets del valles","properties_post_alt":"pisos y casas en venta parets del valles"},{"properties_post_image_order":15,"properties_post_image_url":"https:\/\/movin.cloud\/empresas\/1885\/imagenes\/11247532\/venta-viviendas-parets-del-valles.webp","properties_post_image_url_thumbnail":"https:\/\/movin.cloud\/empresas\/1885\/imagenes\/thumbnails\/11247532\/venta-viviendas-parets-del-valles.webp","properties_post_title":"venta viviendas parets del valles","properties_post_alt":"venta viviendas parets del valles"},{"properties_post_image_order":16,"properties_post_image_url":"https:\/\/movin.cloud\/empresas\/1885\/imagenes\/11247532\/casas-parets-del-valles.webp","properties_post_image_url_thumbnail":"https:\/\/movin.cloud\/empresas\/1885\/imagenes\/thumbnails\/11247532\/casas-parets-del-valles.webp","properties_post_title":"casas parets del valles","properties_post_alt":"casas parets del valles"},{"properties_post_image_order":17,"properties_post_image_url":"https:\/\/movin.cloud\/empresas\/1885\/imagenes\/11247532\/casa-para-idealista-parets-del-valles.webp","properties_post_image_url_thumbnail":"https:\/\/movin.cloud\/empresas\/1885\/imagenes\/thumbnails\/11247532\/casa-para-idealista-parets-del-valles.webp","properties_post_title":"casa para idealista parets del valles","properties_post_alt":"casa para idealista parets del valles"},{"properties_post_image_order":18,"properties_post_image_url":"https:\/\/movin.cloud\/empresas\/1885\/imagenes\/11247532\/venta-viviendas.webp","properties_post_image_url_thumbnail":"https:\/\/movin.cloud\/empresas\/1885\/imagenes\/thumbnails\/11247532\/venta-viviendas.webp","properties_post_title":"venta viviendas","properties_post_alt":"venta viviendas"},{"properties_post_image_order":19,"properties_post_image_url":"https:\/\/movin.cloud\/empresas\/1885\/imagenes\/11247532\/pisos-y-casas-en-venta.webp","properties_post_image_url_thumbnail":"https:\/\/movin.cloud\/empresas\/1885\/imagenes\/thumbnails\/11247532\/pisos-y-casas-en-venta.webp","properties_post_title":"pisos y casas en venta","properties_post_alt":"pisos y casas en venta"},{"properties_post_image_order":20,"properties_post_image_url":"https:\/\/movin.cloud\/empresas\/1885\/imagenes\/11247532\/casas.webp","properties_post_image_url_thumbnail":"https:\/\/movin.cloud\/empresas\/1885\/imagenes\/thumbnails\/11247532\/casas.webp","properties_post_title":"casas","properties_post_alt":"casas"},{"properties_post_image_order":21,"properties_post_image_url":"https:\/\/movin.cloud\/empresas\/1885\/imagenes\/11247532\/comprar.webp","properties_post_image_url_thumbnail":"https:\/\/movin.cloud\/empresas\/1885\/imagenes\/thumbnails\/11247532\/comprar.webp","properties_post_title":"comprar","properties_post_alt":"comprar"},{"properties_post_image_order":22,"properties_post_image_url":"https:\/\/movin.cloud\/empresas\/1885\/imagenes\/11247532\/viviendas.webp","properties_post_image_url_thumbnail":"https:\/\/movin.cloud\/empresas\/1885\/imagenes\/thumbnails\/11247532\/viviendas.webp","properties_post_title":"viviendas","properties_post_alt":"viviendas"},{"properties_post_image_order":23,"properties_post_image_url":"https:\/\/movin.cloud\/empresas\/1885\/imagenes\/11247532\/habitalia.webp","properties_post_image_url_thumbnail":"https:\/\/movin.cloud\/empresas\/1885\/imagenes\/thumbnails\/11247532\/habitalia.webp","properties_post_title":"habitalia","properties_post_alt":"habitalia"},{"properties_post_image_order":24,"properties_post_image_url":"https:\/\/movin.cloud\/empresas\/1885\/imagenes\/11247532\/venta.webp","properties_post_image_url_thumbnail":"https:\/\/movin.cloud\/empresas\/1885\/imagenes\/thumbnails\/11247532\/venta.webp","properties_post_title":"venta","properties_post_alt":"venta"},{"properties_post_image_order":25,"properties_post_image_url":"https:\/\/movin.cloud\/empresas\/1885\/imagenes\/11247532\/inmobiliarias.webp","properties_post_image_url_thumbnail":"https:\/\/movin.cloud\/empresas\/1885\/imagenes\/thumbnails\/11247532\/inmobiliarias.webp","properties_post_title":"inmobiliarias","properties_post_alt":"inmobiliarias"},{"properties_post_image_order":26,"properties_post_image_url":"https:\/\/movin.cloud\/empresas\/1885\/imagenes\/11247532\/inmobiliaria.webp","properties_post_image_url_thumbnail":"https:\/\/movin.cloud\/empresas\/1885\/imagenes\/thumbnails\/11247532\/inmobiliaria.webp","properties_post_title":"inmobiliaria","properties_post_alt":"inmobiliaria"},{"properties_post_image_order":27,"properties_post_image_url":"https:\/\/movin.cloud\/empresas\/1885\/imagenes\/11247532\/fincas.webp","properties_post_image_url_thumbnail":"https:\/\/movin.cloud\/empresas\/1885\/imagenes\/thumbnails\/11247532\/fincas.webp","properties_post_title":"fincas","properties_post_alt":"fincas"},{"properties_post_image_order":28,"properties_post_image_url":"https:\/\/movin.cloud\/empresas\/1885\/imagenes\/11247532\/venta-de-casas-parets-del-valles.webp","properties_post_image_url_thumbnail":"https:\/\/movin.cloud\/empresas\/1885\/imagenes\/thumbnails\/11247532\/venta-de-casas-parets-del-valles.webp","properties_post_title":"venta de casas parets del valles","properties_post_alt":"venta de casas parets del valles"},{"properties_post_image_order":29,"properties_post_image_url":"https:\/\/movin.cloud\/empresas\/1885\/imagenes\/11247532\/casas-en-vent-parets-del-valles.webp","properties_post_image_url_thumbnail":"https:\/\/movin.cloud\/empresas\/1885\/imagenes\/thumbnails\/11247532\/casas-en-vent-parets-del-valles.webp","properties_post_title":"casas en vent parets del valles","properties_post_alt":"casas en vent parets del valles"},{"properties_post_image_order":30,"properties_post_image_url":"https:\/\/movin.cloud\/empresas\/1885\/imagenes\/11247532\/venta-casa-parets-del-valles.webp","properties_post_image_url_thumbnail":"https:\/\/movin.cloud\/empresas\/1885\/imagenes\/thumbnails\/11247532\/venta-casa-parets-del-valles.webp","properties_post_title":"venta casa parets del valles","properties_post_alt":"venta casa parets del valles"},{"properties_post_image_order":31,"properties_post_image_url":"https:\/\/movin.cloud\/empresas\/1885\/imagenes\/11247532\/venta-casas-parets-del-valles.webp","properties_post_image_url_thumbnail":"https:\/\/movin.cloud\/empresas\/1885\/imagenes\/thumbnails\/11247532\/venta-casas-parets-del-valles.webp","properties_post_title":"venta casas parets del valles","properties_post_alt":"venta casas parets del valles"},{"properties_post_image_order":32,"properties_post_image_url":"https:\/\/movin.cloud\/empresas\/1885\/imagenes\/11247532\/casa-en-venta-parets-del-valles.webp","properties_post_image_url_thumbnail":"https:\/\/movin.cloud\/empresas\/1885\/imagenes\/thumbnails\/11247532\/casa-en-venta-parets-del-valles.webp","properties_post_title":"casa en venta parets del valles","properties_post_alt":"casa en venta parets del valles"},{"properties_post_image_order":33,"properties_post_image_url":"https:\/\/movin.cloud\/empresas\/1885\/imagenes\/11247532\/comprar-casa-parets-del-valles.webp","properties_post_image_url_thumbnail":"https:\/\/movin.cloud\/empresas\/1885\/imagenes\/thumbnails\/11247532\/comprar-casa-parets-del-valles.webp","properties_post_title":"comprar casa parets del valles","properties_post_alt":"comprar casa parets del valles"},{"properties_post_image_order":34,"properties_post_image_url":"https:\/\/movin.cloud\/empresas\/1885\/imagenes\/11247532\/casa-venta-parets-del-valles.webp","properties_post_image_url_thumbnail":"https:\/\/movin.cloud\/empresas\/1885\/imagenes\/thumbnails\/11247532\/casa-venta-parets-del-valles.webp","properties_post_title":"casa venta parets del valles","properties_post_alt":"casa venta parets del valles"},{"properties_post_image_order":35,"properties_post_image_url":"https:\/\/movin.cloud\/empresas\/1885\/imagenes\/11247532\/compra-parets-del-valles.webp","properties_post_image_url_thumbnail":"https:\/\/movin.cloud\/empresas\/1885\/imagenes\/thumbnails\/11247532\/compra-parets-del-valles.webp","properties_post_title":"compra parets del valles","properties_post_alt":"compra parets del valles"},{"properties_post_image_order":36,"properties_post_image_url":"https:\/\/movin.cloud\/empresas\/1885\/imagenes\/11247532\/venta-de-casa-parets-del-valles.webp","properties_post_image_url_thumbnail":"https:\/\/movin.cloud\/empresas\/1885\/imagenes\/thumbnails\/11247532\/venta-de-casa-parets-del-valles.webp","properties_post_title":"venta de casa parets del valles","properties_post_alt":"venta de casa parets del valles"},{"properties_post_image_order":37,"properties_post_image_url":"https:\/\/movin.cloud\/empresas\/1885\/imagenes\/11247532\/compra-para-idealistas-parets-del-valles.webp","properties_post_image_url_thumbnail":"https:\/\/movin.cloud\/empresas\/1885\/imagenes\/thumbnails\/11247532\/compra-para-idealistas-parets-del-valles.webp","properties_post_title":"compra para idealistas parets del valles","properties_post_alt":"compra para idealistas parets del valles"},{"properties_post_image_order":38,"properties_post_image_url":"https:\/\/movin.cloud\/empresas\/1885\/imagenes\/11247532\/foto-cas-parets-del-valles.webp","properties_post_image_url_thumbnail":"https:\/\/movin.cloud\/empresas\/1885\/imagenes\/thumbnails\/11247532\/foto-cas-parets-del-valles.webp","properties_post_title":"foto cas parets del valles","properties_post_alt":"foto cas parets del valles"},{"properties_post_image_order":39,"properties_post_image_url":"https:\/\/movin.cloud\/empresas\/1885\/imagenes\/11247532\/foto-casa-venta-parets-del-valles.webp","properties_post_image_url_thumbnail":"https:\/\/movin.cloud\/empresas\/1885\/imagenes\/thumbnails\/11247532\/foto-casa-venta-parets-del-valles.webp","properties_post_title":"foto casa venta parets del valles","properties_post_alt":"foto casa venta parets del valles"},{"properties_post_image_order":40,"properties_post_image_url":"https:\/\/movin.cloud\/empresas\/1885\/imagenes\/11247532\/casa-ideal-parets-del-valles.webp","properties_post_image_url_thumbnail":"https:\/\/movin.cloud\/empresas\/1885\/imagenes\/thumbnails\/11247532\/casa-ideal-parets-del-valles.webp","properties_post_title":"casa ideal parets del valles","properties_post_alt":"casa ideal parets del valles"}],"post_type_properties_post_videos":[{"properties_post_video_url":"https:\/\/www.youtube.com\/watch?v=daJliQMBFas","properties_post_video_order":"999"}],"post_type_properties_post_tour":null,"post_type_properties_post_dossier_url":"","post_type_properties_post_operation_type":"sale","post_type_properties_post_operation_price":365000,"post_type_properties_post_features_hidden_price":false},"yoast_head":"<!-- This site is optimized with the Yoast SEO plugin v27.4 - https:\/\/yoast.com\/product\/yoast-seo-wordpress\/ -->\n<title>Casa seminueva de 205m\u00b2 en Parets Pueblo - Forcadell<\/title>\n<meta name=\"robots\" content=\"index, follow, max-snippet:-1, max-image-preview:large, max-video-preview:-1\" \/>\n<link rel=\"canonical\" href=\"https:\/\/forcadell.com\/ca\/propiedades\/casa-seminueva-de-205m%c2%b2-en-parets-pueblo\/\" \/>\n<meta property=\"og:locale\" content=\"ca_ES\" \/>\n<meta property=\"og:type\" content=\"article\" \/>\n<meta property=\"og:title\" content=\"Casa seminueva de 205m\u00b2 en Parets Pueblo - Forcadell\" \/>\n<meta property=\"og:description\" content=\"Descubre esta espectacular casa seminueva, construida en 2005, ubicada en el coraz\u00f3n de Parets Pueblo, en una tranquila zona peatonal. Con una superficie total de 205m\u00b2, esta propiedad combina comodidad, amplitud y estilo. Planta baja: Dispone de un amplio garaje de 67m\u00b2 y una bodega de 15m\u00b2, ideal para los amantes del vino o como [&hellip;]\" \/>\n<meta property=\"og:url\" content=\"https:\/\/forcadell.com\/ca\/propiedades\/casa-seminueva-de-205m%c2%b2-en-parets-pueblo\/\" \/>\n<meta property=\"og:site_name\" content=\"Forcadell\" \/>\n<meta property=\"article:modified_time\" content=\"2026-05-01T13:04:52+00:00\" \/>\n<meta name=\"twitter:card\" content=\"summary_large_image\" \/>\n<meta name=\"twitter:label1\" content=\"Temps estimat de lectura\" \/>\n\t<meta name=\"twitter:data1\" content=\"1 minut\" \/>\n<!-- \/ Yoast SEO plugin. -->","yoast_head_json":{"title":"Casa seminueva de 205m\u00b2 en Parets Pueblo - Forcadell","robots":{"index":"index","follow":"follow","max-snippet":"max-snippet:-1","max-image-preview":"max-image-preview:large","max-video-preview":"max-video-preview:-1"},"canonical":"https:\/\/forcadell.com\/ca\/propiedades\/casa-seminueva-de-205m%c2%b2-en-parets-pueblo\/","og_locale":"ca_ES","og_type":"article","og_title":"Casa seminueva de 205m\u00b2 en Parets Pueblo - Forcadell","og_description":"Descubre esta espectacular casa seminueva, construida en 2005, ubicada en el coraz\u00f3n de Parets Pueblo, en una tranquila zona peatonal. Con una superficie total de 205m\u00b2, esta propiedad combina comodidad, amplitud y estilo. Planta baja: Dispone de un amplio garaje de 67m\u00b2 y una bodega de 15m\u00b2, ideal para los amantes del vino o como [&hellip;]","og_url":"https:\/\/forcadell.com\/ca\/propiedades\/casa-seminueva-de-205m%c2%b2-en-parets-pueblo\/","og_site_name":"Forcadell","article_modified_time":"2026-05-01T13:04:52+00:00","twitter_card":"summary_large_image","twitter_misc":{"Temps estimat de lectura":"1 minut"},"schema":{"@context":"https:\/\/schema.org","@graph":[{"@type":"WebPage","@id":"https:\/\/forcadell.com\/ca\/propiedades\/casa-seminueva-de-205m%c2%b2-en-parets-pueblo\/","url":"https:\/\/forcadell.com\/ca\/propiedades\/casa-seminueva-de-205m%c2%b2-en-parets-pueblo\/","name":"Casa seminueva de 205m\u00b2 en Parets Pueblo - Forcadell","isPartOf":{"@id":"https:\/\/forcadell.com\/ca\/#website"},"datePublished":"2025-11-04T13:10:24+00:00","dateModified":"2026-05-01T13:04:52+00:00","breadcrumb":{"@id":"https:\/\/forcadell.com\/ca\/propiedades\/casa-seminueva-de-205m%c2%b2-en-parets-pueblo\/#breadcrumb"},"inLanguage":"ca","potentialAction":[{"@type":"ReadAction","target":["https:\/\/forcadell.com\/ca\/propiedades\/casa-seminueva-de-205m%c2%b2-en-parets-pueblo\/"]}]},{"@type":"BreadcrumbList","@id":"https:\/\/forcadell.com\/ca\/propiedades\/casa-seminueva-de-205m%c2%b2-en-parets-pueblo\/#breadcrumb","itemListElement":[{"@type":"ListItem","position":1,"name":"Portada","item":"https:\/\/forcadell.com\/ca\/"},{"@type":"ListItem","position":2,"name":"Properties","item":"https:\/\/forcadell.com\/ca\/propiedades\/"},{"@type":"ListItem","position":3,"name":"Casa seminueva de 205m\u00b2 en Parets Pueblo"}]},{"@type":"WebSite","@id":"https:\/\/forcadell.com\/ca\/#website","url":"https:\/\/forcadell.com\/ca\/","name":"Forcadell","description":"Inmobiliaria Barcelona | Consultores inmobiliarios","potentialAction":[{"@type":"SearchAction","target":{"@type":"EntryPoint","urlTemplate":"https:\/\/forcadell.com\/ca\/?s={search_term_string}"},"query-input":{"@type":"PropertyValueSpecification","valueRequired":true,"valueName":"search_term_string"}}],"inLanguage":"ca"}]}},"_links":{"self":[{"href":"https:\/\/forcadell.com\/ca\/wp-json\/wp\/v2\/properties_post\/56784","targetHints":{"allow":["GET"]}}],"collection":[{"href":"https:\/\/forcadell.com\/ca\/wp-json\/wp\/v2\/properties_post"}],"about":[{"href":"https:\/\/forcadell.com\/ca\/wp-json\/wp\/v2\/types\/properties_post"}],"wp:attachment":[{"href":"https:\/\/forcadell.com\/ca\/wp-json\/wp\/v2\/media?parent=56784"}],"curies":[{"name":"wp","href":"https:\/\/api.w.org\/{rel}","templated":true}]}}