{"id":56727,"date":"2025-11-04T15:06:41","date_gmt":"2025-11-04T13:06:41","guid":{"rendered":"https:\/\/www.forcadell.com\/propiedades\/exclusiva-casa-de-377-m%c2%b2-con-diseno-unico-en-lametlla-del-valles\/"},"modified":"2026-05-01T15:00:51","modified_gmt":"2026-05-01T13:00:51","slug":"exclusiva-casa-de-377-m%c2%b2-con-diseno-unico-en-lametlla-del-valles","status":"publish","type":"properties_post","link":"https:\/\/forcadell.com\/ca\/propiedades\/exclusiva-casa-de-377-m%c2%b2-con-diseno-unico-en-lametlla-del-valles\/","title":{"rendered":"Exclusiva casa de 377 m\u00b2 con dise\u00f1o \u00fanico en l&#8217;Ametlla del Vall\u00e8s"},"content":{"rendered":"<p>Forcadell presenta en exclusiva esta casa con dise\u00f1o \u00fanico del reconocido arquitecto Dr. Estanilao Roca Blanch. Su espectacular dise\u00f1o permite que se combine la elegancia y la est\u00e9tica de la estructura con la luminosidad y funcionalidad de los espacios.<br \/>\nLa propiedad est\u00e1 en un enclave privilegiado de L\u2019Ametlla del Vall\u00e9s en la Urbanizaci\u00f3n Les Roquetes. Dispone de 2501 m\u00b2 distribuidos en zona de bosque, jard\u00edn y piscina. Tiene todo para disfrutar de la tranquilidad y la calma. Ideal para los amantes de la naturaleza. Adem\u00e1s, cuenta con zona de barbacoa en la parte exterior al lado del porche para disfrutar de comidas con familiares y amigos, cerca de la piscina.<\/p>\n<p>La zona de la piscina, el terreno es plano y esta rodea de c\u00e9sped natural. Est\u00e1 delimitado en gran parte por el muro de la valla y tiene cerco vivo que le proporciona intimidad. Tambi\u00e9n cuenta con un toldo hecho a medida con forma est\u00e9tica y alta resistencia, est\u00e1 tensado con cables de alta seguridad para dar sombra y disfrutar de la piscina.<\/p>\n<p>La construcci\u00f3n es s\u00f3lida y est\u00e1 realizada con delicadeza, cada elemento est\u00e1 puesto en su posici\u00f3n correcta, cada ladrillo, cada viga est\u00e1 perfectamente alineada. La parcela es esquinera por una calle, tiene la entrada al garaje de invitados y dos entradas peatonales y por la otra calle tiene la entrada al otro p\u00e1rquing y un acceso grande para el personal de mantenimiento.<\/p>\n<p>En la primera planta se accede al recibidor de 25 m\u00b2 con techos altos e iluminaci\u00f3n natural, que funciona como un distribuidor de las otras estancias, este espacio cuenta con una bonita fuente que hace sentir la relajante experiencia del sonido del agua. Delante y a la derecha encontramos el sal\u00f3n y el comedor, diferenciando cada estancia con un peque\u00f1o desnivel, toda la estancia est\u00e1 rodeada ventanales con vistas al jard\u00edn con salida directa al porche que recorre la casa. Desde el recibidor y el comedor accedemos a la cocina independiente de 30 m\u00b2 con lavadero, que cuenta con una fant\u00e1stica chimenea para disfrutar en los d\u00edas de invierno, o simplemente cocinar en las brasas. Esta planta cuenta con un ba\u00f1o con ducha, una gran sala de estar con salida directa a un porche con barbacoa, y acceso a la piscina. Este espacio podr\u00eda ser un dormitorio m\u00e1s si se deseara. Desde esa sala de estar, tenemos acceso a un gimnasio generoso, con suelos de madera e iluminaci\u00f3n natural en los frontales, que invitan hacer ejercicio y fortalecer el cuerpo.<\/p>\n<p>En la segunda planta, encontramos 4 habitaciones, la principal es amplia y con detalles caracter\u00edsticos de la arquitectura de la casa, un techo curvado y con una l\u00ednea de iluminaci\u00f3n indirecta. A su lado un amplio ba\u00f1o con ba\u00f1era redonda y una habitaci\u00f3n vestidor. Los otros dos dormitorios son dobles con armarios empotrados para los que da servicio otro ba\u00f1o con cuatro piezas con ba\u00f1era. Al fondo de esta segunda planta hay una biblioteca con un estudio de 34 m\u00b2, ideal para concentrarse en la lectura y los estudios. Todas las habitaciones tienen salida a la terraza que conecta con una escalera exterior de un solo tramo. Su dise\u00f1o hace que la parte superior sea peque\u00f1a y a medida que se desciende se va ensanchando pelda\u00f1o a pelda\u00f1o hasta llegar al jard\u00edn con acceso directo a la piscina.<\/p>\n<p>La tercera estancia se accede por una escalera de caracol donde se encuentra el tercer sal\u00f3n y un estudio. Desde esta estancia se sale a una gran terraza sol\u00e1rium, con vistas despejadas a todo el Vall\u00e9s, y con acceso a un taller o trastero adicional.<br \/>\nEl dise\u00f1o de la casa permite que todas las estancias principales est\u00e9n orientadas a sur, rodeada de c\u00e9sped, y amplias \u00e1reas verdes. Mientras que la parte norte da al bosque privativo.<\/p>\n<p>La vivienda incluye extras adicionales, que determinan detalles que combinan el lujo, la seguridad y el confort, como puertas de seguridad, sistema de alarma interior y perif\u00e9rica, carpinter\u00eda de madera con vidrios dobles climalit, aerotermia con fancoils (cada habitaci\u00f3n tiene regulador de temperatura independiente), armarios empotrados, pozo de agua de buena calidad, jard\u00edn con riego autom\u00e1tico, piscina de agua salada, puertas automatizadas, aspiraci\u00f3n centralizada, fachada y jard\u00edn iluminados y materiales de primeras calidades. Sala de m\u00e1quinas y dep\u00f3sito de agua de 1.000L. Las reservas de agua proporcionan tranquilidad a\u00fan en \u00e9poca de sequ\u00eda.<\/p>\n<p>Situada en una de las mejores zonas residenciales de L&#8217;Ametlla del Vall\u00e8s, muy cerca de los colegios internacionales SEK y ISCAT en La Garriga y a 30 km de la ciudad de Barcelona y a pocos minutos en coche de Granollers, &#8220;La Roca Village&#8221; y la zona mar\u00edtima del Maresme y Costa Brava. La vivienda est\u00e1 situada a un paseo a pie del centro de L\u00b4Ametlla y cerca de centros comerciales, hospitales y servicios urbanos.<\/p>\n<p>Estado de la vivienda: En buen estado<br \/>\nSuperficie \u00fatil: 229,51m\u00b2<br \/>\nSuperficie construida: 377m\u00b2<br \/>\nCHB0612631****<br \/>\nITP: Tipo vigente<br \/>\nGastos notariales y registrales seg\u00fan arancel<br \/>\nN\u00famero AICAT: 163<br \/>\nN\u00famero API: 1646<\/p>\n","protected":false},"template":"","class_list":["post-56727","properties_post","type-properties_post","status-publish","hentry","properties_modality-sale","properties_province-barcelona","properties_state-lametlla-del-valles","properties_subclass-casa-unifamiliar-aislada","properties_type-casa"],"acf":{"post_type_properties_post_property_code":"11245617","post_type_properties_post_property_reference":"GRA_2973","post_type_properties_post_owner_id":"5111","post_type_properties_post_owner_name":"Pere Bosch Marcet","post_type_properties_post_property_code_encrypted":"MjQ5JDMwMTg0","post_type_properties_post_published":"1","post_type_properties_post_property_visibility":"idealista","post_type_properties_post_contact_name":"Forcadell Granollers","post_type_properties_post_contact_email":"forcadell.granollers@movin.cloud","post_type_properties_post_contact_primary_phone_prefix":"34","post_type_properties_post_contact_primary_phone_number":"934965408","post_type_properties_post_address_visibility":"street","post_type_properties_post_address_country":"Spain","post_type_properties_post_address_coordinates_precision":"exact","post_type_properties_post_address_postal_code":"08480","post_type_properties_post_address_coordinates_latitude":"41.6720723","post_type_properties_post_address_coordinates_longitude":"2.2520877","post_type_properties_post_address_street_name":"c\/ Soleia ","post_type_properties_post_address_floor":"","post_type_properties_post_address_town":"l'Ametlla del Vall\u00e8s","post_type_properties_post_building":null,"post_type_properties_post_property":[{"properties_post_description_language":"catalan","properties_post_title":"Exclusiva casa de 377 m\u00b2 amb disseny \u00fanic a l'Ametlla del Vall\u00e8s","properties_post_short_description_text_alt":"","properties_post_description_text_alt":"","properties_post_short_description_text":"Exclusiva casa de 377 m\u00b2 amb disseny \u00fanic a l'Ametlla del Vall\u00e8s","properties_post_link_demanda_inmueble":"https:\/\/movin.cloud\/ca\/Forcadell Granollers\/formulari-peticio-immoble\/sth\/726&&11245617","properties_post_link_demanda_calendario_inmueble":"https:\/\/movin.cloud\/ca\/Forcadell Granollers\/calendari-peticio-immoble\/sth\/726&&11245617","properties_post_description_text":"Forcadell presenta en exclusiva aquesta casa amb disseny \u00fanic del reconegut arquitecte Dr. Estanislau Roca Blanch. El seu espectacular disseny permet combinar l\u2019eleg\u00e0ncia i l\u2019est\u00e8tica de l\u2019estructura amb la lluminositat i la funcionalitat dels espais.\nLa propietat est\u00e0 en un enclavament privilegiat de L\u2019Ametlla del Vall\u00e8s a la Urbanitzaci\u00f3 Les Roquetes. Disposa de 2501 m\u00b2 distribu\u00efts en zona de bosc, jard\u00ed i piscina. Ho t\u00e9 tot per gaudir de la tranquil\u00b7litat i la calma. Ideal per als amants de la natura. A m\u00e9s, compta amb una zona de barbacoa a l'exterior al costat del porxo per gaudir de menjars amb familiars i amics, prop de la piscina.\n\nLa zona de la piscina, el terreny \u00e9s pla i est\u00e0 envoltat de gespa natural. Est\u00e0 delimitat en gran part per un mur de la tanca i t\u00e9 una tanca viva que li proporciona intimitat. Tamb\u00e9 compta amb un tendal fet a mida amb forma est\u00e8tica i alta resist\u00e8ncia, est\u00e0 tensat amb cables d'alta seguretat per donar ombra i gaudir de la piscina.\n\nLa construcci\u00f3 \u00e9s s\u00f2lida i est\u00e0 realitzada amb delicadesa, cada element est\u00e0 posat en la seva posici\u00f3 correcta, cada totxo, cada biga est\u00e0 perfectament alineada. La parcel\u00b7la \u00e9s cantonera per un carrer, t\u00e9 l'entrada al garatge de convidats i dues entrades per a vianants i per l'altre carrer t\u00e9 l'entrada a l'altre p\u00e0rquing i un acc\u00e9s gran per al personal de manteniment.\n\nA la primera planta s\u2019accedeix al rebedor de 25 m\u00b2 amb sostres alts i il\u00b7luminaci\u00f3 natural, que funciona com a distribu\u00efdor de les altres estances, aquest espai compta amb una bonica font que fa sentir la relaxant experi\u00e8ncia del so de l\u2019aigua. Davant i a la dreta trobem la sala d\u2019estar i el menjador, diferenciant cada estan\u00e7a amb un petit desnivell, tota l\u2019estan\u00e7a est\u00e0 envoltada de finestrals amb vista al jard\u00ed amb sortida directa al porxo que recorre la casa. Des del rebedor i el menjador accedim a la cuina independent de 30 m\u00b2 amb safareig, que compta amb una fant\u00e0stica xemeneia per gaudir dels dies d\u2019hivern, o simplement cuinar a les brases. Aquesta planta compta amb un bany amb dutxa, una gran sala d\u2019estar amb sortida directa a un porxo amb barbacoa, i acc\u00e9s a la piscina. Aquest espai podria ser un dormitori m\u00e9s si es desitja. Des d\u2019aquesta sala d\u2019estar, tenim acc\u00e9s a un gimn\u00e0s gener\u00f3s, amb terres de fusta i il\u00b7luminaci\u00f3 natural als frontals, que conviden a fer exercici i enfortir el cos.\n\nA la segona planta, trobem 4 habitacions, la principal \u00e9s \u00e0mplia i amb detalls caracter\u00edstics de l'arquitectura de la casa, un sostre corbat i amb una l\u00ednia d'il\u00b7luminaci\u00f3 indirecta. Al seu costat un ampli bany amb banyera rodona i una habitaci\u00f3 vestidor. Els altres dos dormitoris s\u00f3n dobles amb armaris encastats per als quals dona servei un altre bany amb quatre peces amb banyera. Al fons d\u2019aquesta segona planta hi ha una biblioteca amb un estudi de 34 m\u00b2, ideal per concentrar-se en la lectura i els estudis. Totes les habitacions tenen sortida a la terrassa que connecta amb una escala exterior d\u2019un sol tram. El seu disseny fa que la part superior sigui petita i a mesura que es descendeix es va eixamplant esgla\u00f3 a esgla\u00f3 fins a arribar al jard\u00ed amb acc\u00e9s directe a la piscina.\n\nLa tercera estan\u00e7a s\u2019accedeix per una escala de caragol on es troba el tercer sal\u00f3 i un estudi. Des d\u2019aquesta estan\u00e7a se surt a una gran terrassa sol\u00e0rium, amb vistes clares a tot el Vall\u00e8s, i amb acc\u00e9s a un taller o traster addicional.\nEl disseny de la casa permet que totes les estances principals estiguin orientades al sud, envoltada de gespa, i \u00e0mplies \u00e0rees verdes. Mentre que la part nord dona al bosc privatiu.\n\nL\u2019habitatge inclou extres addicionals, que determinen detalls que combinen el luxe, la seguretat i el confort, com portes de seguretat, sistema d\u2019alarma interior i perimetral, fusteria de fusta amb vidres dobles climalit, aerot\u00e8rmia amb fancoils (cada habitaci\u00f3 t\u00e9 regulador de temperatura independent), armaris encastats, pou d\u2019aigua de bona qualitat, jard\u00ed amb reg autom\u00e0tic, piscina d\u2019aigua salada, portes automatitzades, aspiraci\u00f3 centralitzada, fa\u00e7ana i jard\u00ed il\u00b7luminats i materials de primeres qualitats. Sala de m\u00e0quines i dip\u00f2sit d\u2019aigua de 1.000 L. Les reserves d\u2019aigua proporcionen tranquil\u00b7litat fins i tot en \u00e8poca de sequera.\n\nSituada en una de les millors zones residencials de L\u2019Ametlla del Vall\u00e8s, molt a prop de les escoles internacionals SEK i ISCAT a la Garriga i a 30 km de la ciutat de Barcelona i a pocs minuts en cotxe de Granollers, \"La Roca Village\" i la zona mar\u00edtima del Maresme i Costa Brava. L\u2019habitatge est\u00e0 situat a un passeig a peu del centre de L'Ametlla i a prop de centres comercials, hospitals i serveis urbans.\n\nEstat de l\u2019habitatge: En bon estat\nSuperf\u00edcie \u00fatil: 229,51 m\u00b2\nSuperf\u00edcie constru\u00efda: 377 m\u00b2\nCHB0612631****\nITP: Tipus vigent\nDespeses notarials i registrals segons aranzel\nN\u00famero AICAT: 163\nN\u00famero API: 1646","properties_post_seo_title":"","properties_post_seo_alias":"","properties_post_seo_metadescription":"","properties_post_seo_key_words":"","properties_post_seo_url":"","properties_post_terms_conditions":""},{"properties_post_description_language":"spanish","properties_post_title":"Exclusiva casa de 377 m\u00b2 con dise\u00f1o \u00fanico en l'Ametlla del Vall\u00e8s","properties_post_short_description_text_alt":"","properties_post_description_text_alt":"","properties_post_short_description_text":"Exclusiva casa de 377 m\u00b2 con dise\u00f1o \u00fanico en l'Ametlla del Vall\u00e8s","properties_post_link_demanda_inmueble":"https:\/\/movin.cloud\/es\/Forcadell Granollers\/formulario-peticion-inmueble\/sth\/726&&11245617","properties_post_link_demanda_calendario_inmueble":"https:\/\/movin.cloud\/es\/Forcadell Granollers\/calendario-peticion-inmueble\/sth\/726&&11245617","properties_post_description_text":"Forcadell presenta en exclusiva esta casa con dise\u00f1o \u00fanico del reconocido arquitecto Dr. Estanilao Roca Blanch. Su espectacular dise\u00f1o permite que se combine la elegancia y la est\u00e9tica de la estructura con la luminosidad y funcionalidad de los espacios.\nLa propiedad est\u00e1 en un enclave privilegiado de L\u2019Ametlla del Vall\u00e9s en la Urbanizaci\u00f3n Les Roquetes. Dispone de 2501 m\u00b2 distribuidos en zona de bosque, jard\u00edn y piscina. Tiene todo para disfrutar de la tranquilidad y la calma. Ideal para los amantes de la naturaleza. Adem\u00e1s, cuenta con zona de barbacoa en la parte exterior al lado del porche para disfrutar de comidas con familiares y amigos, cerca de la piscina.\n\nLa zona de la piscina, el terreno es plano y esta rodea de c\u00e9sped natural. Est\u00e1 delimitado en gran parte por el muro de la valla y tiene cerco vivo que le proporciona intimidad. Tambi\u00e9n cuenta con un toldo hecho a medida con forma est\u00e9tica y alta resistencia, est\u00e1 tensado con cables de alta seguridad para dar sombra y disfrutar de la piscina.\n\nLa construcci\u00f3n es s\u00f3lida y est\u00e1 realizada con delicadeza, cada elemento est\u00e1 puesto en su posici\u00f3n correcta, cada ladrillo, cada viga est\u00e1 perfectamente alineada. La parcela es esquinera por una calle, tiene la entrada al garaje de invitados y dos entradas peatonales y por la otra calle tiene la entrada al otro p\u00e1rquing y un acceso grande para el personal de mantenimiento.\n\nEn la primera planta se accede al recibidor de 25 m\u00b2 con techos altos e iluminaci\u00f3n natural, que funciona como un distribuidor de las otras estancias, este espacio cuenta con una bonita fuente que hace sentir la relajante experiencia del sonido del agua. Delante y a la derecha encontramos el sal\u00f3n y el comedor, diferenciando cada estancia con un peque\u00f1o desnivel, toda la estancia est\u00e1 rodeada ventanales con vistas al jard\u00edn con salida directa al porche que recorre la casa. Desde el recibidor y el comedor accedemos a la cocina independiente de 30 m\u00b2 con lavadero, que cuenta con una fant\u00e1stica chimenea para disfrutar en los d\u00edas de invierno, o simplemente cocinar en las brasas. Esta planta cuenta con un ba\u00f1o con ducha, una gran sala de estar con salida directa a un porche con barbacoa, y acceso a la piscina. Este espacio podr\u00eda ser un dormitorio m\u00e1s si se deseara. Desde esa sala de estar, tenemos acceso a un gimnasio generoso, con suelos de madera e iluminaci\u00f3n natural en los frontales, que invitan hacer ejercicio y fortalecer el cuerpo.\n\nEn la segunda planta, encontramos 4 habitaciones, la principal es amplia y con detalles caracter\u00edsticos de la arquitectura de la casa, un techo curvado y con una l\u00ednea de iluminaci\u00f3n indirecta. A su lado un amplio ba\u00f1o con ba\u00f1era redonda y una habitaci\u00f3n vestidor. Los otros dos dormitorios son dobles con armarios empotrados para los que da servicio otro ba\u00f1o con cuatro piezas con ba\u00f1era. Al fondo de esta segunda planta hay una biblioteca con un estudio de 34 m\u00b2, ideal para concentrarse en la lectura y los estudios. Todas las habitaciones tienen salida a la terraza que conecta con una escalera exterior de un solo tramo. Su dise\u00f1o hace que la parte superior sea peque\u00f1a y a medida que se desciende se va ensanchando pelda\u00f1o a pelda\u00f1o hasta llegar al jard\u00edn con acceso directo a la piscina.\n\nLa tercera estancia se accede por una escalera de caracol donde se encuentra el tercer sal\u00f3n y un estudio. Desde esta estancia se sale a una gran terraza sol\u00e1rium, con vistas despejadas a todo el Vall\u00e9s, y con acceso a un taller o trastero adicional.\nEl dise\u00f1o de la casa permite que todas las estancias principales est\u00e9n orientadas a sur, rodeada de c\u00e9sped, y amplias \u00e1reas verdes. Mientras que la parte norte da al bosque privativo.\n\nLa vivienda incluye extras adicionales, que determinan detalles que combinan el lujo, la seguridad y el confort, como puertas de seguridad, sistema de alarma interior y perif\u00e9rica, carpinter\u00eda de madera con vidrios dobles climalit, aerotermia con fancoils (cada habitaci\u00f3n tiene regulador de temperatura independiente), armarios empotrados, pozo de agua de buena calidad, jard\u00edn con riego autom\u00e1tico, piscina de agua salada, puertas automatizadas, aspiraci\u00f3n centralizada, fachada y jard\u00edn iluminados y materiales de primeras calidades. Sala de m\u00e1quinas y dep\u00f3sito de agua de 1.000L. Las reservas de agua proporcionan tranquilidad a\u00fan en \u00e9poca de sequ\u00eda.\n\nSituada en una de las mejores zonas residenciales de L'Ametlla del Vall\u00e8s, muy cerca de los colegios internacionales SEK y ISCAT en La Garriga y a 30 km de la ciudad de Barcelona y a pocos minutos en coche de Granollers, \"La Roca Village\" y la zona mar\u00edtima del Maresme y Costa Brava. La vivienda est\u00e1 situada a un paseo a pie del centro de L\u00b4Ametlla y cerca de centros comerciales, hospitales y servicios urbanos.\n\n\nEstado de la vivienda: En buen estado \nSuperficie \u00fatil: 229,51m\u00b2\nSuperficie construida: 377m\u00b2\nCHB0612631****\nITP: Tipo vigente\nGastos notariales y registrales seg\u00fan arancel\nN\u00famero AICAT: 163\nN\u00famero API: 1646\n","properties_post_seo_title":"","properties_post_seo_alias":"","properties_post_seo_metadescription":"","properties_post_seo_key_words":"","properties_post_seo_url":"","properties_post_terms_conditions":""},{"properties_post_description_language":"english","properties_post_title":"Exclusive 377 m\u00b2 house with a unique design in l'Ametlla del Vall\u00e8s","properties_post_short_description_text_alt":"","properties_post_description_text_alt":"","properties_post_short_description_text":"Exclusive 377 m\u00b2 house with a unique design in l'Ametlla del Vall\u00e8s","properties_post_link_demanda_inmueble":"https:\/\/movin.cloud\/en\/Forcadell Granollers\/property-form-request\/sth\/726&&11245617","properties_post_link_demanda_calendario_inmueble":"https:\/\/movin.cloud\/en\/Forcadell Granollers\/property-calendar-request\/sth\/726&&11245617","properties_post_description_text":"Forcadell exclusively presents this house with a unique design by the renowned architect Dr. Estanilao Roca Blanch. Its spectacular design combines the elegance and aesthetics of the structure with the brightness and functionality of the spaces.\nThe property is in a privileged enclave of L\u2019Ametlla del Vall\u00e8s in the Les Roquetes Urbanization. It has, 2501 m\u00b2 distributed among forest area, garden, and pool. It has everything to enjoy tranquility and calm. Ideal for nature lovers. Additionally, it has a barbecue area outside next to the porch to enjoy meals with family and friends, near the pool.\n\nIn the pool area, the terrain is flat and surrounded by natural grass. It is largely bounded by the fence wall and has a live fence that provides privacy. It also features a custom-made awning with an aesthetic shape and high resistance, tensioned with high-security cables to provide shade and enjoy the pool.\n\nThe construction is solid and delicately made, with each element in its correct position, each brick, each beam perfectly aligned. The corner plot has a street entrance to the guest garage and two pedestrian entrances, and on the other street, it has the entrance to another parking area and large access for maintenance personnel.\n\nOn the first floor, there is a 25 m\u00b2 hall with high ceilings and natural lighting, functioning as a distributor for other rooms. This space has a beautiful fountain that provides the relaxing experience of the sound of water. In front and to the right, we find the living room and dining room, differentiating each space with a small drop. The entire room is surrounded by windows with garden views and direct access to the porch that runs around the house. From the hall and dining room, we access the independent 30 m\u00b2 kitchen with a laundry room, featuring a fantastic fireplace to enjoy in winter or simply cook over the embers. This floor has a bathroom with a shower, a large living room with direct access to a porch with a barbecue, and access to the pool. This space could be another bedroom if desired. From this living room, we have access to a generous gym with wooden floors and natural lighting at the fronts, inviting exercise and body strengthening.\n\nOn the second floor, there are 4 bedrooms, the main one being spacious with characteristic details of the house's architecture, a curved ceiling with an indirect lighting line. Next to it, a large bathroom with a round bathtub and a walk-in closet. The other two bedrooms are double with built-in wardrobes, served by another bathroom with four pieces and a bathtub. At the end of this second floor, there is a library with a 34 m\u00b2 study, ideal for focusing on reading and studying. All rooms have access to the terrace, connected by an exterior staircase with a single section. Its design makes the upper part small, widening step by step until reaching the garden with direct access to the pool.\n\nThe third floor is accessed by a spiral staircase, where the third living room and a study are located. From this room, you go out to a large solarium terrace, with clear views of the entire Vall\u00e8s, and with access to an additional workshop or storage room.\nThe house's design allows all main rooms to be south-facing, surrounded by grass and extensive green areas. The north side faces the private forest.\n\nThe house includes additional extras, featuring details combining luxury, security, and comfort, such as security doors, interior and perimeter alarm system, wooden carpentry with double glazing, aero thermal with fan coils (each room has an independent temperature regulator), built-in wardrobes, good quality water well, garden with automatic irrigation, saltwater pool, automated doors, centralized vacuum, illuminated facade and garden, and top-quality materials. Machine room and 1,000 L water tank. The water reserves provide peace of mind even during droughts.\n\nLocated in one of the best residential areas of L'Ametlla del Vall\u00e8s, very close to the SEK and ISCAT international schools in La Garriga and 30 km from the city of Barcelona and a few minutes by car from Granollers, \"La Roca Village\" and the coastal area of Maresme and Costa Brava. The house is within walking distance of the center of L\u2019Ametlla and close to shopping centers, hospitals, and urban services.\n\nProperty condition: In good condition\nUsable area: 229.51 m\u00b2\nBuilt area: 377 m\u00b2\nCHB0612631****\nITP (Property Transfer Tax): Current rate applicable\nNotary and land registry fees according to official tariff\nAICAT number: 163\nAPI number: 1646","properties_post_seo_title":"","properties_post_seo_alias":"","properties_post_seo_metadescription":"","properties_post_seo_key_words":"","properties_post_seo_url":"","properties_post_terms_conditions":""}],"post_type_properties_post_features_type":"house","post_type_properties_post_id_building":"","post_type_properties_post_features_area_constructed":377,"post_type_properties_post_features_conditioned_air":true,"post_type_properties_post_features_doorman":false,"post_type_properties_post_features_heating":true,"post_type_properties_post_features_equipped_kitchen":false,"post_type_properties_post_features_windows_location":"interior","post_type_properties_post_features_floors_property":false,"post_type_properties_post_features_storage":true,"post_type_properties_post_features_security_door":false,"post_type_properties_post_features_energy_certificate_rating":"C","post_type_properties_post_features_energy_certificate_emissions_rating":"C","post_type_properties_post_features_energy_certificate_emissions_value":14,"post_type_properties_post_features_energy_certificate_performance":85,"post_type_properties_post_features_bathroom_inside":false,"post_type_properties_post_precio":1047000,"post_type_properties_post_precio_alquiler":1047000,"post_type_properties_post_record_type_id":"Casa","post_type_properties_post_categoria__producto":"Casa Unifamiliar Aislada","post_type_properties_post_amueblado":false,"post_type_properties_post_precio_m2":2777.19,"post_type_properties_post_zona__comunitaria":false,"post_type_properties_post_electrodomesticos":false,"post_type_properties_post_patio__interior":true,"post_type_properties_post_certificado_energetico_general":"C","post_type_properties_post_certificado_energetico_consumo":"C","post_type_properties_post_certificado_energetico_valor_emisiones":14,"post_type_properties_post_certificado_energetico_valor_consumo":85,"post_type_properties_post_modalidad":"sale","post_type_properties_post_provincia":"Barcelona","post_type_properties_post_poblacion":"l'Ametlla del Vall\u00e8s","post_type_properties_post_centro__urbano":true,"post_type_properties_post_zonificacion":"","post_type_properties_post_cartera":"","post_type_properties_post_titulo_catalan":"Exclusiva casa de 377 m\u00b2 amb disseny \u00fanic a l'Ametlla del Vall\u00e8s","post_type_properties_post_internet_catalan":"Forcadell presenta en exclusiva aquesta casa amb disseny \u00fanic del reconegut arquitecte Dr. Estanislau Roca Blanch. El seu espectacular disseny permet combinar l\u2019eleg\u00e0ncia i l\u2019est\u00e8tica de l\u2019estructura amb la lluminositat i la funcionalitat dels espais.\nLa propietat est\u00e0 en un enclavament privilegiat de L\u2019Ametlla del Vall\u00e8s a la Urbanitzaci\u00f3 Les Roquetes. Disposa de 2501 m\u00b2 distribu\u00efts en zona de bosc, jard\u00ed i piscina. Ho t\u00e9 tot per gaudir de la tranquil\u00b7litat i la calma. Ideal per als amants de la natura. A m\u00e9s, compta amb una zona de barbacoa a l'exterior al costat del porxo per gaudir de menjars amb familiars i amics, prop de la piscina.\n\nLa zona de la piscina, el terreny \u00e9s pla i est\u00e0 envoltat de gespa natural. Est\u00e0 delimitat en gran part per un mur de la tanca i t\u00e9 una tanca viva que li proporciona intimitat. Tamb\u00e9 compta amb un tendal fet a mida amb forma est\u00e8tica i alta resist\u00e8ncia, est\u00e0 tensat amb cables d'alta seguretat per donar ombra i gaudir de la piscina.\n\nLa construcci\u00f3 \u00e9s s\u00f2lida i est\u00e0 realitzada amb delicadesa, cada element est\u00e0 posat en la seva posici\u00f3 correcta, cada totxo, cada biga est\u00e0 perfectament alineada. La parcel\u00b7la \u00e9s cantonera per un carrer, t\u00e9 l'entrada al garatge de convidats i dues entrades per a vianants i per l'altre carrer t\u00e9 l'entrada a l'altre p\u00e0rquing i un acc\u00e9s gran per al personal de manteniment.\n\nA la primera planta s\u2019accedeix al rebedor de 25 m\u00b2 amb sostres alts i il\u00b7luminaci\u00f3 natural, que funciona com a distribu\u00efdor de les altres estances, aquest espai compta amb una bonica font que fa sentir la relaxant experi\u00e8ncia del so de l\u2019aigua. Davant i a la dreta trobem la sala d\u2019estar i el menjador, diferenciant cada estan\u00e7a amb un petit desnivell, tota l\u2019estan\u00e7a est\u00e0 envoltada de finestrals amb vista al jard\u00ed amb sortida directa al porxo que recorre la casa. Des del rebedor i el menjador accedim a la cuina independent de 30 m\u00b2 amb safareig, que compta amb una fant\u00e0stica xemeneia per gaudir dels dies d\u2019hivern, o simplement cuinar a les brases. Aquesta planta compta amb un bany amb dutxa, una gran sala d\u2019estar amb sortida directa a un porxo amb barbacoa, i acc\u00e9s a la piscina. Aquest espai podria ser un dormitori m\u00e9s si es desitja. Des d\u2019aquesta sala d\u2019estar, tenim acc\u00e9s a un gimn\u00e0s gener\u00f3s, amb terres de fusta i il\u00b7luminaci\u00f3 natural als frontals, que conviden a fer exercici i enfortir el cos.\n\nA la segona planta, trobem 4 habitacions, la principal \u00e9s \u00e0mplia i amb detalls caracter\u00edstics de l'arquitectura de la casa, un sostre corbat i amb una l\u00ednia d'il\u00b7luminaci\u00f3 indirecta. Al seu costat un ampli bany amb banyera rodona i una habitaci\u00f3 vestidor. Els altres dos dormitoris s\u00f3n dobles amb armaris encastats per als quals dona servei un altre bany amb quatre peces amb banyera. Al fons d\u2019aquesta segona planta hi ha una biblioteca amb un estudi de 34 m\u00b2, ideal per concentrar-se en la lectura i els estudis. Totes les habitacions tenen sortida a la terrassa que connecta amb una escala exterior d\u2019un sol tram. El seu disseny fa que la part superior sigui petita i a mesura que es descendeix es va eixamplant esgla\u00f3 a esgla\u00f3 fins a arribar al jard\u00ed amb acc\u00e9s directe a la piscina.\n\nLa tercera estan\u00e7a s\u2019accedeix per una escala de caragol on es troba el tercer sal\u00f3 i un estudi. Des d\u2019aquesta estan\u00e7a se surt a una gran terrassa sol\u00e0rium, amb vistes clares a tot el Vall\u00e8s, i amb acc\u00e9s a un taller o traster addicional.\nEl disseny de la casa permet que totes les estances principals estiguin orientades al sud, envoltada de gespa, i \u00e0mplies \u00e0rees verdes. Mentre que la part nord dona al bosc privatiu.\n\nL\u2019habitatge inclou extres addicionals, que determinen detalls que combinen el luxe, la seguretat i el confort, com portes de seguretat, sistema d\u2019alarma interior i perimetral, fusteria de fusta amb vidres dobles climalit, aerot\u00e8rmia amb fancoils (cada habitaci\u00f3 t\u00e9 regulador de temperatura independent), armaris encastats, pou d\u2019aigua de bona qualitat, jard\u00ed amb reg autom\u00e0tic, piscina d\u2019aigua salada, portes automatitzades, aspiraci\u00f3 centralitzada, fa\u00e7ana i jard\u00ed il\u00b7luminats i materials de primeres qualitats. Sala de m\u00e0quines i dip\u00f2sit d\u2019aigua de 1.000 L. Les reserves d\u2019aigua proporcionen tranquil\u00b7litat fins i tot en \u00e8poca de sequera.\n\nSituada en una de les millors zones residencials de L\u2019Ametlla del Vall\u00e8s, molt a prop de les escoles internacionals SEK i ISCAT a la Garriga i a 30 km de la ciutat de Barcelona i a pocs minuts en cotxe de Granollers, \"La Roca Village\" i la zona mar\u00edtima del Maresme i Costa Brava. L\u2019habitatge est\u00e0 situat a un passeig a peu del centre de L'Ametlla i a prop de centres comercials, hospitals i serveis urbans.\n\nEstat de l\u2019habitatge: En bon estat\nSuperf\u00edcie \u00fatil: 229,51 m\u00b2\nSuperf\u00edcie constru\u00efda: 377 m\u00b2\nCHB0612631****\nITP: Tipus vigent\nDespeses notarials i registrals segons aranzel\nN\u00famero AICAT: 163\nN\u00famero API: 1646","post_type_properties_post_titulo_castellano":"Exclusiva casa de 377 m\u00b2 con dise\u00f1o \u00fanico en l'Ametlla del Vall\u00e8s","post_type_properties_post_internet_castellano":"Forcadell presenta en exclusiva esta casa con dise\u00f1o \u00fanico del reconocido arquitecto Dr. Estanilao Roca Blanch. Su espectacular dise\u00f1o permite que se combine la elegancia y la est\u00e9tica de la estructura con la luminosidad y funcionalidad de los espacios.\nLa propiedad est\u00e1 en un enclave privilegiado de L\u2019Ametlla del Vall\u00e9s en la Urbanizaci\u00f3n Les Roquetes. Dispone de 2501 m\u00b2 distribuidos en zona de bosque, jard\u00edn y piscina. Tiene todo para disfrutar de la tranquilidad y la calma. Ideal para los amantes de la naturaleza. Adem\u00e1s, cuenta con zona de barbacoa en la parte exterior al lado del porche para disfrutar de comidas con familiares y amigos, cerca de la piscina.\n\nLa zona de la piscina, el terreno es plano y esta rodea de c\u00e9sped natural. Est\u00e1 delimitado en gran parte por el muro de la valla y tiene cerco vivo que le proporciona intimidad. Tambi\u00e9n cuenta con un toldo hecho a medida con forma est\u00e9tica y alta resistencia, est\u00e1 tensado con cables de alta seguridad para dar sombra y disfrutar de la piscina.\n\nLa construcci\u00f3n es s\u00f3lida y est\u00e1 realizada con delicadeza, cada elemento est\u00e1 puesto en su posici\u00f3n correcta, cada ladrillo, cada viga est\u00e1 perfectamente alineada. La parcela es esquinera por una calle, tiene la entrada al garaje de invitados y dos entradas peatonales y por la otra calle tiene la entrada al otro p\u00e1rquing y un acceso grande para el personal de mantenimiento.\n\nEn la primera planta se accede al recibidor de 25 m\u00b2 con techos altos e iluminaci\u00f3n natural, que funciona como un distribuidor de las otras estancias, este espacio cuenta con una bonita fuente que hace sentir la relajante experiencia del sonido del agua. Delante y a la derecha encontramos el sal\u00f3n y el comedor, diferenciando cada estancia con un peque\u00f1o desnivel, toda la estancia est\u00e1 rodeada ventanales con vistas al jard\u00edn con salida directa al porche que recorre la casa. Desde el recibidor y el comedor accedemos a la cocina independiente de 30 m\u00b2 con lavadero, que cuenta con una fant\u00e1stica chimenea para disfrutar en los d\u00edas de invierno, o simplemente cocinar en las brasas. Esta planta cuenta con un ba\u00f1o con ducha, una gran sala de estar con salida directa a un porche con barbacoa, y acceso a la piscina. Este espacio podr\u00eda ser un dormitorio m\u00e1s si se deseara. Desde esa sala de estar, tenemos acceso a un gimnasio generoso, con suelos de madera e iluminaci\u00f3n natural en los frontales, que invitan hacer ejercicio y fortalecer el cuerpo.\n\nEn la segunda planta, encontramos 4 habitaciones, la principal es amplia y con detalles caracter\u00edsticos de la arquitectura de la casa, un techo curvado y con una l\u00ednea de iluminaci\u00f3n indirecta. A su lado un amplio ba\u00f1o con ba\u00f1era redonda y una habitaci\u00f3n vestidor. Los otros dos dormitorios son dobles con armarios empotrados para los que da servicio otro ba\u00f1o con cuatro piezas con ba\u00f1era. Al fondo de esta segunda planta hay una biblioteca con un estudio de 34 m\u00b2, ideal para concentrarse en la lectura y los estudios. Todas las habitaciones tienen salida a la terraza que conecta con una escalera exterior de un solo tramo. Su dise\u00f1o hace que la parte superior sea peque\u00f1a y a medida que se desciende se va ensanchando pelda\u00f1o a pelda\u00f1o hasta llegar al jard\u00edn con acceso directo a la piscina.\n\nLa tercera estancia se accede por una escalera de caracol donde se encuentra el tercer sal\u00f3n y un estudio. Desde esta estancia se sale a una gran terraza sol\u00e1rium, con vistas despejadas a todo el Vall\u00e9s, y con acceso a un taller o trastero adicional.\nEl dise\u00f1o de la casa permite que todas las estancias principales est\u00e9n orientadas a sur, rodeada de c\u00e9sped, y amplias \u00e1reas verdes. Mientras que la parte norte da al bosque privativo.\n\nLa vivienda incluye extras adicionales, que determinan detalles que combinan el lujo, la seguridad y el confort, como puertas de seguridad, sistema de alarma interior y perif\u00e9rica, carpinter\u00eda de madera con vidrios dobles climalit, aerotermia con fancoils (cada habitaci\u00f3n tiene regulador de temperatura independiente), armarios empotrados, pozo de agua de buena calidad, jard\u00edn con riego autom\u00e1tico, piscina de agua salada, puertas automatizadas, aspiraci\u00f3n centralizada, fachada y jard\u00edn iluminados y materiales de primeras calidades. Sala de m\u00e1quinas y dep\u00f3sito de agua de 1.000L. Las reservas de agua proporcionan tranquilidad a\u00fan en \u00e9poca de sequ\u00eda.\n\nSituada en una de las mejores zonas residenciales de L'Ametlla del Vall\u00e8s, muy cerca de los colegios internacionales SEK y ISCAT en La Garriga y a 30 km de la ciudad de Barcelona y a pocos minutos en coche de Granollers, \"La Roca Village\" y la zona mar\u00edtima del Maresme y Costa Brava. La vivienda est\u00e1 situada a un paseo a pie del centro de L\u00b4Ametlla y cerca de centros comerciales, hospitales y servicios urbanos.\n\n\nEstado de la vivienda: En buen estado \nSuperficie \u00fatil: 229,51m\u00b2\nSuperficie construida: 377m\u00b2\nCHB0612631****\nITP: Tipo vigente\nGastos notariales y registrales seg\u00fan arancel\nN\u00famero AICAT: 163\nN\u00famero API: 1646\n","post_type_properties_post_titulo_ingles":"Exclusive 377 m\u00b2 house with a unique design in l'Ametlla del Vall\u00e8s","post_type_properties_post_internet_ingles":"Forcadell exclusively presents this house with a unique design by the renowned architect Dr. Estanilao Roca Blanch. Its spectacular design combines the elegance and aesthetics of the structure with the brightness and functionality of the spaces.\nThe property is in a privileged enclave of L\u2019Ametlla del Vall\u00e8s in the Les Roquetes Urbanization. It has, 2501 m\u00b2 distributed among forest area, garden, and pool. It has everything to enjoy tranquility and calm. Ideal for nature lovers. Additionally, it has a barbecue area outside next to the porch to enjoy meals with family and friends, near the pool.\n\nIn the pool area, the terrain is flat and surrounded by natural grass. It is largely bounded by the fence wall and has a live fence that provides privacy. It also features a custom-made awning with an aesthetic shape and high resistance, tensioned with high-security cables to provide shade and enjoy the pool.\n\nThe construction is solid and delicately made, with each element in its correct position, each brick, each beam perfectly aligned. The corner plot has a street entrance to the guest garage and two pedestrian entrances, and on the other street, it has the entrance to another parking area and large access for maintenance personnel.\n\nOn the first floor, there is a 25 m\u00b2 hall with high ceilings and natural lighting, functioning as a distributor for other rooms. This space has a beautiful fountain that provides the relaxing experience of the sound of water. In front and to the right, we find the living room and dining room, differentiating each space with a small drop. The entire room is surrounded by windows with garden views and direct access to the porch that runs around the house. From the hall and dining room, we access the independent 30 m\u00b2 kitchen with a laundry room, featuring a fantastic fireplace to enjoy in winter or simply cook over the embers. This floor has a bathroom with a shower, a large living room with direct access to a porch with a barbecue, and access to the pool. This space could be another bedroom if desired. From this living room, we have access to a generous gym with wooden floors and natural lighting at the fronts, inviting exercise and body strengthening.\n\nOn the second floor, there are 4 bedrooms, the main one being spacious with characteristic details of the house's architecture, a curved ceiling with an indirect lighting line. Next to it, a large bathroom with a round bathtub and a walk-in closet. The other two bedrooms are double with built-in wardrobes, served by another bathroom with four pieces and a bathtub. At the end of this second floor, there is a library with a 34 m\u00b2 study, ideal for focusing on reading and studying. All rooms have access to the terrace, connected by an exterior staircase with a single section. Its design makes the upper part small, widening step by step until reaching the garden with direct access to the pool.\n\nThe third floor is accessed by a spiral staircase, where the third living room and a study are located. From this room, you go out to a large solarium terrace, with clear views of the entire Vall\u00e8s, and with access to an additional workshop or storage room.\nThe house's design allows all main rooms to be south-facing, surrounded by grass and extensive green areas. The north side faces the private forest.\n\nThe house includes additional extras, featuring details combining luxury, security, and comfort, such as security doors, interior and perimeter alarm system, wooden carpentry with double glazing, aero thermal with fan coils (each room has an independent temperature regulator), built-in wardrobes, good quality water well, garden with automatic irrigation, saltwater pool, automated doors, centralized vacuum, illuminated facade and garden, and top-quality materials. Machine room and 1,000 L water tank. The water reserves provide peace of mind even during droughts.\n\nLocated in one of the best residential areas of L'Ametlla del Vall\u00e8s, very close to the SEK and ISCAT international schools in La Garriga and 30 km from the city of Barcelona and a few minutes by car from Granollers, \"La Roca Village\" and the coastal area of Maresme and Costa Brava. The house is within walking distance of the center of L\u2019Ametlla and close to shopping centers, hospitals, and urban services.\n\nProperty condition: In good condition\nUsable area: 229.51 m\u00b2\nBuilt area: 377 m\u00b2\nCHB0612631****\nITP (Property Transfer Tax): Current rate applicable\nNotary and land registry fees according to official tariff\nAICAT number: 163\nAPI number: 1646","post_type_properties_post_features_classification_commercial":false,"post_type_properties_post_features_conservation":"good","post_type_properties_post_features_security_personnel":false,"post_type_properties_post_features_parking_available":false,"post_type_properties_post_features_garage_capacity_type":"","post_type_properties_post_features_bathroom_number":3,"post_type_properties_post_eje":"","post_type_properties_post_zona":"","post_type_properties_post_comarca":"","post_type_properties_post_features_built_year":"","post_type_properties_post_renta_mensual":1047000,"post_type_properties_post_fianza":"","post_type_properties_post_features_area_plot":"","post_type_properties_post_features_area_buildable":"","post_type_properties_post_features_classification_industrial":false,"post_type_properties_post_distrito":"","post_type_properties_post_features_balcony":false,"post_type_properties_post_features_bedroom_number":5,"post_type_properties_post_features_heating_type":"centralGas","post_type_properties_post_features_equipped_with_furniture":false,"post_type_properties_post_features_pets_allowed":false,"post_type_properties_post_features_pool":true,"post_type_properties_post_features_terrace":true,"post_type_properties_post_features_wardrobes":false,"post_type_properties_post_features_lift_available":false,"post_type_properties_post_features_handicap_adapted_access":false,"post_type_properties_post_features_orientation_east":false,"post_type_properties_post_features_orientation_west":false,"post_type_properties_post_features_orientation_north":false,"post_type_properties_post_features_orientation_south":false,"post_type_properties_post_features_parking_spaces_number":2,"post_type_properties_post_features_security_alarm":false,"post_type_properties_post_features_security_system":false,"post_type_properties_post_open_plan":false,"post_type_properties_post_acceso_24_7":false,"post_type_properties_post_oficina_privada":false,"post_type_properties_post_sala_reuniones":false,"post_type_properties_post_espacio_eventos":false,"post_type_properties_post_office":false,"post_type_properties_post_restaurant":false,"post_type_properties_post_acepta_traspaso":false,"post_type_properties_post_vigilancia":false,"post_type_properties_post_features_suite":false,"post_type_properties_post_features_vitro":false,"post_type_properties_post_features_oven":false,"post_type_properties_post_features_microwave":false,"post_type_properties_post_features_washing_machine":false,"post_type_properties_post_features_dryer":false,"post_type_properties_post_features_dishwasher":false,"post_type_properties_post_features_fridge":false,"post_type_properties_post_features_fridge_mini":false,"post_type_properties_post_features_kettle":false,"post_type_properties_post_features_toaster":false,"post_type_properties_post_features_coffee_maker":false,"post_type_properties_post_features_iron":false,"post_type_properties_post_features_ironing_board":false,"post_type_properties_post_features_safe":false,"post_type_properties_post_features_internet":false,"post_type_properties_post_features_solarium":false,"post_type_properties_post_features_clean_service":false,"post_type_properties_post_features_t_v":false,"post_type_properties_post_features_satellite_t_v":false,"post_type_properties_post_features_gas_kitchen":false,"post_type_properties_post_features_view_mountain":true,"post_type_properties_post_features_view_sea":false,"post_type_properties_post_features_concierge":false,"post_type_properties_post_features_loading_dock":false,"post_type_properties_post_features_bridge_crane":false,"post_type_properties_post_features_located_at_corner":false,"post_type_properties_post_features_smoke_extraction":false,"post_type_properties_post_features_rooms":5,"post_type_properties_post_features_garden_area":400,"post_type_properties_post_features_utilities_water":false,"post_type_properties_post_features_utilities_electricity":false,"post_type_properties_post_features_utilities_natural_gas":false,"post_type_properties_post_features_building_adapted":false,"post_type_properties_post_features_garden":false,"post_type_properties_post_features_classification_hotel":false,"post_type_properties_post_features_classification_chalet":false,"post_type_properties_post_certificado_energetico_emisiones":"C","post_type_properties_post_barrio":"","post_type_properties_post_distrito_empresa":"","post_type_properties_post_features_property_category_intern":"","post_type_properties_post_implantada":false,"post_type_properties_post_sello_leed":"","post_type_properties_post_sello_well":"","post_type_properties_post_sello_breeam":false,"post_type_properties_post_images":[{"properties_post_image_order":1,"properties_post_image_url":"https:\/\/movin.cloud\/empresas\/726\/imagenes\/11245617\/casas-en-vent.webp","properties_post_image_url_thumbnail":"https:\/\/movin.cloud\/empresas\/726\/imagenes\/thumbnails\/11245617\/casas-en-vent.webp","properties_post_title":"casas en vent","properties_post_alt":"casas en vent"},{"properties_post_image_order":2,"properties_post_image_url":"https:\/\/movin.cloud\/empresas\/726\/imagenes\/11245617\/venta-casa.webp","properties_post_image_url_thumbnail":"https:\/\/movin.cloud\/empresas\/726\/imagenes\/thumbnails\/11245617\/venta-casa.webp","properties_post_title":"venta casa","properties_post_alt":"venta casa"},{"properties_post_image_order":3,"properties_post_image_url":"https:\/\/movin.cloud\/empresas\/726\/imagenes\/11245617\/venta-casas.webp","properties_post_image_url_thumbnail":"https:\/\/movin.cloud\/empresas\/726\/imagenes\/thumbnails\/11245617\/venta-casas.webp","properties_post_title":"venta casas","properties_post_alt":"venta casas"},{"properties_post_image_order":4,"properties_post_image_url":"https:\/\/movin.cloud\/empresas\/726\/imagenes\/11245617\/casa-en-venta.webp","properties_post_image_url_thumbnail":"https:\/\/movin.cloud\/empresas\/726\/imagenes\/thumbnails\/11245617\/casa-en-venta.webp","properties_post_title":"casa en venta","properties_post_alt":"casa en venta"},{"properties_post_image_order":5,"properties_post_image_url":"https:\/\/movin.cloud\/empresas\/726\/imagenes\/11245617\/comprar-casa.webp","properties_post_image_url_thumbnail":"https:\/\/movin.cloud\/empresas\/726\/imagenes\/thumbnails\/11245617\/comprar-casa.webp","properties_post_title":"comprar casa","properties_post_alt":"comprar casa"},{"properties_post_image_order":6,"properties_post_image_url":"https:\/\/movin.cloud\/empresas\/726\/imagenes\/11245617\/casa-venta.webp","properties_post_image_url_thumbnail":"https:\/\/movin.cloud\/empresas\/726\/imagenes\/thumbnails\/11245617\/casa-venta.webp","properties_post_title":"casa venta","properties_post_alt":"casa venta"},{"properties_post_image_order":7,"properties_post_image_url":"https:\/\/movin.cloud\/empresas\/726\/imagenes\/11245617\/compra.webp","properties_post_image_url_thumbnail":"https:\/\/movin.cloud\/empresas\/726\/imagenes\/thumbnails\/11245617\/compra.webp","properties_post_title":"compra","properties_post_alt":"compra"},{"properties_post_image_order":8,"properties_post_image_url":"https:\/\/movin.cloud\/empresas\/726\/imagenes\/11245617\/venta-de-casa.webp","properties_post_image_url_thumbnail":"https:\/\/movin.cloud\/empresas\/726\/imagenes\/thumbnails\/11245617\/venta-de-casa.webp","properties_post_title":"venta de casa","properties_post_alt":"venta de casa"},{"properties_post_image_order":9,"properties_post_image_url":"https:\/\/movin.cloud\/empresas\/726\/imagenes\/11245617\/compra-para-idealistas.webp","properties_post_image_url_thumbnail":"https:\/\/movin.cloud\/empresas\/726\/imagenes\/thumbnails\/11245617\/compra-para-idealistas.webp","properties_post_title":"compra para idealistas","properties_post_alt":"compra para idealistas"},{"properties_post_image_order":10,"properties_post_image_url":"https:\/\/movin.cloud\/empresas\/726\/imagenes\/11245617\/venta-de-casas.webp","properties_post_image_url_thumbnail":"https:\/\/movin.cloud\/empresas\/726\/imagenes\/thumbnails\/11245617\/venta-de-casas.webp","properties_post_title":"venta de casas","properties_post_alt":"venta de casas"},{"properties_post_image_order":11,"properties_post_image_url":"https:\/\/movin.cloud\/empresas\/726\/imagenes\/11245617\/foto-cas.webp","properties_post_image_url_thumbnail":"https:\/\/movin.cloud\/empresas\/726\/imagenes\/thumbnails\/11245617\/foto-cas.webp","properties_post_title":"foto cas","properties_post_alt":"foto cas"},{"properties_post_image_order":12,"properties_post_image_url":"https:\/\/movin.cloud\/empresas\/726\/imagenes\/11245617\/foto-casa-venta.webp","properties_post_image_url_thumbnail":"https:\/\/movin.cloud\/empresas\/726\/imagenes\/thumbnails\/11245617\/foto-casa-venta.webp","properties_post_title":"foto casa venta","properties_post_alt":"foto casa venta"},{"properties_post_image_order":13,"properties_post_image_url":"https:\/\/movin.cloud\/empresas\/726\/imagenes\/11245617\/foto-casa-con-jardin.webp","properties_post_image_url_thumbnail":"https:\/\/movin.cloud\/empresas\/726\/imagenes\/thumbnails\/11245617\/foto-casa-con-jardin.webp","properties_post_title":"foto casa con jardin","properties_post_alt":"foto casa con jardin"},{"properties_post_image_order":14,"properties_post_image_url":"https:\/\/movin.cloud\/empresas\/726\/imagenes\/11245617\/foto-casa.webp","properties_post_image_url_thumbnail":"https:\/\/movin.cloud\/empresas\/726\/imagenes\/thumbnails\/11245617\/foto-casa.webp","properties_post_title":"foto casa","properties_post_alt":"foto casa"},{"properties_post_image_order":15,"properties_post_image_url":"https:\/\/movin.cloud\/empresas\/726\/imagenes\/11245617\/casa-para-idealista.webp","properties_post_image_url_thumbnail":"https:\/\/movin.cloud\/empresas\/726\/imagenes\/thumbnails\/11245617\/casa-para-idealista.webp","properties_post_title":"casa para idealista","properties_post_alt":"casa para idealista"},{"properties_post_image_order":16,"properties_post_image_url":"https:\/\/movin.cloud\/empresas\/726\/imagenes\/11245617\/casa-ideal.webp","properties_post_image_url_thumbnail":"https:\/\/movin.cloud\/empresas\/726\/imagenes\/thumbnails\/11245617\/casa-ideal.webp","properties_post_title":"casa ideal","properties_post_alt":"casa ideal"},{"properties_post_image_order":17,"properties_post_image_url":"https:\/\/movin.cloud\/empresas\/726\/imagenes\/11245617\/venta-viviendas.webp","properties_post_image_url_thumbnail":"https:\/\/movin.cloud\/empresas\/726\/imagenes\/thumbnails\/11245617\/venta-viviendas.webp","properties_post_title":"venta viviendas","properties_post_alt":"venta viviendas"},{"properties_post_image_order":18,"properties_post_image_url":"https:\/\/movin.cloud\/empresas\/726\/imagenes\/11245617\/pisos-y-casas-en-venta.webp","properties_post_image_url_thumbnail":"https:\/\/movin.cloud\/empresas\/726\/imagenes\/thumbnails\/11245617\/pisos-y-casas-en-venta.webp","properties_post_title":"pisos y casas en venta","properties_post_alt":"pisos y casas en venta"},{"properties_post_image_order":19,"properties_post_image_url":"https:\/\/movin.cloud\/empresas\/726\/imagenes\/11245617\/casas.webp","properties_post_image_url_thumbnail":"https:\/\/movin.cloud\/empresas\/726\/imagenes\/thumbnails\/11245617\/casas.webp","properties_post_title":"casas","properties_post_alt":"casas"},{"properties_post_image_order":20,"properties_post_image_url":"https:\/\/movin.cloud\/empresas\/726\/imagenes\/11245617\/comprar.webp","properties_post_image_url_thumbnail":"https:\/\/movin.cloud\/empresas\/726\/imagenes\/thumbnails\/11245617\/comprar.webp","properties_post_title":"comprar","properties_post_alt":"comprar"},{"properties_post_image_order":21,"properties_post_image_url":"https:\/\/movin.cloud\/empresas\/726\/imagenes\/11245617\/viviendas.webp","properties_post_image_url_thumbnail":"https:\/\/movin.cloud\/empresas\/726\/imagenes\/thumbnails\/11245617\/viviendas.webp","properties_post_title":"viviendas","properties_post_alt":"viviendas"},{"properties_post_image_order":22,"properties_post_image_url":"https:\/\/movin.cloud\/empresas\/726\/imagenes\/11245617\/habitalia.webp","properties_post_image_url_thumbnail":"https:\/\/movin.cloud\/empresas\/726\/imagenes\/thumbnails\/11245617\/habitalia.webp","properties_post_title":"habitalia","properties_post_alt":"habitalia"},{"properties_post_image_order":23,"properties_post_image_url":"https:\/\/movin.cloud\/empresas\/726\/imagenes\/11245617\/venta.webp","properties_post_image_url_thumbnail":"https:\/\/movin.cloud\/empresas\/726\/imagenes\/thumbnails\/11245617\/venta.webp","properties_post_title":"venta","properties_post_alt":"venta"},{"properties_post_image_order":24,"properties_post_image_url":"https:\/\/movin.cloud\/empresas\/726\/imagenes\/11245617\/inmobiliarias.webp","properties_post_image_url_thumbnail":"https:\/\/movin.cloud\/empresas\/726\/imagenes\/thumbnails\/11245617\/inmobiliarias.webp","properties_post_title":"inmobiliarias","properties_post_alt":"inmobiliarias"},{"properties_post_image_order":25,"properties_post_image_url":"https:\/\/movin.cloud\/empresas\/726\/imagenes\/11245617\/inmobiliaria.webp","properties_post_image_url_thumbnail":"https:\/\/movin.cloud\/empresas\/726\/imagenes\/thumbnails\/11245617\/inmobiliaria.webp","properties_post_title":"inmobiliaria","properties_post_alt":"inmobiliaria"},{"properties_post_image_order":26,"properties_post_image_url":"https:\/\/movin.cloud\/empresas\/726\/imagenes\/11245617\/fincas.webp","properties_post_image_url_thumbnail":"https:\/\/movin.cloud\/empresas\/726\/imagenes\/thumbnails\/11245617\/fincas.webp","properties_post_title":"fincas","properties_post_alt":"fincas"},{"properties_post_image_order":27,"properties_post_image_url":"https:\/\/movin.cloud\/empresas\/726\/imagenes\/11245617\/venta-de-casas-l'ametlla-del-valles.webp","properties_post_image_url_thumbnail":"https:\/\/movin.cloud\/empresas\/726\/imagenes\/thumbnails\/11245617\/venta-de-casas-l'ametlla-del-valles.webp","properties_post_title":"venta de casas l'ametlla del valles","properties_post_alt":"venta de casas l'ametlla del valles"},{"properties_post_image_order":28,"properties_post_image_url":"https:\/\/movin.cloud\/empresas\/726\/imagenes\/11245617\/casas-en-vent-l'ametlla-del-valles.webp","properties_post_image_url_thumbnail":"https:\/\/movin.cloud\/empresas\/726\/imagenes\/thumbnails\/11245617\/casas-en-vent-l'ametlla-del-valles.webp","properties_post_title":"casas en vent l'ametlla del valles","properties_post_alt":"casas en vent l'ametlla del valles"},{"properties_post_image_order":29,"properties_post_image_url":"https:\/\/movin.cloud\/empresas\/726\/imagenes\/11245617\/venta-casa-l'ametlla-del-valles.webp","properties_post_image_url_thumbnail":"https:\/\/movin.cloud\/empresas\/726\/imagenes\/thumbnails\/11245617\/venta-casa-l'ametlla-del-valles.webp","properties_post_title":"venta casa l'ametlla del valles","properties_post_alt":"venta casa l'ametlla del valles"},{"properties_post_image_order":30,"properties_post_image_url":"https:\/\/movin.cloud\/empresas\/726\/imagenes\/11245617\/venta-casas-l'ametlla-del-valles.webp","properties_post_image_url_thumbnail":"https:\/\/movin.cloud\/empresas\/726\/imagenes\/thumbnails\/11245617\/venta-casas-l'ametlla-del-valles.webp","properties_post_title":"venta casas l'ametlla del valles","properties_post_alt":"venta casas l'ametlla del valles"},{"properties_post_image_order":31,"properties_post_image_url":"https:\/\/movin.cloud\/empresas\/726\/imagenes\/11245617\/casa-en-venta-l'ametlla-del-valles.webp","properties_post_image_url_thumbnail":"https:\/\/movin.cloud\/empresas\/726\/imagenes\/thumbnails\/11245617\/casa-en-venta-l'ametlla-del-valles.webp","properties_post_title":"casa en venta l'ametlla del valles","properties_post_alt":"casa en venta l'ametlla del valles"},{"properties_post_image_order":32,"properties_post_image_url":"https:\/\/movin.cloud\/empresas\/726\/imagenes\/11245617\/comprar-casa-l'ametlla-del-valles.webp","properties_post_image_url_thumbnail":"https:\/\/movin.cloud\/empresas\/726\/imagenes\/thumbnails\/11245617\/comprar-casa-l'ametlla-del-valles.webp","properties_post_title":"comprar casa l'ametlla del valles","properties_post_alt":"comprar casa l'ametlla del valles"},{"properties_post_image_order":33,"properties_post_image_url":"https:\/\/movin.cloud\/empresas\/726\/imagenes\/11245617\/casa-venta-l'ametlla-del-valles.webp","properties_post_image_url_thumbnail":"https:\/\/movin.cloud\/empresas\/726\/imagenes\/thumbnails\/11245617\/casa-venta-l'ametlla-del-valles.webp","properties_post_title":"casa venta l'ametlla del valles","properties_post_alt":"casa venta l'ametlla del valles"},{"properties_post_image_order":34,"properties_post_image_url":"https:\/\/movin.cloud\/empresas\/726\/imagenes\/11245617\/compra-l'ametlla-del-valles.webp","properties_post_image_url_thumbnail":"https:\/\/movin.cloud\/empresas\/726\/imagenes\/thumbnails\/11245617\/compra-l'ametlla-del-valles.webp","properties_post_title":"compra l'ametlla del valles","properties_post_alt":"compra l'ametlla del valles"},{"properties_post_image_order":35,"properties_post_image_url":"https:\/\/movin.cloud\/empresas\/726\/imagenes\/11245617\/venta-de-casa-l'ametlla-del-valles.webp","properties_post_image_url_thumbnail":"https:\/\/movin.cloud\/empresas\/726\/imagenes\/thumbnails\/11245617\/venta-de-casa-l'ametlla-del-valles.webp","properties_post_title":"venta de casa l'ametlla del valles","properties_post_alt":"venta de casa l'ametlla del valles"},{"properties_post_image_order":36,"properties_post_image_url":"https:\/\/movin.cloud\/empresas\/726\/imagenes\/11245617\/compra-para-idealistas-l'ametlla-del-valles.webp","properties_post_image_url_thumbnail":"https:\/\/movin.cloud\/empresas\/726\/imagenes\/thumbnails\/11245617\/compra-para-idealistas-l'ametlla-del-valles.webp","properties_post_title":"compra para idealistas l'ametlla del valles","properties_post_alt":"compra para idealistas l'ametlla del valles"},{"properties_post_image_order":37,"properties_post_image_url":"https:\/\/movin.cloud\/empresas\/726\/imagenes\/11245617\/foto-cas-l'ametlla-del-valles.webp","properties_post_image_url_thumbnail":"https:\/\/movin.cloud\/empresas\/726\/imagenes\/thumbnails\/11245617\/foto-cas-l'ametlla-del-valles.webp","properties_post_title":"foto cas l'ametlla del valles","properties_post_alt":"foto cas l'ametlla del valles"},{"properties_post_image_order":38,"properties_post_image_url":"https:\/\/movin.cloud\/empresas\/726\/imagenes\/11245617\/foto-casa-venta-l'ametlla-del-valles.webp","properties_post_image_url_thumbnail":"https:\/\/movin.cloud\/empresas\/726\/imagenes\/thumbnails\/11245617\/foto-casa-venta-l'ametlla-del-valles.webp","properties_post_title":"foto casa venta l'ametlla del valles","properties_post_alt":"foto casa venta l'ametlla del valles"},{"properties_post_image_order":39,"properties_post_image_url":"https:\/\/movin.cloud\/empresas\/726\/imagenes\/11245617\/foto-casa-con-jardin-l'ametlla-del-valles.webp","properties_post_image_url_thumbnail":"https:\/\/movin.cloud\/empresas\/726\/imagenes\/thumbnails\/11245617\/foto-casa-con-jardin-l'ametlla-del-valles.webp","properties_post_title":"foto casa con jardin l'ametlla del valles","properties_post_alt":"foto casa con jardin l'ametlla del valles"},{"properties_post_image_order":40,"properties_post_image_url":"https:\/\/movin.cloud\/empresas\/726\/imagenes\/11245617\/foto-casa-l'ametlla-del-valles.webp","properties_post_image_url_thumbnail":"https:\/\/movin.cloud\/empresas\/726\/imagenes\/thumbnails\/11245617\/foto-casa-l'ametlla-del-valles.webp","properties_post_title":"foto casa l'ametlla del valles","properties_post_alt":"foto casa l'ametlla del valles"},{"properties_post_image_order":41,"properties_post_image_url":"https:\/\/movin.cloud\/empresas\/726\/imagenes\/11245617\/casa-para-idealista-l'ametlla-del-valles.webp","properties_post_image_url_thumbnail":"https:\/\/movin.cloud\/empresas\/726\/imagenes\/thumbnails\/11245617\/casa-para-idealista-l'ametlla-del-valles.webp","properties_post_title":"casa para idealista l'ametlla del valles","properties_post_alt":"casa para idealista l'ametlla del valles"},{"properties_post_image_order":42,"properties_post_image_url":"https:\/\/movin.cloud\/empresas\/726\/imagenes\/11245617\/casa-ideal-l'ametlla-del-valles.webp","properties_post_image_url_thumbnail":"https:\/\/movin.cloud\/empresas\/726\/imagenes\/thumbnails\/11245617\/casa-ideal-l'ametlla-del-valles.webp","properties_post_title":"casa ideal l'ametlla del valles","properties_post_alt":"casa ideal l'ametlla del valles"},{"properties_post_image_order":43,"properties_post_image_url":"https:\/\/movin.cloud\/empresas\/726\/imagenes\/11245617\/venta-viviendas-l'ametlla-del-valles.webp","properties_post_image_url_thumbnail":"https:\/\/movin.cloud\/empresas\/726\/imagenes\/thumbnails\/11245617\/venta-viviendas-l'ametlla-del-valles.webp","properties_post_title":"venta viviendas l'ametlla del valles","properties_post_alt":"venta viviendas l'ametlla del valles"},{"properties_post_image_order":44,"properties_post_image_url":"https:\/\/movin.cloud\/empresas\/726\/imagenes\/11245617\/pisos-y-casas-en-venta-l'ametlla-del-valles.webp","properties_post_image_url_thumbnail":"https:\/\/movin.cloud\/empresas\/726\/imagenes\/thumbnails\/11245617\/pisos-y-casas-en-venta-l'ametlla-del-valles.webp","properties_post_title":"pisos y casas en venta l'ametlla del valles","properties_post_alt":"pisos y casas en venta l'ametlla del valles"},{"properties_post_image_order":45,"properties_post_image_url":"https:\/\/movin.cloud\/empresas\/726\/imagenes\/11245617\/casas-l'ametlla-del-valles.webp","properties_post_image_url_thumbnail":"https:\/\/movin.cloud\/empresas\/726\/imagenes\/thumbnails\/11245617\/casas-l'ametlla-del-valles.webp","properties_post_title":"casas l'ametlla del valles","properties_post_alt":"casas l'ametlla del valles"},{"properties_post_image_order":46,"properties_post_image_url":"https:\/\/movin.cloud\/empresas\/726\/imagenes\/11245617\/comprar-l'ametlla-del-valles.webp","properties_post_image_url_thumbnail":"https:\/\/movin.cloud\/empresas\/726\/imagenes\/thumbnails\/11245617\/comprar-l'ametlla-del-valles.webp","properties_post_title":"comprar l'ametlla del valles","properties_post_alt":"comprar l'ametlla del valles"},{"properties_post_image_order":47,"properties_post_image_url":"https:\/\/movin.cloud\/empresas\/726\/imagenes\/11245617\/viviendas-l'ametlla-del-valles.webp","properties_post_image_url_thumbnail":"https:\/\/movin.cloud\/empresas\/726\/imagenes\/thumbnails\/11245617\/viviendas-l'ametlla-del-valles.webp","properties_post_title":"viviendas l'ametlla del valles","properties_post_alt":"viviendas l'ametlla del valles"},{"properties_post_image_order":48,"properties_post_image_url":"https:\/\/movin.cloud\/empresas\/726\/imagenes\/11245617\/habitalia-l'ametlla-del-valles.webp","properties_post_image_url_thumbnail":"https:\/\/movin.cloud\/empresas\/726\/imagenes\/thumbnails\/11245617\/habitalia-l'ametlla-del-valles.webp","properties_post_title":"habitalia l'ametlla del valles","properties_post_alt":"habitalia l'ametlla del valles"},{"properties_post_image_order":49,"properties_post_image_url":"https:\/\/movin.cloud\/empresas\/726\/imagenes\/11245617\/venta-l'ametlla-del-valles.webp","properties_post_image_url_thumbnail":"https:\/\/movin.cloud\/empresas\/726\/imagenes\/thumbnails\/11245617\/venta-l'ametlla-del-valles.webp","properties_post_title":"venta l'ametlla del valles","properties_post_alt":"venta l'ametlla del valles"},{"properties_post_image_order":50,"properties_post_image_url":"https:\/\/movin.cloud\/empresas\/726\/imagenes\/11245617\/inmobiliarias-l'ametlla-del-valles.webp","properties_post_image_url_thumbnail":"https:\/\/movin.cloud\/empresas\/726\/imagenes\/thumbnails\/11245617\/inmobiliarias-l'ametlla-del-valles.webp","properties_post_title":"inmobiliarias l'ametlla del valles","properties_post_alt":"inmobiliarias l'ametlla del valles"},{"properties_post_image_order":51,"properties_post_image_url":"https:\/\/movin.cloud\/empresas\/726\/imagenes\/11245617\/inmobiliaria-l'ametlla-del-valles.webp","properties_post_image_url_thumbnail":"https:\/\/movin.cloud\/empresas\/726\/imagenes\/thumbnails\/11245617\/inmobiliaria-l'ametlla-del-valles.webp","properties_post_title":"inmobiliaria l'ametlla del valles","properties_post_alt":"inmobiliaria l'ametlla del valles"},{"properties_post_image_order":52,"properties_post_image_url":"https:\/\/movin.cloud\/empresas\/726\/imagenes\/11245617\/fincas-l'ametlla-del-valles.webp","properties_post_image_url_thumbnail":"https:\/\/movin.cloud\/empresas\/726\/imagenes\/thumbnails\/11245617\/fincas-l'ametlla-del-valles.webp","properties_post_title":"fincas l'ametlla del valles","properties_post_alt":"fincas l'ametlla del valles"},{"properties_post_image_order":53,"properties_post_image_url":"https:\/\/movin.cloud\/empresas\/726\/imagenes\/11245617\/l'ametlla-del-valles-venta-de-casas.webp","properties_post_image_url_thumbnail":"https:\/\/movin.cloud\/empresas\/726\/imagenes\/thumbnails\/11245617\/l'ametlla-del-valles-venta-de-casas.webp","properties_post_title":"l'ametlla del valles venta de casas","properties_post_alt":"l'ametlla del valles venta de casas"},{"properties_post_image_order":54,"properties_post_image_url":"https:\/\/movin.cloud\/empresas\/726\/imagenes\/11245617\/l'ametlla-del-valles-casas-en-vent.webp","properties_post_image_url_thumbnail":"https:\/\/movin.cloud\/empresas\/726\/imagenes\/thumbnails\/11245617\/l'ametlla-del-valles-casas-en-vent.webp","properties_post_title":"l'ametlla del valles casas en vent","properties_post_alt":"l'ametlla del valles casas en vent"},{"properties_post_image_order":55,"properties_post_image_url":"https:\/\/movin.cloud\/empresas\/726\/imagenes\/11245617\/l'ametlla-del-valles-venta-casa.webp","properties_post_image_url_thumbnail":"https:\/\/movin.cloud\/empresas\/726\/imagenes\/thumbnails\/11245617\/l'ametlla-del-valles-venta-casa.webp","properties_post_title":"l'ametlla del valles venta casa","properties_post_alt":"l'ametlla del valles venta casa"},{"properties_post_image_order":56,"properties_post_image_url":"https:\/\/movin.cloud\/empresas\/726\/imagenes\/11245617\/l'ametlla-del-valles-venta-casas.webp","properties_post_image_url_thumbnail":"https:\/\/movin.cloud\/empresas\/726\/imagenes\/thumbnails\/11245617\/l'ametlla-del-valles-venta-casas.webp","properties_post_title":"l'ametlla del valles venta casas","properties_post_alt":"l'ametlla del valles venta casas"},{"properties_post_image_order":57,"properties_post_image_url":"https:\/\/movin.cloud\/empresas\/726\/imagenes\/11245617\/l'ametlla-del-valles-casa-en-venta.webp","properties_post_image_url_thumbnail":"https:\/\/movin.cloud\/empresas\/726\/imagenes\/thumbnails\/11245617\/l'ametlla-del-valles-casa-en-venta.webp","properties_post_title":"l'ametlla del valles casa en venta","properties_post_alt":"l'ametlla del valles casa en venta"},{"properties_post_image_order":58,"properties_post_image_url":"https:\/\/movin.cloud\/empresas\/726\/imagenes\/11245617\/l'ametlla-del-valles-comprar-casa.webp","properties_post_image_url_thumbnail":"https:\/\/movin.cloud\/empresas\/726\/imagenes\/thumbnails\/11245617\/l'ametlla-del-valles-comprar-casa.webp","properties_post_title":"l'ametlla del valles comprar casa","properties_post_alt":"l'ametlla del valles comprar casa"},{"properties_post_image_order":59,"properties_post_image_url":"https:\/\/movin.cloud\/empresas\/726\/imagenes\/11245617\/l'ametlla-del-valles-casa-venta.webp","properties_post_image_url_thumbnail":"https:\/\/movin.cloud\/empresas\/726\/imagenes\/thumbnails\/11245617\/l'ametlla-del-valles-casa-venta.webp","properties_post_title":"l'ametlla del valles casa venta","properties_post_alt":"l'ametlla del valles casa venta"},{"properties_post_image_order":60,"properties_post_image_url":"https:\/\/movin.cloud\/empresas\/726\/imagenes\/11245617\/l'ametlla-del-valles-compra.webp","properties_post_image_url_thumbnail":"https:\/\/movin.cloud\/empresas\/726\/imagenes\/thumbnails\/11245617\/l'ametlla-del-valles-compra.webp","properties_post_title":"l'ametlla del valles compra","properties_post_alt":"l'ametlla del valles compra"},{"properties_post_image_order":61,"properties_post_image_url":"https:\/\/movin.cloud\/empresas\/726\/imagenes\/11245617\/l'ametlla-del-valles-venta-de-casa.webp","properties_post_image_url_thumbnail":"https:\/\/movin.cloud\/empresas\/726\/imagenes\/thumbnails\/11245617\/l'ametlla-del-valles-venta-de-casa.webp","properties_post_title":"l'ametlla del valles venta de casa","properties_post_alt":"l'ametlla del valles venta de casa"},{"properties_post_image_order":62,"properties_post_image_url":"https:\/\/movin.cloud\/empresas\/726\/imagenes\/11245617\/l'ametlla-del-valles-compra-para-idealistas.webp","properties_post_image_url_thumbnail":"https:\/\/movin.cloud\/empresas\/726\/imagenes\/thumbnails\/11245617\/l'ametlla-del-valles-compra-para-idealistas.webp","properties_post_title":"l'ametlla del valles compra para idealistas","properties_post_alt":"l'ametlla del valles compra para idealistas"},{"properties_post_image_order":63,"properties_post_image_url":"https:\/\/movin.cloud\/empresas\/726\/imagenes\/11245617\/l'ametlla-del-valles-foto-casa-venta.webp","properties_post_image_url_thumbnail":"https:\/\/movin.cloud\/empresas\/726\/imagenes\/thumbnails\/11245617\/l'ametlla-del-valles-foto-casa-venta.webp","properties_post_title":"l'ametlla del valles foto casa venta","properties_post_alt":"l'ametlla del valles foto casa venta"},{"properties_post_image_order":64,"properties_post_image_url":"https:\/\/movin.cloud\/empresas\/726\/imagenes\/11245617\/l'ametlla-del-valles-foto-casa-con-jardin.webp","properties_post_image_url_thumbnail":"https:\/\/movin.cloud\/empresas\/726\/imagenes\/thumbnails\/11245617\/l'ametlla-del-valles-foto-casa-con-jardin.webp","properties_post_title":"l'ametlla del valles foto casa con jardin","properties_post_alt":"l'ametlla del valles foto casa con jardin"},{"properties_post_image_order":65,"properties_post_image_url":"https:\/\/movin.cloud\/empresas\/726\/imagenes\/11245617\/l'ametlla-del-valles-foto-casa.webp","properties_post_image_url_thumbnail":"https:\/\/movin.cloud\/empresas\/726\/imagenes\/thumbnails\/11245617\/l'ametlla-del-valles-foto-casa.webp","properties_post_title":"l'ametlla del valles foto casa","properties_post_alt":"l'ametlla del valles foto casa"}],"post_type_properties_post_videos":[{"properties_post_video_url":"https:\/\/www.youtube.com\/watch?v=daJliQMBFas","properties_post_video_order":"999"}],"post_type_properties_post_tour":null,"post_type_properties_post_dossier_url":"","post_type_properties_post_operation_type":"sale","post_type_properties_post_operation_price":1047000,"post_type_properties_post_features_hidden_price":false},"yoast_head":"<!-- This site is optimized with the Yoast SEO plugin v27.4 - https:\/\/yoast.com\/product\/yoast-seo-wordpress\/ -->\n<title>Exclusiva casa de 377 m\u00b2 con dise\u00f1o \u00fanico en l&#039;Ametlla del Vall\u00e8s - Forcadell<\/title>\n<meta name=\"robots\" content=\"index, follow, max-snippet:-1, max-image-preview:large, max-video-preview:-1\" \/>\n<link rel=\"canonical\" href=\"https:\/\/forcadell.com\/ca\/propiedades\/exclusiva-casa-de-377-m%c2%b2-con-diseno-unico-en-lametlla-del-valles\/\" \/>\n<meta property=\"og:locale\" content=\"ca_ES\" \/>\n<meta property=\"og:type\" content=\"article\" \/>\n<meta property=\"og:title\" content=\"Exclusiva casa de 377 m\u00b2 con dise\u00f1o \u00fanico en l&#039;Ametlla del Vall\u00e8s - Forcadell\" \/>\n<meta property=\"og:description\" content=\"Forcadell presenta en exclusiva esta casa con dise\u00f1o \u00fanico del reconocido arquitecto Dr. Estanilao Roca Blanch. Su espectacular dise\u00f1o permite que se combine la elegancia y la est\u00e9tica de la estructura con la luminosidad y funcionalidad de los espacios. La propiedad est\u00e1 en un enclave privilegiado de L\u2019Ametlla del Vall\u00e9s en la Urbanizaci\u00f3n Les Roquetes. [&hellip;]\" \/>\n<meta property=\"og:url\" content=\"https:\/\/forcadell.com\/ca\/propiedades\/exclusiva-casa-de-377-m%c2%b2-con-diseno-unico-en-lametlla-del-valles\/\" \/>\n<meta property=\"og:site_name\" content=\"Forcadell\" \/>\n<meta property=\"article:modified_time\" content=\"2026-05-01T13:00:51+00:00\" \/>\n<meta name=\"twitter:card\" content=\"summary_large_image\" \/>\n<meta name=\"twitter:label1\" content=\"Temps estimat de lectura\" \/>\n\t<meta name=\"twitter:data1\" content=\"4 minuts\" \/>\n<!-- \/ Yoast SEO plugin. -->","yoast_head_json":{"title":"Exclusiva casa de 377 m\u00b2 con dise\u00f1o \u00fanico en l'Ametlla del Vall\u00e8s - Forcadell","robots":{"index":"index","follow":"follow","max-snippet":"max-snippet:-1","max-image-preview":"max-image-preview:large","max-video-preview":"max-video-preview:-1"},"canonical":"https:\/\/forcadell.com\/ca\/propiedades\/exclusiva-casa-de-377-m%c2%b2-con-diseno-unico-en-lametlla-del-valles\/","og_locale":"ca_ES","og_type":"article","og_title":"Exclusiva casa de 377 m\u00b2 con dise\u00f1o \u00fanico en l'Ametlla del Vall\u00e8s - Forcadell","og_description":"Forcadell presenta en exclusiva esta casa con dise\u00f1o \u00fanico del reconocido arquitecto Dr. Estanilao Roca Blanch. Su espectacular dise\u00f1o permite que se combine la elegancia y la est\u00e9tica de la estructura con la luminosidad y funcionalidad de los espacios. La propiedad est\u00e1 en un enclave privilegiado de L\u2019Ametlla del Vall\u00e9s en la Urbanizaci\u00f3n Les Roquetes. [&hellip;]","og_url":"https:\/\/forcadell.com\/ca\/propiedades\/exclusiva-casa-de-377-m%c2%b2-con-diseno-unico-en-lametlla-del-valles\/","og_site_name":"Forcadell","article_modified_time":"2026-05-01T13:00:51+00:00","twitter_card":"summary_large_image","twitter_misc":{"Temps estimat de lectura":"4 minuts"},"schema":{"@context":"https:\/\/schema.org","@graph":[{"@type":"WebPage","@id":"https:\/\/forcadell.com\/ca\/propiedades\/exclusiva-casa-de-377-m%c2%b2-con-diseno-unico-en-lametlla-del-valles\/","url":"https:\/\/forcadell.com\/ca\/propiedades\/exclusiva-casa-de-377-m%c2%b2-con-diseno-unico-en-lametlla-del-valles\/","name":"Exclusiva casa de 377 m\u00b2 con dise\u00f1o \u00fanico en l'Ametlla del Vall\u00e8s - Forcadell","isPartOf":{"@id":"https:\/\/forcadell.com\/ca\/#website"},"datePublished":"2025-11-04T13:06:41+00:00","dateModified":"2026-05-01T13:00:51+00:00","breadcrumb":{"@id":"https:\/\/forcadell.com\/ca\/propiedades\/exclusiva-casa-de-377-m%c2%b2-con-diseno-unico-en-lametlla-del-valles\/#breadcrumb"},"inLanguage":"ca","potentialAction":[{"@type":"ReadAction","target":["https:\/\/forcadell.com\/ca\/propiedades\/exclusiva-casa-de-377-m%c2%b2-con-diseno-unico-en-lametlla-del-valles\/"]}]},{"@type":"BreadcrumbList","@id":"https:\/\/forcadell.com\/ca\/propiedades\/exclusiva-casa-de-377-m%c2%b2-con-diseno-unico-en-lametlla-del-valles\/#breadcrumb","itemListElement":[{"@type":"ListItem","position":1,"name":"Portada","item":"https:\/\/forcadell.com\/ca\/"},{"@type":"ListItem","position":2,"name":"Properties","item":"https:\/\/forcadell.com\/ca\/propiedades\/"},{"@type":"ListItem","position":3,"name":"Exclusiva casa de 377 m\u00b2 con dise\u00f1o \u00fanico en l&#8217;Ametlla del Vall\u00e8s"}]},{"@type":"WebSite","@id":"https:\/\/forcadell.com\/ca\/#website","url":"https:\/\/forcadell.com\/ca\/","name":"Forcadell","description":"Inmobiliaria Barcelona | Consultores inmobiliarios","potentialAction":[{"@type":"SearchAction","target":{"@type":"EntryPoint","urlTemplate":"https:\/\/forcadell.com\/ca\/?s={search_term_string}"},"query-input":{"@type":"PropertyValueSpecification","valueRequired":true,"valueName":"search_term_string"}}],"inLanguage":"ca"}]}},"_links":{"self":[{"href":"https:\/\/forcadell.com\/ca\/wp-json\/wp\/v2\/properties_post\/56727","targetHints":{"allow":["GET"]}}],"collection":[{"href":"https:\/\/forcadell.com\/ca\/wp-json\/wp\/v2\/properties_post"}],"about":[{"href":"https:\/\/forcadell.com\/ca\/wp-json\/wp\/v2\/types\/properties_post"}],"wp:attachment":[{"href":"https:\/\/forcadell.com\/ca\/wp-json\/wp\/v2\/media?parent=56727"}],"curies":[{"name":"wp","href":"https:\/\/api.w.org\/{rel}","templated":true}]}}