{"id":56723,"date":"2025-11-04T15:06:23","date_gmt":"2025-11-04T13:06:23","guid":{"rendered":"https:\/\/www.forcadell.com\/propiedades\/encantadora-masia-de-332-m%c2%b2-con-terreno-en-pleno-centro-de-lametlla-del-valles\/"},"modified":"2026-05-01T17:00:48","modified_gmt":"2026-05-01T15:00:48","slug":"encantadora-masia-de-332-m%c2%b2-con-terreno-en-pleno-centro-de-lametlla-del-valles","status":"publish","type":"properties_post","link":"https:\/\/forcadell.com\/ca\/propiedades\/encantadora-masia-de-332-m%c2%b2-con-terreno-en-pleno-centro-de-lametlla-del-valles\/","title":{"rendered":"Encantadora Mas\u00eda de 332 m\u00b2 con terreno en pleno centro de l\u2019Ametlla del Vall\u00e9s"},"content":{"rendered":"<p>Encantadora Mas\u00eda con terreno en pleno centro de l\u2019Ametlla del Vall\u00e9s. La casa est\u00e1 en un entorno privilegiado con vistas espectaculares al pueblo y a la monta\u00f1a. <\/p>\n<p>Construida en una parcela de 1417 m\u00b2, la mas\u00eda cuenta con 332 m\u00b2 construidos. La propiedad se distribuye en dos plantas y todas sus estancias son exteriores, lo que permite disfrutar de vistas panor\u00e1micas del entorno.<\/p>\n<p>La propiedad cuenta con dos entradas: Una para veh\u00edculos, con acceso a una zona de aparcamiento al lado de la casa, lo que es muy pr\u00e1ctico y c\u00f3modo y la otra entrada es peatonal, a trav\u00e9s del jard\u00edn, hasta la entrada principal de la vivienda.<\/p>\n<p>En su interior, la mas\u00eda cuenta en la primera planta con una espectacular cocina con chimenea, sal\u00f3n, recibidor, ba\u00f1o completo y bodega. En la segunda planta cuenta con 4 habitaciones amplias y acogedoras. <\/p>\n<p>Esta mas\u00eda es perfecta para quienes buscan una vivienda con car\u00e1cter, amplios espacios y un entorno natural privilegiado. \u00a1No pierdas esta oportunidad y ven a visitarla!<\/p>\n<p>Estado de la vivienda: En buen estado<br \/>\nSuperficie \u00fatil: 105,43m\u00b2<br \/>\nSuperficie construida: 332m\u00b2<br \/>\nCHB0653042****<br \/>\nITP: Tipo vigente<br \/>\nGastos notariales y registrales seg\u00fan arancel<br \/>\nN\u00famero AICAT: 163<br \/>\nN\u00famero API: 1646<\/p>\n","protected":false},"template":"","class_list":["post-56723","properties_post","type-properties_post","status-publish","hentry","properties_modality-sale","properties_province-barcelona","properties_state-lametlla-del-valles","properties_subclass-masia","properties_type-casa"],"acf":{"post_type_properties_post_property_code":"11245171","post_type_properties_post_property_reference":"GRA_2889","post_type_properties_post_owner_id":"148423","post_type_properties_post_owner_name":"Mar\u00eda Teresa Josefa Nieves Sitges Montaner","post_type_properties_post_property_code_encrypted":"MjQ5JDI5NzM4","post_type_properties_post_published":"1","post_type_properties_post_property_visibility":"idealista","post_type_properties_post_contact_name":"Forcadell Granollers","post_type_properties_post_contact_email":"forcadell.granollers@movin.cloud","post_type_properties_post_contact_primary_phone_prefix":"34","post_type_properties_post_contact_primary_phone_number":"934965408","post_type_properties_post_address_visibility":"street","post_type_properties_post_address_country":"Spain","post_type_properties_post_address_coordinates_precision":"exact","post_type_properties_post_address_postal_code":"08480","post_type_properties_post_address_coordinates_latitude":"41.6712926","post_type_properties_post_address_coordinates_longitude":"2.2582558","post_type_properties_post_address_street_name":"c\/ Mestre Millet ","post_type_properties_post_address_floor":"","post_type_properties_post_address_town":"l'Ametlla del Vall\u00e8s","post_type_properties_post_building":null,"post_type_properties_post_property":[{"properties_post_description_language":"catalan","properties_post_title":"Encantadora masia de 332 m\u00b2 amb terreny al centre de l\u2019Ametlla del Vall\u00e8s","properties_post_short_description_text_alt":"","properties_post_description_text_alt":"","properties_post_short_description_text":"Encantadora masia de 332 m\u00b2 amb terreny al centre de l\u2019Ametlla del Vall\u00e8s","properties_post_link_demanda_inmueble":"https:\/\/movin.cloud\/ca\/Forcadell Granollers\/formulari-peticio-immoble\/sth\/726&&11245171","properties_post_link_demanda_calendario_inmueble":"https:\/\/movin.cloud\/ca\/Forcadell Granollers\/calendari-peticio-immoble\/sth\/726&&11245171","properties_post_description_text":"Encantadora masia amb terreny al ple centre de l'Ametlla del Vall\u00e8s. La casa est\u00e0 en un entorn privilegiat amb vistes espectaculars al poble i a la muntanya.\n\nConstru\u00efda en una parcel\u00b7la de 1417 m\u00b2, la masia compta amb 332 m\u00b2 constru\u00efts. La propietat es distribueix en dues plantes i totes les seves estances s\u00f3n exteriors, cosa que permet gaudir de vistes panor\u00e0miques de l'entorn.\n\nLa propietat compta amb dues entrades: Una per a vehicles, amb acc\u00e9s a una zona d'aparcament al costat de la casa, la qual cosa \u00e9s molt pr\u00e0ctica i c\u00f2moda, i l'altra entrada \u00e9s per a vianants, a trav\u00e9s del jard\u00ed, fins a l'entrada principal de l'habitatge.\n\nA l'interior, la masia compta a la primera planta amb una espectacular cuina amb llar de foc, sal\u00f3, rebedor, bany complet i celler. A la segona planta consta de 4 habitacions \u00e0mplies i acollidores.\n\nAquesta masia \u00e9s perfecta per a aquells que busquen un habitatge amb car\u00e0cter, amplis espais i un entorn natural privilegiat. No perdis aquesta oportunitat i vine a visitar-la!\n\nEstat de l\u2019habitatge: En bon estat\nSuperf\u00edcie \u00fatil: 105,43 m\u00b2\nSuperf\u00edcie constru\u00efda: 332 m\u00b2\nCHB0653042****\nITP: Tipus vigent\nDespeses notarials i registrals segons aranzel\nN\u00famero AICAT: 163\nN\u00famero API: 1646","properties_post_seo_title":"","properties_post_seo_alias":"","properties_post_seo_metadescription":"","properties_post_seo_key_words":"","properties_post_seo_url":"","properties_post_terms_conditions":""},{"properties_post_description_language":"spanish","properties_post_title":"Encantadora Mas\u00eda de 332 m\u00b2 con terreno en pleno centro de l\u2019Ametlla del Vall\u00e9s","properties_post_short_description_text_alt":"","properties_post_description_text_alt":"","properties_post_short_description_text":"Encantadora Mas\u00eda de 332 m\u00b2 con terreno en pleno centro de l\u2019Ametlla del Vall\u00e9s","properties_post_link_demanda_inmueble":"https:\/\/movin.cloud\/es\/Forcadell Granollers\/formulario-peticion-inmueble\/sth\/726&&11245171","properties_post_link_demanda_calendario_inmueble":"https:\/\/movin.cloud\/es\/Forcadell Granollers\/calendario-peticion-inmueble\/sth\/726&&11245171","properties_post_description_text":"Encantadora Mas\u00eda con terreno en pleno centro de l\u2019Ametlla del Vall\u00e9s. La casa est\u00e1 en un entorno privilegiado con vistas espectaculares al pueblo y a la monta\u00f1a. \n\nConstruida en una parcela de 1417 m\u00b2, la mas\u00eda cuenta con 332 m\u00b2 construidos. La propiedad se distribuye en dos plantas y todas sus estancias son exteriores, lo que permite disfrutar de vistas panor\u00e1micas del entorno.\n\nLa propiedad cuenta con dos entradas: Una para veh\u00edculos, con acceso a una zona de aparcamiento al lado de la casa, lo que es muy pr\u00e1ctico y c\u00f3modo y la otra entrada es peatonal, a trav\u00e9s del jard\u00edn, hasta la entrada principal de la vivienda.\n\nEn su interior, la mas\u00eda cuenta en la primera planta con una espectacular cocina con chimenea, sal\u00f3n, recibidor, ba\u00f1o completo y bodega. En la segunda planta cuenta con 4 habitaciones amplias y acogedoras. \n\nEsta mas\u00eda es perfecta para quienes buscan una vivienda con car\u00e1cter, amplios espacios y un entorno natural privilegiado. \u00a1No pierdas esta oportunidad y ven a visitarla!\n\nEstado de la vivienda: En buen estado \nSuperficie \u00fatil: 105,43m\u00b2\nSuperficie construida: 332m\u00b2\nCHB0653042****\nITP: Tipo vigente\nGastos notariales y registrales seg\u00fan arancel\nN\u00famero AICAT: 163\nN\u00famero API: 1646\n","properties_post_seo_title":"","properties_post_seo_alias":"","properties_post_seo_metadescription":"","properties_post_seo_key_words":"","properties_post_seo_url":"","properties_post_terms_conditions":""},{"properties_post_description_language":"english","properties_post_title":"Charming 332 m\u00b2 farmhouse with land in the heart of l\u2019Ametlla del Vall\u00e8s","properties_post_short_description_text_alt":"","properties_post_description_text_alt":"","properties_post_short_description_text":"Charming 332 m\u00b2 farmhouse with land in the heart of l\u2019Ametlla del Vall\u00e8s","properties_post_link_demanda_inmueble":"https:\/\/movin.cloud\/en\/Forcadell Granollers\/property-form-request\/sth\/726&&11245171","properties_post_link_demanda_calendario_inmueble":"https:\/\/movin.cloud\/en\/Forcadell Granollers\/property-calendar-request\/sth\/726&&11245171","properties_post_description_text":"Charming farmhouse with land in the heart of l\u2019Ametlla del Vall\u00e8s. The house is set in a privileged environment with spectacular views of the village and the mountains.\n\nBuilt on a 1417 m\u00b2 plot, the farmhouse has 332 m\u00b2 of constructed space. The property is distributed over two floors, and all its rooms are exterior, allowing for panoramic views of the surroundings.\n\nThe property has two entrances: one for vehicles, with access to a parking area next to the house, which is very practical and convenient, and the other is a pedestrian entrance through the garden, leading to the main entrance of the house.\n\nInside, the farmhouse features on the first floor a spectacular kitchen with a fireplace, a living room, a hall, a full bathroom, and a cellar. On the second floor, there are 4 spacious and cozy bedrooms.\n\nThis farmhouse is perfect for those looking for a home with character, ample spaces, and a privileged natural environment. Don't miss this opportunity and come visit it!\n\nProperty condition: In good condition\nUsable area: 105.43 m\u00b2\nBuilt area: 332 m\u00b2\nCHB0653042****\nITP (Property Transfer Tax): Current rate applicable\nNotary and land registry fees according to official tariff\nAICAT number: 163\nAPI number: 1646","properties_post_seo_title":"","properties_post_seo_alias":"","properties_post_seo_metadescription":"","properties_post_seo_key_words":"","properties_post_seo_url":"","properties_post_terms_conditions":""}],"post_type_properties_post_features_type":"house","post_type_properties_post_id_building":"","post_type_properties_post_features_area_constructed":332,"post_type_properties_post_features_conditioned_air":false,"post_type_properties_post_features_doorman":false,"post_type_properties_post_features_heating":true,"post_type_properties_post_features_equipped_kitchen":false,"post_type_properties_post_features_windows_location":"exterior","post_type_properties_post_features_floors_property":false,"post_type_properties_post_features_storage":true,"post_type_properties_post_features_security_door":false,"post_type_properties_post_features_energy_certificate_rating":"E","post_type_properties_post_features_energy_certificate_emissions_rating":"E","post_type_properties_post_features_energy_certificate_emissions_value":50,"post_type_properties_post_features_energy_certificate_performance":193,"post_type_properties_post_features_bathroom_inside":false,"post_type_properties_post_precio":550000,"post_type_properties_post_precio_alquiler":550000,"post_type_properties_post_record_type_id":"Casa","post_type_properties_post_categoria__producto":"Mas\u00eda","post_type_properties_post_amueblado":false,"post_type_properties_post_precio_m2":1656.63,"post_type_properties_post_zona__comunitaria":false,"post_type_properties_post_electrodomesticos":false,"post_type_properties_post_patio__interior":true,"post_type_properties_post_certificado_energetico_general":"E","post_type_properties_post_certificado_energetico_consumo":"E","post_type_properties_post_certificado_energetico_valor_emisiones":50,"post_type_properties_post_certificado_energetico_valor_consumo":193,"post_type_properties_post_modalidad":"sale","post_type_properties_post_provincia":"Barcelona","post_type_properties_post_poblacion":"l'Ametlla del Vall\u00e8s","post_type_properties_post_centro__urbano":false,"post_type_properties_post_zonificacion":"","post_type_properties_post_cartera":"","post_type_properties_post_titulo_catalan":"Encantadora masia de 332 m\u00b2 amb terreny al centre de l\u2019Ametlla del Vall\u00e8s","post_type_properties_post_internet_catalan":"Encantadora masia amb terreny al ple centre de l'Ametlla del Vall\u00e8s. La casa est\u00e0 en un entorn privilegiat amb vistes espectaculars al poble i a la muntanya.\n\nConstru\u00efda en una parcel\u00b7la de 1417 m\u00b2, la masia compta amb 332 m\u00b2 constru\u00efts. La propietat es distribueix en dues plantes i totes les seves estances s\u00f3n exteriors, cosa que permet gaudir de vistes panor\u00e0miques de l'entorn.\n\nLa propietat compta amb dues entrades: Una per a vehicles, amb acc\u00e9s a una zona d'aparcament al costat de la casa, la qual cosa \u00e9s molt pr\u00e0ctica i c\u00f2moda, i l'altra entrada \u00e9s per a vianants, a trav\u00e9s del jard\u00ed, fins a l'entrada principal de l'habitatge.\n\nA l'interior, la masia compta a la primera planta amb una espectacular cuina amb llar de foc, sal\u00f3, rebedor, bany complet i celler. A la segona planta consta de 4 habitacions \u00e0mplies i acollidores.\n\nAquesta masia \u00e9s perfecta per a aquells que busquen un habitatge amb car\u00e0cter, amplis espais i un entorn natural privilegiat. No perdis aquesta oportunitat i vine a visitar-la!\n\nEstat de l\u2019habitatge: En bon estat\nSuperf\u00edcie \u00fatil: 105,43 m\u00b2\nSuperf\u00edcie constru\u00efda: 332 m\u00b2\nCHB0653042****\nITP: Tipus vigent\nDespeses notarials i registrals segons aranzel\nN\u00famero AICAT: 163\nN\u00famero API: 1646","post_type_properties_post_titulo_castellano":"Encantadora Mas\u00eda de 332 m\u00b2 con terreno en pleno centro de l\u2019Ametlla del Vall\u00e9s","post_type_properties_post_internet_castellano":"Encantadora Mas\u00eda con terreno en pleno centro de l\u2019Ametlla del Vall\u00e9s. La casa est\u00e1 en un entorno privilegiado con vistas espectaculares al pueblo y a la monta\u00f1a. \n\nConstruida en una parcela de 1417 m\u00b2, la mas\u00eda cuenta con 332 m\u00b2 construidos. La propiedad se distribuye en dos plantas y todas sus estancias son exteriores, lo que permite disfrutar de vistas panor\u00e1micas del entorno.\n\nLa propiedad cuenta con dos entradas: Una para veh\u00edculos, con acceso a una zona de aparcamiento al lado de la casa, lo que es muy pr\u00e1ctico y c\u00f3modo y la otra entrada es peatonal, a trav\u00e9s del jard\u00edn, hasta la entrada principal de la vivienda.\n\nEn su interior, la mas\u00eda cuenta en la primera planta con una espectacular cocina con chimenea, sal\u00f3n, recibidor, ba\u00f1o completo y bodega. En la segunda planta cuenta con 4 habitaciones amplias y acogedoras. \n\nEsta mas\u00eda es perfecta para quienes buscan una vivienda con car\u00e1cter, amplios espacios y un entorno natural privilegiado. \u00a1No pierdas esta oportunidad y ven a visitarla!\n\nEstado de la vivienda: En buen estado \nSuperficie \u00fatil: 105,43m\u00b2\nSuperficie construida: 332m\u00b2\nCHB0653042****\nITP: Tipo vigente\nGastos notariales y registrales seg\u00fan arancel\nN\u00famero AICAT: 163\nN\u00famero API: 1646\n","post_type_properties_post_titulo_ingles":"Charming 332 m\u00b2 farmhouse with land in the heart of l\u2019Ametlla del Vall\u00e8s","post_type_properties_post_internet_ingles":"Charming farmhouse with land in the heart of l\u2019Ametlla del Vall\u00e8s. The house is set in a privileged environment with spectacular views of the village and the mountains.\n\nBuilt on a 1417 m\u00b2 plot, the farmhouse has 332 m\u00b2 of constructed space. The property is distributed over two floors, and all its rooms are exterior, allowing for panoramic views of the surroundings.\n\nThe property has two entrances: one for vehicles, with access to a parking area next to the house, which is very practical and convenient, and the other is a pedestrian entrance through the garden, leading to the main entrance of the house.\n\nInside, the farmhouse features on the first floor a spectacular kitchen with a fireplace, a living room, a hall, a full bathroom, and a cellar. On the second floor, there are 4 spacious and cozy bedrooms.\n\nThis farmhouse is perfect for those looking for a home with character, ample spaces, and a privileged natural environment. Don't miss this opportunity and come visit it!\n\nProperty condition: In good condition\nUsable area: 105.43 m\u00b2\nBuilt area: 332 m\u00b2\nCHB0653042****\nITP (Property Transfer Tax): Current rate applicable\nNotary and land registry fees according to official tariff\nAICAT number: 163\nAPI number: 1646","post_type_properties_post_features_classification_commercial":false,"post_type_properties_post_features_conservation":"good","post_type_properties_post_features_security_personnel":false,"post_type_properties_post_features_parking_available":false,"post_type_properties_post_features_garage_capacity_type":"","post_type_properties_post_features_bathroom_number":1,"post_type_properties_post_eje":"","post_type_properties_post_zona":"","post_type_properties_post_comarca":"","post_type_properties_post_features_built_year":"","post_type_properties_post_renta_mensual":550000,"post_type_properties_post_fianza":"","post_type_properties_post_features_area_plot":"","post_type_properties_post_features_area_buildable":"","post_type_properties_post_features_classification_industrial":false,"post_type_properties_post_distrito":"","post_type_properties_post_features_balcony":false,"post_type_properties_post_features_bedroom_number":5,"post_type_properties_post_features_heating_type":"centralFuelOil","post_type_properties_post_features_equipped_with_furniture":false,"post_type_properties_post_features_pets_allowed":false,"post_type_properties_post_features_pool":false,"post_type_properties_post_features_terrace":true,"post_type_properties_post_features_wardrobes":false,"post_type_properties_post_features_lift_available":false,"post_type_properties_post_features_handicap_adapted_access":false,"post_type_properties_post_features_orientation_east":false,"post_type_properties_post_features_orientation_west":false,"post_type_properties_post_features_orientation_north":false,"post_type_properties_post_features_orientation_south":false,"post_type_properties_post_features_parking_spaces_number":1,"post_type_properties_post_features_security_alarm":false,"post_type_properties_post_features_security_system":false,"post_type_properties_post_open_plan":false,"post_type_properties_post_acceso_24_7":false,"post_type_properties_post_oficina_privada":false,"post_type_properties_post_sala_reuniones":false,"post_type_properties_post_espacio_eventos":false,"post_type_properties_post_office":false,"post_type_properties_post_restaurant":false,"post_type_properties_post_acepta_traspaso":false,"post_type_properties_post_vigilancia":false,"post_type_properties_post_features_suite":false,"post_type_properties_post_features_vitro":false,"post_type_properties_post_features_oven":false,"post_type_properties_post_features_microwave":false,"post_type_properties_post_features_washing_machine":false,"post_type_properties_post_features_dryer":false,"post_type_properties_post_features_dishwasher":false,"post_type_properties_post_features_fridge":false,"post_type_properties_post_features_fridge_mini":false,"post_type_properties_post_features_kettle":false,"post_type_properties_post_features_toaster":false,"post_type_properties_post_features_coffee_maker":false,"post_type_properties_post_features_iron":false,"post_type_properties_post_features_ironing_board":false,"post_type_properties_post_features_safe":false,"post_type_properties_post_features_internet":false,"post_type_properties_post_features_solarium":false,"post_type_properties_post_features_clean_service":false,"post_type_properties_post_features_t_v":false,"post_type_properties_post_features_satellite_t_v":false,"post_type_properties_post_features_gas_kitchen":false,"post_type_properties_post_features_view_mountain":true,"post_type_properties_post_features_view_sea":false,"post_type_properties_post_features_concierge":false,"post_type_properties_post_features_loading_dock":false,"post_type_properties_post_features_bridge_crane":false,"post_type_properties_post_features_located_at_corner":false,"post_type_properties_post_features_smoke_extraction":false,"post_type_properties_post_features_rooms":5,"post_type_properties_post_features_garden_area":"","post_type_properties_post_features_utilities_water":false,"post_type_properties_post_features_utilities_electricity":false,"post_type_properties_post_features_utilities_natural_gas":false,"post_type_properties_post_features_building_adapted":false,"post_type_properties_post_features_garden":false,"post_type_properties_post_features_classification_hotel":false,"post_type_properties_post_features_classification_chalet":false,"post_type_properties_post_certificado_energetico_emisiones":"E","post_type_properties_post_barrio":"","post_type_properties_post_distrito_empresa":"","post_type_properties_post_features_property_category_intern":"","post_type_properties_post_implantada":false,"post_type_properties_post_sello_leed":"","post_type_properties_post_sello_well":"","post_type_properties_post_sello_breeam":false,"post_type_properties_post_images":[{"properties_post_image_order":1,"properties_post_image_url":"https:\/\/movin.cloud\/empresas\/726\/imagenes\/11245171\/venta-de-casas.webp","properties_post_image_url_thumbnail":"https:\/\/movin.cloud\/empresas\/726\/imagenes\/thumbnails\/11245171\/venta-de-casas.webp","properties_post_title":"venta de casas","properties_post_alt":"venta de casas"},{"properties_post_image_order":2,"properties_post_image_url":"https:\/\/movin.cloud\/empresas\/726\/imagenes\/11245171\/casas-en-vent.webp","properties_post_image_url_thumbnail":"https:\/\/movin.cloud\/empresas\/726\/imagenes\/thumbnails\/11245171\/casas-en-vent.webp","properties_post_title":"casas en vent","properties_post_alt":"casas en vent"},{"properties_post_image_order":3,"properties_post_image_url":"https:\/\/movin.cloud\/empresas\/726\/imagenes\/11245171\/venta-casa.webp","properties_post_image_url_thumbnail":"https:\/\/movin.cloud\/empresas\/726\/imagenes\/thumbnails\/11245171\/venta-casa.webp","properties_post_title":"venta casa","properties_post_alt":"venta casa"},{"properties_post_image_order":4,"properties_post_image_url":"https:\/\/movin.cloud\/empresas\/726\/imagenes\/11245171\/venta-casas.webp","properties_post_image_url_thumbnail":"https:\/\/movin.cloud\/empresas\/726\/imagenes\/thumbnails\/11245171\/venta-casas.webp","properties_post_title":"venta casas","properties_post_alt":"venta casas"},{"properties_post_image_order":5,"properties_post_image_url":"https:\/\/movin.cloud\/empresas\/726\/imagenes\/11245171\/casa-en-venta.webp","properties_post_image_url_thumbnail":"https:\/\/movin.cloud\/empresas\/726\/imagenes\/thumbnails\/11245171\/casa-en-venta.webp","properties_post_title":"casa en venta","properties_post_alt":"casa en venta"},{"properties_post_image_order":6,"properties_post_image_url":"https:\/\/movin.cloud\/empresas\/726\/imagenes\/11245171\/comprar-casa.webp","properties_post_image_url_thumbnail":"https:\/\/movin.cloud\/empresas\/726\/imagenes\/thumbnails\/11245171\/comprar-casa.webp","properties_post_title":"comprar casa","properties_post_alt":"comprar casa"},{"properties_post_image_order":7,"properties_post_image_url":"https:\/\/movin.cloud\/empresas\/726\/imagenes\/11245171\/casa-venta.webp","properties_post_image_url_thumbnail":"https:\/\/movin.cloud\/empresas\/726\/imagenes\/thumbnails\/11245171\/casa-venta.webp","properties_post_title":"casa venta","properties_post_alt":"casa venta"},{"properties_post_image_order":8,"properties_post_image_url":"https:\/\/movin.cloud\/empresas\/726\/imagenes\/11245171\/compra.webp","properties_post_image_url_thumbnail":"https:\/\/movin.cloud\/empresas\/726\/imagenes\/thumbnails\/11245171\/compra.webp","properties_post_title":"compra","properties_post_alt":"compra"},{"properties_post_image_order":9,"properties_post_image_url":"https:\/\/movin.cloud\/empresas\/726\/imagenes\/11245171\/venta-de-casa.webp","properties_post_image_url_thumbnail":"https:\/\/movin.cloud\/empresas\/726\/imagenes\/thumbnails\/11245171\/venta-de-casa.webp","properties_post_title":"venta de casa","properties_post_alt":"venta de casa"},{"properties_post_image_order":10,"properties_post_image_url":"https:\/\/movin.cloud\/empresas\/726\/imagenes\/11245171\/compra-para-idealistas.webp","properties_post_image_url_thumbnail":"https:\/\/movin.cloud\/empresas\/726\/imagenes\/thumbnails\/11245171\/compra-para-idealistas.webp","properties_post_title":"compra para idealistas","properties_post_alt":"compra para idealistas"},{"properties_post_image_order":11,"properties_post_image_url":"https:\/\/movin.cloud\/empresas\/726\/imagenes\/11245171\/foto-cas.webp","properties_post_image_url_thumbnail":"https:\/\/movin.cloud\/empresas\/726\/imagenes\/thumbnails\/11245171\/foto-cas.webp","properties_post_title":"foto cas","properties_post_alt":"foto cas"},{"properties_post_image_order":12,"properties_post_image_url":"https:\/\/movin.cloud\/empresas\/726\/imagenes\/11245171\/foto-casa-venta.webp","properties_post_image_url_thumbnail":"https:\/\/movin.cloud\/empresas\/726\/imagenes\/thumbnails\/11245171\/foto-casa-venta.webp","properties_post_title":"foto casa venta","properties_post_alt":"foto casa venta"},{"properties_post_image_order":13,"properties_post_image_url":"https:\/\/movin.cloud\/empresas\/726\/imagenes\/11245171\/foto-casa-con-jardin.webp","properties_post_image_url_thumbnail":"https:\/\/movin.cloud\/empresas\/726\/imagenes\/thumbnails\/11245171\/foto-casa-con-jardin.webp","properties_post_title":"foto casa con jardin","properties_post_alt":"foto casa con jardin"},{"properties_post_image_order":14,"properties_post_image_url":"https:\/\/movin.cloud\/empresas\/726\/imagenes\/11245171\/foto-casa.webp","properties_post_image_url_thumbnail":"https:\/\/movin.cloud\/empresas\/726\/imagenes\/thumbnails\/11245171\/foto-casa.webp","properties_post_title":"foto casa","properties_post_alt":"foto casa"},{"properties_post_image_order":15,"properties_post_image_url":"https:\/\/movin.cloud\/empresas\/726\/imagenes\/11245171\/casa-para-idealista.webp","properties_post_image_url_thumbnail":"https:\/\/movin.cloud\/empresas\/726\/imagenes\/thumbnails\/11245171\/casa-para-idealista.webp","properties_post_title":"casa para idealista","properties_post_alt":"casa para idealista"},{"properties_post_image_order":16,"properties_post_image_url":"https:\/\/movin.cloud\/empresas\/726\/imagenes\/11245171\/casa-ideal.webp","properties_post_image_url_thumbnail":"https:\/\/movin.cloud\/empresas\/726\/imagenes\/thumbnails\/11245171\/casa-ideal.webp","properties_post_title":"casa ideal","properties_post_alt":"casa ideal"},{"properties_post_image_order":17,"properties_post_image_url":"https:\/\/movin.cloud\/empresas\/726\/imagenes\/11245171\/venta-viviendas.webp","properties_post_image_url_thumbnail":"https:\/\/movin.cloud\/empresas\/726\/imagenes\/thumbnails\/11245171\/venta-viviendas.webp","properties_post_title":"venta viviendas","properties_post_alt":"venta viviendas"},{"properties_post_image_order":18,"properties_post_image_url":"https:\/\/movin.cloud\/empresas\/726\/imagenes\/11245171\/pisos-y-casas-en-venta.webp","properties_post_image_url_thumbnail":"https:\/\/movin.cloud\/empresas\/726\/imagenes\/thumbnails\/11245171\/pisos-y-casas-en-venta.webp","properties_post_title":"pisos y casas en venta","properties_post_alt":"pisos y casas en venta"},{"properties_post_image_order":19,"properties_post_image_url":"https:\/\/movin.cloud\/empresas\/726\/imagenes\/11245171\/casas.webp","properties_post_image_url_thumbnail":"https:\/\/movin.cloud\/empresas\/726\/imagenes\/thumbnails\/11245171\/casas.webp","properties_post_title":"casas","properties_post_alt":"casas"},{"properties_post_image_order":20,"properties_post_image_url":"https:\/\/movin.cloud\/empresas\/726\/imagenes\/11245171\/comprar.webp","properties_post_image_url_thumbnail":"https:\/\/movin.cloud\/empresas\/726\/imagenes\/thumbnails\/11245171\/comprar.webp","properties_post_title":"comprar","properties_post_alt":"comprar"},{"properties_post_image_order":21,"properties_post_image_url":"https:\/\/movin.cloud\/empresas\/726\/imagenes\/11245171\/viviendas.webp","properties_post_image_url_thumbnail":"https:\/\/movin.cloud\/empresas\/726\/imagenes\/thumbnails\/11245171\/viviendas.webp","properties_post_title":"viviendas","properties_post_alt":"viviendas"},{"properties_post_image_order":22,"properties_post_image_url":"https:\/\/movin.cloud\/empresas\/726\/imagenes\/11245171\/habitalia.webp","properties_post_image_url_thumbnail":"https:\/\/movin.cloud\/empresas\/726\/imagenes\/thumbnails\/11245171\/habitalia.webp","properties_post_title":"habitalia","properties_post_alt":"habitalia"},{"properties_post_image_order":23,"properties_post_image_url":"https:\/\/movin.cloud\/empresas\/726\/imagenes\/11245171\/venta.webp","properties_post_image_url_thumbnail":"https:\/\/movin.cloud\/empresas\/726\/imagenes\/thumbnails\/11245171\/venta.webp","properties_post_title":"venta","properties_post_alt":"venta"},{"properties_post_image_order":24,"properties_post_image_url":"https:\/\/movin.cloud\/empresas\/726\/imagenes\/11245171\/inmobiliarias.webp","properties_post_image_url_thumbnail":"https:\/\/movin.cloud\/empresas\/726\/imagenes\/thumbnails\/11245171\/inmobiliarias.webp","properties_post_title":"inmobiliarias","properties_post_alt":"inmobiliarias"},{"properties_post_image_order":25,"properties_post_image_url":"https:\/\/movin.cloud\/empresas\/726\/imagenes\/11245171\/inmobiliaria.webp","properties_post_image_url_thumbnail":"https:\/\/movin.cloud\/empresas\/726\/imagenes\/thumbnails\/11245171\/inmobiliaria.webp","properties_post_title":"inmobiliaria","properties_post_alt":"inmobiliaria"},{"properties_post_image_order":26,"properties_post_image_url":"https:\/\/movin.cloud\/empresas\/726\/imagenes\/11245171\/fincas.webp","properties_post_image_url_thumbnail":"https:\/\/movin.cloud\/empresas\/726\/imagenes\/thumbnails\/11245171\/fincas.webp","properties_post_title":"fincas","properties_post_alt":"fincas"},{"properties_post_image_order":27,"properties_post_image_url":"https:\/\/movin.cloud\/empresas\/726\/imagenes\/11245171\/venta-de-casas-l'ametlla-del-valles.webp","properties_post_image_url_thumbnail":"https:\/\/movin.cloud\/empresas\/726\/imagenes\/thumbnails\/11245171\/venta-de-casas-l'ametlla-del-valles.webp","properties_post_title":"venta de casas l'ametlla del valles","properties_post_alt":"venta de casas l'ametlla del valles"},{"properties_post_image_order":28,"properties_post_image_url":"https:\/\/movin.cloud\/empresas\/726\/imagenes\/11245171\/casas-en-vent-l'ametlla-del-valles.webp","properties_post_image_url_thumbnail":"https:\/\/movin.cloud\/empresas\/726\/imagenes\/thumbnails\/11245171\/casas-en-vent-l'ametlla-del-valles.webp","properties_post_title":"casas en vent l'ametlla del valles","properties_post_alt":"casas en vent l'ametlla del valles"},{"properties_post_image_order":29,"properties_post_image_url":"https:\/\/movin.cloud\/empresas\/726\/imagenes\/11245171\/venta-casa-l'ametlla-del-valles.webp","properties_post_image_url_thumbnail":"https:\/\/movin.cloud\/empresas\/726\/imagenes\/thumbnails\/11245171\/venta-casa-l'ametlla-del-valles.webp","properties_post_title":"venta casa l'ametlla del valles","properties_post_alt":"venta casa l'ametlla del valles"},{"properties_post_image_order":30,"properties_post_image_url":"https:\/\/movin.cloud\/empresas\/726\/imagenes\/11245171\/venta-casas-l'ametlla-del-valles.webp","properties_post_image_url_thumbnail":"https:\/\/movin.cloud\/empresas\/726\/imagenes\/thumbnails\/11245171\/venta-casas-l'ametlla-del-valles.webp","properties_post_title":"venta casas l'ametlla del valles","properties_post_alt":"venta casas l'ametlla del valles"},{"properties_post_image_order":31,"properties_post_image_url":"https:\/\/movin.cloud\/empresas\/726\/imagenes\/11245171\/casa-en-venta-l'ametlla-del-valles.webp","properties_post_image_url_thumbnail":"https:\/\/movin.cloud\/empresas\/726\/imagenes\/thumbnails\/11245171\/casa-en-venta-l'ametlla-del-valles.webp","properties_post_title":"casa en venta l'ametlla del valles","properties_post_alt":"casa en venta l'ametlla del valles"},{"properties_post_image_order":32,"properties_post_image_url":"https:\/\/movin.cloud\/empresas\/726\/imagenes\/11245171\/comprar-casa-l'ametlla-del-valles.webp","properties_post_image_url_thumbnail":"https:\/\/movin.cloud\/empresas\/726\/imagenes\/thumbnails\/11245171\/comprar-casa-l'ametlla-del-valles.webp","properties_post_title":"comprar casa l'ametlla del valles","properties_post_alt":"comprar casa l'ametlla del valles"},{"properties_post_image_order":33,"properties_post_image_url":"https:\/\/movin.cloud\/empresas\/726\/imagenes\/11245171\/casa-venta-l'ametlla-del-valles.webp","properties_post_image_url_thumbnail":"https:\/\/movin.cloud\/empresas\/726\/imagenes\/thumbnails\/11245171\/casa-venta-l'ametlla-del-valles.webp","properties_post_title":"casa venta l'ametlla del valles","properties_post_alt":"casa venta l'ametlla del valles"},{"properties_post_image_order":34,"properties_post_image_url":"https:\/\/movin.cloud\/empresas\/726\/imagenes\/11245171\/compra-l'ametlla-del-valles.webp","properties_post_image_url_thumbnail":"https:\/\/movin.cloud\/empresas\/726\/imagenes\/thumbnails\/11245171\/compra-l'ametlla-del-valles.webp","properties_post_title":"compra l'ametlla del valles","properties_post_alt":"compra l'ametlla del valles"},{"properties_post_image_order":35,"properties_post_image_url":"https:\/\/movin.cloud\/empresas\/726\/imagenes\/11245171\/venta-de-casa-l'ametlla-del-valles.webp","properties_post_image_url_thumbnail":"https:\/\/movin.cloud\/empresas\/726\/imagenes\/thumbnails\/11245171\/venta-de-casa-l'ametlla-del-valles.webp","properties_post_title":"venta de casa l'ametlla del valles","properties_post_alt":"venta de casa l'ametlla del valles"},{"properties_post_image_order":36,"properties_post_image_url":"https:\/\/movin.cloud\/empresas\/726\/imagenes\/11245171\/compra-para-idealistas-l'ametlla-del-valles.webp","properties_post_image_url_thumbnail":"https:\/\/movin.cloud\/empresas\/726\/imagenes\/thumbnails\/11245171\/compra-para-idealistas-l'ametlla-del-valles.webp","properties_post_title":"compra para idealistas l'ametlla del valles","properties_post_alt":"compra para idealistas l'ametlla del valles"},{"properties_post_image_order":37,"properties_post_image_url":"https:\/\/movin.cloud\/empresas\/726\/imagenes\/11245171\/foto-cas-l'ametlla-del-valles.webp","properties_post_image_url_thumbnail":"https:\/\/movin.cloud\/empresas\/726\/imagenes\/thumbnails\/11245171\/foto-cas-l'ametlla-del-valles.webp","properties_post_title":"foto cas l'ametlla del valles","properties_post_alt":"foto cas l'ametlla del valles"},{"properties_post_image_order":38,"properties_post_image_url":"https:\/\/movin.cloud\/empresas\/726\/imagenes\/11245171\/foto-casa-venta-l'ametlla-del-valles.webp","properties_post_image_url_thumbnail":"https:\/\/movin.cloud\/empresas\/726\/imagenes\/thumbnails\/11245171\/foto-casa-venta-l'ametlla-del-valles.webp","properties_post_title":"foto casa venta l'ametlla del valles","properties_post_alt":"foto casa venta l'ametlla del valles"},{"properties_post_image_order":39,"properties_post_image_url":"https:\/\/movin.cloud\/empresas\/726\/imagenes\/11245171\/foto-casa-con-jardin-l'ametlla-del-valles.webp","properties_post_image_url_thumbnail":"https:\/\/movin.cloud\/empresas\/726\/imagenes\/thumbnails\/11245171\/foto-casa-con-jardin-l'ametlla-del-valles.webp","properties_post_title":"foto casa con jardin l'ametlla del valles","properties_post_alt":"foto casa con jardin l'ametlla del valles"},{"properties_post_image_order":40,"properties_post_image_url":"https:\/\/movin.cloud\/empresas\/726\/imagenes\/11245171\/foto-casa-l'ametlla-del-valles.webp","properties_post_image_url_thumbnail":"https:\/\/movin.cloud\/empresas\/726\/imagenes\/thumbnails\/11245171\/foto-casa-l'ametlla-del-valles.webp","properties_post_title":"foto casa l'ametlla del valles","properties_post_alt":"foto casa l'ametlla del valles"},{"properties_post_image_order":41,"properties_post_image_url":"https:\/\/movin.cloud\/empresas\/726\/imagenes\/11245171\/casa-para-idealista-l'ametlla-del-valles.webp","properties_post_image_url_thumbnail":"https:\/\/movin.cloud\/empresas\/726\/imagenes\/thumbnails\/11245171\/casa-para-idealista-l'ametlla-del-valles.webp","properties_post_title":"casa para idealista l'ametlla del valles","properties_post_alt":"casa para idealista l'ametlla del valles"},{"properties_post_image_order":42,"properties_post_image_url":"https:\/\/movin.cloud\/empresas\/726\/imagenes\/11245171\/casa-ideal-l'ametlla-del-valles.webp","properties_post_image_url_thumbnail":"https:\/\/movin.cloud\/empresas\/726\/imagenes\/thumbnails\/11245171\/casa-ideal-l'ametlla-del-valles.webp","properties_post_title":"casa ideal l'ametlla del valles","properties_post_alt":"casa ideal l'ametlla del valles"},{"properties_post_image_order":43,"properties_post_image_url":"https:\/\/movin.cloud\/empresas\/726\/imagenes\/11245171\/venta-viviendas-l'ametlla-del-valles.webp","properties_post_image_url_thumbnail":"https:\/\/movin.cloud\/empresas\/726\/imagenes\/thumbnails\/11245171\/venta-viviendas-l'ametlla-del-valles.webp","properties_post_title":"venta viviendas l'ametlla del valles","properties_post_alt":"venta viviendas l'ametlla del valles"},{"properties_post_image_order":44,"properties_post_image_url":"https:\/\/movin.cloud\/empresas\/726\/imagenes\/11245171\/pisos-y-casas-en-venta-l'ametlla-del-valles.webp","properties_post_image_url_thumbnail":"https:\/\/movin.cloud\/empresas\/726\/imagenes\/thumbnails\/11245171\/pisos-y-casas-en-venta-l'ametlla-del-valles.webp","properties_post_title":"pisos y casas en venta l'ametlla del valles","properties_post_alt":"pisos y casas en venta l'ametlla del valles"},{"properties_post_image_order":45,"properties_post_image_url":"https:\/\/movin.cloud\/empresas\/726\/imagenes\/11245171\/casas-l'ametlla-del-valles.webp","properties_post_image_url_thumbnail":"https:\/\/movin.cloud\/empresas\/726\/imagenes\/thumbnails\/11245171\/casas-l'ametlla-del-valles.webp","properties_post_title":"casas l'ametlla del valles","properties_post_alt":"casas l'ametlla del valles"},{"properties_post_image_order":46,"properties_post_image_url":"https:\/\/movin.cloud\/empresas\/726\/imagenes\/11245171\/comprar-l'ametlla-del-valles.webp","properties_post_image_url_thumbnail":"https:\/\/movin.cloud\/empresas\/726\/imagenes\/thumbnails\/11245171\/comprar-l'ametlla-del-valles.webp","properties_post_title":"comprar l'ametlla del valles","properties_post_alt":"comprar l'ametlla del valles"},{"properties_post_image_order":47,"properties_post_image_url":"https:\/\/movin.cloud\/empresas\/726\/imagenes\/11245171\/viviendas-l'ametlla-del-valles.webp","properties_post_image_url_thumbnail":"https:\/\/movin.cloud\/empresas\/726\/imagenes\/thumbnails\/11245171\/viviendas-l'ametlla-del-valles.webp","properties_post_title":"viviendas l'ametlla del valles","properties_post_alt":"viviendas l'ametlla del valles"},{"properties_post_image_order":48,"properties_post_image_url":"https:\/\/movin.cloud\/empresas\/726\/imagenes\/11245171\/habitalia-l'ametlla-del-valles.webp","properties_post_image_url_thumbnail":"https:\/\/movin.cloud\/empresas\/726\/imagenes\/thumbnails\/11245171\/habitalia-l'ametlla-del-valles.webp","properties_post_title":"habitalia l'ametlla del valles","properties_post_alt":"habitalia l'ametlla del valles"},{"properties_post_image_order":49,"properties_post_image_url":"https:\/\/movin.cloud\/empresas\/726\/imagenes\/11245171\/venta-l'ametlla-del-valles.webp","properties_post_image_url_thumbnail":"https:\/\/movin.cloud\/empresas\/726\/imagenes\/thumbnails\/11245171\/venta-l'ametlla-del-valles.webp","properties_post_title":"venta l'ametlla del valles","properties_post_alt":"venta l'ametlla del valles"},{"properties_post_image_order":50,"properties_post_image_url":"https:\/\/movin.cloud\/empresas\/726\/imagenes\/11245171\/inmobiliarias-l'ametlla-del-valles.webp","properties_post_image_url_thumbnail":"https:\/\/movin.cloud\/empresas\/726\/imagenes\/thumbnails\/11245171\/inmobiliarias-l'ametlla-del-valles.webp","properties_post_title":"inmobiliarias l'ametlla del valles","properties_post_alt":"inmobiliarias l'ametlla del valles"},{"properties_post_image_order":51,"properties_post_image_url":"https:\/\/movin.cloud\/empresas\/726\/imagenes\/11245171\/inmobiliaria-l'ametlla-del-valles.webp","properties_post_image_url_thumbnail":"https:\/\/movin.cloud\/empresas\/726\/imagenes\/thumbnails\/11245171\/inmobiliaria-l'ametlla-del-valles.webp","properties_post_title":"inmobiliaria l'ametlla del valles","properties_post_alt":"inmobiliaria l'ametlla del valles"},{"properties_post_image_order":52,"properties_post_image_url":"https:\/\/movin.cloud\/empresas\/726\/imagenes\/11245171\/fincas-l'ametlla-del-valles.webp","properties_post_image_url_thumbnail":"https:\/\/movin.cloud\/empresas\/726\/imagenes\/thumbnails\/11245171\/fincas-l'ametlla-del-valles.webp","properties_post_title":"fincas l'ametlla del valles","properties_post_alt":"fincas l'ametlla del valles"},{"properties_post_image_order":53,"properties_post_image_url":"https:\/\/movin.cloud\/empresas\/726\/imagenes\/11245171\/l'ametlla-del-valles-venta-de-casas.webp","properties_post_image_url_thumbnail":"https:\/\/movin.cloud\/empresas\/726\/imagenes\/thumbnails\/11245171\/l'ametlla-del-valles-venta-de-casas.webp","properties_post_title":"l'ametlla del valles venta de casas","properties_post_alt":"l'ametlla del valles venta de casas"},{"properties_post_image_order":54,"properties_post_image_url":"https:\/\/movin.cloud\/empresas\/726\/imagenes\/11245171\/l'ametlla-del-valles-casas-en-vent.webp","properties_post_image_url_thumbnail":"https:\/\/movin.cloud\/empresas\/726\/imagenes\/thumbnails\/11245171\/l'ametlla-del-valles-casas-en-vent.webp","properties_post_title":"l'ametlla del valles casas en vent","properties_post_alt":"l'ametlla del valles casas en vent"}],"post_type_properties_post_videos":[{"properties_post_video_url":"https:\/\/www.youtube.com\/watch?v=daJliQMBFas","properties_post_video_order":"999"}],"post_type_properties_post_tour":null,"post_type_properties_post_dossier_url":"","post_type_properties_post_operation_type":"sale","post_type_properties_post_operation_price":550000,"post_type_properties_post_features_hidden_price":false},"yoast_head":"<!-- This site is optimized with the Yoast SEO plugin v27.4 - https:\/\/yoast.com\/product\/yoast-seo-wordpress\/ -->\n<title>Encantadora Mas\u00eda de 332 m\u00b2 con terreno en pleno centro de l\u2019Ametlla del Vall\u00e9s - Forcadell<\/title>\n<meta name=\"robots\" content=\"index, follow, max-snippet:-1, max-image-preview:large, max-video-preview:-1\" \/>\n<link rel=\"canonical\" href=\"https:\/\/forcadell.com\/ca\/propiedades\/encantadora-masia-de-332-m%c2%b2-con-terreno-en-pleno-centro-de-lametlla-del-valles\/\" \/>\n<meta property=\"og:locale\" content=\"ca_ES\" \/>\n<meta property=\"og:type\" content=\"article\" \/>\n<meta property=\"og:title\" content=\"Encantadora Mas\u00eda de 332 m\u00b2 con terreno en pleno centro de l\u2019Ametlla del Vall\u00e9s - Forcadell\" \/>\n<meta property=\"og:description\" content=\"Encantadora Mas\u00eda con terreno en pleno centro de l\u2019Ametlla del Vall\u00e9s. La casa est\u00e1 en un entorno privilegiado con vistas espectaculares al pueblo y a la monta\u00f1a. Construida en una parcela de 1417 m\u00b2, la mas\u00eda cuenta con 332 m\u00b2 construidos. La propiedad se distribuye en dos plantas y todas sus estancias son exteriores, lo [&hellip;]\" \/>\n<meta property=\"og:url\" content=\"https:\/\/forcadell.com\/ca\/propiedades\/encantadora-masia-de-332-m%c2%b2-con-terreno-en-pleno-centro-de-lametlla-del-valles\/\" \/>\n<meta property=\"og:site_name\" content=\"Forcadell\" \/>\n<meta property=\"article:modified_time\" content=\"2026-05-01T15:00:48+00:00\" \/>\n<meta name=\"twitter:card\" content=\"summary_large_image\" \/>\n<meta name=\"twitter:label1\" content=\"Temps estimat de lectura\" \/>\n\t<meta name=\"twitter:data1\" content=\"1 minut\" \/>\n<!-- \/ Yoast SEO plugin. -->","yoast_head_json":{"title":"Encantadora Mas\u00eda de 332 m\u00b2 con terreno en pleno centro de l\u2019Ametlla del Vall\u00e9s - Forcadell","robots":{"index":"index","follow":"follow","max-snippet":"max-snippet:-1","max-image-preview":"max-image-preview:large","max-video-preview":"max-video-preview:-1"},"canonical":"https:\/\/forcadell.com\/ca\/propiedades\/encantadora-masia-de-332-m%c2%b2-con-terreno-en-pleno-centro-de-lametlla-del-valles\/","og_locale":"ca_ES","og_type":"article","og_title":"Encantadora Mas\u00eda de 332 m\u00b2 con terreno en pleno centro de l\u2019Ametlla del Vall\u00e9s - Forcadell","og_description":"Encantadora Mas\u00eda con terreno en pleno centro de l\u2019Ametlla del Vall\u00e9s. La casa est\u00e1 en un entorno privilegiado con vistas espectaculares al pueblo y a la monta\u00f1a. Construida en una parcela de 1417 m\u00b2, la mas\u00eda cuenta con 332 m\u00b2 construidos. La propiedad se distribuye en dos plantas y todas sus estancias son exteriores, lo [&hellip;]","og_url":"https:\/\/forcadell.com\/ca\/propiedades\/encantadora-masia-de-332-m%c2%b2-con-terreno-en-pleno-centro-de-lametlla-del-valles\/","og_site_name":"Forcadell","article_modified_time":"2026-05-01T15:00:48+00:00","twitter_card":"summary_large_image","twitter_misc":{"Temps estimat de lectura":"1 minut"},"schema":{"@context":"https:\/\/schema.org","@graph":[{"@type":"WebPage","@id":"https:\/\/forcadell.com\/ca\/propiedades\/encantadora-masia-de-332-m%c2%b2-con-terreno-en-pleno-centro-de-lametlla-del-valles\/","url":"https:\/\/forcadell.com\/ca\/propiedades\/encantadora-masia-de-332-m%c2%b2-con-terreno-en-pleno-centro-de-lametlla-del-valles\/","name":"Encantadora Mas\u00eda de 332 m\u00b2 con terreno en pleno centro de l\u2019Ametlla del Vall\u00e9s - Forcadell","isPartOf":{"@id":"https:\/\/forcadell.com\/ca\/#website"},"datePublished":"2025-11-04T13:06:23+00:00","dateModified":"2026-05-01T15:00:48+00:00","breadcrumb":{"@id":"https:\/\/forcadell.com\/ca\/propiedades\/encantadora-masia-de-332-m%c2%b2-con-terreno-en-pleno-centro-de-lametlla-del-valles\/#breadcrumb"},"inLanguage":"ca","potentialAction":[{"@type":"ReadAction","target":["https:\/\/forcadell.com\/ca\/propiedades\/encantadora-masia-de-332-m%c2%b2-con-terreno-en-pleno-centro-de-lametlla-del-valles\/"]}]},{"@type":"BreadcrumbList","@id":"https:\/\/forcadell.com\/ca\/propiedades\/encantadora-masia-de-332-m%c2%b2-con-terreno-en-pleno-centro-de-lametlla-del-valles\/#breadcrumb","itemListElement":[{"@type":"ListItem","position":1,"name":"Portada","item":"https:\/\/forcadell.com\/ca\/"},{"@type":"ListItem","position":2,"name":"Properties","item":"https:\/\/forcadell.com\/ca\/propiedades\/"},{"@type":"ListItem","position":3,"name":"Encantadora Mas\u00eda de 332 m\u00b2 con terreno en pleno centro de l\u2019Ametlla del Vall\u00e9s"}]},{"@type":"WebSite","@id":"https:\/\/forcadell.com\/ca\/#website","url":"https:\/\/forcadell.com\/ca\/","name":"Forcadell","description":"Inmobiliaria Barcelona | Consultores inmobiliarios","potentialAction":[{"@type":"SearchAction","target":{"@type":"EntryPoint","urlTemplate":"https:\/\/forcadell.com\/ca\/?s={search_term_string}"},"query-input":{"@type":"PropertyValueSpecification","valueRequired":true,"valueName":"search_term_string"}}],"inLanguage":"ca"}]}},"_links":{"self":[{"href":"https:\/\/forcadell.com\/ca\/wp-json\/wp\/v2\/properties_post\/56723","targetHints":{"allow":["GET"]}}],"collection":[{"href":"https:\/\/forcadell.com\/ca\/wp-json\/wp\/v2\/properties_post"}],"about":[{"href":"https:\/\/forcadell.com\/ca\/wp-json\/wp\/v2\/types\/properties_post"}],"wp:attachment":[{"href":"https:\/\/forcadell.com\/ca\/wp-json\/wp\/v2\/media?parent=56723"}],"curies":[{"name":"wp","href":"https:\/\/api.w.org\/{rel}","templated":true}]}}