{"id":56705,"date":"2025-11-04T15:04:56","date_gmt":"2025-11-04T13:04:56","guid":{"rendered":"https:\/\/www.forcadell.com\/propiedades\/espectacular-casa-en-albarosa-con-vistas-panoramicas-hasta-el-mar\/"},"modified":"2026-05-01T15:00:42","modified_gmt":"2026-05-01T13:00:42","slug":"espectacular-casa-en-albarosa-con-vistas-panoramicas-hasta-el-mar","status":"publish","type":"properties_post","link":"https:\/\/forcadell.com\/ca\/propiedades\/espectacular-casa-en-albarosa-con-vistas-panoramicas-hasta-el-mar\/","title":{"rendered":"Espectacular casa en Albarosa con vistas panor\u00e1micas hasta el mar"},"content":{"rendered":"<p>Te presentamos esta impresionante vivienda ubicada en la exclusiva zona de Albarosa, en Viladecans, una casa que combina a la perfecci\u00f3n amplitud, confort y una ubicaci\u00f3n privilegiada con vistas despejadas que alcanzan hasta el mar.<\/p>\n<p>Distribuida en tres plantas, esta propiedad ofrece todas las comodidades que necesitas para disfrutar de un estilo de vida \u00fanico:<\/p>\n<p>\u2022 Planta principal: amplio y luminoso sal\u00f3n-comedor, ideal para reuniones familiares y momentos de relax, cocina independiente equipada con sistema de \u00f3smosis, un ba\u00f1o completo, un pr\u00e1ctico despacho y acceso directo al patio privado con una espectacular piscina.<br \/>\n\u2022 Primera planta: dispone de cuatro habitaciones (dos de ellas dobles y una en suite), todas con salida al balc\u00f3n privado con vistas. Adem\u00e1s, cuenta con otro ba\u00f1o completo.<br \/>\n\u2022 \u00daltima planta: una encantadora buhardilla con mirador, perfecta como zona de lectura, estudio o simplemente para disfrutar de las impresionantes vistas que llegan hasta el mar.<\/p>\n<p>La casa incluye un garaje con capacidad para dos veh\u00edculos y un ascensor privado que conecta desde el garaje hasta todas las plantas de la vivienda. Adem\u00e1s, est\u00e1 equipada con placas solares, aportando eficiencia energ\u00e9tica y sostenibilidad.<\/p>\n<p>Situada en una de las zonas m\u00e1s demandadas de Viladecans, Albarosa te ofrece tranquilidad, privacidad y proximidad a todos los servicios, colegios y transporte.<\/p>\n<p>Una propiedad \u00fanica que lo tiene todo. \u00a1No dejes pasar esta oportunidad!<\/p>\n<p>Ven a visitarla y enam\u00f3rate de sus vistas y su encanto.<\/p>\n<p>Caracter\u00edsticas b\u00e1sicas<br \/>\n\u2022 Casa o chalet independiente<br \/>\n\u2022 3 plantas<br \/>\n\u2022 265 m\u00b2 construidos, 203 m\u00b2 \u00fatiles<br \/>\n\u2022 5 habitaciones<br \/>\n\u2022 4 ba\u00f1os<br \/>\n\u2022 Parcela de 445 m\u00b2<br \/>\n\u2022 Terraza y balc\u00f3n<br \/>\n\u2022 Plaza de garaje incluida en el precio<br \/>\n\u2022 Segunda mano\/buen estado<br \/>\n\u2022 Armarios empotrados<br \/>\n\u2022 Orientaci\u00f3n sur<br \/>\n\u2022 Construido en 1990<br \/>\n\u2022 Calefacci\u00f3n central: Gasoil<br \/>\nEquipamiento<br \/>\n\u2022 Piscina<br \/>\n\u2022 Jard\u00edn<br \/>\n\u2022 Ascensor<br \/>\n\u2022 Placas Solares<\/p>\n<p>Estado de la vivienda: En buen estado<br \/>\nSuperficie \u00fatil: 145,91m\u00b2<br \/>\nSuperficie construida: 265m\u00b2<br \/>\nCHB0367682xxxx<br \/>\nITP: Tipo vigente<br \/>\nGastos notariales y registrales seg\u00fan arancel<br \/>\nN\u00famero AICAT: 163<br \/>\nN\u00famero API: 1646<\/p>\n","protected":false},"template":"","class_list":["post-56705","properties_post","type-properties_post","status-publish","hentry","properties_modality-sale","properties_province-barcelona","properties_state-viladecans","properties_subclass-casa-unifamiliar-aislada","properties_type-casa"],"acf":{"post_type_properties_post_property_code":"11247674","post_type_properties_post_property_reference":"GAV_3482","post_type_properties_post_owner_id":"242282","post_type_properties_post_owner_name":"ISIDRE VEY FERNANDEZ","post_type_properties_post_property_code_encrypted":"MjQ5JDMyMjQx","post_type_properties_post_published":"1","post_type_properties_post_property_visibility":"idealista","post_type_properties_post_contact_name":"Forcadell Gav\u00e0","post_type_properties_post_contact_email":"forcadell.gava@movin.cloud","post_type_properties_post_contact_primary_phone_prefix":"34","post_type_properties_post_contact_primary_phone_number":"934965408","post_type_properties_post_address_visibility":"street","post_type_properties_post_address_country":"Spain","post_type_properties_post_address_coordinates_precision":"exact","post_type_properties_post_address_postal_code":"08840","post_type_properties_post_address_coordinates_latitude":"41.3224938","post_type_properties_post_address_coordinates_longitude":"2.0037865","post_type_properties_post_address_street_name":"C\/ Cretes 8","post_type_properties_post_address_floor":"","post_type_properties_post_address_town":"Viladecans","post_type_properties_post_building":null,"post_type_properties_post_property":[{"properties_post_description_language":"catalan","properties_post_title":"Espectacular casa a Albarosa amb vistes panor\u00e0miques fins al mar","properties_post_short_description_text_alt":"","properties_post_description_text_alt":"","properties_post_short_description_text":"Espectacular casa a Albarosa amb vistes panor\u00e0miques fins al mar","properties_post_link_demanda_inmueble":"https:\/\/movin.cloud\/ca\/Forcadell Gav\u00e0\/formulari-peticio-immoble\/sth\/1884&&11247674","properties_post_link_demanda_calendario_inmueble":"https:\/\/movin.cloud\/ca\/Forcadell Gav\u00e0\/calendari-peticio-immoble\/sth\/1884&&11247674","properties_post_description_text":"Et presentem aquest impressionant habitatge situat a la zona exclusiva d'Albarosa, a Viladecans, una casa que combina a la perfecci\u00f3 amplitud, confort i una ubicaci\u00f3 privilegiada amb vistes clares que arriben fins al mar.\n\nDistribu\u00efda en tres plantes, aquesta propietat ofereix totes les comoditats que necessites per gaudir d\u2019un estil de vida \u00fanic:\n\n\u2022 Planta principal: ampli i llumin\u00f3s sal\u00f3-menjador, ideal per a reunions familiars i moments de relaxament, cuina independent equipada amb sistema d\u2019osmosi, un bany complet, un despatx pr\u00e0ctic i acc\u00e9s directe al pati privat amb una espectacular piscina.\n\u2022 Primera planta: disposa de quatre habitacions (dues dobles i una en suite), totes amb sortida al balc\u00f3 privat amb vistes. A m\u00e9s, compta amb un altre bany complet.\n\u2022 \u00daltima planta: unes encantadores golfes amb mirador, perfecta com a zona de lectura, estudi o simplement per gaudir de les impressionants vistes que arriben fins al mar.\n\nLa casa inclou un garatge amb capacitat per a dos vehicles i un ascensor privat que connecta des del garatge fins a totes les plantes de l\u2019habitatge. A m\u00e9s, est\u00e0 equipada amb plaques solars, aportant efici\u00e8ncia energ\u00e8tica i sostenibilitat.\n\nSituada en una de les zones m\u00e9s sol\u00b7licitades de Viladecans, Albarosa t\u2019ofereix tranquil\u00b7litat, privacitat i proximitat a tots els serveis, escoles i transport.\n\nUna propietat \u00fanica que ho t\u00e9 tot. No deixis passar aquesta oportunitat!\n\nVine a visitar-la i enamora\u2019t de les seves vistes i el seu encant.\n\nCaracter\u00edstiques b\u00e0siques\n\u2022 Casa o xalet independent\n\u2022 3 plantes\n\u2022 265 m\u00b2 constru\u00efts, 203 m\u00b2 \u00fatils\n\u2022 5 habitacions\n\u2022 4 banys\n\u2022 Parcel\u00b7la de 445 m\u00b2\n\u2022 Terrassa i balc\u00f3\n\u2022 Pla\u00e7a de garatge inclosa en el preu\n\u2022 Segona m\u00e0 \/ bon estat\n\u2022 Armaris encastats\n\u2022 Orientaci\u00f3 sud\n\u2022 Constru\u00efda el 1990\n\u2022 Calefacci\u00f3 central: gasoil\n\nEquipament\nPiscina\nJard\u00ed\nAscensor\nPlacs solars\n\nEstat de l\u2019habitatge: En bon estat\nSuperf\u00edcie \u00fatil: 145,91 m\u00b2\nSuperf\u00edcie constru\u00efda: 265 m\u00b2\nCHB0367682xxxx\nITP: Tipus vigent\nDespeses notarials i registrals segons aranzel\nN\u00famero AICAT: 163\nN\u00famero API: 1646","properties_post_seo_title":"","properties_post_seo_alias":"","properties_post_seo_metadescription":"","properties_post_seo_key_words":"","properties_post_seo_url":"","properties_post_terms_conditions":""},{"properties_post_description_language":"spanish","properties_post_title":"Espectacular casa en Albarosa con vistas panor\u00e1micas hasta el mar","properties_post_short_description_text_alt":"","properties_post_description_text_alt":"","properties_post_short_description_text":"Espectacular casa en Albarosa con vistas panor\u00e1micas hasta el mar","properties_post_link_demanda_inmueble":"https:\/\/movin.cloud\/es\/Forcadell Gav\u00e0\/formulario-peticion-inmueble\/sth\/1884&&11247674","properties_post_link_demanda_calendario_inmueble":"https:\/\/movin.cloud\/es\/Forcadell Gav\u00e0\/calendario-peticion-inmueble\/sth\/1884&&11247674","properties_post_description_text":"Te presentamos esta impresionante vivienda ubicada en la exclusiva zona de Albarosa, en Viladecans, una casa que combina a la perfecci\u00f3n amplitud, confort y una ubicaci\u00f3n privilegiada con vistas despejadas que alcanzan hasta el mar.\n\nDistribuida en tres plantas, esta propiedad ofrece todas las comodidades que necesitas para disfrutar de un estilo de vida \u00fanico:\n\n\u2022 Planta principal: amplio y luminoso sal\u00f3n-comedor, ideal para reuniones familiares y momentos de relax, cocina independiente equipada con sistema de \u00f3smosis, un ba\u00f1o completo, un pr\u00e1ctico despacho y acceso directo al patio privado con una espectacular piscina.\n\u2022 Primera planta: dispone de cuatro habitaciones (dos de ellas dobles y una en suite), todas con salida al balc\u00f3n privado con vistas. Adem\u00e1s, cuenta con otro ba\u00f1o completo.\n\u2022 \u00daltima planta: una encantadora buhardilla con mirador, perfecta como zona de lectura, estudio o simplemente para disfrutar de las impresionantes vistas que llegan hasta el mar.\n\nLa casa incluye un garaje con capacidad para dos veh\u00edculos y un ascensor privado que conecta desde el garaje hasta todas las plantas de la vivienda. Adem\u00e1s, est\u00e1 equipada con placas solares, aportando eficiencia energ\u00e9tica y sostenibilidad.\n\nSituada en una de las zonas m\u00e1s demandadas de Viladecans, Albarosa te ofrece tranquilidad, privacidad y proximidad a todos los servicios, colegios y transporte.\n\nUna propiedad \u00fanica que lo tiene todo. \u00a1No dejes pasar esta oportunidad!\n\nVen a visitarla y enam\u00f3rate de sus vistas y su encanto.\n\nCaracter\u00edsticas b\u00e1sicas\n\u2022 Casa o chalet independiente\n\u2022 3 plantas\n\u2022 265 m\u00b2 construidos, 203 m\u00b2 \u00fatiles\n\u2022 5 habitaciones\n\u2022 4 ba\u00f1os\n\u2022 Parcela de 445 m\u00b2\n\u2022 Terraza y balc\u00f3n\n\u2022 Plaza de garaje incluida en el precio\n\u2022 Segunda mano\/buen estado\n\u2022 Armarios empotrados\n\u2022 Orientaci\u00f3n sur\n\u2022 Construido en 1990\n\u2022 Calefacci\u00f3n central: Gasoil\nEquipamiento\n\u2022 Piscina\n\u2022 Jard\u00edn\n\u2022 Ascensor\n\u2022 Placas Solares\n\nEstado de la vivienda: En buen estado \nSuperficie \u00fatil: 145,91m\u00b2\nSuperficie construida: 265m\u00b2\nCHB0367682xxxx\nITP: Tipo vigente\nGastos notariales y registrales seg\u00fan arancel\nN\u00famero AICAT: 163\nN\u00famero API: 1646\n\n","properties_post_seo_title":"","properties_post_seo_alias":"","properties_post_seo_metadescription":"","properties_post_seo_key_words":"","properties_post_seo_url":"","properties_post_terms_conditions":""},{"properties_post_description_language":"english","properties_post_title":"Spectacular House in Albarosa with Panoramic Sea Views","properties_post_short_description_text_alt":"","properties_post_description_text_alt":"","properties_post_short_description_text":"Spectacular House in Albarosa with Panoramic Sea Views","properties_post_link_demanda_inmueble":"https:\/\/movin.cloud\/en\/Forcadell Gav\u00e0\/property-form-request\/sth\/1884&&11247674","properties_post_link_demanda_calendario_inmueble":"https:\/\/movin.cloud\/en\/Forcadell Gav\u00e0\/property-calendar-request\/sth\/1884&&11247674","properties_post_description_text":"We present to you this stunning property located in the exclusive Albarosa area of Viladecans\u2014a home that perfectly combines spaciousness, comfort, and a privileged location with unobstructed views reaching all the way to the sea.\n\nSpread over three floors, this property offers all the amenities you need to enjoy a unique lifestyle:\n\n\u2022 Main floor: spacious and bright living-dining room, ideal for family gatherings and relaxing moments, independent kitchen equipped with osmosis system, a full bathroom, a practical office, and direct access to the private patio with a spectacular pool.\n\u2022 First floor: features four bedrooms (two of them doubles and one en suite), all with access to a private balcony with views. It also includes another full bathroom.\n\u2022 Top floor: a charming attic with a lookout, perfect as a reading area, study, or simply to enjoy the breathtaking views that stretch to the sea.\n\nThe house includes a garage with space for two vehicles and a private elevator that connects the garage to all floors of the home. It is also equipped with solar panels, providing energy efficiency and sustainability.\n\nLocated in one of the most sought-after areas of Viladecans, Albarosa offers tranquility, privacy, and proximity to all services, schools, and transport.\n\nA unique property that has it all. Don\u2019t miss this opportunity!\n\nCome visit and fall in love with its views and charm.\n\nBasic Features\n\u2022 Detached house or villa\n\u2022 3 floors\n\u2022 265 m\u00b2 built, 203 m\u00b2 usable\n\u2022 5 bedrooms\n\u2022 4 bathrooms\n\u2022 445 m\u00b2 plot\n\u2022 Terrace and balcony\n\u2022 Garage space included in the price\n\u2022 Second-hand \/ good condition\n\u2022 Built-in wardrobes\n\u2022 South-facing\n\u2022 Built in 1990\n\u2022 Central heating: diesel\n\nAmenities \/ Features\nSwimming pool\nGarden\nElevator\nSolar panels\n\nProperty condition: In good condition\nUsable area: 145.91 sqm\nBuilt area: 265 sqm\nCHB0367682xxxx\nProperty Transfer Tax (ITP): Current rate\nNotary and registry fees according to tariff\nAICAT number: 163\nAPI number: 1646","properties_post_seo_title":"","properties_post_seo_alias":"","properties_post_seo_metadescription":"","properties_post_seo_key_words":"","properties_post_seo_url":"","properties_post_terms_conditions":""}],"post_type_properties_post_features_type":"house","post_type_properties_post_id_building":"","post_type_properties_post_features_area_constructed":265,"post_type_properties_post_features_conditioned_air":true,"post_type_properties_post_features_doorman":false,"post_type_properties_post_features_heating":true,"post_type_properties_post_features_equipped_kitchen":false,"post_type_properties_post_features_windows_location":"exterior","post_type_properties_post_features_floors_property":false,"post_type_properties_post_features_storage":true,"post_type_properties_post_features_security_door":false,"post_type_properties_post_features_energy_certificate_rating":"G","post_type_properties_post_features_energy_certificate_emissions_rating":"G","post_type_properties_post_features_energy_certificate_emissions_value":90,"post_type_properties_post_features_energy_certificate_performance":345,"post_type_properties_post_features_bathroom_inside":false,"post_type_properties_post_precio":835000,"post_type_properties_post_precio_alquiler":835000,"post_type_properties_post_record_type_id":"Casa","post_type_properties_post_categoria__producto":"Casa Unifamiliar Aislada","post_type_properties_post_amueblado":false,"post_type_properties_post_precio_m2":3571.43,"post_type_properties_post_zona__comunitaria":false,"post_type_properties_post_electrodomesticos":false,"post_type_properties_post_patio__interior":true,"post_type_properties_post_certificado_energetico_general":"G","post_type_properties_post_certificado_energetico_consumo":"G","post_type_properties_post_certificado_energetico_valor_emisiones":90,"post_type_properties_post_certificado_energetico_valor_consumo":345,"post_type_properties_post_modalidad":"sale","post_type_properties_post_provincia":"Barcelona","post_type_properties_post_poblacion":"Viladecans","post_type_properties_post_centro__urbano":false,"post_type_properties_post_zonificacion":"","post_type_properties_post_cartera":"","post_type_properties_post_titulo_catalan":"Espectacular casa a Albarosa amb vistes panor\u00e0miques fins al mar","post_type_properties_post_internet_catalan":"Et presentem aquest impressionant habitatge situat a la zona exclusiva d'Albarosa, a Viladecans, una casa que combina a la perfecci\u00f3 amplitud, confort i una ubicaci\u00f3 privilegiada amb vistes clares que arriben fins al mar.\n\nDistribu\u00efda en tres plantes, aquesta propietat ofereix totes les comoditats que necessites per gaudir d\u2019un estil de vida \u00fanic:\n\n\u2022 Planta principal: ampli i llumin\u00f3s sal\u00f3-menjador, ideal per a reunions familiars i moments de relaxament, cuina independent equipada amb sistema d\u2019osmosi, un bany complet, un despatx pr\u00e0ctic i acc\u00e9s directe al pati privat amb una espectacular piscina.\n\u2022 Primera planta: disposa de quatre habitacions (dues dobles i una en suite), totes amb sortida al balc\u00f3 privat amb vistes. A m\u00e9s, compta amb un altre bany complet.\n\u2022 \u00daltima planta: unes encantadores golfes amb mirador, perfecta com a zona de lectura, estudi o simplement per gaudir de les impressionants vistes que arriben fins al mar.\n\nLa casa inclou un garatge amb capacitat per a dos vehicles i un ascensor privat que connecta des del garatge fins a totes les plantes de l\u2019habitatge. A m\u00e9s, est\u00e0 equipada amb plaques solars, aportant efici\u00e8ncia energ\u00e8tica i sostenibilitat.\n\nSituada en una de les zones m\u00e9s sol\u00b7licitades de Viladecans, Albarosa t\u2019ofereix tranquil\u00b7litat, privacitat i proximitat a tots els serveis, escoles i transport.\n\nUna propietat \u00fanica que ho t\u00e9 tot. No deixis passar aquesta oportunitat!\n\nVine a visitar-la i enamora\u2019t de les seves vistes i el seu encant.\n\nCaracter\u00edstiques b\u00e0siques\n\u2022 Casa o xalet independent\n\u2022 3 plantes\n\u2022 265 m\u00b2 constru\u00efts, 203 m\u00b2 \u00fatils\n\u2022 5 habitacions\n\u2022 4 banys\n\u2022 Parcel\u00b7la de 445 m\u00b2\n\u2022 Terrassa i balc\u00f3\n\u2022 Pla\u00e7a de garatge inclosa en el preu\n\u2022 Segona m\u00e0 \/ bon estat\n\u2022 Armaris encastats\n\u2022 Orientaci\u00f3 sud\n\u2022 Constru\u00efda el 1990\n\u2022 Calefacci\u00f3 central: gasoil\n\nEquipament\nPiscina\nJard\u00ed\nAscensor\nPlacs solars\n\nEstat de l\u2019habitatge: En bon estat\nSuperf\u00edcie \u00fatil: 145,91 m\u00b2\nSuperf\u00edcie constru\u00efda: 265 m\u00b2\nCHB0367682xxxx\nITP: Tipus vigent\nDespeses notarials i registrals segons aranzel\nN\u00famero AICAT: 163\nN\u00famero API: 1646","post_type_properties_post_titulo_castellano":"Espectacular casa en Albarosa con vistas panor\u00e1micas hasta el mar","post_type_properties_post_internet_castellano":"Te presentamos esta impresionante vivienda ubicada en la exclusiva zona de Albarosa, en Viladecans, una casa que combina a la perfecci\u00f3n amplitud, confort y una ubicaci\u00f3n privilegiada con vistas despejadas que alcanzan hasta el mar.\n\nDistribuida en tres plantas, esta propiedad ofrece todas las comodidades que necesitas para disfrutar de un estilo de vida \u00fanico:\n\n\u2022 Planta principal: amplio y luminoso sal\u00f3n-comedor, ideal para reuniones familiares y momentos de relax, cocina independiente equipada con sistema de \u00f3smosis, un ba\u00f1o completo, un pr\u00e1ctico despacho y acceso directo al patio privado con una espectacular piscina.\n\u2022 Primera planta: dispone de cuatro habitaciones (dos de ellas dobles y una en suite), todas con salida al balc\u00f3n privado con vistas. Adem\u00e1s, cuenta con otro ba\u00f1o completo.\n\u2022 \u00daltima planta: una encantadora buhardilla con mirador, perfecta como zona de lectura, estudio o simplemente para disfrutar de las impresionantes vistas que llegan hasta el mar.\n\nLa casa incluye un garaje con capacidad para dos veh\u00edculos y un ascensor privado que conecta desde el garaje hasta todas las plantas de la vivienda. Adem\u00e1s, est\u00e1 equipada con placas solares, aportando eficiencia energ\u00e9tica y sostenibilidad.\n\nSituada en una de las zonas m\u00e1s demandadas de Viladecans, Albarosa te ofrece tranquilidad, privacidad y proximidad a todos los servicios, colegios y transporte.\n\nUna propiedad \u00fanica que lo tiene todo. \u00a1No dejes pasar esta oportunidad!\n\nVen a visitarla y enam\u00f3rate de sus vistas y su encanto.\n\nCaracter\u00edsticas b\u00e1sicas\n\u2022 Casa o chalet independiente\n\u2022 3 plantas\n\u2022 265 m\u00b2 construidos, 203 m\u00b2 \u00fatiles\n\u2022 5 habitaciones\n\u2022 4 ba\u00f1os\n\u2022 Parcela de 445 m\u00b2\n\u2022 Terraza y balc\u00f3n\n\u2022 Plaza de garaje incluida en el precio\n\u2022 Segunda mano\/buen estado\n\u2022 Armarios empotrados\n\u2022 Orientaci\u00f3n sur\n\u2022 Construido en 1990\n\u2022 Calefacci\u00f3n central: Gasoil\nEquipamiento\n\u2022 Piscina\n\u2022 Jard\u00edn\n\u2022 Ascensor\n\u2022 Placas Solares\n\nEstado de la vivienda: En buen estado \nSuperficie \u00fatil: 145,91m\u00b2\nSuperficie construida: 265m\u00b2\nCHB0367682xxxx\nITP: Tipo vigente\nGastos notariales y registrales seg\u00fan arancel\nN\u00famero AICAT: 163\nN\u00famero API: 1646\n\n","post_type_properties_post_titulo_ingles":"Spectacular House in Albarosa with Panoramic Sea Views","post_type_properties_post_internet_ingles":"We present to you this stunning property located in the exclusive Albarosa area of Viladecans\u2014a home that perfectly combines spaciousness, comfort, and a privileged location with unobstructed views reaching all the way to the sea.\n\nSpread over three floors, this property offers all the amenities you need to enjoy a unique lifestyle:\n\n\u2022 Main floor: spacious and bright living-dining room, ideal for family gatherings and relaxing moments, independent kitchen equipped with osmosis system, a full bathroom, a practical office, and direct access to the private patio with a spectacular pool.\n\u2022 First floor: features four bedrooms (two of them doubles and one en suite), all with access to a private balcony with views. It also includes another full bathroom.\n\u2022 Top floor: a charming attic with a lookout, perfect as a reading area, study, or simply to enjoy the breathtaking views that stretch to the sea.\n\nThe house includes a garage with space for two vehicles and a private elevator that connects the garage to all floors of the home. It is also equipped with solar panels, providing energy efficiency and sustainability.\n\nLocated in one of the most sought-after areas of Viladecans, Albarosa offers tranquility, privacy, and proximity to all services, schools, and transport.\n\nA unique property that has it all. Don\u2019t miss this opportunity!\n\nCome visit and fall in love with its views and charm.\n\nBasic Features\n\u2022 Detached house or villa\n\u2022 3 floors\n\u2022 265 m\u00b2 built, 203 m\u00b2 usable\n\u2022 5 bedrooms\n\u2022 4 bathrooms\n\u2022 445 m\u00b2 plot\n\u2022 Terrace and balcony\n\u2022 Garage space included in the price\n\u2022 Second-hand \/ good condition\n\u2022 Built-in wardrobes\n\u2022 South-facing\n\u2022 Built in 1990\n\u2022 Central heating: diesel\n\nAmenities \/ Features\nSwimming pool\nGarden\nElevator\nSolar panels\n\nProperty condition: In good condition\nUsable area: 145.91 sqm\nBuilt area: 265 sqm\nCHB0367682xxxx\nProperty Transfer Tax (ITP): Current rate\nNotary and registry fees according to tariff\nAICAT number: 163\nAPI number: 1646","post_type_properties_post_features_classification_commercial":false,"post_type_properties_post_features_conservation":"good","post_type_properties_post_features_security_personnel":false,"post_type_properties_post_features_parking_available":false,"post_type_properties_post_features_garage_capacity_type":"","post_type_properties_post_features_bathroom_number":4,"post_type_properties_post_eje":"","post_type_properties_post_zona":"","post_type_properties_post_comarca":"","post_type_properties_post_features_built_year":"","post_type_properties_post_renta_mensual":"","post_type_properties_post_fianza":"","post_type_properties_post_features_area_plot":"","post_type_properties_post_features_area_buildable":"","post_type_properties_post_features_classification_industrial":false,"post_type_properties_post_distrito":"","post_type_properties_post_features_balcony":false,"post_type_properties_post_features_bedroom_number":5,"post_type_properties_post_features_heating_type":"centralFuelOil","post_type_properties_post_features_equipped_with_furniture":false,"post_type_properties_post_features_pets_allowed":false,"post_type_properties_post_features_pool":true,"post_type_properties_post_features_terrace":true,"post_type_properties_post_features_wardrobes":false,"post_type_properties_post_features_lift_available":true,"post_type_properties_post_features_handicap_adapted_access":false,"post_type_properties_post_features_orientation_east":false,"post_type_properties_post_features_orientation_west":false,"post_type_properties_post_features_orientation_north":false,"post_type_properties_post_features_orientation_south":true,"post_type_properties_post_features_parking_spaces_number":1,"post_type_properties_post_features_security_alarm":false,"post_type_properties_post_features_security_system":false,"post_type_properties_post_open_plan":false,"post_type_properties_post_acceso_24_7":false,"post_type_properties_post_oficina_privada":false,"post_type_properties_post_sala_reuniones":false,"post_type_properties_post_espacio_eventos":false,"post_type_properties_post_office":false,"post_type_properties_post_restaurant":false,"post_type_properties_post_acepta_traspaso":false,"post_type_properties_post_vigilancia":false,"post_type_properties_post_features_suite":false,"post_type_properties_post_features_vitro":false,"post_type_properties_post_features_oven":false,"post_type_properties_post_features_microwave":false,"post_type_properties_post_features_washing_machine":false,"post_type_properties_post_features_dryer":false,"post_type_properties_post_features_dishwasher":false,"post_type_properties_post_features_fridge":false,"post_type_properties_post_features_fridge_mini":false,"post_type_properties_post_features_kettle":false,"post_type_properties_post_features_toaster":false,"post_type_properties_post_features_coffee_maker":false,"post_type_properties_post_features_iron":false,"post_type_properties_post_features_ironing_board":false,"post_type_properties_post_features_safe":false,"post_type_properties_post_features_internet":false,"post_type_properties_post_features_solarium":false,"post_type_properties_post_features_clean_service":false,"post_type_properties_post_features_t_v":false,"post_type_properties_post_features_satellite_t_v":false,"post_type_properties_post_features_gas_kitchen":false,"post_type_properties_post_features_view_mountain":true,"post_type_properties_post_features_view_sea":true,"post_type_properties_post_features_concierge":false,"post_type_properties_post_features_loading_dock":false,"post_type_properties_post_features_bridge_crane":false,"post_type_properties_post_features_located_at_corner":false,"post_type_properties_post_features_smoke_extraction":false,"post_type_properties_post_features_rooms":5,"post_type_properties_post_features_garden_area":"","post_type_properties_post_features_utilities_water":false,"post_type_properties_post_features_utilities_electricity":false,"post_type_properties_post_features_utilities_natural_gas":false,"post_type_properties_post_features_building_adapted":false,"post_type_properties_post_features_garden":false,"post_type_properties_post_features_classification_hotel":false,"post_type_properties_post_features_classification_chalet":false,"post_type_properties_post_certificado_energetico_emisiones":"G","post_type_properties_post_barrio":"","post_type_properties_post_distrito_empresa":"","post_type_properties_post_features_property_category_intern":"","post_type_properties_post_implantada":false,"post_type_properties_post_sello_leed":"","post_type_properties_post_sello_well":"","post_type_properties_post_sello_breeam":false,"post_type_properties_post_images":[{"properties_post_image_order":1,"properties_post_image_url":"https:\/\/movin.cloud\/empresas\/1884\/imagenes\/11247674\/casas-en-vent.webp","properties_post_image_url_thumbnail":"https:\/\/movin.cloud\/empresas\/1884\/imagenes\/thumbnails\/11247674\/casas-en-vent.webp","properties_post_title":"casas en vent","properties_post_alt":"casas en vent"},{"properties_post_image_order":2,"properties_post_image_url":"https:\/\/movin.cloud\/empresas\/1884\/imagenes\/11247674\/venta-casa.webp","properties_post_image_url_thumbnail":"https:\/\/movin.cloud\/empresas\/1884\/imagenes\/thumbnails\/11247674\/venta-casa.webp","properties_post_title":"venta casa","properties_post_alt":"venta casa"},{"properties_post_image_order":3,"properties_post_image_url":"https:\/\/movin.cloud\/empresas\/1884\/imagenes\/11247674\/venta-casas.webp","properties_post_image_url_thumbnail":"https:\/\/movin.cloud\/empresas\/1884\/imagenes\/thumbnails\/11247674\/venta-casas.webp","properties_post_title":"venta casas","properties_post_alt":"venta casas"},{"properties_post_image_order":4,"properties_post_image_url":"https:\/\/movin.cloud\/empresas\/1884\/imagenes\/11247674\/casa-en-venta.webp","properties_post_image_url_thumbnail":"https:\/\/movin.cloud\/empresas\/1884\/imagenes\/thumbnails\/11247674\/casa-en-venta.webp","properties_post_title":"casa en venta","properties_post_alt":"casa en venta"},{"properties_post_image_order":5,"properties_post_image_url":"https:\/\/movin.cloud\/empresas\/1884\/imagenes\/11247674\/comprar-casa.webp","properties_post_image_url_thumbnail":"https:\/\/movin.cloud\/empresas\/1884\/imagenes\/thumbnails\/11247674\/comprar-casa.webp","properties_post_title":"comprar casa","properties_post_alt":"comprar casa"},{"properties_post_image_order":6,"properties_post_image_url":"https:\/\/movin.cloud\/empresas\/1884\/imagenes\/11247674\/casa-venta.webp","properties_post_image_url_thumbnail":"https:\/\/movin.cloud\/empresas\/1884\/imagenes\/thumbnails\/11247674\/casa-venta.webp","properties_post_title":"casa venta","properties_post_alt":"casa venta"},{"properties_post_image_order":7,"properties_post_image_url":"https:\/\/movin.cloud\/empresas\/1884\/imagenes\/11247674\/compra.webp","properties_post_image_url_thumbnail":"https:\/\/movin.cloud\/empresas\/1884\/imagenes\/thumbnails\/11247674\/compra.webp","properties_post_title":"compra","properties_post_alt":"compra"},{"properties_post_image_order":8,"properties_post_image_url":"https:\/\/movin.cloud\/empresas\/1884\/imagenes\/11247674\/venta-de-casa.webp","properties_post_image_url_thumbnail":"https:\/\/movin.cloud\/empresas\/1884\/imagenes\/thumbnails\/11247674\/venta-de-casa.webp","properties_post_title":"venta de casa","properties_post_alt":"venta de casa"},{"properties_post_image_order":9,"properties_post_image_url":"https:\/\/movin.cloud\/empresas\/1884\/imagenes\/11247674\/compra-para-idealistas.webp","properties_post_image_url_thumbnail":"https:\/\/movin.cloud\/empresas\/1884\/imagenes\/thumbnails\/11247674\/compra-para-idealistas.webp","properties_post_title":"compra para idealistas","properties_post_alt":"compra para idealistas"},{"properties_post_image_order":10,"properties_post_image_url":"https:\/\/movin.cloud\/empresas\/1884\/imagenes\/11247674\/foto-cas.webp","properties_post_image_url_thumbnail":"https:\/\/movin.cloud\/empresas\/1884\/imagenes\/thumbnails\/11247674\/foto-cas.webp","properties_post_title":"foto cas","properties_post_alt":"foto cas"},{"properties_post_image_order":11,"properties_post_image_url":"https:\/\/movin.cloud\/empresas\/1884\/imagenes\/11247674\/foto-casa-venta.webp","properties_post_image_url_thumbnail":"https:\/\/movin.cloud\/empresas\/1884\/imagenes\/thumbnails\/11247674\/foto-casa-venta.webp","properties_post_title":"foto casa venta","properties_post_alt":"foto casa venta"},{"properties_post_image_order":12,"properties_post_image_url":"https:\/\/movin.cloud\/empresas\/1884\/imagenes\/11247674\/foto-casa-con-jardin.webp","properties_post_image_url_thumbnail":"https:\/\/movin.cloud\/empresas\/1884\/imagenes\/thumbnails\/11247674\/foto-casa-con-jardin.webp","properties_post_title":"foto casa con jardin","properties_post_alt":"foto casa con jardin"},{"properties_post_image_order":13,"properties_post_image_url":"https:\/\/movin.cloud\/empresas\/1884\/imagenes\/11247674\/foto-casa.webp","properties_post_image_url_thumbnail":"https:\/\/movin.cloud\/empresas\/1884\/imagenes\/thumbnails\/11247674\/foto-casa.webp","properties_post_title":"foto casa","properties_post_alt":"foto casa"},{"properties_post_image_order":14,"properties_post_image_url":"https:\/\/movin.cloud\/empresas\/1884\/imagenes\/11247674\/casa-para-idealista.webp","properties_post_image_url_thumbnail":"https:\/\/movin.cloud\/empresas\/1884\/imagenes\/thumbnails\/11247674\/casa-para-idealista.webp","properties_post_title":"casa para idealista","properties_post_alt":"casa para idealista"},{"properties_post_image_order":15,"properties_post_image_url":"https:\/\/movin.cloud\/empresas\/1884\/imagenes\/11247674\/casa-ideal.webp","properties_post_image_url_thumbnail":"https:\/\/movin.cloud\/empresas\/1884\/imagenes\/thumbnails\/11247674\/casa-ideal.webp","properties_post_title":"casa ideal","properties_post_alt":"casa ideal"},{"properties_post_image_order":16,"properties_post_image_url":"https:\/\/movin.cloud\/empresas\/1884\/imagenes\/11247674\/venta-viviendas.webp","properties_post_image_url_thumbnail":"https:\/\/movin.cloud\/empresas\/1884\/imagenes\/thumbnails\/11247674\/venta-viviendas.webp","properties_post_title":"venta viviendas","properties_post_alt":"venta viviendas"},{"properties_post_image_order":17,"properties_post_image_url":"https:\/\/movin.cloud\/empresas\/1884\/imagenes\/11247674\/pisos-y-casas-en-venta.webp","properties_post_image_url_thumbnail":"https:\/\/movin.cloud\/empresas\/1884\/imagenes\/thumbnails\/11247674\/pisos-y-casas-en-venta.webp","properties_post_title":"pisos y casas en venta","properties_post_alt":"pisos y casas en venta"},{"properties_post_image_order":18,"properties_post_image_url":"https:\/\/movin.cloud\/empresas\/1884\/imagenes\/11247674\/casas.webp","properties_post_image_url_thumbnail":"https:\/\/movin.cloud\/empresas\/1884\/imagenes\/thumbnails\/11247674\/casas.webp","properties_post_title":"casas","properties_post_alt":"casas"},{"properties_post_image_order":19,"properties_post_image_url":"https:\/\/movin.cloud\/empresas\/1884\/imagenes\/11247674\/comprar.webp","properties_post_image_url_thumbnail":"https:\/\/movin.cloud\/empresas\/1884\/imagenes\/thumbnails\/11247674\/comprar.webp","properties_post_title":"comprar","properties_post_alt":"comprar"},{"properties_post_image_order":20,"properties_post_image_url":"https:\/\/movin.cloud\/empresas\/1884\/imagenes\/11247674\/viviendas.webp","properties_post_image_url_thumbnail":"https:\/\/movin.cloud\/empresas\/1884\/imagenes\/thumbnails\/11247674\/viviendas.webp","properties_post_title":"viviendas","properties_post_alt":"viviendas"},{"properties_post_image_order":21,"properties_post_image_url":"https:\/\/movin.cloud\/empresas\/1884\/imagenes\/11247674\/habitalia.webp","properties_post_image_url_thumbnail":"https:\/\/movin.cloud\/empresas\/1884\/imagenes\/thumbnails\/11247674\/habitalia.webp","properties_post_title":"habitalia","properties_post_alt":"habitalia"},{"properties_post_image_order":22,"properties_post_image_url":"https:\/\/movin.cloud\/empresas\/1884\/imagenes\/11247674\/venta.webp","properties_post_image_url_thumbnail":"https:\/\/movin.cloud\/empresas\/1884\/imagenes\/thumbnails\/11247674\/venta.webp","properties_post_title":"venta","properties_post_alt":"venta"},{"properties_post_image_order":23,"properties_post_image_url":"https:\/\/movin.cloud\/empresas\/1884\/imagenes\/11247674\/inmobiliarias.webp","properties_post_image_url_thumbnail":"https:\/\/movin.cloud\/empresas\/1884\/imagenes\/thumbnails\/11247674\/inmobiliarias.webp","properties_post_title":"inmobiliarias","properties_post_alt":"inmobiliarias"},{"properties_post_image_order":24,"properties_post_image_url":"https:\/\/movin.cloud\/empresas\/1884\/imagenes\/11247674\/inmobiliaria.webp","properties_post_image_url_thumbnail":"https:\/\/movin.cloud\/empresas\/1884\/imagenes\/thumbnails\/11247674\/inmobiliaria.webp","properties_post_title":"inmobiliaria","properties_post_alt":"inmobiliaria"},{"properties_post_image_order":25,"properties_post_image_url":"https:\/\/movin.cloud\/empresas\/1884\/imagenes\/11247674\/fincas.webp","properties_post_image_url_thumbnail":"https:\/\/movin.cloud\/empresas\/1884\/imagenes\/thumbnails\/11247674\/fincas.webp","properties_post_title":"fincas","properties_post_alt":"fincas"},{"properties_post_image_order":26,"properties_post_image_url":"https:\/\/movin.cloud\/empresas\/1884\/imagenes\/11247674\/venta-de-casas-viladecans.webp","properties_post_image_url_thumbnail":"https:\/\/movin.cloud\/empresas\/1884\/imagenes\/thumbnails\/11247674\/venta-de-casas-viladecans.webp","properties_post_title":"venta de casas viladecans","properties_post_alt":"venta de casas viladecans"},{"properties_post_image_order":27,"properties_post_image_url":"https:\/\/movin.cloud\/empresas\/1884\/imagenes\/11247674\/casas-en-vent-viladecans.webp","properties_post_image_url_thumbnail":"https:\/\/movin.cloud\/empresas\/1884\/imagenes\/thumbnails\/11247674\/casas-en-vent-viladecans.webp","properties_post_title":"casas en vent viladecans","properties_post_alt":"casas en vent viladecans"},{"properties_post_image_order":28,"properties_post_image_url":"https:\/\/movin.cloud\/empresas\/1884\/imagenes\/11247674\/venta-casa-viladecans.webp","properties_post_image_url_thumbnail":"https:\/\/movin.cloud\/empresas\/1884\/imagenes\/thumbnails\/11247674\/venta-casa-viladecans.webp","properties_post_title":"venta casa viladecans","properties_post_alt":"venta casa viladecans"},{"properties_post_image_order":29,"properties_post_image_url":"https:\/\/movin.cloud\/empresas\/1884\/imagenes\/11247674\/venta-casas-viladecans.webp","properties_post_image_url_thumbnail":"https:\/\/movin.cloud\/empresas\/1884\/imagenes\/thumbnails\/11247674\/venta-casas-viladecans.webp","properties_post_title":"venta casas viladecans","properties_post_alt":"venta casas viladecans"},{"properties_post_image_order":30,"properties_post_image_url":"https:\/\/movin.cloud\/empresas\/1884\/imagenes\/11247674\/casa-en-venta-viladecans.webp","properties_post_image_url_thumbnail":"https:\/\/movin.cloud\/empresas\/1884\/imagenes\/thumbnails\/11247674\/casa-en-venta-viladecans.webp","properties_post_title":"casa en venta viladecans","properties_post_alt":"casa en venta viladecans"},{"properties_post_image_order":31,"properties_post_image_url":"https:\/\/movin.cloud\/empresas\/1884\/imagenes\/11247674\/comprar-casa-viladecans.webp","properties_post_image_url_thumbnail":"https:\/\/movin.cloud\/empresas\/1884\/imagenes\/thumbnails\/11247674\/comprar-casa-viladecans.webp","properties_post_title":"comprar casa viladecans","properties_post_alt":"comprar casa viladecans"},{"properties_post_image_order":32,"properties_post_image_url":"https:\/\/movin.cloud\/empresas\/1884\/imagenes\/11247674\/casa-venta-viladecans.webp","properties_post_image_url_thumbnail":"https:\/\/movin.cloud\/empresas\/1884\/imagenes\/thumbnails\/11247674\/casa-venta-viladecans.webp","properties_post_title":"casa venta viladecans","properties_post_alt":"casa venta viladecans"},{"properties_post_image_order":33,"properties_post_image_url":"https:\/\/movin.cloud\/empresas\/1884\/imagenes\/11247674\/compra-viladecans.webp","properties_post_image_url_thumbnail":"https:\/\/movin.cloud\/empresas\/1884\/imagenes\/thumbnails\/11247674\/compra-viladecans.webp","properties_post_title":"compra viladecans","properties_post_alt":"compra viladecans"},{"properties_post_image_order":34,"properties_post_image_url":"https:\/\/movin.cloud\/empresas\/1884\/imagenes\/11247674\/venta-de-casa-viladecans.webp","properties_post_image_url_thumbnail":"https:\/\/movin.cloud\/empresas\/1884\/imagenes\/thumbnails\/11247674\/venta-de-casa-viladecans.webp","properties_post_title":"venta de casa viladecans","properties_post_alt":"venta de casa viladecans"},{"properties_post_image_order":35,"properties_post_image_url":"https:\/\/movin.cloud\/empresas\/1884\/imagenes\/11247674\/compra-para-idealistas-viladecans.webp","properties_post_image_url_thumbnail":"https:\/\/movin.cloud\/empresas\/1884\/imagenes\/thumbnails\/11247674\/compra-para-idealistas-viladecans.webp","properties_post_title":"compra para idealistas viladecans","properties_post_alt":"compra para idealistas viladecans"},{"properties_post_image_order":36,"properties_post_image_url":"https:\/\/movin.cloud\/empresas\/1884\/imagenes\/11247674\/foto-cas-viladecans.webp","properties_post_image_url_thumbnail":"https:\/\/movin.cloud\/empresas\/1884\/imagenes\/thumbnails\/11247674\/foto-cas-viladecans.webp","properties_post_title":"foto cas viladecans","properties_post_alt":"foto cas viladecans"},{"properties_post_image_order":37,"properties_post_image_url":"https:\/\/movin.cloud\/empresas\/1884\/imagenes\/11247674\/foto-casa-venta-viladecans.webp","properties_post_image_url_thumbnail":"https:\/\/movin.cloud\/empresas\/1884\/imagenes\/thumbnails\/11247674\/foto-casa-venta-viladecans.webp","properties_post_title":"foto casa venta viladecans","properties_post_alt":"foto casa venta viladecans"},{"properties_post_image_order":38,"properties_post_image_url":"https:\/\/movin.cloud\/empresas\/1884\/imagenes\/11247674\/foto-casa-con-jardin-viladecans.webp","properties_post_image_url_thumbnail":"https:\/\/movin.cloud\/empresas\/1884\/imagenes\/thumbnails\/11247674\/foto-casa-con-jardin-viladecans.webp","properties_post_title":"foto casa con jardin viladecans","properties_post_alt":"foto casa con jardin viladecans"},{"properties_post_image_order":39,"properties_post_image_url":"https:\/\/movin.cloud\/empresas\/1884\/imagenes\/11247674\/foto-casa-viladecans.webp","properties_post_image_url_thumbnail":"https:\/\/movin.cloud\/empresas\/1884\/imagenes\/thumbnails\/11247674\/foto-casa-viladecans.webp","properties_post_title":"foto casa viladecans","properties_post_alt":"foto casa viladecans"},{"properties_post_image_order":40,"properties_post_image_url":"https:\/\/movin.cloud\/empresas\/1884\/imagenes\/11247674\/casa-para-idealista-viladecans.webp","properties_post_image_url_thumbnail":"https:\/\/movin.cloud\/empresas\/1884\/imagenes\/thumbnails\/11247674\/casa-para-idealista-viladecans.webp","properties_post_title":"casa para idealista viladecans","properties_post_alt":"casa para idealista viladecans"},{"properties_post_image_order":41,"properties_post_image_url":"https:\/\/movin.cloud\/empresas\/1884\/imagenes\/11247674\/casa-ideal-viladecans.webp","properties_post_image_url_thumbnail":"https:\/\/movin.cloud\/empresas\/1884\/imagenes\/thumbnails\/11247674\/casa-ideal-viladecans.webp","properties_post_title":"casa ideal viladecans","properties_post_alt":"casa ideal viladecans"},{"properties_post_image_order":42,"properties_post_image_url":"https:\/\/movin.cloud\/empresas\/1884\/imagenes\/11247674\/venta-viviendas-viladecans.webp","properties_post_image_url_thumbnail":"https:\/\/movin.cloud\/empresas\/1884\/imagenes\/thumbnails\/11247674\/venta-viviendas-viladecans.webp","properties_post_title":"venta viviendas viladecans","properties_post_alt":"venta viviendas viladecans"},{"properties_post_image_order":43,"properties_post_image_url":"https:\/\/movin.cloud\/empresas\/1884\/imagenes\/11247674\/pisos-y-casas-en-venta-viladecans.webp","properties_post_image_url_thumbnail":"https:\/\/movin.cloud\/empresas\/1884\/imagenes\/thumbnails\/11247674\/pisos-y-casas-en-venta-viladecans.webp","properties_post_title":"pisos y casas en venta viladecans","properties_post_alt":"pisos y casas en venta viladecans"},{"properties_post_image_order":44,"properties_post_image_url":"https:\/\/movin.cloud\/empresas\/1884\/imagenes\/11247674\/casas-viladecans.webp","properties_post_image_url_thumbnail":"https:\/\/movin.cloud\/empresas\/1884\/imagenes\/thumbnails\/11247674\/casas-viladecans.webp","properties_post_title":"casas viladecans","properties_post_alt":"casas viladecans"},{"properties_post_image_order":45,"properties_post_image_url":"https:\/\/movin.cloud\/empresas\/1884\/imagenes\/11247674\/comprar-viladecans.webp","properties_post_image_url_thumbnail":"https:\/\/movin.cloud\/empresas\/1884\/imagenes\/thumbnails\/11247674\/comprar-viladecans.webp","properties_post_title":"comprar viladecans","properties_post_alt":"comprar viladecans"},{"properties_post_image_order":46,"properties_post_image_url":"https:\/\/movin.cloud\/empresas\/1884\/imagenes\/11247674\/viviendas-viladecans.webp","properties_post_image_url_thumbnail":"https:\/\/movin.cloud\/empresas\/1884\/imagenes\/thumbnails\/11247674\/viviendas-viladecans.webp","properties_post_title":"viviendas viladecans","properties_post_alt":"viviendas viladecans"},{"properties_post_image_order":47,"properties_post_image_url":"https:\/\/movin.cloud\/empresas\/1884\/imagenes\/11247674\/habitalia-viladecans.webp","properties_post_image_url_thumbnail":"https:\/\/movin.cloud\/empresas\/1884\/imagenes\/thumbnails\/11247674\/habitalia-viladecans.webp","properties_post_title":"habitalia viladecans","properties_post_alt":"habitalia viladecans"},{"properties_post_image_order":48,"properties_post_image_url":"https:\/\/movin.cloud\/empresas\/1884\/imagenes\/11247674\/venta-viladecans.webp","properties_post_image_url_thumbnail":"https:\/\/movin.cloud\/empresas\/1884\/imagenes\/thumbnails\/11247674\/venta-viladecans.webp","properties_post_title":"venta viladecans","properties_post_alt":"venta viladecans"},{"properties_post_image_order":49,"properties_post_image_url":"https:\/\/movin.cloud\/empresas\/1884\/imagenes\/11247674\/inmobiliarias-viladecans.webp","properties_post_image_url_thumbnail":"https:\/\/movin.cloud\/empresas\/1884\/imagenes\/thumbnails\/11247674\/inmobiliarias-viladecans.webp","properties_post_title":"inmobiliarias viladecans","properties_post_alt":"inmobiliarias viladecans"},{"properties_post_image_order":50,"properties_post_image_url":"https:\/\/movin.cloud\/empresas\/1884\/imagenes\/11247674\/inmobiliaria-viladecans.webp","properties_post_image_url_thumbnail":"https:\/\/movin.cloud\/empresas\/1884\/imagenes\/thumbnails\/11247674\/inmobiliaria-viladecans.webp","properties_post_title":"inmobiliaria viladecans","properties_post_alt":"inmobiliaria viladecans"},{"properties_post_image_order":51,"properties_post_image_url":"https:\/\/movin.cloud\/empresas\/1884\/imagenes\/11247674\/fincas-viladecans.webp","properties_post_image_url_thumbnail":"https:\/\/movin.cloud\/empresas\/1884\/imagenes\/thumbnails\/11247674\/fincas-viladecans.webp","properties_post_title":"fincas viladecans","properties_post_alt":"fincas viladecans"},{"properties_post_image_order":52,"properties_post_image_url":"https:\/\/movin.cloud\/empresas\/1884\/imagenes\/11247674\/viladecans-venta-de-casas.webp","properties_post_image_url_thumbnail":"https:\/\/movin.cloud\/empresas\/1884\/imagenes\/thumbnails\/11247674\/viladecans-venta-de-casas.webp","properties_post_title":"viladecans venta de casas","properties_post_alt":"viladecans venta de casas"},{"properties_post_image_order":53,"properties_post_image_url":"https:\/\/movin.cloud\/empresas\/1884\/imagenes\/11247674\/viladecans-casas-en-vent.webp","properties_post_image_url_thumbnail":"https:\/\/movin.cloud\/empresas\/1884\/imagenes\/thumbnails\/11247674\/viladecans-casas-en-vent.webp","properties_post_title":"viladecans casas en vent","properties_post_alt":"viladecans casas en vent"},{"properties_post_image_order":54,"properties_post_image_url":"https:\/\/movin.cloud\/empresas\/1884\/imagenes\/11247674\/viladecans-venta-casa.webp","properties_post_image_url_thumbnail":"https:\/\/movin.cloud\/empresas\/1884\/imagenes\/thumbnails\/11247674\/viladecans-venta-casa.webp","properties_post_title":"viladecans venta casa","properties_post_alt":"viladecans venta casa"},{"properties_post_image_order":55,"properties_post_image_url":"https:\/\/movin.cloud\/empresas\/1884\/imagenes\/11247674\/viladecans-venta-casas.webp","properties_post_image_url_thumbnail":"https:\/\/movin.cloud\/empresas\/1884\/imagenes\/thumbnails\/11247674\/viladecans-venta-casas.webp","properties_post_title":"viladecans venta casas","properties_post_alt":"viladecans venta casas"},{"properties_post_image_order":56,"properties_post_image_url":"https:\/\/movin.cloud\/empresas\/1884\/imagenes\/11247674\/viladecans-casa-en-venta.webp","properties_post_image_url_thumbnail":"https:\/\/movin.cloud\/empresas\/1884\/imagenes\/thumbnails\/11247674\/viladecans-casa-en-venta.webp","properties_post_title":"viladecans casa en venta","properties_post_alt":"viladecans casa en venta"},{"properties_post_image_order":57,"properties_post_image_url":"https:\/\/movin.cloud\/empresas\/1884\/imagenes\/11247674\/viladecans-comprar-casa.webp","properties_post_image_url_thumbnail":"https:\/\/movin.cloud\/empresas\/1884\/imagenes\/thumbnails\/11247674\/viladecans-comprar-casa.webp","properties_post_title":"viladecans comprar casa","properties_post_alt":"viladecans comprar casa"},{"properties_post_image_order":58,"properties_post_image_url":"https:\/\/movin.cloud\/empresas\/1884\/imagenes\/11247674\/viladecans-casa-venta.webp","properties_post_image_url_thumbnail":"https:\/\/movin.cloud\/empresas\/1884\/imagenes\/thumbnails\/11247674\/viladecans-casa-venta.webp","properties_post_title":"viladecans casa venta","properties_post_alt":"viladecans casa venta"},{"properties_post_image_order":59,"properties_post_image_url":"https:\/\/movin.cloud\/empresas\/1884\/imagenes\/11247674\/viladecans-compra.webp","properties_post_image_url_thumbnail":"https:\/\/movin.cloud\/empresas\/1884\/imagenes\/thumbnails\/11247674\/viladecans-compra.webp","properties_post_title":"viladecans compra","properties_post_alt":"viladecans compra"},{"properties_post_image_order":60,"properties_post_image_url":"https:\/\/movin.cloud\/empresas\/1884\/imagenes\/11247674\/viladecans-venta-de-casa.webp","properties_post_image_url_thumbnail":"https:\/\/movin.cloud\/empresas\/1884\/imagenes\/thumbnails\/11247674\/viladecans-venta-de-casa.webp","properties_post_title":"viladecans venta de casa","properties_post_alt":"viladecans venta de casa"},{"properties_post_image_order":61,"properties_post_image_url":"https:\/\/movin.cloud\/empresas\/1884\/imagenes\/11247674\/viladecans-compra-para-idealistas.webp","properties_post_image_url_thumbnail":"https:\/\/movin.cloud\/empresas\/1884\/imagenes\/thumbnails\/11247674\/viladecans-compra-para-idealistas.webp","properties_post_title":"viladecans compra para idealistas","properties_post_alt":"viladecans compra para idealistas"},{"properties_post_image_order":62,"properties_post_image_url":"https:\/\/movin.cloud\/empresas\/1884\/imagenes\/11247674\/viladecans-foto-cas.webp","properties_post_image_url_thumbnail":"https:\/\/movin.cloud\/empresas\/1884\/imagenes\/thumbnails\/11247674\/viladecans-foto-cas.webp","properties_post_title":"viladecans foto cas","properties_post_alt":"viladecans foto cas"},{"properties_post_image_order":63,"properties_post_image_url":"https:\/\/movin.cloud\/empresas\/1884\/imagenes\/11247674\/viladecans-foto-casa-venta.webp","properties_post_image_url_thumbnail":"https:\/\/movin.cloud\/empresas\/1884\/imagenes\/thumbnails\/11247674\/viladecans-foto-casa-venta.webp","properties_post_title":"viladecans foto casa venta","properties_post_alt":"viladecans foto casa venta"},{"properties_post_image_order":64,"properties_post_image_url":"https:\/\/movin.cloud\/empresas\/1884\/imagenes\/11247674\/viladecans-foto-casa-con-jardin.webp","properties_post_image_url_thumbnail":"https:\/\/movin.cloud\/empresas\/1884\/imagenes\/thumbnails\/11247674\/viladecans-foto-casa-con-jardin.webp","properties_post_title":"viladecans foto casa con jardin","properties_post_alt":"viladecans foto casa con jardin"},{"properties_post_image_order":65,"properties_post_image_url":"https:\/\/movin.cloud\/empresas\/1884\/imagenes\/11247674\/viladecans-foto-casa.webp","properties_post_image_url_thumbnail":"https:\/\/movin.cloud\/empresas\/1884\/imagenes\/thumbnails\/11247674\/viladecans-foto-casa.webp","properties_post_title":"viladecans foto casa","properties_post_alt":"viladecans foto casa"},{"properties_post_image_order":66,"properties_post_image_url":"https:\/\/movin.cloud\/empresas\/1884\/imagenes\/11247674\/viladecans-casa-para-idealista.webp","properties_post_image_url_thumbnail":"https:\/\/movin.cloud\/empresas\/1884\/imagenes\/thumbnails\/11247674\/viladecans-casa-para-idealista.webp","properties_post_title":"viladecans casa para idealista","properties_post_alt":"viladecans casa para idealista"},{"properties_post_image_order":67,"properties_post_image_url":"https:\/\/movin.cloud\/empresas\/1884\/imagenes\/11247674\/viladecans-casa-ideal.webp","properties_post_image_url_thumbnail":"https:\/\/movin.cloud\/empresas\/1884\/imagenes\/thumbnails\/11247674\/viladecans-casa-ideal.webp","properties_post_title":"viladecans casa ideal","properties_post_alt":"viladecans casa ideal"},{"properties_post_image_order":68,"properties_post_image_url":"https:\/\/movin.cloud\/empresas\/1884\/imagenes\/11247674\/viladecans-venta-viviendas.webp","properties_post_image_url_thumbnail":"https:\/\/movin.cloud\/empresas\/1884\/imagenes\/thumbnails\/11247674\/viladecans-venta-viviendas.webp","properties_post_title":"viladecans venta viviendas","properties_post_alt":"viladecans venta viviendas"},{"properties_post_image_order":69,"properties_post_image_url":"https:\/\/movin.cloud\/empresas\/1884\/imagenes\/11247674\/viladecans-pisos-y-casas-en-venta.webp","properties_post_image_url_thumbnail":"https:\/\/movin.cloud\/empresas\/1884\/imagenes\/thumbnails\/11247674\/viladecans-pisos-y-casas-en-venta.webp","properties_post_title":"viladecans pisos y casas en venta","properties_post_alt":"viladecans pisos y casas en venta"},{"properties_post_image_order":70,"properties_post_image_url":"https:\/\/movin.cloud\/empresas\/1884\/imagenes\/11247674\/viladecans-casas.webp","properties_post_image_url_thumbnail":"https:\/\/movin.cloud\/empresas\/1884\/imagenes\/thumbnails\/11247674\/viladecans-casas.webp","properties_post_title":"viladecans casas","properties_post_alt":"viladecans casas"},{"properties_post_image_order":71,"properties_post_image_url":"https:\/\/movin.cloud\/empresas\/1884\/imagenes\/11247674\/viladecans-comprar.webp","properties_post_image_url_thumbnail":"https:\/\/movin.cloud\/empresas\/1884\/imagenes\/thumbnails\/11247674\/viladecans-comprar.webp","properties_post_title":"viladecans comprar","properties_post_alt":"viladecans comprar"},{"properties_post_image_order":72,"properties_post_image_url":"https:\/\/movin.cloud\/empresas\/1884\/imagenes\/11247674\/viladecans-viviendas.webp","properties_post_image_url_thumbnail":"https:\/\/movin.cloud\/empresas\/1884\/imagenes\/thumbnails\/11247674\/viladecans-viviendas.webp","properties_post_title":"viladecans viviendas","properties_post_alt":"viladecans viviendas"},{"properties_post_image_order":73,"properties_post_image_url":"https:\/\/movin.cloud\/empresas\/1884\/imagenes\/11247674\/viladecans-habitalia.webp","properties_post_image_url_thumbnail":"https:\/\/movin.cloud\/empresas\/1884\/imagenes\/thumbnails\/11247674\/viladecans-habitalia.webp","properties_post_title":"viladecans habitalia","properties_post_alt":"viladecans habitalia"},{"properties_post_image_order":74,"properties_post_image_url":"https:\/\/movin.cloud\/empresas\/1884\/imagenes\/11247674\/viladecans-venta.webp","properties_post_image_url_thumbnail":"https:\/\/movin.cloud\/empresas\/1884\/imagenes\/thumbnails\/11247674\/viladecans-venta.webp","properties_post_title":"viladecans venta","properties_post_alt":"viladecans venta"},{"properties_post_image_order":75,"properties_post_image_url":"https:\/\/movin.cloud\/empresas\/1884\/imagenes\/11247674\/viladecans-inmobiliarias.webp","properties_post_image_url_thumbnail":"https:\/\/movin.cloud\/empresas\/1884\/imagenes\/thumbnails\/11247674\/viladecans-inmobiliarias.webp","properties_post_title":"viladecans inmobiliarias","properties_post_alt":"viladecans inmobiliarias"},{"properties_post_image_order":76,"properties_post_image_url":"https:\/\/movin.cloud\/empresas\/1884\/imagenes\/11247674\/viladecans-inmobiliaria.webp","properties_post_image_url_thumbnail":"https:\/\/movin.cloud\/empresas\/1884\/imagenes\/thumbnails\/11247674\/viladecans-inmobiliaria.webp","properties_post_title":"viladecans inmobiliaria","properties_post_alt":"viladecans inmobiliaria"},{"properties_post_image_order":77,"properties_post_image_url":"https:\/\/movin.cloud\/empresas\/1884\/imagenes\/11247674\/viladecans-fincas.webp","properties_post_image_url_thumbnail":"https:\/\/movin.cloud\/empresas\/1884\/imagenes\/thumbnails\/11247674\/viladecans-fincas.webp","properties_post_title":"viladecans fincas","properties_post_alt":"viladecans fincas"},{"properties_post_image_order":78,"properties_post_image_url":"https:\/\/movin.cloud\/empresas\/1884\/imagenes\/11247674\/venta-de-casas-1.webp","properties_post_image_url_thumbnail":"https:\/\/movin.cloud\/empresas\/1884\/imagenes\/thumbnails\/11247674\/venta-de-casas-1.webp","properties_post_title":"venta de casas 1","properties_post_alt":"venta de casas 1"},{"properties_post_image_order":79,"properties_post_image_url":"https:\/\/movin.cloud\/empresas\/1884\/imagenes\/11247674\/venta-de-casas-2.webp","properties_post_image_url_thumbnail":"https:\/\/movin.cloud\/empresas\/1884\/imagenes\/thumbnails\/11247674\/venta-de-casas-2.webp","properties_post_title":"venta de casas 2","properties_post_alt":"venta de casas 2"},{"properties_post_image_order":80,"properties_post_image_url":"https:\/\/movin.cloud\/empresas\/1884\/imagenes\/11247674\/venta-de-casas-3.webp","properties_post_image_url_thumbnail":"https:\/\/movin.cloud\/empresas\/1884\/imagenes\/thumbnails\/11247674\/venta-de-casas-3.webp","properties_post_title":"venta de casas 3","properties_post_alt":"venta de casas 3"},{"properties_post_image_order":81,"properties_post_image_url":"https:\/\/movin.cloud\/empresas\/1884\/imagenes\/11247674\/venta-de-casas-4.webp","properties_post_image_url_thumbnail":"https:\/\/movin.cloud\/empresas\/1884\/imagenes\/thumbnails\/11247674\/venta-de-casas-4.webp","properties_post_title":"venta de casas 4","properties_post_alt":"venta de casas 4"},{"properties_post_image_order":82,"properties_post_image_url":"https:\/\/movin.cloud\/empresas\/1884\/imagenes\/11247674\/venta-de-casas-5.webp","properties_post_image_url_thumbnail":"https:\/\/movin.cloud\/empresas\/1884\/imagenes\/thumbnails\/11247674\/venta-de-casas-5.webp","properties_post_title":"venta de casas 5","properties_post_alt":"venta de casas 5"},{"properties_post_image_order":83,"properties_post_image_url":"https:\/\/movin.cloud\/empresas\/1884\/imagenes\/11247674\/venta-de-casas-6.webp","properties_post_image_url_thumbnail":"https:\/\/movin.cloud\/empresas\/1884\/imagenes\/thumbnails\/11247674\/venta-de-casas-6.webp","properties_post_title":"venta de casas 6","properties_post_alt":"venta de casas 6"},{"properties_post_image_order":84,"properties_post_image_url":"https:\/\/movin.cloud\/empresas\/1884\/imagenes\/11247674\/venta-de-casas-7.webp","properties_post_image_url_thumbnail":"https:\/\/movin.cloud\/empresas\/1884\/imagenes\/thumbnails\/11247674\/venta-de-casas-7.webp","properties_post_title":"venta de casas 7","properties_post_alt":"venta de casas 7"},{"properties_post_image_order":85,"properties_post_image_url":"https:\/\/movin.cloud\/empresas\/1884\/imagenes\/11247674\/venta-de-casas-8.webp","properties_post_image_url_thumbnail":"https:\/\/movin.cloud\/empresas\/1884\/imagenes\/thumbnails\/11247674\/venta-de-casas-8.webp","properties_post_title":"venta de casas 8","properties_post_alt":"venta de casas 8"},{"properties_post_image_order":86,"properties_post_image_url":"https:\/\/movin.cloud\/empresas\/1884\/imagenes\/11247674\/venta-de-casas-9.webp","properties_post_image_url_thumbnail":"https:\/\/movin.cloud\/empresas\/1884\/imagenes\/thumbnails\/11247674\/venta-de-casas-9.webp","properties_post_title":"venta de casas 9","properties_post_alt":"venta de casas 9"},{"properties_post_image_order":87,"properties_post_image_url":"https:\/\/movin.cloud\/empresas\/1884\/imagenes\/11247674\/venta-de-casas-10.webp","properties_post_image_url_thumbnail":"https:\/\/movin.cloud\/empresas\/1884\/imagenes\/thumbnails\/11247674\/venta-de-casas-10.webp","properties_post_title":"venta de casas 10","properties_post_alt":"venta de casas 10"},{"properties_post_image_order":88,"properties_post_image_url":"https:\/\/movin.cloud\/empresas\/1884\/imagenes\/11247674\/venta-de-casas-11.webp","properties_post_image_url_thumbnail":"https:\/\/movin.cloud\/empresas\/1884\/imagenes\/thumbnails\/11247674\/venta-de-casas-11.webp","properties_post_title":"venta de casas 11","properties_post_alt":"venta de casas 11"},{"properties_post_image_order":89,"properties_post_image_url":"https:\/\/movin.cloud\/empresas\/1884\/imagenes\/11247674\/venta-de-casas-12.webp","properties_post_image_url_thumbnail":"https:\/\/movin.cloud\/empresas\/1884\/imagenes\/thumbnails\/11247674\/venta-de-casas-12.webp","properties_post_title":"venta de casas 12","properties_post_alt":"venta de casas 12"}],"post_type_properties_post_videos":[{"properties_post_video_url":"https:\/\/www.youtube.com\/watch?v=daJliQMBFas","properties_post_video_order":"999"}],"post_type_properties_post_tour":null,"post_type_properties_post_dossier_url":"","post_type_properties_post_operation_type":"sale","post_type_properties_post_operation_price":835000,"post_type_properties_post_features_hidden_price":false},"yoast_head":"<!-- This site is optimized with the Yoast SEO plugin v27.4 - https:\/\/yoast.com\/product\/yoast-seo-wordpress\/ -->\n<title>Espectacular casa en Albarosa con vistas panor\u00e1micas hasta el mar - Forcadell<\/title>\n<meta name=\"robots\" content=\"index, follow, max-snippet:-1, max-image-preview:large, max-video-preview:-1\" \/>\n<link rel=\"canonical\" href=\"https:\/\/forcadell.com\/ca\/propiedades\/espectacular-casa-en-albarosa-con-vistas-panoramicas-hasta-el-mar\/\" \/>\n<meta property=\"og:locale\" content=\"ca_ES\" \/>\n<meta property=\"og:type\" content=\"article\" \/>\n<meta property=\"og:title\" content=\"Espectacular casa en Albarosa con vistas panor\u00e1micas hasta el mar - Forcadell\" \/>\n<meta property=\"og:description\" content=\"Te presentamos esta impresionante vivienda ubicada en la exclusiva zona de Albarosa, en Viladecans, una casa que combina a la perfecci\u00f3n amplitud, confort y una ubicaci\u00f3n privilegiada con vistas despejadas que alcanzan hasta el mar. Distribuida en tres plantas, esta propiedad ofrece todas las comodidades que necesitas para disfrutar de un estilo de vida \u00fanico: [&hellip;]\" \/>\n<meta property=\"og:url\" content=\"https:\/\/forcadell.com\/ca\/propiedades\/espectacular-casa-en-albarosa-con-vistas-panoramicas-hasta-el-mar\/\" \/>\n<meta property=\"og:site_name\" content=\"Forcadell\" \/>\n<meta property=\"article:modified_time\" content=\"2026-05-01T13:00:42+00:00\" \/>\n<meta name=\"twitter:card\" content=\"summary_large_image\" \/>\n<meta name=\"twitter:label1\" content=\"Temps estimat de lectura\" \/>\n\t<meta name=\"twitter:data1\" content=\"2 minuts\" \/>\n<!-- \/ Yoast SEO plugin. -->","yoast_head_json":{"title":"Espectacular casa en Albarosa con vistas panor\u00e1micas hasta el mar - Forcadell","robots":{"index":"index","follow":"follow","max-snippet":"max-snippet:-1","max-image-preview":"max-image-preview:large","max-video-preview":"max-video-preview:-1"},"canonical":"https:\/\/forcadell.com\/ca\/propiedades\/espectacular-casa-en-albarosa-con-vistas-panoramicas-hasta-el-mar\/","og_locale":"ca_ES","og_type":"article","og_title":"Espectacular casa en Albarosa con vistas panor\u00e1micas hasta el mar - Forcadell","og_description":"Te presentamos esta impresionante vivienda ubicada en la exclusiva zona de Albarosa, en Viladecans, una casa que combina a la perfecci\u00f3n amplitud, confort y una ubicaci\u00f3n privilegiada con vistas despejadas que alcanzan hasta el mar. Distribuida en tres plantas, esta propiedad ofrece todas las comodidades que necesitas para disfrutar de un estilo de vida \u00fanico: [&hellip;]","og_url":"https:\/\/forcadell.com\/ca\/propiedades\/espectacular-casa-en-albarosa-con-vistas-panoramicas-hasta-el-mar\/","og_site_name":"Forcadell","article_modified_time":"2026-05-01T13:00:42+00:00","twitter_card":"summary_large_image","twitter_misc":{"Temps estimat de lectura":"2 minuts"},"schema":{"@context":"https:\/\/schema.org","@graph":[{"@type":"WebPage","@id":"https:\/\/forcadell.com\/ca\/propiedades\/espectacular-casa-en-albarosa-con-vistas-panoramicas-hasta-el-mar\/","url":"https:\/\/forcadell.com\/ca\/propiedades\/espectacular-casa-en-albarosa-con-vistas-panoramicas-hasta-el-mar\/","name":"Espectacular casa en Albarosa con vistas panor\u00e1micas hasta el mar - Forcadell","isPartOf":{"@id":"https:\/\/forcadell.com\/ca\/#website"},"datePublished":"2025-11-04T13:04:56+00:00","dateModified":"2026-05-01T13:00:42+00:00","breadcrumb":{"@id":"https:\/\/forcadell.com\/ca\/propiedades\/espectacular-casa-en-albarosa-con-vistas-panoramicas-hasta-el-mar\/#breadcrumb"},"inLanguage":"ca","potentialAction":[{"@type":"ReadAction","target":["https:\/\/forcadell.com\/ca\/propiedades\/espectacular-casa-en-albarosa-con-vistas-panoramicas-hasta-el-mar\/"]}]},{"@type":"BreadcrumbList","@id":"https:\/\/forcadell.com\/ca\/propiedades\/espectacular-casa-en-albarosa-con-vistas-panoramicas-hasta-el-mar\/#breadcrumb","itemListElement":[{"@type":"ListItem","position":1,"name":"Portada","item":"https:\/\/forcadell.com\/ca\/"},{"@type":"ListItem","position":2,"name":"Properties","item":"https:\/\/forcadell.com\/ca\/propiedades\/"},{"@type":"ListItem","position":3,"name":"Espectacular casa en Albarosa con vistas panor\u00e1micas hasta el mar"}]},{"@type":"WebSite","@id":"https:\/\/forcadell.com\/ca\/#website","url":"https:\/\/forcadell.com\/ca\/","name":"Forcadell","description":"Inmobiliaria Barcelona | Consultores inmobiliarios","potentialAction":[{"@type":"SearchAction","target":{"@type":"EntryPoint","urlTemplate":"https:\/\/forcadell.com\/ca\/?s={search_term_string}"},"query-input":{"@type":"PropertyValueSpecification","valueRequired":true,"valueName":"search_term_string"}}],"inLanguage":"ca"}]}},"_links":{"self":[{"href":"https:\/\/forcadell.com\/ca\/wp-json\/wp\/v2\/properties_post\/56705","targetHints":{"allow":["GET"]}}],"collection":[{"href":"https:\/\/forcadell.com\/ca\/wp-json\/wp\/v2\/properties_post"}],"about":[{"href":"https:\/\/forcadell.com\/ca\/wp-json\/wp\/v2\/types\/properties_post"}],"wp:attachment":[{"href":"https:\/\/forcadell.com\/ca\/wp-json\/wp\/v2\/media?parent=56705"}],"curies":[{"name":"wp","href":"https:\/\/api.w.org\/{rel}","templated":true}]}}