{"id":56647,"date":"2025-11-04T15:01:28","date_gmt":"2025-11-04T13:01:28","guid":{"rendered":"https:\/\/www.forcadell.com\/propiedades\/chalet-unifamiliar-modernista-en-venta-en-torre-negra-en-sant-cugat-del-valles\/"},"modified":"2026-05-01T13:56:51","modified_gmt":"2026-05-01T11:56:51","slug":"chalet-unifamiliar-modernista-en-venta-en-torre-negra-en-sant-cugat-del-valles","status":"publish","type":"properties_post","link":"https:\/\/forcadell.com\/ca\/propiedades\/chalet-unifamiliar-modernista-en-venta-en-torre-negra-en-sant-cugat-del-valles\/","title":{"rendered":"Chalet unifamiliar modernista en venta en Torre Negra en Sant Cugat del Vall\u00e9s"},"content":{"rendered":"<p>La Casa Calado es un edificio modernista para restaurar del a\u00f1o 1905, construida por el arquitecto catal\u00e1n Eduard M. Balcells y Buigas. Est\u00e1 ubicada en el sector de la Torre Negra, en el municipio de Sant Cugat del Vall\u00e8s en la provincia de Barcelona y forma parte del Inventario del Patrimonio Arquitect\u00f3nico de Catalu\u00f1a.Casa con una superficie construida de 704 m\u00b2, en una parcela de 7.029 m\u00b2 seg\u00fan catastro. En la edificaci\u00f3n de la Casa Calado, de planta rectangular hay que destacar los trabajos de cerrajer\u00eda de las barandillas, puertas y rejas, hechas con trenzados. Tambi\u00e9n destacan los ventanales, los detalles de may\u00f3lica con motivos modernistas, la experimentaci\u00f3n con materiales para crear nuevos efectos, como la base de la pilastra en forma de tronco fosilizado, o las pilastras del cancel hechas con palets y piedra mezclados con argamasa.En la primera planta disponemos de diferentes dependencias destinadas a uso habitual de una vivienda, tales como sus habitaciones, ba\u00f1os, cocina, y salas de estar.La segunda planta, es un espacio di\u00e1fano por donde se accede al torre\u00f3n de la casa con excelentes vistas de todo el Vall\u00e9s.Hay que remarcar el torre\u00f3n con tejado holand\u00e9s plegado, el mirador y su barandilla. El alero y el friso de la fachada. Las ventanas con la faja marco y las rejas. El rebozado de la fachada. El lavabo modernista. La torre del molino de viento. Las pilastras del cancel. En la puerta del jard\u00edn encontramos una reja de hierro de decoraci\u00f3n modernista. En medio del tejado se levanta un cuerpo cuadrado con cubiertas inclinadas dobles que se cruzan entre s\u00ed tambi\u00e9n con decoraci\u00f3n de cer\u00e1mica. En su gran jard\u00edn tambi\u00e9n encontramos una fuente, un estanque y un pozo de agua.La propiedad se encuentra la maravillosa zona del Parque Rural de la Torre Negra que es un espacio agroforestal de un alto valor ecol\u00f3gico, paisaj\u00edstico y natural con una gran riqueza de vegetaci\u00f3n y fauna. Est\u00e1 situado entre el casco urbano de Sant Cugat del Vall\u00e8s y el parque natural de Collserola. Es un lugar ideal para desconectar, ir a correr, pasear en bicicleta o a caballo. All\u00ed descubrir\u00e1 la magn\u00edfica edificaci\u00f3n medieval de la Torre Negra, que es una construcci\u00f3n rom\u00e1nica militar que data del siglo XII. Su nombre se debe al color oscuro de las piedras de sus murallas. FINCAS FORCADELL SLU AICAT 0163 Arquimedes, 157 Terrassa<\/p>\n","protected":false},"template":"","class_list":["post-56647","properties_post","type-properties_post","status-publish","hentry","properties_modality-sale","properties_province-barcelona","properties_state-sant-cugat-del-valles","properties_subclass-casa-unifamiliar-aislada","properties_type-casa"],"acf":{"post_type_properties_post_property_code":"26423","post_type_properties_post_property_reference":"26423","post_type_properties_post_owner_id":"2286","post_type_properties_post_owner_name":"Soledad Requesens S\u00e1nchez","post_type_properties_post_property_code_encrypted":"MjUkMTA5OTA=","post_type_properties_post_published":"1","post_type_properties_post_property_visibility":"idealista","post_type_properties_post_contact_name":"Forcadell Terrassa","post_type_properties_post_contact_email":"forcadell.terrassa@movin.cloud","post_type_properties_post_contact_primary_phone_prefix":"34","post_type_properties_post_contact_primary_phone_number":"934965408","post_type_properties_post_address_visibility":"street","post_type_properties_post_address_country":"Spain","post_type_properties_post_address_coordinates_precision":"exact","post_type_properties_post_address_postal_code":"08172","post_type_properties_post_address_coordinates_latitude":"41.4664438","post_type_properties_post_address_coordinates_longitude":"2.0701279","post_type_properties_post_address_street_name":"Calado ","post_type_properties_post_address_floor":"","post_type_properties_post_address_town":"Sant Cugat del Vall\u00e8s","post_type_properties_post_building":null,"post_type_properties_post_property":[{"properties_post_description_language":"catalan","properties_post_title":"Xalet unifamiliar modernista en venda a Torre Negra a Sant Cugat del Vall\u00e8s\n","properties_post_short_description_text_alt":"","properties_post_description_text_alt":"","properties_post_short_description_text":"La Casa Calat \u00e9s un edifici modernista per a restaurar de l'any 1905. constru\u00efda per l'arquitecte catal\u00e0 Eduard M. Balcells i Buigas.\n","properties_post_link_demanda_inmueble":"https:\/\/movin.cloud\/ca\/Forcadell Terrassa\/formulari-peticio-immoble\/sth\/1876&&158301","properties_post_link_demanda_calendario_inmueble":"https:\/\/movin.cloud\/ca\/Forcadell Terrassa\/calendari-peticio-immoble\/sth\/1876&&158301","properties_post_description_text":"La Casa Calat \u00e9s un edifici modernista per a restaurar de l'any 1905 constru\u00efda per l'arquitecte catal\u00e0 Eduard M. Balcells i Buigas. \nEst\u00e0 situada al sector de la Torre Negra al municipi de Sant Cugat del Vall\u00e8s a la prov\u00edncia de Barcelona i forma part de l'Inventari del Patrimoni Arquitect\u00f2nic de Catalunya.\nT\u00e9 una superf\u00edcie constru\u00efda de 704 m\u00b2 en una parcel\u00b7la de 7.029 m\u00b2 segons cadastre. \nA l'edificaci\u00f3 de la Casa Calat, de planta rectangular, cal destacar els treballs de serralleria de les baranes portes i reixes fetes amb trenats. Tamb\u00e9 destaquen els finestrals, amb motius modernistes.\nA la primera planta disposem de diferents depend\u00e8ncies destinades a \u00fas habitual d'un habitatge, com ara les habitacions, banys, cuina i sales d'estar.\nLa segona planta \u00e9s un espai di\u00e0fan per a on s'accedeix a la terrassa de la casa amb excel\u00b7lents vistes de tot el Vall\u00e8s.\nCal remarcar la terrassa amb teulada holandesa plegada, el mirador i la seva barana. \nA la porta del jard\u00ed trobem una reixa de ferro de decoraci\u00f3 modernista. Enmig de la teulada s'aixeca un cos quadrat amb cobertes inclinades dobles que es creuen entre si tamb\u00e9 amb decoraci\u00f3 de cer\u00e0mica. \nAl seu gran jard\u00ed tamb\u00e9 trobem una font, un estany i un pou d'aigua.\nLa propietat es troba a la meravellosa zona del Parc Rural de la Torre Negra que \u00e9s un espai agroforestal d'un alt valor ecol\u00f2gic, paisatg\u00edstic i natural amb una gran riquesa de vegetaci\u00f3 i fauna. Est\u00e0 situat entre el nucli urb\u00e0 de Sant Cugat del Vall\u00e8s i el parc natural de Collserola. ","properties_post_seo_title":"","properties_post_seo_alias":"","properties_post_seo_metadescription":"","properties_post_seo_key_words":"","properties_post_seo_url":"","properties_post_terms_conditions":""},{"properties_post_description_language":"spanish","properties_post_title":"Chalet unifamiliar modernista en venta en Torre Negra en Sant Cugat del Vall\u00e9s","properties_post_short_description_text_alt":"","properties_post_description_text_alt":"","properties_post_short_description_text":"La Casa Calado es un edificio modernista para restaurar del a\u00f1o 1905, construida por el arquitecto catal\u00e1n Eduard M. Balcells y Buigas.","properties_post_link_demanda_inmueble":"https:\/\/movin.cloud\/es\/Forcadell Terrassa\/formulario-peticion-inmueble\/sth\/1876&&158301","properties_post_link_demanda_calendario_inmueble":"https:\/\/movin.cloud\/es\/Forcadell Terrassa\/calendario-peticion-inmueble\/sth\/1876&&158301","properties_post_description_text":"La Casa Calado es un edificio modernista para restaurar del a\u00f1o 1905, construida por el arquitecto catal\u00e1n Eduard M. Balcells y Buigas. Est\u00e1 ubicada en el sector de la Torre Negra, en el municipio de Sant Cugat del Vall\u00e8s en la provincia de Barcelona y forma parte del Inventario del Patrimonio Arquitect\u00f3nico de Catalu\u00f1a.Casa con una superficie construida de 704 m\u00b2, en una parcela de 7.029 m\u00b2 seg\u00fan catastro. En la edificaci\u00f3n de la Casa Calado, de planta rectangular hay que destacar los trabajos de cerrajer\u00eda de las barandillas, puertas y rejas, hechas con trenzados. Tambi\u00e9n destacan los ventanales, los detalles de may\u00f3lica con motivos modernistas, la experimentaci\u00f3n con materiales para crear nuevos efectos, como la base de la pilastra en forma de tronco fosilizado, o las pilastras del cancel hechas con palets y piedra mezclados con argamasa.En la primera planta disponemos de diferentes dependencias destinadas a uso habitual de una vivienda, tales como sus habitaciones, ba\u00f1os, cocina, y salas de estar.La segunda planta, es un espacio di\u00e1fano por donde se accede al torre\u00f3n de la casa con excelentes vistas de todo el Vall\u00e9s.Hay que remarcar el torre\u00f3n con tejado holand\u00e9s plegado, el mirador y su barandilla. El alero y el friso de la fachada. Las ventanas con la faja marco y las rejas. El rebozado de la fachada. El lavabo modernista. La torre del molino de viento. Las pilastras del cancel. En la puerta del jard\u00edn encontramos una reja de hierro de decoraci\u00f3n modernista. En medio del tejado se levanta un cuerpo cuadrado con cubiertas inclinadas dobles que se cruzan entre s\u00ed tambi\u00e9n con decoraci\u00f3n de cer\u00e1mica. En su gran jard\u00edn tambi\u00e9n encontramos una fuente, un estanque y un pozo de agua.La propiedad se encuentra la maravillosa zona del Parque Rural de la Torre Negra que es un espacio agroforestal de un alto valor ecol\u00f3gico, paisaj\u00edstico y natural con una gran riqueza de vegetaci\u00f3n y fauna. Est\u00e1 situado entre el casco urbano de Sant Cugat del Vall\u00e8s y el parque natural de Collserola. Es un lugar ideal para desconectar, ir a correr, pasear en bicicleta o a caballo. All\u00ed descubrir\u00e1 la magn\u00edfica edificaci\u00f3n medieval de la Torre Negra, que es una construcci\u00f3n rom\u00e1nica militar que data del siglo XII. Su nombre se debe al color oscuro de las piedras de sus murallas. FINCAS FORCADELL SLU AICAT 0163 Arquimedes, 157 Terrassa\n","properties_post_seo_title":"","properties_post_seo_alias":"","properties_post_seo_metadescription":"","properties_post_seo_key_words":"","properties_post_seo_url":"","properties_post_terms_conditions":""},{"properties_post_description_language":"english","properties_post_title":"Modernist detached house for sale in Torre Negra in Sant Cugat del Vall\u00e8s","properties_post_short_description_text_alt":"","properties_post_description_text_alt":"","properties_post_short_description_text":"The Casa Calado is a modernist building to be restored from 1905, built by the Catalan architect Eduard M. Balcells i Buigas.","properties_post_link_demanda_inmueble":"https:\/\/movin.cloud\/en\/Forcadell Terrassa\/property-form-request\/sth\/1876&&158301","properties_post_link_demanda_calendario_inmueble":"https:\/\/movin.cloud\/en\/Forcadell Terrassa\/property-calendar-request\/sth\/1876&&158301","properties_post_description_text":"The Casa Calado is a modernist building to be restored from 1905, built by the Catalan architect Eduard M. Balcells i Buigas. It is located in the Torre Negra sector in the municipality of Sant Cugat del Vall\u00e8s in the province of Barcelona and forms part of the Inventory of the Architectural Heritage of Catalonia, a house with a built area of 704 m\u00b2 on a plot of 7,029 m\u00b2 according to the land registry. In the building of the Casa Calado, with a rectangular floor plan, the ironwork on the railings, doors and grilles, made with braiding, is particularly noteworthy. Also noteworthy are the large windows, the majolica details with modernist motifs, the experimentation with materials to create new effects, such as the base of the pilaster in the form of a fossilised trunk, or the pilasters of the gate made with pallets and stone mixed with mortar. On the first floor there are different rooms for the usual use of a house, such as bedrooms, bathrooms, kitchen and living rooms.the first floor is an open-plan space through which you can access the tower of the house with excellent views of the whole Vall\u00e9s. the tower with its folded Dutch roof, the bay window and its railing. The eaves and the frieze on the fa\u00e7ade. The windows with their sashes and grilles. The fa\u00e7ade panelling. The modernist washbasin. The windmill tower. The pilasters of the gate. At the garden gate there is an iron grille with Art Nouveau decoration. In the middle of the roof there is a square body with double sloping roofs that cross each other, also with ceramic decoration. In the large garden there is also a fountain, a pond and a water well. The property is located in the wonderful area of the Torre Negra Rural Park, which is an agroforestry area of great ecological, landscape and natural value, with a great wealth of vegetation and fauna. It is located between the town centre of Sant Cugat del Vall\u00e8s and the natural park of Collserola. It is an ideal place to disconnect, go jogging, cycling or horse ","properties_post_seo_title":"","properties_post_seo_alias":"","properties_post_seo_metadescription":"","properties_post_seo_key_words":"","properties_post_seo_url":"","properties_post_terms_conditions":""}],"post_type_properties_post_features_type":"house","post_type_properties_post_id_building":"","post_type_properties_post_features_area_constructed":384,"post_type_properties_post_features_conditioned_air":false,"post_type_properties_post_features_doorman":false,"post_type_properties_post_features_heating":false,"post_type_properties_post_features_equipped_kitchen":false,"post_type_properties_post_features_windows_location":"exterior","post_type_properties_post_features_floors_property":false,"post_type_properties_post_features_storage":false,"post_type_properties_post_features_security_door":false,"post_type_properties_post_features_energy_certificate_rating":"E","post_type_properties_post_features_energy_certificate_emissions_rating":"E","post_type_properties_post_features_energy_certificate_emissions_value":154,"post_type_properties_post_features_energy_certificate_performance":31,"post_type_properties_post_features_bathroom_inside":false,"post_type_properties_post_precio":1950000,"post_type_properties_post_precio_alquiler":1950000,"post_type_properties_post_record_type_id":"Casa","post_type_properties_post_categoria__producto":"Casa Unifamiliar Aislada","post_type_properties_post_amueblado":false,"post_type_properties_post_precio_m2":5078.13,"post_type_properties_post_zona__comunitaria":false,"post_type_properties_post_electrodomesticos":false,"post_type_properties_post_patio__interior":false,"post_type_properties_post_certificado_energetico_general":"E","post_type_properties_post_certificado_energetico_consumo":"E","post_type_properties_post_certificado_energetico_valor_emisiones":154,"post_type_properties_post_certificado_energetico_valor_consumo":31,"post_type_properties_post_modalidad":"sale","post_type_properties_post_provincia":"Barcelona","post_type_properties_post_poblacion":"Sant Cugat del Vall\u00e8s","post_type_properties_post_centro__urbano":false,"post_type_properties_post_zonificacion":"","post_type_properties_post_cartera":"","post_type_properties_post_titulo_catalan":"Xalet unifamiliar modernista en venda a Torre Negra a Sant Cugat del Vall\u00e8s\n","post_type_properties_post_internet_catalan":"La Casa Calat \u00e9s un edifici modernista per a restaurar de l'any 1905 constru\u00efda per l'arquitecte catal\u00e0 Eduard M. Balcells i Buigas. \nEst\u00e0 situada al sector de la Torre Negra al municipi de Sant Cugat del Vall\u00e8s a la prov\u00edncia de Barcelona i forma part de l'Inventari del Patrimoni Arquitect\u00f2nic de Catalunya.\nT\u00e9 una superf\u00edcie constru\u00efda de 704 m\u00b2 en una parcel\u00b7la de 7.029 m\u00b2 segons cadastre. \nA l'edificaci\u00f3 de la Casa Calat, de planta rectangular, cal destacar els treballs de serralleria de les baranes portes i reixes fetes amb trenats. Tamb\u00e9 destaquen els finestrals, amb motius modernistes.\nA la primera planta disposem de diferents depend\u00e8ncies destinades a \u00fas habitual d'un habitatge, com ara les habitacions, banys, cuina i sales d'estar.\nLa segona planta \u00e9s un espai di\u00e0fan per a on s'accedeix a la terrassa de la casa amb excel\u00b7lents vistes de tot el Vall\u00e8s.\nCal remarcar la terrassa amb teulada holandesa plegada, el mirador i la seva barana. \nA la porta del jard\u00ed trobem una reixa de ferro de decoraci\u00f3 modernista. Enmig de la teulada s'aixeca un cos quadrat amb cobertes inclinades dobles que es creuen entre si tamb\u00e9 amb decoraci\u00f3 de cer\u00e0mica. \nAl seu gran jard\u00ed tamb\u00e9 trobem una font, un estany i un pou d'aigua.\nLa propietat es troba a la meravellosa zona del Parc Rural de la Torre Negra que \u00e9s un espai agroforestal d'un alt valor ecol\u00f2gic, paisatg\u00edstic i natural amb una gran riquesa de vegetaci\u00f3 i fauna. Est\u00e0 situat entre el nucli urb\u00e0 de Sant Cugat del Vall\u00e8s i el parc natural de Collserola. ","post_type_properties_post_titulo_castellano":"Chalet unifamiliar modernista en venta en Torre Negra en Sant Cugat del Vall\u00e9s","post_type_properties_post_internet_castellano":"La Casa Calado es un edificio modernista para restaurar del a\u00f1o 1905, construida por el arquitecto catal\u00e1n Eduard M. Balcells y Buigas. Est\u00e1 ubicada en el sector de la Torre Negra, en el municipio de Sant Cugat del Vall\u00e8s en la provincia de Barcelona y forma parte del Inventario del Patrimonio Arquitect\u00f3nico de Catalu\u00f1a.Casa con una superficie construida de 704 m\u00b2, en una parcela de 7.029 m\u00b2 seg\u00fan catastro. En la edificaci\u00f3n de la Casa Calado, de planta rectangular hay que destacar los trabajos de cerrajer\u00eda de las barandillas, puertas y rejas, hechas con trenzados. Tambi\u00e9n destacan los ventanales, los detalles de may\u00f3lica con motivos modernistas, la experimentaci\u00f3n con materiales para crear nuevos efectos, como la base de la pilastra en forma de tronco fosilizado, o las pilastras del cancel hechas con palets y piedra mezclados con argamasa.En la primera planta disponemos de diferentes dependencias destinadas a uso habitual de una vivienda, tales como sus habitaciones, ba\u00f1os, cocina, y salas de estar.La segunda planta, es un espacio di\u00e1fano por donde se accede al torre\u00f3n de la casa con excelentes vistas de todo el Vall\u00e9s.Hay que remarcar el torre\u00f3n con tejado holand\u00e9s plegado, el mirador y su barandilla. El alero y el friso de la fachada. Las ventanas con la faja marco y las rejas. El rebozado de la fachada. El lavabo modernista. La torre del molino de viento. Las pilastras del cancel. En la puerta del jard\u00edn encontramos una reja de hierro de decoraci\u00f3n modernista. En medio del tejado se levanta un cuerpo cuadrado con cubiertas inclinadas dobles que se cruzan entre s\u00ed tambi\u00e9n con decoraci\u00f3n de cer\u00e1mica. En su gran jard\u00edn tambi\u00e9n encontramos una fuente, un estanque y un pozo de agua.La propiedad se encuentra la maravillosa zona del Parque Rural de la Torre Negra que es un espacio agroforestal de un alto valor ecol\u00f3gico, paisaj\u00edstico y natural con una gran riqueza de vegetaci\u00f3n y fauna. Est\u00e1 situado entre el casco urbano de Sant Cugat del Vall\u00e8s y el parque natural de Collserola. Es un lugar ideal para desconectar, ir a correr, pasear en bicicleta o a caballo. All\u00ed descubrir\u00e1 la magn\u00edfica edificaci\u00f3n medieval de la Torre Negra, que es una construcci\u00f3n rom\u00e1nica militar que data del siglo XII. Su nombre se debe al color oscuro de las piedras de sus murallas. FINCAS FORCADELL SLU AICAT 0163 Arquimedes, 157 Terrassa\n","post_type_properties_post_titulo_ingles":"Modernist detached house for sale in Torre Negra in Sant Cugat del Vall\u00e8s","post_type_properties_post_internet_ingles":"The Casa Calado is a modernist building to be restored from 1905, built by the Catalan architect Eduard M. Balcells i Buigas. It is located in the Torre Negra sector in the municipality of Sant Cugat del Vall\u00e8s in the province of Barcelona and forms part of the Inventory of the Architectural Heritage of Catalonia, a house with a built area of 704 m\u00b2 on a plot of 7,029 m\u00b2 according to the land registry. In the building of the Casa Calado, with a rectangular floor plan, the ironwork on the railings, doors and grilles, made with braiding, is particularly noteworthy. Also noteworthy are the large windows, the majolica details with modernist motifs, the experimentation with materials to create new effects, such as the base of the pilaster in the form of a fossilised trunk, or the pilasters of the gate made with pallets and stone mixed with mortar. On the first floor there are different rooms for the usual use of a house, such as bedrooms, bathrooms, kitchen and living rooms.the first floor is an open-plan space through which you can access the tower of the house with excellent views of the whole Vall\u00e9s. the tower with its folded Dutch roof, the bay window and its railing. The eaves and the frieze on the fa\u00e7ade. The windows with their sashes and grilles. The fa\u00e7ade panelling. The modernist washbasin. The windmill tower. The pilasters of the gate. At the garden gate there is an iron grille with Art Nouveau decoration. In the middle of the roof there is a square body with double sloping roofs that cross each other, also with ceramic decoration. In the large garden there is also a fountain, a pond and a water well. The property is located in the wonderful area of the Torre Negra Rural Park, which is an agroforestry area of great ecological, landscape and natural value, with a great wealth of vegetation and fauna. It is located between the town centre of Sant Cugat del Vall\u00e8s and the natural park of Collserola. It is an ideal place to disconnect, go jogging, cycling or horse ","post_type_properties_post_features_classification_commercial":false,"post_type_properties_post_features_conservation":"good","post_type_properties_post_features_security_personnel":false,"post_type_properties_post_features_parking_available":false,"post_type_properties_post_features_garage_capacity_type":"","post_type_properties_post_features_bathroom_number":3,"post_type_properties_post_eje":"","post_type_properties_post_zona":"","post_type_properties_post_comarca":"","post_type_properties_post_features_built_year":"","post_type_properties_post_renta_mensual":1950000,"post_type_properties_post_fianza":"","post_type_properties_post_features_area_plot":"","post_type_properties_post_features_area_buildable":"","post_type_properties_post_features_classification_industrial":false,"post_type_properties_post_distrito":"","post_type_properties_post_features_balcony":false,"post_type_properties_post_features_bedroom_number":8,"post_type_properties_post_features_heating_type":"noHeating","post_type_properties_post_features_equipped_with_furniture":false,"post_type_properties_post_features_pets_allowed":false,"post_type_properties_post_features_pool":false,"post_type_properties_post_features_terrace":false,"post_type_properties_post_features_wardrobes":false,"post_type_properties_post_features_lift_available":false,"post_type_properties_post_features_handicap_adapted_access":false,"post_type_properties_post_features_orientation_east":false,"post_type_properties_post_features_orientation_west":false,"post_type_properties_post_features_orientation_north":false,"post_type_properties_post_features_orientation_south":false,"post_type_properties_post_features_parking_spaces_number":"","post_type_properties_post_features_security_alarm":false,"post_type_properties_post_features_security_system":false,"post_type_properties_post_open_plan":false,"post_type_properties_post_acceso_24_7":false,"post_type_properties_post_oficina_privada":false,"post_type_properties_post_sala_reuniones":false,"post_type_properties_post_espacio_eventos":false,"post_type_properties_post_office":false,"post_type_properties_post_restaurant":false,"post_type_properties_post_acepta_traspaso":false,"post_type_properties_post_vigilancia":false,"post_type_properties_post_features_suite":false,"post_type_properties_post_features_vitro":false,"post_type_properties_post_features_oven":false,"post_type_properties_post_features_microwave":false,"post_type_properties_post_features_washing_machine":false,"post_type_properties_post_features_dryer":false,"post_type_properties_post_features_dishwasher":false,"post_type_properties_post_features_fridge":false,"post_type_properties_post_features_fridge_mini":false,"post_type_properties_post_features_kettle":false,"post_type_properties_post_features_toaster":false,"post_type_properties_post_features_coffee_maker":false,"post_type_properties_post_features_iron":false,"post_type_properties_post_features_ironing_board":false,"post_type_properties_post_features_safe":false,"post_type_properties_post_features_internet":false,"post_type_properties_post_features_solarium":false,"post_type_properties_post_features_clean_service":false,"post_type_properties_post_features_t_v":false,"post_type_properties_post_features_satellite_t_v":false,"post_type_properties_post_features_gas_kitchen":false,"post_type_properties_post_features_view_mountain":true,"post_type_properties_post_features_view_sea":false,"post_type_properties_post_features_concierge":false,"post_type_properties_post_features_loading_dock":false,"post_type_properties_post_features_bridge_crane":false,"post_type_properties_post_features_located_at_corner":false,"post_type_properties_post_features_smoke_extraction":false,"post_type_properties_post_features_rooms":8,"post_type_properties_post_features_garden_area":"","post_type_properties_post_features_utilities_water":false,"post_type_properties_post_features_utilities_electricity":false,"post_type_properties_post_features_utilities_natural_gas":false,"post_type_properties_post_features_building_adapted":false,"post_type_properties_post_features_garden":false,"post_type_properties_post_features_classification_hotel":false,"post_type_properties_post_features_classification_chalet":false,"post_type_properties_post_certificado_energetico_emisiones":"E","post_type_properties_post_barrio":"","post_type_properties_post_distrito_empresa":"","post_type_properties_post_features_property_category_intern":"","post_type_properties_post_implantada":false,"post_type_properties_post_sello_leed":"","post_type_properties_post_sello_well":"","post_type_properties_post_sello_breeam":false,"post_type_properties_post_images":[{"properties_post_image_order":1,"properties_post_image_url":"https:\/\/movin.cloud\/empresas\/1876\/imagenes\/158301\/venta-de-casas.webp","properties_post_image_url_thumbnail":"https:\/\/movin.cloud\/empresas\/1876\/imagenes\/thumbnails\/158301\/venta-de-casas.webp","properties_post_title":"venta de casas","properties_post_alt":"venta de casas"},{"properties_post_image_order":2,"properties_post_image_url":"https:\/\/movin.cloud\/empresas\/1876\/imagenes\/158301\/casas-en-vent.webp","properties_post_image_url_thumbnail":"https:\/\/movin.cloud\/empresas\/1876\/imagenes\/thumbnails\/158301\/casas-en-vent.webp","properties_post_title":"casas en vent","properties_post_alt":"casas en vent"},{"properties_post_image_order":3,"properties_post_image_url":"https:\/\/movin.cloud\/empresas\/1876\/imagenes\/158301\/venta-casa.webp","properties_post_image_url_thumbnail":"https:\/\/movin.cloud\/empresas\/1876\/imagenes\/thumbnails\/158301\/venta-casa.webp","properties_post_title":"venta casa","properties_post_alt":"venta casa"},{"properties_post_image_order":4,"properties_post_image_url":"https:\/\/movin.cloud\/empresas\/1876\/imagenes\/158301\/venta-casas.webp","properties_post_image_url_thumbnail":"https:\/\/movin.cloud\/empresas\/1876\/imagenes\/thumbnails\/158301\/venta-casas.webp","properties_post_title":"venta casas","properties_post_alt":"venta casas"},{"properties_post_image_order":5,"properties_post_image_url":"https:\/\/movin.cloud\/empresas\/1876\/imagenes\/158301\/casa-en-venta.webp","properties_post_image_url_thumbnail":"https:\/\/movin.cloud\/empresas\/1876\/imagenes\/thumbnails\/158301\/casa-en-venta.webp","properties_post_title":"casa en venta","properties_post_alt":"casa en venta"},{"properties_post_image_order":6,"properties_post_image_url":"https:\/\/movin.cloud\/empresas\/1876\/imagenes\/158301\/comprar-casa.webp","properties_post_image_url_thumbnail":"https:\/\/movin.cloud\/empresas\/1876\/imagenes\/thumbnails\/158301\/comprar-casa.webp","properties_post_title":"comprar casa","properties_post_alt":"comprar casa"},{"properties_post_image_order":7,"properties_post_image_url":"https:\/\/movin.cloud\/empresas\/1876\/imagenes\/158301\/casa-venta.webp","properties_post_image_url_thumbnail":"https:\/\/movin.cloud\/empresas\/1876\/imagenes\/thumbnails\/158301\/casa-venta.webp","properties_post_title":"casa venta","properties_post_alt":"casa venta"},{"properties_post_image_order":8,"properties_post_image_url":"https:\/\/movin.cloud\/empresas\/1876\/imagenes\/158301\/compra.webp","properties_post_image_url_thumbnail":"https:\/\/movin.cloud\/empresas\/1876\/imagenes\/thumbnails\/158301\/compra.webp","properties_post_title":"compra","properties_post_alt":"compra"},{"properties_post_image_order":9,"properties_post_image_url":"https:\/\/movin.cloud\/empresas\/1876\/imagenes\/158301\/venta-de-casa.webp","properties_post_image_url_thumbnail":"https:\/\/movin.cloud\/empresas\/1876\/imagenes\/thumbnails\/158301\/venta-de-casa.webp","properties_post_title":"venta de casa","properties_post_alt":"venta de casa"},{"properties_post_image_order":10,"properties_post_image_url":"https:\/\/movin.cloud\/empresas\/1876\/imagenes\/158301\/compra-para-idealistas.webp","properties_post_image_url_thumbnail":"https:\/\/movin.cloud\/empresas\/1876\/imagenes\/thumbnails\/158301\/compra-para-idealistas.webp","properties_post_title":"compra para idealistas","properties_post_alt":"compra para idealistas"},{"properties_post_image_order":11,"properties_post_image_url":"https:\/\/movin.cloud\/empresas\/1876\/imagenes\/158301\/foto-cas.webp","properties_post_image_url_thumbnail":"https:\/\/movin.cloud\/empresas\/1876\/imagenes\/thumbnails\/158301\/foto-cas.webp","properties_post_title":"foto cas","properties_post_alt":"foto cas"},{"properties_post_image_order":12,"properties_post_image_url":"https:\/\/movin.cloud\/empresas\/1876\/imagenes\/158301\/foto-casa-venta.webp","properties_post_image_url_thumbnail":"https:\/\/movin.cloud\/empresas\/1876\/imagenes\/thumbnails\/158301\/foto-casa-venta.webp","properties_post_title":"foto casa venta","properties_post_alt":"foto casa venta"},{"properties_post_image_order":13,"properties_post_image_url":"https:\/\/movin.cloud\/empresas\/1876\/imagenes\/158301\/foto-casa-con-jardin.webp","properties_post_image_url_thumbnail":"https:\/\/movin.cloud\/empresas\/1876\/imagenes\/thumbnails\/158301\/foto-casa-con-jardin.webp","properties_post_title":"foto casa con jardin","properties_post_alt":"foto casa con jardin"},{"properties_post_image_order":14,"properties_post_image_url":"https:\/\/movin.cloud\/empresas\/1876\/imagenes\/158301\/foto-casa.webp","properties_post_image_url_thumbnail":"https:\/\/movin.cloud\/empresas\/1876\/imagenes\/thumbnails\/158301\/foto-casa.webp","properties_post_title":"foto casa","properties_post_alt":"foto casa"},{"properties_post_image_order":15,"properties_post_image_url":"https:\/\/movin.cloud\/empresas\/1876\/imagenes\/158301\/casa-para-idealista.webp","properties_post_image_url_thumbnail":"https:\/\/movin.cloud\/empresas\/1876\/imagenes\/thumbnails\/158301\/casa-para-idealista.webp","properties_post_title":"casa para idealista","properties_post_alt":"casa para idealista"},{"properties_post_image_order":16,"properties_post_image_url":"https:\/\/movin.cloud\/empresas\/1876\/imagenes\/158301\/casa-ideal.webp","properties_post_image_url_thumbnail":"https:\/\/movin.cloud\/empresas\/1876\/imagenes\/thumbnails\/158301\/casa-ideal.webp","properties_post_title":"casa ideal","properties_post_alt":"casa ideal"},{"properties_post_image_order":17,"properties_post_image_url":"https:\/\/movin.cloud\/empresas\/1876\/imagenes\/158301\/venta-viviendas.webp","properties_post_image_url_thumbnail":"https:\/\/movin.cloud\/empresas\/1876\/imagenes\/thumbnails\/158301\/venta-viviendas.webp","properties_post_title":"venta viviendas","properties_post_alt":"venta viviendas"},{"properties_post_image_order":18,"properties_post_image_url":"https:\/\/movin.cloud\/empresas\/1876\/imagenes\/158301\/pisos-y-casas-en-venta.webp","properties_post_image_url_thumbnail":"https:\/\/movin.cloud\/empresas\/1876\/imagenes\/thumbnails\/158301\/pisos-y-casas-en-venta.webp","properties_post_title":"pisos y casas en venta","properties_post_alt":"pisos y casas en venta"},{"properties_post_image_order":19,"properties_post_image_url":"https:\/\/movin.cloud\/empresas\/1876\/imagenes\/158301\/casas.webp","properties_post_image_url_thumbnail":"https:\/\/movin.cloud\/empresas\/1876\/imagenes\/thumbnails\/158301\/casas.webp","properties_post_title":"casas","properties_post_alt":"casas"},{"properties_post_image_order":20,"properties_post_image_url":"https:\/\/movin.cloud\/empresas\/1876\/imagenes\/158301\/comprar.webp","properties_post_image_url_thumbnail":"https:\/\/movin.cloud\/empresas\/1876\/imagenes\/thumbnails\/158301\/comprar.webp","properties_post_title":"comprar","properties_post_alt":"comprar"},{"properties_post_image_order":21,"properties_post_image_url":"https:\/\/movin.cloud\/empresas\/1876\/imagenes\/158301\/viviendas.webp","properties_post_image_url_thumbnail":"https:\/\/movin.cloud\/empresas\/1876\/imagenes\/thumbnails\/158301\/viviendas.webp","properties_post_title":"viviendas","properties_post_alt":"viviendas"},{"properties_post_image_order":22,"properties_post_image_url":"https:\/\/movin.cloud\/empresas\/1876\/imagenes\/158301\/habitalia.webp","properties_post_image_url_thumbnail":"https:\/\/movin.cloud\/empresas\/1876\/imagenes\/thumbnails\/158301\/habitalia.webp","properties_post_title":"habitalia","properties_post_alt":"habitalia"},{"properties_post_image_order":23,"properties_post_image_url":"https:\/\/movin.cloud\/empresas\/1876\/imagenes\/158301\/venta.webp","properties_post_image_url_thumbnail":"https:\/\/movin.cloud\/empresas\/1876\/imagenes\/thumbnails\/158301\/venta.webp","properties_post_title":"venta","properties_post_alt":"venta"},{"properties_post_image_order":24,"properties_post_image_url":"https:\/\/movin.cloud\/empresas\/1876\/imagenes\/158301\/inmobiliarias.webp","properties_post_image_url_thumbnail":"https:\/\/movin.cloud\/empresas\/1876\/imagenes\/thumbnails\/158301\/inmobiliarias.webp","properties_post_title":"inmobiliarias","properties_post_alt":"inmobiliarias"},{"properties_post_image_order":25,"properties_post_image_url":"https:\/\/movin.cloud\/empresas\/1876\/imagenes\/158301\/inmobiliaria.webp","properties_post_image_url_thumbnail":"https:\/\/movin.cloud\/empresas\/1876\/imagenes\/thumbnails\/158301\/inmobiliaria.webp","properties_post_title":"inmobiliaria","properties_post_alt":"inmobiliaria"},{"properties_post_image_order":26,"properties_post_image_url":"https:\/\/movin.cloud\/empresas\/1876\/imagenes\/158301\/fincas.webp","properties_post_image_url_thumbnail":"https:\/\/movin.cloud\/empresas\/1876\/imagenes\/thumbnails\/158301\/fincas.webp","properties_post_title":"fincas","properties_post_alt":"fincas"},{"properties_post_image_order":27,"properties_post_image_url":"https:\/\/movin.cloud\/empresas\/1876\/imagenes\/158301\/venta-de-casas-sant-cugat-del-valles.webp","properties_post_image_url_thumbnail":"https:\/\/movin.cloud\/empresas\/1876\/imagenes\/thumbnails\/158301\/venta-de-casas-sant-cugat-del-valles.webp","properties_post_title":"venta de casas sant cugat del valles","properties_post_alt":"venta de casas sant cugat del valles"},{"properties_post_image_order":28,"properties_post_image_url":"https:\/\/movin.cloud\/empresas\/1876\/imagenes\/158301\/casas-en-vent-sant-cugat-del-valles.webp","properties_post_image_url_thumbnail":"https:\/\/movin.cloud\/empresas\/1876\/imagenes\/thumbnails\/158301\/casas-en-vent-sant-cugat-del-valles.webp","properties_post_title":"casas en vent sant cugat del valles","properties_post_alt":"casas en vent sant cugat del valles"},{"properties_post_image_order":29,"properties_post_image_url":"https:\/\/movin.cloud\/empresas\/1876\/imagenes\/158301\/venta-casa-sant-cugat-del-valles.webp","properties_post_image_url_thumbnail":"https:\/\/movin.cloud\/empresas\/1876\/imagenes\/thumbnails\/158301\/venta-casa-sant-cugat-del-valles.webp","properties_post_title":"venta casa sant cugat del valles","properties_post_alt":"venta casa sant cugat del valles"},{"properties_post_image_order":30,"properties_post_image_url":"https:\/\/movin.cloud\/empresas\/1876\/imagenes\/158301\/venta-casas-sant-cugat-del-valles.webp","properties_post_image_url_thumbnail":"https:\/\/movin.cloud\/empresas\/1876\/imagenes\/thumbnails\/158301\/venta-casas-sant-cugat-del-valles.webp","properties_post_title":"venta casas sant cugat del valles","properties_post_alt":"venta casas sant cugat del valles"},{"properties_post_image_order":31,"properties_post_image_url":"https:\/\/movin.cloud\/empresas\/1876\/imagenes\/158301\/casa-en-venta-sant-cugat-del-valles.webp","properties_post_image_url_thumbnail":"https:\/\/movin.cloud\/empresas\/1876\/imagenes\/thumbnails\/158301\/casa-en-venta-sant-cugat-del-valles.webp","properties_post_title":"casa en venta sant cugat del valles","properties_post_alt":"casa en venta sant cugat del valles"},{"properties_post_image_order":32,"properties_post_image_url":"https:\/\/movin.cloud\/empresas\/1876\/imagenes\/158301\/comprar-casa-sant-cugat-del-valles.webp","properties_post_image_url_thumbnail":"https:\/\/movin.cloud\/empresas\/1876\/imagenes\/thumbnails\/158301\/comprar-casa-sant-cugat-del-valles.webp","properties_post_title":"comprar casa sant cugat del valles","properties_post_alt":"comprar casa sant cugat del valles"},{"properties_post_image_order":33,"properties_post_image_url":"https:\/\/movin.cloud\/empresas\/1876\/imagenes\/158301\/casa-venta-sant-cugat-del-valles.webp","properties_post_image_url_thumbnail":"https:\/\/movin.cloud\/empresas\/1876\/imagenes\/thumbnails\/158301\/casa-venta-sant-cugat-del-valles.webp","properties_post_title":"casa venta sant cugat del valles","properties_post_alt":"casa venta sant cugat del valles"},{"properties_post_image_order":34,"properties_post_image_url":"https:\/\/movin.cloud\/empresas\/1876\/imagenes\/158301\/compra-sant-cugat-del-valles.webp","properties_post_image_url_thumbnail":"https:\/\/movin.cloud\/empresas\/1876\/imagenes\/thumbnails\/158301\/compra-sant-cugat-del-valles.webp","properties_post_title":"compra sant cugat del valles","properties_post_alt":"compra sant cugat del valles"},{"properties_post_image_order":35,"properties_post_image_url":"https:\/\/movin.cloud\/empresas\/1876\/imagenes\/158301\/venta-de-casa-sant-cugat-del-valles.webp","properties_post_image_url_thumbnail":"https:\/\/movin.cloud\/empresas\/1876\/imagenes\/thumbnails\/158301\/venta-de-casa-sant-cugat-del-valles.webp","properties_post_title":"venta de casa sant cugat del valles","properties_post_alt":"venta de casa sant cugat del valles"},{"properties_post_image_order":36,"properties_post_image_url":"https:\/\/movin.cloud\/empresas\/1876\/imagenes\/158301\/compra-para-idealistas-sant-cugat-del-valles.webp","properties_post_image_url_thumbnail":"https:\/\/movin.cloud\/empresas\/1876\/imagenes\/thumbnails\/158301\/compra-para-idealistas-sant-cugat-del-valles.webp","properties_post_title":"compra para idealistas sant cugat del valles","properties_post_alt":"compra para idealistas sant cugat del valles"},{"properties_post_image_order":37,"properties_post_image_url":"https:\/\/movin.cloud\/empresas\/1876\/imagenes\/158301\/foto-cas-sant-cugat-del-valles.webp","properties_post_image_url_thumbnail":"https:\/\/movin.cloud\/empresas\/1876\/imagenes\/thumbnails\/158301\/foto-cas-sant-cugat-del-valles.webp","properties_post_title":"foto cas sant cugat del valles","properties_post_alt":"foto cas sant cugat del valles"},{"properties_post_image_order":38,"properties_post_image_url":"https:\/\/movin.cloud\/empresas\/1876\/imagenes\/158301\/foto-casa-venta-sant-cugat-del-valles.webp","properties_post_image_url_thumbnail":"https:\/\/movin.cloud\/empresas\/1876\/imagenes\/thumbnails\/158301\/foto-casa-venta-sant-cugat-del-valles.webp","properties_post_title":"foto casa venta sant cugat del valles","properties_post_alt":"foto casa venta sant cugat del valles"}],"post_type_properties_post_videos":[{"properties_post_video_url":"https:\/\/www.youtube.com\/watch?v=daJliQMBFas","properties_post_video_order":"1"}],"post_type_properties_post_tour":null,"post_type_properties_post_dossier_url":"","post_type_properties_post_operation_type":"sale","post_type_properties_post_operation_price":1950000,"post_type_properties_post_features_hidden_price":false},"yoast_head":"<!-- This site is optimized with the Yoast SEO plugin v27.4 - https:\/\/yoast.com\/product\/yoast-seo-wordpress\/ -->\n<title>Chalet unifamiliar modernista en venta en Torre Negra en Sant Cugat del Vall\u00e9s - Forcadell<\/title>\n<meta name=\"robots\" content=\"index, follow, max-snippet:-1, max-image-preview:large, max-video-preview:-1\" \/>\n<link rel=\"canonical\" href=\"https:\/\/forcadell.com\/ca\/propiedades\/chalet-unifamiliar-modernista-en-venta-en-torre-negra-en-sant-cugat-del-valles\/\" \/>\n<meta property=\"og:locale\" content=\"ca_ES\" \/>\n<meta property=\"og:type\" content=\"article\" \/>\n<meta property=\"og:title\" content=\"Chalet unifamiliar modernista en venta en Torre Negra en Sant Cugat del Vall\u00e9s - Forcadell\" \/>\n<meta property=\"og:description\" content=\"La Casa Calado es un edificio modernista para restaurar del a\u00f1o 1905, construida por el arquitecto catal\u00e1n Eduard M. Balcells y Buigas. Est\u00e1 ubicada en el sector de la Torre Negra, en el municipio de Sant Cugat del Vall\u00e8s en la provincia de Barcelona y forma parte del Inventario del Patrimonio Arquitect\u00f3nico de Catalu\u00f1a.Casa con [&hellip;]\" \/>\n<meta property=\"og:url\" content=\"https:\/\/forcadell.com\/ca\/propiedades\/chalet-unifamiliar-modernista-en-venta-en-torre-negra-en-sant-cugat-del-valles\/\" \/>\n<meta property=\"og:site_name\" content=\"Forcadell\" \/>\n<meta property=\"article:modified_time\" content=\"2026-05-01T11:56:51+00:00\" \/>\n<meta name=\"twitter:card\" content=\"summary_large_image\" \/>\n<meta name=\"twitter:label1\" content=\"Temps estimat de lectura\" \/>\n\t<meta name=\"twitter:data1\" content=\"2 minuts\" \/>\n<!-- \/ Yoast SEO plugin. -->","yoast_head_json":{"title":"Chalet unifamiliar modernista en venta en Torre Negra en Sant Cugat del Vall\u00e9s - Forcadell","robots":{"index":"index","follow":"follow","max-snippet":"max-snippet:-1","max-image-preview":"max-image-preview:large","max-video-preview":"max-video-preview:-1"},"canonical":"https:\/\/forcadell.com\/ca\/propiedades\/chalet-unifamiliar-modernista-en-venta-en-torre-negra-en-sant-cugat-del-valles\/","og_locale":"ca_ES","og_type":"article","og_title":"Chalet unifamiliar modernista en venta en Torre Negra en Sant Cugat del Vall\u00e9s - Forcadell","og_description":"La Casa Calado es un edificio modernista para restaurar del a\u00f1o 1905, construida por el arquitecto catal\u00e1n Eduard M. Balcells y Buigas. Est\u00e1 ubicada en el sector de la Torre Negra, en el municipio de Sant Cugat del Vall\u00e8s en la provincia de Barcelona y forma parte del Inventario del Patrimonio Arquitect\u00f3nico de Catalu\u00f1a.Casa con [&hellip;]","og_url":"https:\/\/forcadell.com\/ca\/propiedades\/chalet-unifamiliar-modernista-en-venta-en-torre-negra-en-sant-cugat-del-valles\/","og_site_name":"Forcadell","article_modified_time":"2026-05-01T11:56:51+00:00","twitter_card":"summary_large_image","twitter_misc":{"Temps estimat de lectura":"2 minuts"},"schema":{"@context":"https:\/\/schema.org","@graph":[{"@type":"WebPage","@id":"https:\/\/forcadell.com\/ca\/propiedades\/chalet-unifamiliar-modernista-en-venta-en-torre-negra-en-sant-cugat-del-valles\/","url":"https:\/\/forcadell.com\/ca\/propiedades\/chalet-unifamiliar-modernista-en-venta-en-torre-negra-en-sant-cugat-del-valles\/","name":"Chalet unifamiliar modernista en venta en Torre Negra en Sant Cugat del Vall\u00e9s - Forcadell","isPartOf":{"@id":"https:\/\/forcadell.com\/ca\/#website"},"datePublished":"2025-11-04T13:01:28+00:00","dateModified":"2026-05-01T11:56:51+00:00","breadcrumb":{"@id":"https:\/\/forcadell.com\/ca\/propiedades\/chalet-unifamiliar-modernista-en-venta-en-torre-negra-en-sant-cugat-del-valles\/#breadcrumb"},"inLanguage":"ca","potentialAction":[{"@type":"ReadAction","target":["https:\/\/forcadell.com\/ca\/propiedades\/chalet-unifamiliar-modernista-en-venta-en-torre-negra-en-sant-cugat-del-valles\/"]}]},{"@type":"BreadcrumbList","@id":"https:\/\/forcadell.com\/ca\/propiedades\/chalet-unifamiliar-modernista-en-venta-en-torre-negra-en-sant-cugat-del-valles\/#breadcrumb","itemListElement":[{"@type":"ListItem","position":1,"name":"Portada","item":"https:\/\/forcadell.com\/ca\/"},{"@type":"ListItem","position":2,"name":"Properties","item":"https:\/\/forcadell.com\/ca\/propiedades\/"},{"@type":"ListItem","position":3,"name":"Chalet unifamiliar modernista en venta en Torre Negra en Sant Cugat del Vall\u00e9s"}]},{"@type":"WebSite","@id":"https:\/\/forcadell.com\/ca\/#website","url":"https:\/\/forcadell.com\/ca\/","name":"Forcadell","description":"Inmobiliaria Barcelona | Consultores inmobiliarios","potentialAction":[{"@type":"SearchAction","target":{"@type":"EntryPoint","urlTemplate":"https:\/\/forcadell.com\/ca\/?s={search_term_string}"},"query-input":{"@type":"PropertyValueSpecification","valueRequired":true,"valueName":"search_term_string"}}],"inLanguage":"ca"}]}},"_links":{"self":[{"href":"https:\/\/forcadell.com\/ca\/wp-json\/wp\/v2\/properties_post\/56647","targetHints":{"allow":["GET"]}}],"collection":[{"href":"https:\/\/forcadell.com\/ca\/wp-json\/wp\/v2\/properties_post"}],"about":[{"href":"https:\/\/forcadell.com\/ca\/wp-json\/wp\/v2\/types\/properties_post"}],"wp:attachment":[{"href":"https:\/\/forcadell.com\/ca\/wp-json\/wp\/v2\/media?parent=56647"}],"curies":[{"name":"wp","href":"https:\/\/api.w.org\/{rel}","templated":true}]}}