{"id":64364,"date":"2026-04-27T13:07:41","date_gmt":"2026-04-27T11:07:41","guid":{"rendered":"https:\/\/forcadell.com\/?p=64364"},"modified":"2026-04-27T13:07:44","modified_gmt":"2026-04-27T11:07:44","slug":"forcadell-assessora-fleet-en-el-lloguer-de-les-seves-oficines-al-22","status":"publish","type":"post","link":"https:\/\/forcadell.com\/ca\/forcadell-assessora-fleet-en-el-lloguer-de-les-seves-oficines-al-22\/","title":{"rendered":"FORCADELL assessora Fleet en el lloguer de les seves oficines al 22@"},"content":{"rendered":"<div class=\"o-container GenericStyles\">\n<p>FORCADELL ha assessorat Fleet en l\u2019<strong>arrendament de les seves noves oficines a Alt Building<\/strong>, immoble propietat de Tristan Capital Partners i Acciona, ubicat al carrer Selva de Mar 125, a l\u2019\u00e0rea del 22@ Nord de Barcelona. L\u2019espai, completament implantat, permetr\u00e0 agilitzar el proc\u00e9s de trasllat i posada en marxa de la companyia francesa.<\/p>\n<\/div>\n\n<div class=\"o-container GenericStyles\">\n<p>Aquesta operaci\u00f3 s\u2019emmarca en l\u2019<strong>estrat\u00e8gia d\u2019expansi\u00f3 i creixement de Fleet<\/strong>, que ha duplicat la seva plantilla a Espanya i ha establert a Barcelona la seva base operativa al pa\u00eds. Des d\u2019aquest nou empla\u00e7ament, la companyia impulsar\u00e0 tamb\u00e9 el seu desenvolupament al mercat llatinoameric\u00e0.<\/p>\n<\/div>\n\n<div class=\"o-container GenericStyles\">\n<h2 class=\"wp-block-heading\">Selvamar Business Campus: r\u00e8cord mundial en sostenibilitat<\/h2>\n<\/div>\n\n<div class=\"o-container GenericStyles\">\n<p>Alt Building \u00e9s l\u2019edifici m\u00e9s alt dins del campus empresarial Selvamar. Amb 13 plantes, l\u2019immoble ofereix espais de treball en format <em>plug and play<\/em>, una terrassa a la coberta i vistes panor\u00e0miques de 360\u00ba sobre la ciutat de Barcelona. L\u2019edifici compta amb les <strong>certificacions WELL Gold i LEED Platinum<\/strong>, assolint la m\u00e0xima qualificaci\u00f3 i posicionant-se com un <strong>referent en sostenibilitat<\/strong>.<\/p>\n<\/div>\n\n<div class=\"o-container GenericStyles\">\n<p>Ubicat al 22@ Nord, el campus s\u2019integra en un <strong>entorn din\u00e0mic caracteritzat per la concentraci\u00f3 d\u2019empreses tecnol\u00f2giques<\/strong> i la seva capacitat per <strong>atraure talent tant local com internacional<\/strong>. A m\u00e9s, la zona destaca per la seva excel\u00b7lent connectivitat i accessibilitat.<\/p>\n<\/div>\n\n<div class=\"o-container GenericStyles\">\n<p>\u00abAquesta operaci\u00f3 reflecteix la <strong>capacitat del 22@ per continuar atraient companyies tecnol\u00f2giques<\/strong> internacionals en fases avan\u00e7ades de creixement. Espais com Alt Building, amb <strong>solucions flexibles i llestes per entrar-hi<\/strong>, responen perfectament a les necessitats d\u2019empreses com Fleet, que prioritzen agilitat, efici\u00e8ncia i qualitat de l\u2019entorn de treball\u00bb, manifesta Manel de Bes, director d\u2019Oficines de FORCADELL.<\/p>\n<\/div>\n\n<div class=\"o-container GenericStyles\">\n<h2 class=\"wp-block-heading\">Sobre Fleet<\/h2>\n<\/div>\n\n<div class=\"o-container GenericStyles\">\n<p>Fleet \u00e9s una <strong>empresa tecnol\u00f2gica especialitzada en el renting i la gesti\u00f3 d\u2019equips inform\u00e0tics per a empreses<\/strong>, que permet a les companyies adquirir, desplegar i mantenir dispositius com ordinadors, m\u00f2bils o tauletes a trav\u00e9s d\u2019una plataforma integral. La companyia ofereix un servei global que inclou el lliurament d\u2019equips, suport, manteniment i renovaci\u00f3 tecnol\u00f2gica, facilitant la gesti\u00f3 d\u2019infraestructures IT especialment en entorns de treball h\u00edbrid i remot.<\/p>\n<\/div>\n\n<div class=\"o-container GenericStyles\">\n<p><\/p>\n<\/div>","protected":false},"excerpt":{"rendered":"<p>La companyia francesa ocupar\u00e0 una superf\u00edcie de 428 m\u00b2 a Alt Building,<br \/>\nubicat al districte tecnol\u00f2gic 22@ de Barcelona.<\/p>\n","protected":false},"author":15,"featured_media":64365,"comment_status":"closed","ping_status":"closed","sticky":false,"template":"","format":"standard","meta":{"_acf_changed":false,"footnotes":""},"categories":[77],"tags":[],"class_list":["post-64364","post","type-post","status-publish","format-standard","has-post-thumbnail","hentry","category-corporatiu"],"acf":[],"yoast_head":"<!-- This site is optimized with the Yoast SEO plugin v27.4 - https:\/\/yoast.com\/product\/yoast-seo-wordpress\/ -->\n<title>FORCADELL assessora Fleet al 22@ | FORCADELL<\/title>\n<meta name=\"description\" content=\"FORCADELL assessora Fleet en el lloguer de noves oficines al 22@ de Barcelona, refor\u00e7ant la seva expansi\u00f3 i creixement empresarial.\" \/>\n<meta name=\"robots\" content=\"index, follow, max-snippet:-1, max-image-preview:large, max-video-preview:-1\" \/>\n<link rel=\"canonical\" href=\"https:\/\/forcadell.com\/ca\/forcadell-assessora-fleet-en-el-lloguer-de-les-seves-oficines-al-22\/\" \/>\n<meta property=\"og:locale\" content=\"ca_ES\" \/>\n<meta property=\"og:type\" content=\"article\" \/>\n<meta property=\"og:title\" content=\"FORCADELL assessora Fleet al 22@ | FORCADELL\" \/>\n<meta property=\"og:description\" content=\"FORCADELL assessora Fleet en el lloguer de noves oficines al 22@ de Barcelona, refor\u00e7ant la seva expansi\u00f3 i creixement empresarial.\" \/>\n<meta property=\"og:url\" content=\"https:\/\/forcadell.com\/ca\/forcadell-assessora-fleet-en-el-lloguer-de-les-seves-oficines-al-22\/\" \/>\n<meta property=\"og:site_name\" content=\"Forcadell\" \/>\n<meta property=\"article:published_time\" content=\"2026-04-27T11:07:41+00:00\" \/>\n<meta property=\"article:modified_time\" content=\"2026-04-27T11:07:44+00:00\" \/>\n<meta property=\"og:image\" content=\"https:\/\/forcadell.com\/wp-content\/uploads\/2026\/04\/alt-building-1360x636.jpg\" \/>\n\t<meta property=\"og:image:width\" content=\"1360\" \/>\n\t<meta property=\"og:image:height\" content=\"636\" \/>\n\t<meta property=\"og:image:type\" content=\"image\/jpeg\" \/>\n<meta name=\"author\" content=\"Roger Rico\" \/>\n<meta name=\"twitter:card\" content=\"summary_large_image\" \/>\n<meta name=\"twitter:label1\" content=\"Escrit per\" \/>\n\t<meta name=\"twitter:data1\" content=\"Roger Rico\" \/>\n\t<meta name=\"twitter:label2\" content=\"Temps estimat de lectura\" \/>\n\t<meta name=\"twitter:data2\" content=\"2 minuts\" \/>\n<!-- \/ Yoast SEO plugin. -->","yoast_head_json":{"title":"FORCADELL assessora Fleet al 22@ | FORCADELL","description":"FORCADELL assessora Fleet en el lloguer de noves oficines al 22@ de Barcelona, refor\u00e7ant la seva expansi\u00f3 i creixement empresarial.","robots":{"index":"index","follow":"follow","max-snippet":"max-snippet:-1","max-image-preview":"max-image-preview:large","max-video-preview":"max-video-preview:-1"},"canonical":"https:\/\/forcadell.com\/ca\/forcadell-assessora-fleet-en-el-lloguer-de-les-seves-oficines-al-22\/","og_locale":"ca_ES","og_type":"article","og_title":"FORCADELL assessora Fleet al 22@ | FORCADELL","og_description":"FORCADELL assessora Fleet en el lloguer de noves oficines al 22@ de Barcelona, refor\u00e7ant la seva expansi\u00f3 i creixement empresarial.","og_url":"https:\/\/forcadell.com\/ca\/forcadell-assessora-fleet-en-el-lloguer-de-les-seves-oficines-al-22\/","og_site_name":"Forcadell","article_published_time":"2026-04-27T11:07:41+00:00","article_modified_time":"2026-04-27T11:07:44+00:00","og_image":[{"width":1360,"height":636,"url":"https:\/\/forcadell.com\/wp-content\/uploads\/2026\/04\/alt-building-1360x636.jpg","type":"image\/jpeg"}],"author":"Roger Rico","twitter_card":"summary_large_image","twitter_misc":{"Escrit per":"Roger Rico","Temps estimat de lectura":"2 minuts"},"schema":{"@context":"https:\/\/schema.org","@graph":[{"@type":"Article","@id":"https:\/\/forcadell.com\/ca\/forcadell-assessora-fleet-en-el-lloguer-de-les-seves-oficines-al-22\/#article","isPartOf":{"@id":"https:\/\/forcadell.com\/ca\/forcadell-assessora-fleet-en-el-lloguer-de-les-seves-oficines-al-22\/"},"author":{"name":"Roger Rico","@id":"https:\/\/forcadell.com\/ca\/#\/schema\/person\/f8c3f1a7a5561146b04ecee89c563091"},"headline":"FORCADELL assessora Fleet en el lloguer de les seves oficines al 22@","datePublished":"2026-04-27T11:07:41+00:00","dateModified":"2026-04-27T11:07:44+00:00","mainEntityOfPage":{"@id":"https:\/\/forcadell.com\/ca\/forcadell-assessora-fleet-en-el-lloguer-de-les-seves-oficines-al-22\/"},"wordCount":371,"image":{"@id":"https:\/\/forcadell.com\/ca\/forcadell-assessora-fleet-en-el-lloguer-de-les-seves-oficines-al-22\/#primaryimage"},"thumbnailUrl":"https:\/\/forcadell.com\/wp-content\/uploads\/2026\/04\/alt-building.jpg","articleSection":["Corporatiu"],"inLanguage":"ca"},{"@type":"WebPage","@id":"https:\/\/forcadell.com\/ca\/forcadell-assessora-fleet-en-el-lloguer-de-les-seves-oficines-al-22\/","url":"https:\/\/forcadell.com\/ca\/forcadell-assessora-fleet-en-el-lloguer-de-les-seves-oficines-al-22\/","name":"FORCADELL assessora Fleet al 22@ | FORCADELL","isPartOf":{"@id":"https:\/\/forcadell.com\/ca\/#website"},"primaryImageOfPage":{"@id":"https:\/\/forcadell.com\/ca\/forcadell-assessora-fleet-en-el-lloguer-de-les-seves-oficines-al-22\/#primaryimage"},"image":{"@id":"https:\/\/forcadell.com\/ca\/forcadell-assessora-fleet-en-el-lloguer-de-les-seves-oficines-al-22\/#primaryimage"},"thumbnailUrl":"https:\/\/forcadell.com\/wp-content\/uploads\/2026\/04\/alt-building.jpg","datePublished":"2026-04-27T11:07:41+00:00","dateModified":"2026-04-27T11:07:44+00:00","author":{"@id":"https:\/\/forcadell.com\/ca\/#\/schema\/person\/f8c3f1a7a5561146b04ecee89c563091"},"description":"FORCADELL assessora Fleet en el lloguer de noves oficines al 22@ de Barcelona, refor\u00e7ant la seva expansi\u00f3 i creixement empresarial.","breadcrumb":{"@id":"https:\/\/forcadell.com\/ca\/forcadell-assessora-fleet-en-el-lloguer-de-les-seves-oficines-al-22\/#breadcrumb"},"inLanguage":"ca","potentialAction":[{"@type":"ReadAction","target":["https:\/\/forcadell.com\/ca\/forcadell-assessora-fleet-en-el-lloguer-de-les-seves-oficines-al-22\/"]}]},{"@type":"ImageObject","inLanguage":"ca","@id":"https:\/\/forcadell.com\/ca\/forcadell-assessora-fleet-en-el-lloguer-de-les-seves-oficines-al-22\/#primaryimage","url":"https:\/\/forcadell.com\/wp-content\/uploads\/2026\/04\/alt-building.jpg","contentUrl":"https:\/\/forcadell.com\/wp-content\/uploads\/2026\/04\/alt-building.jpg","width":4240,"height":2832},{"@type":"BreadcrumbList","@id":"https:\/\/forcadell.com\/ca\/forcadell-assessora-fleet-en-el-lloguer-de-les-seves-oficines-al-22\/#breadcrumb","itemListElement":[{"@type":"ListItem","position":1,"name":"Portada","item":"https:\/\/forcadell.com\/ca\/"},{"@type":"ListItem","position":2,"name":"FORCADELL assessora Fleet en el lloguer de les seves oficines al 22@"}]},{"@type":"WebSite","@id":"https:\/\/forcadell.com\/ca\/#website","url":"https:\/\/forcadell.com\/ca\/","name":"Forcadell","description":"Inmobiliaria Barcelona | Consultores inmobiliarios","potentialAction":[{"@type":"SearchAction","target":{"@type":"EntryPoint","urlTemplate":"https:\/\/forcadell.com\/ca\/?s={search_term_string}"},"query-input":{"@type":"PropertyValueSpecification","valueRequired":true,"valueName":"search_term_string"}}],"inLanguage":"ca"},{"@type":"Person","@id":"https:\/\/forcadell.com\/ca\/#\/schema\/person\/f8c3f1a7a5561146b04ecee89c563091","name":"Roger Rico","image":{"@type":"ImageObject","inLanguage":"ca","@id":"https:\/\/secure.gravatar.com\/avatar\/ad1e6d12feea8fee406c131590878031bbd5e9a402e94796a6ac61861eab02b3?s=96&d=mm&r=g","url":"https:\/\/secure.gravatar.com\/avatar\/ad1e6d12feea8fee406c131590878031bbd5e9a402e94796a6ac61861eab02b3?s=96&d=mm&r=g","contentUrl":"https:\/\/secure.gravatar.com\/avatar\/ad1e6d12feea8fee406c131590878031bbd5e9a402e94796a6ac61861eab02b3?s=96&d=mm&r=g","caption":"Roger Rico"}}]}},"_links":{"self":[{"href":"https:\/\/forcadell.com\/ca\/wp-json\/wp\/v2\/posts\/64364","targetHints":{"allow":["GET"]}}],"collection":[{"href":"https:\/\/forcadell.com\/ca\/wp-json\/wp\/v2\/posts"}],"about":[{"href":"https:\/\/forcadell.com\/ca\/wp-json\/wp\/v2\/types\/post"}],"author":[{"embeddable":true,"href":"https:\/\/forcadell.com\/ca\/wp-json\/wp\/v2\/users\/15"}],"replies":[{"embeddable":true,"href":"https:\/\/forcadell.com\/ca\/wp-json\/wp\/v2\/comments?post=64364"}],"version-history":[{"count":2,"href":"https:\/\/forcadell.com\/ca\/wp-json\/wp\/v2\/posts\/64364\/revisions"}],"predecessor-version":[{"id":64373,"href":"https:\/\/forcadell.com\/ca\/wp-json\/wp\/v2\/posts\/64364\/revisions\/64373"}],"wp:featuredmedia":[{"embeddable":true,"href":"https:\/\/forcadell.com\/ca\/wp-json\/wp\/v2\/media\/64365"}],"wp:attachment":[{"href":"https:\/\/forcadell.com\/ca\/wp-json\/wp\/v2\/media?parent=64364"}],"wp:term":[{"taxonomy":"category","embeddable":true,"href":"https:\/\/forcadell.com\/ca\/wp-json\/wp\/v2\/categories?post=64364"},{"taxonomy":"post_tag","embeddable":true,"href":"https:\/\/forcadell.com\/ca\/wp-json\/wp\/v2\/tags?post=64364"}],"curies":[{"name":"wp","href":"https:\/\/api.w.org\/{rel}","templated":true}]}}