{"id":64325,"date":"2026-04-28T13:45:42","date_gmt":"2026-04-28T11:45:42","guid":{"rendered":"https:\/\/forcadell.com\/?p=64325"},"modified":"2026-04-28T13:45:44","modified_gmt":"2026-04-28T11:45:44","slug":"forcadell-reforca-el-seu-compromis-social-participant-en-una-nova-edicio-de-la-magic-line-sjd","status":"publish","type":"post","link":"https:\/\/forcadell.com\/ca\/forcadell-reforca-el-seu-compromis-social-participant-en-una-nova-edicio-de-la-magic-line-sjd\/","title":{"rendered":"FORCADELL refor\u00e7a el seu comprom\u00eds social participant en una nova edici\u00f3 de la Magic Line SJD"},"content":{"rendered":"<div class=\"o-container GenericStyles\">\n<p>FORCADELL ha tornat a implicar-se en una <strong>nova edici\u00f3 de la <a href=\"https:\/\/magiclinesjd.org\/\" target=\"_blank\" rel=\"noreferrer noopener\">Magic Line SJD<\/a>, la caminada solid\u00e0ria impulsada per Sant Joan de D\u00e9u<\/strong> que, any rere any, mobilitza milers de persones amb un objectiu com\u00fa: <strong>contribuir a una societat m\u00e9s justa i inclusiva<\/strong>.<\/p>\n<\/div>\n\n<div class=\"o-container GenericStyles\">\n<p>En aquesta 13a edici\u00f3, FORCADELL ha comptat amb la <strong>participaci\u00f3 de m\u00e9s de 50 persones<\/strong> entre treballadors, familiars i amics, que han compartit una jornada solid\u00e0ria recorrent aproximadament 9 km pels carrers de la ciutat amb entusiasme, esperit d\u2019equip i comprom\u00eds amb la causa.<\/p>\n<\/div>\n\n<div class=\"o-container GenericStyles\">\n<p>Com en anys anteriors, les setmanes pr\u00e8vies a l\u2019esdeveniment han estat marcades per <strong>diverses accions solid\u00e0ries internes<\/strong>, amb iniciatives impulsades per l\u2019equip que han perm\u00e8s recaptar fons destinats \u00edntegrament als projectes socials i sanitaris de Sant Joan de D\u00e9u.<\/p>\n<\/div>\n\n<div class=\"o-container GenericStyles\">\n<p>La participaci\u00f3 en la Magic Line forma part del <strong>comprom\u00eds de FORCADELL amb la Responsabilitat Social Corporativa<\/strong>, a trav\u00e9s de la qual l\u2019empresa promou accions que generen un impacte positiu en la societat i fomenten la implicaci\u00f3 activa de les persones que en formen part.<\/p>\n<\/div>\n\n<div class=\"o-container GenericStyles\">\n<p><strong>Des de la seva primera participaci\u00f3 l\u2019any 2016, <a href=\"https:\/\/forcadell.com\/ca\/sobre-forcadell\/\" target=\"_blank\" rel=\"noreferrer noopener\">FORCADELL <\/a>ha mantingut una vinculaci\u00f3 constant amb aquesta iniciativa solid\u00e0ria<\/strong>, en l\u00ednia amb els seus valors corporatius. Aquest comprom\u00eds tamb\u00e9 s\u2019est\u00e9n a altres projectes de Sant Joan de D\u00e9u, orientats a <strong>millorar la qualitat de vida de persones<\/strong> en situaci\u00f3 de vulnerabilitat i afavorir la seva inclusi\u00f3 social.<\/p>\n<\/div>\n\n<div class=\"o-container GenericStyles\">\n<h2 class=\"wp-block-heading\">Magic Line, un moviment solidari que va m\u00e9s enll\u00e0 del recorregut<\/h2>\n<\/div>\n\n<div class=\"o-container GenericStyles\">\n<p>La Magic Line SJD \u00e9s molt m\u00e9s que una caminada solid\u00e0ria; \u00e9s un moviment col\u00b7lectiu que, al llarg de les seves edicions, ha contribu\u00eft a <strong>impulsar centenars de projectes socials i sanitaris destinats a persones en situaci\u00f3 de vulnerabilitat<\/strong>: persones sense llar, amb problemes de salut mental, discapacitat, infants en risc o persones grans dependents, entre d\u2019altres.<\/p>\n<\/div>\n\n<div class=\"o-container GenericStyles\">\n<p>Sant Joan de D\u00e9u, amb una <strong>traject\u00f2ria de m\u00e9s de 500 anys<\/strong>, desenvolupa la seva tasca amb una clara vocaci\u00f3 social i sense \u00e0nim de lucre, centrant-se en l\u2019atenci\u00f3 i l\u2019acompanyament de persones vulnerables arreu del m\u00f3n. Actualment, compta amb <strong>centenars de centres socials i sanitaris repartits en desenes de pa\u00efsos<\/strong>, amb l\u2019hospitalitat com a valor fonamental.<\/p>\n<\/div>\n\n<div class=\"o-container GenericStyles\">\n<p><\/p>\n<\/div>","protected":false},"excerpt":{"rendered":"<p>FORCADELL participa un any m\u00e9s a la Magic Line SJD, mobilitzant el seu equip en una jornada solid\u00e0ria amb impacte social.<\/p>\n","protected":false},"author":15,"featured_media":64410,"comment_status":"closed","ping_status":"closed","sticky":false,"template":"","format":"standard","meta":{"_acf_changed":false,"footnotes":""},"categories":[3],"tags":[],"class_list":["post-64325","post","type-post","status-publish","format-standard","has-post-thumbnail","hentry","category-sin-categorizar"],"acf":[],"yoast_head":"<!-- This site is optimized with the Yoast SEO plugin v27.4 - https:\/\/yoast.com\/product\/yoast-seo-wordpress\/ -->\n<title>FORCADELL participa a la Magic Line | FORCADELL<\/title>\n<meta name=\"description\" content=\"FORCADELL participa en la Magic Line SJD amb m\u00e9s de 50 participants en una jornada solid\u00e0ria que refor\u00e7a el seu comprom\u00eds social.\" \/>\n<meta name=\"robots\" content=\"index, follow, max-snippet:-1, max-image-preview:large, max-video-preview:-1\" \/>\n<link rel=\"canonical\" href=\"https:\/\/forcadell.com\/ca\/forcadell-reforca-el-seu-compromis-social-participant-en-una-nova-edicio-de-la-magic-line-sjd\/\" \/>\n<meta property=\"og:locale\" content=\"ca_ES\" \/>\n<meta property=\"og:type\" content=\"article\" \/>\n<meta property=\"og:title\" content=\"FORCADELL participa a la Magic Line | FORCADELL\" \/>\n<meta property=\"og:description\" content=\"FORCADELL participa en la Magic Line SJD amb m\u00e9s de 50 participants en una jornada solid\u00e0ria que refor\u00e7a el seu comprom\u00eds social.\" \/>\n<meta property=\"og:url\" content=\"https:\/\/forcadell.com\/ca\/forcadell-reforca-el-seu-compromis-social-participant-en-una-nova-edicio-de-la-magic-line-sjd\/\" \/>\n<meta property=\"og:site_name\" content=\"Forcadell\" \/>\n<meta property=\"article:published_time\" content=\"2026-04-28T11:45:42+00:00\" \/>\n<meta property=\"article:modified_time\" content=\"2026-04-28T11:45:44+00:00\" \/>\n<meta property=\"og:image\" content=\"https:\/\/forcadell.com\/wp-content\/uploads\/2026\/04\/global-magic-1360x636.jpg\" \/>\n\t<meta property=\"og:image:width\" content=\"1360\" \/>\n\t<meta property=\"og:image:height\" content=\"636\" \/>\n\t<meta property=\"og:image:type\" content=\"image\/jpeg\" \/>\n<meta name=\"author\" content=\"Roger Rico\" \/>\n<meta name=\"twitter:card\" content=\"summary_large_image\" \/>\n<meta name=\"twitter:label1\" content=\"Escrit per\" \/>\n\t<meta name=\"twitter:data1\" content=\"Roger Rico\" \/>\n\t<meta name=\"twitter:label2\" content=\"Temps estimat de lectura\" \/>\n\t<meta name=\"twitter:data2\" content=\"2 minuts\" \/>\n<!-- \/ Yoast SEO plugin. -->","yoast_head_json":{"title":"FORCADELL participa a la Magic Line | FORCADELL","description":"FORCADELL participa en la Magic Line SJD amb m\u00e9s de 50 participants en una jornada solid\u00e0ria que refor\u00e7a el seu comprom\u00eds social.","robots":{"index":"index","follow":"follow","max-snippet":"max-snippet:-1","max-image-preview":"max-image-preview:large","max-video-preview":"max-video-preview:-1"},"canonical":"https:\/\/forcadell.com\/ca\/forcadell-reforca-el-seu-compromis-social-participant-en-una-nova-edicio-de-la-magic-line-sjd\/","og_locale":"ca_ES","og_type":"article","og_title":"FORCADELL participa a la Magic Line | FORCADELL","og_description":"FORCADELL participa en la Magic Line SJD amb m\u00e9s de 50 participants en una jornada solid\u00e0ria que refor\u00e7a el seu comprom\u00eds social.","og_url":"https:\/\/forcadell.com\/ca\/forcadell-reforca-el-seu-compromis-social-participant-en-una-nova-edicio-de-la-magic-line-sjd\/","og_site_name":"Forcadell","article_published_time":"2026-04-28T11:45:42+00:00","article_modified_time":"2026-04-28T11:45:44+00:00","og_image":[{"width":1360,"height":636,"url":"https:\/\/forcadell.com\/wp-content\/uploads\/2026\/04\/global-magic-1360x636.jpg","type":"image\/jpeg"}],"author":"Roger Rico","twitter_card":"summary_large_image","twitter_misc":{"Escrit per":"Roger Rico","Temps estimat de lectura":"2 minuts"},"schema":{"@context":"https:\/\/schema.org","@graph":[{"@type":"Article","@id":"https:\/\/forcadell.com\/ca\/forcadell-reforca-el-seu-compromis-social-participant-en-una-nova-edicio-de-la-magic-line-sjd\/#article","isPartOf":{"@id":"https:\/\/forcadell.com\/ca\/forcadell-reforca-el-seu-compromis-social-participant-en-una-nova-edicio-de-la-magic-line-sjd\/"},"author":{"name":"Roger Rico","@id":"https:\/\/forcadell.com\/ca\/#\/schema\/person\/f8c3f1a7a5561146b04ecee89c563091"},"headline":"FORCADELL refor\u00e7a el seu comprom\u00eds social participant en una nova edici\u00f3 de la Magic Line SJD","datePublished":"2026-04-28T11:45:42+00:00","dateModified":"2026-04-28T11:45:44+00:00","mainEntityOfPage":{"@id":"https:\/\/forcadell.com\/ca\/forcadell-reforca-el-seu-compromis-social-participant-en-una-nova-edicio-de-la-magic-line-sjd\/"},"wordCount":403,"image":{"@id":"https:\/\/forcadell.com\/ca\/forcadell-reforca-el-seu-compromis-social-participant-en-una-nova-edicio-de-la-magic-line-sjd\/#primaryimage"},"thumbnailUrl":"https:\/\/forcadell.com\/wp-content\/uploads\/2026\/04\/global-magic.jpg","articleSection":["Sin categorizar"],"inLanguage":"ca"},{"@type":"WebPage","@id":"https:\/\/forcadell.com\/ca\/forcadell-reforca-el-seu-compromis-social-participant-en-una-nova-edicio-de-la-magic-line-sjd\/","url":"https:\/\/forcadell.com\/ca\/forcadell-reforca-el-seu-compromis-social-participant-en-una-nova-edicio-de-la-magic-line-sjd\/","name":"FORCADELL participa a la Magic Line | FORCADELL","isPartOf":{"@id":"https:\/\/forcadell.com\/ca\/#website"},"primaryImageOfPage":{"@id":"https:\/\/forcadell.com\/ca\/forcadell-reforca-el-seu-compromis-social-participant-en-una-nova-edicio-de-la-magic-line-sjd\/#primaryimage"},"image":{"@id":"https:\/\/forcadell.com\/ca\/forcadell-reforca-el-seu-compromis-social-participant-en-una-nova-edicio-de-la-magic-line-sjd\/#primaryimage"},"thumbnailUrl":"https:\/\/forcadell.com\/wp-content\/uploads\/2026\/04\/global-magic.jpg","datePublished":"2026-04-28T11:45:42+00:00","dateModified":"2026-04-28T11:45:44+00:00","author":{"@id":"https:\/\/forcadell.com\/ca\/#\/schema\/person\/f8c3f1a7a5561146b04ecee89c563091"},"description":"FORCADELL participa en la Magic Line SJD amb m\u00e9s de 50 participants en una jornada solid\u00e0ria que refor\u00e7a el seu comprom\u00eds social.","breadcrumb":{"@id":"https:\/\/forcadell.com\/ca\/forcadell-reforca-el-seu-compromis-social-participant-en-una-nova-edicio-de-la-magic-line-sjd\/#breadcrumb"},"inLanguage":"ca","potentialAction":[{"@type":"ReadAction","target":["https:\/\/forcadell.com\/ca\/forcadell-reforca-el-seu-compromis-social-participant-en-una-nova-edicio-de-la-magic-line-sjd\/"]}]},{"@type":"ImageObject","inLanguage":"ca","@id":"https:\/\/forcadell.com\/ca\/forcadell-reforca-el-seu-compromis-social-participant-en-una-nova-edicio-de-la-magic-line-sjd\/#primaryimage","url":"https:\/\/forcadell.com\/wp-content\/uploads\/2026\/04\/global-magic.jpg","contentUrl":"https:\/\/forcadell.com\/wp-content\/uploads\/2026\/04\/global-magic.jpg","width":3615,"height":3060},{"@type":"BreadcrumbList","@id":"https:\/\/forcadell.com\/ca\/forcadell-reforca-el-seu-compromis-social-participant-en-una-nova-edicio-de-la-magic-line-sjd\/#breadcrumb","itemListElement":[{"@type":"ListItem","position":1,"name":"Portada","item":"https:\/\/forcadell.com\/ca\/"},{"@type":"ListItem","position":2,"name":"FORCADELL refor\u00e7a el seu comprom\u00eds social participant en una nova edici\u00f3 de la Magic Line SJD"}]},{"@type":"WebSite","@id":"https:\/\/forcadell.com\/ca\/#website","url":"https:\/\/forcadell.com\/ca\/","name":"Forcadell","description":"Inmobiliaria Barcelona | Consultores inmobiliarios","potentialAction":[{"@type":"SearchAction","target":{"@type":"EntryPoint","urlTemplate":"https:\/\/forcadell.com\/ca\/?s={search_term_string}"},"query-input":{"@type":"PropertyValueSpecification","valueRequired":true,"valueName":"search_term_string"}}],"inLanguage":"ca"},{"@type":"Person","@id":"https:\/\/forcadell.com\/ca\/#\/schema\/person\/f8c3f1a7a5561146b04ecee89c563091","name":"Roger Rico","image":{"@type":"ImageObject","inLanguage":"ca","@id":"https:\/\/secure.gravatar.com\/avatar\/ad1e6d12feea8fee406c131590878031bbd5e9a402e94796a6ac61861eab02b3?s=96&d=mm&r=g","url":"https:\/\/secure.gravatar.com\/avatar\/ad1e6d12feea8fee406c131590878031bbd5e9a402e94796a6ac61861eab02b3?s=96&d=mm&r=g","contentUrl":"https:\/\/secure.gravatar.com\/avatar\/ad1e6d12feea8fee406c131590878031bbd5e9a402e94796a6ac61861eab02b3?s=96&d=mm&r=g","caption":"Roger Rico"}}]}},"_links":{"self":[{"href":"https:\/\/forcadell.com\/ca\/wp-json\/wp\/v2\/posts\/64325","targetHints":{"allow":["GET"]}}],"collection":[{"href":"https:\/\/forcadell.com\/ca\/wp-json\/wp\/v2\/posts"}],"about":[{"href":"https:\/\/forcadell.com\/ca\/wp-json\/wp\/v2\/types\/post"}],"author":[{"embeddable":true,"href":"https:\/\/forcadell.com\/ca\/wp-json\/wp\/v2\/users\/15"}],"replies":[{"embeddable":true,"href":"https:\/\/forcadell.com\/ca\/wp-json\/wp\/v2\/comments?post=64325"}],"version-history":[{"count":5,"href":"https:\/\/forcadell.com\/ca\/wp-json\/wp\/v2\/posts\/64325\/revisions"}],"predecessor-version":[{"id":64413,"href":"https:\/\/forcadell.com\/ca\/wp-json\/wp\/v2\/posts\/64325\/revisions\/64413"}],"wp:featuredmedia":[{"embeddable":true,"href":"https:\/\/forcadell.com\/ca\/wp-json\/wp\/v2\/media\/64410"}],"wp:attachment":[{"href":"https:\/\/forcadell.com\/ca\/wp-json\/wp\/v2\/media?parent=64325"}],"wp:term":[{"taxonomy":"category","embeddable":true,"href":"https:\/\/forcadell.com\/ca\/wp-json\/wp\/v2\/categories?post=64325"},{"taxonomy":"post_tag","embeddable":true,"href":"https:\/\/forcadell.com\/ca\/wp-json\/wp\/v2\/tags?post=64325"}],"curies":[{"name":"wp","href":"https:\/\/api.w.org\/{rel}","templated":true}]}}