{"id":62684,"date":"2026-04-30T12:48:09","date_gmt":"2026-04-30T10:48:09","guid":{"rendered":"https:\/\/forcadell.com\/?p=62684"},"modified":"2026-04-30T12:48:09","modified_gmt":"2026-04-30T10:48:09","slug":"5-claus-per-pintar-la-seva-comunitat-i-protegir-el-seu-edifici","status":"publish","type":"post","link":"https:\/\/forcadell.com\/ca\/5-claus-per-pintar-la-seva-comunitat-i-protegir-el-seu-edifici\/","title":{"rendered":"5 claus per pintar la seva comunitat i protegir el seu edifici"},"content":{"rendered":"<div class=\"o-container GenericStyles\">\n<p>Pintar una comunitat de propietaris no \u00e9s nom\u00e9s una millora est\u00e8tica, sin\u00f3 una actuaci\u00f3 de manteniment essencial. Una intervenci\u00f3 ben planificada protegeix fa\u00e7anes i zones comunes davant la humitat, la radiaci\u00f3 solar, la contaminaci\u00f3 i el desgast diari. A m\u00e9s, contribueix a refor\u00e7ar la imatge de l\u2019edifici i a conservar el seu valor al llarg del temps.<\/p>\n<\/div>\n\n<div class=\"o-container GenericStyles\">\n<p>Abans d\u2019iniciar un projecte de pintura a la seva comunitat, conv\u00e9 tenir en compte les cinc claus seg\u00fcents.<\/p>\n<\/div>\n\n<div class=\"o-container GenericStyles\">\n<h2 class=\"wp-block-heading\">Escollir el tipus de pintura adequat<\/h2>\n<\/div>\n\n<div class=\"o-container GenericStyles\">\n<p>No totes les superf\u00edcies requereixen el mateix tractament. L\u2019elecci\u00f3 del producte influeix directament en la durabilitat i en el resultat final:<\/p>\n<\/div>\n\n<div class=\"o-container GenericStyles\">\n<ul class=\"wp-block-list\">\n<li><strong>Fa\u00e7anes exteriors<\/strong>: necessiten pintures resistents a la intemp\u00e8rie, capaces de suportar pluja, canvis de temperatura i exposici\u00f3 solar sense perdre adher\u00e8ncia ni color.<\/li>\n\n\n\n<li><strong>Zones comunes interiors<\/strong>: \u00e9s recomanable optar per pintures rentables i resistents al fregament, especialment en escales, replans i passadissos de tr\u00e0nsit freq\u00fcent.<\/li>\n\n\n\n<li><strong>Vernissos i estucs<\/strong>: permeten combinar protecci\u00f3 i acabat decoratiu, aportant un plus de distinci\u00f3 en elements espec\u00edfics.<\/li>\n<\/ul>\n<\/div>\n\n<div class=\"o-container GenericStyles\">\n<p>Seleccionar correctament els materials evita intervencions prematures i optimitza la inversi\u00f3 de la comunitat.<\/p>\n<\/div>\n\n<div class=\"o-container GenericStyles\">\n<h2 class=\"wp-block-heading\">Preparar correctament les superf\u00edcies<\/h2>\n<\/div>\n\n<div class=\"o-container GenericStyles\">\n<p>Una pintura duradora comen\u00e7a molt abans de la seva aplicaci\u00f3. La neteja, la reparaci\u00f3 de fissures i el tractament d\u2019humitats s\u00f3n passos imprescindibles:<\/p>\n<\/div>\n\n<div class=\"o-container GenericStyles\">\n<ul class=\"wp-block-list\">\n<li><strong>Garanteixen una correcta adher\u00e8ncia<\/strong> del producte.<\/li>\n\n\n\n<li><strong>Eviten despreniments i descrostaments<\/strong> a curt termini.<\/li>\n\n\n\n<li><strong>Permeten detectar petites patologies<\/strong> abans que evolucionin en problemes m\u00e9s grans.<\/li>\n<\/ul>\n<\/div>\n\n<div class=\"o-container GenericStyles\">\n<p>Una preparaci\u00f3 deficient pot comprometre el resultat final en pintar l\u2019exterior i les zones comunes de l\u2019immoble, aix\u00ed com escur\u00e7ar la vida \u00fatil del treball realitzat.<\/p>\n<\/div>\n\n<div class=\"o-container GenericStyles\">\n<!-- Banner Responsive - Quivi -->\n<style>\n  .quivi-banner-responsive { width: 100%; max-width: 970px; margin: 0 auto; }\n  .quivi-banner-responsive iframe { width: 100%; border: none; display: block; }\n  @media (min-width: 450px) { .quivi-banner-responsive iframe { height: 90px; } }\n  @media (max-width: 449px) { .quivi-banner-responsive iframe { height: 250px; } }\n<\/style>\n<div class=\"quivi-banner-responsive\">\n  <iframe \n    src=\"https:\/\/quivi-banner.web.app\/embed?banner=u2jwdoj1LedcR9a4P4Mx&#038;lang=ca\"\n    frameborder=\"0\"\n    scrolling=\"no\"\n    id=\"quivi-banner-u2jwdoj1LedcR9a4P4Mx\"\n  ><\/iframe>\n<\/div>\n<\/div>\n\n<div class=\"o-container GenericStyles\">\n<h2 class=\"wp-block-heading\">Planificar la intervenci\u00f3<\/h2>\n<\/div>\n\n<div class=\"o-container GenericStyles\">\n<p>En edificis habitats, l\u2019organitzaci\u00f3 \u00e9s clau per reduir mol\u00e8sties i assegurar una execuci\u00f3 eficient:<\/p>\n<\/div>\n\n<div class=\"o-container GenericStyles\">\n<ul class=\"wp-block-list\">\n<li><strong>Coordinar accessos<\/strong> a patis, terrasses i zones comunes.<\/li>\n\n\n\n<li><strong>Establir fases de treball<\/strong> per minimitzar interrupcions.<\/li>\n\n\n\n<li><strong>Prioritzar les \u00e0rees<\/strong> m\u00e9s exposades o deteriorades.<\/li>\n<\/ul>\n<\/div>\n\n<div class=\"o-container GenericStyles\">\n<p>Una planificaci\u00f3 correcta del proc\u00e9s de pintat millora la conviv\u00e8ncia durant l\u2019obra i transmet seguretat als ve\u00efns, sumant garantia al resultat final.<\/p>\n<\/div>\n\n<div class=\"o-container GenericStyles\">\n<h2 class=\"wp-block-heading\">Apostar per acabats professionals<\/h2>\n<\/div>\n\n<div class=\"o-container GenericStyles\">\n<p>La qualitat de l\u2019acabat influeix tant en la protecci\u00f3 com en la percepci\u00f3 de l\u2019edifici:<\/p>\n<\/div>\n\n<div class=\"o-container GenericStyles\">\n<ul class=\"wp-block-list\">\n<li><strong>Els productes d\u2019alt rendiment prolonguen la durabilitat<\/strong> de fa\u00e7anes i interiors.<\/li>\n\n\n\n<li><strong>Un acabat acurat refor\u00e7a la imatge<\/strong> de manteniment i prestigi de l\u2019immoble.<\/li>\n\n\n\n<li><strong>Redueix la necessitat de repintats<\/strong> freq\u00fcents, generant estalvi a mitj\u00e0 i llarg termini.<\/li>\n<\/ul>\n<\/div>\n\n<div class=\"o-container GenericStyles\">\n<p>Quan la pintura s\u2019executa correctament, es converteix en una inversi\u00f3 que contribueix a preservar el <strong>valor patrimonial<\/strong> de l\u2019edifici.<\/p>\n<\/div>\n\n<div class=\"o-container GenericStyles\">\n<h2 class=\"wp-block-heading\">Comptar amb professionals especialitzats<\/h2>\n<\/div>\n\n<div class=\"o-container GenericStyles\">\n<p>Els treballs de pintura en comunitats, especialment en fa\u00e7anes o zones en al\u00e7ada, requereixen <strong>experi\u00e8ncia t\u00e8cnica<\/strong> i mesures de seguretat espec\u00edfiques. Comptar amb empreses especialitzades en treballs verticals i manteniment comunitari, com <a href=\"https:\/\/forconnect.es\/professional\/2DNGzj7ea8M8yuvzlKW5W5J0Z5N2\/ciutat-vertical-2000\" target=\"_blank\" rel=\"noreferrer noopener\">Ciutat Vertical 2000<\/a>, permet assegurar una execuci\u00f3 segura, una correcta elecci\u00f3 de materials i resultats duradors adaptats a les caracter\u00edstiques de cada edifici.<\/p>\n<\/div>\n\n<div class=\"o-container GenericStyles\">\n<p>Cal recordar que pintar no \u00e9s nom\u00e9s una q\u00fcesti\u00f3 d\u2019imatge. \u00c9s una decisi\u00f3 estrat\u00e8gica que <strong>protegeix l\u2019immoble, millora la seva percepci\u00f3<\/strong> i consolida el seu valor amb el pas del temps.<\/p>\n<\/div>","protected":false},"excerpt":{"rendered":"<p>Pintar una comunitat de propietaris no \u00e9s nom\u00e9s una millora est\u00e8tica, sin\u00f3 una actuaci\u00f3 de manteniment essencial. Una intervenci\u00f3 ben planificada protegeix fa\u00e7anes i zones comunes davant la humitat, la radiaci\u00f3 solar, la contaminaci\u00f3 i el desgast diari. A m\u00e9s, contribueix a refor\u00e7ar la imatge de l\u2019edifici i a conservar el seu valor al llarg [&hellip;]<\/p>\n","protected":false},"author":15,"featured_media":63191,"comment_status":"closed","ping_status":"open","sticky":false,"template":"","format":"standard","meta":{"_acf_changed":false,"footnotes":""},"categories":[79],"tags":[],"class_list":["post-62684","post","type-post","status-publish","format-standard","has-post-thumbnail","hentry","category-consells"],"acf":[],"yoast_head":"<!-- This site is optimized with the Yoast SEO plugin v27.4 - https:\/\/yoast.com\/product\/yoast-seo-wordpress\/ -->\n<title>5 claus per pintar la seva comunitat i protegir el seu edifici - Forcadell<\/title>\n<meta name=\"robots\" content=\"index, follow, max-snippet:-1, max-image-preview:large, max-video-preview:-1\" \/>\n<link rel=\"canonical\" href=\"https:\/\/forcadell.com\/ca\/5-claus-per-pintar-la-seva-comunitat-i-protegir-el-seu-edifici\/\" \/>\n<meta property=\"og:locale\" content=\"ca_ES\" \/>\n<meta property=\"og:type\" content=\"article\" \/>\n<meta property=\"og:title\" content=\"5 claus per pintar la seva comunitat i protegir el seu edifici - Forcadell\" \/>\n<meta property=\"og:description\" content=\"Pintar una comunitat de propietaris no \u00e9s nom\u00e9s una millora est\u00e8tica, sin\u00f3 una actuaci\u00f3 de manteniment essencial. Una intervenci\u00f3 ben planificada protegeix fa\u00e7anes i zones comunes davant la humitat, la radiaci\u00f3 solar, la contaminaci\u00f3 i el desgast diari. A m\u00e9s, contribueix a refor\u00e7ar la imatge de l\u2019edifici i a conservar el seu valor al llarg [&hellip;]\" \/>\n<meta property=\"og:url\" content=\"https:\/\/forcadell.com\/ca\/5-claus-per-pintar-la-seva-comunitat-i-protegir-el-seu-edifici\/\" \/>\n<meta property=\"og:site_name\" content=\"Forcadell\" \/>\n<meta property=\"article:published_time\" content=\"2026-04-30T10:48:09+00:00\" \/>\n<meta property=\"og:image\" content=\"https:\/\/forcadell.com\/wp-content\/uploads\/2026\/03\/5-claus-pintar-edifici-ciutat-vertical-2000-.jpg\" \/>\n\t<meta property=\"og:image:width\" content=\"1000\" \/>\n\t<meta property=\"og:image:height\" content=\"667\" \/>\n\t<meta property=\"og:image:type\" content=\"image\/jpeg\" \/>\n<meta name=\"author\" content=\"Roger Rico\" \/>\n<meta name=\"twitter:card\" content=\"summary_large_image\" \/>\n<meta name=\"twitter:label1\" content=\"Escrit per\" \/>\n\t<meta name=\"twitter:data1\" content=\"Roger Rico\" \/>\n\t<meta name=\"twitter:label2\" content=\"Temps estimat de lectura\" \/>\n\t<meta name=\"twitter:data2\" content=\"3 minuts\" \/>\n<!-- \/ Yoast SEO plugin. -->","yoast_head_json":{"title":"5 claus per pintar la seva comunitat i protegir el seu edifici - Forcadell","robots":{"index":"index","follow":"follow","max-snippet":"max-snippet:-1","max-image-preview":"max-image-preview:large","max-video-preview":"max-video-preview:-1"},"canonical":"https:\/\/forcadell.com\/ca\/5-claus-per-pintar-la-seva-comunitat-i-protegir-el-seu-edifici\/","og_locale":"ca_ES","og_type":"article","og_title":"5 claus per pintar la seva comunitat i protegir el seu edifici - Forcadell","og_description":"Pintar una comunitat de propietaris no \u00e9s nom\u00e9s una millora est\u00e8tica, sin\u00f3 una actuaci\u00f3 de manteniment essencial. Una intervenci\u00f3 ben planificada protegeix fa\u00e7anes i zones comunes davant la humitat, la radiaci\u00f3 solar, la contaminaci\u00f3 i el desgast diari. A m\u00e9s, contribueix a refor\u00e7ar la imatge de l\u2019edifici i a conservar el seu valor al llarg [&hellip;]","og_url":"https:\/\/forcadell.com\/ca\/5-claus-per-pintar-la-seva-comunitat-i-protegir-el-seu-edifici\/","og_site_name":"Forcadell","article_published_time":"2026-04-30T10:48:09+00:00","og_image":[{"width":1000,"height":667,"url":"https:\/\/forcadell.com\/wp-content\/uploads\/2026\/03\/5-claus-pintar-edifici-ciutat-vertical-2000-.jpg","type":"image\/jpeg"}],"author":"Roger Rico","twitter_card":"summary_large_image","twitter_misc":{"Escrit per":"Roger Rico","Temps estimat de lectura":"3 minuts"},"schema":{"@context":"https:\/\/schema.org","@graph":[{"@type":"Article","@id":"https:\/\/forcadell.com\/ca\/5-claus-per-pintar-la-seva-comunitat-i-protegir-el-seu-edifici\/#article","isPartOf":{"@id":"https:\/\/forcadell.com\/ca\/5-claus-per-pintar-la-seva-comunitat-i-protegir-el-seu-edifici\/"},"author":{"name":"Roger Rico","@id":"https:\/\/forcadell.com\/ca\/#\/schema\/person\/f8c3f1a7a5561146b04ecee89c563091"},"headline":"5 claus per pintar la seva comunitat i protegir el seu edifici","datePublished":"2026-04-30T10:48:09+00:00","mainEntityOfPage":{"@id":"https:\/\/forcadell.com\/ca\/5-claus-per-pintar-la-seva-comunitat-i-protegir-el-seu-edifici\/"},"wordCount":542,"image":{"@id":"https:\/\/forcadell.com\/ca\/5-claus-per-pintar-la-seva-comunitat-i-protegir-el-seu-edifici\/#primaryimage"},"thumbnailUrl":"https:\/\/forcadell.com\/wp-content\/uploads\/2026\/03\/5-claus-pintar-edifici-ciutat-vertical-2000-.jpg","articleSection":["Consells"],"inLanguage":"ca"},{"@type":"WebPage","@id":"https:\/\/forcadell.com\/ca\/5-claus-per-pintar-la-seva-comunitat-i-protegir-el-seu-edifici\/","url":"https:\/\/forcadell.com\/ca\/5-claus-per-pintar-la-seva-comunitat-i-protegir-el-seu-edifici\/","name":"5 claus per pintar la seva comunitat i protegir el seu edifici - Forcadell","isPartOf":{"@id":"https:\/\/forcadell.com\/ca\/#website"},"primaryImageOfPage":{"@id":"https:\/\/forcadell.com\/ca\/5-claus-per-pintar-la-seva-comunitat-i-protegir-el-seu-edifici\/#primaryimage"},"image":{"@id":"https:\/\/forcadell.com\/ca\/5-claus-per-pintar-la-seva-comunitat-i-protegir-el-seu-edifici\/#primaryimage"},"thumbnailUrl":"https:\/\/forcadell.com\/wp-content\/uploads\/2026\/03\/5-claus-pintar-edifici-ciutat-vertical-2000-.jpg","datePublished":"2026-04-30T10:48:09+00:00","author":{"@id":"https:\/\/forcadell.com\/ca\/#\/schema\/person\/f8c3f1a7a5561146b04ecee89c563091"},"breadcrumb":{"@id":"https:\/\/forcadell.com\/ca\/5-claus-per-pintar-la-seva-comunitat-i-protegir-el-seu-edifici\/#breadcrumb"},"inLanguage":"ca","potentialAction":[{"@type":"ReadAction","target":["https:\/\/forcadell.com\/ca\/5-claus-per-pintar-la-seva-comunitat-i-protegir-el-seu-edifici\/"]}]},{"@type":"ImageObject","inLanguage":"ca","@id":"https:\/\/forcadell.com\/ca\/5-claus-per-pintar-la-seva-comunitat-i-protegir-el-seu-edifici\/#primaryimage","url":"https:\/\/forcadell.com\/wp-content\/uploads\/2026\/03\/5-claus-pintar-edifici-ciutat-vertical-2000-.jpg","contentUrl":"https:\/\/forcadell.com\/wp-content\/uploads\/2026\/03\/5-claus-pintar-edifici-ciutat-vertical-2000-.jpg","width":1000,"height":667},{"@type":"BreadcrumbList","@id":"https:\/\/forcadell.com\/ca\/5-claus-per-pintar-la-seva-comunitat-i-protegir-el-seu-edifici\/#breadcrumb","itemListElement":[{"@type":"ListItem","position":1,"name":"Portada","item":"https:\/\/forcadell.com\/ca\/"},{"@type":"ListItem","position":2,"name":"5 claus per pintar la seva comunitat i protegir el seu edifici"}]},{"@type":"WebSite","@id":"https:\/\/forcadell.com\/ca\/#website","url":"https:\/\/forcadell.com\/ca\/","name":"Forcadell","description":"Inmobiliaria Barcelona | Consultores inmobiliarios","potentialAction":[{"@type":"SearchAction","target":{"@type":"EntryPoint","urlTemplate":"https:\/\/forcadell.com\/ca\/?s={search_term_string}"},"query-input":{"@type":"PropertyValueSpecification","valueRequired":true,"valueName":"search_term_string"}}],"inLanguage":"ca"},{"@type":"Person","@id":"https:\/\/forcadell.com\/ca\/#\/schema\/person\/f8c3f1a7a5561146b04ecee89c563091","name":"Roger Rico","image":{"@type":"ImageObject","inLanguage":"ca","@id":"https:\/\/secure.gravatar.com\/avatar\/ad1e6d12feea8fee406c131590878031bbd5e9a402e94796a6ac61861eab02b3?s=96&d=mm&r=g","url":"https:\/\/secure.gravatar.com\/avatar\/ad1e6d12feea8fee406c131590878031bbd5e9a402e94796a6ac61861eab02b3?s=96&d=mm&r=g","contentUrl":"https:\/\/secure.gravatar.com\/avatar\/ad1e6d12feea8fee406c131590878031bbd5e9a402e94796a6ac61861eab02b3?s=96&d=mm&r=g","caption":"Roger Rico"}}]}},"_links":{"self":[{"href":"https:\/\/forcadell.com\/ca\/wp-json\/wp\/v2\/posts\/62684","targetHints":{"allow":["GET"]}}],"collection":[{"href":"https:\/\/forcadell.com\/ca\/wp-json\/wp\/v2\/posts"}],"about":[{"href":"https:\/\/forcadell.com\/ca\/wp-json\/wp\/v2\/types\/post"}],"author":[{"embeddable":true,"href":"https:\/\/forcadell.com\/ca\/wp-json\/wp\/v2\/users\/15"}],"replies":[{"embeddable":true,"href":"https:\/\/forcadell.com\/ca\/wp-json\/wp\/v2\/comments?post=62684"}],"version-history":[{"count":2,"href":"https:\/\/forcadell.com\/ca\/wp-json\/wp\/v2\/posts\/62684\/revisions"}],"predecessor-version":[{"id":63179,"href":"https:\/\/forcadell.com\/ca\/wp-json\/wp\/v2\/posts\/62684\/revisions\/63179"}],"wp:featuredmedia":[{"embeddable":true,"href":"https:\/\/forcadell.com\/ca\/wp-json\/wp\/v2\/media\/63191"}],"wp:attachment":[{"href":"https:\/\/forcadell.com\/ca\/wp-json\/wp\/v2\/media?parent=62684"}],"wp:term":[{"taxonomy":"category","embeddable":true,"href":"https:\/\/forcadell.com\/ca\/wp-json\/wp\/v2\/categories?post=62684"},{"taxonomy":"post_tag","embeddable":true,"href":"https:\/\/forcadell.com\/ca\/wp-json\/wp\/v2\/tags?post=62684"}],"curies":[{"name":"wp","href":"https:\/\/api.w.org\/{rel}","templated":true}]}}