{"id":62391,"date":"2026-03-11T12:32:57","date_gmt":"2026-03-11T10:32:57","guid":{"rendered":"https:\/\/forcadell.com\/?p=62391"},"modified":"2026-03-25T14:26:22","modified_gmt":"2026-03-25T12:26:22","slug":"rehabilitacio-energetica-en-edificis-beneficis-i-el-seu-impacte-ambiental","status":"publish","type":"post","link":"https:\/\/forcadell.com\/ca\/rehabilitacio-energetica-en-edificis-beneficis-i-el-seu-impacte-ambiental\/","title":{"rendered":"Rehabilitaci\u00f3 energ\u00e8tica en edificis: beneficis i el seu impacte ambiental"},"content":{"rendered":"<div class=\"o-container GenericStyles\">\n<p>La rehabilitaci\u00f3 energ\u00e8tica d\u2019edificis \u00e9s una de les actuacions m\u00e9s eficaces per millorar el rendiment d\u2019un immoble i adaptar-lo a les exig\u00e8ncies actuals. En edificis residencials amb una certa antiguitat, aquest tipus d\u2019intervenci\u00f3 permet corregir defici\u00e8ncies constructives que influeixen directament en el consum energ\u00e8tic, el confort interior i l\u2019estat general de l\u2019edifici.<\/p>\n<\/div>\n\n<div class=\"o-container GenericStyles\">\n<h2 class=\"wp-block-heading\">En qu\u00e8 consisteix una rehabilitaci\u00f3 energ\u00e8tica?<\/h2>\n<\/div>\n\n<div class=\"o-container GenericStyles\">\n<p>Una rehabilitaci\u00f3 energ\u00e8tica es basa a actuar sobre els elements de l\u2019edifici que condicionen el seu comportament t\u00e8rmic. Normalment, les intervencions se centren en <strong>la millora dels elements exteriors<\/strong>, com fa\u00e7anes i cobertes, incorporant sistemes d\u2019a\u00efllament que redueixen les p\u00e8rdues d\u2019energia. Tamb\u00e9 sol incloure la substituci\u00f3 de fusteries antigues, l\u2019eliminaci\u00f3 de ponts t\u00e8rmics i, quan \u00e9s necessari, l\u2019optimitzaci\u00f3 dels sistemes de climatitzaci\u00f3.<\/p>\n<\/div>\n\n<div class=\"o-container GenericStyles\">\n<p>L\u2019objectiu \u00e9s reduir la demanda energ\u00e8tica de l\u2019edifici, aconseguint <strong>espais m\u00e9s estables, eficients i confortables<\/strong> durant tot l\u2019any.<\/p>\n<\/div>\n\n<div class=\"o-container GenericStyles\">\n<h2 class=\"wp-block-heading\">Beneficis a curt termini<\/h2>\n<\/div>\n\n<div class=\"o-container GenericStyles\">\n<p>Els beneficis d\u2019una rehabilitaci\u00f3 energ\u00e8tica es perceben de manera immediata. Aquests es noten des dels primers mesos:<\/p>\n<\/div>\n\n<div class=\"o-container GenericStyles\">\n<ul class=\"wp-block-list\">\n<li><strong>Mantenen millor la temperatura interior<\/strong>, reduint les sensacions de fred a l\u2019hivern i de calor a l\u2019estiu.<\/li>\n\n\n\n<li><strong>Disminuci\u00f3 del consum energ\u00e8tic<\/strong>, que es tradueix en un estalvi econ\u00f2mic directe en les factures.<\/li>\n\n\n\n<li><strong>Les humitats, condensacions o filtracions es redueixen notablement<\/strong> en millorar l\u2019a\u00efllament i el comportament t\u00e8rmic del conjunt de l\u2019edifici.<\/li>\n<\/ul>\n<\/div>\n\n<div class=\"o-container GenericStyles\">\n<!-- Banner Responsive - Quivi -->\n<style>\n  .quivi-banner-responsive { width: 100%; max-width: 970px; margin: 0 auto; }\n  .quivi-banner-responsive iframe { width: 100%; border: none; display: block; }\n  @media (min-width: 450px) { .quivi-banner-responsive iframe { height: 90px; } }\n  @media (max-width: 449px) { .quivi-banner-responsive iframe { height: 250px; } }\n<\/style>\n<div class=\"quivi-banner-responsive\">\n  <iframe \n    src=\"https:\/\/quivi-banner.web.app\/embed?banner=4ak9b7migwCRFEQ1gNua&#038;lang=ca\"\n    frameborder=\"0\"\n    scrolling=\"no\"\n    id=\"quivi-banner-4ak9b7migwCRFEQ1gNua\"\n  ><\/iframe>\n<\/div>\n<\/div>\n\n<div class=\"o-container GenericStyles\">\n<h2 class=\"wp-block-heading\">Beneficis a llarg termini<\/h2>\n<\/div>\n\n<div class=\"o-container GenericStyles\">\n<p>A llarg termini, la rehabilitaci\u00f3 energ\u00e8tica aporta avantatges estructurals i econ\u00f2mics molt rellevants. Un edifici eficient ofereix:<\/p>\n<\/div>\n\n<div class=\"o-container GenericStyles\">\n<ul class=\"wp-block-list\">\n<li><strong>Major durabilitat<\/strong>, ja que els seus elements constructius estan m\u00e9s ben protegits davant els canvis t\u00e8rmics i els agents externs.<\/li>\n\n\n\n<li><strong>Menys manteniment<\/strong> i una millor adaptaci\u00f3 a les normatives energ\u00e8tiques actuals i futures.<\/li>\n\n\n\n<li><strong>Revaloraci\u00f3 de l\u2019immoble<\/strong>, augmentant el seu atractiu en el mercat immobiliari i oferint m\u00e9s garanties a propietaris i inversors.<\/li>\n<\/ul>\n<\/div>\n\n<div class=\"o-container GenericStyles\">\n<h2 class=\"wp-block-heading\">Impacte ambiental i sostenibilitat<\/h2>\n<\/div>\n\n<div class=\"o-container GenericStyles\">\n<p>La rehabilitaci\u00f3 energ\u00e8tica exerceix un paper clau en la reducci\u00f3 de l\u2019impacte ambiental dels edificis. En millorar l\u2019a\u00efllament t\u00e8rmic i optimitzar els sistemes constructius i energ\u00e8tics, es redueix de manera significativa el consum d\u2019energia necessari per climatitzar els espais, fet que implica una <strong>menor emissi\u00f3 de gasos amb efecte d\u2019hivernacle<\/strong>. Aquest tipus d\u2019intervencions afavoreix un \u00fas m\u00e9s responsable dels recursos i contribueix a la transici\u00f3 cap a un parc edificatori m\u00e9s sostenible i eficient.<\/p>\n<\/div>\n\n<div class=\"o-container GenericStyles\">\n<p>A m\u00e9s, els edificis rehabilitats energ\u00e8ticament s\u2019alineen millor amb els objectius actuals en mat\u00e8ria de sostenibilitat i efici\u00e8ncia energ\u00e8tica, <strong>refor\u00e7ant el seu valor social i la seva adequaci\u00f3 a les pol\u00edtiques mediambientals<\/strong> presents i futures.<\/p>\n<\/div>\n\n<div class=\"o-container GenericStyles\">\n<h2 class=\"wp-block-heading\">Una aposta pel futur de l\u2019edifici<\/h2>\n<\/div>\n\n<div class=\"o-container GenericStyles\">\n<p>La rehabilitaci\u00f3 energ\u00e8tica no s\u2019ha d\u2019entendre com una actuaci\u00f3 puntual, sin\u00f3 com una inversi\u00f3 estrat\u00e8gica que<strong> millora la qualitat de vida dels usuaris<\/strong> i assegura el bon estat de l\u2019edifici a llarg termini. Perqu\u00e8 els resultats siguin realment efica\u00e7os, \u00e9s fonamental abordar el projecte des d\u2019una visi\u00f3 global, amb una planificaci\u00f3 t\u00e8cnica correcta i una execuci\u00f3 rigorosa.<\/p>\n<\/div>\n\n<div class=\"o-container GenericStyles\">\n<p>En molts casos, fer aquest pas \u00e9s la manera m\u00e9s efica\u00e7 de millorar el confort i el rendiment de l\u2019edifici. Com que es tracta d\u2019una decisi\u00f3 important, <strong>\u00e9s fonamental comptar amb professionals <\/strong>que ajudin a analitzar l\u2019immoble i a definir la soluci\u00f3 m\u00e9s adequada. En aquest sentit, empreses com <a href=\"https:\/\/forconnect.es\/professional\/6Ycilvg0nCVCxj3y3R8JmfjhejO2\/fresgrup-obres-i-serveis\" target=\"_blank\" rel=\"noreferrer noopener\">FRESGRUP OBRES I SERVEIS<\/a>, especialitzades en rehabilitaci\u00f3 integral i energ\u00e8tica, poden acompanyar el proc\u00e9s i aportar una visi\u00f3 t\u00e8cnica que contribueixi a millorar l\u2019efici\u00e8ncia i el valor de l\u2019edifici.<\/p>\n<\/div>","protected":false},"excerpt":{"rendered":"<p>La rehabilitaci\u00f3 energ\u00e8tica millora l\u2019efici\u00e8ncia dels edificis, redueix el consum energ\u00e8tic, augmenta el confort interior i disminueix l\u2019impacte ambiental.<\/p>\n","protected":false},"author":15,"featured_media":62765,"comment_status":"closed","ping_status":"open","sticky":false,"template":"","format":"standard","meta":{"_acf_changed":false,"footnotes":""},"categories":[79,346],"tags":[],"class_list":["post-62391","post","type-post","status-publish","format-standard","has-post-thumbnail","hentry","category-consells","category-uncategorized-ca"],"acf":[],"yoast_head":"<!-- This site is optimized with the Yoast SEO plugin v27.4 - https:\/\/yoast.com\/product\/yoast-seo-wordpress\/ -->\n<title>Beneficis de la rehabilitaci\u00f3 energ\u00e8tica en edificis | FORCADELL<\/title>\n<meta name=\"description\" content=\"Descobreix els beneficis de la rehabilitaci\u00f3 energ\u00e8tica en edificis. Estalvi energ\u00e8tic, m\u00e9s confort i reducci\u00f3 de l\u2019impacte ambiental.\" \/>\n<meta name=\"robots\" content=\"index, follow, max-snippet:-1, max-image-preview:large, max-video-preview:-1\" \/>\n<link rel=\"canonical\" href=\"https:\/\/forcadell.com\/ca\/rehabilitacio-energetica-en-edificis-beneficis-i-el-seu-impacte-ambiental\/\" \/>\n<meta property=\"og:locale\" content=\"ca_ES\" \/>\n<meta property=\"og:type\" content=\"article\" \/>\n<meta property=\"og:title\" content=\"Beneficis de la rehabilitaci\u00f3 energ\u00e8tica en edificis | FORCADELL\" \/>\n<meta property=\"og:description\" content=\"Descobreix els beneficis de la rehabilitaci\u00f3 energ\u00e8tica en edificis. Estalvi energ\u00e8tic, m\u00e9s confort i reducci\u00f3 de l\u2019impacte ambiental.\" \/>\n<meta property=\"og:url\" content=\"https:\/\/forcadell.com\/ca\/rehabilitacio-energetica-en-edificis-beneficis-i-el-seu-impacte-ambiental\/\" \/>\n<meta property=\"og:site_name\" content=\"Forcadell\" \/>\n<meta property=\"article:published_time\" content=\"2026-03-11T10:32:57+00:00\" \/>\n<meta property=\"article:modified_time\" content=\"2026-03-25T12:26:22+00:00\" \/>\n<meta property=\"og:image\" content=\"https:\/\/forcadell.com\/wp-content\/uploads\/2026\/03\/regabilitacion-energetica-edificios-fresgrup.jpg\" \/>\n\t<meta property=\"og:image:width\" content=\"1000\" \/>\n\t<meta property=\"og:image:height\" content=\"667\" \/>\n\t<meta property=\"og:image:type\" content=\"image\/jpeg\" \/>\n<meta name=\"author\" content=\"Roger Rico\" \/>\n<meta name=\"twitter:card\" content=\"summary_large_image\" \/>\n<meta name=\"twitter:label1\" content=\"Escrit per\" \/>\n\t<meta name=\"twitter:data1\" content=\"Roger Rico\" \/>\n\t<meta name=\"twitter:label2\" content=\"Temps estimat de lectura\" \/>\n\t<meta name=\"twitter:data2\" content=\"3 minuts\" \/>\n<!-- \/ Yoast SEO plugin. -->","yoast_head_json":{"title":"Beneficis de la rehabilitaci\u00f3 energ\u00e8tica en edificis | FORCADELL","description":"Descobreix els beneficis de la rehabilitaci\u00f3 energ\u00e8tica en edificis. Estalvi energ\u00e8tic, m\u00e9s confort i reducci\u00f3 de l\u2019impacte ambiental.","robots":{"index":"index","follow":"follow","max-snippet":"max-snippet:-1","max-image-preview":"max-image-preview:large","max-video-preview":"max-video-preview:-1"},"canonical":"https:\/\/forcadell.com\/ca\/rehabilitacio-energetica-en-edificis-beneficis-i-el-seu-impacte-ambiental\/","og_locale":"ca_ES","og_type":"article","og_title":"Beneficis de la rehabilitaci\u00f3 energ\u00e8tica en edificis | FORCADELL","og_description":"Descobreix els beneficis de la rehabilitaci\u00f3 energ\u00e8tica en edificis. Estalvi energ\u00e8tic, m\u00e9s confort i reducci\u00f3 de l\u2019impacte ambiental.","og_url":"https:\/\/forcadell.com\/ca\/rehabilitacio-energetica-en-edificis-beneficis-i-el-seu-impacte-ambiental\/","og_site_name":"Forcadell","article_published_time":"2026-03-11T10:32:57+00:00","article_modified_time":"2026-03-25T12:26:22+00:00","og_image":[{"width":1000,"height":667,"url":"https:\/\/forcadell.com\/wp-content\/uploads\/2026\/03\/regabilitacion-energetica-edificios-fresgrup.jpg","type":"image\/jpeg"}],"author":"Roger Rico","twitter_card":"summary_large_image","twitter_misc":{"Escrit per":"Roger Rico","Temps estimat de lectura":"3 minuts"},"schema":{"@context":"https:\/\/schema.org","@graph":[{"@type":"Article","@id":"https:\/\/forcadell.com\/ca\/rehabilitacio-energetica-en-edificis-beneficis-i-el-seu-impacte-ambiental\/#article","isPartOf":{"@id":"https:\/\/forcadell.com\/ca\/rehabilitacio-energetica-en-edificis-beneficis-i-el-seu-impacte-ambiental\/"},"author":{"name":"Roger Rico","@id":"https:\/\/forcadell.com\/ca\/#\/schema\/person\/f8c3f1a7a5561146b04ecee89c563091"},"headline":"Rehabilitaci\u00f3 energ\u00e8tica en edificis: beneficis i el seu impacte ambiental","datePublished":"2026-03-11T10:32:57+00:00","dateModified":"2026-03-25T12:26:22+00:00","mainEntityOfPage":{"@id":"https:\/\/forcadell.com\/ca\/rehabilitacio-energetica-en-edificis-beneficis-i-el-seu-impacte-ambiental\/"},"wordCount":631,"image":{"@id":"https:\/\/forcadell.com\/ca\/rehabilitacio-energetica-en-edificis-beneficis-i-el-seu-impacte-ambiental\/#primaryimage"},"thumbnailUrl":"https:\/\/forcadell.com\/wp-content\/uploads\/2026\/03\/regabilitacion-energetica-edificios-fresgrup.jpg","articleSection":["Consells","Uncategorized"],"inLanguage":"ca"},{"@type":"WebPage","@id":"https:\/\/forcadell.com\/ca\/rehabilitacio-energetica-en-edificis-beneficis-i-el-seu-impacte-ambiental\/","url":"https:\/\/forcadell.com\/ca\/rehabilitacio-energetica-en-edificis-beneficis-i-el-seu-impacte-ambiental\/","name":"Beneficis de la rehabilitaci\u00f3 energ\u00e8tica en edificis | FORCADELL","isPartOf":{"@id":"https:\/\/forcadell.com\/ca\/#website"},"primaryImageOfPage":{"@id":"https:\/\/forcadell.com\/ca\/rehabilitacio-energetica-en-edificis-beneficis-i-el-seu-impacte-ambiental\/#primaryimage"},"image":{"@id":"https:\/\/forcadell.com\/ca\/rehabilitacio-energetica-en-edificis-beneficis-i-el-seu-impacte-ambiental\/#primaryimage"},"thumbnailUrl":"https:\/\/forcadell.com\/wp-content\/uploads\/2026\/03\/regabilitacion-energetica-edificios-fresgrup.jpg","datePublished":"2026-03-11T10:32:57+00:00","dateModified":"2026-03-25T12:26:22+00:00","author":{"@id":"https:\/\/forcadell.com\/ca\/#\/schema\/person\/f8c3f1a7a5561146b04ecee89c563091"},"description":"Descobreix els beneficis de la rehabilitaci\u00f3 energ\u00e8tica en edificis. Estalvi energ\u00e8tic, m\u00e9s confort i reducci\u00f3 de l\u2019impacte ambiental.","breadcrumb":{"@id":"https:\/\/forcadell.com\/ca\/rehabilitacio-energetica-en-edificis-beneficis-i-el-seu-impacte-ambiental\/#breadcrumb"},"inLanguage":"ca","potentialAction":[{"@type":"ReadAction","target":["https:\/\/forcadell.com\/ca\/rehabilitacio-energetica-en-edificis-beneficis-i-el-seu-impacte-ambiental\/"]}]},{"@type":"ImageObject","inLanguage":"ca","@id":"https:\/\/forcadell.com\/ca\/rehabilitacio-energetica-en-edificis-beneficis-i-el-seu-impacte-ambiental\/#primaryimage","url":"https:\/\/forcadell.com\/wp-content\/uploads\/2026\/03\/regabilitacion-energetica-edificios-fresgrup.jpg","contentUrl":"https:\/\/forcadell.com\/wp-content\/uploads\/2026\/03\/regabilitacion-energetica-edificios-fresgrup.jpg","width":1000,"height":667},{"@type":"BreadcrumbList","@id":"https:\/\/forcadell.com\/ca\/rehabilitacio-energetica-en-edificis-beneficis-i-el-seu-impacte-ambiental\/#breadcrumb","itemListElement":[{"@type":"ListItem","position":1,"name":"Portada","item":"https:\/\/forcadell.com\/ca\/"},{"@type":"ListItem","position":2,"name":"Rehabilitaci\u00f3 energ\u00e8tica en edificis: beneficis i el seu impacte ambiental"}]},{"@type":"WebSite","@id":"https:\/\/forcadell.com\/ca\/#website","url":"https:\/\/forcadell.com\/ca\/","name":"Forcadell","description":"Inmobiliaria Barcelona | Consultores inmobiliarios","potentialAction":[{"@type":"SearchAction","target":{"@type":"EntryPoint","urlTemplate":"https:\/\/forcadell.com\/ca\/?s={search_term_string}"},"query-input":{"@type":"PropertyValueSpecification","valueRequired":true,"valueName":"search_term_string"}}],"inLanguage":"ca"},{"@type":"Person","@id":"https:\/\/forcadell.com\/ca\/#\/schema\/person\/f8c3f1a7a5561146b04ecee89c563091","name":"Roger Rico","image":{"@type":"ImageObject","inLanguage":"ca","@id":"https:\/\/secure.gravatar.com\/avatar\/ad1e6d12feea8fee406c131590878031bbd5e9a402e94796a6ac61861eab02b3?s=96&d=mm&r=g","url":"https:\/\/secure.gravatar.com\/avatar\/ad1e6d12feea8fee406c131590878031bbd5e9a402e94796a6ac61861eab02b3?s=96&d=mm&r=g","contentUrl":"https:\/\/secure.gravatar.com\/avatar\/ad1e6d12feea8fee406c131590878031bbd5e9a402e94796a6ac61861eab02b3?s=96&d=mm&r=g","caption":"Roger Rico"}}]}},"_links":{"self":[{"href":"https:\/\/forcadell.com\/ca\/wp-json\/wp\/v2\/posts\/62391","targetHints":{"allow":["GET"]}}],"collection":[{"href":"https:\/\/forcadell.com\/ca\/wp-json\/wp\/v2\/posts"}],"about":[{"href":"https:\/\/forcadell.com\/ca\/wp-json\/wp\/v2\/types\/post"}],"author":[{"embeddable":true,"href":"https:\/\/forcadell.com\/ca\/wp-json\/wp\/v2\/users\/15"}],"replies":[{"embeddable":true,"href":"https:\/\/forcadell.com\/ca\/wp-json\/wp\/v2\/comments?post=62391"}],"version-history":[{"count":10,"href":"https:\/\/forcadell.com\/ca\/wp-json\/wp\/v2\/posts\/62391\/revisions"}],"predecessor-version":[{"id":63549,"href":"https:\/\/forcadell.com\/ca\/wp-json\/wp\/v2\/posts\/62391\/revisions\/63549"}],"wp:featuredmedia":[{"embeddable":true,"href":"https:\/\/forcadell.com\/ca\/wp-json\/wp\/v2\/media\/62765"}],"wp:attachment":[{"href":"https:\/\/forcadell.com\/ca\/wp-json\/wp\/v2\/media?parent=62391"}],"wp:term":[{"taxonomy":"category","embeddable":true,"href":"https:\/\/forcadell.com\/ca\/wp-json\/wp\/v2\/categories?post=62391"},{"taxonomy":"post_tag","embeddable":true,"href":"https:\/\/forcadell.com\/ca\/wp-json\/wp\/v2\/tags?post=62391"}],"curies":[{"name":"wp","href":"https:\/\/api.w.org\/{rel}","templated":true}]}}