{"id":61533,"date":"2026-01-28T14:33:18","date_gmt":"2026-01-28T12:33:18","guid":{"rendered":"https:\/\/forcadell.com\/?p=61533"},"modified":"2026-01-28T14:33:21","modified_gmt":"2026-01-28T12:33:21","slug":"forcadell-accelera-la-seva-expansio-al-valles-amb-una-nova-oficina-a-terrassa","status":"publish","type":"post","link":"https:\/\/forcadell.com\/ca\/forcadell-accelera-la-seva-expansio-al-valles-amb-una-nova-oficina-a-terrassa\/","title":{"rendered":"FORCADELL accelera la seva expansi\u00f3 al Vall\u00e8s amb una nova oficina a Terrassa"},"content":{"rendered":"<div class=\"o-container GenericStyles\">\n<p>FORCADELL ha inaugurat avui la seva<strong> nova oficina a Terrassa<\/strong>, un espai <strong>m\u00e9s ampli i modern que centralitza l\u2019activitat<\/strong> que la consultora ja desenvolupava a la ciutat, substituint les ubicacions anteriors dels carrers Arqu\u00edmedes i Cardaire.<\/p>\n<\/div>\n\n<div class=\"o-container GenericStyles\">\n<p>Aquesta actuaci\u00f3 s\u2019emmarca en l\u2019estrat\u00e8gia del grup de <strong>consolidar i ampliar la seva pres\u00e8ncia territorial i la seva xarxa d\u2019oficines a les capitals de prov\u00edncia catalanes i a l\u2019\u00e0rea metropolitana de Barcelona<\/strong>, amb el Vall\u00e8s com una de les seves zones de creixement, on actualment compta amb tres seus.<\/p>\n<\/div>\n\n<div class=\"o-container GenericStyles\">\n<p>L\u2019acte d\u2019inauguraci\u00f3 ha reunit avui clients i professionals del sector a la nova seu i ha comptat amb la pres\u00e8ncia del <strong>segon tinent d\u2019alcalde de l\u2019\u00c0rea de Territori i Habitatge de l\u2019Ajuntament de Terrassa<\/strong>, Xavier Cardona, aix\u00ed com amb la del CEO de FORCADELL, Ivan Vaqu\u00e9, i la gerent, Mireia Vila, a m\u00e9s d\u2019altres directius de la companyia.<\/p>\n<\/div>\n\n<div class=\"o-container GenericStyles\">\n<p>Durant la inauguraci\u00f3, Iv\u00e1n Vaqu\u00e9 ha destacat que \u201cla nova oficina de Terrassa \u00e9s una mostra clara de la nostra<strong> aposta pel Vall\u00e8s<\/strong>. Aquesta seu <strong>ens permet afrontar amb solv\u00e8ncia el creixement dels pr\u00f2xims anys<\/strong>, mantenint els est\u00e0ndards de qualitat en el servei immobiliari ofert\u201d.<\/p>\n<\/div>\n\n<div class=\"o-container GenericStyles\">\n<h2 class=\"wp-block-heading\">Grup immobiliari referent al Vall\u00e8s<\/h2>\n<\/div>\n\n<div class=\"o-container GenericStyles\">\n<p>En aquest context d\u2019expansi\u00f3, el 2024 FORCADELL va integrar Finques Esvillar a Terrassa, una operaci\u00f3 que va permetre <strong>ampliar la cartera de comunitats administrades en m\u00e9s d\u2019un 30%<\/strong>, refor\u00e7ant el seu posicionament al Vall\u00e8s Occidental. En aquest sentit, Ivan Vaqu\u00e9 ha destacat que \u201cFORCADELL continuar\u00e0 <strong>impulsant el creixement org\u00e0nic i valorant integracions de carteres<\/strong> que aportin encaix estrat\u00e8gic i permetin mantenir els nostres est\u00e0ndards de qualitat i servei\u201d.<\/p>\n<\/div>\n\n<div class=\"o-container GenericStyles\">\n<p>A m\u00e9s de l\u2019oficina de Terrassa, la companyia compta actualment amb pres\u00e8ncia a Granollers, Mollet del Vall\u00e8s, Gav\u00e0 i dues oficines a Barcelona, on t\u00e9 la seva seu central, aix\u00ed com a Palma, Madrid i Sevilla.<\/p>\n<\/div>\n\n<div class=\"o-container GenericStyles\">\n<h2 class=\"wp-block-heading\">Servei immobiliari integral<\/h2>\n<\/div>\n\n<div class=\"o-container GenericStyles\">\n<p>La nova seu de Terrassa, situada a la <strong>Carretera de Martorell, 8<\/strong>, ha estat concebuda per consolidar la capacitat operativa del grup a la ciutat, amb m\u00e9s espai per a reunions, atenci\u00f3 personalitzada i un entorn preparat per <strong>donar resposta a les necessitats actuals i futures de l\u2019equip local<\/strong>, format per m\u00e9s de 30 professionals.<\/p>\n<\/div>\n\n<div class=\"o-container GenericStyles\">\n<p>Des de l\u2019oficina de Terrassa, FORCADELL ofereix serveis d\u2019administraci\u00f3 de finques, gesti\u00f3 de lloguers i comercialitzaci\u00f3 d\u2019immobles residencials, a m\u00e9s de facilitar l\u2019acc\u00e9s a l\u2019assessorament especialitzat de la resta d\u2019\u00e0rees del grup: immobles corporatius (oficines, naus log\u00edstiques o locals comercials), consultoria immobili\u00e0ria, assessoria jur\u00eddica, oficina t\u00e8cnica immobili\u00e0ria i corredoria d\u2019assegurances.<\/p>\n<\/div>\n\n<div class=\"o-container GenericStyles\">\n<figure class=\"wp-block-image size-large\"><img loading=\"lazy\" decoding=\"async\" width=\"1360\" height=\"636\" src=\"https:\/\/forcadell.com\/wp-content\/uploads\/2026\/01\/inauguracio-terrassa-hz-1-1360x636.png\" alt=\"\" class=\"wp-image-61543\"\/><\/figure>\n<\/div>\n\n<div class=\"o-container GenericStyles\">\n<p><\/p>\n<\/div>","protected":false},"excerpt":{"rendered":"<p>La nova oficina de Terrassa centralitza les antigues seus en un espai modern i impulsa l\u2019estrat\u00e8gia de creixement de FORCADELL al Vall\u00e8s.<\/p>\n","protected":false},"author":15,"featured_media":61624,"comment_status":"closed","ping_status":"open","sticky":false,"template":"","format":"standard","meta":{"_acf_changed":false,"footnotes":""},"categories":[77],"tags":[],"class_list":["post-61533","post","type-post","status-publish","format-standard","has-post-thumbnail","hentry","category-corporatiu"],"acf":[],"yoast_head":"<!-- This site is optimized with the Yoast SEO plugin v27.4 - https:\/\/yoast.com\/product\/yoast-seo-wordpress\/ -->\n<title>FORCADELL accelera l\u2019expansi\u00f3 al Vall\u00e8s | FORCADELL<\/title>\n<meta name=\"description\" content=\"FORCADELL accelera l\u2019expansi\u00f3 al Vall\u00e8s amb la inauguraci\u00f3 d\u2019una nova oficina a Terrassa, refor\u00e7ant la seva pres\u00e8ncia al territori.\" \/>\n<meta name=\"robots\" content=\"index, follow, max-snippet:-1, max-image-preview:large, max-video-preview:-1\" \/>\n<link rel=\"canonical\" href=\"https:\/\/forcadell.com\/ca\/forcadell-accelera-la-seva-expansio-al-valles-amb-una-nova-oficina-a-terrassa\/\" \/>\n<meta property=\"og:locale\" content=\"ca_ES\" \/>\n<meta property=\"og:type\" content=\"article\" \/>\n<meta property=\"og:title\" content=\"FORCADELL accelera l\u2019expansi\u00f3 al Vall\u00e8s | FORCADELL\" \/>\n<meta property=\"og:description\" content=\"FORCADELL accelera l\u2019expansi\u00f3 al Vall\u00e8s amb la inauguraci\u00f3 d\u2019una nova oficina a Terrassa, refor\u00e7ant la seva pres\u00e8ncia al territori.\" \/>\n<meta property=\"og:url\" content=\"https:\/\/forcadell.com\/ca\/forcadell-accelera-la-seva-expansio-al-valles-amb-una-nova-oficina-a-terrassa\/\" \/>\n<meta property=\"og:site_name\" content=\"Forcadell\" \/>\n<meta property=\"article:published_time\" content=\"2026-01-28T12:33:18+00:00\" \/>\n<meta property=\"article:modified_time\" content=\"2026-01-28T12:33:21+00:00\" \/>\n<meta property=\"og:image\" content=\"https:\/\/forcadell.com\/wp-content\/uploads\/2026\/01\/d88215df-4db3-427e-93ba-d63e67c67fe6.jpg\" \/>\n\t<meta property=\"og:image:width\" content=\"1857\" \/>\n\t<meta property=\"og:image:height\" content=\"782\" \/>\n\t<meta property=\"og:image:type\" content=\"image\/jpeg\" \/>\n<meta name=\"author\" content=\"Roger Rico\" \/>\n<meta name=\"twitter:card\" content=\"summary_large_image\" \/>\n<meta name=\"twitter:label1\" content=\"Escrit per\" \/>\n\t<meta name=\"twitter:data1\" content=\"Roger Rico\" \/>\n\t<meta name=\"twitter:label2\" content=\"Temps estimat de lectura\" \/>\n\t<meta name=\"twitter:data2\" content=\"3 minuts\" \/>\n<!-- \/ Yoast SEO plugin. -->","yoast_head_json":{"title":"FORCADELL accelera l\u2019expansi\u00f3 al Vall\u00e8s | FORCADELL","description":"FORCADELL accelera l\u2019expansi\u00f3 al Vall\u00e8s amb la inauguraci\u00f3 d\u2019una nova oficina a Terrassa, refor\u00e7ant la seva pres\u00e8ncia al territori.","robots":{"index":"index","follow":"follow","max-snippet":"max-snippet:-1","max-image-preview":"max-image-preview:large","max-video-preview":"max-video-preview:-1"},"canonical":"https:\/\/forcadell.com\/ca\/forcadell-accelera-la-seva-expansio-al-valles-amb-una-nova-oficina-a-terrassa\/","og_locale":"ca_ES","og_type":"article","og_title":"FORCADELL accelera l\u2019expansi\u00f3 al Vall\u00e8s | FORCADELL","og_description":"FORCADELL accelera l\u2019expansi\u00f3 al Vall\u00e8s amb la inauguraci\u00f3 d\u2019una nova oficina a Terrassa, refor\u00e7ant la seva pres\u00e8ncia al territori.","og_url":"https:\/\/forcadell.com\/ca\/forcadell-accelera-la-seva-expansio-al-valles-amb-una-nova-oficina-a-terrassa\/","og_site_name":"Forcadell","article_published_time":"2026-01-28T12:33:18+00:00","article_modified_time":"2026-01-28T12:33:21+00:00","og_image":[{"width":1857,"height":782,"url":"https:\/\/forcadell.com\/wp-content\/uploads\/2026\/01\/d88215df-4db3-427e-93ba-d63e67c67fe6.jpg","type":"image\/jpeg"}],"author":"Roger Rico","twitter_card":"summary_large_image","twitter_misc":{"Escrit per":"Roger Rico","Temps estimat de lectura":"3 minuts"},"schema":{"@context":"https:\/\/schema.org","@graph":[{"@type":"Article","@id":"https:\/\/forcadell.com\/ca\/forcadell-accelera-la-seva-expansio-al-valles-amb-una-nova-oficina-a-terrassa\/#article","isPartOf":{"@id":"https:\/\/forcadell.com\/ca\/forcadell-accelera-la-seva-expansio-al-valles-amb-una-nova-oficina-a-terrassa\/"},"author":{"name":"Roger Rico","@id":"https:\/\/forcadell.com\/ca\/#\/schema\/person\/f8c3f1a7a5561146b04ecee89c563091"},"headline":"FORCADELL accelera la seva expansi\u00f3 al Vall\u00e8s amb una nova oficina a Terrassa","datePublished":"2026-01-28T12:33:18+00:00","dateModified":"2026-01-28T12:33:21+00:00","mainEntityOfPage":{"@id":"https:\/\/forcadell.com\/ca\/forcadell-accelera-la-seva-expansio-al-valles-amb-una-nova-oficina-a-terrassa\/"},"wordCount":469,"image":{"@id":"https:\/\/forcadell.com\/ca\/forcadell-accelera-la-seva-expansio-al-valles-amb-una-nova-oficina-a-terrassa\/#primaryimage"},"thumbnailUrl":"https:\/\/forcadell.com\/wp-content\/uploads\/2026\/01\/d88215df-4db3-427e-93ba-d63e67c67fe6.jpg","articleSection":["Corporatiu"],"inLanguage":"ca"},{"@type":"WebPage","@id":"https:\/\/forcadell.com\/ca\/forcadell-accelera-la-seva-expansio-al-valles-amb-una-nova-oficina-a-terrassa\/","url":"https:\/\/forcadell.com\/ca\/forcadell-accelera-la-seva-expansio-al-valles-amb-una-nova-oficina-a-terrassa\/","name":"FORCADELL accelera l\u2019expansi\u00f3 al Vall\u00e8s | FORCADELL","isPartOf":{"@id":"https:\/\/forcadell.com\/ca\/#website"},"primaryImageOfPage":{"@id":"https:\/\/forcadell.com\/ca\/forcadell-accelera-la-seva-expansio-al-valles-amb-una-nova-oficina-a-terrassa\/#primaryimage"},"image":{"@id":"https:\/\/forcadell.com\/ca\/forcadell-accelera-la-seva-expansio-al-valles-amb-una-nova-oficina-a-terrassa\/#primaryimage"},"thumbnailUrl":"https:\/\/forcadell.com\/wp-content\/uploads\/2026\/01\/d88215df-4db3-427e-93ba-d63e67c67fe6.jpg","datePublished":"2026-01-28T12:33:18+00:00","dateModified":"2026-01-28T12:33:21+00:00","author":{"@id":"https:\/\/forcadell.com\/ca\/#\/schema\/person\/f8c3f1a7a5561146b04ecee89c563091"},"description":"FORCADELL accelera l\u2019expansi\u00f3 al Vall\u00e8s amb la inauguraci\u00f3 d\u2019una nova oficina a Terrassa, refor\u00e7ant la seva pres\u00e8ncia al territori.","breadcrumb":{"@id":"https:\/\/forcadell.com\/ca\/forcadell-accelera-la-seva-expansio-al-valles-amb-una-nova-oficina-a-terrassa\/#breadcrumb"},"inLanguage":"ca","potentialAction":[{"@type":"ReadAction","target":["https:\/\/forcadell.com\/ca\/forcadell-accelera-la-seva-expansio-al-valles-amb-una-nova-oficina-a-terrassa\/"]}]},{"@type":"ImageObject","inLanguage":"ca","@id":"https:\/\/forcadell.com\/ca\/forcadell-accelera-la-seva-expansio-al-valles-amb-una-nova-oficina-a-terrassa\/#primaryimage","url":"https:\/\/forcadell.com\/wp-content\/uploads\/2026\/01\/d88215df-4db3-427e-93ba-d63e67c67fe6.jpg","contentUrl":"https:\/\/forcadell.com\/wp-content\/uploads\/2026\/01\/d88215df-4db3-427e-93ba-d63e67c67fe6.jpg","width":1857,"height":782},{"@type":"BreadcrumbList","@id":"https:\/\/forcadell.com\/ca\/forcadell-accelera-la-seva-expansio-al-valles-amb-una-nova-oficina-a-terrassa\/#breadcrumb","itemListElement":[{"@type":"ListItem","position":1,"name":"Portada","item":"https:\/\/forcadell.com\/ca\/"},{"@type":"ListItem","position":2,"name":"FORCADELL accelera la seva expansi\u00f3 al Vall\u00e8s amb una nova oficina a Terrassa"}]},{"@type":"WebSite","@id":"https:\/\/forcadell.com\/ca\/#website","url":"https:\/\/forcadell.com\/ca\/","name":"Forcadell","description":"Inmobiliaria Barcelona | Consultores inmobiliarios","potentialAction":[{"@type":"SearchAction","target":{"@type":"EntryPoint","urlTemplate":"https:\/\/forcadell.com\/ca\/?s={search_term_string}"},"query-input":{"@type":"PropertyValueSpecification","valueRequired":true,"valueName":"search_term_string"}}],"inLanguage":"ca"},{"@type":"Person","@id":"https:\/\/forcadell.com\/ca\/#\/schema\/person\/f8c3f1a7a5561146b04ecee89c563091","name":"Roger Rico","image":{"@type":"ImageObject","inLanguage":"ca","@id":"https:\/\/secure.gravatar.com\/avatar\/ad1e6d12feea8fee406c131590878031bbd5e9a402e94796a6ac61861eab02b3?s=96&d=mm&r=g","url":"https:\/\/secure.gravatar.com\/avatar\/ad1e6d12feea8fee406c131590878031bbd5e9a402e94796a6ac61861eab02b3?s=96&d=mm&r=g","contentUrl":"https:\/\/secure.gravatar.com\/avatar\/ad1e6d12feea8fee406c131590878031bbd5e9a402e94796a6ac61861eab02b3?s=96&d=mm&r=g","caption":"Roger Rico"}}]}},"_links":{"self":[{"href":"https:\/\/forcadell.com\/ca\/wp-json\/wp\/v2\/posts\/61533","targetHints":{"allow":["GET"]}}],"collection":[{"href":"https:\/\/forcadell.com\/ca\/wp-json\/wp\/v2\/posts"}],"about":[{"href":"https:\/\/forcadell.com\/ca\/wp-json\/wp\/v2\/types\/post"}],"author":[{"embeddable":true,"href":"https:\/\/forcadell.com\/ca\/wp-json\/wp\/v2\/users\/15"}],"replies":[{"embeddable":true,"href":"https:\/\/forcadell.com\/ca\/wp-json\/wp\/v2\/comments?post=61533"}],"version-history":[{"count":8,"href":"https:\/\/forcadell.com\/ca\/wp-json\/wp\/v2\/posts\/61533\/revisions"}],"predecessor-version":[{"id":61621,"href":"https:\/\/forcadell.com\/ca\/wp-json\/wp\/v2\/posts\/61533\/revisions\/61621"}],"wp:featuredmedia":[{"embeddable":true,"href":"https:\/\/forcadell.com\/ca\/wp-json\/wp\/v2\/media\/61624"}],"wp:attachment":[{"href":"https:\/\/forcadell.com\/ca\/wp-json\/wp\/v2\/media?parent=61533"}],"wp:term":[{"taxonomy":"category","embeddable":true,"href":"https:\/\/forcadell.com\/ca\/wp-json\/wp\/v2\/categories?post=61533"},{"taxonomy":"post_tag","embeddable":true,"href":"https:\/\/forcadell.com\/ca\/wp-json\/wp\/v2\/tags?post=61533"}],"curies":[{"name":"wp","href":"https:\/\/api.w.org\/{rel}","templated":true}]}}