{"id":59379,"date":"2025-12-12T13:14:12","date_gmt":"2025-12-12T11:14:12","guid":{"rendered":"https:\/\/www.forcadell.com\/?p=59379"},"modified":"2026-04-30T11:16:12","modified_gmt":"2026-04-30T09:16:12","slug":"rehabilitar-patis-interiors-una-inversio-clau-per-revaloritzar-una-finca","status":"publish","type":"post","link":"https:\/\/forcadell.com\/ca\/rehabilitar-patis-interiors-una-inversio-clau-per-revaloritzar-una-finca\/","title":{"rendered":"Rehabilitar patis interiors: una inversi\u00f3 clau per revaloritzar una finca"},"content":{"rendered":"<div class=\"o-container GenericStyles\">\n<p>A l\u2019hora d\u2019abordar una rehabilitaci\u00f3 en una comunitat de ve\u00efns, els patis interiors queden en moltes ocasions en segon pla, despr\u00e9s de fa\u00e7anes i exteriors, la cara m\u00e9s visible de l\u2019edifici. No obstant aix\u00f2, <strong>s\u00f3n espais que influeixen en el manteniment de l\u2019estructura<\/strong> i compleixen un paper important pel que fa a <strong>ventilaci\u00f3, il\u00b7luminaci\u00f3 i salubritat<\/strong> d&#8217;aquesta.<\/p>\n<\/div>\n\n<div class=\"o-container GenericStyles\">\n<p>De fet, no prestar-los l\u2019atenci\u00f3 adequada pot implicar futurs problemes estructurals, humitats persistents i, en general, una <strong>p\u00e8rdua de confort per als ve\u00efns<\/strong>, aix\u00ed com de valor est\u00e8tic i patrimonial de l\u2019immoble. Per aix\u00f2, una <strong>rehabilitaci\u00f3 professional en el moment adequat pot ser clau<\/strong>.<\/p>\n<\/div>\n\n<div class=\"o-container GenericStyles\">\n<h2 class=\"wp-block-heading\">Senyal que indiquen que el pati interior necessita una intervenci\u00f3<\/h2>\n<\/div>\n\n<div class=\"o-container GenericStyles\">\n<p>Quan el manteniment d\u2019un pati interior es descuida, les seves funcions de ventilaci\u00f3 i entrada de llum es veuen afectades, podent apar\u00e8ixer floridura, males olors o humitats. Alguns senyals que indiquen que \u00e9s necessari intervenir s\u00f3n:<\/p>\n<\/div>\n\n<div class=\"o-container GenericStyles\">\n<ul class=\"wp-block-list\">\n<li><strong>Pres\u00e8ncia d\u2019humitats<\/strong> o <strong>floridura <\/strong>a les parets.<\/li>\n\n\n\n<li><strong>Despreniments de revestiments<\/strong> o pintura.<\/li>\n\n\n\n<li><strong>Olors persistents<\/strong> als baixos de l\u2019edifici.<\/li>\n\n\n\n<li><strong>Desguassos obstru\u00efts <\/strong>que provoquen acumulaci\u00f3 d\u2019aigua.<\/li>\n\n\n\n<li><strong>Filtracions <\/strong>quan plou intensament.<\/li>\n<\/ul>\n<\/div>\n\n<div class=\"o-container GenericStyles\">\n<p>Saber recon\u00e8ixer aquests senyals a temps i actuar sobre l\u2019espai marcar\u00e0 la difer\u00e8ncia per evitar danys majors i controlar la despesa que pot derivar-se d\u2019aquesta situaci\u00f3.<\/p>\n<\/div>\n\n<div class=\"o-container GenericStyles\">\n<!-- Banner Responsive - Quivi -->\n<style>\n  .quivi-banner-responsive { width: 100%; margin: 0 auto; }\n  .quivi-banner-responsive iframe { width: 100%; border: none; display: block; }\n  @media (min-width: 450px) { .quivi-banner-responsive iframe { height: 90px; } }\n  @media (max-width: 449px) { .quivi-banner-responsive iframe { height: 250px; } }\n<\/style>\n<div class=\"quivi-banner-responsive\">\n  <iframe \n    src=\"https:\/\/quivi-banner.web.app\/embed?banner=sTri3ViqV4JTingQ5w8h&#038;lang=ca\"\n    frameborder=\"0\"\n    scrolling=\"no\"\n    id=\"quivi-banner-sTri3ViqV4JTingQ5w8h\"\n  ><\/iframe>\n<\/div>\n<\/div>\n\n<div class=\"o-container GenericStyles\">\n<h2 class=\"wp-block-heading\">Rehabilitar patis interiors tamb\u00e9 \u00e9s revaloritzar el patrimoni<\/h2>\n<\/div>\n\n<div class=\"o-container GenericStyles\">\n<p>M\u00e9s enll\u00e0 d\u2019aquestes funcions comentades, el pati interior \u00e9s un <strong>espai de la finca amb un impacte gran en la imatge de l\u2019edifici<\/strong>. Un entorn cuidat, llumin\u00f3s i net afavoreix l\u2019atractiu de la comunitat de ve\u00efns per a possibles compradors o llogaters, alhora que augmenta la qualitat de vida dels residents.<\/p>\n<\/div>\n\n<div class=\"o-container GenericStyles\">\n<p>Una rehabilitaci\u00f3 integral pot incloure la reparaci\u00f3 de revestiments, substituci\u00f3 de baixants, pintura antihumitat, impermeabilitzaci\u00f3 i millora de la ventilaci\u00f3 natural, etc. Aquestes actuacions <strong>revaloritzen l\u2019immoble<\/strong> i, al mateix temps, asseguren el seu bon manteniment, <strong>allargant la seva vida \u00fatil<\/strong>.<\/p>\n<\/div>\n\n<div class=\"o-container GenericStyles\">\n<p>Les obres en patis interiors s\u00f3n, a m\u00e9s, una oportunitat per incorporar millores energ\u00e8tiques, gr\u00e0cies a intervencions discretes que optimitzen notablement el benestar i el consum energ\u00e8tic de l\u2019edifici. D\u2019aquesta manera, tamb\u00e9 s\u2019influeix en el <strong>control de la despesa de la comunitat de ve\u00efns i en l\u2019impacte mediambiental<\/strong>.<\/p>\n<\/div>\n\n<div class=\"o-container GenericStyles\">\n<p>Rehabilitar un pati interior \u00e9s, doncs, tenir cura dels que resideixen a l\u2019edifici. Els patis interiors s\u00f3n espais que permeten la circulaci\u00f3 de l\u2019aire, que aporten llum i benestar. Per aix\u00f2, quan s\u2019aborden aquest tipus d\u2019actuacions, fer-ho amb una <strong>mirada integral i professional<\/strong> \u00e9s essencial i el m\u00e9s recomanable \u00e9s <strong>comptar amb experts com els de <\/strong><a href=\"https:\/\/forconnect.es\/professional\/ZPo8goc22oNdH5GLdfZtM0oFyah2\/meyri\" target=\"_blank\" rel=\"noreferrer noopener\"><strong>Meyri<\/strong><\/a>, amb m\u00e9s de 25 anys dedicats al manteniment i rehabilitaci\u00f3 d\u2019immobles.<\/p>\n<\/div>","protected":false},"excerpt":{"rendered":"<p>Rehabilitar els patis interiors evita humitats i problemes estructurals, millora la ventilaci\u00f3 i la il\u00b7luminaci\u00f3, i augmenta el confort i el valor de l\u2019immoble.<\/p>\n","protected":false},"author":15,"featured_media":59846,"comment_status":"closed","ping_status":"open","sticky":false,"template":"","format":"standard","meta":{"_acf_changed":false,"footnotes":""},"categories":[79],"tags":[],"class_list":["post-59379","post","type-post","status-publish","format-standard","has-post-thumbnail","hentry","category-consells"],"acf":[],"yoast_head":"<!-- This site is optimized with the Yoast SEO plugin v27.4 - https:\/\/yoast.com\/product\/yoast-seo-wordpress\/ -->\n<title>Rehabilitar patis interiors per revaloritzar la finca | FORCADELL<\/title>\n<meta name=\"description\" content=\"Descobreix com rehabilitar patis interiors per revaloritzar la finca i millorar la ventilaci\u00f3 i la llum, evitant humitats i filtracions.\" \/>\n<meta name=\"robots\" content=\"index, follow, max-snippet:-1, max-image-preview:large, max-video-preview:-1\" \/>\n<link rel=\"canonical\" href=\"https:\/\/forcadell.com\/ca\/rehabilitar-patis-interiors-una-inversio-clau-per-revaloritzar-una-finca\/\" \/>\n<meta property=\"og:locale\" content=\"ca_ES\" \/>\n<meta property=\"og:type\" content=\"article\" \/>\n<meta property=\"og:title\" content=\"Rehabilitar patis interiors per revaloritzar la finca | FORCADELL\" \/>\n<meta property=\"og:description\" content=\"Descobreix com rehabilitar patis interiors per revaloritzar la finca i millorar la ventilaci\u00f3 i la llum, evitant humitats i filtracions.\" \/>\n<meta property=\"og:url\" content=\"https:\/\/forcadell.com\/ca\/rehabilitar-patis-interiors-una-inversio-clau-per-revaloritzar-una-finca\/\" \/>\n<meta property=\"og:site_name\" content=\"Forcadell\" \/>\n<meta property=\"article:published_time\" content=\"2025-12-12T11:14:12+00:00\" \/>\n<meta property=\"article:modified_time\" content=\"2026-04-30T09:16:12+00:00\" \/>\n<meta property=\"og:image\" content=\"https:\/\/forcadell.com\/wp-content\/uploads\/2025\/11\/meyri-pati-interior-1360x636.jpg\" \/>\n\t<meta property=\"og:image:width\" content=\"1360\" \/>\n\t<meta property=\"og:image:height\" content=\"636\" \/>\n\t<meta property=\"og:image:type\" content=\"image\/jpeg\" \/>\n<meta name=\"author\" content=\"Roger Rico\" \/>\n<meta name=\"twitter:card\" content=\"summary_large_image\" \/>\n<meta name=\"twitter:label1\" content=\"Escrit per\" \/>\n\t<meta name=\"twitter:data1\" content=\"Roger Rico\" \/>\n\t<meta name=\"twitter:label2\" content=\"Temps estimat de lectura\" \/>\n\t<meta name=\"twitter:data2\" content=\"3 minuts\" \/>\n<!-- \/ Yoast SEO plugin. -->","yoast_head_json":{"title":"Rehabilitar patis interiors per revaloritzar la finca | FORCADELL","description":"Descobreix com rehabilitar patis interiors per revaloritzar la finca i millorar la ventilaci\u00f3 i la llum, evitant humitats i filtracions.","robots":{"index":"index","follow":"follow","max-snippet":"max-snippet:-1","max-image-preview":"max-image-preview:large","max-video-preview":"max-video-preview:-1"},"canonical":"https:\/\/forcadell.com\/ca\/rehabilitar-patis-interiors-una-inversio-clau-per-revaloritzar-una-finca\/","og_locale":"ca_ES","og_type":"article","og_title":"Rehabilitar patis interiors per revaloritzar la finca | FORCADELL","og_description":"Descobreix com rehabilitar patis interiors per revaloritzar la finca i millorar la ventilaci\u00f3 i la llum, evitant humitats i filtracions.","og_url":"https:\/\/forcadell.com\/ca\/rehabilitar-patis-interiors-una-inversio-clau-per-revaloritzar-una-finca\/","og_site_name":"Forcadell","article_published_time":"2025-12-12T11:14:12+00:00","article_modified_time":"2026-04-30T09:16:12+00:00","og_image":[{"width":1360,"height":636,"url":"https:\/\/forcadell.com\/wp-content\/uploads\/2025\/11\/meyri-pati-interior-1360x636.jpg","type":"image\/jpeg"}],"author":"Roger Rico","twitter_card":"summary_large_image","twitter_misc":{"Escrit per":"Roger Rico","Temps estimat de lectura":"3 minuts"},"schema":{"@context":"https:\/\/schema.org","@graph":[{"@type":"Article","@id":"https:\/\/forcadell.com\/ca\/rehabilitar-patis-interiors-una-inversio-clau-per-revaloritzar-una-finca\/#article","isPartOf":{"@id":"https:\/\/forcadell.com\/ca\/rehabilitar-patis-interiors-una-inversio-clau-per-revaloritzar-una-finca\/"},"author":{"name":"Roger Rico","@id":"https:\/\/forcadell.com\/ca\/#\/schema\/person\/f8c3f1a7a5561146b04ecee89c563091"},"headline":"Rehabilitar patis interiors: una inversi\u00f3 clau per revaloritzar una finca","datePublished":"2025-12-12T11:14:12+00:00","dateModified":"2026-04-30T09:16:12+00:00","mainEntityOfPage":{"@id":"https:\/\/forcadell.com\/ca\/rehabilitar-patis-interiors-una-inversio-clau-per-revaloritzar-una-finca\/"},"wordCount":478,"image":{"@id":"https:\/\/forcadell.com\/ca\/rehabilitar-patis-interiors-una-inversio-clau-per-revaloritzar-una-finca\/#primaryimage"},"thumbnailUrl":"https:\/\/forcadell.com\/wp-content\/uploads\/2025\/11\/meyri-pati-interior.jpg","articleSection":["Consells"],"inLanguage":"ca"},{"@type":"WebPage","@id":"https:\/\/forcadell.com\/ca\/rehabilitar-patis-interiors-una-inversio-clau-per-revaloritzar-una-finca\/","url":"https:\/\/forcadell.com\/ca\/rehabilitar-patis-interiors-una-inversio-clau-per-revaloritzar-una-finca\/","name":"Rehabilitar patis interiors per revaloritzar la finca | FORCADELL","isPartOf":{"@id":"https:\/\/forcadell.com\/ca\/#website"},"primaryImageOfPage":{"@id":"https:\/\/forcadell.com\/ca\/rehabilitar-patis-interiors-una-inversio-clau-per-revaloritzar-una-finca\/#primaryimage"},"image":{"@id":"https:\/\/forcadell.com\/ca\/rehabilitar-patis-interiors-una-inversio-clau-per-revaloritzar-una-finca\/#primaryimage"},"thumbnailUrl":"https:\/\/forcadell.com\/wp-content\/uploads\/2025\/11\/meyri-pati-interior.jpg","datePublished":"2025-12-12T11:14:12+00:00","dateModified":"2026-04-30T09:16:12+00:00","author":{"@id":"https:\/\/forcadell.com\/ca\/#\/schema\/person\/f8c3f1a7a5561146b04ecee89c563091"},"description":"Descobreix com rehabilitar patis interiors per revaloritzar la finca i millorar la ventilaci\u00f3 i la llum, evitant humitats i filtracions.","breadcrumb":{"@id":"https:\/\/forcadell.com\/ca\/rehabilitar-patis-interiors-una-inversio-clau-per-revaloritzar-una-finca\/#breadcrumb"},"inLanguage":"ca","potentialAction":[{"@type":"ReadAction","target":["https:\/\/forcadell.com\/ca\/rehabilitar-patis-interiors-una-inversio-clau-per-revaloritzar-una-finca\/"]}]},{"@type":"ImageObject","inLanguage":"ca","@id":"https:\/\/forcadell.com\/ca\/rehabilitar-patis-interiors-una-inversio-clau-per-revaloritzar-una-finca\/#primaryimage","url":"https:\/\/forcadell.com\/wp-content\/uploads\/2025\/11\/meyri-pati-interior.jpg","contentUrl":"https:\/\/forcadell.com\/wp-content\/uploads\/2025\/11\/meyri-pati-interior.jpg","width":3648,"height":5472},{"@type":"BreadcrumbList","@id":"https:\/\/forcadell.com\/ca\/rehabilitar-patis-interiors-una-inversio-clau-per-revaloritzar-una-finca\/#breadcrumb","itemListElement":[{"@type":"ListItem","position":1,"name":"Portada","item":"https:\/\/forcadell.com\/ca\/"},{"@type":"ListItem","position":2,"name":"Rehabilitar patis interiors: una inversi\u00f3 clau per revaloritzar una finca"}]},{"@type":"WebSite","@id":"https:\/\/forcadell.com\/ca\/#website","url":"https:\/\/forcadell.com\/ca\/","name":"Forcadell","description":"Inmobiliaria Barcelona | Consultores inmobiliarios","potentialAction":[{"@type":"SearchAction","target":{"@type":"EntryPoint","urlTemplate":"https:\/\/forcadell.com\/ca\/?s={search_term_string}"},"query-input":{"@type":"PropertyValueSpecification","valueRequired":true,"valueName":"search_term_string"}}],"inLanguage":"ca"},{"@type":"Person","@id":"https:\/\/forcadell.com\/ca\/#\/schema\/person\/f8c3f1a7a5561146b04ecee89c563091","name":"Roger Rico","image":{"@type":"ImageObject","inLanguage":"ca","@id":"https:\/\/secure.gravatar.com\/avatar\/ad1e6d12feea8fee406c131590878031bbd5e9a402e94796a6ac61861eab02b3?s=96&d=mm&r=g","url":"https:\/\/secure.gravatar.com\/avatar\/ad1e6d12feea8fee406c131590878031bbd5e9a402e94796a6ac61861eab02b3?s=96&d=mm&r=g","contentUrl":"https:\/\/secure.gravatar.com\/avatar\/ad1e6d12feea8fee406c131590878031bbd5e9a402e94796a6ac61861eab02b3?s=96&d=mm&r=g","caption":"Roger Rico"}}]}},"_links":{"self":[{"href":"https:\/\/forcadell.com\/ca\/wp-json\/wp\/v2\/posts\/59379","targetHints":{"allow":["GET"]}}],"collection":[{"href":"https:\/\/forcadell.com\/ca\/wp-json\/wp\/v2\/posts"}],"about":[{"href":"https:\/\/forcadell.com\/ca\/wp-json\/wp\/v2\/types\/post"}],"author":[{"embeddable":true,"href":"https:\/\/forcadell.com\/ca\/wp-json\/wp\/v2\/users\/15"}],"replies":[{"embeddable":true,"href":"https:\/\/forcadell.com\/ca\/wp-json\/wp\/v2\/comments?post=59379"}],"version-history":[{"count":13,"href":"https:\/\/forcadell.com\/ca\/wp-json\/wp\/v2\/posts\/59379\/revisions"}],"predecessor-version":[{"id":64516,"href":"https:\/\/forcadell.com\/ca\/wp-json\/wp\/v2\/posts\/59379\/revisions\/64516"}],"wp:featuredmedia":[{"embeddable":true,"href":"https:\/\/forcadell.com\/ca\/wp-json\/wp\/v2\/media\/59846"}],"wp:attachment":[{"href":"https:\/\/forcadell.com\/ca\/wp-json\/wp\/v2\/media?parent=59379"}],"wp:term":[{"taxonomy":"category","embeddable":true,"href":"https:\/\/forcadell.com\/ca\/wp-json\/wp\/v2\/categories?post=59379"},{"taxonomy":"post_tag","embeddable":true,"href":"https:\/\/forcadell.com\/ca\/wp-json\/wp\/v2\/tags?post=59379"}],"curies":[{"name":"wp","href":"https:\/\/api.w.org\/{rel}","templated":true}]}}