{"id":44461,"date":"2025-09-09T11:11:13","date_gmt":"2025-09-09T09:11:13","guid":{"rendered":"https:\/\/www.forcadell.com\/?p=44461"},"modified":"2025-09-12T11:34:05","modified_gmt":"2025-09-12T09:34:05","slug":"forcadell-assessora-galitrans-en-el-trasllat-a-una-nova-nau-logistica-a-parets-del-valles","status":"publish","type":"post","link":"https:\/\/forcadell.com\/ca\/forcadell-assessora-galitrans-en-el-trasllat-a-una-nova-nau-logistica-a-parets-del-valles\/","title":{"rendered":"FORCADELL assessora Galitrans en el trasllat a una nova nau log\u00edstica a Parets del Vall\u00e8s"},"content":{"rendered":"<div class=\"o-container GenericStyles\">\n<p>FORCADELL ha assessorat <strong>l\u2019operador log\u00edstic Galitrans<\/strong> en el seu trasllat a una nova nau ubicada al pol\u00edgon industrial Can Volard, a Parets del Vall\u00e8s. Aquesta operaci\u00f3 permet a la companyia disposar d\u2019una <strong>major superf\u00edcie operativa<\/strong> per al desenvolupament de la seva activitat log\u00edstica.<\/p>\n<\/div>\n\n<div class=\"o-container GenericStyles\">\n<p>La nova plataforma compta amb una <strong>superf\u00edcie total de 5.211 m\u00b2<\/strong>, distribu\u00efts en 5.055 m\u00b2 en planta baixa i 156 m\u00b2 d\u2019altell, a m\u00e9s de <strong>12 molls de c\u00e0rrega i un ampli pati frontal<\/strong>. Es tracta d\u2019una plataforma de tipologia A, que compleix amb els <strong>est\u00e0ndards m\u00e9s exigents pel que fa a disseny, funcionalitat i efici\u00e8ncia <\/strong>per a les operacions log\u00edstiques actuals. Aix\u00ed mateix, l\u2019actiu est\u00e0 preparat per a risc mitj\u00e0 5, cosa que refor\u00e7a la seva idone\u00eftat per a una operativa segura i vers\u00e0til.<\/p>\n<\/div>\n\n<div class=\"o-container GenericStyles\">\n<h2 class=\"wp-block-heading\">Una ubicaci\u00f3 estrat\u00e8gica a la segona corona log\u00edstica de Barcelona<\/h2>\n<\/div>\n\n<div class=\"o-container GenericStyles\">\n<p>La nau est\u00e0 situada a Parets del Vall\u00e8s, dins de la segona corona log\u00edstica de Barcelona, una zona que ofereix un r\u00e0pid acc\u00e9s a l\u2019AP-7, <strong>eix fonamental per a la log\u00edstica peninsular<\/strong> i les connexions amb les principals rutes de distribuci\u00f3 nacionals i internacionals.<\/p>\n<\/div>\n\n<div class=\"o-container GenericStyles\">\n<p>L\u2019entorn acull destacades empreses industrials i log\u00edstiques, cosa que refor\u00e7a el seu atractiu per a nous operadors. De fet, la segona corona continua concentrant un elevat volum de demanda log\u00edstica. Segons els <a href=\"https:\/\/www.forcadell.com\/ca\/publicacions\/\" target=\"_blank\" rel=\"noreferrer noopener\">darrers informes de FORCADELL<\/a>, durant el primer semestre del 2025 va absorbir el 40 % de la superf\u00edcie total contractada i el 48 % de les operacions.<\/p>\n<\/div>\n\n<div class=\"o-container GenericStyles\">\n<p>En aquest sentit, Gerard Plana, director del departament d\u2019Industrial i Log\u00edstica de FORCADELL, ha destacat que \u201cla segona corona log\u00edstica de Barcelona, i en particular enclavaments com Parets del Vall\u00e8s, s\u2019ha consolidat com una <strong>ubicaci\u00f3 estrat\u00e8gica <\/strong>per al sector. Operar des d\u2019aquesta zona i fer-ho en una plataforma amb un r\u00e0tio de molls tan elevat, com la que ha ocupat Galitrans, permet disposar d\u2019un actiu <strong>preparat per afrontar amb garanties els reptes operatius actuals<\/strong>\u201d.<\/p>\n<\/div>\n\n<div class=\"o-container GenericStyles\">\n<h2 class=\"wp-block-heading\">Galitrans, solucions log\u00edstiques adaptades a cada sector<\/h2>\n<\/div>\n\n<div class=\"o-container GenericStyles\">\n<p>Amb pres\u00e8ncia a Barcelona, Madrid i A Coru\u00f1a, <a href=\"https:\/\/galitrans.com\/\" target=\"_blank\" rel=\"noreferrer noopener\">Galitrans<\/a> \u00e9s un operador log\u00edstic especialitzat en oferir solucions integrals d\u2019emmagatzematge, manipulaci\u00f3 i distribuci\u00f3. T\u00e9 una \u00e0mplia traject\u00f2ria en el sector t\u00e8xtil, i basa la seva activitat en l\u2019efici\u00e8ncia operativa, el compliment dels est\u00e0ndards de qualitat i l\u2019adaptaci\u00f3 a les necessitats espec\u00edfiques dels seus clients, en sectors com retail, t\u00e8xtil, alimentaci\u00f3 o automoci\u00f3, entre d\u2019altres.<\/p>\n<\/div>","protected":false},"excerpt":{"rendered":"<p>Aquesta operaci\u00f3 permet a la companyia disposar d\u2019una major superf\u00edcie operativa per al desenvolupament de la seva activitat log\u00edstica.<\/p>\n","protected":false},"author":8,"featured_media":44457,"comment_status":"closed","ping_status":"open","sticky":false,"template":"","format":"standard","meta":{"_acf_changed":false,"footnotes":""},"categories":[77],"tags":[],"class_list":["post-44461","post","type-post","status-publish","format-standard","has-post-thumbnail","hentry","category-corporatiu"],"acf":[],"yoast_head":"<!-- This site is optimized with the Yoast SEO plugin v27.4 - https:\/\/yoast.com\/product\/yoast-seo-wordpress\/ -->\n<title>FORCADELL assessora Galitrans I FORCADELL<\/title>\n<meta name=\"description\" content=\"FORCADELL ha assessorat l\u2019operador log\u00edstic Galitrans en el seu trasllat a una nova nau ubicada al pol\u00edgon industrial Can Volard, a Parets del Vall\u00e8s.\" \/>\n<meta name=\"robots\" content=\"index, follow, max-snippet:-1, max-image-preview:large, max-video-preview:-1\" \/>\n<link rel=\"canonical\" href=\"https:\/\/forcadell.com\/ca\/forcadell-assessora-galitrans-en-el-trasllat-a-una-nova-nau-logistica-a-parets-del-valles\/\" \/>\n<meta property=\"og:locale\" content=\"ca_ES\" \/>\n<meta property=\"og:type\" content=\"article\" \/>\n<meta property=\"og:title\" content=\"FORCADELL assessora Galitrans I FORCADELL\" \/>\n<meta property=\"og:description\" content=\"FORCADELL ha assessorat l\u2019operador log\u00edstic Galitrans en el seu trasllat a una nova nau ubicada al pol\u00edgon industrial Can Volard, a Parets del Vall\u00e8s.\" \/>\n<meta property=\"og:url\" content=\"https:\/\/forcadell.com\/ca\/forcadell-assessora-galitrans-en-el-trasllat-a-una-nova-nau-logistica-a-parets-del-valles\/\" \/>\n<meta property=\"og:site_name\" content=\"Forcadell\" \/>\n<meta property=\"article:published_time\" content=\"2025-09-09T09:11:13+00:00\" \/>\n<meta property=\"article:modified_time\" content=\"2025-09-12T09:34:05+00:00\" \/>\n<meta property=\"og:image\" content=\"https:\/\/forcadell.com\/wp-content\/uploads\/2025\/09\/forcadell-forcadell-asesora-a-galitrans-1360x636.jpg\" \/>\n\t<meta property=\"og:image:width\" content=\"1360\" \/>\n\t<meta property=\"og:image:height\" content=\"636\" \/>\n\t<meta property=\"og:image:type\" content=\"image\/jpeg\" \/>\n<meta name=\"author\" content=\"Laura Baeza\" \/>\n<meta name=\"twitter:card\" content=\"summary_large_image\" \/>\n<meta name=\"twitter:label1\" content=\"Escrit per\" \/>\n\t<meta name=\"twitter:data1\" content=\"Laura Baeza\" \/>\n\t<meta name=\"twitter:label2\" content=\"Temps estimat de lectura\" \/>\n\t<meta name=\"twitter:data2\" content=\"2 minuts\" \/>\n<!-- \/ Yoast SEO plugin. -->","yoast_head_json":{"title":"FORCADELL assessora Galitrans I FORCADELL","description":"FORCADELL ha assessorat l\u2019operador log\u00edstic Galitrans en el seu trasllat a una nova nau ubicada al pol\u00edgon industrial Can Volard, a Parets del Vall\u00e8s.","robots":{"index":"index","follow":"follow","max-snippet":"max-snippet:-1","max-image-preview":"max-image-preview:large","max-video-preview":"max-video-preview:-1"},"canonical":"https:\/\/forcadell.com\/ca\/forcadell-assessora-galitrans-en-el-trasllat-a-una-nova-nau-logistica-a-parets-del-valles\/","og_locale":"ca_ES","og_type":"article","og_title":"FORCADELL assessora Galitrans I FORCADELL","og_description":"FORCADELL ha assessorat l\u2019operador log\u00edstic Galitrans en el seu trasllat a una nova nau ubicada al pol\u00edgon industrial Can Volard, a Parets del Vall\u00e8s.","og_url":"https:\/\/forcadell.com\/ca\/forcadell-assessora-galitrans-en-el-trasllat-a-una-nova-nau-logistica-a-parets-del-valles\/","og_site_name":"Forcadell","article_published_time":"2025-09-09T09:11:13+00:00","article_modified_time":"2025-09-12T09:34:05+00:00","og_image":[{"width":1360,"height":636,"url":"https:\/\/forcadell.com\/wp-content\/uploads\/2025\/09\/forcadell-forcadell-asesora-a-galitrans-1360x636.jpg","type":"image\/jpeg"}],"author":"Laura Baeza","twitter_card":"summary_large_image","twitter_misc":{"Escrit per":"Laura Baeza","Temps estimat de lectura":"2 minuts"},"schema":{"@context":"https:\/\/schema.org","@graph":[{"@type":"Article","@id":"https:\/\/forcadell.com\/ca\/forcadell-assessora-galitrans-en-el-trasllat-a-una-nova-nau-logistica-a-parets-del-valles\/#article","isPartOf":{"@id":"https:\/\/forcadell.com\/ca\/forcadell-assessora-galitrans-en-el-trasllat-a-una-nova-nau-logistica-a-parets-del-valles\/"},"author":{"name":"Laura Baeza","@id":"https:\/\/forcadell.com\/ca\/#\/schema\/person\/195289f3de90044b04388d6b8d593102"},"headline":"FORCADELL assessora Galitrans en el trasllat a una nova nau log\u00edstica a Parets del Vall\u00e8s","datePublished":"2025-09-09T09:11:13+00:00","dateModified":"2025-09-12T09:34:05+00:00","mainEntityOfPage":{"@id":"https:\/\/forcadell.com\/ca\/forcadell-assessora-galitrans-en-el-trasllat-a-una-nova-nau-logistica-a-parets-del-valles\/"},"wordCount":449,"image":{"@id":"https:\/\/forcadell.com\/ca\/forcadell-assessora-galitrans-en-el-trasllat-a-una-nova-nau-logistica-a-parets-del-valles\/#primaryimage"},"thumbnailUrl":"https:\/\/forcadell.com\/wp-content\/uploads\/2025\/09\/forcadell-forcadell-asesora-a-galitrans.jpg","articleSection":["Corporatiu"],"inLanguage":"ca"},{"@type":"WebPage","@id":"https:\/\/forcadell.com\/ca\/forcadell-assessora-galitrans-en-el-trasllat-a-una-nova-nau-logistica-a-parets-del-valles\/","url":"https:\/\/forcadell.com\/ca\/forcadell-assessora-galitrans-en-el-trasllat-a-una-nova-nau-logistica-a-parets-del-valles\/","name":"FORCADELL assessora Galitrans I FORCADELL","isPartOf":{"@id":"https:\/\/forcadell.com\/ca\/#website"},"primaryImageOfPage":{"@id":"https:\/\/forcadell.com\/ca\/forcadell-assessora-galitrans-en-el-trasllat-a-una-nova-nau-logistica-a-parets-del-valles\/#primaryimage"},"image":{"@id":"https:\/\/forcadell.com\/ca\/forcadell-assessora-galitrans-en-el-trasllat-a-una-nova-nau-logistica-a-parets-del-valles\/#primaryimage"},"thumbnailUrl":"https:\/\/forcadell.com\/wp-content\/uploads\/2025\/09\/forcadell-forcadell-asesora-a-galitrans.jpg","datePublished":"2025-09-09T09:11:13+00:00","dateModified":"2025-09-12T09:34:05+00:00","author":{"@id":"https:\/\/forcadell.com\/ca\/#\/schema\/person\/195289f3de90044b04388d6b8d593102"},"description":"FORCADELL ha assessorat l\u2019operador log\u00edstic Galitrans en el seu trasllat a una nova nau ubicada al pol\u00edgon industrial Can Volard, a Parets del Vall\u00e8s.","breadcrumb":{"@id":"https:\/\/forcadell.com\/ca\/forcadell-assessora-galitrans-en-el-trasllat-a-una-nova-nau-logistica-a-parets-del-valles\/#breadcrumb"},"inLanguage":"ca","potentialAction":[{"@type":"ReadAction","target":["https:\/\/forcadell.com\/ca\/forcadell-assessora-galitrans-en-el-trasllat-a-una-nova-nau-logistica-a-parets-del-valles\/"]}]},{"@type":"ImageObject","inLanguage":"ca","@id":"https:\/\/forcadell.com\/ca\/forcadell-assessora-galitrans-en-el-trasllat-a-una-nova-nau-logistica-a-parets-del-valles\/#primaryimage","url":"https:\/\/forcadell.com\/wp-content\/uploads\/2025\/09\/forcadell-forcadell-asesora-a-galitrans.jpg","contentUrl":"https:\/\/forcadell.com\/wp-content\/uploads\/2025\/09\/forcadell-forcadell-asesora-a-galitrans.jpg","width":4032,"height":2449},{"@type":"BreadcrumbList","@id":"https:\/\/forcadell.com\/ca\/forcadell-assessora-galitrans-en-el-trasllat-a-una-nova-nau-logistica-a-parets-del-valles\/#breadcrumb","itemListElement":[{"@type":"ListItem","position":1,"name":"Portada","item":"https:\/\/forcadell.com\/ca\/"},{"@type":"ListItem","position":2,"name":"FORCADELL assessora Galitrans en el trasllat a una nova nau log\u00edstica a Parets del Vall\u00e8s"}]},{"@type":"WebSite","@id":"https:\/\/forcadell.com\/ca\/#website","url":"https:\/\/forcadell.com\/ca\/","name":"Forcadell","description":"Inmobiliaria Barcelona | Consultores inmobiliarios","potentialAction":[{"@type":"SearchAction","target":{"@type":"EntryPoint","urlTemplate":"https:\/\/forcadell.com\/ca\/?s={search_term_string}"},"query-input":{"@type":"PropertyValueSpecification","valueRequired":true,"valueName":"search_term_string"}}],"inLanguage":"ca"},{"@type":"Person","@id":"https:\/\/forcadell.com\/ca\/#\/schema\/person\/195289f3de90044b04388d6b8d593102","name":"Laura Baeza","image":{"@type":"ImageObject","inLanguage":"ca","@id":"https:\/\/secure.gravatar.com\/avatar\/dae84bf630893664fd2e2f313e4b8661d90f44cda6772336ee20c66ccdc18065?s=96&d=mm&r=g","url":"https:\/\/secure.gravatar.com\/avatar\/dae84bf630893664fd2e2f313e4b8661d90f44cda6772336ee20c66ccdc18065?s=96&d=mm&r=g","contentUrl":"https:\/\/secure.gravatar.com\/avatar\/dae84bf630893664fd2e2f313e4b8661d90f44cda6772336ee20c66ccdc18065?s=96&d=mm&r=g","caption":"Laura Baeza"}}]}},"_links":{"self":[{"href":"https:\/\/forcadell.com\/ca\/wp-json\/wp\/v2\/posts\/44461","targetHints":{"allow":["GET"]}}],"collection":[{"href":"https:\/\/forcadell.com\/ca\/wp-json\/wp\/v2\/posts"}],"about":[{"href":"https:\/\/forcadell.com\/ca\/wp-json\/wp\/v2\/types\/post"}],"author":[{"embeddable":true,"href":"https:\/\/forcadell.com\/ca\/wp-json\/wp\/v2\/users\/8"}],"replies":[{"embeddable":true,"href":"https:\/\/forcadell.com\/ca\/wp-json\/wp\/v2\/comments?post=44461"}],"version-history":[{"count":4,"href":"https:\/\/forcadell.com\/ca\/wp-json\/wp\/v2\/posts\/44461\/revisions"}],"predecessor-version":[{"id":44470,"href":"https:\/\/forcadell.com\/ca\/wp-json\/wp\/v2\/posts\/44461\/revisions\/44470"}],"wp:featuredmedia":[{"embeddable":true,"href":"https:\/\/forcadell.com\/ca\/wp-json\/wp\/v2\/media\/44457"}],"wp:attachment":[{"href":"https:\/\/forcadell.com\/ca\/wp-json\/wp\/v2\/media?parent=44461"}],"wp:term":[{"taxonomy":"category","embeddable":true,"href":"https:\/\/forcadell.com\/ca\/wp-json\/wp\/v2\/categories?post=44461"},{"taxonomy":"post_tag","embeddable":true,"href":"https:\/\/forcadell.com\/ca\/wp-json\/wp\/v2\/tags?post=44461"}],"curies":[{"name":"wp","href":"https:\/\/api.w.org\/{rel}","templated":true}]}}