{"id":42993,"date":"2025-07-11T10:43:31","date_gmt":"2025-07-11T08:43:31","guid":{"rendered":"https:\/\/www.forcadell.com\/?p=42993"},"modified":"2025-07-11T10:43:32","modified_gmt":"2025-07-11T08:43:32","slug":"forcadell-present-a-la-cimera-empresarial-organitzada-per-foment-del-treball","status":"publish","type":"post","link":"https:\/\/forcadell.com\/ca\/forcadell-present-a-la-cimera-empresarial-organitzada-per-foment-del-treball\/","title":{"rendered":"FORCADELL, present a la Cimera Empresarial organitzada per Foment del Treball"},"content":{"rendered":"<div class=\"o-container GenericStyles\">\n<p>FORCADELL va participar activament a la Cimera Empresarial celebrada a Barcelona els dies 9 i 10 de juliol, una <strong>trobada estrat\u00e8gica<\/strong> impulsada per <a href=\"https:\/\/www.foment.com\/\" target=\"_blank\" rel=\"noreferrer noopener\">Foment del Treball<\/a>, CAEB, CEV i CEOE Arag\u00f3n, amb l\u2019objectiu de refor\u00e7ar la <strong>cooperaci\u00f3 econ\u00f2mica i social <\/strong>entre Catalunya, les Illes Balears, la Comunitat Valenciana i Arag\u00f3.<\/p>\n<\/div>\n\n<div class=\"o-container GenericStyles\">\n<p>Amb un pes conjunt del 32% de la poblaci\u00f3 i el 34% del PIB espanyol, els<strong> principals agents econ\u00f2mics i socials<\/strong> dels quatre territoris van treballar conjuntament per consolidar un eix mediterrani capa\u00e7 d\u2019impulsar <strong>la competitivitat, la innovaci\u00f3 i la sostenibilitat<\/strong>.<\/p>\n<\/div>\n\n<div class=\"o-container GenericStyles\">\n<p>En aquest context, <a href=\"https:\/\/www.forcadell.com\/ca\/\" target=\"_blank\" rel=\"noreferrer noopener\">FORCADELL<\/a> va tenir un paper actiu en una de les q\u00fcestions m\u00e9s rellevants abordades durant la Cimera: <strong>l\u2019habitatge<\/strong>.<\/p>\n<\/div>\n\n<div class=\"o-container GenericStyles\">\n<h2 class=\"wp-block-heading\">L\u2019habitatge: un repte compartit<\/h2>\n<\/div>\n\n<div class=\"o-container GenericStyles\">\n<p>El<strong> CEO de FORCADELL, Ivan Vaqu\u00e9,<\/strong> va intervenir en la <strong>sessi\u00f3 sectorial dedicada a l\u2019habitatge<\/strong>, una tem\u00e0tica central que va reunir representants del teixit empresarial i institucional dels territoris participants. La crisi d\u2019<strong>acc\u00e9s a l\u2019habitatge<\/strong> es va identificar com un desafiament prioritari que condiciona tant el <strong>benestar de la ciutadania <\/strong>com l\u2019atractiu econ\u00f2mic i la cohesi\u00f3 social.<\/p>\n<\/div>\n\n<div class=\"o-container GenericStyles\">\n<p>Al llarg de la sessi\u00f3 es van analitzar q\u00fcestions com la insufici\u00e8ncia d\u2019<strong>oferta assequible<\/strong>, la necessitat de <strong>rehabilitaci\u00f3 del parc existent<\/strong>, la <strong>integraci\u00f3 de criteris de sostenibilitat <\/strong>i l\u2019establiment de marcs normatius estables que afavoreixin la inversi\u00f3 privada amb garanties jur\u00eddiques.<\/p>\n<\/div>\n\n<div class=\"o-container GenericStyles\">\n<p>L\u2019aportaci\u00f3 de FORCADELL es va centrar en compartir <strong>coneixement especialitzat i perspectiva sectorial <\/strong>basada en m\u00e9s de 65 anys d\u2019experi\u00e8ncia, incidint en la import\u00e0ncia d\u2019un enfocament coordinat entre administracions p\u00fabliques i iniciativa privada per a l\u2019abordatge dels <strong>grans reptes de l\u2019habitatge<\/strong>.<\/p>\n<\/div>\n\n<div class=\"o-container GenericStyles\">\n<h2 class=\"wp-block-heading\">Cap a una agenda comuna<\/h2>\n<\/div>\n\n<div class=\"o-container GenericStyles\">\n<p>La Cimera va posar de manifest que nom\u00e9s a trav\u00e9s del <strong>di\u00e0leg <\/strong>i la <strong>col\u00b7laboraci\u00f3 <\/strong>es poden trobar respostes efectives als reptes estructurals que afecten aquests territoris. En aquest marc, FORCADELL va reafirmar el seu alineament amb una <strong>agenda de futur centrada en la sostenibilitat, l\u2019equitat i el desenvolupament econ\u00f2mic<\/strong> a llarg termini.<\/p>\n<\/div>\n\n<div class=\"o-container GenericStyles\">\n<p>La participaci\u00f3 en aquesta trobada va representar una <strong>oportunitat per contribuir al debat estrat\u00e8gic<\/strong>, compartir <strong>bones pr\u00e0ctiques <\/strong>i <strong>refor\u00e7ar l\u2019alian\u00e7a entre sectors <\/strong>per avan\u00e7ar cap a solucions estructurals que responguin a les necessitats socials i econ\u00f2miques actuals.<\/p>\n<\/div>","protected":false},"excerpt":{"rendered":"<p>El CEO de FORCADELL, Ivan Vaqu\u00e9, va intervenir en la sessi\u00f3 sectorial dedicada a l\u2019habitatge, junt a representants del teixit empresarial i institucional dels territoris participants. <\/p>\n","protected":false},"author":8,"featured_media":42994,"comment_status":"closed","ping_status":"open","sticky":false,"template":"","format":"standard","meta":{"_acf_changed":false,"footnotes":""},"categories":[77],"tags":[],"class_list":["post-42993","post","type-post","status-publish","format-standard","has-post-thumbnail","hentry","category-corporatiu"],"acf":[],"yoast_head":"<!-- This site is optimized with the Yoast SEO plugin v27.4 - https:\/\/yoast.com\/product\/yoast-seo-wordpress\/ -->\n<title>FORCADELL a la Cimera Empresarial I FORCADELL<\/title>\n<meta name=\"description\" content=\"FORCADELL va participar activament a la Cimera Empresarial impulsada per Foment del Treball, CAEB, CEV i CEOE Arag\u00f3n.\" \/>\n<meta name=\"robots\" content=\"index, follow, max-snippet:-1, max-image-preview:large, max-video-preview:-1\" \/>\n<link rel=\"canonical\" href=\"https:\/\/forcadell.com\/ca\/forcadell-present-a-la-cimera-empresarial-organitzada-per-foment-del-treball\/\" \/>\n<meta property=\"og:locale\" content=\"ca_ES\" \/>\n<meta property=\"og:type\" content=\"article\" \/>\n<meta property=\"og:title\" content=\"FORCADELL a la Cimera Empresarial I FORCADELL\" \/>\n<meta property=\"og:description\" content=\"FORCADELL va participar activament a la Cimera Empresarial impulsada per Foment del Treball, CAEB, CEV i CEOE Arag\u00f3n.\" \/>\n<meta property=\"og:url\" content=\"https:\/\/forcadell.com\/ca\/forcadell-present-a-la-cimera-empresarial-organitzada-per-foment-del-treball\/\" \/>\n<meta property=\"og:site_name\" content=\"Forcadell\" \/>\n<meta property=\"article:published_time\" content=\"2025-07-11T08:43:31+00:00\" \/>\n<meta property=\"article:modified_time\" content=\"2025-07-11T08:43:32+00:00\" \/>\n<meta property=\"og:image\" content=\"https:\/\/forcadell.com\/wp-content\/uploads\/2025\/07\/forcadell-cimera-de-foment.jpg\" \/>\n\t<meta property=\"og:image:width\" content=\"2048\" \/>\n\t<meta property=\"og:image:height\" content=\"1366\" \/>\n\t<meta property=\"og:image:type\" content=\"image\/jpeg\" \/>\n<meta name=\"author\" content=\"Laura Baeza\" \/>\n<meta name=\"twitter:card\" content=\"summary_large_image\" \/>\n<meta name=\"twitter:label1\" content=\"Escrit per\" \/>\n\t<meta name=\"twitter:data1\" content=\"Laura Baeza\" \/>\n\t<meta name=\"twitter:label2\" content=\"Temps estimat de lectura\" \/>\n\t<meta name=\"twitter:data2\" content=\"2 minuts\" \/>\n<!-- \/ Yoast SEO plugin. -->","yoast_head_json":{"title":"FORCADELL a la Cimera Empresarial I FORCADELL","description":"FORCADELL va participar activament a la Cimera Empresarial impulsada per Foment del Treball, CAEB, CEV i CEOE Arag\u00f3n.","robots":{"index":"index","follow":"follow","max-snippet":"max-snippet:-1","max-image-preview":"max-image-preview:large","max-video-preview":"max-video-preview:-1"},"canonical":"https:\/\/forcadell.com\/ca\/forcadell-present-a-la-cimera-empresarial-organitzada-per-foment-del-treball\/","og_locale":"ca_ES","og_type":"article","og_title":"FORCADELL a la Cimera Empresarial I FORCADELL","og_description":"FORCADELL va participar activament a la Cimera Empresarial impulsada per Foment del Treball, CAEB, CEV i CEOE Arag\u00f3n.","og_url":"https:\/\/forcadell.com\/ca\/forcadell-present-a-la-cimera-empresarial-organitzada-per-foment-del-treball\/","og_site_name":"Forcadell","article_published_time":"2025-07-11T08:43:31+00:00","article_modified_time":"2025-07-11T08:43:32+00:00","og_image":[{"width":2048,"height":1366,"url":"https:\/\/forcadell.com\/wp-content\/uploads\/2025\/07\/forcadell-cimera-de-foment.jpg","type":"image\/jpeg"}],"author":"Laura Baeza","twitter_card":"summary_large_image","twitter_misc":{"Escrit per":"Laura Baeza","Temps estimat de lectura":"2 minuts"},"schema":{"@context":"https:\/\/schema.org","@graph":[{"@type":"Article","@id":"https:\/\/forcadell.com\/ca\/forcadell-present-a-la-cimera-empresarial-organitzada-per-foment-del-treball\/#article","isPartOf":{"@id":"https:\/\/forcadell.com\/ca\/forcadell-present-a-la-cimera-empresarial-organitzada-per-foment-del-treball\/"},"author":{"name":"Laura Baeza","@id":"https:\/\/forcadell.com\/ca\/#\/schema\/person\/195289f3de90044b04388d6b8d593102"},"headline":"FORCADELL, present a la Cimera Empresarial organitzada per Foment del Treball","datePublished":"2025-07-11T08:43:31+00:00","dateModified":"2025-07-11T08:43:32+00:00","mainEntityOfPage":{"@id":"https:\/\/forcadell.com\/ca\/forcadell-present-a-la-cimera-empresarial-organitzada-per-foment-del-treball\/"},"wordCount":401,"image":{"@id":"https:\/\/forcadell.com\/ca\/forcadell-present-a-la-cimera-empresarial-organitzada-per-foment-del-treball\/#primaryimage"},"thumbnailUrl":"https:\/\/forcadell.com\/wp-content\/uploads\/2025\/07\/forcadell-cimera-de-foment.jpg","articleSection":["Corporatiu"],"inLanguage":"ca"},{"@type":"WebPage","@id":"https:\/\/forcadell.com\/ca\/forcadell-present-a-la-cimera-empresarial-organitzada-per-foment-del-treball\/","url":"https:\/\/forcadell.com\/ca\/forcadell-present-a-la-cimera-empresarial-organitzada-per-foment-del-treball\/","name":"FORCADELL a la Cimera Empresarial I FORCADELL","isPartOf":{"@id":"https:\/\/forcadell.com\/ca\/#website"},"primaryImageOfPage":{"@id":"https:\/\/forcadell.com\/ca\/forcadell-present-a-la-cimera-empresarial-organitzada-per-foment-del-treball\/#primaryimage"},"image":{"@id":"https:\/\/forcadell.com\/ca\/forcadell-present-a-la-cimera-empresarial-organitzada-per-foment-del-treball\/#primaryimage"},"thumbnailUrl":"https:\/\/forcadell.com\/wp-content\/uploads\/2025\/07\/forcadell-cimera-de-foment.jpg","datePublished":"2025-07-11T08:43:31+00:00","dateModified":"2025-07-11T08:43:32+00:00","author":{"@id":"https:\/\/forcadell.com\/ca\/#\/schema\/person\/195289f3de90044b04388d6b8d593102"},"description":"FORCADELL va participar activament a la Cimera Empresarial impulsada per Foment del Treball, CAEB, CEV i CEOE Arag\u00f3n.","breadcrumb":{"@id":"https:\/\/forcadell.com\/ca\/forcadell-present-a-la-cimera-empresarial-organitzada-per-foment-del-treball\/#breadcrumb"},"inLanguage":"ca","potentialAction":[{"@type":"ReadAction","target":["https:\/\/forcadell.com\/ca\/forcadell-present-a-la-cimera-empresarial-organitzada-per-foment-del-treball\/"]}]},{"@type":"ImageObject","inLanguage":"ca","@id":"https:\/\/forcadell.com\/ca\/forcadell-present-a-la-cimera-empresarial-organitzada-per-foment-del-treball\/#primaryimage","url":"https:\/\/forcadell.com\/wp-content\/uploads\/2025\/07\/forcadell-cimera-de-foment.jpg","contentUrl":"https:\/\/forcadell.com\/wp-content\/uploads\/2025\/07\/forcadell-cimera-de-foment.jpg","width":2048,"height":1366},{"@type":"BreadcrumbList","@id":"https:\/\/forcadell.com\/ca\/forcadell-present-a-la-cimera-empresarial-organitzada-per-foment-del-treball\/#breadcrumb","itemListElement":[{"@type":"ListItem","position":1,"name":"Portada","item":"https:\/\/forcadell.com\/ca\/"},{"@type":"ListItem","position":2,"name":"FORCADELL, present a la Cimera Empresarial organitzada per Foment del Treball"}]},{"@type":"WebSite","@id":"https:\/\/forcadell.com\/ca\/#website","url":"https:\/\/forcadell.com\/ca\/","name":"Forcadell","description":"Inmobiliaria Barcelona | Consultores inmobiliarios","potentialAction":[{"@type":"SearchAction","target":{"@type":"EntryPoint","urlTemplate":"https:\/\/forcadell.com\/ca\/?s={search_term_string}"},"query-input":{"@type":"PropertyValueSpecification","valueRequired":true,"valueName":"search_term_string"}}],"inLanguage":"ca"},{"@type":"Person","@id":"https:\/\/forcadell.com\/ca\/#\/schema\/person\/195289f3de90044b04388d6b8d593102","name":"Laura Baeza","image":{"@type":"ImageObject","inLanguage":"ca","@id":"https:\/\/secure.gravatar.com\/avatar\/dae84bf630893664fd2e2f313e4b8661d90f44cda6772336ee20c66ccdc18065?s=96&d=mm&r=g","url":"https:\/\/secure.gravatar.com\/avatar\/dae84bf630893664fd2e2f313e4b8661d90f44cda6772336ee20c66ccdc18065?s=96&d=mm&r=g","contentUrl":"https:\/\/secure.gravatar.com\/avatar\/dae84bf630893664fd2e2f313e4b8661d90f44cda6772336ee20c66ccdc18065?s=96&d=mm&r=g","caption":"Laura Baeza"}}]}},"_links":{"self":[{"href":"https:\/\/forcadell.com\/ca\/wp-json\/wp\/v2\/posts\/42993","targetHints":{"allow":["GET"]}}],"collection":[{"href":"https:\/\/forcadell.com\/ca\/wp-json\/wp\/v2\/posts"}],"about":[{"href":"https:\/\/forcadell.com\/ca\/wp-json\/wp\/v2\/types\/post"}],"author":[{"embeddable":true,"href":"https:\/\/forcadell.com\/ca\/wp-json\/wp\/v2\/users\/8"}],"replies":[{"embeddable":true,"href":"https:\/\/forcadell.com\/ca\/wp-json\/wp\/v2\/comments?post=42993"}],"version-history":[{"count":2,"href":"https:\/\/forcadell.com\/ca\/wp-json\/wp\/v2\/posts\/42993\/revisions"}],"predecessor-version":[{"id":42999,"href":"https:\/\/forcadell.com\/ca\/wp-json\/wp\/v2\/posts\/42993\/revisions\/42999"}],"wp:featuredmedia":[{"embeddable":true,"href":"https:\/\/forcadell.com\/ca\/wp-json\/wp\/v2\/media\/42994"}],"wp:attachment":[{"href":"https:\/\/forcadell.com\/ca\/wp-json\/wp\/v2\/media?parent=42993"}],"wp:term":[{"taxonomy":"category","embeddable":true,"href":"https:\/\/forcadell.com\/ca\/wp-json\/wp\/v2\/categories?post=42993"},{"taxonomy":"post_tag","embeddable":true,"href":"https:\/\/forcadell.com\/ca\/wp-json\/wp\/v2\/tags?post=42993"}],"curies":[{"name":"wp","href":"https:\/\/api.w.org\/{rel}","templated":true}]}}