{"id":37915,"date":"2025-05-06T12:02:26","date_gmt":"2025-05-06T10:02:26","guid":{"rendered":"https:\/\/www.forcadell.com\/?p=37915"},"modified":"2025-05-06T12:04:00","modified_gmt":"2025-05-06T10:04:00","slug":"forcadell-assessora-zeleris-en-la-reubicacio-de-la-seva-base-logistica-al-valles-barcelona","status":"publish","type":"post","link":"https:\/\/forcadell.com\/ca\/forcadell-assessora-zeleris-en-la-reubicacio-de-la-seva-base-logistica-al-valles-barcelona\/","title":{"rendered":"FORCADELL assessora Zeleris en la reubicaci\u00f3 de la seva base log\u00edstica al Vall\u00e8s (Barcelona)"},"content":{"rendered":"<div class=\"o-container GenericStyles\">\n<p>L\u2019operador log\u00edstic i de distribuci\u00f3 <strong>filial del <a href=\"https:\/\/www.telefonica.com\/es\/\" target=\"_blank\" rel=\"noreferrer noopener\">Grup Telef\u00f3nica<\/a>, Zeleris, ha traslladat la seva base log\u00edstica<\/strong> de Santa Perp\u00e8tua de la Mogoda a una <strong>nova nau situada al pol\u00edgon Jordi Camp de Granollers, propietat de <\/strong><a href=\"https:\/\/www.meridiacapital.com\/en\/\" target=\"_blank\" rel=\"noreferrer noopener\">Meridia<\/a>. Aquest trasllat permet a la companyia <strong>ampliar el seu magatzem, millorar el servei <\/strong>mitjan\u00e7ant l\u2019<strong>optimitzaci\u00f3 dels processos<\/strong> i disposar d\u2019unes <strong>instal\u00b7lacions noves d\u2019\u00faltima generaci\u00f3<\/strong>. L\u2019operaci\u00f3 ha estat intermediada per FORCADELL.<\/p>\n<\/div>\n\n<div class=\"o-container GenericStyles\">\n<p>El nou immoble, amb <strong>11.354 m\u00b2 de superf\u00edcie<\/strong>, una al\u00e7ada lliure d\u201911,5 metres, 11 molls de c\u00e0rrega i oficines completament condicionades, est\u00e0 preparat per a risc mitj\u00e0 5. Aix\u00ed mateix, compta amb la <strong>certificaci\u00f3 BREEAM EXCELLENT<\/strong>, que acredita que l\u2019actiu log\u00edstic<strong> compleix amb estrictes criteris mediambientals, energ\u00e8tics i de confort interior<\/strong>, la qual cosa contribueix a reduir els costos operatius, millorar les condicions de treball i minimitzar l\u2019impacte ambiental de l\u2019activitat log\u00edstica.<\/p>\n<\/div>\n\n<div class=\"o-container GenericStyles\">\n<h2 class=\"wp-block-heading\">Ubicaci\u00f3 estrat\u00e8gica per a l\u2019activitat log\u00edstica nacional i internacional<\/h2>\n<\/div>\n\n<div class=\"o-container GenericStyles\">\n<p>A m\u00e9s de les seves caracter\u00edstiques t\u00e8cniques, l\u2019empla\u00e7ament ofereix un <strong>entorn log\u00edstic privilegiat<\/strong>: se situa al costat de la C-17, amb acc\u00e9s directe a l\u2019AP-7 i la C-33, cosa que garanteix <strong>connexions r\u00e0pides amb el centre de Barcelona<\/strong> (a 30 km), <strong>l\u2019Aeroport de Barcelona \u2013 El Prat i el Port de Barcelona<\/strong>. Aquest posicionament converteix l\u2019actiu en un <strong>enclavament estrat\u00e8gic tant per a la distribuci\u00f3 metropolitana com per a les rutes internacionals<\/strong>.<\/p>\n<\/div>\n\n<div class=\"o-container GenericStyles\">\n<p>Gerard Plana, director del <a href=\"https:\/\/www.forcadell.com\/ca\/immobiliaria-industrial\/\" target=\"_blank\" rel=\"noreferrer noopener\">Departament d\u2019Industrial i Log\u00edstica de FORCADELL<\/a>, destaca que \u201cdes de FORCADELL hem acompanyat Zeleris en una <strong>operaci\u00f3 clau que enforteix la seva infraestructura log\u00edstica <\/strong>al Vall\u00e8s. Aquesta nau no nom\u00e9s <strong>millora la seva capacitat operativa<\/strong>, sin\u00f3 que la ubicaci\u00f3 del nou actiu representa un <strong>avantatge competitiu<\/strong> clar per a la seva activitat nacional i internacional.\u201d<\/p>\n<\/div>\n\n<div class=\"o-container GenericStyles\">\n<p><a href=\"https:\/\/www.zeleris.com\/cita-comercial\/?gad_source=1&amp;gad_campaignid=22201265172&amp;gbraid=0AAAAA-zja-3k-_3fspzEof5GJlVZCOlb9&amp;gclid=EAIaIQobChMI2PGfupaMjQMVumpBAh3IkhsTEAAYASAAEgKG7PD_BwE\" target=\"_blank\" rel=\"noreferrer noopener\">Zeleris<\/a>, operador log\u00edstic del Grup Telef\u00f3nica, est\u00e0 <strong>especialitzat en solucions integrals de log\u00edstica i transport per al sector tecnol\u00f2gic i l\u2019electr\u00f2nica de consum<\/strong>. Des de les seves diferents plataformes repartides per tot l\u2019\u00e0mbit nacional, ofereix serveis que inclouen log\u00edstica, distribuci\u00f3, Servei T\u00e8cnic de reparaci\u00f3 i reacondicionament de dispositius electr\u00f2nics. <strong>Compromesa amb la sostenibilitat i l\u2019economia circular<\/strong>, Zeleris impulsa iniciatives que donen una segona vida als equips tecnol\u00f2gics, contribuint a una cadena de subministrament m\u00e9s eficient i responsable.<\/p>\n<\/div>","protected":false},"excerpt":{"rendered":"<p>La filial del Grup Telef\u00f3nica trasllada la seva nau de Santa Perp\u00e8tua de Mogoda a un actiu a Granollers, que li permet ampliar les instal\u00b7lacions i millorar el servei amb l\u2019optimitzaci\u00f3 dels processos.<\/p>\n","protected":false},"author":8,"featured_media":37955,"comment_status":"closed","ping_status":"open","sticky":false,"template":"","format":"standard","meta":{"_acf_changed":false,"footnotes":""},"categories":[77],"tags":[],"class_list":["post-37915","post","type-post","status-publish","format-standard","has-post-thumbnail","hentry","category-corporatiu"],"acf":[],"yoast_head":"<!-- This site is optimized with the Yoast SEO plugin v25.6 - https:\/\/yoast.com\/wordpress\/plugins\/seo\/ -->\n<title>FORCADELL assessora Zeleris I FORCADELL<\/title>\n<meta name=\"description\" content=\"FORCADELL assessora Zeleris en la reubicaci\u00f3 de la seva base log\u00edstica al Vall\u00e8s (Barcelona), a un actiu a Granollers.\" \/>\n<meta name=\"robots\" content=\"index, follow, max-snippet:-1, max-image-preview:large, max-video-preview:-1\" \/>\n<link rel=\"canonical\" href=\"https:\/\/forcadell.com\/ca\/forcadell-assessora-zeleris-en-la-reubicacio-de-la-seva-base-logistica-al-valles-barcelona\/\" \/>\n<meta property=\"og:locale\" content=\"ca_ES\" \/>\n<meta property=\"og:type\" content=\"article\" \/>\n<meta property=\"og:title\" content=\"FORCADELL assessora Zeleris I FORCADELL\" \/>\n<meta property=\"og:description\" content=\"FORCADELL assessora Zeleris en la reubicaci\u00f3 de la seva base log\u00edstica al Vall\u00e8s (Barcelona), a un actiu a Granollers.\" \/>\n<meta property=\"og:url\" content=\"https:\/\/forcadell.com\/ca\/forcadell-assessora-zeleris-en-la-reubicacio-de-la-seva-base-logistica-al-valles-barcelona\/\" \/>\n<meta property=\"og:site_name\" content=\"Forcadell\" \/>\n<meta property=\"article:published_time\" content=\"2025-05-06T10:02:26+00:00\" \/>\n<meta property=\"article:modified_time\" content=\"2025-05-06T10:04:00+00:00\" \/>\n<meta property=\"og:image\" content=\"https:\/\/forcadell.com\/wp-content\/uploads\/2025\/05\/forcadell-asesora-a-zeleris-1.jpg\" \/>\n\t<meta property=\"og:image:width\" content=\"2560\" \/>\n\t<meta property=\"og:image:height\" content=\"1420\" \/>\n\t<meta property=\"og:image:type\" content=\"image\/jpeg\" \/>\n<meta name=\"author\" content=\"Laura Baeza\" \/>\n<meta name=\"twitter:card\" content=\"summary_large_image\" \/>\n<meta name=\"twitter:label1\" content=\"Escrit per\" \/>\n\t<meta name=\"twitter:data1\" content=\"Laura Baeza\" \/>\n\t<meta name=\"twitter:label2\" content=\"Temps estimat de lectura\" \/>\n\t<meta name=\"twitter:data2\" content=\"2 minuts\" \/>\n<!-- \/ Yoast SEO plugin. -->","yoast_head_json":{"title":"FORCADELL assessora Zeleris I FORCADELL","description":"FORCADELL assessora Zeleris en la reubicaci\u00f3 de la seva base log\u00edstica al Vall\u00e8s (Barcelona), a un actiu a Granollers.","robots":{"index":"index","follow":"follow","max-snippet":"max-snippet:-1","max-image-preview":"max-image-preview:large","max-video-preview":"max-video-preview:-1"},"canonical":"https:\/\/forcadell.com\/ca\/forcadell-assessora-zeleris-en-la-reubicacio-de-la-seva-base-logistica-al-valles-barcelona\/","og_locale":"ca_ES","og_type":"article","og_title":"FORCADELL assessora Zeleris I FORCADELL","og_description":"FORCADELL assessora Zeleris en la reubicaci\u00f3 de la seva base log\u00edstica al Vall\u00e8s (Barcelona), a un actiu a Granollers.","og_url":"https:\/\/forcadell.com\/ca\/forcadell-assessora-zeleris-en-la-reubicacio-de-la-seva-base-logistica-al-valles-barcelona\/","og_site_name":"Forcadell","article_published_time":"2025-05-06T10:02:26+00:00","article_modified_time":"2025-05-06T10:04:00+00:00","og_image":[{"width":2560,"height":1420,"url":"https:\/\/forcadell.com\/wp-content\/uploads\/2025\/05\/forcadell-asesora-a-zeleris-1.jpg","type":"image\/jpeg"}],"author":"Laura Baeza","twitter_card":"summary_large_image","twitter_misc":{"Escrit per":"Laura Baeza","Temps estimat de lectura":"2 minuts"},"schema":{"@context":"https:\/\/schema.org","@graph":[{"@type":"WebPage","@id":"https:\/\/forcadell.com\/ca\/forcadell-assessora-zeleris-en-la-reubicacio-de-la-seva-base-logistica-al-valles-barcelona\/","url":"https:\/\/forcadell.com\/ca\/forcadell-assessora-zeleris-en-la-reubicacio-de-la-seva-base-logistica-al-valles-barcelona\/","name":"FORCADELL assessora Zeleris I FORCADELL","isPartOf":{"@id":"https:\/\/forcadell.com\/ca\/#website"},"primaryImageOfPage":{"@id":"https:\/\/forcadell.com\/ca\/forcadell-assessora-zeleris-en-la-reubicacio-de-la-seva-base-logistica-al-valles-barcelona\/#primaryimage"},"image":{"@id":"https:\/\/forcadell.com\/ca\/forcadell-assessora-zeleris-en-la-reubicacio-de-la-seva-base-logistica-al-valles-barcelona\/#primaryimage"},"thumbnailUrl":"https:\/\/forcadell.com\/wp-content\/uploads\/2025\/05\/forcadell-asesora-a-zeleris-1.jpg","datePublished":"2025-05-06T10:02:26+00:00","dateModified":"2025-05-06T10:04:00+00:00","author":{"@id":"https:\/\/forcadell.com\/ca\/#\/schema\/person\/195289f3de90044b04388d6b8d593102"},"description":"FORCADELL assessora Zeleris en la reubicaci\u00f3 de la seva base log\u00edstica al Vall\u00e8s (Barcelona), a un actiu a Granollers.","breadcrumb":{"@id":"https:\/\/forcadell.com\/ca\/forcadell-assessora-zeleris-en-la-reubicacio-de-la-seva-base-logistica-al-valles-barcelona\/#breadcrumb"},"inLanguage":"ca","potentialAction":[{"@type":"ReadAction","target":["https:\/\/forcadell.com\/ca\/forcadell-assessora-zeleris-en-la-reubicacio-de-la-seva-base-logistica-al-valles-barcelona\/"]}]},{"@type":"ImageObject","inLanguage":"ca","@id":"https:\/\/forcadell.com\/ca\/forcadell-assessora-zeleris-en-la-reubicacio-de-la-seva-base-logistica-al-valles-barcelona\/#primaryimage","url":"https:\/\/forcadell.com\/wp-content\/uploads\/2025\/05\/forcadell-asesora-a-zeleris-1.jpg","contentUrl":"https:\/\/forcadell.com\/wp-content\/uploads\/2025\/05\/forcadell-asesora-a-zeleris-1.jpg","width":2560,"height":1420},{"@type":"BreadcrumbList","@id":"https:\/\/forcadell.com\/ca\/forcadell-assessora-zeleris-en-la-reubicacio-de-la-seva-base-logistica-al-valles-barcelona\/#breadcrumb","itemListElement":[{"@type":"ListItem","position":1,"name":"Portada","item":"https:\/\/forcadell.com\/ca\/"},{"@type":"ListItem","position":2,"name":"FORCADELL assessora Zeleris en la reubicaci\u00f3 de la seva base log\u00edstica al Vall\u00e8s (Barcelona)"}]},{"@type":"WebSite","@id":"https:\/\/forcadell.com\/ca\/#website","url":"https:\/\/forcadell.com\/ca\/","name":"Forcadell","description":"Inmobiliaria Barcelona | Consultores inmobiliarios","potentialAction":[{"@type":"SearchAction","target":{"@type":"EntryPoint","urlTemplate":"https:\/\/forcadell.com\/ca\/?s={search_term_string}"},"query-input":{"@type":"PropertyValueSpecification","valueRequired":true,"valueName":"search_term_string"}}],"inLanguage":"ca"},{"@type":"Person","@id":"https:\/\/forcadell.com\/ca\/#\/schema\/person\/195289f3de90044b04388d6b8d593102","name":"Laura Baeza","image":{"@type":"ImageObject","inLanguage":"ca","@id":"https:\/\/forcadell.com\/ca\/#\/schema\/person\/image\/","url":"https:\/\/secure.gravatar.com\/avatar\/f776a8db29b293eef4cb88d77f9b0100?s=96&d=mm&r=g","contentUrl":"https:\/\/secure.gravatar.com\/avatar\/f776a8db29b293eef4cb88d77f9b0100?s=96&d=mm&r=g","caption":"Laura Baeza"}}]}},"_links":{"self":[{"href":"https:\/\/forcadell.com\/ca\/wp-json\/wp\/v2\/posts\/37915"}],"collection":[{"href":"https:\/\/forcadell.com\/ca\/wp-json\/wp\/v2\/posts"}],"about":[{"href":"https:\/\/forcadell.com\/ca\/wp-json\/wp\/v2\/types\/post"}],"author":[{"embeddable":true,"href":"https:\/\/forcadell.com\/ca\/wp-json\/wp\/v2\/users\/8"}],"replies":[{"embeddable":true,"href":"https:\/\/forcadell.com\/ca\/wp-json\/wp\/v2\/comments?post=37915"}],"version-history":[{"count":4,"href":"https:\/\/forcadell.com\/ca\/wp-json\/wp\/v2\/posts\/37915\/revisions"}],"predecessor-version":[{"id":37968,"href":"https:\/\/forcadell.com\/ca\/wp-json\/wp\/v2\/posts\/37915\/revisions\/37968"}],"wp:featuredmedia":[{"embeddable":true,"href":"https:\/\/forcadell.com\/ca\/wp-json\/wp\/v2\/media\/37955"}],"wp:attachment":[{"href":"https:\/\/forcadell.com\/ca\/wp-json\/wp\/v2\/media?parent=37915"}],"wp:term":[{"taxonomy":"category","embeddable":true,"href":"https:\/\/forcadell.com\/ca\/wp-json\/wp\/v2\/categories?post=37915"},{"taxonomy":"post_tag","embeddable":true,"href":"https:\/\/forcadell.com\/ca\/wp-json\/wp\/v2\/tags?post=37915"}],"curies":[{"name":"wp","href":"https:\/\/api.w.org\/{rel}","templated":true}]}}