{"id":33307,"date":"2025-04-24T11:46:55","date_gmt":"2025-04-24T09:46:55","guid":{"rendered":"https:\/\/www.forcadell.com\/?p=33307"},"modified":"2025-04-24T11:47:27","modified_gmt":"2025-04-24T09:47:27","slug":"forcadell-incorpora-la-intermediacio-de-retail-i-actius-residencials-a-la-seva-cartera-de-serveis-a-madrid-2","status":"publish","type":"post","link":"https:\/\/forcadell.com\/ca\/forcadell-incorpora-la-intermediacio-de-retail-i-actius-residencials-a-la-seva-cartera-de-serveis-a-madrid-2\/","title":{"rendered":"FORCADELL incorpora la intermediaci\u00f3 de retail i actius residencials a la seva cartera de serveis a Madrid"},"content":{"rendered":"<div class=\"o-container GenericStyles\">\n<p>FORCADELL fa un pas estrat\u00e8gic en la seva expansi\u00f3 a la capital amb la incorporaci\u00f3 de noves l\u00ednies de negoci centrades en la <strong>intermediaci\u00f3 de retail i d\u2019actius residencials<\/strong>, incloent-hi edificis i propietats de luxe. Aquesta diversificaci\u00f3 permet a la companyia refor\u00e7ar el seu posicionament a Madrid, responent a la creixent demanda d\u2019assessorament integral en un mercat din\u00e0mic i ple d\u2019oportunitats.<\/p>\n<\/div>\n\n<div class=\"o-container GenericStyles\">\n<p>Des de la seva obertura el 2019, la <a href=\"https:\/\/www.forcadell.com\/ca\/immobiliaria-madrid\/\" target=\"_blank\" rel=\"noreferrer noopener\">delegaci\u00f3 de FORCADELL a Madrid<\/a> s\u2019ha centrat en l\u2019\u00e0mbit de la intermediaci\u00f3 immobili\u00e0ria per a negocis i empreses, especialitzant-se en oficines, naus log\u00edstiques i industrials, aix\u00ed com en estrat\u00e8gies d\u2019inversi\u00f3, amb l\u2019objectiu de cobrir de forma completa la consultoria immobili\u00e0ria B2B. Amb la incorporaci\u00f3 dels departaments de Retail i d\u2019actius residencials,<strong> FORCADELL culmina un cicle de cinc anys de creixement i consolidaci\u00f3<\/strong>, adaptant-se amb \u00e8xit als desafiaments del mercat, especialment en el context posterior a la pand\u00e8mia.<\/p>\n<\/div>\n\n<div class=\"o-container GenericStyles\">\n<p>La nova etapa est\u00e0 liderada per Juan Luis Laserna, director de la delegaci\u00f3 madrilenya, que compta amb una s\u00f2lida traject\u00f2ria en el sector immobiliari. Sota la seva direcci\u00f3, l\u2019equip es refor\u00e7a amb dos nous consultors especialistes, que aporten experi\u00e8ncia en el <strong>disseny de solucions a mida<\/strong> per a clients amb necessitats complexes en retail i actius residencials premium.<\/p>\n<\/div>\n\n<div class=\"o-container GenericStyles\">\n<p>Iv\u00e1n Vaqu\u00e9, CEO de FORCADELL, ha subratllat que \u201cl\u2019evoluci\u00f3 dels nostres serveis a Madrid suposa una <strong>fita estrat\u00e8gica que refor\u00e7a la nostra pres\u00e8ncia a la capital<\/strong> i reflecteix el nostre comprom\u00eds amb un model de servei 360\u00ba, capa\u00e7 d\u2019acompanyar el client en totes les fases del proc\u00e9s immobiliari\u201d.<\/p>\n<\/div>\n\n<div class=\"o-container GenericStyles\">\n<p>En aquesta l\u00ednia, Vaqu\u00e9 ha afegit que \u201cl\u2019ampliaci\u00f3 de la nostra oferta respon als bons resultats obtinguts de forma sostinguda i ens permet <strong>continuar anticipant-nos a les necessitats dels nostres clients<\/strong>, <strong>generant valor afegit <\/strong>en un sector cada vegada m\u00e9s exigent i competitiu\u201d.<\/p>\n<\/div>\n\n<div class=\"o-container GenericStyles\">\n<h2 class=\"wp-block-heading\">Creixement sostingut i consolidaci\u00f3 nacional<\/h2>\n<\/div>\n\n<div class=\"o-container GenericStyles\">\n<p>Amb m\u00e9s de 65 anys d\u2019experi\u00e8ncia, FORCADELL va tancar l\u2019exercici 2024 amb una <strong>facturaci\u00f3 d\u201911,18 milions d\u2019euros<\/strong>, la qual cosa representa un creixement del 4% respecte a l\u2019any anterior, en l\u00ednia amb la tend\u00e8ncia dels darrers exercicis. La delegaci\u00f3 de Madrid forma part d\u2019una <strong>xarxa nacional que inclou nou oficines, distribu\u00efdes entre la capital, la prov\u00edncia de Barcelona, Sevilla i Palma de Mallorca<\/strong>, consolidant aix\u00ed la pres\u00e8ncia de FORCADELL a nivell nacional.<\/p>\n<\/div>\n\n<div class=\"o-container GenericStyles\">\n<p>Durant el 2024, FORCADELL ha gestionat prop de <strong>4.000 entitats d\u2019inversors privats en administraci\u00f3 de lloguer<\/strong>, i ha <strong>intermediat prop de 250.000 m\u00b2 en operacions de compravenda, lloguer i inversi\u00f3 en el segment d\u2019immobili\u00e0ria d\u2019empresa<\/strong>, situant-se entre les 10 principals consultores del sector immobiliari espanyol.<\/p>\n<\/div>","protected":false},"excerpt":{"rendered":"<p>Aquesta diversificaci\u00f3 permet a la companyia refor\u00e7ar el seu posicionament a Madrid, responent a la creixent demanda d\u2019assessorament integral.<\/p>\n","protected":false},"author":8,"featured_media":33297,"comment_status":"closed","ping_status":"open","sticky":false,"template":"","format":"standard","meta":{"_acf_changed":false,"footnotes":""},"categories":[77,346],"tags":[],"class_list":["post-33307","post","type-post","status-publish","format-standard","has-post-thumbnail","hentry","category-corporatiu","category-uncategorized-ca"],"acf":[],"yoast_head":"<!-- This site is optimized with the Yoast SEO plugin v25.6 - https:\/\/yoast.com\/wordpress\/plugins\/seo\/ -->\n<title>FORCADELL amplia els seus serveis a Madrid | FORCADELL<\/title>\n<meta name=\"description\" content=\"FORCADELL amplia els serveis a Madrid, sumant a la seva cartera la intermediaci\u00f3 de retail i d\u2019actius residencials.\" \/>\n<meta name=\"robots\" content=\"index, follow, max-snippet:-1, max-image-preview:large, max-video-preview:-1\" \/>\n<link rel=\"canonical\" href=\"https:\/\/forcadell.com\/ca\/forcadell-incorpora-la-intermediacio-de-retail-i-actius-residencials-a-la-seva-cartera-de-serveis-a-madrid-2\/\" \/>\n<meta property=\"og:locale\" content=\"ca_ES\" \/>\n<meta property=\"og:type\" content=\"article\" \/>\n<meta property=\"og:title\" content=\"FORCADELL amplia els seus serveis a Madrid | FORCADELL\" \/>\n<meta property=\"og:description\" content=\"FORCADELL amplia els serveis a Madrid, sumant a la seva cartera la intermediaci\u00f3 de retail i d\u2019actius residencials.\" \/>\n<meta property=\"og:url\" content=\"https:\/\/forcadell.com\/ca\/forcadell-incorpora-la-intermediacio-de-retail-i-actius-residencials-a-la-seva-cartera-de-serveis-a-madrid-2\/\" \/>\n<meta property=\"og:site_name\" content=\"Forcadell\" \/>\n<meta property=\"article:published_time\" content=\"2025-04-24T09:46:55+00:00\" \/>\n<meta property=\"article:modified_time\" content=\"2025-04-24T09:47:27+00:00\" \/>\n<meta property=\"og:image\" content=\"https:\/\/forcadell.com\/wp-content\/uploads\/2025\/04\/forcadell-amplia-servicios-en-madrid.jpg\" \/>\n\t<meta property=\"og:image:width\" content=\"2560\" \/>\n\t<meta property=\"og:image:height\" content=\"1707\" \/>\n\t<meta property=\"og:image:type\" content=\"image\/jpeg\" \/>\n<meta name=\"author\" content=\"Laura Baeza\" \/>\n<meta name=\"twitter:card\" content=\"summary_large_image\" \/>\n<meta name=\"twitter:label1\" content=\"Escrit per\" \/>\n\t<meta name=\"twitter:data1\" content=\"Laura Baeza\" \/>\n\t<meta name=\"twitter:label2\" content=\"Temps estimat de lectura\" \/>\n\t<meta name=\"twitter:data2\" content=\"1 minut\" \/>\n<!-- \/ Yoast SEO plugin. -->","yoast_head_json":{"title":"FORCADELL amplia els seus serveis a Madrid | FORCADELL","description":"FORCADELL amplia els serveis a Madrid, sumant a la seva cartera la intermediaci\u00f3 de retail i d\u2019actius residencials.","robots":{"index":"index","follow":"follow","max-snippet":"max-snippet:-1","max-image-preview":"max-image-preview:large","max-video-preview":"max-video-preview:-1"},"canonical":"https:\/\/forcadell.com\/ca\/forcadell-incorpora-la-intermediacio-de-retail-i-actius-residencials-a-la-seva-cartera-de-serveis-a-madrid-2\/","og_locale":"ca_ES","og_type":"article","og_title":"FORCADELL amplia els seus serveis a Madrid | FORCADELL","og_description":"FORCADELL amplia els serveis a Madrid, sumant a la seva cartera la intermediaci\u00f3 de retail i d\u2019actius residencials.","og_url":"https:\/\/forcadell.com\/ca\/forcadell-incorpora-la-intermediacio-de-retail-i-actius-residencials-a-la-seva-cartera-de-serveis-a-madrid-2\/","og_site_name":"Forcadell","article_published_time":"2025-04-24T09:46:55+00:00","article_modified_time":"2025-04-24T09:47:27+00:00","og_image":[{"width":2560,"height":1707,"url":"https:\/\/forcadell.com\/wp-content\/uploads\/2025\/04\/forcadell-amplia-servicios-en-madrid.jpg","type":"image\/jpeg"}],"author":"Laura Baeza","twitter_card":"summary_large_image","twitter_misc":{"Escrit per":"Laura Baeza","Temps estimat de lectura":"1 minut"},"schema":{"@context":"https:\/\/schema.org","@graph":[{"@type":"WebPage","@id":"https:\/\/forcadell.com\/ca\/forcadell-incorpora-la-intermediacio-de-retail-i-actius-residencials-a-la-seva-cartera-de-serveis-a-madrid-2\/","url":"https:\/\/forcadell.com\/ca\/forcadell-incorpora-la-intermediacio-de-retail-i-actius-residencials-a-la-seva-cartera-de-serveis-a-madrid-2\/","name":"FORCADELL amplia els seus serveis a Madrid | FORCADELL","isPartOf":{"@id":"https:\/\/forcadell.com\/ca\/#website"},"primaryImageOfPage":{"@id":"https:\/\/forcadell.com\/ca\/forcadell-incorpora-la-intermediacio-de-retail-i-actius-residencials-a-la-seva-cartera-de-serveis-a-madrid-2\/#primaryimage"},"image":{"@id":"https:\/\/forcadell.com\/ca\/forcadell-incorpora-la-intermediacio-de-retail-i-actius-residencials-a-la-seva-cartera-de-serveis-a-madrid-2\/#primaryimage"},"thumbnailUrl":"https:\/\/forcadell.com\/wp-content\/uploads\/2025\/04\/forcadell-amplia-servicios-en-madrid.jpg","datePublished":"2025-04-24T09:46:55+00:00","dateModified":"2025-04-24T09:47:27+00:00","author":{"@id":"https:\/\/forcadell.com\/ca\/#\/schema\/person\/195289f3de90044b04388d6b8d593102"},"description":"FORCADELL amplia els serveis a Madrid, sumant a la seva cartera la intermediaci\u00f3 de retail i d\u2019actius residencials.","breadcrumb":{"@id":"https:\/\/forcadell.com\/ca\/forcadell-incorpora-la-intermediacio-de-retail-i-actius-residencials-a-la-seva-cartera-de-serveis-a-madrid-2\/#breadcrumb"},"inLanguage":"ca","potentialAction":[{"@type":"ReadAction","target":["https:\/\/forcadell.com\/ca\/forcadell-incorpora-la-intermediacio-de-retail-i-actius-residencials-a-la-seva-cartera-de-serveis-a-madrid-2\/"]}]},{"@type":"ImageObject","inLanguage":"ca","@id":"https:\/\/forcadell.com\/ca\/forcadell-incorpora-la-intermediacio-de-retail-i-actius-residencials-a-la-seva-cartera-de-serveis-a-madrid-2\/#primaryimage","url":"https:\/\/forcadell.com\/wp-content\/uploads\/2025\/04\/forcadell-amplia-servicios-en-madrid.jpg","contentUrl":"https:\/\/forcadell.com\/wp-content\/uploads\/2025\/04\/forcadell-amplia-servicios-en-madrid.jpg","width":2560,"height":1707},{"@type":"BreadcrumbList","@id":"https:\/\/forcadell.com\/ca\/forcadell-incorpora-la-intermediacio-de-retail-i-actius-residencials-a-la-seva-cartera-de-serveis-a-madrid-2\/#breadcrumb","itemListElement":[{"@type":"ListItem","position":1,"name":"Portada","item":"https:\/\/forcadell.com\/ca\/"},{"@type":"ListItem","position":2,"name":"FORCADELL incorpora la intermediaci\u00f3 de retail i actius residencials a la seva cartera de serveis a Madrid"}]},{"@type":"WebSite","@id":"https:\/\/forcadell.com\/ca\/#website","url":"https:\/\/forcadell.com\/ca\/","name":"Forcadell","description":"Inmobiliaria Barcelona | Consultores inmobiliarios","potentialAction":[{"@type":"SearchAction","target":{"@type":"EntryPoint","urlTemplate":"https:\/\/forcadell.com\/ca\/?s={search_term_string}"},"query-input":{"@type":"PropertyValueSpecification","valueRequired":true,"valueName":"search_term_string"}}],"inLanguage":"ca"},{"@type":"Person","@id":"https:\/\/forcadell.com\/ca\/#\/schema\/person\/195289f3de90044b04388d6b8d593102","name":"Laura Baeza","image":{"@type":"ImageObject","inLanguage":"ca","@id":"https:\/\/forcadell.com\/ca\/#\/schema\/person\/image\/","url":"https:\/\/secure.gravatar.com\/avatar\/f776a8db29b293eef4cb88d77f9b0100?s=96&d=mm&r=g","contentUrl":"https:\/\/secure.gravatar.com\/avatar\/f776a8db29b293eef4cb88d77f9b0100?s=96&d=mm&r=g","caption":"Laura Baeza"}}]}},"_links":{"self":[{"href":"https:\/\/forcadell.com\/ca\/wp-json\/wp\/v2\/posts\/33307"}],"collection":[{"href":"https:\/\/forcadell.com\/ca\/wp-json\/wp\/v2\/posts"}],"about":[{"href":"https:\/\/forcadell.com\/ca\/wp-json\/wp\/v2\/types\/post"}],"author":[{"embeddable":true,"href":"https:\/\/forcadell.com\/ca\/wp-json\/wp\/v2\/users\/8"}],"replies":[{"embeddable":true,"href":"https:\/\/forcadell.com\/ca\/wp-json\/wp\/v2\/comments?post=33307"}],"version-history":[{"count":2,"href":"https:\/\/forcadell.com\/ca\/wp-json\/wp\/v2\/posts\/33307\/revisions"}],"predecessor-version":[{"id":35502,"href":"https:\/\/forcadell.com\/ca\/wp-json\/wp\/v2\/posts\/33307\/revisions\/35502"}],"wp:featuredmedia":[{"embeddable":true,"href":"https:\/\/forcadell.com\/ca\/wp-json\/wp\/v2\/media\/33297"}],"wp:attachment":[{"href":"https:\/\/forcadell.com\/ca\/wp-json\/wp\/v2\/media?parent=33307"}],"wp:term":[{"taxonomy":"category","embeddable":true,"href":"https:\/\/forcadell.com\/ca\/wp-json\/wp\/v2\/categories?post=33307"},{"taxonomy":"post_tag","embeddable":true,"href":"https:\/\/forcadell.com\/ca\/wp-json\/wp\/v2\/tags?post=33307"}],"curies":[{"name":"wp","href":"https:\/\/api.w.org\/{rel}","templated":true}]}}