{"id":32182,"date":"2025-03-20T10:28:19","date_gmt":"2025-03-20T08:28:19","guid":{"rendered":"https:\/\/www.forcadell.com\/?p=32182"},"modified":"2025-03-20T10:29:43","modified_gmt":"2025-03-20T08:29:43","slug":"forcadell-continua-creixent-en-servei-volum-i-facturacio-el-2024","status":"publish","type":"post","link":"https:\/\/forcadell.com\/ca\/forcadell-continua-creixent-en-servei-volum-i-facturacio-el-2024\/","title":{"rendered":"FORCADELL continua creixent en servei, volum i facturaci\u00f3 el 2024"},"content":{"rendered":"<div class=\"o-container GenericStyles\">\n<p>El 2024 es presentava com un any marcat per una certa cautela despr\u00e9s d\u2019un 2023 desafiant, per\u00f2 l\u2019estabilitzaci\u00f3 progressiva del mercat, impulsada per la baixada dels tipus d\u2019inter\u00e8s i la recuperaci\u00f3 d\u2019alguns segments clau, ha generat un entorn m\u00e9s din\u00e0mic. En aquest context, <strong>FORCADELL ha continuat refor\u00e7ant el seu creixement tant en serveis per al client, com a nivell de grup <\/strong>en termes de volum i facturaci\u00f3.<\/p>\n<\/div>\n\n<div class=\"o-container GenericStyles\">\n<p>En aquest sentit, FORCADELL ha tancat el 2024 amb una <strong>xifra de facturaci\u00f3 d\u201911,18 M\u20ac<\/strong>, la qual cosa suposa un <strong>increment del 4,4% <\/strong>respecte a la facturaci\u00f3 aconseguida el 2023 (10,71 M\u20ac), en l\u00ednia amb els increments aconseguits en els darrers exercicis. <strong>Durant l\u2019any passat, la consultora ha intermediat 259.508 m\u00b2<\/strong> (m\u00e9s d\u2019un 8% respecte al 2023), sent el segment industrial i log\u00edstic el m\u00e9s actiu.<\/p>\n<\/div>\n\n<div class=\"o-container GenericStyles\">\n<p>Aquests bons resultats han fet que el grup es reforci dins del <strong>Top Ten<\/strong> <strong>de consultores immobili\u00e0ries<\/strong> a nivell nacional, situant-se, segons la revista <em><a href=\"https:\/\/metros2.com\/consultores-inmobiliarios\/las-consultoras-suman-otro-ano-al-alza\/\" target=\"_blank\" rel=\"noreferrer noopener\">Metros 2<\/a><\/em>, en la <strong>7a posici\u00f3<\/strong> amb m\u00e9s facturaci\u00f3, avan\u00e7ant una posici\u00f3 respecte a l\u2019exercici anterior.<\/p>\n<\/div>\n\n<div class=\"o-container GenericStyles\">\n<p>Valorant aquestes dades, <strong>Ivan Vaqu\u00e9<\/strong>, CEO de <a href=\"https:\/\/www.forcadell.com\/ca\/\" target=\"_blank\" rel=\"noreferrer noopener\">FORCADELL<\/a>, destaca com \u201cel creixement el 2024 reafirma la nostra solidesa i la capacitat de donar un <strong>servei immobiliari 360\u00ba<\/strong> aportant valor als nostres clients.\u201d<\/p>\n<\/div>\n\n<div class=\"o-container GenericStyles\">\n<p>A m\u00e9s, aquesta traject\u00f2ria consolidada de creixement contribueix a afrontar el 2025 mantenint ferma l\u2019aposta per la innovaci\u00f3 per continuar millorant <strong>l\u2019experi\u00e8ncia dels clients<\/strong> i respondre a les noves demandes del mercat. Tot aix\u00f2 en un any que es presenta com a <strong>molt positiu per al sector<\/strong>, gr\u00e0cies a les previsions d\u2019un <strong>mercat residencial<\/strong> en auge i <strong>noves oportunitats en actius comercials<\/strong>.<\/p>\n<\/div>\n\n<div class=\"o-container GenericStyles\">\n<h2 class=\"wp-block-heading\">Expansi\u00f3 en administraci\u00f3 de comunitats de propietaris<\/h2>\n<\/div>\n\n<div class=\"o-container GenericStyles\">\n<p>D\u2019altra banda, l\u2019any 2024 tamb\u00e9 ha estat marcat per la integraci\u00f3 dins l\u2019estructura de FORCADELL de <strong>Finques Esvillar<\/strong>, fet que ha perm\u00e8s cr\u00e9ixer en el segment de l\u2019administraci\u00f3 de comunitats de propietaris, amb un augment de la cartera de m\u00e9s del <strong>30%<\/strong>, assolint les <strong>1.800 comunitats de propietaris administrades<\/strong>, aix\u00ed com en l\u2019\u00e0rea de lloguers i la gesti\u00f3 de patrimoni.<\/p>\n<\/div>\n\n<div class=\"o-container GenericStyles\">\n<p>Aix\u00ed mateix, incorporar el coneixement i l\u2019experi\u00e8ncia de l\u2019equip d\u2019Esvillar, que ha treballat durant m\u00e9s de quatre d\u00e8cades en el sector, refor\u00e7a el comprom\u00eds de FORCADELL de continuar oferint<strong> solucions d\u2019alt nivell<\/strong> als seus clients.<\/p>\n<\/div>","protected":false},"excerpt":{"rendered":"<p>El 2024 es presentava com un any marcat per una certa cautela despr\u00e9s d\u2019un 2023 desafiant, per\u00f2 l\u2019estabilitzaci\u00f3 progressiva del mercat, impulsada per la baixada dels tipus d\u2019inter\u00e8s i la recuperaci\u00f3 d\u2019alguns segments clau, ha generat un entorn m\u00e9s din\u00e0mic. En aquest context, FORCADELL ha continuat refor\u00e7ant el seu creixement tant en serveis per al [&hellip;]<\/p>\n","protected":false},"author":8,"featured_media":32178,"comment_status":"closed","ping_status":"open","sticky":false,"template":"","format":"standard","meta":{"_acf_changed":false,"footnotes":""},"categories":[77],"tags":[],"class_list":["post-32182","post","type-post","status-publish","format-standard","has-post-thumbnail","hentry","category-corporatiu"],"acf":[],"yoast_head":"<!-- This site is optimized with the Yoast SEO plugin v25.6 - https:\/\/yoast.com\/wordpress\/plugins\/seo\/ -->\n<title>FORCADELL continua creixent el 2024 I FORCADELL<\/title>\n<meta name=\"description\" content=\"FORCADELL continua creixent en servei, volum i facturaci\u00f3 el 2024, reafirmant la capacitat de donar un servei immobiliari 360\u00ba.\" \/>\n<meta name=\"robots\" content=\"index, follow, max-snippet:-1, max-image-preview:large, max-video-preview:-1\" \/>\n<link rel=\"canonical\" href=\"https:\/\/forcadell.com\/ca\/forcadell-continua-creixent-en-servei-volum-i-facturacio-el-2024\/\" \/>\n<meta property=\"og:locale\" content=\"ca_ES\" \/>\n<meta property=\"og:type\" content=\"article\" \/>\n<meta property=\"og:title\" content=\"FORCADELL continua creixent el 2024 I FORCADELL\" \/>\n<meta property=\"og:description\" content=\"FORCADELL continua creixent en servei, volum i facturaci\u00f3 el 2024, reafirmant la capacitat de donar un servei immobiliari 360\u00ba.\" \/>\n<meta property=\"og:url\" content=\"https:\/\/forcadell.com\/ca\/forcadell-continua-creixent-en-servei-volum-i-facturacio-el-2024\/\" \/>\n<meta property=\"og:site_name\" content=\"Forcadell\" \/>\n<meta property=\"article:published_time\" content=\"2025-03-20T08:28:19+00:00\" \/>\n<meta property=\"article:modified_time\" content=\"2025-03-20T08:29:43+00:00\" \/>\n<meta property=\"og:image\" content=\"https:\/\/forcadell.com\/wp-content\/uploads\/2025\/03\/forcadell-sigue-creciendo-en-2024.jpg\" \/>\n\t<meta property=\"og:image:width\" content=\"800\" \/>\n\t<meta property=\"og:image:height\" content=\"531\" \/>\n\t<meta property=\"og:image:type\" content=\"image\/jpeg\" \/>\n<meta name=\"author\" content=\"Laura Baeza\" \/>\n<meta name=\"twitter:card\" content=\"summary_large_image\" \/>\n<meta name=\"twitter:label1\" content=\"Escrit per\" \/>\n\t<meta name=\"twitter:data1\" content=\"Laura Baeza\" \/>\n\t<meta name=\"twitter:label2\" content=\"Temps estimat de lectura\" \/>\n\t<meta name=\"twitter:data2\" content=\"2 minuts\" \/>\n<!-- \/ Yoast SEO plugin. -->","yoast_head_json":{"title":"FORCADELL continua creixent el 2024 I FORCADELL","description":"FORCADELL continua creixent en servei, volum i facturaci\u00f3 el 2024, reafirmant la capacitat de donar un servei immobiliari 360\u00ba.","robots":{"index":"index","follow":"follow","max-snippet":"max-snippet:-1","max-image-preview":"max-image-preview:large","max-video-preview":"max-video-preview:-1"},"canonical":"https:\/\/forcadell.com\/ca\/forcadell-continua-creixent-en-servei-volum-i-facturacio-el-2024\/","og_locale":"ca_ES","og_type":"article","og_title":"FORCADELL continua creixent el 2024 I FORCADELL","og_description":"FORCADELL continua creixent en servei, volum i facturaci\u00f3 el 2024, reafirmant la capacitat de donar un servei immobiliari 360\u00ba.","og_url":"https:\/\/forcadell.com\/ca\/forcadell-continua-creixent-en-servei-volum-i-facturacio-el-2024\/","og_site_name":"Forcadell","article_published_time":"2025-03-20T08:28:19+00:00","article_modified_time":"2025-03-20T08:29:43+00:00","og_image":[{"width":800,"height":531,"url":"https:\/\/forcadell.com\/wp-content\/uploads\/2025\/03\/forcadell-sigue-creciendo-en-2024.jpg","type":"image\/jpeg"}],"author":"Laura Baeza","twitter_card":"summary_large_image","twitter_misc":{"Escrit per":"Laura Baeza","Temps estimat de lectura":"2 minuts"},"schema":{"@context":"https:\/\/schema.org","@graph":[{"@type":"WebPage","@id":"https:\/\/forcadell.com\/ca\/forcadell-continua-creixent-en-servei-volum-i-facturacio-el-2024\/","url":"https:\/\/forcadell.com\/ca\/forcadell-continua-creixent-en-servei-volum-i-facturacio-el-2024\/","name":"FORCADELL continua creixent el 2024 I FORCADELL","isPartOf":{"@id":"https:\/\/forcadell.com\/ca\/#website"},"primaryImageOfPage":{"@id":"https:\/\/forcadell.com\/ca\/forcadell-continua-creixent-en-servei-volum-i-facturacio-el-2024\/#primaryimage"},"image":{"@id":"https:\/\/forcadell.com\/ca\/forcadell-continua-creixent-en-servei-volum-i-facturacio-el-2024\/#primaryimage"},"thumbnailUrl":"https:\/\/forcadell.com\/wp-content\/uploads\/2025\/03\/forcadell-sigue-creciendo-en-2024.jpg","datePublished":"2025-03-20T08:28:19+00:00","dateModified":"2025-03-20T08:29:43+00:00","author":{"@id":"https:\/\/forcadell.com\/ca\/#\/schema\/person\/195289f3de90044b04388d6b8d593102"},"description":"FORCADELL continua creixent en servei, volum i facturaci\u00f3 el 2024, reafirmant la capacitat de donar un servei immobiliari 360\u00ba.","breadcrumb":{"@id":"https:\/\/forcadell.com\/ca\/forcadell-continua-creixent-en-servei-volum-i-facturacio-el-2024\/#breadcrumb"},"inLanguage":"ca","potentialAction":[{"@type":"ReadAction","target":["https:\/\/forcadell.com\/ca\/forcadell-continua-creixent-en-servei-volum-i-facturacio-el-2024\/"]}]},{"@type":"ImageObject","inLanguage":"ca","@id":"https:\/\/forcadell.com\/ca\/forcadell-continua-creixent-en-servei-volum-i-facturacio-el-2024\/#primaryimage","url":"https:\/\/forcadell.com\/wp-content\/uploads\/2025\/03\/forcadell-sigue-creciendo-en-2024.jpg","contentUrl":"https:\/\/forcadell.com\/wp-content\/uploads\/2025\/03\/forcadell-sigue-creciendo-en-2024.jpg","width":800,"height":531},{"@type":"BreadcrumbList","@id":"https:\/\/forcadell.com\/ca\/forcadell-continua-creixent-en-servei-volum-i-facturacio-el-2024\/#breadcrumb","itemListElement":[{"@type":"ListItem","position":1,"name":"Portada","item":"https:\/\/forcadell.com\/ca\/"},{"@type":"ListItem","position":2,"name":"FORCADELL continua creixent en servei, volum i facturaci\u00f3 el 2024"}]},{"@type":"WebSite","@id":"https:\/\/forcadell.com\/ca\/#website","url":"https:\/\/forcadell.com\/ca\/","name":"Forcadell","description":"Inmobiliaria Barcelona | Consultores inmobiliarios","potentialAction":[{"@type":"SearchAction","target":{"@type":"EntryPoint","urlTemplate":"https:\/\/forcadell.com\/ca\/?s={search_term_string}"},"query-input":{"@type":"PropertyValueSpecification","valueRequired":true,"valueName":"search_term_string"}}],"inLanguage":"ca"},{"@type":"Person","@id":"https:\/\/forcadell.com\/ca\/#\/schema\/person\/195289f3de90044b04388d6b8d593102","name":"Laura Baeza","image":{"@type":"ImageObject","inLanguage":"ca","@id":"https:\/\/forcadell.com\/ca\/#\/schema\/person\/image\/","url":"https:\/\/secure.gravatar.com\/avatar\/f776a8db29b293eef4cb88d77f9b0100?s=96&d=mm&r=g","contentUrl":"https:\/\/secure.gravatar.com\/avatar\/f776a8db29b293eef4cb88d77f9b0100?s=96&d=mm&r=g","caption":"Laura Baeza"}}]}},"_links":{"self":[{"href":"https:\/\/forcadell.com\/ca\/wp-json\/wp\/v2\/posts\/32182"}],"collection":[{"href":"https:\/\/forcadell.com\/ca\/wp-json\/wp\/v2\/posts"}],"about":[{"href":"https:\/\/forcadell.com\/ca\/wp-json\/wp\/v2\/types\/post"}],"author":[{"embeddable":true,"href":"https:\/\/forcadell.com\/ca\/wp-json\/wp\/v2\/users\/8"}],"replies":[{"embeddable":true,"href":"https:\/\/forcadell.com\/ca\/wp-json\/wp\/v2\/comments?post=32182"}],"version-history":[{"count":3,"href":"https:\/\/forcadell.com\/ca\/wp-json\/wp\/v2\/posts\/32182\/revisions"}],"predecessor-version":[{"id":32377,"href":"https:\/\/forcadell.com\/ca\/wp-json\/wp\/v2\/posts\/32182\/revisions\/32377"}],"wp:featuredmedia":[{"embeddable":true,"href":"https:\/\/forcadell.com\/ca\/wp-json\/wp\/v2\/media\/32178"}],"wp:attachment":[{"href":"https:\/\/forcadell.com\/ca\/wp-json\/wp\/v2\/media?parent=32182"}],"wp:term":[{"taxonomy":"category","embeddable":true,"href":"https:\/\/forcadell.com\/ca\/wp-json\/wp\/v2\/categories?post=32182"},{"taxonomy":"post_tag","embeddable":true,"href":"https:\/\/forcadell.com\/ca\/wp-json\/wp\/v2\/tags?post=32182"}],"curies":[{"name":"wp","href":"https:\/\/api.w.org\/{rel}","templated":true}]}}