{"id":31761,"date":"2025-03-11T13:21:02","date_gmt":"2025-03-11T11:21:02","guid":{"rendered":"https:\/\/www.forcadell.com\/?p=31761"},"modified":"2025-06-17T12:31:33","modified_gmt":"2025-06-17T10:31:33","slug":"forcadell-inicia-la-comercialitzacio-de-121-habitatges-dobra-nova-de-lloguer-a-palma","status":"publish","type":"post","link":"https:\/\/forcadell.com\/ca\/forcadell-inicia-la-comercialitzacio-de-121-habitatges-dobra-nova-de-lloguer-a-palma\/","title":{"rendered":"FORCADELL inicia la comercialitzaci\u00f3 de 121 habitatges d&#8217;obra nova de lloguer a Palma"},"content":{"rendered":"<div class=\"o-container GenericStyles\">\n<p>La consultora immobili\u00e0ria <a href=\"https:\/\/www.forcadell.com\/ca\/llogar-pis\/\" target=\"_blank\" rel=\"noreferrer noopener\">FORCADELL<\/a> ha iniciat la <strong>comercialitzaci\u00f3 de 121 habitatges d&#8217;obra nova de lloguer a Palma<\/strong>, propietat d&#8217;aberdeen Investment i promoguts per Gestilar a la zona de Nou Llevant, una de les de m\u00e9s creixement urban\u00edstic de la ciutat.<\/p>\n<\/div>\n\n<div class=\"o-container GenericStyles\">\n<p>Aquest complex residencial de lloguer, adquirit clau en m\u00e0 per <a href=\"https:\/\/www.abrdn.com\/es-es\/institutional?&amp;ppc_keyword=aberdeen%20investment&amp;gad_source=1&amp;gclid=CjwKCAiArKW-BhAzEiwAZhWsIIdIk6aQBduKFXS5SZko4EIKOFIBmvCe9NC_SchU7NvdEZJowZdPcxoCHb4QAvD_BwE&amp;gclsrc=aw.ds\" target=\"_blank\" rel=\"noreferrer noopener\">aberdeen Investment<\/a> a trav\u00e9s del seu fons aberdeen Pan European Residential Property Fund, no nom\u00e9s ofereix <strong>121 habitatges de lloguer<\/strong>, sin\u00f3 tamb\u00e9 <strong>tres locals comercials, 125 places d&#8217;aparcament i una \u00e0mplia gamma de serveis comunitaris<\/strong>, entre els quals s&#8217;inclouen piscina, gimn\u00e0s, parc infantil i una zona de <em>coworking <\/em>exclusiva per als residents. A m\u00e9s, comptar\u00e0 amb la certificaci\u00f3 de sostenibilitat Breeam, garantint alts est\u00e0ndards en efici\u00e8ncia energ\u00e8tica i construcci\u00f3 sostenible.<\/p>\n<\/div>\n\n<div class=\"o-container GenericStyles\">\n<p>La <strong>ubicaci\u00f3 de l&#8217;immoble a Nou Llevant<\/strong> el situa a nom\u00e9s quinze minuts a peu del centre de Palma i amb <strong>acc\u00e9s directe a zones emblem\u00e0tiques<\/strong> com el Port de Portixol i la platja de Can Pere Antoni. Aix\u00ed mateix, gaudeix d&#8217;excel\u00b7lents connexions amb l&#8217;aeroport i altres parts de la ciutat.<\/p>\n<\/div>\n\n<div class=\"o-container GenericStyles\">\n<p>Amb la comercialitzaci\u00f3 d&#8217;aquesta promoci\u00f3, FORCADELL refor\u00e7a el seu comprom\u00eds amb la <strong>dinamitzaci\u00f3 del mercat immobiliari a les principals ciutats espanyoles<\/strong>, proporcionant solucions d&#8217;habitatge de qualitat en ubicacions estrat\u00e8giques i amb alt valor afegit.<\/p>\n<\/div>\n\n\n<div class=\"wp-block-buttons is-layout-flex wp-block-buttons-is-layout-flex\"><div class=\"o-container GenericStyles\">\n<div class=\"wp-block-button is-style-fill-icon\"><a class=\"wp-block-button__link wp-element-button\" href=\"https:\/\/www.forcadell.com\/ca\/propiedades\/vivienda-de-obra-nueva-en-alquiler-nou-llevant-palma-3\/\" target=\"_blank\" rel=\"noreferrer noopener\">M\u00e9s informaci\u00f3<\/a><\/div>\n<\/div><\/div>\n\n\n<div class=\"o-container GenericStyles\"><p>[adrotate group=&#8221;28&#8243;]<\/p>\n<\/div>","protected":false},"excerpt":{"rendered":"<p>El complex residencial, propietat d&#8217;aberdeen Investment, compta amb una \u00e0mplia gamma de serveis comunitaris i es troba a la zona de Nou Llevant.<\/p>\n","protected":false},"author":8,"featured_media":31829,"comment_status":"closed","ping_status":"open","sticky":false,"template":"","format":"standard","meta":{"_acf_changed":false,"footnotes":""},"categories":[77,346],"tags":[],"class_list":["post-31761","post","type-post","status-publish","format-standard","has-post-thumbnail","hentry","category-corporatiu","category-uncategorized-ca"],"acf":[],"yoast_head":"<!-- This site is optimized with the Yoast SEO plugin v25.6 - https:\/\/yoast.com\/wordpress\/plugins\/seo\/ -->\n<title>Comercialitzaci\u00f3 de 121 habitatges a Palma | FORCADELL<\/title>\n<meta name=\"description\" content=\"FORCADELL inicia la comercialitzaci\u00f3 de 121 habitatges d&#039;obra nova de lloguer a la zona de Nou Llevant de Palma.\" \/>\n<meta name=\"robots\" content=\"index, follow, max-snippet:-1, max-image-preview:large, max-video-preview:-1\" \/>\n<link rel=\"canonical\" href=\"https:\/\/forcadell.com\/ca\/forcadell-inicia-la-comercialitzacio-de-121-habitatges-dobra-nova-de-lloguer-a-palma\/\" \/>\n<meta property=\"og:locale\" content=\"ca_ES\" \/>\n<meta property=\"og:type\" content=\"article\" \/>\n<meta property=\"og:title\" content=\"Comercialitzaci\u00f3 de 121 habitatges a Palma | FORCADELL\" \/>\n<meta property=\"og:description\" content=\"FORCADELL inicia la comercialitzaci\u00f3 de 121 habitatges d&#039;obra nova de lloguer a la zona de Nou Llevant de Palma.\" \/>\n<meta property=\"og:url\" content=\"https:\/\/forcadell.com\/ca\/forcadell-inicia-la-comercialitzacio-de-121-habitatges-dobra-nova-de-lloguer-a-palma\/\" \/>\n<meta property=\"og:site_name\" content=\"Forcadell\" \/>\n<meta property=\"article:published_time\" content=\"2025-03-11T11:21:02+00:00\" \/>\n<meta property=\"article:modified_time\" content=\"2025-06-17T10:31:33+00:00\" \/>\n<meta property=\"og:image\" content=\"https:\/\/forcadell.com\/wp-content\/uploads\/2025\/03\/forcadell-inicia-la-comercializacion-121-viviendas.jpg\" \/>\n\t<meta property=\"og:image:width\" content=\"2560\" \/>\n\t<meta property=\"og:image:height\" content=\"1706\" \/>\n\t<meta property=\"og:image:type\" content=\"image\/jpeg\" \/>\n<meta name=\"author\" content=\"Laura Baeza\" \/>\n<meta name=\"twitter:card\" content=\"summary_large_image\" \/>\n<meta name=\"twitter:label1\" content=\"Escrit per\" \/>\n\t<meta name=\"twitter:data1\" content=\"Laura Baeza\" \/>\n\t<meta name=\"twitter:label2\" content=\"Temps estimat de lectura\" \/>\n\t<meta name=\"twitter:data2\" content=\"2 minuts\" \/>\n<!-- \/ Yoast SEO plugin. -->","yoast_head_json":{"title":"Comercialitzaci\u00f3 de 121 habitatges a Palma | FORCADELL","description":"FORCADELL inicia la comercialitzaci\u00f3 de 121 habitatges d'obra nova de lloguer a la zona de Nou Llevant de Palma.","robots":{"index":"index","follow":"follow","max-snippet":"max-snippet:-1","max-image-preview":"max-image-preview:large","max-video-preview":"max-video-preview:-1"},"canonical":"https:\/\/forcadell.com\/ca\/forcadell-inicia-la-comercialitzacio-de-121-habitatges-dobra-nova-de-lloguer-a-palma\/","og_locale":"ca_ES","og_type":"article","og_title":"Comercialitzaci\u00f3 de 121 habitatges a Palma | FORCADELL","og_description":"FORCADELL inicia la comercialitzaci\u00f3 de 121 habitatges d'obra nova de lloguer a la zona de Nou Llevant de Palma.","og_url":"https:\/\/forcadell.com\/ca\/forcadell-inicia-la-comercialitzacio-de-121-habitatges-dobra-nova-de-lloguer-a-palma\/","og_site_name":"Forcadell","article_published_time":"2025-03-11T11:21:02+00:00","article_modified_time":"2025-06-17T10:31:33+00:00","og_image":[{"width":2560,"height":1706,"url":"https:\/\/forcadell.com\/wp-content\/uploads\/2025\/03\/forcadell-inicia-la-comercializacion-121-viviendas.jpg","type":"image\/jpeg"}],"author":"Laura Baeza","twitter_card":"summary_large_image","twitter_misc":{"Escrit per":"Laura Baeza","Temps estimat de lectura":"2 minuts"},"schema":{"@context":"https:\/\/schema.org","@graph":[{"@type":"WebPage","@id":"https:\/\/forcadell.com\/ca\/forcadell-inicia-la-comercialitzacio-de-121-habitatges-dobra-nova-de-lloguer-a-palma\/","url":"https:\/\/forcadell.com\/ca\/forcadell-inicia-la-comercialitzacio-de-121-habitatges-dobra-nova-de-lloguer-a-palma\/","name":"Comercialitzaci\u00f3 de 121 habitatges a Palma | FORCADELL","isPartOf":{"@id":"https:\/\/forcadell.com\/ca\/#website"},"primaryImageOfPage":{"@id":"https:\/\/forcadell.com\/ca\/forcadell-inicia-la-comercialitzacio-de-121-habitatges-dobra-nova-de-lloguer-a-palma\/#primaryimage"},"image":{"@id":"https:\/\/forcadell.com\/ca\/forcadell-inicia-la-comercialitzacio-de-121-habitatges-dobra-nova-de-lloguer-a-palma\/#primaryimage"},"thumbnailUrl":"https:\/\/forcadell.com\/wp-content\/uploads\/2025\/03\/forcadell-inicia-la-comercializacion-121-viviendas.jpg","datePublished":"2025-03-11T11:21:02+00:00","dateModified":"2025-06-17T10:31:33+00:00","author":{"@id":"https:\/\/forcadell.com\/ca\/#\/schema\/person\/195289f3de90044b04388d6b8d593102"},"description":"FORCADELL inicia la comercialitzaci\u00f3 de 121 habitatges d'obra nova de lloguer a la zona de Nou Llevant de Palma.","breadcrumb":{"@id":"https:\/\/forcadell.com\/ca\/forcadell-inicia-la-comercialitzacio-de-121-habitatges-dobra-nova-de-lloguer-a-palma\/#breadcrumb"},"inLanguage":"ca","potentialAction":[{"@type":"ReadAction","target":["https:\/\/forcadell.com\/ca\/forcadell-inicia-la-comercialitzacio-de-121-habitatges-dobra-nova-de-lloguer-a-palma\/"]}]},{"@type":"ImageObject","inLanguage":"ca","@id":"https:\/\/forcadell.com\/ca\/forcadell-inicia-la-comercialitzacio-de-121-habitatges-dobra-nova-de-lloguer-a-palma\/#primaryimage","url":"https:\/\/forcadell.com\/wp-content\/uploads\/2025\/03\/forcadell-inicia-la-comercializacion-121-viviendas.jpg","contentUrl":"https:\/\/forcadell.com\/wp-content\/uploads\/2025\/03\/forcadell-inicia-la-comercializacion-121-viviendas.jpg","width":2560,"height":1706},{"@type":"BreadcrumbList","@id":"https:\/\/forcadell.com\/ca\/forcadell-inicia-la-comercialitzacio-de-121-habitatges-dobra-nova-de-lloguer-a-palma\/#breadcrumb","itemListElement":[{"@type":"ListItem","position":1,"name":"Portada","item":"https:\/\/forcadell.com\/ca\/"},{"@type":"ListItem","position":2,"name":"FORCADELL inicia la comercialitzaci\u00f3 de 121 habitatges d&#8217;obra nova de lloguer a Palma"}]},{"@type":"WebSite","@id":"https:\/\/forcadell.com\/ca\/#website","url":"https:\/\/forcadell.com\/ca\/","name":"Forcadell","description":"Inmobiliaria Barcelona | Consultores inmobiliarios","potentialAction":[{"@type":"SearchAction","target":{"@type":"EntryPoint","urlTemplate":"https:\/\/forcadell.com\/ca\/?s={search_term_string}"},"query-input":{"@type":"PropertyValueSpecification","valueRequired":true,"valueName":"search_term_string"}}],"inLanguage":"ca"},{"@type":"Person","@id":"https:\/\/forcadell.com\/ca\/#\/schema\/person\/195289f3de90044b04388d6b8d593102","name":"Laura Baeza","image":{"@type":"ImageObject","inLanguage":"ca","@id":"https:\/\/forcadell.com\/ca\/#\/schema\/person\/image\/","url":"https:\/\/secure.gravatar.com\/avatar\/f776a8db29b293eef4cb88d77f9b0100?s=96&d=mm&r=g","contentUrl":"https:\/\/secure.gravatar.com\/avatar\/f776a8db29b293eef4cb88d77f9b0100?s=96&d=mm&r=g","caption":"Laura Baeza"}}]}},"_links":{"self":[{"href":"https:\/\/forcadell.com\/ca\/wp-json\/wp\/v2\/posts\/31761"}],"collection":[{"href":"https:\/\/forcadell.com\/ca\/wp-json\/wp\/v2\/posts"}],"about":[{"href":"https:\/\/forcadell.com\/ca\/wp-json\/wp\/v2\/types\/post"}],"author":[{"embeddable":true,"href":"https:\/\/forcadell.com\/ca\/wp-json\/wp\/v2\/users\/8"}],"replies":[{"embeddable":true,"href":"https:\/\/forcadell.com\/ca\/wp-json\/wp\/v2\/comments?post=31761"}],"version-history":[{"count":8,"href":"https:\/\/forcadell.com\/ca\/wp-json\/wp\/v2\/posts\/31761\/revisions"}],"predecessor-version":[{"id":42209,"href":"https:\/\/forcadell.com\/ca\/wp-json\/wp\/v2\/posts\/31761\/revisions\/42209"}],"wp:featuredmedia":[{"embeddable":true,"href":"https:\/\/forcadell.com\/ca\/wp-json\/wp\/v2\/media\/31829"}],"wp:attachment":[{"href":"https:\/\/forcadell.com\/ca\/wp-json\/wp\/v2\/media?parent=31761"}],"wp:term":[{"taxonomy":"category","embeddable":true,"href":"https:\/\/forcadell.com\/ca\/wp-json\/wp\/v2\/categories?post=31761"},{"taxonomy":"post_tag","embeddable":true,"href":"https:\/\/forcadell.com\/ca\/wp-json\/wp\/v2\/tags?post=31761"}],"curies":[{"name":"wp","href":"https:\/\/api.w.org\/{rel}","templated":true}]}}